{"id":28107,"date":"2024-02-21T10:18:45","date_gmt":"2024-02-21T13:18:45","guid":{"rendered":"https:\/\/redelog.rj.gov.br\/redelog\/?p=28107"},"modified":"2024-02-21T10:21:43","modified_gmt":"2024-02-21T13:21:43","slug":"resolucao-seplag-no-272-de-08-de-fevereiro-de-2024","status":"publish","type":"post","link":"https:\/\/redelog.rj.gov.br\/redelog\/resolucao-seplag-no-272-de-08-de-fevereiro-de-2024\/","title":{"rendered":"RESOLU\u00c7\u00c3O SEPLAG N\u00ba 272, DE 08 DE FEVEREIRO DE 2024"},"content":{"rendered":"\t\t<div data-elementor-type=\"wp-post\" data-elementor-id=\"28107\" class=\"elementor elementor-28107\" data-elementor-post-type=\"post\">\n\t\t\t\t\t\t<section class=\"elementor-section elementor-top-section elementor-element elementor-element-ffb1fce elementor-section-boxed elementor-section-height-default elementor-section-height-default\" data-id=\"ffb1fce\" data-element_type=\"section\" data-settings=\"{&quot;jet_parallax_layout_list&quot;:[{&quot;jet_parallax_layout_image&quot;:{&quot;url&quot;:&quot;&quot;,&quot;id&quot;:&quot;&quot;,&quot;size&quot;:&quot;&quot;},&quot;_id&quot;:&quot;542cf91&quot;,&quot;jet_parallax_layout_image_tablet&quot;:{&quot;url&quot;:&quot;&quot;,&quot;id&quot;:&quot;&quot;,&quot;size&quot;:&quot;&quot;},&quot;jet_parallax_layout_image_mobile&quot;:{&quot;url&quot;:&quot;&quot;,&quot;id&quot;:&quot;&quot;,&quot;size&quot;:&quot;&quot;},&quot;jet_parallax_layout_speed&quot;:{&quot;unit&quot;:&quot;%&quot;,&quot;size&quot;:50,&quot;sizes&quot;:[]},&quot;jet_parallax_layout_type&quot;:&quot;scroll&quot;,&quot;jet_parallax_layout_direction&quot;:&quot;1&quot;,&quot;jet_parallax_layout_fx_direction&quot;:null,&quot;jet_parallax_layout_z_index&quot;:&quot;&quot;,&quot;jet_parallax_layout_bg_x&quot;:50,&quot;jet_parallax_layout_bg_x_tablet&quot;:&quot;&quot;,&quot;jet_parallax_layout_bg_x_mobile&quot;:&quot;&quot;,&quot;jet_parallax_layout_bg_y&quot;:50,&quot;jet_parallax_layout_bg_y_tablet&quot;:&quot;&quot;,&quot;jet_parallax_layout_bg_y_mobile&quot;:&quot;&quot;,&quot;jet_parallax_layout_bg_size&quot;:&quot;auto&quot;,&quot;jet_parallax_layout_bg_size_tablet&quot;:&quot;&quot;,&quot;jet_parallax_layout_bg_size_mobile&quot;:&quot;&quot;,&quot;jet_parallax_layout_animation_prop&quot;:&quot;transform&quot;,&quot;jet_parallax_layout_on&quot;:[&quot;desktop&quot;,&quot;tablet&quot;]}]}\">\n\t\t\t\t\t\t<div class=\"elementor-container elementor-column-gap-default\">\n\t\t\t\t\t<div class=\"elementor-column elementor-col-100 elementor-top-column elementor-element elementor-element-29c90b0\" data-id=\"29c90b0\" data-element_type=\"column\">\n\t\t\t<div class=\"elementor-widget-wrap elementor-element-populated\">\n\t\t\t\t\t\t<section class=\"elementor-section elementor-inner-section elementor-element elementor-element-2222ed8 elementor-section-boxed elementor-section-height-default elementor-section-height-default\" data-id=\"2222ed8\" data-element_type=\"section\" data-settings=\"{&quot;jet_parallax_layout_list&quot;:[{&quot;jet_parallax_layout_image&quot;:{&quot;url&quot;:&quot;&quot;,&quot;id&quot;:&quot;&quot;,&quot;size&quot;:&quot;&quot;},&quot;_id&quot;:&quot;bfacebb&quot;,&quot;jet_parallax_layout_image_tablet&quot;:{&quot;url&quot;:&quot;&quot;,&quot;id&quot;:&quot;&quot;,&quot;size&quot;:&quot;&quot;},&quot;jet_parallax_layout_image_mobile&quot;:{&quot;url&quot;:&quot;&quot;,&quot;id&quot;:&quot;&quot;,&quot;size&quot;:&quot;&quot;},&quot;jet_parallax_layout_speed&quot;:{&quot;unit&quot;:&quot;%&quot;,&quot;size&quot;:50,&quot;sizes&quot;:[]},&quot;jet_parallax_layout_type&quot;:&quot;scroll&quot;,&quot;jet_parallax_layout_direction&quot;:&quot;1&quot;,&quot;jet_parallax_layout_fx_direction&quot;:null,&quot;jet_parallax_layout_z_index&quot;:&quot;&quot;,&quot;jet_parallax_layout_bg_x&quot;:50,&quot;jet_parallax_layout_bg_x_tablet&quot;:&quot;&quot;,&quot;jet_parallax_layout_bg_x_mobile&quot;:&quot;&quot;,&quot;jet_parallax_layout_bg_y&quot;:50,&quot;jet_parallax_layout_bg_y_tablet&quot;:&quot;&quot;,&quot;jet_parallax_layout_bg_y_mobile&quot;:&quot;&quot;,&quot;jet_parallax_layout_bg_size&quot;:&quot;auto&quot;,&quot;jet_parallax_layout_bg_size_tablet&quot;:&quot;&quot;,&quot;jet_parallax_layout_bg_size_mobile&quot;:&quot;&quot;,&quot;jet_parallax_layout_animation_prop&quot;:&quot;transform&quot;,&quot;jet_parallax_layout_on&quot;:[&quot;desktop&quot;,&quot;tablet&quot;]}]}\">\n\t\t\t\t\t\t<div class=\"elementor-container elementor-column-gap-default\">\n\t\t\t\t\t<div class=\"elementor-column elementor-col-50 elementor-inner-column elementor-element elementor-element-f72e96d\" data-id=\"f72e96d\" data-element_type=\"column\">\n\t\t\t<div class=\"elementor-widget-wrap\">\n\t\t\t\t\t\t\t<\/div>\n\t\t<\/div>\n\t\t\t\t<div class=\"elementor-column elementor-col-50 elementor-inner-column elementor-element elementor-element-82bba59\" data-id=\"82bba59\" data-element_type=\"column\">\n\t\t\t<div class=\"elementor-widget-wrap elementor-element-populated\">\n\t\t\t\t\t\t<div class=\"elementor-element elementor-element-8461133 elementor-widget elementor-widget-text-editor\" data-id=\"8461133\" data-element_type=\"widget\" data-widget_type=\"text-editor.default\">\n\t\t\t\t\t\t\t\t\t<p><b>INSTITUI A REDE DE GESTORES DE COMPRAS \u2013 REDECOMPRAS, INTEGRANTE DAS REDES FUNCIONAIS DA REDE LOG\u00cdSTICA &#8211; REDELOG, E D\u00c1 OUTRAS PROVID\u00caNCIAS.\u00a0<\/b><\/p>\t\t\t\t\t\t\t\t<\/div>\n\t\t\t\t\t<\/div>\n\t\t<\/div>\n\t\t\t\t\t<\/div>\n\t\t<\/section>\n\t\t\t\t<div class=\"elementor-element elementor-element-90fc55d elementor-widget elementor-widget-text-editor\" data-id=\"90fc55d\" data-element_type=\"widget\" data-widget_type=\"text-editor.default\">\n\t\t\t\t\t\t\t\t\t<p class=\"Texto_Justificado\">O<b>\u00a0SECRET\u00c1RIO DE ESTADO DE PLANEJAMENTO E GEST\u00c3O<\/b>, no uso de suas atribui\u00e7\u00f5es legais, observando o disposto no art. 3\u00ba do Decreto n\u00ba 46.050, de 26 de julho de 2017, e tendo em vista o que consta no Processo Administrativo n\u00ba\u00a0SEI-120001\/005493\/2023,<\/p><p class=\"Texto_Justificado\"><b>CONSIDERANDO<\/b>:<\/p><p class=\"Texto_Justificado\">\u2013 o(s) sistema(s) eletr\u00f4nico(s) de contrata\u00e7\u00f5es em utiliza\u00e7\u00e3o no \u00e2mbito do Estado do Rio de Janeiro;<\/p><p class=\"Texto_Justificado\">\u2013 a import\u00e2ncia de fornecer aos agentes p\u00fablicos encarregados pelas compras p\u00fablicas, de forma sintetizada e objetiva, orienta\u00e7\u00f5es para a boa execu\u00e7\u00e3o de suas responsabilidades, alinhando o entendimento de normas, procedimentos e sistemas e compartilhando boas pr\u00e1ticas de gest\u00e3o;<\/p><p class=\"Texto_Justificado\">\u2013 o disposto nos arts. 3\u00ba e 8\u00ba do Decreto n\u00ba 46.050, de 26 de julho de 2017, que cria a Rede Log\u00edstica do Poder Executivo do Estado do Rio de Janeiro \u2013 REDELOG, os quais determinam ao \u00d3rg\u00e3o Central do Sistema Log\u00edstico &#8211; Sislog a institui\u00e7\u00e3o e a regulamenta\u00e7\u00e3o das Redes Funcionais; e<\/p><p class=\"Texto_Justificado\">\u2013 que as determina\u00e7\u00f5es constantes nesta Resolu\u00e7\u00e3o n\u00e3o acarretar\u00e3o aumento de despesa.<\/p><p class=\"Texto_Justificado\"><b>RESOLVE<\/b>:<\/p><p class=\"Texto_Justificado\">Art. 1\u00ba Fica institu\u00edda no \u00e2mbito da Administra\u00e7\u00e3o P\u00fablica Estadual a Rede de Gestores de Compras &#8211; REDECOMPRAS, estrutura colaborativa n\u00e3o hier\u00e1rquica tendo o \u00d3rg\u00e3o Central do Sistema Log\u00edstico &#8211; Sislog como coordenador, efetivando a comunica\u00e7\u00e3o e sua organiza\u00e7\u00e3o interna.<\/p><p class=\"Texto_Justificado\">Art. 2\u00ba A REDECOMPRAS tem por objetivos:<\/p><p class=\"Texto_Justificado\">I \u2013 promover a integra\u00e7\u00e3o das informa\u00e7\u00f5es referentes a sistema(s) eletr\u00f4nico(s) de contrata\u00e7\u00f5es;<\/p><p class=\"Texto_Justificado\">II &#8211; fornecer aos gestores a orienta\u00e7\u00e3o necess\u00e1ria para a boa execu\u00e7\u00e3o de suas responsabilidades;<\/p><p class=\"Texto_Justificado\">III &#8211; estimular o interc\u00e2mbio de conhecimento e de boas pr\u00e1ticas administrativas entre os integrantes da rede; e<\/p><p class=\"Texto_Justificado\">IV \u2013 fomentar a atualiza\u00e7\u00e3o dos agentes p\u00fablicos que atuam com compras p\u00fablicas.<\/p><p class=\"Texto_Justificado\">Art. 3\u00ba S\u00e3o integrantes da REDECOMPRAS:<\/p><p class=\"Texto_Justificado\">I \u2013 os Gestores setoriais da REDECOMPRAS, formalmente designados para o exerc\u00edcio desta fun\u00e7\u00e3o; e<\/p><p class=\"Texto_Justificado\">II &#8211; o Gerente da REDECOMPRAS e seu apoio, designados por ato do \u00d3rg\u00e3o Central do Sistema Log\u00edstico, publicado em Di\u00e1rio Oficial.<\/p><p class=\"Texto_Justificado\">\u00a7 1\u00ba As fun\u00e7\u00f5es exercidas no \u00e2mbito da REDECOMPRAS ser\u00e3o consideradas de relevante interesse p\u00fablico, n\u00e3o sendo remuneradas a qualquer t\u00edtulo.<\/p><p class=\"Texto_Justificado\">\u00a7 2\u00ba Faculta-se a participa\u00e7\u00e3o de agentes p\u00fablicos que atuem na operacionaliza\u00e7\u00e3o do(s) sistema(s) eletr\u00f4nico(s) de contrata\u00e7\u00f5es nos canais de comunica\u00e7\u00e3o de que trata o inciso I do art. 7\u00ba desta Resolu\u00e7\u00e3o.<\/p><p class=\"Texto_Justificado\">Art. 4\u00ba A admiss\u00e3o dos gestores setoriais na REDECOMPRAS seguir\u00e1 as seguintes etapas:<\/p><p class=\"Texto_Justificado\">I \u2013 encaminhamento de of\u00edcio da autoridade competente do \u00f3rg\u00e3o ou entidade por meio de processo espec\u00edfico no Sistema Eletr\u00f4nico de Informa\u00e7\u00f5es \u2013 SEI-RJ \u00e0 Subsecretaria de Log\u00edstica (SUBLOG\/SEPLAG) contendo a designa\u00e7\u00e3o dos agentes p\u00fablicos que atuam na \u00e1rea de compras p\u00fablicas;<\/p><p class=\"Texto_Justificado\">II \u2013 preenchimento dos dados pessoais e funcionais pelos gestores setoriais para composi\u00e7\u00e3o da base cadastral de membros da REDECOMPRAS em formul\u00e1rio a ser encaminhado pelo Gerente; e<\/p><p class=\"Texto_Justificado\">III \u2013 inclus\u00e3o do servidor na REDECOMPRAS pelo Gerente e disponibiliza\u00e7\u00e3o do acesso aos canais de comunica\u00e7\u00e3o entre os seus membros.<\/p><p class=\"Texto_Justificado\">Art. 5\u00ba O agente que deixar de ocupar fun\u00e7\u00e3o na \u00e1rea de compras p\u00fablicas dever\u00e1 ser descredenciado da REDECOMPRAS.<\/p><p class=\"Texto_Justificado\">Par\u00e1grafo \u00fanico. O descredenciamento se dar\u00e1 por iniciativa do \u00f3rg\u00e3o ou entidade a que o servidor estiver vinculado, formalizado por of\u00edcio no Sistema Eletr\u00f4nico de Informa\u00e7\u00f5es \u2013 SEI-RJ encaminhado \u00e0 SEPLAG\/SUBLOG.<\/p><p class=\"Texto_Justificado\">Art. 6\u00ba A atua\u00e7\u00e3o do agente na REDECOMPRAS que for contr\u00e1ria \u00e0s diretrizes estabelecidas no art. 8\u00ba desta Resolu\u00e7\u00e3o poder\u00e1 ensejar sua exclus\u00e3o da rede, observados os princ\u00edpios do contradit\u00f3rio e ampla defesa, conforme procedimento estabelecido no Decreto n.\u00ba 7.526, de 6 de setembro de 1984.<\/p><p class=\"Texto_Justificado\">Par\u00e1grafo \u00fanico. O \u00d3rg\u00e3o Central do Sislog comunicar\u00e1 ao \u00f3rg\u00e3o ou entidade ao qual o Gestor setorial da REDECOMPRAS estiver vinculado quanto ao uso inadequado da rede, para que este adote as provid\u00eancias que considerar apropriadas.<\/p><p class=\"Texto_Justificado\">Art. 7\u00ba. Compete ao Gerente da REDECOMPRAS:<\/p><p class=\"Texto_Justificado\">I &#8211; criar os canais de comunica\u00e7\u00e3o efetivos entre os integrantes da Rede;<\/p><p class=\"Texto_Justificado\">II \u2013 disseminar as normas e orienta\u00e7\u00f5es t\u00e9cnicas emanadas do \u00d3rg\u00e3o Central do Sislog;<\/p><p class=\"Texto_Justificado\">III \u2013 motivar e estimular a participa\u00e7\u00e3o e a coopera\u00e7\u00e3o entre os seus integrantes, visando \u00e0 troca de conhecimentos e experi\u00eancias;<\/p><p class=\"Texto_Justificado\">IV \u2013 estabelecer objetivos comuns e metas em rela\u00e7\u00e3o aos assuntos de interesse da rede e seus integrantes;<\/p><p class=\"Texto_Justificado\">V \u2013 zelar pela coer\u00eancia e bom ambiente relacional, cuidando para que os assuntos tratados na rede tenham rela\u00e7\u00e3o com os objetivos comuns dos participantes, solucionando os conflitos que possam surgir;<\/p><p class=\"Texto_Justificado\">VI \u2013 divulgar not\u00edcias e atualiza\u00e7\u00f5es relacionadas aos objetivos da rede;<\/p><p class=\"Texto_Justificado\">VII \u2013 divulgar e apoiar a realiza\u00e7\u00e3o das capacita\u00e7\u00f5es e demais eventos interativos; e<\/p><p class=\"Texto_Justificado\">VIII \u2013 atualizar constantemente o conte\u00fado da \u00e1rea da REDECOMPRAS no Portal da Rede Log\u00edstica \u2013 REDELOG.<\/p><p class=\"Texto_Justificado\">Art. 8\u00ba Compete aos gestores setoriais da REDECOMPRAS:<\/p><p class=\"Texto_Justificado\">I \u2013 atuar como disseminador de conhecimentos e pr\u00e1ticas para os agentes p\u00fablicos que atuam em compras p\u00fablicas e para os usu\u00e1rios do(s) sistema(s) eletr\u00f4nico(s) de contrata\u00e7\u00f5es em seu \u00f3rg\u00e3o ou entidade;<\/p><p class=\"Texto_Justificado\">II \u2013 atuar como primeiro contato de suporte aos usu\u00e1rios do(s) sistema(s) eletr\u00f4nico(s) de contrata\u00e7\u00f5es do seu \u00f3rg\u00e3o ou entidade;<\/p><p class=\"Texto_Justificado\">III \u2013 identificar as necessidades de capacita\u00e7\u00e3o dos agentes p\u00fablicos que atuam em compras p\u00fablicas do seu \u00f3rg\u00e3o ou entidade;<\/p><p class=\"Texto_Justificado\">IV \u2013 identificar as necessidades de treinamento dos usu\u00e1rios do(s) sistema(s) eletr\u00f4nico(s) de contrata\u00e7\u00f5es do seu \u00f3rg\u00e3o ou entidade;<\/p><p class=\"Texto_Justificado\">V \u2013 manter-se atualizado, por meio de consultas peri\u00f3dicas ao conte\u00fado da \u00e1rea da REDECOMPRAS no Portal da REDELOG; e<\/p><p class=\"Texto_Justificado\">VI \u2013 participar das capacita\u00e7\u00f5es e demais eventos no \u00e2mbito da REDECOMPRAS.<\/p><p class=\"Texto_Justificado\">Art. 9\u00ba Compete ao \u00d3rg\u00e3o Central do Sislog a ado\u00e7\u00e3o das medidas que se fizerem necess\u00e1rias \u00e0 regulamenta\u00e7\u00e3o, \u00e0 operacionaliza\u00e7\u00e3o, aos esclarecimentos, \u00e0 capacita\u00e7\u00e3o e \u00e0 coordena\u00e7\u00e3o das atividades a que se refere esta Resolu\u00e7\u00e3o.<\/p><p class=\"Texto_Justificado\">Art. 10. Esta Resolu\u00e7\u00e3o entrar\u00e1 em vigor na data da sua publica\u00e7\u00e3o, ficando revogada a Resolu\u00e7\u00e3o SEPLAG n.\u00ba\u00a0106, de 15 de fevereiro de 2022.<\/p><p style=\"text-align: justify;\">Rio de Janeiro, 08 de fevereiro de 2024<\/p><p style=\"text-align: center;\"><b>ADILSON DE FARIA MACIEL<\/b><\/p><p style=\"text-align: center;\">Secret\u00e1rio de Estado de Planejamento e Gest\u00e3o<\/p><p style=\"text-align: right;\">Id: 2545931<\/p>\t\t\t\t\t\t\t\t<\/div>\n\t\t\t\t\t<\/div>\n\t\t<\/div>\n\t\t\t\t\t<\/div>\n\t\t<\/section>\n\t\t\t\t<section class=\"elementor-section elementor-top-section elementor-element elementor-element-8a4eb8f elementor-section-boxed elementor-section-height-default elementor-section-height-default\" data-id=\"8a4eb8f\" data-element_type=\"section\" data-settings=\"{&quot;jet_parallax_layout_list&quot;:[{&quot;jet_parallax_layout_image&quot;:{&quot;url&quot;:&quot;&quot;,&quot;id&quot;:&quot;&quot;,&quot;size&quot;:&quot;&quot;},&quot;_id&quot;:&quot;04dd098&quot;,&quot;jet_parallax_layout_image_tablet&quot;:{&quot;url&quot;:&quot;&quot;,&quot;id&quot;:&quot;&quot;,&quot;size&quot;:&quot;&quot;},&quot;jet_parallax_layout_image_mobile&quot;:{&quot;url&quot;:&quot;&quot;,&quot;id&quot;:&quot;&quot;,&quot;size&quot;:&quot;&quot;},&quot;jet_parallax_layout_speed&quot;:{&quot;unit&quot;:&quot;%&quot;,&quot;size&quot;:50,&quot;sizes&quot;:[]},&quot;jet_parallax_layout_type&quot;:&quot;scroll&quot;,&quot;jet_parallax_layout_direction&quot;:&quot;1&quot;,&quot;jet_parallax_layout_fx_direction&quot;:null,&quot;jet_parallax_layout_z_index&quot;:&quot;&quot;,&quot;jet_parallax_layout_bg_x&quot;:50,&quot;jet_parallax_layout_bg_x_tablet&quot;:&quot;&quot;,&quot;jet_parallax_layout_bg_x_mobile&quot;:&quot;&quot;,&quot;jet_parallax_layout_bg_y&quot;:50,&quot;jet_parallax_layout_bg_y_tablet&quot;:&quot;&quot;,&quot;jet_parallax_layout_bg_y_mobile&quot;:&quot;&quot;,&quot;jet_parallax_layout_bg_size&quot;:&quot;auto&quot;,&quot;jet_parallax_layout_bg_size_tablet&quot;:&quot;&quot;,&quot;jet_parallax_layout_bg_size_mobile&quot;:&quot;&quot;,&quot;jet_parallax_layout_animation_prop&quot;:&quot;transform&quot;,&quot;jet_parallax_layout_on&quot;:[&quot;desktop&quot;,&quot;tablet&quot;]}]}\">\n\t\t\t\t\t\t<div class=\"elementor-container elementor-column-gap-default\">\n\t\t\t\t\t<div class=\"elementor-column elementor-col-100 elementor-top-column elementor-element elementor-element-a2c9755\" data-id=\"a2c9755\" data-element_type=\"column\">\n\t\t\t<div class=\"elementor-widget-wrap elementor-element-populated\">\n\t\t\t\t\t\t<div class=\"elementor-element elementor-element-0a8b924 elementor-widget elementor-widget-text-editor\" data-id=\"0a8b924\" data-element_type=\"widget\" data-widget_type=\"text-editor.default\">\n\t\t\t\t\t\t\t\t\t<p><em>Publicada no DOE em <a href=\"https:\/\/www.redelog.rj.gov.br\/redelog\/wp-content\/uploads\/2024\/02\/Resolucao-SEPLAG-272-REDECOMPRAS.pdf\"><strong>21\/02\/2024<\/strong><\/a>.<\/em><\/p>\t\t\t\t\t\t\t\t<\/div>\n\t\t\t\t\t<\/div>\n\t\t<\/div>\n\t\t\t\t\t<\/div>\n\t\t<\/section>\n\t\t\t\t<section class=\"elementor-section elementor-top-section elementor-element elementor-element-534b870 elementor-section-boxed elementor-section-height-default elementor-section-height-default\" data-id=\"534b870\" data-element_type=\"section\" data-settings=\"{&quot;jet_parallax_layout_list&quot;:[{&quot;jet_parallax_layout_image&quot;:{&quot;url&quot;:&quot;&quot;,&quot;id&quot;:&quot;&quot;,&quot;size&quot;:&quot;&quot;},&quot;_id&quot;:&quot;ab030fc&quot;,&quot;jet_parallax_layout_image_tablet&quot;:{&quot;url&quot;:&quot;&quot;,&quot;id&quot;:&quot;&quot;,&quot;size&quot;:&quot;&quot;},&quot;jet_parallax_layout_image_mobile&quot;:{&quot;url&quot;:&quot;&quot;,&quot;id&quot;:&quot;&quot;,&quot;size&quot;:&quot;&quot;},&quot;jet_parallax_layout_speed&quot;:{&quot;unit&quot;:&quot;%&quot;,&quot;size&quot;:50,&quot;sizes&quot;:[]},&quot;jet_parallax_layout_type&quot;:&quot;scroll&quot;,&quot;jet_parallax_layout_direction&quot;:&quot;1&quot;,&quot;jet_parallax_layout_fx_direction&quot;:null,&quot;jet_parallax_layout_z_index&quot;:&quot;&quot;,&quot;jet_parallax_layout_bg_x&quot;:50,&quot;jet_parallax_layout_bg_x_tablet&quot;:&quot;&quot;,&quot;jet_parallax_layout_bg_x_mobile&quot;:&quot;&quot;,&quot;jet_parallax_layout_bg_y&quot;:50,&quot;jet_parallax_layout_bg_y_tablet&quot;:&quot;&quot;,&quot;jet_parallax_layout_bg_y_mobile&quot;:&quot;&quot;,&quot;jet_parallax_layout_bg_size&quot;:&quot;auto&quot;,&quot;jet_parallax_layout_bg_size_tablet&quot;:&quot;&quot;,&quot;jet_parallax_layout_bg_size_mobile&quot;:&quot;&quot;,&quot;jet_parallax_layout_animation_prop&quot;:&quot;transform&quot;,&quot;jet_parallax_layout_on&quot;:[&quot;desktop&quot;,&quot;tablet&quot;]}]}\">\n\t\t\t\t\t\t<div class=\"elementor-container elementor-column-gap-default\">\n\t\t\t\t\t<div class=\"elementor-column elementor-col-100 elementor-top-column elementor-element elementor-element-8dbb1af\" data-id=\"8dbb1af\" data-element_type=\"column\">\n\t\t\t<div class=\"elementor-widget-wrap elementor-element-populated\">\n\t\t\t\t\t\t<div class=\"elementor-element elementor-element-6bc1156 elementor-widget-divider--view-line elementor-widget elementor-widget-divider\" data-id=\"6bc1156\" data-element_type=\"widget\" data-widget_type=\"divider.default\">\n\t\t\t\t\t\t\t<div class=\"elementor-divider\">\n\t\t\t<span class=\"elementor-divider-separator\">\n\t\t\t\t\t\t<\/span>\n\t\t<\/div>\n\t\t\t\t\t\t<\/div>\n\t\t\t\t\t<\/div>\n\t\t<\/div>\n\t\t\t\t\t<\/div>\n\t\t<\/section>\n\t\t\t\t<section class=\"elementor-section elementor-top-section elementor-element elementor-element-38d5d37 elementor-section-boxed elementor-section-height-default elementor-section-height-default\" data-id=\"38d5d37\" data-element_type=\"section\" id=\"options\" data-settings=\"{&quot;jet_parallax_layout_list&quot;:[{&quot;jet_parallax_layout_image&quot;:{&quot;url&quot;:&quot;&quot;,&quot;id&quot;:&quot;&quot;,&quot;size&quot;:&quot;&quot;},&quot;_id&quot;:&quot;19d7213&quot;,&quot;jet_parallax_layout_image_tablet&quot;:{&quot;url&quot;:&quot;&quot;,&quot;id&quot;:&quot;&quot;,&quot;size&quot;:&quot;&quot;},&quot;jet_parallax_layout_image_mobile&quot;:{&quot;url&quot;:&quot;&quot;,&quot;id&quot;:&quot;&quot;,&quot;size&quot;:&quot;&quot;},&quot;jet_parallax_layout_speed&quot;:{&quot;unit&quot;:&quot;%&quot;,&quot;size&quot;:50,&quot;sizes&quot;:[]},&quot;jet_parallax_layout_type&quot;:&quot;scroll&quot;,&quot;jet_parallax_layout_direction&quot;:&quot;1&quot;,&quot;jet_parallax_layout_fx_direction&quot;:null,&quot;jet_parallax_layout_z_index&quot;:&quot;&quot;,&quot;jet_parallax_layout_bg_x&quot;:50,&quot;jet_parallax_layout_bg_x_tablet&quot;:&quot;&quot;,&quot;jet_parallax_layout_bg_x_mobile&quot;:&quot;&quot;,&quot;jet_parallax_layout_bg_y&quot;:50,&quot;jet_parallax_layout_bg_y_tablet&quot;:&quot;&quot;,&quot;jet_parallax_layout_bg_y_mobile&quot;:&quot;&quot;,&quot;jet_parallax_layout_bg_size&quot;:&quot;auto&quot;,&quot;jet_parallax_layout_bg_size_tablet&quot;:&quot;&quot;,&quot;jet_parallax_layout_bg_size_mobile&quot;:&quot;&quot;,&quot;jet_parallax_layout_animation_prop&quot;:&quot;transform&quot;,&quot;jet_parallax_layout_on&quot;:[&quot;desktop&quot;,&quot;tablet&quot;]}]}\">\n\t\t\t\t\t\t<div class=\"elementor-container elementor-column-gap-default\">\n\t\t\t\t\t<div class=\"elementor-column elementor-col-100 elementor-top-column elementor-element elementor-element-4936a99\" data-id=\"4936a99\" data-element_type=\"column\">\n\t\t\t<div class=\"elementor-widget-wrap elementor-element-populated\">\n\t\t\t\t\t\t<div class=\"elementor-element elementor-element-45cfe66 elementor-widget elementor-widget-shortcode\" data-id=\"45cfe66\" data-element_type=\"widget\" data-widget_type=\"shortcode.default\">\n\t\t\t\t\t\t\t<div class=\"elementor-shortcode\"><div class='printomatic pom-default ' id='id8722' alt='Imprimir' title='Imprimir' data-print_target='#post-28107'><\/div> <div class='printomatictext' id='id8722' alt='Imprimir' title='Imprimir' data-print_target='#post-28107'>Imprimir<\/div><div style='clear: both;'><\/div><\/div>\n\t\t\t\t\t\t<\/div>\n\t\t\t\t<section class=\"elementor-section elementor-inner-section elementor-element elementor-element-3a21973 elementor-section-boxed elementor-section-height-default elementor-section-height-default\" data-id=\"3a21973\" data-element_type=\"section\" data-settings=\"{&quot;jet_parallax_layout_list&quot;:[{&quot;jet_parallax_layout_image&quot;:{&quot;url&quot;:&quot;&quot;,&quot;id&quot;:&quot;&quot;,&quot;size&quot;:&quot;&quot;},&quot;_id&quot;:&quot;4b24ff0&quot;,&quot;jet_parallax_layout_image_tablet&quot;:{&quot;url&quot;:&quot;&quot;,&quot;id&quot;:&quot;&quot;,&quot;size&quot;:&quot;&quot;},&quot;jet_parallax_layout_image_mobile&quot;:{&quot;url&quot;:&quot;&quot;,&quot;id&quot;:&quot;&quot;,&quot;size&quot;:&quot;&quot;},&quot;jet_parallax_layout_speed&quot;:{&quot;unit&quot;:&quot;%&quot;,&quot;size&quot;:50,&quot;sizes&quot;:[]},&quot;jet_parallax_layout_type&quot;:&quot;scroll&quot;,&quot;jet_parallax_layout_direction&quot;:&quot;1&quot;,&quot;jet_parallax_layout_fx_direction&quot;:null,&quot;jet_parallax_layout_z_index&quot;:&quot;&quot;,&quot;jet_parallax_layout_bg_x&quot;:50,&quot;jet_parallax_layout_bg_x_tablet&quot;:&quot;&quot;,&quot;jet_parallax_layout_bg_x_mobile&quot;:&quot;&quot;,&quot;jet_parallax_layout_bg_y&quot;:50,&quot;jet_parallax_layout_bg_y_tablet&quot;:&quot;&quot;,&quot;jet_parallax_layout_bg_y_mobile&quot;:&quot;&quot;,&quot;jet_parallax_layout_bg_size&quot;:&quot;auto&quot;,&quot;jet_parallax_layout_bg_size_tablet&quot;:&quot;&quot;,&quot;jet_parallax_layout_bg_size_mobile&quot;:&quot;&quot;,&quot;jet_parallax_layout_animation_prop&quot;:&quot;transform&quot;,&quot;jet_parallax_layout_on&quot;:[&quot;desktop&quot;,&quot;tablet&quot;]}]}\">\n\t\t\t\t\t\t<div class=\"elementor-container elementor-column-gap-default\">\n\t\t\t\t\t<div class=\"elementor-column elementor-col-50 elementor-inner-column elementor-element elementor-element-afba63c\" data-id=\"afba63c\" data-element_type=\"column\">\n\t\t\t<div class=\"elementor-widget-wrap elementor-element-populated\">\n\t\t\t\t\t\t<div class=\"elementor-element elementor-element-ca5346b elementor-widget elementor-widget-text-editor\" data-id=\"ca5346b\" data-element_type=\"widget\" data-widget_type=\"text-editor.default\">\n\t\t\t\t\t\t\t\t\t<p><strong><a href=\"http:\/\/redelog.rj.gov.br\/redelog\/legislacao-transportes\/\">\u2190 Voltar &#8211; Transportes<\/a><\/strong><\/p>\t\t\t\t\t\t\t\t<\/div>\n\t\t\t\t\t<\/div>\n\t\t<\/div>\n\t\t\t\t<div class=\"elementor-column elementor-col-50 elementor-inner-column elementor-element elementor-element-dd06df7\" data-id=\"dd06df7\" data-element_type=\"column\">\n\t\t\t<div class=\"elementor-widget-wrap\">\n\t\t\t\t\t\t\t<\/div>\n\t\t<\/div>\n\t\t\t\t\t<\/div>\n\t\t<\/section>\n\t\t\t\t\t<\/div>\n\t\t<\/div>\n\t\t\t\t\t<\/div>\n\t\t<\/section>\n\t\t\t\t<section class=\"elementor-section elementor-top-section elementor-element elementor-element-bdca253 elementor-section-boxed elementor-section-height-default elementor-section-height-default\" data-id=\"bdca253\" data-element_type=\"section\" data-settings=\"{&quot;jet_parallax_layout_list&quot;:[{&quot;jet_parallax_layout_image&quot;:{&quot;url&quot;:&quot;&quot;,&quot;id&quot;:&quot;&quot;,&quot;size&quot;:&quot;&quot;},&quot;_id&quot;:&quot;22a0abb&quot;,&quot;jet_parallax_layout_image_tablet&quot;:{&quot;url&quot;:&quot;&quot;,&quot;id&quot;:&quot;&quot;,&quot;size&quot;:&quot;&quot;},&quot;jet_parallax_layout_image_mobile&quot;:{&quot;url&quot;:&quot;&quot;,&quot;id&quot;:&quot;&quot;,&quot;size&quot;:&quot;&quot;},&quot;jet_parallax_layout_speed&quot;:{&quot;unit&quot;:&quot;%&quot;,&quot;size&quot;:50,&quot;sizes&quot;:[]},&quot;jet_parallax_layout_type&quot;:&quot;scroll&quot;,&quot;jet_parallax_layout_direction&quot;:&quot;1&quot;,&quot;jet_parallax_layout_fx_direction&quot;:null,&quot;jet_parallax_layout_z_index&quot;:&quot;&quot;,&quot;jet_parallax_layout_bg_x&quot;:50,&quot;jet_parallax_layout_bg_x_tablet&quot;:&quot;&quot;,&quot;jet_parallax_layout_bg_x_mobile&quot;:&quot;&quot;,&quot;jet_parallax_layout_bg_y&quot;:50,&quot;jet_parallax_layout_bg_y_tablet&quot;:&quot;&quot;,&quot;jet_parallax_layout_bg_y_mobile&quot;:&quot;&quot;,&quot;jet_parallax_layout_bg_size&quot;:&quot;auto&quot;,&quot;jet_parallax_layout_bg_size_tablet&quot;:&quot;&quot;,&quot;jet_parallax_layout_bg_size_mobile&quot;:&quot;&quot;,&quot;jet_parallax_layout_animation_prop&quot;:&quot;transform&quot;,&quot;jet_parallax_layout_on&quot;:[&quot;desktop&quot;,&quot;tablet&quot;]}]}\">\n\t\t\t\t\t\t<div class=\"elementor-container elementor-column-gap-default\">\n\t\t\t\t\t<div class=\"elementor-column elementor-col-100 elementor-top-column elementor-element elementor-element-68f4ad3\" data-id=\"68f4ad3\" data-element_type=\"column\">\n\t\t\t<div class=\"elementor-widget-wrap elementor-element-populated\">\n\t\t\t\t\t\t<div class=\"elementor-element elementor-element-2e5b9df elementor-widget elementor-widget-html\" data-id=\"2e5b9df\" data-element_type=\"widget\" data-widget_type=\"html.default\">\n\t\t\t\t\t<style>\n    h2, .h2-style{\n        font-size: 28px;\n    }\n<\/style>\t\t\t\t<\/div>\n\t\t\t\t\t<\/div>\n\t\t<\/div>\n\t\t\t\t\t<\/div>\n\t\t<\/section>\n\t\t\t\t<section class=\"elementor-section elementor-top-section elementor-element elementor-element-a82196b elementor-section-boxed elementor-section-height-default elementor-section-height-default\" data-id=\"a82196b\" data-element_type=\"section\" data-settings=\"{&quot;jet_parallax_layout_list&quot;:[{&quot;jet_parallax_layout_image&quot;:{&quot;url&quot;:&quot;&quot;,&quot;id&quot;:&quot;&quot;,&quot;size&quot;:&quot;&quot;},&quot;_id&quot;:&quot;5c40c66&quot;,&quot;jet_parallax_layout_image_tablet&quot;:{&quot;url&quot;:&quot;&quot;,&quot;id&quot;:&quot;&quot;,&quot;size&quot;:&quot;&quot;},&quot;jet_parallax_layout_image_mobile&quot;:{&quot;url&quot;:&quot;&quot;,&quot;id&quot;:&quot;&quot;,&quot;size&quot;:&quot;&quot;},&quot;jet_parallax_layout_speed&quot;:{&quot;unit&quot;:&quot;%&quot;,&quot;size&quot;:50,&quot;sizes&quot;:[]},&quot;jet_parallax_layout_type&quot;:&quot;scroll&quot;,&quot;jet_parallax_layout_direction&quot;:&quot;1&quot;,&quot;jet_parallax_layout_fx_direction&quot;:null,&quot;jet_parallax_layout_z_index&quot;:&quot;&quot;,&quot;jet_parallax_layout_bg_x&quot;:50,&quot;jet_parallax_layout_bg_x_tablet&quot;:&quot;&quot;,&quot;jet_parallax_layout_bg_x_mobile&quot;:&quot;&quot;,&quot;jet_parallax_layout_bg_y&quot;:50,&quot;jet_parallax_layout_bg_y_tablet&quot;:&quot;&quot;,&quot;jet_parallax_layout_bg_y_mobile&quot;:&quot;&quot;,&quot;jet_parallax_layout_bg_size&quot;:&quot;auto&quot;,&quot;jet_parallax_layout_bg_size_tablet&quot;:&quot;&quot;,&quot;jet_parallax_layout_bg_size_mobile&quot;:&quot;&quot;,&quot;jet_parallax_layout_animation_prop&quot;:&quot;transform&quot;,&quot;jet_parallax_layout_on&quot;:[&quot;desktop&quot;,&quot;tablet&quot;]}]}\">\n\t\t\t\t\t\t<div class=\"elementor-container elementor-column-gap-default\">\n\t\t\t\t\t<div class=\"elementor-column elementor-col-100 elementor-top-column elementor-element elementor-element-d2d9e44\" data-id=\"d2d9e44\" data-element_type=\"column\">\n\t\t\t<div class=\"elementor-widget-wrap\">\n\t\t\t\t\t\t\t<\/div>\n\t\t<\/div>\n\t\t\t\t\t<\/div>\n\t\t<\/section>\n\t\t\t\t<\/div>\n\t\t","protected":false},"excerpt":{"rendered":"<p>INSTITUI A REDE DE GESTORES DE COMPRAS \u2013 REDECOMPRAS, INTEGRANTE DAS REDES FUNCIONAIS DA REDE LOG\u00cdSTICA &#8211; REDELOG, E D\u00c1 OUTRAS PROVID\u00caNCIAS.\u00a0 O\u00a0SECRET\u00c1RIO DE ESTADO DE PLANEJAMENTO E GEST\u00c3O, no uso de suas atribui\u00e7\u00f5es legais, observando o disposto no art. 3\u00ba do Decreto n\u00ba 46.050, de 26 de julho de 2017, e tendo em vista [&hellip;]<\/p>\n","protected":false},"author":19,"featured_media":0,"comment_status":"closed","ping_status":"open","sticky":false,"template":"","format":"standard","meta":{"_joinchat":[],"footnotes":""},"categories":[23],"tags":[],"class_list":["post-28107","post","type-post","status-publish","format-standard","hentry","category-cat-legislacao"],"yoast_head":"<!-- This site is optimized with the Yoast SEO plugin v25.7 - https:\/\/yoast.com\/wordpress\/plugins\/seo\/ -->\n<title>RESOLU\u00c7\u00c3O SEPLAG N\u00ba 272, DE 08 DE FEVEREIRO DE 2024 - Redelog<\/title>\n<meta name=\"robots\" content=\"index, follow, max-snippet:-1, max-image-preview:large, max-video-preview:-1\" \/>\n<link rel=\"canonical\" href=\"https:\/\/redelog.rj.gov.br\/redelog\/resolucao-seplag-no-272-de-08-de-fevereiro-de-2024\/\" \/>\n<meta property=\"og:locale\" content=\"pt_BR\" \/>\n<meta property=\"og:type\" content=\"article\" \/>\n<meta property=\"og:title\" content=\"RESOLU\u00c7\u00c3O SEPLAG N\u00ba 272, DE 08 DE FEVEREIRO DE 2024 - Redelog\" \/>\n<meta property=\"og:description\" content=\"INSTITUI A REDE DE GESTORES DE COMPRAS \u2013 REDECOMPRAS, INTEGRANTE DAS REDES FUNCIONAIS DA REDE LOG\u00cdSTICA &#8211; REDELOG, E D\u00c1 OUTRAS PROVID\u00caNCIAS.\u00a0 O\u00a0SECRET\u00c1RIO DE ESTADO DE PLANEJAMENTO E GEST\u00c3O, no uso de suas atribui\u00e7\u00f5es legais, observando o disposto no art. 3\u00ba do Decreto n\u00ba 46.050, de 26 de julho de 2017, e tendo em vista [&hellip;]\" \/>\n<meta property=\"og:url\" content=\"https:\/\/redelog.rj.gov.br\/redelog\/resolucao-seplag-no-272-de-08-de-fevereiro-de-2024\/\" \/>\n<meta property=\"og:site_name\" content=\"Redelog\" \/>\n<meta property=\"article:published_time\" content=\"2024-02-21T13:18:45+00:00\" \/>\n<meta property=\"article:modified_time\" content=\"2024-02-21T13:21:43+00:00\" \/>\n<meta name=\"author\" content=\"Juliane Paz Vieira Lima\" \/>\n<meta name=\"twitter:card\" content=\"summary_large_image\" \/>\n<meta name=\"twitter:label1\" content=\"Escrito por\" \/>\n\t<meta name=\"twitter:data1\" content=\"Juliane Paz Vieira Lima\" \/>\n\t<meta name=\"twitter:label2\" content=\"Est. tempo de leitura\" \/>\n\t<meta name=\"twitter:data2\" content=\"5 minutos\" \/>\n<script type=\"application\/ld+json\" class=\"yoast-schema-graph\">{\"@context\":\"https:\/\/schema.org\",\"@graph\":[{\"@type\":\"Article\",\"@id\":\"https:\/\/redelog.rj.gov.br\/redelog\/resolucao-seplag-no-272-de-08-de-fevereiro-de-2024\/#article\",\"isPartOf\":{\"@id\":\"https:\/\/redelog.rj.gov.br\/redelog\/resolucao-seplag-no-272-de-08-de-fevereiro-de-2024\/\"},\"author\":{\"name\":\"Juliane Paz Vieira Lima\",\"@id\":\"https:\/\/redelog.rj.gov.br\/redelog\/#\/schema\/person\/a80fe416b9778ee67954a79526756867\"},\"headline\":\"RESOLU\u00c7\u00c3O SEPLAG N\u00ba 272, DE 08 DE FEVEREIRO DE 2024\",\"datePublished\":\"2024-02-21T13:18:45+00:00\",\"dateModified\":\"2024-02-21T13:21:43+00:00\",\"mainEntityOfPage\":{\"@id\":\"https:\/\/redelog.rj.gov.br\/redelog\/resolucao-seplag-no-272-de-08-de-fevereiro-de-2024\/\"},\"wordCount\":1104,\"publisher\":{\"@id\":\"https:\/\/redelog.rj.gov.br\/redelog\/#organization\"},\"articleSection\":[\"Legisla\u00e7\u00e3o\"],\"inLanguage\":\"pt-BR\"},{\"@type\":\"WebPage\",\"@id\":\"https:\/\/redelog.rj.gov.br\/redelog\/resolucao-seplag-no-272-de-08-de-fevereiro-de-2024\/\",\"url\":\"https:\/\/redelog.rj.gov.br\/redelog\/resolucao-seplag-no-272-de-08-de-fevereiro-de-2024\/\",\"name\":\"RESOLU\u00c7\u00c3O SEPLAG N\u00ba 272, DE 08 DE FEVEREIRO DE 2024 - Redelog\",\"isPartOf\":{\"@id\":\"https:\/\/redelog.rj.gov.br\/redelog\/#website\"},\"datePublished\":\"2024-02-21T13:18:45+00:00\",\"dateModified\":\"2024-02-21T13:21:43+00:00\",\"breadcrumb\":{\"@id\":\"https:\/\/redelog.rj.gov.br\/redelog\/resolucao-seplag-no-272-de-08-de-fevereiro-de-2024\/#breadcrumb\"},\"inLanguage\":\"pt-BR\",\"potentialAction\":[{\"@type\":\"ReadAction\",\"target\":[\"https:\/\/redelog.rj.gov.br\/redelog\/resolucao-seplag-no-272-de-08-de-fevereiro-de-2024\/\"]}]},{\"@type\":\"BreadcrumbList\",\"@id\":\"https:\/\/redelog.rj.gov.br\/redelog\/resolucao-seplag-no-272-de-08-de-fevereiro-de-2024\/#breadcrumb\",\"itemListElement\":[{\"@type\":\"ListItem\",\"position\":1,\"name\":\"Home\",\"item\":\"https:\/\/redelog.rj.gov.br\/redelog\/\"},{\"@type\":\"ListItem\",\"position\":2,\"name\":\"RESOLU\u00c7\u00c3O SEPLAG N\u00ba 272, DE 08 DE FEVEREIRO DE 2024\"}]},{\"@type\":\"WebSite\",\"@id\":\"https:\/\/redelog.rj.gov.br\/redelog\/#website\",\"url\":\"https:\/\/redelog.rj.gov.br\/redelog\/\",\"name\":\"Redelog\",\"description\":\"Site da Rede de Log\u00edstica e Planejamento do Estado do Rio de Janeiro\",\"publisher\":{\"@id\":\"https:\/\/redelog.rj.gov.br\/redelog\/#organization\"},\"potentialAction\":[{\"@type\":\"SearchAction\",\"target\":{\"@type\":\"EntryPoint\",\"urlTemplate\":\"https:\/\/redelog.rj.gov.br\/redelog\/?s={search_term_string}\"},\"query-input\":{\"@type\":\"PropertyValueSpecification\",\"valueRequired\":true,\"valueName\":\"search_term_string\"}}],\"inLanguage\":\"pt-BR\"},{\"@type\":\"Organization\",\"@id\":\"https:\/\/redelog.rj.gov.br\/redelog\/#organization\",\"name\":\"REDELOG\",\"url\":\"https:\/\/redelog.rj.gov.br\/redelog\/\",\"logo\":{\"@type\":\"ImageObject\",\"inLanguage\":\"pt-BR\",\"@id\":\"https:\/\/redelog.rj.gov.br\/redelog\/#\/schema\/logo\/image\/\",\"url\":\"http:\/\/10.10.8.100:8888\/redelog\/wp-content\/uploads\/2019\/09\/Redelog2.png\",\"contentUrl\":\"http:\/\/10.10.8.100:8888\/redelog\/wp-content\/uploads\/2019\/09\/Redelog2.png\",\"width\":565,\"height\":155,\"caption\":\"REDELOG\"},\"image\":{\"@id\":\"https:\/\/redelog.rj.gov.br\/redelog\/#\/schema\/logo\/image\/\"}},{\"@type\":\"Person\",\"@id\":\"https:\/\/redelog.rj.gov.br\/redelog\/#\/schema\/person\/a80fe416b9778ee67954a79526756867\",\"name\":\"Juliane Paz Vieira Lima\",\"image\":{\"@type\":\"ImageObject\",\"inLanguage\":\"pt-BR\",\"@id\":\"https:\/\/redelog.rj.gov.br\/redelog\/#\/schema\/person\/image\/\",\"url\":\"https:\/\/secure.gravatar.com\/avatar\/6d81cf8bb20fabd08d236dec1cc7b99d2da26d368e6642dc331f1413653da0a6?s=96&d=mm&r=g\",\"contentUrl\":\"https:\/\/secure.gravatar.com\/avatar\/6d81cf8bb20fabd08d236dec1cc7b99d2da26d368e6642dc331f1413653da0a6?s=96&d=mm&r=g\",\"caption\":\"Juliane Paz Vieira Lima\"},\"url\":\"https:\/\/redelog.rj.gov.br\/redelog\/author\/julianepaz\/\"}]}<\/script>\n<!-- \/ Yoast SEO plugin. -->","yoast_head_json":{"title":"RESOLU\u00c7\u00c3O SEPLAG N\u00ba 272, DE 08 DE FEVEREIRO DE 2024 - Redelog","robots":{"index":"index","follow":"follow","max-snippet":"max-snippet:-1","max-image-preview":"max-image-preview:large","max-video-preview":"max-video-preview:-1"},"canonical":"https:\/\/redelog.rj.gov.br\/redelog\/resolucao-seplag-no-272-de-08-de-fevereiro-de-2024\/","og_locale":"pt_BR","og_type":"article","og_title":"RESOLU\u00c7\u00c3O SEPLAG N\u00ba 272, DE 08 DE FEVEREIRO DE 2024 - Redelog","og_description":"INSTITUI A REDE DE GESTORES DE COMPRAS \u2013 REDECOMPRAS, INTEGRANTE DAS REDES FUNCIONAIS DA REDE LOG\u00cdSTICA &#8211; REDELOG, E D\u00c1 OUTRAS PROVID\u00caNCIAS.\u00a0 O\u00a0SECRET\u00c1RIO DE ESTADO DE PLANEJAMENTO E GEST\u00c3O, no uso de suas atribui\u00e7\u00f5es legais, observando o disposto no art. 3\u00ba do Decreto n\u00ba 46.050, de 26 de julho de 2017, e tendo em vista [&hellip;]","og_url":"https:\/\/redelog.rj.gov.br\/redelog\/resolucao-seplag-no-272-de-08-de-fevereiro-de-2024\/","og_site_name":"Redelog","article_published_time":"2024-02-21T13:18:45+00:00","article_modified_time":"2024-02-21T13:21:43+00:00","author":"Juliane Paz Vieira Lima","twitter_card":"summary_large_image","twitter_misc":{"Escrito por":"Juliane Paz Vieira Lima","Est. tempo de leitura":"5 minutos"},"schema":{"@context":"https:\/\/schema.org","@graph":[{"@type":"Article","@id":"https:\/\/redelog.rj.gov.br\/redelog\/resolucao-seplag-no-272-de-08-de-fevereiro-de-2024\/#article","isPartOf":{"@id":"https:\/\/redelog.rj.gov.br\/redelog\/resolucao-seplag-no-272-de-08-de-fevereiro-de-2024\/"},"author":{"name":"Juliane Paz Vieira Lima","@id":"https:\/\/redelog.rj.gov.br\/redelog\/#\/schema\/person\/a80fe416b9778ee67954a79526756867"},"headline":"RESOLU\u00c7\u00c3O SEPLAG N\u00ba 272, DE 08 DE FEVEREIRO DE 2024","datePublished":"2024-02-21T13:18:45+00:00","dateModified":"2024-02-21T13:21:43+00:00","mainEntityOfPage":{"@id":"https:\/\/redelog.rj.gov.br\/redelog\/resolucao-seplag-no-272-de-08-de-fevereiro-de-2024\/"},"wordCount":1104,"publisher":{"@id":"https:\/\/redelog.rj.gov.br\/redelog\/#organization"},"articleSection":["Legisla\u00e7\u00e3o"],"inLanguage":"pt-BR"},{"@type":"WebPage","@id":"https:\/\/redelog.rj.gov.br\/redelog\/resolucao-seplag-no-272-de-08-de-fevereiro-de-2024\/","url":"https:\/\/redelog.rj.gov.br\/redelog\/resolucao-seplag-no-272-de-08-de-fevereiro-de-2024\/","name":"RESOLU\u00c7\u00c3O SEPLAG N\u00ba 272, DE 08 DE FEVEREIRO DE 2024 - Redelog","isPartOf":{"@id":"https:\/\/redelog.rj.gov.br\/redelog\/#website"},"datePublished":"2024-02-21T13:18:45+00:00","dateModified":"2024-02-21T13:21:43+00:00","breadcrumb":{"@id":"https:\/\/redelog.rj.gov.br\/redelog\/resolucao-seplag-no-272-de-08-de-fevereiro-de-2024\/#breadcrumb"},"inLanguage":"pt-BR","potentialAction":[{"@type":"ReadAction","target":["https:\/\/redelog.rj.gov.br\/redelog\/resolucao-seplag-no-272-de-08-de-fevereiro-de-2024\/"]}]},{"@type":"BreadcrumbList","@id":"https:\/\/redelog.rj.gov.br\/redelog\/resolucao-seplag-no-272-de-08-de-fevereiro-de-2024\/#breadcrumb","itemListElement":[{"@type":"ListItem","position":1,"name":"Home","item":"https:\/\/redelog.rj.gov.br\/redelog\/"},{"@type":"ListItem","position":2,"name":"RESOLU\u00c7\u00c3O SEPLAG N\u00ba 272, DE 08 DE FEVEREIRO DE 2024"}]},{"@type":"WebSite","@id":"https:\/\/redelog.rj.gov.br\/redelog\/#website","url":"https:\/\/redelog.rj.gov.br\/redelog\/","name":"Redelog","description":"Site da Rede de Log\u00edstica e Planejamento do Estado do Rio de Janeiro","publisher":{"@id":"https:\/\/redelog.rj.gov.br\/redelog\/#organization"},"potentialAction":[{"@type":"SearchAction","target":{"@type":"EntryPoint","urlTemplate":"https:\/\/redelog.rj.gov.br\/redelog\/?s={search_term_string}"},"query-input":{"@type":"PropertyValueSpecification","valueRequired":true,"valueName":"search_term_string"}}],"inLanguage":"pt-BR"},{"@type":"Organization","@id":"https:\/\/redelog.rj.gov.br\/redelog\/#organization","name":"REDELOG","url":"https:\/\/redelog.rj.gov.br\/redelog\/","logo":{"@type":"ImageObject","inLanguage":"pt-BR","@id":"https:\/\/redelog.rj.gov.br\/redelog\/#\/schema\/logo\/image\/","url":"http:\/\/10.10.8.100:8888\/redelog\/wp-content\/uploads\/2019\/09\/Redelog2.png","contentUrl":"http:\/\/10.10.8.100:8888\/redelog\/wp-content\/uploads\/2019\/09\/Redelog2.png","width":565,"height":155,"caption":"REDELOG"},"image":{"@id":"https:\/\/redelog.rj.gov.br\/redelog\/#\/schema\/logo\/image\/"}},{"@type":"Person","@id":"https:\/\/redelog.rj.gov.br\/redelog\/#\/schema\/person\/a80fe416b9778ee67954a79526756867","name":"Juliane Paz Vieira Lima","image":{"@type":"ImageObject","inLanguage":"pt-BR","@id":"https:\/\/redelog.rj.gov.br\/redelog\/#\/schema\/person\/image\/","url":"https:\/\/secure.gravatar.com\/avatar\/6d81cf8bb20fabd08d236dec1cc7b99d2da26d368e6642dc331f1413653da0a6?s=96&d=mm&r=g","contentUrl":"https:\/\/secure.gravatar.com\/avatar\/6d81cf8bb20fabd08d236dec1cc7b99d2da26d368e6642dc331f1413653da0a6?s=96&d=mm&r=g","caption":"Juliane Paz Vieira Lima"},"url":"https:\/\/redelog.rj.gov.br\/redelog\/author\/julianepaz\/"}]}},"_links":{"self":[{"href":"https:\/\/redelog.rj.gov.br\/redelog\/wp-json\/wp\/v2\/posts\/28107","targetHints":{"allow":["GET"]}}],"collection":[{"href":"https:\/\/redelog.rj.gov.br\/redelog\/wp-json\/wp\/v2\/posts"}],"about":[{"href":"https:\/\/redelog.rj.gov.br\/redelog\/wp-json\/wp\/v2\/types\/post"}],"author":[{"embeddable":true,"href":"https:\/\/redelog.rj.gov.br\/redelog\/wp-json\/wp\/v2\/users\/19"}],"replies":[{"embeddable":true,"href":"https:\/\/redelog.rj.gov.br\/redelog\/wp-json\/wp\/v2\/comments?post=28107"}],"version-history":[{"count":8,"href":"https:\/\/redelog.rj.gov.br\/redelog\/wp-json\/wp\/v2\/posts\/28107\/revisions"}],"predecessor-version":[{"id":28115,"href":"https:\/\/redelog.rj.gov.br\/redelog\/wp-json\/wp\/v2\/posts\/28107\/revisions\/28115"}],"wp:attachment":[{"href":"https:\/\/redelog.rj.gov.br\/redelog\/wp-json\/wp\/v2\/media?parent=28107"}],"wp:term":[{"taxonomy":"category","embeddable":true,"href":"https:\/\/redelog.rj.gov.br\/redelog\/wp-json\/wp\/v2\/categories?post=28107"},{"taxonomy":"post_tag","embeddable":true,"href":"https:\/\/redelog.rj.gov.br\/redelog\/wp-json\/wp\/v2\/tags?post=28107"}],"curies":[{"name":"wp","href":"https:\/\/api.w.org\/{rel}","templated":true}]}}