{"id":28062,"date":"2024-02-20T09:49:05","date_gmt":"2024-02-20T12:49:05","guid":{"rendered":"https:\/\/redelog.rj.gov.br\/redelog\/?p=28062"},"modified":"2024-04-17T15:28:24","modified_gmt":"2024-04-17T18:28:24","slug":"aprovacao-2","status":"publish","type":"post","link":"https:\/\/redelog.rj.gov.br\/redelog\/aprovacao-2\/","title":{"rendered":"APROVA\u00c7\u00c3O"},"content":{"rendered":"\t\t<div data-elementor-type=\"wp-post\" data-elementor-id=\"28062\" class=\"elementor elementor-28062\" data-elementor-post-type=\"post\">\n\t\t\t\t\t\t<section class=\"elementor-section elementor-top-section elementor-element elementor-element-4f2a074 elementor-section-boxed elementor-section-height-default elementor-section-height-default\" data-id=\"4f2a074\" data-element_type=\"section\" data-settings=\"{&quot;jet_parallax_layout_list&quot;:[{&quot;jet_parallax_layout_image&quot;:{&quot;url&quot;:&quot;&quot;,&quot;id&quot;:&quot;&quot;,&quot;size&quot;:&quot;&quot;},&quot;_id&quot;:&quot;38613a2&quot;,&quot;jet_parallax_layout_image_tablet&quot;:{&quot;url&quot;:&quot;&quot;,&quot;id&quot;:&quot;&quot;,&quot;size&quot;:&quot;&quot;},&quot;jet_parallax_layout_image_mobile&quot;:{&quot;url&quot;:&quot;&quot;,&quot;id&quot;:&quot;&quot;,&quot;size&quot;:&quot;&quot;},&quot;jet_parallax_layout_speed&quot;:{&quot;unit&quot;:&quot;%&quot;,&quot;size&quot;:50,&quot;sizes&quot;:[]},&quot;jet_parallax_layout_type&quot;:&quot;scroll&quot;,&quot;jet_parallax_layout_direction&quot;:&quot;1&quot;,&quot;jet_parallax_layout_fx_direction&quot;:null,&quot;jet_parallax_layout_z_index&quot;:&quot;&quot;,&quot;jet_parallax_layout_bg_x&quot;:50,&quot;jet_parallax_layout_bg_x_tablet&quot;:&quot;&quot;,&quot;jet_parallax_layout_bg_x_mobile&quot;:&quot;&quot;,&quot;jet_parallax_layout_bg_y&quot;:50,&quot;jet_parallax_layout_bg_y_tablet&quot;:&quot;&quot;,&quot;jet_parallax_layout_bg_y_mobile&quot;:&quot;&quot;,&quot;jet_parallax_layout_bg_size&quot;:&quot;auto&quot;,&quot;jet_parallax_layout_bg_size_tablet&quot;:&quot;&quot;,&quot;jet_parallax_layout_bg_size_mobile&quot;:&quot;&quot;,&quot;jet_parallax_layout_animation_prop&quot;:&quot;transform&quot;,&quot;jet_parallax_layout_on&quot;:[&quot;desktop&quot;,&quot;tablet&quot;]}]}\">\n\t\t\t\t\t\t<div class=\"elementor-container elementor-column-gap-default\">\n\t\t\t\t\t<div class=\"elementor-column elementor-col-100 elementor-top-column elementor-element elementor-element-05007f7\" data-id=\"05007f7\" data-element_type=\"column\">\n\t\t\t<div class=\"elementor-widget-wrap elementor-element-populated\">\n\t\t\t\t\t\t<div class=\"elementor-element elementor-element-f7220b7 elementor-widget-divider--view-line elementor-widget elementor-widget-divider\" data-id=\"f7220b7\" data-element_type=\"widget\" data-widget_type=\"divider.default\">\n\t\t\t\t\t\t\t<div class=\"elementor-divider\">\n\t\t\t<span class=\"elementor-divider-separator\">\n\t\t\t\t\t\t<\/span>\n\t\t<\/div>\n\t\t\t\t\t\t<\/div>\n\t\t\t\t\t<\/div>\n\t\t<\/div>\n\t\t\t\t\t<\/div>\n\t\t<\/section>\n\t\t\t\t<section class=\"elementor-section elementor-top-section elementor-element elementor-element-436b7c8 elementor-section-boxed elementor-section-height-default elementor-section-height-default\" data-id=\"436b7c8\" data-element_type=\"section\" data-settings=\"{&quot;jet_parallax_layout_list&quot;:[{&quot;jet_parallax_layout_image&quot;:{&quot;url&quot;:&quot;&quot;,&quot;id&quot;:&quot;&quot;,&quot;size&quot;:&quot;&quot;},&quot;_id&quot;:&quot;546b2cd&quot;,&quot;jet_parallax_layout_image_tablet&quot;:{&quot;url&quot;:&quot;&quot;,&quot;id&quot;:&quot;&quot;,&quot;size&quot;:&quot;&quot;},&quot;jet_parallax_layout_image_mobile&quot;:{&quot;url&quot;:&quot;&quot;,&quot;id&quot;:&quot;&quot;,&quot;size&quot;:&quot;&quot;},&quot;jet_parallax_layout_speed&quot;:{&quot;unit&quot;:&quot;%&quot;,&quot;size&quot;:50,&quot;sizes&quot;:[]},&quot;jet_parallax_layout_type&quot;:&quot;scroll&quot;,&quot;jet_parallax_layout_direction&quot;:&quot;1&quot;,&quot;jet_parallax_layout_fx_direction&quot;:null,&quot;jet_parallax_layout_z_index&quot;:&quot;&quot;,&quot;jet_parallax_layout_bg_x&quot;:50,&quot;jet_parallax_layout_bg_x_tablet&quot;:&quot;&quot;,&quot;jet_parallax_layout_bg_x_mobile&quot;:&quot;&quot;,&quot;jet_parallax_layout_bg_y&quot;:50,&quot;jet_parallax_layout_bg_y_tablet&quot;:&quot;&quot;,&quot;jet_parallax_layout_bg_y_mobile&quot;:&quot;&quot;,&quot;jet_parallax_layout_bg_size&quot;:&quot;auto&quot;,&quot;jet_parallax_layout_bg_size_tablet&quot;:&quot;&quot;,&quot;jet_parallax_layout_bg_size_mobile&quot;:&quot;&quot;,&quot;jet_parallax_layout_animation_prop&quot;:&quot;transform&quot;,&quot;jet_parallax_layout_on&quot;:[&quot;desktop&quot;,&quot;tablet&quot;]}]}\">\n\t\t\t\t\t\t<div class=\"elementor-container elementor-column-gap-default\">\n\t\t\t\t\t<div class=\"elementor-column elementor-col-100 elementor-top-column elementor-element elementor-element-f1309e9\" data-id=\"f1309e9\" data-element_type=\"column\">\n\t\t\t<div class=\"elementor-widget-wrap elementor-element-populated\">\n\t\t\t\t\t\t<div class=\"elementor-element elementor-element-613e75a elementor-position-left elementor-vertical-align-middle elementor-widget elementor-widget-image-box\" data-id=\"613e75a\" data-element_type=\"widget\" data-widget_type=\"image-box.default\">\n\t\t\t\t\t<div class=\"elementor-image-box-wrapper\"><figure class=\"elementor-image-box-img\"><img decoding=\"async\" width=\"50\" height=\"48\" data-src=\"https:\/\/redelog.rj.gov.br\/redelog\/wp-content\/uploads\/2021\/10\/check.jpg\" class=\"attachment-full size-full wp-image-3691 lazyload\" alt=\"\" src=\"data:image\/svg+xml;base64,PHN2ZyB3aWR0aD0iMSIgaGVpZ2h0PSIxIiB4bWxucz0iaHR0cDovL3d3dy53My5vcmcvMjAwMC9zdmciPjwvc3ZnPg==\" style=\"--smush-placeholder-width: 50px; --smush-placeholder-aspect-ratio: 50\/48;\" \/><\/figure><div class=\"elementor-image-box-content\"><p class=\"elementor-image-box-description\">A aprova\u00e7\u00e3o \u00e9 o ato desempenhado pela autoridade competente que, a partir de uma an\u00e1lise de toda a documenta\u00e7\u00e3o processual, autoriza o prosseguimento da contrata\u00e7\u00e3o. \n<\/p><\/div><\/div>\t\t\t\t<\/div>\n\t\t\t\t<div class=\"elementor-element elementor-element-b258684 elementor-widget elementor-widget-image\" data-id=\"b258684\" data-element_type=\"widget\" data-widget_type=\"image.default\">\n\t\t\t\t\t\t\t\t\t\t\t\t\t\t\t<img fetchpriority=\"high\" decoding=\"async\" width=\"800\" height=\"533\" src=\"https:\/\/redelog.rj.gov.br\/redelog\/wp-content\/uploads\/2021\/10\/aprov.jpg\" class=\"attachment-large size-large wp-image-11485\" alt=\"\" srcset=\"https:\/\/redelog.rj.gov.br\/redelog\/wp-content\/uploads\/2021\/10\/aprov.jpg 800w, https:\/\/redelog.rj.gov.br\/redelog\/wp-content\/uploads\/2021\/10\/aprov-300x200.jpg 300w, https:\/\/redelog.rj.gov.br\/redelog\/wp-content\/uploads\/2021\/10\/aprov-768x512.jpg 768w, https:\/\/redelog.rj.gov.br\/redelog\/wp-content\/uploads\/2021\/10\/aprov-600x400.jpg 600w\" sizes=\"(max-width: 800px) 100vw, 800px\" \/>\t\t\t\t\t\t\t\t\t\t\t\t\t\t\t<\/div>\n\t\t\t\t<div class=\"elementor-element elementor-element-71dfeeb elementor-widget elementor-widget-text-editor\" data-id=\"71dfeeb\" data-element_type=\"widget\" data-widget_type=\"text-editor.default\">\n\t\t\t\t\t\t\t\t\t<p style=\"text-align: justify;\">\u00a0<\/p><p><span style=\"font-weight: 400;\">Ela representa a \u00faltima etapa da Fase Preparat\u00f3ria do procedimento administrativo, tal como disposto no inciso XII, art. 5\u00ba, do <a href=\"https:\/\/leisestaduais.com.br\/rj\/decreto-n-48816-2023-rio-de-janeiro-regulamenta-a-fase-preparatoria-das-contratacoes-de-que-trata-a-lei-no-14-133-de-1o-de-abril-de-2021-no-ambito-da-administracao-publica-estadual-direta-autarquica-e-fundacional?q=48816&amp;origin=instituicao#\"><strong>Decreto n\u00ba 48.816\/23<\/strong><\/a>, da seguinte forma:<\/span><\/p><p><i><span style=\"font-weight: 400;\">Art. 5\u00ba S\u00e3o atos que constituem a fase preparat\u00f3ria, a serem observados, preferencialmente, na seguinte ordem:<\/span><\/i><\/p><p><i><span style=\"font-weight: 400;\">(&#8230;)<\/span><\/i><\/p><p><i><span style=\"font-weight: 400;\">XII &#8211; aprova\u00e7\u00e3o do processo de contrata\u00e7\u00e3o pela autoridade competente, com o encaminhamento do instrumento convocat\u00f3rio ou do aviso de dispensa eletr\u00f4nica para respectiva publica\u00e7\u00e3o e divulga\u00e7\u00e3o no Portal Nacional de Contrata\u00e7\u00f5es P\u00fablicas &#8211; PNCP.<\/span><\/i><\/p><p><span style=\"font-weight: 400;\">Ap\u00f3s o processo de contrata\u00e7\u00e3o percorrer todas as etapas da Fase Preparat\u00f3ria, inclusive contar com parecer favor\u00e1vel do \u00f3rg\u00e3o de assessoramento jur\u00eddico, caber\u00e1 \u00e0 autoridade competente a aprova\u00e7\u00e3o final de seus documentos e, em especial, do edital, se for o caso.\u00a0<\/span><\/p><p><span style=\"font-weight: 400;\">Observa-se ainda, a necessidade de promover o encaminhamento do instrumento convocat\u00f3rio ou o aviso de dispensa eletr\u00f4nica para a respectiva publica\u00e7\u00e3o, bem como a divulga\u00e7\u00e3o no Portal Nacional de Contrata\u00e7\u00f5es P\u00fablicas &#8211; PNCP.\u00a0\u00a0<\/span><\/p><p><span style=\"font-weight: 400;\">A autoridade competente para tais atos est\u00e1 definida no inciso III do art. 3\u00b0 do <a href=\"https:\/\/leisestaduais.com.br\/rj\/decreto-n-48817-2023-rio-de-janeiro-regulamenta-a-gestao-e-a-fiscalizacao-das-contratacoes-no-ambito-da-administracao-publica-estadual-direta-autarquica-e-fundacional-e-da-outras-providencias?q=48817&amp;origin=instituicao#\"><strong>Decreto 48.817\/23<\/strong><\/a>. <\/span><\/p><p><span style=\"font-weight: 400;\">Quanto aos atos que envolvem autoriza\u00e7\u00e3o de despesa dever\u00e1 ser observado o art. 82 da <\/span><a href=\"https:\/\/leisestaduais.com.br\/rj\/lei-ordinaria-n-287-1979-rio-de-janeiro-aprova-o-codigo-de-administracao-financeira-e-contabilidade-publica-do-estado-do-rio-de-janeiro-e-da-outras-providencias?q=287&amp;origin=instituicao#\"><b>Lei n\u00ba 287, de 04 de dezembro de 1979<\/b><\/a><span style=\"font-weight: 400;\">, o C\u00f3digo de Administra\u00e7\u00e3o Financeira e Contabilidade P\u00fablica do Estado do Rio de Janeiro:<\/span><\/p><p><i><span style=\"font-weight: 400;\">Art. 82 \u2013 S\u00e3o competentes para autorizar despesas, movimentar as cotas e transfer\u00eancias financeiras:<\/span><\/i><\/p><p><i><span style=\"font-weight: 400;\">I \u2013 o Governador;<\/span><\/i><\/p><p><i><span style=\"font-weight: 400;\">II \u2013 o Vice-Governador;<\/span><\/i><\/p><p><i><span style=\"font-weight: 400;\">III \u2013 as autoridades do Poder Judici\u00e1rio, indicadas por lei ou respectivo regimentos;<\/span><\/i><\/p><p><i><span style=\"font-weight: 400;\">IV \u2013 as autoridades do Poder Legislativo, indicadas no respectivo regimento;<\/span><\/i><\/p><p><i><span style=\"font-weight: 400;\">V \u2013 o Presidente do Tribunal de Contas;<\/span><\/i><\/p><p><i><span style=\"font-weight: 400;\">VI \u2013 o Presidente do Conselho de Contas dos Munic\u00edpios;<\/span><\/i><\/p><p><i><span style=\"font-weight: 400;\">VII \u2013 os Secret\u00e1rios de Estado;<\/span><\/i><\/p><p><i><span style=\"font-weight: 400;\">VIII \u2013 o Chefe do Gabinete Militar;<\/span><\/i><\/p><p><i><span style=\"font-weight: 400;\">IX \u2013 os titulares de autarquias, de empresas p\u00fablicas, de sociedades de economia mista e de funda\u00e7\u00f5es, de acordo com o estabelecido em lei, decreto ou estatuto.<\/span><\/i><\/p><p><i><span style=\"font-weight: 400;\">X \u2013 os Procuradores Gerais do Estado e da Justi\u00e7a e o Procurador Chefe do Minist\u00e9rio P\u00fablico Especial.<\/span><\/i><\/p><ul><li><i><span style=\"font-weight: 400;\"> 1\u00ba \u2013 A compet\u00eancia prevista neste artigo poder\u00e1 ser objeto de delega\u00e7\u00e3o a ordenadores de despesas, mediante ato normativo expresso, a ser comunicado ao Tribunal de Contas e \u00e0 Secretaria de Estado de Fazenda.<\/span><\/i><\/li><li><i><span style=\"font-weight: 400;\"> 2\u00ba \u2013 Os \u00f3rg\u00e3os de contabilidade inscrever\u00e3o como respons\u00e1veis todos os ordenadores de despesas, os quais s\u00f3 poder\u00e3o ser exonerados de responsabilidade ap\u00f3s julgadas regulares suas contas pelo Tribunal de Contas do Estado.<\/span><\/i><\/li><li><i><span style=\"font-weight: 400;\"> 3\u00ba \u2013 Para fins do disposto neste artigo, entende-se como ordenador de despesas toda e qualquer autoridade de cujos atos resultarem reconhecimento de d\u00edvida, emiss\u00e3o de empenho, autoriza\u00e7\u00e3o de pagamento, concess\u00e3o de adiantamento, suprimento de fundos ou disp\u00eandio de recursos do Estado ou pelos quais este responda.<\/span><\/i><\/li><\/ul><p><span style=\"font-weight: 400;\">\u00c9 importante que a autoridade competente ou o ordenador de despesas com delega\u00e7\u00e3o de compet\u00eancia observem o disposto no <\/span><a href=\"https:\/\/leisestaduais.com.br\/rj\/decreto-n-43057-2011-rio-de-janeiro-institui-o-codigo-de-conduta-da-alta-administracao-estadual-e-da-outras-providencias\"><b>Decreto n\u00ba 43.057, de 04 de julho de 2011<\/b><\/a><span style=\"font-weight: 400;\">, que institui o C\u00f3digo de Conduta da Alta Administra\u00e7\u00e3o Estadual, no que diz respeito a poss\u00edveis conflitos entre o interesse privado e as atribui\u00e7\u00f5es do agente p\u00fablico, sempre zelando pelos princ\u00edpios da legalidade, impessoalidade, publicidade, efici\u00eancia, moralidade e probidade.<\/span><\/p><p><span style=\"font-weight: 400;\">Cabe \u00e0 autoridade competente, ainda, atentar \u00e0 <\/span><a href=\"https:\/\/leisestaduais.com.br\/rj\/lei-ordinaria-n-5427-2009-rio-de-janeiro-estabelece-normas-sobre-atos-e-processos-administrativos-no-ambito-do-estado-do-rio-de-janeiro-e-da-outras-providencias?q=5.427&amp;origin=instituicao#\"><b>Lei n\u00ba 5.427, de 01 de abril de 2009<\/b><\/a><span style=\"font-weight: 400;\">, que estabelece normas sobre atos e processos administrativos no \u00e2mbito do Estado do Rio de Janeiro. Al\u00e9m de dispor a respeito da forma de atua\u00e7\u00e3o dos agentes p\u00fablicos nos processos administrativos, resguardando os direitos dos interessados e da Administra\u00e7\u00e3o, o normativo destaca a possibilidade de impedimentos e suspei\u00e7\u00e3o em seu Cap\u00edtulo VII:<\/span><\/p><p><i><span style=\"font-weight: 400;\">Art. 16. Pode ser arg\u00fcida a suspei\u00e7\u00e3o de autoridade ou agente que tenha amizade \u00edntima ou inimizade not\u00f3ria com algum dos interessados ou com os respectivos c\u00f4njuges, companheiros, parentes e afins at\u00e9 o terceiro grau.<\/span><\/i><\/p><p><i><span style=\"font-weight: 400;\">Art. 17. Fica impedido de atuar em processo administrativo o servidor ou autoridade que:<\/span><\/i><\/p><p><i><span style=\"font-weight: 400;\">I \u2013 tenha interesse direto ou indireto na mat\u00e9ria ou na solu\u00e7\u00e3o do processo;<\/span><\/i><\/p><p><i><span style=\"font-weight: 400;\">II \u2013 seja c\u00f4njuge, companheiro, parente ou afim at\u00e9 o terceiro grau de qualquer dos interessados;<\/span><\/i><\/p><p><i><span style=\"font-weight: 400;\">III \u2013 tenha dele participado ou dele venha a participar como perito, testemunha ou representante ou se tais situa\u00e7\u00f5es ocorrerem quanto a qualquer das pessoas indicadas no artigo anterior;<\/span><\/i><\/p><p><i><span style=\"font-weight: 400;\">IV \u2013 esteja litigando judicial ou administrativamente com o interessado ou com qualquer das pessoas indicadas no artigo anterior.<\/span><\/i><\/p><p><i><span style=\"font-weight: 400;\">Art. 18. A autoridade ou servidor que incorrer em impedimento tem o dever de comunicar o fato \u00e0 autoridade competente, abstendo-se de atuar.<\/span><\/i><\/p><p><i><span style=\"font-weight: 400;\">Par\u00e1grafo \u00fanico. A omiss\u00e3o no dever de comunicar o impedimento constitui falta grave, para efeitos disciplinares.<\/span><\/i><\/p><p><span style=\"font-weight: 400;\">Dever\u00e3o, ainda, constar do processo administrativo de contrata\u00e7\u00e3o o ato da autoridade competente designando a Comiss\u00e3o de Licita\u00e7\u00e3o ou o Pregoeiro e Equipe de Apoio, incluindo, neste caso, o comprovante de sua admiss\u00e3o na Rede de Pregoeiro do Estado do Rio de Janeiro \u2013 REDEPREG.<\/span><\/p>\t\t\t\t\t\t\t\t<\/div>\n\t\t\t\t<section class=\"elementor-section elementor-inner-section elementor-element elementor-element-60b1823 elementor-section-boxed elementor-section-height-default elementor-section-height-default\" data-id=\"60b1823\" data-element_type=\"section\" id=\"download\" data-settings=\"{&quot;jet_parallax_layout_list&quot;:[{&quot;jet_parallax_layout_image&quot;:{&quot;url&quot;:&quot;&quot;,&quot;id&quot;:&quot;&quot;,&quot;size&quot;:&quot;&quot;},&quot;_id&quot;:&quot;dd06bab&quot;,&quot;jet_parallax_layout_image_tablet&quot;:{&quot;url&quot;:&quot;&quot;,&quot;id&quot;:&quot;&quot;,&quot;size&quot;:&quot;&quot;},&quot;jet_parallax_layout_image_mobile&quot;:{&quot;url&quot;:&quot;&quot;,&quot;id&quot;:&quot;&quot;,&quot;size&quot;:&quot;&quot;},&quot;jet_parallax_layout_speed&quot;:{&quot;unit&quot;:&quot;%&quot;,&quot;size&quot;:50,&quot;sizes&quot;:[]},&quot;jet_parallax_layout_type&quot;:&quot;scroll&quot;,&quot;jet_parallax_layout_direction&quot;:&quot;1&quot;,&quot;jet_parallax_layout_fx_direction&quot;:null,&quot;jet_parallax_layout_z_index&quot;:&quot;&quot;,&quot;jet_parallax_layout_bg_x&quot;:50,&quot;jet_parallax_layout_bg_x_tablet&quot;:&quot;&quot;,&quot;jet_parallax_layout_bg_x_mobile&quot;:&quot;&quot;,&quot;jet_parallax_layout_bg_y&quot;:50,&quot;jet_parallax_layout_bg_y_tablet&quot;:&quot;&quot;,&quot;jet_parallax_layout_bg_y_mobile&quot;:&quot;&quot;,&quot;jet_parallax_layout_bg_size&quot;:&quot;auto&quot;,&quot;jet_parallax_layout_bg_size_tablet&quot;:&quot;&quot;,&quot;jet_parallax_layout_bg_size_mobile&quot;:&quot;&quot;,&quot;jet_parallax_layout_animation_prop&quot;:&quot;transform&quot;,&quot;jet_parallax_layout_on&quot;:[&quot;desktop&quot;,&quot;tablet&quot;]}]}\">\n\t\t\t\t\t\t<div class=\"elementor-container elementor-column-gap-default\">\n\t\t\t\t\t<div class=\"elementor-column elementor-col-100 elementor-inner-column elementor-element elementor-element-63d603b\" data-id=\"63d603b\" data-element_type=\"column\">\n\t\t\t<div class=\"elementor-widget-wrap elementor-element-populated\">\n\t\t\t\t\t\t<div class=\"elementor-element elementor-element-20596c8 elementor-widget-divider--view-line elementor-widget elementor-widget-divider\" data-id=\"20596c8\" data-element_type=\"widget\" data-widget_type=\"divider.default\">\n\t\t\t\t\t\t\t<div class=\"elementor-divider\">\n\t\t\t<span class=\"elementor-divider-separator\">\n\t\t\t\t\t\t<\/span>\n\t\t<\/div>\n\t\t\t\t\t\t<\/div>\n\t\t\t\t<div class=\"elementor-element elementor-element-bdb6d29 elementor-widget elementor-widget-heading\" data-id=\"bdb6d29\" data-element_type=\"widget\" data-widget_type=\"heading.default\">\n\t\t\t\t\t<h3 class=\"elementor-heading-title elementor-size-default\">Modelo de Despacho Decis\u00f3rio de Contrata\u00e7\u00e3o<\/h3>\t\t\t\t<\/div>\n\t\t\t\t<div class=\"elementor-element elementor-element-522b07c elementor-widget elementor-widget-image\" data-id=\"522b07c\" data-element_type=\"widget\" data-widget_type=\"image.default\">\n\t\t\t\t\t\t\t\t\t\t\t\t\t\t\t\t<a href=\"http:\/\/redelog.rj.gov.br\/redelog\/wp-content\/uploads\/2021\/10\/Modelo-Despacho-Contratacao.doc\" target=\"_blank\">\n\t\t\t\t\t\t\t<img decoding=\"async\" width=\"170\" height=\"170\" data-src=\"https:\/\/redelog.rj.gov.br\/redelog\/wp-content\/uploads\/2021\/10\/icone-wor.png\" class=\"attachment-medium size-medium wp-image-5928 lazyload\" alt=\"\" data-srcset=\"https:\/\/redelog.rj.gov.br\/redelog\/wp-content\/uploads\/2021\/10\/icone-wor.png 170w, https:\/\/redelog.rj.gov.br\/redelog\/wp-content\/uploads\/2021\/10\/icone-wor-150x150.png 150w\" data-sizes=\"(max-width: 170px) 100vw, 170px\" src=\"data:image\/svg+xml;base64,PHN2ZyB3aWR0aD0iMSIgaGVpZ2h0PSIxIiB4bWxucz0iaHR0cDovL3d3dy53My5vcmcvMjAwMC9zdmciPjwvc3ZnPg==\" style=\"--smush-placeholder-width: 170px; --smush-placeholder-aspect-ratio: 170\/170;\" \/>\t\t\t\t\t\t\t\t<\/a>\n\t\t\t\t\t\t\t\t\t\t\t\t\t\t\t<\/div>\n\t\t\t\t\t<\/div>\n\t\t<\/div>\n\t\t\t\t\t<\/div>\n\t\t<\/section>\n\t\t\t\t<div class=\"elementor-element elementor-element-df75346 elementor-widget-divider--view-line elementor-widget elementor-widget-divider\" data-id=\"df75346\" data-element_type=\"widget\" data-widget_type=\"divider.default\">\n\t\t\t\t\t\t\t<div class=\"elementor-divider\">\n\t\t\t<span class=\"elementor-divider-separator\">\n\t\t\t\t\t\t<\/span>\n\t\t<\/div>\n\t\t\t\t\t\t<\/div>\n\t\t\t\t\t<\/div>\n\t\t<\/div>\n\t\t\t\t\t<\/div>\n\t\t<\/section>\n\t\t\t\t<section class=\"elementor-section elementor-top-section elementor-element elementor-element-9bf137f elementor-section-boxed elementor-section-height-default elementor-section-height-default\" data-id=\"9bf137f\" data-element_type=\"section\" id=\"options\" data-settings=\"{&quot;jet_parallax_layout_list&quot;:[{&quot;jet_parallax_layout_image&quot;:{&quot;url&quot;:&quot;&quot;,&quot;id&quot;:&quot;&quot;,&quot;size&quot;:&quot;&quot;},&quot;_id&quot;:&quot;d3cdd8d&quot;,&quot;jet_parallax_layout_image_tablet&quot;:{&quot;url&quot;:&quot;&quot;,&quot;id&quot;:&quot;&quot;,&quot;size&quot;:&quot;&quot;},&quot;jet_parallax_layout_image_mobile&quot;:{&quot;url&quot;:&quot;&quot;,&quot;id&quot;:&quot;&quot;,&quot;size&quot;:&quot;&quot;},&quot;jet_parallax_layout_speed&quot;:{&quot;unit&quot;:&quot;%&quot;,&quot;size&quot;:50,&quot;sizes&quot;:[]},&quot;jet_parallax_layout_type&quot;:&quot;scroll&quot;,&quot;jet_parallax_layout_direction&quot;:&quot;1&quot;,&quot;jet_parallax_layout_fx_direction&quot;:null,&quot;jet_parallax_layout_z_index&quot;:&quot;&quot;,&quot;jet_parallax_layout_bg_x&quot;:50,&quot;jet_parallax_layout_bg_x_tablet&quot;:&quot;&quot;,&quot;jet_parallax_layout_bg_x_mobile&quot;:&quot;&quot;,&quot;jet_parallax_layout_bg_y&quot;:50,&quot;jet_parallax_layout_bg_y_tablet&quot;:&quot;&quot;,&quot;jet_parallax_layout_bg_y_mobile&quot;:&quot;&quot;,&quot;jet_parallax_layout_bg_size&quot;:&quot;auto&quot;,&quot;jet_parallax_layout_bg_size_tablet&quot;:&quot;&quot;,&quot;jet_parallax_layout_bg_size_mobile&quot;:&quot;&quot;,&quot;jet_parallax_layout_animation_prop&quot;:&quot;transform&quot;,&quot;jet_parallax_layout_on&quot;:[&quot;desktop&quot;,&quot;tablet&quot;]}]}\">\n\t\t\t\t\t\t<div class=\"elementor-container elementor-column-gap-default\">\n\t\t\t\t\t<div class=\"elementor-column elementor-col-100 elementor-top-column elementor-element elementor-element-acd1741\" data-id=\"acd1741\" data-element_type=\"column\">\n\t\t\t<div class=\"elementor-widget-wrap elementor-element-populated\">\n\t\t\t\t\t\t<div class=\"elementor-element elementor-element-6606464 elementor-widget elementor-widget-shortcode\" data-id=\"6606464\" data-element_type=\"widget\" data-widget_type=\"shortcode.default\">\n\t\t\t\t\t\t\t<div class=\"elementor-shortcode\"><div class='printomatic pom-default ' id='id5972' alt='Imprimir' title='Imprimir' data-print_target='#post-28062'><\/div> <div class='printomatictext' id='id5972' alt='Imprimir' title='Imprimir' data-print_target='#post-28062'>Imprimir<\/div><div style='clear: both;'><\/div><\/div>\n\t\t\t\t\t\t<\/div>\n\t\t\t\t\t<\/div>\n\t\t<\/div>\n\t\t\t\t\t<\/div>\n\t\t<\/section>\n\t\t\t\t<section class=\"elementor-section elementor-top-section elementor-element elementor-element-e236b41 elementor-section-boxed elementor-section-height-default elementor-section-height-default\" data-id=\"e236b41\" data-element_type=\"section\" data-settings=\"{&quot;jet_parallax_layout_list&quot;:[{&quot;jet_parallax_layout_image&quot;:{&quot;url&quot;:&quot;&quot;,&quot;id&quot;:&quot;&quot;,&quot;size&quot;:&quot;&quot;},&quot;_id&quot;:&quot;68d0395&quot;,&quot;jet_parallax_layout_image_tablet&quot;:{&quot;url&quot;:&quot;&quot;,&quot;id&quot;:&quot;&quot;,&quot;size&quot;:&quot;&quot;},&quot;jet_parallax_layout_image_mobile&quot;:{&quot;url&quot;:&quot;&quot;,&quot;id&quot;:&quot;&quot;,&quot;size&quot;:&quot;&quot;},&quot;jet_parallax_layout_speed&quot;:{&quot;unit&quot;:&quot;%&quot;,&quot;size&quot;:50,&quot;sizes&quot;:[]},&quot;jet_parallax_layout_type&quot;:&quot;scroll&quot;,&quot;jet_parallax_layout_direction&quot;:&quot;1&quot;,&quot;jet_parallax_layout_fx_direction&quot;:null,&quot;jet_parallax_layout_z_index&quot;:&quot;&quot;,&quot;jet_parallax_layout_bg_x&quot;:50,&quot;jet_parallax_layout_bg_x_tablet&quot;:&quot;&quot;,&quot;jet_parallax_layout_bg_x_mobile&quot;:&quot;&quot;,&quot;jet_parallax_layout_bg_y&quot;:50,&quot;jet_parallax_layout_bg_y_tablet&quot;:&quot;&quot;,&quot;jet_parallax_layout_bg_y_mobile&quot;:&quot;&quot;,&quot;jet_parallax_layout_bg_size&quot;:&quot;auto&quot;,&quot;jet_parallax_layout_bg_size_tablet&quot;:&quot;&quot;,&quot;jet_parallax_layout_bg_size_mobile&quot;:&quot;&quot;,&quot;jet_parallax_layout_animation_prop&quot;:&quot;transform&quot;,&quot;jet_parallax_layout_on&quot;:[&quot;desktop&quot;,&quot;tablet&quot;]}]}\">\n\t\t\t\t\t\t<div class=\"elementor-container elementor-column-gap-default\">\n\t\t\t\t\t<div class=\"elementor-column elementor-col-50 elementor-top-column elementor-element elementor-element-d1de68b\" data-id=\"d1de68b\" data-element_type=\"column\">\n\t\t\t<div class=\"elementor-widget-wrap elementor-element-populated\">\n\t\t\t\t\t\t<div class=\"elementor-element elementor-element-31f77a0 elementor-widget elementor-widget-text-editor\" data-id=\"31f77a0\" data-element_type=\"widget\" data-widget_type=\"text-editor.default\">\n\t\t\t\t\t\t\t\t\t<p><a href=\"https:\/\/redelog.rj.gov.br\/redelog\/parecer-juridico-2\/\"><strong>\u2190 Parecer Jur\u00eddico<\/strong><\/a><\/p>\t\t\t\t\t\t\t\t<\/div>\n\t\t\t\t\t<\/div>\n\t\t<\/div>\n\t\t\t\t<div class=\"elementor-column elementor-col-50 elementor-top-column elementor-element elementor-element-8018067\" data-id=\"8018067\" data-element_type=\"column\">\n\t\t\t<div class=\"elementor-widget-wrap elementor-element-populated\">\n\t\t\t\t\t\t<div class=\"elementor-element elementor-element-efec5b1 elementor-widget elementor-widget-text-editor\" data-id=\"efec5b1\" data-element_type=\"widget\" data-widget_type=\"text-editor.default\">\n\t\t\t\t\t\t\t\t\t<p><a href=\"https:\/\/redelog.rj.gov.br\/redelog\/sistema-de-registro-de-precos-2\/\"><strong>Siste<\/strong><strong>m<\/strong><strong>a de Registro de Pre\u00e7os \u2192<\/strong><\/a><\/p>\t\t\t\t\t\t\t\t<\/div>\n\t\t\t\t\t<\/div>\n\t\t<\/div>\n\t\t\t\t\t<\/div>\n\t\t<\/section>\n\t\t\t\t<\/div>\n\t\t","protected":false},"excerpt":{"rendered":"<p>A aprova\u00e7\u00e3o \u00e9 o ato desempenhado pela autoridade competente que, a partir de uma an\u00e1lise de toda a documenta\u00e7\u00e3o processual, autoriza o prosseguimento da contrata\u00e7\u00e3o. \u00a0 Ela representa a \u00faltima etapa da Fase Preparat\u00f3ria do procedimento administrativo, tal como disposto no inciso XII, art. 5\u00ba, do Decreto n\u00ba 48.816\/23, da seguinte forma: Art. 5\u00ba S\u00e3o [&hellip;]<\/p>\n","protected":false},"author":25,"featured_media":0,"comment_status":"closed","ping_status":"open","sticky":false,"template":"","format":"standard","meta":{"_joinchat":[],"footnotes":""},"categories":[28],"tags":[],"class_list":["post-28062","post","type-post","status-publish","format-standard","hentry","category-cat-fase-preparatoria"],"yoast_head":"<!-- This site is optimized with the Yoast SEO plugin v25.7 - https:\/\/yoast.com\/wordpress\/plugins\/seo\/ -->\n<title>APROVA\u00c7\u00c3O - Redelog<\/title>\n<meta name=\"robots\" content=\"index, follow, max-snippet:-1, max-image-preview:large, max-video-preview:-1\" \/>\n<link rel=\"canonical\" href=\"https:\/\/redelog.rj.gov.br\/redelog\/aprovacao-2\/\" \/>\n<meta property=\"og:locale\" content=\"pt_BR\" \/>\n<meta property=\"og:type\" content=\"article\" \/>\n<meta property=\"og:title\" content=\"APROVA\u00c7\u00c3O - Redelog\" \/>\n<meta property=\"og:description\" content=\"A aprova\u00e7\u00e3o \u00e9 o ato desempenhado pela autoridade competente que, a partir de uma an\u00e1lise de toda a documenta\u00e7\u00e3o processual, autoriza o prosseguimento da contrata\u00e7\u00e3o. \u00a0 Ela representa a \u00faltima etapa da Fase Preparat\u00f3ria do procedimento administrativo, tal como disposto no inciso XII, art. 5\u00ba, do Decreto n\u00ba 48.816\/23, da seguinte forma: Art. 5\u00ba S\u00e3o [&hellip;]\" \/>\n<meta property=\"og:url\" content=\"https:\/\/redelog.rj.gov.br\/redelog\/aprovacao-2\/\" \/>\n<meta property=\"og:site_name\" content=\"Redelog\" \/>\n<meta property=\"article:published_time\" content=\"2024-02-20T12:49:05+00:00\" \/>\n<meta property=\"article:modified_time\" content=\"2024-04-17T18:28:24+00:00\" \/>\n<meta property=\"og:image\" content=\"https:\/\/www.redelog.rj.gov.br\/redelog\/wp-content\/uploads\/2021\/10\/check.jpg\" \/>\n<meta name=\"author\" content=\"Luisa Maravilhas de Carvalho\" \/>\n<meta name=\"twitter:card\" content=\"summary_large_image\" \/>\n<meta name=\"twitter:label1\" content=\"Escrito por\" \/>\n\t<meta name=\"twitter:data1\" content=\"Luisa Maravilhas de Carvalho\" \/>\n\t<meta name=\"twitter:label2\" content=\"Est. tempo de leitura\" \/>\n\t<meta name=\"twitter:data2\" content=\"5 minutos\" \/>\n<script type=\"application\/ld+json\" class=\"yoast-schema-graph\">{\"@context\":\"https:\/\/schema.org\",\"@graph\":[{\"@type\":\"Article\",\"@id\":\"https:\/\/redelog.rj.gov.br\/redelog\/aprovacao-2\/#article\",\"isPartOf\":{\"@id\":\"https:\/\/redelog.rj.gov.br\/redelog\/aprovacao-2\/\"},\"author\":{\"name\":\"Luisa Maravilhas de Carvalho\",\"@id\":\"https:\/\/redelog.rj.gov.br\/redelog\/#\/schema\/person\/dd6a5779d3028a21ef65c6e4af7c1edb\"},\"headline\":\"APROVA\u00c7\u00c3O\",\"datePublished\":\"2024-02-20T12:49:05+00:00\",\"dateModified\":\"2024-04-17T18:28:24+00:00\",\"mainEntityOfPage\":{\"@id\":\"https:\/\/redelog.rj.gov.br\/redelog\/aprovacao-2\/\"},\"wordCount\":881,\"publisher\":{\"@id\":\"https:\/\/redelog.rj.gov.br\/redelog\/#organization\"},\"image\":{\"@id\":\"https:\/\/redelog.rj.gov.br\/redelog\/aprovacao-2\/#primaryimage\"},\"thumbnailUrl\":\"https:\/\/www.redelog.rj.gov.br\/redelog\/wp-content\/uploads\/2021\/10\/check.jpg\",\"articleSection\":[\"Fase Preparat\u00f3ria\"],\"inLanguage\":\"pt-BR\"},{\"@type\":\"WebPage\",\"@id\":\"https:\/\/redelog.rj.gov.br\/redelog\/aprovacao-2\/\",\"url\":\"https:\/\/redelog.rj.gov.br\/redelog\/aprovacao-2\/\",\"name\":\"APROVA\u00c7\u00c3O - Redelog\",\"isPartOf\":{\"@id\":\"https:\/\/redelog.rj.gov.br\/redelog\/#website\"},\"primaryImageOfPage\":{\"@id\":\"https:\/\/redelog.rj.gov.br\/redelog\/aprovacao-2\/#primaryimage\"},\"image\":{\"@id\":\"https:\/\/redelog.rj.gov.br\/redelog\/aprovacao-2\/#primaryimage\"},\"thumbnailUrl\":\"https:\/\/www.redelog.rj.gov.br\/redelog\/wp-content\/uploads\/2021\/10\/check.jpg\",\"datePublished\":\"2024-02-20T12:49:05+00:00\",\"dateModified\":\"2024-04-17T18:28:24+00:00\",\"breadcrumb\":{\"@id\":\"https:\/\/redelog.rj.gov.br\/redelog\/aprovacao-2\/#breadcrumb\"},\"inLanguage\":\"pt-BR\",\"potentialAction\":[{\"@type\":\"ReadAction\",\"target\":[\"https:\/\/redelog.rj.gov.br\/redelog\/aprovacao-2\/\"]}]},{\"@type\":\"ImageObject\",\"inLanguage\":\"pt-BR\",\"@id\":\"https:\/\/redelog.rj.gov.br\/redelog\/aprovacao-2\/#primaryimage\",\"url\":\"https:\/\/www.redelog.rj.gov.br\/redelog\/wp-content\/uploads\/2021\/10\/check.jpg\",\"contentUrl\":\"https:\/\/www.redelog.rj.gov.br\/redelog\/wp-content\/uploads\/2021\/10\/check.jpg\"},{\"@type\":\"BreadcrumbList\",\"@id\":\"https:\/\/redelog.rj.gov.br\/redelog\/aprovacao-2\/#breadcrumb\",\"itemListElement\":[{\"@type\":\"ListItem\",\"position\":1,\"name\":\"Home\",\"item\":\"https:\/\/redelog.rj.gov.br\/redelog\/\"},{\"@type\":\"ListItem\",\"position\":2,\"name\":\"APROVA\u00c7\u00c3O\"}]},{\"@type\":\"WebSite\",\"@id\":\"https:\/\/redelog.rj.gov.br\/redelog\/#website\",\"url\":\"https:\/\/redelog.rj.gov.br\/redelog\/\",\"name\":\"Redelog\",\"description\":\"Site da Rede de Log\u00edstica e Planejamento do Estado do Rio de Janeiro\",\"publisher\":{\"@id\":\"https:\/\/redelog.rj.gov.br\/redelog\/#organization\"},\"potentialAction\":[{\"@type\":\"SearchAction\",\"target\":{\"@type\":\"EntryPoint\",\"urlTemplate\":\"https:\/\/redelog.rj.gov.br\/redelog\/?s={search_term_string}\"},\"query-input\":{\"@type\":\"PropertyValueSpecification\",\"valueRequired\":true,\"valueName\":\"search_term_string\"}}],\"inLanguage\":\"pt-BR\"},{\"@type\":\"Organization\",\"@id\":\"https:\/\/redelog.rj.gov.br\/redelog\/#organization\",\"name\":\"REDELOG\",\"url\":\"https:\/\/redelog.rj.gov.br\/redelog\/\",\"logo\":{\"@type\":\"ImageObject\",\"inLanguage\":\"pt-BR\",\"@id\":\"https:\/\/redelog.rj.gov.br\/redelog\/#\/schema\/logo\/image\/\",\"url\":\"http:\/\/10.10.8.100:8888\/redelog\/wp-content\/uploads\/2019\/09\/Redelog2.png\",\"contentUrl\":\"http:\/\/10.10.8.100:8888\/redelog\/wp-content\/uploads\/2019\/09\/Redelog2.png\",\"width\":565,\"height\":155,\"caption\":\"REDELOG\"},\"image\":{\"@id\":\"https:\/\/redelog.rj.gov.br\/redelog\/#\/schema\/logo\/image\/\"}},{\"@type\":\"Person\",\"@id\":\"https:\/\/redelog.rj.gov.br\/redelog\/#\/schema\/person\/dd6a5779d3028a21ef65c6e4af7c1edb\",\"name\":\"Luisa Maravilhas de Carvalho\",\"image\":{\"@type\":\"ImageObject\",\"inLanguage\":\"pt-BR\",\"@id\":\"https:\/\/redelog.rj.gov.br\/redelog\/#\/schema\/person\/image\/\",\"url\":\"https:\/\/secure.gravatar.com\/avatar\/42eea343007bb4bb43265a1df0b9eebe3b0ff8ee578355b2f834803cdddc604a?s=96&d=mm&r=g\",\"contentUrl\":\"https:\/\/secure.gravatar.com\/avatar\/42eea343007bb4bb43265a1df0b9eebe3b0ff8ee578355b2f834803cdddc604a?s=96&d=mm&r=g\",\"caption\":\"Luisa Maravilhas de Carvalho\"},\"url\":\"https:\/\/redelog.rj.gov.br\/redelog\/author\/luisa-carvalho\/\"}]}<\/script>\n<!-- \/ Yoast SEO plugin. -->","yoast_head_json":{"title":"APROVA\u00c7\u00c3O - Redelog","robots":{"index":"index","follow":"follow","max-snippet":"max-snippet:-1","max-image-preview":"max-image-preview:large","max-video-preview":"max-video-preview:-1"},"canonical":"https:\/\/redelog.rj.gov.br\/redelog\/aprovacao-2\/","og_locale":"pt_BR","og_type":"article","og_title":"APROVA\u00c7\u00c3O - Redelog","og_description":"A aprova\u00e7\u00e3o \u00e9 o ato desempenhado pela autoridade competente que, a partir de uma an\u00e1lise de toda a documenta\u00e7\u00e3o processual, autoriza o prosseguimento da contrata\u00e7\u00e3o. \u00a0 Ela representa a \u00faltima etapa da Fase Preparat\u00f3ria do procedimento administrativo, tal como disposto no inciso XII, art. 5\u00ba, do Decreto n\u00ba 48.816\/23, da seguinte forma: Art. 5\u00ba S\u00e3o [&hellip;]","og_url":"https:\/\/redelog.rj.gov.br\/redelog\/aprovacao-2\/","og_site_name":"Redelog","article_published_time":"2024-02-20T12:49:05+00:00","article_modified_time":"2024-04-17T18:28:24+00:00","og_image":[{"url":"https:\/\/www.redelog.rj.gov.br\/redelog\/wp-content\/uploads\/2021\/10\/check.jpg","type":"","width":"","height":""}],"author":"Luisa Maravilhas de Carvalho","twitter_card":"summary_large_image","twitter_misc":{"Escrito por":"Luisa Maravilhas de Carvalho","Est. tempo de leitura":"5 minutos"},"schema":{"@context":"https:\/\/schema.org","@graph":[{"@type":"Article","@id":"https:\/\/redelog.rj.gov.br\/redelog\/aprovacao-2\/#article","isPartOf":{"@id":"https:\/\/redelog.rj.gov.br\/redelog\/aprovacao-2\/"},"author":{"name":"Luisa Maravilhas de Carvalho","@id":"https:\/\/redelog.rj.gov.br\/redelog\/#\/schema\/person\/dd6a5779d3028a21ef65c6e4af7c1edb"},"headline":"APROVA\u00c7\u00c3O","datePublished":"2024-02-20T12:49:05+00:00","dateModified":"2024-04-17T18:28:24+00:00","mainEntityOfPage":{"@id":"https:\/\/redelog.rj.gov.br\/redelog\/aprovacao-2\/"},"wordCount":881,"publisher":{"@id":"https:\/\/redelog.rj.gov.br\/redelog\/#organization"},"image":{"@id":"https:\/\/redelog.rj.gov.br\/redelog\/aprovacao-2\/#primaryimage"},"thumbnailUrl":"https:\/\/www.redelog.rj.gov.br\/redelog\/wp-content\/uploads\/2021\/10\/check.jpg","articleSection":["Fase Preparat\u00f3ria"],"inLanguage":"pt-BR"},{"@type":"WebPage","@id":"https:\/\/redelog.rj.gov.br\/redelog\/aprovacao-2\/","url":"https:\/\/redelog.rj.gov.br\/redelog\/aprovacao-2\/","name":"APROVA\u00c7\u00c3O - Redelog","isPartOf":{"@id":"https:\/\/redelog.rj.gov.br\/redelog\/#website"},"primaryImageOfPage":{"@id":"https:\/\/redelog.rj.gov.br\/redelog\/aprovacao-2\/#primaryimage"},"image":{"@id":"https:\/\/redelog.rj.gov.br\/redelog\/aprovacao-2\/#primaryimage"},"thumbnailUrl":"https:\/\/www.redelog.rj.gov.br\/redelog\/wp-content\/uploads\/2021\/10\/check.jpg","datePublished":"2024-02-20T12:49:05+00:00","dateModified":"2024-04-17T18:28:24+00:00","breadcrumb":{"@id":"https:\/\/redelog.rj.gov.br\/redelog\/aprovacao-2\/#breadcrumb"},"inLanguage":"pt-BR","potentialAction":[{"@type":"ReadAction","target":["https:\/\/redelog.rj.gov.br\/redelog\/aprovacao-2\/"]}]},{"@type":"ImageObject","inLanguage":"pt-BR","@id":"https:\/\/redelog.rj.gov.br\/redelog\/aprovacao-2\/#primaryimage","url":"https:\/\/www.redelog.rj.gov.br\/redelog\/wp-content\/uploads\/2021\/10\/check.jpg","contentUrl":"https:\/\/www.redelog.rj.gov.br\/redelog\/wp-content\/uploads\/2021\/10\/check.jpg"},{"@type":"BreadcrumbList","@id":"https:\/\/redelog.rj.gov.br\/redelog\/aprovacao-2\/#breadcrumb","itemListElement":[{"@type":"ListItem","position":1,"name":"Home","item":"https:\/\/redelog.rj.gov.br\/redelog\/"},{"@type":"ListItem","position":2,"name":"APROVA\u00c7\u00c3O"}]},{"@type":"WebSite","@id":"https:\/\/redelog.rj.gov.br\/redelog\/#website","url":"https:\/\/redelog.rj.gov.br\/redelog\/","name":"Redelog","description":"Site da Rede de Log\u00edstica e Planejamento do Estado do Rio de Janeiro","publisher":{"@id":"https:\/\/redelog.rj.gov.br\/redelog\/#organization"},"potentialAction":[{"@type":"SearchAction","target":{"@type":"EntryPoint","urlTemplate":"https:\/\/redelog.rj.gov.br\/redelog\/?s={search_term_string}"},"query-input":{"@type":"PropertyValueSpecification","valueRequired":true,"valueName":"search_term_string"}}],"inLanguage":"pt-BR"},{"@type":"Organization","@id":"https:\/\/redelog.rj.gov.br\/redelog\/#organization","name":"REDELOG","url":"https:\/\/redelog.rj.gov.br\/redelog\/","logo":{"@type":"ImageObject","inLanguage":"pt-BR","@id":"https:\/\/redelog.rj.gov.br\/redelog\/#\/schema\/logo\/image\/","url":"http:\/\/10.10.8.100:8888\/redelog\/wp-content\/uploads\/2019\/09\/Redelog2.png","contentUrl":"http:\/\/10.10.8.100:8888\/redelog\/wp-content\/uploads\/2019\/09\/Redelog2.png","width":565,"height":155,"caption":"REDELOG"},"image":{"@id":"https:\/\/redelog.rj.gov.br\/redelog\/#\/schema\/logo\/image\/"}},{"@type":"Person","@id":"https:\/\/redelog.rj.gov.br\/redelog\/#\/schema\/person\/dd6a5779d3028a21ef65c6e4af7c1edb","name":"Luisa Maravilhas de Carvalho","image":{"@type":"ImageObject","inLanguage":"pt-BR","@id":"https:\/\/redelog.rj.gov.br\/redelog\/#\/schema\/person\/image\/","url":"https:\/\/secure.gravatar.com\/avatar\/42eea343007bb4bb43265a1df0b9eebe3b0ff8ee578355b2f834803cdddc604a?s=96&d=mm&r=g","contentUrl":"https:\/\/secure.gravatar.com\/avatar\/42eea343007bb4bb43265a1df0b9eebe3b0ff8ee578355b2f834803cdddc604a?s=96&d=mm&r=g","caption":"Luisa Maravilhas de Carvalho"},"url":"https:\/\/redelog.rj.gov.br\/redelog\/author\/luisa-carvalho\/"}]}},"_links":{"self":[{"href":"https:\/\/redelog.rj.gov.br\/redelog\/wp-json\/wp\/v2\/posts\/28062","targetHints":{"allow":["GET"]}}],"collection":[{"href":"https:\/\/redelog.rj.gov.br\/redelog\/wp-json\/wp\/v2\/posts"}],"about":[{"href":"https:\/\/redelog.rj.gov.br\/redelog\/wp-json\/wp\/v2\/types\/post"}],"author":[{"embeddable":true,"href":"https:\/\/redelog.rj.gov.br\/redelog\/wp-json\/wp\/v2\/users\/25"}],"replies":[{"embeddable":true,"href":"https:\/\/redelog.rj.gov.br\/redelog\/wp-json\/wp\/v2\/comments?post=28062"}],"version-history":[{"count":28,"href":"https:\/\/redelog.rj.gov.br\/redelog\/wp-json\/wp\/v2\/posts\/28062\/revisions"}],"predecessor-version":[{"id":29658,"href":"https:\/\/redelog.rj.gov.br\/redelog\/wp-json\/wp\/v2\/posts\/28062\/revisions\/29658"}],"wp:attachment":[{"href":"https:\/\/redelog.rj.gov.br\/redelog\/wp-json\/wp\/v2\/media?parent=28062"}],"wp:term":[{"taxonomy":"category","embeddable":true,"href":"https:\/\/redelog.rj.gov.br\/redelog\/wp-json\/wp\/v2\/categories?post=28062"},{"taxonomy":"post_tag","embeddable":true,"href":"https:\/\/redelog.rj.gov.br\/redelog\/wp-json\/wp\/v2\/tags?post=28062"}],"curies":[{"name":"wp","href":"https:\/\/api.w.org\/{rel}","templated":true}]}}