{"id":28026,"date":"2024-02-19T15:23:05","date_gmt":"2024-02-19T18:23:05","guid":{"rendered":"https:\/\/redelog.rj.gov.br\/redelog\/?p=28026"},"modified":"2024-02-19T15:54:40","modified_gmt":"2024-02-19T18:54:40","slug":"informe-no-004-2024-ata-de-registro-de-precos-de-agencia-de-viagens-n-001-2024-vigente","status":"publish","type":"post","link":"https:\/\/redelog.rj.gov.br\/redelog\/informe-no-004-2024-ata-de-registro-de-precos-de-agencia-de-viagens-n-001-2024-vigente\/","title":{"rendered":"INFORME N\u00ba 004\/2024 &#8211; ATA DE REGISTRO DE PRE\u00c7OS DE AG\u00caNCIA DE VIAGENS N\u00b0 001\/2024 VIGENTE!"},"content":{"rendered":"\t\t<div data-elementor-type=\"wp-post\" data-elementor-id=\"28026\" class=\"elementor elementor-28026\" data-elementor-post-type=\"post\">\n\t\t\t\t\t\t<section class=\"elementor-section elementor-top-section elementor-element elementor-element-6c3a1ab elementor-section-boxed elementor-section-height-default elementor-section-height-default\" data-id=\"6c3a1ab\" data-element_type=\"section\" data-settings=\"{&quot;jet_parallax_layout_list&quot;:[{&quot;jet_parallax_layout_image&quot;:{&quot;url&quot;:&quot;&quot;,&quot;id&quot;:&quot;&quot;,&quot;size&quot;:&quot;&quot;},&quot;_id&quot;:&quot;1ef5c32&quot;,&quot;jet_parallax_layout_image_tablet&quot;:{&quot;url&quot;:&quot;&quot;,&quot;id&quot;:&quot;&quot;,&quot;size&quot;:&quot;&quot;},&quot;jet_parallax_layout_image_mobile&quot;:{&quot;url&quot;:&quot;&quot;,&quot;id&quot;:&quot;&quot;,&quot;size&quot;:&quot;&quot;},&quot;jet_parallax_layout_speed&quot;:{&quot;unit&quot;:&quot;%&quot;,&quot;size&quot;:50,&quot;sizes&quot;:[]},&quot;jet_parallax_layout_type&quot;:&quot;scroll&quot;,&quot;jet_parallax_layout_direction&quot;:&quot;1&quot;,&quot;jet_parallax_layout_fx_direction&quot;:null,&quot;jet_parallax_layout_z_index&quot;:&quot;&quot;,&quot;jet_parallax_layout_bg_x&quot;:50,&quot;jet_parallax_layout_bg_x_tablet&quot;:&quot;&quot;,&quot;jet_parallax_layout_bg_x_mobile&quot;:&quot;&quot;,&quot;jet_parallax_layout_bg_y&quot;:50,&quot;jet_parallax_layout_bg_y_tablet&quot;:&quot;&quot;,&quot;jet_parallax_layout_bg_y_mobile&quot;:&quot;&quot;,&quot;jet_parallax_layout_bg_size&quot;:&quot;auto&quot;,&quot;jet_parallax_layout_bg_size_tablet&quot;:&quot;&quot;,&quot;jet_parallax_layout_bg_size_mobile&quot;:&quot;&quot;,&quot;jet_parallax_layout_animation_prop&quot;:&quot;transform&quot;,&quot;jet_parallax_layout_on&quot;:[&quot;desktop&quot;,&quot;tablet&quot;]}]}\">\n\t\t\t\t\t\t<div class=\"elementor-container elementor-column-gap-default\">\n\t\t\t\t\t<div class=\"elementor-column elementor-col-100 elementor-top-column elementor-element elementor-element-1c4e78d\" data-id=\"1c4e78d\" data-element_type=\"column\">\n\t\t\t<div class=\"elementor-widget-wrap elementor-element-populated\">\n\t\t\t\t\t\t<div class=\"elementor-element elementor-element-006a75b elementor-widget-divider--view-line elementor-widget elementor-widget-divider\" data-id=\"006a75b\" data-element_type=\"widget\" data-widget_type=\"divider.default\">\n\t\t\t\t\t\t\t<div class=\"elementor-divider\">\n\t\t\t<span class=\"elementor-divider-separator\">\n\t\t\t\t\t\t<\/span>\n\t\t<\/div>\n\t\t\t\t\t\t<\/div>\n\t\t\t\t<div class=\"elementor-element elementor-element-dea6164 elementor-widget elementor-widget-image\" data-id=\"dea6164\" data-element_type=\"widget\" data-widget_type=\"image.default\">\n\t\t\t\t\t\t\t\t\t\t\t\t\t\t\t<img fetchpriority=\"high\" decoding=\"async\" width=\"1202\" height=\"601\" src=\"https:\/\/redelog.rj.gov.br\/redelog\/wp-content\/uploads\/2024\/02\/WhatsApp-Image-2024-02-19-at-3.17.02-PM.jpeg\" class=\"attachment-1536x1536 size-1536x1536 wp-image-28031\" alt=\"\" srcset=\"https:\/\/redelog.rj.gov.br\/redelog\/wp-content\/uploads\/2024\/02\/WhatsApp-Image-2024-02-19-at-3.17.02-PM.jpeg 1202w, https:\/\/redelog.rj.gov.br\/redelog\/wp-content\/uploads\/2024\/02\/WhatsApp-Image-2024-02-19-at-3.17.02-PM-300x150.jpeg 300w, https:\/\/redelog.rj.gov.br\/redelog\/wp-content\/uploads\/2024\/02\/WhatsApp-Image-2024-02-19-at-3.17.02-PM-1024x512.jpeg 1024w, https:\/\/redelog.rj.gov.br\/redelog\/wp-content\/uploads\/2024\/02\/WhatsApp-Image-2024-02-19-at-3.17.02-PM-768x384.jpeg 768w, https:\/\/redelog.rj.gov.br\/redelog\/wp-content\/uploads\/2024\/02\/WhatsApp-Image-2024-02-19-at-3.17.02-PM-600x300.jpeg 600w\" sizes=\"(max-width: 1202px) 100vw, 1202px\" \/>\t\t\t\t\t\t\t\t\t\t\t\t\t\t\t<\/div>\n\t\t\t\t<div class=\"elementor-element elementor-element-5452eb8 elementor-widget elementor-widget-text-editor\" data-id=\"5452eb8\" data-element_type=\"widget\" data-widget_type=\"text-editor.default\">\n\t\t\t\t\t\t\t\t\t<h4>Aten\u00e7\u00e3o, servidor(a)!<\/h4><p>A <span style=\"text-decoration: underline;\"><strong>SEPLAG\/RJ<\/strong><\/span> informa que a Ata de Passagens A\u00e9reas <span style=\"text-decoration: underline; color: #ff0000;\">j\u00e1 est\u00e1 vigente<\/span>!!<\/p><p>Voc\u00ea, \u00d3rg\u00e3o\/Entidade Participante, j\u00e1 pode realizar sua contrata\u00e7\u00e3o, o que \u00e9 bem simples.<\/p><p>Lembrando que a contrata\u00e7\u00e3o foi realizada sob o rito da <a href=\"http:\/\/www.planalto.gov.br\/ccivil_03\/Leis\/L8666cons.htm\"><strong>Lei n\u00ba 8.666\/1993<\/strong><\/a>. Logo, dever\u00e3o ser observados os normativos e regulamenta\u00e7\u00f5es afetas \u00e0 citada Lei (<a href=\"https:\/\/leisestaduais.com.br\/rj\/decreto-n-46751-2019-rio-de-janeiro-regulamenta-o-sistema-de-registro-de-precos-previsto-no-art-15-da-lei-federal-no-8-666-de-21-de-junho-de-1993-e-da-outras-providencias?q=46.751&amp;origin=instituicao#\"><strong>Decreto n\u00ba 46.751\/2019<\/strong><\/a> &#8211; SRP; <a href=\"https:\/\/leisestaduais.com.br\/rj\/decreto-n-46642-2019-rio-de-janeiro-regulamenta-a-fase-preparatoria-das-contratacoes-no-ambito-do-estado-do-rio-de-janeiro?q=46.642&amp;origin=instituicao#\"><strong>Decreto n\u00ba 46.642\/2019<\/strong><\/a> &#8211; Fase Preparat\u00f3rio e <a href=\"https:\/\/intranet.mprj.mp.br\/documents\/10227\/14335586\/decreto_n_45.600_de_16_de_marco_de_2016.pdf\"><strong>Decreto n\u00ba 45.600\/2016<\/strong> <\/a>&#8211; Gest\u00e3o e Fiscaliza\u00e7\u00e3o dos Contratos).<\/p><p><strong>Fique atento!<\/strong> Foi desenvolvida uma nova solu\u00e7\u00e3o para essa contrata\u00e7\u00e3o e a Ata traz diversas novidades que ser\u00e3o apresentadas aos \u00d3rg\u00e3os e Entidades Participantes e Aderentes.<\/p><p>\u00a0<\/p><h3 style=\"text-align: center;\"><span style=\"color: #ff0000;\"><strong><span style=\"text-decoration: underline;\">SAVE THE DATE:<\/span> 05\/03\/2024!<\/strong><\/span><\/h3><p>\u00a0<\/p><p>Se voc\u00ea \u00e9 PARTICIPANTE (preencheu o PLS n\u00ba 1034\/2023), siga as instru\u00e7\u00f5es do art. 33, do <a href=\"https:\/\/leisestaduais.com.br\/rj\/decreto-n-46642-2019-rio-de-janeiro-regulamenta-a-fase-preparatoria-das-contratacoes-no-ambito-do-estado-do-rio-de-janeiro?q=46.642&amp;origin=instituicao#\"><strong>Decreto n\u00ba 46.642\/2019<\/strong><\/a>, para instruir o seu processo de contrata\u00e7\u00e3o. E para facilitar, segue abaixo os documentos que integram este Registro de Pre\u00e7os:<\/p><ul><li><a href=\"https:\/\/www.redelog.rj.gov.br\/redelog\/wp-content\/uploads\/2024\/02\/Termo-de-Referencia-de-Material-Servico-63374522.pdf\" target=\"_blank\" rel=\"noopener\"><b>Termo de Refer\u00eancia de Material\/Servi\u00e7o;<\/b><\/a><br \/><b><\/b><\/li><li><a href=\"https:\/\/www.redelog.rj.gov.br\/redelog\/wp-content\/uploads\/2024\/02\/Anexo-1.1.-Apendice-1.-Modelo-de-Gestao-e-Fiscalizacao-63374296.pdf?_gl=1*1wdhlb5*_ga*MTcxMzU3NTYwOC4xNjkwNDY3OTk3*_ga_LH65GVBR1N*MTcwODM2MzI2Ni4xNzQuMS4xNzA4MzY3Mjk0LjAuMC4w\" target=\"_blank\" rel=\"noopener\"><b>Anexo 1.1. Ap\u00eandice 1. Modelo de Gest\u00e3o e Fiscaliza\u00e7\u00e3o;<\/b><\/a><b><br \/><\/b><b><\/b><\/li><li><a href=\"https:\/\/www.redelog.rj.gov.br\/redelog\/wp-content\/uploads\/2024\/02\/Anexo-1.2-a-1.5-Apendices-1.2.-a-1.5.-Termos-do-Modelo-de-Gestao-63375018.pdf?_gl=1*1wdhlb5*_ga*MTcxMzU3NTYwOC4xNjkwNDY3OTk3*_ga_LH65GVBR1N*MTcwODM2MzI2Ni4xNzQuMS4xNzA4MzY3Mjk0LjAuMC4w\" target=\"_blank\" rel=\"noopener\"><b>Anexo 1.2 a 1.5 Ap\u00eandices 1.2. a 1.5. &#8211; Termos do Modelo de Gest\u00e3o ;<\/b><\/a><br \/><b><\/b><\/li><li><b><a href=\"https:\/\/www.redelog.rj.gov.br\/redelog\/wp-content\/uploads\/2024\/02\/Anexo-Anexo-A-Saneamento-da-Pesquisa-de-Precos-61896695.pdf\" target=\"_blank\" rel=\"noopener\">Saneamento da Pesquisa de Pre\u00e7os;<\/a><\/b><br \/><b><\/b><\/li><li><a href=\"https:\/\/www.redelog.rj.gov.br\/redelog\/wp-content\/uploads\/2024\/02\/RELATORIO-ANALITICO-DE-PESQUISA-DE-PRECOS-61860856.pdf\" target=\"_blank\" rel=\"noopener\"><b>Relat\u00f3rio Anal\u00edtico de Pesquisa de Pre\u00e7os;<\/b><\/a><\/li><li><strong><a href=\"https:\/\/www.redelog.rj.gov.br\/redelog\/wp-content\/uploads\/2024\/02\/Parecer-No.-21.2023-SEPLAG-ASSJUR-MSB-ITL.pdf\" target=\"_blank\" rel=\"noopener\">Parecer N\u00ba. 21\/2023 SEPLAG\/ASSJUR &#8211; MSB\/ITL;<br \/><\/a><\/strong><\/li><li><strong><a href=\"https:\/\/www.redelog.rj.gov.br\/redelog\/wp-content\/uploads\/2024\/02\/EDITAL-DE-PREGAO-ELETRONICO-PARA-REGISTRO-DE-PRECOS-No-PERP-02.23-63889593.pdf\" target=\"_blank\" rel=\"noopener\">Edital PE SRP\/SEPLAG n\u00ba 2\/23;<\/a><\/strong><\/li><li><a href=\"https:\/\/www.redelog.rj.gov.br\/redelog\/wp-content\/uploads\/2024\/02\/Ato-de-Homologacao-de-Licitacao-68048331.pdf\"><strong>Ato de Homologa\u00e7\u00e3o de Licita\u00e7\u00e3o;<\/strong><\/a><\/li><li><a href=\"https:\/\/www.redelog.rj.gov.br\/redelog\/wp-content\/uploads\/2024\/02\/Publicacao-Homologacao-PERP-02.2023-68297751.pdf\"><strong>Publica\u00e7\u00e3o Homologa\u00e7\u00e3o PERP 02\/2023;<\/strong><\/a><\/li><li><a href=\"https:\/\/www.redelog.rj.gov.br\/redelog\/wp-content\/uploads\/2024\/02\/Ata-de-Registro-de-Precos-no-001.2024-68327413.pdf\"><strong>Ata de Registro de Pre\u00e7os n\u00ba 001\/2024<\/strong><\/a>; e<\/li><li><a href=\"https:\/\/www.redelog.rj.gov.br\/redelog\/wp-content\/uploads\/2024\/02\/Publicacao-Extrato-Ata-de-Registro-de-Precos-01.2024-68613684.pdf\"><strong>Publica\u00e7\u00e3o Extrato Ata de Registro de Pre\u00e7os 01\/2024.<\/strong><\/a><\/li><\/ul><p>\ud83e\udd1dDessa forma, trabalhando juntos, teremos uma contrata\u00e7\u00e3o com maior qualidade na entrega.<\/p><p>\ud83d\udcf2 Em caso d\u00favidas, entre em contato com os seguintes canais:<br \/>E-mail: <strong><a href=\"http:\/\/gest\u00e3odeatas@planejamento.rj.gov.br\">gest\u00e3odeatas@planejamento.rj.gov.br<\/a><\/strong><br \/>Gestora da Ata: Maria Eduarda Battaglia Pedreira Fernandes<br \/>WhatsApp: <strong><a href=\"https:\/\/abrir.link\/rXiwq\">https:\/\/abrir.link\/rXiwq<\/a><\/strong><br \/>Telefone: 21 2333-7013<\/p>\t\t\t\t\t\t\t\t<\/div>\n\t\t\t\t<div class=\"elementor-element elementor-element-cce8883 elementor-widget-divider--view-line elementor-widget elementor-widget-divider\" data-id=\"cce8883\" data-element_type=\"widget\" data-widget_type=\"divider.default\">\n\t\t\t\t\t\t\t<div class=\"elementor-divider\">\n\t\t\t<span class=\"elementor-divider-separator\">\n\t\t\t\t\t\t<\/span>\n\t\t<\/div>\n\t\t\t\t\t\t<\/div>\n\t\t\t\t\t<\/div>\n\t\t<\/div>\n\t\t\t\t\t<\/div>\n\t\t<\/section>\n\t\t\t\t<section class=\"elementor-section elementor-top-section elementor-element elementor-element-8399409 elementor-section-boxed elementor-section-height-default elementor-section-height-default\" data-id=\"8399409\" data-element_type=\"section\" data-settings=\"{&quot;jet_parallax_layout_list&quot;:[{&quot;jet_parallax_layout_image&quot;:{&quot;url&quot;:&quot;&quot;,&quot;id&quot;:&quot;&quot;,&quot;size&quot;:&quot;&quot;},&quot;_id&quot;:&quot;8c16c45&quot;,&quot;jet_parallax_layout_image_tablet&quot;:{&quot;url&quot;:&quot;&quot;,&quot;id&quot;:&quot;&quot;,&quot;size&quot;:&quot;&quot;},&quot;jet_parallax_layout_image_mobile&quot;:{&quot;url&quot;:&quot;&quot;,&quot;id&quot;:&quot;&quot;,&quot;size&quot;:&quot;&quot;},&quot;jet_parallax_layout_speed&quot;:{&quot;unit&quot;:&quot;%&quot;,&quot;size&quot;:50,&quot;sizes&quot;:[]},&quot;jet_parallax_layout_type&quot;:&quot;scroll&quot;,&quot;jet_parallax_layout_direction&quot;:&quot;1&quot;,&quot;jet_parallax_layout_fx_direction&quot;:null,&quot;jet_parallax_layout_z_index&quot;:&quot;&quot;,&quot;jet_parallax_layout_bg_x&quot;:50,&quot;jet_parallax_layout_bg_x_tablet&quot;:&quot;&quot;,&quot;jet_parallax_layout_bg_x_mobile&quot;:&quot;&quot;,&quot;jet_parallax_layout_bg_y&quot;:50,&quot;jet_parallax_layout_bg_y_tablet&quot;:&quot;&quot;,&quot;jet_parallax_layout_bg_y_mobile&quot;:&quot;&quot;,&quot;jet_parallax_layout_bg_size&quot;:&quot;auto&quot;,&quot;jet_parallax_layout_bg_size_tablet&quot;:&quot;&quot;,&quot;jet_parallax_layout_bg_size_mobile&quot;:&quot;&quot;,&quot;jet_parallax_layout_animation_prop&quot;:&quot;transform&quot;,&quot;jet_parallax_layout_on&quot;:[&quot;desktop&quot;,&quot;tablet&quot;]}]}\">\n\t\t\t\t\t\t<div class=\"elementor-container elementor-column-gap-default\">\n\t\t\t\t\t<div class=\"elementor-column elementor-col-100 elementor-top-column elementor-element elementor-element-c73c239\" data-id=\"c73c239\" data-element_type=\"column\">\n\t\t\t<div class=\"elementor-widget-wrap elementor-element-populated\">\n\t\t\t\t\t\t<div class=\"elementor-element elementor-element-e9053d9 elementor-widget elementor-widget-shortcode\" data-id=\"e9053d9\" data-element_type=\"widget\" data-widget_type=\"shortcode.default\">\n\t\t\t\t\t\t\t<div class=\"elementor-shortcode\"><div class='printomatic pom-default ' id='id125' alt='Imprimir' title='Imprimir' data-print_target='article'><\/div> <div class='printomatictext' id='id125' alt='Imprimir' title='Imprimir' data-print_target='article'>Imprimir<\/div><div style='clear: both;'><\/div><\/div>\n\t\t\t\t\t\t<\/div>\n\t\t\t\t\t<\/div>\n\t\t<\/div>\n\t\t\t\t\t<\/div>\n\t\t<\/section>\n\t\t\t\t<\/div>\n\t\t","protected":false},"excerpt":{"rendered":"<p>Aten\u00e7\u00e3o, servidor(a)! A SEPLAG\/RJ informa que a Ata de Passagens A\u00e9reas j\u00e1 est\u00e1 vigente!! Voc\u00ea, \u00d3rg\u00e3o\/Entidade Participante, j\u00e1 pode realizar sua contrata\u00e7\u00e3o, o que \u00e9 bem simples. Lembrando que a contrata\u00e7\u00e3o foi realizada sob o rito da Lei n\u00ba 8.666\/1993. Logo, dever\u00e3o ser observados os normativos e regulamenta\u00e7\u00f5es afetas \u00e0 citada Lei (Decreto n\u00ba 46.751\/2019 [&hellip;]<\/p>\n","protected":false},"author":25,"featured_media":0,"comment_status":"closed","ping_status":"open","sticky":false,"template":"","format":"standard","meta":{"_joinchat":[],"footnotes":""},"categories":[25,34,33,38],"tags":[],"class_list":["post-28026","post","type-post","status-publish","format-standard","hentry","category-cat-capacitacao","category-cat-cursos-abertos","category-cat-cursos-internos","category-cat-informes"],"yoast_head":"<!-- This site is optimized with the Yoast SEO plugin v25.7 - https:\/\/yoast.com\/wordpress\/plugins\/seo\/ -->\n<title>INFORME N\u00ba 004\/2024 - ATA DE REGISTRO DE PRE\u00c7OS DE AG\u00caNCIA DE VIAGENS N\u00b0 001\/2024 VIGENTE! - Redelog<\/title>\n<meta name=\"robots\" content=\"index, follow, max-snippet:-1, max-image-preview:large, max-video-preview:-1\" \/>\n<link rel=\"canonical\" href=\"https:\/\/redelog.rj.gov.br\/redelog\/informe-no-004-2024-ata-de-registro-de-precos-de-agencia-de-viagens-n-001-2024-vigente\/\" \/>\n<meta property=\"og:locale\" content=\"pt_BR\" \/>\n<meta property=\"og:type\" content=\"article\" \/>\n<meta property=\"og:title\" content=\"INFORME N\u00ba 004\/2024 - ATA DE REGISTRO DE PRE\u00c7OS DE AG\u00caNCIA DE VIAGENS N\u00b0 001\/2024 VIGENTE! - Redelog\" \/>\n<meta property=\"og:description\" content=\"Aten\u00e7\u00e3o, servidor(a)! A SEPLAG\/RJ informa que a Ata de Passagens A\u00e9reas j\u00e1 est\u00e1 vigente!! Voc\u00ea, \u00d3rg\u00e3o\/Entidade Participante, j\u00e1 pode realizar sua contrata\u00e7\u00e3o, o que \u00e9 bem simples. Lembrando que a contrata\u00e7\u00e3o foi realizada sob o rito da Lei n\u00ba 8.666\/1993. Logo, dever\u00e3o ser observados os normativos e regulamenta\u00e7\u00f5es afetas \u00e0 citada Lei (Decreto n\u00ba 46.751\/2019 [&hellip;]\" \/>\n<meta property=\"og:url\" content=\"https:\/\/redelog.rj.gov.br\/redelog\/informe-no-004-2024-ata-de-registro-de-precos-de-agencia-de-viagens-n-001-2024-vigente\/\" \/>\n<meta property=\"og:site_name\" content=\"Redelog\" \/>\n<meta property=\"article:published_time\" content=\"2024-02-19T18:23:05+00:00\" \/>\n<meta property=\"article:modified_time\" content=\"2024-02-19T18:54:40+00:00\" \/>\n<meta property=\"og:image\" content=\"https:\/\/www.redelog.rj.gov.br\/redelog\/wp-content\/uploads\/2024\/02\/WhatsApp-Image-2024-02-19-at-3.17.02-PM.jpeg\" \/>\n<meta name=\"author\" content=\"Luisa Maravilhas de Carvalho\" \/>\n<meta name=\"twitter:card\" content=\"summary_large_image\" \/>\n<meta name=\"twitter:label1\" content=\"Escrito por\" \/>\n\t<meta name=\"twitter:data1\" content=\"Luisa Maravilhas de Carvalho\" \/>\n\t<meta name=\"twitter:label2\" content=\"Est. tempo de leitura\" \/>\n\t<meta name=\"twitter:data2\" content=\"2 minutos\" \/>\n<script type=\"application\/ld+json\" class=\"yoast-schema-graph\">{\"@context\":\"https:\/\/schema.org\",\"@graph\":[{\"@type\":\"Article\",\"@id\":\"https:\/\/redelog.rj.gov.br\/redelog\/informe-no-004-2024-ata-de-registro-de-precos-de-agencia-de-viagens-n-001-2024-vigente\/#article\",\"isPartOf\":{\"@id\":\"https:\/\/redelog.rj.gov.br\/redelog\/informe-no-004-2024-ata-de-registro-de-precos-de-agencia-de-viagens-n-001-2024-vigente\/\"},\"author\":{\"name\":\"Luisa Maravilhas de Carvalho\",\"@id\":\"https:\/\/redelog.rj.gov.br\/redelog\/#\/schema\/person\/dd6a5779d3028a21ef65c6e4af7c1edb\"},\"headline\":\"INFORME N\u00ba 004\/2024 &#8211; ATA DE REGISTRO DE PRE\u00c7OS DE AG\u00caNCIA DE VIAGENS N\u00b0 001\/2024 VIGENTE!\",\"datePublished\":\"2024-02-19T18:23:05+00:00\",\"dateModified\":\"2024-02-19T18:54:40+00:00\",\"mainEntityOfPage\":{\"@id\":\"https:\/\/redelog.rj.gov.br\/redelog\/informe-no-004-2024-ata-de-registro-de-precos-de-agencia-de-viagens-n-001-2024-vigente\/\"},\"wordCount\":311,\"publisher\":{\"@id\":\"https:\/\/redelog.rj.gov.br\/redelog\/#organization\"},\"image\":{\"@id\":\"https:\/\/redelog.rj.gov.br\/redelog\/informe-no-004-2024-ata-de-registro-de-precos-de-agencia-de-viagens-n-001-2024-vigente\/#primaryimage\"},\"thumbnailUrl\":\"https:\/\/www.redelog.rj.gov.br\/redelog\/wp-content\/uploads\/2024\/02\/WhatsApp-Image-2024-02-19-at-3.17.02-PM.jpeg\",\"articleSection\":[\"Capacita\u00e7\u00e3o\",\"Cursos Abertos\",\"Cursos Internos\",\"Informes\"],\"inLanguage\":\"pt-BR\"},{\"@type\":\"WebPage\",\"@id\":\"https:\/\/redelog.rj.gov.br\/redelog\/informe-no-004-2024-ata-de-registro-de-precos-de-agencia-de-viagens-n-001-2024-vigente\/\",\"url\":\"https:\/\/redelog.rj.gov.br\/redelog\/informe-no-004-2024-ata-de-registro-de-precos-de-agencia-de-viagens-n-001-2024-vigente\/\",\"name\":\"INFORME N\u00ba 004\/2024 - ATA DE REGISTRO DE PRE\u00c7OS DE AG\u00caNCIA DE VIAGENS N\u00b0 001\/2024 VIGENTE! - Redelog\",\"isPartOf\":{\"@id\":\"https:\/\/redelog.rj.gov.br\/redelog\/#website\"},\"primaryImageOfPage\":{\"@id\":\"https:\/\/redelog.rj.gov.br\/redelog\/informe-no-004-2024-ata-de-registro-de-precos-de-agencia-de-viagens-n-001-2024-vigente\/#primaryimage\"},\"image\":{\"@id\":\"https:\/\/redelog.rj.gov.br\/redelog\/informe-no-004-2024-ata-de-registro-de-precos-de-agencia-de-viagens-n-001-2024-vigente\/#primaryimage\"},\"thumbnailUrl\":\"https:\/\/www.redelog.rj.gov.br\/redelog\/wp-content\/uploads\/2024\/02\/WhatsApp-Image-2024-02-19-at-3.17.02-PM.jpeg\",\"datePublished\":\"2024-02-19T18:23:05+00:00\",\"dateModified\":\"2024-02-19T18:54:40+00:00\",\"breadcrumb\":{\"@id\":\"https:\/\/redelog.rj.gov.br\/redelog\/informe-no-004-2024-ata-de-registro-de-precos-de-agencia-de-viagens-n-001-2024-vigente\/#breadcrumb\"},\"inLanguage\":\"pt-BR\",\"potentialAction\":[{\"@type\":\"ReadAction\",\"target\":[\"https:\/\/redelog.rj.gov.br\/redelog\/informe-no-004-2024-ata-de-registro-de-precos-de-agencia-de-viagens-n-001-2024-vigente\/\"]}]},{\"@type\":\"ImageObject\",\"inLanguage\":\"pt-BR\",\"@id\":\"https:\/\/redelog.rj.gov.br\/redelog\/informe-no-004-2024-ata-de-registro-de-precos-de-agencia-de-viagens-n-001-2024-vigente\/#primaryimage\",\"url\":\"https:\/\/www.redelog.rj.gov.br\/redelog\/wp-content\/uploads\/2024\/02\/WhatsApp-Image-2024-02-19-at-3.17.02-PM.jpeg\",\"contentUrl\":\"https:\/\/www.redelog.rj.gov.br\/redelog\/wp-content\/uploads\/2024\/02\/WhatsApp-Image-2024-02-19-at-3.17.02-PM.jpeg\"},{\"@type\":\"BreadcrumbList\",\"@id\":\"https:\/\/redelog.rj.gov.br\/redelog\/informe-no-004-2024-ata-de-registro-de-precos-de-agencia-de-viagens-n-001-2024-vigente\/#breadcrumb\",\"itemListElement\":[{\"@type\":\"ListItem\",\"position\":1,\"name\":\"Home\",\"item\":\"https:\/\/redelog.rj.gov.br\/redelog\/\"},{\"@type\":\"ListItem\",\"position\":2,\"name\":\"INFORME N\u00ba 004\/2024 &#8211; ATA DE REGISTRO DE PRE\u00c7OS DE AG\u00caNCIA DE VIAGENS N\u00b0 001\/2024 VIGENTE!\"}]},{\"@type\":\"WebSite\",\"@id\":\"https:\/\/redelog.rj.gov.br\/redelog\/#website\",\"url\":\"https:\/\/redelog.rj.gov.br\/redelog\/\",\"name\":\"Redelog\",\"description\":\"Site da Rede de Log\u00edstica e Planejamento do Estado do Rio de Janeiro\",\"publisher\":{\"@id\":\"https:\/\/redelog.rj.gov.br\/redelog\/#organization\"},\"potentialAction\":[{\"@type\":\"SearchAction\",\"target\":{\"@type\":\"EntryPoint\",\"urlTemplate\":\"https:\/\/redelog.rj.gov.br\/redelog\/?s={search_term_string}\"},\"query-input\":{\"@type\":\"PropertyValueSpecification\",\"valueRequired\":true,\"valueName\":\"search_term_string\"}}],\"inLanguage\":\"pt-BR\"},{\"@type\":\"Organization\",\"@id\":\"https:\/\/redelog.rj.gov.br\/redelog\/#organization\",\"name\":\"REDELOG\",\"url\":\"https:\/\/redelog.rj.gov.br\/redelog\/\",\"logo\":{\"@type\":\"ImageObject\",\"inLanguage\":\"pt-BR\",\"@id\":\"https:\/\/redelog.rj.gov.br\/redelog\/#\/schema\/logo\/image\/\",\"url\":\"http:\/\/10.10.8.100:8888\/redelog\/wp-content\/uploads\/2019\/09\/Redelog2.png\",\"contentUrl\":\"http:\/\/10.10.8.100:8888\/redelog\/wp-content\/uploads\/2019\/09\/Redelog2.png\",\"width\":565,\"height\":155,\"caption\":\"REDELOG\"},\"image\":{\"@id\":\"https:\/\/redelog.rj.gov.br\/redelog\/#\/schema\/logo\/image\/\"}},{\"@type\":\"Person\",\"@id\":\"https:\/\/redelog.rj.gov.br\/redelog\/#\/schema\/person\/dd6a5779d3028a21ef65c6e4af7c1edb\",\"name\":\"Luisa Maravilhas de Carvalho\",\"image\":{\"@type\":\"ImageObject\",\"inLanguage\":\"pt-BR\",\"@id\":\"https:\/\/redelog.rj.gov.br\/redelog\/#\/schema\/person\/image\/\",\"url\":\"https:\/\/secure.gravatar.com\/avatar\/42eea343007bb4bb43265a1df0b9eebe3b0ff8ee578355b2f834803cdddc604a?s=96&d=mm&r=g\",\"contentUrl\":\"https:\/\/secure.gravatar.com\/avatar\/42eea343007bb4bb43265a1df0b9eebe3b0ff8ee578355b2f834803cdddc604a?s=96&d=mm&r=g\",\"caption\":\"Luisa Maravilhas de Carvalho\"},\"url\":\"https:\/\/redelog.rj.gov.br\/redelog\/author\/luisa-carvalho\/\"}]}<\/script>\n<!-- \/ Yoast SEO plugin. -->","yoast_head_json":{"title":"INFORME N\u00ba 004\/2024 - ATA DE REGISTRO DE PRE\u00c7OS DE AG\u00caNCIA DE VIAGENS N\u00b0 001\/2024 VIGENTE! - Redelog","robots":{"index":"index","follow":"follow","max-snippet":"max-snippet:-1","max-image-preview":"max-image-preview:large","max-video-preview":"max-video-preview:-1"},"canonical":"https:\/\/redelog.rj.gov.br\/redelog\/informe-no-004-2024-ata-de-registro-de-precos-de-agencia-de-viagens-n-001-2024-vigente\/","og_locale":"pt_BR","og_type":"article","og_title":"INFORME N\u00ba 004\/2024 - ATA DE REGISTRO DE PRE\u00c7OS DE AG\u00caNCIA DE VIAGENS N\u00b0 001\/2024 VIGENTE! - Redelog","og_description":"Aten\u00e7\u00e3o, servidor(a)! A SEPLAG\/RJ informa que a Ata de Passagens A\u00e9reas j\u00e1 est\u00e1 vigente!! Voc\u00ea, \u00d3rg\u00e3o\/Entidade Participante, j\u00e1 pode realizar sua contrata\u00e7\u00e3o, o que \u00e9 bem simples. Lembrando que a contrata\u00e7\u00e3o foi realizada sob o rito da Lei n\u00ba 8.666\/1993. Logo, dever\u00e3o ser observados os normativos e regulamenta\u00e7\u00f5es afetas \u00e0 citada Lei (Decreto n\u00ba 46.751\/2019 [&hellip;]","og_url":"https:\/\/redelog.rj.gov.br\/redelog\/informe-no-004-2024-ata-de-registro-de-precos-de-agencia-de-viagens-n-001-2024-vigente\/","og_site_name":"Redelog","article_published_time":"2024-02-19T18:23:05+00:00","article_modified_time":"2024-02-19T18:54:40+00:00","og_image":[{"url":"https:\/\/www.redelog.rj.gov.br\/redelog\/wp-content\/uploads\/2024\/02\/WhatsApp-Image-2024-02-19-at-3.17.02-PM.jpeg","type":"","width":"","height":""}],"author":"Luisa Maravilhas de Carvalho","twitter_card":"summary_large_image","twitter_misc":{"Escrito por":"Luisa Maravilhas de Carvalho","Est. tempo de leitura":"2 minutos"},"schema":{"@context":"https:\/\/schema.org","@graph":[{"@type":"Article","@id":"https:\/\/redelog.rj.gov.br\/redelog\/informe-no-004-2024-ata-de-registro-de-precos-de-agencia-de-viagens-n-001-2024-vigente\/#article","isPartOf":{"@id":"https:\/\/redelog.rj.gov.br\/redelog\/informe-no-004-2024-ata-de-registro-de-precos-de-agencia-de-viagens-n-001-2024-vigente\/"},"author":{"name":"Luisa Maravilhas de Carvalho","@id":"https:\/\/redelog.rj.gov.br\/redelog\/#\/schema\/person\/dd6a5779d3028a21ef65c6e4af7c1edb"},"headline":"INFORME N\u00ba 004\/2024 &#8211; ATA DE REGISTRO DE PRE\u00c7OS DE AG\u00caNCIA DE VIAGENS N\u00b0 001\/2024 VIGENTE!","datePublished":"2024-02-19T18:23:05+00:00","dateModified":"2024-02-19T18:54:40+00:00","mainEntityOfPage":{"@id":"https:\/\/redelog.rj.gov.br\/redelog\/informe-no-004-2024-ata-de-registro-de-precos-de-agencia-de-viagens-n-001-2024-vigente\/"},"wordCount":311,"publisher":{"@id":"https:\/\/redelog.rj.gov.br\/redelog\/#organization"},"image":{"@id":"https:\/\/redelog.rj.gov.br\/redelog\/informe-no-004-2024-ata-de-registro-de-precos-de-agencia-de-viagens-n-001-2024-vigente\/#primaryimage"},"thumbnailUrl":"https:\/\/www.redelog.rj.gov.br\/redelog\/wp-content\/uploads\/2024\/02\/WhatsApp-Image-2024-02-19-at-3.17.02-PM.jpeg","articleSection":["Capacita\u00e7\u00e3o","Cursos Abertos","Cursos Internos","Informes"],"inLanguage":"pt-BR"},{"@type":"WebPage","@id":"https:\/\/redelog.rj.gov.br\/redelog\/informe-no-004-2024-ata-de-registro-de-precos-de-agencia-de-viagens-n-001-2024-vigente\/","url":"https:\/\/redelog.rj.gov.br\/redelog\/informe-no-004-2024-ata-de-registro-de-precos-de-agencia-de-viagens-n-001-2024-vigente\/","name":"INFORME N\u00ba 004\/2024 - ATA DE REGISTRO DE PRE\u00c7OS DE AG\u00caNCIA DE VIAGENS N\u00b0 001\/2024 VIGENTE! - Redelog","isPartOf":{"@id":"https:\/\/redelog.rj.gov.br\/redelog\/#website"},"primaryImageOfPage":{"@id":"https:\/\/redelog.rj.gov.br\/redelog\/informe-no-004-2024-ata-de-registro-de-precos-de-agencia-de-viagens-n-001-2024-vigente\/#primaryimage"},"image":{"@id":"https:\/\/redelog.rj.gov.br\/redelog\/informe-no-004-2024-ata-de-registro-de-precos-de-agencia-de-viagens-n-001-2024-vigente\/#primaryimage"},"thumbnailUrl":"https:\/\/www.redelog.rj.gov.br\/redelog\/wp-content\/uploads\/2024\/02\/WhatsApp-Image-2024-02-19-at-3.17.02-PM.jpeg","datePublished":"2024-02-19T18:23:05+00:00","dateModified":"2024-02-19T18:54:40+00:00","breadcrumb":{"@id":"https:\/\/redelog.rj.gov.br\/redelog\/informe-no-004-2024-ata-de-registro-de-precos-de-agencia-de-viagens-n-001-2024-vigente\/#breadcrumb"},"inLanguage":"pt-BR","potentialAction":[{"@type":"ReadAction","target":["https:\/\/redelog.rj.gov.br\/redelog\/informe-no-004-2024-ata-de-registro-de-precos-de-agencia-de-viagens-n-001-2024-vigente\/"]}]},{"@type":"ImageObject","inLanguage":"pt-BR","@id":"https:\/\/redelog.rj.gov.br\/redelog\/informe-no-004-2024-ata-de-registro-de-precos-de-agencia-de-viagens-n-001-2024-vigente\/#primaryimage","url":"https:\/\/www.redelog.rj.gov.br\/redelog\/wp-content\/uploads\/2024\/02\/WhatsApp-Image-2024-02-19-at-3.17.02-PM.jpeg","contentUrl":"https:\/\/www.redelog.rj.gov.br\/redelog\/wp-content\/uploads\/2024\/02\/WhatsApp-Image-2024-02-19-at-3.17.02-PM.jpeg"},{"@type":"BreadcrumbList","@id":"https:\/\/redelog.rj.gov.br\/redelog\/informe-no-004-2024-ata-de-registro-de-precos-de-agencia-de-viagens-n-001-2024-vigente\/#breadcrumb","itemListElement":[{"@type":"ListItem","position":1,"name":"Home","item":"https:\/\/redelog.rj.gov.br\/redelog\/"},{"@type":"ListItem","position":2,"name":"INFORME N\u00ba 004\/2024 &#8211; ATA DE REGISTRO DE PRE\u00c7OS DE AG\u00caNCIA DE VIAGENS N\u00b0 001\/2024 VIGENTE!"}]},{"@type":"WebSite","@id":"https:\/\/redelog.rj.gov.br\/redelog\/#website","url":"https:\/\/redelog.rj.gov.br\/redelog\/","name":"Redelog","description":"Site da Rede de Log\u00edstica e Planejamento do Estado do Rio de Janeiro","publisher":{"@id":"https:\/\/redelog.rj.gov.br\/redelog\/#organization"},"potentialAction":[{"@type":"SearchAction","target":{"@type":"EntryPoint","urlTemplate":"https:\/\/redelog.rj.gov.br\/redelog\/?s={search_term_string}"},"query-input":{"@type":"PropertyValueSpecification","valueRequired":true,"valueName":"search_term_string"}}],"inLanguage":"pt-BR"},{"@type":"Organization","@id":"https:\/\/redelog.rj.gov.br\/redelog\/#organization","name":"REDELOG","url":"https:\/\/redelog.rj.gov.br\/redelog\/","logo":{"@type":"ImageObject","inLanguage":"pt-BR","@id":"https:\/\/redelog.rj.gov.br\/redelog\/#\/schema\/logo\/image\/","url":"http:\/\/10.10.8.100:8888\/redelog\/wp-content\/uploads\/2019\/09\/Redelog2.png","contentUrl":"http:\/\/10.10.8.100:8888\/redelog\/wp-content\/uploads\/2019\/09\/Redelog2.png","width":565,"height":155,"caption":"REDELOG"},"image":{"@id":"https:\/\/redelog.rj.gov.br\/redelog\/#\/schema\/logo\/image\/"}},{"@type":"Person","@id":"https:\/\/redelog.rj.gov.br\/redelog\/#\/schema\/person\/dd6a5779d3028a21ef65c6e4af7c1edb","name":"Luisa Maravilhas de Carvalho","image":{"@type":"ImageObject","inLanguage":"pt-BR","@id":"https:\/\/redelog.rj.gov.br\/redelog\/#\/schema\/person\/image\/","url":"https:\/\/secure.gravatar.com\/avatar\/42eea343007bb4bb43265a1df0b9eebe3b0ff8ee578355b2f834803cdddc604a?s=96&d=mm&r=g","contentUrl":"https:\/\/secure.gravatar.com\/avatar\/42eea343007bb4bb43265a1df0b9eebe3b0ff8ee578355b2f834803cdddc604a?s=96&d=mm&r=g","caption":"Luisa Maravilhas de Carvalho"},"url":"https:\/\/redelog.rj.gov.br\/redelog\/author\/luisa-carvalho\/"}]}},"_links":{"self":[{"href":"https:\/\/redelog.rj.gov.br\/redelog\/wp-json\/wp\/v2\/posts\/28026","targetHints":{"allow":["GET"]}}],"collection":[{"href":"https:\/\/redelog.rj.gov.br\/redelog\/wp-json\/wp\/v2\/posts"}],"about":[{"href":"https:\/\/redelog.rj.gov.br\/redelog\/wp-json\/wp\/v2\/types\/post"}],"author":[{"embeddable":true,"href":"https:\/\/redelog.rj.gov.br\/redelog\/wp-json\/wp\/v2\/users\/25"}],"replies":[{"embeddable":true,"href":"https:\/\/redelog.rj.gov.br\/redelog\/wp-json\/wp\/v2\/comments?post=28026"}],"version-history":[{"count":10,"href":"https:\/\/redelog.rj.gov.br\/redelog\/wp-json\/wp\/v2\/posts\/28026\/revisions"}],"predecessor-version":[{"id":28056,"href":"https:\/\/redelog.rj.gov.br\/redelog\/wp-json\/wp\/v2\/posts\/28026\/revisions\/28056"}],"wp:attachment":[{"href":"https:\/\/redelog.rj.gov.br\/redelog\/wp-json\/wp\/v2\/media?parent=28026"}],"wp:term":[{"taxonomy":"category","embeddable":true,"href":"https:\/\/redelog.rj.gov.br\/redelog\/wp-json\/wp\/v2\/categories?post=28026"},{"taxonomy":"post_tag","embeddable":true,"href":"https:\/\/redelog.rj.gov.br\/redelog\/wp-json\/wp\/v2\/tags?post=28026"}],"curies":[{"name":"wp","href":"https:\/\/api.w.org\/{rel}","templated":true}]}}