{"id":28015,"date":"2024-02-19T14:47:46","date_gmt":"2024-02-19T17:47:46","guid":{"rendered":"https:\/\/redelog.rj.gov.br\/redelog\/?p=28015"},"modified":"2024-04-17T15:20:02","modified_gmt":"2024-04-17T18:20:02","slug":"parecer-juridico-2","status":"publish","type":"post","link":"https:\/\/redelog.rj.gov.br\/redelog\/parecer-juridico-2\/","title":{"rendered":"PARECER JUR\u00cdDICO"},"content":{"rendered":"\t\t<div data-elementor-type=\"wp-post\" data-elementor-id=\"28015\" class=\"elementor elementor-28015\" data-elementor-post-type=\"post\">\n\t\t\t\t\t\t<section class=\"elementor-section elementor-top-section elementor-element elementor-element-dfd5756 elementor-section-boxed elementor-section-height-default elementor-section-height-default\" data-id=\"dfd5756\" data-element_type=\"section\" data-settings=\"{&quot;jet_parallax_layout_list&quot;:[{&quot;jet_parallax_layout_image&quot;:{&quot;url&quot;:&quot;&quot;,&quot;id&quot;:&quot;&quot;,&quot;size&quot;:&quot;&quot;},&quot;_id&quot;:&quot;38613a2&quot;,&quot;jet_parallax_layout_image_tablet&quot;:{&quot;url&quot;:&quot;&quot;,&quot;id&quot;:&quot;&quot;,&quot;size&quot;:&quot;&quot;},&quot;jet_parallax_layout_image_mobile&quot;:{&quot;url&quot;:&quot;&quot;,&quot;id&quot;:&quot;&quot;,&quot;size&quot;:&quot;&quot;},&quot;jet_parallax_layout_speed&quot;:{&quot;unit&quot;:&quot;%&quot;,&quot;size&quot;:50,&quot;sizes&quot;:[]},&quot;jet_parallax_layout_type&quot;:&quot;scroll&quot;,&quot;jet_parallax_layout_direction&quot;:&quot;1&quot;,&quot;jet_parallax_layout_fx_direction&quot;:null,&quot;jet_parallax_layout_z_index&quot;:&quot;&quot;,&quot;jet_parallax_layout_bg_x&quot;:50,&quot;jet_parallax_layout_bg_x_tablet&quot;:&quot;&quot;,&quot;jet_parallax_layout_bg_x_mobile&quot;:&quot;&quot;,&quot;jet_parallax_layout_bg_y&quot;:50,&quot;jet_parallax_layout_bg_y_tablet&quot;:&quot;&quot;,&quot;jet_parallax_layout_bg_y_mobile&quot;:&quot;&quot;,&quot;jet_parallax_layout_bg_size&quot;:&quot;auto&quot;,&quot;jet_parallax_layout_bg_size_tablet&quot;:&quot;&quot;,&quot;jet_parallax_layout_bg_size_mobile&quot;:&quot;&quot;,&quot;jet_parallax_layout_animation_prop&quot;:&quot;transform&quot;,&quot;jet_parallax_layout_on&quot;:[&quot;desktop&quot;,&quot;tablet&quot;]}]}\">\n\t\t\t\t\t\t<div class=\"elementor-container elementor-column-gap-default\">\n\t\t\t\t\t<div class=\"elementor-column elementor-col-100 elementor-top-column elementor-element elementor-element-0ba857a\" data-id=\"0ba857a\" data-element_type=\"column\">\n\t\t\t<div class=\"elementor-widget-wrap elementor-element-populated\">\n\t\t\t\t\t\t<div class=\"elementor-element elementor-element-03df05a elementor-widget-divider--view-line elementor-widget elementor-widget-divider\" data-id=\"03df05a\" data-element_type=\"widget\" data-widget_type=\"divider.default\">\n\t\t\t\t\t\t\t<div class=\"elementor-divider\">\n\t\t\t<span class=\"elementor-divider-separator\">\n\t\t\t\t\t\t<\/span>\n\t\t<\/div>\n\t\t\t\t\t\t<\/div>\n\t\t\t\t\t<\/div>\n\t\t<\/div>\n\t\t\t\t\t<\/div>\n\t\t<\/section>\n\t\t\t\t<section class=\"elementor-section elementor-top-section elementor-element elementor-element-c64475b elementor-section-boxed elementor-section-height-default elementor-section-height-default\" data-id=\"c64475b\" data-element_type=\"section\" data-settings=\"{&quot;jet_parallax_layout_list&quot;:[{&quot;jet_parallax_layout_image&quot;:{&quot;url&quot;:&quot;&quot;,&quot;id&quot;:&quot;&quot;,&quot;size&quot;:&quot;&quot;},&quot;_id&quot;:&quot;546b2cd&quot;,&quot;jet_parallax_layout_image_tablet&quot;:{&quot;url&quot;:&quot;&quot;,&quot;id&quot;:&quot;&quot;,&quot;size&quot;:&quot;&quot;},&quot;jet_parallax_layout_image_mobile&quot;:{&quot;url&quot;:&quot;&quot;,&quot;id&quot;:&quot;&quot;,&quot;size&quot;:&quot;&quot;},&quot;jet_parallax_layout_speed&quot;:{&quot;unit&quot;:&quot;%&quot;,&quot;size&quot;:50,&quot;sizes&quot;:[]},&quot;jet_parallax_layout_type&quot;:&quot;scroll&quot;,&quot;jet_parallax_layout_direction&quot;:&quot;1&quot;,&quot;jet_parallax_layout_fx_direction&quot;:null,&quot;jet_parallax_layout_z_index&quot;:&quot;&quot;,&quot;jet_parallax_layout_bg_x&quot;:50,&quot;jet_parallax_layout_bg_x_tablet&quot;:&quot;&quot;,&quot;jet_parallax_layout_bg_x_mobile&quot;:&quot;&quot;,&quot;jet_parallax_layout_bg_y&quot;:50,&quot;jet_parallax_layout_bg_y_tablet&quot;:&quot;&quot;,&quot;jet_parallax_layout_bg_y_mobile&quot;:&quot;&quot;,&quot;jet_parallax_layout_bg_size&quot;:&quot;auto&quot;,&quot;jet_parallax_layout_bg_size_tablet&quot;:&quot;&quot;,&quot;jet_parallax_layout_bg_size_mobile&quot;:&quot;&quot;,&quot;jet_parallax_layout_animation_prop&quot;:&quot;transform&quot;,&quot;jet_parallax_layout_on&quot;:[&quot;desktop&quot;,&quot;tablet&quot;]}]}\">\n\t\t\t\t\t\t<div class=\"elementor-container elementor-column-gap-default\">\n\t\t\t\t\t<div class=\"elementor-column elementor-col-100 elementor-top-column elementor-element elementor-element-9f1a427\" data-id=\"9f1a427\" data-element_type=\"column\">\n\t\t\t<div class=\"elementor-widget-wrap elementor-element-populated\">\n\t\t\t\t\t\t<div class=\"elementor-element elementor-element-20345af elementor-position-left elementor-vertical-align-middle elementor-widget elementor-widget-image-box\" data-id=\"20345af\" data-element_type=\"widget\" data-widget_type=\"image-box.default\">\n\t\t\t\t\t<div class=\"elementor-image-box-wrapper\"><figure class=\"elementor-image-box-img\"><img decoding=\"async\" width=\"59\" height=\"73\" data-src=\"https:\/\/redelog.rj.gov.br\/redelog\/wp-content\/uploads\/2021\/10\/prancheta.jpg\" class=\"attachment-full size-full wp-image-3590 lazyload\" alt=\"\" src=\"data:image\/svg+xml;base64,PHN2ZyB3aWR0aD0iMSIgaGVpZ2h0PSIxIiB4bWxucz0iaHR0cDovL3d3dy53My5vcmcvMjAwMC9zdmciPjwvc3ZnPg==\" style=\"--smush-placeholder-width: 59px; --smush-placeholder-aspect-ratio: 59\/73;\" \/><\/figure><div class=\"elementor-image-box-content\"><p class=\"elementor-image-box-description\">O parecer \u00e9 documento emitido pela assessoramento jur\u00eddico ao final da fase preparat\u00f3ria, previamente \u00e0 contrata\u00e7\u00e3o para  avaliar sua viabilidade jur\u00eddica.<\/p><\/div><\/div>\t\t\t\t<\/div>\n\t\t\t\t<div class=\"elementor-element elementor-element-15b32b7 elementor-widget elementor-widget-image\" data-id=\"15b32b7\" data-element_type=\"widget\" data-widget_type=\"image.default\">\n\t\t\t\t\t\t\t\t\t\t\t\t\t\t\t<img fetchpriority=\"high\" decoding=\"async\" width=\"1024\" height=\"640\" src=\"https:\/\/redelog.rj.gov.br\/redelog\/wp-content\/uploads\/2021\/10\/parecer-1024x640.jpeg\" class=\"attachment-large size-large wp-image-11478\" alt=\"\" srcset=\"https:\/\/redelog.rj.gov.br\/redelog\/wp-content\/uploads\/2021\/10\/parecer-1024x640.jpeg 1024w, https:\/\/redelog.rj.gov.br\/redelog\/wp-content\/uploads\/2021\/10\/parecer-300x188.jpeg 300w, https:\/\/redelog.rj.gov.br\/redelog\/wp-content\/uploads\/2021\/10\/parecer-768x480.jpeg 768w, https:\/\/redelog.rj.gov.br\/redelog\/wp-content\/uploads\/2021\/10\/parecer-600x375.jpeg 600w, https:\/\/redelog.rj.gov.br\/redelog\/wp-content\/uploads\/2021\/10\/parecer.jpeg 1080w\" sizes=\"(max-width: 1024px) 100vw, 1024px\" \/>\t\t\t\t\t\t\t\t\t\t\t\t\t\t\t<\/div>\n\t\t\t\t<div class=\"elementor-element elementor-element-a416b5b elementor-widget elementor-widget-text-editor\" data-id=\"a416b5b\" data-element_type=\"widget\" data-widget_type=\"text-editor.default\">\n\t\t\t\t\t\t\t\t\t<p>Conforme disposto no inciso XI<strong>,<\/strong>\u00a0do art. 5\u00ba do <a href=\"https:\/\/leisestaduais.com.br\/rj\/decreto-n-48816-2023-rio-de-janeiro-regulamenta-a-fase-preparatoria-das-contratacoes-de-que-trata-a-lei-no-14-133-de-1o-de-abril-de-2021-no-ambito-da-administracao-publica-estadual-direta-autarquica-e-fundacional?q=48816&amp;origin=instituicao#\"><strong>Decreto n\u00ba 48.816\/2023<\/strong><\/a>,a assessoria jur\u00eddica\u00a0do \u00f3rg\u00e3o ou entidade \u00e9 respons\u00e1vel pelo exame e aprova\u00e7\u00e3o das minutas de instrumento convocat\u00f3rio, de contrato ou instrumentos similares. No entanto, o Procurador Geral do Estado do Rio<span id=\"OBJ_PREFIX_DWT179_com_zimbra_date\" class=\"Object\" role=\"link\">\u00a0de Janeiro<\/span>\u00a0pode definir previamente situa\u00e7\u00f5es em que essa responsabilidade ser\u00e1 excepcionada<strong>, <\/strong>com fundamentos no\u00a0art. 5\u00ba, inciso XI do <a href=\"https:\/\/leisestaduais.com.br\/rj\/decreto-n-48816-2023-rio-de-janeiro-regulamenta-a-fase-preparatoria-das-contratacoes-de-que-trata-a-lei-no-14-133-de-1o-de-abril-de-2021-no-ambito-da-administracao-publica-estadual-direta-autarquica-e-fundacional?q=48816&amp;origin=instituicao#\"><strong>Decreto n\u00ba 48.816<\/strong><\/a> c\/c art. 53, \u00a7 5\u00b0 da<a href=\"http:\/\/www.planalto.gov.br\/ccivil_03\/_ato2019-2022\/2021\/lei\/L14133.htm\"><strong> Lei n\u00ba 14.133\/2021<\/strong><\/a>.<\/p><p><span style=\"font-weight: 400;\">Contudo, o parecer jur\u00eddico \u00e9 fundamental para garantir a legalidade e a seguran\u00e7a do processo de contrata\u00e7\u00e3o p\u00fablica. Ele tem o objetivo de analisar a fase preparat\u00f3ria contribuindo para a higidez do processo e para evitar futuras nulidades que possam surgir.<\/span><\/p><p><span style=\"font-weight: 400;\">Muito embora o administrador p\u00fablico n\u00e3o esteja vinculado ao conte\u00fado do parecer jur\u00eddico, por se tratar de ato meramente opinativo, \u00e9 imprescind\u00edvel que se observe as recomenda\u00e7\u00f5es\/sugest\u00f5es feitas, primando sempre por uma contrata\u00e7\u00e3o p\u00fablica eficiente.<\/span><\/p>\t\t\t\t\t\t\t\t<\/div>\n\t\t\t\t<div class=\"elementor-element elementor-element-b3db812 elementor-widget elementor-widget-image\" data-id=\"b3db812\" data-element_type=\"widget\" data-widget_type=\"image.default\">\n\t\t\t\t\t\t\t\t\t\t\t\t\t\t\t<img decoding=\"async\" width=\"1024\" height=\"576\" data-src=\"https:\/\/redelog.rj.gov.br\/redelog\/wp-content\/uploads\/2024\/02\/Atualizacao-RedelogSUPCC-4-1024x576.jpg\" class=\"attachment-large size-large wp-image-28597 lazyload\" alt=\"\" data-srcset=\"https:\/\/redelog.rj.gov.br\/redelog\/wp-content\/uploads\/2024\/02\/Atualizacao-RedelogSUPCC-4-1024x576.jpg 1024w, https:\/\/redelog.rj.gov.br\/redelog\/wp-content\/uploads\/2024\/02\/Atualizacao-RedelogSUPCC-4-300x169.jpg 300w, https:\/\/redelog.rj.gov.br\/redelog\/wp-content\/uploads\/2024\/02\/Atualizacao-RedelogSUPCC-4-768x432.jpg 768w, https:\/\/redelog.rj.gov.br\/redelog\/wp-content\/uploads\/2024\/02\/Atualizacao-RedelogSUPCC-4-1536x864.jpg 1536w, https:\/\/redelog.rj.gov.br\/redelog\/wp-content\/uploads\/2024\/02\/Atualizacao-RedelogSUPCC-4-150x85.jpg 150w, https:\/\/redelog.rj.gov.br\/redelog\/wp-content\/uploads\/2024\/02\/Atualizacao-RedelogSUPCC-4-600x338.jpg 600w, https:\/\/redelog.rj.gov.br\/redelog\/wp-content\/uploads\/2024\/02\/Atualizacao-RedelogSUPCC-4.jpg 1920w\" data-sizes=\"(max-width: 1024px) 100vw, 1024px\" src=\"data:image\/svg+xml;base64,PHN2ZyB3aWR0aD0iMSIgaGVpZ2h0PSIxIiB4bWxucz0iaHR0cDovL3d3dy53My5vcmcvMjAwMC9zdmciPjwvc3ZnPg==\" style=\"--smush-placeholder-width: 1024px; --smush-placeholder-aspect-ratio: 1024\/576;\" \/>\t\t\t\t\t\t\t\t\t\t\t\t\t\t\t<\/div>\n\t\t\t\t<div class=\"elementor-element elementor-element-a205b08 elementor-widget elementor-widget-image\" data-id=\"a205b08\" data-element_type=\"widget\" data-widget_type=\"image.default\">\n\t\t\t\t\t\t\t\t\t\t\t\t\t\t\t<img decoding=\"async\" width=\"1024\" height=\"693\" data-src=\"https:\/\/redelog.rj.gov.br\/redelog\/wp-content\/uploads\/2024\/02\/Atualizacao-RedelogSUPCC-5-e1710528540850-1024x693.jpg\" class=\"attachment-large size-large wp-image-28602 lazyload\" alt=\"\" data-srcset=\"https:\/\/redelog.rj.gov.br\/redelog\/wp-content\/uploads\/2024\/02\/Atualizacao-RedelogSUPCC-5-e1710528540850-1024x693.jpg 1024w, https:\/\/redelog.rj.gov.br\/redelog\/wp-content\/uploads\/2024\/02\/Atualizacao-RedelogSUPCC-5-e1710528540850-300x203.jpg 300w, https:\/\/redelog.rj.gov.br\/redelog\/wp-content\/uploads\/2024\/02\/Atualizacao-RedelogSUPCC-5-e1710528540850-768x520.jpg 768w, https:\/\/redelog.rj.gov.br\/redelog\/wp-content\/uploads\/2024\/02\/Atualizacao-RedelogSUPCC-5-e1710528540850-600x406.jpg 600w, https:\/\/redelog.rj.gov.br\/redelog\/wp-content\/uploads\/2024\/02\/Atualizacao-RedelogSUPCC-5-e1710528540850.jpg 1270w\" data-sizes=\"(max-width: 1024px) 100vw, 1024px\" src=\"data:image\/svg+xml;base64,PHN2ZyB3aWR0aD0iMSIgaGVpZ2h0PSIxIiB4bWxucz0iaHR0cDovL3d3dy53My5vcmcvMjAwMC9zdmciPjwvc3ZnPg==\" style=\"--smush-placeholder-width: 1024px; --smush-placeholder-aspect-ratio: 1024\/693;\" \/>\t\t\t\t\t\t\t\t\t\t\t\t\t\t\t<\/div>\n\t\t\t\t<div class=\"elementor-element elementor-element-a36c29f elementor-widget elementor-widget-image\" data-id=\"a36c29f\" data-element_type=\"widget\" data-widget_type=\"image.default\">\n\t\t\t\t\t\t\t\t\t\t\t\t\t\t\t<img decoding=\"async\" width=\"1024\" height=\"688\" data-src=\"https:\/\/redelog.rj.gov.br\/redelog\/wp-content\/uploads\/2024\/02\/Atualizacao-RedelogSUPCC-6-e1710528590629-1024x688.jpg\" class=\"attachment-large size-large wp-image-28606 lazyload\" alt=\"\" data-srcset=\"https:\/\/redelog.rj.gov.br\/redelog\/wp-content\/uploads\/2024\/02\/Atualizacao-RedelogSUPCC-6-e1710528590629-1024x688.jpg 1024w, https:\/\/redelog.rj.gov.br\/redelog\/wp-content\/uploads\/2024\/02\/Atualizacao-RedelogSUPCC-6-e1710528590629-300x201.jpg 300w, https:\/\/redelog.rj.gov.br\/redelog\/wp-content\/uploads\/2024\/02\/Atualizacao-RedelogSUPCC-6-e1710528590629-768x516.jpg 768w, https:\/\/redelog.rj.gov.br\/redelog\/wp-content\/uploads\/2024\/02\/Atualizacao-RedelogSUPCC-6-e1710528590629-600x403.jpg 600w, https:\/\/redelog.rj.gov.br\/redelog\/wp-content\/uploads\/2024\/02\/Atualizacao-RedelogSUPCC-6-e1710528590629.jpg 1276w\" data-sizes=\"(max-width: 1024px) 100vw, 1024px\" src=\"data:image\/svg+xml;base64,PHN2ZyB3aWR0aD0iMSIgaGVpZ2h0PSIxIiB4bWxucz0iaHR0cDovL3d3dy53My5vcmcvMjAwMC9zdmciPjwvc3ZnPg==\" style=\"--smush-placeholder-width: 1024px; --smush-placeholder-aspect-ratio: 1024\/688;\" \/>\t\t\t\t\t\t\t\t\t\t\t\t\t\t\t<\/div>\n\t\t\t\t<div class=\"elementor-element elementor-element-fa12b6c elementor-widget-divider--view-line elementor-widget elementor-widget-divider\" data-id=\"fa12b6c\" data-element_type=\"widget\" data-widget_type=\"divider.default\">\n\t\t\t\t\t\t\t<div class=\"elementor-divider\">\n\t\t\t<span class=\"elementor-divider-separator\">\n\t\t\t\t\t\t<\/span>\n\t\t<\/div>\n\t\t\t\t\t\t<\/div>\n\t\t\t\t<div class=\"elementor-element elementor-element-85cdde5 elementor-widget elementor-widget-image\" data-id=\"85cdde5\" data-element_type=\"widget\" data-widget_type=\"image.default\">\n\t\t\t\t\t\t\t\t\t\t\t\t\t\t\t<img decoding=\"async\" width=\"1024\" height=\"571\" data-src=\"https:\/\/redelog.rj.gov.br\/redelog\/wp-content\/uploads\/2021\/10\/checklist-1024x571.jpg\" class=\"attachment-large size-large wp-image-11479 lazyload\" alt=\"\" data-srcset=\"https:\/\/redelog.rj.gov.br\/redelog\/wp-content\/uploads\/2021\/10\/checklist-1024x571.jpg 1024w, https:\/\/redelog.rj.gov.br\/redelog\/wp-content\/uploads\/2021\/10\/checklist-300x167.jpg 300w, https:\/\/redelog.rj.gov.br\/redelog\/wp-content\/uploads\/2021\/10\/checklist-768x428.jpg 768w, https:\/\/redelog.rj.gov.br\/redelog\/wp-content\/uploads\/2021\/10\/checklist-1536x856.jpg 1536w, https:\/\/redelog.rj.gov.br\/redelog\/wp-content\/uploads\/2021\/10\/checklist-2048x1141.jpg 2048w, https:\/\/redelog.rj.gov.br\/redelog\/wp-content\/uploads\/2021\/10\/checklist-150x85.jpg 150w, https:\/\/redelog.rj.gov.br\/redelog\/wp-content\/uploads\/2021\/10\/checklist-600x334.jpg 600w\" data-sizes=\"(max-width: 1024px) 100vw, 1024px\" src=\"data:image\/svg+xml;base64,PHN2ZyB3aWR0aD0iMSIgaGVpZ2h0PSIxIiB4bWxucz0iaHR0cDovL3d3dy53My5vcmcvMjAwMC9zdmciPjwvc3ZnPg==\" style=\"--smush-placeholder-width: 1024px; --smush-placeholder-aspect-ratio: 1024\/571;\" \/>\t\t\t\t\t\t\t\t\t\t\t\t\t\t\t<\/div>\n\t\t\t\t<div class=\"elementor-element elementor-element-84741cd elementor-widget elementor-widget-heading\" data-id=\"84741cd\" data-element_type=\"widget\" data-widget_type=\"heading.default\">\n\t\t\t\t\t<h3 class=\"elementor-heading-title elementor-size-default\">Checklist<\/h3>\t\t\t\t<\/div>\n\t\t\t\t<div class=\"elementor-element elementor-element-dff1756 elementor-widget elementor-widget-text-editor\" data-id=\"dff1756\" data-element_type=\"widget\" data-widget_type=\"text-editor.default\">\n\t\t\t\t\t\t\t\t\t<p><span style=\"font-weight: 400;\">Os processos de licita\u00e7\u00f5es envolvem uma s\u00e9rie de etapas e documentos que devem ser seguidos rigorosamente para garantir a transpar\u00eancia, a legalidade e a efici\u00eancia das contrata\u00e7\u00f5es. Nesse contexto, o uso de um checklist pode ser uma ferramenta \u00fatil para auxiliar na organiza\u00e7\u00e3o e na verifica\u00e7\u00e3o dos requisitos necess\u00e1rios em cada fase do processo de licita\u00e7\u00e3o.<\/span><\/p><div>O Checklist \u00e9\u00a0documento de verifica\u00e7\u00e3o\u00a0da fase preparat\u00f3ria da contrata\u00e7\u00e3o que possibilita ao servidor conduzir o processo administrativo com seguran\u00e7a, nos termos do incisoX<strong>,<\/strong>\u00a0do art. 5\u00b0 do <a href=\"https:\/\/leisestaduais.com.br\/rj\/decreto-n-48816-2023-rio-de-janeiro-regulamenta-a-fase-preparatoria-das-contratacoes-de-que-trata-a-lei-no-14-133-de-1o-de-abril-de-2021-no-ambito-da-administracao-publica-estadual-direta-autarquica-e-fundacional?q=48816&amp;origin=instituicao#\"><strong>Decreto 48.816\/2023<\/strong><\/a>.<\/div><div>\u00a0<\/div><div>Ainda, de acordo com o art. 49<strong>,<\/strong>\u00a0\u00a72\u00ba do <a href=\"https:\/\/leisestaduais.com.br\/rj\/decreto-n-48816-2023-rio-de-janeiro-regulamenta-a-fase-preparatoria-das-contratacoes-de-que-trata-a-lei-no-14-133-de-1o-de-abril-de-2021-no-ambito-da-administracao-publica-estadual-direta-autarquica-e-fundacional?q=48816&amp;origin=instituicao#\"><strong>Decreto 48.816\/2023<\/strong><\/a>,\u00a0do\u00a0antes da remessa do processo\u00a0\u00e0\u00a0assessoramento jur\u00eddico, a equipe de planejamento da contrata\u00e7\u00e3o ou servidor indicado pela autoridade competente dever\u00e1 preencher checklist, conforme modelo aprovado pela Procuradoria Geral do Estado,\u00a0conhecido como\u00a0<a href=\"https:\/\/pge.rj.gov.br\/entendimentos\/checklists-lei-14133\"><strong>Checklist \u2013 PGE<\/strong><\/a>, bem como declara\u00e7\u00e3o de conformidade com o modelo padronizado,\u00a0conforme art. 49, \u00a72\u00ba do <a href=\"https:\/\/leisestaduais.com.br\/rj\/decreto-n-48816-2023-rio-de-janeiro-regulamenta-a-fase-preparatoria-das-contratacoes-de-que-trata-a-lei-no-14-133-de-1o-de-abril-de-2021-no-ambito-da-administracao-publica-estadual-direta-autarquica-e-fundacional?q=48816&amp;origin=instituicao#\"><strong>Decreto n\u00ba 48.816\/2023<\/strong><\/a>.<\/div>\t\t\t\t\t\t\t\t<\/div>\n\t\t\t\t<div class=\"elementor-element elementor-element-db7c4c0 elementor-widget elementor-widget-heading\" data-id=\"db7c4c0\" data-element_type=\"widget\" data-widget_type=\"heading.default\">\n\t\t\t\t\t<h2 class=\"elementor-heading-title elementor-size-default\">Aten\u00e7\u00e3o!<\/h2>\t\t\t\t<\/div>\n\t\t\t\t<div class=\"elementor-element elementor-element-5d765ad elementor-widget elementor-widget-text-editor\" data-id=\"5d765ad\" data-element_type=\"widget\" data-widget_type=\"text-editor.default\">\n\t\t\t\t\t\t\t\t\t<ol><li>Os procedimentos de contrata\u00e7\u00e3o direta \u2013 dispensa e inexigibilidade de licita\u00e7\u00e3o \u2013 devem ser precedidos de controle de legalidade pelo \u00f3rg\u00e3o de assessoramento jur\u00eddico da Administra\u00e7\u00e3o, com fundamentos no no art. 53, \u00a7 4\u00ba da <a href=\"http:\/\/www.planalto.gov.br\/ccivil_03\/_ato2019-2022\/2021\/lei\/L14133.htm\"><strong>Lei n\u00ba 14.133\/2021<\/strong><\/a>.<\/li><\/ol><ul><li class=\"Texto_Justificado\">De acordo com a <strong><a href=\"https:\/\/redelog.rj.gov.br\/redelog\/resolucao-pge-no-5059-de-12-de-marco-de-2024\/\">Resolu\u00e7\u00e3o PGE N\u00b0 5059\/24<\/a><\/strong> fica dispensada an\u00e1lise jur\u00eddica, na forma do artigo 53, \u00a75\u00ba, da <a href=\"http:\/\/www.planalto.gov.br\/ccivil_03\/_ato2019-2022\/2021\/lei\/L14133.htm\"><strong>Lei n\u00ba 14.133, de 2021<\/strong><\/a>, nas seguintes hip\u00f3teses:<\/li><\/ul>\t\t\t\t\t\t\t\t<\/div>\n\t\t\t\t<div class=\"elementor-element elementor-element-bbae2d2 elementor-view-default elementor-position-top elementor-mobile-position-top elementor-widget elementor-widget-icon-box\" data-id=\"bbae2d2\" data-element_type=\"widget\" data-widget_type=\"icon-box.default\">\n\t\t\t\t\t\t\t<div class=\"elementor-icon-box-wrapper\">\n\n\t\t\t\t\t\t<div class=\"elementor-icon-box-icon\">\n\t\t\t\t<span  class=\"elementor-icon\">\n\t\t\t\t<svg aria-hidden=\"true\" class=\"e-font-icon-svg e-fas-money-bill-wave\" viewBox=\"0 0 640 512\" xmlns=\"http:\/\/www.w3.org\/2000\/svg\"><path d=\"M621.16 54.46C582.37 38.19 543.55 32 504.75 32c-123.17-.01-246.33 62.34-369.5 62.34-30.89 0-61.76-3.92-92.65-13.72-3.47-1.1-6.95-1.62-10.35-1.62C15.04 79 0 92.32 0 110.81v317.26c0 12.63 7.23 24.6 18.84 29.46C57.63 473.81 96.45 480 135.25 480c123.17 0 246.34-62.35 369.51-62.35 30.89 0 61.76 3.92 92.65 13.72 3.47 1.1 6.95 1.62 10.35 1.62 17.21 0 32.25-13.32 32.25-31.81V83.93c-.01-12.64-7.24-24.6-18.85-29.47zM48 132.22c20.12 5.04 41.12 7.57 62.72 8.93C104.84 170.54 79 192.69 48 192.69v-60.47zm0 285v-47.78c34.37 0 62.18 27.27 63.71 61.4-22.53-1.81-43.59-6.31-63.71-13.62zM320 352c-44.19 0-80-42.99-80-96 0-53.02 35.82-96 80-96s80 42.98 80 96c0 53.03-35.83 96-80 96zm272 27.78c-17.52-4.39-35.71-6.85-54.32-8.44 5.87-26.08 27.5-45.88 54.32-49.28v57.72zm0-236.11c-30.89-3.91-54.86-29.7-55.81-61.55 19.54 2.17 38.09 6.23 55.81 12.66v48.89z\"><\/path><\/svg>\t\t\t\t<\/span>\n\t\t\t<\/div>\n\t\t\t\n\t\t\t\t\t\t<div class=\"elementor-icon-box-content\">\n\n\t\t\t\t\n\t\t\t\t\t\t\t\t\t<p class=\"elementor-icon-box-description\">\n\t\t\t\t\t\t Contrata\u00e7\u00f5es diretas de pequeno valor, em quaisquer dos casos enumerados nos artigos 74 e 75 da Lei n\u00ba 14.133, de 2021, desde que seus valores n\u00e3o ultrapassem os limites previstos nos incisos I e II do art. 75; e\t\t\t\t\t<\/p>\n\t\t\t\t\n\t\t\t<\/div>\n\t\t\t\n\t\t<\/div>\n\t\t\t\t\t\t<\/div>\n\t\t\t\t<div class=\"elementor-element elementor-element-dc1a38e elementor-view-default elementor-position-top elementor-mobile-position-top elementor-widget elementor-widget-icon-box\" data-id=\"dc1a38e\" data-element_type=\"widget\" data-widget_type=\"icon-box.default\">\n\t\t\t\t\t\t\t<div class=\"elementor-icon-box-wrapper\">\n\n\t\t\t\t\t\t<div class=\"elementor-icon-box-icon\">\n\t\t\t\t<span  class=\"elementor-icon\">\n\t\t\t\t<i aria-hidden=\"true\" class=\" icofont-file-document\"><\/i>\t\t\t\t<\/span>\n\t\t\t<\/div>\n\t\t\t\n\t\t\t\t\t\t<div class=\"elementor-icon-box-content\">\n\n\t\t\t\t\n\t\t\t\t\t\t\t\t\t<p class=\"elementor-icon-box-description\">\n\t\t\t\t\t\tContrata\u00e7\u00e3o por \u00f3rg\u00e3os ou entidades participantes de Ata de Registro de Pre\u00e7os.\t\t\t\t\t<\/p>\n\t\t\t\t\n\t\t\t<\/div>\n\t\t\t\n\t\t<\/div>\n\t\t\t\t\t\t<\/div>\n\t\t\t\t<div class=\"elementor-element elementor-element-881ca8f elementor-widget-divider--view-line elementor-widget elementor-widget-divider\" data-id=\"881ca8f\" data-element_type=\"widget\" data-widget_type=\"divider.default\">\n\t\t\t\t\t\t\t<div class=\"elementor-divider\">\n\t\t\t<span class=\"elementor-divider-separator\">\n\t\t\t\t\t\t<\/span>\n\t\t<\/div>\n\t\t\t\t\t\t<\/div>\n\t\t\t\t\t<\/div>\n\t\t<\/div>\n\t\t\t\t\t<\/div>\n\t\t<\/section>\n\t\t\t\t<section class=\"elementor-section elementor-top-section elementor-element elementor-element-95fa563 elementor-section-boxed elementor-section-height-default elementor-section-height-default\" data-id=\"95fa563\" data-element_type=\"section\" id=\"options\" data-settings=\"{&quot;jet_parallax_layout_list&quot;:[{&quot;jet_parallax_layout_image&quot;:{&quot;url&quot;:&quot;&quot;,&quot;id&quot;:&quot;&quot;,&quot;size&quot;:&quot;&quot;},&quot;_id&quot;:&quot;d3cdd8d&quot;,&quot;jet_parallax_layout_image_tablet&quot;:{&quot;url&quot;:&quot;&quot;,&quot;id&quot;:&quot;&quot;,&quot;size&quot;:&quot;&quot;},&quot;jet_parallax_layout_image_mobile&quot;:{&quot;url&quot;:&quot;&quot;,&quot;id&quot;:&quot;&quot;,&quot;size&quot;:&quot;&quot;},&quot;jet_parallax_layout_speed&quot;:{&quot;unit&quot;:&quot;%&quot;,&quot;size&quot;:50,&quot;sizes&quot;:[]},&quot;jet_parallax_layout_type&quot;:&quot;scroll&quot;,&quot;jet_parallax_layout_direction&quot;:&quot;1&quot;,&quot;jet_parallax_layout_fx_direction&quot;:null,&quot;jet_parallax_layout_z_index&quot;:&quot;&quot;,&quot;jet_parallax_layout_bg_x&quot;:50,&quot;jet_parallax_layout_bg_x_tablet&quot;:&quot;&quot;,&quot;jet_parallax_layout_bg_x_mobile&quot;:&quot;&quot;,&quot;jet_parallax_layout_bg_y&quot;:50,&quot;jet_parallax_layout_bg_y_tablet&quot;:&quot;&quot;,&quot;jet_parallax_layout_bg_y_mobile&quot;:&quot;&quot;,&quot;jet_parallax_layout_bg_size&quot;:&quot;auto&quot;,&quot;jet_parallax_layout_bg_size_tablet&quot;:&quot;&quot;,&quot;jet_parallax_layout_bg_size_mobile&quot;:&quot;&quot;,&quot;jet_parallax_layout_animation_prop&quot;:&quot;transform&quot;,&quot;jet_parallax_layout_on&quot;:[&quot;desktop&quot;,&quot;tablet&quot;]}]}\">\n\t\t\t\t\t\t<div class=\"elementor-container elementor-column-gap-default\">\n\t\t\t\t\t<div class=\"elementor-column elementor-col-100 elementor-top-column elementor-element elementor-element-9c99fba\" data-id=\"9c99fba\" data-element_type=\"column\">\n\t\t\t<div class=\"elementor-widget-wrap elementor-element-populated\">\n\t\t\t\t\t\t<div class=\"elementor-element elementor-element-ef941db elementor-widget elementor-widget-shortcode\" data-id=\"ef941db\" data-element_type=\"widget\" data-widget_type=\"shortcode.default\">\n\t\t\t\t\t\t\t<div class=\"elementor-shortcode\"><div class='printomatic pom-default ' id='id863' alt='Imprimir' title='Imprimir' data-print_target='#post-28015'><\/div> <div class='printomatictext' id='id863' alt='Imprimir' title='Imprimir' data-print_target='#post-28015'>Imprimir<\/div><div style='clear: both;'><\/div><\/div>\n\t\t\t\t\t\t<\/div>\n\t\t\t\t\t<\/div>\n\t\t<\/div>\n\t\t\t\t\t<\/div>\n\t\t<\/section>\n\t\t\t\t<section class=\"elementor-section elementor-top-section elementor-element elementor-element-52a821b elementor-section-boxed elementor-section-height-default elementor-section-height-default\" data-id=\"52a821b\" data-element_type=\"section\" data-settings=\"{&quot;jet_parallax_layout_list&quot;:[{&quot;jet_parallax_layout_image&quot;:{&quot;url&quot;:&quot;&quot;,&quot;id&quot;:&quot;&quot;,&quot;size&quot;:&quot;&quot;},&quot;_id&quot;:&quot;fb229d4&quot;,&quot;jet_parallax_layout_image_tablet&quot;:{&quot;url&quot;:&quot;&quot;,&quot;id&quot;:&quot;&quot;,&quot;size&quot;:&quot;&quot;},&quot;jet_parallax_layout_image_mobile&quot;:{&quot;url&quot;:&quot;&quot;,&quot;id&quot;:&quot;&quot;,&quot;size&quot;:&quot;&quot;},&quot;jet_parallax_layout_speed&quot;:{&quot;unit&quot;:&quot;%&quot;,&quot;size&quot;:50,&quot;sizes&quot;:[]},&quot;jet_parallax_layout_type&quot;:&quot;scroll&quot;,&quot;jet_parallax_layout_direction&quot;:&quot;1&quot;,&quot;jet_parallax_layout_fx_direction&quot;:null,&quot;jet_parallax_layout_z_index&quot;:&quot;&quot;,&quot;jet_parallax_layout_bg_x&quot;:50,&quot;jet_parallax_layout_bg_x_tablet&quot;:&quot;&quot;,&quot;jet_parallax_layout_bg_x_mobile&quot;:&quot;&quot;,&quot;jet_parallax_layout_bg_y&quot;:50,&quot;jet_parallax_layout_bg_y_tablet&quot;:&quot;&quot;,&quot;jet_parallax_layout_bg_y_mobile&quot;:&quot;&quot;,&quot;jet_parallax_layout_bg_size&quot;:&quot;auto&quot;,&quot;jet_parallax_layout_bg_size_tablet&quot;:&quot;&quot;,&quot;jet_parallax_layout_bg_size_mobile&quot;:&quot;&quot;,&quot;jet_parallax_layout_animation_prop&quot;:&quot;transform&quot;,&quot;jet_parallax_layout_on&quot;:[&quot;desktop&quot;,&quot;tablet&quot;]}]}\">\n\t\t\t\t\t\t<div class=\"elementor-container elementor-column-gap-default\">\n\t\t\t\t\t<div class=\"elementor-column elementor-col-50 elementor-top-column elementor-element elementor-element-ed8d808\" data-id=\"ed8d808\" data-element_type=\"column\">\n\t\t\t<div class=\"elementor-widget-wrap elementor-element-populated\">\n\t\t\t\t\t\t<div class=\"elementor-element elementor-element-8bb2cb3 elementor-widget elementor-widget-text-editor\" data-id=\"8bb2cb3\" data-element_type=\"widget\" data-widget_type=\"text-editor.default\">\n\t\t\t\t\t\t\t\t\t<p><a href=\"https:\/\/redelog.rj.gov.br\/redelog\/instrumento-convocatorio-2\/\"><strong>\u2190 Instrumento Convocat\u00f3rio\u00a0<\/strong><\/a><\/p>\t\t\t\t\t\t\t\t<\/div>\n\t\t\t\t\t<\/div>\n\t\t<\/div>\n\t\t\t\t<div class=\"elementor-column elementor-col-50 elementor-top-column elementor-element elementor-element-ebe625f\" data-id=\"ebe625f\" data-element_type=\"column\">\n\t\t\t<div class=\"elementor-widget-wrap elementor-element-populated\">\n\t\t\t\t\t\t<div class=\"elementor-element elementor-element-28c693f elementor-widget elementor-widget-text-editor\" data-id=\"28c693f\" data-element_type=\"widget\" data-widget_type=\"text-editor.default\">\n\t\t\t\t\t\t\t\t\t<p><a href=\"https:\/\/redelog.rj.gov.br\/redelog\/aprovacao-2\/\"><strong>Aprova\u00e7\u00e3o \u2192<\/strong><\/a><\/p>\t\t\t\t\t\t\t\t<\/div>\n\t\t\t\t\t<\/div>\n\t\t<\/div>\n\t\t\t\t\t<\/div>\n\t\t<\/section>\n\t\t\t\t<\/div>\n\t\t","protected":false},"excerpt":{"rendered":"<p>O parecer \u00e9 documento emitido pela assessoramento jur\u00eddico ao final da fase preparat\u00f3ria, previamente \u00e0 contrata\u00e7\u00e3o para avaliar sua viabilidade jur\u00eddica. Conforme disposto no inciso XI,\u00a0do art. 5\u00ba do Decreto n\u00ba 48.816\/2023,a assessoria jur\u00eddica\u00a0do \u00f3rg\u00e3o ou entidade \u00e9 respons\u00e1vel pelo exame e aprova\u00e7\u00e3o das minutas de instrumento convocat\u00f3rio, de contrato ou instrumentos similares. No entanto, [&hellip;]<\/p>\n","protected":false},"author":25,"featured_media":0,"comment_status":"closed","ping_status":"open","sticky":false,"template":"","format":"standard","meta":{"_joinchat":[],"footnotes":""},"categories":[28],"tags":[],"class_list":["post-28015","post","type-post","status-publish","format-standard","hentry","category-cat-fase-preparatoria"],"yoast_head":"<!-- This site is optimized with the Yoast SEO plugin v25.7 - https:\/\/yoast.com\/wordpress\/plugins\/seo\/ -->\n<title>PARECER JUR\u00cdDICO - Redelog<\/title>\n<meta name=\"robots\" content=\"index, follow, max-snippet:-1, max-image-preview:large, max-video-preview:-1\" \/>\n<link rel=\"canonical\" href=\"https:\/\/redelog.rj.gov.br\/redelog\/parecer-juridico-2\/\" \/>\n<meta property=\"og:locale\" content=\"pt_BR\" \/>\n<meta property=\"og:type\" content=\"article\" \/>\n<meta property=\"og:title\" content=\"PARECER JUR\u00cdDICO - Redelog\" \/>\n<meta property=\"og:description\" content=\"O parecer \u00e9 documento emitido pela assessoramento jur\u00eddico ao final da fase preparat\u00f3ria, previamente \u00e0 contrata\u00e7\u00e3o para avaliar sua viabilidade jur\u00eddica. Conforme disposto no inciso XI,\u00a0do art. 5\u00ba do Decreto n\u00ba 48.816\/2023,a assessoria jur\u00eddica\u00a0do \u00f3rg\u00e3o ou entidade \u00e9 respons\u00e1vel pelo exame e aprova\u00e7\u00e3o das minutas de instrumento convocat\u00f3rio, de contrato ou instrumentos similares. No entanto, [&hellip;]\" \/>\n<meta property=\"og:url\" content=\"https:\/\/redelog.rj.gov.br\/redelog\/parecer-juridico-2\/\" \/>\n<meta property=\"og:site_name\" content=\"Redelog\" \/>\n<meta property=\"article:published_time\" content=\"2024-02-19T17:47:46+00:00\" \/>\n<meta property=\"article:modified_time\" content=\"2024-04-17T18:20:02+00:00\" \/>\n<meta property=\"og:image\" content=\"https:\/\/www.redelog.rj.gov.br\/redelog\/wp-content\/uploads\/2021\/10\/prancheta.jpg\" \/>\n<meta name=\"author\" content=\"Luisa Maravilhas de Carvalho\" \/>\n<meta name=\"twitter:card\" content=\"summary_large_image\" \/>\n<meta name=\"twitter:label1\" content=\"Escrito por\" \/>\n\t<meta name=\"twitter:data1\" content=\"Luisa Maravilhas de Carvalho\" \/>\n\t<meta name=\"twitter:label2\" content=\"Est. tempo de leitura\" \/>\n\t<meta name=\"twitter:data2\" content=\"4 minutos\" \/>\n<script type=\"application\/ld+json\" class=\"yoast-schema-graph\">{\"@context\":\"https:\/\/schema.org\",\"@graph\":[{\"@type\":\"Article\",\"@id\":\"https:\/\/redelog.rj.gov.br\/redelog\/parecer-juridico-2\/#article\",\"isPartOf\":{\"@id\":\"https:\/\/redelog.rj.gov.br\/redelog\/parecer-juridico-2\/\"},\"author\":{\"name\":\"Luisa Maravilhas de Carvalho\",\"@id\":\"https:\/\/redelog.rj.gov.br\/redelog\/#\/schema\/person\/dd6a5779d3028a21ef65c6e4af7c1edb\"},\"headline\":\"PARECER JUR\u00cdDICO\",\"datePublished\":\"2024-02-19T17:47:46+00:00\",\"dateModified\":\"2024-04-17T18:20:02+00:00\",\"mainEntityOfPage\":{\"@id\":\"https:\/\/redelog.rj.gov.br\/redelog\/parecer-juridico-2\/\"},\"wordCount\":478,\"publisher\":{\"@id\":\"https:\/\/redelog.rj.gov.br\/redelog\/#organization\"},\"image\":{\"@id\":\"https:\/\/redelog.rj.gov.br\/redelog\/parecer-juridico-2\/#primaryimage\"},\"thumbnailUrl\":\"https:\/\/www.redelog.rj.gov.br\/redelog\/wp-content\/uploads\/2021\/10\/prancheta.jpg\",\"articleSection\":[\"Fase Preparat\u00f3ria\"],\"inLanguage\":\"pt-BR\"},{\"@type\":\"WebPage\",\"@id\":\"https:\/\/redelog.rj.gov.br\/redelog\/parecer-juridico-2\/\",\"url\":\"https:\/\/redelog.rj.gov.br\/redelog\/parecer-juridico-2\/\",\"name\":\"PARECER JUR\u00cdDICO - Redelog\",\"isPartOf\":{\"@id\":\"https:\/\/redelog.rj.gov.br\/redelog\/#website\"},\"primaryImageOfPage\":{\"@id\":\"https:\/\/redelog.rj.gov.br\/redelog\/parecer-juridico-2\/#primaryimage\"},\"image\":{\"@id\":\"https:\/\/redelog.rj.gov.br\/redelog\/parecer-juridico-2\/#primaryimage\"},\"thumbnailUrl\":\"https:\/\/www.redelog.rj.gov.br\/redelog\/wp-content\/uploads\/2021\/10\/prancheta.jpg\",\"datePublished\":\"2024-02-19T17:47:46+00:00\",\"dateModified\":\"2024-04-17T18:20:02+00:00\",\"breadcrumb\":{\"@id\":\"https:\/\/redelog.rj.gov.br\/redelog\/parecer-juridico-2\/#breadcrumb\"},\"inLanguage\":\"pt-BR\",\"potentialAction\":[{\"@type\":\"ReadAction\",\"target\":[\"https:\/\/redelog.rj.gov.br\/redelog\/parecer-juridico-2\/\"]}]},{\"@type\":\"ImageObject\",\"inLanguage\":\"pt-BR\",\"@id\":\"https:\/\/redelog.rj.gov.br\/redelog\/parecer-juridico-2\/#primaryimage\",\"url\":\"https:\/\/www.redelog.rj.gov.br\/redelog\/wp-content\/uploads\/2021\/10\/prancheta.jpg\",\"contentUrl\":\"https:\/\/www.redelog.rj.gov.br\/redelog\/wp-content\/uploads\/2021\/10\/prancheta.jpg\"},{\"@type\":\"BreadcrumbList\",\"@id\":\"https:\/\/redelog.rj.gov.br\/redelog\/parecer-juridico-2\/#breadcrumb\",\"itemListElement\":[{\"@type\":\"ListItem\",\"position\":1,\"name\":\"Home\",\"item\":\"https:\/\/redelog.rj.gov.br\/redelog\/\"},{\"@type\":\"ListItem\",\"position\":2,\"name\":\"PARECER JUR\u00cdDICO\"}]},{\"@type\":\"WebSite\",\"@id\":\"https:\/\/redelog.rj.gov.br\/redelog\/#website\",\"url\":\"https:\/\/redelog.rj.gov.br\/redelog\/\",\"name\":\"Redelog\",\"description\":\"Site da Rede de Log\u00edstica e Planejamento do Estado do Rio de Janeiro\",\"publisher\":{\"@id\":\"https:\/\/redelog.rj.gov.br\/redelog\/#organization\"},\"potentialAction\":[{\"@type\":\"SearchAction\",\"target\":{\"@type\":\"EntryPoint\",\"urlTemplate\":\"https:\/\/redelog.rj.gov.br\/redelog\/?s={search_term_string}\"},\"query-input\":{\"@type\":\"PropertyValueSpecification\",\"valueRequired\":true,\"valueName\":\"search_term_string\"}}],\"inLanguage\":\"pt-BR\"},{\"@type\":\"Organization\",\"@id\":\"https:\/\/redelog.rj.gov.br\/redelog\/#organization\",\"name\":\"REDELOG\",\"url\":\"https:\/\/redelog.rj.gov.br\/redelog\/\",\"logo\":{\"@type\":\"ImageObject\",\"inLanguage\":\"pt-BR\",\"@id\":\"https:\/\/redelog.rj.gov.br\/redelog\/#\/schema\/logo\/image\/\",\"url\":\"http:\/\/10.10.8.100:8888\/redelog\/wp-content\/uploads\/2019\/09\/Redelog2.png\",\"contentUrl\":\"http:\/\/10.10.8.100:8888\/redelog\/wp-content\/uploads\/2019\/09\/Redelog2.png\",\"width\":565,\"height\":155,\"caption\":\"REDELOG\"},\"image\":{\"@id\":\"https:\/\/redelog.rj.gov.br\/redelog\/#\/schema\/logo\/image\/\"}},{\"@type\":\"Person\",\"@id\":\"https:\/\/redelog.rj.gov.br\/redelog\/#\/schema\/person\/dd6a5779d3028a21ef65c6e4af7c1edb\",\"name\":\"Luisa Maravilhas de Carvalho\",\"image\":{\"@type\":\"ImageObject\",\"inLanguage\":\"pt-BR\",\"@id\":\"https:\/\/redelog.rj.gov.br\/redelog\/#\/schema\/person\/image\/\",\"url\":\"https:\/\/secure.gravatar.com\/avatar\/42eea343007bb4bb43265a1df0b9eebe3b0ff8ee578355b2f834803cdddc604a?s=96&d=mm&r=g\",\"contentUrl\":\"https:\/\/secure.gravatar.com\/avatar\/42eea343007bb4bb43265a1df0b9eebe3b0ff8ee578355b2f834803cdddc604a?s=96&d=mm&r=g\",\"caption\":\"Luisa Maravilhas de Carvalho\"},\"url\":\"https:\/\/redelog.rj.gov.br\/redelog\/author\/luisa-carvalho\/\"}]}<\/script>\n<!-- \/ Yoast SEO plugin. -->","yoast_head_json":{"title":"PARECER JUR\u00cdDICO - Redelog","robots":{"index":"index","follow":"follow","max-snippet":"max-snippet:-1","max-image-preview":"max-image-preview:large","max-video-preview":"max-video-preview:-1"},"canonical":"https:\/\/redelog.rj.gov.br\/redelog\/parecer-juridico-2\/","og_locale":"pt_BR","og_type":"article","og_title":"PARECER JUR\u00cdDICO - Redelog","og_description":"O parecer \u00e9 documento emitido pela assessoramento jur\u00eddico ao final da fase preparat\u00f3ria, previamente \u00e0 contrata\u00e7\u00e3o para avaliar sua viabilidade jur\u00eddica. Conforme disposto no inciso XI,\u00a0do art. 5\u00ba do Decreto n\u00ba 48.816\/2023,a assessoria jur\u00eddica\u00a0do \u00f3rg\u00e3o ou entidade \u00e9 respons\u00e1vel pelo exame e aprova\u00e7\u00e3o das minutas de instrumento convocat\u00f3rio, de contrato ou instrumentos similares. No entanto, [&hellip;]","og_url":"https:\/\/redelog.rj.gov.br\/redelog\/parecer-juridico-2\/","og_site_name":"Redelog","article_published_time":"2024-02-19T17:47:46+00:00","article_modified_time":"2024-04-17T18:20:02+00:00","og_image":[{"url":"https:\/\/www.redelog.rj.gov.br\/redelog\/wp-content\/uploads\/2021\/10\/prancheta.jpg","type":"","width":"","height":""}],"author":"Luisa Maravilhas de Carvalho","twitter_card":"summary_large_image","twitter_misc":{"Escrito por":"Luisa Maravilhas de Carvalho","Est. tempo de leitura":"4 minutos"},"schema":{"@context":"https:\/\/schema.org","@graph":[{"@type":"Article","@id":"https:\/\/redelog.rj.gov.br\/redelog\/parecer-juridico-2\/#article","isPartOf":{"@id":"https:\/\/redelog.rj.gov.br\/redelog\/parecer-juridico-2\/"},"author":{"name":"Luisa Maravilhas de Carvalho","@id":"https:\/\/redelog.rj.gov.br\/redelog\/#\/schema\/person\/dd6a5779d3028a21ef65c6e4af7c1edb"},"headline":"PARECER JUR\u00cdDICO","datePublished":"2024-02-19T17:47:46+00:00","dateModified":"2024-04-17T18:20:02+00:00","mainEntityOfPage":{"@id":"https:\/\/redelog.rj.gov.br\/redelog\/parecer-juridico-2\/"},"wordCount":478,"publisher":{"@id":"https:\/\/redelog.rj.gov.br\/redelog\/#organization"},"image":{"@id":"https:\/\/redelog.rj.gov.br\/redelog\/parecer-juridico-2\/#primaryimage"},"thumbnailUrl":"https:\/\/www.redelog.rj.gov.br\/redelog\/wp-content\/uploads\/2021\/10\/prancheta.jpg","articleSection":["Fase Preparat\u00f3ria"],"inLanguage":"pt-BR"},{"@type":"WebPage","@id":"https:\/\/redelog.rj.gov.br\/redelog\/parecer-juridico-2\/","url":"https:\/\/redelog.rj.gov.br\/redelog\/parecer-juridico-2\/","name":"PARECER JUR\u00cdDICO - Redelog","isPartOf":{"@id":"https:\/\/redelog.rj.gov.br\/redelog\/#website"},"primaryImageOfPage":{"@id":"https:\/\/redelog.rj.gov.br\/redelog\/parecer-juridico-2\/#primaryimage"},"image":{"@id":"https:\/\/redelog.rj.gov.br\/redelog\/parecer-juridico-2\/#primaryimage"},"thumbnailUrl":"https:\/\/www.redelog.rj.gov.br\/redelog\/wp-content\/uploads\/2021\/10\/prancheta.jpg","datePublished":"2024-02-19T17:47:46+00:00","dateModified":"2024-04-17T18:20:02+00:00","breadcrumb":{"@id":"https:\/\/redelog.rj.gov.br\/redelog\/parecer-juridico-2\/#breadcrumb"},"inLanguage":"pt-BR","potentialAction":[{"@type":"ReadAction","target":["https:\/\/redelog.rj.gov.br\/redelog\/parecer-juridico-2\/"]}]},{"@type":"ImageObject","inLanguage":"pt-BR","@id":"https:\/\/redelog.rj.gov.br\/redelog\/parecer-juridico-2\/#primaryimage","url":"https:\/\/www.redelog.rj.gov.br\/redelog\/wp-content\/uploads\/2021\/10\/prancheta.jpg","contentUrl":"https:\/\/www.redelog.rj.gov.br\/redelog\/wp-content\/uploads\/2021\/10\/prancheta.jpg"},{"@type":"BreadcrumbList","@id":"https:\/\/redelog.rj.gov.br\/redelog\/parecer-juridico-2\/#breadcrumb","itemListElement":[{"@type":"ListItem","position":1,"name":"Home","item":"https:\/\/redelog.rj.gov.br\/redelog\/"},{"@type":"ListItem","position":2,"name":"PARECER JUR\u00cdDICO"}]},{"@type":"WebSite","@id":"https:\/\/redelog.rj.gov.br\/redelog\/#website","url":"https:\/\/redelog.rj.gov.br\/redelog\/","name":"Redelog","description":"Site da Rede de Log\u00edstica e Planejamento do Estado do Rio de Janeiro","publisher":{"@id":"https:\/\/redelog.rj.gov.br\/redelog\/#organization"},"potentialAction":[{"@type":"SearchAction","target":{"@type":"EntryPoint","urlTemplate":"https:\/\/redelog.rj.gov.br\/redelog\/?s={search_term_string}"},"query-input":{"@type":"PropertyValueSpecification","valueRequired":true,"valueName":"search_term_string"}}],"inLanguage":"pt-BR"},{"@type":"Organization","@id":"https:\/\/redelog.rj.gov.br\/redelog\/#organization","name":"REDELOG","url":"https:\/\/redelog.rj.gov.br\/redelog\/","logo":{"@type":"ImageObject","inLanguage":"pt-BR","@id":"https:\/\/redelog.rj.gov.br\/redelog\/#\/schema\/logo\/image\/","url":"http:\/\/10.10.8.100:8888\/redelog\/wp-content\/uploads\/2019\/09\/Redelog2.png","contentUrl":"http:\/\/10.10.8.100:8888\/redelog\/wp-content\/uploads\/2019\/09\/Redelog2.png","width":565,"height":155,"caption":"REDELOG"},"image":{"@id":"https:\/\/redelog.rj.gov.br\/redelog\/#\/schema\/logo\/image\/"}},{"@type":"Person","@id":"https:\/\/redelog.rj.gov.br\/redelog\/#\/schema\/person\/dd6a5779d3028a21ef65c6e4af7c1edb","name":"Luisa Maravilhas de Carvalho","image":{"@type":"ImageObject","inLanguage":"pt-BR","@id":"https:\/\/redelog.rj.gov.br\/redelog\/#\/schema\/person\/image\/","url":"https:\/\/secure.gravatar.com\/avatar\/42eea343007bb4bb43265a1df0b9eebe3b0ff8ee578355b2f834803cdddc604a?s=96&d=mm&r=g","contentUrl":"https:\/\/secure.gravatar.com\/avatar\/42eea343007bb4bb43265a1df0b9eebe3b0ff8ee578355b2f834803cdddc604a?s=96&d=mm&r=g","caption":"Luisa Maravilhas de Carvalho"},"url":"https:\/\/redelog.rj.gov.br\/redelog\/author\/luisa-carvalho\/"}]}},"_links":{"self":[{"href":"https:\/\/redelog.rj.gov.br\/redelog\/wp-json\/wp\/v2\/posts\/28015","targetHints":{"allow":["GET"]}}],"collection":[{"href":"https:\/\/redelog.rj.gov.br\/redelog\/wp-json\/wp\/v2\/posts"}],"about":[{"href":"https:\/\/redelog.rj.gov.br\/redelog\/wp-json\/wp\/v2\/types\/post"}],"author":[{"embeddable":true,"href":"https:\/\/redelog.rj.gov.br\/redelog\/wp-json\/wp\/v2\/users\/25"}],"replies":[{"embeddable":true,"href":"https:\/\/redelog.rj.gov.br\/redelog\/wp-json\/wp\/v2\/comments?post=28015"}],"version-history":[{"count":55,"href":"https:\/\/redelog.rj.gov.br\/redelog\/wp-json\/wp\/v2\/posts\/28015\/revisions"}],"predecessor-version":[{"id":29649,"href":"https:\/\/redelog.rj.gov.br\/redelog\/wp-json\/wp\/v2\/posts\/28015\/revisions\/29649"}],"wp:attachment":[{"href":"https:\/\/redelog.rj.gov.br\/redelog\/wp-json\/wp\/v2\/media?parent=28015"}],"wp:term":[{"taxonomy":"category","embeddable":true,"href":"https:\/\/redelog.rj.gov.br\/redelog\/wp-json\/wp\/v2\/categories?post=28015"},{"taxonomy":"post_tag","embeddable":true,"href":"https:\/\/redelog.rj.gov.br\/redelog\/wp-json\/wp\/v2\/tags?post=28015"}],"curies":[{"name":"wp","href":"https:\/\/api.w.org\/{rel}","templated":true}]}}