{"id":27975,"date":"2024-02-19T14:22:54","date_gmt":"2024-02-19T17:22:54","guid":{"rendered":"https:\/\/redelog.rj.gov.br\/redelog\/?p=27975"},"modified":"2024-04-17T15:16:30","modified_gmt":"2024-04-17T18:16:30","slug":"instrumento-convocatorio-2","status":"publish","type":"post","link":"https:\/\/redelog.rj.gov.br\/redelog\/instrumento-convocatorio-2\/","title":{"rendered":"INSTRUMENTO CONVOCAT\u00d3RIO"},"content":{"rendered":"\t\t<div data-elementor-type=\"wp-post\" data-elementor-id=\"27975\" class=\"elementor elementor-27975\" data-elementor-post-type=\"post\">\n\t\t\t\t\t\t<section class=\"elementor-section elementor-top-section elementor-element elementor-element-e58c4ef elementor-section-boxed elementor-section-height-default elementor-section-height-default\" data-id=\"e58c4ef\" data-element_type=\"section\" data-settings=\"{&quot;jet_parallax_layout_list&quot;:[{&quot;jet_parallax_layout_image&quot;:{&quot;url&quot;:&quot;&quot;,&quot;id&quot;:&quot;&quot;,&quot;size&quot;:&quot;&quot;},&quot;_id&quot;:&quot;38613a2&quot;,&quot;jet_parallax_layout_image_tablet&quot;:{&quot;url&quot;:&quot;&quot;,&quot;id&quot;:&quot;&quot;,&quot;size&quot;:&quot;&quot;},&quot;jet_parallax_layout_image_mobile&quot;:{&quot;url&quot;:&quot;&quot;,&quot;id&quot;:&quot;&quot;,&quot;size&quot;:&quot;&quot;},&quot;jet_parallax_layout_speed&quot;:{&quot;unit&quot;:&quot;%&quot;,&quot;size&quot;:50,&quot;sizes&quot;:[]},&quot;jet_parallax_layout_type&quot;:&quot;scroll&quot;,&quot;jet_parallax_layout_direction&quot;:&quot;1&quot;,&quot;jet_parallax_layout_fx_direction&quot;:null,&quot;jet_parallax_layout_z_index&quot;:&quot;&quot;,&quot;jet_parallax_layout_bg_x&quot;:50,&quot;jet_parallax_layout_bg_x_tablet&quot;:&quot;&quot;,&quot;jet_parallax_layout_bg_x_mobile&quot;:&quot;&quot;,&quot;jet_parallax_layout_bg_y&quot;:50,&quot;jet_parallax_layout_bg_y_tablet&quot;:&quot;&quot;,&quot;jet_parallax_layout_bg_y_mobile&quot;:&quot;&quot;,&quot;jet_parallax_layout_bg_size&quot;:&quot;auto&quot;,&quot;jet_parallax_layout_bg_size_tablet&quot;:&quot;&quot;,&quot;jet_parallax_layout_bg_size_mobile&quot;:&quot;&quot;,&quot;jet_parallax_layout_animation_prop&quot;:&quot;transform&quot;,&quot;jet_parallax_layout_on&quot;:[&quot;desktop&quot;,&quot;tablet&quot;]}]}\">\n\t\t\t\t\t\t<div class=\"elementor-container elementor-column-gap-default\">\n\t\t\t\t\t<div class=\"elementor-column elementor-col-100 elementor-top-column elementor-element elementor-element-970e513\" data-id=\"970e513\" data-element_type=\"column\">\n\t\t\t<div class=\"elementor-widget-wrap elementor-element-populated\">\n\t\t\t\t\t\t<div class=\"elementor-element elementor-element-f997fd1 elementor-widget-divider--view-line elementor-widget elementor-widget-divider\" data-id=\"f997fd1\" data-element_type=\"widget\" data-widget_type=\"divider.default\">\n\t\t\t\t\t\t\t<div class=\"elementor-divider\">\n\t\t\t<span class=\"elementor-divider-separator\">\n\t\t\t\t\t\t<\/span>\n\t\t<\/div>\n\t\t\t\t\t\t<\/div>\n\t\t\t\t\t<\/div>\n\t\t<\/div>\n\t\t\t\t\t<\/div>\n\t\t<\/section>\n\t\t\t\t<section class=\"elementor-section elementor-top-section elementor-element elementor-element-1f3ca4d elementor-section-boxed elementor-section-height-default elementor-section-height-default\" data-id=\"1f3ca4d\" data-element_type=\"section\" data-settings=\"{&quot;jet_parallax_layout_list&quot;:[{&quot;jet_parallax_layout_image&quot;:{&quot;url&quot;:&quot;&quot;,&quot;id&quot;:&quot;&quot;,&quot;size&quot;:&quot;&quot;},&quot;_id&quot;:&quot;546b2cd&quot;,&quot;jet_parallax_layout_image_tablet&quot;:{&quot;url&quot;:&quot;&quot;,&quot;id&quot;:&quot;&quot;,&quot;size&quot;:&quot;&quot;},&quot;jet_parallax_layout_image_mobile&quot;:{&quot;url&quot;:&quot;&quot;,&quot;id&quot;:&quot;&quot;,&quot;size&quot;:&quot;&quot;},&quot;jet_parallax_layout_speed&quot;:{&quot;unit&quot;:&quot;%&quot;,&quot;size&quot;:50,&quot;sizes&quot;:[]},&quot;jet_parallax_layout_type&quot;:&quot;scroll&quot;,&quot;jet_parallax_layout_direction&quot;:&quot;1&quot;,&quot;jet_parallax_layout_fx_direction&quot;:null,&quot;jet_parallax_layout_z_index&quot;:&quot;&quot;,&quot;jet_parallax_layout_bg_x&quot;:50,&quot;jet_parallax_layout_bg_x_tablet&quot;:&quot;&quot;,&quot;jet_parallax_layout_bg_x_mobile&quot;:&quot;&quot;,&quot;jet_parallax_layout_bg_y&quot;:50,&quot;jet_parallax_layout_bg_y_tablet&quot;:&quot;&quot;,&quot;jet_parallax_layout_bg_y_mobile&quot;:&quot;&quot;,&quot;jet_parallax_layout_bg_size&quot;:&quot;auto&quot;,&quot;jet_parallax_layout_bg_size_tablet&quot;:&quot;&quot;,&quot;jet_parallax_layout_bg_size_mobile&quot;:&quot;&quot;,&quot;jet_parallax_layout_animation_prop&quot;:&quot;transform&quot;,&quot;jet_parallax_layout_on&quot;:[&quot;desktop&quot;,&quot;tablet&quot;]}]}\">\n\t\t\t\t\t\t<div class=\"elementor-container elementor-column-gap-default\">\n\t\t\t\t\t<div class=\"elementor-column elementor-col-100 elementor-top-column elementor-element elementor-element-2e77da2\" data-id=\"2e77da2\" data-element_type=\"column\">\n\t\t\t<div class=\"elementor-widget-wrap elementor-element-populated\">\n\t\t\t\t\t\t<section class=\"elementor-section elementor-inner-section elementor-element elementor-element-300225e elementor-section-boxed elementor-section-height-default elementor-section-height-default\" data-id=\"300225e\" data-element_type=\"section\" data-settings=\"{&quot;jet_parallax_layout_list&quot;:[{&quot;jet_parallax_layout_image&quot;:{&quot;url&quot;:&quot;&quot;,&quot;id&quot;:&quot;&quot;,&quot;size&quot;:&quot;&quot;},&quot;_id&quot;:&quot;4f904c3&quot;,&quot;jet_parallax_layout_image_tablet&quot;:{&quot;url&quot;:&quot;&quot;,&quot;id&quot;:&quot;&quot;,&quot;size&quot;:&quot;&quot;},&quot;jet_parallax_layout_image_mobile&quot;:{&quot;url&quot;:&quot;&quot;,&quot;id&quot;:&quot;&quot;,&quot;size&quot;:&quot;&quot;},&quot;jet_parallax_layout_speed&quot;:{&quot;unit&quot;:&quot;%&quot;,&quot;size&quot;:50,&quot;sizes&quot;:[]},&quot;jet_parallax_layout_type&quot;:&quot;scroll&quot;,&quot;jet_parallax_layout_direction&quot;:&quot;1&quot;,&quot;jet_parallax_layout_fx_direction&quot;:null,&quot;jet_parallax_layout_z_index&quot;:&quot;&quot;,&quot;jet_parallax_layout_bg_x&quot;:50,&quot;jet_parallax_layout_bg_x_tablet&quot;:&quot;&quot;,&quot;jet_parallax_layout_bg_x_mobile&quot;:&quot;&quot;,&quot;jet_parallax_layout_bg_y&quot;:50,&quot;jet_parallax_layout_bg_y_tablet&quot;:&quot;&quot;,&quot;jet_parallax_layout_bg_y_mobile&quot;:&quot;&quot;,&quot;jet_parallax_layout_bg_size&quot;:&quot;auto&quot;,&quot;jet_parallax_layout_bg_size_tablet&quot;:&quot;&quot;,&quot;jet_parallax_layout_bg_size_mobile&quot;:&quot;&quot;,&quot;jet_parallax_layout_animation_prop&quot;:&quot;transform&quot;,&quot;jet_parallax_layout_on&quot;:[&quot;desktop&quot;,&quot;tablet&quot;]}]}\">\n\t\t\t\t\t\t<div class=\"elementor-container elementor-column-gap-default\">\n\t\t\t\t\t<div class=\"elementor-column elementor-col-100 elementor-inner-column elementor-element elementor-element-754510c\" data-id=\"754510c\" data-element_type=\"column\">\n\t\t\t<div class=\"elementor-widget-wrap elementor-element-populated\">\n\t\t\t\t\t\t<div class=\"elementor-element elementor-element-9e5d29b elementor-position-left elementor-vertical-align-middle elementor-widget elementor-widget-image-box\" data-id=\"9e5d29b\" data-element_type=\"widget\" data-widget_type=\"image-box.default\">\n\t\t\t\t\t<div class=\"elementor-image-box-wrapper\"><figure class=\"elementor-image-box-img\"><img decoding=\"async\" width=\"58\" height=\"44\" data-src=\"https:\/\/redelog.rj.gov.br\/redelog\/wp-content\/uploads\/2021\/10\/note.jpg\" class=\"attachment-full size-full wp-image-3694 lazyload\" alt=\"\" src=\"data:image\/svg+xml;base64,PHN2ZyB3aWR0aD0iMSIgaGVpZ2h0PSIxIiB4bWxucz0iaHR0cDovL3d3dy53My5vcmcvMjAwMC9zdmciPjwvc3ZnPg==\" style=\"--smush-placeholder-width: 58px; --smush-placeholder-aspect-ratio: 58\/44;\" \/><\/figure><div class=\"elementor-image-box-content\"><p class=\"elementor-image-box-description\">A etapa de elabora\u00e7\u00e3o da minuta do instrumento convocat\u00f3rio \u00e9 de extrema import\u00e2ncia ao procedimento licitat\u00f3rio. \u00c9 a partir dela que a Administra\u00e7\u00e3o comunicar\u00e1 ao mercado fornecedor a inten\u00e7\u00e3o da contrata\u00e7\u00e3o de determinado objeto, contemplando todas as condi\u00e7\u00f5es necess\u00e1rias \u00e0 sua participa\u00e7\u00e3o, bem como as regras que ser\u00e3o observadas para a sele\u00e7\u00e3o da futura contratada. Em complemento, a mesma contar\u00e1 tamb\u00e9m com as disposi\u00e7\u00f5es e diretrizes que seguir\u00e3o a execu\u00e7\u00e3o do objeto contratual at\u00e9 o seu encerramento.\n<\/p><\/div><\/div>\t\t\t\t<\/div>\n\t\t\t\t<div class=\"elementor-element elementor-element-f694a14 elementor-widget elementor-widget-text-editor\" data-id=\"f694a14\" data-element_type=\"widget\" data-widget_type=\"text-editor.default\">\n\t\t\t\t\t\t\t\t\t<p style=\"text-align: justify;\"><span style=\"font-weight: 400;\">O instrumento convocat\u00f3rio pode ser o edital da licita\u00e7\u00e3o, o aviso da contrata\u00e7\u00e3o direta ou o edital do credenciamento, dependendo da forma de contrata\u00e7\u00e3o a ser adotada. A minuta do contrato a ser assinado entre as partes integra a minuta do instrumento convocat\u00f3rio e tamb\u00e9m ser\u00e1 alvo de an\u00e1lise jur\u00eddica pela Procuradoria Geral do Estado \u2013 PGE.<\/span><\/p>\t\t\t\t\t\t\t\t<\/div>\n\t\t\t\t\t<\/div>\n\t\t<\/div>\n\t\t\t\t\t<\/div>\n\t\t<\/section>\n\t\t\t\t<div class=\"elementor-element elementor-element-fc0d2d6 elementor-widget elementor-widget-image\" data-id=\"fc0d2d6\" data-element_type=\"widget\" data-widget_type=\"image.default\">\n\t\t\t\t\t\t\t\t\t\t\t\t\t\t\t<img fetchpriority=\"high\" decoding=\"async\" width=\"1024\" height=\"682\" src=\"https:\/\/redelog.rj.gov.br\/redelog\/wp-content\/uploads\/2021\/10\/minuta-1024x682.jpg\" class=\"attachment-large size-large wp-image-11403\" alt=\"\" srcset=\"https:\/\/redelog.rj.gov.br\/redelog\/wp-content\/uploads\/2021\/10\/minuta-1024x682.jpg 1024w, https:\/\/redelog.rj.gov.br\/redelog\/wp-content\/uploads\/2021\/10\/minuta-300x200.jpg 300w, https:\/\/redelog.rj.gov.br\/redelog\/wp-content\/uploads\/2021\/10\/minuta-768x512.jpg 768w, https:\/\/redelog.rj.gov.br\/redelog\/wp-content\/uploads\/2021\/10\/minuta-600x400.jpg 600w, https:\/\/redelog.rj.gov.br\/redelog\/wp-content\/uploads\/2021\/10\/minuta.jpg 1280w\" sizes=\"(max-width: 1024px) 100vw, 1024px\" \/>\t\t\t\t\t\t\t\t\t\t\t\t\t\t\t<\/div>\n\t\t\t\t<div class=\"elementor-element elementor-element-fe5ac34 elementor-widget elementor-widget-text-editor\" data-id=\"fe5ac34\" data-element_type=\"widget\" data-widget_type=\"text-editor.default\">\n\t\t\t\t\t\t\t\t\t<p><span style=\"font-weight: 400;\">O mesmo dever\u00e1 levar em considera\u00e7\u00e3o os artefatos produzidos anteriormente durante a<\/span><strong><a href=\"https:\/\/redelog.rj.gov.br\/redelog\/fase-preparatoria\/\"> Fase Preparat\u00f3ria<\/a><\/strong><span style=\"font-weight: 400;\">, especialmente o<\/span><strong><a href=\"https:\/\/redelog.rj.gov.br\/redelog\/termo-de-referencia-projeto-basico\/\"> Termo de Refer\u00eancia ou Projeto B\u00e1sico<\/a><\/strong><span style=\"font-weight: 400;\">, elaborados com subs\u00eddios fornecidos pelo<\/span><strong><a href=\"https:\/\/redelog.rj.gov.br\/redelog\/estudo-tecnico-preliminar-2\/\"> Estudo T\u00e9cnico Preliminar<\/a><\/strong><span style=\"font-weight: 400;\">, e que ser\u00e3o anexos ao edital.<\/span><\/p><p><span style=\"font-weight: 400;\">Em aten\u00e7\u00e3o ao <a href=\"https:\/\/leisestaduais.com.br\/rj\/decreto-n-48816-2023-rio-de-janeiro-regulamenta-a-fase-preparatoria-das-contratacoes-de-que-trata-a-lei-no-14-133-de-1o-de-abril-de-2021-no-ambito-da-administracao-publica-estadual-direta-autarquica-e-fundacional?q=48816&amp;origin=instituicao#\"><strong>Decreto n\u00ba 48.816\/2023<\/strong><\/a>, que disp\u00f5e sobre a Fase Preparat\u00f3ria das Contrata\u00e7\u00f5es, o seu art. 48\u00ba elenca os artefatos que ir\u00e3o integrar o instrumento convocat\u00f3rio, na forma de anexo ao edital, sendo eles:<\/span><\/p><p><em><span style=\"font-weight: 400;\">Art. 48\u00ba. Integram o instrumento convocat\u00f3rio, como anexos:<\/span><\/em><\/p><p><em><span style=\"font-weight: 400;\"><br \/><\/span><span style=\"font-weight: 400;\">I &#8211; o Termo de Refer\u00eancia;<\/span><span style=\"font-weight: 400;\"><br \/><\/span><span style=\"font-weight: 400;\">II &#8211; a minuta do contrato ou do instrumento equivalente e da Ata de Registro de Pre\u00e7os, quando houver;<\/span><span style=\"font-weight: 400;\"><br \/><\/span><span style=\"font-weight: 400;\">III &#8211; o or\u00e7amento estimado, se n\u00e3o for sigiloso;<\/span><span style=\"font-weight: 400;\"><br \/><\/span><span style=\"font-weight: 400;\">IV &#8211; o instrumento de medi\u00e7\u00e3o de resultado ou Acordo de N\u00edvel de Servi\u00e7o, quando for o caso;<\/span><span style=\"font-weight: 400;\"><br \/><\/span><span style=\"font-weight: 400;\">V &#8211; o modelo de apresenta\u00e7\u00e3o da proposta;<\/span><span style=\"font-weight: 400;\"><br \/><\/span><span style=\"font-weight: 400;\">VI &#8211; os modelos de declara\u00e7\u00f5es exigidas no certame.<\/span><\/em><\/p><p><em><span style=\"font-weight: 400;\">Par\u00e1grafo \u00fanico. A minuta de contrato, de que trata o inciso II deste artigo, poder\u00e1 ser substitu\u00edda pela nota de empenho nas hip\u00f3teses de contrata\u00e7\u00f5es por dispensa de licita\u00e7\u00e3o em raz\u00e3o de valor e nas compras com entrega imediata e integral dos bens adquiridos e das quais n\u00e3o resultem obriga\u00e7\u00f5es futuras, inclusive quanto a assist\u00eancia t\u00e9cnica, independentemente de seu valor.<\/span><\/em><\/p><p><span style=\"font-weight: 400;\">Observa-se que alguns desses artefatos poder\u00e3o ser dispensados pelos gestores, como \u00e9 o caso do Estudo T\u00e9cnico Preliminar de acordo com as hip\u00f3teses previstas no art. 11 do mesmo Decreto.\u00a0<\/span><\/p><p><span style=\"font-weight: 400;\">Al\u00e9m disso, a divulga\u00e7\u00e3o do or\u00e7amento estimado da contrata\u00e7\u00e3o constitui-se de uma facultatividade concedida \u00e0 Administra\u00e7\u00e3o. Ela, por sua vez, poder\u00e1 avaliar os pr\u00f3s e contras da publicidade ou n\u00e3o do valor estimado individualmente para cada contrata\u00e7\u00e3o, desde que seja precedida com sua devida justificativa. Nessa hip\u00f3tese, o mesmo somente se tornar\u00e1 p\u00fablico ap\u00f3s a adjudica\u00e7\u00e3o do objeto.<\/span><\/p><p><span style=\"font-weight: 400;\">Ap\u00f3s a elabora\u00e7\u00e3o do instrumento convocat\u00f3rio e consequentemente sua aprova\u00e7\u00e3o pelo Ordenador de Despesas, o Edital, juntamente com os seus anexos, dever\u00e1 ter seu inteiro teor divulgado no Portal de Compras do Estado do Rio de Janeiro, bem como no <\/span><b>Portal Nacional de Contrata\u00e7\u00f5es P\u00fablicas (PNCP)<\/b><span style=\"font-weight: 400;\">, conforme previsto no art. 51 do <a href=\"https:\/\/leisestaduais.com.br\/rj\/decreto-n-48816-2023-rio-de-janeiro-regulamenta-a-fase-preparatoria-das-contratacoes-de-que-trata-a-lei-no-14-133-de-1o-de-abril-de-2021-no-ambito-da-administracao-publica-estadual-direta-autarquica-e-fundacional?q=48816&amp;origin=instituicao#\"><strong>Decreto n\u00ba 48.816\/23<\/strong><\/a>.<\/span><\/p><p><span style=\"font-weight: 400;\">Por conseguinte, o seu extrato dever\u00e1 ser divulgado no <\/span><b>Di\u00e1rio Oficial do Estado do Rio de Janeiro<\/b><span style=\"font-weight: 400;\"> e em <\/span><b>Jornal di\u00e1rio de grande circula\u00e7\u00e3o.\u00a0<\/b><\/p><p><span style=\"font-weight: 400;\">Em complemento, o extrato da publica\u00e7\u00e3o mencionada acima dever\u00e1 conter informa\u00e7\u00f5es relevantes ao procedimento licitat\u00f3rio, divulgadas no Portal de Compras do Estado, no Sistema SIGA e no Portal do \u00d3rg\u00e3o licitante, como, por exemplo, o objeto pretendido, a data e hor\u00e1rio da sess\u00e3o p\u00fablica, o lugar onde estar\u00e1 disponibilizado o Instrumento Convocat\u00f3rio para consulta, entre outros.\u00a0<\/span><\/p><p><span style=\"font-weight: 400;\">Sobre esse ponto, destaca-se que a <\/span><a href=\"https:\/\/redelog.rj.gov.br\/redepreg\/\"><b>REDEPREG <\/b><\/a><span style=\"font-weight: 400;\">disponibiliza modelos de textos a serem utilizados nessa situa\u00e7\u00e3o, que poder\u00e3o ser consultados <a href=\"https:\/\/redelog.rj.gov.br\/redepreg\/manuais-e-modelos\/\"><strong>clicando aqui<\/strong><\/a><\/span> <span style=\"font-weight: 400;\">.<\/span><\/p><p><span style=\"font-weight: 400;\">Importante ressaltar que, as altera\u00e7\u00f5es que por ventura sejam realizadas no instrumento convocat\u00f3rio, dever\u00e3o ser divulgadas pelo mesmo instrumento de publica\u00e7\u00e3o utilizado para a divulga\u00e7\u00e3o do texto original e o prazo inicialmente estabelecido ser\u00e1 reaberto, exceto se, inquestionavelmente, a altera\u00e7\u00e3o n\u00e3o afetar a formula\u00e7\u00e3o das propostas, resguardado o tratamento ison\u00f4mico aos licitantes, por for\u00e7a do \u00a7 3\u00ba, art. 51, do <a href=\"https:\/\/leisestaduais.com.br\/rj\/decreto-n-48816-2023-rio-de-janeiro-regulamenta-a-fase-preparatoria-das-contratacoes-de-que-trata-a-lei-no-14-133-de-1o-de-abril-de-2021-no-ambito-da-administracao-publica-estadual-direta-autarquica-e-fundacional?q=48816&amp;origin=instituicao#\"><strong>Decreto n\u00ba 48.816\/23<\/strong><\/a>.<\/span><\/p><p><span style=\"font-weight: 400;\">Em rela\u00e7\u00e3o \u00e0s contrata\u00e7\u00f5es diretas, essas tamb\u00e9m dever\u00e3o ser divulgadas e mantidas \u00e0 disposi\u00e7\u00e3o no <a href=\"https:\/\/www.gov.br\/pncp\/pt-br\"><strong>Portal Nacional de Contrata\u00e7\u00f5es P\u00fablicas (PNCP)<\/strong><\/a>, necessariamente o <\/span><b>ato que autoriza a contrata\u00e7\u00e3o ou o extrato decorrente do contrato<\/b><span style=\"font-weight: 400;\"> e o <\/span><b>aviso de contrata\u00e7\u00e3o direta, nos termos do \u00a7 3\u00ba o art. 75 da <a href=\"http:\/\/www.planalto.gov.br\/ccivil_03\/_ato2019-2022\/2021\/lei\/L14133.htm\">Lei n\u00ba 14.133\/21<\/a><\/b><span style=\"font-weight: 400;\">.<\/span><\/p><p><span style=\"font-weight: 400;\">No tocante a utiliza\u00e7\u00e3o do Portal Nacional de Contrata\u00e7\u00f5es P\u00fablicas (PNCP), o Portal da <a href=\"https:\/\/redelog.rj.gov.br\/redecompras\/\"><strong>REDECOMPRAS<\/strong><\/a> disponibilizou um material orientativo para o manuseio do mesmo, podendo ser consultado <strong><a href=\"https:\/\/redelog.rj.gov.br\/redecompras\/pncp\/\">clicando aqui<\/a><\/strong>.\u00a0<\/span><\/p>\t\t\t\t\t\t\t\t<\/div>\n\t\t\t\t<div class=\"elementor-element elementor-element-9c52156 elementor-widget elementor-widget-text-editor\" data-id=\"9c52156\" data-element_type=\"widget\" data-widget_type=\"text-editor.default\">\n\t\t\t\t\t\t\t\t\t<p style=\"text-align: justify;\">Valores atualizados conforme o <strong><a href=\"http:\/\/www.planalto.gov.br\/ccivil_03\/_ato2015-2018\/2018\/decreto\/D9412.htm\" target=\"_blank\" rel=\"noopener\">Decreto n\u00ba 9.412, de 18 de junho de 2018<\/a><\/strong>.<\/p><p>Limites para empresas p\u00fablicas e sociedades de economia mista: <strong><a href=\"http:\/\/www.planalto.gov.br\/ccivil_03\/_ato2015-2018\/2016\/lei\/l13303.htm\" target=\"_blank\" rel=\"noopener\">Lei n\u00ba 13.303, de 30 de junho de 2016<\/a><\/strong><\/p>\t\t\t\t\t\t\t\t<\/div>\n\t\t\t\t<div class=\"elementor-element elementor-element-8fb3231 elementor-widget-divider--view-line elementor-widget elementor-widget-divider\" data-id=\"8fb3231\" data-element_type=\"widget\" data-widget_type=\"divider.default\">\n\t\t\t\t\t\t\t<div class=\"elementor-divider\">\n\t\t\t<span class=\"elementor-divider-separator\">\n\t\t\t\t\t\t<\/span>\n\t\t<\/div>\n\t\t\t\t\t\t<\/div>\n\t\t\t\t<div class=\"elementor-element elementor-element-b9e40ac elementor-widget elementor-widget-heading\" data-id=\"b9e40ac\" data-element_type=\"widget\" data-widget_type=\"heading.default\">\n\t\t\t\t\t<h3 class=\"elementor-heading-title elementor-size-default\">Conhe\u00e7a as Minuta-padr\u00e3o de Edital, Contrato, Atas de Registro de Pre\u00e7os \n<\/h3>\t\t\t\t<\/div>\n\t\t\t\t<div class=\"elementor-element elementor-element-2eeb342 elementor-widget elementor-widget-text-editor\" data-id=\"2eeb342\" data-element_type=\"widget\" data-widget_type=\"text-editor.default\">\n\t\t\t\t\t\t\t\t\t<p><span style=\"font-weight: 400;\">No \u00e2mbito do Estado do Rio de Janeiro compete \u00e0 Procuradoria Geral do Estado o desenvolvimento e divulga\u00e7\u00e3o de Minutas de documentos que contemplam o Instrumento Convocat\u00f3rio, sejam eles minuta de edital, de contrato e atas de registro de Pre\u00e7os, sendo obrigat\u00f3ria a sua observa\u00e7\u00e3o pelos \u00f3rg\u00e3os da Administra\u00e7\u00e3o Estadual quando da realiza\u00e7\u00e3o de um procedimento de contrata\u00e7\u00e3o por for\u00e7a do art. 49, do <a href=\"https:\/\/leisestaduais.com.br\/rj\/decreto-n-48816-2023-rio-de-janeiro-regulamenta-a-fase-preparatoria-das-contratacoes-de-que-trata-a-lei-no-14-133-de-1o-de-abril-de-2021-no-ambito-da-administracao-publica-estadual-direta-autarquica-e-fundacional?q=48816&amp;origin=instituicao#\"><strong>Decreto n\u00ba 48.816\/23<\/strong><\/a>. Essas poder\u00e3o ser acessadas no <a href=\"https:\/\/pge.rj.gov.br\/entendimentos\/minutas-padrao-lei-14133\"><strong>Portal da PGE<\/strong><\/a>.<\/span><\/p><p><span style=\"font-weight: 400;\">Por conseguinte, por tratarem-se de modelos padr\u00f5es, todas as supress\u00f5es, altera\u00e7\u00f5es ou acr\u00e9scimos que, por ventura, se mostrarem necess\u00e1rias \u00e0 adequa\u00e7\u00e3o do objeto pretendido dever\u00e3o ser claramente sinalizadas no corpo das minutas \u2013 com texto na cor vermelha, por exemplo \u2013, al\u00e9m da obrigatoriedade de serem acompanhadas de suas respectivas justificativas. Essas, por sua vez, dever\u00e3o ser consignadas na Declara\u00e7\u00e3o de Conformidade quando do envio do processo administrativo ao \u00f3rg\u00e3o de assessoramento jur\u00eddico para emiss\u00e3o de parecer, de acordo com o \u00a72\u00ba, art. 49, do <a href=\"https:\/\/leisestaduais.com.br\/rj\/decreto-n-48816-2023-rio-de-janeiro-regulamenta-a-fase-preparatoria-das-contratacoes-de-que-trata-a-lei-no-14-133-de-1o-de-abril-de-2021-no-ambito-da-administracao-publica-estadual-direta-autarquica-e-fundacional?q=48816&amp;origin=instituicao#\"><strong>Decreto n\u00ba 48.816\/23<\/strong><\/a>.<\/span><\/p>\t\t\t\t\t\t\t\t<\/div>\n\t\t\t\t<div class=\"elementor-element elementor-element-9d16bad elementor-widget-divider--view-line elementor-widget elementor-widget-divider\" data-id=\"9d16bad\" data-element_type=\"widget\" data-widget_type=\"divider.default\">\n\t\t\t\t\t\t\t<div class=\"elementor-divider\">\n\t\t\t<span class=\"elementor-divider-separator\">\n\t\t\t\t\t\t<\/span>\n\t\t<\/div>\n\t\t\t\t\t\t<\/div>\n\t\t\t\t<div class=\"elementor-element elementor-element-edc0f19 elementor-widget elementor-widget-heading\" data-id=\"edc0f19\" data-element_type=\"widget\" data-widget_type=\"heading.default\">\n\t\t\t\t\t<h3 class=\"elementor-heading-title elementor-size-default\">Enquadramento Legal da Contrata\u00e7\u00e3o - Contextualiza\u00e7\u00e3o\n<\/h3>\t\t\t\t<\/div>\n\t\t\t\t<div class=\"elementor-element elementor-element-b83b697 elementor-widget elementor-widget-text-editor\" data-id=\"b83b697\" data-element_type=\"widget\" data-widget_type=\"text-editor.default\">\n\t\t\t\t\t\t\t\t\t<p><span style=\"font-weight: 400;\">O tipo de instrumento convocat\u00f3rio a ser elaborado para a contrata\u00e7\u00e3o depender\u00e1 do enquadramento legal definido. Esse enquadramento levar\u00e1 em considera\u00e7\u00e3o as informa\u00e7\u00f5es obtidas nas etapas anteriores da Fase Preparat\u00f3ria.<\/span><\/p><p><span style=\"font-weight: 400;\">A <a href=\"http:\/\/www.planalto.gov.br\/ccivil_03\/_ato2019-2022\/2021\/lei\/L14133.htm\"><strong>Nova Lei de Licita\u00e7\u00f5es e Contratos, n\u00ba 14.133\/2021<\/strong><\/a>, apresenta em seu artigo 28 as modalidades de licita\u00e7\u00e3o pass\u00edveis de utiliza\u00e7\u00e3o, s\u00e3o elas:<\/span><\/p><p><em><span style=\"font-weight: 400;\">Art. 28. S\u00e3o modalidades de licita\u00e7\u00e3o:<\/span><\/em><\/p><p><em><span style=\"font-weight: 400;\">I &#8211; preg\u00e3o;<\/span><\/em><\/p><p><em><span style=\"font-weight: 400;\">II &#8211; concorr\u00eancia;<\/span><\/em><\/p><p><em><span style=\"font-weight: 400;\">III &#8211; concurso;<\/span><\/em><\/p><p><em><span style=\"font-weight: 400;\">IV &#8211; leil\u00e3o;<\/span><\/em><\/p><p><em><span style=\"font-weight: 400;\">V &#8211; di\u00e1logo competitivo.<\/span><\/em><\/p><p><span style=\"font-weight: 400;\">Em colabora\u00e7\u00e3o \u00e0s modalidades dispon\u00edveis, a Administra\u00e7\u00e3o poder\u00e1 servir-se dos procedimentos auxiliares previstos no art. 78 da mesma Lei, da seguinte forma:<\/span><\/p><p><span style=\"font-weight: 400;\">\u00a0<\/span><em><span style=\"font-weight: 400;\">Art. 78. S\u00e3o procedimentos auxiliares das licita\u00e7\u00f5es e das contrata\u00e7\u00f5es regidas por esta Lei:<\/span><\/em><\/p><p><em><span style=\"font-weight: 400;\">I &#8211; credenciamento;<\/span><\/em><\/p><p><em><span style=\"font-weight: 400;\">II &#8211; pr\u00e9-qualifica\u00e7\u00e3o;<\/span><\/em><\/p><p><em><span style=\"font-weight: 400;\">III &#8211; procedimento de manifesta\u00e7\u00e3o de interesse;<\/span><\/em><\/p><p><em><span style=\"font-weight: 400;\">IV &#8211; sistema de registro de pre\u00e7os;<\/span><\/em><\/p><p><em><span style=\"font-weight: 400;\">V &#8211; registro cadastral.<\/span><\/em><\/p><p><em><span style=\"font-weight: 400;\">\u00a7 1\u00ba Os procedimentos auxiliares de que trata o caput deste artigo obedecer\u00e3o a crit\u00e9rios claros e objetivos definidos em regulamento.<\/span><\/em><\/p><p><em><span style=\"font-weight: 400;\">\u00a7 2\u00ba O julgamento que decorrer dos procedimentos auxiliares das licita\u00e7\u00f5es previstos nos incisos II e III do caput deste artigo seguir\u00e1 o mesmo procedimento das licita\u00e7\u00f5es.<\/span><\/em><\/p><p><span style=\"font-weight: 400;\">A Lei tamb\u00e9m disp\u00f5e, no Cap\u00edtulo VIII, sobre as possibilidades de contrata\u00e7\u00f5es diretas, sendo elas:<\/span><\/p><p><span style=\"font-weight: 400;\">\u00a0<\/span><\/p><ul><li style=\"font-weight: 400;\" aria-level=\"1\"><p><span style=\"font-weight: 400;\">\u00a0<\/span><span style=\"font-weight: 400;\">Inexigibilidade de licita\u00e7\u00e3o; (art. 74, da Lei n\u00ba 14.133\/21)<\/span><\/p><\/li><li style=\"font-weight: 400;\" aria-level=\"1\"><p><span style=\"font-weight: 400;\">Dispensa de licita\u00e7\u00e3o por valor; (incisos I e II, art. 75, da <a href=\"http:\/\/www.planalto.gov.br\/ccivil_03\/_ato2019-2022\/2021\/lei\/L14133.htm\"><strong>Lei n\u00ba 14.133\/21<\/strong><\/a>)<\/span><\/p><\/li><li style=\"font-weight: 400;\" aria-level=\"1\"><p><span style=\"font-weight: 400;\">Dispensa de licita\u00e7\u00e3o pelas demais hip\u00f3teses previstas. (incisos III ao XVIII, art. 75, da <a href=\"http:\/\/www.planalto.gov.br\/ccivil_03\/_ato2019-2022\/2021\/lei\/L14133.htm\"><strong>Lei n\u00ba 14.133\/21<\/strong><\/a><\/span><span style=\"font-weight: 400;\">)<\/span><\/p><\/li><\/ul><p><strong>Fiquem atentos!!!<\/strong><\/p><p><strong>Com a implementa\u00e7\u00e3o da <a href=\"http:\/\/www.planalto.gov.br\/ccivil_03\/_ato2019-2022\/2021\/lei\/L14133.htm\">Lei n\u00ba 14.133\/21<\/a>, e revoga\u00e7\u00e3o da <a href=\"http:\/\/www.planalto.gov.br\/ccivil_03\/Leis\/L8666cons.htm\">Lei n\u00ba 8.666\/93<\/a>, as modalidades de licita\u00e7\u00e3o <span style=\"text-decoration: underline;\">Tomada de Pre\u00e7os e Convite<\/span> n\u00e3o constam mais no rol de modalidades poss\u00edveis de utiliza\u00e7\u00e3o dentre aquelas previstas no art. 28 da mesma. Portanto, sua utiliza\u00e7\u00e3o foi revogada.<\/strong><\/p><p><strong>Da mesma forma, o <span style=\"text-decoration: underline;\">Regime Diferenciado de Contrata\u00e7\u00e3o &#8211; RDC<\/span>, institu\u00eddo pela <a href=\"http:\/\/www.planalto.gov.br\/CCIVIL_03\/_Ato2011-2014\/2011\/Lei\/L12462.htm\">Lei n\u00ba 12.462\/11<\/a>, foi revogado pela Nova Lei, sendo, dessa maneira, vedada a sua utiliza\u00e7\u00e3o.\u00a0<\/strong><\/p><p><span style=\"font-weight: 400;\">Para exemplificar, segue abaixo um quadro comparativo das inova\u00e7\u00f5es advindas pela Nova Lei de Licita\u00e7\u00f5es e Contratos em rela\u00e7\u00e3o aos procedimentos \/ enquadramentos das contrata\u00e7\u00f5es em detrimento ao cen\u00e1rio antes de sua implementa\u00e7\u00e3o:\u00a0<\/span><span style=\"font-weight: 400;\">\u00a0<\/span><\/p>\t\t\t\t\t\t\t\t<\/div>\n\t\t\t\t<div class=\"elementor-element elementor-element-91915f1 elementor-widget elementor-widget-image\" data-id=\"91915f1\" data-element_type=\"widget\" data-widget_type=\"image.default\">\n\t\t\t\t\t\t\t\t\t\t\t\t\t\t\t<img decoding=\"async\" width=\"1024\" height=\"655\" data-src=\"https:\/\/redelog.rj.gov.br\/redelog\/wp-content\/uploads\/2024\/02\/WhatsApp-Image-2024-02-19-at-2.43.56-PM-1024x655.jpeg\" class=\"attachment-large size-large wp-image-28008 lazyload\" alt=\"\" data-srcset=\"https:\/\/redelog.rj.gov.br\/redelog\/wp-content\/uploads\/2024\/02\/WhatsApp-Image-2024-02-19-at-2.43.56-PM-1024x655.jpeg 1024w, https:\/\/redelog.rj.gov.br\/redelog\/wp-content\/uploads\/2024\/02\/WhatsApp-Image-2024-02-19-at-2.43.56-PM-300x192.jpeg 300w, https:\/\/redelog.rj.gov.br\/redelog\/wp-content\/uploads\/2024\/02\/WhatsApp-Image-2024-02-19-at-2.43.56-PM-768x491.jpeg 768w, https:\/\/redelog.rj.gov.br\/redelog\/wp-content\/uploads\/2024\/02\/WhatsApp-Image-2024-02-19-at-2.43.56-PM-600x384.jpeg 600w, https:\/\/redelog.rj.gov.br\/redelog\/wp-content\/uploads\/2024\/02\/WhatsApp-Image-2024-02-19-at-2.43.56-PM.jpeg 1178w\" data-sizes=\"(max-width: 1024px) 100vw, 1024px\" src=\"data:image\/svg+xml;base64,PHN2ZyB3aWR0aD0iMSIgaGVpZ2h0PSIxIiB4bWxucz0iaHR0cDovL3d3dy53My5vcmcvMjAwMC9zdmciPjwvc3ZnPg==\" style=\"--smush-placeholder-width: 1024px; --smush-placeholder-aspect-ratio: 1024\/655;\" \/>\t\t\t\t\t\t\t\t\t\t\t\t\t\t\t<\/div>\n\t\t\t\t<div class=\"elementor-element elementor-element-e0d69ce elementor-widget elementor-widget-text-editor\" data-id=\"e0d69ce\" data-element_type=\"widget\" data-widget_type=\"text-editor.default\">\n\t\t\t\t\t\t\t\t\t<p><strong>Importante!!! \u00a0<\/strong><\/p><p><strong>A defini\u00e7\u00e3o da modalidade de licita\u00e7\u00e3o n\u00e3o \u00e9 mais determinada pelo valor estimado da contrata\u00e7\u00e3o, mas em fun\u00e7\u00e3o da natureza do objeto que se pretende contratar.<\/strong><\/p>\t\t\t\t\t\t\t\t<\/div>\n\t\t\t\t<div class=\"elementor-element elementor-element-7f0d9fb elementor-widget-divider--view-line elementor-widget elementor-widget-divider\" data-id=\"7f0d9fb\" data-element_type=\"widget\" data-widget_type=\"divider.default\">\n\t\t\t\t\t\t\t<div class=\"elementor-divider\">\n\t\t\t<span class=\"elementor-divider-separator\">\n\t\t\t\t\t\t<\/span>\n\t\t<\/div>\n\t\t\t\t\t\t<\/div>\n\t\t\t\t\t<\/div>\n\t\t<\/div>\n\t\t\t\t\t<\/div>\n\t\t<\/section>\n\t\t\t\t<section class=\"elementor-section elementor-top-section elementor-element elementor-element-8754ee1 elementor-section-boxed elementor-section-height-default elementor-section-height-default\" data-id=\"8754ee1\" data-element_type=\"section\" id=\"options\" data-settings=\"{&quot;jet_parallax_layout_list&quot;:[{&quot;jet_parallax_layout_image&quot;:{&quot;url&quot;:&quot;&quot;,&quot;id&quot;:&quot;&quot;,&quot;size&quot;:&quot;&quot;},&quot;_id&quot;:&quot;d3cdd8d&quot;,&quot;jet_parallax_layout_image_tablet&quot;:{&quot;url&quot;:&quot;&quot;,&quot;id&quot;:&quot;&quot;,&quot;size&quot;:&quot;&quot;},&quot;jet_parallax_layout_image_mobile&quot;:{&quot;url&quot;:&quot;&quot;,&quot;id&quot;:&quot;&quot;,&quot;size&quot;:&quot;&quot;},&quot;jet_parallax_layout_speed&quot;:{&quot;unit&quot;:&quot;%&quot;,&quot;size&quot;:50,&quot;sizes&quot;:[]},&quot;jet_parallax_layout_type&quot;:&quot;scroll&quot;,&quot;jet_parallax_layout_direction&quot;:&quot;1&quot;,&quot;jet_parallax_layout_fx_direction&quot;:null,&quot;jet_parallax_layout_z_index&quot;:&quot;&quot;,&quot;jet_parallax_layout_bg_x&quot;:50,&quot;jet_parallax_layout_bg_x_tablet&quot;:&quot;&quot;,&quot;jet_parallax_layout_bg_x_mobile&quot;:&quot;&quot;,&quot;jet_parallax_layout_bg_y&quot;:50,&quot;jet_parallax_layout_bg_y_tablet&quot;:&quot;&quot;,&quot;jet_parallax_layout_bg_y_mobile&quot;:&quot;&quot;,&quot;jet_parallax_layout_bg_size&quot;:&quot;auto&quot;,&quot;jet_parallax_layout_bg_size_tablet&quot;:&quot;&quot;,&quot;jet_parallax_layout_bg_size_mobile&quot;:&quot;&quot;,&quot;jet_parallax_layout_animation_prop&quot;:&quot;transform&quot;,&quot;jet_parallax_layout_on&quot;:[&quot;desktop&quot;,&quot;tablet&quot;]}]}\">\n\t\t\t\t\t\t<div class=\"elementor-container elementor-column-gap-default\">\n\t\t\t\t\t<div class=\"elementor-column elementor-col-100 elementor-top-column elementor-element elementor-element-b6c2229\" data-id=\"b6c2229\" data-element_type=\"column\">\n\t\t\t<div class=\"elementor-widget-wrap elementor-element-populated\">\n\t\t\t\t\t\t<div class=\"elementor-element elementor-element-6754ea4 elementor-widget elementor-widget-shortcode\" data-id=\"6754ea4\" data-element_type=\"widget\" data-widget_type=\"shortcode.default\">\n\t\t\t\t\t\t\t<div class=\"elementor-shortcode\"><div class='printomatic pom-default ' id='id7725' alt='Imprimir' title='Imprimir' data-print_target='#post-27975'><\/div> <div class='printomatictext' id='id7725' alt='Imprimir' title='Imprimir' data-print_target='#post-27975'>Imprimir<\/div><div style='clear: both;'><\/div><\/div>\n\t\t\t\t\t\t<\/div>\n\t\t\t\t\t<\/div>\n\t\t<\/div>\n\t\t\t\t\t<\/div>\n\t\t<\/section>\n\t\t\t\t<section class=\"elementor-section elementor-top-section elementor-element elementor-element-ee3683d elementor-section-boxed elementor-section-height-default elementor-section-height-default\" data-id=\"ee3683d\" data-element_type=\"section\" data-settings=\"{&quot;jet_parallax_layout_list&quot;:[{&quot;jet_parallax_layout_image&quot;:{&quot;url&quot;:&quot;&quot;,&quot;id&quot;:&quot;&quot;,&quot;size&quot;:&quot;&quot;},&quot;_id&quot;:&quot;503bba3&quot;,&quot;jet_parallax_layout_image_tablet&quot;:{&quot;url&quot;:&quot;&quot;,&quot;id&quot;:&quot;&quot;,&quot;size&quot;:&quot;&quot;},&quot;jet_parallax_layout_image_mobile&quot;:{&quot;url&quot;:&quot;&quot;,&quot;id&quot;:&quot;&quot;,&quot;size&quot;:&quot;&quot;},&quot;jet_parallax_layout_speed&quot;:{&quot;unit&quot;:&quot;%&quot;,&quot;size&quot;:50,&quot;sizes&quot;:[]},&quot;jet_parallax_layout_type&quot;:&quot;scroll&quot;,&quot;jet_parallax_layout_direction&quot;:&quot;1&quot;,&quot;jet_parallax_layout_fx_direction&quot;:null,&quot;jet_parallax_layout_z_index&quot;:&quot;&quot;,&quot;jet_parallax_layout_bg_x&quot;:50,&quot;jet_parallax_layout_bg_x_tablet&quot;:&quot;&quot;,&quot;jet_parallax_layout_bg_x_mobile&quot;:&quot;&quot;,&quot;jet_parallax_layout_bg_y&quot;:50,&quot;jet_parallax_layout_bg_y_tablet&quot;:&quot;&quot;,&quot;jet_parallax_layout_bg_y_mobile&quot;:&quot;&quot;,&quot;jet_parallax_layout_bg_size&quot;:&quot;auto&quot;,&quot;jet_parallax_layout_bg_size_tablet&quot;:&quot;&quot;,&quot;jet_parallax_layout_bg_size_mobile&quot;:&quot;&quot;,&quot;jet_parallax_layout_animation_prop&quot;:&quot;transform&quot;,&quot;jet_parallax_layout_on&quot;:[&quot;desktop&quot;,&quot;tablet&quot;]}]}\">\n\t\t\t\t\t\t<div class=\"elementor-container elementor-column-gap-default\">\n\t\t\t\t\t<div class=\"elementor-column elementor-col-50 elementor-top-column elementor-element elementor-element-bf74ae0\" data-id=\"bf74ae0\" data-element_type=\"column\">\n\t\t\t<div class=\"elementor-widget-wrap elementor-element-populated\">\n\t\t\t\t\t\t<div class=\"elementor-element elementor-element-ee7026c elementor-widget elementor-widget-text-editor\" data-id=\"ee7026c\" data-element_type=\"widget\" data-widget_type=\"text-editor.default\">\n\t\t\t\t\t\t\t\t\t<p><a href=\"https:\/\/redelog.rj.gov.br\/redelog\/reserva-orcamentaria-2\/\"><strong>\u2190 Reserva Or\u00e7ament\u00e1ria\u00a0<\/strong><\/a><\/p>\t\t\t\t\t\t\t\t<\/div>\n\t\t\t\t\t<\/div>\n\t\t<\/div>\n\t\t\t\t<div class=\"elementor-column elementor-col-50 elementor-top-column elementor-element elementor-element-923070f\" data-id=\"923070f\" data-element_type=\"column\">\n\t\t\t<div class=\"elementor-widget-wrap elementor-element-populated\">\n\t\t\t\t\t\t<div class=\"elementor-element elementor-element-01fc527 elementor-widget elementor-widget-text-editor\" data-id=\"01fc527\" data-element_type=\"widget\" data-widget_type=\"text-editor.default\">\n\t\t\t\t\t\t\t\t\t<p><a href=\"https:\/\/redelog.rj.gov.br\/redelog\/parecer-juridico-2\/\"><strong>Parecer Jur\u00eddico \u2192<\/strong><\/a><\/p>\t\t\t\t\t\t\t\t<\/div>\n\t\t\t\t\t<\/div>\n\t\t<\/div>\n\t\t\t\t\t<\/div>\n\t\t<\/section>\n\t\t\t\t<\/div>\n\t\t","protected":false},"excerpt":{"rendered":"<p>A etapa de elabora\u00e7\u00e3o da minuta do instrumento convocat\u00f3rio \u00e9 de extrema import\u00e2ncia ao procedimento licitat\u00f3rio. \u00c9 a partir dela que a Administra\u00e7\u00e3o comunicar\u00e1 ao mercado fornecedor a inten\u00e7\u00e3o da contrata\u00e7\u00e3o de determinado objeto, contemplando todas as condi\u00e7\u00f5es necess\u00e1rias \u00e0 sua participa\u00e7\u00e3o, bem como as regras que ser\u00e3o observadas para a sele\u00e7\u00e3o da futura contratada. [&hellip;]<\/p>\n","protected":false},"author":25,"featured_media":0,"comment_status":"closed","ping_status":"open","sticky":false,"template":"","format":"standard","meta":{"_joinchat":[],"footnotes":""},"categories":[28],"tags":[],"class_list":["post-27975","post","type-post","status-publish","format-standard","hentry","category-cat-fase-preparatoria"],"yoast_head":"<!-- This site is optimized with the Yoast SEO plugin v25.7 - https:\/\/yoast.com\/wordpress\/plugins\/seo\/ -->\n<title>INSTRUMENTO CONVOCAT\u00d3RIO - Redelog<\/title>\n<meta name=\"robots\" content=\"index, follow, max-snippet:-1, max-image-preview:large, max-video-preview:-1\" \/>\n<link rel=\"canonical\" href=\"https:\/\/redelog.rj.gov.br\/redelog\/instrumento-convocatorio-2\/\" \/>\n<meta property=\"og:locale\" content=\"pt_BR\" \/>\n<meta property=\"og:type\" content=\"article\" \/>\n<meta property=\"og:title\" content=\"INSTRUMENTO CONVOCAT\u00d3RIO - Redelog\" \/>\n<meta property=\"og:description\" content=\"A etapa de elabora\u00e7\u00e3o da minuta do instrumento convocat\u00f3rio \u00e9 de extrema import\u00e2ncia ao procedimento licitat\u00f3rio. \u00c9 a partir dela que a Administra\u00e7\u00e3o comunicar\u00e1 ao mercado fornecedor a inten\u00e7\u00e3o da contrata\u00e7\u00e3o de determinado objeto, contemplando todas as condi\u00e7\u00f5es necess\u00e1rias \u00e0 sua participa\u00e7\u00e3o, bem como as regras que ser\u00e3o observadas para a sele\u00e7\u00e3o da futura contratada. [&hellip;]\" \/>\n<meta property=\"og:url\" content=\"https:\/\/redelog.rj.gov.br\/redelog\/instrumento-convocatorio-2\/\" \/>\n<meta property=\"og:site_name\" content=\"Redelog\" \/>\n<meta property=\"article:published_time\" content=\"2024-02-19T17:22:54+00:00\" \/>\n<meta property=\"article:modified_time\" content=\"2024-04-17T18:16:30+00:00\" \/>\n<meta property=\"og:image\" content=\"https:\/\/www.redelog.rj.gov.br\/redelog\/wp-content\/uploads\/2021\/10\/note.jpg\" \/>\n<meta name=\"author\" content=\"Luisa Maravilhas de Carvalho\" \/>\n<meta name=\"twitter:card\" content=\"summary_large_image\" \/>\n<meta name=\"twitter:label1\" content=\"Escrito por\" \/>\n\t<meta name=\"twitter:data1\" content=\"Luisa Maravilhas de Carvalho\" \/>\n\t<meta name=\"twitter:label2\" content=\"Est. tempo de leitura\" \/>\n\t<meta name=\"twitter:data2\" content=\"8 minutos\" \/>\n<script type=\"application\/ld+json\" class=\"yoast-schema-graph\">{\"@context\":\"https:\/\/schema.org\",\"@graph\":[{\"@type\":\"Article\",\"@id\":\"https:\/\/redelog.rj.gov.br\/redelog\/instrumento-convocatorio-2\/#article\",\"isPartOf\":{\"@id\":\"https:\/\/redelog.rj.gov.br\/redelog\/instrumento-convocatorio-2\/\"},\"author\":{\"name\":\"Luisa Maravilhas de Carvalho\",\"@id\":\"https:\/\/redelog.rj.gov.br\/redelog\/#\/schema\/person\/dd6a5779d3028a21ef65c6e4af7c1edb\"},\"headline\":\"INSTRUMENTO CONVOCAT\u00d3RIO\",\"datePublished\":\"2024-02-19T17:22:54+00:00\",\"dateModified\":\"2024-04-17T18:16:30+00:00\",\"mainEntityOfPage\":{\"@id\":\"https:\/\/redelog.rj.gov.br\/redelog\/instrumento-convocatorio-2\/\"},\"wordCount\":1481,\"publisher\":{\"@id\":\"https:\/\/redelog.rj.gov.br\/redelog\/#organization\"},\"image\":{\"@id\":\"https:\/\/redelog.rj.gov.br\/redelog\/instrumento-convocatorio-2\/#primaryimage\"},\"thumbnailUrl\":\"https:\/\/www.redelog.rj.gov.br\/redelog\/wp-content\/uploads\/2021\/10\/note.jpg\",\"articleSection\":[\"Fase Preparat\u00f3ria\"],\"inLanguage\":\"pt-BR\"},{\"@type\":\"WebPage\",\"@id\":\"https:\/\/redelog.rj.gov.br\/redelog\/instrumento-convocatorio-2\/\",\"url\":\"https:\/\/redelog.rj.gov.br\/redelog\/instrumento-convocatorio-2\/\",\"name\":\"INSTRUMENTO CONVOCAT\u00d3RIO - Redelog\",\"isPartOf\":{\"@id\":\"https:\/\/redelog.rj.gov.br\/redelog\/#website\"},\"primaryImageOfPage\":{\"@id\":\"https:\/\/redelog.rj.gov.br\/redelog\/instrumento-convocatorio-2\/#primaryimage\"},\"image\":{\"@id\":\"https:\/\/redelog.rj.gov.br\/redelog\/instrumento-convocatorio-2\/#primaryimage\"},\"thumbnailUrl\":\"https:\/\/www.redelog.rj.gov.br\/redelog\/wp-content\/uploads\/2021\/10\/note.jpg\",\"datePublished\":\"2024-02-19T17:22:54+00:00\",\"dateModified\":\"2024-04-17T18:16:30+00:00\",\"breadcrumb\":{\"@id\":\"https:\/\/redelog.rj.gov.br\/redelog\/instrumento-convocatorio-2\/#breadcrumb\"},\"inLanguage\":\"pt-BR\",\"potentialAction\":[{\"@type\":\"ReadAction\",\"target\":[\"https:\/\/redelog.rj.gov.br\/redelog\/instrumento-convocatorio-2\/\"]}]},{\"@type\":\"ImageObject\",\"inLanguage\":\"pt-BR\",\"@id\":\"https:\/\/redelog.rj.gov.br\/redelog\/instrumento-convocatorio-2\/#primaryimage\",\"url\":\"https:\/\/www.redelog.rj.gov.br\/redelog\/wp-content\/uploads\/2021\/10\/note.jpg\",\"contentUrl\":\"https:\/\/www.redelog.rj.gov.br\/redelog\/wp-content\/uploads\/2021\/10\/note.jpg\"},{\"@type\":\"BreadcrumbList\",\"@id\":\"https:\/\/redelog.rj.gov.br\/redelog\/instrumento-convocatorio-2\/#breadcrumb\",\"itemListElement\":[{\"@type\":\"ListItem\",\"position\":1,\"name\":\"Home\",\"item\":\"https:\/\/redelog.rj.gov.br\/redelog\/\"},{\"@type\":\"ListItem\",\"position\":2,\"name\":\"INSTRUMENTO CONVOCAT\u00d3RIO\"}]},{\"@type\":\"WebSite\",\"@id\":\"https:\/\/redelog.rj.gov.br\/redelog\/#website\",\"url\":\"https:\/\/redelog.rj.gov.br\/redelog\/\",\"name\":\"Redelog\",\"description\":\"Site da Rede de Log\u00edstica e Planejamento do Estado do Rio de Janeiro\",\"publisher\":{\"@id\":\"https:\/\/redelog.rj.gov.br\/redelog\/#organization\"},\"potentialAction\":[{\"@type\":\"SearchAction\",\"target\":{\"@type\":\"EntryPoint\",\"urlTemplate\":\"https:\/\/redelog.rj.gov.br\/redelog\/?s={search_term_string}\"},\"query-input\":{\"@type\":\"PropertyValueSpecification\",\"valueRequired\":true,\"valueName\":\"search_term_string\"}}],\"inLanguage\":\"pt-BR\"},{\"@type\":\"Organization\",\"@id\":\"https:\/\/redelog.rj.gov.br\/redelog\/#organization\",\"name\":\"REDELOG\",\"url\":\"https:\/\/redelog.rj.gov.br\/redelog\/\",\"logo\":{\"@type\":\"ImageObject\",\"inLanguage\":\"pt-BR\",\"@id\":\"https:\/\/redelog.rj.gov.br\/redelog\/#\/schema\/logo\/image\/\",\"url\":\"http:\/\/10.10.8.100:8888\/redelog\/wp-content\/uploads\/2019\/09\/Redelog2.png\",\"contentUrl\":\"http:\/\/10.10.8.100:8888\/redelog\/wp-content\/uploads\/2019\/09\/Redelog2.png\",\"width\":565,\"height\":155,\"caption\":\"REDELOG\"},\"image\":{\"@id\":\"https:\/\/redelog.rj.gov.br\/redelog\/#\/schema\/logo\/image\/\"}},{\"@type\":\"Person\",\"@id\":\"https:\/\/redelog.rj.gov.br\/redelog\/#\/schema\/person\/dd6a5779d3028a21ef65c6e4af7c1edb\",\"name\":\"Luisa Maravilhas de Carvalho\",\"image\":{\"@type\":\"ImageObject\",\"inLanguage\":\"pt-BR\",\"@id\":\"https:\/\/redelog.rj.gov.br\/redelog\/#\/schema\/person\/image\/\",\"url\":\"https:\/\/secure.gravatar.com\/avatar\/42eea343007bb4bb43265a1df0b9eebe3b0ff8ee578355b2f834803cdddc604a?s=96&d=mm&r=g\",\"contentUrl\":\"https:\/\/secure.gravatar.com\/avatar\/42eea343007bb4bb43265a1df0b9eebe3b0ff8ee578355b2f834803cdddc604a?s=96&d=mm&r=g\",\"caption\":\"Luisa Maravilhas de Carvalho\"},\"url\":\"https:\/\/redelog.rj.gov.br\/redelog\/author\/luisa-carvalho\/\"}]}<\/script>\n<!-- \/ Yoast SEO plugin. -->","yoast_head_json":{"title":"INSTRUMENTO CONVOCAT\u00d3RIO - Redelog","robots":{"index":"index","follow":"follow","max-snippet":"max-snippet:-1","max-image-preview":"max-image-preview:large","max-video-preview":"max-video-preview:-1"},"canonical":"https:\/\/redelog.rj.gov.br\/redelog\/instrumento-convocatorio-2\/","og_locale":"pt_BR","og_type":"article","og_title":"INSTRUMENTO CONVOCAT\u00d3RIO - Redelog","og_description":"A etapa de elabora\u00e7\u00e3o da minuta do instrumento convocat\u00f3rio \u00e9 de extrema import\u00e2ncia ao procedimento licitat\u00f3rio. \u00c9 a partir dela que a Administra\u00e7\u00e3o comunicar\u00e1 ao mercado fornecedor a inten\u00e7\u00e3o da contrata\u00e7\u00e3o de determinado objeto, contemplando todas as condi\u00e7\u00f5es necess\u00e1rias \u00e0 sua participa\u00e7\u00e3o, bem como as regras que ser\u00e3o observadas para a sele\u00e7\u00e3o da futura contratada. [&hellip;]","og_url":"https:\/\/redelog.rj.gov.br\/redelog\/instrumento-convocatorio-2\/","og_site_name":"Redelog","article_published_time":"2024-02-19T17:22:54+00:00","article_modified_time":"2024-04-17T18:16:30+00:00","og_image":[{"url":"https:\/\/www.redelog.rj.gov.br\/redelog\/wp-content\/uploads\/2021\/10\/note.jpg","type":"","width":"","height":""}],"author":"Luisa Maravilhas de Carvalho","twitter_card":"summary_large_image","twitter_misc":{"Escrito por":"Luisa Maravilhas de Carvalho","Est. tempo de leitura":"8 minutos"},"schema":{"@context":"https:\/\/schema.org","@graph":[{"@type":"Article","@id":"https:\/\/redelog.rj.gov.br\/redelog\/instrumento-convocatorio-2\/#article","isPartOf":{"@id":"https:\/\/redelog.rj.gov.br\/redelog\/instrumento-convocatorio-2\/"},"author":{"name":"Luisa Maravilhas de Carvalho","@id":"https:\/\/redelog.rj.gov.br\/redelog\/#\/schema\/person\/dd6a5779d3028a21ef65c6e4af7c1edb"},"headline":"INSTRUMENTO CONVOCAT\u00d3RIO","datePublished":"2024-02-19T17:22:54+00:00","dateModified":"2024-04-17T18:16:30+00:00","mainEntityOfPage":{"@id":"https:\/\/redelog.rj.gov.br\/redelog\/instrumento-convocatorio-2\/"},"wordCount":1481,"publisher":{"@id":"https:\/\/redelog.rj.gov.br\/redelog\/#organization"},"image":{"@id":"https:\/\/redelog.rj.gov.br\/redelog\/instrumento-convocatorio-2\/#primaryimage"},"thumbnailUrl":"https:\/\/www.redelog.rj.gov.br\/redelog\/wp-content\/uploads\/2021\/10\/note.jpg","articleSection":["Fase Preparat\u00f3ria"],"inLanguage":"pt-BR"},{"@type":"WebPage","@id":"https:\/\/redelog.rj.gov.br\/redelog\/instrumento-convocatorio-2\/","url":"https:\/\/redelog.rj.gov.br\/redelog\/instrumento-convocatorio-2\/","name":"INSTRUMENTO CONVOCAT\u00d3RIO - Redelog","isPartOf":{"@id":"https:\/\/redelog.rj.gov.br\/redelog\/#website"},"primaryImageOfPage":{"@id":"https:\/\/redelog.rj.gov.br\/redelog\/instrumento-convocatorio-2\/#primaryimage"},"image":{"@id":"https:\/\/redelog.rj.gov.br\/redelog\/instrumento-convocatorio-2\/#primaryimage"},"thumbnailUrl":"https:\/\/www.redelog.rj.gov.br\/redelog\/wp-content\/uploads\/2021\/10\/note.jpg","datePublished":"2024-02-19T17:22:54+00:00","dateModified":"2024-04-17T18:16:30+00:00","breadcrumb":{"@id":"https:\/\/redelog.rj.gov.br\/redelog\/instrumento-convocatorio-2\/#breadcrumb"},"inLanguage":"pt-BR","potentialAction":[{"@type":"ReadAction","target":["https:\/\/redelog.rj.gov.br\/redelog\/instrumento-convocatorio-2\/"]}]},{"@type":"ImageObject","inLanguage":"pt-BR","@id":"https:\/\/redelog.rj.gov.br\/redelog\/instrumento-convocatorio-2\/#primaryimage","url":"https:\/\/www.redelog.rj.gov.br\/redelog\/wp-content\/uploads\/2021\/10\/note.jpg","contentUrl":"https:\/\/www.redelog.rj.gov.br\/redelog\/wp-content\/uploads\/2021\/10\/note.jpg"},{"@type":"BreadcrumbList","@id":"https:\/\/redelog.rj.gov.br\/redelog\/instrumento-convocatorio-2\/#breadcrumb","itemListElement":[{"@type":"ListItem","position":1,"name":"Home","item":"https:\/\/redelog.rj.gov.br\/redelog\/"},{"@type":"ListItem","position":2,"name":"INSTRUMENTO CONVOCAT\u00d3RIO"}]},{"@type":"WebSite","@id":"https:\/\/redelog.rj.gov.br\/redelog\/#website","url":"https:\/\/redelog.rj.gov.br\/redelog\/","name":"Redelog","description":"Site da Rede de Log\u00edstica e Planejamento do Estado do Rio de Janeiro","publisher":{"@id":"https:\/\/redelog.rj.gov.br\/redelog\/#organization"},"potentialAction":[{"@type":"SearchAction","target":{"@type":"EntryPoint","urlTemplate":"https:\/\/redelog.rj.gov.br\/redelog\/?s={search_term_string}"},"query-input":{"@type":"PropertyValueSpecification","valueRequired":true,"valueName":"search_term_string"}}],"inLanguage":"pt-BR"},{"@type":"Organization","@id":"https:\/\/redelog.rj.gov.br\/redelog\/#organization","name":"REDELOG","url":"https:\/\/redelog.rj.gov.br\/redelog\/","logo":{"@type":"ImageObject","inLanguage":"pt-BR","@id":"https:\/\/redelog.rj.gov.br\/redelog\/#\/schema\/logo\/image\/","url":"http:\/\/10.10.8.100:8888\/redelog\/wp-content\/uploads\/2019\/09\/Redelog2.png","contentUrl":"http:\/\/10.10.8.100:8888\/redelog\/wp-content\/uploads\/2019\/09\/Redelog2.png","width":565,"height":155,"caption":"REDELOG"},"image":{"@id":"https:\/\/redelog.rj.gov.br\/redelog\/#\/schema\/logo\/image\/"}},{"@type":"Person","@id":"https:\/\/redelog.rj.gov.br\/redelog\/#\/schema\/person\/dd6a5779d3028a21ef65c6e4af7c1edb","name":"Luisa Maravilhas de Carvalho","image":{"@type":"ImageObject","inLanguage":"pt-BR","@id":"https:\/\/redelog.rj.gov.br\/redelog\/#\/schema\/person\/image\/","url":"https:\/\/secure.gravatar.com\/avatar\/42eea343007bb4bb43265a1df0b9eebe3b0ff8ee578355b2f834803cdddc604a?s=96&d=mm&r=g","contentUrl":"https:\/\/secure.gravatar.com\/avatar\/42eea343007bb4bb43265a1df0b9eebe3b0ff8ee578355b2f834803cdddc604a?s=96&d=mm&r=g","caption":"Luisa Maravilhas de Carvalho"},"url":"https:\/\/redelog.rj.gov.br\/redelog\/author\/luisa-carvalho\/"}]}},"_links":{"self":[{"href":"https:\/\/redelog.rj.gov.br\/redelog\/wp-json\/wp\/v2\/posts\/27975","targetHints":{"allow":["GET"]}}],"collection":[{"href":"https:\/\/redelog.rj.gov.br\/redelog\/wp-json\/wp\/v2\/posts"}],"about":[{"href":"https:\/\/redelog.rj.gov.br\/redelog\/wp-json\/wp\/v2\/types\/post"}],"author":[{"embeddable":true,"href":"https:\/\/redelog.rj.gov.br\/redelog\/wp-json\/wp\/v2\/users\/25"}],"replies":[{"embeddable":true,"href":"https:\/\/redelog.rj.gov.br\/redelog\/wp-json\/wp\/v2\/comments?post=27975"}],"version-history":[{"count":43,"href":"https:\/\/redelog.rj.gov.br\/redelog\/wp-json\/wp\/v2\/posts\/27975\/revisions"}],"predecessor-version":[{"id":29646,"href":"https:\/\/redelog.rj.gov.br\/redelog\/wp-json\/wp\/v2\/posts\/27975\/revisions\/29646"}],"wp:attachment":[{"href":"https:\/\/redelog.rj.gov.br\/redelog\/wp-json\/wp\/v2\/media?parent=27975"}],"wp:term":[{"taxonomy":"category","embeddable":true,"href":"https:\/\/redelog.rj.gov.br\/redelog\/wp-json\/wp\/v2\/categories?post=27975"},{"taxonomy":"post_tag","embeddable":true,"href":"https:\/\/redelog.rj.gov.br\/redelog\/wp-json\/wp\/v2\/tags?post=27975"}],"curies":[{"name":"wp","href":"https:\/\/api.w.org\/{rel}","templated":true}]}}