{"id":27548,"date":"2024-01-23T13:55:57","date_gmt":"2024-01-23T16:55:57","guid":{"rendered":"https:\/\/redelog.rj.gov.br\/redelog\/?p=27548"},"modified":"2024-04-17T14:15:13","modified_gmt":"2024-04-17T17:15:13","slug":"catalogo-de-materiais-e-servicos-2","status":"publish","type":"post","link":"https:\/\/redelog.rj.gov.br\/redelog\/catalogo-de-materiais-e-servicos-2\/","title":{"rendered":"CAT\u00c1LOGO DE MATERIAIS E SERVI\u00c7OS"},"content":{"rendered":"\t\t<div data-elementor-type=\"wp-post\" data-elementor-id=\"27548\" class=\"elementor elementor-27548\" data-elementor-post-type=\"post\">\n\t\t\t\t\t\t<section class=\"elementor-section elementor-top-section elementor-element elementor-element-9cddf7c elementor-section-boxed elementor-section-height-default elementor-section-height-default\" data-id=\"9cddf7c\" data-element_type=\"section\" data-settings=\"{&quot;jet_parallax_layout_list&quot;:[{&quot;jet_parallax_layout_image&quot;:{&quot;url&quot;:&quot;&quot;,&quot;id&quot;:&quot;&quot;,&quot;size&quot;:&quot;&quot;},&quot;_id&quot;:&quot;38613a2&quot;,&quot;jet_parallax_layout_image_tablet&quot;:{&quot;url&quot;:&quot;&quot;,&quot;id&quot;:&quot;&quot;,&quot;size&quot;:&quot;&quot;},&quot;jet_parallax_layout_image_mobile&quot;:{&quot;url&quot;:&quot;&quot;,&quot;id&quot;:&quot;&quot;,&quot;size&quot;:&quot;&quot;},&quot;jet_parallax_layout_speed&quot;:{&quot;unit&quot;:&quot;%&quot;,&quot;size&quot;:50,&quot;sizes&quot;:[]},&quot;jet_parallax_layout_type&quot;:&quot;scroll&quot;,&quot;jet_parallax_layout_direction&quot;:&quot;1&quot;,&quot;jet_parallax_layout_fx_direction&quot;:null,&quot;jet_parallax_layout_z_index&quot;:&quot;&quot;,&quot;jet_parallax_layout_bg_x&quot;:50,&quot;jet_parallax_layout_bg_x_tablet&quot;:&quot;&quot;,&quot;jet_parallax_layout_bg_x_mobile&quot;:&quot;&quot;,&quot;jet_parallax_layout_bg_y&quot;:50,&quot;jet_parallax_layout_bg_y_tablet&quot;:&quot;&quot;,&quot;jet_parallax_layout_bg_y_mobile&quot;:&quot;&quot;,&quot;jet_parallax_layout_bg_size&quot;:&quot;auto&quot;,&quot;jet_parallax_layout_bg_size_tablet&quot;:&quot;&quot;,&quot;jet_parallax_layout_bg_size_mobile&quot;:&quot;&quot;,&quot;jet_parallax_layout_animation_prop&quot;:&quot;transform&quot;,&quot;jet_parallax_layout_on&quot;:[&quot;desktop&quot;,&quot;tablet&quot;]}]}\">\n\t\t\t\t\t\t<div class=\"elementor-container elementor-column-gap-default\">\n\t\t\t\t\t<div class=\"elementor-column elementor-col-100 elementor-top-column elementor-element elementor-element-bf03fbf\" data-id=\"bf03fbf\" data-element_type=\"column\">\n\t\t\t<div class=\"elementor-widget-wrap elementor-element-populated\">\n\t\t\t\t\t\t<div class=\"elementor-element elementor-element-3eb98a3 elementor-widget-divider--view-line elementor-widget elementor-widget-divider\" data-id=\"3eb98a3\" data-element_type=\"widget\" data-widget_type=\"divider.default\">\n\t\t\t\t\t\t\t<div class=\"elementor-divider\">\n\t\t\t<span class=\"elementor-divider-separator\">\n\t\t\t\t\t\t<\/span>\n\t\t<\/div>\n\t\t\t\t\t\t<\/div>\n\t\t\t\t\t<\/div>\n\t\t<\/div>\n\t\t\t\t\t<\/div>\n\t\t<\/section>\n\t\t\t\t<section class=\"elementor-section elementor-top-section elementor-element elementor-element-a8cd42d elementor-section-boxed elementor-section-height-default elementor-section-height-default\" data-id=\"a8cd42d\" data-element_type=\"section\" data-settings=\"{&quot;jet_parallax_layout_list&quot;:[{&quot;jet_parallax_layout_image&quot;:{&quot;url&quot;:&quot;&quot;,&quot;id&quot;:&quot;&quot;,&quot;size&quot;:&quot;&quot;},&quot;_id&quot;:&quot;546b2cd&quot;,&quot;jet_parallax_layout_image_tablet&quot;:{&quot;url&quot;:&quot;&quot;,&quot;id&quot;:&quot;&quot;,&quot;size&quot;:&quot;&quot;},&quot;jet_parallax_layout_image_mobile&quot;:{&quot;url&quot;:&quot;&quot;,&quot;id&quot;:&quot;&quot;,&quot;size&quot;:&quot;&quot;},&quot;jet_parallax_layout_speed&quot;:{&quot;unit&quot;:&quot;%&quot;,&quot;size&quot;:50,&quot;sizes&quot;:[]},&quot;jet_parallax_layout_type&quot;:&quot;scroll&quot;,&quot;jet_parallax_layout_direction&quot;:&quot;1&quot;,&quot;jet_parallax_layout_fx_direction&quot;:null,&quot;jet_parallax_layout_z_index&quot;:&quot;&quot;,&quot;jet_parallax_layout_bg_x&quot;:50,&quot;jet_parallax_layout_bg_x_tablet&quot;:&quot;&quot;,&quot;jet_parallax_layout_bg_x_mobile&quot;:&quot;&quot;,&quot;jet_parallax_layout_bg_y&quot;:50,&quot;jet_parallax_layout_bg_y_tablet&quot;:&quot;&quot;,&quot;jet_parallax_layout_bg_y_mobile&quot;:&quot;&quot;,&quot;jet_parallax_layout_bg_size&quot;:&quot;auto&quot;,&quot;jet_parallax_layout_bg_size_tablet&quot;:&quot;&quot;,&quot;jet_parallax_layout_bg_size_mobile&quot;:&quot;&quot;,&quot;jet_parallax_layout_animation_prop&quot;:&quot;transform&quot;,&quot;jet_parallax_layout_on&quot;:[&quot;desktop&quot;,&quot;tablet&quot;]}]}\">\n\t\t\t\t\t\t<div class=\"elementor-container elementor-column-gap-default\">\n\t\t\t\t\t<div class=\"elementor-column elementor-col-100 elementor-top-column elementor-element elementor-element-7551d8a\" data-id=\"7551d8a\" data-element_type=\"column\">\n\t\t\t<div class=\"elementor-widget-wrap elementor-element-populated\">\n\t\t\t\t\t\t<section class=\"elementor-section elementor-inner-section elementor-element elementor-element-a3e80cf elementor-section-boxed elementor-section-height-default elementor-section-height-default\" data-id=\"a3e80cf\" data-element_type=\"section\" data-settings=\"{&quot;jet_parallax_layout_list&quot;:[{&quot;jet_parallax_layout_image&quot;:{&quot;url&quot;:&quot;&quot;,&quot;id&quot;:&quot;&quot;,&quot;size&quot;:&quot;&quot;},&quot;_id&quot;:&quot;480125b&quot;,&quot;jet_parallax_layout_image_tablet&quot;:{&quot;url&quot;:&quot;&quot;,&quot;id&quot;:&quot;&quot;,&quot;size&quot;:&quot;&quot;},&quot;jet_parallax_layout_image_mobile&quot;:{&quot;url&quot;:&quot;&quot;,&quot;id&quot;:&quot;&quot;,&quot;size&quot;:&quot;&quot;},&quot;jet_parallax_layout_speed&quot;:{&quot;unit&quot;:&quot;%&quot;,&quot;size&quot;:50,&quot;sizes&quot;:[]},&quot;jet_parallax_layout_type&quot;:&quot;scroll&quot;,&quot;jet_parallax_layout_direction&quot;:&quot;1&quot;,&quot;jet_parallax_layout_fx_direction&quot;:null,&quot;jet_parallax_layout_z_index&quot;:&quot;&quot;,&quot;jet_parallax_layout_bg_x&quot;:50,&quot;jet_parallax_layout_bg_x_tablet&quot;:&quot;&quot;,&quot;jet_parallax_layout_bg_x_mobile&quot;:&quot;&quot;,&quot;jet_parallax_layout_bg_y&quot;:50,&quot;jet_parallax_layout_bg_y_tablet&quot;:&quot;&quot;,&quot;jet_parallax_layout_bg_y_mobile&quot;:&quot;&quot;,&quot;jet_parallax_layout_bg_size&quot;:&quot;auto&quot;,&quot;jet_parallax_layout_bg_size_tablet&quot;:&quot;&quot;,&quot;jet_parallax_layout_bg_size_mobile&quot;:&quot;&quot;,&quot;jet_parallax_layout_animation_prop&quot;:&quot;transform&quot;,&quot;jet_parallax_layout_on&quot;:[&quot;desktop&quot;,&quot;tablet&quot;]}]}\">\n\t\t\t\t\t\t<div class=\"elementor-container elementor-column-gap-default\">\n\t\t\t\t\t<div class=\"elementor-column elementor-col-50 elementor-inner-column elementor-element elementor-element-1ba1599\" data-id=\"1ba1599\" data-element_type=\"column\">\n\t\t\t<div class=\"elementor-widget-wrap elementor-element-populated\">\n\t\t\t\t\t\t<div class=\"elementor-element elementor-element-640eadb elementor-view-framed elementor-shape-circle elementor-widget elementor-widget-icon\" data-id=\"640eadb\" data-element_type=\"widget\" data-widget_type=\"icon.default\">\n\t\t\t\t\t\t\t<div class=\"elementor-icon-wrapper\">\n\t\t\t<div class=\"elementor-icon\">\n\t\t\t<svg aria-hidden=\"true\" class=\"e-font-icon-svg e-fas-tools\" viewBox=\"0 0 512 512\" xmlns=\"http:\/\/www.w3.org\/2000\/svg\"><path d=\"M501.1 395.7L384 278.6c-23.1-23.1-57.6-27.6-85.4-13.9L192 158.1V96L64 0 0 64l96 128h62.1l106.6 106.6c-13.6 27.8-9.2 62.3 13.9 85.4l117.1 117.1c14.6 14.6 38.2 14.6 52.7 0l52.7-52.7c14.5-14.6 14.5-38.2 0-52.7zM331.7 225c28.3 0 54.9 11 74.9 31l19.4 19.4c15.8-6.9 30.8-16.5 43.8-29.5 37.1-37.1 49.7-89.3 37.9-136.7-2.2-9-13.5-12.1-20.1-5.5l-74.4 74.4-67.9-11.3L334 98.9l74.4-74.4c6.6-6.6 3.4-17.9-5.7-20.2-47.4-11.7-99.6.9-136.6 37.9-28.5 28.5-41.9 66.1-41.2 103.6l82.1 82.1c8.1-1.9 16.5-2.9 24.7-2.9zm-103.9 82l-56.7-56.7L18.7 402.8c-25 25-25 65.5 0 90.5s65.5 25 90.5 0l123.6-123.6c-7.6-19.9-9.9-41.6-5-62.7zM64 472c-13.2 0-24-10.8-24-24 0-13.3 10.7-24 24-24s24 10.7 24 24c0 13.2-10.7 24-24 24z\"><\/path><\/svg>\t\t\t<\/div>\n\t\t<\/div>\n\t\t\t\t\t\t<\/div>\n\t\t\t\t\t<\/div>\n\t\t<\/div>\n\t\t\t\t<div class=\"elementor-column elementor-col-50 elementor-inner-column elementor-element elementor-element-fc4c270\" data-id=\"fc4c270\" data-element_type=\"column\">\n\t\t\t<div class=\"elementor-widget-wrap elementor-element-populated\">\n\t\t\t\t\t\t<div class=\"elementor-element elementor-element-9469a21 elementor-widget elementor-widget-text-editor\" data-id=\"9469a21\" data-element_type=\"widget\" data-widget_type=\"text-editor.default\">\n\t\t\t\t\t\t\t\t\t<p><span style=\"font-weight: 400;\">O Cat\u00e1logo de Materiais e Servi\u00e7os \u00e9 uma ferramenta essencial para a padroniza\u00e7\u00e3o de especifica\u00e7\u00f5es das caracter\u00edsticas de um material ou servi\u00e7o a ser contratado, garantindo uniformidade de procedimentos e proporcionando ao mercado fornecedor subs\u00eddios para a correta identifica\u00e7\u00e3o do que a Administra\u00e7\u00e3o P\u00fablica pretende adquirir.<\/span><\/p><p><span style=\"font-weight: 400;\"><a href=\"https:\/\/leisestaduais.com.br\/rj\/decreto-n-47525-2021-rio-de-janeiro-institui-e-regulamenta-a-politica-estadual-de-gestao-estrategica-de-suprimentos-e-a-politica-estadual-de-compras-centralizadas-no-ambito-do-poder-executivo-do-estado-do-rio-de-janeiro-e-da-outras-providencias?q=47.525&amp;origin=instituicao#\"><strong>O Decreto n\u00b0 47.525, de 17 de mar\u00e7o de 2021<\/strong><\/a>, institui e regulamenta a Pol\u00edtica Estadual de Gest\u00e3o Estrat\u00e9gica de Suprimentos &#8211; PGES e a Pol\u00edtica Estadual de Compras Centralizadas no Estado do Rio de Janeiro, tendo como um dos seus instrumentos o Cat\u00e1logo de Materiais e Servi\u00e7os do Estado do Rio de Janeiro.<\/span><\/p>\t\t\t\t\t\t\t\t<\/div>\n\t\t\t\t\t<\/div>\n\t\t<\/div>\n\t\t\t\t\t<\/div>\n\t\t<\/section>\n\t\t\t\t<div class=\"elementor-element elementor-element-77e39c3 elementor-widget elementor-widget-image\" data-id=\"77e39c3\" data-element_type=\"widget\" data-widget_type=\"image.default\">\n\t\t\t\t\t\t\t\t\t\t\t\t\t\t\t<img fetchpriority=\"high\" decoding=\"async\" width=\"1024\" height=\"577\" src=\"https:\/\/redelog.rj.gov.br\/redelog\/wp-content\/uploads\/2021\/10\/Catalogo-1024x577.png\" class=\"attachment-large size-large wp-image-11308\" alt=\"\" srcset=\"https:\/\/redelog.rj.gov.br\/redelog\/wp-content\/uploads\/2021\/10\/Catalogo-1024x577.png 1024w, https:\/\/redelog.rj.gov.br\/redelog\/wp-content\/uploads\/2021\/10\/Catalogo-300x169.png 300w, https:\/\/redelog.rj.gov.br\/redelog\/wp-content\/uploads\/2021\/10\/Catalogo-768x433.png 768w, https:\/\/redelog.rj.gov.br\/redelog\/wp-content\/uploads\/2021\/10\/Catalogo-150x85.png 150w, https:\/\/redelog.rj.gov.br\/redelog\/wp-content\/uploads\/2021\/10\/Catalogo-600x338.png 600w, https:\/\/redelog.rj.gov.br\/redelog\/wp-content\/uploads\/2021\/10\/Catalogo.png 1244w\" sizes=\"(max-width: 1024px) 100vw, 1024px\" \/>\t\t\t\t\t\t\t\t\t\t\t\t\t\t\t<\/div>\n\t\t\t\t<div class=\"elementor-element elementor-element-1ed3b92 elementor-widget-divider--view-line elementor-widget elementor-widget-divider\" data-id=\"1ed3b92\" data-element_type=\"widget\" data-widget_type=\"divider.default\">\n\t\t\t\t\t\t\t<div class=\"elementor-divider\">\n\t\t\t<span class=\"elementor-divider-separator\">\n\t\t\t\t\t\t<\/span>\n\t\t<\/div>\n\t\t\t\t\t\t<\/div>\n\t\t\t\t<div class=\"elementor-element elementor-element-0f952ec elementor-widget elementor-widget-heading\" data-id=\"0f952ec\" data-element_type=\"widget\" data-widget_type=\"heading.default\">\n\t\t\t\t\t<h3 class=\"elementor-heading-title elementor-size-default\">O Que \u00e9 o Cat\u00e1logo de Materiais e Servi\u00e7os?<\/h3>\t\t\t\t<\/div>\n\t\t\t\t<div class=\"elementor-element elementor-element-e50c33e elementor-widget elementor-widget-text-editor\" data-id=\"e50c33e\" data-element_type=\"widget\" data-widget_type=\"text-editor.default\">\n\t\t\t\t\t\t\t\t\t<p><span style=\"font-weight: 400;\">O cat\u00e1logo \u00e9 uma base de dados que cont\u00e9m a rela\u00e7\u00e3o e a descri\u00e7\u00e3o de todos os materiais e servi\u00e7os, permitindo a operacionaliza\u00e7\u00e3o dos processos de compras em atendimento \u00e0s necessidades dos \u00f3rg\u00e3os e entidades do Estado no que se refere \u00e0 gest\u00e3o de suprimentos.<\/span><\/p><p><span style=\"font-weight: 400;\">As especifica\u00e7\u00f5es dos itens de materiais e servi\u00e7os devem ser precisamente detalhadas e compat\u00edveis com aqueles encontrados no mercado fornecedor para garantir a qualidade das compras p\u00fablicas.<\/span><\/p><ul><li style=\"font-weight: 400;\" aria-level=\"1\"><i><span style=\"font-weight: 400;\"><a href=\"https:\/\/leisestaduais.com.br\/rj\/decreto-n-46910-2020-rio-de-janeiro-regulamenta-no-ambito-do-poder-executivo-do-estado-do-rio-de-janeiro-o-uso-do-sistema-integrado-de-gestaode-aquisicoes-siga-e-da-outrasprovidencias?q=46.910&amp;origin=instituicao#\"><strong>Decreto\u00a0 Estadual 46.910\/2020;<\/strong><\/a>\u00a0Regulamenta\u00a0 o SIGA<\/span><\/i><i><span style=\"font-weight: 400;\">.<\/span><\/i><\/li><\/ul><p><i><span style=\"font-weight: 400;\">Art. 2\u00ba \u2013 O Sistema Integrado de Gest\u00e3o de Aquisi\u00e7\u00f5es \u2013 SIGA \u00e9 um sistema informatizado desenvolvido para o processamento e o registro das opera\u00e7\u00f5es da cadeia de suprimentos do Poder Executivo do Estado do Rio de Janeiro e compreende as funcionalidades de:<\/span><\/i><\/p><p><i><span style=\"font-weight: 400;\">I \u2013 Cat\u00e1logo de Materiais e Servi\u00e7os.<\/span><\/i><\/p><ul><li style=\"font-weight: 400;\" aria-level=\"1\"><a href=\"https:\/\/leisestaduais.com.br\/rj\/decreto-n-47525-2021-rio-de-janeiro-institui-e-regulamenta-a-politica-estadual-de-gestao-estrategica-de-suprimentos-e-a-politica-estadual-de-compras-centralizadas-no-ambito-do-poder-executivo-do-estado-do-rio-de-janeiro-e-da-outras-providencias?q=47.525&amp;origin=instituicao#\"><strong><i>Decreto Estadual n\u00b0 47.525\/2021<\/i><\/strong><\/a><\/li><\/ul><p><i><span style=\"font-weight: 400;\">Art. 5\u00ba S\u00e3o instrumentos da GES, dentre outros:<\/span><\/i><\/p><p><i><span style=\"font-weight: 400;\">(&#8230;)<\/span><\/i><\/p><p><i><span style=\"font-weight: 400;\">IV &#8211; o Cat\u00e1logo de Materiais e Servi\u00e7os utilizado pelo Estado do Rio de Janeiro\u201d<\/span><\/i><\/p>\t\t\t\t\t\t\t\t<\/div>\n\t\t\t\t<div class=\"elementor-element elementor-element-0fc3a9c elementor-widget-divider--view-line elementor-widget elementor-widget-divider\" data-id=\"0fc3a9c\" data-element_type=\"widget\" data-widget_type=\"divider.default\">\n\t\t\t\t\t\t\t<div class=\"elementor-divider\">\n\t\t\t<span class=\"elementor-divider-separator\">\n\t\t\t\t\t\t<\/span>\n\t\t<\/div>\n\t\t\t\t\t\t<\/div>\n\t\t\t\t<div class=\"elementor-element elementor-element-89cd66c elementor-widget elementor-widget-heading\" data-id=\"89cd66c\" data-element_type=\"widget\" data-widget_type=\"heading.default\">\n\t\t\t\t\t<h3 class=\"elementor-heading-title elementor-size-default\">Princ\u00edpios da Classifica\u00e7\u00e3o<\/h3>\t\t\t\t<\/div>\n\t\t\t\t<div class=\"elementor-element elementor-element-c348228 elementor-widget elementor-widget-text-editor\" data-id=\"c348228\" data-element_type=\"widget\" data-widget_type=\"text-editor.default\">\n\t\t\t\t\t\t\t\t\t<ul><li style=\"font-weight: 400;\" aria-level=\"1\"><span style=\"font-weight: 400;\"><strong>Cataloga\u00e7\u00e3o:<\/strong> fase do processo em que cada material dever\u00e1 ser identificado e ordenado logicamente, para facilitar o setor de compras e atingir a clareza necess\u00e1ria para o atendimento do usu\u00e1rio final.<\/span><\/li><li style=\"font-weight: 400;\" aria-level=\"1\"><span style=\"font-weight: 400;\"><strong>Especifica\u00e7\u00e3o:<\/strong> \u00e9 uma minuciosa descri\u00e7\u00e3o do item visando um melhor entendimento entre consumidor e fornecedor.<\/span><\/li><li style=\"font-weight: 400;\" aria-level=\"1\"><span style=\"font-weight: 400;\"><strong>Normaliza\u00e7\u00e3o:<\/strong> conjunto de normas que estabelecem padr\u00f5es de qualidade na fabrica\u00e7\u00e3o dos produtos, visando a seguran\u00e7a, a prote\u00e7\u00e3o do consumidor e a elimina\u00e7\u00e3o de barreiras t\u00e9cnicas e comerciais.<\/span><\/li><li style=\"font-weight: 400;\" aria-level=\"1\"><span style=\"font-weight: 400;\"><strong>Codifica\u00e7\u00e3o:<\/strong> \u00e9 a forma pela qual apresentamos cada item atrav\u00e9s de um c\u00f3digo, com a utiliza\u00e7\u00e3o de n\u00fameros e\/ou letras. Tem como objetivo definir crit\u00e9rios consistentes que permitam e facilitem a implanta\u00e7\u00e3o de sistemas uniformizados.<\/span><\/li><\/ul><h4><span style=\"font-weight: 400;\">\u00a0<\/span>Atributos da Classifica\u00e7\u00e3o<span style=\"font-weight: 400;\">:<\/span><\/h4><ul><li style=\"font-weight: 400;\" aria-level=\"1\"><span style=\"font-weight: 400;\"><strong>Abrang\u00eancia:<\/strong> a classifica\u00e7\u00e3o deve abordar uma s\u00e9rie de caracter\u00edsticas dos materiais e servi\u00e7os de forma abrangente.<\/span><\/li><li style=\"font-weight: 400;\" aria-level=\"1\"><span style=\"font-weight: 400;\"><strong>Flexibilidade:<\/strong> um sistema de classifica\u00e7\u00e3o flex\u00edvel \u00e9 aquele que permite interfaces entre os diversos tipos de classifica\u00e7\u00e3o; a flexibilidade refere-se \u00e0 \u201ccomunica\u00e7\u00e3o\u201d entre os tipos de classifica\u00e7\u00e3o, bem como \u00e0 possibilidade de adaptar e melhorar o sistema de classifica\u00e7\u00e3o sempre que desej\u00e1vel.<\/span><\/li><li style=\"font-weight: 400;\" aria-level=\"1\"><span style=\"font-weight: 400;\"><strong>Praticidade:<\/strong> a classifica\u00e7\u00e3o deve ser simples e direta, sem demandar do gestor procedimentos complexos. Ainda, deve prover informa\u00e7\u00f5es objetivas.<\/span><\/li><\/ul><h4>\u00a0Requisitos de um Sistema de Classifica\u00e7\u00e3o:<\/h4><ul><li style=\"font-weight: 400;\" aria-level=\"1\"><span style=\"font-weight: 400;\"><strong>Expansividade:<\/strong> deve suportar um aumento no rol de sua classifica\u00e7\u00e3o, esperado com o crescimento da organiza\u00e7\u00e3o &lt;=&gt; demanda &lt;=&gt; diversidade de atividades.<\/span><\/li><li style=\"font-weight: 400;\" aria-level=\"1\"><span style=\"font-weight: 400;\"><strong>Unicidade:<\/strong> o c\u00f3digo \u00e9 a chave prim\u00e1ria do item de material ou servi\u00e7o (um c\u00f3digo para cada item).<\/span><\/li><li style=\"font-weight: 400;\" aria-level=\"1\"><span style=\"font-weight: 400;\"><strong>Simplicidade:<\/strong> facilidade de compreens\u00e3o e de uso.<\/span><\/li><li style=\"font-weight: 400;\" aria-level=\"1\"><span style=\"font-weight: 400;\"><strong>Concis\u00e3o:<\/strong> refere-se \u00e0 objetividade do sistema.<\/span><\/li><li style=\"font-weight: 400;\" aria-level=\"1\"><span style=\"font-weight: 400;\"><strong>Operacionalidade:<\/strong> o uso do sistema de codifica\u00e7\u00e3o deve ser pr\u00e1tico e robusto no campo operacional.<\/span><\/li><li style=\"font-weight: 400;\" aria-level=\"1\"><span style=\"font-weight: 400;\"><strong>Confiabilidade:<\/strong> o sistema de codifica\u00e7\u00e3o deve assegurar a qualidade que dele se espera.<\/span><\/li><li style=\"font-weight: 400;\" aria-level=\"1\"><span style=\"font-weight: 400;\"><strong>Versatilidade:<\/strong> possibilidade de adequa\u00e7\u00e3o \u00e0s mais variadas aplica\u00e7\u00f5es.<\/span><\/li><li style=\"font-weight: 400;\" aria-level=\"1\"><span style=\"font-weight: 400;\"><strong>Padroniza\u00e7\u00e3o:<\/strong> exist\u00eancia de regras estruturadas na codifica\u00e7\u00e3o do item.<\/span><\/li><\/ul>\t\t\t\t\t\t\t\t<\/div>\n\t\t\t\t<div class=\"elementor-element elementor-element-bcaa333 elementor-widget-divider--view-line elementor-widget elementor-widget-divider\" data-id=\"bcaa333\" data-element_type=\"widget\" data-widget_type=\"divider.default\">\n\t\t\t\t\t\t\t<div class=\"elementor-divider\">\n\t\t\t<span class=\"elementor-divider-separator\">\n\t\t\t\t\t\t<\/span>\n\t\t<\/div>\n\t\t\t\t\t\t<\/div>\n\t\t\t\t<div class=\"elementor-element elementor-element-08031bc elementor-widget elementor-widget-heading\" data-id=\"08031bc\" data-element_type=\"widget\" data-widget_type=\"heading.default\">\n\t\t\t\t\t<h3 class=\"elementor-heading-title elementor-size-default\">Estrutura do Cat\u00e1logo no SIGA<\/h3>\t\t\t\t<\/div>\n\t\t\t\t<div class=\"elementor-element elementor-element-4d6aedf elementor-widget elementor-widget-text-editor\" data-id=\"4d6aedf\" data-element_type=\"widget\" data-widget_type=\"text-editor.default\">\n\t\t\t\t\t\t\t\t\t<p><span style=\"font-weight: 400;\">TIPO\u00a0 \u00a0 \u2192\u00a0 \u00a0 FAM\u00cdLIA \u00a0 \u00a0 \u2192 \u00a0 CLASSE \u00a0 \u00a0 \u2192 \u00a0 ARTIGO (PDM\/PDS) \u00a0 \u2192\u00a0 \u00a0 \u00a0 ITEM<\/span><br \/><br \/><span style=\"font-weight: 400;\">\u00a0\u00a0X\u00a0 \u00a0 \u00a0 \u00a0 \u00a0 \u00a0 \u00a0 \u00a0 \u00a0 \u00a0 XX\u00a0 \u00a0 \u00a0 \u00a0 \u00a0 \u00a0 \u00a0 \u00a0 \u00a0 \u00a0 XXXX \u00a0 \u00a0 \u00a0 \u00a0 \u00a0 \u00a0 \u00a0 \u00a0 \u00a0 \u00a0 \u00a0 \u00a0 XXX\u00a0 \u00a0 \u00a0 \u00a0 \u00a0 \u00a0 \u00a0 \u00a0 \u00a0 \u00a0 \u00a0 \u00a0 XXX.XXX<\/span><\/p><p>\u00a0<\/p><h4><b>Estrutura Hier\u00e1rquica:<\/b><\/h4><ul><li style=\"font-weight: 400;\" aria-level=\"1\"><span style=\"font-weight: 400;\"><strong>Tipo:<\/strong> Considerando um n\u00famero que pode ser representado pela numeral 1 para materiais ou 2 para servi\u00e7os.<\/span><\/li><li style=\"font-weight: 400;\" aria-level=\"1\"><span style=\"font-weight: 400;\"><strong>Fam\u00edlias (1\u00ba n\u00edvel hier\u00e1rquico):<\/strong> onde est\u00e3o reunidas as classes de materiais e servi\u00e7os afins, por natureza e\/ou fun\u00e7\u00e3o.<\/span><\/li><li style=\"font-weight: 400;\" aria-level=\"1\"><span style=\"font-weight: 400;\"><strong>Classes (2\u00ba n\u00edvel hier\u00e1rquico):<\/strong> onde est\u00e3o agrupados os materiais ou servi\u00e7os com a mesma natureza dentro da respectiva fam\u00edlia.<\/span><\/li><li style=\"font-weight: 400;\" aria-level=\"1\"><span style=\"font-weight: 400;\"><strong>Artigos (3\u00ba n\u00edvel hier\u00e1rquico):<\/strong> onde est\u00e3o agrupados os itens correlatos e definidas suas caracter\u00edsticas t\u00e9cnicas (PDM = Padr\u00e3o de Descri\u00e7\u00e3o de Materiais ou PDS = Padr\u00e3o de Descri\u00e7\u00e3o de Servi\u00e7os).<\/span><\/li><li style=\"font-weight: 400;\" aria-level=\"1\"><span style=\"font-weight: 400;\"><strong>Itens:<\/strong> \u00e9 a especifica\u00e7\u00e3o sucinta e inequ\u00edvoca de um material ou servi\u00e7o, atrav\u00e9s de caracter\u00edsticas t\u00e9cnicas espec\u00edficas (mat\u00e9ria-prima, dimens\u00f5es, cor, acondicionamento, embalagem, tipo de servi\u00e7o, etc).<\/span><\/li><\/ul><p>\u00a0<\/p><h4><b>Padr\u00e3o de Descri\u00e7\u00e3o de Materiais \u2013 PDM e Padr\u00e3o de Descri\u00e7\u00e3o de Servi\u00e7os \u2013 PDS<\/b><\/h4><p><strong>Caracter\u00edsticas<\/strong><\/p><ul><li style=\"font-weight: 400;\" aria-level=\"1\"><span style=\"font-weight: 400;\">S\u00e3o as informa\u00e7\u00f5es para a identifica\u00e7\u00e3o\/especifica\u00e7\u00e3o t\u00e9cnica dos itens de materiais e servi\u00e7os, sempre de forma completa e inequ\u00edvoca;<\/span><\/li><li style=\"font-weight: 400;\" aria-level=\"1\"><span style=\"font-weight: 400;\">De uma maneira simplista, podemos dizer que as caracter\u00edsticas s\u00e3o as \u201cperguntas\u201d necess\u00e1rias para especificar e comprar corretamente um material ou contratar um servi\u00e7o, sem a utiliza\u00e7\u00e3o de refer\u00eancias comerciais.<\/span><\/li><\/ul><p><strong>Conte\u00fados<\/strong><\/p><ul><li style=\"font-weight: 400;\" aria-level=\"1\"><span style=\"font-weight: 400;\">S\u00e3o os valores poss\u00edveis, vinculados a cada caracter\u00edstica que comp\u00f5em determinado PD;<\/span><\/li><li style=\"font-weight: 400;\" aria-level=\"1\"><span style=\"font-weight: 400;\">Podemos ent\u00e3o afirmar que os conte\u00fados s\u00e3o as \u201crespostas\u201d para as \u201cperguntas\u201d que s\u00e3o representadas pelas caracter\u00edsticas.<\/span><\/li><\/ul>\t\t\t\t\t\t\t\t<\/div>\n\t\t\t\t<div class=\"elementor-element elementor-element-52d2a32 elementor-widget elementor-widget-image\" data-id=\"52d2a32\" data-element_type=\"widget\" data-widget_type=\"image.default\">\n\t\t\t\t\t\t\t\t\t\t\t\t\t\t\t<img decoding=\"async\" width=\"991\" height=\"756\" data-src=\"https:\/\/redelog.rj.gov.br\/redelog\/wp-content\/uploads\/2024\/01\/WhatsApp-Image-2024-01-23-at-2.33.45-PM-1.jpeg\" class=\"attachment-large size-large wp-image-27562 lazyload\" alt=\"\" data-srcset=\"https:\/\/redelog.rj.gov.br\/redelog\/wp-content\/uploads\/2024\/01\/WhatsApp-Image-2024-01-23-at-2.33.45-PM-1.jpeg 991w, https:\/\/redelog.rj.gov.br\/redelog\/wp-content\/uploads\/2024\/01\/WhatsApp-Image-2024-01-23-at-2.33.45-PM-1-300x229.jpeg 300w, https:\/\/redelog.rj.gov.br\/redelog\/wp-content\/uploads\/2024\/01\/WhatsApp-Image-2024-01-23-at-2.33.45-PM-1-768x586.jpeg 768w, https:\/\/redelog.rj.gov.br\/redelog\/wp-content\/uploads\/2024\/01\/WhatsApp-Image-2024-01-23-at-2.33.45-PM-1-600x458.jpeg 600w\" data-sizes=\"(max-width: 991px) 100vw, 991px\" src=\"data:image\/svg+xml;base64,PHN2ZyB3aWR0aD0iMSIgaGVpZ2h0PSIxIiB4bWxucz0iaHR0cDovL3d3dy53My5vcmcvMjAwMC9zdmciPjwvc3ZnPg==\" style=\"--smush-placeholder-width: 991px; --smush-placeholder-aspect-ratio: 991\/756;\" \/>\t\t\t\t\t\t\t\t\t\t\t\t\t\t\t<\/div>\n\t\t\t\t<div class=\"elementor-element elementor-element-3347401 elementor-widget elementor-widget-text-editor\" data-id=\"3347401\" data-element_type=\"widget\" data-widget_type=\"text-editor.default\">\n\t\t\t\t\t\t\t\t\t<p>\u00a0<\/p><h4><b>Unidade de Medida<\/b><\/h4><ul><li style=\"font-weight: 400;\" aria-level=\"1\"><span style=\"font-weight: 400;\">A unidade de medida \u00e9 complemento do item.<\/span><\/li><li style=\"font-weight: 400;\" aria-level=\"1\"><span style=\"font-weight: 400;\">Deve ser escolhida conforme padr\u00e3o de mercado.<\/span><\/li><li style=\"font-weight: 400;\" aria-level=\"1\"><span style=\"font-weight: 400;\">A unidade de medida tem como valores aquilo que consta na tabela do Sistema Internacional de Medidas.<\/span><\/li><li style=\"font-weight: 400;\" aria-level=\"1\"><span style=\"font-weight: 400;\">A unidade de medida tamb\u00e9m pode ser expressa na forma de unidade de consumo (aquisi\u00e7\u00e3o ou contrata\u00e7\u00e3o).<\/span><\/li><\/ul>\t\t\t\t\t\t\t\t<\/div>\n\t\t\t\t<div class=\"elementor-element elementor-element-192ece4 elementor-widget elementor-widget-image\" data-id=\"192ece4\" data-element_type=\"widget\" data-widget_type=\"image.default\">\n\t\t\t\t\t\t\t\t\t\t\t\t\t\t\t<img decoding=\"async\" width=\"995\" height=\"447\" data-src=\"https:\/\/redelog.rj.gov.br\/redelog\/wp-content\/uploads\/2024\/01\/WhatsApp-Image-2024-01-23-at-2.40.29-PM.jpeg\" class=\"attachment-large size-large wp-image-27567 lazyload\" alt=\"\" data-srcset=\"https:\/\/redelog.rj.gov.br\/redelog\/wp-content\/uploads\/2024\/01\/WhatsApp-Image-2024-01-23-at-2.40.29-PM.jpeg 995w, https:\/\/redelog.rj.gov.br\/redelog\/wp-content\/uploads\/2024\/01\/WhatsApp-Image-2024-01-23-at-2.40.29-PM-300x135.jpeg 300w, https:\/\/redelog.rj.gov.br\/redelog\/wp-content\/uploads\/2024\/01\/WhatsApp-Image-2024-01-23-at-2.40.29-PM-768x345.jpeg 768w, https:\/\/redelog.rj.gov.br\/redelog\/wp-content\/uploads\/2024\/01\/WhatsApp-Image-2024-01-23-at-2.40.29-PM-600x270.jpeg 600w\" data-sizes=\"(max-width: 995px) 100vw, 995px\" src=\"data:image\/svg+xml;base64,PHN2ZyB3aWR0aD0iMSIgaGVpZ2h0PSIxIiB4bWxucz0iaHR0cDovL3d3dy53My5vcmcvMjAwMC9zdmciPjwvc3ZnPg==\" style=\"--smush-placeholder-width: 995px; --smush-placeholder-aspect-ratio: 995\/447;\" \/>\t\t\t\t\t\t\t\t\t\t\t\t\t\t\t<\/div>\n\t\t\t\t<div class=\"elementor-element elementor-element-ef82d82 elementor-widget elementor-widget-text-editor\" data-id=\"ef82d82\" data-element_type=\"widget\" data-widget_type=\"text-editor.default\">\n\t\t\t\t\t\t\t\t\t<p><b>Forma de Fornecimento<\/b><\/p><ul><li style=\"font-weight: 400;\" aria-level=\"1\"><span style=\"font-weight: 400;\">\u00c9 a forma como o produto \u00e9 comercializado.<\/span><\/li><\/ul>\t\t\t\t\t\t\t\t<\/div>\n\t\t\t\t<div class=\"elementor-element elementor-element-79721d1 elementor-widget elementor-widget-image\" data-id=\"79721d1\" data-element_type=\"widget\" data-widget_type=\"image.default\">\n\t\t\t\t\t\t\t\t\t\t\t\t\t\t\t<img decoding=\"async\" width=\"1024\" height=\"318\" data-src=\"https:\/\/redelog.rj.gov.br\/redelog\/wp-content\/uploads\/2024\/01\/WhatsApp-Image-2024-01-23-at-2.46.56-PM-1024x318.jpeg\" class=\"attachment-large size-large wp-image-27573 lazyload\" alt=\"\" data-srcset=\"https:\/\/redelog.rj.gov.br\/redelog\/wp-content\/uploads\/2024\/01\/WhatsApp-Image-2024-01-23-at-2.46.56-PM-1024x318.jpeg 1024w, https:\/\/redelog.rj.gov.br\/redelog\/wp-content\/uploads\/2024\/01\/WhatsApp-Image-2024-01-23-at-2.46.56-PM-300x93.jpeg 300w, https:\/\/redelog.rj.gov.br\/redelog\/wp-content\/uploads\/2024\/01\/WhatsApp-Image-2024-01-23-at-2.46.56-PM-768x238.jpeg 768w, https:\/\/redelog.rj.gov.br\/redelog\/wp-content\/uploads\/2024\/01\/WhatsApp-Image-2024-01-23-at-2.46.56-PM-600x186.jpeg 600w, https:\/\/redelog.rj.gov.br\/redelog\/wp-content\/uploads\/2024\/01\/WhatsApp-Image-2024-01-23-at-2.46.56-PM.jpeg 1028w\" data-sizes=\"(max-width: 1024px) 100vw, 1024px\" src=\"data:image\/svg+xml;base64,PHN2ZyB3aWR0aD0iMSIgaGVpZ2h0PSIxIiB4bWxucz0iaHR0cDovL3d3dy53My5vcmcvMjAwMC9zdmciPjwvc3ZnPg==\" style=\"--smush-placeholder-width: 1024px; --smush-placeholder-aspect-ratio: 1024\/318;\" \/>\t\t\t\t\t\t\t\t\t\t\t\t\t\t\t<\/div>\n\t\t\t\t<div class=\"elementor-element elementor-element-4221e81 elementor-widget elementor-widget-text-editor\" data-id=\"4221e81\" data-element_type=\"widget\" data-widget_type=\"text-editor.default\">\n\t\t\t\t\t\t\t\t\t<ul><li style=\"font-weight: 400;\" aria-level=\"1\"><span style=\"font-weight: 400;\">Importante: \u00e9 com base na forma de fornecimento que o fornecedor ir\u00e1 cotar seu pre\u00e7o, fazer proposta ou dar lance em um preg\u00e3o.<\/span><\/li><\/ul>\t\t\t\t\t\t\t\t<\/div>\n\t\t\t\t<section class=\"elementor-section elementor-inner-section elementor-element elementor-element-9375ca5 elementor-section-boxed elementor-section-height-default elementor-section-height-default\" data-id=\"9375ca5\" data-element_type=\"section\" id=\"download\" data-settings=\"{&quot;jet_parallax_layout_list&quot;:[{&quot;jet_parallax_layout_image&quot;:{&quot;url&quot;:&quot;&quot;,&quot;id&quot;:&quot;&quot;,&quot;size&quot;:&quot;&quot;},&quot;_id&quot;:&quot;6c8f11c&quot;,&quot;jet_parallax_layout_image_tablet&quot;:{&quot;url&quot;:&quot;&quot;,&quot;id&quot;:&quot;&quot;,&quot;size&quot;:&quot;&quot;},&quot;jet_parallax_layout_image_mobile&quot;:{&quot;url&quot;:&quot;&quot;,&quot;id&quot;:&quot;&quot;,&quot;size&quot;:&quot;&quot;},&quot;jet_parallax_layout_speed&quot;:{&quot;unit&quot;:&quot;%&quot;,&quot;size&quot;:50,&quot;sizes&quot;:[]},&quot;jet_parallax_layout_type&quot;:&quot;scroll&quot;,&quot;jet_parallax_layout_direction&quot;:&quot;1&quot;,&quot;jet_parallax_layout_fx_direction&quot;:null,&quot;jet_parallax_layout_z_index&quot;:&quot;&quot;,&quot;jet_parallax_layout_bg_x&quot;:50,&quot;jet_parallax_layout_bg_x_tablet&quot;:&quot;&quot;,&quot;jet_parallax_layout_bg_x_mobile&quot;:&quot;&quot;,&quot;jet_parallax_layout_bg_y&quot;:50,&quot;jet_parallax_layout_bg_y_tablet&quot;:&quot;&quot;,&quot;jet_parallax_layout_bg_y_mobile&quot;:&quot;&quot;,&quot;jet_parallax_layout_bg_size&quot;:&quot;auto&quot;,&quot;jet_parallax_layout_bg_size_tablet&quot;:&quot;&quot;,&quot;jet_parallax_layout_bg_size_mobile&quot;:&quot;&quot;,&quot;jet_parallax_layout_animation_prop&quot;:&quot;transform&quot;,&quot;jet_parallax_layout_on&quot;:[&quot;desktop&quot;,&quot;tablet&quot;]}]}\">\n\t\t\t\t\t\t<div class=\"elementor-container elementor-column-gap-default\">\n\t\t\t\t\t<div class=\"elementor-column elementor-col-100 elementor-inner-column elementor-element elementor-element-58ae534\" data-id=\"58ae534\" data-element_type=\"column\">\n\t\t\t<div class=\"elementor-widget-wrap elementor-element-populated\">\n\t\t\t\t\t\t<div class=\"elementor-element elementor-element-c9e32d1 elementor-widget-divider--view-line elementor-widget elementor-widget-divider\" data-id=\"c9e32d1\" data-element_type=\"widget\" data-widget_type=\"divider.default\">\n\t\t\t\t\t\t\t<div class=\"elementor-divider\">\n\t\t\t<span class=\"elementor-divider-separator\">\n\t\t\t\t\t\t<\/span>\n\t\t<\/div>\n\t\t\t\t\t\t<\/div>\n\t\t\t\t<div class=\"elementor-element elementor-element-f61e66e elementor-widget elementor-widget-heading\" data-id=\"f61e66e\" data-element_type=\"widget\" data-widget_type=\"heading.default\">\n\t\t\t\t\t<h2 class=\"elementor-heading-title elementor-size-default\">Boas Pr\u00e1ticas na Cataloga\u00e7\u00e3o<\/h2>\t\t\t\t<\/div>\n\t\t\t\t\t<\/div>\n\t\t<\/div>\n\t\t\t\t\t<\/div>\n\t\t<\/section>\n\t\t\t\t<div class=\"elementor-element elementor-element-653688b elementor-widget elementor-widget-text-editor\" data-id=\"653688b\" data-element_type=\"widget\" data-widget_type=\"text-editor.default\">\n\t\t\t\t\t\t\t\t\t<p><b>1 &#8211; Especifica\u00e7\u00f5es de materiais e servi\u00e7os<\/b><\/p><ul><li style=\"font-weight: 400;\" aria-level=\"1\"><span style=\"font-weight: 400;\">Devem vir detalhadas.<\/span><\/li><li style=\"font-weight: 400;\" aria-level=\"1\"><span style=\"font-weight: 400;\">Devem ser precisamente discriminadas de modo que os fornecedores N\u00c3O apresentem propostas de produtos ou presta\u00e7\u00e3o de servi\u00e7os com caracter\u00edsticas diferentes e pre\u00e7os diferenciados.<\/span><\/li><\/ul><p><b>2 \u2013 Normaliza\u00e7\u00e3o<\/b><\/p><ul><li style=\"font-weight: 400;\" aria-level=\"1\"><span style=\"font-weight: 400;\">Consiste no conjunto de normas que estabelecem padr\u00f5es de redu\u00e7\u00e3o de variedades, procedimentos e qualidade na fabrica\u00e7\u00e3o dos produtos.<\/span><\/li><li style=\"font-weight: 400;\" aria-level=\"1\"><span style=\"font-weight: 400;\">Tem por objetivo a economia, comunica\u00e7\u00e3o, seguran\u00e7a, prote\u00e7\u00e3o do consumidor e a elimina\u00e7\u00e3o de barreiras t\u00e9cnicas e comerciais.<\/span><\/li><\/ul><p><b>3 \u2013 Padroniza\u00e7\u00e3o<\/b><\/p><ul><li style=\"font-weight: 400;\" aria-level=\"1\"><span style=\"font-weight: 400;\">Compreende o ato que visa tornar comum um determinado modelo, par\u00e2metro ou norma.<\/span><\/li><\/ul><p><span style=\"font-weight: 400;\">\u00a0<\/span><\/p><p><b>Import\u00e2ncia da padroniza\u00e7\u00e3o no cat\u00e1logo<\/b><\/p><ul><li style=\"font-weight: 400;\" aria-level=\"1\"><span style=\"font-weight: 400;\">A manuten\u00e7\u00e3o de um cadastro de materiais e servi\u00e7os com estruturas padronizadas garantir\u00e1 que todas as \u00e1reas dentro de uma mesma organiza\u00e7\u00e3o, seja ela p\u00fablica ou privada, utilizem uma base de dados uniformizada quanto \u00e0s informa\u00e7\u00f5es t\u00e9cnicas ou fiscais. \u00c9 o que podemos chamar de ado\u00e7\u00e3o de uma linguagem \u00fanica e em conformidade com as pr\u00e1ticas de mercado.<\/span><\/li><li style=\"font-weight: 400;\" aria-level=\"1\"><span style=\"font-weight: 400;\">Esta linguagem \u00fanica e padronizada, al\u00e9m de garantir a qualidade dos materiais e servi\u00e7os adquiridos ou contratados, permite um \u201cpoder\u201d maior de negocia\u00e7\u00e3o, quando do processo de aquisi\u00e7\u00e3o, gerando economia para a organiza\u00e7\u00e3o.<\/span><\/li><li style=\"font-weight: 400;\" aria-level=\"1\"><span style=\"font-weight: 400;\">Outra vantagem \u00e9 facilitar aos usu\u00e1rios, quando de suas pesquisas de materiais ou servi\u00e7os no cat\u00e1logo, a identifica\u00e7\u00e3o imediata para os itens, evitando assim a cria\u00e7\u00e3o de multiplicidades entre os mesmos.<\/span><\/li><\/ul><p><span style=\"font-weight: 400;\">\u00a0<\/span><\/p><p><b>Principais benef\u00edcios da padroniza\u00e7\u00e3o<\/b><\/p><p><span style=\"font-weight: 400;\">Um cat\u00e1logo uniformizado e padronizado pode se tornar uma alavanca de valor para que o Estado obtenha os seguintes benef\u00edcios econ\u00f4micos e operacionais:<\/span><\/p><ul><li style=\"font-weight: 400;\" aria-level=\"1\"><span style=\"font-weight: 400;\">Evitar licita\u00e7\u00f5es fracassadas, desertas e impugna\u00e7\u00f5es por falta de entendimento do objeto pelo requisitante e pelo fornecedor.<\/span><\/li><li style=\"font-weight: 400;\" aria-level=\"1\"><span style=\"font-weight: 400;\">Converg\u00eancia das compras para os itens padronizados.<\/span><\/li><li style=\"font-weight: 400;\" aria-level=\"1\"><span style=\"font-weight: 400;\">Obten\u00e7\u00e3o de economia de escala.<\/span><\/li><li style=\"font-weight: 400;\" aria-level=\"1\"><span style=\"font-weight: 400;\">Redu\u00e7\u00e3o de erros de recebimento, evitando a insatisfa\u00e7\u00e3o do usu\u00e1rio.<\/span><\/li><li style=\"font-weight: 400;\" aria-level=\"1\"><span style=\"font-weight: 400;\">Otimiza\u00e7\u00e3o de estoques.<\/span><\/li><li style=\"font-weight: 400;\" aria-level=\"1\"><span style=\"font-weight: 400;\">Estabelecimento de pre\u00e7os de refer\u00eancia para o banco de pre\u00e7os do sistema de compras do Estado, evitando distor\u00e7\u00f5es de valores.<\/span><\/li><\/ul><p><span style=\"font-weight: 400;\">\u00a0<\/span><\/p><p><b>A influ\u00eancia da padroniza\u00e7\u00e3o na composi\u00e7\u00e3o do banco de pre\u00e7os<\/b><\/p><ul><li style=\"font-weight: 400;\" aria-level=\"1\"><span style=\"font-weight: 400;\">A padroniza\u00e7\u00e3o das descri\u00e7\u00f5es de materiais e servi\u00e7os conduz \u00e0 redu\u00e7\u00e3o da variedade de materiais e servi\u00e7os contratados na Administra\u00e7\u00e3o P\u00fablica;<\/span><\/li><li style=\"font-weight: 400;\" aria-level=\"1\"><span style=\"font-weight: 400;\">O desempenho da pesquisa de pre\u00e7os \u00e9 uma fun\u00e7\u00e3o direta da qualidade da especifica\u00e7\u00e3o do objeto;<\/span><\/li><li style=\"font-weight: 400;\" aria-level=\"1\"><span style=\"font-weight: 400;\">Quanto pior a descri\u00e7\u00e3o do que se pretende comprar, pior a coer\u00eancia dos pre\u00e7os de refer\u00eancia.<\/span><\/li><\/ul><p><span style=\"font-weight: 400;\">Uma das medidas para reduzir os riscos na especifica\u00e7\u00e3o \u00e9 capacitar adequadamente o pessoal envolvido nas unidades requisitantes, auxiliados pelo pessoal especializado em compras do \u00d3rg\u00e3o Central do Sistema Log\u00edstico.<\/span><\/p><p>\u00a0<\/p><p><span style=\"font-weight: 400;\">\u00a0<\/span><b>Processo de padroniza\u00e7\u00e3o<\/b><\/p><ul><li aria-level=\"1\"><span style=\"font-weight: 400;\">Estabelecer os padr\u00f5es das especifica\u00e7\u00f5es f\u00edsicas e de desempenho dos bens e servi\u00e7os para serem refer\u00eancias;<\/span><\/li><\/ul><ul><li style=\"font-weight: 400;\" aria-level=\"1\"><span style=\"font-weight: 400;\">Estabelecer os crit\u00e9rios nas especifica\u00e7\u00f5es que atendam fatores econ\u00f4micos e de qualidade;<\/span><\/li><li style=\"font-weight: 400;\" aria-level=\"1\"><span style=\"font-weight: 400;\">Racionalizar os itens catalogados.<\/span><\/li><\/ul><p><span style=\"font-weight: 400;\">A padroniza\u00e7\u00e3o e o saneamento do cat\u00e1logo permitem que todos os \u00f3rg\u00e3os e entidades do Estado do Rio de Janeiro utilizem os mesmos materiais.<\/span><\/p><p><br \/><br \/><\/p>\t\t\t\t\t\t\t\t<\/div>\n\t\t\t\t<div class=\"elementor-element elementor-element-5b5d622 elementor-widget-divider--view-line elementor-widget elementor-widget-divider\" data-id=\"5b5d622\" data-element_type=\"widget\" data-widget_type=\"divider.default\">\n\t\t\t\t\t\t\t<div class=\"elementor-divider\">\n\t\t\t<span class=\"elementor-divider-separator\">\n\t\t\t\t\t\t<\/span>\n\t\t<\/div>\n\t\t\t\t\t\t<\/div>\n\t\t\t\t<div class=\"elementor-element elementor-element-ded200e elementor-widget elementor-widget-heading\" data-id=\"ded200e\" data-element_type=\"widget\" data-widget_type=\"heading.default\">\n\t\t\t\t\t<h3 class=\"elementor-heading-title elementor-size-default\">Existe Diferen\u00e7a entre Cat\u00e1logo de Materiais e Servi\u00e7os e Cat\u00e1logo Eletr\u00f4nico de Padroniza\u00e7\u00e3o?<\/h3>\t\t\t\t<\/div>\n\t\t\t\t<div class=\"elementor-element elementor-element-c4342b1 elementor-widget elementor-widget-spacer\" data-id=\"c4342b1\" data-element_type=\"widget\" data-widget_type=\"spacer.default\">\n\t\t\t\t\t\t\t<div class=\"elementor-spacer\">\n\t\t\t<div class=\"elementor-spacer-inner\"><\/div>\n\t\t<\/div>\n\t\t\t\t\t\t<\/div>\n\t\t\t\t<div class=\"elementor-element elementor-element-fc0b2d3 elementor-widget elementor-widget-text-editor\" data-id=\"fc0b2d3\" data-element_type=\"widget\" data-widget_type=\"text-editor.default\">\n\t\t\t\t\t\t\t\t\t<p>Sim, quanto ao cat\u00e1logo eletr\u00f4nico de padroniza\u00e7\u00e3o este encontra-se previsto no art. 6\u00ba, inciso LI e no art. 19 inciso II, da <a href=\"http:\/\/www.planalto.gov.br\/ccivil_03\/_ato2019-2022\/2021\/lei\/L14133.htm\"><strong>Lei N\u00b0 14.133\/21<\/strong><\/a>:<\/p><p><em><strong>Art. 6\u00ba<\/strong> Para os fins desta Lei, consideram-se:<\/em><\/p><p><em><strong>LI<\/strong> &#8211; cat\u00e1logo eletr\u00f4nico de padroniza\u00e7\u00e3o de compras, servi\u00e7os e obras: <strong>sistema informatizado, de gerenciamento centralizado e com indica\u00e7\u00e3o de pre\u00e7os, destinado a permitir a padroniza\u00e7\u00e3o de itens <\/strong>a serem adquiridos pela Administra\u00e7\u00e3o P\u00fablica e que estar\u00e3o dispon\u00edveis para a licita\u00e7\u00e3o<\/em><\/p><p><em><strong>Art. 19<\/strong>. Os \u00f3rg\u00e3os da Administra\u00e7\u00e3o <strong>com compet\u00eancias regulamentares <\/strong>relativas \u00e0s atividades de administra\u00e7\u00e3o de materiais, de obras e servi\u00e7os e de licita\u00e7\u00f5es e contratos <strong>dever\u00e3o<\/strong>:<\/em><\/p><p><em><strong>II<\/strong> &#8211; <strong>criar<\/strong> cat\u00e1logo eletr\u00f4nico de padroniza\u00e7\u00e3o de compras, servi\u00e7os e obras, admitida a ado\u00e7\u00e3o do cat\u00e1logo do Poder Executivo federal por todos os entes federativos; (grifo nosso)<\/em><\/p><p>Vale notar que o <a href=\"https:\/\/leisestaduais.com.br\/rj\/decreto-n-48816-2023-rio-de-janeiro-regulamenta-a-fase-preparatoria-das-contratacoes-de-que-trata-a-lei-no-14-133-de-1o-de-abril-de-2021-no-ambito-da-administracao-publica-estadual-direta-autarquica-e-fundacional?q=48816&amp;origin=instituicao#\"><strong>Decreto n\u00b0 48.816\/23<\/strong><\/a> prev\u00ea a necessidade de justificativa para n\u00e3o utiliza\u00e7\u00e3o do cat\u00e1logo eletr\u00f4nico de padroniza\u00e7\u00e3o na elabora\u00e7\u00e3o dos termos de refer\u00eancia, de acordo com o art. 17, inciso III, al\u00ednea &#8220;a&#8221; c\/c \u00a7 5\u00b0.\u00a0<\/p><p>Entretanto, verifica-se pela inexist\u00eancia de cat\u00e1logo eletr\u00f4nico de padroniza\u00e7\u00e3o de compras, servi\u00e7os e obras no \u00e2mbito do Poder Executivo estadual, uma vez que o mesmo n\u00e3o foi institu\u00eddo at\u00e9 o presente momento, bem como que o cat\u00e1logo eletr\u00f4nico de padroniza\u00e7\u00e3o disponibilizado pelo Poder Executivo federal apresenta somente os itens de caf\u00e9, a\u00e7\u00facar e \u00e1gua mineral compondo o Cat\u00e1logo Eletr\u00f4nico de Padroniza\u00e7\u00e3o, conforme verificado no link de acesso: <strong><a href=\"https:\/\/www.gov.br\/pncp\/pt-br\/catalogo-eletronico-de-padronizacao\/itens-padronizados\">https:\/\/www.gov.br\/pncp\/pt-br\/catalogo-eletronico-de-padronizacao\/itens-padronizados<\/a><\/strong><\/p><p>Conforme apresentado, entende-se que a n\u00e3o utiliza\u00e7\u00e3o de um cat\u00e1logo eletr\u00f4nico de padroniza\u00e7\u00e3o de compras, servi\u00e7os e obras n\u00e3o \u00e9 uma excepcionalidade, de forma que os itens de bens e servi\u00e7os catalogados no Cat\u00e1logo de Materiais e Servi\u00e7os do Sistema Integrado de Gest\u00e3o de Aquisi\u00e7\u00f5es &#8211; SIGA \u00e9, atualmente, o adequado para utiliza\u00e7\u00e3o pelos \u00f3rg\u00e3os e entidades da Administra\u00e7\u00e3o P\u00fablica estadual.<\/p><p>O Cat\u00e1logo de Materiais e Servi\u00e7os do SIGA \u00e9 uma ferramenta essencial para a padroniza\u00e7\u00e3o de especifica\u00e7\u00f5es das caracter\u00edsticas de um material ou servi\u00e7o a ser contratado, garantindo uniformidade de procedimentos e proporcionando ao mercado fornecedor subs\u00eddios para a correta identifica\u00e7\u00e3o do que a Administra\u00e7\u00e3o P\u00fablica pretende adquirir.<\/p><p>Neste contexto, as especifica\u00e7\u00f5es dos itens de bens e servi\u00e7os devem ser precisamente detalhadas, de forma padronizada, e compat\u00edveis com aqueles encontrados no mercado fornecedor.<\/p><p>Como boa pr\u00e1tica, recomendamos que devem ser observados os seguintes requisitos para padroniza\u00e7\u00e3o:<\/p><ul><li>Estabelecer os padr\u00f5es das especifica\u00e7\u00f5es f\u00edsicas e de desempenho dos bens e servi\u00e7os para serem refer\u00eancias;<\/li><li>Estabelecer os crit\u00e9rios nas especifica\u00e7\u00f5es que atendam fatores econ\u00f4micos e de qualidade;<\/li><li>Racionalizar os itens catalogados.<\/li><\/ul>\t\t\t\t\t\t\t\t<\/div>\n\t\t\t\t<div class=\"elementor-element elementor-element-f5822d4 elementor-widget-divider--view-line elementor-widget elementor-widget-divider\" data-id=\"f5822d4\" data-element_type=\"widget\" data-widget_type=\"divider.default\">\n\t\t\t\t\t\t\t<div class=\"elementor-divider\">\n\t\t\t<span class=\"elementor-divider-separator\">\n\t\t\t\t\t\t<\/span>\n\t\t<\/div>\n\t\t\t\t\t\t<\/div>\n\t\t\t\t<div class=\"elementor-element elementor-element-af383ab elementor-widget elementor-widget-heading\" data-id=\"af383ab\" data-element_type=\"widget\" data-widget_type=\"heading.default\">\n\t\t\t\t\t<h3 class=\"elementor-heading-title elementor-size-default\">\nManual de Procedimentos do Cat\u00e1logo de Materiais e Servi\u00e7os\n<\/h3>\t\t\t\t<\/div>\n\t\t\t\t<div class=\"elementor-element elementor-element-ee044d3 elementor-widget elementor-widget-image\" data-id=\"ee044d3\" data-element_type=\"widget\" data-widget_type=\"image.default\">\n\t\t\t\t\t\t\t\t\t\t\t\t\t\t\t\t<a href=\"https:\/\/redelog.rj.gov.br\/redelog\/wp-content\/uploads\/2021\/10\/Manual-de-Procedimentos-Catalogo.pdf\">\n\t\t\t\t\t\t\t<img decoding=\"async\" width=\"225\" height=\"225\" data-src=\"https:\/\/redelog.rj.gov.br\/redelog\/wp-content\/uploads\/2024\/01\/pdf.png\" class=\"attachment-medium size-medium wp-image-27581 lazyload\" alt=\"\" data-srcset=\"https:\/\/redelog.rj.gov.br\/redelog\/wp-content\/uploads\/2024\/01\/pdf.png 225w, https:\/\/redelog.rj.gov.br\/redelog\/wp-content\/uploads\/2024\/01\/pdf-150x150.png 150w\" data-sizes=\"(max-width: 225px) 100vw, 225px\" src=\"data:image\/svg+xml;base64,PHN2ZyB3aWR0aD0iMSIgaGVpZ2h0PSIxIiB4bWxucz0iaHR0cDovL3d3dy53My5vcmcvMjAwMC9zdmciPjwvc3ZnPg==\" style=\"--smush-placeholder-width: 225px; --smush-placeholder-aspect-ratio: 225\/225;\" \/>\t\t\t\t\t\t\t\t<\/a>\n\t\t\t\t\t\t\t\t\t\t\t\t\t\t\t<\/div>\n\t\t\t\t<div class=\"elementor-element elementor-element-22d9e80 elementor-widget-divider--view-line elementor-widget elementor-widget-divider\" data-id=\"22d9e80\" data-element_type=\"widget\" data-widget_type=\"divider.default\">\n\t\t\t\t\t\t\t<div class=\"elementor-divider\">\n\t\t\t<span class=\"elementor-divider-separator\">\n\t\t\t\t\t\t<\/span>\n\t\t<\/div>\n\t\t\t\t\t\t<\/div>\n\t\t\t\t\t<\/div>\n\t\t<\/div>\n\t\t\t\t\t<\/div>\n\t\t<\/section>\n\t\t\t\t<section class=\"elementor-section elementor-top-section elementor-element elementor-element-c48087f elementor-section-boxed elementor-section-height-default elementor-section-height-default\" data-id=\"c48087f\" data-element_type=\"section\" id=\"options\" data-settings=\"{&quot;jet_parallax_layout_list&quot;:[{&quot;jet_parallax_layout_image&quot;:{&quot;url&quot;:&quot;&quot;,&quot;id&quot;:&quot;&quot;,&quot;size&quot;:&quot;&quot;},&quot;_id&quot;:&quot;d3cdd8d&quot;,&quot;jet_parallax_layout_image_tablet&quot;:{&quot;url&quot;:&quot;&quot;,&quot;id&quot;:&quot;&quot;,&quot;size&quot;:&quot;&quot;},&quot;jet_parallax_layout_image_mobile&quot;:{&quot;url&quot;:&quot;&quot;,&quot;id&quot;:&quot;&quot;,&quot;size&quot;:&quot;&quot;},&quot;jet_parallax_layout_speed&quot;:{&quot;unit&quot;:&quot;%&quot;,&quot;size&quot;:50,&quot;sizes&quot;:[]},&quot;jet_parallax_layout_type&quot;:&quot;scroll&quot;,&quot;jet_parallax_layout_direction&quot;:&quot;1&quot;,&quot;jet_parallax_layout_fx_direction&quot;:null,&quot;jet_parallax_layout_z_index&quot;:&quot;&quot;,&quot;jet_parallax_layout_bg_x&quot;:50,&quot;jet_parallax_layout_bg_x_tablet&quot;:&quot;&quot;,&quot;jet_parallax_layout_bg_x_mobile&quot;:&quot;&quot;,&quot;jet_parallax_layout_bg_y&quot;:50,&quot;jet_parallax_layout_bg_y_tablet&quot;:&quot;&quot;,&quot;jet_parallax_layout_bg_y_mobile&quot;:&quot;&quot;,&quot;jet_parallax_layout_bg_size&quot;:&quot;auto&quot;,&quot;jet_parallax_layout_bg_size_tablet&quot;:&quot;&quot;,&quot;jet_parallax_layout_bg_size_mobile&quot;:&quot;&quot;,&quot;jet_parallax_layout_animation_prop&quot;:&quot;transform&quot;,&quot;jet_parallax_layout_on&quot;:[&quot;desktop&quot;,&quot;tablet&quot;]}]}\">\n\t\t\t\t\t\t<div class=\"elementor-container elementor-column-gap-default\">\n\t\t\t\t\t<div class=\"elementor-column elementor-col-100 elementor-top-column elementor-element elementor-element-5162248\" data-id=\"5162248\" data-element_type=\"column\">\n\t\t\t<div class=\"elementor-widget-wrap elementor-element-populated\">\n\t\t\t\t\t\t<div class=\"elementor-element elementor-element-57a8c4a elementor-widget elementor-widget-shortcode\" data-id=\"57a8c4a\" data-element_type=\"widget\" data-widget_type=\"shortcode.default\">\n\t\t\t\t\t\t\t<div class=\"elementor-shortcode\"><div class='printomatic pom-default ' id='id2415' alt='Imprimir' title='Imprimir' data-print_target='#post-27548'><\/div> <div class='printomatictext' id='id2415' alt='Imprimir' title='Imprimir' data-print_target='#post-27548'>Imprimir<\/div><div style='clear: both;'><\/div><\/div>\n\t\t\t\t\t\t<\/div>\n\t\t\t\t\t<\/div>\n\t\t<\/div>\n\t\t\t\t\t<\/div>\n\t\t<\/section>\n\t\t\t\t<section class=\"elementor-section elementor-top-section elementor-element elementor-element-d78f754 elementor-section-boxed elementor-section-height-default elementor-section-height-default\" data-id=\"d78f754\" data-element_type=\"section\" data-settings=\"{&quot;jet_parallax_layout_list&quot;:[{&quot;jet_parallax_layout_image&quot;:{&quot;url&quot;:&quot;&quot;,&quot;id&quot;:&quot;&quot;,&quot;size&quot;:&quot;&quot;},&quot;_id&quot;:&quot;73b0c23&quot;,&quot;jet_parallax_layout_image_tablet&quot;:{&quot;url&quot;:&quot;&quot;,&quot;id&quot;:&quot;&quot;,&quot;size&quot;:&quot;&quot;},&quot;jet_parallax_layout_image_mobile&quot;:{&quot;url&quot;:&quot;&quot;,&quot;id&quot;:&quot;&quot;,&quot;size&quot;:&quot;&quot;},&quot;jet_parallax_layout_speed&quot;:{&quot;unit&quot;:&quot;%&quot;,&quot;size&quot;:50,&quot;sizes&quot;:[]},&quot;jet_parallax_layout_type&quot;:&quot;scroll&quot;,&quot;jet_parallax_layout_direction&quot;:&quot;1&quot;,&quot;jet_parallax_layout_fx_direction&quot;:null,&quot;jet_parallax_layout_z_index&quot;:&quot;&quot;,&quot;jet_parallax_layout_bg_x&quot;:50,&quot;jet_parallax_layout_bg_x_tablet&quot;:&quot;&quot;,&quot;jet_parallax_layout_bg_x_mobile&quot;:&quot;&quot;,&quot;jet_parallax_layout_bg_y&quot;:50,&quot;jet_parallax_layout_bg_y_tablet&quot;:&quot;&quot;,&quot;jet_parallax_layout_bg_y_mobile&quot;:&quot;&quot;,&quot;jet_parallax_layout_bg_size&quot;:&quot;auto&quot;,&quot;jet_parallax_layout_bg_size_tablet&quot;:&quot;&quot;,&quot;jet_parallax_layout_bg_size_mobile&quot;:&quot;&quot;,&quot;jet_parallax_layout_animation_prop&quot;:&quot;transform&quot;,&quot;jet_parallax_layout_on&quot;:[&quot;desktop&quot;,&quot;tablet&quot;]}]}\">\n\t\t\t\t\t\t<div class=\"elementor-container elementor-column-gap-default\">\n\t\t\t\t\t<div class=\"elementor-column elementor-col-50 elementor-top-column elementor-element elementor-element-7c378bb\" data-id=\"7c378bb\" data-element_type=\"column\">\n\t\t\t<div class=\"elementor-widget-wrap elementor-element-populated\">\n\t\t\t\t\t\t<div class=\"elementor-element elementor-element-8b05e66 elementor-widget elementor-widget-text-editor\" data-id=\"8b05e66\" data-element_type=\"widget\" data-widget_type=\"text-editor.default\">\n\t\t\t\t\t\t\t\t\t<p><a href=\"https:\/\/redelog.rj.gov.br\/redelog\/documento-de-formalizacao-de-demanda-2\/\"><strong>\u2190 Documento de Formaliza\u00e7\u00e3o de Demanda<\/strong><\/a><\/p>\t\t\t\t\t\t\t\t<\/div>\n\t\t\t\t\t<\/div>\n\t\t<\/div>\n\t\t\t\t<div class=\"elementor-column elementor-col-50 elementor-top-column elementor-element elementor-element-4da2b88\" data-id=\"4da2b88\" data-element_type=\"column\">\n\t\t\t<div class=\"elementor-widget-wrap elementor-element-populated\">\n\t\t\t\t\t\t<div class=\"elementor-element elementor-element-71c8c4f elementor-widget elementor-widget-text-editor\" data-id=\"71c8c4f\" data-element_type=\"widget\" data-widget_type=\"text-editor.default\">\n\t\t\t\t\t\t\t\t\t<p><a href=\"https:\/\/redelog.rj.gov.br\/redelog\/plano-de-contratacoes-anual-2\/\"><strong>Plano de Contrata\u00e7\u00f5es Anual \u2192<\/strong><\/a><\/p>\t\t\t\t\t\t\t\t<\/div>\n\t\t\t\t\t<\/div>\n\t\t<\/div>\n\t\t\t\t\t<\/div>\n\t\t<\/section>\n\t\t\t\t<\/div>\n\t\t","protected":false},"excerpt":{"rendered":"<p>O Cat\u00e1logo de Materiais e Servi\u00e7os \u00e9 uma ferramenta essencial para a padroniza\u00e7\u00e3o de especifica\u00e7\u00f5es das caracter\u00edsticas de um material ou servi\u00e7o a ser contratado, garantindo uniformidade de procedimentos e proporcionando ao mercado fornecedor subs\u00eddios para a correta identifica\u00e7\u00e3o do que a Administra\u00e7\u00e3o P\u00fablica pretende adquirir. O Decreto n\u00b0 47.525, de 17 de mar\u00e7o de [&hellip;]<\/p>\n","protected":false},"author":25,"featured_media":0,"comment_status":"closed","ping_status":"open","sticky":false,"template":"","format":"standard","meta":{"_joinchat":[],"footnotes":""},"categories":[29],"tags":[],"class_list":["post-27548","post","type-post","status-publish","format-standard","hentry","category-cat-fase-planejamento"],"yoast_head":"<!-- This site is optimized with the Yoast SEO plugin v25.7 - https:\/\/yoast.com\/wordpress\/plugins\/seo\/ -->\n<title>CAT\u00c1LOGO DE MATERIAIS E SERVI\u00c7OS - Redelog<\/title>\n<meta name=\"robots\" content=\"index, follow, max-snippet:-1, max-image-preview:large, max-video-preview:-1\" \/>\n<link rel=\"canonical\" href=\"https:\/\/redelog.rj.gov.br\/redelog\/catalogo-de-materiais-e-servicos-2\/\" \/>\n<meta property=\"og:locale\" content=\"pt_BR\" \/>\n<meta property=\"og:type\" content=\"article\" \/>\n<meta property=\"og:title\" content=\"CAT\u00c1LOGO DE MATERIAIS E SERVI\u00c7OS - Redelog\" \/>\n<meta property=\"og:description\" content=\"O Cat\u00e1logo de Materiais e Servi\u00e7os \u00e9 uma ferramenta essencial para a padroniza\u00e7\u00e3o de especifica\u00e7\u00f5es das caracter\u00edsticas de um material ou servi\u00e7o a ser contratado, garantindo uniformidade de procedimentos e proporcionando ao mercado fornecedor subs\u00eddios para a correta identifica\u00e7\u00e3o do que a Administra\u00e7\u00e3o P\u00fablica pretende adquirir. O Decreto n\u00b0 47.525, de 17 de mar\u00e7o de [&hellip;]\" \/>\n<meta property=\"og:url\" content=\"https:\/\/redelog.rj.gov.br\/redelog\/catalogo-de-materiais-e-servicos-2\/\" \/>\n<meta property=\"og:site_name\" content=\"Redelog\" \/>\n<meta property=\"article:published_time\" content=\"2024-01-23T16:55:57+00:00\" \/>\n<meta property=\"article:modified_time\" content=\"2024-04-17T17:15:13+00:00\" \/>\n<meta property=\"og:image\" content=\"https:\/\/www.redelog.rj.gov.br\/redelog\/wp-content\/uploads\/2021\/10\/Catalogo-1024x577.png\" \/>\n<meta name=\"author\" content=\"Luisa Maravilhas de Carvalho\" \/>\n<meta name=\"twitter:card\" content=\"summary_large_image\" \/>\n<meta name=\"twitter:label1\" content=\"Escrito por\" \/>\n\t<meta name=\"twitter:data1\" content=\"Luisa Maravilhas de Carvalho\" \/>\n\t<meta name=\"twitter:label2\" content=\"Est. tempo de leitura\" \/>\n\t<meta name=\"twitter:data2\" content=\"10 minutos\" \/>\n<script type=\"application\/ld+json\" class=\"yoast-schema-graph\">{\"@context\":\"https:\/\/schema.org\",\"@graph\":[{\"@type\":\"Article\",\"@id\":\"https:\/\/redelog.rj.gov.br\/redelog\/catalogo-de-materiais-e-servicos-2\/#article\",\"isPartOf\":{\"@id\":\"https:\/\/redelog.rj.gov.br\/redelog\/catalogo-de-materiais-e-servicos-2\/\"},\"author\":{\"name\":\"Luisa Maravilhas de Carvalho\",\"@id\":\"https:\/\/redelog.rj.gov.br\/redelog\/#\/schema\/person\/dd6a5779d3028a21ef65c6e4af7c1edb\"},\"headline\":\"CAT\u00c1LOGO DE MATERIAIS E SERVI\u00c7OS\",\"datePublished\":\"2024-01-23T16:55:57+00:00\",\"dateModified\":\"2024-04-17T17:15:13+00:00\",\"mainEntityOfPage\":{\"@id\":\"https:\/\/redelog.rj.gov.br\/redelog\/catalogo-de-materiais-e-servicos-2\/\"},\"wordCount\":2104,\"publisher\":{\"@id\":\"https:\/\/redelog.rj.gov.br\/redelog\/#organization\"},\"image\":{\"@id\":\"https:\/\/redelog.rj.gov.br\/redelog\/catalogo-de-materiais-e-servicos-2\/#primaryimage\"},\"thumbnailUrl\":\"https:\/\/www.redelog.rj.gov.br\/redelog\/wp-content\/uploads\/2021\/10\/Catalogo-1024x577.png\",\"articleSection\":[\"Fase de Planejamento\"],\"inLanguage\":\"pt-BR\"},{\"@type\":\"WebPage\",\"@id\":\"https:\/\/redelog.rj.gov.br\/redelog\/catalogo-de-materiais-e-servicos-2\/\",\"url\":\"https:\/\/redelog.rj.gov.br\/redelog\/catalogo-de-materiais-e-servicos-2\/\",\"name\":\"CAT\u00c1LOGO DE MATERIAIS E SERVI\u00c7OS - Redelog\",\"isPartOf\":{\"@id\":\"https:\/\/redelog.rj.gov.br\/redelog\/#website\"},\"primaryImageOfPage\":{\"@id\":\"https:\/\/redelog.rj.gov.br\/redelog\/catalogo-de-materiais-e-servicos-2\/#primaryimage\"},\"image\":{\"@id\":\"https:\/\/redelog.rj.gov.br\/redelog\/catalogo-de-materiais-e-servicos-2\/#primaryimage\"},\"thumbnailUrl\":\"https:\/\/www.redelog.rj.gov.br\/redelog\/wp-content\/uploads\/2021\/10\/Catalogo-1024x577.png\",\"datePublished\":\"2024-01-23T16:55:57+00:00\",\"dateModified\":\"2024-04-17T17:15:13+00:00\",\"breadcrumb\":{\"@id\":\"https:\/\/redelog.rj.gov.br\/redelog\/catalogo-de-materiais-e-servicos-2\/#breadcrumb\"},\"inLanguage\":\"pt-BR\",\"potentialAction\":[{\"@type\":\"ReadAction\",\"target\":[\"https:\/\/redelog.rj.gov.br\/redelog\/catalogo-de-materiais-e-servicos-2\/\"]}]},{\"@type\":\"ImageObject\",\"inLanguage\":\"pt-BR\",\"@id\":\"https:\/\/redelog.rj.gov.br\/redelog\/catalogo-de-materiais-e-servicos-2\/#primaryimage\",\"url\":\"https:\/\/www.redelog.rj.gov.br\/redelog\/wp-content\/uploads\/2021\/10\/Catalogo-1024x577.png\",\"contentUrl\":\"https:\/\/www.redelog.rj.gov.br\/redelog\/wp-content\/uploads\/2021\/10\/Catalogo-1024x577.png\"},{\"@type\":\"BreadcrumbList\",\"@id\":\"https:\/\/redelog.rj.gov.br\/redelog\/catalogo-de-materiais-e-servicos-2\/#breadcrumb\",\"itemListElement\":[{\"@type\":\"ListItem\",\"position\":1,\"name\":\"Home\",\"item\":\"https:\/\/redelog.rj.gov.br\/redelog\/\"},{\"@type\":\"ListItem\",\"position\":2,\"name\":\"CAT\u00c1LOGO DE MATERIAIS E SERVI\u00c7OS\"}]},{\"@type\":\"WebSite\",\"@id\":\"https:\/\/redelog.rj.gov.br\/redelog\/#website\",\"url\":\"https:\/\/redelog.rj.gov.br\/redelog\/\",\"name\":\"Redelog\",\"description\":\"Site da Rede de Log\u00edstica e Planejamento do Estado do Rio de Janeiro\",\"publisher\":{\"@id\":\"https:\/\/redelog.rj.gov.br\/redelog\/#organization\"},\"potentialAction\":[{\"@type\":\"SearchAction\",\"target\":{\"@type\":\"EntryPoint\",\"urlTemplate\":\"https:\/\/redelog.rj.gov.br\/redelog\/?s={search_term_string}\"},\"query-input\":{\"@type\":\"PropertyValueSpecification\",\"valueRequired\":true,\"valueName\":\"search_term_string\"}}],\"inLanguage\":\"pt-BR\"},{\"@type\":\"Organization\",\"@id\":\"https:\/\/redelog.rj.gov.br\/redelog\/#organization\",\"name\":\"REDELOG\",\"url\":\"https:\/\/redelog.rj.gov.br\/redelog\/\",\"logo\":{\"@type\":\"ImageObject\",\"inLanguage\":\"pt-BR\",\"@id\":\"https:\/\/redelog.rj.gov.br\/redelog\/#\/schema\/logo\/image\/\",\"url\":\"http:\/\/10.10.8.100:8888\/redelog\/wp-content\/uploads\/2019\/09\/Redelog2.png\",\"contentUrl\":\"http:\/\/10.10.8.100:8888\/redelog\/wp-content\/uploads\/2019\/09\/Redelog2.png\",\"width\":565,\"height\":155,\"caption\":\"REDELOG\"},\"image\":{\"@id\":\"https:\/\/redelog.rj.gov.br\/redelog\/#\/schema\/logo\/image\/\"}},{\"@type\":\"Person\",\"@id\":\"https:\/\/redelog.rj.gov.br\/redelog\/#\/schema\/person\/dd6a5779d3028a21ef65c6e4af7c1edb\",\"name\":\"Luisa Maravilhas de Carvalho\",\"image\":{\"@type\":\"ImageObject\",\"inLanguage\":\"pt-BR\",\"@id\":\"https:\/\/redelog.rj.gov.br\/redelog\/#\/schema\/person\/image\/\",\"url\":\"https:\/\/secure.gravatar.com\/avatar\/42eea343007bb4bb43265a1df0b9eebe3b0ff8ee578355b2f834803cdddc604a?s=96&d=mm&r=g\",\"contentUrl\":\"https:\/\/secure.gravatar.com\/avatar\/42eea343007bb4bb43265a1df0b9eebe3b0ff8ee578355b2f834803cdddc604a?s=96&d=mm&r=g\",\"caption\":\"Luisa Maravilhas de Carvalho\"},\"url\":\"https:\/\/redelog.rj.gov.br\/redelog\/author\/luisa-carvalho\/\"}]}<\/script>\n<!-- \/ Yoast SEO plugin. -->","yoast_head_json":{"title":"CAT\u00c1LOGO DE MATERIAIS E SERVI\u00c7OS - Redelog","robots":{"index":"index","follow":"follow","max-snippet":"max-snippet:-1","max-image-preview":"max-image-preview:large","max-video-preview":"max-video-preview:-1"},"canonical":"https:\/\/redelog.rj.gov.br\/redelog\/catalogo-de-materiais-e-servicos-2\/","og_locale":"pt_BR","og_type":"article","og_title":"CAT\u00c1LOGO DE MATERIAIS E SERVI\u00c7OS - Redelog","og_description":"O Cat\u00e1logo de Materiais e Servi\u00e7os \u00e9 uma ferramenta essencial para a padroniza\u00e7\u00e3o de especifica\u00e7\u00f5es das caracter\u00edsticas de um material ou servi\u00e7o a ser contratado, garantindo uniformidade de procedimentos e proporcionando ao mercado fornecedor subs\u00eddios para a correta identifica\u00e7\u00e3o do que a Administra\u00e7\u00e3o P\u00fablica pretende adquirir. O Decreto n\u00b0 47.525, de 17 de mar\u00e7o de [&hellip;]","og_url":"https:\/\/redelog.rj.gov.br\/redelog\/catalogo-de-materiais-e-servicos-2\/","og_site_name":"Redelog","article_published_time":"2024-01-23T16:55:57+00:00","article_modified_time":"2024-04-17T17:15:13+00:00","og_image":[{"url":"https:\/\/www.redelog.rj.gov.br\/redelog\/wp-content\/uploads\/2021\/10\/Catalogo-1024x577.png","type":"","width":"","height":""}],"author":"Luisa Maravilhas de Carvalho","twitter_card":"summary_large_image","twitter_misc":{"Escrito por":"Luisa Maravilhas de Carvalho","Est. tempo de leitura":"10 minutos"},"schema":{"@context":"https:\/\/schema.org","@graph":[{"@type":"Article","@id":"https:\/\/redelog.rj.gov.br\/redelog\/catalogo-de-materiais-e-servicos-2\/#article","isPartOf":{"@id":"https:\/\/redelog.rj.gov.br\/redelog\/catalogo-de-materiais-e-servicos-2\/"},"author":{"name":"Luisa Maravilhas de Carvalho","@id":"https:\/\/redelog.rj.gov.br\/redelog\/#\/schema\/person\/dd6a5779d3028a21ef65c6e4af7c1edb"},"headline":"CAT\u00c1LOGO DE MATERIAIS E SERVI\u00c7OS","datePublished":"2024-01-23T16:55:57+00:00","dateModified":"2024-04-17T17:15:13+00:00","mainEntityOfPage":{"@id":"https:\/\/redelog.rj.gov.br\/redelog\/catalogo-de-materiais-e-servicos-2\/"},"wordCount":2104,"publisher":{"@id":"https:\/\/redelog.rj.gov.br\/redelog\/#organization"},"image":{"@id":"https:\/\/redelog.rj.gov.br\/redelog\/catalogo-de-materiais-e-servicos-2\/#primaryimage"},"thumbnailUrl":"https:\/\/www.redelog.rj.gov.br\/redelog\/wp-content\/uploads\/2021\/10\/Catalogo-1024x577.png","articleSection":["Fase de Planejamento"],"inLanguage":"pt-BR"},{"@type":"WebPage","@id":"https:\/\/redelog.rj.gov.br\/redelog\/catalogo-de-materiais-e-servicos-2\/","url":"https:\/\/redelog.rj.gov.br\/redelog\/catalogo-de-materiais-e-servicos-2\/","name":"CAT\u00c1LOGO DE MATERIAIS E SERVI\u00c7OS - Redelog","isPartOf":{"@id":"https:\/\/redelog.rj.gov.br\/redelog\/#website"},"primaryImageOfPage":{"@id":"https:\/\/redelog.rj.gov.br\/redelog\/catalogo-de-materiais-e-servicos-2\/#primaryimage"},"image":{"@id":"https:\/\/redelog.rj.gov.br\/redelog\/catalogo-de-materiais-e-servicos-2\/#primaryimage"},"thumbnailUrl":"https:\/\/www.redelog.rj.gov.br\/redelog\/wp-content\/uploads\/2021\/10\/Catalogo-1024x577.png","datePublished":"2024-01-23T16:55:57+00:00","dateModified":"2024-04-17T17:15:13+00:00","breadcrumb":{"@id":"https:\/\/redelog.rj.gov.br\/redelog\/catalogo-de-materiais-e-servicos-2\/#breadcrumb"},"inLanguage":"pt-BR","potentialAction":[{"@type":"ReadAction","target":["https:\/\/redelog.rj.gov.br\/redelog\/catalogo-de-materiais-e-servicos-2\/"]}]},{"@type":"ImageObject","inLanguage":"pt-BR","@id":"https:\/\/redelog.rj.gov.br\/redelog\/catalogo-de-materiais-e-servicos-2\/#primaryimage","url":"https:\/\/www.redelog.rj.gov.br\/redelog\/wp-content\/uploads\/2021\/10\/Catalogo-1024x577.png","contentUrl":"https:\/\/www.redelog.rj.gov.br\/redelog\/wp-content\/uploads\/2021\/10\/Catalogo-1024x577.png"},{"@type":"BreadcrumbList","@id":"https:\/\/redelog.rj.gov.br\/redelog\/catalogo-de-materiais-e-servicos-2\/#breadcrumb","itemListElement":[{"@type":"ListItem","position":1,"name":"Home","item":"https:\/\/redelog.rj.gov.br\/redelog\/"},{"@type":"ListItem","position":2,"name":"CAT\u00c1LOGO DE MATERIAIS E SERVI\u00c7OS"}]},{"@type":"WebSite","@id":"https:\/\/redelog.rj.gov.br\/redelog\/#website","url":"https:\/\/redelog.rj.gov.br\/redelog\/","name":"Redelog","description":"Site da Rede de Log\u00edstica e Planejamento do Estado do Rio de Janeiro","publisher":{"@id":"https:\/\/redelog.rj.gov.br\/redelog\/#organization"},"potentialAction":[{"@type":"SearchAction","target":{"@type":"EntryPoint","urlTemplate":"https:\/\/redelog.rj.gov.br\/redelog\/?s={search_term_string}"},"query-input":{"@type":"PropertyValueSpecification","valueRequired":true,"valueName":"search_term_string"}}],"inLanguage":"pt-BR"},{"@type":"Organization","@id":"https:\/\/redelog.rj.gov.br\/redelog\/#organization","name":"REDELOG","url":"https:\/\/redelog.rj.gov.br\/redelog\/","logo":{"@type":"ImageObject","inLanguage":"pt-BR","@id":"https:\/\/redelog.rj.gov.br\/redelog\/#\/schema\/logo\/image\/","url":"http:\/\/10.10.8.100:8888\/redelog\/wp-content\/uploads\/2019\/09\/Redelog2.png","contentUrl":"http:\/\/10.10.8.100:8888\/redelog\/wp-content\/uploads\/2019\/09\/Redelog2.png","width":565,"height":155,"caption":"REDELOG"},"image":{"@id":"https:\/\/redelog.rj.gov.br\/redelog\/#\/schema\/logo\/image\/"}},{"@type":"Person","@id":"https:\/\/redelog.rj.gov.br\/redelog\/#\/schema\/person\/dd6a5779d3028a21ef65c6e4af7c1edb","name":"Luisa Maravilhas de Carvalho","image":{"@type":"ImageObject","inLanguage":"pt-BR","@id":"https:\/\/redelog.rj.gov.br\/redelog\/#\/schema\/person\/image\/","url":"https:\/\/secure.gravatar.com\/avatar\/42eea343007bb4bb43265a1df0b9eebe3b0ff8ee578355b2f834803cdddc604a?s=96&d=mm&r=g","contentUrl":"https:\/\/secure.gravatar.com\/avatar\/42eea343007bb4bb43265a1df0b9eebe3b0ff8ee578355b2f834803cdddc604a?s=96&d=mm&r=g","caption":"Luisa Maravilhas de Carvalho"},"url":"https:\/\/redelog.rj.gov.br\/redelog\/author\/luisa-carvalho\/"}]}},"_links":{"self":[{"href":"https:\/\/redelog.rj.gov.br\/redelog\/wp-json\/wp\/v2\/posts\/27548","targetHints":{"allow":["GET"]}}],"collection":[{"href":"https:\/\/redelog.rj.gov.br\/redelog\/wp-json\/wp\/v2\/posts"}],"about":[{"href":"https:\/\/redelog.rj.gov.br\/redelog\/wp-json\/wp\/v2\/types\/post"}],"author":[{"embeddable":true,"href":"https:\/\/redelog.rj.gov.br\/redelog\/wp-json\/wp\/v2\/users\/25"}],"replies":[{"embeddable":true,"href":"https:\/\/redelog.rj.gov.br\/redelog\/wp-json\/wp\/v2\/comments?post=27548"}],"version-history":[{"count":49,"href":"https:\/\/redelog.rj.gov.br\/redelog\/wp-json\/wp\/v2\/posts\/27548\/revisions"}],"predecessor-version":[{"id":29618,"href":"https:\/\/redelog.rj.gov.br\/redelog\/wp-json\/wp\/v2\/posts\/27548\/revisions\/29618"}],"wp:attachment":[{"href":"https:\/\/redelog.rj.gov.br\/redelog\/wp-json\/wp\/v2\/media?parent=27548"}],"wp:term":[{"taxonomy":"category","embeddable":true,"href":"https:\/\/redelog.rj.gov.br\/redelog\/wp-json\/wp\/v2\/categories?post=27548"},{"taxonomy":"post_tag","embeddable":true,"href":"https:\/\/redelog.rj.gov.br\/redelog\/wp-json\/wp\/v2\/tags?post=27548"}],"curies":[{"name":"wp","href":"https:\/\/api.w.org\/{rel}","templated":true}]}}