{"id":27536,"date":"2024-01-23T12:00:27","date_gmt":"2024-01-23T15:00:27","guid":{"rendered":"https:\/\/redelog.rj.gov.br\/redelog\/?p=27536"},"modified":"2024-04-19T13:13:00","modified_gmt":"2024-04-19T16:13:00","slug":"reserva-orcamentaria-2","status":"publish","type":"post","link":"https:\/\/redelog.rj.gov.br\/redelog\/reserva-orcamentaria-2\/","title":{"rendered":"RESERVA OR\u00c7AMENT\u00c1RIA"},"content":{"rendered":"\t\t<div data-elementor-type=\"wp-post\" data-elementor-id=\"27536\" class=\"elementor elementor-27536\" data-elementor-post-type=\"post\">\n\t\t\t\t\t\t<section class=\"elementor-section elementor-top-section elementor-element elementor-element-510c013 elementor-section-boxed elementor-section-height-default elementor-section-height-default\" data-id=\"510c013\" data-element_type=\"section\" data-settings=\"{&quot;jet_parallax_layout_list&quot;:[{&quot;jet_parallax_layout_image&quot;:{&quot;url&quot;:&quot;&quot;,&quot;id&quot;:&quot;&quot;,&quot;size&quot;:&quot;&quot;},&quot;_id&quot;:&quot;38613a2&quot;,&quot;jet_parallax_layout_image_tablet&quot;:{&quot;url&quot;:&quot;&quot;,&quot;id&quot;:&quot;&quot;,&quot;size&quot;:&quot;&quot;},&quot;jet_parallax_layout_image_mobile&quot;:{&quot;url&quot;:&quot;&quot;,&quot;id&quot;:&quot;&quot;,&quot;size&quot;:&quot;&quot;},&quot;jet_parallax_layout_speed&quot;:{&quot;unit&quot;:&quot;%&quot;,&quot;size&quot;:50,&quot;sizes&quot;:[]},&quot;jet_parallax_layout_type&quot;:&quot;scroll&quot;,&quot;jet_parallax_layout_direction&quot;:&quot;1&quot;,&quot;jet_parallax_layout_fx_direction&quot;:null,&quot;jet_parallax_layout_z_index&quot;:&quot;&quot;,&quot;jet_parallax_layout_bg_x&quot;:50,&quot;jet_parallax_layout_bg_x_tablet&quot;:&quot;&quot;,&quot;jet_parallax_layout_bg_x_mobile&quot;:&quot;&quot;,&quot;jet_parallax_layout_bg_y&quot;:50,&quot;jet_parallax_layout_bg_y_tablet&quot;:&quot;&quot;,&quot;jet_parallax_layout_bg_y_mobile&quot;:&quot;&quot;,&quot;jet_parallax_layout_bg_size&quot;:&quot;auto&quot;,&quot;jet_parallax_layout_bg_size_tablet&quot;:&quot;&quot;,&quot;jet_parallax_layout_bg_size_mobile&quot;:&quot;&quot;,&quot;jet_parallax_layout_animation_prop&quot;:&quot;transform&quot;,&quot;jet_parallax_layout_on&quot;:[&quot;desktop&quot;,&quot;tablet&quot;]}]}\">\n\t\t\t\t\t\t<div class=\"elementor-container elementor-column-gap-default\">\n\t\t\t\t\t<div class=\"elementor-column elementor-col-100 elementor-top-column elementor-element elementor-element-9fb05eb\" data-id=\"9fb05eb\" data-element_type=\"column\">\n\t\t\t<div class=\"elementor-widget-wrap elementor-element-populated\">\n\t\t\t\t\t\t<div class=\"elementor-element elementor-element-01bd4d9 elementor-widget-divider--view-line elementor-widget elementor-widget-divider\" data-id=\"01bd4d9\" data-element_type=\"widget\" data-widget_type=\"divider.default\">\n\t\t\t\t\t\t\t<div class=\"elementor-divider\">\n\t\t\t<span class=\"elementor-divider-separator\">\n\t\t\t\t\t\t<\/span>\n\t\t<\/div>\n\t\t\t\t\t\t<\/div>\n\t\t\t\t\t<\/div>\n\t\t<\/div>\n\t\t\t\t\t<\/div>\n\t\t<\/section>\n\t\t\t\t<section class=\"elementor-section elementor-top-section elementor-element elementor-element-80e5407 elementor-section-boxed elementor-section-height-default elementor-section-height-default\" data-id=\"80e5407\" data-element_type=\"section\" data-settings=\"{&quot;jet_parallax_layout_list&quot;:[{&quot;jet_parallax_layout_image&quot;:{&quot;url&quot;:&quot;&quot;,&quot;id&quot;:&quot;&quot;,&quot;size&quot;:&quot;&quot;},&quot;_id&quot;:&quot;546b2cd&quot;,&quot;jet_parallax_layout_image_tablet&quot;:{&quot;url&quot;:&quot;&quot;,&quot;id&quot;:&quot;&quot;,&quot;size&quot;:&quot;&quot;},&quot;jet_parallax_layout_image_mobile&quot;:{&quot;url&quot;:&quot;&quot;,&quot;id&quot;:&quot;&quot;,&quot;size&quot;:&quot;&quot;},&quot;jet_parallax_layout_speed&quot;:{&quot;unit&quot;:&quot;%&quot;,&quot;size&quot;:50,&quot;sizes&quot;:[]},&quot;jet_parallax_layout_type&quot;:&quot;scroll&quot;,&quot;jet_parallax_layout_direction&quot;:&quot;1&quot;,&quot;jet_parallax_layout_fx_direction&quot;:null,&quot;jet_parallax_layout_z_index&quot;:&quot;&quot;,&quot;jet_parallax_layout_bg_x&quot;:50,&quot;jet_parallax_layout_bg_x_tablet&quot;:&quot;&quot;,&quot;jet_parallax_layout_bg_x_mobile&quot;:&quot;&quot;,&quot;jet_parallax_layout_bg_y&quot;:50,&quot;jet_parallax_layout_bg_y_tablet&quot;:&quot;&quot;,&quot;jet_parallax_layout_bg_y_mobile&quot;:&quot;&quot;,&quot;jet_parallax_layout_bg_size&quot;:&quot;auto&quot;,&quot;jet_parallax_layout_bg_size_tablet&quot;:&quot;&quot;,&quot;jet_parallax_layout_bg_size_mobile&quot;:&quot;&quot;,&quot;jet_parallax_layout_animation_prop&quot;:&quot;transform&quot;,&quot;jet_parallax_layout_on&quot;:[&quot;desktop&quot;,&quot;tablet&quot;]}]}\">\n\t\t\t\t\t\t<div class=\"elementor-container elementor-column-gap-default\">\n\t\t\t\t\t<div class=\"elementor-column elementor-col-100 elementor-top-column elementor-element elementor-element-b1f57fb\" data-id=\"b1f57fb\" data-element_type=\"column\">\n\t\t\t<div class=\"elementor-widget-wrap elementor-element-populated\">\n\t\t\t\t\t\t<div class=\"elementor-element elementor-element-3a8a6a1 elementor-position-left elementor-vertical-align-middle elementor-widget elementor-widget-image-box\" data-id=\"3a8a6a1\" data-element_type=\"widget\" data-widget_type=\"image-box.default\">\n\t\t\t\t\t<div class=\"elementor-image-box-wrapper\"><figure class=\"elementor-image-box-img\"><img decoding=\"async\" width=\"60\" height=\"73\" data-src=\"https:\/\/redelog.rj.gov.br\/redelog\/wp-content\/uploads\/2021\/10\/hard_disk.jpg\" class=\"attachment-full size-full wp-image-3588 lazyload\" alt=\"\" src=\"data:image\/svg+xml;base64,PHN2ZyB3aWR0aD0iMSIgaGVpZ2h0PSIxIiB4bWxucz0iaHR0cDovL3d3dy53My5vcmcvMjAwMC9zdmciPjwvc3ZnPg==\" style=\"--smush-placeholder-width: 60px; --smush-placeholder-aspect-ratio: 60\/73;\" \/><\/figure><div class=\"elementor-image-box-content\"><p class=\"elementor-image-box-description\">A Reserva Or\u00e7ament\u00e1ria \u00e9 o documento necess\u00e1rio para a comprova\u00e7\u00e3o de que h\u00e1 dota\u00e7\u00e3o or\u00e7ament\u00e1ria suficiente para fazer frente \u00e0s futuras despesas, pelo \u00f3rg\u00e3o ou entidade que est\u00e1 promovendo a contrata\u00e7\u00e3o, declarando a disponibilidade do saldo em conformidade com a o Plano Plurianual (se for o caso) e com a Lei Or\u00e7ament\u00e1ria Anual.<\/p><\/div><\/div>\t\t\t\t<\/div>\n\t\t\t\t<div class=\"elementor-element elementor-element-0776802 elementor-widget elementor-widget-image\" data-id=\"0776802\" data-element_type=\"widget\" data-widget_type=\"image.default\">\n\t\t\t\t\t\t\t\t\t\t\t\t\t\t\t<img fetchpriority=\"high\" decoding=\"async\" width=\"1024\" height=\"572\" src=\"https:\/\/redelog.rj.gov.br\/redelog\/wp-content\/uploads\/2021\/10\/reserva-1024x572.png\" class=\"attachment-large size-large wp-image-6393\" alt=\"\" srcset=\"https:\/\/redelog.rj.gov.br\/redelog\/wp-content\/uploads\/2021\/10\/reserva-1024x572.png 1024w, https:\/\/redelog.rj.gov.br\/redelog\/wp-content\/uploads\/2021\/10\/reserva-300x168.png 300w, https:\/\/redelog.rj.gov.br\/redelog\/wp-content\/uploads\/2021\/10\/reserva-768x429.png 768w, https:\/\/redelog.rj.gov.br\/redelog\/wp-content\/uploads\/2021\/10\/reserva-150x85.png 150w, https:\/\/redelog.rj.gov.br\/redelog\/wp-content\/uploads\/2021\/10\/reserva-600x335.png 600w, https:\/\/redelog.rj.gov.br\/redelog\/wp-content\/uploads\/2021\/10\/reserva.png 1105w\" sizes=\"(max-width: 1024px) 100vw, 1024px\" \/>\t\t\t\t\t\t\t\t\t\t\t\t\t\t\t<\/div>\n\t\t\t\t<div class=\"elementor-element elementor-element-fe2470e elementor-widget elementor-widget-text-editor\" data-id=\"fe2470e\" data-element_type=\"widget\" data-widget_type=\"text-editor.default\">\n\t\t\t\t\t\t\t\t\t<p>De acordo com o disposto\u00a0no inciso VII, do art. 5\u00b0 do <a href=\"https:\/\/leisestaduais.com.br\/rj\/decreto-n-48816-2023-rio-de-janeiro-regulamenta-a-fase-preparatoria-das-contratacoes-de-que-trata-a-lei-no-14-133-de-1o-de-abril-de-2021-no-ambito-da-administracao-publica-estadual-direta-autarquica-e-fundacional?q=48816&amp;origin=instituicao#\"><strong>Decreto 48.816\/23<\/strong><\/a>, constitui etapa da Fase Preparat\u00f3ria das contrata\u00e7\u00f5es p\u00fablicas o &#8220;ateste&#8221; entre a compatibilidade da previs\u00e3o de recursos or\u00e7ament\u00e1rios com o compromisso a ser assumido, com a indica\u00e7\u00e3o das respectivas rubricas, exceto nas licita\u00e7\u00f5es para registro de pre\u00e7os,<strong>\u00a0<\/strong>sendo suficiente a indica\u00e7\u00e3o do c\u00f3digo, do elemento de despesa correspondente.<\/p><p><span style=\"font-weight: 400;\">Essa declara\u00e7\u00e3o est\u00e1 prevista no art. 16 da<\/span><strong><a href=\"http:\/\/www.planalto.gov.br\/ccivil_03\/leis\/lcp\/lcp101.htm\"> Lei Complementar n\u00ba 101, de 4 de maio de 2000<\/a><\/strong><span style=\"font-weight: 400;\">, a Lei de Responsabilidade Fiscal.<\/span><\/p><p>O processo de contrata\u00e7\u00e3o dever\u00e1 ser encaminhado pelo respons\u00e1vel para a \u00e1rea competente de planejamento\/or\u00e7amento do \u00f3rg\u00e3o ou entidade com a informa\u00e7\u00e3o do objeto a ser contratado e os valores estimados a serem desembolsados, separadamente por exerc\u00edcio. Se o objeto tiver entregas parceladas, as mesmas dever\u00e3o ser informadas com o valor de cada m\u00eas ou per\u00edodo.<\/p><p>De acordo com o disposto no art. 44 do <a href=\"https:\/\/leisestaduais.com.br\/rj\/decreto-n-48816-2023-rio-de-janeiro-regulamenta-a-fase-preparatoria-das-contratacoes-de-que-trata-a-lei-no-14-133-de-1o-de-abril-de-2021-no-ambito-da-administracao-publica-estadual-direta-autarquica-e-fundacional?q=48816&amp;origin=instituicao#\"><strong>Decreto 48.816\/23<\/strong><\/a> a \u00e1rea or\u00e7ament\u00e1ria incluir\u00e1 a certifica\u00e7\u00e3o da disponibilidade de recursos para a realiza\u00e7\u00e3o da despesa.<\/p><p><em><span class=\"label label-default\">&#8220;Art. 44.<\/span>\u00a0Fixada a estimativa do valor da contrata\u00e7\u00e3o, a \u00e1rea or\u00e7ament\u00e1ria incluir\u00e1 no processo a certifica\u00e7\u00e3o da disponibilidade or\u00e7ament\u00e1ria para a realiza\u00e7\u00e3o da despesa.<\/em><\/p><p><em>Par\u00e1grafo \u00fanico. Quando se tratar de despesa que n\u00e3o se encerre no pr\u00f3prio exerc\u00edcio da contrata\u00e7\u00e3o, dever\u00e3o ser observados os crit\u00e9rios estabelecidos nos artigos 105 e 106 da Lei n\u00ba\u00a014.133, de 2021, atestando-se a sua compatibilidade com o Plano Plurianual, se for o caso.&#8221;<\/em><\/p><p><span style=\"font-weight: 400;\">A \u00e1rea de planejamento\/or\u00e7amento dever\u00e1 observar se a futura despesa est\u00e1 contemplada no Plano Plurianual \u2013 PPA. Se estiver, a Lei do PPA e a Lei Or\u00e7ament\u00e1ria Anual \u2013 LOA do exerc\u00edcio em que a despesa ser\u00e1 empenhada dever\u00e3o ser mencionadas no documento da Reserva Or\u00e7ament\u00e1ria. Se a despesa n\u00e3o for de escopo do PPA, somente a LOA dever\u00e1 ser mencionada.<\/span><\/p><ul><li style=\"font-weight: 400;\" aria-level=\"1\"><span style=\"font-weight: 400;\"><strong>Plano Plurianual &#8211; PPA.<\/strong><\/span><\/li><\/ul><p><span style=\"text-decoration: underline;\">Exemplo: PPA 2024 &#8211; 2027 <\/span><\/p><p><strong><a href=\"https:\/\/www.jusbrasil.com.br\/legislacao\/2133890976\/lei-10277-24-rio-de-janeiro-rj\">Lei n\u00ba 10.276, de 09 de janeiro de 2024<\/a><\/strong>\u2013 Institui o Plano Plurianual do Estado do Rio de Janeiro para o per\u00edodo de 2024 \u2013 2027;<\/p><ul><li style=\"font-weight: 400;\" aria-level=\"1\"><span style=\"font-weight: 400;\"><strong>Lei Or\u00e7ament\u00e1ria Anual &#8211; LOA.<\/strong><\/span><\/li><\/ul><p><span style=\"text-decoration: underline;\"><span style=\"font-weight: 400;\">Exemplo: LOA 2024\u00a0<\/span><\/span><\/p><p><span style=\"font-weight: 400;\"><a href=\"https:\/\/leisestaduais.com.br\/rj\/lei-ordinaria-n-10277-2024-rio-de-janeiro-estima-a-receita-e-fixa-a-despesa-do-estado-do-rio-de-janeiro-para-o-exercicio-financeiro-de-2024\"><strong>Lei n\u00ba 10.277, de 09 de janeiro de 2024<\/strong><\/a> \u2013 Estima a Receita e Fixa a Despesa do Estado do Rio de Janeiro para o Exerc\u00edcio Financeiro de 2024.<\/span><\/p><p><span style=\"font-weight: 400;\">Ao informar a disponibilidade or\u00e7ament\u00e1ria o documento dever\u00e1 detalhar o Programa de Trabalho (Formato 00.000.0000.0000 \u2013 Nomenclatura), a Natureza de Despesa, a Fonte de Recursos e o Valor em Reais previsto para o exerc\u00edcio. Se a despesa estiver programada para acontecer em mais de um exerc\u00edcio, a informa\u00e7\u00e3o dever\u00e1 detalhar tamb\u00e9m o valor previsto para cada um dos exerc\u00edcios seguintes.<\/span><\/p><p><span style=\"font-weight: 400;\">Esta declara\u00e7\u00e3o \u00e9 de extrema import\u00e2ncia, pois a adequa\u00e7\u00e3o or\u00e7ament\u00e1ria das despesas a serem contratadas inibe a possibilidade da Administra\u00e7\u00e3o assumir compromissos que futuramente n\u00e3o contar\u00e3o com recursos para serem honrados.<\/span><\/p>\t\t\t\t\t\t\t\t<\/div>\n\t\t\t\t<div class=\"elementor-element elementor-element-36f4e11 elementor-widget elementor-widget-image\" data-id=\"36f4e11\" data-element_type=\"widget\" data-widget_type=\"image.default\">\n\t\t\t\t\t\t\t\t\t\t\t\t\t\t\t\t<a href=\"#\">\n\t\t\t\t\t\t\t<img decoding=\"async\" width=\"1024\" height=\"576\" data-src=\"https:\/\/redelog.rj.gov.br\/redelog\/wp-content\/uploads\/2024\/01\/Atualizacao-RedelogSUPCC-2-1-1024x576.jpg\" class=\"attachment-large size-large wp-image-28526 lazyload\" alt=\"\" data-srcset=\"https:\/\/redelog.rj.gov.br\/redelog\/wp-content\/uploads\/2024\/01\/Atualizacao-RedelogSUPCC-2-1-1024x576.jpg 1024w, https:\/\/redelog.rj.gov.br\/redelog\/wp-content\/uploads\/2024\/01\/Atualizacao-RedelogSUPCC-2-1-300x169.jpg 300w, https:\/\/redelog.rj.gov.br\/redelog\/wp-content\/uploads\/2024\/01\/Atualizacao-RedelogSUPCC-2-1-768x432.jpg 768w, https:\/\/redelog.rj.gov.br\/redelog\/wp-content\/uploads\/2024\/01\/Atualizacao-RedelogSUPCC-2-1-1536x864.jpg 1536w, https:\/\/redelog.rj.gov.br\/redelog\/wp-content\/uploads\/2024\/01\/Atualizacao-RedelogSUPCC-2-1-150x85.jpg 150w, https:\/\/redelog.rj.gov.br\/redelog\/wp-content\/uploads\/2024\/01\/Atualizacao-RedelogSUPCC-2-1-600x338.jpg 600w, https:\/\/redelog.rj.gov.br\/redelog\/wp-content\/uploads\/2024\/01\/Atualizacao-RedelogSUPCC-2-1.jpg 1920w\" data-sizes=\"(max-width: 1024px) 100vw, 1024px\" src=\"data:image\/svg+xml;base64,PHN2ZyB3aWR0aD0iMSIgaGVpZ2h0PSIxIiB4bWxucz0iaHR0cDovL3d3dy53My5vcmcvMjAwMC9zdmciPjwvc3ZnPg==\" style=\"--smush-placeholder-width: 1024px; --smush-placeholder-aspect-ratio: 1024\/576;\" \/>\t\t\t\t\t\t\t\t<\/a>\n\t\t\t\t\t\t\t\t\t\t\t\t\t\t\t<\/div>\n\t\t\t\t<section class=\"elementor-section elementor-inner-section elementor-element elementor-element-669ce68 elementor-section-boxed elementor-section-height-default elementor-section-height-default\" data-id=\"669ce68\" data-element_type=\"section\" data-settings=\"{&quot;jet_parallax_layout_list&quot;:[{&quot;jet_parallax_layout_image&quot;:{&quot;url&quot;:&quot;&quot;,&quot;id&quot;:&quot;&quot;,&quot;size&quot;:&quot;&quot;},&quot;_id&quot;:&quot;bd58740&quot;,&quot;jet_parallax_layout_image_tablet&quot;:{&quot;url&quot;:&quot;&quot;,&quot;id&quot;:&quot;&quot;,&quot;size&quot;:&quot;&quot;},&quot;jet_parallax_layout_image_mobile&quot;:{&quot;url&quot;:&quot;&quot;,&quot;id&quot;:&quot;&quot;,&quot;size&quot;:&quot;&quot;},&quot;jet_parallax_layout_speed&quot;:{&quot;unit&quot;:&quot;%&quot;,&quot;size&quot;:50,&quot;sizes&quot;:[]},&quot;jet_parallax_layout_type&quot;:&quot;scroll&quot;,&quot;jet_parallax_layout_direction&quot;:&quot;1&quot;,&quot;jet_parallax_layout_fx_direction&quot;:null,&quot;jet_parallax_layout_z_index&quot;:&quot;&quot;,&quot;jet_parallax_layout_bg_x&quot;:50,&quot;jet_parallax_layout_bg_x_tablet&quot;:&quot;&quot;,&quot;jet_parallax_layout_bg_x_mobile&quot;:&quot;&quot;,&quot;jet_parallax_layout_bg_y&quot;:50,&quot;jet_parallax_layout_bg_y_tablet&quot;:&quot;&quot;,&quot;jet_parallax_layout_bg_y_mobile&quot;:&quot;&quot;,&quot;jet_parallax_layout_bg_size&quot;:&quot;auto&quot;,&quot;jet_parallax_layout_bg_size_tablet&quot;:&quot;&quot;,&quot;jet_parallax_layout_bg_size_mobile&quot;:&quot;&quot;,&quot;jet_parallax_layout_animation_prop&quot;:&quot;transform&quot;,&quot;jet_parallax_layout_on&quot;:[&quot;desktop&quot;,&quot;tablet&quot;]}]}\">\n\t\t\t\t\t\t<div class=\"elementor-container elementor-column-gap-default\">\n\t\t\t\t\t<div class=\"elementor-column elementor-col-100 elementor-inner-column elementor-element elementor-element-e711ec7\" data-id=\"e711ec7\" data-element_type=\"column\">\n\t\t\t<div class=\"elementor-widget-wrap elementor-element-populated\">\n\t\t\t\t\t\t<div class=\"elementor-element elementor-element-cff0cfa elementor-widget-divider--view-line elementor-widget elementor-widget-divider\" data-id=\"cff0cfa\" data-element_type=\"widget\" data-widget_type=\"divider.default\">\n\t\t\t\t\t\t\t<div class=\"elementor-divider\">\n\t\t\t<span class=\"elementor-divider-separator\">\n\t\t\t\t\t\t<\/span>\n\t\t<\/div>\n\t\t\t\t\t\t<\/div>\n\t\t\t\t<div class=\"elementor-element elementor-element-5d306ae elementor-widget elementor-widget-heading\" data-id=\"5d306ae\" data-element_type=\"widget\" data-widget_type=\"heading.default\">\n\t\t\t\t\t<h3 class=\"elementor-heading-title elementor-size-default\">Modelo de Reserva Or\u00e7ament\u00e1ria<\/h3>\t\t\t\t<\/div>\n\t\t\t\t<div class=\"elementor-element elementor-element-a2b4558 elementor-widget elementor-widget-spacer\" data-id=\"a2b4558\" data-element_type=\"widget\" data-widget_type=\"spacer.default\">\n\t\t\t\t\t\t\t<div class=\"elementor-spacer\">\n\t\t\t<div class=\"elementor-spacer-inner\"><\/div>\n\t\t<\/div>\n\t\t\t\t\t\t<\/div>\n\t\t\t\t<div class=\"elementor-element elementor-element-1fa4e86 elementor-widget elementor-widget-text-editor\" data-id=\"1fa4e86\" data-element_type=\"widget\" data-widget_type=\"text-editor.default\">\n\t\t\t\t\t\t\t\t\t<p><span style=\"font-weight: 400;\">Ao (\u00c0) Sr. (Sra.) &lt;<\/span><i><span style=\"font-weight: 400;\">Ordenador de Despesas<\/span><\/i><span style=\"font-weight: 400;\">&gt;<\/span><\/p><p>\u00a0<\/p><p><span style=\"font-weight: 400;\">Informo, nos termos do disposto no artigo 16, inciso II, da Lei Complementar n\u00ba 101, de 04 de maio de 2000 e no art. 44 do Decreto Estadual n\u00ba 48.816, de 24 de novembro de 2023, e em conformidade com a (LOA), que institui o Plano Plurianual do Estado do Rio de Janeiro \u2013 PPA para per\u00edodo de 2024-2027, e com a (LOA), que estima a receita e fixa a despesa do Estado do Rio de Janeiro para o exerc\u00edcio financeiro de (ANO), que h\u00e1 previs\u00e3o or\u00e7ament\u00e1ria para a despesa de &lt;<\/span><i><span style=\"font-weight: 400;\">descri\u00e7\u00e3o da despesa<\/span><\/i><span style=\"font-weight: 400;\">&gt;.<\/span><\/p><p>\u00a0<\/p><p><span style=\"font-weight: 400;\">RESERVA DE DOTA\u00c7\u00c3O OR\u00c7AMENT\u00c1RIA &#8211; &lt;<\/span><i><span style=\"font-weight: 400;\">ano<\/span><\/i><span style=\"font-weight: 400;\">&gt;<\/span><\/p><p>\u00a0<\/p><p><span style=\"font-weight: 400;\">Programa de Trabalho: &lt;<\/span><i><span style=\"font-weight: 400;\">c\u00f3digo do programa de trabalho<\/span><\/i><span style=\"font-weight: 400;\">&gt; &#8211; &lt;<\/span><i><span style=\"font-weight: 400;\">descri\u00e7\u00e3o do programa de trabalho<\/span><\/i><span style=\"font-weight: 400;\">&gt;<\/span><\/p><p><span style=\"font-weight: 400;\">Natureza de Despesa: &lt;<\/span><i><span style=\"font-weight: 400;\">c\u00f3digo natureza de despesa<\/span><\/i><span style=\"font-weight: 400;\">&gt; &#8211; &lt;<\/span><i><span style=\"font-weight: 400;\">descri\u00e7\u00e3o do programa de trabalho<\/span><\/i><span style=\"font-weight: 400;\">&gt;<\/span><\/p><p><span style=\"font-weight: 400;\">Fonte de Recursos: &lt;<\/span><i><span style=\"font-weight: 400;\">c\u00f3digo fonte de recursos<\/span><\/i><span style=\"font-weight: 400;\">&gt; &#8211; &lt;<\/span><i><span style=\"font-weight: 400;\">descri\u00e7\u00e3o da fonte de recursos<\/span><\/i><span style=\"font-weight: 400;\">&gt;<\/span><\/p><p><span style=\"font-weight: 400;\">Valor (R$): &lt;<\/span><i><span style=\"font-weight: 400;\">valor<\/span><\/i><span style=\"font-weight: 400;\">&gt; (&lt;<\/span><i><span style=\"font-weight: 400;\">valor por extenso<\/span><\/i><span style=\"font-weight: 400;\">&gt;)<\/span><\/p><p>\u00a0<\/p><p><span style=\"font-weight: 400;\">Para exame e provid\u00eancias necess\u00e1rias.<\/span><\/p><p><span style=\"font-weight: 400;\">Rio de Janeiro, &lt;<\/span><i><span style=\"font-weight: 400;\">dia<\/span><\/i><span style=\"font-weight: 400;\">&gt; de &lt;<\/span><i><span style=\"font-weight: 400;\">m\u00eas por extenso<\/span><\/i><span style=\"font-weight: 400;\">&gt; de &lt;<\/span><i><span style=\"font-weight: 400;\">ano<\/span><\/i><span style=\"font-weight: 400;\">&gt;.<\/span><\/p><p>\u00a0<\/p><p><span style=\"font-weight: 400;\">&lt;<\/span><i><span style=\"font-weight: 400;\">nome do respons\u00e1vel pela reserva da dota\u00e7\u00e3o or\u00e7ament\u00e1ria<\/span><\/i><span style=\"font-weight: 400;\">&gt;<\/span><\/p><p><span style=\"font-weight: 400;\">&lt;<\/span><i><span style=\"font-weight: 400;\">cargo do respons\u00e1vel pela reserva da dota\u00e7\u00e3o or\u00e7ament\u00e1ria<\/span><\/i><span style=\"font-weight: 400;\"> &gt;<\/span><\/p><p><span style=\"font-weight: 400;\">&lt;<\/span><i><span style=\"font-weight: 400;\">ID funcional do respons\u00e1vel pela reserva da dota\u00e7\u00e3o or\u00e7ament\u00e1ria<\/span><\/i><span style=\"font-weight: 400;\"> &gt;<\/span><\/p>\t\t\t\t\t\t\t\t<\/div>\n\t\t\t\t\t<\/div>\n\t\t<\/div>\n\t\t\t\t\t<\/div>\n\t\t<\/section>\n\t\t\t\t<div class=\"elementor-element elementor-element-912fb84 elementor-widget-divider--view-line elementor-widget elementor-widget-divider\" data-id=\"912fb84\" data-element_type=\"widget\" data-widget_type=\"divider.default\">\n\t\t\t\t\t\t\t<div class=\"elementor-divider\">\n\t\t\t<span class=\"elementor-divider-separator\">\n\t\t\t\t\t\t<\/span>\n\t\t<\/div>\n\t\t\t\t\t\t<\/div>\n\t\t\t\t\t<\/div>\n\t\t<\/div>\n\t\t\t\t\t<\/div>\n\t\t<\/section>\n\t\t\t\t<section class=\"elementor-section elementor-top-section elementor-element elementor-element-1dca26d elementor-section-boxed elementor-section-height-default elementor-section-height-default\" data-id=\"1dca26d\" data-element_type=\"section\" id=\"options\" data-settings=\"{&quot;jet_parallax_layout_list&quot;:[{&quot;jet_parallax_layout_image&quot;:{&quot;url&quot;:&quot;&quot;,&quot;id&quot;:&quot;&quot;,&quot;size&quot;:&quot;&quot;},&quot;_id&quot;:&quot;d3cdd8d&quot;,&quot;jet_parallax_layout_image_tablet&quot;:{&quot;url&quot;:&quot;&quot;,&quot;id&quot;:&quot;&quot;,&quot;size&quot;:&quot;&quot;},&quot;jet_parallax_layout_image_mobile&quot;:{&quot;url&quot;:&quot;&quot;,&quot;id&quot;:&quot;&quot;,&quot;size&quot;:&quot;&quot;},&quot;jet_parallax_layout_speed&quot;:{&quot;unit&quot;:&quot;%&quot;,&quot;size&quot;:50,&quot;sizes&quot;:[]},&quot;jet_parallax_layout_type&quot;:&quot;scroll&quot;,&quot;jet_parallax_layout_direction&quot;:&quot;1&quot;,&quot;jet_parallax_layout_fx_direction&quot;:null,&quot;jet_parallax_layout_z_index&quot;:&quot;&quot;,&quot;jet_parallax_layout_bg_x&quot;:50,&quot;jet_parallax_layout_bg_x_tablet&quot;:&quot;&quot;,&quot;jet_parallax_layout_bg_x_mobile&quot;:&quot;&quot;,&quot;jet_parallax_layout_bg_y&quot;:50,&quot;jet_parallax_layout_bg_y_tablet&quot;:&quot;&quot;,&quot;jet_parallax_layout_bg_y_mobile&quot;:&quot;&quot;,&quot;jet_parallax_layout_bg_size&quot;:&quot;auto&quot;,&quot;jet_parallax_layout_bg_size_tablet&quot;:&quot;&quot;,&quot;jet_parallax_layout_bg_size_mobile&quot;:&quot;&quot;,&quot;jet_parallax_layout_animation_prop&quot;:&quot;transform&quot;,&quot;jet_parallax_layout_on&quot;:[&quot;desktop&quot;,&quot;tablet&quot;]}]}\">\n\t\t\t\t\t\t<div class=\"elementor-container elementor-column-gap-default\">\n\t\t\t\t\t<div class=\"elementor-column elementor-col-100 elementor-top-column elementor-element elementor-element-26ddd23\" data-id=\"26ddd23\" data-element_type=\"column\">\n\t\t\t<div class=\"elementor-widget-wrap elementor-element-populated\">\n\t\t\t\t\t\t<div class=\"elementor-element elementor-element-bba3a2d elementor-widget elementor-widget-shortcode\" data-id=\"bba3a2d\" data-element_type=\"widget\" data-widget_type=\"shortcode.default\">\n\t\t\t\t\t\t\t<div class=\"elementor-shortcode\"><div class='printomatic pom-default ' id='id8301' alt='Imprimir' title='Imprimir' data-print_target='#post-27536'><\/div> <div class='printomatictext' id='id8301' alt='Imprimir' title='Imprimir' data-print_target='#post-27536'>Imprimir<\/div><div style='clear: both;'><\/div><\/div>\n\t\t\t\t\t\t<\/div>\n\t\t\t\t\t<\/div>\n\t\t<\/div>\n\t\t\t\t\t<\/div>\n\t\t<\/section>\n\t\t\t\t<section class=\"elementor-section elementor-top-section elementor-element elementor-element-516a896 elementor-section-boxed elementor-section-height-default elementor-section-height-default\" data-id=\"516a896\" data-element_type=\"section\" data-settings=\"{&quot;jet_parallax_layout_list&quot;:[{&quot;jet_parallax_layout_image&quot;:{&quot;url&quot;:&quot;&quot;,&quot;id&quot;:&quot;&quot;,&quot;size&quot;:&quot;&quot;},&quot;_id&quot;:&quot;6958a01&quot;,&quot;jet_parallax_layout_image_tablet&quot;:{&quot;url&quot;:&quot;&quot;,&quot;id&quot;:&quot;&quot;,&quot;size&quot;:&quot;&quot;},&quot;jet_parallax_layout_image_mobile&quot;:{&quot;url&quot;:&quot;&quot;,&quot;id&quot;:&quot;&quot;,&quot;size&quot;:&quot;&quot;},&quot;jet_parallax_layout_speed&quot;:{&quot;unit&quot;:&quot;%&quot;,&quot;size&quot;:50,&quot;sizes&quot;:[]},&quot;jet_parallax_layout_type&quot;:&quot;scroll&quot;,&quot;jet_parallax_layout_direction&quot;:&quot;1&quot;,&quot;jet_parallax_layout_fx_direction&quot;:null,&quot;jet_parallax_layout_z_index&quot;:&quot;&quot;,&quot;jet_parallax_layout_bg_x&quot;:50,&quot;jet_parallax_layout_bg_x_tablet&quot;:&quot;&quot;,&quot;jet_parallax_layout_bg_x_mobile&quot;:&quot;&quot;,&quot;jet_parallax_layout_bg_y&quot;:50,&quot;jet_parallax_layout_bg_y_tablet&quot;:&quot;&quot;,&quot;jet_parallax_layout_bg_y_mobile&quot;:&quot;&quot;,&quot;jet_parallax_layout_bg_size&quot;:&quot;auto&quot;,&quot;jet_parallax_layout_bg_size_tablet&quot;:&quot;&quot;,&quot;jet_parallax_layout_bg_size_mobile&quot;:&quot;&quot;,&quot;jet_parallax_layout_animation_prop&quot;:&quot;transform&quot;,&quot;jet_parallax_layout_on&quot;:[&quot;desktop&quot;,&quot;tablet&quot;]}]}\">\n\t\t\t\t\t\t<div class=\"elementor-container elementor-column-gap-default\">\n\t\t\t\t\t<div class=\"elementor-column elementor-col-50 elementor-top-column elementor-element elementor-element-f10d179\" data-id=\"f10d179\" data-element_type=\"column\">\n\t\t\t<div class=\"elementor-widget-wrap elementor-element-populated\">\n\t\t\t\t\t\t<div class=\"elementor-element elementor-element-87ba16f elementor-widget elementor-widget-text-editor\" data-id=\"87ba16f\" data-element_type=\"widget\" data-widget_type=\"text-editor.default\">\n\t\t\t\t\t\t\t\t\t<p><a href=\"https:\/\/redelog.rj.gov.br\/redelog\/pesquisa-de-precos-2\/\"><strong>\u2190 Pesquisa de Pre\u00e7os<\/strong><\/a><\/p>\t\t\t\t\t\t\t\t<\/div>\n\t\t\t\t\t<\/div>\n\t\t<\/div>\n\t\t\t\t<div class=\"elementor-column elementor-col-50 elementor-top-column elementor-element elementor-element-4f65b9a\" data-id=\"4f65b9a\" data-element_type=\"column\">\n\t\t\t<div class=\"elementor-widget-wrap elementor-element-populated\">\n\t\t\t\t\t\t<div class=\"elementor-element elementor-element-770a13f elementor-widget elementor-widget-text-editor\" data-id=\"770a13f\" data-element_type=\"widget\" data-widget_type=\"text-editor.default\">\n\t\t\t\t\t\t\t\t\t<p><a href=\"https:\/\/redelog.rj.gov.br\/redelog\/instrumento-convocatorio-2\/\"><strong>Instrumento Convocat\u00f3rio \u2192<\/strong><\/a><\/p>\t\t\t\t\t\t\t\t<\/div>\n\t\t\t\t\t<\/div>\n\t\t<\/div>\n\t\t\t\t\t<\/div>\n\t\t<\/section>\n\t\t\t\t<\/div>\n\t\t","protected":false},"excerpt":{"rendered":"<p>A Reserva Or\u00e7ament\u00e1ria \u00e9 o documento necess\u00e1rio para a comprova\u00e7\u00e3o de que h\u00e1 dota\u00e7\u00e3o or\u00e7ament\u00e1ria suficiente para fazer frente \u00e0s futuras despesas, pelo \u00f3rg\u00e3o ou entidade que est\u00e1 promovendo a contrata\u00e7\u00e3o, declarando a disponibilidade do saldo em conformidade com a o Plano Plurianual (se for o caso) e com a Lei Or\u00e7ament\u00e1ria Anual. De acordo [&hellip;]<\/p>\n","protected":false},"author":25,"featured_media":0,"comment_status":"closed","ping_status":"open","sticky":false,"template":"","format":"standard","meta":{"_joinchat":[],"footnotes":""},"categories":[28],"tags":[],"class_list":["post-27536","post","type-post","status-publish","format-standard","hentry","category-cat-fase-preparatoria"],"yoast_head":"<!-- This site is optimized with the Yoast SEO plugin v25.7 - https:\/\/yoast.com\/wordpress\/plugins\/seo\/ -->\n<title>RESERVA OR\u00c7AMENT\u00c1RIA - Redelog<\/title>\n<meta name=\"robots\" content=\"index, follow, max-snippet:-1, max-image-preview:large, max-video-preview:-1\" \/>\n<link rel=\"canonical\" href=\"https:\/\/redelog.rj.gov.br\/redelog\/reserva-orcamentaria-2\/\" \/>\n<meta property=\"og:locale\" content=\"pt_BR\" \/>\n<meta property=\"og:type\" content=\"article\" \/>\n<meta property=\"og:title\" content=\"RESERVA OR\u00c7AMENT\u00c1RIA - Redelog\" \/>\n<meta property=\"og:description\" content=\"A Reserva Or\u00e7ament\u00e1ria \u00e9 o documento necess\u00e1rio para a comprova\u00e7\u00e3o de que h\u00e1 dota\u00e7\u00e3o or\u00e7ament\u00e1ria suficiente para fazer frente \u00e0s futuras despesas, pelo \u00f3rg\u00e3o ou entidade que est\u00e1 promovendo a contrata\u00e7\u00e3o, declarando a disponibilidade do saldo em conformidade com a o Plano Plurianual (se for o caso) e com a Lei Or\u00e7ament\u00e1ria Anual. De acordo [&hellip;]\" \/>\n<meta property=\"og:url\" content=\"https:\/\/redelog.rj.gov.br\/redelog\/reserva-orcamentaria-2\/\" \/>\n<meta property=\"og:site_name\" content=\"Redelog\" \/>\n<meta property=\"article:published_time\" content=\"2024-01-23T15:00:27+00:00\" \/>\n<meta property=\"article:modified_time\" content=\"2024-04-19T16:13:00+00:00\" \/>\n<meta property=\"og:image\" content=\"https:\/\/www.redelog.rj.gov.br\/redelog\/wp-content\/uploads\/2021\/10\/hard_disk.jpg\" \/>\n<meta name=\"author\" content=\"Luisa Maravilhas de Carvalho\" \/>\n<meta name=\"twitter:card\" content=\"summary_large_image\" \/>\n<meta name=\"twitter:label1\" content=\"Escrito por\" \/>\n\t<meta name=\"twitter:data1\" content=\"Luisa Maravilhas de Carvalho\" \/>\n\t<meta name=\"twitter:label2\" content=\"Est. tempo de leitura\" \/>\n\t<meta name=\"twitter:data2\" content=\"3 minutos\" \/>\n<script type=\"application\/ld+json\" class=\"yoast-schema-graph\">{\"@context\":\"https:\/\/schema.org\",\"@graph\":[{\"@type\":\"Article\",\"@id\":\"https:\/\/redelog.rj.gov.br\/redelog\/reserva-orcamentaria-2\/#article\",\"isPartOf\":{\"@id\":\"https:\/\/redelog.rj.gov.br\/redelog\/reserva-orcamentaria-2\/\"},\"author\":{\"name\":\"Luisa Maravilhas de Carvalho\",\"@id\":\"https:\/\/redelog.rj.gov.br\/redelog\/#\/schema\/person\/dd6a5779d3028a21ef65c6e4af7c1edb\"},\"headline\":\"RESERVA OR\u00c7AMENT\u00c1RIA\",\"datePublished\":\"2024-01-23T15:00:27+00:00\",\"dateModified\":\"2024-04-19T16:13:00+00:00\",\"mainEntityOfPage\":{\"@id\":\"https:\/\/redelog.rj.gov.br\/redelog\/reserva-orcamentaria-2\/\"},\"wordCount\":835,\"publisher\":{\"@id\":\"https:\/\/redelog.rj.gov.br\/redelog\/#organization\"},\"image\":{\"@id\":\"https:\/\/redelog.rj.gov.br\/redelog\/reserva-orcamentaria-2\/#primaryimage\"},\"thumbnailUrl\":\"https:\/\/www.redelog.rj.gov.br\/redelog\/wp-content\/uploads\/2021\/10\/hard_disk.jpg\",\"articleSection\":[\"Fase Preparat\u00f3ria\"],\"inLanguage\":\"pt-BR\"},{\"@type\":\"WebPage\",\"@id\":\"https:\/\/redelog.rj.gov.br\/redelog\/reserva-orcamentaria-2\/\",\"url\":\"https:\/\/redelog.rj.gov.br\/redelog\/reserva-orcamentaria-2\/\",\"name\":\"RESERVA OR\u00c7AMENT\u00c1RIA - Redelog\",\"isPartOf\":{\"@id\":\"https:\/\/redelog.rj.gov.br\/redelog\/#website\"},\"primaryImageOfPage\":{\"@id\":\"https:\/\/redelog.rj.gov.br\/redelog\/reserva-orcamentaria-2\/#primaryimage\"},\"image\":{\"@id\":\"https:\/\/redelog.rj.gov.br\/redelog\/reserva-orcamentaria-2\/#primaryimage\"},\"thumbnailUrl\":\"https:\/\/www.redelog.rj.gov.br\/redelog\/wp-content\/uploads\/2021\/10\/hard_disk.jpg\",\"datePublished\":\"2024-01-23T15:00:27+00:00\",\"dateModified\":\"2024-04-19T16:13:00+00:00\",\"breadcrumb\":{\"@id\":\"https:\/\/redelog.rj.gov.br\/redelog\/reserva-orcamentaria-2\/#breadcrumb\"},\"inLanguage\":\"pt-BR\",\"potentialAction\":[{\"@type\":\"ReadAction\",\"target\":[\"https:\/\/redelog.rj.gov.br\/redelog\/reserva-orcamentaria-2\/\"]}]},{\"@type\":\"ImageObject\",\"inLanguage\":\"pt-BR\",\"@id\":\"https:\/\/redelog.rj.gov.br\/redelog\/reserva-orcamentaria-2\/#primaryimage\",\"url\":\"https:\/\/www.redelog.rj.gov.br\/redelog\/wp-content\/uploads\/2021\/10\/hard_disk.jpg\",\"contentUrl\":\"https:\/\/www.redelog.rj.gov.br\/redelog\/wp-content\/uploads\/2021\/10\/hard_disk.jpg\"},{\"@type\":\"BreadcrumbList\",\"@id\":\"https:\/\/redelog.rj.gov.br\/redelog\/reserva-orcamentaria-2\/#breadcrumb\",\"itemListElement\":[{\"@type\":\"ListItem\",\"position\":1,\"name\":\"Home\",\"item\":\"https:\/\/redelog.rj.gov.br\/redelog\/\"},{\"@type\":\"ListItem\",\"position\":2,\"name\":\"RESERVA OR\u00c7AMENT\u00c1RIA\"}]},{\"@type\":\"WebSite\",\"@id\":\"https:\/\/redelog.rj.gov.br\/redelog\/#website\",\"url\":\"https:\/\/redelog.rj.gov.br\/redelog\/\",\"name\":\"Redelog\",\"description\":\"Site da Rede de Log\u00edstica e Planejamento do Estado do Rio de Janeiro\",\"publisher\":{\"@id\":\"https:\/\/redelog.rj.gov.br\/redelog\/#organization\"},\"potentialAction\":[{\"@type\":\"SearchAction\",\"target\":{\"@type\":\"EntryPoint\",\"urlTemplate\":\"https:\/\/redelog.rj.gov.br\/redelog\/?s={search_term_string}\"},\"query-input\":{\"@type\":\"PropertyValueSpecification\",\"valueRequired\":true,\"valueName\":\"search_term_string\"}}],\"inLanguage\":\"pt-BR\"},{\"@type\":\"Organization\",\"@id\":\"https:\/\/redelog.rj.gov.br\/redelog\/#organization\",\"name\":\"REDELOG\",\"url\":\"https:\/\/redelog.rj.gov.br\/redelog\/\",\"logo\":{\"@type\":\"ImageObject\",\"inLanguage\":\"pt-BR\",\"@id\":\"https:\/\/redelog.rj.gov.br\/redelog\/#\/schema\/logo\/image\/\",\"url\":\"http:\/\/10.10.8.100:8888\/redelog\/wp-content\/uploads\/2019\/09\/Redelog2.png\",\"contentUrl\":\"http:\/\/10.10.8.100:8888\/redelog\/wp-content\/uploads\/2019\/09\/Redelog2.png\",\"width\":565,\"height\":155,\"caption\":\"REDELOG\"},\"image\":{\"@id\":\"https:\/\/redelog.rj.gov.br\/redelog\/#\/schema\/logo\/image\/\"}},{\"@type\":\"Person\",\"@id\":\"https:\/\/redelog.rj.gov.br\/redelog\/#\/schema\/person\/dd6a5779d3028a21ef65c6e4af7c1edb\",\"name\":\"Luisa Maravilhas de Carvalho\",\"image\":{\"@type\":\"ImageObject\",\"inLanguage\":\"pt-BR\",\"@id\":\"https:\/\/redelog.rj.gov.br\/redelog\/#\/schema\/person\/image\/\",\"url\":\"https:\/\/secure.gravatar.com\/avatar\/42eea343007bb4bb43265a1df0b9eebe3b0ff8ee578355b2f834803cdddc604a?s=96&d=mm&r=g\",\"contentUrl\":\"https:\/\/secure.gravatar.com\/avatar\/42eea343007bb4bb43265a1df0b9eebe3b0ff8ee578355b2f834803cdddc604a?s=96&d=mm&r=g\",\"caption\":\"Luisa Maravilhas de Carvalho\"},\"url\":\"https:\/\/redelog.rj.gov.br\/redelog\/author\/luisa-carvalho\/\"}]}<\/script>\n<!-- \/ Yoast SEO plugin. -->","yoast_head_json":{"title":"RESERVA OR\u00c7AMENT\u00c1RIA - Redelog","robots":{"index":"index","follow":"follow","max-snippet":"max-snippet:-1","max-image-preview":"max-image-preview:large","max-video-preview":"max-video-preview:-1"},"canonical":"https:\/\/redelog.rj.gov.br\/redelog\/reserva-orcamentaria-2\/","og_locale":"pt_BR","og_type":"article","og_title":"RESERVA OR\u00c7AMENT\u00c1RIA - Redelog","og_description":"A Reserva Or\u00e7ament\u00e1ria \u00e9 o documento necess\u00e1rio para a comprova\u00e7\u00e3o de que h\u00e1 dota\u00e7\u00e3o or\u00e7ament\u00e1ria suficiente para fazer frente \u00e0s futuras despesas, pelo \u00f3rg\u00e3o ou entidade que est\u00e1 promovendo a contrata\u00e7\u00e3o, declarando a disponibilidade do saldo em conformidade com a o Plano Plurianual (se for o caso) e com a Lei Or\u00e7ament\u00e1ria Anual. De acordo [&hellip;]","og_url":"https:\/\/redelog.rj.gov.br\/redelog\/reserva-orcamentaria-2\/","og_site_name":"Redelog","article_published_time":"2024-01-23T15:00:27+00:00","article_modified_time":"2024-04-19T16:13:00+00:00","og_image":[{"url":"https:\/\/www.redelog.rj.gov.br\/redelog\/wp-content\/uploads\/2021\/10\/hard_disk.jpg","type":"","width":"","height":""}],"author":"Luisa Maravilhas de Carvalho","twitter_card":"summary_large_image","twitter_misc":{"Escrito por":"Luisa Maravilhas de Carvalho","Est. tempo de leitura":"3 minutos"},"schema":{"@context":"https:\/\/schema.org","@graph":[{"@type":"Article","@id":"https:\/\/redelog.rj.gov.br\/redelog\/reserva-orcamentaria-2\/#article","isPartOf":{"@id":"https:\/\/redelog.rj.gov.br\/redelog\/reserva-orcamentaria-2\/"},"author":{"name":"Luisa Maravilhas de Carvalho","@id":"https:\/\/redelog.rj.gov.br\/redelog\/#\/schema\/person\/dd6a5779d3028a21ef65c6e4af7c1edb"},"headline":"RESERVA OR\u00c7AMENT\u00c1RIA","datePublished":"2024-01-23T15:00:27+00:00","dateModified":"2024-04-19T16:13:00+00:00","mainEntityOfPage":{"@id":"https:\/\/redelog.rj.gov.br\/redelog\/reserva-orcamentaria-2\/"},"wordCount":835,"publisher":{"@id":"https:\/\/redelog.rj.gov.br\/redelog\/#organization"},"image":{"@id":"https:\/\/redelog.rj.gov.br\/redelog\/reserva-orcamentaria-2\/#primaryimage"},"thumbnailUrl":"https:\/\/www.redelog.rj.gov.br\/redelog\/wp-content\/uploads\/2021\/10\/hard_disk.jpg","articleSection":["Fase Preparat\u00f3ria"],"inLanguage":"pt-BR"},{"@type":"WebPage","@id":"https:\/\/redelog.rj.gov.br\/redelog\/reserva-orcamentaria-2\/","url":"https:\/\/redelog.rj.gov.br\/redelog\/reserva-orcamentaria-2\/","name":"RESERVA OR\u00c7AMENT\u00c1RIA - Redelog","isPartOf":{"@id":"https:\/\/redelog.rj.gov.br\/redelog\/#website"},"primaryImageOfPage":{"@id":"https:\/\/redelog.rj.gov.br\/redelog\/reserva-orcamentaria-2\/#primaryimage"},"image":{"@id":"https:\/\/redelog.rj.gov.br\/redelog\/reserva-orcamentaria-2\/#primaryimage"},"thumbnailUrl":"https:\/\/www.redelog.rj.gov.br\/redelog\/wp-content\/uploads\/2021\/10\/hard_disk.jpg","datePublished":"2024-01-23T15:00:27+00:00","dateModified":"2024-04-19T16:13:00+00:00","breadcrumb":{"@id":"https:\/\/redelog.rj.gov.br\/redelog\/reserva-orcamentaria-2\/#breadcrumb"},"inLanguage":"pt-BR","potentialAction":[{"@type":"ReadAction","target":["https:\/\/redelog.rj.gov.br\/redelog\/reserva-orcamentaria-2\/"]}]},{"@type":"ImageObject","inLanguage":"pt-BR","@id":"https:\/\/redelog.rj.gov.br\/redelog\/reserva-orcamentaria-2\/#primaryimage","url":"https:\/\/www.redelog.rj.gov.br\/redelog\/wp-content\/uploads\/2021\/10\/hard_disk.jpg","contentUrl":"https:\/\/www.redelog.rj.gov.br\/redelog\/wp-content\/uploads\/2021\/10\/hard_disk.jpg"},{"@type":"BreadcrumbList","@id":"https:\/\/redelog.rj.gov.br\/redelog\/reserva-orcamentaria-2\/#breadcrumb","itemListElement":[{"@type":"ListItem","position":1,"name":"Home","item":"https:\/\/redelog.rj.gov.br\/redelog\/"},{"@type":"ListItem","position":2,"name":"RESERVA OR\u00c7AMENT\u00c1RIA"}]},{"@type":"WebSite","@id":"https:\/\/redelog.rj.gov.br\/redelog\/#website","url":"https:\/\/redelog.rj.gov.br\/redelog\/","name":"Redelog","description":"Site da Rede de Log\u00edstica e Planejamento do Estado do Rio de Janeiro","publisher":{"@id":"https:\/\/redelog.rj.gov.br\/redelog\/#organization"},"potentialAction":[{"@type":"SearchAction","target":{"@type":"EntryPoint","urlTemplate":"https:\/\/redelog.rj.gov.br\/redelog\/?s={search_term_string}"},"query-input":{"@type":"PropertyValueSpecification","valueRequired":true,"valueName":"search_term_string"}}],"inLanguage":"pt-BR"},{"@type":"Organization","@id":"https:\/\/redelog.rj.gov.br\/redelog\/#organization","name":"REDELOG","url":"https:\/\/redelog.rj.gov.br\/redelog\/","logo":{"@type":"ImageObject","inLanguage":"pt-BR","@id":"https:\/\/redelog.rj.gov.br\/redelog\/#\/schema\/logo\/image\/","url":"http:\/\/10.10.8.100:8888\/redelog\/wp-content\/uploads\/2019\/09\/Redelog2.png","contentUrl":"http:\/\/10.10.8.100:8888\/redelog\/wp-content\/uploads\/2019\/09\/Redelog2.png","width":565,"height":155,"caption":"REDELOG"},"image":{"@id":"https:\/\/redelog.rj.gov.br\/redelog\/#\/schema\/logo\/image\/"}},{"@type":"Person","@id":"https:\/\/redelog.rj.gov.br\/redelog\/#\/schema\/person\/dd6a5779d3028a21ef65c6e4af7c1edb","name":"Luisa Maravilhas de Carvalho","image":{"@type":"ImageObject","inLanguage":"pt-BR","@id":"https:\/\/redelog.rj.gov.br\/redelog\/#\/schema\/person\/image\/","url":"https:\/\/secure.gravatar.com\/avatar\/42eea343007bb4bb43265a1df0b9eebe3b0ff8ee578355b2f834803cdddc604a?s=96&d=mm&r=g","contentUrl":"https:\/\/secure.gravatar.com\/avatar\/42eea343007bb4bb43265a1df0b9eebe3b0ff8ee578355b2f834803cdddc604a?s=96&d=mm&r=g","caption":"Luisa Maravilhas de Carvalho"},"url":"https:\/\/redelog.rj.gov.br\/redelog\/author\/luisa-carvalho\/"}]}},"_links":{"self":[{"href":"https:\/\/redelog.rj.gov.br\/redelog\/wp-json\/wp\/v2\/posts\/27536","targetHints":{"allow":["GET"]}}],"collection":[{"href":"https:\/\/redelog.rj.gov.br\/redelog\/wp-json\/wp\/v2\/posts"}],"about":[{"href":"https:\/\/redelog.rj.gov.br\/redelog\/wp-json\/wp\/v2\/types\/post"}],"author":[{"embeddable":true,"href":"https:\/\/redelog.rj.gov.br\/redelog\/wp-json\/wp\/v2\/users\/25"}],"replies":[{"embeddable":true,"href":"https:\/\/redelog.rj.gov.br\/redelog\/wp-json\/wp\/v2\/comments?post=27536"}],"version-history":[{"count":55,"href":"https:\/\/redelog.rj.gov.br\/redelog\/wp-json\/wp\/v2\/posts\/27536\/revisions"}],"predecessor-version":[{"id":29703,"href":"https:\/\/redelog.rj.gov.br\/redelog\/wp-json\/wp\/v2\/posts\/27536\/revisions\/29703"}],"wp:attachment":[{"href":"https:\/\/redelog.rj.gov.br\/redelog\/wp-json\/wp\/v2\/media?parent=27536"}],"wp:term":[{"taxonomy":"category","embeddable":true,"href":"https:\/\/redelog.rj.gov.br\/redelog\/wp-json\/wp\/v2\/categories?post=27536"},{"taxonomy":"post_tag","embeddable":true,"href":"https:\/\/redelog.rj.gov.br\/redelog\/wp-json\/wp\/v2\/tags?post=27536"}],"curies":[{"name":"wp","href":"https:\/\/api.w.org\/{rel}","templated":true}]}}