{"id":2731,"date":"2021-09-29T16:42:41","date_gmt":"2021-09-29T19:42:41","guid":{"rendered":"http:\/\/10.9.108.118:3000\/redelog\/?p=2731"},"modified":"2024-07-03T12:19:46","modified_gmt":"2024-07-03T15:19:46","slug":"cursos-internos","status":"publish","type":"post","link":"https:\/\/redelog.rj.gov.br\/redelog\/cursos-internos\/","title":{"rendered":"CURSOS INTERNOS"},"content":{"rendered":"\t\t<div data-elementor-type=\"wp-post\" data-elementor-id=\"2731\" class=\"elementor elementor-2731\" data-elementor-post-type=\"post\">\n\t\t\t\t\t\t<section class=\"elementor-section elementor-top-section elementor-element elementor-element-7c4847e elementor-section-boxed elementor-section-height-default elementor-section-height-default\" data-id=\"7c4847e\" data-element_type=\"section\" data-settings=\"{&quot;jet_parallax_layout_list&quot;:[{&quot;jet_parallax_layout_image&quot;:{&quot;url&quot;:&quot;&quot;,&quot;id&quot;:&quot;&quot;,&quot;size&quot;:&quot;&quot;},&quot;_id&quot;:&quot;ccaee42&quot;,&quot;jet_parallax_layout_image_tablet&quot;:{&quot;url&quot;:&quot;&quot;,&quot;id&quot;:&quot;&quot;,&quot;size&quot;:&quot;&quot;},&quot;jet_parallax_layout_image_mobile&quot;:{&quot;url&quot;:&quot;&quot;,&quot;id&quot;:&quot;&quot;,&quot;size&quot;:&quot;&quot;},&quot;jet_parallax_layout_speed&quot;:{&quot;unit&quot;:&quot;%&quot;,&quot;size&quot;:50,&quot;sizes&quot;:[]},&quot;jet_parallax_layout_type&quot;:&quot;scroll&quot;,&quot;jet_parallax_layout_direction&quot;:&quot;1&quot;,&quot;jet_parallax_layout_fx_direction&quot;:null,&quot;jet_parallax_layout_z_index&quot;:&quot;&quot;,&quot;jet_parallax_layout_bg_x&quot;:50,&quot;jet_parallax_layout_bg_x_tablet&quot;:&quot;&quot;,&quot;jet_parallax_layout_bg_x_mobile&quot;:&quot;&quot;,&quot;jet_parallax_layout_bg_y&quot;:50,&quot;jet_parallax_layout_bg_y_tablet&quot;:&quot;&quot;,&quot;jet_parallax_layout_bg_y_mobile&quot;:&quot;&quot;,&quot;jet_parallax_layout_bg_size&quot;:&quot;auto&quot;,&quot;jet_parallax_layout_bg_size_tablet&quot;:&quot;&quot;,&quot;jet_parallax_layout_bg_size_mobile&quot;:&quot;&quot;,&quot;jet_parallax_layout_animation_prop&quot;:&quot;transform&quot;,&quot;jet_parallax_layout_on&quot;:[&quot;desktop&quot;,&quot;tablet&quot;]}]}\">\n\t\t\t\t\t\t<div class=\"elementor-container elementor-column-gap-default\">\n\t\t\t\t\t<div class=\"elementor-column elementor-col-100 elementor-top-column elementor-element elementor-element-c01fb4e\" data-id=\"c01fb4e\" data-element_type=\"column\">\n\t\t\t<div class=\"elementor-widget-wrap elementor-element-populated\">\n\t\t\t\t\t\t<div class=\"elementor-element elementor-element-a5e28dd elementor-widget elementor-widget-text-editor\" data-id=\"a5e28dd\" data-element_type=\"widget\" data-widget_type=\"text-editor.default\">\n\t\t\t\t\t\t\t\t\t<p style=\"text-align: justify;\">A capacita\u00e7\u00e3o e a forma\u00e7\u00e3o continuada dos servidores p\u00fablicos s\u00e3o atividades essenciais para a profissionaliza\u00e7\u00e3o das fun\u00e7\u00f5es do Estado e promo\u00e7\u00e3o e aprimoramento das capacidades de governo.<\/p><p style=\"text-align: justify;\">A SEPLAG, cumprindo sua fun\u00e7\u00e3o institucional de \u00d3rg\u00e3o Central do Sistema Log\u00edstico,\u00a0 desenvolve ampla gama de iniciativas para <strong>oferecer cont\u00ednua forma\u00e7\u00e3o e qualifica\u00e7\u00e3o<\/strong> aos servidores nos conhecimentos necess\u00e1rios ao desempenho de suas atividades.<\/p><p style=\"text-align: justify;\">Se voc\u00ea \u00e9 servidor p\u00fablico do Estado do Rio de Janeiro e atua em atividades de log\u00edstica, acompanhe a oferta de cursos da SEPLAG, com atividades de forma\u00e7\u00e3o e atualiza\u00e7\u00e3o constantemente ofertadas por aqui.<\/p>\t\t\t\t\t\t\t\t<\/div>\n\t\t\t\t<div class=\"elementor-element elementor-element-3ac0943 elementor-widget-divider--view-line elementor-widget elementor-widget-divider\" data-id=\"3ac0943\" data-element_type=\"widget\" data-widget_type=\"divider.default\">\n\t\t\t\t\t\t\t<div class=\"elementor-divider\">\n\t\t\t<span class=\"elementor-divider-separator\">\n\t\t\t\t\t\t<\/span>\n\t\t<\/div>\n\t\t\t\t\t\t<\/div>\n\t\t\t\t<div class=\"elementor-element elementor-element-4624fb5 elementor-widget elementor-widget-image\" data-id=\"4624fb5\" data-element_type=\"widget\" data-widget_type=\"image.default\">\n\t\t\t\t\t\t\t\t\t\t\t\t\t\t\t<img fetchpriority=\"high\" decoding=\"async\" width=\"1024\" height=\"199\" src=\"https:\/\/redelog.rj.gov.br\/redelog\/wp-content\/uploads\/2021\/09\/WhatsApp-Image-2024-04-05-at-3.41.38-PM-1024x199.jpeg\" class=\"attachment-large size-large wp-image-29388\" alt=\"\" srcset=\"https:\/\/redelog.rj.gov.br\/redelog\/wp-content\/uploads\/2021\/09\/WhatsApp-Image-2024-04-05-at-3.41.38-PM-1024x199.jpeg 1024w, https:\/\/redelog.rj.gov.br\/redelog\/wp-content\/uploads\/2021\/09\/WhatsApp-Image-2024-04-05-at-3.41.38-PM-300x58.jpeg 300w, https:\/\/redelog.rj.gov.br\/redelog\/wp-content\/uploads\/2021\/09\/WhatsApp-Image-2024-04-05-at-3.41.38-PM-768x149.jpeg 768w, https:\/\/redelog.rj.gov.br\/redelog\/wp-content\/uploads\/2021\/09\/WhatsApp-Image-2024-04-05-at-3.41.38-PM-600x116.jpeg 600w, https:\/\/redelog.rj.gov.br\/redelog\/wp-content\/uploads\/2021\/09\/WhatsApp-Image-2024-04-05-at-3.41.38-PM.jpeg 1098w\" sizes=\"(max-width: 1024px) 100vw, 1024px\" \/>\t\t\t\t\t\t\t\t\t\t\t\t\t\t\t<\/div>\n\t\t\t\t<div class=\"elementor-element elementor-element-3d8de29 elementor-widget elementor-widget-text-editor\" data-id=\"3d8de29\" data-element_type=\"widget\" data-widget_type=\"text-editor.default\">\n\t\t\t\t\t\t\t\t\t<h4><a href=\"https:\/\/egep.planejamento.rj.gov.br\/egep\/\"><strong>Acesse aqui o site da EGEP &#8211; RJ e fique por dentro dos cursos internos de capacita\u00e7\u00e3o para os servidores!<\/strong><\/a><\/h4>\t\t\t\t\t\t\t\t<\/div>\n\t\t\t\t\t<\/div>\n\t\t<\/div>\n\t\t\t\t\t<\/div>\n\t\t<\/section>\n\t\t\t\t<section class=\"elementor-section elementor-top-section elementor-element elementor-element-310e67c elementor-section-boxed elementor-section-height-default elementor-section-height-default\" data-id=\"310e67c\" data-element_type=\"section\" data-settings=\"{&quot;jet_parallax_layout_list&quot;:[{&quot;jet_parallax_layout_image&quot;:{&quot;url&quot;:&quot;&quot;,&quot;id&quot;:&quot;&quot;,&quot;size&quot;:&quot;&quot;},&quot;_id&quot;:&quot;d5574d7&quot;,&quot;jet_parallax_layout_image_tablet&quot;:{&quot;url&quot;:&quot;&quot;,&quot;id&quot;:&quot;&quot;,&quot;size&quot;:&quot;&quot;},&quot;jet_parallax_layout_image_mobile&quot;:{&quot;url&quot;:&quot;&quot;,&quot;id&quot;:&quot;&quot;,&quot;size&quot;:&quot;&quot;},&quot;jet_parallax_layout_speed&quot;:{&quot;unit&quot;:&quot;%&quot;,&quot;size&quot;:50,&quot;sizes&quot;:[]},&quot;jet_parallax_layout_type&quot;:&quot;scroll&quot;,&quot;jet_parallax_layout_direction&quot;:&quot;1&quot;,&quot;jet_parallax_layout_fx_direction&quot;:null,&quot;jet_parallax_layout_z_index&quot;:&quot;&quot;,&quot;jet_parallax_layout_bg_x&quot;:50,&quot;jet_parallax_layout_bg_x_tablet&quot;:&quot;&quot;,&quot;jet_parallax_layout_bg_x_mobile&quot;:&quot;&quot;,&quot;jet_parallax_layout_bg_y&quot;:50,&quot;jet_parallax_layout_bg_y_tablet&quot;:&quot;&quot;,&quot;jet_parallax_layout_bg_y_mobile&quot;:&quot;&quot;,&quot;jet_parallax_layout_bg_size&quot;:&quot;auto&quot;,&quot;jet_parallax_layout_bg_size_tablet&quot;:&quot;&quot;,&quot;jet_parallax_layout_bg_size_mobile&quot;:&quot;&quot;,&quot;jet_parallax_layout_animation_prop&quot;:&quot;transform&quot;,&quot;jet_parallax_layout_on&quot;:[&quot;desktop&quot;,&quot;tablet&quot;]}]}\">\n\t\t\t\t\t\t<div class=\"elementor-container elementor-column-gap-default\">\n\t\t\t\t\t<div class=\"elementor-column elementor-col-100 elementor-top-column elementor-element elementor-element-bd1386e\" data-id=\"bd1386e\" data-element_type=\"column\">\n\t\t\t<div class=\"elementor-widget-wrap elementor-element-populated\">\n\t\t\t\t\t\t<div class=\"elementor-element elementor-element-e399c2d elementor-widget-divider--view-line elementor-widget elementor-widget-divider\" data-id=\"e399c2d\" data-element_type=\"widget\" data-widget_type=\"divider.default\">\n\t\t\t\t\t\t\t<div class=\"elementor-divider\">\n\t\t\t<span class=\"elementor-divider-separator\">\n\t\t\t\t\t\t<\/span>\n\t\t<\/div>\n\t\t\t\t\t\t<\/div>\n\t\t\t\t<div class=\"elementor-element elementor-element-da4db32 elementor-widget elementor-widget-shortcode\" data-id=\"da4db32\" data-element_type=\"widget\" data-widget_type=\"shortcode.default\">\n\t\t\t\t\t\t\t<div class=\"elementor-shortcode\"><div class='printomatic pom-default ' id='id183' alt='Imprimir' title='Imprimir' data-print_target='#post-2731'><\/div> <div class='printomatictext' id='id183' alt='Imprimir' title='Imprimir' data-print_target='#post-2731'>Imprimir<\/div><div style='clear: both;'><\/div><\/div>\n\t\t\t\t\t\t<\/div>\n\t\t\t\t\t<\/div>\n\t\t<\/div>\n\t\t\t\t\t<\/div>\n\t\t<\/section>\n\t\t\t\t<section class=\"elementor-section elementor-top-section elementor-element elementor-element-af1e6fb elementor-section-boxed elementor-section-height-default elementor-section-height-default\" data-id=\"af1e6fb\" data-element_type=\"section\" data-settings=\"{&quot;jet_parallax_layout_list&quot;:[{&quot;jet_parallax_layout_image&quot;:{&quot;url&quot;:&quot;&quot;,&quot;id&quot;:&quot;&quot;,&quot;size&quot;:&quot;&quot;},&quot;_id&quot;:&quot;38613a2&quot;,&quot;jet_parallax_layout_image_tablet&quot;:{&quot;url&quot;:&quot;&quot;,&quot;id&quot;:&quot;&quot;,&quot;size&quot;:&quot;&quot;},&quot;jet_parallax_layout_image_mobile&quot;:{&quot;url&quot;:&quot;&quot;,&quot;id&quot;:&quot;&quot;,&quot;size&quot;:&quot;&quot;},&quot;jet_parallax_layout_speed&quot;:{&quot;unit&quot;:&quot;%&quot;,&quot;size&quot;:50,&quot;sizes&quot;:[]},&quot;jet_parallax_layout_type&quot;:&quot;scroll&quot;,&quot;jet_parallax_layout_direction&quot;:&quot;1&quot;,&quot;jet_parallax_layout_fx_direction&quot;:null,&quot;jet_parallax_layout_z_index&quot;:&quot;&quot;,&quot;jet_parallax_layout_bg_x&quot;:50,&quot;jet_parallax_layout_bg_x_tablet&quot;:&quot;&quot;,&quot;jet_parallax_layout_bg_x_mobile&quot;:&quot;&quot;,&quot;jet_parallax_layout_bg_y&quot;:50,&quot;jet_parallax_layout_bg_y_tablet&quot;:&quot;&quot;,&quot;jet_parallax_layout_bg_y_mobile&quot;:&quot;&quot;,&quot;jet_parallax_layout_bg_size&quot;:&quot;auto&quot;,&quot;jet_parallax_layout_bg_size_tablet&quot;:&quot;&quot;,&quot;jet_parallax_layout_bg_size_mobile&quot;:&quot;&quot;,&quot;jet_parallax_layout_animation_prop&quot;:&quot;transform&quot;,&quot;jet_parallax_layout_on&quot;:[&quot;desktop&quot;,&quot;tablet&quot;]}]}\">\n\t\t\t\t\t\t<div class=\"elementor-container elementor-column-gap-default\">\n\t\t\t\t\t<div class=\"elementor-column elementor-col-100 elementor-top-column elementor-element elementor-element-2833fbd\" data-id=\"2833fbd\" data-element_type=\"column\">\n\t\t\t<div class=\"elementor-widget-wrap\">\n\t\t\t\t\t\t\t<\/div>\n\t\t<\/div>\n\t\t\t\t\t<\/div>\n\t\t<\/section>\n\t\t\t\t<\/div>\n\t\t","protected":false},"excerpt":{"rendered":"<p>A capacita\u00e7\u00e3o e a forma\u00e7\u00e3o continuada dos servidores p\u00fablicos s\u00e3o atividades essenciais para a profissionaliza\u00e7\u00e3o das fun\u00e7\u00f5es do Estado e promo\u00e7\u00e3o e aprimoramento das capacidades de governo. A SEPLAG, cumprindo sua fun\u00e7\u00e3o institucional de \u00d3rg\u00e3o Central do Sistema Log\u00edstico,\u00a0 desenvolve ampla gama de iniciativas para oferecer cont\u00ednua forma\u00e7\u00e3o e qualifica\u00e7\u00e3o aos servidores nos conhecimentos necess\u00e1rios [&hellip;]<\/p>\n","protected":false},"author":1,"featured_media":0,"comment_status":"closed","ping_status":"open","sticky":false,"template":"","format":"standard","meta":{"_joinchat":[],"footnotes":""},"categories":[25],"tags":[],"class_list":["post-2731","post","type-post","status-publish","format-standard","hentry","category-cat-capacitacao"],"yoast_head":"<!-- This site is optimized with the Yoast SEO plugin v25.7 - https:\/\/yoast.com\/wordpress\/plugins\/seo\/ -->\n<title>CURSOS INTERNOS - Redelog<\/title>\n<meta name=\"robots\" content=\"index, follow, max-snippet:-1, max-image-preview:large, max-video-preview:-1\" \/>\n<link rel=\"canonical\" href=\"https:\/\/redelog.rj.gov.br\/redelog\/cursos-internos\/\" \/>\n<meta property=\"og:locale\" content=\"pt_BR\" \/>\n<meta property=\"og:type\" content=\"article\" \/>\n<meta property=\"og:title\" content=\"CURSOS INTERNOS - Redelog\" \/>\n<meta property=\"og:description\" content=\"A capacita\u00e7\u00e3o e a forma\u00e7\u00e3o continuada dos servidores p\u00fablicos s\u00e3o atividades essenciais para a profissionaliza\u00e7\u00e3o das fun\u00e7\u00f5es do Estado e promo\u00e7\u00e3o e aprimoramento das capacidades de governo. A SEPLAG, cumprindo sua fun\u00e7\u00e3o institucional de \u00d3rg\u00e3o Central do Sistema Log\u00edstico,\u00a0 desenvolve ampla gama de iniciativas para oferecer cont\u00ednua forma\u00e7\u00e3o e qualifica\u00e7\u00e3o aos servidores nos conhecimentos necess\u00e1rios [&hellip;]\" \/>\n<meta property=\"og:url\" content=\"https:\/\/redelog.rj.gov.br\/redelog\/cursos-internos\/\" \/>\n<meta property=\"og:site_name\" content=\"Redelog\" \/>\n<meta property=\"article:published_time\" content=\"2021-09-29T19:42:41+00:00\" \/>\n<meta property=\"article:modified_time\" content=\"2024-07-03T15:19:46+00:00\" \/>\n<meta property=\"og:image\" content=\"https:\/\/www.redelog.rj.gov.br\/redelog\/wp-content\/uploads\/2021\/09\/capacita-miguel-pereira-722x1024.jpeg\" \/>\n<meta name=\"author\" content=\"alheiro\" \/>\n<meta name=\"twitter:card\" content=\"summary_large_image\" \/>\n<meta name=\"twitter:label1\" content=\"Escrito por\" \/>\n\t<meta name=\"twitter:data1\" content=\"alheiro\" \/>\n\t<meta name=\"twitter:label2\" content=\"Est. tempo de leitura\" \/>\n\t<meta name=\"twitter:data2\" content=\"4 minutos\" \/>\n<script type=\"application\/ld+json\" class=\"yoast-schema-graph\">{\"@context\":\"https:\/\/schema.org\",\"@graph\":[{\"@type\":\"Article\",\"@id\":\"https:\/\/redelog.rj.gov.br\/redelog\/cursos-internos\/#article\",\"isPartOf\":{\"@id\":\"https:\/\/redelog.rj.gov.br\/redelog\/cursos-internos\/\"},\"author\":{\"name\":\"alheiro\",\"@id\":\"https:\/\/redelog.rj.gov.br\/redelog\/#\/schema\/person\/1299ae2b7bfb510dd74c28ed239470fb\"},\"headline\":\"CURSOS INTERNOS\",\"datePublished\":\"2021-09-29T19:42:41+00:00\",\"dateModified\":\"2024-07-03T15:19:46+00:00\",\"mainEntityOfPage\":{\"@id\":\"https:\/\/redelog.rj.gov.br\/redelog\/cursos-internos\/\"},\"wordCount\":144,\"publisher\":{\"@id\":\"https:\/\/redelog.rj.gov.br\/redelog\/#organization\"},\"image\":{\"@id\":\"https:\/\/redelog.rj.gov.br\/redelog\/cursos-internos\/#primaryimage\"},\"thumbnailUrl\":\"https:\/\/www.redelog.rj.gov.br\/redelog\/wp-content\/uploads\/2021\/09\/WhatsApp-Image-2024-04-05-at-3.41.38-PM-1024x199.jpeg\",\"articleSection\":[\"Capacita\u00e7\u00e3o\"],\"inLanguage\":\"pt-BR\"},{\"@type\":\"WebPage\",\"@id\":\"https:\/\/redelog.rj.gov.br\/redelog\/cursos-internos\/\",\"url\":\"https:\/\/redelog.rj.gov.br\/redelog\/cursos-internos\/\",\"name\":\"CURSOS INTERNOS - Redelog\",\"isPartOf\":{\"@id\":\"https:\/\/redelog.rj.gov.br\/redelog\/#website\"},\"primaryImageOfPage\":{\"@id\":\"https:\/\/redelog.rj.gov.br\/redelog\/cursos-internos\/#primaryimage\"},\"image\":{\"@id\":\"https:\/\/redelog.rj.gov.br\/redelog\/cursos-internos\/#primaryimage\"},\"thumbnailUrl\":\"https:\/\/www.redelog.rj.gov.br\/redelog\/wp-content\/uploads\/2021\/09\/WhatsApp-Image-2024-04-05-at-3.41.38-PM-1024x199.jpeg\",\"datePublished\":\"2021-09-29T19:42:41+00:00\",\"dateModified\":\"2024-07-03T15:19:46+00:00\",\"breadcrumb\":{\"@id\":\"https:\/\/redelog.rj.gov.br\/redelog\/cursos-internos\/#breadcrumb\"},\"inLanguage\":\"pt-BR\",\"potentialAction\":[{\"@type\":\"ReadAction\",\"target\":[\"https:\/\/redelog.rj.gov.br\/redelog\/cursos-internos\/\"]}]},{\"@type\":\"ImageObject\",\"inLanguage\":\"pt-BR\",\"@id\":\"https:\/\/redelog.rj.gov.br\/redelog\/cursos-internos\/#primaryimage\",\"url\":\"https:\/\/www.redelog.rj.gov.br\/redelog\/wp-content\/uploads\/2021\/09\/WhatsApp-Image-2024-04-05-at-3.41.38-PM-1024x199.jpeg\",\"contentUrl\":\"https:\/\/www.redelog.rj.gov.br\/redelog\/wp-content\/uploads\/2021\/09\/WhatsApp-Image-2024-04-05-at-3.41.38-PM-1024x199.jpeg\"},{\"@type\":\"BreadcrumbList\",\"@id\":\"https:\/\/redelog.rj.gov.br\/redelog\/cursos-internos\/#breadcrumb\",\"itemListElement\":[{\"@type\":\"ListItem\",\"position\":1,\"name\":\"Home\",\"item\":\"https:\/\/redelog.rj.gov.br\/redelog\/\"},{\"@type\":\"ListItem\",\"position\":2,\"name\":\"CURSOS INTERNOS\"}]},{\"@type\":\"WebSite\",\"@id\":\"https:\/\/redelog.rj.gov.br\/redelog\/#website\",\"url\":\"https:\/\/redelog.rj.gov.br\/redelog\/\",\"name\":\"Redelog\",\"description\":\"Site da Rede de Log\u00edstica e Planejamento do Estado do Rio de Janeiro\",\"publisher\":{\"@id\":\"https:\/\/redelog.rj.gov.br\/redelog\/#organization\"},\"potentialAction\":[{\"@type\":\"SearchAction\",\"target\":{\"@type\":\"EntryPoint\",\"urlTemplate\":\"https:\/\/redelog.rj.gov.br\/redelog\/?s={search_term_string}\"},\"query-input\":{\"@type\":\"PropertyValueSpecification\",\"valueRequired\":true,\"valueName\":\"search_term_string\"}}],\"inLanguage\":\"pt-BR\"},{\"@type\":\"Organization\",\"@id\":\"https:\/\/redelog.rj.gov.br\/redelog\/#organization\",\"name\":\"REDELOG\",\"url\":\"https:\/\/redelog.rj.gov.br\/redelog\/\",\"logo\":{\"@type\":\"ImageObject\",\"inLanguage\":\"pt-BR\",\"@id\":\"https:\/\/redelog.rj.gov.br\/redelog\/#\/schema\/logo\/image\/\",\"url\":\"http:\/\/10.10.8.100:8888\/redelog\/wp-content\/uploads\/2019\/09\/Redelog2.png\",\"contentUrl\":\"http:\/\/10.10.8.100:8888\/redelog\/wp-content\/uploads\/2019\/09\/Redelog2.png\",\"width\":565,\"height\":155,\"caption\":\"REDELOG\"},\"image\":{\"@id\":\"https:\/\/redelog.rj.gov.br\/redelog\/#\/schema\/logo\/image\/\"}},{\"@type\":\"Person\",\"@id\":\"https:\/\/redelog.rj.gov.br\/redelog\/#\/schema\/person\/1299ae2b7bfb510dd74c28ed239470fb\",\"name\":\"alheiro\",\"image\":{\"@type\":\"ImageObject\",\"inLanguage\":\"pt-BR\",\"@id\":\"https:\/\/redelog.rj.gov.br\/redelog\/#\/schema\/person\/image\/\",\"url\":\"https:\/\/secure.gravatar.com\/avatar\/682da79d56fd06a1a63ccaa75b42ffe0c9b0609a62bc395d810f23f98140dcae?s=96&d=mm&r=g\",\"contentUrl\":\"https:\/\/secure.gravatar.com\/avatar\/682da79d56fd06a1a63ccaa75b42ffe0c9b0609a62bc395d810f23f98140dcae?s=96&d=mm&r=g\",\"caption\":\"alheiro\"},\"sameAs\":[\"http:\/\/10.9.108.118:3000\/redelog\"],\"url\":\"https:\/\/redelog.rj.gov.br\/redelog\/author\/alheiro\/\"}]}<\/script>\n<!-- \/ Yoast SEO plugin. -->","yoast_head_json":{"title":"CURSOS INTERNOS - Redelog","robots":{"index":"index","follow":"follow","max-snippet":"max-snippet:-1","max-image-preview":"max-image-preview:large","max-video-preview":"max-video-preview:-1"},"canonical":"https:\/\/redelog.rj.gov.br\/redelog\/cursos-internos\/","og_locale":"pt_BR","og_type":"article","og_title":"CURSOS INTERNOS - Redelog","og_description":"A capacita\u00e7\u00e3o e a forma\u00e7\u00e3o continuada dos servidores p\u00fablicos s\u00e3o atividades essenciais para a profissionaliza\u00e7\u00e3o das fun\u00e7\u00f5es do Estado e promo\u00e7\u00e3o e aprimoramento das capacidades de governo. A SEPLAG, cumprindo sua fun\u00e7\u00e3o institucional de \u00d3rg\u00e3o Central do Sistema Log\u00edstico,\u00a0 desenvolve ampla gama de iniciativas para oferecer cont\u00ednua forma\u00e7\u00e3o e qualifica\u00e7\u00e3o aos servidores nos conhecimentos necess\u00e1rios [&hellip;]","og_url":"https:\/\/redelog.rj.gov.br\/redelog\/cursos-internos\/","og_site_name":"Redelog","article_published_time":"2021-09-29T19:42:41+00:00","article_modified_time":"2024-07-03T15:19:46+00:00","og_image":[{"url":"https:\/\/www.redelog.rj.gov.br\/redelog\/wp-content\/uploads\/2021\/09\/capacita-miguel-pereira-722x1024.jpeg","type":"","width":"","height":""}],"author":"alheiro","twitter_card":"summary_large_image","twitter_misc":{"Escrito por":"alheiro","Est. tempo de leitura":"4 minutos"},"schema":{"@context":"https:\/\/schema.org","@graph":[{"@type":"Article","@id":"https:\/\/redelog.rj.gov.br\/redelog\/cursos-internos\/#article","isPartOf":{"@id":"https:\/\/redelog.rj.gov.br\/redelog\/cursos-internos\/"},"author":{"name":"alheiro","@id":"https:\/\/redelog.rj.gov.br\/redelog\/#\/schema\/person\/1299ae2b7bfb510dd74c28ed239470fb"},"headline":"CURSOS INTERNOS","datePublished":"2021-09-29T19:42:41+00:00","dateModified":"2024-07-03T15:19:46+00:00","mainEntityOfPage":{"@id":"https:\/\/redelog.rj.gov.br\/redelog\/cursos-internos\/"},"wordCount":144,"publisher":{"@id":"https:\/\/redelog.rj.gov.br\/redelog\/#organization"},"image":{"@id":"https:\/\/redelog.rj.gov.br\/redelog\/cursos-internos\/#primaryimage"},"thumbnailUrl":"https:\/\/www.redelog.rj.gov.br\/redelog\/wp-content\/uploads\/2021\/09\/WhatsApp-Image-2024-04-05-at-3.41.38-PM-1024x199.jpeg","articleSection":["Capacita\u00e7\u00e3o"],"inLanguage":"pt-BR"},{"@type":"WebPage","@id":"https:\/\/redelog.rj.gov.br\/redelog\/cursos-internos\/","url":"https:\/\/redelog.rj.gov.br\/redelog\/cursos-internos\/","name":"CURSOS INTERNOS - Redelog","isPartOf":{"@id":"https:\/\/redelog.rj.gov.br\/redelog\/#website"},"primaryImageOfPage":{"@id":"https:\/\/redelog.rj.gov.br\/redelog\/cursos-internos\/#primaryimage"},"image":{"@id":"https:\/\/redelog.rj.gov.br\/redelog\/cursos-internos\/#primaryimage"},"thumbnailUrl":"https:\/\/www.redelog.rj.gov.br\/redelog\/wp-content\/uploads\/2021\/09\/WhatsApp-Image-2024-04-05-at-3.41.38-PM-1024x199.jpeg","datePublished":"2021-09-29T19:42:41+00:00","dateModified":"2024-07-03T15:19:46+00:00","breadcrumb":{"@id":"https:\/\/redelog.rj.gov.br\/redelog\/cursos-internos\/#breadcrumb"},"inLanguage":"pt-BR","potentialAction":[{"@type":"ReadAction","target":["https:\/\/redelog.rj.gov.br\/redelog\/cursos-internos\/"]}]},{"@type":"ImageObject","inLanguage":"pt-BR","@id":"https:\/\/redelog.rj.gov.br\/redelog\/cursos-internos\/#primaryimage","url":"https:\/\/www.redelog.rj.gov.br\/redelog\/wp-content\/uploads\/2021\/09\/WhatsApp-Image-2024-04-05-at-3.41.38-PM-1024x199.jpeg","contentUrl":"https:\/\/www.redelog.rj.gov.br\/redelog\/wp-content\/uploads\/2021\/09\/WhatsApp-Image-2024-04-05-at-3.41.38-PM-1024x199.jpeg"},{"@type":"BreadcrumbList","@id":"https:\/\/redelog.rj.gov.br\/redelog\/cursos-internos\/#breadcrumb","itemListElement":[{"@type":"ListItem","position":1,"name":"Home","item":"https:\/\/redelog.rj.gov.br\/redelog\/"},{"@type":"ListItem","position":2,"name":"CURSOS INTERNOS"}]},{"@type":"WebSite","@id":"https:\/\/redelog.rj.gov.br\/redelog\/#website","url":"https:\/\/redelog.rj.gov.br\/redelog\/","name":"Redelog","description":"Site da Rede de Log\u00edstica e Planejamento do Estado do Rio de Janeiro","publisher":{"@id":"https:\/\/redelog.rj.gov.br\/redelog\/#organization"},"potentialAction":[{"@type":"SearchAction","target":{"@type":"EntryPoint","urlTemplate":"https:\/\/redelog.rj.gov.br\/redelog\/?s={search_term_string}"},"query-input":{"@type":"PropertyValueSpecification","valueRequired":true,"valueName":"search_term_string"}}],"inLanguage":"pt-BR"},{"@type":"Organization","@id":"https:\/\/redelog.rj.gov.br\/redelog\/#organization","name":"REDELOG","url":"https:\/\/redelog.rj.gov.br\/redelog\/","logo":{"@type":"ImageObject","inLanguage":"pt-BR","@id":"https:\/\/redelog.rj.gov.br\/redelog\/#\/schema\/logo\/image\/","url":"http:\/\/10.10.8.100:8888\/redelog\/wp-content\/uploads\/2019\/09\/Redelog2.png","contentUrl":"http:\/\/10.10.8.100:8888\/redelog\/wp-content\/uploads\/2019\/09\/Redelog2.png","width":565,"height":155,"caption":"REDELOG"},"image":{"@id":"https:\/\/redelog.rj.gov.br\/redelog\/#\/schema\/logo\/image\/"}},{"@type":"Person","@id":"https:\/\/redelog.rj.gov.br\/redelog\/#\/schema\/person\/1299ae2b7bfb510dd74c28ed239470fb","name":"alheiro","image":{"@type":"ImageObject","inLanguage":"pt-BR","@id":"https:\/\/redelog.rj.gov.br\/redelog\/#\/schema\/person\/image\/","url":"https:\/\/secure.gravatar.com\/avatar\/682da79d56fd06a1a63ccaa75b42ffe0c9b0609a62bc395d810f23f98140dcae?s=96&d=mm&r=g","contentUrl":"https:\/\/secure.gravatar.com\/avatar\/682da79d56fd06a1a63ccaa75b42ffe0c9b0609a62bc395d810f23f98140dcae?s=96&d=mm&r=g","caption":"alheiro"},"sameAs":["http:\/\/10.9.108.118:3000\/redelog"],"url":"https:\/\/redelog.rj.gov.br\/redelog\/author\/alheiro\/"}]}},"_links":{"self":[{"href":"https:\/\/redelog.rj.gov.br\/redelog\/wp-json\/wp\/v2\/posts\/2731","targetHints":{"allow":["GET"]}}],"collection":[{"href":"https:\/\/redelog.rj.gov.br\/redelog\/wp-json\/wp\/v2\/posts"}],"about":[{"href":"https:\/\/redelog.rj.gov.br\/redelog\/wp-json\/wp\/v2\/types\/post"}],"author":[{"embeddable":true,"href":"https:\/\/redelog.rj.gov.br\/redelog\/wp-json\/wp\/v2\/users\/1"}],"replies":[{"embeddable":true,"href":"https:\/\/redelog.rj.gov.br\/redelog\/wp-json\/wp\/v2\/comments?post=2731"}],"version-history":[{"count":398,"href":"https:\/\/redelog.rj.gov.br\/redelog\/wp-json\/wp\/v2\/posts\/2731\/revisions"}],"predecessor-version":[{"id":30163,"href":"https:\/\/redelog.rj.gov.br\/redelog\/wp-json\/wp\/v2\/posts\/2731\/revisions\/30163"}],"wp:attachment":[{"href":"https:\/\/redelog.rj.gov.br\/redelog\/wp-json\/wp\/v2\/media?parent=2731"}],"wp:term":[{"taxonomy":"category","embeddable":true,"href":"https:\/\/redelog.rj.gov.br\/redelog\/wp-json\/wp\/v2\/categories?post=2731"},{"taxonomy":"post_tag","embeddable":true,"href":"https:\/\/redelog.rj.gov.br\/redelog\/wp-json\/wp\/v2\/tags?post=2731"}],"curies":[{"name":"wp","href":"https:\/\/api.w.org\/{rel}","templated":true}]}}