{"id":27167,"date":"2024-01-09T10:58:40","date_gmt":"2024-01-09T13:58:40","guid":{"rendered":"https:\/\/redelog.rj.gov.br\/redelog\/?p=27167"},"modified":"2024-04-17T15:10:58","modified_gmt":"2024-04-17T18:10:58","slug":"pesquisa-de-precos-2","status":"publish","type":"post","link":"https:\/\/redelog.rj.gov.br\/redelog\/pesquisa-de-precos-2\/","title":{"rendered":"PESQUISA DE PRE\u00c7OS"},"content":{"rendered":"\t\t<div data-elementor-type=\"wp-post\" data-elementor-id=\"27167\" class=\"elementor elementor-27167\" data-elementor-post-type=\"post\">\n\t\t\t\t\t\t<section class=\"elementor-section elementor-top-section elementor-element elementor-element-4726283 elementor-section-boxed elementor-section-height-default elementor-section-height-default\" data-id=\"4726283\" data-element_type=\"section\" data-settings=\"{&quot;jet_parallax_layout_list&quot;:[{&quot;jet_parallax_layout_image&quot;:{&quot;url&quot;:&quot;&quot;,&quot;id&quot;:&quot;&quot;,&quot;size&quot;:&quot;&quot;},&quot;_id&quot;:&quot;38613a2&quot;,&quot;jet_parallax_layout_image_tablet&quot;:{&quot;url&quot;:&quot;&quot;,&quot;id&quot;:&quot;&quot;,&quot;size&quot;:&quot;&quot;},&quot;jet_parallax_layout_image_mobile&quot;:{&quot;url&quot;:&quot;&quot;,&quot;id&quot;:&quot;&quot;,&quot;size&quot;:&quot;&quot;},&quot;jet_parallax_layout_speed&quot;:{&quot;unit&quot;:&quot;%&quot;,&quot;size&quot;:50,&quot;sizes&quot;:[]},&quot;jet_parallax_layout_type&quot;:&quot;scroll&quot;,&quot;jet_parallax_layout_direction&quot;:&quot;1&quot;,&quot;jet_parallax_layout_fx_direction&quot;:null,&quot;jet_parallax_layout_z_index&quot;:&quot;&quot;,&quot;jet_parallax_layout_bg_x&quot;:50,&quot;jet_parallax_layout_bg_x_tablet&quot;:&quot;&quot;,&quot;jet_parallax_layout_bg_x_mobile&quot;:&quot;&quot;,&quot;jet_parallax_layout_bg_y&quot;:50,&quot;jet_parallax_layout_bg_y_tablet&quot;:&quot;&quot;,&quot;jet_parallax_layout_bg_y_mobile&quot;:&quot;&quot;,&quot;jet_parallax_layout_bg_size&quot;:&quot;auto&quot;,&quot;jet_parallax_layout_bg_size_tablet&quot;:&quot;&quot;,&quot;jet_parallax_layout_bg_size_mobile&quot;:&quot;&quot;,&quot;jet_parallax_layout_animation_prop&quot;:&quot;transform&quot;,&quot;jet_parallax_layout_on&quot;:[&quot;desktop&quot;,&quot;tablet&quot;]}]}\">\n\t\t\t\t\t\t<div class=\"elementor-container elementor-column-gap-default\">\n\t\t\t\t\t<div class=\"elementor-column elementor-col-100 elementor-top-column elementor-element elementor-element-af02738\" data-id=\"af02738\" data-element_type=\"column\">\n\t\t\t<div class=\"elementor-widget-wrap elementor-element-populated\">\n\t\t\t\t\t\t<div class=\"elementor-element elementor-element-cf08944 elementor-widget-divider--view-line elementor-widget elementor-widget-divider\" data-id=\"cf08944\" data-element_type=\"widget\" data-widget_type=\"divider.default\">\n\t\t\t\t\t\t\t<div class=\"elementor-divider\">\n\t\t\t<span class=\"elementor-divider-separator\">\n\t\t\t\t\t\t<\/span>\n\t\t<\/div>\n\t\t\t\t\t\t<\/div>\n\t\t\t\t\t<\/div>\n\t\t<\/div>\n\t\t\t\t\t<\/div>\n\t\t<\/section>\n\t\t\t\t<section class=\"elementor-section elementor-top-section elementor-element elementor-element-ae65c45 elementor-section-boxed elementor-section-height-default elementor-section-height-default\" data-id=\"ae65c45\" data-element_type=\"section\" data-settings=\"{&quot;jet_parallax_layout_list&quot;:[{&quot;jet_parallax_layout_image&quot;:{&quot;url&quot;:&quot;&quot;,&quot;id&quot;:&quot;&quot;,&quot;size&quot;:&quot;&quot;},&quot;_id&quot;:&quot;546b2cd&quot;,&quot;jet_parallax_layout_image_tablet&quot;:{&quot;url&quot;:&quot;&quot;,&quot;id&quot;:&quot;&quot;,&quot;size&quot;:&quot;&quot;},&quot;jet_parallax_layout_image_mobile&quot;:{&quot;url&quot;:&quot;&quot;,&quot;id&quot;:&quot;&quot;,&quot;size&quot;:&quot;&quot;},&quot;jet_parallax_layout_speed&quot;:{&quot;unit&quot;:&quot;%&quot;,&quot;size&quot;:50,&quot;sizes&quot;:[]},&quot;jet_parallax_layout_type&quot;:&quot;scroll&quot;,&quot;jet_parallax_layout_direction&quot;:&quot;1&quot;,&quot;jet_parallax_layout_fx_direction&quot;:null,&quot;jet_parallax_layout_z_index&quot;:&quot;&quot;,&quot;jet_parallax_layout_bg_x&quot;:50,&quot;jet_parallax_layout_bg_x_tablet&quot;:&quot;&quot;,&quot;jet_parallax_layout_bg_x_mobile&quot;:&quot;&quot;,&quot;jet_parallax_layout_bg_y&quot;:50,&quot;jet_parallax_layout_bg_y_tablet&quot;:&quot;&quot;,&quot;jet_parallax_layout_bg_y_mobile&quot;:&quot;&quot;,&quot;jet_parallax_layout_bg_size&quot;:&quot;auto&quot;,&quot;jet_parallax_layout_bg_size_tablet&quot;:&quot;&quot;,&quot;jet_parallax_layout_bg_size_mobile&quot;:&quot;&quot;,&quot;jet_parallax_layout_animation_prop&quot;:&quot;transform&quot;,&quot;jet_parallax_layout_on&quot;:[&quot;desktop&quot;,&quot;tablet&quot;]}]}\">\n\t\t\t\t\t\t<div class=\"elementor-container elementor-column-gap-default\">\n\t\t\t\t\t<div class=\"elementor-column elementor-col-100 elementor-top-column elementor-element elementor-element-aba4935\" data-id=\"aba4935\" data-element_type=\"column\">\n\t\t\t<div class=\"elementor-widget-wrap elementor-element-populated\">\n\t\t\t\t\t\t<div class=\"elementor-element elementor-element-d31f2da elementor-position-left elementor-vertical-align-middle elementor-widget elementor-widget-image-box\" data-id=\"d31f2da\" data-element_type=\"widget\" data-widget_type=\"image-box.default\">\n\t\t\t\t\t<div class=\"elementor-image-box-wrapper\"><figure class=\"elementor-image-box-img\"><img decoding=\"async\" width=\"78\" height=\"77\" data-src=\"https:\/\/redelog.rj.gov.br\/redelog\/wp-content\/uploads\/2021\/10\/lupa.jpg\" class=\"attachment-full size-full wp-image-3584 lazyload\" alt=\"\" src=\"data:image\/svg+xml;base64,PHN2ZyB3aWR0aD0iMSIgaGVpZ2h0PSIxIiB4bWxucz0iaHR0cDovL3d3dy53My5vcmcvMjAwMC9zdmciPjwvc3ZnPg==\" style=\"--smush-placeholder-width: 78px; --smush-placeholder-aspect-ratio: 78\/77;\" \/><\/figure><\/div>\t\t\t\t<\/div>\n\t\t\t\t<div class=\"elementor-element elementor-element-ad86d6d elementor-widget elementor-widget-text-editor\" data-id=\"ad86d6d\" data-element_type=\"widget\" data-widget_type=\"text-editor.default\">\n\t\t\t\t\t\t\t\t\t<p><span style=\"font-weight: 400;\">A pesquisa de pre\u00e7os \u00e9 um <\/span><b>procedimento no qual a Administra\u00e7\u00e3o realiza a estimativa do valor de mercado de um bem ou um servi\u00e7o<\/b><span style=\"font-weight: 400;\">, e entender isso \u00e9 necess\u00e1rio para podermos vencer obst\u00e1culos conceituais em nosso dia-a-dia.<\/span><\/p><p><span style=\"font-weight: 400;\">Com essa estimativa em m\u00e3os, a Administra\u00e7\u00e3o pode, em diferentes momentos da licita\u00e7\u00e3o ou da execu\u00e7\u00e3o do contrato, verificar a exist\u00eancia de recursos suficientes para assumir as obriga\u00e7\u00f5es financeiras, definir o crit\u00e9rio de julgamento de uma licita\u00e7\u00e3o\u00a0 ou, tamb\u00e9m,\u00a0 utilizar essa estimativa como um crit\u00e9rio para avaliar qual a proposta mais vantajosa em rela\u00e7\u00e3o \u00e0quelas recebidas em procedimento de contrata\u00e7\u00e3o direta, por exemplo.<\/span><\/p><p><span style=\"font-weight: 400;\">Tamb\u00e9m, essa estimativa de pre\u00e7os \u00e9 importante, pois, funciona como um dos crit\u00e9rios para a verificar a vantajosidade da renova\u00e7\u00e3o de um contrato ou, ainda, verificar a compatibilidade dos pre\u00e7os registrados na Ata com aqueles efetivamente praticados no mercado.<\/span><\/p><p><b>Mas, e a\u00ed? Como funciona na pr\u00e1tica?<\/b><\/p><p><span style=\"font-weight: 400;\">Para cada caso concreto, o <\/span><strong><a href=\"https:\/\/leisestaduais.com.br\/rj\/decreto-n-48816-2023-rio-de-janeiro-regulamenta-a-fase-preparatoria-das-contratacoes-de-que-trata-a-lei-no-14-133-de-1o-de-abril-de-2021-no-ambito-da-administracao-publica-estadual-direta-autarquica-e-fundacional?q=48816&amp;origin=instituicao#\">Decreto Estadual n\u00b0 48.816\/2023<\/a><\/strong><span style=\"font-weight: 400;\">, junto a outros normativos espec\u00edficos, tem uma li\u00e7\u00e3o importante sobre esse tema. Acompanhe.<\/span><\/p>\t\t\t\t\t\t\t\t<\/div>\n\t\t\t\t<div class=\"elementor-element elementor-element-dc19b46 elementor-widget-divider--view-line elementor-widget elementor-widget-divider\" data-id=\"dc19b46\" data-element_type=\"widget\" data-widget_type=\"divider.default\">\n\t\t\t\t\t\t\t<div class=\"elementor-divider\">\n\t\t\t<span class=\"elementor-divider-separator\">\n\t\t\t\t\t\t<\/span>\n\t\t<\/div>\n\t\t\t\t\t\t<\/div>\n\t\t\t\t<div class=\"elementor-element elementor-element-bf6e95f elementor-widget elementor-widget-heading\" data-id=\"bf6e95f\" data-element_type=\"widget\" data-widget_type=\"heading.default\">\n\t\t\t\t\t<h3 class=\"elementor-heading-title elementor-size-default\">Pesquisa de Pre\u00e7os para Procedimento de Licita\u00e7\u00e3o<\/h3>\t\t\t\t<\/div>\n\t\t\t\t<div class=\"elementor-element elementor-element-10747e0 elementor-widget elementor-widget-text-editor\" data-id=\"10747e0\" data-element_type=\"widget\" data-widget_type=\"text-editor.default\">\n\t\t\t\t\t\t\t\t\t<p><span style=\"font-weight: 400;\">Em procedimentos de licita\u00e7\u00e3o das modalidades previstas no art. 28, da <strong><a href=\"http:\/\/www.planalto.gov.br\/ccivil_03\/_ato2019-2022\/2021\/lei\/L14133.htm\">Lei 14.133\/2023<\/a><\/strong>, a solu\u00e7\u00e3o para os \u00f3rg\u00e3os e entidades \u00e9 a realiza\u00e7\u00e3o do procedimento de pesquisa de pre\u00e7os observando os requisitos dos arts. 28 a 43, do <strong><a href=\"https:\/\/leisestaduais.com.br\/rj\/decreto-n-48816-2023-rio-de-janeiro-regulamenta-a-fase-preparatoria-das-contratacoes-de-que-trata-a-lei-no-14-133-de-1o-de-abril-de-2021-no-ambito-da-administracao-publica-estadual-direta-autarquica-e-fundacional?q=48816&amp;origin=instituicao#\">Decreto Estadual n\u00b0 48.816\/2023<\/a><\/strong>. Ou seja, dever\u00e3o ser observados, cumulativamente, os par\u00e2metros de pesquisa e as metodologias de defini\u00e7\u00e3o do or\u00e7amento estimado, as quais ser\u00e3o registradas no Relat\u00f3rio Anal\u00edtico de Pesquisa de Pre\u00e7os &#8211; RAPP e seus anexos.<\/span><\/p>\t\t\t\t\t\t\t\t<\/div>\n\t\t\t\t<div class=\"elementor-element elementor-element-c1e760e elementor-widget-divider--view-line elementor-widget elementor-widget-divider\" data-id=\"c1e760e\" data-element_type=\"widget\" data-widget_type=\"divider.default\">\n\t\t\t\t\t\t\t<div class=\"elementor-divider\">\n\t\t\t<span class=\"elementor-divider-separator\">\n\t\t\t\t\t\t<\/span>\n\t\t<\/div>\n\t\t\t\t\t\t<\/div>\n\t\t\t\t<div class=\"elementor-element elementor-element-8ac54cf elementor-widget elementor-widget-heading\" data-id=\"8ac54cf\" data-element_type=\"widget\" data-widget_type=\"heading.default\">\n\t\t\t\t\t<h3 class=\"elementor-heading-title elementor-size-default\">Pesquisa de Pre\u00e7os para Procedimento de Contrata\u00e7\u00e3o Direta<\/h3>\t\t\t\t<\/div>\n\t\t\t\t<div class=\"elementor-element elementor-element-8fd671c elementor-widget elementor-widget-text-editor\" data-id=\"8fd671c\" data-element_type=\"widget\" data-widget_type=\"text-editor.default\">\n\t\t\t\t\t\t\t\t\t<p><span style=\"font-weight: 400;\">O gestor, no momento da defini\u00e7\u00e3o do or\u00e7amento estimado dos procedimentos de licita\u00e7\u00e3o e de contrata\u00e7\u00e3o direta, deve ter aten\u00e7\u00e3o especial ao que diz os art. 36 a 41, do<strong><a href=\"https:\/\/leisestaduais.com.br\/rj\/decreto-n-48816-2023-rio-de-janeiro-regulamenta-a-fase-preparatoria-das-contratacoes-de-que-trata-a-lei-no-14-133-de-1o-de-abril-de-2021-no-ambito-da-administracao-publica-estadual-direta-autarquica-e-fundacional?q=48816&amp;origin=instituicao#\"> Decreto Estadual n\u00b0 48.816\/2023<\/a><\/strong>.\u00a0<\/span><\/p><p><span style=\"font-weight: 400;\">A decis\u00e3o por promover uma contrata\u00e7\u00e3o direta n\u00e3o leva em conta apenas, pura e simplesmente o crit\u00e9rio pre\u00e7o, mas, sim, \u00e9 uma decis\u00e3o que faz a pondera\u00e7\u00e3o pr\u00e9via de crit\u00e9rios de <\/span><b>efici\u00eancia do uso dos recursos p\u00fablicos e de vantajosidade para a Administra\u00e7\u00e3o<\/b><span style=\"font-weight: 400;\">.\u00a0<\/span><\/p><p><span style=\"font-weight: 400;\">Isto \u00e9: existem casos em que o custo de licitar determinado bem ou servi\u00e7o \u00e9 maior que o custo do pr\u00f3prio bem ou servi\u00e7o que se pretende adquirir ou contratar. <\/span><b>Por\u00e9m, isso n\u00e3o afasta uma rica e criteriosa pesquisa de pre\u00e7os no mercado<\/b><span style=\"font-weight: 400;\">, como forma de combater a tend\u00eancia dos pre\u00e7os e eventuais sobrepre\u00e7os.<\/span><\/p><p><span style=\"font-weight: 400;\">Ent\u00e3o, respondendo uma antiga quest\u00e3o, informa-se que, para os procedimentos de contrata\u00e7\u00e3o direta, a solu\u00e7\u00e3o para os \u00f3rg\u00e3os e entidades \u00e9 a realiza\u00e7\u00e3o do procedimento de pesquisa de pre\u00e7os observando os requisitos dos arts. 28 a 43, do <a href=\"https:\/\/leisestaduais.com.br\/rj\/decreto-n-48816-2023-rio-de-janeiro-regulamenta-a-fase-preparatoria-das-contratacoes-de-que-trata-a-lei-no-14-133-de-1o-de-abril-de-2021-no-ambito-da-administracao-publica-estadual-direta-autarquica-e-fundacional?q=48816&amp;origin=instituicao#\"><strong>Decreto Estadual n\u00b0 48.816\/2023<\/strong><\/a>. Ou seja, dever\u00e3o ser observados, cumulativamente, os par\u00e2metros de pesquisa e as metodologias de defini\u00e7\u00e3o do or\u00e7amento estimado, as quais ser\u00e3o registradas no Relat\u00f3rio Anal\u00edtico de Pesquisa de Pre\u00e7os &#8211; RAPP e seus anexos.<\/span><\/p>\t\t\t\t\t\t\t\t<\/div>\n\t\t\t\t<div class=\"elementor-element elementor-element-9a80ccd elementor-widget-divider--view-line elementor-widget elementor-widget-divider\" data-id=\"9a80ccd\" data-element_type=\"widget\" data-widget_type=\"divider.default\">\n\t\t\t\t\t\t\t<div class=\"elementor-divider\">\n\t\t\t<span class=\"elementor-divider-separator\">\n\t\t\t\t\t\t<\/span>\n\t\t<\/div>\n\t\t\t\t\t\t<\/div>\n\t\t\t\t<div class=\"elementor-element elementor-element-f5301fb elementor-widget elementor-widget-heading\" data-id=\"f5301fb\" data-element_type=\"widget\" data-widget_type=\"heading.default\">\n\t\t\t\t\t<h3 class=\"elementor-heading-title elementor-size-default\">Pesquisa de Pre\u00e7os no Momento da Prorroga\u00e7\u00e3o de Contratos com M\u00e3o de Obra Dedicada<\/h3>\t\t\t\t<\/div>\n\t\t\t\t<div class=\"elementor-element elementor-element-535ae5e elementor-widget elementor-widget-spacer\" data-id=\"535ae5e\" data-element_type=\"widget\" data-widget_type=\"spacer.default\">\n\t\t\t\t\t\t\t<div class=\"elementor-spacer\">\n\t\t\t<div class=\"elementor-spacer-inner\"><\/div>\n\t\t<\/div>\n\t\t\t\t\t\t<\/div>\n\t\t\t\t<div class=\"elementor-element elementor-element-0563234 elementor-widget elementor-widget-text-editor\" data-id=\"0563234\" data-element_type=\"widget\" data-widget_type=\"text-editor.default\">\n\t\t\t\t\t\t\t\t\t<p><span style=\"font-weight: 400;\">O art. 33, do <a href=\"https:\/\/leisestaduais.com.br\/rj\/decreto-n-48816-2023-rio-de-janeiro-regulamenta-a-fase-preparatoria-das-contratacoes-de-que-trata-a-lei-no-14-133-de-1o-de-abril-de-2021-no-ambito-da-administracao-publica-estadual-direta-autarquica-e-fundacional?q=48816&amp;origin=instituicao#\"><strong>Decreto Estadual n\u00b0 48.816\/2023<\/strong><\/a>, traz o ensinamento de que a vantajosidade econ\u00f4mica dos contratos com m\u00e3o de obra dedicada est\u00e1 assegurada, sendo dispensada a realiza\u00e7\u00e3o de pesquisa de pre\u00e7os, nas seguintes hip\u00f3teses:<\/span><\/p><p>\u00a0<\/p><p><i><span style=\"font-weight: 400;\">&#8220;I &#8211; quando o contrato contiver previs\u00f5es de que os reajustes dos itens envolvendo a folha de sal\u00e1rios ser\u00e3o efetuados com base em Acordo, Conven\u00e7\u00e3o, Diss\u00eddio Coletivo de Trabalho ou em decorr\u00eancia de lei; e<\/span><\/i><\/p><p><i><span style=\"font-weight: 400;\">II &#8211; quando o contrato contiver previs\u00f5es de que os reajustes dos itens envolvendo insumos (exceto quanto a obriga\u00e7\u00f5es decorrentes de Acordo, Conven\u00e7\u00e3o, Diss\u00eddio Coletivo de Trabalho e de lei) e materiais ser\u00e3o efetuados com base em \u00edndices oficiais, previamente definidos no contrato.&#8221;<\/span><\/i><\/p><p>\u00a0<\/p><p><span style=\"font-weight: 400;\">Esses s\u00e3o requisitos cumulativos.<\/span><b> Havendo a cumula\u00e7\u00e3o desses requisitos, o procedimento de pesquisa de pre\u00e7os, previsto nos arts. 28 a 43 do Decreto, \u00e9 afastado<\/b><span style=\"font-weight: 400;\">.<\/span><\/p><p><span style=\"font-weight: 400;\">\u00c9 dizer que a Administra\u00e7\u00e3o ir\u00e1 comparar o pre\u00e7o firmado com a varia\u00e7\u00e3o desse no intervalo pactuado no contrato e, harmonizando outros crit\u00e9rios, avaliar se a prorroga\u00e7\u00e3o desse \u00e9 vantajosa ou n\u00e3o.<\/span><\/p><p><span style=\"font-weight: 400;\">Agora, se no contrato de que trata sobre servi\u00e7os com m\u00e3o de obra dedicada estiver n\u00e3o estiver cumprindo ou cumprir apenas 1 desses 2 requisitos, <\/span><span style=\"font-weight: 400;\">a solu\u00e7\u00e3o para os \u00f3rg\u00e3os e entidades \u00e9 a realiza\u00e7\u00e3o do procedimento de pesquisa de pre\u00e7os observando os requisitos dos arts. 28 a 43, do <a href=\"https:\/\/leisestaduais.com.br\/rj\/decreto-n-48816-2023-rio-de-janeiro-regulamenta-a-fase-preparatoria-das-contratacoes-de-que-trata-a-lei-no-14-133-de-1o-de-abril-de-2021-no-ambito-da-administracao-publica-estadual-direta-autarquica-e-fundacional?q=48816&amp;origin=instituicao#\"><strong>Decreto Estadual n\u00b0 48.816\/2023<\/strong><\/a>. Ou seja, dever\u00e3o ser observados, cumulativamente, os par\u00e2metros de pesquisa e as metodologias de defini\u00e7\u00e3o do or\u00e7amento estimado, as quais ser\u00e3o registradas no Relat\u00f3rio Anal\u00edtico de Pesquisa de Pre\u00e7os &#8211; RAPP e seus anexos.<\/span><\/p>\t\t\t\t\t\t\t\t<\/div>\n\t\t\t\t<div class=\"elementor-element elementor-element-12cf499 elementor-widget-divider--view-line elementor-widget elementor-widget-divider\" data-id=\"12cf499\" data-element_type=\"widget\" data-widget_type=\"divider.default\">\n\t\t\t\t\t\t\t<div class=\"elementor-divider\">\n\t\t\t<span class=\"elementor-divider-separator\">\n\t\t\t\t\t\t<\/span>\n\t\t<\/div>\n\t\t\t\t\t\t<\/div>\n\t\t\t\t<div class=\"elementor-element elementor-element-5a4cfb1 elementor-widget elementor-widget-heading\" data-id=\"5a4cfb1\" data-element_type=\"widget\" data-widget_type=\"heading.default\">\n\t\t\t\t\t<h3 class=\"elementor-heading-title elementor-size-default\">Pesquisa de Pre\u00e7os no Momento da Prorroga\u00e7\u00e3o de Contratos Sem M\u00e3o de Obra Dedicada<\/h3>\t\t\t\t<\/div>\n\t\t\t\t<div class=\"elementor-element elementor-element-f1bd5af elementor-widget elementor-widget-text-editor\" data-id=\"f1bd5af\" data-element_type=\"widget\" data-widget_type=\"text-editor.default\">\n\t\t\t\t\t\t\t\t\t<p><span style=\"font-weight: 400;\">Mais um pouco a frente, o art. 34, do <a href=\"https:\/\/leisestaduais.com.br\/rj\/decreto-n-48816-2023-rio-de-janeiro-regulamenta-a-fase-preparatoria-das-contratacoes-de-que-trata-a-lei-no-14-133-de-1o-de-abril-de-2021-no-ambito-da-administracao-publica-estadual-direta-autarquica-e-fundacional?q=48816&amp;origin=instituicao#\"><strong>Decreto Estadual n\u00b0 48.816\/2023<\/strong><\/a>, <\/span><b>deixa opcional<\/b><span style=\"font-weight: 400;\"> a realiza\u00e7\u00e3o da pesquisa de pre\u00e7os nos momentos em que temos que verificar a vantajosidade da prorroga\u00e7\u00e3o de contratos sem m\u00e3o de obra dedicada, quando h\u00e1 a manifesta\u00e7\u00e3o t\u00e9cnica e motivada no sentido de que o \u00edndice de reajuste adotado no instrumento convocat\u00f3rio \u00e9 capaz para demonstrar a varia\u00e7\u00e3o dos pre\u00e7os do objeto contratado.<\/span><\/p><p><span style=\"font-weight: 400;\">\u00c9 dizer que a Administra\u00e7\u00e3o ir\u00e1 comparar o pre\u00e7o firmado com a varia\u00e7\u00e3o desse no intervalo pactuado no contrato e, harmonizando outros crit\u00e9rios, avaliar se a prorroga\u00e7\u00e3o desse \u00e9 vantajosa ou n\u00e3o.<\/span><\/p><p><span style=\"font-weight: 400;\">Isso quer dizer que: n\u00e3o havendo essa manifesta\u00e7\u00e3o nos processos, <\/span><span style=\"font-weight: 400;\">a solu\u00e7\u00e3o para os \u00f3rg\u00e3os e entidades \u00e9 a realiza\u00e7\u00e3o do procedimento de pesquisa de pre\u00e7os observando os requisitos dos arts. 28 a 43, do <a href=\"https:\/\/leisestaduais.com.br\/rj\/decreto-n-48816-2023-rio-de-janeiro-regulamenta-a-fase-preparatoria-das-contratacoes-de-que-trata-a-lei-no-14-133-de-1o-de-abril-de-2021-no-ambito-da-administracao-publica-estadual-direta-autarquica-e-fundacional?q=48816&amp;origin=instituicao#\"><strong>Decreto Estadual n\u00b0 48.816\/2023<\/strong><\/a>. Ou seja, dever\u00e3o ser observados, cumulativamente, os par\u00e2metros de pesquisa e as metodologias de defini\u00e7\u00e3o do or\u00e7amento estimado, as quais ser\u00e3o registradas no Relat\u00f3rio Anal\u00edtico de Pesquisa de Pre\u00e7os &#8211; RAPP e seus anexos<\/span><span style=\"font-weight: 400;\">.<\/span><\/p>\t\t\t\t\t\t\t\t<\/div>\n\t\t\t\t<div class=\"elementor-element elementor-element-ef5c954 elementor-widget-divider--view-line elementor-widget elementor-widget-divider\" data-id=\"ef5c954\" data-element_type=\"widget\" data-widget_type=\"divider.default\">\n\t\t\t\t\t\t\t<div class=\"elementor-divider\">\n\t\t\t<span class=\"elementor-divider-separator\">\n\t\t\t\t\t\t<\/span>\n\t\t<\/div>\n\t\t\t\t\t\t<\/div>\n\t\t\t\t<div class=\"elementor-element elementor-element-d013d5c elementor-widget elementor-widget-heading\" data-id=\"d013d5c\" data-element_type=\"widget\" data-widget_type=\"heading.default\">\n\t\t\t\t\t<h3 class=\"elementor-heading-title elementor-size-default\">Pesquisa de Pre\u00e7os em Procedimentos do Sistema de Registro de Pre\u00e7os<\/h3>\t\t\t\t<\/div>\n\t\t\t\t<div class=\"elementor-element elementor-element-48a811b elementor-widget elementor-widget-text-editor\" data-id=\"48a811b\" data-element_type=\"widget\" data-widget_type=\"text-editor.default\">\n\t\t\t\t\t\t\t\t\t<p><span style=\"font-weight: 400;\">Existem momentos em que o gestor precisar\u00e1 promover a pesquisa de pre\u00e7os em procedimentos do Sistema de Registro de Pre\u00e7os. Para isso, ele deve entender em quais dos situa\u00e7\u00f5es est\u00e1 inserido:<\/span><\/p><h4><b>Pesquisa de pre\u00e7os para o \u00d3rg\u00e3o Gerenciador:<\/b><\/h4><p><span style=\"font-weight: 400;\">Dentre as atribui\u00e7\u00f5es do \u00d3rg\u00e3o Gerenciador, o art. 6\u00b0, do <\/span><strong><a href=\"https:\/\/leisestaduais.com.br\/rj\/decreto-n-48843-2023-rio-de-janeiro-regulamenta-o-sistema-de-registro-de-precos-srp-no-ambito-da-administracao-publica-estadual-direta-autarquica-e-fundacional-e-da-outras-providencias?q=48843&amp;origin=instituicao#\">Decreto Estadual 48.843\/2023<\/a><\/strong><span style=\"font-weight: 400;\">, prev\u00ea a responsabilidade espec\u00edfica de realiza\u00e7\u00e3o de ampla pesquisa de pre\u00e7os para aferir, semestralmente, a compatibilidade dos pre\u00e7os registrados com os efetivamente praticados.<\/span><\/p><p><span style=\"font-weight: 400;\">J\u00e1 o art. 20, do <a href=\"https:\/\/leisestaduais.com.br\/rj\/decreto-n-48843-2023-rio-de-janeiro-regulamenta-o-sistema-de-registro-de-precos-srp-no-ambito-da-administracao-publica-estadual-direta-autarquica-e-fundacional-e-da-outras-providencias?q=48843&amp;origin=instituicao#\"><strong>Decreto Estadual 48.843\/2023<\/strong><\/a>, oportuniza ao \u00d3rg\u00e3o Gerenciador a prorroga\u00e7\u00e3o da vig\u00eancia da Ata de Registro de Pre\u00e7os, desde que cumpridos os requisitos sobre a manuten\u00e7\u00e3o de sua vantajosidade, incluindo a confirma\u00e7\u00e3o de que os pre\u00e7os registrados permanecem atualizados.<\/span><\/p><p><span style=\"font-weight: 400;\">Para essas situa\u00e7\u00f5es, a solu\u00e7\u00e3o para o \u00d3rg\u00e3o Gerenciador \u00e9 a realiza\u00e7\u00e3o do procedimento de pesquisa de pre\u00e7os observando os requisitos dos arts. 28 a 43, do <a href=\"https:\/\/leisestaduais.com.br\/rj\/decreto-n-48816-2023-rio-de-janeiro-regulamenta-a-fase-preparatoria-das-contratacoes-de-que-trata-a-lei-no-14-133-de-1o-de-abril-de-2021-no-ambito-da-administracao-publica-estadual-direta-autarquica-e-fundacional?q=48816&amp;origin=instituicao#\"><strong>Decreto Estadual n\u00b0 48.816\/2023<\/strong><\/a>. Ou seja, dever\u00e3o ser observados, cumulativamente, os par\u00e2metros de pesquisa e as metodologias de defini\u00e7\u00e3o do or\u00e7amento estimado, as quais ser\u00e3o registradas no Relat\u00f3rio Anal\u00edtico de Pesquisa de Pre\u00e7os &#8211; RAPP e seus anexos<\/span><span style=\"font-weight: 400;\">.<\/span><\/p><h4><b>Pesquisa de pre\u00e7os para o \u00d3rg\u00e3o Participante:<\/b><\/h4><p><span style=\"font-weight: 400;\">Os \u00d3rg\u00e3os Participantes t\u00eam a obriga\u00e7\u00e3o de promover a pesquisa de pre\u00e7os para definir o pre\u00e7o dos itens que precisam incluir na Ata em que fazem parte.<\/span><\/p><p><span style=\"font-weight: 400;\">Para isso, a solu\u00e7\u00e3o para os \u00f3rg\u00e3os e entidades participantes \u00e9 a realiza\u00e7\u00e3o do procedimento de pesquisa de pre\u00e7os observando os requisitos dos arts. 28 a 43, do <a href=\"https:\/\/leisestaduais.com.br\/rj\/decreto-n-48816-2023-rio-de-janeiro-regulamenta-a-fase-preparatoria-das-contratacoes-de-que-trata-a-lei-no-14-133-de-1o-de-abril-de-2021-no-ambito-da-administracao-publica-estadual-direta-autarquica-e-fundacional?q=48816&amp;origin=instituicao#\"><strong>Decreto Estadual n\u00b0 48.816\/2023<\/strong><\/a>. Ou seja, dever\u00e3o ser observados, cumulativamente, os par\u00e2metros de pesquisa e as metodologias de defini\u00e7\u00e3o do or\u00e7amento estimado, as quais ser\u00e3o registradas no Relat\u00f3rio Anal\u00edtico de Pesquisa de Pre\u00e7os &#8211; RAPP e seus anexos<\/span><span style=\"font-weight: 400;\">.<\/span><\/p><p><span style=\"font-weight: 400;\">No momento da formaliza\u00e7\u00e3o da contrata\u00e7\u00e3o, o \u00d3rg\u00e3o Participante poder\u00e1 dispensar a pesquisa de pre\u00e7os, desde que a ARP esteja com seus valores atualizados pelo \u00d3rg\u00e3o Gerenciador.<\/span><\/p><p><span style=\"font-weight: 400;\">Por\u00e9m, se no momento da formaliza\u00e7\u00e3o de sua contrata\u00e7\u00e3o o \u00d3rg\u00e3o Gerenciador n\u00e3o ter atualizado os pre\u00e7os da Ata de Registro de Pre\u00e7os,\u00a0 o \u00d3rg\u00e3o Participante dever\u00e1 realizar o procedimento de pesquisa de pre\u00e7os para a ratifica\u00e7\u00e3o da atualidade e vantajosidade dos pre\u00e7os registrados.<\/span><\/p><p><span style=\"font-weight: 400;\">Para isso, a solu\u00e7\u00e3o para os \u00d3rg\u00e3os Participantes \u00e9 a realiza\u00e7\u00e3o do procedimento de pesquisa de pre\u00e7os observando os requisitos dos arts. 28 a 43, do <a href=\"https:\/\/leisestaduais.com.br\/rj\/decreto-n-48816-2023-rio-de-janeiro-regulamenta-a-fase-preparatoria-das-contratacoes-de-que-trata-a-lei-no-14-133-de-1o-de-abril-de-2021-no-ambito-da-administracao-publica-estadual-direta-autarquica-e-fundacional?q=48816&amp;origin=instituicao#\"><strong>Decreto Estadual n\u00b0 48.816\/2023<\/strong><\/a>. Ou seja, dever\u00e3o ser observados, cumulativamente, os par\u00e2metros de pesquisa e as metodologias de defini\u00e7\u00e3o do or\u00e7amento estimado, as quais ser\u00e3o registradas no Relat\u00f3rio Anal\u00edtico de Pesquisa de Pre\u00e7os &#8211; RAPP e seus anexos<\/span><\/p><h4><b>Pesquisa de Pre\u00e7os para os \u00d3rg\u00e3os Aderentes:<\/b><\/h4><h4><span style=\"font-weight: 400;\">Os \u00d3rg\u00e3os Aderentes que decidirem formalizar sua participa\u00e7\u00e3o em uma Ata de Registro de Pre\u00e7os em que n\u00e3o \u00e9 participante, dever\u00e1 demonstrar a vantajosidade do procedimento, entre outros requisitos, promovendo a ampla pesquisa de pre\u00e7os para verificar essa situa\u00e7\u00e3o vantajosa.<\/span><\/h4><p><span style=\"font-weight: 400;\">Para isso, a solu\u00e7\u00e3o para os \u00d3rg\u00e3os Aderentes \u00e9 a realiza\u00e7\u00e3o do procedimento de pesquisa de pre\u00e7os observando os requisitos dos arts. 28 a 43, do <a href=\"https:\/\/leisestaduais.com.br\/rj\/decreto-n-48816-2023-rio-de-janeiro-regulamenta-a-fase-preparatoria-das-contratacoes-de-que-trata-a-lei-no-14-133-de-1o-de-abril-de-2021-no-ambito-da-administracao-publica-estadual-direta-autarquica-e-fundacional?q=48816&amp;origin=instituicao#\"><strong>Decreto Estadual n\u00b0 48.816\/2023<\/strong><\/a>.\u00a0 Ou seja, dever\u00e3o ser observados, cumulativamente, os par\u00e2metros de pesquisa e as metodologias de defini\u00e7\u00e3o do or\u00e7amento estimado, as quais ser\u00e3o registradas no Relat\u00f3rio Anal\u00edtico de Pesquisa de Pre\u00e7os &#8211; RAPP e seus anexos.<\/span><\/p>\t\t\t\t\t\t\t\t<\/div>\n\t\t\t\t<div class=\"elementor-element elementor-element-21cfb27 elementor-widget-divider--view-line elementor-widget elementor-widget-divider\" data-id=\"21cfb27\" data-element_type=\"widget\" data-widget_type=\"divider.default\">\n\t\t\t\t\t\t\t<div class=\"elementor-divider\">\n\t\t\t<span class=\"elementor-divider-separator\">\n\t\t\t\t\t\t<\/span>\n\t\t<\/div>\n\t\t\t\t\t\t<\/div>\n\t\t\t\t<div class=\"elementor-element elementor-element-12f0930 elementor-widget elementor-widget-heading\" data-id=\"12f0930\" data-element_type=\"widget\" data-widget_type=\"heading.default\">\n\t\t\t\t\t<h3 class=\"elementor-heading-title elementor-size-default\">E o Que Todas Essas Situa\u00e7\u00f5es T\u00eam em Comum?<\/h3>\t\t\t\t<\/div>\n\t\t\t\t<div class=\"elementor-element elementor-element-a871351 elementor-widget elementor-widget-text-editor\" data-id=\"a871351\" data-element_type=\"widget\" data-widget_type=\"text-editor.default\">\n\t\t\t\t\t\t\t\t\t<p><span style=\"font-weight: 400;\">Depois dessa ampla leitura, o que podemos concluir \u00e9 que todas essas situa\u00e7\u00f5es t\u00eam em comum \u00e9 o fato de que que essas pesquisas, <\/span><b>se mais enxuta ou mais ampla, ser\u00e3o registradas e memorizadas no Relat\u00f3rio Anal\u00edtico de Pesquisa de Pre\u00e7os &#8211; RAPP e seus anexos<\/b><span style=\"font-weight: 400;\">, como nos explicas os arts. 42 e 43, do <a href=\"https:\/\/leisestaduais.com.br\/rj\/decreto-n-48816-2023-rio-de-janeiro-regulamenta-a-fase-preparatoria-das-contratacoes-de-que-trata-a-lei-no-14-133-de-1o-de-abril-de-2021-no-ambito-da-administracao-publica-estadual-direta-autarquica-e-fundacional?q=48816&amp;origin=instituicao#\"><strong>Decreto Estadual n\u00b0 48.816\/2023<\/strong><\/a>.<\/span><\/p>\t\t\t\t\t\t\t\t<\/div>\n\t\t\t\t<div class=\"elementor-element elementor-element-1bd54c4 elementor-widget-divider--view-line elementor-widget elementor-widget-divider\" data-id=\"1bd54c4\" data-element_type=\"widget\" data-widget_type=\"divider.default\">\n\t\t\t\t\t\t\t<div class=\"elementor-divider\">\n\t\t\t<span class=\"elementor-divider-separator\">\n\t\t\t\t\t\t<\/span>\n\t\t<\/div>\n\t\t\t\t\t\t<\/div>\n\t\t\t\t<div class=\"elementor-element elementor-element-c640952 elementor-widget elementor-widget-heading\" data-id=\"c640952\" data-element_type=\"widget\" data-widget_type=\"heading.default\">\n\t\t\t\t\t<h3 class=\"elementor-heading-title elementor-size-default\">Boas Pr\u00e1ticas Administrativa em Pesquisa de Pre\u00e7os<\/h3>\t\t\t\t<\/div>\n\t\t\t\t<div class=\"elementor-element elementor-element-22f18f6 elementor-widget elementor-widget-text-editor\" data-id=\"22f18f6\" data-element_type=\"widget\" data-widget_type=\"text-editor.default\">\n\t\t\t\t\t\t\t\t\t<p><span style=\"font-weight: 400;\">A boa pr\u00e1tica \u00e9 um poder dever do Gestor. \u00c9 um conjunto de atos, procedimentos e t\u00e9cnicas aplicadas, em raz\u00e3o da efici\u00eancia da Administra\u00e7\u00e3o, para o melhor desempenho, performance e qualidade da entrega das atividades do Estado.\u00a0<\/span><\/p><p><span style=\"font-weight: 400;\">Uma boa pr\u00e1tica em pesquisa de pre\u00e7os, por exemplo, \u00e9 a ratifica\u00e7\u00e3o, por meio de despacho do superior hier\u00e1rquico ou da autoridade competente, autoridade superior ou do ordenador de despesa, das informa\u00e7\u00f5es registradas no Relat\u00f3rio Anal\u00edtico de Pesquisa de Pre\u00e7os &#8211; RAPP e seus anexos, de modo a fortalecer o entendimento ali registrado.<\/span><\/p><p><span style=\"font-weight: 400;\">Outra boa pr\u00e1tica \u00e9 instruir o Relat\u00f3rio Anal\u00edtico de Pesquisa de Pre\u00e7os &#8211; RAPP acompanhado de 2 anexos:\u00a0<\/span><\/p><p><b>I) A Planilha de saneamento<\/b><span style=\"font-weight: 400;\"> &#8211;\u00a0 instrumento onde est\u00e3o registradas as mem\u00f3rias de c\u00e1lculo que auxiliaram a tomada de decis\u00e3o para a escolha da metodologia para a defini\u00e7\u00e3o do or\u00e7amento estimado.<\/span><\/p><p><b>II) Compilador de documentos comprobat\u00f3rios da pesquisa realizada<\/b><span style=\"font-weight: 400;\"> &#8211;\u00a0 como p\u00e1ginas da internet, Termos e Refer\u00eancias, p\u00e1ginas de Di\u00e1rio e etc (\u00e9 importante registrar aqui, at\u00e9, mesmo aquelas pesquisas que n\u00e3o apresentam pre\u00e7os compat\u00edveis com o procedimento em quest\u00e3o)<\/span><\/p><h4><b>Considerando essas boas pr\u00e1ticas, o SEI ficaria atuado dessa forma:<\/b><\/h4><p><span style=\"font-weight: 400;\">1) Relat\u00f3rio Anal\u00edtico de Pesquisa de Pre\u00e7os &#8211; RAPP<\/span><\/p><p><span style=\"font-weight: 400;\">2) Anexo 1 ao RAPP &#8211; Planilha de saneamento<\/span><\/p><p><span style=\"font-weight: 400;\">3) Anexo 2 ao RAPP &#8211; Documentos comprobat\u00f3rios da pesquisa realizada<\/span><\/p><p><span style=\"font-weight: 400;\">4) Despacho de aprova\u00e7\u00e3o do Relat\u00f3rio An\u00e1litico de Pesquisa de Pre\u00e7os<\/span><b> &#8211;<\/b><span style=\"font-weight: 400;\"> RAPP<\/span><\/p><h4><b>Modelos para auxiliar o Gestor na realiza\u00e7\u00e3o da pesquisa de pre\u00e7os:<\/b><\/h4><h4><span style=\"font-weight: 400;\">Agora que conhecemos as situa\u00e7\u00f5es para a realiza\u00e7\u00e3o da pesquisa de pre\u00e7os e quais as ferramentas para aplica\u00e7\u00e3o de boas pr\u00e1ticas nesse procedimentos, apresentamos os modelos que auxiliam o Gestor:<\/span><\/h4><h5><b>Modelo de Relat\u00f3rio Anal\u00edtico de Pesquisa de Pre\u00e7os (RAPP) &#8211; Dispon\u00edvel no SEI!<\/b><b><\/b><\/h5><ul><li aria-level=\"1\"><b>INTRODU\u00c7\u00c3O<\/b><\/li><\/ul><p><span style=\"font-weight: 400;\">A introdu\u00e7\u00e3o \u00e9 um conte\u00fado importante do Relat\u00f3rio, uma vez que apresenta, direciona e contextualiza a leitura do leitor ao tema que ser\u00e1 desenvolvido ao longo do documento. Uma boa introdu\u00e7\u00e3o, assim como um bom relat\u00f3rio, deve ser simples, objetivo e visual. De modo a transportar o leitor ao que foi enfrentado e feito pelo Gestor.<\/span><\/p><ul><li><strong>MODELO\u00a0<\/strong><\/li><\/ul><p><span style=\"font-weight: 400;\">O presente Relat\u00f3rio Anal\u00edtico de Pesquisa de Pre\u00e7os tem por objetivo definir o valor de refer\u00eancia para este procedimento que trata sobre licita\u00e7\u00e3o, na modalidade <\/span><i><span style=\"font-weight: 400;\">xxxx <\/span><\/i><span style=\"font-weight: 400;\">, a ser julgado pelo <\/span><i><span style=\"font-weight: 400;\">xxxx <\/span><\/i><span style=\"font-weight: 400;\">, para a contrata\u00e7\u00e3o de <\/span><i><span style=\"font-weight: 400;\">xxxxx <\/span><\/i><span style=\"font-weight: 400;\">.\u00a0<\/span><\/p><p><span style=\"font-weight: 400;\">A pesquisa de pre\u00e7os fora realizada entre os dias <\/span><i><span style=\"font-weight: 400;\">xx\/xx\/20xx<\/span><\/i><span style=\"font-weight: 400;\"> e <\/span><i><span style=\"font-weight: 400;\">xx\/xx\/20xx <\/span><\/i><span style=\"font-weight: 400;\">, mediante consulta \u00e0s fontes diversificadas de pesquisa capazes de representar a realidade do mercado p\u00fablico. Nesta mesma linha, observa-se que os pre\u00e7os pesquisados e cotados apresentam condi\u00e7\u00f5es de oferta e de contrata\u00e7\u00e3o compat\u00edveis com as expressas no Termo de Refer\u00eancia (<\/span><i><span style=\"font-weight: 400;\">SEI n\u00ba xxxxxx<\/span><\/i><span style=\"font-weight: 400;\">).<\/span><\/p><ul><li aria-level=\"1\"><b>PAR\u00c2METROS DE PRE\u00c7OS<\/b><\/li><\/ul><p><span style=\"font-weight: 400;\">A pesquisa de pre\u00e7os para a aquisi\u00e7\u00e3o de bens ou contrata\u00e7\u00e3o de servi\u00e7os ser\u00e1 realizada mediante consulta \u00e0s fontes diversificadas que sejam capazes de representar a realidade do que \u00e9 praticado no mercado p\u00fablico.<\/span><\/p><p><span style=\"font-weight: 400;\">Neste item, dever\u00e3o ser discriminadas todas as fontes de pre\u00e7os utilizadas, de acordo com a legisla\u00e7\u00e3o vigente. Ainda, os par\u00e2metros previstos a seguir poder\u00e3o ser utilizados de forma combinada ou n\u00e3o, desde que a impossibilidade de n\u00e3o cumula\u00e7\u00e3o seja justificada.<\/span><\/p><p><span style=\"font-weight: 400;\">\u00c9 necess\u00e1ria, ainda, aten\u00e7\u00e3o especial aos par\u00e2metros estabelecidos nos <\/span><span style=\"font-weight: 400;\">itens 2.1 e 2.2 a seguir<\/span><span style=\"font-weight: 400;\">, esses dever\u00e3o ser utilizados de maneira obrigat\u00f3ria, onde, em caso de impossibilidade, ser\u00e1 necess\u00e1rio apresentar a sua\u00a0 justificativa nos autos, conforme \u00a7 1\u00ba, art. 29, do Decreto n\u00ba 48.816\/2023.\u00a0<\/span><\/p><p><span style=\"font-weight: 400;\">A pesquisa dever\u00e1 ser realizada observando os par\u00e2metros detalhados abaixo, por meio da utiliza\u00e7\u00e3o de uma mesma palavra-chave para ambos os websites consultados, tornando essa harmoniosa e coerente nos mesmos moldes de buscas:<\/span><\/p><p><i><span style=\"font-weight: 400;\">Exemplo: No caso da utiliza\u00e7\u00e3o da palavra-chave \u201cve\u00edculo\u201d em um Portal de busca, n\u00e3o ser\u00e1 adequado prosseguir com a utiliza\u00e7\u00e3o da palavra-chave \u201ccarro\u201d em outro Portal.\u00a0<\/span><\/i><\/p><p><span style=\"font-weight: 400;\">Al\u00e9m disso, <\/span><span style=\"font-weight: 400;\">a partir dos resultados localizados nos par\u00e2metros de buscas, dever\u00e3o ser informadas as contrata\u00e7\u00f5es que ir\u00e3o compor o mapa comparativo de pre\u00e7os que comp\u00f5e o Relat\u00f3rio Anal\u00edtico de Pesquisa de Pre\u00e7os &#8211; RAPP, bem como as que n\u00e3o poder\u00e3o ser utilizadas, acompanhadas de sua justificativa.\u00a0\u00a0<\/span><\/p><p><span style=\"font-weight: 400;\">A fim de evitar eventuais distor\u00e7\u00f5es, os respons\u00e1veis t\u00e9cnicos da pretensa contrata\u00e7\u00e3o ou compra dever\u00e3o atestar o pre\u00e7o e a descri\u00e7\u00e3o do item, tal como disposto no \u00a71\u00ba, do art. 28, do Decreto da Fase Preparat\u00f3ria.\u00a0<\/span><\/p><h5><b>2.1. Composi\u00e7\u00e3o de Custos Unit\u00e1rios Menores ou Iguais \u00e0 Mediana do Item Correspondente nos Sistemas Oficiais de Governo, como Pain\u00e9is de Pre\u00e7os ou Banco de Pre\u00e7os em Sa\u00fade, Observado o \u00cdndice de Atualiza\u00e7\u00e3o de Pre\u00e7os Correspondente;<\/b><\/h5><p><span style=\"font-weight: 400;\">Relatar a pesquisa de pre\u00e7os em portais de compras p\u00fablicas de entes, que pode ocorrer em todos os n\u00edveis federativos (portais de governos federais, estaduais e municipais).<\/span><\/p><h5><b>2.1.1.<\/b><span style=\"font-weight: 400;\"><a href=\"https:\/\/www.compras.rj.gov.br\/\"><strong> Portal de Compras do Estado do Rio de Janeiro<\/strong><\/a>\u00a0<\/span><\/h5><p><span style=\"font-weight: 400;\">Essa pesquisa de pre\u00e7os no Portal de Compras do ERJ deve ser operacionalizada com o c\u00f3digo de identifica\u00e7\u00e3o do item ou atrav\u00e9s de palavras-chave, em ambos os casos, devendo ser relatados neste documento.<\/span><\/p><h5><strong>2.1.1.1. Pre\u00e7os Homologados<\/strong><\/h5><h5><span style=\"font-weight: 400;\">Relatar a pesquisa de pre\u00e7os homologados em procedimentos licitat\u00f3rios pesquisados no Portal de Compras do ERJ.\u00a0 Esta op\u00e7\u00e3o exp\u00f5e para o usu\u00e1rio todos os valores constantes em processos e quais \u00f3rg\u00e3os adquiriram o mesmo item, baseado no c\u00f3digo do item do cat\u00e1logo de materiais e servi\u00e7os.<\/span><\/h5><h5><strong>2.1.1.2. Pre\u00e7os Registrados em Atas de Sistema de Registro de Pre\u00e7os<\/strong><\/h5><p><span style=\"font-weight: 400;\">Relatar a pesquisa de pre\u00e7os registrados utilizando-se o mesmo procedimento anterior no<strong><a href=\"http:\/\/www.compras.rj.gov.br\"> portal de compras do executivo estadual<\/a><\/strong> , na op\u00e7\u00e3o \u201cCOMPRAS P\u00daBLICAS\u201d e, em seguida, em \u201cATAS DE REGISTRO DE PRE\u00c7O\u201d.<\/span><\/p><h5><strong>2.1.1.3.<\/strong><span style=\"font-weight: 400;\"><strong> Contratos<\/strong>;<\/span><\/h5><p><span style=\"font-weight: 400;\">Para se observar os valores das contrata\u00e7\u00f5es em curso ou finalizadas no Executivo do ERJ deve-se acessar o portal de compras do ERJ (www.comrpas.rj.gov.br), selecionar a op\u00e7\u00e3o \u201cCONTRATOS\u201d. Neste ponto o sistema abrir\u00e1 uma tela de busca com diversos crit\u00e9rios. Realizar uma an\u00e1lise do Termo de Refer\u00eancia da contrata\u00e7\u00e3o para se observar a similaridade do objeto e relatar a pesquisa de pre\u00e7os em contratos registrados.<\/span><span style=\"font-weight: 400;\">\u00a0\u00a0<\/span><\/p><h5><strong>2.1.2. Portais de Compras do Governo Federal<\/strong><\/h5><p><span style=\"font-weight: 400;\">Relatar a pesquisa de pre\u00e7os realizada nos Portais de Compras do Governo Federal, a partir das palavras-chave, ou atrav\u00e9s do c\u00f3digo CATMAT ou CATSER, devendo ser relatados nesse documento.\u00a0<\/span><\/p><h5><a href=\"https:\/\/www.gov.br\/compras\/pt-br\/acesso-a-informacao\/consulta-detalhada\/consulta-detalhada\"><strong>2.1.2.1. <\/strong><\/a><span style=\"font-weight: 400;\"><strong><a href=\"https:\/\/www.gov.br\/compras\/pt-br\/acesso-a-informacao\/consulta-detalhada\/consulta-detalhada\">Compras Governamentais<\/a>;<\/strong> <\/span><\/h5><h5><strong><a href=\"https:\/\/paineldeprecos.planejamento.gov.br\/\">2.1.2.2. <\/a><\/strong><span style=\"font-weight: 400;\"><strong><a href=\"https:\/\/paineldeprecos.planejamento.gov.br\/\">Painel de Pre\u00e7os<\/a>;\u00a0<\/strong><\/span><\/h5><h5><strong>\u00a02.1.3. Outros Portais de Compras<\/strong><\/h5><p><span style=\"font-weight: 400;\">Relatar a pesquisa de pre\u00e7os registrados em outros portais de compras, sejam esses portais de entidades p\u00fablicas, privadas ou de economia mista.<\/span><\/p><p><span style=\"font-weight: 400;\">Essa pesquisa de pre\u00e7os em outros portais de compras deve ser operacionalizada atrav\u00e9s das palavras-chave <\/span><span style=\"font-weight: 400;\">informadas na inicial<\/span><span style=\"font-weight: 400;\">, devendo essas serem relatadas nesse documento.<\/span><\/p><p><i><span style=\"font-weight: 400;\">Exemplo: a pesquisa de pre\u00e7os no Portal 123ABC foi instrumentalizada atrav\u00e9s das seguintes palavras-chave: palavra-chave 1, palavra-chave 2, palavra-chave 3, palavra-chave 4 \u2026<\/span><\/i><\/p><p><span style=\"font-weight: 400;\">Segue abaixo a sugest\u00e3o de alguns Portais de Transpar\u00eancia que poder\u00e3o ser consultados, dentre outros:<\/span><\/p><h5><strong><a href=\"https:\/\/www.transparencia.sp.gov.br\/\">2.1.3.1.<\/a><\/strong><span style=\"font-weight: 400;\"><a href=\"https:\/\/www.transparencia.sp.gov.br\/\"><strong> Portal de Transpar\u00eancia do Estado de S\u00e3o Paulo;<\/strong><\/a>\u00a0<\/span><\/h5><h5><a href=\"https:\/\/www.transparencia.mg.gov.br\/licitacoes-e-contratos\"><strong>2.1.3.2. <\/strong><\/a><span style=\"font-weight: 400;\"><a href=\"https:\/\/www.transparencia.mg.gov.br\/licitacoes-e-contratos\"><strong>Portal de Transpar\u00eancia do Estado de Minas Gerais;<\/strong>\u00a0<\/a><\/span><\/h5><h5><strong><a href=\"https:\/\/transparencia.es.gov.br\/\">2.1.3.3. Portal de Transpar\u00eancia do Estado do Esp\u00edrito Santo;\u00a0<\/a><\/strong><\/h5><p><i><span style=\"font-weight: 400;\">Aten\u00e7\u00e3o: A defini\u00e7\u00e3o dos Portais de Compras a serem consultados na pesquisa de pre\u00e7os dever\u00e3o ser compat\u00edveis com a natureza do objeto pretendido. Caso o objeto pretendido possua varia\u00e7\u00e3o de pre\u00e7os em decorr\u00eancia da localiza\u00e7\u00e3o geogr\u00e1fica de sua execu\u00e7\u00e3o, ser\u00e1 necess\u00e1rio avaliar a pertin\u00eancia de proceder com a consulta \u00e0 Portais de Compras de Estados da regi\u00e3o Nordeste, por exemplo.\u00a0<\/span><\/i><\/p><p><i><span style=\"font-weight: 400;\">Esse julgamento dever\u00e1 ser realizado em todas as Pesquisas de Pre\u00e7os elaboradas, a partir da an\u00e1lise do objeto pretendido.\u00a0<\/span><\/i><\/p><p><i><span style=\"font-weight: 400;\">Ex: Contrata\u00e7\u00e3o de servi\u00e7os que possuam regulamenta\u00e7\u00f5es independentes em cada Estado brasileiro. Nessas situa\u00e7\u00f5es, a Pesquisa de Pre\u00e7os dever\u00e1 ser efetuada, preferencialmente, no \u00e2mbito do pr\u00f3prio Estado a fim de conseguir exemplificar as reais condi\u00e7\u00f5es de mercado.\u00a0<\/span><\/i><\/p><h4><b>2.2. Contrata\u00e7\u00f5es Similares Feitas pela Administra\u00e7\u00e3o P\u00fablica, em Execu\u00e7\u00e3o ou Conclu\u00eddas no Per\u00edodo de 1 (um) Ano Anterior \u00e0 Data da Conclus\u00e3o da Pesquisa de Pre\u00e7os, Inclusive Mediante Sistema de Registro de pre\u00e7os &#8211; SRP, Observado o \u00cdndice de Atualiza\u00e7\u00e3o de Pre\u00e7os Correspondente;<\/b><\/h4><h5><strong>2.2.1. Contratos pr\u00f3prios\u00a0<\/strong><\/h5><p><span style=\"font-weight: 400;\">Relatar a pesquisa de pre\u00e7os registrados em contratos do pr\u00f3prio \u00d3rg\u00e3o\/Entidade em que ocorre o procedimento.<\/span><\/p><p><span style=\"font-weight: 400;\">Na hip\u00f3tese da contrata\u00e7\u00e3o em an\u00e1lise ter sido conclu\u00edda no per\u00edodo superior de 1 (um) ano \u00e0 data de conclus\u00e3o da pesquisa de pre\u00e7os, dever\u00e1 ser observado o \u00edndice de atualiza\u00e7\u00e3o de pre\u00e7os correspondente.\u00a0<\/span><\/p><h5><strong>2.2.2. Contratos de outros \u00f3rg\u00e3os<\/strong><\/h5><p><span style=\"font-weight: 400;\">Relatar a pesquisa de pre\u00e7os registrados em contratos de outros \u00d3rg\u00e3os\/Entidades. N\u00e3o confundir com portais para n\u00e3o duplicar informa\u00e7\u00e3o.<\/span><\/p><p><span style=\"font-weight: 400;\">Na hip\u00f3tese da contrata\u00e7\u00e3o em an\u00e1lise ter sido conclu\u00edda no per\u00edodo superior de 1 (um) ano \u00e0 data de conclus\u00e3o da pesquisa de pre\u00e7os, dever\u00e1 ser observado o \u00edndice de atualiza\u00e7\u00e3o de pre\u00e7os correspondente.\u00a0<\/span><\/p><h4><b>2.3. Dados de Pesquisa Publicada em M\u00eddia Especializada, de Tabela de Refer\u00eancia Formalmente Aprovada pelo Poder P\u00fablico, e de S\u00edtios Eletr\u00f4nicos Especializados ou de Dom\u00ednio Amplo, Desde que Atualizados no Momento da Pesquisa e Compreendidos no Intervalo de At\u00e9 6 (seis) Meses de Anteced\u00eancia da Data de Divulga\u00e7\u00e3o do Edital, Contendo a Data e Hora de Acesso;<\/b><\/h4><h5><strong>2.3.1. Pre\u00e7os de Refer\u00eancia registrados nos CADTERC\/SP<\/strong><\/h5><p><span style=\"font-weight: 400;\">Relatar a pesquisa de pre\u00e7os de refer\u00eancia registrados nos Cadernos de Estudos T\u00e9cnicos de Servi\u00e7os Terceirizados (CadTerc) do Estado de S\u00e3o Paulo, a partir das palavras-chave, dispon\u00edveis no site <strong><a href=\"http:\/\/www.cadterc.sp.gov.br\">www.cadterc.sp.gov.br<\/a><\/strong>;<\/span><\/p><h5><strong>2.3.2. M\u00eddias ou S\u00edtios eletr\u00f4nicos especializados ou de dom\u00ednio amplo<\/strong><\/h5><p><span style=\"font-weight: 400;\">Relatar a pesquisa de pre\u00e7os registrados em s\u00edtios eletr\u00f4nicos especializados ou de dom\u00ednio amplo, ressalta-se que n\u00e3o poder\u00e3o ser utilizados s\u00edtios eletr\u00f4nicos de venda compartilhada, tamb\u00e9m conhecidos como marketplace.<\/span><\/p><h5><strong>2.3.3. Servi\u00e7os privados<\/strong><\/h5><p><span style=\"font-weight: 400;\">Relatar a pesquisa de pre\u00e7os em banco de dados sobre pre\u00e7os registrados de entidades privadas. Alguns servi\u00e7os disponibilizados na internet, gratuitos ou n\u00e3o, permitem uma facilidade na busca de pesquisas de pre\u00e7o. Cabe refor\u00e7ar o alerta sobre a necessidade de se observar a similaridade do Termo de Refer\u00eancia ou Projeto B\u00e1sico.<\/span><\/p><h4><b>2.4. Pesquisa com Fornecedores Mediante Solicita\u00e7\u00e3o Formal de Cota\u00e7\u00e3o, Observados os Par\u00e1grafos Deste Artigo, e Desde que N\u00e3o Tenham Sido Obtidos os Or\u00e7amentos com Mais de 6 (seis) Meses de Anteced\u00eancia da Data de Divulga\u00e7\u00e3o do Edital;<\/b><\/h4><h5><strong>2.4.1. Consulta a fornecedores via Sistema de Compras do Estado do Rio de Janeiro<\/strong><\/h5><p><span style=\"font-weight: 400;\">Dever\u00e1 ser realizada consulta aos fornecedores, via Sistema de Compras do Estado do Rio de Janeiro &#8211; SIGA, que possuam pertin\u00eancia tem\u00e1tica com o objeto pretendido.<\/span><\/p><p><span style=\"font-weight: 400;\">Para essa a\u00e7\u00e3o, dever\u00e1 ser observado o prazo de 05 (cinco) a 60 (sessenta) dias corridos, de acordo com a complexidade do objeto, para a elabora\u00e7\u00e3o da consulta aos fornecedores, sendo esse informado neste documento.\u00a0<\/span><\/p><h5><strong>2.4.2. Consulta a fornecedores via e-mail funcional ou of\u00edcio<\/strong><\/h5><p><span style=\"font-weight: 400;\">Relatar a pesquisa de pre\u00e7os por pedido de cota\u00e7\u00e3o enviados para empresas atrav\u00e9s de e-mail institucional ou por meio de of\u00edcio.<\/span><\/p><p><span style=\"font-weight: 400;\">Essa disposi\u00e7\u00e3o somente dever\u00e1 ser utilizada nas hip\u00f3teses em que n\u00e3o for poss\u00edvel obter propostas de pre\u00e7os atrav\u00e9s da consulta aos fornecedores realizada por interm\u00e9dio do Sistema SIGA.<\/span><\/p><p><span style=\"font-weight: 400;\">Os fornecedores consultados nessa situa\u00e7\u00e3o dever\u00e3o possuir pertin\u00eancia tem\u00e1tica entre o objeto a ser contratado e a atividade econ\u00f4mica explorada pelas mesmas, que poder\u00e1 ser aferida atrav\u00e9s:\u00a0<\/span><\/p><ul><li style=\"font-weight: 400;\" aria-level=\"1\"><span style=\"font-weight: 400;\">da atividade econ\u00f4mica registrada pelo fornecedor quando do seu cadastramento no Sistema de Cadastramento Unificado de Fornecedores (Sicaf);<\/span><\/li><\/ul><ul><li style=\"font-weight: 400;\" aria-level=\"1\"><span style=\"font-weight: 400;\">da demonstra\u00e7\u00e3o de fornecimentos anteriores, por meio de notas fiscais emitidas ou contratos assinados; ou<\/span><\/li><\/ul><ul><li style=\"font-weight: 400;\" aria-level=\"1\"><span style=\"font-weight: 400;\">da descri\u00e7\u00e3o da atividade econ\u00f4mica principal, conforme a Classifica\u00e7\u00e3o Nacional de Atividades Econ\u00f4micas &#8211; CNAE, por meio da apresenta\u00e7\u00e3o do Comprovante de Inscri\u00e7\u00e3o e de Situa\u00e7\u00e3o Cadastral, emitido pela Receita Federal do Brasil.<\/span><\/li><\/ul><p><span style=\"font-weight: 400;\">Importante destacar, que essas comprova\u00e7\u00f5es dever\u00e3o ser inclu\u00eddas na instru\u00e7\u00e3o processual.\u00a0<\/span><\/p><p><span style=\"font-weight: 400;\">Para fins de aceita\u00e7\u00e3o das cota\u00e7\u00f5es de pre\u00e7os recebidas nessas condi\u00e7\u00f5es, as mesmas dever\u00e3o conter:<\/span><\/p><ul><li style=\"font-weight: 400;\" aria-level=\"1\"><span style=\"font-weight: 400;\">descri\u00e7\u00e3o do objeto, valor unit\u00e1rio e total;<\/span><\/li><li style=\"font-weight: 400;\" aria-level=\"1\"><span style=\"font-weight: 400;\">n\u00famero do Cadastro de Pessoa F\u00edsica &#8211; CPF ou Cadastro Nacional de Pessoa Jur\u00eddica &#8211; CNPJ do fornecedor;<\/span><\/li><li style=\"font-weight: 400;\" aria-level=\"1\"><span style=\"font-weight: 400;\">endere\u00e7o f\u00edsico e eletr\u00f4nico e telefone de contato;<\/span><\/li><li style=\"font-weight: 400;\" aria-level=\"1\"><span style=\"font-weight: 400;\">nome completo e identifica\u00e7\u00e3o do representante, e, se for documento f\u00edsico, a assinatura; e\u00a0<\/span><\/li><li style=\"font-weight: 400;\" aria-level=\"1\"><span style=\"font-weight: 400;\">data de emiss\u00e3o e valida\u00e7\u00e3o da cota\u00e7\u00e3o.<\/span><\/li><\/ul><p><span style=\"font-weight: 400;\">Al\u00e9m das condi\u00e7\u00f5es acima citadas, outros cuidados dever\u00e3o ser tomados ao prosseguir com a aceita\u00e7\u00e3o das propostas recebidas:<\/span><\/p><ul><li style=\"font-weight: 400;\" aria-level=\"1\"><span style=\"font-weight: 400;\">resguardar o sigilo das propostas recebidas e abri-las simultaneamente ao final do prazo estipulado na forma da al\u00ednea &#8220;b&#8221; do \u00a7 4\u00ba do art. 29, do <a href=\"https:\/\/leisestaduais.com.br\/rj\/decreto-n-48816-2023-rio-de-janeiro-regulamenta-a-fase-preparatoria-das-contratacoes-de-que-trata-a-lei-no-14-133-de-1o-de-abril-de-2021-no-ambito-da-administracao-publica-estadual-direta-autarquica-e-fundacional?q=48816&amp;origin=instituicao#\"><strong>Decreto n\u00ba 48.816\/2023<\/strong><\/a>;<\/span><\/li><\/ul><ul><li style=\"font-weight: 400;\" aria-level=\"1\"><span style=\"font-weight: 400;\">demandar, sempre que poss\u00edvel, que as propostas sejam enviadas com assinatura digital, ou em formato de arquivo digital capaz de assegurar a inalterabilidade do conte\u00fado e da data e hor\u00e1rio em que foram gerados.<\/span><\/li><\/ul><p><span style=\"font-weight: 400;\">De posse da cota\u00e7\u00e3o recebida nos moldes informados, o servidor respons\u00e1vel pela pesquisa de pre\u00e7os dever\u00e1 proceder com o registro do fornecedor no sistema eletr\u00f4nico de contrata\u00e7\u00f5es, bem como as informa\u00e7\u00f5es relativas \u00e0 sua proposta.<\/span><\/p><p><i><span style=\"font-weight: 400;\">OBS: deve-se relatar todos os pedidos enviados, mesmo que n\u00e3o respondidos.<\/span><\/i><\/p><h4><b>2.5. Pesquisa na Base Nacional e\/ou Estadual de Notas Fiscais Eletr\u00f4nicas, Desde que a Data das Notas Fiscais Esteja Compreendida no Per\u00edodo de At\u00e9 1 (um) Ano Anterior \u00e0 Data de Divulga\u00e7\u00e3o do Edital, na Forma do Regulamento.<\/b><\/h4><p>\u00a0<\/p><ul><li aria-level=\"1\"><p><b>TRATAMENTO ESTAT\u00cdSTICO<\/b><\/p><\/li><\/ul><h4><b>3.1. Par\u00e2metros de Pesquisa de Pre\u00e7os Utilizados e os Eventualmente Frustrados<\/b><\/h4><p><span style=\"font-weight: 400;\">Dever\u00e1 ser inclu\u00edda uma tabela exemplificativa dos par\u00e2metros de pre\u00e7os a serem considerados no Mapa Comparativo de Pre\u00e7os dentre os localizados nesta Pesquisa de Pre\u00e7os.<\/span><\/p><h4><b>3.2. Avalia\u00e7\u00e3o Cr\u00edtica e Estat\u00edstica para Obten\u00e7\u00e3o do Pre\u00e7o de Refer\u00eancia<\/b><\/h4><p><span style=\"font-weight: 400;\">Para se alcan\u00e7ar a metodologia ideal para a obten\u00e7\u00e3o do pre\u00e7o de refer\u00eancia, \u00e9 necess\u00e1rio realizar uma an\u00e1lise dos pre\u00e7os coletados, se valendo da Planilha de Saneamento de Pre\u00e7os (anexo a este), como instrumento de aux\u00edlio.<\/span><\/p><p><span style=\"font-weight: 400;\">O pre\u00e7o de refer\u00eancia ser\u00e1 a m\u00e9dia dos pre\u00e7os coletados na pesquisa de mercado, caso os dados tenham baixa\/m\u00e9dia dispers\u00e3o (Coeficiente de Varia\u00e7\u00e3o abaixo de 25%). Se for observada alta dispers\u00e3o de pre\u00e7os da pesquisa (Coeficiente de Varia\u00e7\u00e3o acima de 25%), h\u00e1 ind\u00edcios de valores discrepantes (outliers). Logo, a estimativa do pre\u00e7o de refer\u00eancia dever\u00e1 ser a mediana.<\/span><\/p><p><span style=\"font-weight: 400;\">Obs: citar o Mapa Comparativo de Pre\u00e7os, contendo a mem\u00f3ria do c\u00e1lculo. Ele deve entrar como anexo do Relat\u00f3rio Anal\u00edtico.\u00a0<\/span><\/p><p><strong>a) Valores Discrepantes (Outliers)<\/strong><\/p><p><span style=\"font-weight: 400;\">Os outliers s\u00e3o observa\u00e7\u00f5es que se desviam significativamente da maioria das demais observa\u00e7\u00f5es. Possivelmente s\u00e3o gerados por um mecanismo diferente, dist\u00farbio\/degrada\u00e7\u00e3o do processo ou erro humano.<\/span><\/p><p><span style=\"font-weight: 400;\">N\u00e3o \u00e9 adequado fazer an\u00e1lise de dados quando estes est\u00e3o contaminados por outliers, pois podem conduzir a especifica\u00e7\u00f5es incorretas, estima\u00e7\u00e3o enviesada de par\u00e2metros (exemplo: pre\u00e7os de refer\u00eancia que n\u00e3o correspondem \u00e0 realidade e que resultar\u00e3o em fracasso do preg\u00e3o) e resultados incorretos para a an\u00e1lise.<\/span><\/p><p><span style=\"font-weight: 400;\">O uso da mediana resulta em uma melhor estimativa para o valor real quando estamos diante de um conjunto de dados afetado por outliers.<\/span><\/p><p><span style=\"font-weight: 400;\">Tradicionalmente, a m\u00e9dia e a vari\u00e2ncia amostrais de uma amostra fornecem uma boa estimativa da posi\u00e7\u00e3o e da dispers\u00e3o se os dados n\u00e3o est\u00e3o contaminados por outliers.<\/span><\/p>\t\t\t\t\t\t\t\t<\/div>\n\t\t\t\t<div class=\"elementor-element elementor-element-8ecd280 elementor-widget elementor-widget-heading\" data-id=\"8ecd280\" data-element_type=\"widget\" data-widget_type=\"heading.default\">\n\t\t\t\t\t<h5 class=\"elementor-heading-title elementor-size-default\">2.1.2. Portais de Compras do Governo Federal\n<\/h5>\t\t\t\t<\/div>\n\t\t\t\t<div class=\"elementor-element elementor-element-2013110 elementor-widget elementor-widget-text-editor\" data-id=\"2013110\" data-element_type=\"widget\" data-widget_type=\"text-editor.default\">\n\t\t\t\t\t\t\t\t\t<p><span style=\"font-weight: 400;\">Relatar a pesquisa de pre\u00e7os realizada nos Portais de Compras do Governo Federal, a partir das palavras-chaves informadas na inicial, ou atrav\u00e9s do c\u00f3digo CATMAT ou CATSER, devendo ser relatados nesse documento.\u00a0<\/span><\/p>\t\t\t\t\t\t\t\t<\/div>\n\t\t\t\t<div class=\"elementor-element elementor-element-f3c05c1 elementor-widget elementor-widget-heading\" data-id=\"f3c05c1\" data-element_type=\"widget\" data-widget_type=\"heading.default\">\n\t\t\t\t\t<h6 class=\"elementor-heading-title elementor-size-default\"><a href=\"https:\/\/www.gov.br\/compras\/pt-br\/acesso-a-informacao\/consulta-detalhada\/consulta-detalhada\">2.1.2.1. Compras Governamentais;<\/a><\/h6>\t\t\t\t<\/div>\n\t\t\t\t<div class=\"elementor-element elementor-element-f7fa677 elementor-widget elementor-widget-text-editor\" data-id=\"f7fa677\" data-element_type=\"widget\" data-widget_type=\"text-editor.default\">\n\t\t\t\t\t\t\t\t\t<p><strong><a href=\"https:\/\/www.gov.br\/compras\/pt-br\/acesso-a-informacao\/consulta-detalhada\/consulta-detalhada\">Acesse aqui!<\/a><\/strong><\/p>\t\t\t\t\t\t\t\t<\/div>\n\t\t\t\t<div class=\"elementor-element elementor-element-302ef1a elementor-widget elementor-widget-heading\" data-id=\"302ef1a\" data-element_type=\"widget\" data-widget_type=\"heading.default\">\n\t\t\t\t\t<h6 class=\"elementor-heading-title elementor-size-default\"><a href=\"https:\/\/paineldeprecos.planejamento.gov.br\/\">2.1.2.2. Painel de Pre\u00e7os;<\/a><\/h6>\t\t\t\t<\/div>\n\t\t\t\t<div class=\"elementor-element elementor-element-ee17a1b elementor-widget elementor-widget-text-editor\" data-id=\"ee17a1b\" data-element_type=\"widget\" data-widget_type=\"text-editor.default\">\n\t\t\t\t\t\t\t\t\t<p><strong><a href=\"https:\/\/paineldeprecos.planejamento.gov.br\/\">Acesse aqui!<\/a><\/strong><\/p>\t\t\t\t\t\t\t\t<\/div>\n\t\t\t\t<div class=\"elementor-element elementor-element-2b7267c elementor-widget elementor-widget-heading\" data-id=\"2b7267c\" data-element_type=\"widget\" data-widget_type=\"heading.default\">\n\t\t\t\t\t<h5 class=\"elementor-heading-title elementor-size-default\">2.1.3. Outros Portais de Compras<\/h5>\t\t\t\t<\/div>\n\t\t\t\t<div class=\"elementor-element elementor-element-c39d438 elementor-widget elementor-widget-text-editor\" data-id=\"c39d438\" data-element_type=\"widget\" data-widget_type=\"text-editor.default\">\n\t\t\t\t\t\t\t\t\t<p><span style=\"font-weight: 400;\">Relatar a pesquisa de pre\u00e7os registrados em outros portais de compras, sejam esses portais de entidades p\u00fablicas, privadas ou de economia mista.<\/span><\/p><p><span style=\"font-weight: 400;\">Essa pesquisa de pre\u00e7os em outros portais de compras deve ser operacionalizada atrav\u00e9s das palavras-chaves informadas na inicial, devendo essas serem relatadas nesse documento.<\/span><\/p><p><i><span style=\"font-weight: 400;\">Exemplo: a pesquisa de pre\u00e7os no Portal 123ABC foi instrumentalizada atrav\u00e9s das seguintes palavras chaves: palavra-chave 1, palavra-chave 2, palavra-chave 3, palavra-chave 4 \u2026<\/span><\/i><\/p><p><span style=\"font-weight: 400;\">Segue abaixo a sugest\u00e3o de alguns Portais de Transpar\u00eancia que poder\u00e3o ser consultados, dentre outros:<\/span><\/p>\t\t\t\t\t\t\t\t<\/div>\n\t\t\t\t<div class=\"elementor-element elementor-element-7555115 elementor-widget elementor-widget-heading\" data-id=\"7555115\" data-element_type=\"widget\" data-widget_type=\"heading.default\">\n\t\t\t\t\t<h6 class=\"elementor-heading-title elementor-size-default\"><a href=\"https:\/\/www.transparencia.sp.gov.br\/\">2.1.3.1. Portal de Transpar\u00eancia do Estado de S\u00e3o Paulo;<\/a><\/h6>\t\t\t\t<\/div>\n\t\t\t\t<div class=\"elementor-element elementor-element-103767f elementor-widget elementor-widget-text-editor\" data-id=\"103767f\" data-element_type=\"widget\" data-widget_type=\"text-editor.default\">\n\t\t\t\t\t\t\t\t\t<p><strong><a href=\"https:\/\/www.transparencia.sp.gov.br\/\">Acesse aqui!\u00a0<\/a><\/strong><\/p>\t\t\t\t\t\t\t\t<\/div>\n\t\t\t\t<div class=\"elementor-element elementor-element-80e12da elementor-widget elementor-widget-heading\" data-id=\"80e12da\" data-element_type=\"widget\" data-widget_type=\"heading.default\">\n\t\t\t\t\t<h6 class=\"elementor-heading-title elementor-size-default\"><a href=\"https:\/\/www.transparencia.mg.gov.br\/licitacoes-e-contratos\">2.1.3.2. Portal de Transpar\u00eancia do Estado de Minas Gerais;<\/a><\/h6>\t\t\t\t<\/div>\n\t\t\t\t<div class=\"elementor-element elementor-element-fc11cdf elementor-widget elementor-widget-text-editor\" data-id=\"fc11cdf\" data-element_type=\"widget\" data-widget_type=\"text-editor.default\">\n\t\t\t\t\t\t\t\t\t<p><strong><a href=\"https:\/\/www.transparencia.mg.gov.br\/licitacoes-e-contratos\">Acesse aqui!<\/a><\/strong><\/p>\t\t\t\t\t\t\t\t<\/div>\n\t\t\t\t<div class=\"elementor-element elementor-element-8037fd9 elementor-widget elementor-widget-heading\" data-id=\"8037fd9\" data-element_type=\"widget\" data-widget_type=\"heading.default\">\n\t\t\t\t\t<h6 class=\"elementor-heading-title elementor-size-default\"><a href=\"https:\/\/transparencia.es.gov.br\/\">2.1.3.3. Portal de Transpar\u00eancia do Estado do Esp\u00edrito Santo;<\/a><\/h6>\t\t\t\t<\/div>\n\t\t\t\t<div class=\"elementor-element elementor-element-d4ec857 elementor-widget elementor-widget-text-editor\" data-id=\"d4ec857\" data-element_type=\"widget\" data-widget_type=\"text-editor.default\">\n\t\t\t\t\t\t\t\t\t<p><strong><a href=\"https:\/\/transparencia.es.gov.br\/\">Acesse aqui!<\/a><\/strong><\/p>\t\t\t\t\t\t\t\t<\/div>\n\t\t\t\t<div class=\"elementor-element elementor-element-617fe54 elementor-widget elementor-widget-text-editor\" data-id=\"617fe54\" data-element_type=\"widget\" data-widget_type=\"text-editor.default\">\n\t\t\t\t\t\t\t\t\t<p><em><strong>OBS:<\/strong> A defini\u00e7\u00e3o dos Portais de Compras a serem consultados na pesquisa de pre\u00e7os dever\u00e3o ser compat\u00edveis com a natureza do objeto pretendido. Caso o objeto pretendido possua varia\u00e7\u00e3o de pre\u00e7os em decorr\u00eancia da localiza\u00e7\u00e3o geogr\u00e1fica de sua execu\u00e7\u00e3o, ser\u00e1 necess\u00e1rio avaliar a pertin\u00eancia de proceder com a consulta \u00e0 Portais de Compras de Estados da regi\u00e3o Nordeste, por exemplo.\u00a0<\/em><\/p><p><em>Esse julgamento dever\u00e1 ser realizado em todas as Pesquisas de Pre\u00e7os elaboradas, a partir da an\u00e1lise do objeto pretendido.\u00a0<\/em><\/p><p><em>Ex: Contrata\u00e7\u00e3o de servi\u00e7os que possuam regulamenta\u00e7\u00f5es independentes em cada Estado brasileiro. Nessas situa\u00e7\u00f5es, a Pesquisa de Pre\u00e7os dever\u00e1 ser efetuada, preferencialmente, no \u00e2mbito do pr\u00f3prio Estado a fim de conseguir exemplificar as reais condi\u00e7\u00f5es de mercado.\u00a0<\/em><\/p>\t\t\t\t\t\t\t\t<\/div>\n\t\t\t\t<div class=\"elementor-element elementor-element-1f79629 elementor-widget elementor-widget-heading\" data-id=\"1f79629\" data-element_type=\"widget\" data-widget_type=\"heading.default\">\n\t\t\t\t\t<h4 class=\"elementor-heading-title elementor-size-default\">2.2. Contrata\u00e7\u00f5es Similares Feitas pela Administra\u00e7\u00e3o P\u00fablica, em Execu\u00e7\u00e3o ou Conclu\u00eddas no Per\u00edodo de 1 (um) Ano Anterior \u00e0 Data da Conclus\u00e3o da Pesquisa de Pre\u00e7os, Inclusive Mediante Sistema de Registro de Pre\u00e7os - SRP, Observado o \u00cdndice de Atualiza\u00e7\u00e3o de Pre\u00e7os Correspondente;\n<\/h4>\t\t\t\t<\/div>\n\t\t\t\t<div class=\"elementor-element elementor-element-f2e24a1 elementor-widget elementor-widget-heading\" data-id=\"f2e24a1\" data-element_type=\"widget\" data-widget_type=\"heading.default\">\n\t\t\t\t\t<h5 class=\"elementor-heading-title elementor-size-default\">2.2.1. Contratos Pr\u00f3prios <\/h5>\t\t\t\t<\/div>\n\t\t\t\t<div class=\"elementor-element elementor-element-c5aed8d elementor-widget elementor-widget-text-editor\" data-id=\"c5aed8d\" data-element_type=\"widget\" data-widget_type=\"text-editor.default\">\n\t\t\t\t\t\t\t\t\t<p><span style=\"font-weight: 400;\">Relatar a pesquisa de pre\u00e7os registrados em contratos do pr\u00f3prio \u00d3rg\u00e3o\/Entidade em que corre o procedimento.<\/span><\/p><p><span style=\"font-weight: 400;\">Na hip\u00f3tese da contrata\u00e7\u00e3o em an\u00e1lise ter sido conclu\u00edda no per\u00edodo superior de 1 (um) ano \u00e0 data de conclus\u00e3o da pesquisa de pre\u00e7os, dever\u00e1 ser observado o \u00edndice de atualiza\u00e7\u00e3o de pre\u00e7os correspondente.\u00a0<\/span><\/p>\t\t\t\t\t\t\t\t<\/div>\n\t\t\t\t<div class=\"elementor-element elementor-element-607950e elementor-widget elementor-widget-heading\" data-id=\"607950e\" data-element_type=\"widget\" data-widget_type=\"heading.default\">\n\t\t\t\t\t<h5 class=\"elementor-heading-title elementor-size-default\">2.2.2. Contratos de outros \u00d3rg\u00e3os\n<\/h5>\t\t\t\t<\/div>\n\t\t\t\t<div class=\"elementor-element elementor-element-94bd494 elementor-widget elementor-widget-text-editor\" data-id=\"94bd494\" data-element_type=\"widget\" data-widget_type=\"text-editor.default\">\n\t\t\t\t\t\t\t\t\t<p><span style=\"font-weight: 400;\">Relatar a pesquisa de pre\u00e7os registrados em contratos de outros \u00d3rg\u00e3os\/Entidades. N\u00e3o confundir com portais para n\u00e3o duplicar informa\u00e7\u00e3o.<\/span><\/p><p><span style=\"font-weight: 400;\">Na hip\u00f3tese da contrata\u00e7\u00e3o em an\u00e1lise ter sido conclu\u00edda no per\u00edodo superior de 1 (um) ano \u00e0 data de conclus\u00e3o da pesquisa de pre\u00e7os, dever\u00e1 ser observado o \u00edndice de atualiza\u00e7\u00e3o de pre\u00e7os correspondente.\u00a0<\/span><\/p>\t\t\t\t\t\t\t\t<\/div>\n\t\t\t\t<div class=\"elementor-element elementor-element-e64b475 elementor-widget elementor-widget-heading\" data-id=\"e64b475\" data-element_type=\"widget\" data-widget_type=\"heading.default\">\n\t\t\t\t\t<h4 class=\"elementor-heading-title elementor-size-default\">2.3. Dados de Pesquisa Publicada em M\u00eddia Especializada, de Tabela de Refer\u00eancia Formalmente Aprovada pelo Poder P\u00fablico, e de S\u00edtios Eletr\u00f4nicos Especializados ou de Dom\u00ednio Amplo, Desde que Atualizados no Momento da Pesquisa e Compreendidos no Intervalo de at\u00e9 6 (seis) Meses de Anteced\u00eancia da Data de Divulga\u00e7\u00e3o do Edital, Contendo a Data e Hora de Acesso;<\/h4>\t\t\t\t<\/div>\n\t\t\t\t<div class=\"elementor-element elementor-element-32e6478 elementor-widget elementor-widget-heading\" data-id=\"32e6478\" data-element_type=\"widget\" data-widget_type=\"heading.default\">\n\t\t\t\t\t<h5 class=\"elementor-heading-title elementor-size-default\">2.3.1. Pre\u00e7os de Refer\u00eancia Registrados nos CADTERC\/SP<\/h5>\t\t\t\t<\/div>\n\t\t\t\t<div class=\"elementor-element elementor-element-1fdec72 elementor-widget elementor-widget-text-editor\" data-id=\"1fdec72\" data-element_type=\"widget\" data-widget_type=\"text-editor.default\">\n\t\t\t\t\t\t\t\t\t<p><span style=\"font-weight: 400;\">Relatar a pesquisa de pre\u00e7os de refer\u00eancia registrados nos Cadernos de Estudos T\u00e9cnicos de Servi\u00e7os Terceirizados (CadTerc) do Estado de S\u00e3o Paulo, a partir das palavras-chaves informadas na inicial, dispon\u00edveis no site <\/span><strong><a href=\"http:\/\/www.cadterc.sp.gov.br\/\">www.cadterc.sp.gov.br<\/a>;<\/strong><\/p>\t\t\t\t\t\t\t\t<\/div>\n\t\t\t\t<div class=\"elementor-element elementor-element-16e3af0 elementor-widget elementor-widget-heading\" data-id=\"16e3af0\" data-element_type=\"widget\" data-widget_type=\"heading.default\">\n\t\t\t\t\t<h5 class=\"elementor-heading-title elementor-size-default\">2.3.2. Pre\u00e7os de Refer\u00eancia Registrados nos Cadernos Log\u00edsticos do Governo Federal\n<\/h5>\t\t\t\t<\/div>\n\t\t\t\t<div class=\"elementor-element elementor-element-092bf47 elementor-widget elementor-widget-text-editor\" data-id=\"092bf47\" data-element_type=\"widget\" data-widget_type=\"text-editor.default\">\n\t\t\t\t\t\t\t\t\t<p><span style=\"font-weight: 400;\">Relatar a pesquisa de pre\u00e7os de refer\u00eancia registrados nos cadernos log\u00edsticos do Governo Federal, que ficam dispon\u00edveis no endere\u00e7o eletr\u00f4nico <\/span><strong><a href=\"https:\/\/www.comprasgovernamentais.gov.br\/index.php\/cadernos\">https:\/\/www.comprasgovernamentais.gov.br\/index.php\/cadernos<\/a>.<\/strong><\/p>\t\t\t\t\t\t\t\t<\/div>\n\t\t\t\t<div class=\"elementor-element elementor-element-3dbc43f elementor-widget elementor-widget-heading\" data-id=\"3dbc43f\" data-element_type=\"widget\" data-widget_type=\"heading.default\">\n\t\t\t\t\t<h5 class=\"elementor-heading-title elementor-size-default\">2.3.3. Banco de Pre\u00e7os TCE\/RJ - FGV\n<\/h5>\t\t\t\t<\/div>\n\t\t\t\t<div class=\"elementor-element elementor-element-1b83411 elementor-widget elementor-widget-text-editor\" data-id=\"1b83411\" data-element_type=\"widget\" data-widget_type=\"text-editor.default\">\n\t\t\t\t\t\t\t\t\t<p><span style=\"font-weight: 400;\">Relatar a pesquisa de pre\u00e7os registrados no banco de dados sobre pre\u00e7os do TCE\/RJ, mantido pela FGV. Este banco de pre\u00e7os tamb\u00e9m permite a an\u00e1lise dos valores por regi\u00e3o do ERJ com atualiza\u00e7\u00e3o mensal e pode ser encontrado em <\/span><strong><a href=\"https:\/\/www14.fgv.br\/tcerj\/cc01w100.asp?u=TCER&amp;s=TCE&amp;a=1\">https:\/\/www14.fgv.br\/tcerj\/cc01w100.asp?u=TCER&amp;s=TCE&amp;a=1<\/a>.<\/strong><\/p>\t\t\t\t\t\t\t\t<\/div>\n\t\t\t\t<div class=\"elementor-element elementor-element-4c76cd8 elementor-widget elementor-widget-heading\" data-id=\"4c76cd8\" data-element_type=\"widget\" data-widget_type=\"heading.default\">\n\t\t\t\t\t<h5 class=\"elementor-heading-title elementor-size-default\">2.3.4. Tabelas Referenciais de Pre\u00e7os TCM\/FGV\/MRJ<\/h5>\t\t\t\t<\/div>\n\t\t\t\t<div class=\"elementor-element elementor-element-d6c50fc elementor-widget elementor-widget-text-editor\" data-id=\"d6c50fc\" data-element_type=\"widget\" data-widget_type=\"text-editor.default\">\n\t\t\t\t\t\t\t\t\t<p><span style=\"font-weight: 400;\">Relatar a pesquisa de pre\u00e7os de refer\u00eancia registrados nas Tabelas Refer\u00eancias de Pre\u00e7os mantidas pelo TCM\/FGV\/MRJ.<\/span><\/p><p><span style=\"font-weight: 400;\">As Tabelas Referenciais do munic\u00edpio do Rio de Janeiro \u00e9 o resultado de uma parceria entre a FGV, a Controladoria do Munic\u00edpio e a prefeitura. S\u00e3o disponibilizados pre\u00e7os de servi\u00e7os e materiais com atualiza\u00e7\u00e3o quinzenal, que podem ser encontrados em <\/span><strong><a href=\"http:\/\/www.rio.rj.gov.br\/web\/cgm\/tabelas\">http:\/\/www.rio.rj.gov.br\/web\/cgm\/tabelas<\/a>.<\/strong><\/p>\t\t\t\t\t\t\t\t<\/div>\n\t\t\t\t<div class=\"elementor-element elementor-element-4d8d6b0 elementor-widget elementor-widget-heading\" data-id=\"4d8d6b0\" data-element_type=\"widget\" data-widget_type=\"heading.default\">\n\t\t\t\t\t<h5 class=\"elementor-heading-title elementor-size-default\">2.3.5. M\u00eddias ou S\u00edtios Eletr\u00f4nicos Especializados ou de Dom\u00ednio Amplo\n<\/h5>\t\t\t\t<\/div>\n\t\t\t\t<div class=\"elementor-element elementor-element-952ca0d elementor-widget elementor-widget-text-editor\" data-id=\"952ca0d\" data-element_type=\"widget\" data-widget_type=\"text-editor.default\">\n\t\t\t\t\t\t\t\t\t<p><span style=\"font-weight: 400;\">Relatar a pesquisa de pre\u00e7os registrados em s\u00edtios eletr\u00f4nicos especializados ou de dom\u00ednio amplo, ressalta-se que n\u00e3o poder\u00e3o ser utilizados s\u00edtio eletr\u00f4nicos de venda compartilhada, tamb\u00e9m conhecidos como marketplace.<\/span><\/p>\t\t\t\t\t\t\t\t<\/div>\n\t\t\t\t<div class=\"elementor-element elementor-element-c39ae28 elementor-widget elementor-widget-heading\" data-id=\"c39ae28\" data-element_type=\"widget\" data-widget_type=\"heading.default\">\n\t\t\t\t\t<h5 class=\"elementor-heading-title elementor-size-default\">2.3.6. Servi\u00e7os Privados<\/h5>\t\t\t\t<\/div>\n\t\t\t\t<div class=\"elementor-element elementor-element-c452739 elementor-widget elementor-widget-text-editor\" data-id=\"c452739\" data-element_type=\"widget\" data-widget_type=\"text-editor.default\">\n\t\t\t\t\t\t\t\t\t<p><span style=\"font-weight: 400;\">Relatar a pesquisa de pre\u00e7os em banco de dados sobre pre\u00e7os registrados de entidades privadas. Alguns servi\u00e7os disponibilizados na internet, gratuitos ou n\u00e3o, permitem uma facilidade na busca de pesquisas de pre\u00e7o. Cabe refor\u00e7ar o alerta sobre a necessidade de se observar a similaridade do Termo de Refer\u00eancia ou Projeto B\u00e1sico.<\/span><\/p>\t\t\t\t\t\t\t\t<\/div>\n\t\t\t\t<div class=\"elementor-element elementor-element-6a23540 elementor-widget elementor-widget-heading\" data-id=\"6a23540\" data-element_type=\"widget\" data-widget_type=\"heading.default\">\n\t\t\t\t\t<h4 class=\"elementor-heading-title elementor-size-default\">2.4. Pesquisa com Fornecedores Mediante Solicita\u00e7\u00e3o Formal de Cota\u00e7\u00e3o, Observados os Par\u00e1grafos deste Artigo, e desde que N\u00e3o Tenham sido Obtidos os Or\u00e7amentos com mais de 6 (seis) Meses de Anteced\u00eancia da Data de Divulga\u00e7\u00e3o do Edital;\n<\/h4>\t\t\t\t<\/div>\n\t\t\t\t<div class=\"elementor-element elementor-element-df2caae elementor-widget elementor-widget-heading\" data-id=\"df2caae\" data-element_type=\"widget\" data-widget_type=\"heading.default\">\n\t\t\t\t\t<h5 class=\"elementor-heading-title elementor-size-default\">2.4.1. Consulta a Fornecedores via Sistema de Compras do Estado do Rio de Janeiro\n<\/h5>\t\t\t\t<\/div>\n\t\t\t\t<div class=\"elementor-element elementor-element-a910def elementor-widget elementor-widget-text-editor\" data-id=\"a910def\" data-element_type=\"widget\" data-widget_type=\"text-editor.default\">\n\t\t\t\t\t\t\t\t\t<p><span style=\"font-weight: 400;\">Dever\u00e1 ser realizada consulta aos fornecedores, via Sistema de Compras do Estado do Rio de Janeiro &#8211; SIGA, que possuam pertin\u00eancia tem\u00e1tica com o objeto pretendido.<\/span><\/p><p><span style=\"font-weight: 400;\">Para essa a\u00e7\u00e3o, dever\u00e1 ser observado o prazo de 05 (cinco) a 60 (sessenta) dias corridos, de acordo com a complexidade do objeto, para a elabora\u00e7\u00e3o da consulta aos fornecedores, sendo esse informado neste documento. <\/span><\/p>\t\t\t\t\t\t\t\t<\/div>\n\t\t\t\t<div class=\"elementor-element elementor-element-1f038aa elementor-widget elementor-widget-heading\" data-id=\"1f038aa\" data-element_type=\"widget\" data-widget_type=\"heading.default\">\n\t\t\t\t\t<h5 class=\"elementor-heading-title elementor-size-default\">2.4.2. Consulta a Fornecedores via E-mail Funcional ou Of\u00edcio<\/h5>\t\t\t\t<\/div>\n\t\t\t\t<div class=\"elementor-element elementor-element-1d177cb elementor-widget elementor-widget-text-editor\" data-id=\"1d177cb\" data-element_type=\"widget\" data-widget_type=\"text-editor.default\">\n\t\t\t\t\t\t\t\t\t<p><span style=\"font-weight: 400;\">Relatar a pesquisa de pre\u00e7os por pedido de cota\u00e7\u00e3o enviados para empresas atrav\u00e9s de e-mail institucional ou por meio de of\u00edcio.<\/span><\/p><p><span style=\"font-weight: 400;\">Essa disposi\u00e7\u00e3o somente dever\u00e1 ser utilizada nas hip\u00f3teses em que n\u00e3o for poss\u00edvel obter propostas de pre\u00e7os atrav\u00e9s da consulta aos fornecedores realizada por interm\u00e9dio do Sistema SIGA.<\/span><\/p><p><span style=\"font-weight: 400;\">Os fornecedores consultados nessa situa\u00e7\u00e3o dever\u00e3o possuir pertin\u00eancia tem\u00e1tica entre o objeto a ser contratado e a atividade econ\u00f4mica explorada pelas mesmas, que poder\u00e1 ser aferida atrav\u00e9s:\u00a0<\/span><\/p><ul><li style=\"font-weight: 400;\" aria-level=\"1\"><span style=\"font-weight: 400;\">da atividade econ\u00f4mica registrada pelo fornecedor quando do seu cadastramento no Sistema de Cadastramento Unificado de Fornecedores (Sicaf);<\/span><\/li><\/ul><ul><li style=\"font-weight: 400;\" aria-level=\"1\"><span style=\"font-weight: 400;\">da demonstra\u00e7\u00e3o de fornecimentos anteriores, por meio de notas fiscais emitidas ou contratos assinados; ou<\/span><\/li><\/ul><ul><li style=\"font-weight: 400;\" aria-level=\"1\"><span style=\"font-weight: 400;\">da descri\u00e7\u00e3o da atividade econ\u00f4mica principal, conforme a Classifica\u00e7\u00e3o Nacional de Atividades Econ\u00f4micas &#8211; CNAE, por meio da apresenta\u00e7\u00e3o do Comprovante de Inscri\u00e7\u00e3o e de Situa\u00e7\u00e3o Cadastral, emitido pela Receita Federal do Brasil.<\/span><\/li><\/ul><p>Importante destacar, que essas comprova\u00e7\u00f5es dever\u00e3o ser inclu\u00eddas na instru\u00e7\u00e3o processual.\u00a0<\/p><p><span style=\"font-weight: 400;\">Para fins de aceita\u00e7\u00e3o das cota\u00e7\u00f5es de pre\u00e7os recebidas nessas condi\u00e7\u00f5es, as mesmas dever\u00e3o conter:<\/span><\/p><ul><li style=\"font-weight: 400;\" aria-level=\"1\"><span style=\"font-weight: 400;\">descri\u00e7\u00e3o do objeto, valor unit\u00e1rio e total;<\/span><\/li><li style=\"font-weight: 400;\" aria-level=\"1\"><span style=\"font-weight: 400;\">n\u00famero do Cadastro de Pessoa F\u00edsica &#8211; CPF ou Cadastro Nacional de Pessoa Jur\u00eddica &#8211; CNPJ do fornecedor;<\/span><\/li><li style=\"font-weight: 400;\" aria-level=\"1\"><span style=\"font-weight: 400;\">endere\u00e7o f\u00edsico e eletr\u00f4nico e telefone de contato;<\/span><\/li><li style=\"font-weight: 400;\" aria-level=\"1\"><span style=\"font-weight: 400;\">nome completo e identifica\u00e7\u00e3o do representante, e, se for documento f\u00edsico, a assinatura; e\u00a0<\/span><\/li><li style=\"font-weight: 400;\" aria-level=\"1\"><span style=\"font-weight: 400;\">data de emiss\u00e3o e valida\u00e7\u00e3o da cota\u00e7\u00e3o.<\/span><\/li><\/ul><p><span style=\"font-weight: 400;\">Al\u00e9m das condi\u00e7\u00f5es acima citadas, outros cuidados dever\u00e3o ser tomados ao prosseguir com a aceita\u00e7\u00e3o das propostas recebidas:<\/span><\/p><ul><li style=\"font-weight: 400;\" aria-level=\"1\"><span style=\"font-weight: 400;\">resguardar o sigilo das propostas recebidas e abri-las simultaneamente ao final do prazo estipulado na forma da al\u00ednea &#8220;b&#8221; do \u00a7 4\u00ba do art. 29, do Decreto n\u00ba 48.816\/2023;<\/span><\/li><\/ul><ul><li style=\"font-weight: 400;\" aria-level=\"1\"><span style=\"font-weight: 400;\">demandar, sempre que poss\u00edvel, que as propostas sejam enviadas com assinatura digital, ou em formato de arquivo digital capaz de assegurar a inalterabilidade do conte\u00fado e da data e hor\u00e1rio em que foram gerados.<\/span><\/li><\/ul><p><span style=\"font-weight: 400;\">De posse da cota\u00e7\u00e3o recebida nos moldes informados, o servidor respons\u00e1vel pela pesquisa de pre\u00e7os dever\u00e1 <\/span><strong>proceder com o registro <\/strong><span style=\"font-weight: 400;\">do fornecedor no sistema eletr\u00f4nico de contrata\u00e7\u00f5es, bem como as informa\u00e7\u00f5es relativas \u00e0 sua proposta.<\/span><\/p><p><i><span style=\"font-weight: 400;\"><strong>OBS:<\/strong> deve-se relatar todos os pedidos enviados, mesmo que n\u00e3o respondidos.<\/span><\/i><\/p>\t\t\t\t\t\t\t\t<\/div>\n\t\t\t\t<div class=\"elementor-element elementor-element-7e53da7 elementor-widget elementor-widget-heading\" data-id=\"7e53da7\" data-element_type=\"widget\" data-widget_type=\"heading.default\">\n\t\t\t\t\t<h4 class=\"elementor-heading-title elementor-size-default\">\n2.5. Pesquisa na Base Nacional e\/ou Estadual de Notas Fiscais Eletr\u00f4nicas, Desde que a Data das Notas Fiscais Esteja Compreendida no Per\u00edodo de at\u00e9 1 (um) Ano Anterior \u00e0 Data de Divulga\u00e7\u00e3o do Edital, na Forma do Regulamento.\n<\/h4>\t\t\t\t<\/div>\n\t\t\t\t<div class=\"elementor-element elementor-element-ebe9da7 elementor-widget elementor-widget-text-editor\" data-id=\"ebe9da7\" data-element_type=\"widget\" data-widget_type=\"text-editor.default\">\n\t\t\t\t\t\t\t\t\t<p><strong>Poder\u00e1 ser utilizada Notas Fiscais emitidas para outros contratantes, desde que seja poss\u00edvel aferir a compatibilidade com o objeto pretendido e, a data de emiss\u00e3o da mesma seja de no m\u00e1ximo at\u00e9 1 (um) ano anterior \u00e0 data da contrata\u00e7\u00e3o.\u00a0<\/strong><\/p><p><strong>Ressalta-se a impossibilidade da utiliza\u00e7\u00e3o de Notas Fiscais de fornecimento ao pr\u00f3prio \u00f3rg\u00e3o p\u00fablico que almeja a contrata\u00e7\u00e3o, em aten\u00e7\u00e3o ao considerado no art. 36, do Decreto n\u00ba 48.816\/2023. <\/strong><\/p>\t\t\t\t\t\t\t\t<\/div>\n\t\t\t\t<div class=\"elementor-element elementor-element-a4b0a61 elementor-widget elementor-widget-heading\" data-id=\"a4b0a61\" data-element_type=\"widget\" data-widget_type=\"heading.default\">\n\t\t\t\t\t<h4 class=\"elementor-heading-title elementor-size-default\">3. Tratamento Est\u00e9tico<\/h4>\t\t\t\t<\/div>\n\t\t\t\t<div class=\"elementor-element elementor-element-6dda005 elementor-widget elementor-widget-heading\" data-id=\"6dda005\" data-element_type=\"widget\" data-widget_type=\"heading.default\">\n\t\t\t\t\t<h4 class=\"elementor-heading-title elementor-size-default\">3.1. Par\u00e2metros de Pesquisa de Pre\u00e7os Utilizados e os Eventualmente Frustrados<\/h4>\t\t\t\t<\/div>\n\t\t\t\t<div class=\"elementor-element elementor-element-e5a3327 elementor-widget elementor-widget-text-editor\" data-id=\"e5a3327\" data-element_type=\"widget\" data-widget_type=\"text-editor.default\">\n\t\t\t\t\t\t\t\t\t<p><span style=\"font-weight: 400;\">Dever\u00e1 ser inclu\u00edda uma tabela exemplificativa dos par\u00e2metros de pre\u00e7os a serem considerados no Mapa Comparativo de Pre\u00e7os dentre os localizados nesta Pesquisa de Pre\u00e7os.<\/span><\/p>\t\t\t\t\t\t\t\t<\/div>\n\t\t\t\t<div class=\"elementor-element elementor-element-be9860d elementor-widget elementor-widget-heading\" data-id=\"be9860d\" data-element_type=\"widget\" data-widget_type=\"heading.default\">\n\t\t\t\t\t<h4 class=\"elementor-heading-title elementor-size-default\">3.2. Avalia\u00e7\u00e3o Cr\u00edtica e Estat\u00edstica para Obten\u00e7\u00e3o do Pre\u00e7o de Refer\u00eancia<\/h4>\t\t\t\t<\/div>\n\t\t\t\t<div class=\"elementor-element elementor-element-8560c8c elementor-widget elementor-widget-text-editor\" data-id=\"8560c8c\" data-element_type=\"widget\" data-widget_type=\"text-editor.default\">\n\t\t\t\t\t\t\t\t\t<p><span style=\"font-weight: 400;\">Para se alcan\u00e7ar a metodologia ideal para a obten\u00e7\u00e3o do pre\u00e7o de refer\u00eancia, \u00e9 necess\u00e1rio realizar uma an\u00e1lise dos pre\u00e7os coletados, se valendo da Planilha de Saneamento de Pre\u00e7os (anexo a este), como instrumento de aux\u00edlio.<\/span><\/p><p><span style=\"font-weight: 400;\">O pre\u00e7o de refer\u00eancia ser\u00e1 a m\u00e9dia dos pre\u00e7os coletados na pesquisa de mercado, caso os dados tenham baixa\/m\u00e9dia dispers\u00e3o (Coeficiente de Varia\u00e7\u00e3o abaixo de 25%). Se for observada alta dispers\u00e3o de pre\u00e7os da pesquisa (Coeficiente de Varia\u00e7\u00e3o acima de 25%), h\u00e1 ind\u00edcios de valores discrepantes (outliers). Logo, a estimativa do pre\u00e7o de refer\u00eancia dever\u00e1 ser a mediana.<\/span><\/p><p><span style=\"font-weight: 400;\"><strong>OBS:<\/strong> citar o Mapa Comparativo de Pre\u00e7os, contendo a mem\u00f3ria do c\u00e1lculo. Ele deve entrar como anexo do Relat\u00f3rio Anal\u00edtico.\u00a0<\/span><\/p><p><strong>1. Valores Discrepantes (Outliers)<\/strong><\/p><p><span style=\"font-weight: 400;\">Os outliers s\u00e3o observa\u00e7\u00f5es que se desviam significativamente da maioria das demais observa\u00e7\u00f5es. Possivelmente s\u00e3o gerados por um mecanismo diferente, dist\u00farbio\/degrada\u00e7\u00e3o do processo ou erro humano.<\/span><\/p><p><span style=\"font-weight: 400;\">N\u00e3o \u00e9 adequado fazer an\u00e1lise de dados quando estes est\u00e3o contaminados por outliers, pois podem conduzir a especifica\u00e7\u00f5es incorretas, estima\u00e7\u00e3o enviesada de par\u00e2metros (exemplo: pre\u00e7os de refer\u00eancia que n\u00e3o correspondem \u00e0 realidade e que resultar\u00e3o em fracasso do preg\u00e3o) e resultados incorretos para a an\u00e1lise.<\/span><\/p><p><span style=\"font-weight: 400;\">O uso da mediana resulta em uma melhor estimativa para o valor real quando estamos diante de um conjunto de dados afetado por outliers.<\/span><\/p><p><span style=\"font-weight: 400;\">Tradicionalmente, a m\u00e9dia e a vari\u00e2ncia amostrais de uma amostra fornecem uma boa estimativa da posi\u00e7\u00e3o e da dispers\u00e3o se os dados n\u00e3o est\u00e3o contaminados por outliers.<\/span><\/p>\t\t\t\t\t\t\t\t<\/div>\n\t\t\t\t<div class=\"elementor-element elementor-element-efa381d elementor-widget elementor-widget-image\" data-id=\"efa381d\" data-element_type=\"widget\" data-widget_type=\"image.default\">\n\t\t\t\t\t\t\t\t\t\t\t\t\t\t\t<img fetchpriority=\"high\" decoding=\"async\" width=\"827\" height=\"165\" src=\"https:\/\/redelog.rj.gov.br\/redelog\/wp-content\/uploads\/2024\/01\/WhatsApp-Image-2024-01-09-at-2.50.29-PM.jpeg\" class=\"attachment-large size-large wp-image-27276\" alt=\"\" srcset=\"https:\/\/redelog.rj.gov.br\/redelog\/wp-content\/uploads\/2024\/01\/WhatsApp-Image-2024-01-09-at-2.50.29-PM.jpeg 827w, https:\/\/redelog.rj.gov.br\/redelog\/wp-content\/uploads\/2024\/01\/WhatsApp-Image-2024-01-09-at-2.50.29-PM-300x60.jpeg 300w, https:\/\/redelog.rj.gov.br\/redelog\/wp-content\/uploads\/2024\/01\/WhatsApp-Image-2024-01-09-at-2.50.29-PM-768x153.jpeg 768w, https:\/\/redelog.rj.gov.br\/redelog\/wp-content\/uploads\/2024\/01\/WhatsApp-Image-2024-01-09-at-2.50.29-PM-600x120.jpeg 600w\" sizes=\"(max-width: 827px) 100vw, 827px\" \/>\t\t\t\t\t\t\t\t\t\t\t\t\t\t\t<\/div>\n\t\t\t\t<div class=\"elementor-element elementor-element-6c3ad6d elementor-widget elementor-widget-text-editor\" data-id=\"6c3ad6d\" data-element_type=\"widget\" data-widget_type=\"text-editor.default\">\n\t\t\t\t\t\t\t\t\t<p><span style=\"font-weight: 400;\">No entanto, quando um conjunto de dados cont\u00e9m outliers, mesmo que seja apenas uma observa\u00e7\u00e3o fora de escala, a m\u00e9dia amostral pode ter uma varia\u00e7\u00e3o significativa.<\/span><\/p><p><b>b) Coeficiente de Varia\u00e7\u00e3o<\/b><\/p><p><span style=\"font-weight: 400;\">Durante o processo de avalia\u00e7\u00e3o das estat\u00edsticas descritivas de um conjunto de dados, em especial da m\u00e9dia e do desvio padr\u00e3o, \u00e9 relevante avaliarmos se determinado desvio padr\u00e3o calculado \u00e9 grande ou pequeno. Esta quest\u00e3o \u00e9 relevante na avalia\u00e7\u00e3o da precis\u00e3o de m\u00e9todos.<\/span><\/p><p><span style=\"font-weight: 400;\">Um desvio padr\u00e3o pode ser considerado grande ou pequeno dependendo da ordem de grandeza da vari\u00e1vel.<\/span><\/p><p><span style=\"font-weight: 400;\">Uma maneira de expressar a variabilidade dos dados (tirando a influ\u00eancia da ordem de grandeza da vari\u00e1vel) \u00e9 atrav\u00e9s do coeficiente de varia\u00e7\u00e3o, que \u00e9 dado em percentual, definido por:<\/span><\/p>\t\t\t\t\t\t\t\t<\/div>\n\t\t\t\t<div class=\"elementor-element elementor-element-71fb3f2 elementor-widget elementor-widget-image\" data-id=\"71fb3f2\" data-element_type=\"widget\" data-widget_type=\"image.default\">\n\t\t\t\t\t\t\t\t\t\t\t\t\t\t\t<img decoding=\"async\" width=\"966\" height=\"212\" data-src=\"https:\/\/redelog.rj.gov.br\/redelog\/wp-content\/uploads\/2024\/01\/WhatsApp-Image-2024-01-09-at-2.52.33-PM.jpeg\" class=\"attachment-large size-large wp-image-27280 lazyload\" alt=\"\" data-srcset=\"https:\/\/redelog.rj.gov.br\/redelog\/wp-content\/uploads\/2024\/01\/WhatsApp-Image-2024-01-09-at-2.52.33-PM.jpeg 966w, https:\/\/redelog.rj.gov.br\/redelog\/wp-content\/uploads\/2024\/01\/WhatsApp-Image-2024-01-09-at-2.52.33-PM-300x66.jpeg 300w, https:\/\/redelog.rj.gov.br\/redelog\/wp-content\/uploads\/2024\/01\/WhatsApp-Image-2024-01-09-at-2.52.33-PM-768x169.jpeg 768w, https:\/\/redelog.rj.gov.br\/redelog\/wp-content\/uploads\/2024\/01\/WhatsApp-Image-2024-01-09-at-2.52.33-PM-600x132.jpeg 600w\" data-sizes=\"(max-width: 966px) 100vw, 966px\" src=\"data:image\/svg+xml;base64,PHN2ZyB3aWR0aD0iMSIgaGVpZ2h0PSIxIiB4bWxucz0iaHR0cDovL3d3dy53My5vcmcvMjAwMC9zdmciPjwvc3ZnPg==\" style=\"--smush-placeholder-width: 966px; --smush-placeholder-aspect-ratio: 966\/212;\" \/>\t\t\t\t\t\t\t\t\t\t\t\t\t\t\t<\/div>\n\t\t\t\t<div class=\"elementor-element elementor-element-5687824 elementor-widget elementor-widget-text-editor\" data-id=\"5687824\" data-element_type=\"widget\" data-widget_type=\"text-editor.default\">\n\t\t\t\t\t\t\t\t\t<p><span style=\"font-weight: 400;\">O coeficiente de varia\u00e7\u00e3o (CV) \u00e9 interpretado como a variabilidade dos dados em rela\u00e7\u00e3o \u00e0 m\u00e9dia. Quanto menor o CV mais homog\u00eaneo \u00e9 o conjunto de dados.<\/span><\/p><p><span style=\"font-weight: 400;\">O CV \u00e9 adimensional e ser\u00e1 positivo se a m\u00e9dia for positiva; ser\u00e1 zero quando n\u00e3o houver variabilidade entre os dados.<\/span><\/p><p><span style=\"font-weight: 400;\">Um CV \u00e9 considerado baixo (indicando um conjunto de dados razoavelmente homog\u00eaneo) quando for menor ou igual a 25%. Entretanto, esse padr\u00e3o varia de acordo com a aplica\u00e7\u00e3o. Por exemplo, em medidas vitais (batimento card\u00edaco, temperatura corporal, etc) espera-se um CV muito menor do que 25% para que os dados sejam considerados homog\u00eaneos.<\/span><\/p><p><span style=\"font-weight: 400;\">Pode ser dif\u00edcil classificar um coeficiente de varia\u00e7\u00e3o como baixo, m\u00e9dio, alto ou muito alto, mas este pode ser bastante \u00fatil na compara\u00e7\u00e3o de duas vari\u00e1veis ou dois grupos que a princ\u00edpio n\u00e3o s\u00e3o compar\u00e1veis.<\/span><\/p><p><span style=\"font-weight: 400;\">No presente relat\u00f3rio, utilizamos o seguinte crit\u00e9rio para classifica\u00e7\u00e3o dos coeficientes de varia\u00e7\u00e3o (CV):<\/span><\/p><ul><li style=\"font-weight: 400;\" aria-level=\"1\"><span style=\"font-weight: 400;\">Se CV \u2264 25%, ocorre uma baixa dispers\u00e3o, sendo considerada homog\u00eanea ou est\u00e1vel.<\/span><\/li><li style=\"font-weight: 400;\" aria-level=\"1\"><span style=\"font-weight: 400;\">Se CV &gt; 25%, apresenta uma dispers\u00e3o alta, sendo considerada heterog\u00eanea.<\/span><\/li><\/ul><p><strong>c) Exemplo pr\u00e1tico<\/strong><\/p><p><span style=\"font-weight: 400;\">Suponhamos que a pesquisa realizada encontrou 5 pre\u00e7os, quais sejam:<\/span><\/p>\t\t\t\t\t\t\t\t<\/div>\n\t\t\t\t<div class=\"elementor-element elementor-element-584b167 elementor-widget elementor-widget-image\" data-id=\"584b167\" data-element_type=\"widget\" data-widget_type=\"image.default\">\n\t\t\t\t\t\t\t\t\t\t\t\t\t\t\t<img decoding=\"async\" width=\"1024\" height=\"550\" data-src=\"https:\/\/redelog.rj.gov.br\/redelog\/wp-content\/uploads\/2024\/01\/WhatsApp-Image-2024-01-25-at-12.17.49-PM-1024x550.jpeg\" class=\"attachment-large size-large wp-image-27598 lazyload\" alt=\"\" data-srcset=\"https:\/\/redelog.rj.gov.br\/redelog\/wp-content\/uploads\/2024\/01\/WhatsApp-Image-2024-01-25-at-12.17.49-PM-1024x550.jpeg 1024w, https:\/\/redelog.rj.gov.br\/redelog\/wp-content\/uploads\/2024\/01\/WhatsApp-Image-2024-01-25-at-12.17.49-PM-300x161.jpeg 300w, https:\/\/redelog.rj.gov.br\/redelog\/wp-content\/uploads\/2024\/01\/WhatsApp-Image-2024-01-25-at-12.17.49-PM-768x412.jpeg 768w, https:\/\/redelog.rj.gov.br\/redelog\/wp-content\/uploads\/2024\/01\/WhatsApp-Image-2024-01-25-at-12.17.49-PM-600x322.jpeg 600w, https:\/\/redelog.rj.gov.br\/redelog\/wp-content\/uploads\/2024\/01\/WhatsApp-Image-2024-01-25-at-12.17.49-PM.jpeg 1194w\" data-sizes=\"(max-width: 1024px) 100vw, 1024px\" src=\"data:image\/svg+xml;base64,PHN2ZyB3aWR0aD0iMSIgaGVpZ2h0PSIxIiB4bWxucz0iaHR0cDovL3d3dy53My5vcmcvMjAwMC9zdmciPjwvc3ZnPg==\" style=\"--smush-placeholder-width: 1024px; --smush-placeholder-aspect-ratio: 1024\/550;\" \/>\t\t\t\t\t\t\t\t\t\t\t\t\t\t\t<\/div>\n\t\t\t\t<div class=\"elementor-element elementor-element-6d7c9ad elementor-widget elementor-widget-text-editor\" data-id=\"6d7c9ad\" data-element_type=\"widget\" data-widget_type=\"text-editor.default\">\n\t\t\t\t\t\t\t\t\t<p><span style=\"font-weight: 400;\">A partir dessas informa\u00e7\u00f5es, com o aux\u00edlio da planilha de saneamento de pre\u00e7os, realizaremos uma primeira rodada de saneamento, com vistas a identificar aqueles valores outliers que viciam a pesquisa:<\/span><\/p>\t\t\t\t\t\t\t\t<\/div>\n\t\t\t\t<div class=\"elementor-element elementor-element-705477d elementor-widget elementor-widget-text-editor\" data-id=\"705477d\" data-element_type=\"widget\" data-widget_type=\"text-editor.default\">\n\t\t\t\t\t\t\t\t\t<p><span style=\"font-weight: 400;\">Ap\u00f3s essa primeira rodada de saneamento, observamos que os valores de R$ 8,00 a R$ 12,00 est\u00e3o aglutinados em um grupo, enquanto o valor de R$ 43,00 (Pre\u00e7o 4), se afasta desse padr\u00e3o grupal e apresenta informa\u00e7\u00f5es (Desvio Padr\u00e3o e Coeficiente de Varia\u00e7\u00e3o) bem acima dos recomendados no item anterior. Ent\u00e3o, fundamentadamente, o valor de R$ 43,00 (Pre\u00e7o 04), est\u00e1 fundamentadamente desconsiderado e afastado.<\/span><\/p><p>\u00a0<\/p><p><span style=\"font-weight: 400;\">Passamos, ent\u00e3o, \u00e0 segunda rodada de saneamento dos valores:<\/span><\/p>\t\t\t\t\t\t\t\t<\/div>\n\t\t\t\t<div class=\"elementor-element elementor-element-069a627 elementor-widget elementor-widget-image\" data-id=\"069a627\" data-element_type=\"widget\" data-widget_type=\"image.default\">\n\t\t\t\t\t\t\t\t\t\t\t\t\t\t\t<img decoding=\"async\" width=\"1024\" height=\"550\" data-src=\"https:\/\/redelog.rj.gov.br\/redelog\/wp-content\/uploads\/2024\/01\/WhatsApp-Image-2024-01-25-at-12.17.49-PM-1-1024x550.jpeg\" class=\"attachment-large size-large wp-image-27605 lazyload\" alt=\"\" data-srcset=\"https:\/\/redelog.rj.gov.br\/redelog\/wp-content\/uploads\/2024\/01\/WhatsApp-Image-2024-01-25-at-12.17.49-PM-1-1024x550.jpeg 1024w, https:\/\/redelog.rj.gov.br\/redelog\/wp-content\/uploads\/2024\/01\/WhatsApp-Image-2024-01-25-at-12.17.49-PM-1-300x161.jpeg 300w, https:\/\/redelog.rj.gov.br\/redelog\/wp-content\/uploads\/2024\/01\/WhatsApp-Image-2024-01-25-at-12.17.49-PM-1-768x412.jpeg 768w, https:\/\/redelog.rj.gov.br\/redelog\/wp-content\/uploads\/2024\/01\/WhatsApp-Image-2024-01-25-at-12.17.49-PM-1-600x322.jpeg 600w, https:\/\/redelog.rj.gov.br\/redelog\/wp-content\/uploads\/2024\/01\/WhatsApp-Image-2024-01-25-at-12.17.49-PM-1.jpeg 1194w\" data-sizes=\"(max-width: 1024px) 100vw, 1024px\" src=\"data:image\/svg+xml;base64,PHN2ZyB3aWR0aD0iMSIgaGVpZ2h0PSIxIiB4bWxucz0iaHR0cDovL3d3dy53My5vcmcvMjAwMC9zdmciPjwvc3ZnPg==\" style=\"--smush-placeholder-width: 1024px; --smush-placeholder-aspect-ratio: 1024\/550;\" \/>\t\t\t\t\t\t\t\t\t\t\t\t\t\t\t<\/div>\n\t\t\t\t<div class=\"elementor-element elementor-element-711027b elementor-widget elementor-widget-text-editor\" data-id=\"711027b\" data-element_type=\"widget\" data-widget_type=\"text-editor.default\">\n\t\t\t\t\t\t\t\t\t<p><span style=\"font-weight: 400;\">Dessa feita, considerando que os dados coletados na pesquisa se apresentam de forma homog\u00eanea, com baixa\/m\u00e9dia dispers\u00e3o e um Coeficiente de Varia\u00e7\u00e3o abaixo de 25%, temos que, fundamentadamente, a metodologia adotada para a obten\u00e7\u00e3o do pre\u00e7o de refer\u00eancia \u00e9 a <\/span><b>m\u00e9dia<\/b><span style=\"font-weight: 400;\">. Logo:<\/span><\/p>\t\t\t\t\t\t\t\t<\/div>\n\t\t\t\t<div class=\"elementor-element elementor-element-d75b37d elementor-widget elementor-widget-image\" data-id=\"d75b37d\" data-element_type=\"widget\" data-widget_type=\"image.default\">\n\t\t\t\t\t\t\t\t\t\t\t\t\t\t\t<img decoding=\"async\" width=\"1024\" height=\"260\" data-src=\"https:\/\/redelog.rj.gov.br\/redelog\/wp-content\/uploads\/2024\/01\/WhatsApp-Image-2024-01-25-at-12.26.00-PM-1024x260.jpeg\" class=\"attachment-large size-large wp-image-27612 lazyload\" alt=\"\" data-srcset=\"https:\/\/redelog.rj.gov.br\/redelog\/wp-content\/uploads\/2024\/01\/WhatsApp-Image-2024-01-25-at-12.26.00-PM-1024x260.jpeg 1024w, https:\/\/redelog.rj.gov.br\/redelog\/wp-content\/uploads\/2024\/01\/WhatsApp-Image-2024-01-25-at-12.26.00-PM-300x76.jpeg 300w, https:\/\/redelog.rj.gov.br\/redelog\/wp-content\/uploads\/2024\/01\/WhatsApp-Image-2024-01-25-at-12.26.00-PM-768x195.jpeg 768w, https:\/\/redelog.rj.gov.br\/redelog\/wp-content\/uploads\/2024\/01\/WhatsApp-Image-2024-01-25-at-12.26.00-PM-600x152.jpeg 600w, https:\/\/redelog.rj.gov.br\/redelog\/wp-content\/uploads\/2024\/01\/WhatsApp-Image-2024-01-25-at-12.26.00-PM.jpeg 1177w\" data-sizes=\"(max-width: 1024px) 100vw, 1024px\" src=\"data:image\/svg+xml;base64,PHN2ZyB3aWR0aD0iMSIgaGVpZ2h0PSIxIiB4bWxucz0iaHR0cDovL3d3dy53My5vcmcvMjAwMC9zdmciPjwvc3ZnPg==\" style=\"--smush-placeholder-width: 1024px; --smush-placeholder-aspect-ratio: 1024\/260;\" \/>\t\t\t\t\t\t\t\t\t\t\t\t\t\t\t<\/div>\n\t\t\t\t<div class=\"elementor-element elementor-element-d700ef4 elementor-widget elementor-widget-text-editor\" data-id=\"d700ef4\" data-element_type=\"widget\" data-widget_type=\"text-editor.default\">\n\t\t\t\t\t\t\t\t\t<ul><li aria-level=\"1\"><p><b>OR\u00c7AMENTO ESTIMADO<\/b><\/p><\/li><\/ul><p><span style=\"font-weight: 400;\">Neste ponto, deve-se incluir uma tabela final resumindo e definindo o or\u00e7amento estimado da contrata\u00e7\u00e3o, no seguinte modelo:<\/span><\/p>\t\t\t\t\t\t\t\t<\/div>\n\t\t\t\t<div class=\"elementor-element elementor-element-2f8c200 elementor-widget elementor-widget-image\" data-id=\"2f8c200\" data-element_type=\"widget\" data-widget_type=\"image.default\">\n\t\t\t\t\t\t\t\t\t\t\t\t\t\t\t<img decoding=\"async\" width=\"1024\" height=\"556\" data-src=\"https:\/\/redelog.rj.gov.br\/redelog\/wp-content\/uploads\/2024\/01\/WhatsApp-Image-2024-01-25-at-12.28.27-PM-1024x556.jpeg\" class=\"attachment-large size-large wp-image-27619 lazyload\" alt=\"\" data-srcset=\"https:\/\/redelog.rj.gov.br\/redelog\/wp-content\/uploads\/2024\/01\/WhatsApp-Image-2024-01-25-at-12.28.27-PM-1024x556.jpeg 1024w, https:\/\/redelog.rj.gov.br\/redelog\/wp-content\/uploads\/2024\/01\/WhatsApp-Image-2024-01-25-at-12.28.27-PM-300x163.jpeg 300w, https:\/\/redelog.rj.gov.br\/redelog\/wp-content\/uploads\/2024\/01\/WhatsApp-Image-2024-01-25-at-12.28.27-PM-768x417.jpeg 768w, https:\/\/redelog.rj.gov.br\/redelog\/wp-content\/uploads\/2024\/01\/WhatsApp-Image-2024-01-25-at-12.28.27-PM-600x326.jpeg 600w, https:\/\/redelog.rj.gov.br\/redelog\/wp-content\/uploads\/2024\/01\/WhatsApp-Image-2024-01-25-at-12.28.27-PM.jpeg 1214w\" data-sizes=\"(max-width: 1024px) 100vw, 1024px\" src=\"data:image\/svg+xml;base64,PHN2ZyB3aWR0aD0iMSIgaGVpZ2h0PSIxIiB4bWxucz0iaHR0cDovL3d3dy53My5vcmcvMjAwMC9zdmciPjwvc3ZnPg==\" style=\"--smush-placeholder-width: 1024px; --smush-placeholder-aspect-ratio: 1024\/556;\" \/>\t\t\t\t\t\t\t\t\t\t\t\t\t\t\t<\/div>\n\t\t\t\t<div class=\"elementor-element elementor-element-6a3fd54 elementor-widget elementor-widget-text-editor\" data-id=\"6a3fd54\" data-element_type=\"widget\" data-widget_type=\"text-editor.default\">\n\t\t\t\t\t\t\t\t\t<ul><li aria-level=\"1\"><p><b>ANEXOS\u00a0<\/b><\/p><\/li><\/ul><p><span style=\"font-weight: 400;\">Os seguintes documentos devem ser anexados ao Relat\u00f3rio Anal\u00edtico de Pesquisa de Pre\u00e7os:<\/span><\/p><ul><li style=\"font-weight: 400;\" aria-level=\"1\"><span style=\"font-weight: 400;\">Planilha sobre saneamento dos pre\u00e7os coletados ( link ).<\/span><\/li><li style=\"font-weight: 400;\" aria-level=\"1\"><span style=\"font-weight: 400;\">Documentos comprobat\u00f3rios das pesquisas realizadas.<\/span><\/li><\/ul><p>\u00a0<\/p><ul><li aria-level=\"1\"><b>INDICA\u00c7\u00c3O DOS SERVIDORES QUE ELABORARAM A PESQUISA DE PRE\u00c7OS<\/b><\/li><\/ul><p>\u00a0<\/p>\t\t\t\t\t\t\t\t<\/div>\n\t\t\t\t<div class=\"elementor-element elementor-element-d423005 elementor-widget elementor-widget-image\" data-id=\"d423005\" data-element_type=\"widget\" data-widget_type=\"image.default\">\n\t\t\t\t\t\t\t\t\t\t\t\t\t\t\t<img decoding=\"async\" width=\"510\" height=\"722\" data-src=\"https:\/\/redelog.rj.gov.br\/redelog\/wp-content\/uploads\/2024\/01\/WhatsApp-Image-2024-01-25-at-12.29.42-PM.jpeg\" class=\"attachment-large size-large wp-image-27626 lazyload\" alt=\"\" data-srcset=\"https:\/\/redelog.rj.gov.br\/redelog\/wp-content\/uploads\/2024\/01\/WhatsApp-Image-2024-01-25-at-12.29.42-PM.jpeg 510w, https:\/\/redelog.rj.gov.br\/redelog\/wp-content\/uploads\/2024\/01\/WhatsApp-Image-2024-01-25-at-12.29.42-PM-212x300.jpeg 212w\" data-sizes=\"(max-width: 510px) 100vw, 510px\" src=\"data:image\/svg+xml;base64,PHN2ZyB3aWR0aD0iMSIgaGVpZ2h0PSIxIiB4bWxucz0iaHR0cDovL3d3dy53My5vcmcvMjAwMC9zdmciPjwvc3ZnPg==\" style=\"--smush-placeholder-width: 510px; --smush-placeholder-aspect-ratio: 510\/722;\" \/>\t\t\t\t\t\t\t\t\t\t\t\t\t\t\t<\/div>\n\t\t\t\t<div class=\"elementor-element elementor-element-0ceeac7 elementor-widget elementor-widget-text-editor\" data-id=\"0ceeac7\" data-element_type=\"widget\" data-widget_type=\"text-editor.default\">\n\t\t\t\t\t\t\t\t\t<ul><li aria-level=\"1\"><b>ASSINATURA DOS RESPONS\u00c1VEIS<\/b><\/li><\/ul><p><span style=\"font-weight: 400;\">&lt;<\/span><i><span style=\"font-weight: 400;\">todos os respons\u00e1veis devem assinar eletronicamente o documento preenchido ap\u00f3s inserido no Sistema SEI<\/span><\/i><span style=\"font-weight: 400;\">&gt;<\/span><\/p>\t\t\t\t\t\t\t\t<\/div>\n\t\t\t\t<div class=\"elementor-element elementor-element-31dab22 elementor-widget-divider--view-line elementor-widget elementor-widget-divider\" data-id=\"31dab22\" data-element_type=\"widget\" data-widget_type=\"divider.default\">\n\t\t\t\t\t\t\t<div class=\"elementor-divider\">\n\t\t\t<span class=\"elementor-divider-separator\">\n\t\t\t\t\t\t<\/span>\n\t\t<\/div>\n\t\t\t\t\t\t<\/div>\n\t\t\t\t<div class=\"elementor-element elementor-element-92aea4b elementor-widget elementor-widget-heading\" data-id=\"92aea4b\" data-element_type=\"widget\" data-widget_type=\"heading.default\">\n\t\t\t\t\t<h3 class=\"elementor-heading-title elementor-size-default\">Modelo Padr\u00e3o de Documento do Relat\u00f3rio Anal\u00edtico de Pesquisa de Pre\u00e7os (RAPP) no SEI<\/h3>\t\t\t\t<\/div>\n\t\t\t\t<div class=\"elementor-element elementor-element-a7fa5d8 elementor-widget elementor-widget-text-editor\" data-id=\"a7fa5d8\" data-element_type=\"widget\" data-widget_type=\"text-editor.default\">\n\t\t\t\t\t\t\t\t\t<h4><b>RELAT\u00d3RIO ANAL\u00cdTICO DE PESQUISA DE PRE\u00c7OS (RAPP)<\/b><b><\/b><\/h4><ul><li aria-level=\"1\"><h5><b>INTRODU\u00c7\u00c3O<\/b><\/h5><\/li><\/ul><p><span style=\"font-weight: 400;\">O presente Relat\u00f3rio de Pesquisa de Pre\u00e7os tem por objetivo definir o valor de refer\u00eancia para este procedimento que trata sobre licita\u00e7\u00e3o, na modalidade <\/span><i><span style=\"font-weight: 400;\">xxxx (indicar a modalidade da contrata\u00e7\u00e3o)<\/span><\/i><span style=\"font-weight: 400;\">, a ser julgado pelo <\/span><i><span style=\"font-weight: 400;\">xxxx (indicar o crit\u00e9rio de julgamento da contrata\u00e7\u00e3o)<\/span><\/i><span style=\"font-weight: 400;\">, para a contrata\u00e7\u00e3o de <\/span><i><span style=\"font-weight: 400;\">xxxxx (indicar o objeto da contrata\u00e7\u00e3o)<\/span><\/i><span style=\"font-weight: 400;\">.<\/span><\/p><p><span style=\"font-weight: 400;\">A pesquisa de pre\u00e7os fora realizada mediante consulta \u00e0s fontes diversificadas de pesquisa capazes de representar a realidade do mercado p\u00fablico, respeitando-se a compatibilidade das condi\u00e7\u00f5es de oferta e de contrata\u00e7\u00e3o do objeto, em atendimento aos arts. 28\/32 e 42, ambos do <a href=\"https:\/\/leisestaduais.com.br\/rj\/decreto-n-48816-2023-rio-de-janeiro-regulamenta-a-fase-preparatoria-das-contratacoes-de-que-trata-a-lei-no-14-133-de-1o-de-abril-de-2021-no-ambito-da-administracao-publica-estadual-direta-autarquica-e-fundacional?q=48816&amp;origin=instituicao#\"><strong>Decreto n\u00ba 48.816\/2023<\/strong><\/a>.\u00a0<\/span><\/p><p><span style=\"font-weight: 400;\">A pesquisa de pre\u00e7os fora realizada entre os dias <\/span><i><span style=\"font-weight: 400;\">xx\/xx\/20xx<\/span><\/i><span style=\"font-weight: 400;\"> e <\/span><i><span style=\"font-weight: 400;\">xx\/xx\/20xx (indicar o prazo de realiza\u00e7\u00e3o da pesquisa de pre\u00e7os)<\/span><\/i><span style=\"font-weight: 400;\">, mediante consulta \u00e0s fontes diversificadas de pesquisa capazes de representar a realidade do mercado p\u00fablico. Nesta mesma linha, observa-se que os pre\u00e7os pesquisados e cotados apresentam condi\u00e7\u00f5es de oferta e de contrata\u00e7\u00e3o compat\u00edveis com as expressas no Termo de Refer\u00eancia (<\/span><i><span style=\"font-weight: 400;\">SEI n\u00ba xxxxxx<\/span><\/i><span style=\"font-weight: 400;\">).<\/span><\/p><p>\u00a0<\/p><ul><li aria-level=\"1\"><h5><b>PAR\u00c2METROS DE PRE\u00c7OS<\/b><\/h5><\/li><\/ul><h6><b>2.1. Composi\u00e7\u00e3o de Custos U<\/b><b>nit\u00e1rios Menores ou Iguais \u00e0 Mediana do Item Correspondente nos Sistemas Oficiais de Governo<\/b><b>, como Pain\u00e9is de Pre\u00e7os ou Banco de Pre\u00e7os em Sa\u00fade, Observado o \u00cdndice de Atualiza\u00e7\u00e3o de Pre\u00e7os Correspondente;<\/b><\/h6><p><strong>2.1.1.<\/strong><span style=\"font-weight: 400;\"><strong> Portal de Compras do Estado do Rio de Janeiro<\/strong>\u00a0<\/span><\/p><p><strong>2.1.1.1. Pre\u00e7os Homologados<\/strong><\/p><p><b>2.1.1.2. <\/b><strong>Pre\u00e7os registrados em atas de Sistema de Registro de Pre\u00e7os<\/strong><\/p><p><b>2.1.1.3.<\/b><strong> Contratos;<\/strong><\/p><p><b>2.1.2. <\/b><strong>Portais de Compras do Governo Federal<\/strong><\/p><p><b>2.1.2.1. <\/b><strong>Compras Governamentais<\/strong><\/p><p><b>2.1.2.2. <\/b><strong>Painel de Pre\u00e7os<\/strong><\/p><p><span style=\"font-weight: 400;\">\u00a0<\/span><b>2.1.3.<\/b> <strong><a href=\"https:\/\/redelog.rj.gov.br\/redelog\/pesquisa-de-precos\/\">Outros Portais de Compras<\/a><\/strong><\/p><p><b>2.1.3.1.<\/b><strong> Portal de Transpar\u00eancia do Estado de S\u00e3o Paulo<\/strong><\/p><p><b>2.1.3.2. <\/b><strong>Portal de Transpar\u00eancia do Estado de Minas Gerais<\/strong><\/p><p><b>2.1.3.3.<\/b><strong> Portal de Transpar\u00eancia do Estado do Esp\u00edrito Santo<\/strong><\/p><h6><b>2.2. Contrata\u00e7\u00f5es Similares Feitas pela Administra\u00e7\u00e3o P\u00fablica, em Execu\u00e7\u00e3o ou Conclu\u00eddas no Per\u00edodo de 1 (um) Ano Anterior \u00e0 Data da Conclus\u00e3o da Pesquisa de Pre\u00e7os, Inclusive Mediante Sistema de Registro de Pre\u00e7os &#8211; SRP, Observado o \u00cdndice de Atualiza\u00e7\u00e3o de Pre\u00e7os Correspondente;<\/b><\/h6><p><strong>2.2.1. Contratos pr\u00f3prios\u00a0<\/strong><\/p><p><strong>2.2.2. Contratos de outros \u00f3rg\u00e3os<\/strong><\/p><h6><b>2.3. Dados de Pesquisa Publicada em M\u00eddia Especializada, de Tabela de Refer\u00eancia Formalmente Aprovada pelo Poder P\u00fablico, e de S\u00edtios Eletr\u00f4nicos Especializados ou de Dom\u00ednio Amplo, Desde que Atualizados no Momento da Pesquisa e <\/b><b>Compreendidos no Intervalo de At\u00e9 6 (seis) Meses de Anteced\u00eancia da D<\/b><b>ata de Divulga\u00e7\u00e3o do Edital, Contendo a Data e Hora de Acesso;<\/b><\/h6><p><strong>2.3.1. Pre\u00e7os de Refer\u00eancia registrados nos CADTERC\/SP<\/strong><\/p><p><strong>2.3.2. M\u00eddias ou S\u00edtios eletr\u00f4nicos especializados ou de dom\u00ednio amplo<\/strong><\/p><p><strong>2.3.3. Servi\u00e7os privados<\/strong><\/p><h6><b>2.4. Pesquisa com Fornecedores Mediante Solicita\u00e7\u00e3o Formal de Cota\u00e7\u00e3o, Observados os Par\u00e1grafos deste Artigo, e D<\/b><b>esde que N\u00e3o Tenham Sido Obtidos os Or\u00e7amentos com Mais de 6 (seis) Meses de Anteced\u00eancia da Data de Divulga\u00e7\u00e3o do Edital;<\/b><\/h6><p><strong>2.4.1. Consulta a fornecedores via Sistema de Compras do Estado do Rio de Janeiro<\/strong><\/p><p><strong>2.4.2. Consulta a fornecedores via e-mail funcional ou of\u00edcio<\/strong><\/p><h6><b>2.5. Pesquisa na Base Nacional e\/ou Estadual de Notas Fiscais Eletr\u00f4nicas, Desde que a Data das Notas Fiscais Esteja Compreendida no Per\u00edodo de At\u00e9 1 (um) Ano Anterior \u00e0 Data de Divulga\u00e7\u00e3o do Edital, na Forma do Regulamento.<\/b><\/h6><ul><li aria-level=\"1\"><h4><b>TRATAMENTO ESTAT\u00cdSTICO<\/b><\/h4><\/li><\/ul><h5><b>3.1. Par\u00e2metros de Pesquisa de Pre\u00e7os Utilizados e os Eventualmente Frustrados;<\/b><\/h5><h5><b>3.2. Avalia\u00e7\u00e3o Cr\u00edtica e Estat\u00edstica para Obten\u00e7\u00e3o do Pre\u00e7o de Refer\u00eancia;<\/b><\/h5><ul><li aria-level=\"1\"><h4><b>PRE\u00c7OS DE REFER\u00caNCIA E OR\u00c7AMENTO ESTIMADO DA LICITA\u00c7\u00c3O OU COMPRA DIRETA<\/b><\/h4><\/li><\/ul>\t\t\t\t\t\t\t\t<\/div>\n\t\t\t\t<div class=\"elementor-element elementor-element-461d8c6 elementor-widget elementor-widget-image\" data-id=\"461d8c6\" data-element_type=\"widget\" data-widget_type=\"image.default\">\n\t\t\t\t\t\t\t\t\t\t\t\t\t\t\t<img decoding=\"async\" width=\"1024\" height=\"556\" data-src=\"https:\/\/redelog.rj.gov.br\/redelog\/wp-content\/uploads\/2024\/01\/WhatsApp-Image-2024-01-25-at-12.54.34-PM-1024x556.jpeg\" class=\"attachment-large size-large wp-image-27637 lazyload\" alt=\"\" data-srcset=\"https:\/\/redelog.rj.gov.br\/redelog\/wp-content\/uploads\/2024\/01\/WhatsApp-Image-2024-01-25-at-12.54.34-PM-1024x556.jpeg 1024w, https:\/\/redelog.rj.gov.br\/redelog\/wp-content\/uploads\/2024\/01\/WhatsApp-Image-2024-01-25-at-12.54.34-PM-300x163.jpeg 300w, https:\/\/redelog.rj.gov.br\/redelog\/wp-content\/uploads\/2024\/01\/WhatsApp-Image-2024-01-25-at-12.54.34-PM-768x417.jpeg 768w, https:\/\/redelog.rj.gov.br\/redelog\/wp-content\/uploads\/2024\/01\/WhatsApp-Image-2024-01-25-at-12.54.34-PM-600x326.jpeg 600w, https:\/\/redelog.rj.gov.br\/redelog\/wp-content\/uploads\/2024\/01\/WhatsApp-Image-2024-01-25-at-12.54.34-PM.jpeg 1221w\" data-sizes=\"(max-width: 1024px) 100vw, 1024px\" src=\"data:image\/svg+xml;base64,PHN2ZyB3aWR0aD0iMSIgaGVpZ2h0PSIxIiB4bWxucz0iaHR0cDovL3d3dy53My5vcmcvMjAwMC9zdmciPjwvc3ZnPg==\" style=\"--smush-placeholder-width: 1024px; --smush-placeholder-aspect-ratio: 1024\/556;\" \/>\t\t\t\t\t\t\t\t\t\t\t\t\t\t\t<\/div>\n\t\t\t\t<div class=\"elementor-element elementor-element-104462e elementor-widget elementor-widget-text-editor\" data-id=\"104462e\" data-element_type=\"widget\" data-widget_type=\"text-editor.default\">\n\t\t\t\t\t\t\t\t\t<ul><li aria-level=\"1\"><h4><b>ANEXOS\u00a0<\/b><\/h4><\/li><\/ul><p><span style=\"font-weight: 400;\">Os seguintes documentos devem ser anexados ao Relat\u00f3rio Anal\u00edtico de Pesquisa de Pre\u00e7os:<\/span><\/p><ul><li style=\"font-weight: 400;\" aria-level=\"1\"><span style=\"font-weight: 400;\">Planilha sobre saneamento dos pre\u00e7os coletados ( link ).<\/span><\/li><li style=\"font-weight: 400;\" aria-level=\"1\"><span style=\"font-weight: 400;\">Documentos comprobat\u00f3rios das pesquisas realizadas.<\/span><\/li><\/ul><p>\u00a0<\/p><ul><li aria-level=\"1\"><h4><b>INDICA\u00c7\u00c3O DOS SERVIDORES QUE ELABORARAM A PESQUISA DE PRE\u00c7OS<\/b><\/h4><\/li><\/ul><p>\u00a0<\/p>\t\t\t\t\t\t\t\t<\/div>\n\t\t\t\t<div class=\"elementor-element elementor-element-f2b8947 elementor-widget elementor-widget-image\" data-id=\"f2b8947\" data-element_type=\"widget\" data-widget_type=\"image.default\">\n\t\t\t\t\t\t\t\t\t\t\t\t\t\t\t<img decoding=\"async\" width=\"608\" height=\"771\" data-src=\"https:\/\/redelog.rj.gov.br\/redelog\/wp-content\/uploads\/2024\/01\/WhatsApp-Image-2024-01-25-at-12.56.16-PM.jpeg\" class=\"attachment-large size-large wp-image-27641 lazyload\" alt=\"\" data-srcset=\"https:\/\/redelog.rj.gov.br\/redelog\/wp-content\/uploads\/2024\/01\/WhatsApp-Image-2024-01-25-at-12.56.16-PM.jpeg 608w, https:\/\/redelog.rj.gov.br\/redelog\/wp-content\/uploads\/2024\/01\/WhatsApp-Image-2024-01-25-at-12.56.16-PM-237x300.jpeg 237w, https:\/\/redelog.rj.gov.br\/redelog\/wp-content\/uploads\/2024\/01\/WhatsApp-Image-2024-01-25-at-12.56.16-PM-600x761.jpeg 600w\" data-sizes=\"(max-width: 608px) 100vw, 608px\" src=\"data:image\/svg+xml;base64,PHN2ZyB3aWR0aD0iMSIgaGVpZ2h0PSIxIiB4bWxucz0iaHR0cDovL3d3dy53My5vcmcvMjAwMC9zdmciPjwvc3ZnPg==\" style=\"--smush-placeholder-width: 608px; --smush-placeholder-aspect-ratio: 608\/771;\" \/>\t\t\t\t\t\t\t\t\t\t\t\t\t\t\t<\/div>\n\t\t\t\t<div class=\"elementor-element elementor-element-da2a1f9 elementor-widget elementor-widget-text-editor\" data-id=\"da2a1f9\" data-element_type=\"widget\" data-widget_type=\"text-editor.default\">\n\t\t\t\t\t\t\t\t\t<ul><li aria-level=\"1\"><h4><b>ASSINATURA DOS RESPONS\u00c1VEIS<\/b><\/h4><\/li><\/ul><p><span style=\"font-weight: 400;\">&lt;<\/span><i><span style=\"font-weight: 400;\">todos os respons\u00e1veis devem assinar eletronicamente o documento preenchido ap\u00f3s inserido no Sistema SEI<\/span><\/i><span style=\"font-weight: 400;\">&gt;<\/span><\/p>\t\t\t\t\t\t\t\t<\/div>\n\t\t\t\t<div class=\"elementor-element elementor-element-accbf2e elementor-widget-divider--view-line elementor-widget elementor-widget-divider\" data-id=\"accbf2e\" data-element_type=\"widget\" data-widget_type=\"divider.default\">\n\t\t\t\t\t\t\t<div class=\"elementor-divider\">\n\t\t\t<span class=\"elementor-divider-separator\">\n\t\t\t\t\t\t<\/span>\n\t\t<\/div>\n\t\t\t\t\t\t<\/div>\n\t\t\t\t<div class=\"elementor-element elementor-element-ca53400 elementor-widget elementor-widget-heading\" data-id=\"ca53400\" data-element_type=\"widget\" data-widget_type=\"heading.default\">\n\t\t\t\t\t<h3 class=\"elementor-heading-title elementor-size-default\">Modelo Despacho de Aprova\u00e7\u00e3o da Pesquisa de Pre\u00e7os Realizadas\n<\/h3>\t\t\t\t<\/div>\n\t\t\t\t<div class=\"elementor-element elementor-element-cae5f6c elementor-widget elementor-widget-text-editor\" data-id=\"cae5f6c\" data-element_type=\"widget\" data-widget_type=\"text-editor.default\">\n\t\t\t\t\t\t\t\t\t<p><span style=\"font-weight: 400;\">Aprovo o Relat\u00f3rio Anal\u00edtico de Pesquisa de Pre\u00e7os e seus anexos (aos docs. SEI n\u00b0 xxxx, xxxx e xxxx), que definiu o or\u00e7amento estimado deste procedimento em xxxxxxx e, entendendo pelo prosseguimento, encaminho o presente para _____________.<\/span><\/p><p>\u00a0<\/p><p><b>Assinatura do servidor respons\u00e1vel pela aprova\u00e7\u00e3o<\/b><\/p>\t\t\t\t\t\t\t\t<\/div>\n\t\t\t\t<div class=\"elementor-element elementor-element-36bca82 elementor-widget-divider--view-line elementor-widget elementor-widget-divider\" data-id=\"36bca82\" data-element_type=\"widget\" data-widget_type=\"divider.default\">\n\t\t\t\t\t\t\t<div class=\"elementor-divider\">\n\t\t\t<span class=\"elementor-divider-separator\">\n\t\t\t\t\t\t<\/span>\n\t\t<\/div>\n\t\t\t\t\t\t<\/div>\n\t\t\t\t\t<\/div>\n\t\t<\/div>\n\t\t\t\t\t<\/div>\n\t\t<\/section>\n\t\t\t\t<section class=\"elementor-section elementor-top-section elementor-element elementor-element-bbab399 elementor-section-boxed elementor-section-height-default elementor-section-height-default\" data-id=\"bbab399\" data-element_type=\"section\" id=\"options\" data-settings=\"{&quot;jet_parallax_layout_list&quot;:[{&quot;jet_parallax_layout_image&quot;:{&quot;url&quot;:&quot;&quot;,&quot;id&quot;:&quot;&quot;,&quot;size&quot;:&quot;&quot;},&quot;_id&quot;:&quot;d3cdd8d&quot;,&quot;jet_parallax_layout_image_tablet&quot;:{&quot;url&quot;:&quot;&quot;,&quot;id&quot;:&quot;&quot;,&quot;size&quot;:&quot;&quot;},&quot;jet_parallax_layout_image_mobile&quot;:{&quot;url&quot;:&quot;&quot;,&quot;id&quot;:&quot;&quot;,&quot;size&quot;:&quot;&quot;},&quot;jet_parallax_layout_speed&quot;:{&quot;unit&quot;:&quot;%&quot;,&quot;size&quot;:50,&quot;sizes&quot;:[]},&quot;jet_parallax_layout_type&quot;:&quot;scroll&quot;,&quot;jet_parallax_layout_direction&quot;:&quot;1&quot;,&quot;jet_parallax_layout_fx_direction&quot;:null,&quot;jet_parallax_layout_z_index&quot;:&quot;&quot;,&quot;jet_parallax_layout_bg_x&quot;:50,&quot;jet_parallax_layout_bg_x_tablet&quot;:&quot;&quot;,&quot;jet_parallax_layout_bg_x_mobile&quot;:&quot;&quot;,&quot;jet_parallax_layout_bg_y&quot;:50,&quot;jet_parallax_layout_bg_y_tablet&quot;:&quot;&quot;,&quot;jet_parallax_layout_bg_y_mobile&quot;:&quot;&quot;,&quot;jet_parallax_layout_bg_size&quot;:&quot;auto&quot;,&quot;jet_parallax_layout_bg_size_tablet&quot;:&quot;&quot;,&quot;jet_parallax_layout_bg_size_mobile&quot;:&quot;&quot;,&quot;jet_parallax_layout_animation_prop&quot;:&quot;transform&quot;,&quot;jet_parallax_layout_on&quot;:[&quot;desktop&quot;,&quot;tablet&quot;]}]}\">\n\t\t\t\t\t\t<div class=\"elementor-container elementor-column-gap-default\">\n\t\t\t\t\t<div class=\"elementor-column elementor-col-100 elementor-top-column elementor-element elementor-element-7d7b900\" data-id=\"7d7b900\" data-element_type=\"column\">\n\t\t\t<div class=\"elementor-widget-wrap elementor-element-populated\">\n\t\t\t\t\t\t<div class=\"elementor-element elementor-element-48565a7 elementor-widget elementor-widget-shortcode\" data-id=\"48565a7\" data-element_type=\"widget\" data-widget_type=\"shortcode.default\">\n\t\t\t\t\t\t\t<div class=\"elementor-shortcode\"><div class='printomatic pom-default ' id='id7767' alt='Imprimir' title='Imprimir' data-print_target='#post-27167'><\/div> <div class='printomatictext' id='id7767' alt='Imprimir' title='Imprimir' data-print_target='#post-27167'>Imprimir<\/div><div style='clear: both;'><\/div><\/div>\n\t\t\t\t\t\t<\/div>\n\t\t\t\t\t<\/div>\n\t\t<\/div>\n\t\t\t\t\t<\/div>\n\t\t<\/section>\n\t\t\t\t<section class=\"elementor-section elementor-top-section elementor-element elementor-element-e3ad227 elementor-section-boxed elementor-section-height-default elementor-section-height-default\" data-id=\"e3ad227\" data-element_type=\"section\" data-settings=\"{&quot;jet_parallax_layout_list&quot;:[{&quot;jet_parallax_layout_image&quot;:{&quot;url&quot;:&quot;&quot;,&quot;id&quot;:&quot;&quot;,&quot;size&quot;:&quot;&quot;},&quot;_id&quot;:&quot;2a419ed&quot;,&quot;jet_parallax_layout_image_tablet&quot;:{&quot;url&quot;:&quot;&quot;,&quot;id&quot;:&quot;&quot;,&quot;size&quot;:&quot;&quot;},&quot;jet_parallax_layout_image_mobile&quot;:{&quot;url&quot;:&quot;&quot;,&quot;id&quot;:&quot;&quot;,&quot;size&quot;:&quot;&quot;},&quot;jet_parallax_layout_speed&quot;:{&quot;unit&quot;:&quot;%&quot;,&quot;size&quot;:50,&quot;sizes&quot;:[]},&quot;jet_parallax_layout_type&quot;:&quot;scroll&quot;,&quot;jet_parallax_layout_direction&quot;:&quot;1&quot;,&quot;jet_parallax_layout_fx_direction&quot;:null,&quot;jet_parallax_layout_z_index&quot;:&quot;&quot;,&quot;jet_parallax_layout_bg_x&quot;:50,&quot;jet_parallax_layout_bg_x_tablet&quot;:&quot;&quot;,&quot;jet_parallax_layout_bg_x_mobile&quot;:&quot;&quot;,&quot;jet_parallax_layout_bg_y&quot;:50,&quot;jet_parallax_layout_bg_y_tablet&quot;:&quot;&quot;,&quot;jet_parallax_layout_bg_y_mobile&quot;:&quot;&quot;,&quot;jet_parallax_layout_bg_size&quot;:&quot;auto&quot;,&quot;jet_parallax_layout_bg_size_tablet&quot;:&quot;&quot;,&quot;jet_parallax_layout_bg_size_mobile&quot;:&quot;&quot;,&quot;jet_parallax_layout_animation_prop&quot;:&quot;transform&quot;,&quot;jet_parallax_layout_on&quot;:[&quot;desktop&quot;,&quot;tablet&quot;]}]}\">\n\t\t\t\t\t\t<div class=\"elementor-container elementor-column-gap-default\">\n\t\t\t\t\t<div class=\"elementor-column elementor-col-50 elementor-top-column elementor-element elementor-element-fea6f86\" data-id=\"fea6f86\" data-element_type=\"column\">\n\t\t\t<div class=\"elementor-widget-wrap elementor-element-populated\">\n\t\t\t\t\t\t<div class=\"elementor-element elementor-element-f5ce297 elementor-widget elementor-widget-text-editor\" data-id=\"f5ce297\" data-element_type=\"widget\" data-widget_type=\"text-editor.default\">\n\t\t\t\t\t\t\t\t\t<p><a href=\"https:\/\/redelog.rj.gov.br\/redelog\/termo-de-referencia-projeto-basico\/\"><strong>\u2190 Termo de Refer\u00eancia\u00a0<\/strong><\/a><\/p>\t\t\t\t\t\t\t\t<\/div>\n\t\t\t\t\t<\/div>\n\t\t<\/div>\n\t\t\t\t<div class=\"elementor-column elementor-col-50 elementor-top-column elementor-element elementor-element-6c58df7\" data-id=\"6c58df7\" data-element_type=\"column\">\n\t\t\t<div class=\"elementor-widget-wrap elementor-element-populated\">\n\t\t\t\t\t\t<div class=\"elementor-element elementor-element-99cf893 elementor-widget elementor-widget-text-editor\" data-id=\"99cf893\" data-element_type=\"widget\" data-widget_type=\"text-editor.default\">\n\t\t\t\t\t\t\t\t\t<p><a href=\"https:\/\/redelog.rj.gov.br\/redelog\/reserva-orcamentaria\/\"><strong>Reserva Or\u00e7ament\u00e1ria \u2192\u00a0<\/strong><\/a><\/p>\t\t\t\t\t\t\t\t<\/div>\n\t\t\t\t\t<\/div>\n\t\t<\/div>\n\t\t\t\t\t<\/div>\n\t\t<\/section>\n\t\t\t\t<\/div>\n\t\t","protected":false},"excerpt":{"rendered":"<p>A pesquisa de pre\u00e7os \u00e9 um procedimento no qual a Administra\u00e7\u00e3o realiza a estimativa do valor de mercado de um bem ou um servi\u00e7o, e entender isso \u00e9 necess\u00e1rio para podermos vencer obst\u00e1culos conceituais em nosso dia-a-dia. Com essa estimativa em m\u00e3os, a Administra\u00e7\u00e3o pode, em diferentes momentos da licita\u00e7\u00e3o ou da execu\u00e7\u00e3o do contrato, [&hellip;]<\/p>\n","protected":false},"author":25,"featured_media":0,"comment_status":"closed","ping_status":"open","sticky":false,"template":"","format":"standard","meta":{"_joinchat":[],"footnotes":""},"categories":[28],"tags":[],"class_list":["post-27167","post","type-post","status-publish","format-standard","hentry","category-cat-fase-preparatoria"],"yoast_head":"<!-- This site is optimized with the Yoast SEO plugin v25.7 - https:\/\/yoast.com\/wordpress\/plugins\/seo\/ -->\n<title>PESQUISA DE PRE\u00c7OS - Redelog<\/title>\n<meta name=\"robots\" content=\"index, follow, max-snippet:-1, max-image-preview:large, max-video-preview:-1\" \/>\n<link rel=\"canonical\" href=\"https:\/\/redelog.rj.gov.br\/redelog\/pesquisa-de-precos-2\/\" \/>\n<meta property=\"og:locale\" content=\"pt_BR\" \/>\n<meta property=\"og:type\" content=\"article\" \/>\n<meta property=\"og:title\" content=\"PESQUISA DE PRE\u00c7OS - Redelog\" \/>\n<meta property=\"og:description\" content=\"A pesquisa de pre\u00e7os \u00e9 um procedimento no qual a Administra\u00e7\u00e3o realiza a estimativa do valor de mercado de um bem ou um servi\u00e7o, e entender isso \u00e9 necess\u00e1rio para podermos vencer obst\u00e1culos conceituais em nosso dia-a-dia. Com essa estimativa em m\u00e3os, a Administra\u00e7\u00e3o pode, em diferentes momentos da licita\u00e7\u00e3o ou da execu\u00e7\u00e3o do contrato, [&hellip;]\" \/>\n<meta property=\"og:url\" content=\"https:\/\/redelog.rj.gov.br\/redelog\/pesquisa-de-precos-2\/\" \/>\n<meta property=\"og:site_name\" content=\"Redelog\" \/>\n<meta property=\"article:published_time\" content=\"2024-01-09T13:58:40+00:00\" \/>\n<meta property=\"article:modified_time\" content=\"2024-04-17T18:10:58+00:00\" \/>\n<meta property=\"og:image\" content=\"https:\/\/www.redelog.rj.gov.br\/redelog\/wp-content\/uploads\/2021\/10\/lupa.jpg\" \/>\n<meta name=\"author\" content=\"Luisa Maravilhas de Carvalho\" \/>\n<meta name=\"twitter:card\" content=\"summary_large_image\" \/>\n<meta name=\"twitter:label1\" content=\"Escrito por\" \/>\n\t<meta name=\"twitter:data1\" content=\"Luisa Maravilhas de Carvalho\" \/>\n\t<meta name=\"twitter:label2\" content=\"Est. tempo de leitura\" \/>\n\t<meta name=\"twitter:data2\" content=\"14 minutos\" \/>\n<script type=\"application\/ld+json\" class=\"yoast-schema-graph\">{\"@context\":\"https:\/\/schema.org\",\"@graph\":[{\"@type\":\"Article\",\"@id\":\"https:\/\/redelog.rj.gov.br\/redelog\/pesquisa-de-precos-2\/#article\",\"isPartOf\":{\"@id\":\"https:\/\/redelog.rj.gov.br\/redelog\/pesquisa-de-precos-2\/\"},\"author\":{\"name\":\"Luisa Maravilhas de Carvalho\",\"@id\":\"https:\/\/redelog.rj.gov.br\/redelog\/#\/schema\/person\/dd6a5779d3028a21ef65c6e4af7c1edb\"},\"headline\":\"PESQUISA DE PRE\u00c7OS\",\"datePublished\":\"2024-01-09T13:58:40+00:00\",\"dateModified\":\"2024-04-17T18:10:58+00:00\",\"mainEntityOfPage\":{\"@id\":\"https:\/\/redelog.rj.gov.br\/redelog\/pesquisa-de-precos-2\/\"},\"wordCount\":7761,\"publisher\":{\"@id\":\"https:\/\/redelog.rj.gov.br\/redelog\/#organization\"},\"image\":{\"@id\":\"https:\/\/redelog.rj.gov.br\/redelog\/pesquisa-de-precos-2\/#primaryimage\"},\"thumbnailUrl\":\"https:\/\/www.redelog.rj.gov.br\/redelog\/wp-content\/uploads\/2021\/10\/lupa.jpg\",\"articleSection\":[\"Fase Preparat\u00f3ria\"],\"inLanguage\":\"pt-BR\"},{\"@type\":\"WebPage\",\"@id\":\"https:\/\/redelog.rj.gov.br\/redelog\/pesquisa-de-precos-2\/\",\"url\":\"https:\/\/redelog.rj.gov.br\/redelog\/pesquisa-de-precos-2\/\",\"name\":\"PESQUISA DE PRE\u00c7OS - Redelog\",\"isPartOf\":{\"@id\":\"https:\/\/redelog.rj.gov.br\/redelog\/#website\"},\"primaryImageOfPage\":{\"@id\":\"https:\/\/redelog.rj.gov.br\/redelog\/pesquisa-de-precos-2\/#primaryimage\"},\"image\":{\"@id\":\"https:\/\/redelog.rj.gov.br\/redelog\/pesquisa-de-precos-2\/#primaryimage\"},\"thumbnailUrl\":\"https:\/\/www.redelog.rj.gov.br\/redelog\/wp-content\/uploads\/2021\/10\/lupa.jpg\",\"datePublished\":\"2024-01-09T13:58:40+00:00\",\"dateModified\":\"2024-04-17T18:10:58+00:00\",\"breadcrumb\":{\"@id\":\"https:\/\/redelog.rj.gov.br\/redelog\/pesquisa-de-precos-2\/#breadcrumb\"},\"inLanguage\":\"pt-BR\",\"potentialAction\":[{\"@type\":\"ReadAction\",\"target\":[\"https:\/\/redelog.rj.gov.br\/redelog\/pesquisa-de-precos-2\/\"]}]},{\"@type\":\"ImageObject\",\"inLanguage\":\"pt-BR\",\"@id\":\"https:\/\/redelog.rj.gov.br\/redelog\/pesquisa-de-precos-2\/#primaryimage\",\"url\":\"https:\/\/www.redelog.rj.gov.br\/redelog\/wp-content\/uploads\/2021\/10\/lupa.jpg\",\"contentUrl\":\"https:\/\/www.redelog.rj.gov.br\/redelog\/wp-content\/uploads\/2021\/10\/lupa.jpg\"},{\"@type\":\"BreadcrumbList\",\"@id\":\"https:\/\/redelog.rj.gov.br\/redelog\/pesquisa-de-precos-2\/#breadcrumb\",\"itemListElement\":[{\"@type\":\"ListItem\",\"position\":1,\"name\":\"Home\",\"item\":\"https:\/\/redelog.rj.gov.br\/redelog\/\"},{\"@type\":\"ListItem\",\"position\":2,\"name\":\"PESQUISA DE PRE\u00c7OS\"}]},{\"@type\":\"WebSite\",\"@id\":\"https:\/\/redelog.rj.gov.br\/redelog\/#website\",\"url\":\"https:\/\/redelog.rj.gov.br\/redelog\/\",\"name\":\"Redelog\",\"description\":\"Site da Rede de Log\u00edstica e Planejamento do Estado do Rio de Janeiro\",\"publisher\":{\"@id\":\"https:\/\/redelog.rj.gov.br\/redelog\/#organization\"},\"potentialAction\":[{\"@type\":\"SearchAction\",\"target\":{\"@type\":\"EntryPoint\",\"urlTemplate\":\"https:\/\/redelog.rj.gov.br\/redelog\/?s={search_term_string}\"},\"query-input\":{\"@type\":\"PropertyValueSpecification\",\"valueRequired\":true,\"valueName\":\"search_term_string\"}}],\"inLanguage\":\"pt-BR\"},{\"@type\":\"Organization\",\"@id\":\"https:\/\/redelog.rj.gov.br\/redelog\/#organization\",\"name\":\"REDELOG\",\"url\":\"https:\/\/redelog.rj.gov.br\/redelog\/\",\"logo\":{\"@type\":\"ImageObject\",\"inLanguage\":\"pt-BR\",\"@id\":\"https:\/\/redelog.rj.gov.br\/redelog\/#\/schema\/logo\/image\/\",\"url\":\"http:\/\/10.10.8.100:8888\/redelog\/wp-content\/uploads\/2019\/09\/Redelog2.png\",\"contentUrl\":\"http:\/\/10.10.8.100:8888\/redelog\/wp-content\/uploads\/2019\/09\/Redelog2.png\",\"width\":565,\"height\":155,\"caption\":\"REDELOG\"},\"image\":{\"@id\":\"https:\/\/redelog.rj.gov.br\/redelog\/#\/schema\/logo\/image\/\"}},{\"@type\":\"Person\",\"@id\":\"https:\/\/redelog.rj.gov.br\/redelog\/#\/schema\/person\/dd6a5779d3028a21ef65c6e4af7c1edb\",\"name\":\"Luisa Maravilhas de Carvalho\",\"image\":{\"@type\":\"ImageObject\",\"inLanguage\":\"pt-BR\",\"@id\":\"https:\/\/redelog.rj.gov.br\/redelog\/#\/schema\/person\/image\/\",\"url\":\"https:\/\/secure.gravatar.com\/avatar\/42eea343007bb4bb43265a1df0b9eebe3b0ff8ee578355b2f834803cdddc604a?s=96&d=mm&r=g\",\"contentUrl\":\"https:\/\/secure.gravatar.com\/avatar\/42eea343007bb4bb43265a1df0b9eebe3b0ff8ee578355b2f834803cdddc604a?s=96&d=mm&r=g\",\"caption\":\"Luisa Maravilhas de Carvalho\"},\"url\":\"https:\/\/redelog.rj.gov.br\/redelog\/author\/luisa-carvalho\/\"}]}<\/script>\n<!-- \/ Yoast SEO plugin. -->","yoast_head_json":{"title":"PESQUISA DE PRE\u00c7OS - Redelog","robots":{"index":"index","follow":"follow","max-snippet":"max-snippet:-1","max-image-preview":"max-image-preview:large","max-video-preview":"max-video-preview:-1"},"canonical":"https:\/\/redelog.rj.gov.br\/redelog\/pesquisa-de-precos-2\/","og_locale":"pt_BR","og_type":"article","og_title":"PESQUISA DE PRE\u00c7OS - Redelog","og_description":"A pesquisa de pre\u00e7os \u00e9 um procedimento no qual a Administra\u00e7\u00e3o realiza a estimativa do valor de mercado de um bem ou um servi\u00e7o, e entender isso \u00e9 necess\u00e1rio para podermos vencer obst\u00e1culos conceituais em nosso dia-a-dia. Com essa estimativa em m\u00e3os, a Administra\u00e7\u00e3o pode, em diferentes momentos da licita\u00e7\u00e3o ou da execu\u00e7\u00e3o do contrato, [&hellip;]","og_url":"https:\/\/redelog.rj.gov.br\/redelog\/pesquisa-de-precos-2\/","og_site_name":"Redelog","article_published_time":"2024-01-09T13:58:40+00:00","article_modified_time":"2024-04-17T18:10:58+00:00","og_image":[{"url":"https:\/\/www.redelog.rj.gov.br\/redelog\/wp-content\/uploads\/2021\/10\/lupa.jpg","type":"","width":"","height":""}],"author":"Luisa Maravilhas de Carvalho","twitter_card":"summary_large_image","twitter_misc":{"Escrito por":"Luisa Maravilhas de Carvalho","Est. tempo de leitura":"14 minutos"},"schema":{"@context":"https:\/\/schema.org","@graph":[{"@type":"Article","@id":"https:\/\/redelog.rj.gov.br\/redelog\/pesquisa-de-precos-2\/#article","isPartOf":{"@id":"https:\/\/redelog.rj.gov.br\/redelog\/pesquisa-de-precos-2\/"},"author":{"name":"Luisa Maravilhas de Carvalho","@id":"https:\/\/redelog.rj.gov.br\/redelog\/#\/schema\/person\/dd6a5779d3028a21ef65c6e4af7c1edb"},"headline":"PESQUISA DE PRE\u00c7OS","datePublished":"2024-01-09T13:58:40+00:00","dateModified":"2024-04-17T18:10:58+00:00","mainEntityOfPage":{"@id":"https:\/\/redelog.rj.gov.br\/redelog\/pesquisa-de-precos-2\/"},"wordCount":7761,"publisher":{"@id":"https:\/\/redelog.rj.gov.br\/redelog\/#organization"},"image":{"@id":"https:\/\/redelog.rj.gov.br\/redelog\/pesquisa-de-precos-2\/#primaryimage"},"thumbnailUrl":"https:\/\/www.redelog.rj.gov.br\/redelog\/wp-content\/uploads\/2021\/10\/lupa.jpg","articleSection":["Fase Preparat\u00f3ria"],"inLanguage":"pt-BR"},{"@type":"WebPage","@id":"https:\/\/redelog.rj.gov.br\/redelog\/pesquisa-de-precos-2\/","url":"https:\/\/redelog.rj.gov.br\/redelog\/pesquisa-de-precos-2\/","name":"PESQUISA DE PRE\u00c7OS - Redelog","isPartOf":{"@id":"https:\/\/redelog.rj.gov.br\/redelog\/#website"},"primaryImageOfPage":{"@id":"https:\/\/redelog.rj.gov.br\/redelog\/pesquisa-de-precos-2\/#primaryimage"},"image":{"@id":"https:\/\/redelog.rj.gov.br\/redelog\/pesquisa-de-precos-2\/#primaryimage"},"thumbnailUrl":"https:\/\/www.redelog.rj.gov.br\/redelog\/wp-content\/uploads\/2021\/10\/lupa.jpg","datePublished":"2024-01-09T13:58:40+00:00","dateModified":"2024-04-17T18:10:58+00:00","breadcrumb":{"@id":"https:\/\/redelog.rj.gov.br\/redelog\/pesquisa-de-precos-2\/#breadcrumb"},"inLanguage":"pt-BR","potentialAction":[{"@type":"ReadAction","target":["https:\/\/redelog.rj.gov.br\/redelog\/pesquisa-de-precos-2\/"]}]},{"@type":"ImageObject","inLanguage":"pt-BR","@id":"https:\/\/redelog.rj.gov.br\/redelog\/pesquisa-de-precos-2\/#primaryimage","url":"https:\/\/www.redelog.rj.gov.br\/redelog\/wp-content\/uploads\/2021\/10\/lupa.jpg","contentUrl":"https:\/\/www.redelog.rj.gov.br\/redelog\/wp-content\/uploads\/2021\/10\/lupa.jpg"},{"@type":"BreadcrumbList","@id":"https:\/\/redelog.rj.gov.br\/redelog\/pesquisa-de-precos-2\/#breadcrumb","itemListElement":[{"@type":"ListItem","position":1,"name":"Home","item":"https:\/\/redelog.rj.gov.br\/redelog\/"},{"@type":"ListItem","position":2,"name":"PESQUISA DE PRE\u00c7OS"}]},{"@type":"WebSite","@id":"https:\/\/redelog.rj.gov.br\/redelog\/#website","url":"https:\/\/redelog.rj.gov.br\/redelog\/","name":"Redelog","description":"Site da Rede de Log\u00edstica e Planejamento do Estado do Rio de Janeiro","publisher":{"@id":"https:\/\/redelog.rj.gov.br\/redelog\/#organization"},"potentialAction":[{"@type":"SearchAction","target":{"@type":"EntryPoint","urlTemplate":"https:\/\/redelog.rj.gov.br\/redelog\/?s={search_term_string}"},"query-input":{"@type":"PropertyValueSpecification","valueRequired":true,"valueName":"search_term_string"}}],"inLanguage":"pt-BR"},{"@type":"Organization","@id":"https:\/\/redelog.rj.gov.br\/redelog\/#organization","name":"REDELOG","url":"https:\/\/redelog.rj.gov.br\/redelog\/","logo":{"@type":"ImageObject","inLanguage":"pt-BR","@id":"https:\/\/redelog.rj.gov.br\/redelog\/#\/schema\/logo\/image\/","url":"http:\/\/10.10.8.100:8888\/redelog\/wp-content\/uploads\/2019\/09\/Redelog2.png","contentUrl":"http:\/\/10.10.8.100:8888\/redelog\/wp-content\/uploads\/2019\/09\/Redelog2.png","width":565,"height":155,"caption":"REDELOG"},"image":{"@id":"https:\/\/redelog.rj.gov.br\/redelog\/#\/schema\/logo\/image\/"}},{"@type":"Person","@id":"https:\/\/redelog.rj.gov.br\/redelog\/#\/schema\/person\/dd6a5779d3028a21ef65c6e4af7c1edb","name":"Luisa Maravilhas de Carvalho","image":{"@type":"ImageObject","inLanguage":"pt-BR","@id":"https:\/\/redelog.rj.gov.br\/redelog\/#\/schema\/person\/image\/","url":"https:\/\/secure.gravatar.com\/avatar\/42eea343007bb4bb43265a1df0b9eebe3b0ff8ee578355b2f834803cdddc604a?s=96&d=mm&r=g","contentUrl":"https:\/\/secure.gravatar.com\/avatar\/42eea343007bb4bb43265a1df0b9eebe3b0ff8ee578355b2f834803cdddc604a?s=96&d=mm&r=g","caption":"Luisa Maravilhas de Carvalho"},"url":"https:\/\/redelog.rj.gov.br\/redelog\/author\/luisa-carvalho\/"}]}},"_links":{"self":[{"href":"https:\/\/redelog.rj.gov.br\/redelog\/wp-json\/wp\/v2\/posts\/27167","targetHints":{"allow":["GET"]}}],"collection":[{"href":"https:\/\/redelog.rj.gov.br\/redelog\/wp-json\/wp\/v2\/posts"}],"about":[{"href":"https:\/\/redelog.rj.gov.br\/redelog\/wp-json\/wp\/v2\/types\/post"}],"author":[{"embeddable":true,"href":"https:\/\/redelog.rj.gov.br\/redelog\/wp-json\/wp\/v2\/users\/25"}],"replies":[{"embeddable":true,"href":"https:\/\/redelog.rj.gov.br\/redelog\/wp-json\/wp\/v2\/comments?post=27167"}],"version-history":[{"count":184,"href":"https:\/\/redelog.rj.gov.br\/redelog\/wp-json\/wp\/v2\/posts\/27167\/revisions"}],"predecessor-version":[{"id":29640,"href":"https:\/\/redelog.rj.gov.br\/redelog\/wp-json\/wp\/v2\/posts\/27167\/revisions\/29640"}],"wp:attachment":[{"href":"https:\/\/redelog.rj.gov.br\/redelog\/wp-json\/wp\/v2\/media?parent=27167"}],"wp:term":[{"taxonomy":"category","embeddable":true,"href":"https:\/\/redelog.rj.gov.br\/redelog\/wp-json\/wp\/v2\/categories?post=27167"},{"taxonomy":"post_tag","embeddable":true,"href":"https:\/\/redelog.rj.gov.br\/redelog\/wp-json\/wp\/v2\/tags?post=27167"}],"curies":[{"name":"wp","href":"https:\/\/api.w.org\/{rel}","templated":true}]}}