{"id":26951,"date":"2024-01-03T14:59:55","date_gmt":"2024-01-03T17:59:55","guid":{"rendered":"https:\/\/redelog.rj.gov.br\/redelog\/?p=26951"},"modified":"2024-04-17T14:57:05","modified_gmt":"2024-04-17T17:57:05","slug":"documento-de-oficializacao-de-demanda","status":"publish","type":"post","link":"https:\/\/redelog.rj.gov.br\/redelog\/documento-de-oficializacao-de-demanda\/","title":{"rendered":"DOCUMENTO DE OFICIALIZA\u00c7\u00c3O DE DEMANDA"},"content":{"rendered":"\t\t<div data-elementor-type=\"wp-post\" data-elementor-id=\"26951\" class=\"elementor elementor-26951\" data-elementor-post-type=\"post\">\n\t\t\t\t\t\t<section class=\"elementor-section elementor-top-section elementor-element elementor-element-0da9db5 elementor-section-boxed elementor-section-height-default elementor-section-height-default\" data-id=\"0da9db5\" data-element_type=\"section\" data-settings=\"{&quot;jet_parallax_layout_list&quot;:[{&quot;jet_parallax_layout_image&quot;:{&quot;url&quot;:&quot;&quot;,&quot;id&quot;:&quot;&quot;,&quot;size&quot;:&quot;&quot;},&quot;_id&quot;:&quot;38613a2&quot;,&quot;jet_parallax_layout_image_tablet&quot;:{&quot;url&quot;:&quot;&quot;,&quot;id&quot;:&quot;&quot;,&quot;size&quot;:&quot;&quot;},&quot;jet_parallax_layout_image_mobile&quot;:{&quot;url&quot;:&quot;&quot;,&quot;id&quot;:&quot;&quot;,&quot;size&quot;:&quot;&quot;},&quot;jet_parallax_layout_speed&quot;:{&quot;unit&quot;:&quot;%&quot;,&quot;size&quot;:50,&quot;sizes&quot;:[]},&quot;jet_parallax_layout_type&quot;:&quot;scroll&quot;,&quot;jet_parallax_layout_direction&quot;:&quot;1&quot;,&quot;jet_parallax_layout_fx_direction&quot;:null,&quot;jet_parallax_layout_z_index&quot;:&quot;&quot;,&quot;jet_parallax_layout_bg_x&quot;:50,&quot;jet_parallax_layout_bg_x_tablet&quot;:&quot;&quot;,&quot;jet_parallax_layout_bg_x_mobile&quot;:&quot;&quot;,&quot;jet_parallax_layout_bg_y&quot;:50,&quot;jet_parallax_layout_bg_y_tablet&quot;:&quot;&quot;,&quot;jet_parallax_layout_bg_y_mobile&quot;:&quot;&quot;,&quot;jet_parallax_layout_bg_size&quot;:&quot;auto&quot;,&quot;jet_parallax_layout_bg_size_tablet&quot;:&quot;&quot;,&quot;jet_parallax_layout_bg_size_mobile&quot;:&quot;&quot;,&quot;jet_parallax_layout_animation_prop&quot;:&quot;transform&quot;,&quot;jet_parallax_layout_on&quot;:[&quot;desktop&quot;,&quot;tablet&quot;]}]}\">\n\t\t\t\t\t\t<div class=\"elementor-container elementor-column-gap-default\">\n\t\t\t\t\t<div class=\"elementor-column elementor-col-100 elementor-top-column elementor-element elementor-element-60f2f11\" data-id=\"60f2f11\" data-element_type=\"column\">\n\t\t\t<div class=\"elementor-widget-wrap elementor-element-populated\">\n\t\t\t\t\t\t<div class=\"elementor-element elementor-element-f14b6b3 elementor-widget-divider--view-line elementor-widget elementor-widget-divider\" data-id=\"f14b6b3\" data-element_type=\"widget\" data-widget_type=\"divider.default\">\n\t\t\t\t\t\t\t<div class=\"elementor-divider\">\n\t\t\t<span class=\"elementor-divider-separator\">\n\t\t\t\t\t\t<\/span>\n\t\t<\/div>\n\t\t\t\t\t\t<\/div>\n\t\t\t\t\t<\/div>\n\t\t<\/div>\n\t\t\t\t\t<\/div>\n\t\t<\/section>\n\t\t\t\t<section class=\"elementor-section elementor-top-section elementor-element elementor-element-4a4755f elementor-section-boxed elementor-section-height-default elementor-section-height-default\" data-id=\"4a4755f\" data-element_type=\"section\" data-settings=\"{&quot;jet_parallax_layout_list&quot;:[{&quot;jet_parallax_layout_image&quot;:{&quot;url&quot;:&quot;&quot;,&quot;id&quot;:&quot;&quot;,&quot;size&quot;:&quot;&quot;},&quot;_id&quot;:&quot;546b2cd&quot;,&quot;jet_parallax_layout_image_tablet&quot;:{&quot;url&quot;:&quot;&quot;,&quot;id&quot;:&quot;&quot;,&quot;size&quot;:&quot;&quot;},&quot;jet_parallax_layout_image_mobile&quot;:{&quot;url&quot;:&quot;&quot;,&quot;id&quot;:&quot;&quot;,&quot;size&quot;:&quot;&quot;},&quot;jet_parallax_layout_speed&quot;:{&quot;unit&quot;:&quot;%&quot;,&quot;size&quot;:50,&quot;sizes&quot;:[]},&quot;jet_parallax_layout_type&quot;:&quot;scroll&quot;,&quot;jet_parallax_layout_direction&quot;:&quot;1&quot;,&quot;jet_parallax_layout_fx_direction&quot;:null,&quot;jet_parallax_layout_z_index&quot;:&quot;&quot;,&quot;jet_parallax_layout_bg_x&quot;:50,&quot;jet_parallax_layout_bg_x_tablet&quot;:&quot;&quot;,&quot;jet_parallax_layout_bg_x_mobile&quot;:&quot;&quot;,&quot;jet_parallax_layout_bg_y&quot;:50,&quot;jet_parallax_layout_bg_y_tablet&quot;:&quot;&quot;,&quot;jet_parallax_layout_bg_y_mobile&quot;:&quot;&quot;,&quot;jet_parallax_layout_bg_size&quot;:&quot;auto&quot;,&quot;jet_parallax_layout_bg_size_tablet&quot;:&quot;&quot;,&quot;jet_parallax_layout_bg_size_mobile&quot;:&quot;&quot;,&quot;jet_parallax_layout_animation_prop&quot;:&quot;transform&quot;,&quot;jet_parallax_layout_on&quot;:[&quot;desktop&quot;,&quot;tablet&quot;]}]}\">\n\t\t\t\t\t\t<div class=\"elementor-container elementor-column-gap-default\">\n\t\t\t\t\t<div class=\"elementor-column elementor-col-100 elementor-top-column elementor-element elementor-element-25bcd58\" data-id=\"25bcd58\" data-element_type=\"column\">\n\t\t\t<div class=\"elementor-widget-wrap elementor-element-populated\">\n\t\t\t\t\t\t<section class=\"elementor-section elementor-inner-section elementor-element elementor-element-326ae8b elementor-section-boxed elementor-section-height-default elementor-section-height-default\" data-id=\"326ae8b\" data-element_type=\"section\" data-settings=\"{&quot;jet_parallax_layout_list&quot;:[{&quot;jet_parallax_layout_image&quot;:{&quot;url&quot;:&quot;&quot;,&quot;id&quot;:&quot;&quot;,&quot;size&quot;:&quot;&quot;},&quot;_id&quot;:&quot;480125b&quot;,&quot;jet_parallax_layout_image_tablet&quot;:{&quot;url&quot;:&quot;&quot;,&quot;id&quot;:&quot;&quot;,&quot;size&quot;:&quot;&quot;},&quot;jet_parallax_layout_image_mobile&quot;:{&quot;url&quot;:&quot;&quot;,&quot;id&quot;:&quot;&quot;,&quot;size&quot;:&quot;&quot;},&quot;jet_parallax_layout_speed&quot;:{&quot;unit&quot;:&quot;%&quot;,&quot;size&quot;:50,&quot;sizes&quot;:[]},&quot;jet_parallax_layout_type&quot;:&quot;scroll&quot;,&quot;jet_parallax_layout_direction&quot;:&quot;1&quot;,&quot;jet_parallax_layout_fx_direction&quot;:null,&quot;jet_parallax_layout_z_index&quot;:&quot;&quot;,&quot;jet_parallax_layout_bg_x&quot;:50,&quot;jet_parallax_layout_bg_x_tablet&quot;:&quot;&quot;,&quot;jet_parallax_layout_bg_x_mobile&quot;:&quot;&quot;,&quot;jet_parallax_layout_bg_y&quot;:50,&quot;jet_parallax_layout_bg_y_tablet&quot;:&quot;&quot;,&quot;jet_parallax_layout_bg_y_mobile&quot;:&quot;&quot;,&quot;jet_parallax_layout_bg_size&quot;:&quot;auto&quot;,&quot;jet_parallax_layout_bg_size_tablet&quot;:&quot;&quot;,&quot;jet_parallax_layout_bg_size_mobile&quot;:&quot;&quot;,&quot;jet_parallax_layout_animation_prop&quot;:&quot;transform&quot;,&quot;jet_parallax_layout_on&quot;:[&quot;desktop&quot;,&quot;tablet&quot;]}]}\">\n\t\t\t\t\t\t<div class=\"elementor-container elementor-column-gap-default\">\n\t\t\t\t\t<div class=\"elementor-column elementor-col-50 elementor-inner-column elementor-element elementor-element-219b306\" data-id=\"219b306\" data-element_type=\"column\">\n\t\t\t<div class=\"elementor-widget-wrap elementor-element-populated\">\n\t\t\t\t\t\t<div class=\"elementor-element elementor-element-a121e76 elementor-view-framed elementor-shape-circle elementor-widget elementor-widget-icon\" data-id=\"a121e76\" data-element_type=\"widget\" data-widget_type=\"icon.default\">\n\t\t\t\t\t\t\t<div class=\"elementor-icon-wrapper\">\n\t\t\t<div class=\"elementor-icon\">\n\t\t\t<i aria-hidden=\"true\" class=\"nc-icon-outline business_notes\"><\/i>\t\t\t<\/div>\n\t\t<\/div>\n\t\t\t\t\t\t<\/div>\n\t\t\t\t\t<\/div>\n\t\t<\/div>\n\t\t\t\t<div class=\"elementor-column elementor-col-50 elementor-inner-column elementor-element elementor-element-866b86e\" data-id=\"866b86e\" data-element_type=\"column\">\n\t\t\t<div class=\"elementor-widget-wrap elementor-element-populated\">\n\t\t\t\t\t\t<div class=\"elementor-element elementor-element-ae625ec elementor-widget elementor-widget-text-editor\" data-id=\"ae625ec\" data-element_type=\"widget\" data-widget_type=\"text-editor.default\">\n\t\t\t\t\t\t\t\t\t<p><span style=\"font-weight: 400;\">A formaliza\u00e7\u00e3o da demanda \u00e9 um ato que vai se apresentar tanto na fase de planejamento\u00a0 (por meio do <\/span><strong><a href=\"https:\/\/redelog.rj.gov.br\/redelog\/plano-de-contratacoes-anual-2\/\">Plano de Contrata\u00e7\u00f5es Anual &#8211; PCA<\/a><\/strong><span style=\"font-weight: 400;\"> ), quanto na fase preparat\u00f3ria das contrata\u00e7\u00f5es p\u00fablicas.<\/span><\/p><p><span style=\"font-weight: 400;\">Essa formaliza\u00e7\u00e3o, a depender de qual etapa ou fase est\u00e1 inserida, ainda pode ser expressa por diferentes ferramentas e por diferentes atores.<\/span><\/p><p><span style=\"font-weight: 400;\">No \u00e2mbito do Poder Executivo <\/span><span style=\"font-weight: 400;\">do Estado<\/span> <span style=\"font-weight: 400;\">do Rio de Janeiro, essas diferentes ferramentas e a atua\u00e7\u00e3o desses diferentes atores s\u00e3o regulamentadas pelo <strong><a href=\"https:\/\/leisestaduais.com.br\/rj\/decreto-n-48650-2023-rio-de-janeiro-dispoe-sobre-a-governanca-logistica-e-a-governanca-das-contratacoes-no-ambito-da-administracao-publica-estadual-direta-autarquica-e-fundacional?q=48.650&amp;origin=instituicao#\">Decreto que regulamenta a governan\u00e7a das contrata\u00e7\u00f5es<\/a><\/strong>, pelo <strong><a href=\"https:\/\/leisestaduais.com.br\/rj\/decreto-n-48760-2023-rio-de-janeiro-implementa-o-plano-de-contratacoes-anual-pca-e-institui-o-sistema-pca-rj-no-ambito-da-administracao-publica-estadual-direta-autarquica-e-fundacional?q=48.760&amp;origin=instituicao#\">Decreto que regulamenta o planejamento de contrata\u00e7\u00f5es anual<\/a> <\/strong>e pelo <strong><a href=\"https:\/\/leisestaduais.com.br\/rj\/decreto-n-48816-2023-rio-de-janeiro-regulamenta-a-fase-preparatoria-das-contratacoes-de-que-trata-a-lei-no-14-133-de-1o-de-abril-de-2021-no-ambito-da-administracao-publica-estadual-direta-autarquica-e-fundacional?q=48816&amp;origin=instituicao#\">Decreto que regulamenta a fase preparat\u00f3ria das contrata\u00e7\u00f5es<\/a><\/strong>.<\/span><\/p><p><span style=\"font-weight: 400;\">Nota-se, aqui, que o Decreto que regulamenta a governan\u00e7a das contrata\u00e7\u00f5es se posiciona como norma de direcionamento.<\/span><\/p><p><span style=\"font-weight: 400;\">J\u00e1 os Decretos que regulamentam\u00a0 o planejamento anual das contrata\u00e7\u00f5es e a fase preparat\u00f3ria se posicionam com um conte\u00fado mais operacional, apresentando os requisitos m\u00ednimos para a condu\u00e7\u00e3o e opera\u00e7\u00e3o das contrata\u00e7\u00f5es.<\/span><\/p><p><span style=\"font-weight: 400;\">N\u00e3o h\u00e1 hierarquia entre essas normas, uma vez que elas se complementam e tornam-se imprescind\u00edveis para a ado\u00e7\u00e3o das regras e melhores pr\u00e1ticas na condu\u00e7\u00e3o do processo de contrata\u00e7\u00e3o no dia-a-dia.<\/span><\/p>\t\t\t\t\t\t\t\t<\/div>\n\t\t\t\t\t<\/div>\n\t\t<\/div>\n\t\t\t\t\t<\/div>\n\t\t<\/section>\n\t\t\t\t<div class=\"elementor-element elementor-element-7e39a4c elementor-widget elementor-widget-spacer\" data-id=\"7e39a4c\" data-element_type=\"widget\" data-widget_type=\"spacer.default\">\n\t\t\t\t\t\t\t<div class=\"elementor-spacer\">\n\t\t\t<div class=\"elementor-spacer-inner\"><\/div>\n\t\t<\/div>\n\t\t\t\t\t\t<\/div>\n\t\t\t\t<div class=\"elementor-element elementor-element-3a4ddce elementor-widget elementor-widget-image\" data-id=\"3a4ddce\" data-element_type=\"widget\" data-widget_type=\"image.default\">\n\t\t\t\t\t\t\t\t\t\t\t\t\t\t\t<img fetchpriority=\"high\" decoding=\"async\" width=\"649\" height=\"634\" src=\"https:\/\/redelog.rj.gov.br\/redelog\/wp-content\/uploads\/2024\/01\/Captura-de-tela-2024-01-04-134502.png\" class=\"attachment-large size-large wp-image-27006\" alt=\"\" srcset=\"https:\/\/redelog.rj.gov.br\/redelog\/wp-content\/uploads\/2024\/01\/Captura-de-tela-2024-01-04-134502.png 649w, https:\/\/redelog.rj.gov.br\/redelog\/wp-content\/uploads\/2024\/01\/Captura-de-tela-2024-01-04-134502-300x293.png 300w, https:\/\/redelog.rj.gov.br\/redelog\/wp-content\/uploads\/2024\/01\/Captura-de-tela-2024-01-04-134502-600x586.png 600w\" sizes=\"(max-width: 649px) 100vw, 649px\" \/>\t\t\t\t\t\t\t\t\t\t\t\t\t\t\t<\/div>\n\t\t\t\t<div class=\"elementor-element elementor-element-1b645db elementor-widget elementor-widget-text-editor\" data-id=\"1b645db\" data-element_type=\"widget\" data-widget_type=\"text-editor.default\">\n\t\t\t\t\t\t\t\t\t<p><b>Mas, e a\u00ed? Como e quando utilizo o Documento de Oficializa\u00e7\u00e3o de Demanda e o Documento de Formaliza\u00e7\u00e3o de Demanda? Ambos s\u00e3o as mesmas coisas?\u00a0<\/b><\/p><p><span style=\"font-weight: 400;\">N\u00e3o se confunda! Os dois documentos t\u00eam nomes parecidos, por\u00e9m, s\u00e3o aplic\u00e1veis em momentos e produzidos por atores\u00a0 distintos,\u00a0 mas, sempre um dando continuidade e complementando o que foi expresso pelo outro.<\/span><\/p><p><strong>O<\/strong><b> Documento de Formaliza\u00e7\u00e3o da Demanda (DFD)<\/b><span style=\"font-weight: 400;\">, aquele expresso no inciso XIX, do art 2\u00ba, Decreto Estadual que trata sobre a governan\u00e7a das contrata\u00e7\u00f5es do Estado e no inciso V, do art 2\u00ba, do Decreto Estadual que trata sobre o PCA\/RJ, \u00e9 a ferramenta em que a Administra\u00e7\u00e3o vai externalizar sua necessidade; Essa etapa \u00e9 preliminar \u00e0 abertura do processo administrativo <\/span><span style=\"font-weight: 400;\">da contrata\u00e7\u00e3o.<\/span><span style=\"font-weight: 400;\"> Para conhecer mais sobre o DFD e o Plano de Contrata\u00e7\u00f5es Anual do Estado do Rio de Janeiro <\/span><strong><a href=\"https:\/\/redelog.rj.gov.br\/redelog\/plano-de-contratacoes-anual-2\/\">clique aqui<\/a>.<\/strong><\/p><p><span style=\"font-weight: 400;\">Em complemento, o<\/span><b> Documento de Oficializa\u00e7\u00e3o de Demanda<\/b><span style=\"font-weight: 400;\"> &#8211; DOD, \u00e9 o ato inaugural da fase preparat\u00f3ria das contrata\u00e7\u00f5es. Ele possui uma continuidade das informa\u00e7\u00f5es expressas no DFD,\u00a0 com a\u00a0 forma dada pelo art. 6\u00ba do Decreto da Fase Preparat\u00f3ria das Contrata\u00e7\u00f5es:<\/span><\/p><p>\u00a0<\/p><p><span style=\"font-weight: 400;\">I &#8211; a indica\u00e7\u00e3o do bem ou servi\u00e7o e o respectivo quantitativo que se pretende contratar;<\/span><\/p><p><span style=\"font-weight: 400;\">II &#8211; a necessidade administrativa a ser atendida, inclusive com demonstra\u00e7\u00e3o da sua previs\u00e3o no Plano de Contrata\u00e7\u00f5es Anual &#8211; PCA do \u00f3rg\u00e3o ou entidade, quando cab\u00edvel;<\/span><\/p><p><span style=\"font-weight: 400;\">III &#8211; a estimativa de data em que deve ser iniciada a presta\u00e7\u00e3o dos servi\u00e7os ou realizado o fornecimento dos bens; e<\/span><\/p><p><span style=\"font-weight: 400;\">IV &#8211; a indica\u00e7\u00e3o dos integrantes para composi\u00e7\u00e3o da equipe de planejamento da contrata\u00e7\u00e3o, que detenham conhecimentos sobre aspectos de uso e\/ou t\u00e9cnico do objeto a ser contratado, nos termos do Decreto n\u00ba 48.650, de 2023.<\/span><\/p><p><span style=\"font-weight: 400;\">Par\u00e1grafo \u00fanico. A designa\u00e7\u00e3o e valida\u00e7\u00e3o da indica\u00e7\u00e3o dos servidores para composi\u00e7\u00e3o da Equipe de Planejamento da Contrata\u00e7\u00e3o dever\u00e1 ser acompanhada de ci\u00eancia do indicado.<\/span><\/p><p><b>E como eu instruo<\/b> <b>isso no SEI!?<\/b><\/p><p><span style=\"font-weight: 400;\">No menu do processo clique no \u00edcone sobre \u201cincluir documento\u201d e, no campo \u201cEscolha o Tipo de Documento\u201d da p\u00e1gina \u201cGerar Documento\u201d, clique no \u00edcone sobre \u201cexibir todos os tipos\u201d, e, na barra de pesquisa, insira a palavra-chave \u201cDocumento de Oficializa\u00e7\u00e3o de demanda\u201d:<\/span><span style=\"font-weight: 400;\"><br \/><\/span><\/p><p><span style=\"font-weight: 400;\">Ap\u00f3s isso, selecione o \u201cDocumento de Oficializa\u00e7\u00e3o de Demanda\u201d apresentado na \u00e1rvore, fa\u00e7a o seu preenchimento integral e instrua<\/span> <span style=\"font-weight: 400;\">o documento em seu processo.\u00a0<\/span><\/p>\t\t\t\t\t\t\t\t<\/div>\n\t\t\t\t<div class=\"elementor-element elementor-element-42b7236 elementor-widget-divider--view-line elementor-widget elementor-widget-divider\" data-id=\"42b7236\" data-element_type=\"widget\" data-widget_type=\"divider.default\">\n\t\t\t\t\t\t\t<div class=\"elementor-divider\">\n\t\t\t<span class=\"elementor-divider-separator\">\n\t\t\t\t\t\t<\/span>\n\t\t<\/div>\n\t\t\t\t\t\t<\/div>\n\t\t\t\t<div class=\"elementor-element elementor-element-0499009 elementor-widget elementor-widget-heading\" data-id=\"0499009\" data-element_type=\"widget\" data-widget_type=\"heading.default\">\n\t\t\t\t\t<h3 class=\"elementor-heading-title elementor-size-default\">Guia de Preenchimento do DOD<\/h3>\t\t\t\t<\/div>\n\t\t\t\t<div class=\"elementor-element elementor-element-7802920 elementor-widget elementor-widget-spacer\" data-id=\"7802920\" data-element_type=\"widget\" data-widget_type=\"spacer.default\">\n\t\t\t\t\t\t\t<div class=\"elementor-spacer\">\n\t\t\t<div class=\"elementor-spacer-inner\"><\/div>\n\t\t<\/div>\n\t\t\t\t\t\t<\/div>\n\t\t\t\t<div class=\"elementor-element elementor-element-9fb4ba7 elementor-widget elementor-widget-heading\" data-id=\"9fb4ba7\" data-element_type=\"widget\" data-widget_type=\"heading.default\">\n\t\t\t\t\t<h4 class=\"elementor-heading-title elementor-size-default\">DOCUMENTO DE OFICIALIZA\u00c7\u00c3O DA DEMANDA\n<\/h4>\t\t\t\t<\/div>\n\t\t\t\t<div class=\"elementor-element elementor-element-d19665c elementor-widget elementor-widget-spacer\" data-id=\"d19665c\" data-element_type=\"widget\" data-widget_type=\"spacer.default\">\n\t\t\t\t\t\t\t<div class=\"elementor-spacer\">\n\t\t\t<div class=\"elementor-spacer-inner\"><\/div>\n\t\t<\/div>\n\t\t\t\t\t\t<\/div>\n\t\t\t\t<div class=\"elementor-element elementor-element-e6e9c01 elementor-widget elementor-widget-text-editor\" data-id=\"e6e9c01\" data-element_type=\"widget\" data-widget_type=\"text-editor.default\">\n\t\t\t\t\t\t\t\t\t<p><strong>1. SETOR DEMANDANTE: <\/strong><i><span style=\"font-weight: 400;\">Indica\u00e7\u00e3o da\u00a0 unidade respons\u00e1vel por oficializar a demanda e os integrantes da Equipe de Planejamento da Contrata\u00e7\u00e3o<\/span><\/i><span style=\"font-weight: 400;\">;<\/span><\/p><p><span style=\"font-weight: 400;\"><span style=\"text-decoration: underline;\">\u00d3rg\u00e3o\/Entidade:<\/span> I<\/span><i><span style=\"font-weight: 400;\">ndica\u00e7\u00e3o do c\u00f3digo da\u00a0 Unidade Gestora (UG), do nome e da sigla do \u00d3rg\u00e3o<\/span><\/i><span style=\"font-weight: 400;\">;<\/span><\/p><p><span style=\"text-decoration: underline;\"><span style=\"font-weight: 400;\">Unidade\/Setor\/Departamento: <\/span><\/span><i><span style=\"font-weight: 400;\">Indica\u00e7\u00e3o do nome e da sigla do departamento<\/span><\/i><span style=\"font-weight: 400;\">.<\/span><\/p><p><span style=\"font-weight: 400;\"><strong>2. RESPONS\u00c1VEL PELA DEMANDA:<\/strong> Indica\u00e7\u00e3o dos dados do servidor respons\u00e1vel por oficializar a demanda<\/span><\/p><ul><li style=\"font-weight: 400;\" aria-level=\"1\"><span style=\"text-decoration: underline;\"><span style=\"font-weight: 400;\">Nome:<\/span><\/span><i><span style=\"font-weight: 400;\"> Indica\u00e7\u00e3o do nome completo do servidor respons\u00e1vel por oficializar a demanda\u00a0<\/span><\/i><\/li><li style=\"font-weight: 400;\" aria-level=\"1\"><span style=\"text-decoration: underline;\"><span style=\"font-weight: 400;\">Matr\u00edcula:<\/span><\/span><i><span style=\"font-weight: 400;\">Indica\u00e7\u00e3o do n\u00famero da matr\u00edcula ou da identidade funcional do servidor respons\u00e1vel por oficializar a demanda<\/span><\/i><\/li><li style=\"font-weight: 400;\" aria-level=\"1\"><span style=\"text-decoration: underline;\"><span style=\"font-weight: 400;\">Telefone: <\/span><\/span><i><span style=\"font-weight: 400;\">Indica\u00e7\u00e3o do n\u00famero de telefone ou do n\u00famero de celular institucional do servidor respons\u00e1vel por oficializar a demanda<\/span><\/i><\/li><li style=\"font-weight: 400;\" aria-level=\"1\"><span style=\"text-decoration: underline;\"><span style=\"font-weight: 400;\">E-mail: <\/span><\/span><i><span style=\"font-weight: 400;\">Indica\u00e7\u00e3o do e-mail institucional do servidor respons\u00e1vel por oficializar a demanda<\/span><\/i><\/li><\/ul><p><strong>3. JUSTIFICATIVA DA NECESSIDADE A SER ATENDIDA:<\/strong><i><span style=\"font-weight: 400;\"> Apresenta\u00e7\u00e3o da situa\u00e7\u00e3o que gerou a demanda e que justifica a contrata\u00e7\u00e3o pretendida. Importante identificar o problema e a necessidade de contrata\u00e7\u00e3o que esse problema gerou.\u00a0<\/span><\/i><\/p><p><strong>4. DEMANDA:<\/strong><\/p><ul><li><span style=\"text-decoration: underline;\">Descri\u00e7\u00e3o do Objeto\/Especifica\u00e7\u00e3o: <\/span><i><span>Indica\u00e7\u00e3o do objeto classificado no Cat\u00e1logo de Materiais e Servi\u00e7os do SIGA para atender a necessidade demandada.\u00a0<\/span><\/i><\/li><\/ul>\t\t\t\t\t\t\t\t<\/div>\n\t\t\t\t<div class=\"elementor-element elementor-element-182f356 elementor-widget elementor-widget-shortcode\" data-id=\"182f356\" data-element_type=\"widget\" data-widget_type=\"shortcode.default\">\n\t\t\t\t\t\t\t<div class=\"elementor-shortcode\">\n<table id=\"tablepress-1\" class=\"tablepress tablepress-id-1\">\n<thead>\n<tr class=\"row-1\">\n\t<th class=\"column-1\"><strong>Item<\/strong><\/th><th class=\"column-2\"><strong>C\u00f3digo do Item<\/strong><\/th><th class=\"column-3\"><strong>ID<\/strong><\/th><th class=\"column-4\"><strong>Descri\u00e7\u00e3o<\/strong><\/th><th class=\"column-5\"><strong>Unidade de Fornecimento\u00a0<\/strong><\/th><th class=\"column-6\"><strong>Quantidade<\/strong><\/th>\n<\/tr>\n<\/thead>\n<tbody class=\"row-hover\">\n<tr class=\"row-2\">\n\t<td class=\"column-1\">N\u00famero sequencial do item<\/td><td class=\"column-2\">C\u00f3digo do item classificado no Cat\u00e1logo de Materiais e Servi\u00e7os<\/td><td class=\"column-3\">ID do Item classificado no Cat\u00e1logo de Materiais e Servi\u00e7os<\/td><td class=\"column-4\">Descri\u00e7\u00e3o do item classificado no Cat\u00e1logo de Materiais e Servi\u00e7os<\/td><td class=\"column-5\">\u00c9 a unidade como o item classificado no Cat\u00e1logo de Materiais e Servi\u00e7os pode ser fornecido, por exemplo, Caixa com 10 Unidades, D\u00fazia, Pacote com 10 Kg.<\/td><td class=\"column-6\">Explicitar a quantidade  para atender a necessidade, de acordo com a unidade de fornecimento\u00a0do item classificado no Cat\u00e1logo de Materiais e Servi\u00e7os<\/td>\n<\/tr>\n<\/tbody>\n<tfoot>\n<tr class=\"row-3\">\n\t<td class=\"column-1\"><\/td><td class=\"column-2\"><\/td><td class=\"column-3\"><\/td><td class=\"column-4\"><\/td><td class=\"column-5\"><\/td><td class=\"column-6\"><\/td>\n<\/tr>\n<\/tfoot>\n<\/table>\n<!-- #tablepress-1 from cache --><\/div>\n\t\t\t\t\t\t<\/div>\n\t\t\t\t<div class=\"elementor-element elementor-element-7a88fe6 elementor-widget elementor-widget-text-editor\" data-id=\"7a88fe6\" data-element_type=\"widget\" data-widget_type=\"text-editor.default\">\n\t\t\t\t\t\t\t\t\t<ul><li><span style=\"text-decoration: underline;\"><span style=\"font-weight: 400;\">Quantidade Pretendida: <\/span><\/span><i><span style=\"font-weight: 400;\">Indica\u00e7\u00e3o da quantidade, dos prazos de contrato e de outros aspectos quantitativos do objeto que atende a solu\u00e7\u00e3o demandada.<\/span><\/i><\/li><\/ul><p><strong>5. VINCULA\u00c7\u00c3O AOS INSTRUMENTOS DE PLANEJAMENTOS: <\/strong><i><span style=\"font-weight: 400;\">Indica\u00e7\u00e3o de que o objeto demandado est\u00e1 previsto no Plano de Contrata\u00e7\u00f5es Anual, indicando, ainda, o n\u00famero do PCA do \u00d3rg\u00e3o ou Unidade e o link para o Portal Nacional de Contrata\u00e7\u00f5es P\u00fablicas &#8211; PNCP.<\/span><\/i><\/p>\t\t\t\t\t\t\t\t<\/div>\n\t\t\t\t<div class=\"elementor-element elementor-element-3573d18 elementor-widget elementor-widget-shortcode\" data-id=\"3573d18\" data-element_type=\"widget\" data-widget_type=\"shortcode.default\">\n\t\t\t\t\t\t\t<div class=\"elementor-shortcode\">\n<table id=\"tablepress-2\" class=\"tablepress tablepress-id-2\">\n<thead>\n<tr class=\"row-1\">\n\t<th class=\"column-1\"><strong>Demanda prevista no PCA?<\/strong><\/th><th class=\"column-2\"><strong>ID do PCA<\/strong><\/th><th class=\"column-3\"><strong>Link<\/strong><\/th>\n<\/tr>\n<\/thead>\n<tbody class=\"row-striping row-hover\">\n<tr class=\"row-2\">\n\t<td class=\"column-1\">Sim ou n\u00e3o<\/td><td class=\"column-2\">ID do PCA do \u00f3rg\u00e3o, encontrado no <span style=\"color:#FF0000;\">PNCP<\/span><\/td><td class=\"column-3\"><a href=\"https:\/\/pncp.gov.br\/app\/pca?status=vigente\">https:\/\/pncp.gov.br\/app\/pca?status=vigente (link do Portal Nacional de Contrata\u00e7\u00f5es P\u00fablica PNCP)<\/a><\/td>\n<\/tr>\n<tr class=\"row-3\">\n\t<td class=\"column-1\"><\/td><td class=\"column-2\"><span style=\"color:#FF0000;\">PNCP<\/span><\/td><td class=\"column-3\"><span style=\"color:#FF0000;\">PNCP<\/span><\/td>\n<\/tr>\n<\/tbody>\n<tfoot>\n<tr class=\"row-4\">\n\t<td class=\"column-1\"><\/td><td class=\"column-2\"><\/td><td class=\"column-3\"><\/td>\n<\/tr>\n<\/tfoot>\n<\/table>\n<!-- #tablepress-2 from cache --><\/div>\n\t\t\t\t\t\t<\/div>\n\t\t\t\t<div class=\"elementor-element elementor-element-5d38810 elementor-widget elementor-widget-text-editor\" data-id=\"5d38810\" data-element_type=\"widget\" data-widget_type=\"text-editor.default\">\n\t\t\t\t\t\t\t\t\t<p><span style=\"font-weight: 400;\"><strong>6. PREVIS\u00c3O DE DATA PARA ATENDIMENTO DA DEMANDA:<\/strong>\u00a0 <\/span><i><span style=\"font-weight: 400;\">Indica\u00e7\u00e3o do dia, m\u00eas e ano para a entrega do objeto ou in\u00edcio da presta\u00e7\u00e3o dos servi\u00e7os.<\/span><\/i><\/p><p><span style=\"font-weight: 400;\"><strong>7. SERVIDORES INDICADOS PARA A EQUIPE DE PLANEJAMENTO:<\/strong> Indica\u00e7\u00e3o dos servidores dos Setores Demandante e T\u00e9cnico, que re\u00fanem as compet\u00eancias necess\u00e1rias \u00e0 execu\u00e7\u00e3o da etapa de planejamento da contrata\u00e7\u00e3o, com conhecimentos sobre aspectos t\u00e9cnicos-operacionais e de uso do objeto, licita\u00e7\u00f5es e contratos, dentre outros;<\/span><\/p><p><span style=\"font-weight: 400;\">Para compor a Equipe de Planejamento, indicamos os servidores abaixo:<\/span><\/p>\t\t\t\t\t\t\t\t<\/div>\n\t\t\t\t<div class=\"elementor-element elementor-element-d562fe4 elementor-widget elementor-widget-shortcode\" data-id=\"d562fe4\" data-element_type=\"widget\" data-widget_type=\"shortcode.default\">\n\t\t\t\t\t\t\t<div class=\"elementor-shortcode\">\n<table id=\"tablepress-3\" class=\"tablepress tablepress-id-3\">\n<thead>\n<tr class=\"row-1\">\n\t<th class=\"column-1\"><strong>Nome do Integrante<\/strong><\/th><th class=\"column-2\"><strong>\u00c1rea \/ Setor<\/strong><\/th><th class=\"column-3\"><strong>Matr\u00edcula<\/strong><\/th><th class=\"column-4\"><strong>Telefone<\/strong><\/th><th class=\"column-5\"><strong>E-mail<\/strong><\/th>\n<\/tr>\n<\/thead>\n<tbody class=\"row-hover\">\n<tr class=\"row-2\">\n\t<td class=\"column-1\"><em>Nome<\/em><\/td><td class=\"column-2\"><em>Nome \u2013 SIGLA<\/em><\/td><td class=\"column-3\"><em>N\u00famero<\/em><\/td><td class=\"column-4\"><em>N\u00famero<\/em><\/td><td class=\"column-5\"><em>E-mail Institucional<\/em><\/td>\n<\/tr>\n<\/tbody>\n<tfoot>\n<tr class=\"row-3\">\n\t<td class=\"column-1\"><\/td><td class=\"column-2\"><\/td><td class=\"column-3\"><\/td><td class=\"column-4\"><\/td><td class=\"column-5\"><\/td>\n<\/tr>\n<\/tfoot>\n<\/table>\n<!-- #tablepress-3 from cache --><\/div>\n\t\t\t\t\t\t<\/div>\n\t\t\t\t<div class=\"elementor-element elementor-element-3c86d56 elementor-widget elementor-widget-text-editor\" data-id=\"3c86d56\" data-element_type=\"widget\" data-widget_type=\"text-editor.default\">\n\t\t\t\t\t\t\t\t\t<p><strong>* A designa\u00e7\u00e3o e valida\u00e7\u00e3o da indica\u00e7\u00e3o dos servidores para composi\u00e7\u00e3o da Equipe de Planejamento da Contrata\u00e7\u00e3o dever\u00e1 ser acompanhada de ci\u00eancia do indicado.<\/strong><\/p><p><strong>8. RESPONS\u00c1VEL PELA OFICIALIZA\u00c7\u00c3O DA DEMANDA<\/strong><\/p><ul><li style=\"font-weight: 400;\" aria-level=\"1\"><span style=\"text-decoration: underline;\"><span style=\"font-weight: 400;\">Nome: <\/span><\/span><i><span style=\"font-weight: 400;\">Nome<\/span><\/i><\/li><li style=\"font-weight: 400;\" aria-level=\"1\"><span style=\"text-decoration: underline;\"><span style=\"font-weight: 400;\">Cargo: <\/span><\/span><i><span style=\"font-weight: 400;\">Nome<\/span><\/i><\/li><li style=\"font-weight: 400;\" aria-level=\"1\"><span style=\"text-decoration: underline;\"><span style=\"font-weight: 400;\">Setor: <\/span><\/span><i><span style=\"font-weight: 400;\">Nome \u2013 SIGLA<\/span><\/i><\/li><li style=\"font-weight: 400;\" aria-level=\"1\"><span style=\"font-weight: 400;\"><span style=\"text-decoration: underline;\">ID:<\/span> <\/span><i><span style=\"font-weight: 400;\">N\u00famero<\/span><\/i><\/li><\/ul>\t\t\t\t\t\t\t\t<\/div>\n\t\t\t\t<div class=\"elementor-element elementor-element-3093ab1 elementor-widget-divider--view-line elementor-widget elementor-widget-divider\" data-id=\"3093ab1\" data-element_type=\"widget\" data-widget_type=\"divider.default\">\n\t\t\t\t\t\t\t<div class=\"elementor-divider\">\n\t\t\t<span class=\"elementor-divider-separator\">\n\t\t\t\t\t\t<\/span>\n\t\t<\/div>\n\t\t\t\t\t\t<\/div>\n\t\t\t\t<div class=\"elementor-element elementor-element-d337815 elementor-widget elementor-widget-heading\" data-id=\"d337815\" data-element_type=\"widget\" data-widget_type=\"heading.default\">\n\t\t\t\t\t<h3 class=\"elementor-heading-title elementor-size-default\">Exemplo de Preenchimento do Documento de Oficializa\u00e7\u00e3o de Demanda<\/h3>\t\t\t\t<\/div>\n\t\t\t\t<div class=\"elementor-element elementor-element-6ead049 elementor-widget elementor-widget-spacer\" data-id=\"6ead049\" data-element_type=\"widget\" data-widget_type=\"spacer.default\">\n\t\t\t\t\t\t\t<div class=\"elementor-spacer\">\n\t\t\t<div class=\"elementor-spacer-inner\"><\/div>\n\t\t<\/div>\n\t\t\t\t\t\t<\/div>\n\t\t\t\t<div class=\"elementor-element elementor-element-350a7e3 elementor-widget elementor-widget-heading\" data-id=\"350a7e3\" data-element_type=\"widget\" data-widget_type=\"heading.default\">\n\t\t\t\t\t<h4 class=\"elementor-heading-title elementor-size-default\">DOCUMENTO DE OFICIALIZA\u00c7\u00c3O DA DEMANDA\n<\/h4>\t\t\t\t<\/div>\n\t\t\t\t<div class=\"elementor-element elementor-element-5ce511e elementor-widget elementor-widget-text-editor\" data-id=\"5ce511e\" data-element_type=\"widget\" data-widget_type=\"text-editor.default\">\n\t\t\t\t\t\t\t\t\t<p><strong>1. SETOR DEMANDANTE:\u00a0<\/strong><\/p><p><span style=\"text-decoration: underline;\"><span style=\"font-weight: 400;\">\u00d3rg\u00e3o\/Entidade: <\/span><\/span><i><span style=\"font-weight: 400;\">UG 210010, Secretaria de Planejamento e Gest\u00e3o\/SEPLAG<\/span><\/i><\/p><p><span style=\"text-decoration: underline;\"><i><span style=\"font-weight: 400;\">\u00d3rg\u00e3o<\/span><\/i><\/span><span style=\"font-weight: 400;\"><span style=\"text-decoration: underline;\">;Unidade\/Setor\/Departamento:<\/span> <\/span><i><span style=\"font-weight: 400;\">Superintend\u00eancia de Compras Centralizadas\/SUBLOG<\/span><\/i><\/p><p><strong>2. RESPONS\u00c1VEL PELA DEMANDA: <\/strong><\/p><ul><li><span style=\"text-decoration: underline;\">Nome:<\/span><i><span> Gabriel Pereira dos Santos<\/span><\/i><\/li><li style=\"font-weight: 400;\" aria-level=\"1\"><span style=\"text-decoration: underline;\"><span style=\"font-weight: 400;\">Matr\u00edcula: <\/span><\/span><i><span style=\"font-weight: 400;\">123456789<\/span><\/i><\/li><li style=\"font-weight: 400;\" aria-level=\"1\"><span style=\"text-decoration: underline;\"><span style=\"font-weight: 400;\">Telefone: <\/span><\/span><i><span style=\"font-weight: 400;\">2193363-xx52<\/span><\/i><\/li><li style=\"font-weight: 400;\" aria-level=\"1\"><span style=\"text-decoration: underline;\"><span style=\"font-weight: 400;\">E-mail: <\/span><\/span><i><span style=\"font-weight: 400;\">gabriel.xxxx@planejamento.rj.gov.br<\/span><\/i><\/li><\/ul><p><strong>3. JUSTIFICATIVA DA NECESSIDADE A SER ATENDIDA: <\/strong><i><span style=\"font-weight: 400;\">Devido ao grande fluxo de contrata\u00e7\u00e3o de servidores, relacionado ao aumento de complexidade e quantidade\u00a0 das tarefas na organiza\u00e7\u00e3o, \u00e9 observado a falta de mesas e cadeiras para que os novos contratados realizem suas atividades. Assim, \u00e9 necess\u00e1rio adquirir novas mob\u00edlias para alocar os novos funcion\u00e1rios.<\/span><\/i><\/p><p><strong>4. DEMANDA:<\/strong><\/p>\t\t\t\t\t\t\t\t<\/div>\n\t\t\t\t\t<\/div>\n\t\t<\/div>\n\t\t\t\t\t<\/div>\n\t\t<\/section>\n\t\t\t\t<section class=\"elementor-section elementor-top-section elementor-element elementor-element-12551ff elementor-section-boxed elementor-section-height-default elementor-section-height-default\" data-id=\"12551ff\" data-element_type=\"section\" data-settings=\"{&quot;jet_parallax_layout_list&quot;:[{&quot;jet_parallax_layout_image&quot;:{&quot;url&quot;:&quot;&quot;,&quot;id&quot;:&quot;&quot;,&quot;size&quot;:&quot;&quot;},&quot;_id&quot;:&quot;5bdd3df&quot;,&quot;jet_parallax_layout_image_tablet&quot;:{&quot;url&quot;:&quot;&quot;,&quot;id&quot;:&quot;&quot;,&quot;size&quot;:&quot;&quot;},&quot;jet_parallax_layout_image_mobile&quot;:{&quot;url&quot;:&quot;&quot;,&quot;id&quot;:&quot;&quot;,&quot;size&quot;:&quot;&quot;},&quot;jet_parallax_layout_speed&quot;:{&quot;unit&quot;:&quot;%&quot;,&quot;size&quot;:50,&quot;sizes&quot;:[]},&quot;jet_parallax_layout_type&quot;:&quot;scroll&quot;,&quot;jet_parallax_layout_direction&quot;:&quot;1&quot;,&quot;jet_parallax_layout_fx_direction&quot;:null,&quot;jet_parallax_layout_z_index&quot;:&quot;&quot;,&quot;jet_parallax_layout_bg_x&quot;:50,&quot;jet_parallax_layout_bg_x_tablet&quot;:&quot;&quot;,&quot;jet_parallax_layout_bg_x_mobile&quot;:&quot;&quot;,&quot;jet_parallax_layout_bg_y&quot;:50,&quot;jet_parallax_layout_bg_y_tablet&quot;:&quot;&quot;,&quot;jet_parallax_layout_bg_y_mobile&quot;:&quot;&quot;,&quot;jet_parallax_layout_bg_size&quot;:&quot;auto&quot;,&quot;jet_parallax_layout_bg_size_tablet&quot;:&quot;&quot;,&quot;jet_parallax_layout_bg_size_mobile&quot;:&quot;&quot;,&quot;jet_parallax_layout_animation_prop&quot;:&quot;transform&quot;,&quot;jet_parallax_layout_on&quot;:[&quot;desktop&quot;,&quot;tablet&quot;]}]}\">\n\t\t\t\t\t\t<div class=\"elementor-container elementor-column-gap-default\">\n\t\t\t\t\t<div class=\"elementor-column elementor-col-100 elementor-top-column elementor-element elementor-element-1ecf32a\" data-id=\"1ecf32a\" data-element_type=\"column\">\n\t\t\t<div class=\"elementor-widget-wrap elementor-element-populated\">\n\t\t\t\t\t\t<div class=\"elementor-element elementor-element-213c89c elementor-widget elementor-widget-shortcode\" data-id=\"213c89c\" data-element_type=\"widget\" data-widget_type=\"shortcode.default\">\n\t\t\t\t\t\t\t<div class=\"elementor-shortcode\">\n<table id=\"tablepress-4\" class=\"tablepress tablepress-id-4\">\n<thead>\n<tr class=\"row-1\">\n\t<th class=\"column-1\"><strong>Item<\/strong><\/th><th class=\"column-2\"><strong>C\u00f3digo do Item<\/strong><\/th><th class=\"column-3\"><strong>ID<\/strong><\/th><th class=\"column-4\"><strong>Descri\u00e7\u00e3o<\/strong><\/th><th class=\"column-5\"><strong>Unidade de Fornecimento\u00a0<\/strong><\/th><th class=\"column-6\"><strong>Quantidade<\/strong><\/th>\n<\/tr>\n<\/thead>\n<tbody class=\"row-striping row-hover\">\n<tr class=\"row-2\">\n\t<td class=\"column-1\"><em>1<\/em><\/td><td class=\"column-2\"><span style=\"color:#111111;\">71,100,091,177<\/span><\/td><td class=\"column-3\"><span style=\"color:#111111;\">184582<\/span><\/td><td class=\"column-4\"><span style=\"color:#111111;\">MESA ESCRITORIO - MATERIAL: MDP, REVESTIMENTO: LAMINADO METALINICO, MATERIAL ESTRUTURA: METALICA, REVESTIMENTO ESTRUTURA: PINTURA EPOXI PO GRAFITE, DIMENSAO: 1200 X 1200 X 740 MM, MODELO: MESA RETA DE UNIAO, FORMA FORNECIMENTO: UNIDADE<\/span><\/td><td class=\"column-5\"><span style=\"color:#111111;\">UNIDADE<\/span><\/td><td class=\"column-6\">10<\/td>\n<\/tr>\n<tr class=\"row-3\">\n\t<td class=\"column-1\"><em>2<\/em><\/td><td class=\"column-2\"><span style=\"color:#111111;\">71,100,040,822<\/span><\/td><td class=\"column-3\"><span style=\"color:#111111;\">184173<\/span><\/td><td class=\"column-4\"><span style=\"color:#111111;\"> CADEIRA - TIPO: SECRETARIA, BASE: BASE FIXA DE METAL EM ARCO, PESO MAXIMO SUPORTADO 140KG, AJUSTE ALTURA ASSENTO: SEM, RECLINACAO: SEM, MATERIAL ESTRUTURA: TUBOS DE ACO E POLIPROPILENO, BRACO: FIXO, ENCOSTO: TELA MESH, REVESTIMENTO ASSENTO-ENCOSTO: POLIPROPILENO , COR: PRETO, PORTA LIVRO: SEM , PRANCHETA: SEM, FORMA FORNECIMENTO: UNIDADE<\/span><\/td><td class=\"column-5\"><span style=\"color:#111111;\">UNIDADE<\/span><\/td><td class=\"column-6\">10<\/td>\n<\/tr>\n<\/tbody>\n<tfoot>\n<tr class=\"row-4\">\n\t<td class=\"column-1\"><\/td><td class=\"column-2\"><\/td><td class=\"column-3\"><\/td><td class=\"column-4\"><\/td><td class=\"column-5\"><\/td><td class=\"column-6\"><\/td>\n<\/tr>\n<\/tfoot>\n<\/table>\n<!-- #tablepress-4 from cache --><\/div>\n\t\t\t\t\t\t<\/div>\n\t\t\t\t<div class=\"elementor-element elementor-element-20b646b elementor-widget elementor-widget-text-editor\" data-id=\"20b646b\" data-element_type=\"widget\" data-widget_type=\"text-editor.default\">\n\t\t\t\t\t\t\t\t\t<p><strong>5. VINCULA\u00c7\u00c3O AOS INSTRUMENTOS DE PLANEJAMENTOS:<\/strong><\/p>\t\t\t\t\t\t\t\t<\/div>\n\t\t\t\t<div class=\"elementor-element elementor-element-455daab elementor-widget elementor-widget-shortcode\" data-id=\"455daab\" data-element_type=\"widget\" data-widget_type=\"shortcode.default\">\n\t\t\t\t\t\t\t<div class=\"elementor-shortcode\">\n<table id=\"tablepress-5\" class=\"tablepress tablepress-id-5\">\n<thead>\n<tr class=\"row-1\">\n\t<th class=\"column-1\"><strong>Demanda prevista no PCA?\u00a0<\/strong><\/th><th class=\"column-2\"><strong>ID do PCA<\/strong><\/th><th class=\"column-3\"><strong>Link<\/strong><\/th>\n<\/tr>\n<\/thead>\n<tbody class=\"row-hover\">\n<tr class=\"row-2\">\n\t<td class=\"column-1\">Sim<\/td><td class=\"column-2\">42498600000171-0-000001\/2023<\/td><td class=\"column-3\">https:\/\/pncp.gov.br\/app\/pca\/42498600000171\/2024\/24<\/td>\n<\/tr>\n<\/tbody>\n<tfoot>\n<tr class=\"row-3\">\n\t<td class=\"column-1\"><\/td><td class=\"column-2\"><\/td><td class=\"column-3\"><\/td>\n<\/tr>\n<\/tfoot>\n<\/table>\n<!-- #tablepress-5 from cache --><\/div>\n\t\t\t\t\t\t<\/div>\n\t\t\t\t<div class=\"elementor-element elementor-element-c06146f elementor-widget elementor-widget-text-editor\" data-id=\"c06146f\" data-element_type=\"widget\" data-widget_type=\"text-editor.default\">\n\t\t\t\t\t\t\t\t\t<p><strong>6. PREVIS\u00c3O DE DATA PARA ATENDIMENTO DA DEMANDA:\u00a0<\/strong><\/p><p><span style=\"text-decoration: underline;\"><span style=\"font-weight: 400;\">Data:<\/span><\/span> <i><span style=\"font-weight: 400;\">29 de dezembro de 2024<\/span><\/i><\/p><p><strong>7. SERVIDORES INDICADOS PARA A EQUIPE DE PLANEJAMENTO:\u00a0<\/strong><\/p><p><span style=\"font-weight: 400;\">Para compor a equipe de planejamento, indicamos os servidores abaixo:<\/span><\/p>\t\t\t\t\t\t\t\t<\/div>\n\t\t\t\t\t<\/div>\n\t\t<\/div>\n\t\t\t\t\t<\/div>\n\t\t<\/section>\n\t\t\t\t<section class=\"elementor-section elementor-top-section elementor-element elementor-element-2edfe88 elementor-section-boxed elementor-section-height-default elementor-section-height-default\" data-id=\"2edfe88\" data-element_type=\"section\" data-settings=\"{&quot;jet_parallax_layout_list&quot;:[{&quot;jet_parallax_layout_image&quot;:{&quot;url&quot;:&quot;&quot;,&quot;id&quot;:&quot;&quot;,&quot;size&quot;:&quot;&quot;},&quot;_id&quot;:&quot;c05378b&quot;,&quot;jet_parallax_layout_image_tablet&quot;:{&quot;url&quot;:&quot;&quot;,&quot;id&quot;:&quot;&quot;,&quot;size&quot;:&quot;&quot;},&quot;jet_parallax_layout_image_mobile&quot;:{&quot;url&quot;:&quot;&quot;,&quot;id&quot;:&quot;&quot;,&quot;size&quot;:&quot;&quot;},&quot;jet_parallax_layout_speed&quot;:{&quot;unit&quot;:&quot;%&quot;,&quot;size&quot;:50,&quot;sizes&quot;:[]},&quot;jet_parallax_layout_type&quot;:&quot;scroll&quot;,&quot;jet_parallax_layout_direction&quot;:&quot;1&quot;,&quot;jet_parallax_layout_fx_direction&quot;:null,&quot;jet_parallax_layout_z_index&quot;:&quot;&quot;,&quot;jet_parallax_layout_bg_x&quot;:50,&quot;jet_parallax_layout_bg_x_tablet&quot;:&quot;&quot;,&quot;jet_parallax_layout_bg_x_mobile&quot;:&quot;&quot;,&quot;jet_parallax_layout_bg_y&quot;:50,&quot;jet_parallax_layout_bg_y_tablet&quot;:&quot;&quot;,&quot;jet_parallax_layout_bg_y_mobile&quot;:&quot;&quot;,&quot;jet_parallax_layout_bg_size&quot;:&quot;auto&quot;,&quot;jet_parallax_layout_bg_size_tablet&quot;:&quot;&quot;,&quot;jet_parallax_layout_bg_size_mobile&quot;:&quot;&quot;,&quot;jet_parallax_layout_animation_prop&quot;:&quot;transform&quot;,&quot;jet_parallax_layout_on&quot;:[&quot;desktop&quot;,&quot;tablet&quot;]}]}\">\n\t\t\t\t\t\t<div class=\"elementor-container elementor-column-gap-default\">\n\t\t\t\t\t<div class=\"elementor-column elementor-col-100 elementor-top-column elementor-element elementor-element-5b1f376\" data-id=\"5b1f376\" data-element_type=\"column\">\n\t\t\t<div class=\"elementor-widget-wrap elementor-element-populated\">\n\t\t\t\t\t\t<div class=\"elementor-element elementor-element-3984430 elementor-widget elementor-widget-shortcode\" data-id=\"3984430\" data-element_type=\"widget\" data-widget_type=\"shortcode.default\">\n\t\t\t\t\t\t\t<div class=\"elementor-shortcode\">\n<table id=\"tablepress-6\" class=\"tablepress tablepress-id-6\">\n<thead>\n<tr class=\"row-1\">\n\t<th class=\"column-1\"><strong>Nome do Integrante<\/strong><\/th><th class=\"column-2\"><strong>\u00c1rea \/ Setor<\/strong><\/th><th class=\"column-3\"><strong>Matr\u00edcula<\/strong><\/th><th class=\"column-4\"><strong>Telefone<\/strong><\/th><th class=\"column-5\"><strong>E-mail<\/strong><\/th>\n<\/tr>\n<\/thead>\n<tbody class=\"row-hover\">\n<tr class=\"row-2\">\n\t<td class=\"column-1\">Jo\u00e3o<\/td><td class=\"column-2\">Secretaria de Planejamento e <span style=\"color:#FF0000;\">Gest\u00e3o<\/span>\/SEPLAG<\/td><td class=\"column-3\">123456789<\/td><td class=\"column-4\">2192314-xx31<\/td><td class=\"column-5\">jo\u00e3o.xxxx@planejamento.gov.rj<\/td>\n<\/tr>\n<\/tbody>\n<tfoot>\n<tr class=\"row-3\">\n\t<td class=\"column-1\"><\/td><td class=\"column-2\"><\/td><td class=\"column-3\"><\/td><td class=\"column-4\"><\/td><td class=\"column-5\"><\/td>\n<\/tr>\n<\/tfoot>\n<\/table>\n<!-- #tablepress-6 from cache --><\/div>\n\t\t\t\t\t\t<\/div>\n\t\t\t\t<div class=\"elementor-element elementor-element-e8a3408 elementor-widget elementor-widget-text-editor\" data-id=\"e8a3408\" data-element_type=\"widget\" data-widget_type=\"text-editor.default\">\n\t\t\t\t\t\t\t\t\t<p><strong>* A designa\u00e7\u00e3o e valida\u00e7\u00e3o da indica\u00e7\u00e3o dos servidores para composi\u00e7\u00e3o da Equipe de Planejamento da Contrata\u00e7\u00e3o dever\u00e1 ser acompanhada de ci\u00eancia do indicado.<\/strong><\/p><p><strong>8. RESPONS\u00c1VEL PELA OFICIALIZA\u00c7\u00c3O DA DEMANDA<\/strong><\/p><ul><li><span style=\"text-decoration: underline;\"><span style=\"font-weight: 400;\">Nome: <\/span><\/span><i><span style=\"font-weight: 400;\">Alberto Antunes Gon\u00e7alves<\/span><\/i><\/li><li style=\"font-weight: 400;\" aria-level=\"1\"><span style=\"text-decoration: underline;\"><span style=\"font-weight: 400;\">Cargo: <\/span><\/span><i><span style=\"font-weight: 400;\">Superintendente<\/span><\/i><\/li><\/ul><ul><li style=\"font-weight: 400;\" aria-level=\"1\"><span style=\"font-weight: 400;\"><span style=\"text-decoration: underline;\">Setor:<\/span> <\/span><i><span style=\"font-weight: 400;\">Secretaria de Planejamento e Gest\u00e3o.<\/span><\/i><\/li><li><i><\/i><span style=\"font-weight: 400;\"><span style=\"text-decoration: underline;\">ID:<\/span> <\/span><i><span style=\"font-weight: 400;\">12341255123<\/span><\/i><\/li><\/ul>\t\t\t\t\t\t\t\t<\/div>\n\t\t\t\t\t<\/div>\n\t\t<\/div>\n\t\t\t\t\t<\/div>\n\t\t<\/section>\n\t\t\t\t<section class=\"elementor-section elementor-top-section elementor-element elementor-element-68ee43b elementor-section-boxed elementor-section-height-default elementor-section-height-default\" data-id=\"68ee43b\" data-element_type=\"section\" id=\"options\" data-settings=\"{&quot;jet_parallax_layout_list&quot;:[{&quot;jet_parallax_layout_image&quot;:{&quot;url&quot;:&quot;&quot;,&quot;id&quot;:&quot;&quot;,&quot;size&quot;:&quot;&quot;},&quot;_id&quot;:&quot;6e9527c&quot;,&quot;jet_parallax_layout_image_tablet&quot;:{&quot;url&quot;:&quot;&quot;,&quot;id&quot;:&quot;&quot;,&quot;size&quot;:&quot;&quot;},&quot;jet_parallax_layout_image_mobile&quot;:{&quot;url&quot;:&quot;&quot;,&quot;id&quot;:&quot;&quot;,&quot;size&quot;:&quot;&quot;},&quot;jet_parallax_layout_speed&quot;:{&quot;unit&quot;:&quot;%&quot;,&quot;size&quot;:50,&quot;sizes&quot;:[]},&quot;jet_parallax_layout_type&quot;:&quot;scroll&quot;,&quot;jet_parallax_layout_direction&quot;:&quot;1&quot;,&quot;jet_parallax_layout_fx_direction&quot;:null,&quot;jet_parallax_layout_z_index&quot;:&quot;&quot;,&quot;jet_parallax_layout_bg_x&quot;:50,&quot;jet_parallax_layout_bg_x_tablet&quot;:&quot;&quot;,&quot;jet_parallax_layout_bg_x_mobile&quot;:&quot;&quot;,&quot;jet_parallax_layout_bg_y&quot;:50,&quot;jet_parallax_layout_bg_y_tablet&quot;:&quot;&quot;,&quot;jet_parallax_layout_bg_y_mobile&quot;:&quot;&quot;,&quot;jet_parallax_layout_bg_size&quot;:&quot;auto&quot;,&quot;jet_parallax_layout_bg_size_tablet&quot;:&quot;&quot;,&quot;jet_parallax_layout_bg_size_mobile&quot;:&quot;&quot;,&quot;jet_parallax_layout_animation_prop&quot;:&quot;transform&quot;,&quot;jet_parallax_layout_on&quot;:[&quot;desktop&quot;,&quot;tablet&quot;]}]}\">\n\t\t\t\t\t\t<div class=\"elementor-container elementor-column-gap-default\">\n\t\t\t\t\t<div class=\"elementor-column elementor-col-100 elementor-top-column elementor-element elementor-element-7644e6e\" data-id=\"7644e6e\" data-element_type=\"column\">\n\t\t\t<div class=\"elementor-widget-wrap elementor-element-populated\">\n\t\t\t\t\t\t<div class=\"elementor-element elementor-element-bf3f691 elementor-widget-divider--view-line elementor-widget elementor-widget-divider\" data-id=\"bf3f691\" data-element_type=\"widget\" data-widget_type=\"divider.default\">\n\t\t\t\t\t\t\t<div class=\"elementor-divider\">\n\t\t\t<span class=\"elementor-divider-separator\">\n\t\t\t\t\t\t<\/span>\n\t\t<\/div>\n\t\t\t\t\t\t<\/div>\n\t\t\t\t<div class=\"elementor-element elementor-element-efeff43 elementor-widget elementor-widget-shortcode\" data-id=\"efeff43\" data-element_type=\"widget\" data-widget_type=\"shortcode.default\">\n\t\t\t\t\t\t\t<div class=\"elementor-shortcode\"><div class='printomatic pom-default ' id='id851' alt='Imprimir' title='Imprimir' data-print_target='#post-26951'><\/div> <div class='printomatictext' id='id851' alt='Imprimir' title='Imprimir' data-print_target='#post-26951'>Imprimir<\/div><div style='clear: both;'><\/div><\/div>\n\t\t\t\t\t\t<\/div>\n\t\t\t\t\t<\/div>\n\t\t<\/div>\n\t\t\t\t\t<\/div>\n\t\t<\/section>\n\t\t\t\t<section class=\"elementor-section elementor-top-section elementor-element elementor-element-c0486d7 elementor-section-boxed elementor-section-height-default elementor-section-height-default\" data-id=\"c0486d7\" data-element_type=\"section\" data-settings=\"{&quot;jet_parallax_layout_list&quot;:[{&quot;jet_parallax_layout_image&quot;:{&quot;url&quot;:&quot;&quot;,&quot;id&quot;:&quot;&quot;,&quot;size&quot;:&quot;&quot;},&quot;_id&quot;:&quot;509cf49&quot;,&quot;jet_parallax_layout_image_tablet&quot;:{&quot;url&quot;:&quot;&quot;,&quot;id&quot;:&quot;&quot;,&quot;size&quot;:&quot;&quot;},&quot;jet_parallax_layout_image_mobile&quot;:{&quot;url&quot;:&quot;&quot;,&quot;id&quot;:&quot;&quot;,&quot;size&quot;:&quot;&quot;},&quot;jet_parallax_layout_speed&quot;:{&quot;unit&quot;:&quot;%&quot;,&quot;size&quot;:50,&quot;sizes&quot;:[]},&quot;jet_parallax_layout_type&quot;:&quot;scroll&quot;,&quot;jet_parallax_layout_direction&quot;:&quot;1&quot;,&quot;jet_parallax_layout_fx_direction&quot;:null,&quot;jet_parallax_layout_z_index&quot;:&quot;&quot;,&quot;jet_parallax_layout_bg_x&quot;:50,&quot;jet_parallax_layout_bg_x_tablet&quot;:&quot;&quot;,&quot;jet_parallax_layout_bg_x_mobile&quot;:&quot;&quot;,&quot;jet_parallax_layout_bg_y&quot;:50,&quot;jet_parallax_layout_bg_y_tablet&quot;:&quot;&quot;,&quot;jet_parallax_layout_bg_y_mobile&quot;:&quot;&quot;,&quot;jet_parallax_layout_bg_size&quot;:&quot;auto&quot;,&quot;jet_parallax_layout_bg_size_tablet&quot;:&quot;&quot;,&quot;jet_parallax_layout_bg_size_mobile&quot;:&quot;&quot;,&quot;jet_parallax_layout_animation_prop&quot;:&quot;transform&quot;,&quot;jet_parallax_layout_on&quot;:[&quot;desktop&quot;,&quot;tablet&quot;]}]}\">\n\t\t\t\t\t\t<div class=\"elementor-container elementor-column-gap-default\">\n\t\t\t\t\t<div class=\"elementor-column elementor-col-50 elementor-top-column elementor-element elementor-element-b008e44\" data-id=\"b008e44\" data-element_type=\"column\">\n\t\t\t<div class=\"elementor-widget-wrap\">\n\t\t\t\t\t\t\t<\/div>\n\t\t<\/div>\n\t\t\t\t<div class=\"elementor-column elementor-col-50 elementor-top-column elementor-element elementor-element-bec944b\" data-id=\"bec944b\" data-element_type=\"column\">\n\t\t\t<div class=\"elementor-widget-wrap elementor-element-populated\">\n\t\t\t\t\t\t<div class=\"elementor-element elementor-element-3ab3646 elementor-widget elementor-widget-text-editor\" data-id=\"3ab3646\" data-element_type=\"widget\" data-widget_type=\"text-editor.default\">\n\t\t\t\t\t\t\t\t\t<p><a href=\"https:\/\/redelog.rj.gov.br\/redelog\/estudo-tecnico-preliminar-2\/\"><strong>Estudo T\u00e9cnico Preliminar \u2192<\/strong><\/a><\/p>\t\t\t\t\t\t\t\t<\/div>\n\t\t\t\t\t<\/div>\n\t\t<\/div>\n\t\t\t\t\t<\/div>\n\t\t<\/section>\n\t\t\t\t<\/div>\n\t\t","protected":false},"excerpt":{"rendered":"<p>A formaliza\u00e7\u00e3o da demanda \u00e9 um ato que vai se apresentar tanto na fase de planejamento\u00a0 (por meio do Plano de Contrata\u00e7\u00f5es Anual &#8211; PCA ), quanto na fase preparat\u00f3ria das contrata\u00e7\u00f5es p\u00fablicas. Essa formaliza\u00e7\u00e3o, a depender de qual etapa ou fase est\u00e1 inserida, ainda pode ser expressa por diferentes ferramentas e por diferentes atores. [&hellip;]<\/p>\n","protected":false},"author":25,"featured_media":0,"comment_status":"closed","ping_status":"open","sticky":false,"template":"","format":"standard","meta":{"_joinchat":[],"footnotes":""},"categories":[29],"tags":[],"class_list":["post-26951","post","type-post","status-publish","format-standard","hentry","category-cat-fase-planejamento"],"yoast_head":"<!-- This site is optimized with the Yoast SEO plugin v25.7 - https:\/\/yoast.com\/wordpress\/plugins\/seo\/ -->\n<title>DOCUMENTO DE OFICIALIZA\u00c7\u00c3O DE DEMANDA - Redelog<\/title>\n<meta name=\"robots\" content=\"index, follow, max-snippet:-1, max-image-preview:large, max-video-preview:-1\" \/>\n<link rel=\"canonical\" href=\"https:\/\/redelog.rj.gov.br\/redelog\/documento-de-oficializacao-de-demanda\/\" \/>\n<meta property=\"og:locale\" content=\"pt_BR\" \/>\n<meta property=\"og:type\" content=\"article\" \/>\n<meta property=\"og:title\" content=\"DOCUMENTO DE OFICIALIZA\u00c7\u00c3O DE DEMANDA - Redelog\" \/>\n<meta property=\"og:description\" content=\"A formaliza\u00e7\u00e3o da demanda \u00e9 um ato que vai se apresentar tanto na fase de planejamento\u00a0 (por meio do Plano de Contrata\u00e7\u00f5es Anual &#8211; PCA ), quanto na fase preparat\u00f3ria das contrata\u00e7\u00f5es p\u00fablicas. Essa formaliza\u00e7\u00e3o, a depender de qual etapa ou fase est\u00e1 inserida, ainda pode ser expressa por diferentes ferramentas e por diferentes atores. [&hellip;]\" \/>\n<meta property=\"og:url\" content=\"https:\/\/redelog.rj.gov.br\/redelog\/documento-de-oficializacao-de-demanda\/\" \/>\n<meta property=\"og:site_name\" content=\"Redelog\" \/>\n<meta property=\"article:published_time\" content=\"2024-01-03T17:59:55+00:00\" \/>\n<meta property=\"article:modified_time\" content=\"2024-04-17T17:57:05+00:00\" \/>\n<meta property=\"og:image\" content=\"https:\/\/www.redelog.rj.gov.br\/redelog\/wp-content\/uploads\/2024\/01\/Captura-de-tela-2024-01-04-134502.png\" \/>\n<meta name=\"author\" content=\"Luisa Maravilhas de Carvalho\" \/>\n<meta name=\"twitter:card\" content=\"summary_large_image\" \/>\n<meta name=\"twitter:label1\" content=\"Escrito por\" \/>\n\t<meta name=\"twitter:data1\" content=\"Luisa Maravilhas de Carvalho\" \/>\n\t<meta name=\"twitter:label2\" content=\"Est. tempo de leitura\" \/>\n\t<meta name=\"twitter:data2\" content=\"8 minutos\" \/>\n<script type=\"application\/ld+json\" class=\"yoast-schema-graph\">{\"@context\":\"https:\/\/schema.org\",\"@graph\":[{\"@type\":\"Article\",\"@id\":\"https:\/\/redelog.rj.gov.br\/redelog\/documento-de-oficializacao-de-demanda\/#article\",\"isPartOf\":{\"@id\":\"https:\/\/redelog.rj.gov.br\/redelog\/documento-de-oficializacao-de-demanda\/\"},\"author\":{\"name\":\"Luisa Maravilhas de Carvalho\",\"@id\":\"https:\/\/redelog.rj.gov.br\/redelog\/#\/schema\/person\/dd6a5779d3028a21ef65c6e4af7c1edb\"},\"headline\":\"DOCUMENTO DE OFICIALIZA\u00c7\u00c3O DE DEMANDA\",\"datePublished\":\"2024-01-03T17:59:55+00:00\",\"dateModified\":\"2024-04-17T17:57:05+00:00\",\"mainEntityOfPage\":{\"@id\":\"https:\/\/redelog.rj.gov.br\/redelog\/documento-de-oficializacao-de-demanda\/\"},\"wordCount\":1289,\"publisher\":{\"@id\":\"https:\/\/redelog.rj.gov.br\/redelog\/#organization\"},\"image\":{\"@id\":\"https:\/\/redelog.rj.gov.br\/redelog\/documento-de-oficializacao-de-demanda\/#primaryimage\"},\"thumbnailUrl\":\"https:\/\/www.redelog.rj.gov.br\/redelog\/wp-content\/uploads\/2024\/01\/Captura-de-tela-2024-01-04-134502.png\",\"articleSection\":[\"Fase de Planejamento\"],\"inLanguage\":\"pt-BR\"},{\"@type\":\"WebPage\",\"@id\":\"https:\/\/redelog.rj.gov.br\/redelog\/documento-de-oficializacao-de-demanda\/\",\"url\":\"https:\/\/redelog.rj.gov.br\/redelog\/documento-de-oficializacao-de-demanda\/\",\"name\":\"DOCUMENTO DE OFICIALIZA\u00c7\u00c3O DE DEMANDA - Redelog\",\"isPartOf\":{\"@id\":\"https:\/\/redelog.rj.gov.br\/redelog\/#website\"},\"primaryImageOfPage\":{\"@id\":\"https:\/\/redelog.rj.gov.br\/redelog\/documento-de-oficializacao-de-demanda\/#primaryimage\"},\"image\":{\"@id\":\"https:\/\/redelog.rj.gov.br\/redelog\/documento-de-oficializacao-de-demanda\/#primaryimage\"},\"thumbnailUrl\":\"https:\/\/www.redelog.rj.gov.br\/redelog\/wp-content\/uploads\/2024\/01\/Captura-de-tela-2024-01-04-134502.png\",\"datePublished\":\"2024-01-03T17:59:55+00:00\",\"dateModified\":\"2024-04-17T17:57:05+00:00\",\"breadcrumb\":{\"@id\":\"https:\/\/redelog.rj.gov.br\/redelog\/documento-de-oficializacao-de-demanda\/#breadcrumb\"},\"inLanguage\":\"pt-BR\",\"potentialAction\":[{\"@type\":\"ReadAction\",\"target\":[\"https:\/\/redelog.rj.gov.br\/redelog\/documento-de-oficializacao-de-demanda\/\"]}]},{\"@type\":\"ImageObject\",\"inLanguage\":\"pt-BR\",\"@id\":\"https:\/\/redelog.rj.gov.br\/redelog\/documento-de-oficializacao-de-demanda\/#primaryimage\",\"url\":\"https:\/\/www.redelog.rj.gov.br\/redelog\/wp-content\/uploads\/2024\/01\/Captura-de-tela-2024-01-04-134502.png\",\"contentUrl\":\"https:\/\/www.redelog.rj.gov.br\/redelog\/wp-content\/uploads\/2024\/01\/Captura-de-tela-2024-01-04-134502.png\"},{\"@type\":\"BreadcrumbList\",\"@id\":\"https:\/\/redelog.rj.gov.br\/redelog\/documento-de-oficializacao-de-demanda\/#breadcrumb\",\"itemListElement\":[{\"@type\":\"ListItem\",\"position\":1,\"name\":\"Home\",\"item\":\"https:\/\/redelog.rj.gov.br\/redelog\/\"},{\"@type\":\"ListItem\",\"position\":2,\"name\":\"DOCUMENTO DE OFICIALIZA\u00c7\u00c3O DE DEMANDA\"}]},{\"@type\":\"WebSite\",\"@id\":\"https:\/\/redelog.rj.gov.br\/redelog\/#website\",\"url\":\"https:\/\/redelog.rj.gov.br\/redelog\/\",\"name\":\"Redelog\",\"description\":\"Site da Rede de Log\u00edstica e Planejamento do Estado do Rio de Janeiro\",\"publisher\":{\"@id\":\"https:\/\/redelog.rj.gov.br\/redelog\/#organization\"},\"potentialAction\":[{\"@type\":\"SearchAction\",\"target\":{\"@type\":\"EntryPoint\",\"urlTemplate\":\"https:\/\/redelog.rj.gov.br\/redelog\/?s={search_term_string}\"},\"query-input\":{\"@type\":\"PropertyValueSpecification\",\"valueRequired\":true,\"valueName\":\"search_term_string\"}}],\"inLanguage\":\"pt-BR\"},{\"@type\":\"Organization\",\"@id\":\"https:\/\/redelog.rj.gov.br\/redelog\/#organization\",\"name\":\"REDELOG\",\"url\":\"https:\/\/redelog.rj.gov.br\/redelog\/\",\"logo\":{\"@type\":\"ImageObject\",\"inLanguage\":\"pt-BR\",\"@id\":\"https:\/\/redelog.rj.gov.br\/redelog\/#\/schema\/logo\/image\/\",\"url\":\"http:\/\/10.10.8.100:8888\/redelog\/wp-content\/uploads\/2019\/09\/Redelog2.png\",\"contentUrl\":\"http:\/\/10.10.8.100:8888\/redelog\/wp-content\/uploads\/2019\/09\/Redelog2.png\",\"width\":565,\"height\":155,\"caption\":\"REDELOG\"},\"image\":{\"@id\":\"https:\/\/redelog.rj.gov.br\/redelog\/#\/schema\/logo\/image\/\"}},{\"@type\":\"Person\",\"@id\":\"https:\/\/redelog.rj.gov.br\/redelog\/#\/schema\/person\/dd6a5779d3028a21ef65c6e4af7c1edb\",\"name\":\"Luisa Maravilhas de Carvalho\",\"image\":{\"@type\":\"ImageObject\",\"inLanguage\":\"pt-BR\",\"@id\":\"https:\/\/redelog.rj.gov.br\/redelog\/#\/schema\/person\/image\/\",\"url\":\"https:\/\/secure.gravatar.com\/avatar\/42eea343007bb4bb43265a1df0b9eebe3b0ff8ee578355b2f834803cdddc604a?s=96&d=mm&r=g\",\"contentUrl\":\"https:\/\/secure.gravatar.com\/avatar\/42eea343007bb4bb43265a1df0b9eebe3b0ff8ee578355b2f834803cdddc604a?s=96&d=mm&r=g\",\"caption\":\"Luisa Maravilhas de Carvalho\"},\"url\":\"https:\/\/redelog.rj.gov.br\/redelog\/author\/luisa-carvalho\/\"}]}<\/script>\n<!-- \/ Yoast SEO plugin. -->","yoast_head_json":{"title":"DOCUMENTO DE OFICIALIZA\u00c7\u00c3O DE DEMANDA - Redelog","robots":{"index":"index","follow":"follow","max-snippet":"max-snippet:-1","max-image-preview":"max-image-preview:large","max-video-preview":"max-video-preview:-1"},"canonical":"https:\/\/redelog.rj.gov.br\/redelog\/documento-de-oficializacao-de-demanda\/","og_locale":"pt_BR","og_type":"article","og_title":"DOCUMENTO DE OFICIALIZA\u00c7\u00c3O DE DEMANDA - Redelog","og_description":"A formaliza\u00e7\u00e3o da demanda \u00e9 um ato que vai se apresentar tanto na fase de planejamento\u00a0 (por meio do Plano de Contrata\u00e7\u00f5es Anual &#8211; PCA ), quanto na fase preparat\u00f3ria das contrata\u00e7\u00f5es p\u00fablicas. Essa formaliza\u00e7\u00e3o, a depender de qual etapa ou fase est\u00e1 inserida, ainda pode ser expressa por diferentes ferramentas e por diferentes atores. [&hellip;]","og_url":"https:\/\/redelog.rj.gov.br\/redelog\/documento-de-oficializacao-de-demanda\/","og_site_name":"Redelog","article_published_time":"2024-01-03T17:59:55+00:00","article_modified_time":"2024-04-17T17:57:05+00:00","og_image":[{"url":"https:\/\/www.redelog.rj.gov.br\/redelog\/wp-content\/uploads\/2024\/01\/Captura-de-tela-2024-01-04-134502.png","type":"","width":"","height":""}],"author":"Luisa Maravilhas de Carvalho","twitter_card":"summary_large_image","twitter_misc":{"Escrito por":"Luisa Maravilhas de Carvalho","Est. tempo de leitura":"8 minutos"},"schema":{"@context":"https:\/\/schema.org","@graph":[{"@type":"Article","@id":"https:\/\/redelog.rj.gov.br\/redelog\/documento-de-oficializacao-de-demanda\/#article","isPartOf":{"@id":"https:\/\/redelog.rj.gov.br\/redelog\/documento-de-oficializacao-de-demanda\/"},"author":{"name":"Luisa Maravilhas de Carvalho","@id":"https:\/\/redelog.rj.gov.br\/redelog\/#\/schema\/person\/dd6a5779d3028a21ef65c6e4af7c1edb"},"headline":"DOCUMENTO DE OFICIALIZA\u00c7\u00c3O DE DEMANDA","datePublished":"2024-01-03T17:59:55+00:00","dateModified":"2024-04-17T17:57:05+00:00","mainEntityOfPage":{"@id":"https:\/\/redelog.rj.gov.br\/redelog\/documento-de-oficializacao-de-demanda\/"},"wordCount":1289,"publisher":{"@id":"https:\/\/redelog.rj.gov.br\/redelog\/#organization"},"image":{"@id":"https:\/\/redelog.rj.gov.br\/redelog\/documento-de-oficializacao-de-demanda\/#primaryimage"},"thumbnailUrl":"https:\/\/www.redelog.rj.gov.br\/redelog\/wp-content\/uploads\/2024\/01\/Captura-de-tela-2024-01-04-134502.png","articleSection":["Fase de Planejamento"],"inLanguage":"pt-BR"},{"@type":"WebPage","@id":"https:\/\/redelog.rj.gov.br\/redelog\/documento-de-oficializacao-de-demanda\/","url":"https:\/\/redelog.rj.gov.br\/redelog\/documento-de-oficializacao-de-demanda\/","name":"DOCUMENTO DE OFICIALIZA\u00c7\u00c3O DE DEMANDA - Redelog","isPartOf":{"@id":"https:\/\/redelog.rj.gov.br\/redelog\/#website"},"primaryImageOfPage":{"@id":"https:\/\/redelog.rj.gov.br\/redelog\/documento-de-oficializacao-de-demanda\/#primaryimage"},"image":{"@id":"https:\/\/redelog.rj.gov.br\/redelog\/documento-de-oficializacao-de-demanda\/#primaryimage"},"thumbnailUrl":"https:\/\/www.redelog.rj.gov.br\/redelog\/wp-content\/uploads\/2024\/01\/Captura-de-tela-2024-01-04-134502.png","datePublished":"2024-01-03T17:59:55+00:00","dateModified":"2024-04-17T17:57:05+00:00","breadcrumb":{"@id":"https:\/\/redelog.rj.gov.br\/redelog\/documento-de-oficializacao-de-demanda\/#breadcrumb"},"inLanguage":"pt-BR","potentialAction":[{"@type":"ReadAction","target":["https:\/\/redelog.rj.gov.br\/redelog\/documento-de-oficializacao-de-demanda\/"]}]},{"@type":"ImageObject","inLanguage":"pt-BR","@id":"https:\/\/redelog.rj.gov.br\/redelog\/documento-de-oficializacao-de-demanda\/#primaryimage","url":"https:\/\/www.redelog.rj.gov.br\/redelog\/wp-content\/uploads\/2024\/01\/Captura-de-tela-2024-01-04-134502.png","contentUrl":"https:\/\/www.redelog.rj.gov.br\/redelog\/wp-content\/uploads\/2024\/01\/Captura-de-tela-2024-01-04-134502.png"},{"@type":"BreadcrumbList","@id":"https:\/\/redelog.rj.gov.br\/redelog\/documento-de-oficializacao-de-demanda\/#breadcrumb","itemListElement":[{"@type":"ListItem","position":1,"name":"Home","item":"https:\/\/redelog.rj.gov.br\/redelog\/"},{"@type":"ListItem","position":2,"name":"DOCUMENTO DE OFICIALIZA\u00c7\u00c3O DE DEMANDA"}]},{"@type":"WebSite","@id":"https:\/\/redelog.rj.gov.br\/redelog\/#website","url":"https:\/\/redelog.rj.gov.br\/redelog\/","name":"Redelog","description":"Site da Rede de Log\u00edstica e Planejamento do Estado do Rio de Janeiro","publisher":{"@id":"https:\/\/redelog.rj.gov.br\/redelog\/#organization"},"potentialAction":[{"@type":"SearchAction","target":{"@type":"EntryPoint","urlTemplate":"https:\/\/redelog.rj.gov.br\/redelog\/?s={search_term_string}"},"query-input":{"@type":"PropertyValueSpecification","valueRequired":true,"valueName":"search_term_string"}}],"inLanguage":"pt-BR"},{"@type":"Organization","@id":"https:\/\/redelog.rj.gov.br\/redelog\/#organization","name":"REDELOG","url":"https:\/\/redelog.rj.gov.br\/redelog\/","logo":{"@type":"ImageObject","inLanguage":"pt-BR","@id":"https:\/\/redelog.rj.gov.br\/redelog\/#\/schema\/logo\/image\/","url":"http:\/\/10.10.8.100:8888\/redelog\/wp-content\/uploads\/2019\/09\/Redelog2.png","contentUrl":"http:\/\/10.10.8.100:8888\/redelog\/wp-content\/uploads\/2019\/09\/Redelog2.png","width":565,"height":155,"caption":"REDELOG"},"image":{"@id":"https:\/\/redelog.rj.gov.br\/redelog\/#\/schema\/logo\/image\/"}},{"@type":"Person","@id":"https:\/\/redelog.rj.gov.br\/redelog\/#\/schema\/person\/dd6a5779d3028a21ef65c6e4af7c1edb","name":"Luisa Maravilhas de Carvalho","image":{"@type":"ImageObject","inLanguage":"pt-BR","@id":"https:\/\/redelog.rj.gov.br\/redelog\/#\/schema\/person\/image\/","url":"https:\/\/secure.gravatar.com\/avatar\/42eea343007bb4bb43265a1df0b9eebe3b0ff8ee578355b2f834803cdddc604a?s=96&d=mm&r=g","contentUrl":"https:\/\/secure.gravatar.com\/avatar\/42eea343007bb4bb43265a1df0b9eebe3b0ff8ee578355b2f834803cdddc604a?s=96&d=mm&r=g","caption":"Luisa Maravilhas de Carvalho"},"url":"https:\/\/redelog.rj.gov.br\/redelog\/author\/luisa-carvalho\/"}]}},"_links":{"self":[{"href":"https:\/\/redelog.rj.gov.br\/redelog\/wp-json\/wp\/v2\/posts\/26951","targetHints":{"allow":["GET"]}}],"collection":[{"href":"https:\/\/redelog.rj.gov.br\/redelog\/wp-json\/wp\/v2\/posts"}],"about":[{"href":"https:\/\/redelog.rj.gov.br\/redelog\/wp-json\/wp\/v2\/types\/post"}],"author":[{"embeddable":true,"href":"https:\/\/redelog.rj.gov.br\/redelog\/wp-json\/wp\/v2\/users\/25"}],"replies":[{"embeddable":true,"href":"https:\/\/redelog.rj.gov.br\/redelog\/wp-json\/wp\/v2\/comments?post=26951"}],"version-history":[{"count":142,"href":"https:\/\/redelog.rj.gov.br\/redelog\/wp-json\/wp\/v2\/posts\/26951\/revisions"}],"predecessor-version":[{"id":29628,"href":"https:\/\/redelog.rj.gov.br\/redelog\/wp-json\/wp\/v2\/posts\/26951\/revisions\/29628"}],"wp:attachment":[{"href":"https:\/\/redelog.rj.gov.br\/redelog\/wp-json\/wp\/v2\/media?parent=26951"}],"wp:term":[{"taxonomy":"category","embeddable":true,"href":"https:\/\/redelog.rj.gov.br\/redelog\/wp-json\/wp\/v2\/categories?post=26951"},{"taxonomy":"post_tag","embeddable":true,"href":"https:\/\/redelog.rj.gov.br\/redelog\/wp-json\/wp\/v2\/tags?post=26951"}],"curies":[{"name":"wp","href":"https:\/\/api.w.org\/{rel}","templated":true}]}}