{"id":26923,"date":"2023-12-29T13:20:38","date_gmt":"2023-12-29T16:20:38","guid":{"rendered":"https:\/\/redelog.rj.gov.br\/redelog\/?p=26923"},"modified":"2025-05-26T11:39:06","modified_gmt":"2025-05-26T14:39:06","slug":"resolucao-seplag-no-262-de-27-de-dezembro-de-2023-2","status":"publish","type":"post","link":"https:\/\/redelog.rj.gov.br\/redelog\/resolucao-seplag-no-262-de-27-de-dezembro-de-2023-2\/","title":{"rendered":"RESOLU\u00c7\u00c3O SEPLAG N\u00ba 262, DE 27 DE DEZEMBRO DE 2023"},"content":{"rendered":"\t\t<div data-elementor-type=\"wp-post\" data-elementor-id=\"26923\" class=\"elementor elementor-26923\" data-elementor-post-type=\"post\">\n\t\t\t\t\t\t<section class=\"elementor-section elementor-top-section elementor-element elementor-element-a65b600 elementor-section-boxed elementor-section-height-default elementor-section-height-default\" data-id=\"a65b600\" data-element_type=\"section\" data-settings=\"{&quot;jet_parallax_layout_list&quot;:[{&quot;jet_parallax_layout_image&quot;:{&quot;url&quot;:&quot;&quot;,&quot;id&quot;:&quot;&quot;,&quot;size&quot;:&quot;&quot;},&quot;_id&quot;:&quot;3d8c7a9&quot;,&quot;jet_parallax_layout_image_tablet&quot;:{&quot;url&quot;:&quot;&quot;,&quot;id&quot;:&quot;&quot;,&quot;size&quot;:&quot;&quot;},&quot;jet_parallax_layout_image_mobile&quot;:{&quot;url&quot;:&quot;&quot;,&quot;id&quot;:&quot;&quot;,&quot;size&quot;:&quot;&quot;},&quot;jet_parallax_layout_speed&quot;:{&quot;unit&quot;:&quot;%&quot;,&quot;size&quot;:50,&quot;sizes&quot;:[]},&quot;jet_parallax_layout_type&quot;:&quot;scroll&quot;,&quot;jet_parallax_layout_direction&quot;:&quot;1&quot;,&quot;jet_parallax_layout_fx_direction&quot;:null,&quot;jet_parallax_layout_z_index&quot;:&quot;&quot;,&quot;jet_parallax_layout_bg_x&quot;:50,&quot;jet_parallax_layout_bg_x_tablet&quot;:&quot;&quot;,&quot;jet_parallax_layout_bg_x_mobile&quot;:&quot;&quot;,&quot;jet_parallax_layout_bg_y&quot;:50,&quot;jet_parallax_layout_bg_y_tablet&quot;:&quot;&quot;,&quot;jet_parallax_layout_bg_y_mobile&quot;:&quot;&quot;,&quot;jet_parallax_layout_bg_size&quot;:&quot;auto&quot;,&quot;jet_parallax_layout_bg_size_tablet&quot;:&quot;&quot;,&quot;jet_parallax_layout_bg_size_mobile&quot;:&quot;&quot;,&quot;jet_parallax_layout_animation_prop&quot;:&quot;transform&quot;,&quot;jet_parallax_layout_on&quot;:[&quot;desktop&quot;,&quot;tablet&quot;]}]}\">\n\t\t\t\t\t\t<div class=\"elementor-container elementor-column-gap-default\">\n\t\t\t\t\t<div class=\"elementor-column elementor-col-100 elementor-top-column elementor-element elementor-element-0de4a12\" data-id=\"0de4a12\" data-element_type=\"column\">\n\t\t\t<div class=\"elementor-widget-wrap elementor-element-populated\">\n\t\t\t\t\t\t<section class=\"elementor-section elementor-inner-section elementor-element elementor-element-d5d2edd elementor-section-boxed elementor-section-height-default elementor-section-height-default\" data-id=\"d5d2edd\" data-element_type=\"section\" data-settings=\"{&quot;jet_parallax_layout_list&quot;:[{&quot;jet_parallax_layout_image&quot;:{&quot;url&quot;:&quot;&quot;,&quot;id&quot;:&quot;&quot;,&quot;size&quot;:&quot;&quot;},&quot;_id&quot;:&quot;d18c394&quot;,&quot;jet_parallax_layout_image_tablet&quot;:{&quot;url&quot;:&quot;&quot;,&quot;id&quot;:&quot;&quot;,&quot;size&quot;:&quot;&quot;},&quot;jet_parallax_layout_image_mobile&quot;:{&quot;url&quot;:&quot;&quot;,&quot;id&quot;:&quot;&quot;,&quot;size&quot;:&quot;&quot;},&quot;jet_parallax_layout_speed&quot;:{&quot;unit&quot;:&quot;%&quot;,&quot;size&quot;:50,&quot;sizes&quot;:[]},&quot;jet_parallax_layout_type&quot;:&quot;scroll&quot;,&quot;jet_parallax_layout_direction&quot;:&quot;1&quot;,&quot;jet_parallax_layout_fx_direction&quot;:null,&quot;jet_parallax_layout_z_index&quot;:&quot;&quot;,&quot;jet_parallax_layout_bg_x&quot;:50,&quot;jet_parallax_layout_bg_x_tablet&quot;:&quot;&quot;,&quot;jet_parallax_layout_bg_x_mobile&quot;:&quot;&quot;,&quot;jet_parallax_layout_bg_y&quot;:50,&quot;jet_parallax_layout_bg_y_tablet&quot;:&quot;&quot;,&quot;jet_parallax_layout_bg_y_mobile&quot;:&quot;&quot;,&quot;jet_parallax_layout_bg_size&quot;:&quot;auto&quot;,&quot;jet_parallax_layout_bg_size_tablet&quot;:&quot;&quot;,&quot;jet_parallax_layout_bg_size_mobile&quot;:&quot;&quot;,&quot;jet_parallax_layout_animation_prop&quot;:&quot;transform&quot;,&quot;jet_parallax_layout_on&quot;:[&quot;desktop&quot;,&quot;tablet&quot;]}]}\">\n\t\t\t\t\t\t<div class=\"elementor-container elementor-column-gap-default\">\n\t\t\t\t\t<div class=\"elementor-column elementor-col-50 elementor-inner-column elementor-element elementor-element-75aa52e\" data-id=\"75aa52e\" data-element_type=\"column\">\n\t\t\t<div class=\"elementor-widget-wrap\">\n\t\t\t\t\t\t\t<\/div>\n\t\t<\/div>\n\t\t\t\t<div class=\"elementor-column elementor-col-50 elementor-inner-column elementor-element elementor-element-504557e\" data-id=\"504557e\" data-element_type=\"column\">\n\t\t\t<div class=\"elementor-widget-wrap elementor-element-populated\">\n\t\t\t\t\t\t<div class=\"elementor-element elementor-element-8e6a477 elementor-widget elementor-widget-text-editor\" data-id=\"8e6a477\" data-element_type=\"widget\" data-widget_type=\"text-editor.default\">\n\t\t\t\t\t\t\t\t\t<p style=\"text-align: justify;\"><b>ESTABELECE PLANO DE TRABALHO PARA A REGULAMENTA\u00c7\u00c3O E IMPLEMENTA\u00c7\u00c3O DA LEI N\u00ba 14.133, DE 1\u00ba DE ABRIL DE 2021, LEI DE LICITA\u00c7\u00d5ES E CONTRATOS, NO \u00c2MBITO DO PODER EXECUTIVO DO ESTADO DO RIO DE JANEIRO<\/b><\/p>\t\t\t\t\t\t\t\t<\/div>\n\t\t\t\t\t<\/div>\n\t\t<\/div>\n\t\t\t\t\t<\/div>\n\t\t<\/section>\n\t\t\t\t\t<\/div>\n\t\t<\/div>\n\t\t\t\t\t<\/div>\n\t\t<\/section>\n\t\t\t\t<section class=\"elementor-section elementor-top-section elementor-element elementor-element-e9eb70d elementor-section-boxed elementor-section-height-default elementor-section-height-default\" data-id=\"e9eb70d\" data-element_type=\"section\" data-settings=\"{&quot;jet_parallax_layout_list&quot;:[{&quot;jet_parallax_layout_image&quot;:{&quot;url&quot;:&quot;&quot;,&quot;id&quot;:&quot;&quot;,&quot;size&quot;:&quot;&quot;},&quot;_id&quot;:&quot;cb58ad5&quot;,&quot;jet_parallax_layout_image_tablet&quot;:{&quot;url&quot;:&quot;&quot;,&quot;id&quot;:&quot;&quot;,&quot;size&quot;:&quot;&quot;},&quot;jet_parallax_layout_image_mobile&quot;:{&quot;url&quot;:&quot;&quot;,&quot;id&quot;:&quot;&quot;,&quot;size&quot;:&quot;&quot;},&quot;jet_parallax_layout_speed&quot;:{&quot;unit&quot;:&quot;%&quot;,&quot;size&quot;:50,&quot;sizes&quot;:[]},&quot;jet_parallax_layout_type&quot;:&quot;scroll&quot;,&quot;jet_parallax_layout_direction&quot;:&quot;1&quot;,&quot;jet_parallax_layout_fx_direction&quot;:null,&quot;jet_parallax_layout_z_index&quot;:&quot;&quot;,&quot;jet_parallax_layout_bg_x&quot;:50,&quot;jet_parallax_layout_bg_x_tablet&quot;:&quot;&quot;,&quot;jet_parallax_layout_bg_x_mobile&quot;:&quot;&quot;,&quot;jet_parallax_layout_bg_y&quot;:50,&quot;jet_parallax_layout_bg_y_tablet&quot;:&quot;&quot;,&quot;jet_parallax_layout_bg_y_mobile&quot;:&quot;&quot;,&quot;jet_parallax_layout_bg_size&quot;:&quot;auto&quot;,&quot;jet_parallax_layout_bg_size_tablet&quot;:&quot;&quot;,&quot;jet_parallax_layout_bg_size_mobile&quot;:&quot;&quot;,&quot;jet_parallax_layout_animation_prop&quot;:&quot;transform&quot;,&quot;jet_parallax_layout_on&quot;:[&quot;desktop&quot;,&quot;tablet&quot;]}]}\">\n\t\t\t\t\t\t<div class=\"elementor-container elementor-column-gap-default\">\n\t\t\t\t\t<div class=\"elementor-column elementor-col-100 elementor-top-column elementor-element elementor-element-78ea9eb\" data-id=\"78ea9eb\" data-element_type=\"column\">\n\t\t\t<div class=\"elementor-widget-wrap elementor-element-populated\">\n\t\t\t\t\t\t<div class=\"elementor-element elementor-element-a089482 elementor-widget elementor-widget-text-editor\" data-id=\"a089482\" data-element_type=\"widget\" data-widget_type=\"text-editor.default\">\n\t\t\t\t\t\t\t\t\t<p style=\"font-weight: 400;\">O <strong>SECRET\u00c1RIO DE ESTADO DE PLANEJAMENTO E GEST\u00c3<\/strong>O, no uso de suas atribui\u00e7\u00f5es legais e regulamentares, de acordo com o \u00a72\u00ba do art. 2\u00ba, do Decreto n\u00ba 47.680, de de 12 de julho de 2021, alterado pelo Decreto n.\u00ba 48.855, de 18 de dezembro de 2023, e consoante os termos do Processo Administrativo n\u00ba SEI-120001\/005494\/2023;<\/p><p style=\"font-weight: 400;\">CONSIDERANDO:<\/p><p style=\"font-weight: 400;\">\u2013\u00a0a publica\u00e7\u00e3o da Lei n\u00ba 14.133, de 1\u00b0 de abril de 2021, Lei de Licita\u00e7\u00f5es e Contratos, que imp\u00f5e a necessidade de regulamenta\u00e7\u00e3o de diversas mat\u00e9rias;<\/p><p style=\"font-weight: 400;\">\u2013\u00a0a necessidade de dispor sobre o funcionamento dos Comit\u00eas Executivo e T\u00e9cnico de Governan\u00e7a em Contrata\u00e7\u00f5es P\u00fablicas;<\/p><p style=\"font-weight: 400;\">RESOLVE:<\/p><p style=\"font-weight: 400;\">Art. 1\u00ba &#8211;\u00a0Fica estabelecido o Plano de Trabalho de regulamenta\u00e7\u00e3o da Lei n\u00ba 14.133\/2021, no \u00e2mbito do Poder Executivo do Estado do Rio de Janeiro, de que trata o \u00a72\u00ba do art. 2\u00ba, do Decreto n\u00ba 47.680, de 12 de julho de 2021, alterado pelo Decreto n.\u00ba 48.855, de 18 de dezembro de 2023, bem como normas complementares \u00e0s disposi\u00e7\u00f5es do Comit\u00ea Executivo de Governan\u00e7a em Contrata\u00e7\u00f5es P\u00fablicas e do Comit\u00ea T\u00e9cnico de Governan\u00e7a em Contrata\u00e7\u00f5es P\u00fablicas, na forma do Anexo \u00danico desta Resolu\u00e7\u00e3o.<\/p><p style=\"font-weight: 400;\">Art. 2\u00ba &#8211;\u00a0\u00a0A Subsecretaria de Log\u00edstica poder\u00e1 promover altera\u00e7\u00f5es no Plano de Trabalho constante do Anexo \u00danico desta Resolu\u00e7\u00e3o, conforme a necessidade.<\/p><p style=\"font-weight: 400;\">Art. 3\u00ba &#8211;\u00a0Esta Resolu\u00e7\u00e3o entra em vigor na data de sua publica\u00e7\u00e3o, ficando revogada a Resolu\u00e7\u00e3o SEPLAG n\u00ba 105, de 10 de fevereiro de 2022.<\/p><p class=\"Texto_Justificado_Recuo_Primeira_Linha\" style=\"text-align: center;\">Rio de Janeiro, \u00a027\u00a0 de dezembro de 2023<\/p><p class=\"Tabela_Texto_Centralizado\" style=\"text-align: center;\"><a target=\"_blank\" name=\"_Hlk152609977\"><\/a><b>ADILSON DE FARIA MACIEL<\/b><\/p><p class=\"Tabela_Texto_Centralizado\" style=\"text-align: center;\">Secret\u00e1rio de Estado de Planejamento e Gest\u00e3o<\/p><p class=\"Tabela_Texto_Centralizado\" style=\"text-align: center;\">ANEXO \u00daNICO<\/p><p class=\"Texto_Justificado\" style=\"text-align: center;\"><b>PLANO DE TRABALHO<\/b><\/p><p class=\"Texto_Justificado\"><strong>REGULAMENTA\u00c7\u00c3O E IMPLEMENTA\u00c7\u00c3O DA LEI N\u00ba 14.133, DE 1\u00ba DE ABRIL DE 2021, LEI DE LICITA\u00c7\u00d5ES E CONTRATOS ADMINISTRATIVOS, E FUNCIONAMENTO DOS COMIT\u00caS EXECUTIVO E T\u00c9CNICO DE GOVERNAN\u00c7A EM CONTRATA\u00c7\u00d5ES P\u00daBLICAS, NO \u00c2MBITO DA ADMINISTRA\u00c7\u00c3O P\u00daBLICA ESTADUAL DIRETA, AUT\u00c1RQUICA E FUNDACIONAL.<\/strong><\/p><p style=\"font-weight: 400;\"><strong>Sum\u00e1rio:<\/strong><\/p><ol><li style=\"font-weight: 400;\"><strong> Justificativa<\/strong><\/li><li style=\"font-weight: 400;\"><strong> Objetivo<\/strong><\/li><li style=\"font-weight: 400;\"><strong> Plano de A\u00e7\u00e3o<\/strong><\/li><li style=\"font-weight: 400;\"><strong> Comit\u00eas de Governan\u00e7a em Contrata\u00e7\u00f5es P\u00fablicas<\/strong><\/li><\/ol><p style=\"font-weight: 400; padding-left: 40px;\">4.1. Da designa\u00e7\u00e3o<\/p><p style=\"font-weight: 400; padding-left: 80px;\">4.1.1. Representa\u00e7\u00e3o<\/p><p style=\"font-weight: 400; padding-left: 40px;\">4.2. Da composi\u00e7\u00e3o<\/p><p style=\"font-weight: 400; padding-left: 80px;\">4.2.1. Comit\u00ea Executivo de Governan\u00e7a em Contrata\u00e7\u00f5es P\u00fablicas<\/p><p style=\"font-weight: 400; padding-left: 80px;\">4.2.2. Comit\u00ea T\u00e9cnico de Governan\u00e7a em Contrata\u00e7\u00f5es P\u00fablicas<\/p><p style=\"font-weight: 400; padding-left: 40px;\">4.3. Das Atribui\u00e7\u00f5es<\/p><p style=\"font-weight: 400; padding-left: 40px;\">4.4. Da Comunica\u00e7\u00e3o<\/p><p style=\"font-weight: 400; padding-left: 40px;\">4.5. Da Proposi\u00e7\u00e3o das Minutas<\/p><ol start=\"5\"><li style=\"font-weight: 400;\"><strong> Atua\u00e7\u00e3o das Redes de Log\u00edstica<\/strong><\/li><li style=\"font-weight: 400;\"><strong> N\u00e3o escopo do Plano de Trabalho<\/strong><\/li><li style=\"font-weight: 400;\"><strong> Mat\u00e9rias objeto de regulamenta\u00e7\u00e3o<\/strong><\/li><\/ol><ol><li style=\"font-weight: 400;\"><strong> Justificativa<\/strong><\/li><\/ol><p style=\"font-weight: 400;\">Em 1\u00ba de abril de 2021, foi publicada a Lei n.\u00ba 14.133, que estabeleceu novas normas gerais de licita\u00e7\u00e3o e contrata\u00e7\u00e3o para as Administra\u00e7\u00f5es P\u00fablicas diretas, aut\u00e1rquicas e fundacionais da Uni\u00e3o, dos Estados, do Distrito Federal e dos Munic\u00edpios.<\/p><p style=\"font-weight: 400;\">A Nova Lei de Licita\u00e7\u00f5es e Contratos Administrativos trouxe diversos dispositivos que dependem de regulamenta\u00e7\u00e3o para produzirem todos os seus efeitos, inviabilizando sua execu\u00e7\u00e3o imediata com seguran\u00e7a jur\u00eddica pelos agentes p\u00fablicos estaduais.<\/p><p style=\"font-weight: 400;\">Al\u00e9m disso, alguns normativos estaduais vigentes precisar\u00e3o ser revisados e atualizados ante a necessidade de adapta\u00e7\u00e3o \u00e0s novas regras editadas para o tema de licita\u00e7\u00f5es e contrata\u00e7\u00f5es.<\/p><p style=\"font-weight: 400;\">Com a complexidade inerente \u00e0 implementa\u00e7\u00e3o de um novo regime jur\u00eddico de licita\u00e7\u00f5es e contratos, \u00e9 preciso planejar uma transi\u00e7\u00e3o da Lei n\u00ba 8.666, de 21 de junho de 1993, para a Lei n\u00ba 14.133, de 1\u00ba de abril de 2021.<\/p><ol start=\"2\"><li style=\"font-weight: 400;\"><strong> Objetivo<\/strong><\/li><\/ol><p style=\"font-weight: 400;\">Adequar os processos de contrata\u00e7\u00e3o proporcionando uma clara e segura transi\u00e7\u00e3o do regime jur\u00eddico vigente.<\/p><p style=\"font-weight: 400;\">Para realizar essa atividade foram criados, sem aumento de despesa, os Comit\u00eas Executivo e T\u00e9cnico de Governan\u00e7a em Contrata\u00e7\u00f5es P\u00fablicas, que ser\u00e3o tratados no item 4.<\/p><p style=\"font-weight: 400;\">Assim, o presente Plano de Trabalho define as mat\u00e9rias que ser\u00e3o regulamentadas pelos Comit\u00eas Executivo e T\u00e9cnico de Governan\u00e7a em Contrata\u00e7\u00f5es P\u00fablicas, de acordo com item 7, de modo a permitir que os agentes administrativos possam aplicar a norma com seguran\u00e7a e efici\u00eancia.<\/p><ol start=\"3\"><li style=\"font-weight: 400;\"><strong> Plano de A\u00e7\u00e3o<\/strong><\/li><\/ol><p style=\"font-weight: 400;\">As atividades necess\u00e1rias \u00e0 elabora\u00e7\u00e3o de propostas de normativos referentes \u00e0 regulamenta\u00e7\u00e3o da Lei n\u00ba 14.133, de 2021, no \u00e2mbito do Poder Executivo do Estado do Rio de Janeiro, ser\u00e3o realizadas sob a coordena\u00e7\u00e3o da SEPLAG, por meio do Comit\u00ea Executivo de Governan\u00e7a em Contrata\u00e7\u00f5es P\u00fablicas.<\/p><p style=\"font-weight: 400;\">Nos casos em que a mat\u00e9ria objeto de regulamenta\u00e7\u00e3o for dotada de complexidade e especificidade, o Comit\u00ea T\u00e9cnico de Governan\u00e7a em Contrata\u00e7\u00f5es P\u00fablicas poder\u00e1 ser convocado para participar dos trabalhos de constru\u00e7\u00e3o e an\u00e1lise das propostas de normativos.<\/p><p style=\"font-weight: 400;\">Servidores de outros \u00f3rg\u00e3os ou entidades estaduais que n\u00e3o fazem parte do Comit\u00ea T\u00e9cnico de Governan\u00e7a em Contrata\u00e7\u00f5es P\u00fablicas e que tenham v\u00ednculo tem\u00e1tico entre o objeto da norma a ser elaborada e seu respectivo campo funcional, poder\u00e3o participar dos trabalhos de constru\u00e7\u00e3o de normativos, desde que devidamente autorizados pela SEPLAG.<\/p><ol start=\"4\"><li style=\"font-weight: 400;\"><strong> Comit\u00eas de Governan\u00e7a em Contrata\u00e7\u00f5es P\u00fablicas<\/strong><\/li><\/ol><p style=\"font-weight: 400;\"><strong>4.1. Designa\u00e7\u00e3o<\/strong><\/p><p style=\"font-weight: 400;\">Os membros de cada Comit\u00ea ser\u00e3o designados por meio de Portaria da Subsecretaria de Log\u00edstica &#8211; SUBLOG da SEPLAG, na fun\u00e7\u00e3o de \u00d3rg\u00e3o Central do Sistema Log\u00edstico e de coordenadora das atividades dos Comit\u00eas.<\/p><p style=\"font-weight: 400;\"><strong>4.1.1. Representa\u00e7\u00e3o<\/strong><\/p><p style=\"font-weight: 400;\">Os membros que comp\u00f5em os Comit\u00eas Executivo e T\u00e9cnico de Governan\u00e7a em Contrata\u00e7\u00f5es P\u00fablicas representar\u00e3o seus respectivos \u00f3rg\u00e3os ou entidades na tomada de decis\u00f5es, nos limites das atribui\u00e7\u00f5es que lhes competem este Plano de Trabalho e de acordo com o\u00a0Decreto n\u00ba 47.680, de 12 de julho de 2021, alterado pelo Decreto n.\u00ba 48.855, de 18 de dezembro de 2023.<\/p><p style=\"font-weight: 400;\"><strong>4.2. Da Composi\u00e7\u00e3o<\/strong><\/p><p style=\"font-weight: 400;\"><strong>4.2.1. Comit\u00ea Executivo de Governan\u00e7a em Contrata\u00e7\u00f5es P\u00fablicas &#8211; COMEGCP<\/strong><\/p><p style=\"font-weight: 400;\">O Comit\u00ea Executivo de Governan\u00e7a em Contrata\u00e7\u00f5es P\u00fablicas \u00e9 composto pelos seguintes \u00f3rg\u00e3os:<\/p><p style=\"font-weight: 400;\">I &#8211; Secretaria de Estado de Planejamento e Gest\u00e3o \u2013 SEPLAG;<\/p><p style=\"font-weight: 400;\">II &#8211; Procuradoria Geral do Estado \u2013 PGE;<\/p><p style=\"font-weight: 400;\">III &#8211; Controladoria Geral do Estado \u2013 CGE; e<\/p><p style=\"font-weight: 400;\">IV &#8211; Secretaria de Estado da Casa Civil &#8211; SECC.<\/p><p style=\"font-weight: 400;\"><strong>4.2.2. Comit\u00ea T\u00e9cnico de Governan\u00e7a em Contrata\u00e7\u00f5es P\u00fablicas &#8211; COMTGCP<\/strong><\/p><p style=\"font-weight: 400;\">O Comit\u00ea T\u00e9cnico de Governan\u00e7a em Contrata\u00e7\u00f5es P\u00fablicas \u00e9 composto pelos seguintes \u00f3rg\u00e3os\/entidades:<\/p><p style=\"font-weight: 400;\">I &#8211; Secretaria de Estado de Planejamento e Gest\u00e3o \u2013 SEPLAG;<\/p><p style=\"font-weight: 400;\">II &#8211; Secretaria de Estado de Pol\u00edcia Militar \u2013 SEPM;<\/p><p style=\"font-weight: 400;\">III &#8211; Secretaria de Estado de Pol\u00edcia Civil \u2013 SEPOL;<\/p><p style=\"font-weight: 400;\">IV &#8211; Secretaria de Estado de Defesa Civil \u2013 SEDEC;<\/p><p style=\"font-weight: 400;\">V &#8211; Secretaria de Estado de Sa\u00fade \u2013 SES;<\/p><p style=\"font-weight: 400;\">VI &#8211; Secretaria de Estado de Educa\u00e7\u00e3o \u2013 SEEDUC;<\/p><p style=\"font-weight: 400;\">VII &#8211; Secretaria de Estado de Fazenda &#8211; SEFAZ;<\/p><p style=\"font-weight: 400;\">VIII &#8211; Secretaria de Estado de Infraestrutura e Obras P\u00fablicas &#8211; SEIOP; e<\/p><p style=\"font-weight: 400;\">IX &#8211; Departamento de Tr\u00e2nsito do Estado do Rio de Janeiro \u2013 DETRAN.<\/p><p style=\"font-weight: 400;\"><strong>4.3. Das Atribui\u00e7\u00f5es<\/strong><\/p><p style=\"padding-left: 40px;\">A. A Secretaria de Estado de Planejamento e Gest\u00e3o, na coordena\u00e7\u00e3o das atividades dos Comit\u00eas Executivo e T\u00e9cnico de Governan\u00e7a em Contrata\u00e7\u00f5es P\u00fablicas, tem como atribui\u00e7\u00f5es:<\/p><p style=\"font-weight: 400;\">I &#8211; Coordenar as atividades dos Comit\u00eas Executivo e T\u00e9cnico de Governan\u00e7a em Contrata\u00e7\u00f5es P\u00fablicas;<\/p><p style=\"font-weight: 400;\">II &#8211; Definir o Plano de A\u00e7\u00e3o;<\/p><p style=\"font-weight: 400;\">III &#8211; Propor cronograma de atividades para o funcionamento dos Comit\u00eas;<\/p><p style=\"font-weight: 400;\">IV &#8211; Definir a data, hora e forma de realiza\u00e7\u00e3o de cada reuni\u00e3o;<\/p><p style=\"font-weight: 400;\">V &#8211; Convocar as reuni\u00f5es;<\/p><p style=\"font-weight: 400;\">VI &#8211; Definir a pauta de cada reuni\u00e3o;<\/p><p style=\"font-weight: 400;\">VII &#8211; Elaborar as propostas de normativos;<\/p><p style=\"font-weight: 400;\">VIII &#8211; Consolidar as propostas de normativos de acordo com as delibera\u00e7\u00f5es do Comit\u00eas;<\/p><p style=\"font-weight: 400;\">IX &#8211; Realizar Consulta P\u00fablica das propostas de normativos e consolidar as contribui\u00e7\u00f5es, quando cab\u00edvel; e<\/p><p style=\"font-weight: 400;\">X &#8211; Criar processo para instru\u00e7\u00e3o do normativo \u00e0 publica\u00e7\u00e3o.<\/p><p style=\"padding-left: 40px;\">B. O Comit\u00ea Executivo de Governan\u00e7a em Contrata\u00e7\u00f5es P\u00fablicas tem como atribui\u00e7\u00f5es:<\/p><p style=\"font-weight: 400;\">I &#8211; Deliberar sobre as propostas de normativos;<\/p><p style=\"font-weight: 400;\">II &#8211; Deliberar sobre a necessidade de proposi\u00e7\u00e3o ou revis\u00e3o de atos normativos; e<\/p><p style=\"font-weight: 400;\">III &#8211; Deliberar sobre pedidos de esclarecimentos de car\u00e1ter jur\u00eddico e t\u00e9cnico, oriundos do Comit\u00ea T\u00e9cnico.<\/p><p style=\"padding-left: 40px;\">C. O Comit\u00ea T\u00e9cnico de Governan\u00e7a em Contrata\u00e7\u00f5es P\u00fablicas tem como atribui\u00e7\u00f5es:<\/p><p style=\"font-weight: 400;\">I &#8211; Analisar e revisar as propostas de normativos, conforme necessidade;<\/p><p style=\"font-weight: 400;\">II &#8211; Sugerir a proposi\u00e7\u00e3o ou revis\u00e3o de atos normativos; e<\/p><p style=\"font-weight: 400;\">III &#8211; Elaborar propostas de normativos quando solicitado pela SEPLAG ou pelo Comit\u00ea Executivo de Governan\u00e7a em Contrata\u00e7\u00f5es P\u00fablicas.<\/p><p style=\"font-weight: 400;\"><strong>4.4. Da Comunica\u00e7\u00e3o<\/strong><\/p><p style=\"padding-left: 40px;\">A. A comunica\u00e7\u00e3o dos Comit\u00eas ocorrer\u00e1 mediante encaminhamento de of\u00edcio via Sistema Eletr\u00f4nico de Informa\u00e7\u00f5es &#8211; SEI, pela SEPLAG, para o \u00f3rg\u00e3o participante em sua respectiva unidade.<\/p><p style=\"padding-left: 40px;\">B. Os documentos encaminhados para provid\u00eancia dos membros dos Comit\u00eas, ser\u00e3o tidos por conhecidos e aceitos caso n\u00e3o haja manifesta\u00e7\u00e3o do destinat\u00e1rio no prazo definido.<\/p><p style=\"font-weight: 400;\"><strong>4.5. Da Proposi\u00e7\u00e3o das Minutas<\/strong><\/p><p style=\"padding-left: 40px;\">A. Os textos das minutas de normativos ser\u00e3o elaborados no \u00e2mbito do Comit\u00ea Executivo de Governan\u00e7a em Contrata\u00e7\u00f5es P\u00fablicas.<\/p><p style=\"padding-left: 40px;\">B. Quando o Comit\u00ea Executivo entender que determinada mat\u00e9ria objeto de regulamenta\u00e7\u00e3o \u00e9 dotada de complexidade ou especificidade t\u00e9cnica, o Comit\u00ea T\u00e9cnico poder\u00e1 ser convocado para participar dos trabalhos de constru\u00e7\u00e3o ou an\u00e1lise das propostas de normativos.<\/p><p style=\"padding-left: 40px;\">C. O Comit\u00ea Executivo dever\u00e1 aprovar todas as minutas dos normativos.<\/p><p style=\"padding-left: 40px;\">D. Com a proposta inicial conclu\u00edda, o texto poder\u00e1 ser colocado em Consulta P\u00fablica com o intuito de aperfei\u00e7oar os normativos estaduais, promovendo, desta forma, o di\u00e1logo com o cidad\u00e3o, os \u00f3rg\u00e3os e entidades que comp\u00f5em a administra\u00e7\u00e3o p\u00fablica estadual.<\/p><p style=\"padding-left: 40px;\">E. Ap\u00f3s a conclus\u00e3o da Consulta P\u00fablica, quando realizada, ser\u00e1 instru\u00eddo processo no Sistema Eletr\u00f4nico de Informa\u00e7\u00f5es \u2013 SEI RJ, por meio da unidade SEPLAG\/COMEGCP, para tramita\u00e7\u00e3o do ato normativo, visando sua aprova\u00e7\u00e3o e publica\u00e7\u00e3o no Di\u00e1rio Oficial do Estado do Estado do Rio de Janeiro.<\/p><ol start=\"5\"><li style=\"font-weight: 400;\"><strong> Atua\u00e7\u00e3o das Redes de Log\u00edstica<\/strong><\/li><\/ol><p style=\"padding-left: 40px;\">A. As Redes de Log\u00edstica possuem papel importante na divulga\u00e7\u00e3o de consultas, de forma que o maior n\u00famero poss\u00edvel de \u00f3rg\u00e3os e entidades possam contribuir com a elabora\u00e7\u00e3o dos normativos.<\/p><p style=\"padding-left: 40px;\">B. As Redes tamb\u00e9m possuem o papel de apoio \u00e0 implementa\u00e7\u00e3o da Lei n\u00ba 14.133, de 2021, atrav\u00e9s da divulga\u00e7\u00e3o da publica\u00e7\u00e3o de atos normativos, comunicados e acompanhamento da aplicabilidade da Lei para garantir que cada norma seja clara e efetiva.<\/p><p style=\"padding-left: 40px;\">C. O Portal da Redelog, institu\u00eddo pela resolu\u00e7\u00e3o SEPLAG n\u00ba 147, de 16 de agosto de 2022 servir\u00e1 como instrumento de publica\u00e7\u00e3o e divulga\u00e7\u00e3o dos normativos e eventuais consultas p\u00fablicas, conforme disp\u00f5e o seu art. 9\u00ba.<\/p><ol start=\"6\"><li style=\"font-weight: 400;\"><strong> N\u00e3o escopo do Plano de Trabalho<\/strong><\/li><\/ol><p style=\"font-weight: 400;\">N\u00e3o faz parte do escopo deste Plano de Trabalho a elabora\u00e7\u00e3o de normas referentes:<\/p><p style=\"padding-left: 40px;\">a) Ordem cronol\u00f3gica de pagamentos (art. 141);<\/p><p style=\"padding-left: 40px;\">b) Cart\u00e3o de pagamentos (art. 75, \u00a7 4\u00ba);<\/p><p style=\"padding-left: 40px;\">c) Adiantamento;<\/p><p style=\"padding-left: 40px;\">d) Padroniza\u00e7\u00e3o de software de uso disseminado (art. 43, \u00a72\u00ba);<\/p><p style=\"padding-left: 40px;\">e) Programa de integridade (artigo 25, \u00a74\u00ba);<\/p><p style=\"padding-left: 40px;\">f) Modelagem da Informa\u00e7\u00e3o da Constru\u00e7\u00e3o &#8211;<em>Building Information Modelling<\/em>\u2013 BIM (art. 19, \u00a73\u00ba);<\/p><p style=\"padding-left: 40px;\">g) Dispensa de licita\u00e7\u00e3o para Pesquisa e Desenvolvimento de obras e servi\u00e7os de engenharia (art. 75, \u00a75\u00ba);<\/p><p style=\"padding-left: 40px;\">h)Pesquisa de pre\u00e7os para contrata\u00e7\u00e3o de obras e servi\u00e7os de engenharia (Art. 23, \u00a72\u00ba);<\/p><p style=\"padding-left: 40px;\">i) Sistema Informatizado de Obras (Art. 19, III);<\/p><p style=\"padding-left: 40px;\">j) Crit\u00e9rios de sustentabilidade socioambiental nas contrata\u00e7\u00f5es p\u00fablicas (Art. 144); e<\/p><p style=\"padding-left: 40px;\">k) Gest\u00e3o de riscos e controle preventivo das Contrata\u00e7\u00f5es (art. 169).<\/p><p style=\"font-weight: 400;\">A regulamenta\u00e7\u00e3o dos assuntos constantes deste item 6 ficar\u00e1 a cargo dos \u00f3rg\u00e3os ou entidades respons\u00e1veis pelo respectivo tema, de acordo com o previsto no \u00a74\u00ba do art. 2\u00ba do\u00a0Decreto n\u00ba 47.680, de 12 de julho de 2021, alterado pelo Decreto n.\u00ba 48.855, de 18 de dezembro de 2023,\u00a0com o apoio t\u00e9cnico do Comit\u00ea Executivo de Governan\u00e7a em Contrata\u00e7\u00f5es P\u00fablicas, quando for o caso.<\/p><p style=\"text-align: right;\">\u00a0<\/p>\t\t\t\t\t\t\t\t<\/div>\n\t\t\t\t\t<\/div>\n\t\t<\/div>\n\t\t\t\t\t<\/div>\n\t\t<\/section>\n\t\t\t\t<section class=\"elementor-section elementor-top-section elementor-element elementor-element-50881e6 elementor-section-boxed elementor-section-height-default elementor-section-height-default\" data-id=\"50881e6\" data-element_type=\"section\" data-settings=\"{&quot;jet_parallax_layout_list&quot;:[{&quot;jet_parallax_layout_image&quot;:{&quot;url&quot;:&quot;&quot;,&quot;id&quot;:&quot;&quot;,&quot;size&quot;:&quot;&quot;},&quot;_id&quot;:&quot;6373655&quot;,&quot;jet_parallax_layout_image_tablet&quot;:{&quot;url&quot;:&quot;&quot;,&quot;id&quot;:&quot;&quot;,&quot;size&quot;:&quot;&quot;},&quot;jet_parallax_layout_image_mobile&quot;:{&quot;url&quot;:&quot;&quot;,&quot;id&quot;:&quot;&quot;,&quot;size&quot;:&quot;&quot;},&quot;jet_parallax_layout_speed&quot;:{&quot;unit&quot;:&quot;%&quot;,&quot;size&quot;:50,&quot;sizes&quot;:[]},&quot;jet_parallax_layout_type&quot;:&quot;scroll&quot;,&quot;jet_parallax_layout_direction&quot;:&quot;1&quot;,&quot;jet_parallax_layout_fx_direction&quot;:null,&quot;jet_parallax_layout_z_index&quot;:&quot;&quot;,&quot;jet_parallax_layout_bg_x&quot;:50,&quot;jet_parallax_layout_bg_x_tablet&quot;:&quot;&quot;,&quot;jet_parallax_layout_bg_x_mobile&quot;:&quot;&quot;,&quot;jet_parallax_layout_bg_y&quot;:50,&quot;jet_parallax_layout_bg_y_tablet&quot;:&quot;&quot;,&quot;jet_parallax_layout_bg_y_mobile&quot;:&quot;&quot;,&quot;jet_parallax_layout_bg_size&quot;:&quot;auto&quot;,&quot;jet_parallax_layout_bg_size_tablet&quot;:&quot;&quot;,&quot;jet_parallax_layout_bg_size_mobile&quot;:&quot;&quot;,&quot;jet_parallax_layout_animation_prop&quot;:&quot;transform&quot;,&quot;jet_parallax_layout_on&quot;:[&quot;desktop&quot;,&quot;tablet&quot;]}]}\">\n\t\t\t\t\t\t<div class=\"elementor-container elementor-column-gap-default\">\n\t\t\t\t\t<div class=\"elementor-column elementor-col-100 elementor-top-column elementor-element elementor-element-73ab448\" data-id=\"73ab448\" data-element_type=\"column\">\n\t\t\t<div class=\"elementor-widget-wrap elementor-element-populated\">\n\t\t\t\t\t\t<div class=\"elementor-element elementor-element-84ed081 elementor-widget elementor-widget-heading\" data-id=\"84ed081\" data-element_type=\"widget\" data-widget_type=\"heading.default\">\n\t\t\t\t\t<h4 class=\"elementor-heading-title elementor-size-default\">7. Mat\u00e9rias objeto de regulamenta\u00e7\u00e3o\n<\/h4>\t\t\t\t<\/div>\n\t\t\t\t<div class=\"elementor-element elementor-element-cbbaddd elementor-widget elementor-widget-image\" data-id=\"cbbaddd\" data-element_type=\"widget\" data-widget_type=\"image.default\">\n\t\t\t\t\t\t\t\t\t\t\t\t\t\t\t<img fetchpriority=\"high\" decoding=\"async\" width=\"852\" height=\"669\" src=\"https:\/\/redelog.rj.gov.br\/redelog\/wp-content\/uploads\/2023\/12\/tabela-1-1.jpg\" class=\"attachment-large size-large wp-image-26928\" alt=\"\" srcset=\"https:\/\/redelog.rj.gov.br\/redelog\/wp-content\/uploads\/2023\/12\/tabela-1-1.jpg 852w, https:\/\/redelog.rj.gov.br\/redelog\/wp-content\/uploads\/2023\/12\/tabela-1-1-300x236.jpg 300w, https:\/\/redelog.rj.gov.br\/redelog\/wp-content\/uploads\/2023\/12\/tabela-1-1-768x603.jpg 768w, https:\/\/redelog.rj.gov.br\/redelog\/wp-content\/uploads\/2023\/12\/tabela-1-1-600x471.jpg 600w\" sizes=\"(max-width: 852px) 100vw, 852px\" \/>\t\t\t\t\t\t\t\t\t\t\t\t\t\t\t<\/div>\n\t\t\t\t<div class=\"elementor-element elementor-element-ee63111 elementor-widget elementor-widget-image\" data-id=\"ee63111\" data-element_type=\"widget\" data-widget_type=\"image.default\">\n\t\t\t\t\t\t\t\t\t\t\t\t\t\t\t<img decoding=\"async\" width=\"850\" height=\"283\" data-src=\"https:\/\/redelog.rj.gov.br\/redelog\/wp-content\/uploads\/2023\/12\/tabela-2.jpg\" class=\"attachment-large size-large wp-image-26925 lazyload\" alt=\"\" data-srcset=\"https:\/\/redelog.rj.gov.br\/redelog\/wp-content\/uploads\/2023\/12\/tabela-2.jpg 850w, https:\/\/redelog.rj.gov.br\/redelog\/wp-content\/uploads\/2023\/12\/tabela-2-300x100.jpg 300w, https:\/\/redelog.rj.gov.br\/redelog\/wp-content\/uploads\/2023\/12\/tabela-2-768x256.jpg 768w, https:\/\/redelog.rj.gov.br\/redelog\/wp-content\/uploads\/2023\/12\/tabela-2-600x200.jpg 600w\" data-sizes=\"(max-width: 850px) 100vw, 850px\" src=\"data:image\/svg+xml;base64,PHN2ZyB3aWR0aD0iMSIgaGVpZ2h0PSIxIiB4bWxucz0iaHR0cDovL3d3dy53My5vcmcvMjAwMC9zdmciPjwvc3ZnPg==\" style=\"--smush-placeholder-width: 850px; --smush-placeholder-aspect-ratio: 850\/283;\" \/>\t\t\t\t\t\t\t\t\t\t\t\t\t\t\t<\/div>\n\t\t\t\t<div class=\"elementor-element elementor-element-5800afe elementor-widget elementor-widget-image\" data-id=\"5800afe\" data-element_type=\"widget\" data-widget_type=\"image.default\">\n\t\t\t\t\t\t\t\t\t\t\t\t\t\t\t<img decoding=\"async\" width=\"853\" height=\"591\" data-src=\"https:\/\/redelog.rj.gov.br\/redelog\/wp-content\/uploads\/2023\/12\/tabela-3.jpg\" class=\"attachment-large size-large wp-image-26926 lazyload\" alt=\"\" data-srcset=\"https:\/\/redelog.rj.gov.br\/redelog\/wp-content\/uploads\/2023\/12\/tabela-3.jpg 853w, https:\/\/redelog.rj.gov.br\/redelog\/wp-content\/uploads\/2023\/12\/tabela-3-300x208.jpg 300w, https:\/\/redelog.rj.gov.br\/redelog\/wp-content\/uploads\/2023\/12\/tabela-3-768x532.jpg 768w, https:\/\/redelog.rj.gov.br\/redelog\/wp-content\/uploads\/2023\/12\/tabela-3-600x416.jpg 600w\" data-sizes=\"(max-width: 853px) 100vw, 853px\" src=\"data:image\/svg+xml;base64,PHN2ZyB3aWR0aD0iMSIgaGVpZ2h0PSIxIiB4bWxucz0iaHR0cDovL3d3dy53My5vcmcvMjAwMC9zdmciPjwvc3ZnPg==\" style=\"--smush-placeholder-width: 853px; --smush-placeholder-aspect-ratio: 853\/591;\" \/>\t\t\t\t\t\t\t\t\t\t\t\t\t\t\t<\/div>\n\t\t\t\t<div class=\"elementor-element elementor-element-32dcc1f elementor-widget elementor-widget-image\" data-id=\"32dcc1f\" data-element_type=\"widget\" data-widget_type=\"image.default\">\n\t\t\t\t\t\t\t\t\t\t\t\t\t\t\t<img decoding=\"async\" width=\"1024\" height=\"346\" data-src=\"https:\/\/redelog.rj.gov.br\/redelog\/wp-content\/uploads\/2023\/12\/WhatsApp-Image-2025-05-26-at-11.28.37-1024x346.jpeg\" class=\"attachment-large size-large wp-image-33109 lazyload\" alt=\"\" data-srcset=\"https:\/\/redelog.rj.gov.br\/redelog\/wp-content\/uploads\/2023\/12\/WhatsApp-Image-2025-05-26-at-11.28.37-1024x346.jpeg 1024w, https:\/\/redelog.rj.gov.br\/redelog\/wp-content\/uploads\/2023\/12\/WhatsApp-Image-2025-05-26-at-11.28.37-300x101.jpeg 300w, https:\/\/redelog.rj.gov.br\/redelog\/wp-content\/uploads\/2023\/12\/WhatsApp-Image-2025-05-26-at-11.28.37-768x260.jpeg 768w, https:\/\/redelog.rj.gov.br\/redelog\/wp-content\/uploads\/2023\/12\/WhatsApp-Image-2025-05-26-at-11.28.37-1536x519.jpeg 1536w, https:\/\/redelog.rj.gov.br\/redelog\/wp-content\/uploads\/2023\/12\/WhatsApp-Image-2025-05-26-at-11.28.37-600x203.jpeg 600w, https:\/\/redelog.rj.gov.br\/redelog\/wp-content\/uploads\/2023\/12\/WhatsApp-Image-2025-05-26-at-11.28.37.jpeg 2048w\" data-sizes=\"(max-width: 1024px) 100vw, 1024px\" src=\"data:image\/svg+xml;base64,PHN2ZyB3aWR0aD0iMSIgaGVpZ2h0PSIxIiB4bWxucz0iaHR0cDovL3d3dy53My5vcmcvMjAwMC9zdmciPjwvc3ZnPg==\" style=\"--smush-placeholder-width: 1024px; --smush-placeholder-aspect-ratio: 1024\/346;\" \/>\t\t\t\t\t\t\t\t\t\t\t\t\t\t\t<\/div>\n\t\t\t\t\t<\/div>\n\t\t<\/div>\n\t\t\t\t\t<\/div>\n\t\t<\/section>\n\t\t\t\t<section class=\"elementor-section elementor-top-section elementor-element elementor-element-832236e elementor-section-boxed elementor-section-height-default elementor-section-height-default\" data-id=\"832236e\" data-element_type=\"section\" data-settings=\"{&quot;jet_parallax_layout_list&quot;:[{&quot;jet_parallax_layout_image&quot;:{&quot;url&quot;:&quot;&quot;,&quot;id&quot;:&quot;&quot;,&quot;size&quot;:&quot;&quot;},&quot;_id&quot;:&quot;04dd098&quot;,&quot;jet_parallax_layout_image_tablet&quot;:{&quot;url&quot;:&quot;&quot;,&quot;id&quot;:&quot;&quot;,&quot;size&quot;:&quot;&quot;},&quot;jet_parallax_layout_image_mobile&quot;:{&quot;url&quot;:&quot;&quot;,&quot;id&quot;:&quot;&quot;,&quot;size&quot;:&quot;&quot;},&quot;jet_parallax_layout_speed&quot;:{&quot;unit&quot;:&quot;%&quot;,&quot;size&quot;:50,&quot;sizes&quot;:[]},&quot;jet_parallax_layout_type&quot;:&quot;scroll&quot;,&quot;jet_parallax_layout_direction&quot;:&quot;1&quot;,&quot;jet_parallax_layout_fx_direction&quot;:null,&quot;jet_parallax_layout_z_index&quot;:&quot;&quot;,&quot;jet_parallax_layout_bg_x&quot;:50,&quot;jet_parallax_layout_bg_x_tablet&quot;:&quot;&quot;,&quot;jet_parallax_layout_bg_x_mobile&quot;:&quot;&quot;,&quot;jet_parallax_layout_bg_y&quot;:50,&quot;jet_parallax_layout_bg_y_tablet&quot;:&quot;&quot;,&quot;jet_parallax_layout_bg_y_mobile&quot;:&quot;&quot;,&quot;jet_parallax_layout_bg_size&quot;:&quot;auto&quot;,&quot;jet_parallax_layout_bg_size_tablet&quot;:&quot;&quot;,&quot;jet_parallax_layout_bg_size_mobile&quot;:&quot;&quot;,&quot;jet_parallax_layout_animation_prop&quot;:&quot;transform&quot;,&quot;jet_parallax_layout_on&quot;:[&quot;desktop&quot;,&quot;tablet&quot;]}]}\">\n\t\t\t\t\t\t<div class=\"elementor-container elementor-column-gap-default\">\n\t\t\t\t\t<div class=\"elementor-column elementor-col-100 elementor-top-column elementor-element elementor-element-9dc33ef\" data-id=\"9dc33ef\" data-element_type=\"column\">\n\t\t\t<div class=\"elementor-widget-wrap elementor-element-populated\">\n\t\t\t\t\t\t<section class=\"elementor-section elementor-inner-section elementor-element elementor-element-73b8bca elementor-section-boxed elementor-section-height-default elementor-section-height-default\" data-id=\"73b8bca\" data-element_type=\"section\" data-settings=\"{&quot;jet_parallax_layout_list&quot;:[{&quot;jet_parallax_layout_image&quot;:{&quot;url&quot;:&quot;&quot;,&quot;id&quot;:&quot;&quot;,&quot;size&quot;:&quot;&quot;},&quot;_id&quot;:&quot;8e49ff1&quot;,&quot;jet_parallax_layout_image_tablet&quot;:{&quot;url&quot;:&quot;&quot;,&quot;id&quot;:&quot;&quot;,&quot;size&quot;:&quot;&quot;},&quot;jet_parallax_layout_image_mobile&quot;:{&quot;url&quot;:&quot;&quot;,&quot;id&quot;:&quot;&quot;,&quot;size&quot;:&quot;&quot;},&quot;jet_parallax_layout_speed&quot;:{&quot;unit&quot;:&quot;%&quot;,&quot;size&quot;:50,&quot;sizes&quot;:[]},&quot;jet_parallax_layout_type&quot;:&quot;scroll&quot;,&quot;jet_parallax_layout_direction&quot;:&quot;1&quot;,&quot;jet_parallax_layout_fx_direction&quot;:null,&quot;jet_parallax_layout_z_index&quot;:&quot;&quot;,&quot;jet_parallax_layout_bg_x&quot;:50,&quot;jet_parallax_layout_bg_x_tablet&quot;:&quot;&quot;,&quot;jet_parallax_layout_bg_x_mobile&quot;:&quot;&quot;,&quot;jet_parallax_layout_bg_y&quot;:50,&quot;jet_parallax_layout_bg_y_tablet&quot;:&quot;&quot;,&quot;jet_parallax_layout_bg_y_mobile&quot;:&quot;&quot;,&quot;jet_parallax_layout_bg_size&quot;:&quot;auto&quot;,&quot;jet_parallax_layout_bg_size_tablet&quot;:&quot;&quot;,&quot;jet_parallax_layout_bg_size_mobile&quot;:&quot;&quot;,&quot;jet_parallax_layout_animation_prop&quot;:&quot;transform&quot;,&quot;jet_parallax_layout_on&quot;:[&quot;desktop&quot;,&quot;tablet&quot;]}]}\">\n\t\t\t\t\t\t<div class=\"elementor-container elementor-column-gap-default\">\n\t\t\t\t\t<div class=\"elementor-column elementor-col-50 elementor-inner-column elementor-element elementor-element-e5ed0a3\" data-id=\"e5ed0a3\" data-element_type=\"column\">\n\t\t\t<div class=\"elementor-widget-wrap\">\n\t\t\t\t\t\t\t<\/div>\n\t\t<\/div>\n\t\t\t\t<div class=\"elementor-column elementor-col-50 elementor-inner-column elementor-element elementor-element-168cacf\" data-id=\"168cacf\" data-element_type=\"column\">\n\t\t\t<div class=\"elementor-widget-wrap elementor-element-populated\">\n\t\t\t\t\t\t<div class=\"elementor-element elementor-element-676ecf8 elementor-widget elementor-widget-text-editor\" data-id=\"676ecf8\" data-element_type=\"widget\" data-widget_type=\"text-editor.default\">\n\t\t\t\t\t\t\t\t\t<p style=\"text-align: right;\"><span style=\"text-align: right;\">Id: 2536438<\/span><\/p>\t\t\t\t\t\t\t\t<\/div>\n\t\t\t\t\t<\/div>\n\t\t<\/div>\n\t\t\t\t\t<\/div>\n\t\t<\/section>\n\t\t\t\t<div class=\"elementor-element elementor-element-a612a77 elementor-widget elementor-widget-text-editor\" data-id=\"a612a77\" data-element_type=\"widget\" data-widget_type=\"text-editor.default\">\n\t\t\t\t\t\t\t\t\t<p><em>Publicada no DOE em <strong><a href=\"https:\/\/www.redelog.rj.gov.br\/redelog\/wp-content\/uploads\/2023\/12\/Resolucao-SEPLAG-no-262-Plano-de-Trabalho-NLLC.pdf\">29\/12\/2023<\/a><\/strong>.<\/em><\/p><p>Alterada pela<em>\u00a0<a href=\"https:\/\/redelog.rj.gov.br\/redelog\/resolucao-seplag-no-373-de-13-de-maio-de-2025\/\"><strong>Resolu\u00e7\u00e3o SEPLAG n\u00ba 373, de 13 de maio de 2025<\/strong><\/a>, publicada no DOE em\u00a0<a href=\"https:\/\/www.redelog.rj.gov.br\/redelog\/wp-content\/uploads\/2025\/05\/Resolucao-SEPLAG-no-373-Altera-a-Resolucao-SEPLAG-no-262.pdf\"><strong>23\/05\/2025<\/strong><\/a>.<\/em><\/p>\t\t\t\t\t\t\t\t<\/div>\n\t\t\t\t\t<\/div>\n\t\t<\/div>\n\t\t\t\t\t<\/div>\n\t\t<\/section>\n\t\t\t\t<section class=\"elementor-section elementor-top-section elementor-element elementor-element-1e389a9 elementor-section-boxed elementor-section-height-default elementor-section-height-default\" data-id=\"1e389a9\" data-element_type=\"section\" data-settings=\"{&quot;jet_parallax_layout_list&quot;:[{&quot;jet_parallax_layout_image&quot;:{&quot;url&quot;:&quot;&quot;,&quot;id&quot;:&quot;&quot;,&quot;size&quot;:&quot;&quot;},&quot;_id&quot;:&quot;ab030fc&quot;,&quot;jet_parallax_layout_image_tablet&quot;:{&quot;url&quot;:&quot;&quot;,&quot;id&quot;:&quot;&quot;,&quot;size&quot;:&quot;&quot;},&quot;jet_parallax_layout_image_mobile&quot;:{&quot;url&quot;:&quot;&quot;,&quot;id&quot;:&quot;&quot;,&quot;size&quot;:&quot;&quot;},&quot;jet_parallax_layout_speed&quot;:{&quot;unit&quot;:&quot;%&quot;,&quot;size&quot;:50,&quot;sizes&quot;:[]},&quot;jet_parallax_layout_type&quot;:&quot;scroll&quot;,&quot;jet_parallax_layout_direction&quot;:&quot;1&quot;,&quot;jet_parallax_layout_fx_direction&quot;:null,&quot;jet_parallax_layout_z_index&quot;:&quot;&quot;,&quot;jet_parallax_layout_bg_x&quot;:50,&quot;jet_parallax_layout_bg_x_tablet&quot;:&quot;&quot;,&quot;jet_parallax_layout_bg_x_mobile&quot;:&quot;&quot;,&quot;jet_parallax_layout_bg_y&quot;:50,&quot;jet_parallax_layout_bg_y_tablet&quot;:&quot;&quot;,&quot;jet_parallax_layout_bg_y_mobile&quot;:&quot;&quot;,&quot;jet_parallax_layout_bg_size&quot;:&quot;auto&quot;,&quot;jet_parallax_layout_bg_size_tablet&quot;:&quot;&quot;,&quot;jet_parallax_layout_bg_size_mobile&quot;:&quot;&quot;,&quot;jet_parallax_layout_animation_prop&quot;:&quot;transform&quot;,&quot;jet_parallax_layout_on&quot;:[&quot;desktop&quot;,&quot;tablet&quot;]}]}\">\n\t\t\t\t\t\t<div class=\"elementor-container elementor-column-gap-default\">\n\t\t\t\t\t<div class=\"elementor-column elementor-col-100 elementor-top-column elementor-element elementor-element-c90ffd2\" data-id=\"c90ffd2\" data-element_type=\"column\">\n\t\t\t<div class=\"elementor-widget-wrap elementor-element-populated\">\n\t\t\t\t\t\t<div class=\"elementor-element elementor-element-d6d07c0 elementor-widget-divider--view-line elementor-widget elementor-widget-divider\" data-id=\"d6d07c0\" data-element_type=\"widget\" data-widget_type=\"divider.default\">\n\t\t\t\t\t\t\t<div class=\"elementor-divider\">\n\t\t\t<span class=\"elementor-divider-separator\">\n\t\t\t\t\t\t<\/span>\n\t\t<\/div>\n\t\t\t\t\t\t<\/div>\n\t\t\t\t\t<\/div>\n\t\t<\/div>\n\t\t\t\t\t<\/div>\n\t\t<\/section>\n\t\t\t\t<section class=\"elementor-section elementor-top-section elementor-element elementor-element-f728933 elementor-section-boxed elementor-section-height-default elementor-section-height-default\" data-id=\"f728933\" data-element_type=\"section\" id=\"options\" data-settings=\"{&quot;jet_parallax_layout_list&quot;:[{&quot;jet_parallax_layout_image&quot;:{&quot;url&quot;:&quot;&quot;,&quot;id&quot;:&quot;&quot;,&quot;size&quot;:&quot;&quot;},&quot;_id&quot;:&quot;19d7213&quot;,&quot;jet_parallax_layout_image_tablet&quot;:{&quot;url&quot;:&quot;&quot;,&quot;id&quot;:&quot;&quot;,&quot;size&quot;:&quot;&quot;},&quot;jet_parallax_layout_image_mobile&quot;:{&quot;url&quot;:&quot;&quot;,&quot;id&quot;:&quot;&quot;,&quot;size&quot;:&quot;&quot;},&quot;jet_parallax_layout_speed&quot;:{&quot;unit&quot;:&quot;%&quot;,&quot;size&quot;:50,&quot;sizes&quot;:[]},&quot;jet_parallax_layout_type&quot;:&quot;scroll&quot;,&quot;jet_parallax_layout_direction&quot;:&quot;1&quot;,&quot;jet_parallax_layout_fx_direction&quot;:null,&quot;jet_parallax_layout_z_index&quot;:&quot;&quot;,&quot;jet_parallax_layout_bg_x&quot;:50,&quot;jet_parallax_layout_bg_x_tablet&quot;:&quot;&quot;,&quot;jet_parallax_layout_bg_x_mobile&quot;:&quot;&quot;,&quot;jet_parallax_layout_bg_y&quot;:50,&quot;jet_parallax_layout_bg_y_tablet&quot;:&quot;&quot;,&quot;jet_parallax_layout_bg_y_mobile&quot;:&quot;&quot;,&quot;jet_parallax_layout_bg_size&quot;:&quot;auto&quot;,&quot;jet_parallax_layout_bg_size_tablet&quot;:&quot;&quot;,&quot;jet_parallax_layout_bg_size_mobile&quot;:&quot;&quot;,&quot;jet_parallax_layout_animation_prop&quot;:&quot;transform&quot;,&quot;jet_parallax_layout_on&quot;:[&quot;desktop&quot;,&quot;tablet&quot;]}]}\">\n\t\t\t\t\t\t<div class=\"elementor-container elementor-column-gap-default\">\n\t\t\t\t\t<div class=\"elementor-column elementor-col-100 elementor-top-column elementor-element elementor-element-d89170b\" data-id=\"d89170b\" data-element_type=\"column\">\n\t\t\t<div class=\"elementor-widget-wrap elementor-element-populated\">\n\t\t\t\t\t\t<div class=\"elementor-element elementor-element-24a40e1 elementor-widget elementor-widget-shortcode\" data-id=\"24a40e1\" data-element_type=\"widget\" data-widget_type=\"shortcode.default\">\n\t\t\t\t\t\t\t<div class=\"elementor-shortcode\"><div class='printomatic pom-default ' id='id18' alt='Imprimir' title='Imprimir' data-print_target='#post-26923'><\/div> <div class='printomatictext' id='id18' alt='Imprimir' title='Imprimir' data-print_target='#post-26923'>Imprimir<\/div><div style='clear: both;'><\/div><\/div>\n\t\t\t\t\t\t<\/div>\n\t\t\t\t<section class=\"elementor-section elementor-inner-section elementor-element elementor-element-e00475c elementor-section-boxed elementor-section-height-default elementor-section-height-default\" data-id=\"e00475c\" data-element_type=\"section\" data-settings=\"{&quot;jet_parallax_layout_list&quot;:[{&quot;jet_parallax_layout_image&quot;:{&quot;url&quot;:&quot;&quot;,&quot;id&quot;:&quot;&quot;,&quot;size&quot;:&quot;&quot;},&quot;_id&quot;:&quot;ccec7d1&quot;,&quot;jet_parallax_layout_image_tablet&quot;:{&quot;url&quot;:&quot;&quot;,&quot;id&quot;:&quot;&quot;,&quot;size&quot;:&quot;&quot;},&quot;jet_parallax_layout_image_mobile&quot;:{&quot;url&quot;:&quot;&quot;,&quot;id&quot;:&quot;&quot;,&quot;size&quot;:&quot;&quot;},&quot;jet_parallax_layout_speed&quot;:{&quot;unit&quot;:&quot;%&quot;,&quot;size&quot;:50,&quot;sizes&quot;:[]},&quot;jet_parallax_layout_type&quot;:&quot;scroll&quot;,&quot;jet_parallax_layout_direction&quot;:&quot;1&quot;,&quot;jet_parallax_layout_fx_direction&quot;:null,&quot;jet_parallax_layout_z_index&quot;:&quot;&quot;,&quot;jet_parallax_layout_bg_x&quot;:50,&quot;jet_parallax_layout_bg_x_tablet&quot;:&quot;&quot;,&quot;jet_parallax_layout_bg_x_mobile&quot;:&quot;&quot;,&quot;jet_parallax_layout_bg_y&quot;:50,&quot;jet_parallax_layout_bg_y_tablet&quot;:&quot;&quot;,&quot;jet_parallax_layout_bg_y_mobile&quot;:&quot;&quot;,&quot;jet_parallax_layout_bg_size&quot;:&quot;auto&quot;,&quot;jet_parallax_layout_bg_size_tablet&quot;:&quot;&quot;,&quot;jet_parallax_layout_bg_size_mobile&quot;:&quot;&quot;,&quot;jet_parallax_layout_animation_prop&quot;:&quot;transform&quot;,&quot;jet_parallax_layout_on&quot;:[&quot;desktop&quot;,&quot;tablet&quot;]}]}\">\n\t\t\t\t\t\t<div class=\"elementor-container elementor-column-gap-default\">\n\t\t\t\t\t<div class=\"elementor-column elementor-col-50 elementor-inner-column elementor-element elementor-element-9c6cf68\" data-id=\"9c6cf68\" data-element_type=\"column\">\n\t\t\t<div class=\"elementor-widget-wrap elementor-element-populated\">\n\t\t\t\t\t\t<div class=\"elementor-element elementor-element-41c6a67 elementor-widget elementor-widget-text-editor\" data-id=\"41c6a67\" data-element_type=\"widget\" data-widget_type=\"text-editor.default\">\n\t\t\t\t\t\t\t\t\t<p><strong><a href=\"http:\/\/redelog.rj.gov.br\/redelog\/legislacao-licitacoes\/\">\u2190 Voltar &#8211; Licita\u00e7\u00f5es<\/a><\/strong><\/p>\t\t\t\t\t\t\t\t<\/div>\n\t\t\t\t\t<\/div>\n\t\t<\/div>\n\t\t\t\t<div class=\"elementor-column elementor-col-50 elementor-inner-column elementor-element elementor-element-7441c95\" data-id=\"7441c95\" data-element_type=\"column\">\n\t\t\t<div class=\"elementor-widget-wrap elementor-element-populated\">\n\t\t\t\t\t\t\t<\/div>\n\t\t<\/div>\n\t\t\t\t\t<\/div>\n\t\t<\/section>\n\t\t\t\t\t<\/div>\n\t\t<\/div>\n\t\t\t\t\t<\/div>\n\t\t<\/section>\n\t\t\t\t<section class=\"elementor-section elementor-top-section elementor-element elementor-element-7065016 elementor-section-boxed elementor-section-height-default elementor-section-height-default\" data-id=\"7065016\" data-element_type=\"section\" data-settings=\"{&quot;jet_parallax_layout_list&quot;:[{&quot;jet_parallax_layout_image&quot;:{&quot;url&quot;:&quot;&quot;,&quot;id&quot;:&quot;&quot;,&quot;size&quot;:&quot;&quot;},&quot;_id&quot;:&quot;22a0abb&quot;,&quot;jet_parallax_layout_image_tablet&quot;:{&quot;url&quot;:&quot;&quot;,&quot;id&quot;:&quot;&quot;,&quot;size&quot;:&quot;&quot;},&quot;jet_parallax_layout_image_mobile&quot;:{&quot;url&quot;:&quot;&quot;,&quot;id&quot;:&quot;&quot;,&quot;size&quot;:&quot;&quot;},&quot;jet_parallax_layout_speed&quot;:{&quot;unit&quot;:&quot;%&quot;,&quot;size&quot;:50,&quot;sizes&quot;:[]},&quot;jet_parallax_layout_type&quot;:&quot;scroll&quot;,&quot;jet_parallax_layout_direction&quot;:&quot;1&quot;,&quot;jet_parallax_layout_fx_direction&quot;:null,&quot;jet_parallax_layout_z_index&quot;:&quot;&quot;,&quot;jet_parallax_layout_bg_x&quot;:50,&quot;jet_parallax_layout_bg_x_tablet&quot;:&quot;&quot;,&quot;jet_parallax_layout_bg_x_mobile&quot;:&quot;&quot;,&quot;jet_parallax_layout_bg_y&quot;:50,&quot;jet_parallax_layout_bg_y_tablet&quot;:&quot;&quot;,&quot;jet_parallax_layout_bg_y_mobile&quot;:&quot;&quot;,&quot;jet_parallax_layout_bg_size&quot;:&quot;auto&quot;,&quot;jet_parallax_layout_bg_size_tablet&quot;:&quot;&quot;,&quot;jet_parallax_layout_bg_size_mobile&quot;:&quot;&quot;,&quot;jet_parallax_layout_animation_prop&quot;:&quot;transform&quot;,&quot;jet_parallax_layout_on&quot;:[&quot;desktop&quot;,&quot;tablet&quot;]}]}\">\n\t\t\t\t\t\t<div class=\"elementor-container elementor-column-gap-default\">\n\t\t\t\t\t<div class=\"elementor-column elementor-col-100 elementor-top-column elementor-element elementor-element-a29ed65\" data-id=\"a29ed65\" data-element_type=\"column\">\n\t\t\t<div class=\"elementor-widget-wrap elementor-element-populated\">\n\t\t\t\t\t\t<div class=\"elementor-element elementor-element-2bc6dff elementor-widget elementor-widget-html\" data-id=\"2bc6dff\" data-element_type=\"widget\" data-widget_type=\"html.default\">\n\t\t\t\t\t<style>\n    h2, .h2-style{\n        font-size: 28px;\n    }\n<\/style>\t\t\t\t<\/div>\n\t\t\t\t\t<\/div>\n\t\t<\/div>\n\t\t\t\t\t<\/div>\n\t\t<\/section>\n\t\t\t\t<section class=\"elementor-section elementor-top-section elementor-element elementor-element-504bfec elementor-section-boxed elementor-section-height-default elementor-section-height-default\" data-id=\"504bfec\" data-element_type=\"section\" data-settings=\"{&quot;jet_parallax_layout_list&quot;:[{&quot;jet_parallax_layout_image&quot;:{&quot;url&quot;:&quot;&quot;,&quot;id&quot;:&quot;&quot;,&quot;size&quot;:&quot;&quot;},&quot;_id&quot;:&quot;0021d30&quot;,&quot;jet_parallax_layout_image_tablet&quot;:{&quot;url&quot;:&quot;&quot;,&quot;id&quot;:&quot;&quot;,&quot;size&quot;:&quot;&quot;},&quot;jet_parallax_layout_image_mobile&quot;:{&quot;url&quot;:&quot;&quot;,&quot;id&quot;:&quot;&quot;,&quot;size&quot;:&quot;&quot;},&quot;jet_parallax_layout_speed&quot;:{&quot;unit&quot;:&quot;%&quot;,&quot;size&quot;:50,&quot;sizes&quot;:[]},&quot;jet_parallax_layout_type&quot;:&quot;scroll&quot;,&quot;jet_parallax_layout_direction&quot;:&quot;1&quot;,&quot;jet_parallax_layout_fx_direction&quot;:null,&quot;jet_parallax_layout_z_index&quot;:&quot;&quot;,&quot;jet_parallax_layout_bg_x&quot;:50,&quot;jet_parallax_layout_bg_x_tablet&quot;:&quot;&quot;,&quot;jet_parallax_layout_bg_x_mobile&quot;:&quot;&quot;,&quot;jet_parallax_layout_bg_y&quot;:50,&quot;jet_parallax_layout_bg_y_tablet&quot;:&quot;&quot;,&quot;jet_parallax_layout_bg_y_mobile&quot;:&quot;&quot;,&quot;jet_parallax_layout_bg_size&quot;:&quot;auto&quot;,&quot;jet_parallax_layout_bg_size_tablet&quot;:&quot;&quot;,&quot;jet_parallax_layout_bg_size_mobile&quot;:&quot;&quot;,&quot;jet_parallax_layout_animation_prop&quot;:&quot;transform&quot;,&quot;jet_parallax_layout_on&quot;:[&quot;desktop&quot;,&quot;tablet&quot;]}]}\">\n\t\t\t\t\t\t<div class=\"elementor-container elementor-column-gap-default\">\n\t\t\t\t\t<div class=\"elementor-column elementor-col-100 elementor-top-column elementor-element elementor-element-a0102be\" data-id=\"a0102be\" data-element_type=\"column\">\n\t\t\t<div class=\"elementor-widget-wrap elementor-element-populated\">\n\t\t\t\t\t\t<div class=\"elementor-element elementor-element-071f9e8 elementor-widget elementor-widget-heading\" data-id=\"071f9e8\" data-element_type=\"widget\" data-widget_type=\"heading.default\">\n\t\t\t\t\t<h2 class=\"elementor-heading-title elementor-size-default\">Adicione o texto do seu t\u00edtulo aqui<\/h2>\t\t\t\t<\/div>\n\t\t\t\t\t<\/div>\n\t\t<\/div>\n\t\t\t\t\t<\/div>\n\t\t<\/section>\n\t\t\t\t<\/div>\n\t\t","protected":false},"excerpt":{"rendered":"<p>ESTABELECE PLANO DE TRABALHO PARA A REGULAMENTA\u00c7\u00c3O E IMPLEMENTA\u00c7\u00c3O DA LEI N\u00ba 14.133, DE 1\u00ba DE ABRIL DE 2021, LEI DE LICITA\u00c7\u00d5ES E CONTRATOS, NO \u00c2MBITO DO PODER EXECUTIVO DO ESTADO DO RIO DE JANEIRO O SECRET\u00c1RIO DE ESTADO DE PLANEJAMENTO E GEST\u00c3O, no uso de suas atribui\u00e7\u00f5es legais e regulamentares, de acordo com o [&hellip;]<\/p>\n","protected":false},"author":9,"featured_media":0,"comment_status":"closed","ping_status":"open","sticky":false,"template":"","format":"standard","meta":{"_joinchat":[],"footnotes":""},"categories":[23],"tags":[],"class_list":["post-26923","post","type-post","status-publish","format-standard","hentry","category-cat-legislacao"],"yoast_head":"<!-- This site is optimized with the Yoast SEO plugin v25.7 - https:\/\/yoast.com\/wordpress\/plugins\/seo\/ -->\n<title>RESOLU\u00c7\u00c3O SEPLAG N\u00ba 262, DE 27 DE DEZEMBRO DE 2023 - Redelog<\/title>\n<meta name=\"robots\" content=\"index, follow, max-snippet:-1, max-image-preview:large, max-video-preview:-1\" \/>\n<link rel=\"canonical\" href=\"https:\/\/redelog.rj.gov.br\/redelog\/resolucao-seplag-no-262-de-27-de-dezembro-de-2023-2\/\" \/>\n<meta property=\"og:locale\" content=\"pt_BR\" \/>\n<meta property=\"og:type\" content=\"article\" \/>\n<meta property=\"og:title\" content=\"RESOLU\u00c7\u00c3O SEPLAG N\u00ba 262, DE 27 DE DEZEMBRO DE 2023 - Redelog\" \/>\n<meta property=\"og:description\" content=\"ESTABELECE PLANO DE TRABALHO PARA A REGULAMENTA\u00c7\u00c3O E IMPLEMENTA\u00c7\u00c3O DA LEI N\u00ba 14.133, DE 1\u00ba DE ABRIL DE 2021, LEI DE LICITA\u00c7\u00d5ES E CONTRATOS, NO \u00c2MBITO DO PODER EXECUTIVO DO ESTADO DO RIO DE JANEIRO O SECRET\u00c1RIO DE ESTADO DE PLANEJAMENTO E GEST\u00c3O, no uso de suas atribui\u00e7\u00f5es legais e regulamentares, de acordo com o [&hellip;]\" \/>\n<meta property=\"og:url\" content=\"https:\/\/redelog.rj.gov.br\/redelog\/resolucao-seplag-no-262-de-27-de-dezembro-de-2023-2\/\" \/>\n<meta property=\"og:site_name\" content=\"Redelog\" \/>\n<meta property=\"article:published_time\" content=\"2023-12-29T16:20:38+00:00\" \/>\n<meta property=\"article:modified_time\" content=\"2025-05-26T14:39:06+00:00\" \/>\n<meta property=\"og:image\" content=\"https:\/\/www.redelog.rj.gov.br\/redelog\/wp-content\/uploads\/2023\/12\/tabela-1-1.jpg\" \/>\n<meta name=\"author\" content=\"Rejane\" \/>\n<meta name=\"twitter:card\" content=\"summary_large_image\" \/>\n<meta name=\"twitter:label1\" content=\"Escrito por\" \/>\n\t<meta name=\"twitter:data1\" content=\"Rejane\" \/>\n\t<meta name=\"twitter:label2\" content=\"Est. tempo de leitura\" \/>\n\t<meta name=\"twitter:data2\" content=\"12 minutos\" \/>\n<script type=\"application\/ld+json\" class=\"yoast-schema-graph\">{\"@context\":\"https:\/\/schema.org\",\"@graph\":[{\"@type\":\"Article\",\"@id\":\"https:\/\/redelog.rj.gov.br\/redelog\/resolucao-seplag-no-262-de-27-de-dezembro-de-2023-2\/#article\",\"isPartOf\":{\"@id\":\"https:\/\/redelog.rj.gov.br\/redelog\/resolucao-seplag-no-262-de-27-de-dezembro-de-2023-2\/\"},\"author\":{\"name\":\"Rejane\",\"@id\":\"https:\/\/redelog.rj.gov.br\/redelog\/#\/schema\/person\/711e4a03f3b5eeb4ffeb92a63daecd59\"},\"headline\":\"RESOLU\u00c7\u00c3O SEPLAG N\u00ba 262, DE 27 DE DEZEMBRO DE 2023\",\"datePublished\":\"2023-12-29T16:20:38+00:00\",\"dateModified\":\"2025-05-26T14:39:06+00:00\",\"mainEntityOfPage\":{\"@id\":\"https:\/\/redelog.rj.gov.br\/redelog\/resolucao-seplag-no-262-de-27-de-dezembro-de-2023-2\/\"},\"wordCount\":2055,\"publisher\":{\"@id\":\"https:\/\/redelog.rj.gov.br\/redelog\/#organization\"},\"image\":{\"@id\":\"https:\/\/redelog.rj.gov.br\/redelog\/resolucao-seplag-no-262-de-27-de-dezembro-de-2023-2\/#primaryimage\"},\"thumbnailUrl\":\"https:\/\/www.redelog.rj.gov.br\/redelog\/wp-content\/uploads\/2023\/12\/tabela-1-1.jpg\",\"articleSection\":[\"Legisla\u00e7\u00e3o\"],\"inLanguage\":\"pt-BR\"},{\"@type\":\"WebPage\",\"@id\":\"https:\/\/redelog.rj.gov.br\/redelog\/resolucao-seplag-no-262-de-27-de-dezembro-de-2023-2\/\",\"url\":\"https:\/\/redelog.rj.gov.br\/redelog\/resolucao-seplag-no-262-de-27-de-dezembro-de-2023-2\/\",\"name\":\"RESOLU\u00c7\u00c3O SEPLAG N\u00ba 262, DE 27 DE DEZEMBRO DE 2023 - Redelog\",\"isPartOf\":{\"@id\":\"https:\/\/redelog.rj.gov.br\/redelog\/#website\"},\"primaryImageOfPage\":{\"@id\":\"https:\/\/redelog.rj.gov.br\/redelog\/resolucao-seplag-no-262-de-27-de-dezembro-de-2023-2\/#primaryimage\"},\"image\":{\"@id\":\"https:\/\/redelog.rj.gov.br\/redelog\/resolucao-seplag-no-262-de-27-de-dezembro-de-2023-2\/#primaryimage\"},\"thumbnailUrl\":\"https:\/\/www.redelog.rj.gov.br\/redelog\/wp-content\/uploads\/2023\/12\/tabela-1-1.jpg\",\"datePublished\":\"2023-12-29T16:20:38+00:00\",\"dateModified\":\"2025-05-26T14:39:06+00:00\",\"breadcrumb\":{\"@id\":\"https:\/\/redelog.rj.gov.br\/redelog\/resolucao-seplag-no-262-de-27-de-dezembro-de-2023-2\/#breadcrumb\"},\"inLanguage\":\"pt-BR\",\"potentialAction\":[{\"@type\":\"ReadAction\",\"target\":[\"https:\/\/redelog.rj.gov.br\/redelog\/resolucao-seplag-no-262-de-27-de-dezembro-de-2023-2\/\"]}]},{\"@type\":\"ImageObject\",\"inLanguage\":\"pt-BR\",\"@id\":\"https:\/\/redelog.rj.gov.br\/redelog\/resolucao-seplag-no-262-de-27-de-dezembro-de-2023-2\/#primaryimage\",\"url\":\"https:\/\/www.redelog.rj.gov.br\/redelog\/wp-content\/uploads\/2023\/12\/tabela-1-1.jpg\",\"contentUrl\":\"https:\/\/www.redelog.rj.gov.br\/redelog\/wp-content\/uploads\/2023\/12\/tabela-1-1.jpg\"},{\"@type\":\"BreadcrumbList\",\"@id\":\"https:\/\/redelog.rj.gov.br\/redelog\/resolucao-seplag-no-262-de-27-de-dezembro-de-2023-2\/#breadcrumb\",\"itemListElement\":[{\"@type\":\"ListItem\",\"position\":1,\"name\":\"Home\",\"item\":\"https:\/\/redelog.rj.gov.br\/redelog\/\"},{\"@type\":\"ListItem\",\"position\":2,\"name\":\"RESOLU\u00c7\u00c3O SEPLAG N\u00ba 262, DE 27 DE DEZEMBRO DE 2023\"}]},{\"@type\":\"WebSite\",\"@id\":\"https:\/\/redelog.rj.gov.br\/redelog\/#website\",\"url\":\"https:\/\/redelog.rj.gov.br\/redelog\/\",\"name\":\"Redelog\",\"description\":\"Site da Rede de Log\u00edstica e Planejamento do Estado do Rio de Janeiro\",\"publisher\":{\"@id\":\"https:\/\/redelog.rj.gov.br\/redelog\/#organization\"},\"potentialAction\":[{\"@type\":\"SearchAction\",\"target\":{\"@type\":\"EntryPoint\",\"urlTemplate\":\"https:\/\/redelog.rj.gov.br\/redelog\/?s={search_term_string}\"},\"query-input\":{\"@type\":\"PropertyValueSpecification\",\"valueRequired\":true,\"valueName\":\"search_term_string\"}}],\"inLanguage\":\"pt-BR\"},{\"@type\":\"Organization\",\"@id\":\"https:\/\/redelog.rj.gov.br\/redelog\/#organization\",\"name\":\"REDELOG\",\"url\":\"https:\/\/redelog.rj.gov.br\/redelog\/\",\"logo\":{\"@type\":\"ImageObject\",\"inLanguage\":\"pt-BR\",\"@id\":\"https:\/\/redelog.rj.gov.br\/redelog\/#\/schema\/logo\/image\/\",\"url\":\"http:\/\/10.10.8.100:8888\/redelog\/wp-content\/uploads\/2019\/09\/Redelog2.png\",\"contentUrl\":\"http:\/\/10.10.8.100:8888\/redelog\/wp-content\/uploads\/2019\/09\/Redelog2.png\",\"width\":565,\"height\":155,\"caption\":\"REDELOG\"},\"image\":{\"@id\":\"https:\/\/redelog.rj.gov.br\/redelog\/#\/schema\/logo\/image\/\"}},{\"@type\":\"Person\",\"@id\":\"https:\/\/redelog.rj.gov.br\/redelog\/#\/schema\/person\/711e4a03f3b5eeb4ffeb92a63daecd59\",\"name\":\"Rejane\",\"image\":{\"@type\":\"ImageObject\",\"inLanguage\":\"pt-BR\",\"@id\":\"https:\/\/redelog.rj.gov.br\/redelog\/#\/schema\/person\/image\/\",\"url\":\"https:\/\/secure.gravatar.com\/avatar\/9e2f6efb183531871283cb363403afe7c22e3efb129d9e809e5824cd145dd3a8?s=96&d=mm&r=g\",\"contentUrl\":\"https:\/\/secure.gravatar.com\/avatar\/9e2f6efb183531871283cb363403afe7c22e3efb129d9e809e5824cd145dd3a8?s=96&d=mm&r=g\",\"caption\":\"Rejane\"},\"url\":\"https:\/\/redelog.rj.gov.br\/redelog\/author\/rejane\/\"}]}<\/script>\n<!-- \/ Yoast SEO plugin. -->","yoast_head_json":{"title":"RESOLU\u00c7\u00c3O SEPLAG N\u00ba 262, DE 27 DE DEZEMBRO DE 2023 - Redelog","robots":{"index":"index","follow":"follow","max-snippet":"max-snippet:-1","max-image-preview":"max-image-preview:large","max-video-preview":"max-video-preview:-1"},"canonical":"https:\/\/redelog.rj.gov.br\/redelog\/resolucao-seplag-no-262-de-27-de-dezembro-de-2023-2\/","og_locale":"pt_BR","og_type":"article","og_title":"RESOLU\u00c7\u00c3O SEPLAG N\u00ba 262, DE 27 DE DEZEMBRO DE 2023 - Redelog","og_description":"ESTABELECE PLANO DE TRABALHO PARA A REGULAMENTA\u00c7\u00c3O E IMPLEMENTA\u00c7\u00c3O DA LEI N\u00ba 14.133, DE 1\u00ba DE ABRIL DE 2021, LEI DE LICITA\u00c7\u00d5ES E CONTRATOS, NO \u00c2MBITO DO PODER EXECUTIVO DO ESTADO DO RIO DE JANEIRO O SECRET\u00c1RIO DE ESTADO DE PLANEJAMENTO E GEST\u00c3O, no uso de suas atribui\u00e7\u00f5es legais e regulamentares, de acordo com o [&hellip;]","og_url":"https:\/\/redelog.rj.gov.br\/redelog\/resolucao-seplag-no-262-de-27-de-dezembro-de-2023-2\/","og_site_name":"Redelog","article_published_time":"2023-12-29T16:20:38+00:00","article_modified_time":"2025-05-26T14:39:06+00:00","og_image":[{"url":"https:\/\/www.redelog.rj.gov.br\/redelog\/wp-content\/uploads\/2023\/12\/tabela-1-1.jpg","type":"","width":"","height":""}],"author":"Rejane","twitter_card":"summary_large_image","twitter_misc":{"Escrito por":"Rejane","Est. tempo de leitura":"12 minutos"},"schema":{"@context":"https:\/\/schema.org","@graph":[{"@type":"Article","@id":"https:\/\/redelog.rj.gov.br\/redelog\/resolucao-seplag-no-262-de-27-de-dezembro-de-2023-2\/#article","isPartOf":{"@id":"https:\/\/redelog.rj.gov.br\/redelog\/resolucao-seplag-no-262-de-27-de-dezembro-de-2023-2\/"},"author":{"name":"Rejane","@id":"https:\/\/redelog.rj.gov.br\/redelog\/#\/schema\/person\/711e4a03f3b5eeb4ffeb92a63daecd59"},"headline":"RESOLU\u00c7\u00c3O SEPLAG N\u00ba 262, DE 27 DE DEZEMBRO DE 2023","datePublished":"2023-12-29T16:20:38+00:00","dateModified":"2025-05-26T14:39:06+00:00","mainEntityOfPage":{"@id":"https:\/\/redelog.rj.gov.br\/redelog\/resolucao-seplag-no-262-de-27-de-dezembro-de-2023-2\/"},"wordCount":2055,"publisher":{"@id":"https:\/\/redelog.rj.gov.br\/redelog\/#organization"},"image":{"@id":"https:\/\/redelog.rj.gov.br\/redelog\/resolucao-seplag-no-262-de-27-de-dezembro-de-2023-2\/#primaryimage"},"thumbnailUrl":"https:\/\/www.redelog.rj.gov.br\/redelog\/wp-content\/uploads\/2023\/12\/tabela-1-1.jpg","articleSection":["Legisla\u00e7\u00e3o"],"inLanguage":"pt-BR"},{"@type":"WebPage","@id":"https:\/\/redelog.rj.gov.br\/redelog\/resolucao-seplag-no-262-de-27-de-dezembro-de-2023-2\/","url":"https:\/\/redelog.rj.gov.br\/redelog\/resolucao-seplag-no-262-de-27-de-dezembro-de-2023-2\/","name":"RESOLU\u00c7\u00c3O SEPLAG N\u00ba 262, DE 27 DE DEZEMBRO DE 2023 - Redelog","isPartOf":{"@id":"https:\/\/redelog.rj.gov.br\/redelog\/#website"},"primaryImageOfPage":{"@id":"https:\/\/redelog.rj.gov.br\/redelog\/resolucao-seplag-no-262-de-27-de-dezembro-de-2023-2\/#primaryimage"},"image":{"@id":"https:\/\/redelog.rj.gov.br\/redelog\/resolucao-seplag-no-262-de-27-de-dezembro-de-2023-2\/#primaryimage"},"thumbnailUrl":"https:\/\/www.redelog.rj.gov.br\/redelog\/wp-content\/uploads\/2023\/12\/tabela-1-1.jpg","datePublished":"2023-12-29T16:20:38+00:00","dateModified":"2025-05-26T14:39:06+00:00","breadcrumb":{"@id":"https:\/\/redelog.rj.gov.br\/redelog\/resolucao-seplag-no-262-de-27-de-dezembro-de-2023-2\/#breadcrumb"},"inLanguage":"pt-BR","potentialAction":[{"@type":"ReadAction","target":["https:\/\/redelog.rj.gov.br\/redelog\/resolucao-seplag-no-262-de-27-de-dezembro-de-2023-2\/"]}]},{"@type":"ImageObject","inLanguage":"pt-BR","@id":"https:\/\/redelog.rj.gov.br\/redelog\/resolucao-seplag-no-262-de-27-de-dezembro-de-2023-2\/#primaryimage","url":"https:\/\/www.redelog.rj.gov.br\/redelog\/wp-content\/uploads\/2023\/12\/tabela-1-1.jpg","contentUrl":"https:\/\/www.redelog.rj.gov.br\/redelog\/wp-content\/uploads\/2023\/12\/tabela-1-1.jpg"},{"@type":"BreadcrumbList","@id":"https:\/\/redelog.rj.gov.br\/redelog\/resolucao-seplag-no-262-de-27-de-dezembro-de-2023-2\/#breadcrumb","itemListElement":[{"@type":"ListItem","position":1,"name":"Home","item":"https:\/\/redelog.rj.gov.br\/redelog\/"},{"@type":"ListItem","position":2,"name":"RESOLU\u00c7\u00c3O SEPLAG N\u00ba 262, DE 27 DE DEZEMBRO DE 2023"}]},{"@type":"WebSite","@id":"https:\/\/redelog.rj.gov.br\/redelog\/#website","url":"https:\/\/redelog.rj.gov.br\/redelog\/","name":"Redelog","description":"Site da Rede de Log\u00edstica e Planejamento do Estado do Rio de Janeiro","publisher":{"@id":"https:\/\/redelog.rj.gov.br\/redelog\/#organization"},"potentialAction":[{"@type":"SearchAction","target":{"@type":"EntryPoint","urlTemplate":"https:\/\/redelog.rj.gov.br\/redelog\/?s={search_term_string}"},"query-input":{"@type":"PropertyValueSpecification","valueRequired":true,"valueName":"search_term_string"}}],"inLanguage":"pt-BR"},{"@type":"Organization","@id":"https:\/\/redelog.rj.gov.br\/redelog\/#organization","name":"REDELOG","url":"https:\/\/redelog.rj.gov.br\/redelog\/","logo":{"@type":"ImageObject","inLanguage":"pt-BR","@id":"https:\/\/redelog.rj.gov.br\/redelog\/#\/schema\/logo\/image\/","url":"http:\/\/10.10.8.100:8888\/redelog\/wp-content\/uploads\/2019\/09\/Redelog2.png","contentUrl":"http:\/\/10.10.8.100:8888\/redelog\/wp-content\/uploads\/2019\/09\/Redelog2.png","width":565,"height":155,"caption":"REDELOG"},"image":{"@id":"https:\/\/redelog.rj.gov.br\/redelog\/#\/schema\/logo\/image\/"}},{"@type":"Person","@id":"https:\/\/redelog.rj.gov.br\/redelog\/#\/schema\/person\/711e4a03f3b5eeb4ffeb92a63daecd59","name":"Rejane","image":{"@type":"ImageObject","inLanguage":"pt-BR","@id":"https:\/\/redelog.rj.gov.br\/redelog\/#\/schema\/person\/image\/","url":"https:\/\/secure.gravatar.com\/avatar\/9e2f6efb183531871283cb363403afe7c22e3efb129d9e809e5824cd145dd3a8?s=96&d=mm&r=g","contentUrl":"https:\/\/secure.gravatar.com\/avatar\/9e2f6efb183531871283cb363403afe7c22e3efb129d9e809e5824cd145dd3a8?s=96&d=mm&r=g","caption":"Rejane"},"url":"https:\/\/redelog.rj.gov.br\/redelog\/author\/rejane\/"}]}},"_links":{"self":[{"href":"https:\/\/redelog.rj.gov.br\/redelog\/wp-json\/wp\/v2\/posts\/26923","targetHints":{"allow":["GET"]}}],"collection":[{"href":"https:\/\/redelog.rj.gov.br\/redelog\/wp-json\/wp\/v2\/posts"}],"about":[{"href":"https:\/\/redelog.rj.gov.br\/redelog\/wp-json\/wp\/v2\/types\/post"}],"author":[{"embeddable":true,"href":"https:\/\/redelog.rj.gov.br\/redelog\/wp-json\/wp\/v2\/users\/9"}],"replies":[{"embeddable":true,"href":"https:\/\/redelog.rj.gov.br\/redelog\/wp-json\/wp\/v2\/comments?post=26923"}],"version-history":[{"count":16,"href":"https:\/\/redelog.rj.gov.br\/redelog\/wp-json\/wp\/v2\/posts\/26923\/revisions"}],"predecessor-version":[{"id":33125,"href":"https:\/\/redelog.rj.gov.br\/redelog\/wp-json\/wp\/v2\/posts\/26923\/revisions\/33125"}],"wp:attachment":[{"href":"https:\/\/redelog.rj.gov.br\/redelog\/wp-json\/wp\/v2\/media?parent=26923"}],"wp:term":[{"taxonomy":"category","embeddable":true,"href":"https:\/\/redelog.rj.gov.br\/redelog\/wp-json\/wp\/v2\/categories?post=26923"},{"taxonomy":"post_tag","embeddable":true,"href":"https:\/\/redelog.rj.gov.br\/redelog\/wp-json\/wp\/v2\/tags?post=26923"}],"curies":[{"name":"wp","href":"https:\/\/api.w.org\/{rel}","templated":true}]}}