{"id":2579,"date":"2022-05-20T16:54:38","date_gmt":"2022-05-20T19:54:38","guid":{"rendered":"http:\/\/10.9.108.118:3000\/redelog\/?p=2579"},"modified":"2022-05-23T13:32:41","modified_gmt":"2022-05-23T16:32:41","slug":"lanc-redecompras","status":"publish","type":"post","link":"https:\/\/redelog.rj.gov.br\/redelog\/lanc-redecompras\/","title":{"rendered":"INFORME N\u00ba 04\/2022 &#8211; LAN\u00c7AMENTO DA REDECOMPRAS"},"content":{"rendered":"\t\t<div data-elementor-type=\"wp-post\" data-elementor-id=\"2579\" class=\"elementor elementor-2579\" data-elementor-post-type=\"post\">\n\t\t\t\t\t\t<section class=\"elementor-section elementor-top-section elementor-element elementor-element-955b095 elementor-section-boxed elementor-section-height-default elementor-section-height-default\" data-id=\"955b095\" data-element_type=\"section\" data-settings=\"{&quot;jet_parallax_layout_list&quot;:[{&quot;jet_parallax_layout_image&quot;:{&quot;url&quot;:&quot;&quot;,&quot;id&quot;:&quot;&quot;,&quot;size&quot;:&quot;&quot;},&quot;_id&quot;:&quot;362cc74&quot;,&quot;jet_parallax_layout_image_tablet&quot;:{&quot;url&quot;:&quot;&quot;,&quot;id&quot;:&quot;&quot;,&quot;size&quot;:&quot;&quot;},&quot;jet_parallax_layout_image_mobile&quot;:{&quot;url&quot;:&quot;&quot;,&quot;id&quot;:&quot;&quot;,&quot;size&quot;:&quot;&quot;},&quot;jet_parallax_layout_speed&quot;:{&quot;unit&quot;:&quot;%&quot;,&quot;size&quot;:50,&quot;sizes&quot;:[]},&quot;jet_parallax_layout_type&quot;:&quot;scroll&quot;,&quot;jet_parallax_layout_direction&quot;:&quot;1&quot;,&quot;jet_parallax_layout_fx_direction&quot;:null,&quot;jet_parallax_layout_z_index&quot;:&quot;&quot;,&quot;jet_parallax_layout_bg_x&quot;:50,&quot;jet_parallax_layout_bg_x_tablet&quot;:&quot;&quot;,&quot;jet_parallax_layout_bg_x_mobile&quot;:&quot;&quot;,&quot;jet_parallax_layout_bg_y&quot;:50,&quot;jet_parallax_layout_bg_y_tablet&quot;:&quot;&quot;,&quot;jet_parallax_layout_bg_y_mobile&quot;:&quot;&quot;,&quot;jet_parallax_layout_bg_size&quot;:&quot;auto&quot;,&quot;jet_parallax_layout_bg_size_tablet&quot;:&quot;&quot;,&quot;jet_parallax_layout_bg_size_mobile&quot;:&quot;&quot;,&quot;jet_parallax_layout_animation_prop&quot;:&quot;transform&quot;,&quot;jet_parallax_layout_on&quot;:[&quot;desktop&quot;,&quot;tablet&quot;]}]}\">\n\t\t\t\t\t\t<div class=\"elementor-container elementor-column-gap-default\">\n\t\t\t\t\t<div class=\"elementor-column elementor-col-100 elementor-top-column elementor-element elementor-element-2b828ee\" data-id=\"2b828ee\" data-element_type=\"column\">\n\t\t\t<div class=\"elementor-widget-wrap elementor-element-populated\">\n\t\t\t\t\t\t<div class=\"elementor-element elementor-element-a9056b6 elementor-widget-divider--view-line elementor-widget elementor-widget-divider\" data-id=\"a9056b6\" data-element_type=\"widget\" data-widget_type=\"divider.default\">\n\t\t\t\t\t\t\t<div class=\"elementor-divider\">\n\t\t\t<span class=\"elementor-divider-separator\">\n\t\t\t\t\t\t<\/span>\n\t\t<\/div>\n\t\t\t\t\t\t<\/div>\n\t\t\t\t<div class=\"elementor-element elementor-element-ed9f34a elementor-widget elementor-widget-text-editor\" data-id=\"ed9f34a\" data-element_type=\"widget\" data-widget_type=\"text-editor.default\">\n\t\t\t\t\t\t\t\t\t<p><\/p>\n<p>Nova Lei de Licita\u00e7\u00f5es. Novo Sistema de Contra\u00e7\u00f5es Compras.gov.br do Governo Federal. Novo Sistema de Gest\u00e3o Contratual Contratos.RJ do Governo do Estado do Rio de Janeiro. Portal Nacional de Contrata\u00e7\u00f5es P\u00fablicas. Cat\u00e1logo Eletr\u00f4nico de Padroniza\u00e7\u00e3o. Plano de Contrata\u00e7\u00f5es Anual. Registro Cadastral Unificado de Licitantes.<\/p>\n<p>S\u00e3o muitas as mudan\u00e7as pelas quais as contrata\u00e7\u00f5es p\u00fablicas vem passando nos \u00faltimos tempos. E \u00e9 um volume grande de novidades num espa\u00e7o relativamente curto de tempo. Para os agentes que atuam em licita\u00e7\u00f5es e contrata\u00e7\u00f5es p\u00fablicas, acompanhar e permanecer atualizado a respeito de todas as novas normatiza\u00e7\u00f5es, artefatos e ferramentas \u00e9 uma necessidade b\u00e1sica.<\/p>\n<p>A Secretaria de Estado de Planejamento e Gest\u00e3o &#8211; Seplag, ciente desse grande desafio, e cumprindo o seu papel de \u00d3rg\u00e3o Central do Sistema Log\u00edstico do Estado, al\u00e9m de estar preparando as novas regulamenta\u00e7\u00f5es em conjunto com os Comit\u00eas Executivo e T\u00e9cnico de Governan\u00e7a e trabalhando nas ferramentas tecnol\u00f3gicas de apoio \u00e0s atividades de contrata\u00e7\u00e3o, est\u00e1 lan\u00e7ando uma nova Rede Funcional de Log\u00edstica para subsidiar os agentes setoriais que atuam nessas tem\u00e1ticas.<\/p>\n<p>A Rede de Gestores de Compras &#8211; Redecompras tem como enfoque a troca de informa\u00e7\u00f5es entre os gestores que atuar\u00e3o com os novos&nbsp;<span style=\"letter-spacing: 0px;\">sistemas informatizados Compras.gov.br e Contratos.RJ e os especialistas nessas ferramentas que atuam no \u00d3rg\u00e3o Central. A Redecompras foi regulamentada pela&nbsp;<\/span><a style=\"background-color: white; letter-spacing: 0px;\" href=\"http:\/\/redelog.rj.gov.br\/redelog\/resolucao-seplag-no-106-de-15-de-fevereiro-de-2022\/\"><strong>Resolu\u00e7\u00e3o SEPLAG n\u00ba 106, de 15 de fevereiro de 2022<\/strong>.<\/a><\/p>\n<p>Os integrantes dessa Rede contar\u00e3o com grupo de mensagens de e-mail, grupo de Telegram, atendimento telef\u00f4nico e, principalmente, com a Base de Conhecimento da \u00e1rea da Redecompras integrada ao Portal da Redelog no endere\u00e7o <strong><a href=\"http:\/\/redelog.rj.gov.br\">www.redelog.rj.gov.br<\/a><\/strong>.<\/p>\n<p>Essa Base de Conhecimento contar\u00e1 com <strong>tutoriais, instru\u00e7\u00f5es detalhadas de como atuar nos novos sistemas, v\u00eddeos explicativos e todas as informa\u00e7\u00f5es necess\u00e1rias<\/strong> para o bom andamento das atividades de contrata\u00e7\u00e3o. Aliada \u00e0 possibilidade de troca de informa\u00e7\u00f5es pelas ferramentas sociais da Redecompras, a Base de Conhecimento ser\u00e1 importante aux\u00edlio para que os agentes p\u00fablicos atuem com seguran\u00e7a e efici\u00eancia nos processos de licita\u00e7\u00e3o e contrata\u00e7\u00e3o.<\/p>\n<p><\/p>\t\t\t\t\t\t\t\t<\/div>\n\t\t\t\t\t<\/div>\n\t\t<\/div>\n\t\t\t\t\t<\/div>\n\t\t<\/section>\n\t\t\t\t<section class=\"elementor-section elementor-top-section elementor-element elementor-element-9afe43d elementor-section-boxed elementor-section-height-default elementor-section-height-default\" data-id=\"9afe43d\" data-element_type=\"section\" data-settings=\"{&quot;jet_parallax_layout_list&quot;:[{&quot;jet_parallax_layout_image&quot;:{&quot;url&quot;:&quot;&quot;,&quot;id&quot;:&quot;&quot;,&quot;size&quot;:&quot;&quot;},&quot;_id&quot;:&quot;a9d26b6&quot;,&quot;jet_parallax_layout_image_tablet&quot;:{&quot;url&quot;:&quot;&quot;,&quot;id&quot;:&quot;&quot;,&quot;size&quot;:&quot;&quot;},&quot;jet_parallax_layout_image_mobile&quot;:{&quot;url&quot;:&quot;&quot;,&quot;id&quot;:&quot;&quot;,&quot;size&quot;:&quot;&quot;},&quot;jet_parallax_layout_speed&quot;:{&quot;unit&quot;:&quot;%&quot;,&quot;size&quot;:50,&quot;sizes&quot;:[]},&quot;jet_parallax_layout_type&quot;:&quot;scroll&quot;,&quot;jet_parallax_layout_direction&quot;:&quot;1&quot;,&quot;jet_parallax_layout_fx_direction&quot;:null,&quot;jet_parallax_layout_z_index&quot;:&quot;&quot;,&quot;jet_parallax_layout_bg_x&quot;:50,&quot;jet_parallax_layout_bg_x_tablet&quot;:&quot;&quot;,&quot;jet_parallax_layout_bg_x_mobile&quot;:&quot;&quot;,&quot;jet_parallax_layout_bg_y&quot;:50,&quot;jet_parallax_layout_bg_y_tablet&quot;:&quot;&quot;,&quot;jet_parallax_layout_bg_y_mobile&quot;:&quot;&quot;,&quot;jet_parallax_layout_bg_size&quot;:&quot;auto&quot;,&quot;jet_parallax_layout_bg_size_tablet&quot;:&quot;&quot;,&quot;jet_parallax_layout_bg_size_mobile&quot;:&quot;&quot;,&quot;jet_parallax_layout_animation_prop&quot;:&quot;transform&quot;,&quot;jet_parallax_layout_on&quot;:[&quot;desktop&quot;,&quot;tablet&quot;]}]}\">\n\t\t\t\t\t\t<div class=\"elementor-container elementor-column-gap-default\">\n\t\t\t\t\t<div class=\"elementor-column elementor-col-100 elementor-top-column elementor-element elementor-element-8f75307\" data-id=\"8f75307\" data-element_type=\"column\">\n\t\t\t<div class=\"elementor-widget-wrap elementor-element-populated\">\n\t\t\t\t\t\t<div class=\"elementor-element elementor-element-14c7600 elementor-widget-divider--view-line elementor-widget elementor-widget-divider\" data-id=\"14c7600\" data-element_type=\"widget\" data-widget_type=\"divider.default\">\n\t\t\t\t\t\t\t<div class=\"elementor-divider\">\n\t\t\t<span class=\"elementor-divider-separator\">\n\t\t\t\t\t\t<\/span>\n\t\t<\/div>\n\t\t\t\t\t\t<\/div>\n\t\t\t\t<div class=\"elementor-element elementor-element-ae44de6 elementor-widget elementor-widget-shortcode\" data-id=\"ae44de6\" data-element_type=\"widget\" data-widget_type=\"shortcode.default\">\n\t\t\t\t\t\t\t<div class=\"elementor-shortcode\"><\/div>\n\t\t\t\t\t\t<\/div>\n\t\t\t\t\t<\/div>\n\t\t<\/div>\n\t\t\t\t\t<\/div>\n\t\t<\/section>\n\t\t\t\t<section class=\"elementor-section elementor-top-section elementor-element elementor-element-e28a20b elementor-section-boxed elementor-section-height-default elementor-section-height-default\" data-id=\"e28a20b\" data-element_type=\"section\" data-settings=\"{&quot;jet_parallax_layout_list&quot;:[{&quot;jet_parallax_layout_image&quot;:{&quot;url&quot;:&quot;&quot;,&quot;id&quot;:&quot;&quot;,&quot;size&quot;:&quot;&quot;},&quot;_id&quot;:&quot;048baf5&quot;,&quot;jet_parallax_layout_image_tablet&quot;:{&quot;url&quot;:&quot;&quot;,&quot;id&quot;:&quot;&quot;,&quot;size&quot;:&quot;&quot;},&quot;jet_parallax_layout_image_mobile&quot;:{&quot;url&quot;:&quot;&quot;,&quot;id&quot;:&quot;&quot;,&quot;size&quot;:&quot;&quot;},&quot;jet_parallax_layout_speed&quot;:{&quot;unit&quot;:&quot;%&quot;,&quot;size&quot;:50,&quot;sizes&quot;:[]},&quot;jet_parallax_layout_type&quot;:&quot;scroll&quot;,&quot;jet_parallax_layout_direction&quot;:&quot;1&quot;,&quot;jet_parallax_layout_fx_direction&quot;:null,&quot;jet_parallax_layout_z_index&quot;:&quot;&quot;,&quot;jet_parallax_layout_bg_x&quot;:50,&quot;jet_parallax_layout_bg_x_tablet&quot;:&quot;&quot;,&quot;jet_parallax_layout_bg_x_mobile&quot;:&quot;&quot;,&quot;jet_parallax_layout_bg_y&quot;:50,&quot;jet_parallax_layout_bg_y_tablet&quot;:&quot;&quot;,&quot;jet_parallax_layout_bg_y_mobile&quot;:&quot;&quot;,&quot;jet_parallax_layout_bg_size&quot;:&quot;auto&quot;,&quot;jet_parallax_layout_bg_size_tablet&quot;:&quot;&quot;,&quot;jet_parallax_layout_bg_size_mobile&quot;:&quot;&quot;,&quot;jet_parallax_layout_animation_prop&quot;:&quot;transform&quot;,&quot;jet_parallax_layout_on&quot;:[&quot;desktop&quot;,&quot;tablet&quot;]}]}\">\n\t\t\t\t\t\t<div class=\"elementor-container elementor-column-gap-default\">\n\t\t\t\t\t<div class=\"elementor-column elementor-col-100 elementor-top-column elementor-element elementor-element-956bdc4\" data-id=\"956bdc4\" data-element_type=\"column\">\n\t\t\t<div class=\"elementor-widget-wrap elementor-element-populated\">\n\t\t\t\t\t\t<div class=\"elementor-element elementor-element-0c875af elementor-align-right elementor-widget elementor-widget-button\" data-id=\"0c875af\" data-element_type=\"widget\" data-widget_type=\"button.default\">\n\t\t\t\t\t\t\t\t\t\t<a class=\"elementor-button elementor-button-link elementor-size-sm\" href=\"http:\/\/redelog.rj.gov.br\/redelog\/informes\">\n\t\t\t\t\t\t<span class=\"elementor-button-content-wrapper\">\n\t\t\t\t\t\t\t\t\t<span class=\"elementor-button-text\">Todos os Informes<\/span>\n\t\t\t\t\t<\/span>\n\t\t\t\t\t<\/a>\n\t\t\t\t\t\t\t\t<\/div>\n\t\t\t\t\t<\/div>\n\t\t<\/div>\n\t\t\t\t\t<\/div>\n\t\t<\/section>\n\t\t\t\t<\/div>\n\t\t","protected":false},"excerpt":{"rendered":"<p>Nova Lei de Licita\u00e7\u00f5es. Novo Sistema de Contra\u00e7\u00f5es Compras.gov.br do Governo Federal. Novo Sistema de Gest\u00e3o Contratual Contratos.RJ do Governo do Estado do Rio de Janeiro. Portal Nacional de Contrata\u00e7\u00f5es P\u00fablicas. Cat\u00e1logo Eletr\u00f4nico de Padroniza\u00e7\u00e3o. Plano de Contrata\u00e7\u00f5es Anual. Registro Cadastral Unificado de Licitantes. S\u00e3o muitas as mudan\u00e7as pelas quais as contrata\u00e7\u00f5es p\u00fablicas vem passando [&hellip;]<\/p>\n","protected":false},"author":9,"featured_media":5800,"comment_status":"closed","ping_status":"open","sticky":false,"template":"","format":"standard","meta":{"_joinchat":[],"footnotes":""},"categories":[38],"tags":[],"class_list":["post-2579","post","type-post","status-publish","format-standard","has-post-thumbnail","hentry","category-cat-informes"],"yoast_head":"<!-- This site is optimized with the Yoast SEO plugin v25.7 - https:\/\/yoast.com\/wordpress\/plugins\/seo\/ -->\n<title>INFORME N\u00ba 04\/2022 - LAN\u00c7AMENTO DA REDECOMPRAS - Redelog<\/title>\n<meta name=\"description\" content=\"A Rede de Gestores de Compras \u2013 REDECOMPRAS tem como enfoque a troca de informa\u00e7\u00f5es entre os gestores que atuar\u00e3o com os novos sistemas informatizados Compras.gov.br e Contratos.RJ e os especialistas nessas ferramentas que atuam no \u00d3rg\u00e3o Central.\" \/>\n<meta name=\"robots\" content=\"index, follow, max-snippet:-1, max-image-preview:large, max-video-preview:-1\" \/>\n<link rel=\"canonical\" href=\"https:\/\/redelog.rj.gov.br\/redelog\/lanc-redecompras\/\" \/>\n<meta property=\"og:locale\" content=\"pt_BR\" \/>\n<meta property=\"og:type\" content=\"article\" \/>\n<meta property=\"og:title\" content=\"INFORME N\u00ba 04\/2022 - LAN\u00c7AMENTO DA REDECOMPRAS - Redelog\" \/>\n<meta property=\"og:description\" content=\"A Rede de Gestores de Compras \u2013 REDECOMPRAS tem como enfoque a troca de informa\u00e7\u00f5es entre os gestores que atuar\u00e3o com os novos sistemas informatizados Compras.gov.br e Contratos.RJ e os especialistas nessas ferramentas que atuam no \u00d3rg\u00e3o Central.\" \/>\n<meta property=\"og:url\" content=\"https:\/\/redelog.rj.gov.br\/redelog\/lanc-redecompras\/\" \/>\n<meta property=\"og:site_name\" content=\"Redelog\" \/>\n<meta property=\"article:published_time\" content=\"2022-05-20T19:54:38+00:00\" \/>\n<meta property=\"article:modified_time\" content=\"2022-05-23T16:32:41+00:00\" \/>\n<meta property=\"og:image\" content=\"https:\/\/www.redelog.rj.gov.br\/redelog\/wp-content\/uploads\/2021\/09\/Slide1.jpg\" \/>\n\t<meta property=\"og:image:width\" content=\"1280\" \/>\n\t<meta property=\"og:image:height\" content=\"720\" \/>\n\t<meta property=\"og:image:type\" content=\"image\/jpeg\" \/>\n<meta name=\"author\" content=\"Rejane\" \/>\n<meta name=\"twitter:card\" content=\"summary_large_image\" \/>\n<meta name=\"twitter:label1\" content=\"Escrito por\" \/>\n\t<meta name=\"twitter:data1\" content=\"Rejane\" \/>\n\t<meta name=\"twitter:label2\" content=\"Est. tempo de leitura\" \/>\n\t<meta name=\"twitter:data2\" content=\"2 minutos\" \/>\n<script type=\"application\/ld+json\" class=\"yoast-schema-graph\">{\"@context\":\"https:\/\/schema.org\",\"@graph\":[{\"@type\":\"Article\",\"@id\":\"https:\/\/redelog.rj.gov.br\/redelog\/lanc-redecompras\/#article\",\"isPartOf\":{\"@id\":\"https:\/\/redelog.rj.gov.br\/redelog\/lanc-redecompras\/\"},\"author\":{\"name\":\"Rejane\",\"@id\":\"https:\/\/redelog.rj.gov.br\/redelog\/#\/schema\/person\/711e4a03f3b5eeb4ffeb92a63daecd59\"},\"headline\":\"INFORME N\u00ba 04\/2022 &#8211; LAN\u00c7AMENTO DA REDECOMPRAS\",\"datePublished\":\"2022-05-20T19:54:38+00:00\",\"dateModified\":\"2022-05-23T16:32:41+00:00\",\"mainEntityOfPage\":{\"@id\":\"https:\/\/redelog.rj.gov.br\/redelog\/lanc-redecompras\/\"},\"wordCount\":394,\"publisher\":{\"@id\":\"https:\/\/redelog.rj.gov.br\/redelog\/#organization\"},\"image\":{\"@id\":\"https:\/\/redelog.rj.gov.br\/redelog\/lanc-redecompras\/#primaryimage\"},\"thumbnailUrl\":\"https:\/\/redelog.rj.gov.br\/redelog\/wp-content\/uploads\/2021\/09\/Slide1.jpg\",\"articleSection\":[\"Informes\"],\"inLanguage\":\"pt-BR\"},{\"@type\":\"WebPage\",\"@id\":\"https:\/\/redelog.rj.gov.br\/redelog\/lanc-redecompras\/\",\"url\":\"https:\/\/redelog.rj.gov.br\/redelog\/lanc-redecompras\/\",\"name\":\"INFORME N\u00ba 04\/2022 - LAN\u00c7AMENTO DA REDECOMPRAS - Redelog\",\"isPartOf\":{\"@id\":\"https:\/\/redelog.rj.gov.br\/redelog\/#website\"},\"primaryImageOfPage\":{\"@id\":\"https:\/\/redelog.rj.gov.br\/redelog\/lanc-redecompras\/#primaryimage\"},\"image\":{\"@id\":\"https:\/\/redelog.rj.gov.br\/redelog\/lanc-redecompras\/#primaryimage\"},\"thumbnailUrl\":\"https:\/\/redelog.rj.gov.br\/redelog\/wp-content\/uploads\/2021\/09\/Slide1.jpg\",\"datePublished\":\"2022-05-20T19:54:38+00:00\",\"dateModified\":\"2022-05-23T16:32:41+00:00\",\"description\":\"A Rede de Gestores de Compras \u2013 REDECOMPRAS tem como enfoque a troca de informa\u00e7\u00f5es entre os gestores que atuar\u00e3o com os novos sistemas informatizados Compras.gov.br e Contratos.RJ e os especialistas nessas ferramentas que atuam no \u00d3rg\u00e3o Central.\",\"breadcrumb\":{\"@id\":\"https:\/\/redelog.rj.gov.br\/redelog\/lanc-redecompras\/#breadcrumb\"},\"inLanguage\":\"pt-BR\",\"potentialAction\":[{\"@type\":\"ReadAction\",\"target\":[\"https:\/\/redelog.rj.gov.br\/redelog\/lanc-redecompras\/\"]}]},{\"@type\":\"ImageObject\",\"inLanguage\":\"pt-BR\",\"@id\":\"https:\/\/redelog.rj.gov.br\/redelog\/lanc-redecompras\/#primaryimage\",\"url\":\"https:\/\/redelog.rj.gov.br\/redelog\/wp-content\/uploads\/2021\/09\/Slide1.jpg\",\"contentUrl\":\"https:\/\/redelog.rj.gov.br\/redelog\/wp-content\/uploads\/2021\/09\/Slide1.jpg\",\"width\":1280,\"height\":720},{\"@type\":\"BreadcrumbList\",\"@id\":\"https:\/\/redelog.rj.gov.br\/redelog\/lanc-redecompras\/#breadcrumb\",\"itemListElement\":[{\"@type\":\"ListItem\",\"position\":1,\"name\":\"Home\",\"item\":\"https:\/\/redelog.rj.gov.br\/redelog\/\"},{\"@type\":\"ListItem\",\"position\":2,\"name\":\"INFORME N\u00ba 04\/2022 &#8211; LAN\u00c7AMENTO DA REDECOMPRAS\"}]},{\"@type\":\"WebSite\",\"@id\":\"https:\/\/redelog.rj.gov.br\/redelog\/#website\",\"url\":\"https:\/\/redelog.rj.gov.br\/redelog\/\",\"name\":\"Redelog\",\"description\":\"Site da Rede de Log\u00edstica e Planejamento do Estado do Rio de Janeiro\",\"publisher\":{\"@id\":\"https:\/\/redelog.rj.gov.br\/redelog\/#organization\"},\"potentialAction\":[{\"@type\":\"SearchAction\",\"target\":{\"@type\":\"EntryPoint\",\"urlTemplate\":\"https:\/\/redelog.rj.gov.br\/redelog\/?s={search_term_string}\"},\"query-input\":{\"@type\":\"PropertyValueSpecification\",\"valueRequired\":true,\"valueName\":\"search_term_string\"}}],\"inLanguage\":\"pt-BR\"},{\"@type\":\"Organization\",\"@id\":\"https:\/\/redelog.rj.gov.br\/redelog\/#organization\",\"name\":\"REDELOG\",\"url\":\"https:\/\/redelog.rj.gov.br\/redelog\/\",\"logo\":{\"@type\":\"ImageObject\",\"inLanguage\":\"pt-BR\",\"@id\":\"https:\/\/redelog.rj.gov.br\/redelog\/#\/schema\/logo\/image\/\",\"url\":\"http:\/\/10.10.8.100:8888\/redelog\/wp-content\/uploads\/2019\/09\/Redelog2.png\",\"contentUrl\":\"http:\/\/10.10.8.100:8888\/redelog\/wp-content\/uploads\/2019\/09\/Redelog2.png\",\"width\":565,\"height\":155,\"caption\":\"REDELOG\"},\"image\":{\"@id\":\"https:\/\/redelog.rj.gov.br\/redelog\/#\/schema\/logo\/image\/\"}},{\"@type\":\"Person\",\"@id\":\"https:\/\/redelog.rj.gov.br\/redelog\/#\/schema\/person\/711e4a03f3b5eeb4ffeb92a63daecd59\",\"name\":\"Rejane\",\"image\":{\"@type\":\"ImageObject\",\"inLanguage\":\"pt-BR\",\"@id\":\"https:\/\/redelog.rj.gov.br\/redelog\/#\/schema\/person\/image\/\",\"url\":\"https:\/\/secure.gravatar.com\/avatar\/9e2f6efb183531871283cb363403afe7c22e3efb129d9e809e5824cd145dd3a8?s=96&d=mm&r=g\",\"contentUrl\":\"https:\/\/secure.gravatar.com\/avatar\/9e2f6efb183531871283cb363403afe7c22e3efb129d9e809e5824cd145dd3a8?s=96&d=mm&r=g\",\"caption\":\"Rejane\"},\"url\":\"https:\/\/redelog.rj.gov.br\/redelog\/author\/rejane\/\"}]}<\/script>\n<!-- \/ Yoast SEO plugin. -->","yoast_head_json":{"title":"INFORME N\u00ba 04\/2022 - LAN\u00c7AMENTO DA REDECOMPRAS - Redelog","description":"A Rede de Gestores de Compras \u2013 REDECOMPRAS tem como enfoque a troca de informa\u00e7\u00f5es entre os gestores que atuar\u00e3o com os novos sistemas informatizados Compras.gov.br e Contratos.RJ e os especialistas nessas ferramentas que atuam no \u00d3rg\u00e3o Central.","robots":{"index":"index","follow":"follow","max-snippet":"max-snippet:-1","max-image-preview":"max-image-preview:large","max-video-preview":"max-video-preview:-1"},"canonical":"https:\/\/redelog.rj.gov.br\/redelog\/lanc-redecompras\/","og_locale":"pt_BR","og_type":"article","og_title":"INFORME N\u00ba 04\/2022 - LAN\u00c7AMENTO DA REDECOMPRAS - Redelog","og_description":"A Rede de Gestores de Compras \u2013 REDECOMPRAS tem como enfoque a troca de informa\u00e7\u00f5es entre os gestores que atuar\u00e3o com os novos sistemas informatizados Compras.gov.br e Contratos.RJ e os especialistas nessas ferramentas que atuam no \u00d3rg\u00e3o Central.","og_url":"https:\/\/redelog.rj.gov.br\/redelog\/lanc-redecompras\/","og_site_name":"Redelog","article_published_time":"2022-05-20T19:54:38+00:00","article_modified_time":"2022-05-23T16:32:41+00:00","og_image":[{"width":1280,"height":720,"url":"https:\/\/www.redelog.rj.gov.br\/redelog\/wp-content\/uploads\/2021\/09\/Slide1.jpg","type":"image\/jpeg"}],"author":"Rejane","twitter_card":"summary_large_image","twitter_misc":{"Escrito por":"Rejane","Est. tempo de leitura":"2 minutos"},"schema":{"@context":"https:\/\/schema.org","@graph":[{"@type":"Article","@id":"https:\/\/redelog.rj.gov.br\/redelog\/lanc-redecompras\/#article","isPartOf":{"@id":"https:\/\/redelog.rj.gov.br\/redelog\/lanc-redecompras\/"},"author":{"name":"Rejane","@id":"https:\/\/redelog.rj.gov.br\/redelog\/#\/schema\/person\/711e4a03f3b5eeb4ffeb92a63daecd59"},"headline":"INFORME N\u00ba 04\/2022 &#8211; LAN\u00c7AMENTO DA REDECOMPRAS","datePublished":"2022-05-20T19:54:38+00:00","dateModified":"2022-05-23T16:32:41+00:00","mainEntityOfPage":{"@id":"https:\/\/redelog.rj.gov.br\/redelog\/lanc-redecompras\/"},"wordCount":394,"publisher":{"@id":"https:\/\/redelog.rj.gov.br\/redelog\/#organization"},"image":{"@id":"https:\/\/redelog.rj.gov.br\/redelog\/lanc-redecompras\/#primaryimage"},"thumbnailUrl":"https:\/\/redelog.rj.gov.br\/redelog\/wp-content\/uploads\/2021\/09\/Slide1.jpg","articleSection":["Informes"],"inLanguage":"pt-BR"},{"@type":"WebPage","@id":"https:\/\/redelog.rj.gov.br\/redelog\/lanc-redecompras\/","url":"https:\/\/redelog.rj.gov.br\/redelog\/lanc-redecompras\/","name":"INFORME N\u00ba 04\/2022 - LAN\u00c7AMENTO DA REDECOMPRAS - Redelog","isPartOf":{"@id":"https:\/\/redelog.rj.gov.br\/redelog\/#website"},"primaryImageOfPage":{"@id":"https:\/\/redelog.rj.gov.br\/redelog\/lanc-redecompras\/#primaryimage"},"image":{"@id":"https:\/\/redelog.rj.gov.br\/redelog\/lanc-redecompras\/#primaryimage"},"thumbnailUrl":"https:\/\/redelog.rj.gov.br\/redelog\/wp-content\/uploads\/2021\/09\/Slide1.jpg","datePublished":"2022-05-20T19:54:38+00:00","dateModified":"2022-05-23T16:32:41+00:00","description":"A Rede de Gestores de Compras \u2013 REDECOMPRAS tem como enfoque a troca de informa\u00e7\u00f5es entre os gestores que atuar\u00e3o com os novos sistemas informatizados Compras.gov.br e Contratos.RJ e os especialistas nessas ferramentas que atuam no \u00d3rg\u00e3o Central.","breadcrumb":{"@id":"https:\/\/redelog.rj.gov.br\/redelog\/lanc-redecompras\/#breadcrumb"},"inLanguage":"pt-BR","potentialAction":[{"@type":"ReadAction","target":["https:\/\/redelog.rj.gov.br\/redelog\/lanc-redecompras\/"]}]},{"@type":"ImageObject","inLanguage":"pt-BR","@id":"https:\/\/redelog.rj.gov.br\/redelog\/lanc-redecompras\/#primaryimage","url":"https:\/\/redelog.rj.gov.br\/redelog\/wp-content\/uploads\/2021\/09\/Slide1.jpg","contentUrl":"https:\/\/redelog.rj.gov.br\/redelog\/wp-content\/uploads\/2021\/09\/Slide1.jpg","width":1280,"height":720},{"@type":"BreadcrumbList","@id":"https:\/\/redelog.rj.gov.br\/redelog\/lanc-redecompras\/#breadcrumb","itemListElement":[{"@type":"ListItem","position":1,"name":"Home","item":"https:\/\/redelog.rj.gov.br\/redelog\/"},{"@type":"ListItem","position":2,"name":"INFORME N\u00ba 04\/2022 &#8211; LAN\u00c7AMENTO DA REDECOMPRAS"}]},{"@type":"WebSite","@id":"https:\/\/redelog.rj.gov.br\/redelog\/#website","url":"https:\/\/redelog.rj.gov.br\/redelog\/","name":"Redelog","description":"Site da Rede de Log\u00edstica e Planejamento do Estado do Rio de Janeiro","publisher":{"@id":"https:\/\/redelog.rj.gov.br\/redelog\/#organization"},"potentialAction":[{"@type":"SearchAction","target":{"@type":"EntryPoint","urlTemplate":"https:\/\/redelog.rj.gov.br\/redelog\/?s={search_term_string}"},"query-input":{"@type":"PropertyValueSpecification","valueRequired":true,"valueName":"search_term_string"}}],"inLanguage":"pt-BR"},{"@type":"Organization","@id":"https:\/\/redelog.rj.gov.br\/redelog\/#organization","name":"REDELOG","url":"https:\/\/redelog.rj.gov.br\/redelog\/","logo":{"@type":"ImageObject","inLanguage":"pt-BR","@id":"https:\/\/redelog.rj.gov.br\/redelog\/#\/schema\/logo\/image\/","url":"http:\/\/10.10.8.100:8888\/redelog\/wp-content\/uploads\/2019\/09\/Redelog2.png","contentUrl":"http:\/\/10.10.8.100:8888\/redelog\/wp-content\/uploads\/2019\/09\/Redelog2.png","width":565,"height":155,"caption":"REDELOG"},"image":{"@id":"https:\/\/redelog.rj.gov.br\/redelog\/#\/schema\/logo\/image\/"}},{"@type":"Person","@id":"https:\/\/redelog.rj.gov.br\/redelog\/#\/schema\/person\/711e4a03f3b5eeb4ffeb92a63daecd59","name":"Rejane","image":{"@type":"ImageObject","inLanguage":"pt-BR","@id":"https:\/\/redelog.rj.gov.br\/redelog\/#\/schema\/person\/image\/","url":"https:\/\/secure.gravatar.com\/avatar\/9e2f6efb183531871283cb363403afe7c22e3efb129d9e809e5824cd145dd3a8?s=96&d=mm&r=g","contentUrl":"https:\/\/secure.gravatar.com\/avatar\/9e2f6efb183531871283cb363403afe7c22e3efb129d9e809e5824cd145dd3a8?s=96&d=mm&r=g","caption":"Rejane"},"url":"https:\/\/redelog.rj.gov.br\/redelog\/author\/rejane\/"}]}},"_links":{"self":[{"href":"https:\/\/redelog.rj.gov.br\/redelog\/wp-json\/wp\/v2\/posts\/2579","targetHints":{"allow":["GET"]}}],"collection":[{"href":"https:\/\/redelog.rj.gov.br\/redelog\/wp-json\/wp\/v2\/posts"}],"about":[{"href":"https:\/\/redelog.rj.gov.br\/redelog\/wp-json\/wp\/v2\/types\/post"}],"author":[{"embeddable":true,"href":"https:\/\/redelog.rj.gov.br\/redelog\/wp-json\/wp\/v2\/users\/9"}],"replies":[{"embeddable":true,"href":"https:\/\/redelog.rj.gov.br\/redelog\/wp-json\/wp\/v2\/comments?post=2579"}],"version-history":[{"count":69,"href":"https:\/\/redelog.rj.gov.br\/redelog\/wp-json\/wp\/v2\/posts\/2579\/revisions"}],"predecessor-version":[{"id":18266,"href":"https:\/\/redelog.rj.gov.br\/redelog\/wp-json\/wp\/v2\/posts\/2579\/revisions\/18266"}],"wp:featuredmedia":[{"embeddable":true,"href":"https:\/\/redelog.rj.gov.br\/redelog\/wp-json\/wp\/v2\/media\/5800"}],"wp:attachment":[{"href":"https:\/\/redelog.rj.gov.br\/redelog\/wp-json\/wp\/v2\/media?parent=2579"}],"wp:term":[{"taxonomy":"category","embeddable":true,"href":"https:\/\/redelog.rj.gov.br\/redelog\/wp-json\/wp\/v2\/categories?post=2579"},{"taxonomy":"post_tag","embeddable":true,"href":"https:\/\/redelog.rj.gov.br\/redelog\/wp-json\/wp\/v2\/tags?post=2579"}],"curies":[{"name":"wp","href":"https:\/\/api.w.org\/{rel}","templated":true}]}}