{"id":25665,"date":"2023-10-25T14:50:34","date_gmt":"2023-10-25T17:50:34","guid":{"rendered":"https:\/\/redelog.rj.gov.br\/redelog\/?p=25665"},"modified":"2024-06-19T13:57:05","modified_gmt":"2024-06-19T16:57:05","slug":"resolucao-seplag-no-240-de-24-de-outubro-de-2023","status":"publish","type":"post","link":"https:\/\/redelog.rj.gov.br\/redelog\/resolucao-seplag-no-240-de-24-de-outubro-de-2023\/","title":{"rendered":"RESOLU\u00c7\u00c3O SEPLAG N\u00ba 240, DE 24 DE OUTUBRO DE 2023"},"content":{"rendered":"\t\t<div data-elementor-type=\"wp-post\" data-elementor-id=\"25665\" class=\"elementor elementor-25665\" data-elementor-post-type=\"post\">\n\t\t\t\t\t\t<section class=\"elementor-section elementor-top-section elementor-element elementor-element-ffb1fce elementor-section-boxed elementor-section-height-default elementor-section-height-default\" data-id=\"ffb1fce\" data-element_type=\"section\" data-settings=\"{&quot;jet_parallax_layout_list&quot;:[{&quot;jet_parallax_layout_image&quot;:{&quot;url&quot;:&quot;&quot;,&quot;id&quot;:&quot;&quot;,&quot;size&quot;:&quot;&quot;},&quot;_id&quot;:&quot;542cf91&quot;,&quot;jet_parallax_layout_image_tablet&quot;:{&quot;url&quot;:&quot;&quot;,&quot;id&quot;:&quot;&quot;,&quot;size&quot;:&quot;&quot;},&quot;jet_parallax_layout_image_mobile&quot;:{&quot;url&quot;:&quot;&quot;,&quot;id&quot;:&quot;&quot;,&quot;size&quot;:&quot;&quot;},&quot;jet_parallax_layout_speed&quot;:{&quot;unit&quot;:&quot;%&quot;,&quot;size&quot;:50,&quot;sizes&quot;:[]},&quot;jet_parallax_layout_type&quot;:&quot;scroll&quot;,&quot;jet_parallax_layout_direction&quot;:&quot;1&quot;,&quot;jet_parallax_layout_fx_direction&quot;:null,&quot;jet_parallax_layout_z_index&quot;:&quot;&quot;,&quot;jet_parallax_layout_bg_x&quot;:50,&quot;jet_parallax_layout_bg_x_tablet&quot;:&quot;&quot;,&quot;jet_parallax_layout_bg_x_mobile&quot;:&quot;&quot;,&quot;jet_parallax_layout_bg_y&quot;:50,&quot;jet_parallax_layout_bg_y_tablet&quot;:&quot;&quot;,&quot;jet_parallax_layout_bg_y_mobile&quot;:&quot;&quot;,&quot;jet_parallax_layout_bg_size&quot;:&quot;auto&quot;,&quot;jet_parallax_layout_bg_size_tablet&quot;:&quot;&quot;,&quot;jet_parallax_layout_bg_size_mobile&quot;:&quot;&quot;,&quot;jet_parallax_layout_animation_prop&quot;:&quot;transform&quot;,&quot;jet_parallax_layout_on&quot;:[&quot;desktop&quot;,&quot;tablet&quot;]}]}\">\n\t\t\t\t\t\t<div class=\"elementor-container elementor-column-gap-default\">\n\t\t\t\t\t<div class=\"elementor-column elementor-col-100 elementor-top-column elementor-element elementor-element-29c90b0\" data-id=\"29c90b0\" data-element_type=\"column\">\n\t\t\t<div class=\"elementor-widget-wrap elementor-element-populated\">\n\t\t\t\t\t\t<section class=\"elementor-section elementor-inner-section elementor-element elementor-element-2222ed8 elementor-section-boxed elementor-section-height-default elementor-section-height-default\" data-id=\"2222ed8\" data-element_type=\"section\" data-settings=\"{&quot;jet_parallax_layout_list&quot;:[{&quot;jet_parallax_layout_image&quot;:{&quot;url&quot;:&quot;&quot;,&quot;id&quot;:&quot;&quot;,&quot;size&quot;:&quot;&quot;},&quot;_id&quot;:&quot;bfacebb&quot;,&quot;jet_parallax_layout_image_tablet&quot;:{&quot;url&quot;:&quot;&quot;,&quot;id&quot;:&quot;&quot;,&quot;size&quot;:&quot;&quot;},&quot;jet_parallax_layout_image_mobile&quot;:{&quot;url&quot;:&quot;&quot;,&quot;id&quot;:&quot;&quot;,&quot;size&quot;:&quot;&quot;},&quot;jet_parallax_layout_speed&quot;:{&quot;unit&quot;:&quot;%&quot;,&quot;size&quot;:50,&quot;sizes&quot;:[]},&quot;jet_parallax_layout_type&quot;:&quot;scroll&quot;,&quot;jet_parallax_layout_direction&quot;:&quot;1&quot;,&quot;jet_parallax_layout_fx_direction&quot;:null,&quot;jet_parallax_layout_z_index&quot;:&quot;&quot;,&quot;jet_parallax_layout_bg_x&quot;:50,&quot;jet_parallax_layout_bg_x_tablet&quot;:&quot;&quot;,&quot;jet_parallax_layout_bg_x_mobile&quot;:&quot;&quot;,&quot;jet_parallax_layout_bg_y&quot;:50,&quot;jet_parallax_layout_bg_y_tablet&quot;:&quot;&quot;,&quot;jet_parallax_layout_bg_y_mobile&quot;:&quot;&quot;,&quot;jet_parallax_layout_bg_size&quot;:&quot;auto&quot;,&quot;jet_parallax_layout_bg_size_tablet&quot;:&quot;&quot;,&quot;jet_parallax_layout_bg_size_mobile&quot;:&quot;&quot;,&quot;jet_parallax_layout_animation_prop&quot;:&quot;transform&quot;,&quot;jet_parallax_layout_on&quot;:[&quot;desktop&quot;,&quot;tablet&quot;]}]}\">\n\t\t\t\t\t\t<div class=\"elementor-container elementor-column-gap-default\">\n\t\t\t\t\t<div class=\"elementor-column elementor-col-50 elementor-inner-column elementor-element elementor-element-f72e96d\" data-id=\"f72e96d\" data-element_type=\"column\">\n\t\t\t<div class=\"elementor-widget-wrap\">\n\t\t\t\t\t\t\t<\/div>\n\t\t<\/div>\n\t\t\t\t<div class=\"elementor-column elementor-col-50 elementor-inner-column elementor-element elementor-element-82bba59\" data-id=\"82bba59\" data-element_type=\"column\">\n\t\t\t<div class=\"elementor-widget-wrap elementor-element-populated\">\n\t\t\t\t\t\t<div class=\"elementor-element elementor-element-8461133 elementor-widget elementor-widget-text-editor\" data-id=\"8461133\" data-element_type=\"widget\" data-widget_type=\"text-editor.default\">\n\t\t\t\t\t\t\t\t\t<p><strong>REGULAMENTA O CALEND\u00c1RIO DE EXECU\u00c7\u00c3O DO PLANO DE CONTRATA\u00c7\u00d5ES ANUAL &#8211; PCA PARA O CICLO REFERENTE AO EXERC\u00cdCIO 2023\/2024, NO \u00c2MBITO DA ADMINISTRA\u00c7\u00c3O P\u00daBLICA ESTADUAL DIRETA, AUT\u00c1RQUICA E FUNDACIONAL<\/strong><\/p>\t\t\t\t\t\t\t\t<\/div>\n\t\t\t\t\t<\/div>\n\t\t<\/div>\n\t\t\t\t\t<\/div>\n\t\t<\/section>\n\t\t\t\t<div class=\"elementor-element elementor-element-90fc55d elementor-widget elementor-widget-text-editor\" data-id=\"90fc55d\" data-element_type=\"widget\" data-widget_type=\"text-editor.default\">\n\t\t\t\t\t\t\t\t\t<p class=\"Texto_Justificado\">O <strong>SECRET\u00c1RIO DE ESTADO DE PLANEJAMENTO E GEST\u00c3O<\/strong>, no uso das atribui\u00e7\u00f5es legais, tendo em vista o disposto no Decreto n\u00ba 48.650, de 23 de agosto de 2023, e o disposto no Processo n\u00ba 120001\/004517\/2023<\/p><p class=\"Texto_Justificado\"><strong>CONSIDERANDO:<\/strong><\/p><p class=\"Texto_Justificado\">&#8211; o disposto no Decreto n.\u00ba 48.760, de 23 de outubro de 2023, que implementa o Plano de Contrata\u00e7\u00f5es Anual &#8211; PCA e<br \/>institui o Sistema PCA RJ, no \u00e2mbito da Administra\u00e7\u00e3o P\u00fablica estadual direta, aut\u00e1rquica e fundacional;<br \/>&#8211; que o art. 8\u00ba do Decreto n\u00ba 48.760, determina que, anualmente, o \u00d3rg\u00e3o Central do Sislog divulgar\u00e1 calend\u00e1rio para a execu\u00e7\u00e3o do ciclo do PCA para o exerc\u00edcio a que se refere;<br \/>&#8211; que compete ao \u00d3rg\u00e3o Central do Sistema Log\u00edstico &#8211; Sislog a normatiza\u00e7\u00e3o das atividades inerentes \u00e0s fun\u00e7\u00f5es log\u00edsticas, nos termos do art. 7\u00ba do Decreto n.\u00ba 48.650, de 23 de agosto de 2023; e<br \/>&#8211; que o inciso I do art. 32 do Decreto n\u00ba 48.760, atribui ao \u00d3rg\u00e3o Central do Sislog a compet\u00eancia para gerenciar, coordenar e regulamentar as atividades de planejamento e execu\u00e7\u00e3o do PCA.<\/p><p class=\"Texto_Justificado\"><b>RESOLVE:<\/b><\/p><p class=\"Texto_Justificado\" style=\"text-align: center;\">CAP\u00cdTULO I<br \/>DO OBJETO E \u00c2MBITO DE APLICA\u00c7\u00c3O<\/p><p class=\"Texto_Justificado\" style=\"text-align: justify;\">Art. 1\u00ba Esta Resolu\u00e7\u00e3o regulamenta o calend\u00e1rio de execu\u00e7\u00e3o do Plano de Contrata\u00e7\u00f5es Anual &#8211; PCA para o ciclo referente ao exerc\u00edcio 2023\/2024, no \u00e2mbito da Administra\u00e7\u00e3o P\u00fablica estadual direta, aut\u00e1rquica e fundacional.<\/p><p class=\"Texto_Justificado\" style=\"text-align: justify;\">Par\u00e1grafo \u00fanico. As empresas p\u00fablicas e sociedades de economia mista dependentes do Tesouro Estadual inclusive suas subsidi\u00e1rias, dever\u00e3o observar o disposto nesta Resolu\u00e7\u00e3o para fins de planejamento log\u00edstico e or\u00e7ament\u00e1rio.<\/p><p style=\"text-align: center;\">CAP\u00cdTULO II<br \/>DO PER\u00cdODO PARA EXECU\u00c7\u00c3O DO PCA<\/p><p style=\"text-align: justify;\"><strong>Formaliza\u00e7\u00e3o<\/strong><\/p><p style=\"text-align: justify;\">Art. 2\u00ba Os \u00f3rg\u00e3os e entidades dever\u00e3o elaborar seus respectivos PCAs no per\u00edodo de outubro a dezembro do exerc\u00edcio de 2023, os quais conter\u00e3o a proje\u00e7\u00e3o de todas as contrata\u00e7\u00f5es que pretendem realizar ou prorrogar no exerc\u00edcio de 2024.<\/p><p style=\"text-align: justify;\">Par\u00e1grafo \u00fanico. S\u00e3o dispensadas de registro no PCA:<\/p><p style=\"text-align: justify;\">I &#8211; as informa\u00e7\u00f5es classificadas como sigilosas, conforme disposto na Lei n.\u00ba 12.527, de 18 de novembro de 2021, e no Decreto n.\u00ba 46.475, de 25 de outubro de 2018, ou abrangidas pelas demais hip\u00f3teses legais de sigilo;<\/p><p style=\"text-align: justify;\">II &#8211; as despesas realizadas mediante o regime de adiantamento, conforme disposto no art. 103 da Lei n.\u00ba<br \/>287, de 4 de dezembro de 1979; e<\/p><p style=\"text-align: justify;\">III &#8211; as hip\u00f3teses previstas no inciso VIII do caput do art. 75 da Lei n.\u00ba 14.133, de 1\u00ba de abril de 2021.<\/p><p style=\"text-align: justify;\">Art. 3\u00ba O PCA ter\u00e1 o seguinte calend\u00e1rio para o ciclo de 2023\/2024:<\/p><p style=\"text-align: justify;\">I &#8211; per\u00edodo de elabora\u00e7\u00e3o: de 30 de outubro a 07 de dezembro de 2023;<\/p><p style=\"text-align: justify;\">II &#8211; per\u00edodo de disponibiliza\u00e7\u00e3o: de 08 de dezembro a 14 de dezembro de 2023;<\/p><p style=\"text-align: justify;\">III &#8211; data de publica\u00e7\u00e3o: 15 de dezembro de 2023;<\/p><p style=\"text-align: justify;\">IV &#8211; per\u00edodo de atualiza\u00e7\u00e3o: de 18 de dezembro de 2023 a 27 de dezembro de 2024; e<\/p><p style=\"text-align: justify;\">V &#8211; data de encerramento: 30 de dezembro de 2024.<\/p><p style=\"text-align: justify;\">\u00a7 1\u00ba No per\u00edodo de elabora\u00e7\u00e3o, de que trata o inciso I do caput deste artigo, os \u00f3rg\u00e3os e entidades incluir\u00e3o os itens no Sistema PCA RJ atrav\u00e9s dos Documentos de Formaliza\u00e7\u00e3o de Demanda &#8211; DFDs do tipo requisi\u00e7\u00e3o padr\u00e3o.<\/p><p style=\"text-align: justify;\">\u00a7 2\u00ba No per\u00edodo de disponibiliza\u00e7\u00e3o, de que trata o inciso II do caput deste artigo, o PCA poder\u00e1, por meio da elabora\u00e7\u00e3o de termo de altera\u00e7\u00e3o, ser alterado com a inser\u00e7\u00e3o, edi\u00e7\u00e3o ou exclus\u00e3o de itens, inclusive quantitativos e valores.<\/p><p style=\"text-align: justify;\">\u00a7 3\u00ba A publica\u00e7\u00e3o de que trata o inciso III do caput deste artigo ser\u00e1 autom\u00e1tica via sistema e n\u00e3o depender\u00e1 de a\u00e7\u00e3o do usu\u00e1rio, sendo que os dados estar\u00e3o dispon\u00edveis no PNCP a partir do dia seguinte.<\/p><p style=\"text-align: justify;\">\u00a7 4\u00ba Durante o per\u00edodo de atualiza\u00e7\u00e3o de que trata o inciso IV do caput deste artigo, o PCA do \u00f3rg\u00e3o poder\u00e1 ser alterado por meio de elabora\u00e7\u00e3o de termo de altera\u00e7\u00e3o, nos moldes do \u00a7 2\u00ba deste artigo, mediante justificativa da autoridade competente.<\/p><p style=\"text-align: justify;\"><strong>Elabora\u00e7\u00e3o<\/strong><\/p><p style=\"text-align: justify;\">Art. 4\u00ba No per\u00edodo de 30 de outubro a 07 de dezembro de 2023, os \u00f3rg\u00e3os e entidades elaborar\u00e3o seus Documentos de Formaliza\u00e7\u00e3o de Demanda &#8211; DFDs, do tipo requisi\u00e7\u00e3o padr\u00e3o, e promover\u00e3o a inclus\u00e3o dos itens na minuta do PCA no Sistema PCA RJ.<\/p><p style=\"text-align: justify;\"><strong>Disponibiliza\u00e7\u00e3o<\/strong><\/p><p>Art. 5\u00ba No per\u00edodo de 08 de dezembro a 14 de dezembro de 2023, ser\u00e1 iniciada a etapa de disponibiliza\u00e7\u00e3o do PCA, na qual os \u00f3rg\u00e3os e entidades elaborar\u00e3o seus DFDs, do tipo termo de altera\u00e7\u00e3o, e promover\u00e3o a inclus\u00e3o e\/ou altera\u00e7\u00e3o de itens que entendam necess\u00e1rios na minuta do PCA no Sistema PCA RJ.<\/p><p><strong>Publica\u00e7\u00e3o<\/strong><\/p><p>Art. 6\u00ba No dia 15 de dezembro de 2023, os itens aprovados do PCA ser\u00e3o automaticamente publicados no Portal Nacional de Contrata\u00e7\u00f5es P\u00fablicas &#8211; PNCP.<\/p><p><strong>Atualiza\u00e7\u00e3o<\/strong><\/p><p>Art. 7\u00ba No per\u00edodo de 18 de dezembro de 2023 a 27 de dezembro de 2024, os \u00f3rg\u00e3os e entidades poder\u00e3o, motivada e justificadamente, atualizar seus respectivos PCAs, j\u00e1 publicados no PNCP.<\/p><p><strong>Encerramento<\/strong><\/p><p>Art. 8\u00ba O ciclo de execu\u00e7\u00e3o, acompanhamento, monitoramento e atualiza\u00e7\u00e3o do PCA dos \u00f3rg\u00e3os e entidades, referente ao exerc\u00edcio 2023\/2024, ser\u00e1 encerrado em 30 de dezembro de 2024.<\/p><p style=\"text-align: center;\">CAP\u00cdTULO III<br \/>DISPOSI\u00c7\u00c3O FINAL<\/p><p style=\"text-align: justify;\">Art. 9\u00ba Esta Resolu\u00e7\u00e3o entra em vigor na data de sua publica\u00e7\u00e3o.<\/p><p style=\"text-align: justify;\">Rio de Janeiro, 18 de outubro de 2023<\/p><p style=\"text-align: center;\"><b>ADILSON DE FARIA MACIEL<\/b><\/p><p style=\"text-align: center;\">Secret\u00e1rio de Estado de Planejamento e Gest\u00e3o<\/p><p style=\"text-align: right;\">Id: 2519556<\/p>\t\t\t\t\t\t\t\t<\/div>\n\t\t\t\t\t<\/div>\n\t\t<\/div>\n\t\t\t\t\t<\/div>\n\t\t<\/section>\n\t\t\t\t<section class=\"elementor-section elementor-top-section elementor-element elementor-element-8a4eb8f elementor-section-boxed elementor-section-height-default elementor-section-height-default\" data-id=\"8a4eb8f\" data-element_type=\"section\" data-settings=\"{&quot;jet_parallax_layout_list&quot;:[{&quot;jet_parallax_layout_image&quot;:{&quot;url&quot;:&quot;&quot;,&quot;id&quot;:&quot;&quot;,&quot;size&quot;:&quot;&quot;},&quot;_id&quot;:&quot;04dd098&quot;,&quot;jet_parallax_layout_image_tablet&quot;:{&quot;url&quot;:&quot;&quot;,&quot;id&quot;:&quot;&quot;,&quot;size&quot;:&quot;&quot;},&quot;jet_parallax_layout_image_mobile&quot;:{&quot;url&quot;:&quot;&quot;,&quot;id&quot;:&quot;&quot;,&quot;size&quot;:&quot;&quot;},&quot;jet_parallax_layout_speed&quot;:{&quot;unit&quot;:&quot;%&quot;,&quot;size&quot;:50,&quot;sizes&quot;:[]},&quot;jet_parallax_layout_type&quot;:&quot;scroll&quot;,&quot;jet_parallax_layout_direction&quot;:&quot;1&quot;,&quot;jet_parallax_layout_fx_direction&quot;:null,&quot;jet_parallax_layout_z_index&quot;:&quot;&quot;,&quot;jet_parallax_layout_bg_x&quot;:50,&quot;jet_parallax_layout_bg_x_tablet&quot;:&quot;&quot;,&quot;jet_parallax_layout_bg_x_mobile&quot;:&quot;&quot;,&quot;jet_parallax_layout_bg_y&quot;:50,&quot;jet_parallax_layout_bg_y_tablet&quot;:&quot;&quot;,&quot;jet_parallax_layout_bg_y_mobile&quot;:&quot;&quot;,&quot;jet_parallax_layout_bg_size&quot;:&quot;auto&quot;,&quot;jet_parallax_layout_bg_size_tablet&quot;:&quot;&quot;,&quot;jet_parallax_layout_bg_size_mobile&quot;:&quot;&quot;,&quot;jet_parallax_layout_animation_prop&quot;:&quot;transform&quot;,&quot;jet_parallax_layout_on&quot;:[&quot;desktop&quot;,&quot;tablet&quot;]}]}\">\n\t\t\t\t\t\t<div class=\"elementor-container elementor-column-gap-default\">\n\t\t\t\t\t<div class=\"elementor-column elementor-col-100 elementor-top-column elementor-element elementor-element-a2c9755\" data-id=\"a2c9755\" data-element_type=\"column\">\n\t\t\t<div class=\"elementor-widget-wrap elementor-element-populated\">\n\t\t\t\t\t\t<div class=\"elementor-element elementor-element-0a8b924 elementor-widget elementor-widget-text-editor\" data-id=\"0a8b924\" data-element_type=\"widget\" data-widget_type=\"text-editor.default\">\n\t\t\t\t\t\t\t\t\t<p><em>Publicada no DOE em <a href=\"https:\/\/www.redelog.rj.gov.br\/redelog\/wp-content\/uploads\/2023\/10\/Resolucao-SEPLAG-no-240-Calendario-PCA.pdf\"><strong>25\/10\/2023<\/strong><\/a>.<\/em><\/p><p><em>Ser\u00e1 revogada em 30 de dezembro de 2024, pelo <strong><a href=\"https:\/\/leisestaduais.com.br\/rj\/decreto-n-49129-2024-rio-de-janeiro-altera-o-decreto-no-48-760-de-23-de-outubro-de-2023-e-revoga-os-dispositivos-que-menciona?q=49129&amp;origin=instituicao#\">Decreto n\u00ba 49.129, de 05 de junho de 2024<\/a><\/strong>, publicado no DOE em <a href=\"https:\/\/www.redelog.rj.gov.br\/redelog\/wp-content\/uploads\/2024\/06\/Decreto-no-49.129-Altera-o-Decreto-no-48.760-PCA.pdf\"><strong>06\/06\/2024<\/strong><\/a>.<\/em><\/p>\t\t\t\t\t\t\t\t<\/div>\n\t\t\t\t\t<\/div>\n\t\t<\/div>\n\t\t\t\t\t<\/div>\n\t\t<\/section>\n\t\t\t\t<section class=\"elementor-section elementor-top-section elementor-element elementor-element-534b870 elementor-section-boxed elementor-section-height-default elementor-section-height-default\" data-id=\"534b870\" data-element_type=\"section\" data-settings=\"{&quot;jet_parallax_layout_list&quot;:[{&quot;jet_parallax_layout_image&quot;:{&quot;url&quot;:&quot;&quot;,&quot;id&quot;:&quot;&quot;,&quot;size&quot;:&quot;&quot;},&quot;_id&quot;:&quot;ab030fc&quot;,&quot;jet_parallax_layout_image_tablet&quot;:{&quot;url&quot;:&quot;&quot;,&quot;id&quot;:&quot;&quot;,&quot;size&quot;:&quot;&quot;},&quot;jet_parallax_layout_image_mobile&quot;:{&quot;url&quot;:&quot;&quot;,&quot;id&quot;:&quot;&quot;,&quot;size&quot;:&quot;&quot;},&quot;jet_parallax_layout_speed&quot;:{&quot;unit&quot;:&quot;%&quot;,&quot;size&quot;:50,&quot;sizes&quot;:[]},&quot;jet_parallax_layout_type&quot;:&quot;scroll&quot;,&quot;jet_parallax_layout_direction&quot;:&quot;1&quot;,&quot;jet_parallax_layout_fx_direction&quot;:null,&quot;jet_parallax_layout_z_index&quot;:&quot;&quot;,&quot;jet_parallax_layout_bg_x&quot;:50,&quot;jet_parallax_layout_bg_x_tablet&quot;:&quot;&quot;,&quot;jet_parallax_layout_bg_x_mobile&quot;:&quot;&quot;,&quot;jet_parallax_layout_bg_y&quot;:50,&quot;jet_parallax_layout_bg_y_tablet&quot;:&quot;&quot;,&quot;jet_parallax_layout_bg_y_mobile&quot;:&quot;&quot;,&quot;jet_parallax_layout_bg_size&quot;:&quot;auto&quot;,&quot;jet_parallax_layout_bg_size_tablet&quot;:&quot;&quot;,&quot;jet_parallax_layout_bg_size_mobile&quot;:&quot;&quot;,&quot;jet_parallax_layout_animation_prop&quot;:&quot;transform&quot;,&quot;jet_parallax_layout_on&quot;:[&quot;desktop&quot;,&quot;tablet&quot;]}]}\">\n\t\t\t\t\t\t<div class=\"elementor-container elementor-column-gap-default\">\n\t\t\t\t\t<div class=\"elementor-column elementor-col-100 elementor-top-column elementor-element elementor-element-8dbb1af\" data-id=\"8dbb1af\" data-element_type=\"column\">\n\t\t\t<div class=\"elementor-widget-wrap elementor-element-populated\">\n\t\t\t\t\t\t<div class=\"elementor-element elementor-element-6bc1156 elementor-widget-divider--view-line elementor-widget elementor-widget-divider\" data-id=\"6bc1156\" data-element_type=\"widget\" data-widget_type=\"divider.default\">\n\t\t\t\t\t\t\t<div class=\"elementor-divider\">\n\t\t\t<span class=\"elementor-divider-separator\">\n\t\t\t\t\t\t<\/span>\n\t\t<\/div>\n\t\t\t\t\t\t<\/div>\n\t\t\t\t\t<\/div>\n\t\t<\/div>\n\t\t\t\t\t<\/div>\n\t\t<\/section>\n\t\t\t\t<section class=\"elementor-section elementor-top-section elementor-element elementor-element-38d5d37 elementor-section-boxed elementor-section-height-default elementor-section-height-default\" data-id=\"38d5d37\" data-element_type=\"section\" id=\"options\" data-settings=\"{&quot;jet_parallax_layout_list&quot;:[{&quot;jet_parallax_layout_image&quot;:{&quot;url&quot;:&quot;&quot;,&quot;id&quot;:&quot;&quot;,&quot;size&quot;:&quot;&quot;},&quot;_id&quot;:&quot;19d7213&quot;,&quot;jet_parallax_layout_image_tablet&quot;:{&quot;url&quot;:&quot;&quot;,&quot;id&quot;:&quot;&quot;,&quot;size&quot;:&quot;&quot;},&quot;jet_parallax_layout_image_mobile&quot;:{&quot;url&quot;:&quot;&quot;,&quot;id&quot;:&quot;&quot;,&quot;size&quot;:&quot;&quot;},&quot;jet_parallax_layout_speed&quot;:{&quot;unit&quot;:&quot;%&quot;,&quot;size&quot;:50,&quot;sizes&quot;:[]},&quot;jet_parallax_layout_type&quot;:&quot;scroll&quot;,&quot;jet_parallax_layout_direction&quot;:&quot;1&quot;,&quot;jet_parallax_layout_fx_direction&quot;:null,&quot;jet_parallax_layout_z_index&quot;:&quot;&quot;,&quot;jet_parallax_layout_bg_x&quot;:50,&quot;jet_parallax_layout_bg_x_tablet&quot;:&quot;&quot;,&quot;jet_parallax_layout_bg_x_mobile&quot;:&quot;&quot;,&quot;jet_parallax_layout_bg_y&quot;:50,&quot;jet_parallax_layout_bg_y_tablet&quot;:&quot;&quot;,&quot;jet_parallax_layout_bg_y_mobile&quot;:&quot;&quot;,&quot;jet_parallax_layout_bg_size&quot;:&quot;auto&quot;,&quot;jet_parallax_layout_bg_size_tablet&quot;:&quot;&quot;,&quot;jet_parallax_layout_bg_size_mobile&quot;:&quot;&quot;,&quot;jet_parallax_layout_animation_prop&quot;:&quot;transform&quot;,&quot;jet_parallax_layout_on&quot;:[&quot;desktop&quot;,&quot;tablet&quot;]}]}\">\n\t\t\t\t\t\t<div class=\"elementor-container elementor-column-gap-default\">\n\t\t\t\t\t<div class=\"elementor-column elementor-col-100 elementor-top-column elementor-element elementor-element-4936a99\" data-id=\"4936a99\" data-element_type=\"column\">\n\t\t\t<div class=\"elementor-widget-wrap elementor-element-populated\">\n\t\t\t\t\t\t<div class=\"elementor-element elementor-element-45cfe66 elementor-widget elementor-widget-shortcode\" data-id=\"45cfe66\" data-element_type=\"widget\" data-widget_type=\"shortcode.default\">\n\t\t\t\t\t\t\t<div class=\"elementor-shortcode\"><div class='printomatic pom-default ' id='id9189' alt='Imprimir' title='Imprimir' data-print_target='#post-25665'><\/div> <div class='printomatictext' id='id9189' alt='Imprimir' title='Imprimir' data-print_target='#post-25665'>Imprimir<\/div><div style='clear: both;'><\/div><\/div>\n\t\t\t\t\t\t<\/div>\n\t\t\t\t<section class=\"elementor-section elementor-inner-section elementor-element elementor-element-3a21973 elementor-section-boxed elementor-section-height-default elementor-section-height-default\" data-id=\"3a21973\" data-element_type=\"section\" data-settings=\"{&quot;jet_parallax_layout_list&quot;:[{&quot;jet_parallax_layout_image&quot;:{&quot;url&quot;:&quot;&quot;,&quot;id&quot;:&quot;&quot;,&quot;size&quot;:&quot;&quot;},&quot;_id&quot;:&quot;4b24ff0&quot;,&quot;jet_parallax_layout_image_tablet&quot;:{&quot;url&quot;:&quot;&quot;,&quot;id&quot;:&quot;&quot;,&quot;size&quot;:&quot;&quot;},&quot;jet_parallax_layout_image_mobile&quot;:{&quot;url&quot;:&quot;&quot;,&quot;id&quot;:&quot;&quot;,&quot;size&quot;:&quot;&quot;},&quot;jet_parallax_layout_speed&quot;:{&quot;unit&quot;:&quot;%&quot;,&quot;size&quot;:50,&quot;sizes&quot;:[]},&quot;jet_parallax_layout_type&quot;:&quot;scroll&quot;,&quot;jet_parallax_layout_direction&quot;:&quot;1&quot;,&quot;jet_parallax_layout_fx_direction&quot;:null,&quot;jet_parallax_layout_z_index&quot;:&quot;&quot;,&quot;jet_parallax_layout_bg_x&quot;:50,&quot;jet_parallax_layout_bg_x_tablet&quot;:&quot;&quot;,&quot;jet_parallax_layout_bg_x_mobile&quot;:&quot;&quot;,&quot;jet_parallax_layout_bg_y&quot;:50,&quot;jet_parallax_layout_bg_y_tablet&quot;:&quot;&quot;,&quot;jet_parallax_layout_bg_y_mobile&quot;:&quot;&quot;,&quot;jet_parallax_layout_bg_size&quot;:&quot;auto&quot;,&quot;jet_parallax_layout_bg_size_tablet&quot;:&quot;&quot;,&quot;jet_parallax_layout_bg_size_mobile&quot;:&quot;&quot;,&quot;jet_parallax_layout_animation_prop&quot;:&quot;transform&quot;,&quot;jet_parallax_layout_on&quot;:[&quot;desktop&quot;,&quot;tablet&quot;]}]}\">\n\t\t\t\t\t\t<div class=\"elementor-container elementor-column-gap-default\">\n\t\t\t\t\t<div class=\"elementor-column elementor-col-50 elementor-inner-column elementor-element elementor-element-afba63c\" data-id=\"afba63c\" data-element_type=\"column\">\n\t\t\t<div class=\"elementor-widget-wrap elementor-element-populated\">\n\t\t\t\t\t\t<div class=\"elementor-element elementor-element-ca5346b elementor-widget elementor-widget-text-editor\" data-id=\"ca5346b\" data-element_type=\"widget\" data-widget_type=\"text-editor.default\">\n\t\t\t\t\t\t\t\t\t<p><strong><a href=\"http:\/\/redelog.rj.gov.br\/redelog\/legislacao-transportes\/\">\u2190 Voltar &#8211; Transportes<\/a><\/strong><\/p>\t\t\t\t\t\t\t\t<\/div>\n\t\t\t\t\t<\/div>\n\t\t<\/div>\n\t\t\t\t<div class=\"elementor-column elementor-col-50 elementor-inner-column elementor-element elementor-element-dd06df7\" data-id=\"dd06df7\" data-element_type=\"column\">\n\t\t\t<div class=\"elementor-widget-wrap\">\n\t\t\t\t\t\t\t<\/div>\n\t\t<\/div>\n\t\t\t\t\t<\/div>\n\t\t<\/section>\n\t\t\t\t\t<\/div>\n\t\t<\/div>\n\t\t\t\t\t<\/div>\n\t\t<\/section>\n\t\t\t\t<section class=\"elementor-section elementor-top-section elementor-element elementor-element-bdca253 elementor-section-boxed elementor-section-height-default elementor-section-height-default\" data-id=\"bdca253\" data-element_type=\"section\" data-settings=\"{&quot;jet_parallax_layout_list&quot;:[{&quot;jet_parallax_layout_image&quot;:{&quot;url&quot;:&quot;&quot;,&quot;id&quot;:&quot;&quot;,&quot;size&quot;:&quot;&quot;},&quot;_id&quot;:&quot;22a0abb&quot;,&quot;jet_parallax_layout_image_tablet&quot;:{&quot;url&quot;:&quot;&quot;,&quot;id&quot;:&quot;&quot;,&quot;size&quot;:&quot;&quot;},&quot;jet_parallax_layout_image_mobile&quot;:{&quot;url&quot;:&quot;&quot;,&quot;id&quot;:&quot;&quot;,&quot;size&quot;:&quot;&quot;},&quot;jet_parallax_layout_speed&quot;:{&quot;unit&quot;:&quot;%&quot;,&quot;size&quot;:50,&quot;sizes&quot;:[]},&quot;jet_parallax_layout_type&quot;:&quot;scroll&quot;,&quot;jet_parallax_layout_direction&quot;:&quot;1&quot;,&quot;jet_parallax_layout_fx_direction&quot;:null,&quot;jet_parallax_layout_z_index&quot;:&quot;&quot;,&quot;jet_parallax_layout_bg_x&quot;:50,&quot;jet_parallax_layout_bg_x_tablet&quot;:&quot;&quot;,&quot;jet_parallax_layout_bg_x_mobile&quot;:&quot;&quot;,&quot;jet_parallax_layout_bg_y&quot;:50,&quot;jet_parallax_layout_bg_y_tablet&quot;:&quot;&quot;,&quot;jet_parallax_layout_bg_y_mobile&quot;:&quot;&quot;,&quot;jet_parallax_layout_bg_size&quot;:&quot;auto&quot;,&quot;jet_parallax_layout_bg_size_tablet&quot;:&quot;&quot;,&quot;jet_parallax_layout_bg_size_mobile&quot;:&quot;&quot;,&quot;jet_parallax_layout_animation_prop&quot;:&quot;transform&quot;,&quot;jet_parallax_layout_on&quot;:[&quot;desktop&quot;,&quot;tablet&quot;]}]}\">\n\t\t\t\t\t\t<div class=\"elementor-container elementor-column-gap-default\">\n\t\t\t\t\t<div class=\"elementor-column elementor-col-100 elementor-top-column elementor-element elementor-element-68f4ad3\" data-id=\"68f4ad3\" data-element_type=\"column\">\n\t\t\t<div class=\"elementor-widget-wrap elementor-element-populated\">\n\t\t\t\t\t\t<div class=\"elementor-element elementor-element-2e5b9df elementor-widget elementor-widget-html\" data-id=\"2e5b9df\" data-element_type=\"widget\" data-widget_type=\"html.default\">\n\t\t\t\t\t<style>\n    h2, .h2-style{\n        font-size: 28px;\n    }\n<\/style>\t\t\t\t<\/div>\n\t\t\t\t\t<\/div>\n\t\t<\/div>\n\t\t\t\t\t<\/div>\n\t\t<\/section>\n\t\t\t\t<section class=\"elementor-section elementor-top-section elementor-element elementor-element-a82196b elementor-section-boxed elementor-section-height-default elementor-section-height-default\" data-id=\"a82196b\" data-element_type=\"section\" data-settings=\"{&quot;jet_parallax_layout_list&quot;:[{&quot;jet_parallax_layout_image&quot;:{&quot;url&quot;:&quot;&quot;,&quot;id&quot;:&quot;&quot;,&quot;size&quot;:&quot;&quot;},&quot;_id&quot;:&quot;5c40c66&quot;,&quot;jet_parallax_layout_image_tablet&quot;:{&quot;url&quot;:&quot;&quot;,&quot;id&quot;:&quot;&quot;,&quot;size&quot;:&quot;&quot;},&quot;jet_parallax_layout_image_mobile&quot;:{&quot;url&quot;:&quot;&quot;,&quot;id&quot;:&quot;&quot;,&quot;size&quot;:&quot;&quot;},&quot;jet_parallax_layout_speed&quot;:{&quot;unit&quot;:&quot;%&quot;,&quot;size&quot;:50,&quot;sizes&quot;:[]},&quot;jet_parallax_layout_type&quot;:&quot;scroll&quot;,&quot;jet_parallax_layout_direction&quot;:&quot;1&quot;,&quot;jet_parallax_layout_fx_direction&quot;:null,&quot;jet_parallax_layout_z_index&quot;:&quot;&quot;,&quot;jet_parallax_layout_bg_x&quot;:50,&quot;jet_parallax_layout_bg_x_tablet&quot;:&quot;&quot;,&quot;jet_parallax_layout_bg_x_mobile&quot;:&quot;&quot;,&quot;jet_parallax_layout_bg_y&quot;:50,&quot;jet_parallax_layout_bg_y_tablet&quot;:&quot;&quot;,&quot;jet_parallax_layout_bg_y_mobile&quot;:&quot;&quot;,&quot;jet_parallax_layout_bg_size&quot;:&quot;auto&quot;,&quot;jet_parallax_layout_bg_size_tablet&quot;:&quot;&quot;,&quot;jet_parallax_layout_bg_size_mobile&quot;:&quot;&quot;,&quot;jet_parallax_layout_animation_prop&quot;:&quot;transform&quot;,&quot;jet_parallax_layout_on&quot;:[&quot;desktop&quot;,&quot;tablet&quot;]}]}\">\n\t\t\t\t\t\t<div class=\"elementor-container elementor-column-gap-default\">\n\t\t\t\t\t<div class=\"elementor-column elementor-col-100 elementor-top-column elementor-element elementor-element-d2d9e44\" data-id=\"d2d9e44\" data-element_type=\"column\">\n\t\t\t<div class=\"elementor-widget-wrap\">\n\t\t\t\t\t\t\t<\/div>\n\t\t<\/div>\n\t\t\t\t\t<\/div>\n\t\t<\/section>\n\t\t\t\t<\/div>\n\t\t","protected":false},"excerpt":{"rendered":"<p>REGULAMENTA O CALEND\u00c1RIO DE EXECU\u00c7\u00c3O DO PLANO DE CONTRATA\u00c7\u00d5ES ANUAL &#8211; PCA PARA O CICLO REFERENTE AO EXERC\u00cdCIO 2023\/2024, NO \u00c2MBITO DA ADMINISTRA\u00c7\u00c3O P\u00daBLICA ESTADUAL DIRETA, AUT\u00c1RQUICA E FUNDACIONAL O SECRET\u00c1RIO DE ESTADO DE PLANEJAMENTO E GEST\u00c3O, no uso das atribui\u00e7\u00f5es legais, tendo em vista o disposto no Decreto n\u00ba 48.650, de 23 de agosto [&hellip;]<\/p>\n","protected":false},"author":19,"featured_media":0,"comment_status":"closed","ping_status":"open","sticky":false,"template":"","format":"standard","meta":{"_joinchat":[],"footnotes":""},"categories":[23],"tags":[],"class_list":["post-25665","post","type-post","status-publish","format-standard","hentry","category-cat-legislacao"],"yoast_head":"<!-- This site is optimized with the Yoast SEO plugin v25.7 - https:\/\/yoast.com\/wordpress\/plugins\/seo\/ -->\n<title>RESOLU\u00c7\u00c3O SEPLAG N\u00ba 240, DE 24 DE OUTUBRO DE 2023 - Redelog<\/title>\n<meta name=\"robots\" content=\"index, follow, max-snippet:-1, max-image-preview:large, max-video-preview:-1\" \/>\n<link rel=\"canonical\" href=\"https:\/\/redelog.rj.gov.br\/redelog\/resolucao-seplag-no-240-de-24-de-outubro-de-2023\/\" \/>\n<meta property=\"og:locale\" content=\"pt_BR\" \/>\n<meta property=\"og:type\" content=\"article\" \/>\n<meta property=\"og:title\" content=\"RESOLU\u00c7\u00c3O SEPLAG N\u00ba 240, DE 24 DE OUTUBRO DE 2023 - Redelog\" \/>\n<meta property=\"og:description\" content=\"REGULAMENTA O CALEND\u00c1RIO DE EXECU\u00c7\u00c3O DO PLANO DE CONTRATA\u00c7\u00d5ES ANUAL &#8211; PCA PARA O CICLO REFERENTE AO EXERC\u00cdCIO 2023\/2024, NO \u00c2MBITO DA ADMINISTRA\u00c7\u00c3O P\u00daBLICA ESTADUAL DIRETA, AUT\u00c1RQUICA E FUNDACIONAL O SECRET\u00c1RIO DE ESTADO DE PLANEJAMENTO E GEST\u00c3O, no uso das atribui\u00e7\u00f5es legais, tendo em vista o disposto no Decreto n\u00ba 48.650, de 23 de agosto [&hellip;]\" \/>\n<meta property=\"og:url\" content=\"https:\/\/redelog.rj.gov.br\/redelog\/resolucao-seplag-no-240-de-24-de-outubro-de-2023\/\" \/>\n<meta property=\"og:site_name\" content=\"Redelog\" \/>\n<meta property=\"article:published_time\" content=\"2023-10-25T17:50:34+00:00\" \/>\n<meta property=\"article:modified_time\" content=\"2024-06-19T16:57:05+00:00\" \/>\n<meta name=\"author\" content=\"Juliane Paz Vieira Lima\" \/>\n<meta name=\"twitter:card\" content=\"summary_large_image\" \/>\n<meta name=\"twitter:label1\" content=\"Escrito por\" \/>\n\t<meta name=\"twitter:data1\" content=\"Juliane Paz Vieira Lima\" \/>\n\t<meta name=\"twitter:label2\" content=\"Est. tempo de leitura\" \/>\n\t<meta name=\"twitter:data2\" content=\"5 minutos\" \/>\n<script type=\"application\/ld+json\" class=\"yoast-schema-graph\">{\"@context\":\"https:\/\/schema.org\",\"@graph\":[{\"@type\":\"Article\",\"@id\":\"https:\/\/redelog.rj.gov.br\/redelog\/resolucao-seplag-no-240-de-24-de-outubro-de-2023\/#article\",\"isPartOf\":{\"@id\":\"https:\/\/redelog.rj.gov.br\/redelog\/resolucao-seplag-no-240-de-24-de-outubro-de-2023\/\"},\"author\":{\"name\":\"Juliane Paz Vieira Lima\",\"@id\":\"https:\/\/redelog.rj.gov.br\/redelog\/#\/schema\/person\/a80fe416b9778ee67954a79526756867\"},\"headline\":\"RESOLU\u00c7\u00c3O SEPLAG N\u00ba 240, DE 24 DE OUTUBRO DE 2023\",\"datePublished\":\"2023-10-25T17:50:34+00:00\",\"dateModified\":\"2024-06-19T16:57:05+00:00\",\"mainEntityOfPage\":{\"@id\":\"https:\/\/redelog.rj.gov.br\/redelog\/resolucao-seplag-no-240-de-24-de-outubro-de-2023\/\"},\"wordCount\":976,\"publisher\":{\"@id\":\"https:\/\/redelog.rj.gov.br\/redelog\/#organization\"},\"articleSection\":[\"Legisla\u00e7\u00e3o\"],\"inLanguage\":\"pt-BR\"},{\"@type\":\"WebPage\",\"@id\":\"https:\/\/redelog.rj.gov.br\/redelog\/resolucao-seplag-no-240-de-24-de-outubro-de-2023\/\",\"url\":\"https:\/\/redelog.rj.gov.br\/redelog\/resolucao-seplag-no-240-de-24-de-outubro-de-2023\/\",\"name\":\"RESOLU\u00c7\u00c3O SEPLAG N\u00ba 240, DE 24 DE OUTUBRO DE 2023 - Redelog\",\"isPartOf\":{\"@id\":\"https:\/\/redelog.rj.gov.br\/redelog\/#website\"},\"datePublished\":\"2023-10-25T17:50:34+00:00\",\"dateModified\":\"2024-06-19T16:57:05+00:00\",\"breadcrumb\":{\"@id\":\"https:\/\/redelog.rj.gov.br\/redelog\/resolucao-seplag-no-240-de-24-de-outubro-de-2023\/#breadcrumb\"},\"inLanguage\":\"pt-BR\",\"potentialAction\":[{\"@type\":\"ReadAction\",\"target\":[\"https:\/\/redelog.rj.gov.br\/redelog\/resolucao-seplag-no-240-de-24-de-outubro-de-2023\/\"]}]},{\"@type\":\"BreadcrumbList\",\"@id\":\"https:\/\/redelog.rj.gov.br\/redelog\/resolucao-seplag-no-240-de-24-de-outubro-de-2023\/#breadcrumb\",\"itemListElement\":[{\"@type\":\"ListItem\",\"position\":1,\"name\":\"Home\",\"item\":\"https:\/\/redelog.rj.gov.br\/redelog\/\"},{\"@type\":\"ListItem\",\"position\":2,\"name\":\"RESOLU\u00c7\u00c3O SEPLAG N\u00ba 240, DE 24 DE OUTUBRO DE 2023\"}]},{\"@type\":\"WebSite\",\"@id\":\"https:\/\/redelog.rj.gov.br\/redelog\/#website\",\"url\":\"https:\/\/redelog.rj.gov.br\/redelog\/\",\"name\":\"Redelog\",\"description\":\"Site da Rede de Log\u00edstica e Planejamento do Estado do Rio de Janeiro\",\"publisher\":{\"@id\":\"https:\/\/redelog.rj.gov.br\/redelog\/#organization\"},\"potentialAction\":[{\"@type\":\"SearchAction\",\"target\":{\"@type\":\"EntryPoint\",\"urlTemplate\":\"https:\/\/redelog.rj.gov.br\/redelog\/?s={search_term_string}\"},\"query-input\":{\"@type\":\"PropertyValueSpecification\",\"valueRequired\":true,\"valueName\":\"search_term_string\"}}],\"inLanguage\":\"pt-BR\"},{\"@type\":\"Organization\",\"@id\":\"https:\/\/redelog.rj.gov.br\/redelog\/#organization\",\"name\":\"REDELOG\",\"url\":\"https:\/\/redelog.rj.gov.br\/redelog\/\",\"logo\":{\"@type\":\"ImageObject\",\"inLanguage\":\"pt-BR\",\"@id\":\"https:\/\/redelog.rj.gov.br\/redelog\/#\/schema\/logo\/image\/\",\"url\":\"http:\/\/10.10.8.100:8888\/redelog\/wp-content\/uploads\/2019\/09\/Redelog2.png\",\"contentUrl\":\"http:\/\/10.10.8.100:8888\/redelog\/wp-content\/uploads\/2019\/09\/Redelog2.png\",\"width\":565,\"height\":155,\"caption\":\"REDELOG\"},\"image\":{\"@id\":\"https:\/\/redelog.rj.gov.br\/redelog\/#\/schema\/logo\/image\/\"}},{\"@type\":\"Person\",\"@id\":\"https:\/\/redelog.rj.gov.br\/redelog\/#\/schema\/person\/a80fe416b9778ee67954a79526756867\",\"name\":\"Juliane Paz Vieira Lima\",\"image\":{\"@type\":\"ImageObject\",\"inLanguage\":\"pt-BR\",\"@id\":\"https:\/\/redelog.rj.gov.br\/redelog\/#\/schema\/person\/image\/\",\"url\":\"https:\/\/secure.gravatar.com\/avatar\/6d81cf8bb20fabd08d236dec1cc7b99d2da26d368e6642dc331f1413653da0a6?s=96&d=mm&r=g\",\"contentUrl\":\"https:\/\/secure.gravatar.com\/avatar\/6d81cf8bb20fabd08d236dec1cc7b99d2da26d368e6642dc331f1413653da0a6?s=96&d=mm&r=g\",\"caption\":\"Juliane Paz Vieira Lima\"},\"url\":\"https:\/\/redelog.rj.gov.br\/redelog\/author\/julianepaz\/\"}]}<\/script>\n<!-- \/ Yoast SEO plugin. -->","yoast_head_json":{"title":"RESOLU\u00c7\u00c3O SEPLAG N\u00ba 240, DE 24 DE OUTUBRO DE 2023 - Redelog","robots":{"index":"index","follow":"follow","max-snippet":"max-snippet:-1","max-image-preview":"max-image-preview:large","max-video-preview":"max-video-preview:-1"},"canonical":"https:\/\/redelog.rj.gov.br\/redelog\/resolucao-seplag-no-240-de-24-de-outubro-de-2023\/","og_locale":"pt_BR","og_type":"article","og_title":"RESOLU\u00c7\u00c3O SEPLAG N\u00ba 240, DE 24 DE OUTUBRO DE 2023 - Redelog","og_description":"REGULAMENTA O CALEND\u00c1RIO DE EXECU\u00c7\u00c3O DO PLANO DE CONTRATA\u00c7\u00d5ES ANUAL &#8211; PCA PARA O CICLO REFERENTE AO EXERC\u00cdCIO 2023\/2024, NO \u00c2MBITO DA ADMINISTRA\u00c7\u00c3O P\u00daBLICA ESTADUAL DIRETA, AUT\u00c1RQUICA E FUNDACIONAL O SECRET\u00c1RIO DE ESTADO DE PLANEJAMENTO E GEST\u00c3O, no uso das atribui\u00e7\u00f5es legais, tendo em vista o disposto no Decreto n\u00ba 48.650, de 23 de agosto [&hellip;]","og_url":"https:\/\/redelog.rj.gov.br\/redelog\/resolucao-seplag-no-240-de-24-de-outubro-de-2023\/","og_site_name":"Redelog","article_published_time":"2023-10-25T17:50:34+00:00","article_modified_time":"2024-06-19T16:57:05+00:00","author":"Juliane Paz Vieira Lima","twitter_card":"summary_large_image","twitter_misc":{"Escrito por":"Juliane Paz Vieira Lima","Est. tempo de leitura":"5 minutos"},"schema":{"@context":"https:\/\/schema.org","@graph":[{"@type":"Article","@id":"https:\/\/redelog.rj.gov.br\/redelog\/resolucao-seplag-no-240-de-24-de-outubro-de-2023\/#article","isPartOf":{"@id":"https:\/\/redelog.rj.gov.br\/redelog\/resolucao-seplag-no-240-de-24-de-outubro-de-2023\/"},"author":{"name":"Juliane Paz Vieira Lima","@id":"https:\/\/redelog.rj.gov.br\/redelog\/#\/schema\/person\/a80fe416b9778ee67954a79526756867"},"headline":"RESOLU\u00c7\u00c3O SEPLAG N\u00ba 240, DE 24 DE OUTUBRO DE 2023","datePublished":"2023-10-25T17:50:34+00:00","dateModified":"2024-06-19T16:57:05+00:00","mainEntityOfPage":{"@id":"https:\/\/redelog.rj.gov.br\/redelog\/resolucao-seplag-no-240-de-24-de-outubro-de-2023\/"},"wordCount":976,"publisher":{"@id":"https:\/\/redelog.rj.gov.br\/redelog\/#organization"},"articleSection":["Legisla\u00e7\u00e3o"],"inLanguage":"pt-BR"},{"@type":"WebPage","@id":"https:\/\/redelog.rj.gov.br\/redelog\/resolucao-seplag-no-240-de-24-de-outubro-de-2023\/","url":"https:\/\/redelog.rj.gov.br\/redelog\/resolucao-seplag-no-240-de-24-de-outubro-de-2023\/","name":"RESOLU\u00c7\u00c3O SEPLAG N\u00ba 240, DE 24 DE OUTUBRO DE 2023 - Redelog","isPartOf":{"@id":"https:\/\/redelog.rj.gov.br\/redelog\/#website"},"datePublished":"2023-10-25T17:50:34+00:00","dateModified":"2024-06-19T16:57:05+00:00","breadcrumb":{"@id":"https:\/\/redelog.rj.gov.br\/redelog\/resolucao-seplag-no-240-de-24-de-outubro-de-2023\/#breadcrumb"},"inLanguage":"pt-BR","potentialAction":[{"@type":"ReadAction","target":["https:\/\/redelog.rj.gov.br\/redelog\/resolucao-seplag-no-240-de-24-de-outubro-de-2023\/"]}]},{"@type":"BreadcrumbList","@id":"https:\/\/redelog.rj.gov.br\/redelog\/resolucao-seplag-no-240-de-24-de-outubro-de-2023\/#breadcrumb","itemListElement":[{"@type":"ListItem","position":1,"name":"Home","item":"https:\/\/redelog.rj.gov.br\/redelog\/"},{"@type":"ListItem","position":2,"name":"RESOLU\u00c7\u00c3O SEPLAG N\u00ba 240, DE 24 DE OUTUBRO DE 2023"}]},{"@type":"WebSite","@id":"https:\/\/redelog.rj.gov.br\/redelog\/#website","url":"https:\/\/redelog.rj.gov.br\/redelog\/","name":"Redelog","description":"Site da Rede de Log\u00edstica e Planejamento do Estado do Rio de Janeiro","publisher":{"@id":"https:\/\/redelog.rj.gov.br\/redelog\/#organization"},"potentialAction":[{"@type":"SearchAction","target":{"@type":"EntryPoint","urlTemplate":"https:\/\/redelog.rj.gov.br\/redelog\/?s={search_term_string}"},"query-input":{"@type":"PropertyValueSpecification","valueRequired":true,"valueName":"search_term_string"}}],"inLanguage":"pt-BR"},{"@type":"Organization","@id":"https:\/\/redelog.rj.gov.br\/redelog\/#organization","name":"REDELOG","url":"https:\/\/redelog.rj.gov.br\/redelog\/","logo":{"@type":"ImageObject","inLanguage":"pt-BR","@id":"https:\/\/redelog.rj.gov.br\/redelog\/#\/schema\/logo\/image\/","url":"http:\/\/10.10.8.100:8888\/redelog\/wp-content\/uploads\/2019\/09\/Redelog2.png","contentUrl":"http:\/\/10.10.8.100:8888\/redelog\/wp-content\/uploads\/2019\/09\/Redelog2.png","width":565,"height":155,"caption":"REDELOG"},"image":{"@id":"https:\/\/redelog.rj.gov.br\/redelog\/#\/schema\/logo\/image\/"}},{"@type":"Person","@id":"https:\/\/redelog.rj.gov.br\/redelog\/#\/schema\/person\/a80fe416b9778ee67954a79526756867","name":"Juliane Paz Vieira Lima","image":{"@type":"ImageObject","inLanguage":"pt-BR","@id":"https:\/\/redelog.rj.gov.br\/redelog\/#\/schema\/person\/image\/","url":"https:\/\/secure.gravatar.com\/avatar\/6d81cf8bb20fabd08d236dec1cc7b99d2da26d368e6642dc331f1413653da0a6?s=96&d=mm&r=g","contentUrl":"https:\/\/secure.gravatar.com\/avatar\/6d81cf8bb20fabd08d236dec1cc7b99d2da26d368e6642dc331f1413653da0a6?s=96&d=mm&r=g","caption":"Juliane Paz Vieira Lima"},"url":"https:\/\/redelog.rj.gov.br\/redelog\/author\/julianepaz\/"}]}},"_links":{"self":[{"href":"https:\/\/redelog.rj.gov.br\/redelog\/wp-json\/wp\/v2\/posts\/25665","targetHints":{"allow":["GET"]}}],"collection":[{"href":"https:\/\/redelog.rj.gov.br\/redelog\/wp-json\/wp\/v2\/posts"}],"about":[{"href":"https:\/\/redelog.rj.gov.br\/redelog\/wp-json\/wp\/v2\/types\/post"}],"author":[{"embeddable":true,"href":"https:\/\/redelog.rj.gov.br\/redelog\/wp-json\/wp\/v2\/users\/19"}],"replies":[{"embeddable":true,"href":"https:\/\/redelog.rj.gov.br\/redelog\/wp-json\/wp\/v2\/comments?post=25665"}],"version-history":[{"count":16,"href":"https:\/\/redelog.rj.gov.br\/redelog\/wp-json\/wp\/v2\/posts\/25665\/revisions"}],"predecessor-version":[{"id":30132,"href":"https:\/\/redelog.rj.gov.br\/redelog\/wp-json\/wp\/v2\/posts\/25665\/revisions\/30132"}],"wp:attachment":[{"href":"https:\/\/redelog.rj.gov.br\/redelog\/wp-json\/wp\/v2\/media?parent=25665"}],"wp:term":[{"taxonomy":"category","embeddable":true,"href":"https:\/\/redelog.rj.gov.br\/redelog\/wp-json\/wp\/v2\/categories?post=25665"},{"taxonomy":"post_tag","embeddable":true,"href":"https:\/\/redelog.rj.gov.br\/redelog\/wp-json\/wp\/v2\/tags?post=25665"}],"curies":[{"name":"wp","href":"https:\/\/api.w.org\/{rel}","templated":true}]}}