{"id":25604,"date":"2023-10-24T10:56:11","date_gmt":"2023-10-24T13:56:11","guid":{"rendered":"https:\/\/redelog.rj.gov.br\/redelog\/?p=25604"},"modified":"2023-10-24T10:56:11","modified_gmt":"2023-10-24T13:56:11","slug":"decreto-no-48-760-de-23-de-outubro-de-2023","status":"publish","type":"post","link":"https:\/\/redelog.rj.gov.br\/redelog\/decreto-no-48-760-de-23-de-outubro-de-2023\/","title":{"rendered":"DECRETO N\u00ba 48.760, DE 23 DE OUTUBRO DE 2023"},"content":{"rendered":"\t\t<div data-elementor-type=\"wp-post\" data-elementor-id=\"25604\" class=\"elementor elementor-25604\" data-elementor-post-type=\"post\">\n\t\t\t\t\t\t<section class=\"elementor-section elementor-top-section elementor-element elementor-element-a060dba elementor-section-boxed elementor-section-height-default elementor-section-height-default\" data-id=\"a060dba\" data-element_type=\"section\" data-settings=\"{&quot;jet_parallax_layout_list&quot;:[{&quot;jet_parallax_layout_image&quot;:{&quot;url&quot;:&quot;&quot;,&quot;id&quot;:&quot;&quot;,&quot;size&quot;:&quot;&quot;},&quot;_id&quot;:&quot;a52826b&quot;,&quot;jet_parallax_layout_image_tablet&quot;:{&quot;url&quot;:&quot;&quot;,&quot;id&quot;:&quot;&quot;,&quot;size&quot;:&quot;&quot;},&quot;jet_parallax_layout_image_mobile&quot;:{&quot;url&quot;:&quot;&quot;,&quot;id&quot;:&quot;&quot;,&quot;size&quot;:&quot;&quot;},&quot;jet_parallax_layout_speed&quot;:{&quot;unit&quot;:&quot;%&quot;,&quot;size&quot;:50,&quot;sizes&quot;:[]},&quot;jet_parallax_layout_type&quot;:&quot;scroll&quot;,&quot;jet_parallax_layout_direction&quot;:&quot;1&quot;,&quot;jet_parallax_layout_fx_direction&quot;:null,&quot;jet_parallax_layout_z_index&quot;:&quot;&quot;,&quot;jet_parallax_layout_bg_x&quot;:50,&quot;jet_parallax_layout_bg_x_tablet&quot;:&quot;&quot;,&quot;jet_parallax_layout_bg_x_mobile&quot;:&quot;&quot;,&quot;jet_parallax_layout_bg_y&quot;:50,&quot;jet_parallax_layout_bg_y_tablet&quot;:&quot;&quot;,&quot;jet_parallax_layout_bg_y_mobile&quot;:&quot;&quot;,&quot;jet_parallax_layout_bg_size&quot;:&quot;auto&quot;,&quot;jet_parallax_layout_bg_size_tablet&quot;:&quot;&quot;,&quot;jet_parallax_layout_bg_size_mobile&quot;:&quot;&quot;,&quot;jet_parallax_layout_animation_prop&quot;:&quot;transform&quot;,&quot;jet_parallax_layout_on&quot;:[&quot;desktop&quot;,&quot;tablet&quot;]}]}\">\n\t\t\t\t\t\t<div class=\"elementor-container elementor-column-gap-default\">\n\t\t\t\t\t<div class=\"elementor-column elementor-col-100 elementor-top-column elementor-element elementor-element-e18639c\" data-id=\"e18639c\" data-element_type=\"column\">\n\t\t\t<div class=\"elementor-widget-wrap elementor-element-populated\">\n\t\t\t\t\t\t<section class=\"elementor-section elementor-inner-section elementor-element elementor-element-80f8c95 elementor-section-boxed elementor-section-height-default elementor-section-height-default\" data-id=\"80f8c95\" data-element_type=\"section\" data-settings=\"{&quot;jet_parallax_layout_list&quot;:[{&quot;jet_parallax_layout_image&quot;:{&quot;url&quot;:&quot;&quot;,&quot;id&quot;:&quot;&quot;,&quot;size&quot;:&quot;&quot;},&quot;_id&quot;:&quot;1e48917&quot;,&quot;jet_parallax_layout_image_tablet&quot;:{&quot;url&quot;:&quot;&quot;,&quot;id&quot;:&quot;&quot;,&quot;size&quot;:&quot;&quot;},&quot;jet_parallax_layout_image_mobile&quot;:{&quot;url&quot;:&quot;&quot;,&quot;id&quot;:&quot;&quot;,&quot;size&quot;:&quot;&quot;},&quot;jet_parallax_layout_speed&quot;:{&quot;unit&quot;:&quot;%&quot;,&quot;size&quot;:50,&quot;sizes&quot;:[]},&quot;jet_parallax_layout_type&quot;:&quot;scroll&quot;,&quot;jet_parallax_layout_direction&quot;:&quot;1&quot;,&quot;jet_parallax_layout_fx_direction&quot;:null,&quot;jet_parallax_layout_z_index&quot;:&quot;&quot;,&quot;jet_parallax_layout_bg_x&quot;:50,&quot;jet_parallax_layout_bg_x_tablet&quot;:&quot;&quot;,&quot;jet_parallax_layout_bg_x_mobile&quot;:&quot;&quot;,&quot;jet_parallax_layout_bg_y&quot;:50,&quot;jet_parallax_layout_bg_y_tablet&quot;:&quot;&quot;,&quot;jet_parallax_layout_bg_y_mobile&quot;:&quot;&quot;,&quot;jet_parallax_layout_bg_size&quot;:&quot;auto&quot;,&quot;jet_parallax_layout_bg_size_tablet&quot;:&quot;&quot;,&quot;jet_parallax_layout_bg_size_mobile&quot;:&quot;&quot;,&quot;jet_parallax_layout_animation_prop&quot;:&quot;transform&quot;,&quot;jet_parallax_layout_on&quot;:[&quot;desktop&quot;,&quot;tablet&quot;]}]}\">\n\t\t\t\t\t\t<div class=\"elementor-container elementor-column-gap-default\">\n\t\t\t\t\t<div class=\"elementor-column elementor-col-50 elementor-inner-column elementor-element elementor-element-15d0bf1\" data-id=\"15d0bf1\" data-element_type=\"column\">\n\t\t\t<div class=\"elementor-widget-wrap\">\n\t\t\t\t\t\t\t<\/div>\n\t\t<\/div>\n\t\t\t\t<div class=\"elementor-column elementor-col-50 elementor-inner-column elementor-element elementor-element-11665e3\" data-id=\"11665e3\" data-element_type=\"column\">\n\t\t\t<div class=\"elementor-widget-wrap elementor-element-populated\">\n\t\t\t\t\t\t<div class=\"elementor-element elementor-element-ef9b5d5 elementor-widget elementor-widget-text-editor\" data-id=\"ef9b5d5\" data-element_type=\"widget\" data-widget_type=\"text-editor.default\">\n\t\t\t\t\t\t\t\t\t<p><b>IMPLEMENTA O PLANO DE CONTRATA\u00c7\u00d5ES ANUAL &#8211; PCA E INSTITUI O SISTEMA PCA RJ, NO \u00c2MBITO DA ADMINISTRA\u00c7\u00c3O P\u00daBLICA ESTADUAL DIRETA, AUT\u00c1RQUICA E FUNDACIONAL<\/b><\/p>\t\t\t\t\t\t\t\t<\/div>\n\t\t\t\t\t<\/div>\n\t\t<\/div>\n\t\t\t\t\t<\/div>\n\t\t<\/section>\n\t\t\t\t\t<\/div>\n\t\t<\/div>\n\t\t\t\t\t<\/div>\n\t\t<\/section>\n\t\t\t\t<section class=\"elementor-section elementor-top-section elementor-element elementor-element-fb41357 elementor-section-boxed elementor-section-height-default elementor-section-height-default\" data-id=\"fb41357\" data-element_type=\"section\" data-settings=\"{&quot;jet_parallax_layout_list&quot;:[{&quot;jet_parallax_layout_image&quot;:{&quot;url&quot;:&quot;&quot;,&quot;id&quot;:&quot;&quot;,&quot;size&quot;:&quot;&quot;},&quot;_id&quot;:&quot;1c4d272&quot;,&quot;jet_parallax_layout_image_tablet&quot;:{&quot;url&quot;:&quot;&quot;,&quot;id&quot;:&quot;&quot;,&quot;size&quot;:&quot;&quot;},&quot;jet_parallax_layout_image_mobile&quot;:{&quot;url&quot;:&quot;&quot;,&quot;id&quot;:&quot;&quot;,&quot;size&quot;:&quot;&quot;},&quot;jet_parallax_layout_speed&quot;:{&quot;unit&quot;:&quot;%&quot;,&quot;size&quot;:50,&quot;sizes&quot;:[]},&quot;jet_parallax_layout_type&quot;:&quot;scroll&quot;,&quot;jet_parallax_layout_direction&quot;:&quot;1&quot;,&quot;jet_parallax_layout_fx_direction&quot;:null,&quot;jet_parallax_layout_z_index&quot;:&quot;&quot;,&quot;jet_parallax_layout_bg_x&quot;:50,&quot;jet_parallax_layout_bg_x_tablet&quot;:&quot;&quot;,&quot;jet_parallax_layout_bg_x_mobile&quot;:&quot;&quot;,&quot;jet_parallax_layout_bg_y&quot;:50,&quot;jet_parallax_layout_bg_y_tablet&quot;:&quot;&quot;,&quot;jet_parallax_layout_bg_y_mobile&quot;:&quot;&quot;,&quot;jet_parallax_layout_bg_size&quot;:&quot;auto&quot;,&quot;jet_parallax_layout_bg_size_tablet&quot;:&quot;&quot;,&quot;jet_parallax_layout_bg_size_mobile&quot;:&quot;&quot;,&quot;jet_parallax_layout_animation_prop&quot;:&quot;transform&quot;,&quot;jet_parallax_layout_on&quot;:[&quot;desktop&quot;,&quot;tablet&quot;]}]}\">\n\t\t\t\t\t\t<div class=\"elementor-container elementor-column-gap-default\">\n\t\t\t\t\t<div class=\"elementor-column elementor-col-100 elementor-top-column elementor-element elementor-element-ec2aa21\" data-id=\"ec2aa21\" data-element_type=\"column\">\n\t\t\t<div class=\"elementor-widget-wrap elementor-element-populated\">\n\t\t\t\t\t\t<div class=\"elementor-element elementor-element-20f613a elementor-widget elementor-widget-text-editor\" data-id=\"20f613a\" data-element_type=\"widget\" data-widget_type=\"text-editor.default\">\n\t\t\t\t\t\t\t\t\t<p style=\"font-weight: 400;\">O<strong>\u00a0 GOVERNADOR DO ESTADO DO RIO DE JANEIRO<\/strong>,\u00a0<span style=\"font-weight: 400;\">no uso de suas atribui\u00e7\u00f5es constitucionais e legais, tendo em vista o disposto no Processo Administrativo n.\u00ba SEI-120001\/003759\/2023,<\/span><\/p><p style=\"font-weight: 400;\"><strong>CONSIDERANDO:<\/strong><\/p><p style=\"font-weight: 400;\"><span style=\"font-weight: 400;\">&#8211; o previsto no inciso VII do <\/span>caput<span style=\"font-weight: 400;\"> do art. 12 da Lei n.\u00ba 14.133, de 1\u00ba de abril de 2021, que estabelece que a elabora\u00e7\u00e3o do plano de contrata\u00e7\u00f5es anual tem como objetivos racionalizar as contrata\u00e7\u00f5es dos \u00f3rg\u00e3os e entidades sob sua compet\u00eancia, garantir o alinhamento com o seu planejamento estrat\u00e9gico e subsidiar a elabora\u00e7\u00e3o das respectivas leis or\u00e7ament\u00e1rias;<\/span><\/p><p style=\"font-weight: 400;\"><span style=\"font-weight: 400;\">&#8211; o previsto no Decreto n\u00ba 48.650, de 23 de agosto de 2023, de acordo com o qual compete ao \u00d3rg\u00e3o Central do Sistema Log\u00edstico &#8211; Sislog o planejamento e acompanhamento das atividades de contrata\u00e7\u00e3o, de utiliza\u00e7\u00e3o e de gest\u00e3o dos recursos log\u00edsticos, bem como a proposi\u00e7\u00e3o de pol\u00edticas p\u00fablicas relacionadas ao tema;<\/span><\/p><p style=\"font-weight: 400;\"><span style=\"font-weight: 400;\">&#8211; a necessidade garantir o alinhamento das contrata\u00e7\u00f5es p\u00fablicas com os objetivos estrat\u00e9gicos e ao planejamento or\u00e7ament\u00e1rio da Administra\u00e7\u00e3o; e<\/span><\/p><p style=\"font-weight: 400;\"><span style=\"font-weight: 400;\">&#8211; a necessidade de constante aprimoramento de metodologias, compet\u00eancias e boas pr\u00e1ticas para o aperfei\u00e7oamento e moderniza\u00e7\u00e3o dos processos da Administra\u00e7\u00e3o P\u00fablica.<\/span><\/p><p style=\"font-weight: 400;\"><b>DECRETA:<\/b><\/p><p style=\"font-weight: 400; text-align: center;\"><span style=\"font-weight: 400;\">CAP\u00cdTULO I<\/span><\/p><p style=\"font-weight: 400; text-align: center;\"><span style=\"font-weight: 400;\">DISPOSI\u00c7\u00d5ES PRELIMINARES<\/span><\/p><p style=\"font-weight: 400; text-align: left;\"><b>Objeto e \u00e2mbito de aplica\u00e7\u00e3o<\/b><\/p><p style=\"font-weight: 400;\"><span style=\"font-weight: 400;\">Art. 1\u00ba Este Decreto implementa o Plano de Contrata\u00e7\u00f5es Anual &#8211; PCA e institui o Sistema PCA RJ, no \u00e2mbito da Administra\u00e7\u00e3o P\u00fablica estadual direta, aut\u00e1rquica e fundacional.<\/span><\/p><p style=\"font-weight: 400;\">\u00a7 1\u00ba As empresas p\u00fablicas e sociedades de economia mista dependentes do tesouro estadual, inclusive suas subsidi\u00e1rias, dever\u00e3o observar o disposto neste Decreto para fins de planejamento log\u00edstico e or\u00e7ament\u00e1rio.<\/p><p style=\"font-weight: 400;\">\u00a7 2\u00ba Na hip\u00f3tese prevista no \u00a7 1\u00ba deste artigo \u00e9 facultada a utiliza\u00e7\u00e3o do Sistema PCA RJ.<\/p><p style=\"font-weight: 400;\"><b>Defini\u00e7\u00f5es<\/b><\/p><p style=\"font-weight: 400;\"><span style=\"font-weight: 400;\">Art. 2\u00ba Para fins do disposto neste Decreto, consideram-se:<\/span><\/p><p style=\"font-weight: 400;\"><span style=\"font-weight: 400;\">I &#8211; Plano de Contrata\u00e7\u00f5es Anual &#8211; PCA: instrumento de governan\u00e7a e planejamento, que, considerando as necessidades, metas e objetivos institucionais de uma organiza\u00e7\u00e3o, consolida a previs\u00e3o de suas contrata\u00e7\u00f5es para um exerc\u00edcio subsequente;<\/span><\/p><p style=\"font-weight: 400;\"><span style=\"font-weight: 400;\">II &#8211; Sistema PCA RJ: sistema informatizado desenvolvido para apoio ao processamento e opera\u00e7\u00e3o do PCA;<\/span><\/p><p style=\"font-weight: 400;\"><span style=\"font-weight: 400;\">III &#8211; Unidade Gestora &#8211; UG: unidade or\u00e7ament\u00e1ria ou unidade administrativa investida do poder de gerir recursos or\u00e7ament\u00e1rios e financeiros pr\u00f3prios ou sob descentraliza\u00e7\u00e3o de cr\u00e9ditos;<\/span><\/p><p style=\"font-weight: 400;\"><span style=\"font-weight: 400;\">IV &#8211; Planejamento Or\u00e7ament\u00e1rio Detalhado &#8211; POD: instrumento de planejamento que objetiva estimular e capturar o planejamento detalhado dos insumos necess\u00e1rios para cada unidade e para cada tipo de iniciativa administrativa, final\u00edstica ou projeto e que se constitui como a primeira etapa do processo de elabora\u00e7\u00e3o da proposta or\u00e7ament\u00e1ria;<\/span><\/p><p style=\"font-weight: 400;\"><span style=\"font-weight: 400;\">V &#8211; Documento de Formaliza\u00e7\u00e3o de Demanda &#8211; DFD: documento que fundamenta o PCA, em que a \u00e1rea requisitante evidencia e detalha a necessidade de contrata\u00e7\u00e3o;<\/span><\/p><p style=\"font-weight: 400;\"><span style=\"font-weight: 400;\">VI &#8211; aprovador: agente p\u00fablico, na qualidade de Ordenador de Despesas &#8211; OD, respons\u00e1vel pela revis\u00e3o e aprova\u00e7\u00e3o das informa\u00e7\u00f5es do PCA do \u00f3rg\u00e3o ou da entidade;<\/span><\/p><p style=\"font-weight: 400;\"><span style=\"font-weight: 400;\">VII &#8211; validador: agente respons\u00e1vel por auxiliar o aprovador na condu\u00e7\u00e3o do ciclo do PCA e, em segundo n\u00edvel, avaliar a conformidade e pertin\u00eancia dos itens requisitados no \u00e2mbito do \u00f3rg\u00e3o ou da entidade;<\/span><\/p><p style=\"font-weight: 400;\"><span style=\"font-weight: 400;\">VIII &#8211; confirmador: agente respons\u00e1vel por avaliar a conformidade e a pertin\u00eancia, em primeiro n\u00edvel, dos itens requeridos pelo demandante e promover a comunica\u00e7\u00e3o das demandas aprovadas ao agente validador;<\/span><\/p><p style=\"font-weight: 400;\"><span style=\"font-weight: 400;\">IX &#8211; demandante: agente respons\u00e1vel por identificar os itens de contrata\u00e7\u00e3o de servi\u00e7os ou de aquisi\u00e7\u00e3o de materiais para atender as necessidades do \u00f3rg\u00e3o ou da entidade, de um projeto, de um programa ou de uma pol\u00edtica p\u00fablica e requer\u00ea-la ao agente confirmador de departamento; e<\/span><\/p><p style=\"font-weight: 400;\"><span style=\"font-weight: 400;\">X &#8211; \u00d3rg\u00e3o Central do Sistema Log\u00edstico &#8211; Sislog: composto pela Secretaria de Estado de Planejamento e Gest\u00e3o &#8211; SEPLAG, a quem compete planejar, normatizar e supervisionar o Sislog, nos termos do inciso II do art. 2\u00ba do Decreto n\u00ba 48.650, de 23 de agosto de 2023.<\/span><\/p><p style=\"font-weight: 400; text-align: center;\"><span style=\"font-weight: 400;\">CAP\u00cdTULO II<\/span><\/p><p style=\"font-weight: 400; text-align: center;\"><span style=\"font-weight: 400;\">DO PLANO DE CONTRATA\u00c7\u00d5ES ANUAL &#8211; PCA<\/span><\/p><p style=\"font-weight: 400; text-align: center;\"><b>Se\u00e7\u00e3o I<\/b><\/p><p style=\"font-weight: 400; text-align: center;\"><b>Dos objetivos<\/b><\/p><p style=\"font-weight: 400;\"><span style=\"font-weight: 400;\">Art. 3\u00ba O PCA tem os objetivos de:<\/span><\/p><p style=\"font-weight: 400;\"><span style=\"font-weight: 400;\">I &#8211; racionalizar as contrata\u00e7\u00f5es das unidades administrativas de sua compet\u00eancia, fortalecendo a cultura do planejamento, a governan\u00e7a das contrata\u00e7\u00f5es p\u00fablicas e a atua\u00e7\u00e3o das linhas de defesa da Administra\u00e7\u00e3o;<\/span><\/p><p style=\"font-weight: 400;\"><span style=\"font-weight: 400;\">II &#8211; garantir o alinhamento com o planejamento estrat\u00e9gico e outros instrumentos de governan\u00e7a existentes;<\/span><\/p><p style=\"font-weight: 400;\"><span style=\"font-weight: 400;\">III &#8211; subsidiar a elabora\u00e7\u00e3o das leis or\u00e7ament\u00e1rias;<\/span><\/p><p style=\"font-weight: 400;\"><span style=\"font-weight: 400;\">IV &#8211; evitar o fracionamento de despesas; <\/span><\/p><p style=\"font-weight: 400;\"><span style=\"font-weight: 400;\">V &#8211; dar transpar\u00eancia \u00e0s metas e objetivos da Administra\u00e7\u00e3o; e<\/span><\/p><p style=\"font-weight: 400;\"><span style=\"font-weight: 400;\">VI &#8211; sinalizar inten\u00e7\u00f5es ao mercado fornecedor, de forma a aumentar o di\u00e1logo potencial, incrementar a competitividade e reduzir a assimetria de informa\u00e7\u00e3o entre a Administra\u00e7\u00e3o e o mercado.<\/span><\/p><p style=\"font-weight: 400; text-align: center;\"><b>Se\u00e7\u00e3o II<\/b><\/p><p style=\"font-weight: 400; text-align: center;\"><b>Das diretrizes para a elabora\u00e7\u00e3o do PCA<\/b><\/p><p style=\"font-weight: 400;\"><span style=\"font-weight: 400;\">Art. 4\u00ba O PCA ser\u00e1 elaborado por meio do Sistema PCA RJ, observados os procedimentos estabelecidos neste Decreto e em eventuais normas complementares ou manuais que vierem expedidos pelo \u00d3rg\u00e3o Central do Sislog. <\/span><\/p><p style=\"font-weight: 400;\"><span style=\"font-weight: 400;\">Par\u00e1grafo \u00fanico. O PCA dever\u00e1 apresentar todas as contrata\u00e7\u00f5es que um \u00f3rg\u00e3o ou uma entidade, ou suas unidades de execu\u00e7\u00e3o descentralizadas, pretendem realizar ou prorrogar em um exerc\u00edcio subsequente, com base nos DFDs elaborados pelas \u00e1reas demandantes.<\/span><\/p><p style=\"font-weight: 400;\"><span style=\"font-weight: 400;\">Art. 5\u00ba As informa\u00e7\u00f5es do PCA dever\u00e3o subsidiar o Planejamento Or\u00e7ament\u00e1rio Detalhado &#8211; POD para o exerc\u00edcio a que se refere, de modo a garantir o alinhamento das informa\u00e7\u00f5es log\u00edsticas e or\u00e7ament\u00e1rias.<\/span><\/p><p style=\"font-weight: 400;\"><span style=\"font-weight: 400;\">Art. 6\u00ba Os atos necess\u00e1rios para a elabora\u00e7\u00e3o do PCA do exerc\u00edcio a que se refere, no \u00e2mbito de um \u00f3rg\u00e3o ou de uma entidade, dever\u00e3o ser formalizados nos autos de um processo administrativo.<\/span><\/p><p style=\"font-weight: 400;\"><span style=\"font-weight: 400;\">Art. 7\u00ba O PCA dever\u00e1 conter as seguintes informa\u00e7\u00f5es m\u00ednimas:<\/span><\/p><p style=\"font-weight: 400;\"><span style=\"font-weight: 400;\">I &#8211; UG respons\u00e1vel pela demanda;<\/span><\/p><p style=\"font-weight: 400;\"><span style=\"font-weight: 400;\">II &#8211; c\u00f3digo e descri\u00e7\u00e3o do item no cat\u00e1logo de materiais e servi\u00e7os;<\/span><\/p><p style=\"font-weight: 400;\"><span style=\"font-weight: 400;\">III &#8211; unidade de fornecimento;<\/span><\/p><p style=\"font-weight: 400;\"><span style=\"font-weight: 400;\">IV &#8211; estimativa preliminar do valor para o item planejado;<\/span><\/p><p style=\"font-weight: 400;\"><span style=\"font-weight: 400;\">V &#8211; data estimada para o in\u00edcio da contrata\u00e7\u00e3o;<\/span><\/p><p style=\"font-weight: 400;\"><span style=\"font-weight: 400;\">VI &#8211; justificativa sucinta para o item planejado; e<\/span><\/p><p style=\"font-weight: 400;\"><span style=\"font-weight: 400;\">VII &#8211; grau de prioridade da contrata\u00e7\u00e3o.<\/span><\/p><p style=\"font-weight: 400;\">\u00a7 1\u00ba A estimativa preliminar do valor para o item planejado, prevista no inciso IV do caput deste artigo, tem natureza de proje\u00e7\u00e3o, e n\u00e3o se confunde com o or\u00e7amento estimado de procedimento licitat\u00f3rio ou de contrata\u00e7\u00e3o direta.<\/p><p style=\"font-weight: 400;\">\u00a7 2\u00ba Para fins do inciso V do caput deste artigo, considera-se data estimada para o in\u00edcio da contrata\u00e7\u00e3o a data de abertura do procedimento administrativo de licita\u00e7\u00e3o ou de contrata\u00e7\u00e3o direta.<\/p><p style=\"font-weight: 400;\"><span style=\"font-weight: 400;\">Art. 8\u00ba Anualmente, o \u00d3rg\u00e3o Central do Sislog divulgar\u00e1 calend\u00e1rio para a execu\u00e7\u00e3o do ciclo do PCA para o exerc\u00edcio a que se refere.<\/span><\/p><p style=\"font-weight: 400;\">\u00a7 1\u00ba O calend\u00e1rio mencionado no caput ser\u00e1 publicado at\u00e9 o fim do 1\u00ba (primeiro) trimestre de cada exerc\u00edcio e dever\u00e1 estar alinhado aos prazos de elabora\u00e7\u00e3o das leis or\u00e7ament\u00e1rias, contendo, obrigatoriamente, os prazos limites para elabora\u00e7\u00e3o, consolida\u00e7\u00e3o, divulga\u00e7\u00e3o e revis\u00e3o do PCA.<\/p><p style=\"font-weight: 400;\">\u00a7 2\u00ba O PCA dos \u00f3rg\u00e3os e das entidades dever\u00e1 ser publicado no Portal Nacional de Contrata\u00e7\u00f5es P\u00fablicas &#8211; PNCP, na forma do \u00a7 1\u00ba do art. 12 da Lei n\u00ba 14.133, de 2021.<\/p><p style=\"font-weight: 400;\"><span style=\"font-weight: 400;\">Art. 9\u00ba S\u00e3o dispensadas de registro no PCA:<\/span><\/p><p style=\"font-weight: 400;\"><span style=\"font-weight: 400;\">I &#8211; as informa\u00e7\u00f5es classificadas como sigilosas, conforme disposto na Lei n.\u00ba 12.527, de 18 de novembro de 2021, e no Decreto n.\u00ba 46.475, de 25 de outubro de 2018, ou abrangidas pelas demais hip\u00f3teses legais de sigilo;<\/span><\/p><p style=\"font-weight: 400;\"><span style=\"font-weight: 400;\">II &#8211; as despesas realizadas mediante o regime de adiantamento, conforme disposto no art. 103 da Lei n.\u00ba 287, de 4 de dezembro de 1979; e<\/span><\/p><p style=\"font-weight: 400;\"><span style=\"font-weight: 400;\">III &#8211; as hip\u00f3teses previstas no inciso VIII do <\/span>caput<span style=\"font-weight: 400;\"> do art. 75 da Lei n.\u00ba 14.133, de 1\u00ba de abril de 2021.<\/span><\/p><p style=\"font-weight: 400; text-align: center;\"><b>Se\u00e7\u00e3o III<\/b><\/p><p style=\"font-weight: 400; text-align: center;\"><b>Do procedimento administrativo de execu\u00e7\u00e3o e acompanhamento do PCA<\/b><\/p><p style=\"font-weight: 400;\"><span style=\"font-weight: 400;\">Art. 10. Os \u00f3rg\u00e3os e as entidades dever\u00e3o instruir processo administrativo, mediante o tipo denominado no Sistema Eletr\u00f4nico de Informa\u00e7\u00f5es &#8211; SEI \u201cLog\u00edstica: Plano de Contrata\u00e7\u00f5es Anual\u201d, para a execu\u00e7\u00e3o e acompanhamento dos procedimentos do PCA, para cada exerc\u00edcio a que se refere.<\/span><\/p><p style=\"font-weight: 400;\">\u00a7 1\u00ba Cabe ao aprovador, auxiliado pelo gerente setorial da Rede Log\u00edstica &#8211; Redelog, a condu\u00e7\u00e3o desse processo, desde a sua inaugura\u00e7\u00e3o at\u00e9 o monitoramento de seus efeitos ap\u00f3s o seu encerramento.<\/p><p style=\"font-weight: 400;\">\u00a7 2\u00ba Fica vedada a execu\u00e7\u00e3o e acompanhamento dos procedimentos do PCA de dois ou mais exerc\u00edcios em um \u00fanico processo administrativo.<\/p><p style=\"font-weight: 400;\"><span style=\"font-weight: 400;\">Art. 11. O processo administrativo de execu\u00e7\u00e3o e acompanhamento dos procedimentos do PCA, dever\u00e1 ser autuado, minimamente, com:<\/span><\/p><p style=\"font-weight: 400;\"><span style=\"font-weight: 400;\">I &#8211; o ato de inaugura\u00e7\u00e3o do processo, mediante o tipo de documento denominado no SEI \u201cAto de Abertura do Plano de Contrata\u00e7\u00f5es Anual\u201d;<\/span><\/p><p style=\"font-weight: 400;\"><span style=\"font-weight: 400;\">II &#8211; o relat\u00f3rio do PCA consolidado, extra\u00eddo do Sistema PCA RJ; e<\/span><\/p><p style=\"font-weight: 400;\"><span style=\"font-weight: 400;\">III &#8211; o ato de aprova\u00e7\u00e3o do PCA, extra\u00eddo do Sistema PCA RJ; <\/span><\/p><p style=\"font-weight: 400; text-align: center;\"><b>Se\u00e7\u00e3o IV<\/b><\/p><p style=\"font-weight: 400; text-align: center;\"><b>Da divulga\u00e7\u00e3o<\/b><\/p><p style=\"font-weight: 400;\"><span style=\"font-weight: 400;\">Art. 12. O PCA aprovado ser\u00e1 disponibilizado no PNCP, conforme o disposto no art. 8\u00ba deste Decreto.<\/span><\/p><p style=\"font-weight: 400;\"><b>Se\u00e7\u00e3o V<\/b><\/p><p style=\"font-weight: 400;\"><b>Da atualiza\u00e7\u00e3o<\/b><\/p><p style=\"font-weight: 400;\"><span style=\"font-weight: 400;\">Art. 13. Durante o ano de sua execu\u00e7\u00e3o, o PCA poder\u00e1 ser alterado, por meio de justificativa pelo aprovador.<\/span><\/p><p style=\"font-weight: 400;\"><span style=\"font-weight: 400;\">Par\u00e1grafo \u00fanico. O PCA atualizado ser\u00e1 disponibilizado automaticamente no PNCP.<\/span><\/p><p style=\"font-weight: 400; text-align: center;\"><span style=\"font-weight: 400;\">CAP\u00cdTULO III<\/span><\/p><p style=\"font-weight: 400; text-align: center;\"><span style=\"font-weight: 400;\">DO SISTEMA PCA RJ<\/span><\/p><p style=\"font-weight: 400; text-align: center;\"><b>Se\u00e7\u00e3o I<\/b><\/p><p style=\"font-weight: 400; text-align: center;\"><b>Do acesso e uso<\/b><\/p><p style=\"font-weight: 400;\"><span style=\"font-weight: 400;\">Art. 14. O Sistema PCA RJ estar\u00e1 dispon\u00edvel na <\/span>internet<span style=\"font-weight: 400;\"> e dever\u00e1 ser acessado atrav\u00e9s do endere\u00e7o eletr\u00f4nico www.pca.rj.gov.br.<\/span><\/p><p style=\"font-weight: 400;\"><span style=\"font-weight: 400;\">Art. 15. O acesso ao Sistema PCA RJ se dar\u00e1 por meio de <\/span><b>login<\/b><span style=\"font-weight: 400;\"> e senha.<\/span><\/p><p style=\"font-weight: 400;\">\u00a7 1\u00ba A senha a que se refere o <b>caput<\/b> deste artigo \u00e9 de uso pessoal e intransfer\u00edvel do usu\u00e1rio.<\/p><p style=\"font-weight: 400;\">\u00a7 2\u00ba Presumir-se-\u00e3o de autoria do usu\u00e1rio os atos praticados com lastro em sua identifica\u00e7\u00e3o e senha pessoal.<\/p><p style=\"font-weight: 400; text-align: center;\"><b>Se\u00e7\u00e3o II<\/b><\/p><p style=\"font-weight: 400; text-align: center;\"><b>Dos perfis de acesso<\/b><\/p><p style=\"font-weight: 400;\"><span style=\"font-weight: 400;\">Art. 16. S\u00e3o perfis de acesso ao Sistema PCA RJ:<\/span><\/p><p style=\"font-weight: 400;\"><span style=\"font-weight: 400;\">I &#8211; administrador;<\/span><\/p><p style=\"font-weight: 400;\"><span style=\"font-weight: 400;\">II &#8211; aprovador;<\/span><\/p><p style=\"font-weight: 400;\"><span style=\"font-weight: 400;\">III &#8211; validador;<\/span><\/p><p style=\"font-weight: 400;\"><span style=\"font-weight: 400;\">IV &#8211; confirmador;<\/span><\/p><p style=\"font-weight: 400;\"><span style=\"font-weight: 400;\">V &#8211; demandante setorial;<\/span><\/p><p style=\"font-weight: 400;\"><span style=\"font-weight: 400;\">VI &#8211; consulta interna; e<\/span><\/p><p style=\"font-weight: 400;\"><span style=\"font-weight: 400;\">VII &#8211; consulta externa.<\/span><\/p><p style=\"font-weight: 400;\">\u00a7 1\u00ba O perfil de administrador ser\u00e1 atribu\u00eddo no sistema pelo \u00d3rg\u00e3o Central do Sislog.<\/p><p style=\"font-weight: 400;\">\u00a7 2\u00ba O perfil de aprovador dever\u00e1 ser atribu\u00eddo ao OD.<\/p><p style=\"font-weight: 400;\">\u00a7 3\u00ba O perfil de validador dever\u00e1 ser atribu\u00eddo ao gerente setorial da Rede Log\u00edstica &#8211; Redelog.<\/p><p style=\"font-weight: 400;\">\u00a7 4\u00ba Os perfis de aprovador, validador e de consulta externa ser\u00e3o atribu\u00eddos no sistema pelo administrador.<\/p><p style=\"font-weight: 400;\">\u00a7 5\u00ba Os perfis de confirmador, demandante setorial e de consulta interna ser\u00e3o atribu\u00eddos no sistema pelo validador.<\/p><p style=\"font-weight: 400; text-align: center;\"><b>Se\u00e7\u00e3o III<\/b><\/p><p style=\"font-weight: 400; text-align: center;\"><b>Das atribui\u00e7\u00f5es<\/b><\/p><p style=\"font-weight: 400; text-align: center;\"><b>Atribui\u00e7\u00f5es do administrador<\/b><\/p><p style=\"font-weight: 400;\"><span style=\"font-weight: 400;\">Art. 17. S\u00e3o atribui\u00e7\u00f5es do administrador, dentre outras:<\/span><\/p><p style=\"font-weight: 400;\"><span style=\"font-weight: 400;\">I &#8211; vincular os perfis cadastrados \u00e0 unidade respectiva;<\/span><\/p><p style=\"font-weight: 400;\"><span style=\"font-weight: 400;\">II &#8211; monitorar as atividades das unidades; e<\/span><\/p><p style=\"font-weight: 400;\"><span style=\"font-weight: 400;\">III &#8211; sanear eventuais d\u00favidas e incorre\u00e7\u00f5es.<\/span><\/p><p style=\"font-weight: 400;\"><b>Atribui\u00e7\u00f5es do aprovador<\/b><\/p><p style=\"font-weight: 400;\"><span style=\"font-weight: 400;\">Art. 18. S\u00e3o atribui\u00e7\u00f5es do aprovador, dentre outras, rejeitar, editar e aprovar os itens constantes do PCA e no termo de atualiza\u00e7\u00e3o. <\/span><\/p><p style=\"font-weight: 400;\"><b>Atribui\u00e7\u00f5es do validador<\/b><\/p><p style=\"font-weight: 400;\"><span style=\"font-weight: 400;\">Art. 19. S\u00e3o atribui\u00e7\u00f5es do validador, dentre outras:<\/span><\/p><p style=\"font-weight: 400;\"><span style=\"font-weight: 400;\">I &#8211; criar os setores de sua unidade;<\/span><\/p><p style=\"font-weight: 400;\"><span style=\"font-weight: 400;\">II &#8211; vincular os perfis cadastrados ao setor respectivo;<\/span><\/p><p style=\"font-weight: 400;\"><span style=\"font-weight: 400;\">III &#8211; rejeitar, editar e validar os itens da requisi\u00e7\u00e3o padr\u00e3o e do termo de atualiza\u00e7\u00e3o; e<\/span><\/p><p style=\"font-weight: 400;\"><span style=\"font-weight: 400;\">IV &#8211; remeter os itens da requisi\u00e7\u00e3o padr\u00e3o e do termo de atualiza\u00e7\u00e3o para aprecia\u00e7\u00e3o do aprovador. <\/span><\/p><p style=\"font-weight: 400;\"><span style=\"font-weight: 400;\">Par\u00e1grafo \u00fanico. O exerc\u00edcio das atribui\u00e7\u00f5es descritas nos incisos do <\/span>caput<span style=\"font-weight: 400;\"> deste artigo se dar\u00e1 sem preju\u00edzo do exerc\u00edcio das atribui\u00e7\u00f5es previstas nas al\u00edneas do inciso II do <\/span>caput<span style=\"font-weight: 400;\"> do art. 5\u00ba do Decreto n.\u00ba 46.050, de 26 de julho de 2017.<\/span><\/p><p style=\"font-weight: 400;\"><b>Atribui\u00e7\u00f5es do confirmador<\/b><\/p><p style=\"font-weight: 400;\"><span style=\"font-weight: 400;\">Art. 20. S\u00e3o atribui\u00e7\u00f5es do confirmador, dentre outras:<\/span><\/p><p style=\"font-weight: 400;\"><span style=\"font-weight: 400;\">I &#8211; rejeitar, editar ou confirmar itens do DFD do tipo requisi\u00e7\u00e3o padr\u00e3o e do DFD do tipo termo de atualiza\u00e7\u00e3o; e<\/span><\/p><p style=\"font-weight: 400;\"><span style=\"font-weight: 400;\">II &#8211; remeter o DFD do tipo requisi\u00e7\u00e3o padr\u00e3o e o DFD do tipo termo de atualiza\u00e7\u00e3o, para aprecia\u00e7\u00e3o do validador.<\/span><\/p><p style=\"font-weight: 400;\"><b>Atribui\u00e7\u00f5es do demandante setorial<\/b><\/p><p style=\"font-weight: 400;\"><span style=\"font-weight: 400;\">Art. 21. S\u00e3o atribui\u00e7\u00f5es do demandante setorial, dentre outras:<\/span><\/p><p style=\"font-weight: 400;\"><span style=\"font-weight: 400;\">I &#8211; criar o DFD do tipo requisi\u00e7\u00e3o padr\u00e3o e o DFD do tipo termo de atualiza\u00e7\u00e3o;<\/span><\/p><p style=\"font-weight: 400;\"><span style=\"font-weight: 400;\">II &#8211; associar itens ao DFD do tipo requisi\u00e7\u00e3o padr\u00e3o e ao DFD do termo de atualiza\u00e7\u00e3o; <\/span><\/p><p style=\"font-weight: 400;\"><span style=\"font-weight: 400;\">III &#8211; incluir informa\u00e7\u00f5es dos itens ao DFD do tipo requisi\u00e7\u00e3o padr\u00e3o e ao DFD do tipo termo de atualiza\u00e7\u00e3o; e<\/span><\/p><p style=\"font-weight: 400;\"><span style=\"font-weight: 400;\">IV &#8211; remeter o DFD do tipo requisi\u00e7\u00e3o padr\u00e3o e o DFD do tipo termo de atualiza\u00e7\u00e3o para aprecia\u00e7\u00e3o do confirmador.<\/span><\/p><p style=\"font-weight: 400; text-align: center;\"><b>Se\u00e7\u00e3o IV<\/b><\/p><p style=\"font-weight: 400; text-align: center;\"><b>Dos deveres dos usu\u00e1rios<\/b><\/p><p style=\"font-weight: 400;\"><span style=\"font-weight: 400;\">Art. 22. S\u00e3o deveres dos usu\u00e1rios do Sistema PCA RJ, dentre outros:<\/span><\/p><p style=\"font-weight: 400;\"><span style=\"font-weight: 400;\">I &#8211; cumprir os deveres legais referentes ao acesso \u00e0 informa\u00e7\u00e3o e \u00e0 prote\u00e7\u00e3o da informa\u00e7\u00e3o sigilosa, pessoal ou com algum outro grau de sensibilidade;<\/span><\/p><p style=\"font-weight: 400;\"><span style=\"font-weight: 400;\">II &#8211; acessar e utilizar as informa\u00e7\u00f5es do sistema no estrito cumprimento de suas atribui\u00e7\u00f5es profissionais;<\/span><\/p><p style=\"font-weight: 400;\"><span style=\"font-weight: 400;\">III &#8211; manter sigilo da senha relativa \u00e0 assinatura eletr\u00f4nica; e<\/span><\/p><p style=\"font-weight: 400;\"><span style=\"font-weight: 400;\">IV &#8211; encerrar a sess\u00e3o de uso do Sistema PCA RJ sempre que se ausentar do computador, garantindo a impossibilidade de uso indevido das informa\u00e7\u00f5es por pessoas n\u00e3o autorizadas.<\/span>\u00a0<\/p><p style=\"font-weight: 400; text-align: center;\"><b>Se\u00e7\u00e3o V<\/b><\/p><p style=\"font-weight: 400; text-align: center;\"><b>Do cadastramento, descadastramento, bloqueio, desbloqueio e da transfer\u00eancia<\/b><\/p><p style=\"font-weight: 400;\"><b>Cadastramento<\/b><\/p><p style=\"font-weight: 400;\"><span style=\"font-weight: 400;\">Art. 23. Poder\u00e3o ser cadastrados no Sistema PCA RJ:<\/span><\/p><p style=\"font-weight: 400;\"><span style=\"font-weight: 400;\">I &#8211; como usu\u00e1rios, os servidores dos \u00f3rg\u00e3os e das entidades da Administra\u00e7\u00e3o P\u00fablica, dos \u00f3rg\u00e3os de controle e dos \u00f3rg\u00e3os e das entidades cession\u00e1rios, no caso de cess\u00e3o de acesso e uso do sistema, conforme disposto no art. 29 deste Decreto; e<\/span><\/p><p style=\"font-weight: 400;\"><span style=\"font-weight: 400;\">II &#8211; como unidades, os \u00f3rg\u00e3os e as entidades da estrutura da Administra\u00e7\u00e3o P\u00fablica, as empresas p\u00fablicas e as sociedades e economia mista, e as respectivas subsidi\u00e1rias, dependentes do tesouro estadual, e os \u00f3rg\u00e3os e as entidades cession\u00e1rios, no caso de cess\u00e3o de acesso e uso do sistema, conforme disposto no art. 29 deste Decreto.<\/span><\/p><p style=\"font-weight: 400;\">\u00a7 1\u00ba O cadastramento de usu\u00e1rios no Sistema PCA RJ dever\u00e1 observar os perfis de acesso a que se refere o art. 16 deste Decreto.<\/p><p style=\"font-weight: 400;\">\u00a7 2\u00ba Os pedidos de cadastramento de usu\u00e1rios nos perfis de aprovador, validador e de consulta externa dever\u00e3o ser encaminhados ao \u00d3rg\u00e3o Central do Sislog, por meio de formul\u00e1rio, denominado no SEI \u201cFormul\u00e1rio de Cadastramento de Usu\u00e1rio no Sistema PCA RJ\u201d, acompanhado do of\u00edcio do titular do \u00f3rg\u00e3o ou da entidade.<\/p><p style=\"font-weight: 400;\">\u00a7 3\u00ba Para fins de cadastramento do perfil de aprovador, al\u00e9m do disposto no \u00a7 2\u00ba deste artigo, o pedido de cadastramento dever\u00e1 ser acompanhado da c\u00f3pia do ato de nomea\u00e7\u00e3o ou delega\u00e7\u00e3o de compet\u00eancias do servidor como OD, publicado no Di\u00e1rio Oficial do Estado do Rio de Janeiro &#8211; DOERJ.<\/p><p style=\"font-weight: 400;\">\u00a7 4\u00ba Os pedidos de cadastramento de novas UGs dever\u00e3o ser encaminhados, por meio de of\u00edcio do titular e do \u00f3rg\u00e3o ou da entidade, ao \u00d3rg\u00e3o Central do Sislog, devendo conter no m\u00ednimo:<\/p><p style=\"font-weight: 400;\"><span style=\"font-weight: 400;\">I &#8211; a publica\u00e7\u00e3o no DOERJ que contenha:<\/span><\/p><p><span style=\"font-weight: 400;\">a) a cria\u00e7\u00e3o da UG; e<\/span><\/p><p><span style=\"font-weight: 400;\">b) a estrutura do \u00f3rg\u00e3o ou da unidade, se poss\u00edvel; e<\/span><\/p><p style=\"font-weight: 400;\"><span style=\"font-weight: 400;\">II &#8211; comprovante de inscri\u00e7\u00e3o no Cadastro Nacional da Pessoa Jur\u00eddica &#8211; CNPJ.<\/span><\/p><p style=\"font-weight: 400;\">\u00a7 5\u00ba Os casos de altera\u00e7\u00e3o da estrutura organizacional do Poder Executivo, tais como cria\u00e7\u00e3o, transforma\u00e7\u00e3o, extin\u00e7\u00e3o ou fus\u00e3o de \u00f3rg\u00e3os ou entidades, que impliquem em altera\u00e7\u00f5es na base de cadastro do Sistema PCA RJ, dever\u00e3o ser comunicados ao \u00d3rg\u00e3o Central do Sislog, por meio de of\u00edcio do titular do \u00f3rg\u00e3o ou da entidade, que dever\u00e1 adotar as medidas cab\u00edveis.<\/p><p style=\"font-weight: 400;\"><b>Descadastramento<\/b><\/p><p style=\"font-weight: 400;\"><span style=\"font-weight: 400;\">Art. 24. O descadastramento de usu\u00e1rios se dar\u00e1:<\/span><\/p><p style=\"font-weight: 400;\"><span style=\"font-weight: 400;\">I &#8211; por expressa solicita\u00e7\u00e3o do usu\u00e1rio; ou<\/span><\/p><p style=\"font-weight: 400;\"><span style=\"font-weight: 400;\">II &#8211; em raz\u00e3o do descumprimento das normas de seguran\u00e7a institu\u00eddas ou demais condi\u00e7\u00f5es regulamentares que disciplinam a utiliza\u00e7\u00e3o do Sistema PCA RJ.<\/span><\/p><p style=\"font-weight: 400;\">\u00a7 1\u00ba Os perfis de aprovador, validador e de consulta externa<strong><span style=\"font-weight: 400;\"> ser\u00e3o descadastrados pelo \u00d3rg\u00e3o Central do Sislog.<\/span><\/strong><\/p><p style=\"font-weight: 400;\">\u00a7 2\u00ba Os perfis de confirmador, demandante setorial e de consulta interna ser\u00e3o descadastrados pelo gerente setorial da Redelog.<\/p><p style=\"font-weight: 400;\">\u00a7 3\u00ba O descadastramento de usu\u00e1rios no Sistema PCA RJ n\u00e3o exclui a responsabiliza\u00e7\u00e3o a que se refere o art. 31 deste Decreto, quando cab\u00edvel.<\/p><p style=\"font-weight: 400;\"><span style=\"font-weight: 400;\">Art. 25. O descadastramento de unidades se dar\u00e1 em raz\u00e3o de transforma\u00e7\u00e3o, extin\u00e7\u00e3o ou fus\u00e3o de \u00f3rg\u00e3os ou entidades integrantes da estrutura do Poder Executivo.<\/span><\/p><p style=\"font-weight: 400;\"><span style=\"font-weight: 400;\">Par\u00e1grafo \u00fanico. Os pedidos de descadastramento de unidades dever\u00e3o ser encaminhados ao \u00d3rg\u00e3o Central do Sislog, por meio de of\u00edcio do titular do \u00f3rg\u00e3o ou da entidade.<\/span><\/p><p style=\"font-weight: 400;\"><b>Bloqueio<\/b><\/p><p style=\"font-weight: 400;\"><span style=\"font-weight: 400;\">Art. 26. O titular do \u00f3rg\u00e3o ou da entidade dever\u00e1 solicitar imediatamente ao \u00d3rg\u00e3o Central do Sislog, por meio de of\u00edcio, o bloqueio do usu\u00e1rio que deixar de exercer as atribui\u00e7\u00f5es atinentes \u00e0s contrata\u00e7\u00f5es p\u00fablicas ou controle no \u00f3rg\u00e3o ou na entidade ao qual est\u00e1 lotado.<\/span><\/p><p style=\"font-weight: 400;\">\u00a7 1\u00ba Os perfis de aprovador, validador e de consulta externa ser\u00e3o bloqueados pelo \u00d3rg\u00e3o Central do Sislog, mediante of\u00edcio do titular do \u00f3rg\u00e3o ou da entidade.<\/p><p style=\"font-weight: 400;\">\u00a7 2\u00ba Os perfis de confirmador, demandante setorial e de consulta interna ser\u00e3o bloqueados pelo gerente setorial da Redelog.<\/p><p style=\"font-weight: 400;\"><b>Desbloqueio<\/b><\/p><p style=\"font-weight: 400;\"><span style=\"font-weight: 400;\">Art. 27. O desbloqueio de usu\u00e1rio no sistema se dar\u00e1 quando este, bloqueado nos termos do art. 26 deste Decreto, voltar a exercer atribui\u00e7\u00f5es atinentes \u00e0s contrata\u00e7\u00f5es p\u00fablicas ou controle.<\/span><\/p><p style=\"font-weight: 400;\">\u00a7 1\u00ba Os perfis de aprovador, validador e de consulta externa ser\u00e3o desbloqueados pelo \u00d3rg\u00e3o Central do Sislog, mediante of\u00edcio do titular do \u00f3rg\u00e3o ou da entidade.<\/p><p style=\"font-weight: 400;\">\u00a7 2\u00ba Os perfis de confirmador, demandante setorial e de consulta interna ser\u00e3o, mediante ato motivado, desbloqueados pelo gerente setorial da Redelog.<\/p><p style=\"font-weight: 400;\"><b>Transfer\u00eancia<\/b><\/p><p style=\"font-weight: 400;\"><span style=\"font-weight: 400;\">Art. 28. A transfer\u00eancia de usu\u00e1rio se dar\u00e1 quando este deixar de exercer as atribui\u00e7\u00f5es atinentes \u00e0s contrata\u00e7\u00f5es p\u00fablicas ou controle em uma unidade, passando a exerc\u00ea-las, em outra unidade.<\/span><\/p><p style=\"font-weight: 400;\"><span style=\"font-weight: 400;\">Par\u00e1grafo \u00fanico. Os pedidos de transfer\u00eancia de usu\u00e1rios dever\u00e3o ser encaminhados ao \u00d3rg\u00e3o Central do Sislog, por meio de of\u00edcio do titular do \u00f3rg\u00e3o ou da entidade, acompanhado do DOERJ que contenha a publica\u00e7\u00e3o da nova unidade do servidor.<\/span><\/p><p style=\"font-weight: 400; text-align: center;\"><b>Se\u00e7\u00e3o VI<\/b><\/p><p style=\"font-weight: 400; text-align: center;\"><b>Da cess\u00e3o de acesso e uso<\/b><\/p><p style=\"font-weight: 400;\"><span style=\"font-weight: 400;\">Art. 29. O acesso e uso do Sistema PCA RJ poder\u00e3o ser cedidos a outros \u00f3rg\u00e3os ou entidades municipais, distritais e de outros estados, mediante Acordo de Coopera\u00e7\u00e3o T\u00e9cnica.<\/span><\/p><p style=\"font-weight: 400;\">\u00a7 1\u00ba Os \u00f3rg\u00e3os e as entidades cession\u00e1rios, e seus servidores cadastrados no sistema, dever\u00e3o observar as disposi\u00e7\u00f5es deste Decreto.<\/p><p style=\"font-weight: 400;\">\u00a7 2\u00ba A responsabiliza\u00e7\u00e3o de que trata o art. 31 deste Decreto tamb\u00e9m se aplica aos usu\u00e1rios dos cession\u00e1rios, no que couber.<\/p><p style=\"font-weight: 400; text-align: center;\"><b>Se\u00e7\u00e3o VII<\/b><\/p><p style=\"font-weight: 400; text-align: center;\"><b>Do controle e saneamento<\/b><\/p><p style=\"font-weight: 400;\"><span style=\"font-weight: 400;\">Art. 30. \u00c9 de responsabilidade dos \u00f3rg\u00e3os e das entidades adotar medidas de controle e saneamento das informa\u00e7\u00f5es produzidas na base de dados do Sistema PCA RJ, mantendo o sistema atualizado.<\/span><\/p><p style=\"font-weight: 400;\">\u00a7 1\u00ba S\u00e3o consideradas medidas m\u00ednimas obrigat\u00f3rias a serem cumpridas pelo perfil de usu\u00e1rio validador:<\/p><p style=\"font-weight: 400;\"><span style=\"font-weight: 400;\">I &#8211; a exclus\u00e3o dos DFDs, de qualquer tipo, n\u00e3o movimentados pelos usu\u00e1rios demandantes e confirmadores no per\u00edodo de 30 (trinta) dias corridos de sua cria\u00e7\u00e3o ou de seu recebimento; e<\/span><\/p><p style=\"font-weight: 400;\"><span style=\"font-weight: 400;\">II &#8211; a exclus\u00e3o de itens n\u00e3o movimentados, pelos usu\u00e1rios validadores e aprovadores, a partir de 30 (trinta) dias corridos da data de seu recebimento.<\/span><\/p><p style=\"font-weight: 400;\">\u00a7 2\u00ba O \u00d3rg\u00e3o Central de Sislog adotar\u00e1 as provid\u00eancias necess\u00e1rias relativas ao n\u00e3o cumprimento das medidas mencionadas no \u00a7 1\u00ba deste artigo.<\/p><p style=\"font-weight: 400; text-align: center;\"><b>Se\u00e7\u00e3o VIII<\/b><\/p><p style=\"font-weight: 400; text-align: center;\"><b>Da responsabiliza\u00e7\u00e3o<\/b><\/p><p style=\"font-weight: 400;\"><span style=\"font-weight: 400;\">Art. 31. Os usu\u00e1rios do Sistema PCA RJ responder\u00e3o administrativa, civil e penalmente, nos termos da legisla\u00e7\u00e3o em vigor, por ato ou fato que caracterize o uso indevido de senha de acesso ou que transgrida as normas de seguran\u00e7a institu\u00eddas, bem como pelo exerc\u00edcio irregular de suas fun\u00e7\u00f5es e atribui\u00e7\u00f5es.<\/span><\/p><p style=\"font-weight: 400; text-align: center;\"><span style=\"font-weight: 400;\">CAP\u00cdTULO IV<\/span><\/p><p style=\"font-weight: 400; text-align: center;\"><span style=\"font-weight: 400;\">DISPOSI\u00c7\u00d5ES FINAIS<\/span><\/p><p style=\"font-weight: 400;\"><b>Orienta\u00e7\u00f5es gerais<\/b><\/p><p style=\"font-weight: 400;\"><span style=\"font-weight: 400;\">Art. 32. Compete ao \u00d3rg\u00e3o Central do Sislog:<\/span><\/p><p style=\"font-weight: 400;\"><span style=\"font-weight: 400;\">I &#8211; gerenciar, coordenar e regulamentar, complementarmente \u00e0s mat\u00e9rias deste Decreto, as atividades de planejamento e execu\u00e7\u00e3o do PCA;<\/span><\/p><p style=\"font-weight: 400;\"><span style=\"font-weight: 400;\">II &#8211; estudar e definir as metodologias, compet\u00eancias e boas pr\u00e1ticas aplic\u00e1veis ao PCA;<\/span><\/p><p style=\"font-weight: 400;\"><span style=\"font-weight: 400;\">III &#8211; supervisionar, monitorar e avaliar a execu\u00e7\u00e3o do ciclo do PCA;<\/span><\/p><p style=\"font-weight: 400;\"><span style=\"font-weight: 400;\">IV &#8211; promover a gest\u00e3o do conhecimento, a orienta\u00e7\u00e3o e o apoio aos \u00f3rg\u00e3os e \u00e0s entidades da Administra\u00e7\u00e3o P\u00fablica estadual direta, aut\u00e1rquica e fundacional, por meio da Redelog, a fim de garantir a efici\u00eancia e a efic\u00e1cia do ciclo do PCA;<\/span><\/p><p style=\"font-weight: 400;\"><span style=\"font-weight: 400;\">V &#8211; desenvolver e manter o Sistema PCA RJ; e<\/span><\/p><p style=\"font-weight: 400;\"><span style=\"font-weight: 400;\">VI &#8211; avaliar os casos omissos.<\/span><\/p><p style=\"font-weight: 400;\"><b>Regra de transi\u00e7\u00e3o<\/b><\/p><p style=\"font-weight: 400;\"><span style=\"font-weight: 400;\">Art. 33. Os processos referentes ao ciclo do PCA do exerc\u00edcio 2022\/2023 permanecem regidos pela Resolu\u00e7\u00e3o SEPLAG n.\u00ba 122, de 2 de maio de 2022, at\u00e9 29 de dezembro de 2023.<\/span><\/p><p style=\"font-weight: 400;\"><b>Revoga\u00e7\u00e3o<\/b><\/p><p style=\"font-weight: 400;\"><span style=\"font-weight: 400;\">Art. 34. Revoga-se, em 29 de dezembro de 2023, a Resolu\u00e7\u00e3o SEPLAG n.\u00ba 122, de 2022.<\/span><\/p><p style=\"font-weight: 400;\"><b>Vig\u00eancia<\/b><\/p><p style=\"font-weight: 400;\"><span style=\"font-weight: 400;\">Art. 35. Este Decreto entra em vigor na data de sua publica\u00e7\u00e3o.<\/span><\/p><p style=\"text-align: center;\">Rio de Janeiro, 23 de outubro de 2023<\/p><p class=\"Texto_Centralizado\" style=\"text-align: center;\"><strong>Claudio Castro<\/strong><\/p><p style=\"text-align: center;\">Governador<\/p><p style=\"text-align: right;\">Id: 2519255<\/p>\t\t\t\t\t\t\t\t<\/div>\n\t\t\t\t\t<\/div>\n\t\t<\/div>\n\t\t\t\t\t<\/div>\n\t\t<\/section>\n\t\t\t\t<section class=\"elementor-section elementor-top-section elementor-element elementor-element-3a2cde5 elementor-section-boxed elementor-section-height-default elementor-section-height-default\" data-id=\"3a2cde5\" data-element_type=\"section\" data-settings=\"{&quot;jet_parallax_layout_list&quot;:[{&quot;jet_parallax_layout_image&quot;:{&quot;url&quot;:&quot;&quot;,&quot;id&quot;:&quot;&quot;,&quot;size&quot;:&quot;&quot;},&quot;_id&quot;:&quot;04dd098&quot;,&quot;jet_parallax_layout_image_tablet&quot;:{&quot;url&quot;:&quot;&quot;,&quot;id&quot;:&quot;&quot;,&quot;size&quot;:&quot;&quot;},&quot;jet_parallax_layout_image_mobile&quot;:{&quot;url&quot;:&quot;&quot;,&quot;id&quot;:&quot;&quot;,&quot;size&quot;:&quot;&quot;},&quot;jet_parallax_layout_speed&quot;:{&quot;unit&quot;:&quot;%&quot;,&quot;size&quot;:50,&quot;sizes&quot;:[]},&quot;jet_parallax_layout_type&quot;:&quot;scroll&quot;,&quot;jet_parallax_layout_direction&quot;:&quot;1&quot;,&quot;jet_parallax_layout_fx_direction&quot;:null,&quot;jet_parallax_layout_z_index&quot;:&quot;&quot;,&quot;jet_parallax_layout_bg_x&quot;:50,&quot;jet_parallax_layout_bg_x_tablet&quot;:&quot;&quot;,&quot;jet_parallax_layout_bg_x_mobile&quot;:&quot;&quot;,&quot;jet_parallax_layout_bg_y&quot;:50,&quot;jet_parallax_layout_bg_y_tablet&quot;:&quot;&quot;,&quot;jet_parallax_layout_bg_y_mobile&quot;:&quot;&quot;,&quot;jet_parallax_layout_bg_size&quot;:&quot;auto&quot;,&quot;jet_parallax_layout_bg_size_tablet&quot;:&quot;&quot;,&quot;jet_parallax_layout_bg_size_mobile&quot;:&quot;&quot;,&quot;jet_parallax_layout_animation_prop&quot;:&quot;transform&quot;,&quot;jet_parallax_layout_on&quot;:[&quot;desktop&quot;,&quot;tablet&quot;]}]}\">\n\t\t\t\t\t\t<div class=\"elementor-container elementor-column-gap-default\">\n\t\t\t\t\t<div class=\"elementor-column elementor-col-100 elementor-top-column elementor-element elementor-element-5fab3a9\" data-id=\"5fab3a9\" data-element_type=\"column\">\n\t\t\t<div class=\"elementor-widget-wrap\">\n\t\t\t\t\t\t\t<\/div>\n\t\t<\/div>\n\t\t\t\t\t<\/div>\n\t\t<\/section>\n\t\t\t\t<section class=\"elementor-section elementor-top-section elementor-element elementor-element-76d6498 elementor-section-boxed elementor-section-height-default elementor-section-height-default\" data-id=\"76d6498\" data-element_type=\"section\" data-settings=\"{&quot;jet_parallax_layout_list&quot;:[{&quot;jet_parallax_layout_image&quot;:{&quot;url&quot;:&quot;&quot;,&quot;id&quot;:&quot;&quot;,&quot;size&quot;:&quot;&quot;},&quot;_id&quot;:&quot;ab030fc&quot;,&quot;jet_parallax_layout_image_tablet&quot;:{&quot;url&quot;:&quot;&quot;,&quot;id&quot;:&quot;&quot;,&quot;size&quot;:&quot;&quot;},&quot;jet_parallax_layout_image_mobile&quot;:{&quot;url&quot;:&quot;&quot;,&quot;id&quot;:&quot;&quot;,&quot;size&quot;:&quot;&quot;},&quot;jet_parallax_layout_speed&quot;:{&quot;unit&quot;:&quot;%&quot;,&quot;size&quot;:50,&quot;sizes&quot;:[]},&quot;jet_parallax_layout_type&quot;:&quot;scroll&quot;,&quot;jet_parallax_layout_direction&quot;:&quot;1&quot;,&quot;jet_parallax_layout_fx_direction&quot;:null,&quot;jet_parallax_layout_z_index&quot;:&quot;&quot;,&quot;jet_parallax_layout_bg_x&quot;:50,&quot;jet_parallax_layout_bg_x_tablet&quot;:&quot;&quot;,&quot;jet_parallax_layout_bg_x_mobile&quot;:&quot;&quot;,&quot;jet_parallax_layout_bg_y&quot;:50,&quot;jet_parallax_layout_bg_y_tablet&quot;:&quot;&quot;,&quot;jet_parallax_layout_bg_y_mobile&quot;:&quot;&quot;,&quot;jet_parallax_layout_bg_size&quot;:&quot;auto&quot;,&quot;jet_parallax_layout_bg_size_tablet&quot;:&quot;&quot;,&quot;jet_parallax_layout_bg_size_mobile&quot;:&quot;&quot;,&quot;jet_parallax_layout_animation_prop&quot;:&quot;transform&quot;,&quot;jet_parallax_layout_on&quot;:[&quot;desktop&quot;,&quot;tablet&quot;]}]}\">\n\t\t\t\t\t\t<div class=\"elementor-container elementor-column-gap-default\">\n\t\t\t\t\t<div class=\"elementor-column elementor-col-100 elementor-top-column elementor-element elementor-element-15c5409\" data-id=\"15c5409\" data-element_type=\"column\">\n\t\t\t<div class=\"elementor-widget-wrap elementor-element-populated\">\n\t\t\t\t\t\t<div class=\"elementor-element elementor-element-f066ef2 elementor-widget-divider--view-line elementor-widget elementor-widget-divider\" data-id=\"f066ef2\" data-element_type=\"widget\" data-widget_type=\"divider.default\">\n\t\t\t\t\t\t\t<div class=\"elementor-divider\">\n\t\t\t<span class=\"elementor-divider-separator\">\n\t\t\t\t\t\t<\/span>\n\t\t<\/div>\n\t\t\t\t\t\t<\/div>\n\t\t\t\t\t<\/div>\n\t\t<\/div>\n\t\t\t\t\t<\/div>\n\t\t<\/section>\n\t\t\t\t<section class=\"elementor-section elementor-top-section elementor-element elementor-element-c082ae2 elementor-section-boxed elementor-section-height-default elementor-section-height-default\" data-id=\"c082ae2\" data-element_type=\"section\" id=\"options\" data-settings=\"{&quot;jet_parallax_layout_list&quot;:[{&quot;jet_parallax_layout_image&quot;:{&quot;url&quot;:&quot;&quot;,&quot;id&quot;:&quot;&quot;,&quot;size&quot;:&quot;&quot;},&quot;_id&quot;:&quot;8363d81&quot;,&quot;jet_parallax_layout_image_tablet&quot;:{&quot;url&quot;:&quot;&quot;,&quot;id&quot;:&quot;&quot;,&quot;size&quot;:&quot;&quot;},&quot;jet_parallax_layout_image_mobile&quot;:{&quot;url&quot;:&quot;&quot;,&quot;id&quot;:&quot;&quot;,&quot;size&quot;:&quot;&quot;},&quot;jet_parallax_layout_speed&quot;:{&quot;unit&quot;:&quot;%&quot;,&quot;size&quot;:50,&quot;sizes&quot;:[]},&quot;jet_parallax_layout_type&quot;:&quot;scroll&quot;,&quot;jet_parallax_layout_direction&quot;:&quot;1&quot;,&quot;jet_parallax_layout_fx_direction&quot;:null,&quot;jet_parallax_layout_z_index&quot;:&quot;&quot;,&quot;jet_parallax_layout_bg_x&quot;:50,&quot;jet_parallax_layout_bg_x_tablet&quot;:&quot;&quot;,&quot;jet_parallax_layout_bg_x_mobile&quot;:&quot;&quot;,&quot;jet_parallax_layout_bg_y&quot;:50,&quot;jet_parallax_layout_bg_y_tablet&quot;:&quot;&quot;,&quot;jet_parallax_layout_bg_y_mobile&quot;:&quot;&quot;,&quot;jet_parallax_layout_bg_size&quot;:&quot;auto&quot;,&quot;jet_parallax_layout_bg_size_tablet&quot;:&quot;&quot;,&quot;jet_parallax_layout_bg_size_mobile&quot;:&quot;&quot;,&quot;jet_parallax_layout_animation_prop&quot;:&quot;transform&quot;,&quot;jet_parallax_layout_on&quot;:[&quot;desktop&quot;,&quot;tablet&quot;]}]}\">\n\t\t\t\t\t\t<div class=\"elementor-container elementor-column-gap-default\">\n\t\t\t\t\t<div class=\"elementor-column elementor-col-100 elementor-top-column elementor-element elementor-element-7988481\" data-id=\"7988481\" data-element_type=\"column\">\n\t\t\t<div class=\"elementor-widget-wrap elementor-element-populated\">\n\t\t\t\t\t\t<div class=\"elementor-element elementor-element-38ca6cb elementor-widget elementor-widget-text-editor\" data-id=\"38ca6cb\" data-element_type=\"widget\" data-widget_type=\"text-editor.default\">\n\t\t\t\t\t\t\t\t\t<p><em>Publicado no DOE em <a href=\"https:\/\/www.redelog.rj.gov.br\/redelog\/wp-content\/uploads\/2023\/10\/Decreto-no-48.760-Implementa-o-PCA-e-Institui-o-Sistema-PCA.pdf\"><strong>24\/10\/2023<\/strong><\/a>.<\/em><\/p>\t\t\t\t\t\t\t\t<\/div>\n\t\t\t\t<div class=\"elementor-element elementor-element-656bdfb elementor-widget elementor-widget-shortcode\" data-id=\"656bdfb\" data-element_type=\"widget\" data-widget_type=\"shortcode.default\">\n\t\t\t\t\t\t\t<div class=\"elementor-shortcode\"><div class='printomatic pom-default ' id='id2833' alt='Imprimir' title='Imprimir' data-print_target='#post-25604'><\/div> <div class='printomatictext' id='id2833' alt='Imprimir' title='Imprimir' data-print_target='#post-25604'>Imprimir<\/div><div style='clear: both;'><\/div><\/div>\n\t\t\t\t\t\t<\/div>\n\t\t\t\t<section class=\"elementor-section elementor-inner-section elementor-element elementor-element-1e9e4d4 elementor-section-boxed elementor-section-height-default elementor-section-height-default\" data-id=\"1e9e4d4\" data-element_type=\"section\" data-settings=\"{&quot;jet_parallax_layout_list&quot;:[{&quot;jet_parallax_layout_image&quot;:{&quot;url&quot;:&quot;&quot;,&quot;id&quot;:&quot;&quot;,&quot;size&quot;:&quot;&quot;},&quot;_id&quot;:&quot;ccec7d1&quot;,&quot;jet_parallax_layout_image_tablet&quot;:{&quot;url&quot;:&quot;&quot;,&quot;id&quot;:&quot;&quot;,&quot;size&quot;:&quot;&quot;},&quot;jet_parallax_layout_image_mobile&quot;:{&quot;url&quot;:&quot;&quot;,&quot;id&quot;:&quot;&quot;,&quot;size&quot;:&quot;&quot;},&quot;jet_parallax_layout_speed&quot;:{&quot;unit&quot;:&quot;%&quot;,&quot;size&quot;:50,&quot;sizes&quot;:[]},&quot;jet_parallax_layout_type&quot;:&quot;scroll&quot;,&quot;jet_parallax_layout_direction&quot;:&quot;1&quot;,&quot;jet_parallax_layout_fx_direction&quot;:null,&quot;jet_parallax_layout_z_index&quot;:&quot;&quot;,&quot;jet_parallax_layout_bg_x&quot;:50,&quot;jet_parallax_layout_bg_x_tablet&quot;:&quot;&quot;,&quot;jet_parallax_layout_bg_x_mobile&quot;:&quot;&quot;,&quot;jet_parallax_layout_bg_y&quot;:50,&quot;jet_parallax_layout_bg_y_tablet&quot;:&quot;&quot;,&quot;jet_parallax_layout_bg_y_mobile&quot;:&quot;&quot;,&quot;jet_parallax_layout_bg_size&quot;:&quot;auto&quot;,&quot;jet_parallax_layout_bg_size_tablet&quot;:&quot;&quot;,&quot;jet_parallax_layout_bg_size_mobile&quot;:&quot;&quot;,&quot;jet_parallax_layout_animation_prop&quot;:&quot;transform&quot;,&quot;jet_parallax_layout_on&quot;:[&quot;desktop&quot;,&quot;tablet&quot;]}]}\">\n\t\t\t\t\t\t<div class=\"elementor-container elementor-column-gap-default\">\n\t\t\t\t\t<div class=\"elementor-column elementor-col-50 elementor-inner-column elementor-element elementor-element-b4e5f78\" data-id=\"b4e5f78\" data-element_type=\"column\">\n\t\t\t<div class=\"elementor-widget-wrap elementor-element-populated\">\n\t\t\t\t\t\t<div class=\"elementor-element elementor-element-d4514af elementor-widget elementor-widget-text-editor\" data-id=\"d4514af\" data-element_type=\"widget\" data-widget_type=\"text-editor.default\">\n\t\t\t\t\t\t\t\t\t<p><strong><a href=\"http:\/\/redelog.rj.gov.br\/redelog\/legislacao-licitacoes\/\">\u2190 Voltar &#8211; Licita\u00e7\u00f5es<\/a><\/strong><\/p>\t\t\t\t\t\t\t\t<\/div>\n\t\t\t\t\t<\/div>\n\t\t<\/div>\n\t\t\t\t<div class=\"elementor-column elementor-col-50 elementor-inner-column elementor-element elementor-element-99226bf\" data-id=\"99226bf\" data-element_type=\"column\">\n\t\t\t<div class=\"elementor-widget-wrap elementor-element-populated\">\n\t\t\t\t\t\t\t<\/div>\n\t\t<\/div>\n\t\t\t\t\t<\/div>\n\t\t<\/section>\n\t\t\t\t\t<\/div>\n\t\t<\/div>\n\t\t\t\t\t<\/div>\n\t\t<\/section>\n\t\t\t\t<section class=\"elementor-section elementor-top-section elementor-element elementor-element-bd2686b elementor-section-boxed elementor-section-height-default elementor-section-height-default\" data-id=\"bd2686b\" data-element_type=\"section\" data-settings=\"{&quot;jet_parallax_layout_list&quot;:[{&quot;jet_parallax_layout_image&quot;:{&quot;url&quot;:&quot;&quot;,&quot;id&quot;:&quot;&quot;,&quot;size&quot;:&quot;&quot;},&quot;_id&quot;:&quot;22a0abb&quot;,&quot;jet_parallax_layout_image_tablet&quot;:{&quot;url&quot;:&quot;&quot;,&quot;id&quot;:&quot;&quot;,&quot;size&quot;:&quot;&quot;},&quot;jet_parallax_layout_image_mobile&quot;:{&quot;url&quot;:&quot;&quot;,&quot;id&quot;:&quot;&quot;,&quot;size&quot;:&quot;&quot;},&quot;jet_parallax_layout_speed&quot;:{&quot;unit&quot;:&quot;%&quot;,&quot;size&quot;:50,&quot;sizes&quot;:[]},&quot;jet_parallax_layout_type&quot;:&quot;scroll&quot;,&quot;jet_parallax_layout_direction&quot;:&quot;1&quot;,&quot;jet_parallax_layout_fx_direction&quot;:null,&quot;jet_parallax_layout_z_index&quot;:&quot;&quot;,&quot;jet_parallax_layout_bg_x&quot;:50,&quot;jet_parallax_layout_bg_x_tablet&quot;:&quot;&quot;,&quot;jet_parallax_layout_bg_x_mobile&quot;:&quot;&quot;,&quot;jet_parallax_layout_bg_y&quot;:50,&quot;jet_parallax_layout_bg_y_tablet&quot;:&quot;&quot;,&quot;jet_parallax_layout_bg_y_mobile&quot;:&quot;&quot;,&quot;jet_parallax_layout_bg_size&quot;:&quot;auto&quot;,&quot;jet_parallax_layout_bg_size_tablet&quot;:&quot;&quot;,&quot;jet_parallax_layout_bg_size_mobile&quot;:&quot;&quot;,&quot;jet_parallax_layout_animation_prop&quot;:&quot;transform&quot;,&quot;jet_parallax_layout_on&quot;:[&quot;desktop&quot;,&quot;tablet&quot;]}]}\">\n\t\t\t\t\t\t<div class=\"elementor-container elementor-column-gap-default\">\n\t\t\t\t\t<div class=\"elementor-column elementor-col-100 elementor-top-column elementor-element elementor-element-e1de737\" data-id=\"e1de737\" data-element_type=\"column\">\n\t\t\t<div class=\"elementor-widget-wrap elementor-element-populated\">\n\t\t\t\t\t\t<div class=\"elementor-element elementor-element-f63ca15 elementor-widget elementor-widget-html\" data-id=\"f63ca15\" data-element_type=\"widget\" data-widget_type=\"html.default\">\n\t\t\t\t\t<style>\n    h2, .h2-style{\n        font-size: 28px;\n    }\n<\/style>\t\t\t\t<\/div>\n\t\t\t\t\t<\/div>\n\t\t<\/div>\n\t\t\t\t\t<\/div>\n\t\t<\/section>\n\t\t\t\t<\/div>\n\t\t","protected":false},"excerpt":{"rendered":"<p>IMPLEMENTA O PLANO DE CONTRATA\u00c7\u00d5ES ANUAL &#8211; PCA E INSTITUI O SISTEMA PCA RJ, NO \u00c2MBITO DA ADMINISTRA\u00c7\u00c3O P\u00daBLICA ESTADUAL DIRETA, AUT\u00c1RQUICA E FUNDACIONAL O\u00a0 GOVERNADOR DO ESTADO DO RIO DE JANEIRO,\u00a0no uso de suas atribui\u00e7\u00f5es constitucionais e legais, tendo em vista o disposto no Processo Administrativo n.\u00ba SEI-120001\/003759\/2023, CONSIDERANDO: &#8211; o previsto no inciso [&hellip;]<\/p>\n","protected":false},"author":19,"featured_media":0,"comment_status":"closed","ping_status":"open","sticky":false,"template":"","format":"standard","meta":{"_joinchat":[],"footnotes":""},"categories":[23],"tags":[],"class_list":["post-25604","post","type-post","status-publish","format-standard","hentry","category-cat-legislacao"],"yoast_head":"<!-- This site is optimized with the Yoast SEO plugin v25.7 - https:\/\/yoast.com\/wordpress\/plugins\/seo\/ -->\n<title>DECRETO N\u00ba 48.760, DE 23 DE OUTUBRO DE 2023 - Redelog<\/title>\n<meta name=\"robots\" content=\"index, follow, max-snippet:-1, max-image-preview:large, max-video-preview:-1\" \/>\n<link rel=\"canonical\" href=\"https:\/\/redelog.rj.gov.br\/redelog\/decreto-no-48-760-de-23-de-outubro-de-2023\/\" \/>\n<meta property=\"og:locale\" content=\"pt_BR\" \/>\n<meta property=\"og:type\" content=\"article\" \/>\n<meta property=\"og:title\" content=\"DECRETO N\u00ba 48.760, DE 23 DE OUTUBRO DE 2023 - Redelog\" \/>\n<meta property=\"og:description\" content=\"IMPLEMENTA O PLANO DE CONTRATA\u00c7\u00d5ES ANUAL &#8211; PCA E INSTITUI O SISTEMA PCA RJ, NO \u00c2MBITO DA ADMINISTRA\u00c7\u00c3O P\u00daBLICA ESTADUAL DIRETA, AUT\u00c1RQUICA E FUNDACIONAL O\u00a0 GOVERNADOR DO ESTADO DO RIO DE JANEIRO,\u00a0no uso de suas atribui\u00e7\u00f5es constitucionais e legais, tendo em vista o disposto no Processo Administrativo n.\u00ba SEI-120001\/003759\/2023, CONSIDERANDO: &#8211; o previsto no inciso [&hellip;]\" \/>\n<meta property=\"og:url\" content=\"https:\/\/redelog.rj.gov.br\/redelog\/decreto-no-48-760-de-23-de-outubro-de-2023\/\" \/>\n<meta property=\"og:site_name\" content=\"Redelog\" \/>\n<meta property=\"article:published_time\" content=\"2023-10-24T13:56:11+00:00\" \/>\n<meta name=\"author\" content=\"Juliane Paz Vieira Lima\" \/>\n<meta name=\"twitter:card\" content=\"summary_large_image\" \/>\n<meta name=\"twitter:label1\" content=\"Escrito por\" \/>\n\t<meta name=\"twitter:data1\" content=\"Juliane Paz Vieira Lima\" \/>\n\t<meta name=\"twitter:label2\" content=\"Est. tempo de leitura\" \/>\n\t<meta name=\"twitter:data2\" content=\"7 minutos\" \/>\n<script type=\"application\/ld+json\" class=\"yoast-schema-graph\">{\"@context\":\"https:\/\/schema.org\",\"@graph\":[{\"@type\":\"Article\",\"@id\":\"https:\/\/redelog.rj.gov.br\/redelog\/decreto-no-48-760-de-23-de-outubro-de-2023\/#article\",\"isPartOf\":{\"@id\":\"https:\/\/redelog.rj.gov.br\/redelog\/decreto-no-48-760-de-23-de-outubro-de-2023\/\"},\"author\":{\"name\":\"Juliane Paz Vieira Lima\",\"@id\":\"https:\/\/redelog.rj.gov.br\/redelog\/#\/schema\/person\/a80fe416b9778ee67954a79526756867\"},\"headline\":\"DECRETO N\u00ba 48.760, DE 23 DE OUTUBRO DE 2023\",\"datePublished\":\"2023-10-24T13:56:11+00:00\",\"mainEntityOfPage\":{\"@id\":\"https:\/\/redelog.rj.gov.br\/redelog\/decreto-no-48-760-de-23-de-outubro-de-2023\/\"},\"wordCount\":3662,\"publisher\":{\"@id\":\"https:\/\/redelog.rj.gov.br\/redelog\/#organization\"},\"articleSection\":[\"Legisla\u00e7\u00e3o\"],\"inLanguage\":\"pt-BR\"},{\"@type\":\"WebPage\",\"@id\":\"https:\/\/redelog.rj.gov.br\/redelog\/decreto-no-48-760-de-23-de-outubro-de-2023\/\",\"url\":\"https:\/\/redelog.rj.gov.br\/redelog\/decreto-no-48-760-de-23-de-outubro-de-2023\/\",\"name\":\"DECRETO N\u00ba 48.760, DE 23 DE OUTUBRO DE 2023 - Redelog\",\"isPartOf\":{\"@id\":\"https:\/\/redelog.rj.gov.br\/redelog\/#website\"},\"datePublished\":\"2023-10-24T13:56:11+00:00\",\"breadcrumb\":{\"@id\":\"https:\/\/redelog.rj.gov.br\/redelog\/decreto-no-48-760-de-23-de-outubro-de-2023\/#breadcrumb\"},\"inLanguage\":\"pt-BR\",\"potentialAction\":[{\"@type\":\"ReadAction\",\"target\":[\"https:\/\/redelog.rj.gov.br\/redelog\/decreto-no-48-760-de-23-de-outubro-de-2023\/\"]}]},{\"@type\":\"BreadcrumbList\",\"@id\":\"https:\/\/redelog.rj.gov.br\/redelog\/decreto-no-48-760-de-23-de-outubro-de-2023\/#breadcrumb\",\"itemListElement\":[{\"@type\":\"ListItem\",\"position\":1,\"name\":\"Home\",\"item\":\"https:\/\/redelog.rj.gov.br\/redelog\/\"},{\"@type\":\"ListItem\",\"position\":2,\"name\":\"DECRETO N\u00ba 48.760, DE 23 DE OUTUBRO DE 2023\"}]},{\"@type\":\"WebSite\",\"@id\":\"https:\/\/redelog.rj.gov.br\/redelog\/#website\",\"url\":\"https:\/\/redelog.rj.gov.br\/redelog\/\",\"name\":\"Redelog\",\"description\":\"Site da Rede de Log\u00edstica e Planejamento do Estado do Rio de Janeiro\",\"publisher\":{\"@id\":\"https:\/\/redelog.rj.gov.br\/redelog\/#organization\"},\"potentialAction\":[{\"@type\":\"SearchAction\",\"target\":{\"@type\":\"EntryPoint\",\"urlTemplate\":\"https:\/\/redelog.rj.gov.br\/redelog\/?s={search_term_string}\"},\"query-input\":{\"@type\":\"PropertyValueSpecification\",\"valueRequired\":true,\"valueName\":\"search_term_string\"}}],\"inLanguage\":\"pt-BR\"},{\"@type\":\"Organization\",\"@id\":\"https:\/\/redelog.rj.gov.br\/redelog\/#organization\",\"name\":\"REDELOG\",\"url\":\"https:\/\/redelog.rj.gov.br\/redelog\/\",\"logo\":{\"@type\":\"ImageObject\",\"inLanguage\":\"pt-BR\",\"@id\":\"https:\/\/redelog.rj.gov.br\/redelog\/#\/schema\/logo\/image\/\",\"url\":\"http:\/\/10.10.8.100:8888\/redelog\/wp-content\/uploads\/2019\/09\/Redelog2.png\",\"contentUrl\":\"http:\/\/10.10.8.100:8888\/redelog\/wp-content\/uploads\/2019\/09\/Redelog2.png\",\"width\":565,\"height\":155,\"caption\":\"REDELOG\"},\"image\":{\"@id\":\"https:\/\/redelog.rj.gov.br\/redelog\/#\/schema\/logo\/image\/\"}},{\"@type\":\"Person\",\"@id\":\"https:\/\/redelog.rj.gov.br\/redelog\/#\/schema\/person\/a80fe416b9778ee67954a79526756867\",\"name\":\"Juliane Paz Vieira Lima\",\"image\":{\"@type\":\"ImageObject\",\"inLanguage\":\"pt-BR\",\"@id\":\"https:\/\/redelog.rj.gov.br\/redelog\/#\/schema\/person\/image\/\",\"url\":\"https:\/\/secure.gravatar.com\/avatar\/6d81cf8bb20fabd08d236dec1cc7b99d2da26d368e6642dc331f1413653da0a6?s=96&d=mm&r=g\",\"contentUrl\":\"https:\/\/secure.gravatar.com\/avatar\/6d81cf8bb20fabd08d236dec1cc7b99d2da26d368e6642dc331f1413653da0a6?s=96&d=mm&r=g\",\"caption\":\"Juliane Paz Vieira Lima\"},\"url\":\"https:\/\/redelog.rj.gov.br\/redelog\/author\/julianepaz\/\"}]}<\/script>\n<!-- \/ Yoast SEO plugin. -->","yoast_head_json":{"title":"DECRETO N\u00ba 48.760, DE 23 DE OUTUBRO DE 2023 - Redelog","robots":{"index":"index","follow":"follow","max-snippet":"max-snippet:-1","max-image-preview":"max-image-preview:large","max-video-preview":"max-video-preview:-1"},"canonical":"https:\/\/redelog.rj.gov.br\/redelog\/decreto-no-48-760-de-23-de-outubro-de-2023\/","og_locale":"pt_BR","og_type":"article","og_title":"DECRETO N\u00ba 48.760, DE 23 DE OUTUBRO DE 2023 - Redelog","og_description":"IMPLEMENTA O PLANO DE CONTRATA\u00c7\u00d5ES ANUAL &#8211; PCA E INSTITUI O SISTEMA PCA RJ, NO \u00c2MBITO DA ADMINISTRA\u00c7\u00c3O P\u00daBLICA ESTADUAL DIRETA, AUT\u00c1RQUICA E FUNDACIONAL O\u00a0 GOVERNADOR DO ESTADO DO RIO DE JANEIRO,\u00a0no uso de suas atribui\u00e7\u00f5es constitucionais e legais, tendo em vista o disposto no Processo Administrativo n.\u00ba SEI-120001\/003759\/2023, CONSIDERANDO: &#8211; o previsto no inciso [&hellip;]","og_url":"https:\/\/redelog.rj.gov.br\/redelog\/decreto-no-48-760-de-23-de-outubro-de-2023\/","og_site_name":"Redelog","article_published_time":"2023-10-24T13:56:11+00:00","author":"Juliane Paz Vieira Lima","twitter_card":"summary_large_image","twitter_misc":{"Escrito por":"Juliane Paz Vieira Lima","Est. tempo de leitura":"7 minutos"},"schema":{"@context":"https:\/\/schema.org","@graph":[{"@type":"Article","@id":"https:\/\/redelog.rj.gov.br\/redelog\/decreto-no-48-760-de-23-de-outubro-de-2023\/#article","isPartOf":{"@id":"https:\/\/redelog.rj.gov.br\/redelog\/decreto-no-48-760-de-23-de-outubro-de-2023\/"},"author":{"name":"Juliane Paz Vieira Lima","@id":"https:\/\/redelog.rj.gov.br\/redelog\/#\/schema\/person\/a80fe416b9778ee67954a79526756867"},"headline":"DECRETO N\u00ba 48.760, DE 23 DE OUTUBRO DE 2023","datePublished":"2023-10-24T13:56:11+00:00","mainEntityOfPage":{"@id":"https:\/\/redelog.rj.gov.br\/redelog\/decreto-no-48-760-de-23-de-outubro-de-2023\/"},"wordCount":3662,"publisher":{"@id":"https:\/\/redelog.rj.gov.br\/redelog\/#organization"},"articleSection":["Legisla\u00e7\u00e3o"],"inLanguage":"pt-BR"},{"@type":"WebPage","@id":"https:\/\/redelog.rj.gov.br\/redelog\/decreto-no-48-760-de-23-de-outubro-de-2023\/","url":"https:\/\/redelog.rj.gov.br\/redelog\/decreto-no-48-760-de-23-de-outubro-de-2023\/","name":"DECRETO N\u00ba 48.760, DE 23 DE OUTUBRO DE 2023 - Redelog","isPartOf":{"@id":"https:\/\/redelog.rj.gov.br\/redelog\/#website"},"datePublished":"2023-10-24T13:56:11+00:00","breadcrumb":{"@id":"https:\/\/redelog.rj.gov.br\/redelog\/decreto-no-48-760-de-23-de-outubro-de-2023\/#breadcrumb"},"inLanguage":"pt-BR","potentialAction":[{"@type":"ReadAction","target":["https:\/\/redelog.rj.gov.br\/redelog\/decreto-no-48-760-de-23-de-outubro-de-2023\/"]}]},{"@type":"BreadcrumbList","@id":"https:\/\/redelog.rj.gov.br\/redelog\/decreto-no-48-760-de-23-de-outubro-de-2023\/#breadcrumb","itemListElement":[{"@type":"ListItem","position":1,"name":"Home","item":"https:\/\/redelog.rj.gov.br\/redelog\/"},{"@type":"ListItem","position":2,"name":"DECRETO N\u00ba 48.760, DE 23 DE OUTUBRO DE 2023"}]},{"@type":"WebSite","@id":"https:\/\/redelog.rj.gov.br\/redelog\/#website","url":"https:\/\/redelog.rj.gov.br\/redelog\/","name":"Redelog","description":"Site da Rede de Log\u00edstica e Planejamento do Estado do Rio de Janeiro","publisher":{"@id":"https:\/\/redelog.rj.gov.br\/redelog\/#organization"},"potentialAction":[{"@type":"SearchAction","target":{"@type":"EntryPoint","urlTemplate":"https:\/\/redelog.rj.gov.br\/redelog\/?s={search_term_string}"},"query-input":{"@type":"PropertyValueSpecification","valueRequired":true,"valueName":"search_term_string"}}],"inLanguage":"pt-BR"},{"@type":"Organization","@id":"https:\/\/redelog.rj.gov.br\/redelog\/#organization","name":"REDELOG","url":"https:\/\/redelog.rj.gov.br\/redelog\/","logo":{"@type":"ImageObject","inLanguage":"pt-BR","@id":"https:\/\/redelog.rj.gov.br\/redelog\/#\/schema\/logo\/image\/","url":"http:\/\/10.10.8.100:8888\/redelog\/wp-content\/uploads\/2019\/09\/Redelog2.png","contentUrl":"http:\/\/10.10.8.100:8888\/redelog\/wp-content\/uploads\/2019\/09\/Redelog2.png","width":565,"height":155,"caption":"REDELOG"},"image":{"@id":"https:\/\/redelog.rj.gov.br\/redelog\/#\/schema\/logo\/image\/"}},{"@type":"Person","@id":"https:\/\/redelog.rj.gov.br\/redelog\/#\/schema\/person\/a80fe416b9778ee67954a79526756867","name":"Juliane Paz Vieira Lima","image":{"@type":"ImageObject","inLanguage":"pt-BR","@id":"https:\/\/redelog.rj.gov.br\/redelog\/#\/schema\/person\/image\/","url":"https:\/\/secure.gravatar.com\/avatar\/6d81cf8bb20fabd08d236dec1cc7b99d2da26d368e6642dc331f1413653da0a6?s=96&d=mm&r=g","contentUrl":"https:\/\/secure.gravatar.com\/avatar\/6d81cf8bb20fabd08d236dec1cc7b99d2da26d368e6642dc331f1413653da0a6?s=96&d=mm&r=g","caption":"Juliane Paz Vieira Lima"},"url":"https:\/\/redelog.rj.gov.br\/redelog\/author\/julianepaz\/"}]}},"_links":{"self":[{"href":"https:\/\/redelog.rj.gov.br\/redelog\/wp-json\/wp\/v2\/posts\/25604","targetHints":{"allow":["GET"]}}],"collection":[{"href":"https:\/\/redelog.rj.gov.br\/redelog\/wp-json\/wp\/v2\/posts"}],"about":[{"href":"https:\/\/redelog.rj.gov.br\/redelog\/wp-json\/wp\/v2\/types\/post"}],"author":[{"embeddable":true,"href":"https:\/\/redelog.rj.gov.br\/redelog\/wp-json\/wp\/v2\/users\/19"}],"replies":[{"embeddable":true,"href":"https:\/\/redelog.rj.gov.br\/redelog\/wp-json\/wp\/v2\/comments?post=25604"}],"version-history":[{"count":5,"href":"https:\/\/redelog.rj.gov.br\/redelog\/wp-json\/wp\/v2\/posts\/25604\/revisions"}],"predecessor-version":[{"id":25613,"href":"https:\/\/redelog.rj.gov.br\/redelog\/wp-json\/wp\/v2\/posts\/25604\/revisions\/25613"}],"wp:attachment":[{"href":"https:\/\/redelog.rj.gov.br\/redelog\/wp-json\/wp\/v2\/media?parent=25604"}],"wp:term":[{"taxonomy":"category","embeddable":true,"href":"https:\/\/redelog.rj.gov.br\/redelog\/wp-json\/wp\/v2\/categories?post=25604"},{"taxonomy":"post_tag","embeddable":true,"href":"https:\/\/redelog.rj.gov.br\/redelog\/wp-json\/wp\/v2\/tags?post=25604"}],"curies":[{"name":"wp","href":"https:\/\/api.w.org\/{rel}","templated":true}]}}