{"id":2545,"date":"2021-09-28T11:15:22","date_gmt":"2021-09-28T14:15:22","guid":{"rendered":"http:\/\/10.9.108.118:3000\/redelog\/?p=2545"},"modified":"2024-12-09T11:33:16","modified_gmt":"2024-12-09T14:33:16","slug":"legislacao-transportes","status":"publish","type":"post","link":"https:\/\/redelog.rj.gov.br\/redelog\/legislacao-transportes\/","title":{"rendered":"LEGISLA\u00c7\u00c3O DE TRANSPORTES"},"content":{"rendered":"\t\t<div data-elementor-type=\"wp-post\" data-elementor-id=\"2545\" class=\"elementor elementor-2545\" data-elementor-post-type=\"post\">\n\t\t\t\t\t\t<section class=\"elementor-section elementor-top-section elementor-element elementor-element-869dc2a elementor-section-boxed elementor-section-height-default elementor-section-height-default\" data-id=\"869dc2a\" data-element_type=\"section\" data-settings=\"{&quot;jet_parallax_layout_list&quot;:[{&quot;jet_parallax_layout_image&quot;:{&quot;url&quot;:&quot;&quot;,&quot;id&quot;:&quot;&quot;,&quot;size&quot;:&quot;&quot;},&quot;_id&quot;:&quot;38613a2&quot;,&quot;jet_parallax_layout_image_tablet&quot;:{&quot;url&quot;:&quot;&quot;,&quot;id&quot;:&quot;&quot;,&quot;size&quot;:&quot;&quot;},&quot;jet_parallax_layout_image_mobile&quot;:{&quot;url&quot;:&quot;&quot;,&quot;id&quot;:&quot;&quot;,&quot;size&quot;:&quot;&quot;},&quot;jet_parallax_layout_speed&quot;:{&quot;unit&quot;:&quot;%&quot;,&quot;size&quot;:50,&quot;sizes&quot;:[]},&quot;jet_parallax_layout_type&quot;:&quot;scroll&quot;,&quot;jet_parallax_layout_direction&quot;:&quot;1&quot;,&quot;jet_parallax_layout_fx_direction&quot;:null,&quot;jet_parallax_layout_z_index&quot;:&quot;&quot;,&quot;jet_parallax_layout_bg_x&quot;:50,&quot;jet_parallax_layout_bg_x_tablet&quot;:&quot;&quot;,&quot;jet_parallax_layout_bg_x_mobile&quot;:&quot;&quot;,&quot;jet_parallax_layout_bg_y&quot;:50,&quot;jet_parallax_layout_bg_y_tablet&quot;:&quot;&quot;,&quot;jet_parallax_layout_bg_y_mobile&quot;:&quot;&quot;,&quot;jet_parallax_layout_bg_size&quot;:&quot;auto&quot;,&quot;jet_parallax_layout_bg_size_tablet&quot;:&quot;&quot;,&quot;jet_parallax_layout_bg_size_mobile&quot;:&quot;&quot;,&quot;jet_parallax_layout_animation_prop&quot;:&quot;transform&quot;,&quot;jet_parallax_layout_on&quot;:[&quot;desktop&quot;,&quot;tablet&quot;]}]}\">\n\t\t\t\t\t\t<div class=\"elementor-container elementor-column-gap-default\">\n\t\t\t\t\t<div class=\"elementor-column elementor-col-100 elementor-top-column elementor-element elementor-element-6d614ae\" data-id=\"6d614ae\" data-element_type=\"column\">\n\t\t\t<div class=\"elementor-widget-wrap elementor-element-populated\">\n\t\t\t\t\t\t<div class=\"elementor-element elementor-element-5448ad7 elementor-widget-divider--view-line elementor-widget elementor-widget-divider\" data-id=\"5448ad7\" data-element_type=\"widget\" data-widget_type=\"divider.default\">\n\t\t\t\t\t\t\t<div class=\"elementor-divider\">\n\t\t\t<span class=\"elementor-divider-separator\">\n\t\t\t\t\t\t<\/span>\n\t\t<\/div>\n\t\t\t\t\t\t<\/div>\n\t\t\t\t\t<\/div>\n\t\t<\/div>\n\t\t\t\t\t<\/div>\n\t\t<\/section>\n\t\t\t\t<section class=\"elementor-section elementor-top-section elementor-element elementor-element-826db70 elementor-section-boxed elementor-section-height-default elementor-section-height-default\" data-id=\"826db70\" data-element_type=\"section\" data-settings=\"{&quot;jet_parallax_layout_list&quot;:[{&quot;jet_parallax_layout_image&quot;:{&quot;url&quot;:&quot;&quot;,&quot;id&quot;:&quot;&quot;,&quot;size&quot;:&quot;&quot;},&quot;_id&quot;:&quot;ece0a8d&quot;,&quot;jet_parallax_layout_image_tablet&quot;:{&quot;url&quot;:&quot;&quot;,&quot;id&quot;:&quot;&quot;,&quot;size&quot;:&quot;&quot;},&quot;jet_parallax_layout_image_mobile&quot;:{&quot;url&quot;:&quot;&quot;,&quot;id&quot;:&quot;&quot;,&quot;size&quot;:&quot;&quot;},&quot;jet_parallax_layout_speed&quot;:{&quot;unit&quot;:&quot;%&quot;,&quot;size&quot;:50,&quot;sizes&quot;:[]},&quot;jet_parallax_layout_type&quot;:&quot;scroll&quot;,&quot;jet_parallax_layout_direction&quot;:&quot;1&quot;,&quot;jet_parallax_layout_fx_direction&quot;:null,&quot;jet_parallax_layout_z_index&quot;:&quot;&quot;,&quot;jet_parallax_layout_bg_x&quot;:50,&quot;jet_parallax_layout_bg_x_tablet&quot;:&quot;&quot;,&quot;jet_parallax_layout_bg_x_mobile&quot;:&quot;&quot;,&quot;jet_parallax_layout_bg_y&quot;:50,&quot;jet_parallax_layout_bg_y_tablet&quot;:&quot;&quot;,&quot;jet_parallax_layout_bg_y_mobile&quot;:&quot;&quot;,&quot;jet_parallax_layout_bg_size&quot;:&quot;auto&quot;,&quot;jet_parallax_layout_bg_size_tablet&quot;:&quot;&quot;,&quot;jet_parallax_layout_bg_size_mobile&quot;:&quot;&quot;,&quot;jet_parallax_layout_animation_prop&quot;:&quot;transform&quot;,&quot;jet_parallax_layout_on&quot;:[&quot;desktop&quot;,&quot;tablet&quot;]}]}\">\n\t\t\t\t\t\t<div class=\"elementor-container elementor-column-gap-default\">\n\t\t\t\t\t<div class=\"elementor-column elementor-col-100 elementor-top-column elementor-element elementor-element-9612332\" data-id=\"9612332\" data-element_type=\"column\">\n\t\t\t<div class=\"elementor-widget-wrap elementor-element-populated\">\n\t\t\t\t\t\t<div class=\"elementor-element elementor-element-8088921 elementor-widget elementor-widget-heading\" data-id=\"8088921\" data-element_type=\"widget\" data-widget_type=\"heading.default\">\n\t\t\t\t\t<h3 class=\"elementor-heading-title elementor-size-default\">Leis Estaduais:<\/h3>\t\t\t\t<\/div>\n\t\t\t\t<div class=\"elementor-element elementor-element-704f7a1 elementor-widget elementor-widget-text-editor\" data-id=\"704f7a1\" data-element_type=\"widget\" data-widget_type=\"text-editor.default\">\n\t\t\t\t\t\t\t\t\t<ul style=\"text-align: justify;\">\n<li><a href=\"https:\/\/leisestaduais.com.br\/rj\/lei-ordinaria-n-9870-2022-rio-de-janeiro-dispoe-sobre-o-fomento-a-utilizacao-de-veiculos-movidos-a-propulsao-eletrica-e-hibridos-segundo-as-diretrizes-setoriais-de-transportes-da-lei-estadual-no-5-690-de-14-de-abril-de-2010-politica-estadual-sobre-mudanca-global-do-clima-e-desenvolvimento-sustentavel-e-da-outras-providencias?q=9.870&amp;origin=instituicao#\"><strong>Lei n\u00ba 9.870, de 30 de setembro de 2022<\/strong><\/a> &#8211; Disp\u00f5e sobre o fomento \u00e0 utiliza\u00e7\u00e3o de ve\u00edculos movidos \u00e0 propuls\u00e3o el\u00e9trica e h\u00edbridos segundo as diretrizes setoriais de transportes da Lei Estadual n\u00ba 5.690, de 14 de abril de 2010, Pol\u00edtica Estadual sobre Mudan\u00e7a Global do Clima e Desenvolvimento Sustent\u00e1vel.<\/li>\n<\/ul>\t\t\t\t\t\t\t\t<\/div>\n\t\t\t\t<div class=\"elementor-element elementor-element-745a812 elementor-widget-divider--view-line elementor-widget elementor-widget-divider\" data-id=\"745a812\" data-element_type=\"widget\" data-widget_type=\"divider.default\">\n\t\t\t\t\t\t\t<div class=\"elementor-divider\">\n\t\t\t<span class=\"elementor-divider-separator\">\n\t\t\t\t\t\t<\/span>\n\t\t<\/div>\n\t\t\t\t\t\t<\/div>\n\t\t\t\t<div class=\"elementor-element elementor-element-65e45bc elementor-widget elementor-widget-heading\" data-id=\"65e45bc\" data-element_type=\"widget\" data-widget_type=\"heading.default\">\n\t\t\t\t\t<h2 class=\"elementor-heading-title elementor-size-default\">Decretos Estaduais:<\/h2>\t\t\t\t<\/div>\n\t\t\t\t<div class=\"elementor-element elementor-element-466cf87 elementor-widget elementor-widget-text-editor\" data-id=\"466cf87\" data-element_type=\"widget\" data-widget_type=\"text-editor.default\">\n\t\t\t\t\t\t\t\t\t<p><\/p>\n<p><\/p>\n<p><\/p>\n<ul class=\"wp-block-list\">\n<li><a href=\"https:\/\/leisestaduais.com.br\/rj\/decreto-n-44500-2013-rio-de-janeiro-cria-sem-aumento-de-despesas-a-rede-de-gerenciadores-de-transportes-oficiais-redetrans-e-da-outras-providencias?q=44.500&amp;origin=instituicao#\"><strong>Decreto n\u00ba 44.500, de 29 de novembro de 2013<\/strong><\/a> &#8211; Cria a Rede de Gerenciadores de Transportes Oficiais- REDETRANS <em>(Revogado pelo Decreto n\u00ba\u00a0<a href=\"https:\/\/leisestaduais.com.br\/rj\/decreto-n-46050-2017-rio-de-janeiro-cria-sem-aumento-de-despesa-a-rede-logistica-do-poder-executivo-do-estado-do-rio-de-janeiro-redelog-e-da-outras-providencias?q=46.050&amp;origin=instituicao#\">46.050\/2017<\/a>, por for\u00e7a do Decreto n\u00ba\u00a0<a href=\"http:\/\/leisestaduais.com.br\/rj\/decreto-n-48178-2022-rio-de-janeiro-altera-o-decreto-n%C2%BA-46050-de-26-de-julho-de-2017?origin=instituicao\">48.178\/2022<\/a>)<\/em><\/li>\n<li><a href=\"https:\/\/leisestaduais.com.br\/rj\/decreto-n-47298-2020-rio-de-janeiro-institui-e-regulamenta-o-novo-sige-transp-sistema-de-governanca-e-gestao-de-transportes-do-poder-executivo-do-estado-do-rio-de-janeiro-em-continuidade-as-medidas-de-austeridade-adotadas-pelo-governo-do-estado?q=47.298&amp;origin=instituicao#\"><strong>Decreto n\u00ba 47.298, de 01 de outubro de 2020<\/strong><\/a> &#8211; Institui e Regulamenta o novo SIGESTRANSP<\/li>\n<\/ul>\n<p><\/p>\t\t\t\t\t\t\t\t<\/div>\n\t\t\t\t\t<\/div>\n\t\t<\/div>\n\t\t\t\t\t<\/div>\n\t\t<\/section>\n\t\t\t\t<section class=\"elementor-section elementor-top-section elementor-element elementor-element-447496c elementor-section-boxed elementor-section-height-default elementor-section-height-default\" data-id=\"447496c\" data-element_type=\"section\" data-settings=\"{&quot;jet_parallax_layout_list&quot;:[{&quot;jet_parallax_layout_image&quot;:{&quot;url&quot;:&quot;&quot;,&quot;id&quot;:&quot;&quot;,&quot;size&quot;:&quot;&quot;},&quot;_id&quot;:&quot;ece0a8d&quot;,&quot;jet_parallax_layout_image_tablet&quot;:{&quot;url&quot;:&quot;&quot;,&quot;id&quot;:&quot;&quot;,&quot;size&quot;:&quot;&quot;},&quot;jet_parallax_layout_image_mobile&quot;:{&quot;url&quot;:&quot;&quot;,&quot;id&quot;:&quot;&quot;,&quot;size&quot;:&quot;&quot;},&quot;jet_parallax_layout_speed&quot;:{&quot;unit&quot;:&quot;%&quot;,&quot;size&quot;:50,&quot;sizes&quot;:[]},&quot;jet_parallax_layout_type&quot;:&quot;scroll&quot;,&quot;jet_parallax_layout_direction&quot;:&quot;1&quot;,&quot;jet_parallax_layout_fx_direction&quot;:null,&quot;jet_parallax_layout_z_index&quot;:&quot;&quot;,&quot;jet_parallax_layout_bg_x&quot;:50,&quot;jet_parallax_layout_bg_x_tablet&quot;:&quot;&quot;,&quot;jet_parallax_layout_bg_x_mobile&quot;:&quot;&quot;,&quot;jet_parallax_layout_bg_y&quot;:50,&quot;jet_parallax_layout_bg_y_tablet&quot;:&quot;&quot;,&quot;jet_parallax_layout_bg_y_mobile&quot;:&quot;&quot;,&quot;jet_parallax_layout_bg_size&quot;:&quot;auto&quot;,&quot;jet_parallax_layout_bg_size_tablet&quot;:&quot;&quot;,&quot;jet_parallax_layout_bg_size_mobile&quot;:&quot;&quot;,&quot;jet_parallax_layout_animation_prop&quot;:&quot;transform&quot;,&quot;jet_parallax_layout_on&quot;:[&quot;desktop&quot;,&quot;tablet&quot;]}]}\">\n\t\t\t\t\t\t<div class=\"elementor-container elementor-column-gap-default\">\n\t\t\t\t\t<div class=\"elementor-column elementor-col-100 elementor-top-column elementor-element elementor-element-a582194\" data-id=\"a582194\" data-element_type=\"column\">\n\t\t\t<div class=\"elementor-widget-wrap elementor-element-populated\">\n\t\t\t\t\t\t<div class=\"elementor-element elementor-element-10e4243 elementor-widget-divider--view-line elementor-widget elementor-widget-divider\" data-id=\"10e4243\" data-element_type=\"widget\" data-widget_type=\"divider.default\">\n\t\t\t\t\t\t\t<div class=\"elementor-divider\">\n\t\t\t<span class=\"elementor-divider-separator\">\n\t\t\t\t\t\t<\/span>\n\t\t<\/div>\n\t\t\t\t\t\t<\/div>\n\t\t\t\t<div class=\"elementor-element elementor-element-af29529 elementor-widget elementor-widget-heading\" data-id=\"af29529\" data-element_type=\"widget\" data-widget_type=\"heading.default\">\n\t\t\t\t\t<h2 class=\"elementor-heading-title elementor-size-default\">Resolu\u00e7\u00f5es Estaduais:<\/h2>\t\t\t\t<\/div>\n\t\t\t\t<div class=\"elementor-element elementor-element-85e9b87 elementor-widget elementor-widget-text-editor\" data-id=\"85e9b87\" data-element_type=\"widget\" data-widget_type=\"text-editor.default\">\n\t\t\t\t\t\t\t\t\t<ul>\n<li><strong><a href=\"http:\/\/redelog.rj.gov.br\/redelog\/resolucao-seccg-no-43\/\">Resolu\u00e7\u00e3o SECCG n\u00ba 43, de 10 de julho de 2019<\/a><\/strong> &#8211; Disp\u00f5e sobre a concess\u00e3o de credencial para conduzir ve\u00edculos automotores da frota estadual <em>(Revogada pela Resolu\u00e7\u00e3o SEPLAG n\u00ba <a href=\"https:\/\/redelog.rj.gov.br\/redelog\/resolucao-seplag-no-340-de-26-de-novembro-de-2024\/\">340\/2024<\/a>)<\/em><\/li>\n<li><strong><a href=\"http:\/\/redelog.rj.gov.br\/redelog\/resolucao-seccg-no-50\/\">Resolu\u00e7\u00e3o SECCG N\u00ba 50, de 23 de julho de 2019<\/a><\/strong> &#8211; Estabelece as especifica\u00e7\u00f5es para os ve\u00edculos de representa\u00e7\u00e3o e de servi\u00e7o para a Adm. P\u00fablica Estadual <em>(Revogada pela Resolu\u00e7\u00e3o SEPLAG n\u00ba <a href=\"https:\/\/redelog.rj.gov.br\/redelog\/resolucao-seplag-no-340-de-26-de-novembro-de-2024\/\">340\/2024<\/a>)<\/em><\/li>\n<li><strong><a href=\"http:\/\/redelog.rj.gov.br\/redelog\/resolucao-seccg-no-57\/\">Resolu\u00e7\u00e3o SECCG n\u00ba 57, de 27 de agosto de 2019<\/a><\/strong> \u2013 Fornecimento de Combust\u00edveis <em>(Revogada pela\u00a0Resolu\u00e7\u00e3o SEPLAG n\u00ba <a href=\"https:\/\/redelog.rj.gov.br\/redelog\/resolucao-seplag-no-239-de-16-de-outubro-de-2023\/\">239\/2023<\/a>)<\/em><\/li>\n<li><strong><a href=\"http:\/\/redelog.rj.gov.br\/redelog\/resolucao-seccg-no-67\/\">Resolu\u00e7\u00e3o SECCG n\u00ba 67, de 05 de novembro de 2019<\/a><\/strong> &#8211; Procedimentos para Credenciamento de Ve\u00edculos no BDFE <em>(Revogada pela Resolu\u00e7\u00e3o SEPLAG n\u00ba <a href=\"https:\/\/redelog.rj.gov.br\/redelog\/resolucao-seplag-no-340-de-26-de-novembro-de-2024\/\">340\/2024<\/a>)<\/em><\/li>\n<li><strong><a href=\"http:\/\/redelog.rj.gov.br\/redelog\/resolucao-seplag-no-27\/\">Resolu\u00e7\u00e3o SEPLAG n\u00ba 27, de 02 de outubro de 2020<\/a><\/strong> \u2013 Estabelece caracter\u00edsticas b\u00e1sicas para a identifica\u00e7\u00e3o dos ve\u00edculos de servi\u00e7o pelos \u00f3rg\u00e3os e entidades <em>(Revogada pela Resolu\u00e7\u00e3o SEPLAG n\u00ba <a href=\"https:\/\/redelog.rj.gov.br\/redelog\/resolucao-seplag-no-340-de-26-de-novembro-de-2024\/\">340\/2024<\/a>)<\/em><\/li>\n<li><strong><a href=\"http:\/\/redelog.rj.gov.br\/redelog\/resolucao-seplag-no-28\/\">Resolu\u00e7\u00e3o SEPLAG n\u00ba 28, de 05 de outubro de 2020<\/a><\/strong> \u2013 Estabelece a Dota\u00e7\u00e3o Veicular Oficial \u2013 DVO dos \u00f3rg\u00e3os e entidades participantes do SIGETRANSP <em>(Revogada pela Resolu\u00e7\u00e3o SEPLAG n\u00ba <a href=\"https:\/\/redelog.rj.gov.br\/redelog\/resolucao-seplag-no-236-de-23-de-agosto-de-2023\/\">236\/2023<\/a>)<\/em><\/li>\n<li><strong><a href=\"http:\/\/redelog.rj.gov.br\/redelog\/resolucao-seplag-no-29\/\">Resolu\u00e7\u00e3o SEPLAG n\u00ba 29, de 05 de outubro de 2020<\/a><\/strong> \u2013 Regulamenta as normas de uso do Transporte Remunerado de Servidores em Servi\u00e7o \u2013 RJ MOBI <em>(Revogada pela Resolu\u00e7\u00e3o SEPLAG n\u00ba <a href=\"https:\/\/redelog.rj.gov.br\/redelog\/resolucao-seplag-no-340-de-26-de-novembro-de-2024\/\">340\/2024<\/a>)<\/em><\/li>\n<li><strong><a href=\"http:\/\/redelog.rj.gov.br\/redelog\/resolucao-seplag-95\/\">Resolu\u00e7\u00e3o SEPLAG n\u00ba 95, de 06 de janeiro de 2022<\/a><\/strong> &#8211; Atribui\u00e7\u00f5es dos Gestores e Auxiliares de Transportes do SIGESTRANSP <em>(Revogada pela Resolu\u00e7\u00e3o SEPLAG n\u00ba <a href=\"https:\/\/redelog.rj.gov.br\/redelog\/resolucao-seplag-no-340-de-26-de-novembro-de-2024\/\">340\/2024<\/a>)<\/em><\/li>\n<li><a href=\"https:\/\/redelog.rj.gov.br\/redelog\/?p=19002&amp;preview=true\"><strong>Resolu\u00e7\u00e3o SEPLAG n\u00ba 149, de 16 de agosto de 2022<\/strong><\/a> &#8211; Institui a Rede de Gerenciadores de Transportes Oficiais &#8211; REDETRANS<\/li>\n<li><a href=\"https:\/\/redelog.rj.gov.br\/redelog\/?p=25418&amp;preview=true\"><strong>Resolu\u00e7\u00e3o SEPLAG n\u00ba 236, de 23 de agosto de 2023<\/strong><\/a> &#8211; Estabelece a Dota\u00e7\u00e3o Veicular Oficial &#8211; DVO dos \u00f3rg\u00e3os e entidades participantes do Sistema de Governan\u00e7a e Gest\u00e3o de Transportes do Poder Executivo do Estado do Rio de Janeiro &#8211; SIGETRANSP <em>(Revogada pela Resolu\u00e7\u00e3o SEPLAG n\u00ba <a href=\"https:\/\/redelog.rj.gov.br\/redelog\/resolucao-seplag-no-340-de-26-de-novembro-de-2024\/\">340\/2024<\/a>)<\/em><\/li>\n<li><strong><a href=\"https:\/\/redelog.rj.gov.br\/redelog\/resolucao-seplag-no-239-de-16-de-outubro-de-2023\/\">Resolu\u00e7\u00e3o SEPLAG n\u00ba 239, de 16 de outubro de 2023<\/a><\/strong> &#8211; Define os procedimentos a serem observados para a execu\u00e7\u00e3o das despesas com aquisi\u00e7\u00e3o de combust\u00edveis pelos \u00f3rg\u00e3os e entidades do SIGETRANSP participantes e aderentes das Atas de Registro de Pre\u00e7os pelo \u00d3rg\u00e3o Central do Sislog <em>(Revogada pela Resolu\u00e7\u00e3o SEPLAG n\u00ba <a href=\"https:\/\/redelog.rj.gov.br\/redelog\/resolucao-seplag-no-340-de-26-de-novembro-de-2024\/\">340\/2024<\/a>)<\/em><\/li>\n<li><a href=\"https:\/\/redelog.rj.gov.br\/redelog\/resolucao-gsi-no-186-de-16-de-abril-de-2024\/\"><strong>Resolu\u00e7\u00e3o GSI n\u00ba 186, de 16 de abril de 2024<\/strong><\/a> &#8211; Altera o rito de emiss\u00e3o de parecer t\u00e9cnico para autoriza\u00e7\u00e3o de utiliza\u00e7\u00e3o de ve\u00edculos com requisitos adicionais, por parte de \u00f3rg\u00e3o e entidades do Poder Executivo estadual, na forma do artigo 7\u00ba, par\u00e1grafo \u00fanico e \u00a72\u00ba, do Decreto Estadual n\u00ba 47.298, de 02 de outubro de 2020 e d\u00e1 outras provid\u00eancias<\/li>\n<li><a href=\"https:\/\/redelog.rj.gov.br\/redelog\/resolucao-seplag-no-340-de-26-de-novembro-de-2024\/\"><strong>Resolu\u00e7\u00e3o SEPLAG n\u00ba 340, de 26 de novembro de 2024<\/strong><\/a> &#8211; Regulamenta o Sistema de Governan\u00e7a e Gest\u00e3o de Transportes &#8211; SIGETRANSP, institu\u00eddo pelo Decreto n\u00ba 47.298, de 02 de outubro de 2020<\/li>\n<\/ul>\t\t\t\t\t\t\t\t<\/div>\n\t\t\t\t\t<\/div>\n\t\t<\/div>\n\t\t\t\t\t<\/div>\n\t\t<\/section>\n\t\t\t\t<section class=\"elementor-section elementor-top-section elementor-element elementor-element-1475f42 elementor-section-boxed elementor-section-height-default elementor-section-height-default\" data-id=\"1475f42\" data-element_type=\"section\" data-settings=\"{&quot;jet_parallax_layout_list&quot;:[{&quot;jet_parallax_layout_image&quot;:{&quot;url&quot;:&quot;&quot;,&quot;id&quot;:&quot;&quot;,&quot;size&quot;:&quot;&quot;},&quot;_id&quot;:&quot;ab030fc&quot;,&quot;jet_parallax_layout_image_tablet&quot;:{&quot;url&quot;:&quot;&quot;,&quot;id&quot;:&quot;&quot;,&quot;size&quot;:&quot;&quot;},&quot;jet_parallax_layout_image_mobile&quot;:{&quot;url&quot;:&quot;&quot;,&quot;id&quot;:&quot;&quot;,&quot;size&quot;:&quot;&quot;},&quot;jet_parallax_layout_speed&quot;:{&quot;unit&quot;:&quot;%&quot;,&quot;size&quot;:50,&quot;sizes&quot;:[]},&quot;jet_parallax_layout_type&quot;:&quot;scroll&quot;,&quot;jet_parallax_layout_direction&quot;:&quot;1&quot;,&quot;jet_parallax_layout_fx_direction&quot;:null,&quot;jet_parallax_layout_z_index&quot;:&quot;&quot;,&quot;jet_parallax_layout_bg_x&quot;:50,&quot;jet_parallax_layout_bg_x_tablet&quot;:&quot;&quot;,&quot;jet_parallax_layout_bg_x_mobile&quot;:&quot;&quot;,&quot;jet_parallax_layout_bg_y&quot;:50,&quot;jet_parallax_layout_bg_y_tablet&quot;:&quot;&quot;,&quot;jet_parallax_layout_bg_y_mobile&quot;:&quot;&quot;,&quot;jet_parallax_layout_bg_size&quot;:&quot;auto&quot;,&quot;jet_parallax_layout_bg_size_tablet&quot;:&quot;&quot;,&quot;jet_parallax_layout_bg_size_mobile&quot;:&quot;&quot;,&quot;jet_parallax_layout_animation_prop&quot;:&quot;transform&quot;,&quot;jet_parallax_layout_on&quot;:[&quot;desktop&quot;,&quot;tablet&quot;]}]}\">\n\t\t\t\t\t\t<div class=\"elementor-container elementor-column-gap-default\">\n\t\t\t\t\t<div class=\"elementor-column elementor-col-100 elementor-top-column elementor-element elementor-element-9ff0eac\" data-id=\"9ff0eac\" data-element_type=\"column\">\n\t\t\t<div class=\"elementor-widget-wrap elementor-element-populated\">\n\t\t\t\t\t\t<div class=\"elementor-element elementor-element-1c4f972 elementor-widget-divider--view-line elementor-widget elementor-widget-divider\" data-id=\"1c4f972\" data-element_type=\"widget\" data-widget_type=\"divider.default\">\n\t\t\t\t\t\t\t<div class=\"elementor-divider\">\n\t\t\t<span class=\"elementor-divider-separator\">\n\t\t\t\t\t\t<\/span>\n\t\t<\/div>\n\t\t\t\t\t\t<\/div>\n\t\t\t\t\t<\/div>\n\t\t<\/div>\n\t\t\t\t\t<\/div>\n\t\t<\/section>\n\t\t\t\t<section class=\"elementor-section elementor-top-section elementor-element elementor-element-ea90700 elementor-section-boxed elementor-section-height-default elementor-section-height-default\" data-id=\"ea90700\" data-element_type=\"section\" data-settings=\"{&quot;jet_parallax_layout_list&quot;:[{&quot;jet_parallax_layout_image&quot;:{&quot;url&quot;:&quot;&quot;,&quot;id&quot;:&quot;&quot;,&quot;size&quot;:&quot;&quot;},&quot;_id&quot;:&quot;38613a2&quot;,&quot;jet_parallax_layout_image_tablet&quot;:{&quot;url&quot;:&quot;&quot;,&quot;id&quot;:&quot;&quot;,&quot;size&quot;:&quot;&quot;},&quot;jet_parallax_layout_image_mobile&quot;:{&quot;url&quot;:&quot;&quot;,&quot;id&quot;:&quot;&quot;,&quot;size&quot;:&quot;&quot;},&quot;jet_parallax_layout_speed&quot;:{&quot;unit&quot;:&quot;%&quot;,&quot;size&quot;:50,&quot;sizes&quot;:[]},&quot;jet_parallax_layout_type&quot;:&quot;scroll&quot;,&quot;jet_parallax_layout_direction&quot;:&quot;1&quot;,&quot;jet_parallax_layout_fx_direction&quot;:null,&quot;jet_parallax_layout_z_index&quot;:&quot;&quot;,&quot;jet_parallax_layout_bg_x&quot;:50,&quot;jet_parallax_layout_bg_x_tablet&quot;:&quot;&quot;,&quot;jet_parallax_layout_bg_x_mobile&quot;:&quot;&quot;,&quot;jet_parallax_layout_bg_y&quot;:50,&quot;jet_parallax_layout_bg_y_tablet&quot;:&quot;&quot;,&quot;jet_parallax_layout_bg_y_mobile&quot;:&quot;&quot;,&quot;jet_parallax_layout_bg_size&quot;:&quot;auto&quot;,&quot;jet_parallax_layout_bg_size_tablet&quot;:&quot;&quot;,&quot;jet_parallax_layout_bg_size_mobile&quot;:&quot;&quot;,&quot;jet_parallax_layout_animation_prop&quot;:&quot;transform&quot;,&quot;jet_parallax_layout_on&quot;:[&quot;desktop&quot;,&quot;tablet&quot;]}]}\">\n\t\t\t\t\t\t<div class=\"elementor-container elementor-column-gap-default\">\n\t\t\t\t\t<div class=\"elementor-column elementor-col-100 elementor-top-column elementor-element elementor-element-4dc06ed\" data-id=\"4dc06ed\" data-element_type=\"column\">\n\t\t\t<div class=\"elementor-widget-wrap elementor-element-populated\">\n\t\t\t\t\t\t<div class=\"elementor-element elementor-element-4c427fd elementor-widget-divider--view-line elementor-widget elementor-widget-divider\" data-id=\"4c427fd\" data-element_type=\"widget\" data-widget_type=\"divider.default\">\n\t\t\t\t\t\t\t<div class=\"elementor-divider\">\n\t\t\t<span class=\"elementor-divider-separator\">\n\t\t\t\t\t\t<\/span>\n\t\t<\/div>\n\t\t\t\t\t\t<\/div>\n\t\t\t\t\t<\/div>\n\t\t<\/div>\n\t\t\t\t\t<\/div>\n\t\t<\/section>\n\t\t\t\t<section class=\"elementor-section elementor-top-section elementor-element elementor-element-53c2216 elementor-section-boxed elementor-section-height-default elementor-section-height-default\" data-id=\"53c2216\" data-element_type=\"section\" data-settings=\"{&quot;jet_parallax_layout_list&quot;:[{&quot;jet_parallax_layout_image&quot;:{&quot;url&quot;:&quot;&quot;,&quot;id&quot;:&quot;&quot;,&quot;size&quot;:&quot;&quot;},&quot;_id&quot;:&quot;2693a04&quot;,&quot;jet_parallax_layout_image_tablet&quot;:{&quot;url&quot;:&quot;&quot;,&quot;id&quot;:&quot;&quot;,&quot;size&quot;:&quot;&quot;},&quot;jet_parallax_layout_image_mobile&quot;:{&quot;url&quot;:&quot;&quot;,&quot;id&quot;:&quot;&quot;,&quot;size&quot;:&quot;&quot;},&quot;jet_parallax_layout_speed&quot;:{&quot;unit&quot;:&quot;%&quot;,&quot;size&quot;:50,&quot;sizes&quot;:[]},&quot;jet_parallax_layout_type&quot;:&quot;scroll&quot;,&quot;jet_parallax_layout_direction&quot;:&quot;1&quot;,&quot;jet_parallax_layout_fx_direction&quot;:null,&quot;jet_parallax_layout_z_index&quot;:&quot;&quot;,&quot;jet_parallax_layout_bg_x&quot;:50,&quot;jet_parallax_layout_bg_x_tablet&quot;:&quot;&quot;,&quot;jet_parallax_layout_bg_x_mobile&quot;:&quot;&quot;,&quot;jet_parallax_layout_bg_y&quot;:50,&quot;jet_parallax_layout_bg_y_tablet&quot;:&quot;&quot;,&quot;jet_parallax_layout_bg_y_mobile&quot;:&quot;&quot;,&quot;jet_parallax_layout_bg_size&quot;:&quot;auto&quot;,&quot;jet_parallax_layout_bg_size_tablet&quot;:&quot;&quot;,&quot;jet_parallax_layout_bg_size_mobile&quot;:&quot;&quot;,&quot;jet_parallax_layout_animation_prop&quot;:&quot;transform&quot;,&quot;jet_parallax_layout_on&quot;:[&quot;desktop&quot;,&quot;tablet&quot;]}]}\">\n\t\t\t\t\t\t<div class=\"elementor-container elementor-column-gap-default\">\n\t\t\t\t\t<div class=\"elementor-column elementor-col-100 elementor-top-column elementor-element elementor-element-59113b6\" data-id=\"59113b6\" data-element_type=\"column\">\n\t\t\t<div class=\"elementor-widget-wrap elementor-element-populated\">\n\t\t\t\t\t\t<section class=\"elementor-section elementor-inner-section elementor-element elementor-element-a751435 elementor-section-boxed elementor-section-height-default elementor-section-height-default\" data-id=\"a751435\" data-element_type=\"section\" data-settings=\"{&quot;jet_parallax_layout_list&quot;:[{&quot;jet_parallax_layout_image&quot;:{&quot;url&quot;:&quot;&quot;,&quot;id&quot;:&quot;&quot;,&quot;size&quot;:&quot;&quot;},&quot;_id&quot;:&quot;4b24ff0&quot;,&quot;jet_parallax_layout_image_tablet&quot;:{&quot;url&quot;:&quot;&quot;,&quot;id&quot;:&quot;&quot;,&quot;size&quot;:&quot;&quot;},&quot;jet_parallax_layout_image_mobile&quot;:{&quot;url&quot;:&quot;&quot;,&quot;id&quot;:&quot;&quot;,&quot;size&quot;:&quot;&quot;},&quot;jet_parallax_layout_speed&quot;:{&quot;unit&quot;:&quot;%&quot;,&quot;size&quot;:50,&quot;sizes&quot;:[]},&quot;jet_parallax_layout_type&quot;:&quot;scroll&quot;,&quot;jet_parallax_layout_direction&quot;:&quot;1&quot;,&quot;jet_parallax_layout_fx_direction&quot;:null,&quot;jet_parallax_layout_z_index&quot;:&quot;&quot;,&quot;jet_parallax_layout_bg_x&quot;:50,&quot;jet_parallax_layout_bg_x_tablet&quot;:&quot;&quot;,&quot;jet_parallax_layout_bg_x_mobile&quot;:&quot;&quot;,&quot;jet_parallax_layout_bg_y&quot;:50,&quot;jet_parallax_layout_bg_y_tablet&quot;:&quot;&quot;,&quot;jet_parallax_layout_bg_y_mobile&quot;:&quot;&quot;,&quot;jet_parallax_layout_bg_size&quot;:&quot;auto&quot;,&quot;jet_parallax_layout_bg_size_tablet&quot;:&quot;&quot;,&quot;jet_parallax_layout_bg_size_mobile&quot;:&quot;&quot;,&quot;jet_parallax_layout_animation_prop&quot;:&quot;transform&quot;,&quot;jet_parallax_layout_on&quot;:[&quot;desktop&quot;,&quot;tablet&quot;]}]}\">\n\t\t\t\t\t\t<div class=\"elementor-container elementor-column-gap-default\">\n\t\t\t\t\t<div class=\"elementor-column elementor-col-50 elementor-inner-column elementor-element elementor-element-b87ada8\" data-id=\"b87ada8\" data-element_type=\"column\">\n\t\t\t<div class=\"elementor-widget-wrap elementor-element-populated\">\n\t\t\t\t\t\t<div class=\"elementor-element elementor-element-da98578 elementor-widget elementor-widget-text-editor\" data-id=\"da98578\" data-element_type=\"widget\" data-widget_type=\"text-editor.default\">\n\t\t\t\t\t\t\t\t\t<p><strong><a href=\"http:\/\/redelog.rj.gov.br\/redelog\/\">\u2190 Voltar<\/a><\/strong><\/p>\t\t\t\t\t\t\t\t<\/div>\n\t\t\t\t\t<\/div>\n\t\t<\/div>\n\t\t\t\t<div class=\"elementor-column elementor-col-50 elementor-inner-column elementor-element elementor-element-0b067ad\" data-id=\"0b067ad\" data-element_type=\"column\">\n\t\t\t<div class=\"elementor-widget-wrap\">\n\t\t\t\t\t\t\t<\/div>\n\t\t<\/div>\n\t\t\t\t\t<\/div>\n\t\t<\/section>\n\t\t\t\t\t<\/div>\n\t\t<\/div>\n\t\t\t\t\t<\/div>\n\t\t<\/section>\n\t\t\t\t<\/div>\n\t\t","protected":false},"excerpt":{"rendered":"<p>Leis Estaduais: Lei n\u00ba 9.870, de 30 de setembro de 2022 &#8211; Disp\u00f5e sobre o fomento \u00e0 utiliza\u00e7\u00e3o de ve\u00edculos movidos \u00e0 propuls\u00e3o el\u00e9trica e h\u00edbridos segundo as diretrizes setoriais de transportes da Lei Estadual n\u00ba 5.690, de 14 de abril de 2010, Pol\u00edtica Estadual sobre Mudan\u00e7a Global do Clima e Desenvolvimento Sustent\u00e1vel. Decretos Estaduais: [&hellip;]<\/p>\n","protected":false},"author":1,"featured_media":0,"comment_status":"closed","ping_status":"open","sticky":false,"template":"","format":"standard","meta":{"_joinchat":[],"footnotes":""},"categories":[23],"tags":[],"class_list":["post-2545","post","type-post","status-publish","format-standard","hentry","category-cat-legislacao"],"yoast_head":"<!-- This site is optimized with the Yoast SEO plugin v25.7 - https:\/\/yoast.com\/wordpress\/plugins\/seo\/ -->\n<title>LEGISLA\u00c7\u00c3O DE TRANSPORTES - Redelog<\/title>\n<meta name=\"robots\" content=\"index, follow, max-snippet:-1, max-image-preview:large, max-video-preview:-1\" \/>\n<link rel=\"canonical\" href=\"https:\/\/redelog.rj.gov.br\/redelog\/legislacao-transportes\/\" \/>\n<meta property=\"og:locale\" content=\"pt_BR\" \/>\n<meta property=\"og:type\" content=\"article\" \/>\n<meta property=\"og:title\" content=\"LEGISLA\u00c7\u00c3O DE TRANSPORTES - Redelog\" \/>\n<meta property=\"og:description\" content=\"Leis Estaduais: Lei n\u00ba 9.870, de 30 de setembro de 2022 &#8211; Disp\u00f5e sobre o fomento \u00e0 utiliza\u00e7\u00e3o de ve\u00edculos movidos \u00e0 propuls\u00e3o el\u00e9trica e h\u00edbridos segundo as diretrizes setoriais de transportes da Lei Estadual n\u00ba 5.690, de 14 de abril de 2010, Pol\u00edtica Estadual sobre Mudan\u00e7a Global do Clima e Desenvolvimento Sustent\u00e1vel. Decretos Estaduais: [&hellip;]\" \/>\n<meta property=\"og:url\" content=\"https:\/\/redelog.rj.gov.br\/redelog\/legislacao-transportes\/\" \/>\n<meta property=\"og:site_name\" content=\"Redelog\" \/>\n<meta property=\"article:published_time\" content=\"2021-09-28T14:15:22+00:00\" \/>\n<meta property=\"article:modified_time\" content=\"2024-12-09T14:33:16+00:00\" \/>\n<meta name=\"author\" content=\"alheiro\" \/>\n<meta name=\"twitter:card\" content=\"summary_large_image\" \/>\n<meta name=\"twitter:label1\" content=\"Escrito por\" \/>\n\t<meta name=\"twitter:data1\" content=\"alheiro\" \/>\n\t<meta name=\"twitter:label2\" content=\"Est. tempo de leitura\" \/>\n\t<meta name=\"twitter:data2\" content=\"1 minuto\" \/>\n<script type=\"application\/ld+json\" class=\"yoast-schema-graph\">{\"@context\":\"https:\/\/schema.org\",\"@graph\":[{\"@type\":\"Article\",\"@id\":\"https:\/\/redelog.rj.gov.br\/redelog\/legislacao-transportes\/#article\",\"isPartOf\":{\"@id\":\"https:\/\/redelog.rj.gov.br\/redelog\/legislacao-transportes\/\"},\"author\":{\"name\":\"alheiro\",\"@id\":\"https:\/\/redelog.rj.gov.br\/redelog\/#\/schema\/person\/1299ae2b7bfb510dd74c28ed239470fb\"},\"headline\":\"LEGISLA\u00c7\u00c3O DE TRANSPORTES\",\"datePublished\":\"2021-09-28T14:15:22+00:00\",\"dateModified\":\"2024-12-09T14:33:16+00:00\",\"mainEntityOfPage\":{\"@id\":\"https:\/\/redelog.rj.gov.br\/redelog\/legislacao-transportes\/\"},\"wordCount\":547,\"publisher\":{\"@id\":\"https:\/\/redelog.rj.gov.br\/redelog\/#organization\"},\"articleSection\":[\"Legisla\u00e7\u00e3o\"],\"inLanguage\":\"pt-BR\"},{\"@type\":\"WebPage\",\"@id\":\"https:\/\/redelog.rj.gov.br\/redelog\/legislacao-transportes\/\",\"url\":\"https:\/\/redelog.rj.gov.br\/redelog\/legislacao-transportes\/\",\"name\":\"LEGISLA\u00c7\u00c3O DE TRANSPORTES - Redelog\",\"isPartOf\":{\"@id\":\"https:\/\/redelog.rj.gov.br\/redelog\/#website\"},\"datePublished\":\"2021-09-28T14:15:22+00:00\",\"dateModified\":\"2024-12-09T14:33:16+00:00\",\"breadcrumb\":{\"@id\":\"https:\/\/redelog.rj.gov.br\/redelog\/legislacao-transportes\/#breadcrumb\"},\"inLanguage\":\"pt-BR\",\"potentialAction\":[{\"@type\":\"ReadAction\",\"target\":[\"https:\/\/redelog.rj.gov.br\/redelog\/legislacao-transportes\/\"]}]},{\"@type\":\"BreadcrumbList\",\"@id\":\"https:\/\/redelog.rj.gov.br\/redelog\/legislacao-transportes\/#breadcrumb\",\"itemListElement\":[{\"@type\":\"ListItem\",\"position\":1,\"name\":\"Home\",\"item\":\"https:\/\/redelog.rj.gov.br\/redelog\/\"},{\"@type\":\"ListItem\",\"position\":2,\"name\":\"LEGISLA\u00c7\u00c3O DE TRANSPORTES\"}]},{\"@type\":\"WebSite\",\"@id\":\"https:\/\/redelog.rj.gov.br\/redelog\/#website\",\"url\":\"https:\/\/redelog.rj.gov.br\/redelog\/\",\"name\":\"Redelog\",\"description\":\"Site da Rede de Log\u00edstica e Planejamento do Estado do Rio de Janeiro\",\"publisher\":{\"@id\":\"https:\/\/redelog.rj.gov.br\/redelog\/#organization\"},\"potentialAction\":[{\"@type\":\"SearchAction\",\"target\":{\"@type\":\"EntryPoint\",\"urlTemplate\":\"https:\/\/redelog.rj.gov.br\/redelog\/?s={search_term_string}\"},\"query-input\":{\"@type\":\"PropertyValueSpecification\",\"valueRequired\":true,\"valueName\":\"search_term_string\"}}],\"inLanguage\":\"pt-BR\"},{\"@type\":\"Organization\",\"@id\":\"https:\/\/redelog.rj.gov.br\/redelog\/#organization\",\"name\":\"REDELOG\",\"url\":\"https:\/\/redelog.rj.gov.br\/redelog\/\",\"logo\":{\"@type\":\"ImageObject\",\"inLanguage\":\"pt-BR\",\"@id\":\"https:\/\/redelog.rj.gov.br\/redelog\/#\/schema\/logo\/image\/\",\"url\":\"http:\/\/10.10.8.100:8888\/redelog\/wp-content\/uploads\/2019\/09\/Redelog2.png\",\"contentUrl\":\"http:\/\/10.10.8.100:8888\/redelog\/wp-content\/uploads\/2019\/09\/Redelog2.png\",\"width\":565,\"height\":155,\"caption\":\"REDELOG\"},\"image\":{\"@id\":\"https:\/\/redelog.rj.gov.br\/redelog\/#\/schema\/logo\/image\/\"}},{\"@type\":\"Person\",\"@id\":\"https:\/\/redelog.rj.gov.br\/redelog\/#\/schema\/person\/1299ae2b7bfb510dd74c28ed239470fb\",\"name\":\"alheiro\",\"image\":{\"@type\":\"ImageObject\",\"inLanguage\":\"pt-BR\",\"@id\":\"https:\/\/redelog.rj.gov.br\/redelog\/#\/schema\/person\/image\/\",\"url\":\"https:\/\/secure.gravatar.com\/avatar\/682da79d56fd06a1a63ccaa75b42ffe0c9b0609a62bc395d810f23f98140dcae?s=96&d=mm&r=g\",\"contentUrl\":\"https:\/\/secure.gravatar.com\/avatar\/682da79d56fd06a1a63ccaa75b42ffe0c9b0609a62bc395d810f23f98140dcae?s=96&d=mm&r=g\",\"caption\":\"alheiro\"},\"sameAs\":[\"http:\/\/10.9.108.118:3000\/redelog\"],\"url\":\"https:\/\/redelog.rj.gov.br\/redelog\/author\/alheiro\/\"}]}<\/script>\n<!-- \/ Yoast SEO plugin. -->","yoast_head_json":{"title":"LEGISLA\u00c7\u00c3O DE TRANSPORTES - Redelog","robots":{"index":"index","follow":"follow","max-snippet":"max-snippet:-1","max-image-preview":"max-image-preview:large","max-video-preview":"max-video-preview:-1"},"canonical":"https:\/\/redelog.rj.gov.br\/redelog\/legislacao-transportes\/","og_locale":"pt_BR","og_type":"article","og_title":"LEGISLA\u00c7\u00c3O DE TRANSPORTES - Redelog","og_description":"Leis Estaduais: Lei n\u00ba 9.870, de 30 de setembro de 2022 &#8211; Disp\u00f5e sobre o fomento \u00e0 utiliza\u00e7\u00e3o de ve\u00edculos movidos \u00e0 propuls\u00e3o el\u00e9trica e h\u00edbridos segundo as diretrizes setoriais de transportes da Lei Estadual n\u00ba 5.690, de 14 de abril de 2010, Pol\u00edtica Estadual sobre Mudan\u00e7a Global do Clima e Desenvolvimento Sustent\u00e1vel. Decretos Estaduais: [&hellip;]","og_url":"https:\/\/redelog.rj.gov.br\/redelog\/legislacao-transportes\/","og_site_name":"Redelog","article_published_time":"2021-09-28T14:15:22+00:00","article_modified_time":"2024-12-09T14:33:16+00:00","author":"alheiro","twitter_card":"summary_large_image","twitter_misc":{"Escrito por":"alheiro","Est. tempo de leitura":"1 minuto"},"schema":{"@context":"https:\/\/schema.org","@graph":[{"@type":"Article","@id":"https:\/\/redelog.rj.gov.br\/redelog\/legislacao-transportes\/#article","isPartOf":{"@id":"https:\/\/redelog.rj.gov.br\/redelog\/legislacao-transportes\/"},"author":{"name":"alheiro","@id":"https:\/\/redelog.rj.gov.br\/redelog\/#\/schema\/person\/1299ae2b7bfb510dd74c28ed239470fb"},"headline":"LEGISLA\u00c7\u00c3O DE TRANSPORTES","datePublished":"2021-09-28T14:15:22+00:00","dateModified":"2024-12-09T14:33:16+00:00","mainEntityOfPage":{"@id":"https:\/\/redelog.rj.gov.br\/redelog\/legislacao-transportes\/"},"wordCount":547,"publisher":{"@id":"https:\/\/redelog.rj.gov.br\/redelog\/#organization"},"articleSection":["Legisla\u00e7\u00e3o"],"inLanguage":"pt-BR"},{"@type":"WebPage","@id":"https:\/\/redelog.rj.gov.br\/redelog\/legislacao-transportes\/","url":"https:\/\/redelog.rj.gov.br\/redelog\/legislacao-transportes\/","name":"LEGISLA\u00c7\u00c3O DE TRANSPORTES - Redelog","isPartOf":{"@id":"https:\/\/redelog.rj.gov.br\/redelog\/#website"},"datePublished":"2021-09-28T14:15:22+00:00","dateModified":"2024-12-09T14:33:16+00:00","breadcrumb":{"@id":"https:\/\/redelog.rj.gov.br\/redelog\/legislacao-transportes\/#breadcrumb"},"inLanguage":"pt-BR","potentialAction":[{"@type":"ReadAction","target":["https:\/\/redelog.rj.gov.br\/redelog\/legislacao-transportes\/"]}]},{"@type":"BreadcrumbList","@id":"https:\/\/redelog.rj.gov.br\/redelog\/legislacao-transportes\/#breadcrumb","itemListElement":[{"@type":"ListItem","position":1,"name":"Home","item":"https:\/\/redelog.rj.gov.br\/redelog\/"},{"@type":"ListItem","position":2,"name":"LEGISLA\u00c7\u00c3O DE TRANSPORTES"}]},{"@type":"WebSite","@id":"https:\/\/redelog.rj.gov.br\/redelog\/#website","url":"https:\/\/redelog.rj.gov.br\/redelog\/","name":"Redelog","description":"Site da Rede de Log\u00edstica e Planejamento do Estado do Rio de Janeiro","publisher":{"@id":"https:\/\/redelog.rj.gov.br\/redelog\/#organization"},"potentialAction":[{"@type":"SearchAction","target":{"@type":"EntryPoint","urlTemplate":"https:\/\/redelog.rj.gov.br\/redelog\/?s={search_term_string}"},"query-input":{"@type":"PropertyValueSpecification","valueRequired":true,"valueName":"search_term_string"}}],"inLanguage":"pt-BR"},{"@type":"Organization","@id":"https:\/\/redelog.rj.gov.br\/redelog\/#organization","name":"REDELOG","url":"https:\/\/redelog.rj.gov.br\/redelog\/","logo":{"@type":"ImageObject","inLanguage":"pt-BR","@id":"https:\/\/redelog.rj.gov.br\/redelog\/#\/schema\/logo\/image\/","url":"http:\/\/10.10.8.100:8888\/redelog\/wp-content\/uploads\/2019\/09\/Redelog2.png","contentUrl":"http:\/\/10.10.8.100:8888\/redelog\/wp-content\/uploads\/2019\/09\/Redelog2.png","width":565,"height":155,"caption":"REDELOG"},"image":{"@id":"https:\/\/redelog.rj.gov.br\/redelog\/#\/schema\/logo\/image\/"}},{"@type":"Person","@id":"https:\/\/redelog.rj.gov.br\/redelog\/#\/schema\/person\/1299ae2b7bfb510dd74c28ed239470fb","name":"alheiro","image":{"@type":"ImageObject","inLanguage":"pt-BR","@id":"https:\/\/redelog.rj.gov.br\/redelog\/#\/schema\/person\/image\/","url":"https:\/\/secure.gravatar.com\/avatar\/682da79d56fd06a1a63ccaa75b42ffe0c9b0609a62bc395d810f23f98140dcae?s=96&d=mm&r=g","contentUrl":"https:\/\/secure.gravatar.com\/avatar\/682da79d56fd06a1a63ccaa75b42ffe0c9b0609a62bc395d810f23f98140dcae?s=96&d=mm&r=g","caption":"alheiro"},"sameAs":["http:\/\/10.9.108.118:3000\/redelog"],"url":"https:\/\/redelog.rj.gov.br\/redelog\/author\/alheiro\/"}]}},"_links":{"self":[{"href":"https:\/\/redelog.rj.gov.br\/redelog\/wp-json\/wp\/v2\/posts\/2545","targetHints":{"allow":["GET"]}}],"collection":[{"href":"https:\/\/redelog.rj.gov.br\/redelog\/wp-json\/wp\/v2\/posts"}],"about":[{"href":"https:\/\/redelog.rj.gov.br\/redelog\/wp-json\/wp\/v2\/types\/post"}],"author":[{"embeddable":true,"href":"https:\/\/redelog.rj.gov.br\/redelog\/wp-json\/wp\/v2\/users\/1"}],"replies":[{"embeddable":true,"href":"https:\/\/redelog.rj.gov.br\/redelog\/wp-json\/wp\/v2\/comments?post=2545"}],"version-history":[{"count":151,"href":"https:\/\/redelog.rj.gov.br\/redelog\/wp-json\/wp\/v2\/posts\/2545\/revisions"}],"predecessor-version":[{"id":31440,"href":"https:\/\/redelog.rj.gov.br\/redelog\/wp-json\/wp\/v2\/posts\/2545\/revisions\/31440"}],"wp:attachment":[{"href":"https:\/\/redelog.rj.gov.br\/redelog\/wp-json\/wp\/v2\/media?parent=2545"}],"wp:term":[{"taxonomy":"category","embeddable":true,"href":"https:\/\/redelog.rj.gov.br\/redelog\/wp-json\/wp\/v2\/categories?post=2545"},{"taxonomy":"post_tag","embeddable":true,"href":"https:\/\/redelog.rj.gov.br\/redelog\/wp-json\/wp\/v2\/tags?post=2545"}],"curies":[{"name":"wp","href":"https:\/\/api.w.org\/{rel}","templated":true}]}}