{"id":25311,"date":"2023-09-19T14:03:16","date_gmt":"2023-09-19T17:03:16","guid":{"rendered":"https:\/\/redelog.rj.gov.br\/redelog\/?p=25311"},"modified":"2023-09-19T14:05:06","modified_gmt":"2023-09-19T17:05:06","slug":"informe-no-018-2023-apresentacao-sistema-de-gestao-e-abastecimento-de-combustiveis","status":"publish","type":"post","link":"https:\/\/redelog.rj.gov.br\/redelog\/informe-no-018-2023-apresentacao-sistema-de-gestao-e-abastecimento-de-combustiveis\/","title":{"rendered":"INFORME N\u00ba 018\/2023 &#8211; APRESENTA\u00c7\u00c3O SISTEMA DE GEST\u00c3O E ABASTECIMENTO DE COMBUST\u00cdVEIS"},"content":{"rendered":"\t\t<div data-elementor-type=\"wp-post\" data-elementor-id=\"25311\" class=\"elementor elementor-25311\" data-elementor-post-type=\"post\">\n\t\t\t\t\t\t<section class=\"elementor-section elementor-top-section elementor-element elementor-element-6c3a1ab elementor-section-boxed elementor-section-height-default elementor-section-height-default\" data-id=\"6c3a1ab\" data-element_type=\"section\" data-settings=\"{&quot;jet_parallax_layout_list&quot;:[{&quot;jet_parallax_layout_image&quot;:{&quot;url&quot;:&quot;&quot;,&quot;id&quot;:&quot;&quot;,&quot;size&quot;:&quot;&quot;},&quot;_id&quot;:&quot;1ef5c32&quot;,&quot;jet_parallax_layout_image_tablet&quot;:{&quot;url&quot;:&quot;&quot;,&quot;id&quot;:&quot;&quot;,&quot;size&quot;:&quot;&quot;},&quot;jet_parallax_layout_image_mobile&quot;:{&quot;url&quot;:&quot;&quot;,&quot;id&quot;:&quot;&quot;,&quot;size&quot;:&quot;&quot;},&quot;jet_parallax_layout_speed&quot;:{&quot;unit&quot;:&quot;%&quot;,&quot;size&quot;:50,&quot;sizes&quot;:[]},&quot;jet_parallax_layout_type&quot;:&quot;scroll&quot;,&quot;jet_parallax_layout_direction&quot;:&quot;1&quot;,&quot;jet_parallax_layout_fx_direction&quot;:null,&quot;jet_parallax_layout_z_index&quot;:&quot;&quot;,&quot;jet_parallax_layout_bg_x&quot;:50,&quot;jet_parallax_layout_bg_x_tablet&quot;:&quot;&quot;,&quot;jet_parallax_layout_bg_x_mobile&quot;:&quot;&quot;,&quot;jet_parallax_layout_bg_y&quot;:50,&quot;jet_parallax_layout_bg_y_tablet&quot;:&quot;&quot;,&quot;jet_parallax_layout_bg_y_mobile&quot;:&quot;&quot;,&quot;jet_parallax_layout_bg_size&quot;:&quot;auto&quot;,&quot;jet_parallax_layout_bg_size_tablet&quot;:&quot;&quot;,&quot;jet_parallax_layout_bg_size_mobile&quot;:&quot;&quot;,&quot;jet_parallax_layout_animation_prop&quot;:&quot;transform&quot;,&quot;jet_parallax_layout_on&quot;:[&quot;desktop&quot;,&quot;tablet&quot;]}]}\">\n\t\t\t\t\t\t<div class=\"elementor-container elementor-column-gap-default\">\n\t\t\t\t\t<div class=\"elementor-column elementor-col-100 elementor-top-column elementor-element elementor-element-1c4e78d\" data-id=\"1c4e78d\" data-element_type=\"column\">\n\t\t\t<div class=\"elementor-widget-wrap elementor-element-populated\">\n\t\t\t\t\t\t<div class=\"elementor-element elementor-element-006a75b elementor-widget-divider--view-line elementor-widget elementor-widget-divider\" data-id=\"006a75b\" data-element_type=\"widget\" data-widget_type=\"divider.default\">\n\t\t\t\t\t\t\t<div class=\"elementor-divider\">\n\t\t\t<span class=\"elementor-divider-separator\">\n\t\t\t\t\t\t<\/span>\n\t\t<\/div>\n\t\t\t\t\t\t<\/div>\n\t\t\t\t<div class=\"elementor-element elementor-element-5452eb8 elementor-widget elementor-widget-text-editor\" data-id=\"5452eb8\" data-element_type=\"widget\" data-widget_type=\"text-editor.default\">\n\t\t\t\t\t\t\t\t\t<p class=\"Texto_Justificado_Recuo_Primeira_Linha\">Prezados(as) Senhores(as),<\/p><p class=\"Texto_Justificado_Recuo_Primeira_Linha\">A Secretaria de Estado de Planejamento e Gest\u00e3o \u2013 SEPLAG, por meio desta Subsecretaria de Log\u00edstica \u2013 SUBLOG, \u00e9 respons\u00e1vel pela gest\u00e3o da <strong>Ata de Registro de Pre\u00e7os n\u00ba 0006\/2023\/210100-01<\/strong>, cujo objeto \u00e9 a <strong>Gest\u00e3o e Abastecimento Combust\u00edvel<\/strong>.<\/p><p class=\"Texto_Justificado_Recuo_Primeira_Linha\">Neste sentido, a empresa vencedora do certame, PRIME BENEF\u00cdCIOS EM CART\u00d5ES, ir\u00e1 realizar a <strong>apresenta\u00e7\u00e3o sist\u00eamica com enfoque na gest\u00e3o de abastecimento<\/strong>, que tem como p\u00fablico-alvo preferencial, os <strong>gestores de frota e servidores respons\u00e1veis que far\u00e3o uso do Sistema Informatizado de Gest\u00e3o de Abastecimento<\/strong>.<\/p><p class=\"Texto_Justificado_Recuo_Primeira_Linha\">A apresenta\u00e7\u00e3o acontecer\u00e1 no <strong>audit\u00f3rio da SEPLAG<\/strong>, localizado no <strong>10\u00ba andar do Edif\u00edcio Est\u00e1cio de S\u00e1, Avenida Erasmo Braga 118,<\/strong> nos dias <strong>27 e 28 de setembro de 2023<\/strong>, no per\u00edodo das <strong>10h \u00e0s 15h<\/strong>, com intervalo de uma hora de almo\u00e7o. Para tanto, solicitamos que orientem os servidores a realizarem as inscri\u00e7\u00f5es atrav\u00e9s do link disponibilizado:\u00a0<a href=\"https:\/\/forms.gle\/tZNgmtqTeR9D8QhR9\" target=\"_blank\" rel=\"noopener\">https:\/\/forms.gle\/tZNgmtqTeR9D8QhR9<\/a><\/p><p class=\"Texto_Justificado_Recuo_Primeira_Linha\">As vagas ser\u00e3o limitadas e ser\u00e1 dada <strong>prioridade aos nomes informados pelos \u00f3rg\u00e3os\/entidades (processo SEI-120001\/004066\/2023)<\/strong>.<\/p><p class=\"Texto_Justificado_Recuo_Primeira_Linha\">A Coordenadoria de Gest\u00e3o Centralizada de Servi\u00e7os da SUBLOG fica \u00e0 disposi\u00e7\u00e3o para dirimir d\u00favidas ou prestar esclarecimentos adicionais por meio do telefone <strong>(21) 2332-7013 e do endere\u00e7o eletr\u00f4nico: rafael.albuquerque@planejamento.rj.gov.br<\/strong>.<\/p>\t\t\t\t\t\t\t\t<\/div>\n\t\t\t\t\t<\/div>\n\t\t<\/div>\n\t\t\t\t\t<\/div>\n\t\t<\/section>\n\t\t\t\t<section class=\"elementor-section elementor-top-section elementor-element elementor-element-8399409 elementor-section-boxed elementor-section-height-default elementor-section-height-default\" data-id=\"8399409\" data-element_type=\"section\" data-settings=\"{&quot;jet_parallax_layout_list&quot;:[{&quot;jet_parallax_layout_image&quot;:{&quot;url&quot;:&quot;&quot;,&quot;id&quot;:&quot;&quot;,&quot;size&quot;:&quot;&quot;},&quot;_id&quot;:&quot;8c16c45&quot;,&quot;jet_parallax_layout_image_tablet&quot;:{&quot;url&quot;:&quot;&quot;,&quot;id&quot;:&quot;&quot;,&quot;size&quot;:&quot;&quot;},&quot;jet_parallax_layout_image_mobile&quot;:{&quot;url&quot;:&quot;&quot;,&quot;id&quot;:&quot;&quot;,&quot;size&quot;:&quot;&quot;},&quot;jet_parallax_layout_speed&quot;:{&quot;unit&quot;:&quot;%&quot;,&quot;size&quot;:50,&quot;sizes&quot;:[]},&quot;jet_parallax_layout_type&quot;:&quot;scroll&quot;,&quot;jet_parallax_layout_direction&quot;:&quot;1&quot;,&quot;jet_parallax_layout_fx_direction&quot;:null,&quot;jet_parallax_layout_z_index&quot;:&quot;&quot;,&quot;jet_parallax_layout_bg_x&quot;:50,&quot;jet_parallax_layout_bg_x_tablet&quot;:&quot;&quot;,&quot;jet_parallax_layout_bg_x_mobile&quot;:&quot;&quot;,&quot;jet_parallax_layout_bg_y&quot;:50,&quot;jet_parallax_layout_bg_y_tablet&quot;:&quot;&quot;,&quot;jet_parallax_layout_bg_y_mobile&quot;:&quot;&quot;,&quot;jet_parallax_layout_bg_size&quot;:&quot;auto&quot;,&quot;jet_parallax_layout_bg_size_tablet&quot;:&quot;&quot;,&quot;jet_parallax_layout_bg_size_mobile&quot;:&quot;&quot;,&quot;jet_parallax_layout_animation_prop&quot;:&quot;transform&quot;,&quot;jet_parallax_layout_on&quot;:[&quot;desktop&quot;,&quot;tablet&quot;]}]}\">\n\t\t\t\t\t\t<div class=\"elementor-container elementor-column-gap-default\">\n\t\t\t\t\t<div class=\"elementor-column elementor-col-100 elementor-top-column elementor-element elementor-element-c73c239\" data-id=\"c73c239\" data-element_type=\"column\">\n\t\t\t<div class=\"elementor-widget-wrap\">\n\t\t\t\t\t\t\t<\/div>\n\t\t<\/div>\n\t\t\t\t\t<\/div>\n\t\t<\/section>\n\t\t\t\t<\/div>\n\t\t","protected":false},"excerpt":{"rendered":"<p>Prezados(as) Senhores(as), A Secretaria de Estado de Planejamento e Gest\u00e3o \u2013 SEPLAG, por meio desta Subsecretaria de Log\u00edstica \u2013 SUBLOG, \u00e9 respons\u00e1vel pela gest\u00e3o da Ata de Registro de Pre\u00e7os n\u00ba 0006\/2023\/210100-01, cujo objeto \u00e9 a Gest\u00e3o e Abastecimento Combust\u00edvel. Neste sentido, a empresa vencedora do certame, PRIME BENEF\u00cdCIOS EM CART\u00d5ES, ir\u00e1 realizar a apresenta\u00e7\u00e3o [&hellip;]<\/p>\n","protected":false},"author":14,"featured_media":0,"comment_status":"closed","ping_status":"open","sticky":false,"template":"","format":"standard","meta":{"_joinchat":[],"footnotes":""},"categories":[25,34,33,38],"tags":[],"class_list":["post-25311","post","type-post","status-publish","format-standard","hentry","category-cat-capacitacao","category-cat-cursos-abertos","category-cat-cursos-internos","category-cat-informes"],"yoast_head":"<!-- This site is optimized with the Yoast SEO plugin v25.7 - https:\/\/yoast.com\/wordpress\/plugins\/seo\/ -->\n<title>INFORME N\u00ba 018\/2023 - APRESENTA\u00c7\u00c3O SISTEMA DE GEST\u00c3O E ABASTECIMENTO DE COMBUST\u00cdVEIS - Redelog<\/title>\n<meta name=\"robots\" content=\"index, follow, max-snippet:-1, max-image-preview:large, max-video-preview:-1\" \/>\n<link rel=\"canonical\" href=\"https:\/\/redelog.rj.gov.br\/redelog\/informe-no-018-2023-apresentacao-sistema-de-gestao-e-abastecimento-de-combustiveis\/\" \/>\n<meta property=\"og:locale\" content=\"pt_BR\" \/>\n<meta property=\"og:type\" content=\"article\" \/>\n<meta property=\"og:title\" content=\"INFORME N\u00ba 018\/2023 - APRESENTA\u00c7\u00c3O SISTEMA DE GEST\u00c3O E ABASTECIMENTO DE COMBUST\u00cdVEIS - Redelog\" \/>\n<meta property=\"og:description\" content=\"Prezados(as) Senhores(as), A Secretaria de Estado de Planejamento e Gest\u00e3o \u2013 SEPLAG, por meio desta Subsecretaria de Log\u00edstica \u2013 SUBLOG, \u00e9 respons\u00e1vel pela gest\u00e3o da Ata de Registro de Pre\u00e7os n\u00ba 0006\/2023\/210100-01, cujo objeto \u00e9 a Gest\u00e3o e Abastecimento Combust\u00edvel. Neste sentido, a empresa vencedora do certame, PRIME BENEF\u00cdCIOS EM CART\u00d5ES, ir\u00e1 realizar a apresenta\u00e7\u00e3o [&hellip;]\" \/>\n<meta property=\"og:url\" content=\"https:\/\/redelog.rj.gov.br\/redelog\/informe-no-018-2023-apresentacao-sistema-de-gestao-e-abastecimento-de-combustiveis\/\" \/>\n<meta property=\"og:site_name\" content=\"Redelog\" \/>\n<meta property=\"article:published_time\" content=\"2023-09-19T17:03:16+00:00\" \/>\n<meta property=\"article:modified_time\" content=\"2023-09-19T17:05:06+00:00\" \/>\n<meta name=\"author\" content=\"Tatiana Pinheiro\" \/>\n<meta name=\"twitter:card\" content=\"summary_large_image\" \/>\n<meta name=\"twitter:label1\" content=\"Escrito por\" \/>\n\t<meta name=\"twitter:data1\" content=\"Tatiana Pinheiro\" \/>\n\t<meta name=\"twitter:label2\" content=\"Est. tempo de leitura\" \/>\n\t<meta name=\"twitter:data2\" content=\"2 minutos\" \/>\n<script type=\"application\/ld+json\" class=\"yoast-schema-graph\">{\"@context\":\"https:\/\/schema.org\",\"@graph\":[{\"@type\":\"Article\",\"@id\":\"https:\/\/redelog.rj.gov.br\/redelog\/informe-no-018-2023-apresentacao-sistema-de-gestao-e-abastecimento-de-combustiveis\/#article\",\"isPartOf\":{\"@id\":\"https:\/\/redelog.rj.gov.br\/redelog\/informe-no-018-2023-apresentacao-sistema-de-gestao-e-abastecimento-de-combustiveis\/\"},\"author\":{\"name\":\"Tatiana Pinheiro\",\"@id\":\"https:\/\/redelog.rj.gov.br\/redelog\/#\/schema\/person\/2952ad9ab303db67bd76de678be9db42\"},\"headline\":\"INFORME N\u00ba 018\/2023 &#8211; APRESENTA\u00c7\u00c3O SISTEMA DE GEST\u00c3O E ABASTECIMENTO DE COMBUST\u00cdVEIS\",\"datePublished\":\"2023-09-19T17:03:16+00:00\",\"dateModified\":\"2023-09-19T17:05:06+00:00\",\"mainEntityOfPage\":{\"@id\":\"https:\/\/redelog.rj.gov.br\/redelog\/informe-no-018-2023-apresentacao-sistema-de-gestao-e-abastecimento-de-combustiveis\/\"},\"wordCount\":235,\"publisher\":{\"@id\":\"https:\/\/redelog.rj.gov.br\/redelog\/#organization\"},\"articleSection\":[\"Capacita\u00e7\u00e3o\",\"Cursos Abertos\",\"Cursos Internos\",\"Informes\"],\"inLanguage\":\"pt-BR\"},{\"@type\":\"WebPage\",\"@id\":\"https:\/\/redelog.rj.gov.br\/redelog\/informe-no-018-2023-apresentacao-sistema-de-gestao-e-abastecimento-de-combustiveis\/\",\"url\":\"https:\/\/redelog.rj.gov.br\/redelog\/informe-no-018-2023-apresentacao-sistema-de-gestao-e-abastecimento-de-combustiveis\/\",\"name\":\"INFORME N\u00ba 018\/2023 - APRESENTA\u00c7\u00c3O SISTEMA DE GEST\u00c3O E ABASTECIMENTO DE COMBUST\u00cdVEIS - Redelog\",\"isPartOf\":{\"@id\":\"https:\/\/redelog.rj.gov.br\/redelog\/#website\"},\"datePublished\":\"2023-09-19T17:03:16+00:00\",\"dateModified\":\"2023-09-19T17:05:06+00:00\",\"breadcrumb\":{\"@id\":\"https:\/\/redelog.rj.gov.br\/redelog\/informe-no-018-2023-apresentacao-sistema-de-gestao-e-abastecimento-de-combustiveis\/#breadcrumb\"},\"inLanguage\":\"pt-BR\",\"potentialAction\":[{\"@type\":\"ReadAction\",\"target\":[\"https:\/\/redelog.rj.gov.br\/redelog\/informe-no-018-2023-apresentacao-sistema-de-gestao-e-abastecimento-de-combustiveis\/\"]}]},{\"@type\":\"BreadcrumbList\",\"@id\":\"https:\/\/redelog.rj.gov.br\/redelog\/informe-no-018-2023-apresentacao-sistema-de-gestao-e-abastecimento-de-combustiveis\/#breadcrumb\",\"itemListElement\":[{\"@type\":\"ListItem\",\"position\":1,\"name\":\"Home\",\"item\":\"https:\/\/redelog.rj.gov.br\/redelog\/\"},{\"@type\":\"ListItem\",\"position\":2,\"name\":\"INFORME N\u00ba 018\/2023 &#8211; APRESENTA\u00c7\u00c3O SISTEMA DE GEST\u00c3O E ABASTECIMENTO DE COMBUST\u00cdVEIS\"}]},{\"@type\":\"WebSite\",\"@id\":\"https:\/\/redelog.rj.gov.br\/redelog\/#website\",\"url\":\"https:\/\/redelog.rj.gov.br\/redelog\/\",\"name\":\"Redelog\",\"description\":\"Site da Rede de Log\u00edstica e Planejamento do Estado do Rio de Janeiro\",\"publisher\":{\"@id\":\"https:\/\/redelog.rj.gov.br\/redelog\/#organization\"},\"potentialAction\":[{\"@type\":\"SearchAction\",\"target\":{\"@type\":\"EntryPoint\",\"urlTemplate\":\"https:\/\/redelog.rj.gov.br\/redelog\/?s={search_term_string}\"},\"query-input\":{\"@type\":\"PropertyValueSpecification\",\"valueRequired\":true,\"valueName\":\"search_term_string\"}}],\"inLanguage\":\"pt-BR\"},{\"@type\":\"Organization\",\"@id\":\"https:\/\/redelog.rj.gov.br\/redelog\/#organization\",\"name\":\"REDELOG\",\"url\":\"https:\/\/redelog.rj.gov.br\/redelog\/\",\"logo\":{\"@type\":\"ImageObject\",\"inLanguage\":\"pt-BR\",\"@id\":\"https:\/\/redelog.rj.gov.br\/redelog\/#\/schema\/logo\/image\/\",\"url\":\"http:\/\/10.10.8.100:8888\/redelog\/wp-content\/uploads\/2019\/09\/Redelog2.png\",\"contentUrl\":\"http:\/\/10.10.8.100:8888\/redelog\/wp-content\/uploads\/2019\/09\/Redelog2.png\",\"width\":565,\"height\":155,\"caption\":\"REDELOG\"},\"image\":{\"@id\":\"https:\/\/redelog.rj.gov.br\/redelog\/#\/schema\/logo\/image\/\"}},{\"@type\":\"Person\",\"@id\":\"https:\/\/redelog.rj.gov.br\/redelog\/#\/schema\/person\/2952ad9ab303db67bd76de678be9db42\",\"name\":\"Tatiana Pinheiro\",\"image\":{\"@type\":\"ImageObject\",\"inLanguage\":\"pt-BR\",\"@id\":\"https:\/\/redelog.rj.gov.br\/redelog\/#\/schema\/person\/image\/\",\"url\":\"https:\/\/secure.gravatar.com\/avatar\/bccf0f5f228d8798c6920b7dc4726537abaf85fcaef46a20902903cec6463f12?s=96&d=mm&r=g\",\"contentUrl\":\"https:\/\/secure.gravatar.com\/avatar\/bccf0f5f228d8798c6920b7dc4726537abaf85fcaef46a20902903cec6463f12?s=96&d=mm&r=g\",\"caption\":\"Tatiana Pinheiro\"},\"url\":\"https:\/\/redelog.rj.gov.br\/redelog\/author\/tatiana\/\"}]}<\/script>\n<!-- \/ Yoast SEO plugin. -->","yoast_head_json":{"title":"INFORME N\u00ba 018\/2023 - APRESENTA\u00c7\u00c3O SISTEMA DE GEST\u00c3O E ABASTECIMENTO DE COMBUST\u00cdVEIS - Redelog","robots":{"index":"index","follow":"follow","max-snippet":"max-snippet:-1","max-image-preview":"max-image-preview:large","max-video-preview":"max-video-preview:-1"},"canonical":"https:\/\/redelog.rj.gov.br\/redelog\/informe-no-018-2023-apresentacao-sistema-de-gestao-e-abastecimento-de-combustiveis\/","og_locale":"pt_BR","og_type":"article","og_title":"INFORME N\u00ba 018\/2023 - APRESENTA\u00c7\u00c3O SISTEMA DE GEST\u00c3O E ABASTECIMENTO DE COMBUST\u00cdVEIS - Redelog","og_description":"Prezados(as) Senhores(as), A Secretaria de Estado de Planejamento e Gest\u00e3o \u2013 SEPLAG, por meio desta Subsecretaria de Log\u00edstica \u2013 SUBLOG, \u00e9 respons\u00e1vel pela gest\u00e3o da Ata de Registro de Pre\u00e7os n\u00ba 0006\/2023\/210100-01, cujo objeto \u00e9 a Gest\u00e3o e Abastecimento Combust\u00edvel. Neste sentido, a empresa vencedora do certame, PRIME BENEF\u00cdCIOS EM CART\u00d5ES, ir\u00e1 realizar a apresenta\u00e7\u00e3o [&hellip;]","og_url":"https:\/\/redelog.rj.gov.br\/redelog\/informe-no-018-2023-apresentacao-sistema-de-gestao-e-abastecimento-de-combustiveis\/","og_site_name":"Redelog","article_published_time":"2023-09-19T17:03:16+00:00","article_modified_time":"2023-09-19T17:05:06+00:00","author":"Tatiana Pinheiro","twitter_card":"summary_large_image","twitter_misc":{"Escrito por":"Tatiana Pinheiro","Est. tempo de leitura":"2 minutos"},"schema":{"@context":"https:\/\/schema.org","@graph":[{"@type":"Article","@id":"https:\/\/redelog.rj.gov.br\/redelog\/informe-no-018-2023-apresentacao-sistema-de-gestao-e-abastecimento-de-combustiveis\/#article","isPartOf":{"@id":"https:\/\/redelog.rj.gov.br\/redelog\/informe-no-018-2023-apresentacao-sistema-de-gestao-e-abastecimento-de-combustiveis\/"},"author":{"name":"Tatiana Pinheiro","@id":"https:\/\/redelog.rj.gov.br\/redelog\/#\/schema\/person\/2952ad9ab303db67bd76de678be9db42"},"headline":"INFORME N\u00ba 018\/2023 &#8211; APRESENTA\u00c7\u00c3O SISTEMA DE GEST\u00c3O E ABASTECIMENTO DE COMBUST\u00cdVEIS","datePublished":"2023-09-19T17:03:16+00:00","dateModified":"2023-09-19T17:05:06+00:00","mainEntityOfPage":{"@id":"https:\/\/redelog.rj.gov.br\/redelog\/informe-no-018-2023-apresentacao-sistema-de-gestao-e-abastecimento-de-combustiveis\/"},"wordCount":235,"publisher":{"@id":"https:\/\/redelog.rj.gov.br\/redelog\/#organization"},"articleSection":["Capacita\u00e7\u00e3o","Cursos Abertos","Cursos Internos","Informes"],"inLanguage":"pt-BR"},{"@type":"WebPage","@id":"https:\/\/redelog.rj.gov.br\/redelog\/informe-no-018-2023-apresentacao-sistema-de-gestao-e-abastecimento-de-combustiveis\/","url":"https:\/\/redelog.rj.gov.br\/redelog\/informe-no-018-2023-apresentacao-sistema-de-gestao-e-abastecimento-de-combustiveis\/","name":"INFORME N\u00ba 018\/2023 - APRESENTA\u00c7\u00c3O SISTEMA DE GEST\u00c3O E ABASTECIMENTO DE COMBUST\u00cdVEIS - Redelog","isPartOf":{"@id":"https:\/\/redelog.rj.gov.br\/redelog\/#website"},"datePublished":"2023-09-19T17:03:16+00:00","dateModified":"2023-09-19T17:05:06+00:00","breadcrumb":{"@id":"https:\/\/redelog.rj.gov.br\/redelog\/informe-no-018-2023-apresentacao-sistema-de-gestao-e-abastecimento-de-combustiveis\/#breadcrumb"},"inLanguage":"pt-BR","potentialAction":[{"@type":"ReadAction","target":["https:\/\/redelog.rj.gov.br\/redelog\/informe-no-018-2023-apresentacao-sistema-de-gestao-e-abastecimento-de-combustiveis\/"]}]},{"@type":"BreadcrumbList","@id":"https:\/\/redelog.rj.gov.br\/redelog\/informe-no-018-2023-apresentacao-sistema-de-gestao-e-abastecimento-de-combustiveis\/#breadcrumb","itemListElement":[{"@type":"ListItem","position":1,"name":"Home","item":"https:\/\/redelog.rj.gov.br\/redelog\/"},{"@type":"ListItem","position":2,"name":"INFORME N\u00ba 018\/2023 &#8211; APRESENTA\u00c7\u00c3O SISTEMA DE GEST\u00c3O E ABASTECIMENTO DE COMBUST\u00cdVEIS"}]},{"@type":"WebSite","@id":"https:\/\/redelog.rj.gov.br\/redelog\/#website","url":"https:\/\/redelog.rj.gov.br\/redelog\/","name":"Redelog","description":"Site da Rede de Log\u00edstica e Planejamento do Estado do Rio de Janeiro","publisher":{"@id":"https:\/\/redelog.rj.gov.br\/redelog\/#organization"},"potentialAction":[{"@type":"SearchAction","target":{"@type":"EntryPoint","urlTemplate":"https:\/\/redelog.rj.gov.br\/redelog\/?s={search_term_string}"},"query-input":{"@type":"PropertyValueSpecification","valueRequired":true,"valueName":"search_term_string"}}],"inLanguage":"pt-BR"},{"@type":"Organization","@id":"https:\/\/redelog.rj.gov.br\/redelog\/#organization","name":"REDELOG","url":"https:\/\/redelog.rj.gov.br\/redelog\/","logo":{"@type":"ImageObject","inLanguage":"pt-BR","@id":"https:\/\/redelog.rj.gov.br\/redelog\/#\/schema\/logo\/image\/","url":"http:\/\/10.10.8.100:8888\/redelog\/wp-content\/uploads\/2019\/09\/Redelog2.png","contentUrl":"http:\/\/10.10.8.100:8888\/redelog\/wp-content\/uploads\/2019\/09\/Redelog2.png","width":565,"height":155,"caption":"REDELOG"},"image":{"@id":"https:\/\/redelog.rj.gov.br\/redelog\/#\/schema\/logo\/image\/"}},{"@type":"Person","@id":"https:\/\/redelog.rj.gov.br\/redelog\/#\/schema\/person\/2952ad9ab303db67bd76de678be9db42","name":"Tatiana Pinheiro","image":{"@type":"ImageObject","inLanguage":"pt-BR","@id":"https:\/\/redelog.rj.gov.br\/redelog\/#\/schema\/person\/image\/","url":"https:\/\/secure.gravatar.com\/avatar\/bccf0f5f228d8798c6920b7dc4726537abaf85fcaef46a20902903cec6463f12?s=96&d=mm&r=g","contentUrl":"https:\/\/secure.gravatar.com\/avatar\/bccf0f5f228d8798c6920b7dc4726537abaf85fcaef46a20902903cec6463f12?s=96&d=mm&r=g","caption":"Tatiana Pinheiro"},"url":"https:\/\/redelog.rj.gov.br\/redelog\/author\/tatiana\/"}]}},"_links":{"self":[{"href":"https:\/\/redelog.rj.gov.br\/redelog\/wp-json\/wp\/v2\/posts\/25311","targetHints":{"allow":["GET"]}}],"collection":[{"href":"https:\/\/redelog.rj.gov.br\/redelog\/wp-json\/wp\/v2\/posts"}],"about":[{"href":"https:\/\/redelog.rj.gov.br\/redelog\/wp-json\/wp\/v2\/types\/post"}],"author":[{"embeddable":true,"href":"https:\/\/redelog.rj.gov.br\/redelog\/wp-json\/wp\/v2\/users\/14"}],"replies":[{"embeddable":true,"href":"https:\/\/redelog.rj.gov.br\/redelog\/wp-json\/wp\/v2\/comments?post=25311"}],"version-history":[{"count":9,"href":"https:\/\/redelog.rj.gov.br\/redelog\/wp-json\/wp\/v2\/posts\/25311\/revisions"}],"predecessor-version":[{"id":25320,"href":"https:\/\/redelog.rj.gov.br\/redelog\/wp-json\/wp\/v2\/posts\/25311\/revisions\/25320"}],"wp:attachment":[{"href":"https:\/\/redelog.rj.gov.br\/redelog\/wp-json\/wp\/v2\/media?parent=25311"}],"wp:term":[{"taxonomy":"category","embeddable":true,"href":"https:\/\/redelog.rj.gov.br\/redelog\/wp-json\/wp\/v2\/categories?post=25311"},{"taxonomy":"post_tag","embeddable":true,"href":"https:\/\/redelog.rj.gov.br\/redelog\/wp-json\/wp\/v2\/tags?post=25311"}],"curies":[{"name":"wp","href":"https:\/\/api.w.org\/{rel}","templated":true}]}}