{"id":25025,"date":"2023-08-24T09:31:14","date_gmt":"2023-08-24T12:31:14","guid":{"rendered":"https:\/\/redelog.rj.gov.br\/redelog\/?p=25025"},"modified":"2023-08-24T09:33:44","modified_gmt":"2023-08-24T12:33:44","slug":"decreto-no-48-650-de-23-de-agosto-de-2023","status":"publish","type":"post","link":"https:\/\/redelog.rj.gov.br\/redelog\/decreto-no-48-650-de-23-de-agosto-de-2023\/","title":{"rendered":"DECRETO N\u00ba 48.650, DE 23 DE AGOSTO DE 2023"},"content":{"rendered":"\t\t<div data-elementor-type=\"wp-post\" data-elementor-id=\"25025\" class=\"elementor elementor-25025\" data-elementor-post-type=\"post\">\n\t\t\t\t\t\t<section class=\"elementor-section elementor-top-section elementor-element elementor-element-a060dba elementor-section-boxed elementor-section-height-default elementor-section-height-default\" data-id=\"a060dba\" data-element_type=\"section\" data-settings=\"{&quot;jet_parallax_layout_list&quot;:[{&quot;jet_parallax_layout_image&quot;:{&quot;url&quot;:&quot;&quot;,&quot;id&quot;:&quot;&quot;,&quot;size&quot;:&quot;&quot;},&quot;_id&quot;:&quot;a52826b&quot;,&quot;jet_parallax_layout_image_tablet&quot;:{&quot;url&quot;:&quot;&quot;,&quot;id&quot;:&quot;&quot;,&quot;size&quot;:&quot;&quot;},&quot;jet_parallax_layout_image_mobile&quot;:{&quot;url&quot;:&quot;&quot;,&quot;id&quot;:&quot;&quot;,&quot;size&quot;:&quot;&quot;},&quot;jet_parallax_layout_speed&quot;:{&quot;unit&quot;:&quot;%&quot;,&quot;size&quot;:50,&quot;sizes&quot;:[]},&quot;jet_parallax_layout_type&quot;:&quot;scroll&quot;,&quot;jet_parallax_layout_direction&quot;:&quot;1&quot;,&quot;jet_parallax_layout_fx_direction&quot;:null,&quot;jet_parallax_layout_z_index&quot;:&quot;&quot;,&quot;jet_parallax_layout_bg_x&quot;:50,&quot;jet_parallax_layout_bg_x_tablet&quot;:&quot;&quot;,&quot;jet_parallax_layout_bg_x_mobile&quot;:&quot;&quot;,&quot;jet_parallax_layout_bg_y&quot;:50,&quot;jet_parallax_layout_bg_y_tablet&quot;:&quot;&quot;,&quot;jet_parallax_layout_bg_y_mobile&quot;:&quot;&quot;,&quot;jet_parallax_layout_bg_size&quot;:&quot;auto&quot;,&quot;jet_parallax_layout_bg_size_tablet&quot;:&quot;&quot;,&quot;jet_parallax_layout_bg_size_mobile&quot;:&quot;&quot;,&quot;jet_parallax_layout_animation_prop&quot;:&quot;transform&quot;,&quot;jet_parallax_layout_on&quot;:[&quot;desktop&quot;,&quot;tablet&quot;]}]}\">\n\t\t\t\t\t\t<div class=\"elementor-container elementor-column-gap-default\">\n\t\t\t\t\t<div class=\"elementor-column elementor-col-100 elementor-top-column elementor-element elementor-element-e18639c\" data-id=\"e18639c\" data-element_type=\"column\">\n\t\t\t<div class=\"elementor-widget-wrap elementor-element-populated\">\n\t\t\t\t\t\t<section class=\"elementor-section elementor-inner-section elementor-element elementor-element-80f8c95 elementor-section-boxed elementor-section-height-default elementor-section-height-default\" data-id=\"80f8c95\" data-element_type=\"section\" data-settings=\"{&quot;jet_parallax_layout_list&quot;:[{&quot;jet_parallax_layout_image&quot;:{&quot;url&quot;:&quot;&quot;,&quot;id&quot;:&quot;&quot;,&quot;size&quot;:&quot;&quot;},&quot;_id&quot;:&quot;1e48917&quot;,&quot;jet_parallax_layout_image_tablet&quot;:{&quot;url&quot;:&quot;&quot;,&quot;id&quot;:&quot;&quot;,&quot;size&quot;:&quot;&quot;},&quot;jet_parallax_layout_image_mobile&quot;:{&quot;url&quot;:&quot;&quot;,&quot;id&quot;:&quot;&quot;,&quot;size&quot;:&quot;&quot;},&quot;jet_parallax_layout_speed&quot;:{&quot;unit&quot;:&quot;%&quot;,&quot;size&quot;:50,&quot;sizes&quot;:[]},&quot;jet_parallax_layout_type&quot;:&quot;scroll&quot;,&quot;jet_parallax_layout_direction&quot;:&quot;1&quot;,&quot;jet_parallax_layout_fx_direction&quot;:null,&quot;jet_parallax_layout_z_index&quot;:&quot;&quot;,&quot;jet_parallax_layout_bg_x&quot;:50,&quot;jet_parallax_layout_bg_x_tablet&quot;:&quot;&quot;,&quot;jet_parallax_layout_bg_x_mobile&quot;:&quot;&quot;,&quot;jet_parallax_layout_bg_y&quot;:50,&quot;jet_parallax_layout_bg_y_tablet&quot;:&quot;&quot;,&quot;jet_parallax_layout_bg_y_mobile&quot;:&quot;&quot;,&quot;jet_parallax_layout_bg_size&quot;:&quot;auto&quot;,&quot;jet_parallax_layout_bg_size_tablet&quot;:&quot;&quot;,&quot;jet_parallax_layout_bg_size_mobile&quot;:&quot;&quot;,&quot;jet_parallax_layout_animation_prop&quot;:&quot;transform&quot;,&quot;jet_parallax_layout_on&quot;:[&quot;desktop&quot;,&quot;tablet&quot;]}]}\">\n\t\t\t\t\t\t<div class=\"elementor-container elementor-column-gap-default\">\n\t\t\t\t\t<div class=\"elementor-column elementor-col-50 elementor-inner-column elementor-element elementor-element-15d0bf1\" data-id=\"15d0bf1\" data-element_type=\"column\">\n\t\t\t<div class=\"elementor-widget-wrap\">\n\t\t\t\t\t\t\t<\/div>\n\t\t<\/div>\n\t\t\t\t<div class=\"elementor-column elementor-col-50 elementor-inner-column elementor-element elementor-element-11665e3\" data-id=\"11665e3\" data-element_type=\"column\">\n\t\t\t<div class=\"elementor-widget-wrap elementor-element-populated\">\n\t\t\t\t\t\t<div class=\"elementor-element elementor-element-ef9b5d5 elementor-widget elementor-widget-text-editor\" data-id=\"ef9b5d5\" data-element_type=\"widget\" data-widget_type=\"text-editor.default\">\n\t\t\t\t\t\t\t\t\t<p><strong>DISP\u00d5E SOBRE A GOVERNAN\u00c7A LOG\u00cdSTICA E A GOVERNAN\u00c7A DAS CONTRATA\u00c7\u00d5ES NO \u00c2MBITO DA ADMINISTRA\u00c7\u00c3O P\u00daBLICA ESTADUAL DIRETA, AUT\u00c1RQUICA E FUNDACIONAL<\/strong><\/p>\t\t\t\t\t\t\t\t<\/div>\n\t\t\t\t\t<\/div>\n\t\t<\/div>\n\t\t\t\t\t<\/div>\n\t\t<\/section>\n\t\t\t\t\t<\/div>\n\t\t<\/div>\n\t\t\t\t\t<\/div>\n\t\t<\/section>\n\t\t\t\t<section class=\"elementor-section elementor-top-section elementor-element elementor-element-fb41357 elementor-section-boxed elementor-section-height-default elementor-section-height-default\" data-id=\"fb41357\" data-element_type=\"section\" data-settings=\"{&quot;jet_parallax_layout_list&quot;:[{&quot;jet_parallax_layout_image&quot;:{&quot;url&quot;:&quot;&quot;,&quot;id&quot;:&quot;&quot;,&quot;size&quot;:&quot;&quot;},&quot;_id&quot;:&quot;1c4d272&quot;,&quot;jet_parallax_layout_image_tablet&quot;:{&quot;url&quot;:&quot;&quot;,&quot;id&quot;:&quot;&quot;,&quot;size&quot;:&quot;&quot;},&quot;jet_parallax_layout_image_mobile&quot;:{&quot;url&quot;:&quot;&quot;,&quot;id&quot;:&quot;&quot;,&quot;size&quot;:&quot;&quot;},&quot;jet_parallax_layout_speed&quot;:{&quot;unit&quot;:&quot;%&quot;,&quot;size&quot;:50,&quot;sizes&quot;:[]},&quot;jet_parallax_layout_type&quot;:&quot;scroll&quot;,&quot;jet_parallax_layout_direction&quot;:&quot;1&quot;,&quot;jet_parallax_layout_fx_direction&quot;:null,&quot;jet_parallax_layout_z_index&quot;:&quot;&quot;,&quot;jet_parallax_layout_bg_x&quot;:50,&quot;jet_parallax_layout_bg_x_tablet&quot;:&quot;&quot;,&quot;jet_parallax_layout_bg_x_mobile&quot;:&quot;&quot;,&quot;jet_parallax_layout_bg_y&quot;:50,&quot;jet_parallax_layout_bg_y_tablet&quot;:&quot;&quot;,&quot;jet_parallax_layout_bg_y_mobile&quot;:&quot;&quot;,&quot;jet_parallax_layout_bg_size&quot;:&quot;auto&quot;,&quot;jet_parallax_layout_bg_size_tablet&quot;:&quot;&quot;,&quot;jet_parallax_layout_bg_size_mobile&quot;:&quot;&quot;,&quot;jet_parallax_layout_animation_prop&quot;:&quot;transform&quot;,&quot;jet_parallax_layout_on&quot;:[&quot;desktop&quot;,&quot;tablet&quot;]}]}\">\n\t\t\t\t\t\t<div class=\"elementor-container elementor-column-gap-default\">\n\t\t\t\t\t<div class=\"elementor-column elementor-col-100 elementor-top-column elementor-element elementor-element-ec2aa21\" data-id=\"ec2aa21\" data-element_type=\"column\">\n\t\t\t<div class=\"elementor-widget-wrap elementor-element-populated\">\n\t\t\t\t\t\t<div class=\"elementor-element elementor-element-20f613a elementor-widget elementor-widget-text-editor\" data-id=\"20f613a\" data-element_type=\"widget\" data-widget_type=\"text-editor.default\">\n\t\t\t\t\t\t\t\t\t<p><strong>O GOVERNADOR DO ESTADO DO RIO DE JANEIRO<\/strong>, no uso de suas atribui\u00e7\u00f5es constitucionais e legais, tendo em vista o disposto no Decreto n.\u00ba 47.680, de 12 de julho de 2021, nos arts. 7\u00ba a 11 da Lei n.\u00ba 14.133, de 1\u00ba de abril de 2021, e o que consta no Processo Administrativo n.\u00ba SEI-120001\/000588\/2023,<\/p><p class=\"Texto_Justificado\" dir=\"ltr\"><strong>CONSIDERANDO<\/strong>:<\/p><p class=\"Texto_Justificado\" dir=\"ltr\">&#8211; a necessidade de aperfei\u00e7oamento da padroniza\u00e7\u00e3o de procedimentos para execu\u00e7\u00e3o das atividades de apoio log\u00edstico ao funcionamento dos \u00f3rg\u00e3os e entidades do Poder Executivo do Estado do Rio de Janeiro;<\/p><p class=\"Texto_Justificado\" dir=\"ltr\">&#8211; a necessidade de aprimorar \u00e0s boas pr\u00e1ticas de governan\u00e7a na realiza\u00e7\u00e3o dos gastos p\u00fablicos para o atendimento de programas, projetos e a\u00e7\u00f5es estrat\u00e9gicas visando a melhoria da qualidade de vida da popula\u00e7\u00e3o fluminense, a retomada da economia e o desenvolvimento do Estado;<\/p><p class=\"Texto_Justificado\" dir=\"ltr\">&#8211; a necessidade de fortalecimento das compet\u00eancias dos agentes respons\u00e1veis pelas atividades de contrata\u00e7\u00e3o e de padroniza\u00e7\u00e3o da estrutura administrativa de contrata\u00e7\u00e3o dos \u00f3rg\u00e3os e entidades do Poder Executivo;<\/p><p class=\"Texto_Justificado\" dir=\"ltr\">&#8211; a necessidade de aperfei\u00e7oar a aplica\u00e7\u00e3o dos recursos existentes e a qualifica\u00e7\u00e3o dos gastos p\u00fablicos, primando pela efici\u00eancia na gest\u00e3o governamental e a transpar\u00eancia e publicidade dos atos administrativos; e<\/p><p class=\"Texto_Justificado\" dir=\"ltr\">&#8211; que as determina\u00e7\u00f5es constantes deste Decreto n\u00e3o acarretar\u00e3o aumento de despesa.<\/p><p class=\"Texto_Justificado\" dir=\"ltr\" style=\"text-align: left;\"><strong>DECRETA<\/strong>:<\/p><p class=\"Texto_Centralizado\" dir=\"ltr\" style=\"text-align: center;\">CAP\u00cdTULO I<\/p><p class=\"Texto_Centralizado\" dir=\"ltr\" style=\"text-align: center;\">DISPOSI\u00c7\u00d5ES PRELIMINARES<\/p><p class=\"Texto_Justificado\" dir=\"ltr\"><strong>Objeto e \u00e2mbito de aplica\u00e7\u00e3o<\/strong><\/p><p class=\"Texto_Justificado\" dir=\"ltr\">Art. 1\u00ba Este Decreto disp\u00f5e sobre a governan\u00e7a log\u00edstica, a governan\u00e7a das contrata\u00e7\u00f5es, a estrutura administrativa de contrata\u00e7\u00e3o e estabelece regras para a designa\u00e7\u00e3o dos agentes p\u00fablicos do ciclo de contrata\u00e7\u00f5es p\u00fablicas no \u00e2mbito da Administra\u00e7\u00e3o P\u00fablica estadual direta, aut\u00e1rquica e fundacional.<\/p><p class=\"Texto_Justificado\" dir=\"ltr\">\u00a7 1\u00ba As disposi\u00e7\u00f5es deste Decreto se aplicam \u00e0s contrata\u00e7\u00f5es regidas pela Lei n.\u00ba 14.133, de 1\u00ba de abril de 2021.<\/p><p class=\"Texto_Justificado\" dir=\"ltr\">\u00a7 2\u00ba As contrata\u00e7\u00f5es realizadas por empresas estatais dever\u00e3o observar a Lei n.\u00ba 13.303, de 30 de junho de 2016, e os respectivos regulamentos internos de licita\u00e7\u00f5es e contratos.<\/p><p class=\"Texto_Justificado\" dir=\"ltr\"><strong>Defini\u00e7\u00f5es<\/strong><\/p><p class=\"Texto_Justificado\" dir=\"ltr\">Art. 2\u00ba Para os efeitos do disposto neste Decreto, consideram-se:<\/p><p class=\"Texto_Justificado\" dir=\"ltr\">I &#8211; Sistema Log\u00edstico do Poder Executivo &#8211; Sislog: consiste no conjunto de \u00f3rg\u00e3os, sistemas informatizados, processos, pessoas e recursos de toda natureza que, interligados e interdependentes, t\u00eam a finalidade de planejar, regulamentar, supervisionar, coordenar, promover, manter e acompanhar o fluxo de bens, servi\u00e7os e obras necess\u00e1rios ao funcionamento dos \u00f3rg\u00e3os e entidades do Poder Executivo do Estado do Rio de Janeiro em condi\u00e7\u00e3o de plena efici\u00eancia, efic\u00e1cia e efetividade;<\/p><p class=\"Texto_Justificado\" dir=\"ltr\">II &#8211; \u00d3rg\u00e3o Central do Sistema Log\u00edstico: composto pela Secretaria de Estado de Planejamento e Gest\u00e3o &#8211; SEPLAG, a quem compete planejar, normatizar e supervisionar o Sislog;<\/p><p class=\"Texto_Justificado\" dir=\"ltr\">III &#8211; \u00d3rg\u00e3o Setorial do Sistema Log\u00edstico: composto pelas Secretarias de Estado e as entidades governamentais a estas vinculadas;<\/p><p class=\"Texto_Justificado\" dir=\"ltr\">IV &#8211; \u00d3rg\u00e3o Seccional do Sistema Log\u00edstico: composto pelas unidades vinculadas aos \u00f3rg\u00e3os setoriais, tais como escolas, batalh\u00f5es da Pol\u00edcia Militar e do Corpo de Bombeiros Militar, hospitais e delegacias de pol\u00edcia;<\/p><p class=\"Texto_Justificado\" dir=\"ltr\">V &#8211; Governan\u00e7a das contrata\u00e7\u00f5es p\u00fablicas: conjunto de mecanismos de lideran\u00e7a, estrat\u00e9gia e controle postos em pr\u00e1tica para avaliar, direcionar e monitorar a atua\u00e7\u00e3o da gest\u00e3o das contrata\u00e7\u00f5es p\u00fablicas, visando a agregar valor ao neg\u00f3cio do \u00f3rg\u00e3o ou entidade, e contribuir para o alcance de seus objetivos, com riscos aceit\u00e1veis;<\/p><p class=\"Texto_Justificado\" dir=\"ltr\">VI &#8211; Estrutura administrativa: forma como est\u00e3o distribu\u00eddos os \u00f3rg\u00e3os, cargos e fun\u00e7\u00f5es, bem como as compet\u00eancias e responsabilidades;<\/p><p class=\"Texto_Justificado\" dir=\"ltr\">VII &#8211; Alta administra\u00e7\u00e3o: gestores que integram o n\u00edvel executivo do \u00f3rg\u00e3o ou da entidade, com compet\u00eancia para definir as agendas priorit\u00e1rias, pol\u00edticas de governan\u00e7a, e estabelecer o planejamento estrat\u00e9gico para o cumprimento da miss\u00e3o institucional;<\/p><p class=\"Texto_Justificado\" dir=\"ltr\">VIII &#8211; Autoridade m\u00e1xima: agente p\u00fablico de maior n\u00edvel hier\u00e1rquico na estrutura administrativa do \u00f3rg\u00e3o ou entidade, competente para tomar decis\u00f5es e realizar os atos e autoriza\u00e7\u00f5es que lhe cabem;<\/p><p class=\"Texto_Justificado\" dir=\"ltr\">IX &#8211; Autoridade superior: agente p\u00fablico investido de compet\u00eancia decis\u00f3ria que ocupa posi\u00e7\u00e3o hier\u00e1rquica superior ao agente, comiss\u00e3o ou setor respons\u00e1vel pela pr\u00e1tica de determinado ato ou condu\u00e7\u00e3o de processo administrativo;<\/p><p class=\"Texto_Justificado\" dir=\"ltr\">X &#8211; Autoridade competente: agente p\u00fablico com poder decis\u00f3rio para realizar os atos e autoriza\u00e7\u00f5es que lhe cabem, conforme estabelecido neste Decreto, em delega\u00e7\u00e3o ou na estrutura administrativa;<\/p><p class=\"Texto_Justificado\" dir=\"ltr\">XI &#8211; Agente p\u00fablico: indiv\u00edduo que, em virtude de elei\u00e7\u00e3o, nomea\u00e7\u00e3o, designa\u00e7\u00e3o, contrata\u00e7\u00e3o ou qualquer outra forma de investidura ou v\u00ednculo, exerce mandato, cargo, emprego ou fun\u00e7\u00e3o em pessoa jur\u00eddica integrante da Administra\u00e7\u00e3o P\u00fablica;<\/p><p class=\"Texto_Justificado\" dir=\"ltr\">XII &#8211; Agente de contrata\u00e7\u00e3o ou comiss\u00e3o de contrata\u00e7\u00e3o: respons\u00e1vel por tomar decis\u00f5es, acompanhar o tr\u00e2mite da licita\u00e7\u00e3o, dar impulso ao procedimento licitat\u00f3rio e executar quaisquer outras atividades necess\u00e1rias ao bom andamento do certame at\u00e9 a homologa\u00e7\u00e3o, na forma do disposto nos arts. 34 a 38 e 42 a 46 deste Decreto;<\/p><p class=\"Texto_Justificado\" dir=\"ltr\">XIII &#8211; Equipe de apoio: auxilia o agente de contrata\u00e7\u00e3o ou a comiss\u00e3o de contrata\u00e7\u00e3o no cumprimento de suas atribui\u00e7\u00f5es, consoante o disposto nos arts. 39 a 41 deste Decreto;<\/p><p class=\"Texto_Justificado\" dir=\"ltr\">XIV &#8211; Gestores e fiscais de contrato: acompanha e fiscaliza a execu\u00e7\u00e3o do contrato, na forma do disposto nos arts. 47 a 52 deste Decreto;<\/p><p class=\"Texto_Justificado\" dir=\"ltr\">XV &#8211; Macroprocesso de contrata\u00e7\u00f5es p\u00fablicas: fluxo das fases de planejamento e preparat\u00f3ria da contrata\u00e7\u00e3o, de sele\u00e7\u00e3o do fornecedor, de gest\u00e3o e fiscaliza\u00e7\u00e3o contratual, e de avalia\u00e7\u00e3o do processo e dos resultados, que serve como padr\u00e3o para que os processos espec\u00edficos de contrata\u00e7\u00e3o sejam realizados;<\/p><p class=\"Texto_Justificado\" dir=\"ltr\">XVI &#8211; \u00c1rea de Contrata\u00e7\u00e3o: unidade administrativa com compet\u00eancia para planejar, coordenar, supervisionar e executar as atividades relacionadas aos processos de contrata\u00e7\u00e3o;<\/p><p class=\"Texto_Justificado\" dir=\"ltr\">XVII &#8211; Equipe de planejamento da contrata\u00e7\u00e3o: composta por servidores dos Setores Demandante e T\u00e9cnico, que re\u00fanem as compet\u00eancias necess\u00e1rias \u00e0 execu\u00e7\u00e3o da etapa de planejamento da contrata\u00e7\u00e3o, com conhecimentos sobre aspectos t\u00e9cnicos-operacionais e de uso do objeto, licita\u00e7\u00f5es e contratos, dentre outros;<\/p><p class=\"Texto_Justificado\" dir=\"ltr\">XVIII &#8211; Setor Demandante: unidade respons\u00e1vel por identificar as necessidades, formalizar a demanda e participar da Equipe de Planejamento da Contrata\u00e7\u00e3o;<\/p><p class=\"Texto_Justificado\" dir=\"ltr\">XIX &#8211; Setor T\u00e9cnico: agente ou unidade com conhecimento t\u00e9cnico-operacional sobre o objeto demandado, respons\u00e1vel por analisar o documento de formaliza\u00e7\u00e3o de demanda, e promover a agrega\u00e7\u00e3o de valor e a compila\u00e7\u00e3o de necessidades de mesma natureza.<\/p><p class=\"Texto_Centralizado\" dir=\"ltr\" style=\"text-align: center;\">CAP\u00cdTULO II<\/p><p class=\"Texto_Centralizado\" dir=\"ltr\" style=\"text-align: center;\">DA GOVERNAN\u00c7A LOG\u00cdSTICA<\/p><p class=\"Texto_Centralizado\" dir=\"ltr\" style=\"text-align: center;\"><strong>Se\u00e7\u00e3o I<\/strong><\/p><p class=\"Texto_Centralizado\" dir=\"ltr\" style=\"text-align: center;\"><strong>Do Sistema Log\u00edstico &#8211; Sislog<\/strong><\/p><p class=\"Texto_Justificado\" dir=\"ltr\"><strong>Compet\u00eancia<\/strong><\/p><p class=\"Texto_Justificado\" dir=\"ltr\">Art. 3\u00ba Compete ao Sislog o planejamento e acompanhamento das atividades de contrata\u00e7\u00e3o, de utiliza\u00e7\u00e3o e de gest\u00e3o dos recursos log\u00edsticos, bem como a proposi\u00e7\u00e3o de pol\u00edticas p\u00fablicas relacionadas ao tema.<\/p><p class=\"Texto_Justificado\" dir=\"ltr\"><strong>Princ\u00edpios<\/strong><\/p><p class=\"Texto_Justificado\" dir=\"ltr\">Art. 4\u00ba O Sislog obedece aos seguintes princ\u00edpios, al\u00e9m dos mencionados no caput do art. 37 da Constitui\u00e7\u00e3o da Rep\u00fablica Federativa do Brasil, no caput do art. 77 da Constitui\u00e7\u00e3o do Estado do Rio de Janeiro, no art. 5\u00ba da Lei n.\u00ba 14.133, de 2021, e demais princ\u00edpios que regem a atividade administrativa:<\/p><p class=\"Texto_Justificado\" dir=\"ltr\">I &#8211; Objetividade, segundo o qual o efeito final desejado deve ser claramente definido e conhecido por todos os envolvidos no esfor\u00e7o log\u00edstico;<\/p><p class=\"Texto_Justificado\" dir=\"ltr\">II &#8211; Continuidade, pelo qual as a\u00e7\u00f5es devem ser encadeadas em sequ\u00eancia l\u00f3gica, ininterrupta, para todas as fases do trabalho;<\/p><p class=\"Texto_Justificado\" dir=\"ltr\">III &#8211; Controle, segundo o qual a fase de execu\u00e7\u00e3o das tarefas decorrentes do planejamento deve ser acompanhada, de modo a permitir a\u00e7\u00f5es corretivas e realimenta\u00e7\u00e3o ao planejamento, a fim de se atingir o sucesso da empreitada;<\/p><p class=\"Texto_Justificado\" dir=\"ltr\">IV &#8211; Flexibilidade, segundo o qual o Sislog deve prever solu\u00e7\u00f5es alternativas para o caso de mudan\u00e7a das circunst\u00e2ncias existentes;<\/p><p class=\"Texto_Justificado\" dir=\"ltr\">V &#8211; Oportunidade, pelo qual a utiliza\u00e7\u00e3o dos meios log\u00edsticos deve ser adequada no tempo; e<\/p><p class=\"Texto_Justificado\" dir=\"ltr\">VI &#8211; Prioridade, segundo o qual o objetivo principal deve prevalecer sobre os objetivos secund\u00e1rios ou acess\u00f3rios.<\/p><p class=\"Texto_Centralizado\" dir=\"ltr\" style=\"text-align: center;\"><strong>Se\u00e7\u00e3o II<\/strong><\/p><p class=\"Texto_Centralizado\" dir=\"ltr\" style=\"text-align: center;\"><strong>Das fun\u00e7\u00f5es log\u00edsticas<\/strong><\/p><p class=\"Texto_Justificado\" dir=\"ltr\">Art. 5\u00ba As Fun\u00e7\u00f5es Log\u00edsticas s\u00e3o conjuntos de atividades com prop\u00f3sito comum, congregando, sob uma \u00fanica designa\u00e7\u00e3o, uma s\u00e9rie de a\u00e7\u00f5es que resultam em atividades log\u00edsticas de mesma natureza, observando os princ\u00edpios dispostos no art. 4\u00ba deste Decreto.<\/p><p class=\"Texto_Justificado\" dir=\"ltr\">Par\u00e1grafo \u00fanico. S\u00e3o Fun\u00e7\u00f5es Log\u00edsticas do Sislog:<\/p><p class=\"Texto_Justificado\" dir=\"ltr\">I &#8211; Fun\u00e7\u00e3o Log\u00edstica Contrata\u00e7\u00e3o: compreende as atividades de planejamento das necessidades de materiais, servi\u00e7os e obras, de licita\u00e7\u00e3o e de gest\u00e3o e fiscaliza\u00e7\u00e3o de contrata\u00e7\u00e3o, de sistema de registro de pre\u00e7os e demais procedimentos auxiliares;<\/p><p class=\"Texto_Justificado\" dir=\"ltr\">II &#8211; Fun\u00e7\u00e3o Log\u00edstica Materiais: compreende as atividades de gest\u00e3o de almoxarifado, gest\u00e3o de bens m\u00f3veis, importa\u00e7\u00e3o e exporta\u00e7\u00e3o, acompanhamento e an\u00e1lise de gastos com suprimentos;<\/p><p class=\"Texto_Justificado\" dir=\"ltr\">III &#8211; Fun\u00e7\u00e3o Log\u00edstica Servi\u00e7os: compreende as atividades de manuten\u00e7\u00e3o predial, de equipamentos, e dos demais servi\u00e7os como limpeza, vigil\u00e2ncia, servi\u00e7os t\u00e9cnicos profissionais, entre outros; e<\/p><p class=\"Texto_Justificado\" dir=\"ltr\">IV &#8211; Fun\u00e7\u00e3o Log\u00edstica Transportes: compreende as atividades rotineiras de gest\u00e3o de combust\u00edveis e lubrificantes, gest\u00e3o e manuten\u00e7\u00e3o de frota pr\u00f3pria e terceirizada, aquisi\u00e7\u00e3o de passagens, loca\u00e7\u00e3o de ve\u00edculos, alojamento de pessoas fora de sede, credenciamento de motoristas, acompanhamento e an\u00e1lise de gastos com transportes.<\/p><p class=\"Texto_Centralizado\" dir=\"ltr\" style=\"text-align: center;\"><strong>Se\u00e7\u00e3o III<\/strong><\/p><p class=\"Texto_Centralizado\" dir=\"ltr\" style=\"text-align: center;\"><strong>Da composi\u00e7\u00e3o e das atribui\u00e7\u00f5es do Sislog<\/strong><\/p><p class=\"Texto_Justificado\" dir=\"ltr\"><strong>Composi\u00e7\u00e3o<\/strong><\/p><p class=\"Texto_Justificado\" dir=\"ltr\">Art. 6\u00ba O Sislog est\u00e1 estruturado em n\u00edveis de atua\u00e7\u00e3o Central, Setorial e Seccional, cuja vincula\u00e7\u00e3o de \u00f3rg\u00e3os e entidades segue as defini\u00e7\u00f5es estabelecidas nos incisos I a IV do art. 2\u00ba deste Decreto.<\/p><p class=\"Texto_Justificado\" dir=\"ltr\"><strong>Atribui\u00e7\u00f5es do \u00d3rg\u00e3o Central<\/strong><\/p><p class=\"Texto_Justificado\" dir=\"ltr\">Art. 7\u00ba S\u00e3o atribui\u00e7\u00f5es do \u00d3rg\u00e3o Central do Sislog:<\/p><p class=\"Texto_Justificado\" dir=\"ltr\">I &#8211; planejar, normatizar e supervisionar a execu\u00e7\u00e3o das atividades inerentes \u00e0s Fun\u00e7\u00f5es Log\u00edsticas Contrata\u00e7\u00e3o, Materiais, Servi\u00e7os e Transportes;<\/p><p class=\"Texto_Justificado\" dir=\"ltr\">II &#8211; identificar os programas elaborados e propostos pelos diversos \u00f3rg\u00e3os e entidades do Executivo, avaliar a sobreposi\u00e7\u00e3o de a\u00e7\u00f5es e atividades, promover a integra\u00e7\u00e3o intragovernamental e sugerir medidas que favore\u00e7am a integra\u00e7\u00e3o e a racionaliza\u00e7\u00e3o dos recursos log\u00edsticos envolvidos, a fim de articular as a\u00e7\u00f5es de apoio log\u00edstico aos diversos \u00f3rg\u00e3os e entidades do Poder Executivo;<\/p><p class=\"Texto_Justificado\" dir=\"ltr\">III &#8211; gerenciar os sistemas informatizados pr\u00f3prios em apoio ao funcionamento do Sislog, mantendo um servi\u00e7o de atendimento aos usu\u00e1rios apto a tirar d\u00favidas e resolver dificuldades sobre a opera\u00e7\u00e3o;<\/p><p class=\"Texto_Justificado\" dir=\"ltr\">IV &#8211; coletar e analisar dados de gastos do Poder Executivo para a gera\u00e7\u00e3o de relat\u00f3rios gerenciais, com foco na avalia\u00e7\u00e3o de desempenho, visando \u00e0 tomada de decis\u00f5es; e<\/p><p class=\"Texto_Justificado\" dir=\"ltr\">V &#8211; planejar, normatizar, orientar e promover treinamento do pessoal envolvido no Sislog dos seus tr\u00eas n\u00edveis de atua\u00e7\u00e3o.<\/p><p class=\"Texto_Justificado\" dir=\"ltr\"><strong>Atribui\u00e7\u00f5es dos \u00d3rg\u00e3os Setoriais<\/strong><\/p><p class=\"Texto_Justificado\" dir=\"ltr\">Art. 8\u00ba S\u00e3o atribui\u00e7\u00f5es dos \u00d3rg\u00e3os Setoriais do Sislog, segundo as orienta\u00e7\u00f5es do \u00d3rg\u00e3o Central:<\/p><p class=\"Texto_Justificado\" dir=\"ltr\">I &#8211; realizar a gest\u00e3o de contrata\u00e7\u00e3o, materiais, servi\u00e7os e transportes e fazer o acompanhamento de despesas sob sua responsabilidade;<\/p><p class=\"Texto_Justificado\" dir=\"ltr\">II &#8211; elaborar os instrumentos de governan\u00e7a das contrata\u00e7\u00f5es previstos no art. 20 deste Decreto considerando inclusive os \u00d3rg\u00e3os Seccionais que lhe s\u00e3o vinculados;<\/p><p class=\"Texto_Justificado\" dir=\"ltr\">III &#8211; coordenar as atividades de log\u00edstica dos \u00d3rg\u00e3os Seccionais que lhe s\u00e3o vinculados;<\/p><p class=\"Texto_Justificado\" dir=\"ltr\">IV &#8211; fornecer dados e subs\u00eddios ao \u00d3rg\u00e3o Central do Sislog;<\/p><p class=\"Texto_Justificado\" dir=\"ltr\">V &#8211; propor melhorias dos processos e sistemas; e<\/p><p class=\"Texto_Justificado\" dir=\"ltr\">VI &#8211; cumprir as normas e instru\u00e7\u00f5es exaradas pelo \u00d3rg\u00e3o Central do Sislog e zelar pelo seu cumprimento.<\/p><p class=\"Texto_Justificado\" dir=\"ltr\"><strong>Atribui\u00e7\u00f5es dos \u00d3rg\u00e3os Seccionais<\/strong><\/p><p class=\"Texto_Justificado\" dir=\"ltr\">Art. 9\u00ba S\u00e3o atribui\u00e7\u00f5es dos \u00d3rg\u00e3os Seccionais, segundo as orienta\u00e7\u00f5es do \u00d3rg\u00e3o Setorial:<\/p><p class=\"Texto_Justificado\" dir=\"ltr\">I &#8211; executar as atividades de gest\u00e3o de contrata\u00e7\u00e3o, de materiais, de servi\u00e7os e de transportes e fazer o acompanhamento de despesas sob sua responsabilidade;<\/p><p class=\"Texto_Justificado\" dir=\"ltr\">II &#8211; prestar as informa\u00e7\u00f5es necess\u00e1rias ao \u00d3rg\u00e3o Setorial para a prepara\u00e7\u00e3o dos instrumentos de governan\u00e7a das contrata\u00e7\u00f5es e demais instrumentos de contrata\u00e7\u00e3o, de materiais, de servi\u00e7os e de transportes;<\/p><p class=\"Texto_Justificado\" dir=\"ltr\">III &#8211; executar a rotina di\u00e1ria de atendimento \u00e0s necessidades log\u00edsticas de gest\u00e3o de contrata\u00e7\u00e3o, de materiais, de servi\u00e7os e de transportes e acompanhamento de despesas sob sua responsabilidade;<\/p><p class=\"Texto_Justificado\" dir=\"ltr\">IV &#8211; fornecer dados e subs\u00eddios ao \u00d3rg\u00e3o Central do Sislog;<\/p><p class=\"Texto_Justificado\" dir=\"ltr\">V &#8211; propor melhorias dos processos e sistemas; e<\/p><p class=\"Texto_Justificado\" dir=\"ltr\">VI &#8211; cumprir as normas e instru\u00e7\u00f5es exaradas pelo \u00d3rg\u00e3o Central do Sislog e zelar pelo seu cumprimento.<\/p><p class=\"Texto_Justificado\" dir=\"ltr\"><strong>Usu\u00e1rios<\/strong><\/p><p class=\"Texto_Justificado\" dir=\"ltr\">Art. 10. S\u00e3o usu\u00e1rios do Sislog todos os \u00f3rg\u00e3os e entidades integrantes da estrutura do Poder Executivo Estadual e fornecedores que demandam materiais e servi\u00e7os.<\/p><p class=\"Texto_Centralizado\" style=\"text-align: center;\"><strong>Se\u00e7\u00e3o IV<\/strong><\/p><p class=\"Texto_Centralizado\" dir=\"ltr\" style=\"text-align: center;\"><strong>Do funcionamento do Sislog<\/strong><\/p><p class=\"Texto_Justificado\" dir=\"ltr\">Art. 11. As atividades do Sislog ser\u00e3o executadas pelos integrantes das redes de gest\u00e3o descentralizada de log\u00edstica do Poder Executivo do Estado do Rio de Janeiro, compostas por agentes p\u00fablicos da Administra\u00e7\u00e3o P\u00fablica estadual direta, aut\u00e1rquica e fundacional, treinados e certificados de acordo com regulamenta\u00e7\u00e3o editada pelo \u00d3rg\u00e3o Central.<\/p><p class=\"Texto_Justificado\" dir=\"ltr\">\u00a7 1\u00ba Fazem parte das redes de gest\u00e3o descentralizada de log\u00edstica, a Rede Log\u00edstica &#8211; Redelog, institu\u00edda pelo Decreto n.\u00ba 46.050, de 26 de julho de 2017, e as suas demais redes funcionais, conforme definidas no art. 3\u00ba do mesmo Decreto.<\/p><p class=\"Texto_Justificado\" dir=\"ltr\">\u00a7 2\u00ba As redes de gest\u00e3o descentralizada de log\u00edstica atuar\u00e3o nos tr\u00eas n\u00edveis do Sislog, com responsabilidades inerentes a cada fun\u00e7\u00e3o exercida, as quais ser\u00e3o definidas pelo \u00d3rg\u00e3o Central do Sislog.<\/p><p class=\"Texto_Justificado\" dir=\"ltr\">Art. 12. A solu\u00e7\u00e3o de quest\u00f5es log\u00edsticas obedecer\u00e1 ao ciclo de tr\u00eas fases da log\u00edstica, a seguir enunciados:<\/p><p class=\"Texto_Justificado\" dir=\"ltr\">I &#8211; determina\u00e7\u00e3o de necessidades;<\/p><p class=\"Texto_Justificado\" dir=\"ltr\">II &#8211; obten\u00e7\u00e3o;<\/p><p class=\"Texto_Justificado\" dir=\"ltr\">III &#8211; distribui\u00e7\u00e3o.<\/p><p class=\"Texto_Justificado\" dir=\"ltr\">Art. 13. Sempre que a solu\u00e7\u00e3o de uma quest\u00e3o log\u00edstica envolver \u00f3rg\u00e3os ou entidades vinculados a \u00f3rg\u00e3os setoriais distintos, a coordena\u00e7\u00e3o das atividades dever\u00e1 ser assumida pelo \u00d3rg\u00e3o Central do Sislog, ao qual caber\u00e1 definir responsabilidades para a execu\u00e7\u00e3o das provid\u00eancias necess\u00e1rias \u00e0 solu\u00e7\u00e3o do problema.<\/p><p class=\"Texto_Justificado\" dir=\"ltr\">\u00a7 1\u00ba O \u00d3rg\u00e3o Central do Sislog definir\u00e1 as responsabilidades dos integrantes dos N\u00edveis Setoriais e Seccionais.<\/p><p class=\"Texto_Justificado\" dir=\"ltr\">\u00a7 2\u00ba Os \u00d3rg\u00e3os Setoriais definir\u00e3o as responsabilidades dos \u00f3rg\u00e3os do N\u00edvel Seccional que lhes s\u00e3o vinculados, em conson\u00e2ncia com as normas emanadas do N\u00edvel Central.<\/p><p class=\"Texto_Justificado\" dir=\"ltr\">\u00a7 3\u00ba A determina\u00e7\u00e3o de necessidades ser\u00e1 apurada no N\u00edvel Seccional e consolidada pelo N\u00edvel Setorial, a este competindo verificar a possibilidade de atendimento destas necessidades, de acordo com as prioridades definidas pela alta administra\u00e7\u00e3o, sempre em conson\u00e2ncia com a disponibilidade or\u00e7ament\u00e1ria, bem como a distribui\u00e7\u00e3o de recursos para a sua obten\u00e7\u00e3o.<\/p><p class=\"Texto_Centralizado\" dir=\"ltr\" style=\"text-align: center;\">CAP\u00cdTULO III<\/p><p class=\"Texto_Centralizado\" dir=\"ltr\" style=\"text-align: center;\">DA GOVERNAN\u00c7A DAS CONTRATA\u00c7\u00d5ES P\u00daBLICAS<\/p><p class=\"Texto_Centralizado\" dir=\"ltr\" style=\"text-align: center;\"><strong>Se\u00e7\u00e3o I<\/strong><\/p><p class=\"Texto_Centralizado\" dir=\"ltr\" style=\"text-align: center;\"><strong>Dos objetivos das contrata\u00e7\u00f5es p\u00fablicas<\/strong><\/p><p class=\"Texto_Justificado\" dir=\"ltr\">Art. 14. Os objetivos das contrata\u00e7\u00f5es p\u00fablicas, entre outros estabelecidos em lei, s\u00e3o:<\/p><p class=\"Texto_Justificado\" dir=\"ltr\">I &#8211; disponibilizar bens, obras e servi\u00e7os com qualidade de desempenho e de conformidade, suprindo as necessidades dos \u00f3rg\u00e3os e entidades na implementa\u00e7\u00e3o das pol\u00edticas p\u00fablicas, sem interrup\u00e7\u00e3o;<\/p><p class=\"Texto_Justificado\" dir=\"ltr\">II &#8211; garantir tratamento ison\u00f4mico entre os licitantes, bem como a justa competi\u00e7\u00e3o;<\/p><p class=\"Texto_Justificado\" dir=\"ltr\">III &#8211; assegurar a sele\u00e7\u00e3o da proposta apta a gerar o resultado de contrata\u00e7\u00e3o mais vantajoso para a Administra\u00e7\u00e3o P\u00fablica, inclusive no que se refere ao ciclo de vida do objeto;<\/p><p class=\"Texto_Justificado\" dir=\"ltr\">IV &#8211; assegurar a continuidade de servi\u00e7os, projetos e planos, sem interrup\u00e7\u00e3o;<\/p><p class=\"Texto_Justificado\" dir=\"ltr\">V &#8211; otimizar os custos diretos e indiretos envolvidos no processo de contrata\u00e7\u00e3o p\u00fablica;<\/p><p class=\"Texto_Justificado\" dir=\"ltr\">VI &#8211; evitar contrata\u00e7\u00f5es com sobrepre\u00e7o ou com pre\u00e7os manifestamente inexequ\u00edveis ou superfaturamento na execu\u00e7\u00e3o dos contratos;<\/p><p class=\"Texto_Justificado\" dir=\"ltr\">VII &#8211; fomentar o desenvolvimento econ\u00f4mico e social e a gest\u00e3o de conhecimento; e<\/p><p class=\"Texto_Justificado\" dir=\"ltr\">VIII &#8211; incentivar a inova\u00e7\u00e3o e o desenvolvimento sustent\u00e1vel.<\/p><p class=\"Texto_Centralizado\" dir=\"ltr\" style=\"text-align: center;\"><strong>Se\u00e7\u00e3o II<\/strong><\/p><p class=\"Texto_Centralizado\" dir=\"ltr\" style=\"text-align: center;\"><strong>Do macroprocesso de contrata\u00e7\u00f5es p\u00fablicas<\/strong><\/p><p class=\"Texto_Justificado\" dir=\"ltr\">Art. 15. S\u00e3o fases do macroprocesso de contrata\u00e7\u00f5es p\u00fablicas:<\/p><p class=\"Texto_Justificado\" dir=\"ltr\">I &#8211; Fase de planejamento: realizada em conjunto com as \u00e1reas demandantes de aquisi\u00e7\u00f5es e servi\u00e7os, trata do planejamento geral das contrata\u00e7\u00f5es a serem realizadas pelo \u00f3rg\u00e3o ou entidade, incluindo sua previs\u00e3o nos instrumentos de governan\u00e7a elencados no art. 20 do presente Decreto;<\/p><p class=\"Texto_Justificado\" dir=\"ltr\">II &#8211; Fase preparat\u00f3ria: fase na qual s\u00e3o definidos os principais elementos da futura contrata\u00e7\u00e3o, com a elabora\u00e7\u00e3o dos documentos necess\u00e1rios para sua efetiva\u00e7\u00e3o, tais como o Estudo T\u00e9cnico Preliminar, o Mapa de Riscos, o Termo de Refer\u00eancia ou Projeto B\u00e1sico, o Projeto Executivo, quando necess\u00e1rio, a Pesquisa de Pre\u00e7os e a Minuta de edital e do contrato, entre outros;<\/p><p class=\"Texto_Justificado\" dir=\"ltr\">III &#8211; Fase de sele\u00e7\u00e3o do fornecedor: fase em que \u00e9 selecionada a melhor proposta de acordo com as regras definidas para a contrata\u00e7\u00e3o;<\/p><p class=\"Texto_Justificado\" dir=\"ltr\">IV &#8211; Fase de gest\u00e3o e fiscaliza\u00e7\u00e3o contratual: realizada pelo gestor e fiscal do contrato ou pelas comiss\u00f5es de gest\u00e3o e fiscaliza\u00e7\u00e3o contratual, em conson\u00e2ncia com o previsto no art. 19 do presente Decreto; e<\/p><p class=\"Texto_Justificado\" dir=\"ltr\">V &#8211; Fase de avalia\u00e7\u00e3o: concomitante a execu\u00e7\u00e3o do objeto, ser\u00e3o levantados os dados necess\u00e1rios para constatar se o mesmo est\u00e1 sendo entregue conforme especificado, atendendo a demanda que originou a contrata\u00e7\u00e3o.<\/p><p class=\"Texto_Centralizado\" dir=\"ltr\" style=\"text-align: center;\"><strong>Se\u00e7\u00e3o III<\/strong><\/p><p class=\"Texto_Centralizado\" dir=\"ltr\" style=\"text-align: center;\"><strong>Das diretrizes e dos instrumentos de governan\u00e7a<\/strong><\/p><p class=\"Texto_Justificado\" dir=\"ltr\"><strong>Diretrizes<\/strong><\/p><p class=\"Texto_Justificado\" dir=\"ltr\">Art. 16. S\u00e3o diretrizes da governan\u00e7a nas contrata\u00e7\u00f5es p\u00fablicas:<\/p><p class=\"Texto_Justificado\" dir=\"ltr\">I &#8211; promo\u00e7\u00e3o do desenvolvimento local e regional sustent\u00e1vel;<\/p><p class=\"Texto_Justificado\" dir=\"ltr\">II &#8211; garantia do tratamento diferenciado e simplificado \u00e0s microempresas e \u00e0s empresas de pequeno porte;<\/p><p class=\"Texto_Justificado\" dir=\"ltr\">III &#8211; promo\u00e7\u00e3o de ambiente negocial \u00edntegro e confi\u00e1vel;<\/p><p class=\"Texto_Justificado\" dir=\"ltr\">IV &#8211; alinhamento das contrata\u00e7\u00f5es p\u00fablicas aos planejamentos estrat\u00e9gicos dos \u00f3rg\u00e3os e entidades, bem como \u00e0s leis or\u00e7ament\u00e1rias;<\/p><p class=\"Texto_Justificado\" dir=\"ltr\">V &#8211; fomento \u00e0 competitividade nos certames, diminuindo a barreira de entrada a fornecedores em potencial;<\/p><p class=\"Texto_Justificado\" dir=\"ltr\">VI &#8211; aprimoramento da intera\u00e7\u00e3o com o mercado fornecedor, como forma de se promover a inova\u00e7\u00e3o e de se prospectar solu\u00e7\u00f5es que maximizem a efetividade da contrata\u00e7\u00e3o;<\/p><p class=\"Texto_Justificado\" dir=\"ltr\">VII &#8211; desburocratiza\u00e7\u00e3o, incentivo \u00e0 participa\u00e7\u00e3o social, uso de linguagem simples e de tecnologia;<\/p><p class=\"Texto_Justificado\" dir=\"ltr\">VIII &#8211; transpar\u00eancia processual;<\/p><p class=\"Texto_Justificado\" dir=\"ltr\">IX &#8211; padroniza\u00e7\u00e3o e centraliza\u00e7\u00e3o de procedimentos, sempre que pertinente;<\/p><p class=\"Texto_Justificado\" dir=\"ltr\">X &#8211; desenvolvimento de programas de integridade;<\/p><p class=\"Texto_Justificado\" dir=\"ltr\">XI &#8211; a promo\u00e7\u00e3o das contrata\u00e7\u00f5es sustent\u00e1veis;<\/p><p class=\"Texto_Justificado\" dir=\"ltr\">XII &#8211; fomento ao desenvolvimento de um mercado fornecedor que atenda a padr\u00f5es de sustentabilidade ambiental e social voltados \u00e0 redu\u00e7\u00e3o de externalidades negativas na sua cadeia de produ\u00e7\u00e3o; e<\/p><p class=\"Texto_Justificado\" dir=\"ltr\">XIII &#8211; otimiza\u00e7\u00e3o dos custos diretos e indiretos envolvidos no processo de contrata\u00e7\u00e3o p\u00fablica.<\/p><p class=\"Texto_Justificado\" dir=\"ltr\"><strong>Diretrizes de intera\u00e7\u00e3o com o mercado fornecedor<\/strong><\/p><p class=\"Texto_Justificado\" dir=\"ltr\">Art. 17. Compete ao \u00f3rg\u00e3o ou entidade, quanto \u00e0 intera\u00e7\u00e3o com o mercado fornecedor:<\/p><p class=\"Texto_Justificado\" dir=\"ltr\">I &#8211; promover regular e transparente di\u00e1logo quando da elabora\u00e7\u00e3o dos estudos t\u00e9cnicos preliminares, de forma a se obterem insumos para a otimiza\u00e7\u00e3o das especifica\u00e7\u00f5es dos objetos a serem contratados, dos par\u00e2metros de mercado para melhor t\u00e9cnica e custo das contrata\u00e7\u00f5es, e das obriga\u00e7\u00f5es da futura contratada.<\/p><p class=\"Texto_Justificado\" dir=\"ltr\">II &#8211; observar a devida transpar\u00eancia acerca dos eventos a serem conduzidos na fase da sele\u00e7\u00e3o do fornecedor, respeitados os princ\u00edpios da isonomia e da publicidade;<\/p><p class=\"Texto_Justificado\" dir=\"ltr\">III &#8211; padronizar os procedimentos para a fiscaliza\u00e7\u00e3o contratual, respeitando\u2013se os princ\u00edpios do devido processo legal, do contradit\u00f3rio e da ampla defesa, quando da apura\u00e7\u00e3o de descumprimentos junto a fornecedores; e<\/p><p class=\"Texto_Justificado\" dir=\"ltr\">IV &#8211; estabelecer exig\u00eancias sempre proporcionais ao objeto a ser contratado, para assegurar que as oportunidades sejam projetadas de modo a incentivar a ampla participa\u00e7\u00e3o de concorrentes potenciais, em especial, microempresas e empresas de pequeno porte.<\/p><p class=\"Texto_Justificado\" dir=\"ltr\"><strong>Diretrizes de gest\u00e3o de riscos e controle preventivo<\/strong><\/p><p class=\"Texto_Justificado\" dir=\"ltr\">Art. 18. Compete ao \u00f3rg\u00e3o ou entidade, quanto \u00e0 gest\u00e3o de riscos e ao controle preventivo do processo de contrata\u00e7\u00e3o p\u00fablica:<\/p><p class=\"Texto_Justificado\" dir=\"ltr\">I &#8211; estabelecer diretrizes para a gest\u00e3o de riscos e o controle preventivo que contemplem os n\u00edveis do macroprocesso de contrata\u00e7\u00f5es e dos processos espec\u00edficos de contrata\u00e7\u00e3o;<\/p><p class=\"Texto_Justificado\" dir=\"ltr\">II &#8211; realizar a gest\u00e3o de riscos e o controle preventivo do macroprocesso de contrata\u00e7\u00f5es e dos processos espec\u00edficos de contrata\u00e7\u00e3o, quando couber, conforme as diretrizes de que trata o inciso I;<\/p><p class=\"Texto_Justificado\" dir=\"ltr\">III &#8211; incluir nas atividades de auditoria interna a avalia\u00e7\u00e3o da governan\u00e7a, da gest\u00e3o de riscos e do controle preventivo nas contrata\u00e7\u00f5es; e<\/p><p class=\"Texto_Justificado\" dir=\"ltr\">IV &#8211; assegurar que os respons\u00e1veis pela tomada de decis\u00e3o, em todos os n\u00edveis do \u00f3rg\u00e3o ou da entidade, tenham acesso tempestivo \u00e0s informa\u00e7\u00f5es relativas aos riscos aos quais est\u00e1 exposto o processo de contrata\u00e7\u00f5es, inclusive para determinar quest\u00f5es relativas \u00e0 delega\u00e7\u00e3o de compet\u00eancia, se for o caso.<\/p><p class=\"Texto_Justificado\" dir=\"ltr\">Par\u00e1grafo \u00fanico. A gest\u00e3o de riscos e o controle preventivo dever\u00e3o racionalizar o trabalho administrativo ao longo do processo de contrata\u00e7\u00e3o, estabelecendo-se controles proporcionais aos riscos e suprimindo-se rotinas puramente formais.<\/p><p class=\"Texto_Justificado\" dir=\"ltr\"><strong>Diretrizes para a gest\u00e3o e fiscaliza\u00e7\u00e3o dos contratos<\/strong><\/p><p class=\"Texto_Justificado\" dir=\"ltr\">Art. 19. Compete ao \u00f3rg\u00e3o ou entidade, quanto \u00e0 gest\u00e3o e fiscaliza\u00e7\u00e3o dos contratos:<\/p><p class=\"Texto_Justificado\" dir=\"ltr\">I &#8211; avaliar a atua\u00e7\u00e3o do contratado no cumprimento das obriga\u00e7\u00f5es assumidas, baseando-se em indicadores objetivamente definidos no Acordo de N\u00edveis de Servi\u00e7o (ANS), sempre que aplic\u00e1vel;<\/p><p class=\"Texto_Justificado\" dir=\"ltr\">II &#8211; introduzir rotina aos processos de pagamentos dos contratos, incluindo as ordens cronol\u00f3gicas de pagamento, juntamente com sua mem\u00f3ria de c\u00e1lculo, relat\u00f3rio circunstanciado, proposi\u00e7\u00f5es de glosa e ordem banc\u00e1ria;<\/p><p class=\"Texto_Justificado\" dir=\"ltr\">III &#8211; definir as regras para designa\u00e7\u00e3o de gestores e fiscais de contrato, com base no perfil de compet\u00eancias previsto nos arts. 47 e 48 deste Decreto, evitando a sobrecarga de atribui\u00e7\u00f5es e resguardando a segrega\u00e7\u00e3o de fun\u00e7\u00f5es, observado regulamento espec\u00edfico;<\/p><p class=\"Texto_Justificado\" dir=\"ltr\">IV &#8211; modelar o processo sancionat\u00f3rio decorrente de contrata\u00e7\u00f5es p\u00fablicas, estabelecendo-se, em especial, crit\u00e9rios objetivos e ison\u00f4micos para a determina\u00e7\u00e3o da dosimetria das penas, com fulcro no \u00a7 1\u00ba do art. 156 da Lei n.\u00ba 14.133, de 2021;<\/p><p class=\"Texto_Justificado\" dir=\"ltr\">V &#8211; prever a implanta\u00e7\u00e3o de programas de integridade pelo contratado, na hip\u00f3tese de objetos de grande vulto, e para os demais casos, quando aplic\u00e1vel, na forma da legisla\u00e7\u00e3o vigente; e<\/p><p class=\"Texto_Justificado\" dir=\"ltr\">VI &#8211; constituir, com base no relat\u00f3rio final de que trata a al\u00ednea &#8220;d&#8221; do inciso VI do \u00a7 3\u00ba do art. 174 da Lei n.\u00ba 14.133, de 2021, base de dados de li\u00e7\u00f5es aprendidas durante a execu\u00e7\u00e3o contratual, como forma de aprimoramento das atividades da Administra\u00e7\u00e3o, na forma de regulamenta\u00e7\u00e3o espec\u00edfica.<\/p><p class=\"Texto_Justificado\" dir=\"ltr\"><strong>Instrumentos de governan\u00e7a<\/strong><\/p><p class=\"Texto_Justificado\" dir=\"ltr\">Art. 20. S\u00e3o instrumentos de governan\u00e7a nas contrata\u00e7\u00f5es p\u00fablicas, dentre outros:<\/p><p class=\"Texto_Justificado\" dir=\"ltr\">I &#8211; o planejamento estrat\u00e9gico do \u00f3rg\u00e3o ou entidade;<\/p><p class=\"Texto_Justificado\" dir=\"ltr\">II &#8211; o Plano Plurianual &#8211; PPA, previsto no inciso I do art. 209, da Constitui\u00e7\u00e3o do Estado do Rio de Janeiro;<\/p><p class=\"Texto_Justificado\" dir=\"ltr\">III &#8211; a Lei de Diretrizes Or\u00e7ament\u00e1rias &#8211; LDO, prevista no inciso II do art. 209, da Constitui\u00e7\u00e3o do Estado do Rio de Janeiro;<\/p><p class=\"Texto_Justificado\" dir=\"ltr\">IV &#8211; a Lei Or\u00e7ament\u00e1ria Anual &#8211; LOA, prevista no inciso III do art. 209, da Constitui\u00e7\u00e3o do Estado do Rio de Janeiro;<\/p><p class=\"Texto_Justificado\" dir=\"ltr\">V &#8211; o Plano de Contrata\u00e7\u00f5es Anual, previsto no inciso VII do art. 12 da Lei n.\u00ba 14.133, de 2021, e regulamentado por ato do \u00d3rg\u00e3o Central do Sislog;<\/p><p class=\"Texto_Justificado\" dir=\"ltr\">VI &#8211; o Plano de Gest\u00e3o de Log\u00edstica Sustent\u00e1vel &#8211; PLS, previsto na Lei n.\u00ba 8.231, de 10 de dezembro de 2018;<\/p><p class=\"Texto_Justificado\" dir=\"ltr\">VII &#8211; o Plano de Investimentos do Estado do Rio de Janeiro &#8211; PIERJ, previsto no Decreto n.\u00ba 46.666, de 20 de maio de 2019;<\/p><p class=\"Texto_Justificado\" dir=\"ltr\">VIII &#8211; o Plano Diretor de Tecnologia da Informa\u00e7\u00e3o e Comunica\u00e7\u00e3o &#8211; PDTIC, previsto no Decreto n.\u00ba 47.278, de 17 de setembro de 2020;<\/p><p class=\"Texto_Justificado\" dir=\"ltr\">IX &#8211; Plano de Integridade, previsto no Decreto n.\u00ba 46.745, de 22 de agosto de 2019; e<\/p><p class=\"Texto_Justificado\" dir=\"ltr\">X &#8211; a avalia\u00e7\u00e3o dos resultados da contrata\u00e7\u00e3o atrav\u00e9s de registros pr\u00f3prios ou de funcionalidade do PNCP, conforme previsto no \u00a7 3\u00ba do art. 174 da Lei n.\u00ba 14.133, de 2021.<\/p><p class=\"Texto_Justificado\" dir=\"ltr\">\u00a7 1\u00ba Os instrumentos de governan\u00e7a de que trata este artigo devem abordar todas as considera\u00e7\u00f5es t\u00e9cnicas, bem como estar alinhados entre si, de forma a garantir adequado planejamento das contrata\u00e7\u00f5es e a maximiza\u00e7\u00e3o de utiliza\u00e7\u00e3o dos recursos dispon\u00edveis.<\/p><p class=\"Texto_Justificado\" dir=\"ltr\">\u00a7 2\u00ba A Administra\u00e7\u00e3o dever\u00e1 envidar esfor\u00e7os para a capacita\u00e7\u00e3o dos servidores que atuam nas etapas de planejamento, observando o estabelecido no art. 22 deste Decreto.<\/p><p class=\"Texto_Centralizado\" dir=\"ltr\" style=\"text-align: center;\">CAP\u00cdTULO IV<\/p><p class=\"Texto_Centralizado\" dir=\"ltr\" style=\"text-align: center;\">DA ESTRUTURA ADMINISTRATIVA DA GEST\u00c3O DE CONTRATA\u00c7\u00d5ES<\/p><p class=\"Texto_Centralizado\" dir=\"ltr\" style=\"text-align: center;\"><strong>Se\u00e7\u00e3o I<\/strong><\/p><p class=\"Texto_Centralizado\" dir=\"ltr\" style=\"text-align: center;\"><strong>Da Alta Administra\u00e7\u00e3o<\/strong><\/p><p class=\"Texto_Justificado\" dir=\"ltr\">Art. 21. Compete \u00e0 alta administra\u00e7\u00e3o de cada \u00f3rg\u00e3o e entidade do Poder Executivo do Estado do Rio de Janeiro:<\/p><p class=\"Texto_Justificado\" dir=\"ltr\">I &#8211; implementar processos e estruturas, inclusive de gest\u00e3o de riscos e controles internos, para avaliar, direcionar e monitorar os processos licitat\u00f3rios e os respectivos contratos, observando-se o disposto pelo Sistema de Controle Interno do Poder Executivo;<\/p><p class=\"Texto_Justificado\" dir=\"ltr\">II &#8211; definir estrategicamente as contrata\u00e7\u00f5es a serem realizadas, classificando seu grau de prioridade conforme a relev\u00e2ncia da demanda final a ser atendida;<\/p><p class=\"Texto_Justificado\" dir=\"ltr\">III &#8211; implementar e manter as diretrizes e instrumentos de governan\u00e7a das contrata\u00e7\u00f5es p\u00fablicas em conson\u00e2ncia com o disposto neste Decreto, estabelecendo, no \u00e2mbito de sua compet\u00eancia, no m\u00ednimo:<\/p><p class=\"Texto_Justificado\" dir=\"ltr\">a) formas de acompanhamento de resultados, com indicadores e metas para a gest\u00e3o dos processos de contrata\u00e7\u00f5es;<\/p><p class=\"Texto_Justificado\" dir=\"ltr\">b) iniciativas que promovam solu\u00e7\u00f5es para melhoria do desempenho institucional, com apoio, quando poss\u00edvel, dos resultados da gest\u00e3o de riscos e do controle preventivo; e<\/p><p class=\"Texto_Justificado\" dir=\"ltr\">c) instrumentos de promo\u00e7\u00e3o do processo decis\u00f3rio orientado por evid\u00eancias, pela conformidade legal, pela qualidade regulat\u00f3ria, pela desburocratiza\u00e7\u00e3o e pelo apoio \u00e0 participa\u00e7\u00e3o da sociedade.<\/p><p class=\"Texto_Justificado\" dir=\"ltr\">IV &#8211; realizar reuni\u00f5es estrat\u00e9gicas peri\u00f3dicas de equipe para avaliar a implementa\u00e7\u00e3o das pol\u00edticas de governan\u00e7a e o desempenho das contrata\u00e7\u00f5es; e<\/p><p class=\"Texto_Justificado\" dir=\"ltr\">V &#8211; mediante os resultados obtidos nas contrata\u00e7\u00f5es, estabelecer os ajustes necess\u00e1rios para que os objetivos institucionais sejam plenamente cumpridos.<\/p><p class=\"Texto_Centralizado\" dir=\"ltr\" style=\"text-align: center;\"><strong>Se\u00e7\u00e3o II<\/strong><\/p><p class=\"Texto_Centralizado\" dir=\"ltr\" style=\"text-align: center;\"><strong>Da Gest\u00e3o por compet\u00eancias<\/strong><\/p><p class=\"Texto_Justificado\" dir=\"ltr\">Art. 22. Compete ao \u00f3rg\u00e3o ou entidade, quanto \u00e0 gest\u00e3o por compet\u00eancias do processo de contrata\u00e7\u00f5es p\u00fablicas:<\/p><p class=\"Texto_Justificado\" dir=\"ltr\">I &#8211; assegurar que os agentes que exer\u00e7am fun\u00e7\u00f5es log\u00edsticas tenham conhecimentos, habilidades e atitudes pessoais e profissionais compat\u00edveis com as atribui\u00e7\u00f5es impostas pela pr\u00e1tica e pelas normas que regulam a atividade;<\/p><p class=\"Texto_Justificado\" dir=\"ltr\">II &#8211; garantir que a escolha dos ocupantes de fun\u00e7\u00f5es-chave, fun\u00e7\u00f5es de confian\u00e7a ou cargos em comiss\u00e3o, na \u00e1rea de contrata\u00e7\u00f5es, seja fundamentada no processo de nomea\u00e7\u00e3o com base nos perfis de compet\u00eancias definidos conforme o inciso I deste artigo, observando os princ\u00edpios da transpar\u00eancia, da efici\u00eancia e do interesse p\u00fablico, bem como os requisitos definidos no art. 31 deste Decreto;<\/p><p class=\"Texto_Justificado\" dir=\"ltr\">III &#8211; estabelecer em normativos internos:<\/p><p class=\"Texto_Justificado\" dir=\"ltr\">a) compet\u00eancias, atribui\u00e7\u00f5es e responsabilidades dos dirigentes, incluindo a responsabilidade pelo estabelecimento de pol\u00edticas e procedimentos de controles internos necess\u00e1rios para mitigar os riscos, desde que n\u00e3o conflite com a legisla\u00e7\u00e3o vigente;<\/p><p class=\"Texto_Justificado\" dir=\"ltr\">b) compet\u00eancias, atribui\u00e7\u00f5es e responsabilidades dos demais agentes que atuam no processo de contrata\u00e7\u00f5es; e<\/p><p class=\"Texto_Justificado\" dir=\"ltr\">c) pol\u00edtica de delega\u00e7\u00e3o de compet\u00eancia para autoriza\u00e7\u00e3o de contrata\u00e7\u00f5es, se pertinente.<\/p><p class=\"Texto_Justificado\" dir=\"ltr\">IV &#8211; avaliar a necessidade de atribuir a um comit\u00ea, integrado por representantes dos diversos setores da organiza\u00e7\u00e3o, a responsabilidade por auxiliar a alta administra\u00e7\u00e3o nas decis\u00f5es relativas \u00e0s contrata\u00e7\u00f5es; e<\/p><p class=\"Texto_Justificado\" dir=\"ltr\">V &#8211; elencar, no Plano Setorial de Capacita\u00e7\u00e3o de Pessoas &#8211; PSCP, previsto no Decreto n.\u00ba 47.686, de 15 de julho de 2021, a\u00e7\u00f5es de aperfei\u00e7oamento dos dirigentes e demais agentes que atuam no processo de contrata\u00e7\u00e3o, contemplando aspectos t\u00e9cnicos, gerenciais e comportamentais desej\u00e1veis ao bom desempenho de suas fun\u00e7\u00f5es.<\/p><p class=\"Texto_Centralizado\" dir=\"ltr\" style=\"text-align: center;\"><strong>Se\u00e7\u00e3o III<\/strong><\/p><p class=\"Texto_Centralizado\" dir=\"ltr\" style=\"text-align: center;\"><strong>Da estrutura administrativa de contrata\u00e7\u00f5es<\/strong><\/p><p class=\"Texto_Justificado\" dir=\"ltr\"><strong>Diretrizes<\/strong><\/p><p class=\"Texto_Justificado\" dir=\"ltr\">Art. 23. Compete ao \u00f3rg\u00e3o ou entidade, quanto \u00e0 estrutura administrativa da gest\u00e3o de contrata\u00e7\u00f5es p\u00fablicas:<\/p><p class=\"Texto_Justificado\" dir=\"ltr\">I &#8211; proceder, periodicamente, \u00e0 avalia\u00e7\u00e3o quantitativa e qualitativa do pessoal, de forma a delimitar as necessidades de recursos materiais e humanos;<\/p><p class=\"Texto_Justificado\" dir=\"ltr\">II &#8211; zelar pela devida segrega\u00e7\u00e3o de fun\u00e7\u00f5es, vedada a designa\u00e7\u00e3o do mesmo agente p\u00fablico para atua\u00e7\u00e3o simult\u00e2nea nas fun\u00e7\u00f5es mais suscet\u00edveis a riscos; e<\/p><p class=\"Texto_Justificado\" dir=\"ltr\">III &#8211; proceder a ajustes ou a adequa\u00e7\u00f5es em suas estruturas, considerando a centraliza\u00e7\u00e3o de compras pelas unidades competentes, objetivando o ganho de escala e evitando o fracionamento.<\/p><p class=\"Texto_Justificado\" dir=\"ltr\"><strong>Estrutura<\/strong><\/p><p class=\"Texto_Justificado\" dir=\"ltr\">Art. 24. A estrutura de gest\u00e3o de contrata\u00e7\u00f5es p\u00fablicas dos \u00f3rg\u00e3os e entidades ser\u00e1 organizada em, no m\u00ednimo:<\/p><p class=\"Texto_Justificado\" dir=\"ltr\">I &#8211; \u00e1rea de contrata\u00e7\u00f5es;<\/p><p class=\"Texto_Justificado\" dir=\"ltr\">II &#8211; \u00e1rea de planejamento or\u00e7ament\u00e1rio;<\/p><p class=\"Texto_Justificado\" dir=\"ltr\">III &#8211; \u00e1rea jur\u00eddica;<\/p><p class=\"Texto_Justificado\" dir=\"ltr\">IV &#8211; \u00e1rea de finan\u00e7as e contabilidade; e<\/p><p class=\"Texto_Justificado\" dir=\"ltr\">V &#8211; \u00e1rea de controle.<\/p><p class=\"Texto_Justificado\" dir=\"ltr\">Par\u00e1grafo \u00fanico &#8211; A defini\u00e7\u00e3o das \u00e1reas de que trata o caput deste artigo n\u00e3o ensejar\u00e1, obrigatoriamente, a cria\u00e7\u00e3o de novas estruturas nas unidades administrativas dos \u00f3rg\u00e3os e das entidades.<\/p><p class=\"Texto_Centralizado\" dir=\"ltr\" style=\"text-align: center;\"><strong>Se\u00e7\u00e3o IV<\/strong><\/p><p class=\"Texto_Centralizado\" dir=\"ltr\" style=\"text-align: center;\"><strong>Da organiza\u00e7\u00e3o das \u00e1reas<\/strong><\/p><p class=\"Texto_Justificado\" dir=\"ltr\"><strong>\u00c1rea de contrata\u00e7\u00f5es<\/strong><\/p><p class=\"Texto_Justificado\" dir=\"ltr\">Art. 25. Compete \u00e0 \u00e1rea de contrata\u00e7\u00f5es, conforme as fases previstas no macroprocesso nos termos do art. 15 do presente Decreto, em especial:<\/p><p class=\"Texto_Justificado\" dir=\"ltr\">I &#8211; o planejamento da contrata\u00e7\u00e3o;<\/p><p class=\"Texto_Justificado\" dir=\"ltr\">II &#8211; a elabora\u00e7\u00e3o dos documentos da fase preparat\u00f3ria;<\/p><p class=\"Texto_Justificado\" dir=\"ltr\">III &#8211; a condu\u00e7\u00e3o do processo de sele\u00e7\u00e3o do fornecedor;<\/p><p class=\"Texto_Justificado\" dir=\"ltr\">IV &#8211; a avalia\u00e7\u00e3o da conformidade da execu\u00e7\u00e3o do contrato para fins de mapeamento de riscos nas pr\u00f3ximas contrata\u00e7\u00f5es;<\/p><p class=\"Texto_Justificado\" dir=\"ltr\"><strong>\u00c1rea de planejamento or\u00e7ament\u00e1rio<\/strong><\/p><p class=\"Texto_Justificado\" dir=\"ltr\">Art. 26. Compete \u00e0 \u00e1rea de planejamento or\u00e7ament\u00e1rio:<\/p><p class=\"Texto_Justificado\" dir=\"ltr\">I &#8211; auxiliar as demais \u00e1reas na elabora\u00e7\u00e3o do plano de contrata\u00e7\u00f5es anual, informando a respeito das dota\u00e7\u00f5es or\u00e7ament\u00e1rias previstas para o pr\u00f3ximo exerc\u00edcio e orientando sobre a classifica\u00e7\u00e3o or\u00e7ament\u00e1ria das despesas que nele constar\u00e3o;<\/p><p class=\"Texto_Justificado\" dir=\"ltr\">II &#8211; confirmar a previs\u00e3o e a disponibilidade de recursos or\u00e7ament\u00e1rios para as contrata\u00e7\u00f5es propostas; e<\/p><p class=\"Texto_Justificado\" dir=\"ltr\">III &#8211; propor e acompanhar as solicita\u00e7\u00f5es de altera\u00e7\u00f5es or\u00e7ament\u00e1rias para as contrata\u00e7\u00f5es propostas, se for o caso.<\/p><p class=\"Texto_Justificado\" dir=\"ltr\"><strong>\u00c1rea jur\u00eddica<\/strong><\/p><p class=\"Texto_Justificado\" dir=\"ltr\">Art. 27. Compete \u00e0 \u00e1rea jur\u00eddica, na forma do \u00a7 3\u00ba do art. 8\u00ba e art. 53 da Lei n.\u00ba 14.133, de 2021 e do disposto na Lei n.\u00ba 5.414, de 19 de mar\u00e7o de 2009, bem como no Decreto n.\u00ba 40.500, de 1\u00ba de janeiro de 2007, o controle pr\u00e9vio de legalidade, mediante an\u00e1lise jur\u00eddica do processo da contrata\u00e7\u00e3o e de acordos, termos de coopera\u00e7\u00e3o, conv\u00eanios, ajustes, ades\u00f5es a atas de registro de pre\u00e7os, outros instrumentos cong\u00eaneres e de seus termos aditivos, inclusive o assessoramento jur\u00eddico aos agentes p\u00fablicos no desempenho das fun\u00e7\u00f5es essenciais \u00e0 execu\u00e7\u00e3o da contrata\u00e7\u00e3o.<\/p><p class=\"Texto_Justificado\" dir=\"ltr\">Par\u00e1grafo \u00fanico. \u00c9 dispens\u00e1vel a an\u00e1lise jur\u00eddica nas hip\u00f3teses previamente definidas em ato do Procurador Geral do Estado, que dever\u00e1 considerar o baixo valor, a baixa complexidade da contrata\u00e7\u00e3o, a entrega imediata do bem ou a utiliza\u00e7\u00e3o de minutas de editais e instrumentos de contrato, conv\u00eanio ou outros ajustes previamente padronizados pela Procuradoria Geral do Estado, observando-se o procedimento previsto no art. 13-B do Decreto n.\u00ba 40.500, de 2007.<\/p><p class=\"Texto_Justificado\" dir=\"ltr\"><strong>\u00c1rea de finan\u00e7as e contabilidade<\/strong><\/p><p class=\"Texto_Justificado\" dir=\"ltr\">Art. 28. Compete \u00e0 \u00e1rea de finan\u00e7as e contabilidade o registro cont\u00e1bil e controle dos atos e fatos pertinentes \u00e0 execu\u00e7\u00e3o contratual, tais como emiss\u00e3o de nota de empenho, registro da liquida\u00e7\u00e3o e reten\u00e7\u00f5es fiscais, programa\u00e7\u00e3o de desembolso e efetivo pagamento.<\/p><p class=\"Texto_Justificado\" dir=\"ltr\">Par\u00e1grafo \u00fanico. A \u00e1rea de finan\u00e7as e contabilidade dever\u00e1 assessorar o gestor do contrato, agente de contrata\u00e7\u00f5es, comiss\u00e3o de contrata\u00e7\u00e3o ou equipe de apoio nos casos em que haja necessidade de manifesta\u00e7\u00e3o t\u00e9cnica acerca de documentos e informa\u00e7\u00f5es pertinentes a sua \u00e1rea de atua\u00e7\u00e3o.<\/p><p class=\"Texto_Justificado\" dir=\"ltr\"><strong>\u00c1rea de controle<\/strong><\/p><p class=\"Texto_Justificado\" dir=\"ltr\">Art. 29. Compete \u00e0 \u00e1rea de controle atuar, preventivamente, no ciclo das contrata\u00e7\u00f5es, assessorando e auxiliando as demais \u00e1reas no exerc\u00edcio de suas atribui\u00e7\u00f5es, conforme regulamenta\u00e7\u00e3o espec\u00edfica.<\/p><p class=\"Texto_Justificado\" dir=\"ltr\">Par\u00e1grafo \u00fanico. A atua\u00e7\u00e3o da \u00e1rea de controle, em observ\u00e2ncia ao disposto no art. 169, da Lei n.\u00ba 14.133, de 2021, observar\u00e1 a seguinte organiza\u00e7\u00e3o, no que cabe ao Poder Executivo do Estado do Rio de Janeiro:<\/p><p class=\"Texto_Justificado\" dir=\"ltr\">I &#8211; Primeira linha de defesa, constitu\u00edda pelas unidades integrantes da \u00e1rea de contrata\u00e7\u00f5es, planejamento or\u00e7ament\u00e1rio, finan\u00e7as e contabilidade;<\/p><p class=\"Texto_Justificado\" dir=\"ltr\">II &#8211; Segunda linha de defesa, constitu\u00edda pelas unidades da \u00e1rea jur\u00eddica e de controle interno; e<\/p><p class=\"Texto_Justificado\" dir=\"ltr\">III &#8211; Terceira linha de defesa, constitu\u00edda pela Controladoria Geral do Estado.<\/p><p class=\"Texto_Centralizado\" dir=\"ltr\" style=\"text-align: center;\">CAP\u00cdTULO V<\/p><p class=\"Texto_Centralizado\" dir=\"ltr\" style=\"text-align: center;\">DOS AGENTES P\u00daBLICOS DO CICLO DE CONTRATA\u00c7\u00d5ES<\/p><p class=\"Texto_Centralizado\" dir=\"ltr\" style=\"text-align: center;\"><strong>Se\u00e7\u00e3o I<\/strong><\/p><p class=\"Texto_Centralizado\" dir=\"ltr\" style=\"text-align: center;\"><strong>Dos agentes p\u00fablicos<\/strong><\/p><p class=\"Texto_Justificado\" dir=\"ltr\">Art. 30. S\u00e3o agentes p\u00fablicos essenciais para o desempenho das fun\u00e7\u00f5es da \u00e1rea de contrata\u00e7\u00f5es:<\/p><p class=\"Texto_Justificado\" dir=\"ltr\">I &#8211; autoridade m\u00e1xima do \u00f3rg\u00e3o ou entidade;<\/p><p class=\"Texto_Justificado\" dir=\"ltr\">II &#8211; agente da contrata\u00e7\u00e3o\/pregoeiro ou integrantes da comiss\u00e3o de contrata\u00e7\u00e3o;<\/p><p class=\"Texto_Justificado\" dir=\"ltr\">III &#8211; integrantes da equipe de apoio;<\/p><p class=\"Texto_Justificado\" dir=\"ltr\">IV &#8211; gestor de contrato; e<\/p><p class=\"Texto_Justificado\" dir=\"ltr\">V &#8211; fiscal de contrato.<\/p><p class=\"Texto_Justificado\" dir=\"ltr\">Art. 31. Os agentes p\u00fablicos designados para o desempenho das fun\u00e7\u00f5es da \u00e1rea de contrata\u00e7\u00f5es, dever\u00e3o preencher os seguintes requisitos:<\/p><p class=\"Texto_Justificado\" dir=\"ltr\">I &#8211; sejam, preferencialmente, servidores efetivos ou empregados p\u00fablicos dos quadros permanentes da Administra\u00e7\u00e3o P\u00fablica;<\/p><p class=\"Texto_Justificado\" dir=\"ltr\">II &#8211; tenham atribui\u00e7\u00f5es relacionadas a licita\u00e7\u00f5es e contratos ou possuam forma\u00e7\u00e3o compat\u00edvel ou qualifica\u00e7\u00e3o atestada por certifica\u00e7\u00e3o profissional emitida por escola de governo criada e mantida pelo poder p\u00fablico; e<\/p><p class=\"Texto_Justificado\" dir=\"ltr\">III &#8211; n\u00e3o sejam c\u00f4njuge ou companheiro de licitantes ou contratados do \u00f3rg\u00e3o ou entidade nem tenham com eles v\u00ednculo de parentesco, colateral ou por afinidade, at\u00e9 o terceiro grau, amizade ou inimizade, ou de natureza t\u00e9cnica, comercial, econ\u00f4mica, financeira, trabalhista e civil.<\/p><p class=\"Texto_Justificado\" dir=\"ltr\">Par\u00e1grafo \u00fanico. O agente p\u00fablico dever\u00e1 afastar-se, voluntariamente ou por ato da autoridade competente, da licita\u00e7\u00e3o ou da contrata\u00e7\u00e3o, t\u00e3o logo seja verificado algum dos v\u00ednculos previstos no inciso III do caput deste artigo, sem preju\u00edzo da apura\u00e7\u00e3o de sua responsabilidade civil, penal ou administrativa, nos termos do art. 53 deste Decreto e da necessidade de ratifica\u00e7\u00e3o fundamentada, por parte da autoridade m\u00e1xima, dos atos praticados.<\/p><p class=\"Texto_Justificado\" dir=\"ltr\">Art. 32. \u00c9 vedado ao agente p\u00fablico designado para atuar na \u00e1rea de licita\u00e7\u00f5es e contratos, ressalvados os casos previstos em lei:<\/p><p class=\"Texto_Justificado\" dir=\"ltr\">I &#8211; admitir, prever, incluir ou tolerar, nos atos que praticar, situa\u00e7\u00f5es que:<\/p><p class=\"Texto_Justificado\" dir=\"ltr\">a) comprometam, restrinjam ou frustrem o car\u00e1ter competitivo do processo licitat\u00f3rio, inclusive nos casos de participa\u00e7\u00e3o de sociedades cooperativas;<\/p><p class=\"Texto_Justificado\" dir=\"ltr\">b) estabele\u00e7am prefer\u00eancias ou distin\u00e7\u00f5es em raz\u00e3o da naturalidade, da sede ou do domic\u00edlio dos licitantes;<\/p><p class=\"Texto_Justificado\" dir=\"ltr\">c) sejam impertinentes ou irrelevantes para o objeto espec\u00edfico do contrato;<\/p><p class=\"Texto_Justificado\" dir=\"ltr\">II &#8211; estabelecer tratamento diferenciado de natureza comercial, legal, trabalhista, previdenci\u00e1ria ou qualquer outra entre empresas brasileiras e estrangeiras, inclusive no que se refere a moeda, modalidade e local de pagamento, mesmo quando envolvido financiamento de ag\u00eancia internacional;<\/p><p class=\"Texto_Justificado\" dir=\"ltr\">III &#8211; opor resist\u00eancia injustificada ao andamento dos processos e, indevidamente, retardar ou deixar de praticar ato de of\u00edcio, ou pratic\u00e1-lo contra disposi\u00e7\u00e3o expressa em lei.<\/p><p class=\"Texto_Justificado\" dir=\"ltr\">\u00a7 1\u00ba N\u00e3o poder\u00e1 participar, direta ou indiretamente, da licita\u00e7\u00e3o ou da execu\u00e7\u00e3o do contrato agente p\u00fablico de \u00f3rg\u00e3o ou entidade licitante ou contratante, devendo ser observadas as situa\u00e7\u00f5es que possam configurar conflito de interesses no exerc\u00edcio ou ap\u00f3s o exerc\u00edcio do cargo ou emprego.<\/p><p class=\"Texto_Justificado\" dir=\"ltr\">\u00a7 2\u00ba As veda\u00e7\u00f5es de que trata este artigo estendem-se a terceiro que auxilie a condu\u00e7\u00e3o da contrata\u00e7\u00e3o na qualidade de integrante de equipe de apoio, profissional especializado ou funcion\u00e1rio ou representante de empresa que preste assessoria t\u00e9cnica.<\/p><p class=\"Texto_Centralizado\" dir=\"ltr\" style=\"text-align: center;\"><strong>Se\u00e7\u00e3o II<\/strong><\/p><p class=\"Texto_Centralizado\" dir=\"ltr\" style=\"text-align: center;\"><strong>Da Autoridade m\u00e1xima do \u00f3rg\u00e3o ou entidade<\/strong><\/p><p class=\"Texto_Justificado\" dir=\"ltr\"><strong>Compet\u00eancia<\/strong><\/p><p class=\"Texto_Justificado\" dir=\"ltr\">Art. 33. Nos processos de contrata\u00e7\u00f5es, compete \u00e0 Autoridade M\u00e1xima do \u00f3rg\u00e3o ou entidade, ou a quem as normas de organiza\u00e7\u00e3o administrativa indicarem:<\/p><p class=\"Texto_Justificado\" dir=\"ltr\">I &#8211; designar os agentes p\u00fablicos;<\/p><p class=\"Texto_Justificado\" dir=\"ltr\">II &#8211; determinar a abertura do processo licitat\u00f3rio;<\/p><p class=\"Texto_Justificado\" dir=\"ltr\">III &#8211; decidir recursos;<\/p><p class=\"Texto_Justificado\" dir=\"ltr\">IV &#8211; determinar o retorno dos autos para saneamento de irregularidades;<\/p><p class=\"Texto_Justificado\" dir=\"ltr\">V &#8211; revogar a licita\u00e7\u00e3o por motivo de conveni\u00eancia e oportunidade;<\/p><p class=\"Texto_Justificado\" dir=\"ltr\">VI &#8211; proceder \u00e0 anula\u00e7\u00e3o da licita\u00e7\u00e3o, de of\u00edcio ou mediante provoca\u00e7\u00e3o de terceiros, sempre que presente ilegalidade insan\u00e1vel;<\/p><p class=\"Texto_Justificado\" dir=\"ltr\">VII &#8211; adjudicar o objeto da licita\u00e7\u00e3o quando esta for a autoridade superior na estrutura do \u00f3rg\u00e3o;<\/p><p class=\"Texto_Justificado\" dir=\"ltr\">VIII &#8211; homologar o resultado da licita\u00e7\u00e3o;<\/p><p class=\"Texto_Justificado\" dir=\"ltr\">IX &#8211; celebrar o contrato ou assinar a ata de registro de pre\u00e7os;<\/p><p class=\"Texto_Justificado\" dir=\"ltr\">X &#8211; aplicar a san\u00e7\u00e3o estabelecida no inciso IV do caput do art. 156, da Lei n.\u00ba 14.133, de 2021;<\/p><p class=\"Texto_Justificado\" dir=\"ltr\">XI &#8211; promover a gest\u00e3o por compet\u00eancias;<\/p><p class=\"Texto_Justificado\" dir=\"ltr\">XII &#8211; adequar a estrutura administrativa do seu \u00f3rg\u00e3o de forma a possibilitar a execu\u00e7\u00e3o das fun\u00e7\u00f5es log\u00edsticas, observando as peculiaridades e dimens\u00f5es de suas demandas;<\/p><p class=\"Texto_Justificado\" dir=\"ltr\">XIII &#8211; garantir a segrega\u00e7\u00e3o de fun\u00e7\u00f5es em sua estrutura; e<\/p><p class=\"Texto_Justificado\" dir=\"ltr\">XIV &#8211; revogar o contrato por raz\u00f5es de interesse p\u00fablico na forma do inciso VIII do art. 137 da Lei n.\u00ba 14.133, de 2021.<\/p><p class=\"Texto_Centralizado\" dir=\"ltr\" style=\"text-align: center;\"><strong>Se\u00e7\u00e3o III<\/strong><\/p><p class=\"Texto_Centralizado\" dir=\"ltr\" style=\"text-align: center;\"><strong>Do Agente de Contrata\u00e7\u00e3o<\/strong><\/p><p class=\"Texto_Justificado\" dir=\"ltr\"><strong>Disposi\u00e7\u00f5es gerais<\/strong><\/p><p class=\"Texto_Justificado\" dir=\"ltr\">Art. 34. O agente de contrata\u00e7\u00e3o e seu respectivo substituto, designados pela autoridade competente do \u00f3rg\u00e3o ou entidade, em car\u00e1ter permanente ou especial, \u00e9 o respons\u00e1vel para o desempenho das atribui\u00e7\u00f5es legais na condu\u00e7\u00e3o da licita\u00e7\u00e3o, podendo:<\/p><p class=\"Texto_Justificado\" dir=\"ltr\">I &#8211; ser auxiliado na fase externa, sempre que necess\u00e1rio, por equipe de apoio, respondendo individualmente pelos atos que praticar, salvo quando induzido a erro.<\/p><p class=\"Texto_Justificado\" dir=\"ltr\">II &#8211; ser assessorado pelos \u00f3rg\u00e3os de assessoramento jur\u00eddico e de controle interno sobre modelos de minutas de editais, de termos de refer\u00eancia, de contratos padronizados e de outros documentos.<\/p><p class=\"Texto_Justificado\" dir=\"ltr\">III &#8211; ser substitu\u00eddo, no caso de licita\u00e7\u00e3o de bens ou servi\u00e7os especiais, por comiss\u00e3o de contrata\u00e7\u00e3o que responder\u00e1 solidariamente por todos os atos praticados, ressalvado o membro que expressar posi\u00e7\u00e3o individual divergente fundamentada e registrada em ata.<\/p><p class=\"Texto_Justificado\" dir=\"ltr\">Par\u00e1grafo \u00fanico. Em licita\u00e7\u00e3o na modalidade preg\u00e3o, o agente de contrata\u00e7\u00e3o ser\u00e1 designado pregoeiro.<\/p><p class=\"Texto_Justificado\" dir=\"ltr\">Art. 35. O agente de contrata\u00e7\u00e3o deve ser, preferencialmente, servidor efetivo ou empregado p\u00fablico dos quadros permanentes da Administra\u00e7\u00e3o P\u00fablica.<\/p><p class=\"Texto_Justificado\">Par\u00e1grafo \u00fanico. Servidores ocupantes exclusivamente de cargo em comiss\u00e3o poder\u00e3o ser designados como agentes de contrata\u00e7\u00e3o ou pregoeiros, mediante justificativa da qualifica\u00e7\u00e3o dos indicados, que dever\u00e1 ser submetida \u00e0 autoridade superior.<\/p><p class=\"Texto_Justificado\" dir=\"ltr\">Art. 36. A atua\u00e7\u00e3o na fun\u00e7\u00e3o de agente de contrata\u00e7\u00e3o estar\u00e1 sujeita a processo de capacita\u00e7\u00e3o, conforme inciso II, do art. 31 deste Decreto.<\/p><p class=\"Texto_Justificado\" dir=\"ltr\">Art. 37. O agente de contrata\u00e7\u00e3o poder\u00e1 solicitar manifesta\u00e7\u00e3o do \u00f3rg\u00e3o de assessoramento jur\u00eddico ou de outros setores do \u00f3rg\u00e3o ou da entidade licitante, bem como do \u00f3rg\u00e3o de controle interno, para o desempenho das fun\u00e7\u00f5es essenciais \u00e0 execu\u00e7\u00e3o de suas atividades, respeitadas as normas internas de organiza\u00e7\u00e3o de cada \u00f3rg\u00e3o ou entidade.<\/p><p class=\"Texto_Justificado\" dir=\"ltr\"><strong>Atribui\u00e7\u00f5es<\/strong><\/p><p class=\"Texto_Justificado\" dir=\"ltr\">Art. 38. Caber\u00e1 ao agente de contrata\u00e7\u00e3o, em especial:<\/p><p class=\"Texto_Justificado\" dir=\"ltr\">I &#8211; tomar decis\u00f5es em prol da boa condu\u00e7\u00e3o da licita\u00e7\u00e3o, dar impulso ao procedimento, inclusive por meio de demandas \u00e0s \u00e1reas das unidades de contrata\u00e7\u00f5es, descentralizadas ou n\u00e3o, para fins de saneamento da fase preparat\u00f3ria, caso necess\u00e1rio;<\/p><p class=\"Texto_Justificado\" dir=\"ltr\">II &#8211; acompanhar os tr\u00e2mites da licita\u00e7\u00e3o e promover dilig\u00eancias;<\/p><p class=\"Texto_Justificado\" dir=\"ltr\">III &#8211; coordenar e instruir o processo licitat\u00f3rio, conduzindo os trabalhos da equipe de apoio;<\/p><p class=\"Texto_Justificado\" dir=\"ltr\">IV &#8211; conduzir a sess\u00e3o p\u00fablica e os procedimentos relativos \u00e0 etapa competitiva de lances, classifica\u00e7\u00e3o, julgamento e escolha da proposta ou do lance de menor valor, e sua aceitabilidade;<\/p><p class=\"Texto_Justificado\" dir=\"ltr\">V &#8211; examinar as propostas iniciais ofertadas, desclassificando as que n\u00e3o sejam compat\u00edveis com o edital;<\/p><p class=\"Texto_Justificado\" dir=\"ltr\">VI &#8211; receber e analisar a documenta\u00e7\u00e3o de habilita\u00e7\u00e3o do licitante que apresentou o melhor pre\u00e7o durante a sess\u00e3o p\u00fablica virtual, verificando a sua regularidade, e sendo este inabilitado, dos demais licitantes sucessivamente, observada rigorosamente a ordem de classifica\u00e7\u00e3o;<\/p><p class=\"Texto_Justificado\" dir=\"ltr\">VII &#8211; sanar erros ou falhas que n\u00e3o alterem a subst\u00e2ncia dos documentos e sua validade jur\u00eddica;<\/p><p class=\"Texto_Justificado\" dir=\"ltr\">VIII &#8211; declarar em sess\u00e3o p\u00fablica virtual o licitante vencedor;<\/p><p class=\"Texto_Justificado\" dir=\"ltr\">IX &#8211; encaminhar o processo instru\u00eddo, ap\u00f3s encerradas as fases de julgamento e de habilita\u00e7\u00e3o e exauridos os recursos administrativos, \u00e0 autoridade superior para adjudica\u00e7\u00e3o e para homologa\u00e7\u00e3o.<\/p><p class=\"Texto_Justificado\" dir=\"ltr\">X &#8211; elaborar, com a equipe de apoio, e emitir as atas das sess\u00f5es do preg\u00e3o;<\/p><p class=\"Texto_Justificado\" dir=\"ltr\">XI &#8211; a pr\u00e1tica dos demais atos pertinentes ao procedimento.<\/p><p class=\"Texto_Centralizado\" dir=\"ltr\" style=\"text-align: center;\"><strong>Se\u00e7\u00e3o IV<\/strong><\/p><p class=\"Texto_Centralizado\" dir=\"ltr\" style=\"text-align: center;\"><strong>Da equipe de apoio<\/strong><\/p><p class=\"Texto_Justificado\" dir=\"ltr\"><strong>Disposi\u00e7\u00f5es gerais<\/strong><\/p><p class=\"Texto_Justificado\" dir=\"ltr\">Art. 39. A Equipe de Apoio ter\u00e1, no m\u00ednimo, 2 (dois) integrantes que ser\u00e3o designados pela autoridade competente do \u00f3rg\u00e3o ou da entidade, ou a quem as normas de organiza\u00e7\u00e3o administrativa indicarem, entre agentes p\u00fablicos que tenham preferencialmente conhecimentos sobre aspectos t\u00e9cnicos de licita\u00e7\u00f5es e contratos.<\/p><p class=\"Texto_Justificado\" dir=\"ltr\">Par\u00e1grafo \u00fanico. Os servidores designados para compor a Equipe de Apoio que n\u00e3o tenham conhecimentos t\u00e9cnicos de licita\u00e7\u00f5es e contratos poder\u00e3o solicitar \u00e0 Autoridade Competente que providencie sua capacita\u00e7\u00e3o em tempo h\u00e1bil.<\/p><p class=\"Texto_Justificado\" dir=\"ltr\">Art. 40. A crit\u00e9rio da autoridade competente, os membros da equipe de apoio poder\u00e3o ser designados para uma licita\u00e7\u00e3o espec\u00edfica, para um per\u00edodo determinado, admitidas recondu\u00e7\u00f5es, ou por per\u00edodo indeterminado, permitida a revoga\u00e7\u00e3o da designa\u00e7\u00e3o a qualquer tempo.<\/p><p class=\"Texto_Justificado\" dir=\"ltr\"><strong>Atribui\u00e7\u00f5es<\/strong><\/p><p class=\"Texto_Justificado\" dir=\"ltr\">Art. 41. Cabe \u00e0 equipe de apoio auxiliar o agente de contrata\u00e7\u00e3o ou a comiss\u00e3o de contrata\u00e7\u00e3o nas etapas do processo licitat\u00f3rio.<\/p><p class=\"Texto_Centralizado\" dir=\"ltr\" style=\"text-align: center;\"><strong>Se\u00e7\u00e3o V<\/strong><\/p><p class=\"Texto_Centralizado\" dir=\"ltr\" style=\"text-align: center;\"><strong>Da Comiss\u00e3o de contrata\u00e7\u00e3o<\/strong><\/p><p class=\"Texto_Justificado\" dir=\"ltr\"><strong>Disposi\u00e7\u00f5es gerais<\/strong><\/p><p class=\"Texto_Justificado\" dir=\"ltr\">Art. 42. Em licita\u00e7\u00e3o que envolva bens ou servi\u00e7os especiais, desde que observados os requisitos estabelecidos no art. 31 deste Decreto, o agente de contrata\u00e7\u00e3o poder\u00e1 ser substitu\u00eddo por comiss\u00e3o de contrata\u00e7\u00e3o formada por, no m\u00ednimo, 3 (tr\u00eas) membros, que responder\u00e3o solidariamente por todos os atos praticados pela comiss\u00e3o, ressalvado o membro que expressar posi\u00e7\u00e3o individual divergente fundamentada e registrada em ata lavrada na reuni\u00e3o em que houver sido tomada a decis\u00e3o.<\/p><p class=\"Texto_Justificado\">\u00a7 1\u00ba Em licita\u00e7\u00e3o de que trata o caput deste artigo, cujo objeto n\u00e3o seja rotineiramente contratado pela Administra\u00e7\u00e3o, poder\u00e1 ser contratado, por prazo determinado, servi\u00e7o de empresa ou de profissional especializado para assessorar a comiss\u00e3o de contrata\u00e7\u00e3o.<\/p><p class=\"Texto_Justificado\" dir=\"ltr\">\u00a7 2\u00ba A comiss\u00e3o de contrata\u00e7\u00e3o na modalidade di\u00e1logo competitivo observar\u00e1 as disposi\u00e7\u00f5es de regulamenta\u00e7\u00e3o pr\u00f3pria.<\/p><p class=\"Texto_Justificado\" dir=\"ltr\">Art. 43. Os membros que integram a comiss\u00e3o de contrata\u00e7\u00e3o ser\u00e3o designados entre um conjunto de agentes p\u00fablicos indicados pela autoridade competente, em car\u00e1ter permanente ou especial, com a fun\u00e7\u00e3o de receber, examinar e julgar documentos relativos \u00e0s licita\u00e7\u00f5es.<\/p><p class=\"Texto_Justificado\" dir=\"ltr\">Art. 44. No ato de nomea\u00e7\u00e3o da comiss\u00e3o de contrata\u00e7\u00e3o, a autoridade competente designar\u00e1 um presidente, escolhido dentre os servidores que a comp\u00f5em.<\/p><p class=\"Texto_Justificado\" dir=\"ltr\">\u00a7 1\u00ba O presidente da comiss\u00e3o de contrata\u00e7\u00e3o conduzir\u00e1 os trabalhos nas sess\u00f5es p\u00fablicas, devendo dar impulso ao procedimento.<\/p><p class=\"Texto_Justificado\" dir=\"ltr\">\u00a7 2\u00ba O presidente da comiss\u00e3o n\u00e3o poder\u00e1 praticar atos decis\u00f3rios sem a delibera\u00e7\u00e3o dos demais integrantes, sob pena de nulidade do ato.<\/p><p class=\"Texto_Justificado\" dir=\"ltr\">\u00a7 3\u00ba Os membros da comiss\u00e3o responder\u00e3o solidariamente por todos os atos praticados, salvo quando expressarem posi\u00e7\u00e3o individual divergente fundamentada e registrada em ata lavrada na reuni\u00e3o em que houver sido tomada a decis\u00e3o.<\/p><p class=\"Texto_Justificado\" dir=\"ltr\"><strong>Atribui\u00e7\u00f5es<\/strong><\/p><p class=\"Texto_Justificado\" dir=\"ltr\">Art. 45. Compete \u00e0 comiss\u00e3o de contrata\u00e7\u00e3o as mesmas atribui\u00e7\u00f5es do agente de contrata\u00e7\u00e3o, na forma do art. 38 deste Decreto.<\/p><p class=\"Texto_Justificado\" dir=\"ltr\">Art. 46. A comiss\u00e3o de contrata\u00e7\u00e3o poder\u00e1 solicitar manifesta\u00e7\u00e3o do \u00f3rg\u00e3o de assessoramento jur\u00eddico ou de outros setores do \u00f3rg\u00e3o ou da entidade licitante, bem como do \u00f3rg\u00e3o de controle interno, para o desempenho das fun\u00e7\u00f5es essenciais \u00e0 execu\u00e7\u00e3o de suas atividades, respeitadas as normas internas de organiza\u00e7\u00e3o de cada \u00f3rg\u00e3o ou entidade.<\/p><p class=\"Texto_Centralizado\" dir=\"ltr\" style=\"text-align: center;\"><strong>Se\u00e7\u00e3o VI<\/strong><\/p><p class=\"Texto_Centralizado\" dir=\"ltr\" style=\"text-align: center;\"><strong>Dos gestores e fiscais de contrato<\/strong><\/p><p class=\"Texto_Justificado\" dir=\"ltr\"><strong>Disposi\u00e7\u00f5es gerais<\/strong><\/p><p class=\"Texto_Justificado\" dir=\"ltr\">Art. 47. Os gestores e os fiscais do contrato ser\u00e3o designados pela autoridade competente do \u00f3rg\u00e3o ou da entidade, ou a quem as normas de organiza\u00e7\u00e3o administrativa indicarem, entre agentes p\u00fablicos que atenderem os requisitos estabelecidos neste Decreto, para acompanhar e fiscalizar a execu\u00e7\u00e3o do contrato.<\/p><p class=\"Texto_Justificado\" dir=\"ltr\">Art. 48. A escolha dos gestores e dos fiscais do contrato, bem como os respectivos substitutos, dever\u00e1 recair sobre agente p\u00fablico com boa reputa\u00e7\u00e3o \u00e9tico-profissional e atribui\u00e7\u00e3o ou especializa\u00e7\u00e3o t\u00e9cnica compat\u00edvel com o objeto do contrato.<\/p><p class=\"Texto_Justificado\" dir=\"ltr\">\u00a7 1\u00ba Para o exerc\u00edcio da fun\u00e7\u00e3o, o gestor e fiscais dever\u00e3o ser cientificados, expressamente, da indica\u00e7\u00e3o e respectivas atribui\u00e7\u00f5es antes da formaliza\u00e7\u00e3o do ato de designa\u00e7\u00e3o.<\/p><p class=\"Texto_Justificado\" dir=\"ltr\">\u00a7 2\u00ba Na indica\u00e7\u00e3o de servidor deve ser considerada a compatibilidade com as atribui\u00e7\u00f5es do cargo, a complexidade da fiscaliza\u00e7\u00e3o, o quantitativo de contratos por agente p\u00fablico e a sua capacidade para o desempenho das atividades.<\/p><p class=\"Texto_Justificado\" dir=\"ltr\">Art. 49. O gestor e os fiscais do contrato ser\u00e3o auxiliados pelos \u00f3rg\u00e3os de assessoramento jur\u00eddico e de controle interno da Administra\u00e7\u00e3o, bem como por terceiros contratados, que dever\u00e3o dirimir d\u00favidas e subsidi\u00e1-los com informa\u00e7\u00f5es relevantes para prevenir riscos na execu\u00e7\u00e3o contratual, respeitadas as normas internas de organiza\u00e7\u00e3o de cada \u00f3rg\u00e3o ou entidade.<\/p><p class=\"Texto_Justificado\" dir=\"ltr\"><strong>Atribui\u00e7\u00f5es do gestor de contrato<\/strong><\/p><p class=\"Texto_Justificado\" dir=\"ltr\">Art. 50. Cabe ao gestor do contrato, ou seu respectivo substituto, a coordena\u00e7\u00e3o das atividades relacionadas \u00e0 fiscaliza\u00e7\u00e3o do contrato, bem como dos atos preparat\u00f3rios \u00e0 instru\u00e7\u00e3o processual e ao encaminhamento da documenta\u00e7\u00e3o pertinente ao setor de contratos para formaliza\u00e7\u00e3o dos procedimentos quanto aos aspectos que envolvam a prorroga\u00e7\u00e3o, altera\u00e7\u00e3o, reequil\u00edbrio, pagamento, eventual aplica\u00e7\u00e3o de san\u00e7\u00f5es, extin\u00e7\u00e3o dos contratos, dentre outros, na forma de regulamento expedido pelo \u00d3rg\u00e3o Central do Sislog.<\/p><p class=\"Texto_Justificado\" dir=\"ltr\"><strong>Atribui\u00e7\u00f5es dos fiscais de contrato<\/strong><\/p><p class=\"Texto_Justificado\" dir=\"ltr\">Art. 51. Compete aos fiscais de contrato o acompanhamento do contrato com o objetivo de avaliar a execu\u00e7\u00e3o do objeto nos moldes contratados e, se for o caso, aferir se a quantidade, qualidade, tempo e modo da presta\u00e7\u00e3o ou execu\u00e7\u00e3o do objeto est\u00e3o compat\u00edveis com os indicadores estipulados no edital, para efeito de pagamento conforme o resultado pretendido pela Administra\u00e7\u00e3o, dentre outros, na forma de regulamento expedido pelo \u00d3rg\u00e3o Central do Sislog.<\/p><p class=\"Texto_Justificado\" dir=\"ltr\">Art. 52. \u00c9 permitida a contrata\u00e7\u00e3o de terceiros para assistir e subsidiar os fiscais com informa\u00e7\u00f5es pertinentes a essa atribui\u00e7\u00e3o, na forma de regulamento espec\u00edfico.<\/p><p class=\"Texto_Centralizado\" dir=\"ltr\" style=\"text-align: center;\">CAP\u00cdTULO VI<\/p><p class=\"Texto_Centralizado\" dir=\"ltr\" style=\"text-align: center;\">DISPOSI\u00c7\u00d5ES FINAIS<\/p><p class=\"Texto_Justificado\" dir=\"ltr\"><strong>Orienta\u00e7\u00f5es gerais<\/strong><\/p><p class=\"Texto_Justificado\" dir=\"ltr\">Art. 53. O agente p\u00fablico responde civil, penal e administrativamente pelo exerc\u00edcio irregular das atribui\u00e7\u00f5es que lhe s\u00e3o confiadas, estando sujeito \u00e0s penalidades previstas nas normas em vigor.<\/p><p class=\"Texto_Justificado\">Art. 54. Compete ao \u00d3rg\u00e3o Central do Sislog fiscalizar, orientar e estabelecer as normas complementares sobre a mat\u00e9ria regulada neste Decreto, bem como resolver os casos omissos, respeitadas as compet\u00eancias dos \u00f3rg\u00e3os de assessoramento jur\u00eddico.<\/p><p class=\"Texto_Justificado\" dir=\"ltr\">Par\u00e1grafo \u00fanico. A Base de Conhecimento e demais informa\u00e7\u00f5es do Portal da Rede Log\u00edstica &#8211; Redelog, incluindo seus modelos de documentos, guias de preenchimento, refer\u00eancia legal, manuais, entre outras, ser\u00e3o consideradas orienta\u00e7\u00f5es complementares para o presente Decreto.<\/p><p class=\"Texto_Justificado\" dir=\"ltr\"><strong>Vig\u00eancia e revoga\u00e7\u00e3o<\/strong><\/p><p class=\"Texto_Justificado\" dir=\"ltr\">Art. 55. Este Decreto entra em vigor na data de sua publica\u00e7\u00e3o, ficando revogados o Decreto n.\u00ba 46.687, de 03 de julho de 2019, o Decreto n.\u00b0 42.092, de 27 de outubro de 2009, bem como as disposi\u00e7\u00f5es em contr\u00e1rio.<\/p><p style=\"text-align: center;\">Rio de Janeiro, 23 de agosto de 2023<\/p><p class=\"Texto_Centralizado\" style=\"text-align: center;\"><strong>Claudio Castro<\/strong><\/p><p style=\"text-align: center;\">Governador<\/p><p style=\"text-align: right;\">Id: 2503852<\/p>\t\t\t\t\t\t\t\t<\/div>\n\t\t\t\t\t<\/div>\n\t\t<\/div>\n\t\t\t\t\t<\/div>\n\t\t<\/section>\n\t\t\t\t<section class=\"elementor-section elementor-top-section elementor-element elementor-element-3a2cde5 elementor-section-boxed elementor-section-height-default elementor-section-height-default\" data-id=\"3a2cde5\" data-element_type=\"section\" data-settings=\"{&quot;jet_parallax_layout_list&quot;:[{&quot;jet_parallax_layout_image&quot;:{&quot;url&quot;:&quot;&quot;,&quot;id&quot;:&quot;&quot;,&quot;size&quot;:&quot;&quot;},&quot;_id&quot;:&quot;04dd098&quot;,&quot;jet_parallax_layout_image_tablet&quot;:{&quot;url&quot;:&quot;&quot;,&quot;id&quot;:&quot;&quot;,&quot;size&quot;:&quot;&quot;},&quot;jet_parallax_layout_image_mobile&quot;:{&quot;url&quot;:&quot;&quot;,&quot;id&quot;:&quot;&quot;,&quot;size&quot;:&quot;&quot;},&quot;jet_parallax_layout_speed&quot;:{&quot;unit&quot;:&quot;%&quot;,&quot;size&quot;:50,&quot;sizes&quot;:[]},&quot;jet_parallax_layout_type&quot;:&quot;scroll&quot;,&quot;jet_parallax_layout_direction&quot;:&quot;1&quot;,&quot;jet_parallax_layout_fx_direction&quot;:null,&quot;jet_parallax_layout_z_index&quot;:&quot;&quot;,&quot;jet_parallax_layout_bg_x&quot;:50,&quot;jet_parallax_layout_bg_x_tablet&quot;:&quot;&quot;,&quot;jet_parallax_layout_bg_x_mobile&quot;:&quot;&quot;,&quot;jet_parallax_layout_bg_y&quot;:50,&quot;jet_parallax_layout_bg_y_tablet&quot;:&quot;&quot;,&quot;jet_parallax_layout_bg_y_mobile&quot;:&quot;&quot;,&quot;jet_parallax_layout_bg_size&quot;:&quot;auto&quot;,&quot;jet_parallax_layout_bg_size_tablet&quot;:&quot;&quot;,&quot;jet_parallax_layout_bg_size_mobile&quot;:&quot;&quot;,&quot;jet_parallax_layout_animation_prop&quot;:&quot;transform&quot;,&quot;jet_parallax_layout_on&quot;:[&quot;desktop&quot;,&quot;tablet&quot;]}]}\">\n\t\t\t\t\t\t<div class=\"elementor-container elementor-column-gap-default\">\n\t\t\t\t\t<div class=\"elementor-column elementor-col-100 elementor-top-column elementor-element elementor-element-5fab3a9\" data-id=\"5fab3a9\" data-element_type=\"column\">\n\t\t\t<div class=\"elementor-widget-wrap\">\n\t\t\t\t\t\t\t<\/div>\n\t\t<\/div>\n\t\t\t\t\t<\/div>\n\t\t<\/section>\n\t\t\t\t<section class=\"elementor-section elementor-top-section elementor-element elementor-element-76d6498 elementor-section-boxed elementor-section-height-default elementor-section-height-default\" data-id=\"76d6498\" data-element_type=\"section\" data-settings=\"{&quot;jet_parallax_layout_list&quot;:[{&quot;jet_parallax_layout_image&quot;:{&quot;url&quot;:&quot;&quot;,&quot;id&quot;:&quot;&quot;,&quot;size&quot;:&quot;&quot;},&quot;_id&quot;:&quot;ab030fc&quot;,&quot;jet_parallax_layout_image_tablet&quot;:{&quot;url&quot;:&quot;&quot;,&quot;id&quot;:&quot;&quot;,&quot;size&quot;:&quot;&quot;},&quot;jet_parallax_layout_image_mobile&quot;:{&quot;url&quot;:&quot;&quot;,&quot;id&quot;:&quot;&quot;,&quot;size&quot;:&quot;&quot;},&quot;jet_parallax_layout_speed&quot;:{&quot;unit&quot;:&quot;%&quot;,&quot;size&quot;:50,&quot;sizes&quot;:[]},&quot;jet_parallax_layout_type&quot;:&quot;scroll&quot;,&quot;jet_parallax_layout_direction&quot;:&quot;1&quot;,&quot;jet_parallax_layout_fx_direction&quot;:null,&quot;jet_parallax_layout_z_index&quot;:&quot;&quot;,&quot;jet_parallax_layout_bg_x&quot;:50,&quot;jet_parallax_layout_bg_x_tablet&quot;:&quot;&quot;,&quot;jet_parallax_layout_bg_x_mobile&quot;:&quot;&quot;,&quot;jet_parallax_layout_bg_y&quot;:50,&quot;jet_parallax_layout_bg_y_tablet&quot;:&quot;&quot;,&quot;jet_parallax_layout_bg_y_mobile&quot;:&quot;&quot;,&quot;jet_parallax_layout_bg_size&quot;:&quot;auto&quot;,&quot;jet_parallax_layout_bg_size_tablet&quot;:&quot;&quot;,&quot;jet_parallax_layout_bg_size_mobile&quot;:&quot;&quot;,&quot;jet_parallax_layout_animation_prop&quot;:&quot;transform&quot;,&quot;jet_parallax_layout_on&quot;:[&quot;desktop&quot;,&quot;tablet&quot;]}]}\">\n\t\t\t\t\t\t<div class=\"elementor-container elementor-column-gap-default\">\n\t\t\t\t\t<div class=\"elementor-column elementor-col-100 elementor-top-column elementor-element elementor-element-15c5409\" data-id=\"15c5409\" data-element_type=\"column\">\n\t\t\t<div class=\"elementor-widget-wrap elementor-element-populated\">\n\t\t\t\t\t\t<div class=\"elementor-element elementor-element-f066ef2 elementor-widget-divider--view-line elementor-widget elementor-widget-divider\" data-id=\"f066ef2\" data-element_type=\"widget\" data-widget_type=\"divider.default\">\n\t\t\t\t\t\t\t<div class=\"elementor-divider\">\n\t\t\t<span class=\"elementor-divider-separator\">\n\t\t\t\t\t\t<\/span>\n\t\t<\/div>\n\t\t\t\t\t\t<\/div>\n\t\t\t\t\t<\/div>\n\t\t<\/div>\n\t\t\t\t\t<\/div>\n\t\t<\/section>\n\t\t\t\t<section class=\"elementor-section elementor-top-section elementor-element elementor-element-c082ae2 elementor-section-boxed elementor-section-height-default elementor-section-height-default\" data-id=\"c082ae2\" data-element_type=\"section\" id=\"options\" data-settings=\"{&quot;jet_parallax_layout_list&quot;:[{&quot;jet_parallax_layout_image&quot;:{&quot;url&quot;:&quot;&quot;,&quot;id&quot;:&quot;&quot;,&quot;size&quot;:&quot;&quot;},&quot;_id&quot;:&quot;8363d81&quot;,&quot;jet_parallax_layout_image_tablet&quot;:{&quot;url&quot;:&quot;&quot;,&quot;id&quot;:&quot;&quot;,&quot;size&quot;:&quot;&quot;},&quot;jet_parallax_layout_image_mobile&quot;:{&quot;url&quot;:&quot;&quot;,&quot;id&quot;:&quot;&quot;,&quot;size&quot;:&quot;&quot;},&quot;jet_parallax_layout_speed&quot;:{&quot;unit&quot;:&quot;%&quot;,&quot;size&quot;:50,&quot;sizes&quot;:[]},&quot;jet_parallax_layout_type&quot;:&quot;scroll&quot;,&quot;jet_parallax_layout_direction&quot;:&quot;1&quot;,&quot;jet_parallax_layout_fx_direction&quot;:null,&quot;jet_parallax_layout_z_index&quot;:&quot;&quot;,&quot;jet_parallax_layout_bg_x&quot;:50,&quot;jet_parallax_layout_bg_x_tablet&quot;:&quot;&quot;,&quot;jet_parallax_layout_bg_x_mobile&quot;:&quot;&quot;,&quot;jet_parallax_layout_bg_y&quot;:50,&quot;jet_parallax_layout_bg_y_tablet&quot;:&quot;&quot;,&quot;jet_parallax_layout_bg_y_mobile&quot;:&quot;&quot;,&quot;jet_parallax_layout_bg_size&quot;:&quot;auto&quot;,&quot;jet_parallax_layout_bg_size_tablet&quot;:&quot;&quot;,&quot;jet_parallax_layout_bg_size_mobile&quot;:&quot;&quot;,&quot;jet_parallax_layout_animation_prop&quot;:&quot;transform&quot;,&quot;jet_parallax_layout_on&quot;:[&quot;desktop&quot;,&quot;tablet&quot;]}]}\">\n\t\t\t\t\t\t<div class=\"elementor-container elementor-column-gap-default\">\n\t\t\t\t\t<div class=\"elementor-column elementor-col-100 elementor-top-column elementor-element elementor-element-7988481\" data-id=\"7988481\" data-element_type=\"column\">\n\t\t\t<div class=\"elementor-widget-wrap elementor-element-populated\">\n\t\t\t\t\t\t<div class=\"elementor-element elementor-element-38ca6cb elementor-widget elementor-widget-text-editor\" data-id=\"38ca6cb\" data-element_type=\"widget\" data-widget_type=\"text-editor.default\">\n\t\t\t\t\t\t\t\t\t<p><em>Publicado no DOE em <a href=\"https:\/\/www.redelog.rj.gov.br\/redelog\/wp-content\/uploads\/2023\/08\/Decreto-no-48.650-Governanca-das-Contratacoes-Publicas.pdf\"><strong>24\/08\/2023<\/strong><\/a>.<\/em><\/p>\t\t\t\t\t\t\t\t<\/div>\n\t\t\t\t<div class=\"elementor-element elementor-element-656bdfb elementor-widget elementor-widget-shortcode\" data-id=\"656bdfb\" data-element_type=\"widget\" data-widget_type=\"shortcode.default\">\n\t\t\t\t\t\t\t<div class=\"elementor-shortcode\"><div class='printomatic pom-default ' id='id9170' alt='Imprimir' title='Imprimir' data-print_target='#post-25025'><\/div> <div class='printomatictext' id='id9170' alt='Imprimir' title='Imprimir' data-print_target='#post-25025'>Imprimir<\/div><div style='clear: both;'><\/div><\/div>\n\t\t\t\t\t\t<\/div>\n\t\t\t\t<section class=\"elementor-section elementor-inner-section elementor-element elementor-element-1e9e4d4 elementor-section-boxed elementor-section-height-default elementor-section-height-default\" data-id=\"1e9e4d4\" data-element_type=\"section\" data-settings=\"{&quot;jet_parallax_layout_list&quot;:[{&quot;jet_parallax_layout_image&quot;:{&quot;url&quot;:&quot;&quot;,&quot;id&quot;:&quot;&quot;,&quot;size&quot;:&quot;&quot;},&quot;_id&quot;:&quot;ccec7d1&quot;,&quot;jet_parallax_layout_image_tablet&quot;:{&quot;url&quot;:&quot;&quot;,&quot;id&quot;:&quot;&quot;,&quot;size&quot;:&quot;&quot;},&quot;jet_parallax_layout_image_mobile&quot;:{&quot;url&quot;:&quot;&quot;,&quot;id&quot;:&quot;&quot;,&quot;size&quot;:&quot;&quot;},&quot;jet_parallax_layout_speed&quot;:{&quot;unit&quot;:&quot;%&quot;,&quot;size&quot;:50,&quot;sizes&quot;:[]},&quot;jet_parallax_layout_type&quot;:&quot;scroll&quot;,&quot;jet_parallax_layout_direction&quot;:&quot;1&quot;,&quot;jet_parallax_layout_fx_direction&quot;:null,&quot;jet_parallax_layout_z_index&quot;:&quot;&quot;,&quot;jet_parallax_layout_bg_x&quot;:50,&quot;jet_parallax_layout_bg_x_tablet&quot;:&quot;&quot;,&quot;jet_parallax_layout_bg_x_mobile&quot;:&quot;&quot;,&quot;jet_parallax_layout_bg_y&quot;:50,&quot;jet_parallax_layout_bg_y_tablet&quot;:&quot;&quot;,&quot;jet_parallax_layout_bg_y_mobile&quot;:&quot;&quot;,&quot;jet_parallax_layout_bg_size&quot;:&quot;auto&quot;,&quot;jet_parallax_layout_bg_size_tablet&quot;:&quot;&quot;,&quot;jet_parallax_layout_bg_size_mobile&quot;:&quot;&quot;,&quot;jet_parallax_layout_animation_prop&quot;:&quot;transform&quot;,&quot;jet_parallax_layout_on&quot;:[&quot;desktop&quot;,&quot;tablet&quot;]}]}\">\n\t\t\t\t\t\t<div class=\"elementor-container elementor-column-gap-default\">\n\t\t\t\t\t<div class=\"elementor-column elementor-col-50 elementor-inner-column elementor-element elementor-element-b4e5f78\" data-id=\"b4e5f78\" data-element_type=\"column\">\n\t\t\t<div class=\"elementor-widget-wrap elementor-element-populated\">\n\t\t\t\t\t\t<div class=\"elementor-element elementor-element-d4514af elementor-widget elementor-widget-text-editor\" data-id=\"d4514af\" data-element_type=\"widget\" data-widget_type=\"text-editor.default\">\n\t\t\t\t\t\t\t\t\t<p><strong><a href=\"http:\/\/redelog.rj.gov.br\/redelog\/legislacao-licitacoes\/\">\u2190 Voltar &#8211; Licita\u00e7\u00f5es<\/a><\/strong><\/p>\t\t\t\t\t\t\t\t<\/div>\n\t\t\t\t\t<\/div>\n\t\t<\/div>\n\t\t\t\t<div class=\"elementor-column elementor-col-50 elementor-inner-column elementor-element elementor-element-99226bf\" data-id=\"99226bf\" data-element_type=\"column\">\n\t\t\t<div class=\"elementor-widget-wrap elementor-element-populated\">\n\t\t\t\t\t\t\t<\/div>\n\t\t<\/div>\n\t\t\t\t\t<\/div>\n\t\t<\/section>\n\t\t\t\t\t<\/div>\n\t\t<\/div>\n\t\t\t\t\t<\/div>\n\t\t<\/section>\n\t\t\t\t<section class=\"elementor-section elementor-top-section elementor-element elementor-element-bd2686b elementor-section-boxed elementor-section-height-default elementor-section-height-default\" data-id=\"bd2686b\" data-element_type=\"section\" data-settings=\"{&quot;jet_parallax_layout_list&quot;:[{&quot;jet_parallax_layout_image&quot;:{&quot;url&quot;:&quot;&quot;,&quot;id&quot;:&quot;&quot;,&quot;size&quot;:&quot;&quot;},&quot;_id&quot;:&quot;22a0abb&quot;,&quot;jet_parallax_layout_image_tablet&quot;:{&quot;url&quot;:&quot;&quot;,&quot;id&quot;:&quot;&quot;,&quot;size&quot;:&quot;&quot;},&quot;jet_parallax_layout_image_mobile&quot;:{&quot;url&quot;:&quot;&quot;,&quot;id&quot;:&quot;&quot;,&quot;size&quot;:&quot;&quot;},&quot;jet_parallax_layout_speed&quot;:{&quot;unit&quot;:&quot;%&quot;,&quot;size&quot;:50,&quot;sizes&quot;:[]},&quot;jet_parallax_layout_type&quot;:&quot;scroll&quot;,&quot;jet_parallax_layout_direction&quot;:&quot;1&quot;,&quot;jet_parallax_layout_fx_direction&quot;:null,&quot;jet_parallax_layout_z_index&quot;:&quot;&quot;,&quot;jet_parallax_layout_bg_x&quot;:50,&quot;jet_parallax_layout_bg_x_tablet&quot;:&quot;&quot;,&quot;jet_parallax_layout_bg_x_mobile&quot;:&quot;&quot;,&quot;jet_parallax_layout_bg_y&quot;:50,&quot;jet_parallax_layout_bg_y_tablet&quot;:&quot;&quot;,&quot;jet_parallax_layout_bg_y_mobile&quot;:&quot;&quot;,&quot;jet_parallax_layout_bg_size&quot;:&quot;auto&quot;,&quot;jet_parallax_layout_bg_size_tablet&quot;:&quot;&quot;,&quot;jet_parallax_layout_bg_size_mobile&quot;:&quot;&quot;,&quot;jet_parallax_layout_animation_prop&quot;:&quot;transform&quot;,&quot;jet_parallax_layout_on&quot;:[&quot;desktop&quot;,&quot;tablet&quot;]}]}\">\n\t\t\t\t\t\t<div class=\"elementor-container elementor-column-gap-default\">\n\t\t\t\t\t<div class=\"elementor-column elementor-col-100 elementor-top-column elementor-element elementor-element-e1de737\" data-id=\"e1de737\" data-element_type=\"column\">\n\t\t\t<div class=\"elementor-widget-wrap elementor-element-populated\">\n\t\t\t\t\t\t<div class=\"elementor-element elementor-element-f63ca15 elementor-widget elementor-widget-html\" data-id=\"f63ca15\" data-element_type=\"widget\" data-widget_type=\"html.default\">\n\t\t\t\t\t<style>\n    h2, .h2-style{\n        font-size: 28px;\n    }\n<\/style>\t\t\t\t<\/div>\n\t\t\t\t\t<\/div>\n\t\t<\/div>\n\t\t\t\t\t<\/div>\n\t\t<\/section>\n\t\t\t\t<\/div>\n\t\t","protected":false},"excerpt":{"rendered":"<p>DISP\u00d5E SOBRE A GOVERNAN\u00c7A LOG\u00cdSTICA E A GOVERNAN\u00c7A DAS CONTRATA\u00c7\u00d5ES NO \u00c2MBITO DA ADMINISTRA\u00c7\u00c3O P\u00daBLICA ESTADUAL DIRETA, AUT\u00c1RQUICA E FUNDACIONAL O GOVERNADOR DO ESTADO DO RIO DE JANEIRO, no uso de suas atribui\u00e7\u00f5es constitucionais e legais, tendo em vista o disposto no Decreto n.\u00ba 47.680, de 12 de julho de 2021, nos arts. 7\u00ba a [&hellip;]<\/p>\n","protected":false},"author":19,"featured_media":0,"comment_status":"closed","ping_status":"open","sticky":false,"template":"","format":"standard","meta":{"_joinchat":[],"footnotes":""},"categories":[23],"tags":[],"class_list":["post-25025","post","type-post","status-publish","format-standard","hentry","category-cat-legislacao"],"yoast_head":"<!-- This site is optimized with the Yoast SEO plugin v25.7 - https:\/\/yoast.com\/wordpress\/plugins\/seo\/ -->\n<title>DECRETO N\u00ba 48.650, DE 23 DE AGOSTO DE 2023 - Redelog<\/title>\n<meta name=\"robots\" content=\"index, follow, max-snippet:-1, max-image-preview:large, max-video-preview:-1\" \/>\n<link rel=\"canonical\" href=\"https:\/\/redelog.rj.gov.br\/redelog\/decreto-no-48-650-de-23-de-agosto-de-2023\/\" \/>\n<meta property=\"og:locale\" content=\"pt_BR\" \/>\n<meta property=\"og:type\" content=\"article\" \/>\n<meta property=\"og:title\" content=\"DECRETO N\u00ba 48.650, DE 23 DE AGOSTO DE 2023 - Redelog\" \/>\n<meta property=\"og:description\" content=\"DISP\u00d5E SOBRE A GOVERNAN\u00c7A LOG\u00cdSTICA E A GOVERNAN\u00c7A DAS CONTRATA\u00c7\u00d5ES NO \u00c2MBITO DA ADMINISTRA\u00c7\u00c3O P\u00daBLICA ESTADUAL DIRETA, AUT\u00c1RQUICA E FUNDACIONAL O GOVERNADOR DO ESTADO DO RIO DE JANEIRO, no uso de suas atribui\u00e7\u00f5es constitucionais e legais, tendo em vista o disposto no Decreto n.\u00ba 47.680, de 12 de julho de 2021, nos arts. 7\u00ba a [&hellip;]\" \/>\n<meta property=\"og:url\" content=\"https:\/\/redelog.rj.gov.br\/redelog\/decreto-no-48-650-de-23-de-agosto-de-2023\/\" \/>\n<meta property=\"og:site_name\" content=\"Redelog\" \/>\n<meta property=\"article:published_time\" content=\"2023-08-24T12:31:14+00:00\" \/>\n<meta property=\"article:modified_time\" content=\"2023-08-24T12:33:44+00:00\" \/>\n<meta name=\"author\" content=\"Juliane Paz Vieira Lima\" \/>\n<meta name=\"twitter:card\" content=\"summary_large_image\" \/>\n<meta name=\"twitter:label1\" content=\"Escrito por\" \/>\n\t<meta name=\"twitter:data1\" content=\"Juliane Paz Vieira Lima\" \/>\n\t<meta name=\"twitter:label2\" content=\"Est. tempo de leitura\" \/>\n\t<meta name=\"twitter:data2\" content=\"7 minutos\" \/>\n<script type=\"application\/ld+json\" class=\"yoast-schema-graph\">{\"@context\":\"https:\/\/schema.org\",\"@graph\":[{\"@type\":\"Article\",\"@id\":\"https:\/\/redelog.rj.gov.br\/redelog\/decreto-no-48-650-de-23-de-agosto-de-2023\/#article\",\"isPartOf\":{\"@id\":\"https:\/\/redelog.rj.gov.br\/redelog\/decreto-no-48-650-de-23-de-agosto-de-2023\/\"},\"author\":{\"name\":\"Juliane Paz Vieira Lima\",\"@id\":\"https:\/\/redelog.rj.gov.br\/redelog\/#\/schema\/person\/a80fe416b9778ee67954a79526756867\"},\"headline\":\"DECRETO N\u00ba 48.650, DE 23 DE AGOSTO DE 2023\",\"datePublished\":\"2023-08-24T12:31:14+00:00\",\"dateModified\":\"2023-08-24T12:33:44+00:00\",\"mainEntityOfPage\":{\"@id\":\"https:\/\/redelog.rj.gov.br\/redelog\/decreto-no-48-650-de-23-de-agosto-de-2023\/\"},\"wordCount\":8136,\"publisher\":{\"@id\":\"https:\/\/redelog.rj.gov.br\/redelog\/#organization\"},\"articleSection\":[\"Legisla\u00e7\u00e3o\"],\"inLanguage\":\"pt-BR\"},{\"@type\":\"WebPage\",\"@id\":\"https:\/\/redelog.rj.gov.br\/redelog\/decreto-no-48-650-de-23-de-agosto-de-2023\/\",\"url\":\"https:\/\/redelog.rj.gov.br\/redelog\/decreto-no-48-650-de-23-de-agosto-de-2023\/\",\"name\":\"DECRETO N\u00ba 48.650, DE 23 DE AGOSTO DE 2023 - Redelog\",\"isPartOf\":{\"@id\":\"https:\/\/redelog.rj.gov.br\/redelog\/#website\"},\"datePublished\":\"2023-08-24T12:31:14+00:00\",\"dateModified\":\"2023-08-24T12:33:44+00:00\",\"breadcrumb\":{\"@id\":\"https:\/\/redelog.rj.gov.br\/redelog\/decreto-no-48-650-de-23-de-agosto-de-2023\/#breadcrumb\"},\"inLanguage\":\"pt-BR\",\"potentialAction\":[{\"@type\":\"ReadAction\",\"target\":[\"https:\/\/redelog.rj.gov.br\/redelog\/decreto-no-48-650-de-23-de-agosto-de-2023\/\"]}]},{\"@type\":\"BreadcrumbList\",\"@id\":\"https:\/\/redelog.rj.gov.br\/redelog\/decreto-no-48-650-de-23-de-agosto-de-2023\/#breadcrumb\",\"itemListElement\":[{\"@type\":\"ListItem\",\"position\":1,\"name\":\"Home\",\"item\":\"https:\/\/redelog.rj.gov.br\/redelog\/\"},{\"@type\":\"ListItem\",\"position\":2,\"name\":\"DECRETO N\u00ba 48.650, DE 23 DE AGOSTO DE 2023\"}]},{\"@type\":\"WebSite\",\"@id\":\"https:\/\/redelog.rj.gov.br\/redelog\/#website\",\"url\":\"https:\/\/redelog.rj.gov.br\/redelog\/\",\"name\":\"Redelog\",\"description\":\"Site da Rede de Log\u00edstica e Planejamento do Estado do Rio de Janeiro\",\"publisher\":{\"@id\":\"https:\/\/redelog.rj.gov.br\/redelog\/#organization\"},\"potentialAction\":[{\"@type\":\"SearchAction\",\"target\":{\"@type\":\"EntryPoint\",\"urlTemplate\":\"https:\/\/redelog.rj.gov.br\/redelog\/?s={search_term_string}\"},\"query-input\":{\"@type\":\"PropertyValueSpecification\",\"valueRequired\":true,\"valueName\":\"search_term_string\"}}],\"inLanguage\":\"pt-BR\"},{\"@type\":\"Organization\",\"@id\":\"https:\/\/redelog.rj.gov.br\/redelog\/#organization\",\"name\":\"REDELOG\",\"url\":\"https:\/\/redelog.rj.gov.br\/redelog\/\",\"logo\":{\"@type\":\"ImageObject\",\"inLanguage\":\"pt-BR\",\"@id\":\"https:\/\/redelog.rj.gov.br\/redelog\/#\/schema\/logo\/image\/\",\"url\":\"http:\/\/10.10.8.100:8888\/redelog\/wp-content\/uploads\/2019\/09\/Redelog2.png\",\"contentUrl\":\"http:\/\/10.10.8.100:8888\/redelog\/wp-content\/uploads\/2019\/09\/Redelog2.png\",\"width\":565,\"height\":155,\"caption\":\"REDELOG\"},\"image\":{\"@id\":\"https:\/\/redelog.rj.gov.br\/redelog\/#\/schema\/logo\/image\/\"}},{\"@type\":\"Person\",\"@id\":\"https:\/\/redelog.rj.gov.br\/redelog\/#\/schema\/person\/a80fe416b9778ee67954a79526756867\",\"name\":\"Juliane Paz Vieira Lima\",\"image\":{\"@type\":\"ImageObject\",\"inLanguage\":\"pt-BR\",\"@id\":\"https:\/\/redelog.rj.gov.br\/redelog\/#\/schema\/person\/image\/\",\"url\":\"https:\/\/secure.gravatar.com\/avatar\/6d81cf8bb20fabd08d236dec1cc7b99d2da26d368e6642dc331f1413653da0a6?s=96&d=mm&r=g\",\"contentUrl\":\"https:\/\/secure.gravatar.com\/avatar\/6d81cf8bb20fabd08d236dec1cc7b99d2da26d368e6642dc331f1413653da0a6?s=96&d=mm&r=g\",\"caption\":\"Juliane Paz Vieira Lima\"},\"url\":\"https:\/\/redelog.rj.gov.br\/redelog\/author\/julianepaz\/\"}]}<\/script>\n<!-- \/ Yoast SEO plugin. -->","yoast_head_json":{"title":"DECRETO N\u00ba 48.650, DE 23 DE AGOSTO DE 2023 - Redelog","robots":{"index":"index","follow":"follow","max-snippet":"max-snippet:-1","max-image-preview":"max-image-preview:large","max-video-preview":"max-video-preview:-1"},"canonical":"https:\/\/redelog.rj.gov.br\/redelog\/decreto-no-48-650-de-23-de-agosto-de-2023\/","og_locale":"pt_BR","og_type":"article","og_title":"DECRETO N\u00ba 48.650, DE 23 DE AGOSTO DE 2023 - Redelog","og_description":"DISP\u00d5E SOBRE A GOVERNAN\u00c7A LOG\u00cdSTICA E A GOVERNAN\u00c7A DAS CONTRATA\u00c7\u00d5ES NO \u00c2MBITO DA ADMINISTRA\u00c7\u00c3O P\u00daBLICA ESTADUAL DIRETA, AUT\u00c1RQUICA E FUNDACIONAL O GOVERNADOR DO ESTADO DO RIO DE JANEIRO, no uso de suas atribui\u00e7\u00f5es constitucionais e legais, tendo em vista o disposto no Decreto n.\u00ba 47.680, de 12 de julho de 2021, nos arts. 7\u00ba a [&hellip;]","og_url":"https:\/\/redelog.rj.gov.br\/redelog\/decreto-no-48-650-de-23-de-agosto-de-2023\/","og_site_name":"Redelog","article_published_time":"2023-08-24T12:31:14+00:00","article_modified_time":"2023-08-24T12:33:44+00:00","author":"Juliane Paz Vieira Lima","twitter_card":"summary_large_image","twitter_misc":{"Escrito por":"Juliane Paz Vieira Lima","Est. tempo de leitura":"7 minutos"},"schema":{"@context":"https:\/\/schema.org","@graph":[{"@type":"Article","@id":"https:\/\/redelog.rj.gov.br\/redelog\/decreto-no-48-650-de-23-de-agosto-de-2023\/#article","isPartOf":{"@id":"https:\/\/redelog.rj.gov.br\/redelog\/decreto-no-48-650-de-23-de-agosto-de-2023\/"},"author":{"name":"Juliane Paz Vieira Lima","@id":"https:\/\/redelog.rj.gov.br\/redelog\/#\/schema\/person\/a80fe416b9778ee67954a79526756867"},"headline":"DECRETO N\u00ba 48.650, DE 23 DE AGOSTO DE 2023","datePublished":"2023-08-24T12:31:14+00:00","dateModified":"2023-08-24T12:33:44+00:00","mainEntityOfPage":{"@id":"https:\/\/redelog.rj.gov.br\/redelog\/decreto-no-48-650-de-23-de-agosto-de-2023\/"},"wordCount":8136,"publisher":{"@id":"https:\/\/redelog.rj.gov.br\/redelog\/#organization"},"articleSection":["Legisla\u00e7\u00e3o"],"inLanguage":"pt-BR"},{"@type":"WebPage","@id":"https:\/\/redelog.rj.gov.br\/redelog\/decreto-no-48-650-de-23-de-agosto-de-2023\/","url":"https:\/\/redelog.rj.gov.br\/redelog\/decreto-no-48-650-de-23-de-agosto-de-2023\/","name":"DECRETO N\u00ba 48.650, DE 23 DE AGOSTO DE 2023 - Redelog","isPartOf":{"@id":"https:\/\/redelog.rj.gov.br\/redelog\/#website"},"datePublished":"2023-08-24T12:31:14+00:00","dateModified":"2023-08-24T12:33:44+00:00","breadcrumb":{"@id":"https:\/\/redelog.rj.gov.br\/redelog\/decreto-no-48-650-de-23-de-agosto-de-2023\/#breadcrumb"},"inLanguage":"pt-BR","potentialAction":[{"@type":"ReadAction","target":["https:\/\/redelog.rj.gov.br\/redelog\/decreto-no-48-650-de-23-de-agosto-de-2023\/"]}]},{"@type":"BreadcrumbList","@id":"https:\/\/redelog.rj.gov.br\/redelog\/decreto-no-48-650-de-23-de-agosto-de-2023\/#breadcrumb","itemListElement":[{"@type":"ListItem","position":1,"name":"Home","item":"https:\/\/redelog.rj.gov.br\/redelog\/"},{"@type":"ListItem","position":2,"name":"DECRETO N\u00ba 48.650, DE 23 DE AGOSTO DE 2023"}]},{"@type":"WebSite","@id":"https:\/\/redelog.rj.gov.br\/redelog\/#website","url":"https:\/\/redelog.rj.gov.br\/redelog\/","name":"Redelog","description":"Site da Rede de Log\u00edstica e Planejamento do Estado do Rio de Janeiro","publisher":{"@id":"https:\/\/redelog.rj.gov.br\/redelog\/#organization"},"potentialAction":[{"@type":"SearchAction","target":{"@type":"EntryPoint","urlTemplate":"https:\/\/redelog.rj.gov.br\/redelog\/?s={search_term_string}"},"query-input":{"@type":"PropertyValueSpecification","valueRequired":true,"valueName":"search_term_string"}}],"inLanguage":"pt-BR"},{"@type":"Organization","@id":"https:\/\/redelog.rj.gov.br\/redelog\/#organization","name":"REDELOG","url":"https:\/\/redelog.rj.gov.br\/redelog\/","logo":{"@type":"ImageObject","inLanguage":"pt-BR","@id":"https:\/\/redelog.rj.gov.br\/redelog\/#\/schema\/logo\/image\/","url":"http:\/\/10.10.8.100:8888\/redelog\/wp-content\/uploads\/2019\/09\/Redelog2.png","contentUrl":"http:\/\/10.10.8.100:8888\/redelog\/wp-content\/uploads\/2019\/09\/Redelog2.png","width":565,"height":155,"caption":"REDELOG"},"image":{"@id":"https:\/\/redelog.rj.gov.br\/redelog\/#\/schema\/logo\/image\/"}},{"@type":"Person","@id":"https:\/\/redelog.rj.gov.br\/redelog\/#\/schema\/person\/a80fe416b9778ee67954a79526756867","name":"Juliane Paz Vieira Lima","image":{"@type":"ImageObject","inLanguage":"pt-BR","@id":"https:\/\/redelog.rj.gov.br\/redelog\/#\/schema\/person\/image\/","url":"https:\/\/secure.gravatar.com\/avatar\/6d81cf8bb20fabd08d236dec1cc7b99d2da26d368e6642dc331f1413653da0a6?s=96&d=mm&r=g","contentUrl":"https:\/\/secure.gravatar.com\/avatar\/6d81cf8bb20fabd08d236dec1cc7b99d2da26d368e6642dc331f1413653da0a6?s=96&d=mm&r=g","caption":"Juliane Paz Vieira Lima"},"url":"https:\/\/redelog.rj.gov.br\/redelog\/author\/julianepaz\/"}]}},"_links":{"self":[{"href":"https:\/\/redelog.rj.gov.br\/redelog\/wp-json\/wp\/v2\/posts\/25025","targetHints":{"allow":["GET"]}}],"collection":[{"href":"https:\/\/redelog.rj.gov.br\/redelog\/wp-json\/wp\/v2\/posts"}],"about":[{"href":"https:\/\/redelog.rj.gov.br\/redelog\/wp-json\/wp\/v2\/types\/post"}],"author":[{"embeddable":true,"href":"https:\/\/redelog.rj.gov.br\/redelog\/wp-json\/wp\/v2\/users\/19"}],"replies":[{"embeddable":true,"href":"https:\/\/redelog.rj.gov.br\/redelog\/wp-json\/wp\/v2\/comments?post=25025"}],"version-history":[{"count":8,"href":"https:\/\/redelog.rj.gov.br\/redelog\/wp-json\/wp\/v2\/posts\/25025\/revisions"}],"predecessor-version":[{"id":25033,"href":"https:\/\/redelog.rj.gov.br\/redelog\/wp-json\/wp\/v2\/posts\/25025\/revisions\/25033"}],"wp:attachment":[{"href":"https:\/\/redelog.rj.gov.br\/redelog\/wp-json\/wp\/v2\/media?parent=25025"}],"wp:term":[{"taxonomy":"category","embeddable":true,"href":"https:\/\/redelog.rj.gov.br\/redelog\/wp-json\/wp\/v2\/categories?post=25025"},{"taxonomy":"post_tag","embeddable":true,"href":"https:\/\/redelog.rj.gov.br\/redelog\/wp-json\/wp\/v2\/tags?post=25025"}],"curies":[{"name":"wp","href":"https:\/\/api.w.org\/{rel}","templated":true}]}}