{"id":24830,"date":"2023-08-01T17:11:01","date_gmt":"2023-08-01T20:11:01","guid":{"rendered":"https:\/\/redelog.rj.gov.br\/redelog\/?p=24830"},"modified":"2023-08-01T17:16:21","modified_gmt":"2023-08-01T20:16:21","slug":"informe-no-016-2023-novo-plano-de-contratacoes-anual-pca-rj","status":"publish","type":"post","link":"https:\/\/redelog.rj.gov.br\/redelog\/informe-no-016-2023-novo-plano-de-contratacoes-anual-pca-rj\/","title":{"rendered":"INFORME N\u00ba 016\/2023 &#8211;  NOVO PLANO DE CONTRATA\u00c7\u00d5ES ANUAL &#8211; PCA RJ"},"content":{"rendered":"\t\t<div data-elementor-type=\"wp-post\" data-elementor-id=\"24830\" class=\"elementor elementor-24830\" data-elementor-post-type=\"post\">\n\t\t\t\t\t\t<section class=\"elementor-section elementor-top-section elementor-element elementor-element-b99c454 elementor-section-boxed elementor-section-height-default elementor-section-height-default\" data-id=\"b99c454\" data-element_type=\"section\" data-settings=\"{&quot;jet_parallax_layout_list&quot;:[{&quot;jet_parallax_layout_image&quot;:{&quot;url&quot;:&quot;&quot;,&quot;id&quot;:&quot;&quot;,&quot;size&quot;:&quot;&quot;},&quot;_id&quot;:&quot;e332d51&quot;,&quot;jet_parallax_layout_image_tablet&quot;:{&quot;url&quot;:&quot;&quot;,&quot;id&quot;:&quot;&quot;,&quot;size&quot;:&quot;&quot;},&quot;jet_parallax_layout_image_mobile&quot;:{&quot;url&quot;:&quot;&quot;,&quot;id&quot;:&quot;&quot;,&quot;size&quot;:&quot;&quot;},&quot;jet_parallax_layout_speed&quot;:{&quot;unit&quot;:&quot;%&quot;,&quot;size&quot;:50,&quot;sizes&quot;:[]},&quot;jet_parallax_layout_type&quot;:&quot;scroll&quot;,&quot;jet_parallax_layout_direction&quot;:&quot;1&quot;,&quot;jet_parallax_layout_fx_direction&quot;:null,&quot;jet_parallax_layout_z_index&quot;:&quot;&quot;,&quot;jet_parallax_layout_bg_x&quot;:50,&quot;jet_parallax_layout_bg_x_tablet&quot;:&quot;&quot;,&quot;jet_parallax_layout_bg_x_mobile&quot;:&quot;&quot;,&quot;jet_parallax_layout_bg_y&quot;:50,&quot;jet_parallax_layout_bg_y_tablet&quot;:&quot;&quot;,&quot;jet_parallax_layout_bg_y_mobile&quot;:&quot;&quot;,&quot;jet_parallax_layout_bg_size&quot;:&quot;auto&quot;,&quot;jet_parallax_layout_bg_size_tablet&quot;:&quot;&quot;,&quot;jet_parallax_layout_bg_size_mobile&quot;:&quot;&quot;,&quot;jet_parallax_layout_animation_prop&quot;:&quot;transform&quot;,&quot;jet_parallax_layout_on&quot;:[&quot;desktop&quot;,&quot;tablet&quot;]}]}\">\n\t\t\t\t\t\t<div class=\"elementor-container elementor-column-gap-default\">\n\t\t\t\t\t<div class=\"elementor-column elementor-col-50 elementor-top-column elementor-element elementor-element-319900d\" data-id=\"319900d\" data-element_type=\"column\">\n\t\t\t<div class=\"elementor-widget-wrap elementor-element-populated\">\n\t\t\t\t\t\t<div class=\"elementor-element elementor-element-6148109 elementor-widget elementor-widget-image\" data-id=\"6148109\" data-element_type=\"widget\" data-widget_type=\"image.default\">\n\t\t\t\t\t\t\t\t\t\t\t\t\t\t\t<img fetchpriority=\"high\" decoding=\"async\" width=\"676\" height=\"254\" src=\"https:\/\/redelog.rj.gov.br\/redelog\/wp-content\/uploads\/2021\/10\/COMUNICADO-PCA-RJ-PORTAL-DE-COMPRAS.png\" class=\"attachment-large size-large wp-image-24773\" alt=\"\" srcset=\"https:\/\/redelog.rj.gov.br\/redelog\/wp-content\/uploads\/2021\/10\/COMUNICADO-PCA-RJ-PORTAL-DE-COMPRAS.png 676w, https:\/\/redelog.rj.gov.br\/redelog\/wp-content\/uploads\/2021\/10\/COMUNICADO-PCA-RJ-PORTAL-DE-COMPRAS-300x113.png 300w, https:\/\/redelog.rj.gov.br\/redelog\/wp-content\/uploads\/2021\/10\/COMUNICADO-PCA-RJ-PORTAL-DE-COMPRAS-600x225.png 600w\" sizes=\"(max-width: 676px) 100vw, 676px\" \/>\t\t\t\t\t\t\t\t\t\t\t\t\t\t\t<\/div>\n\t\t\t\t\t<\/div>\n\t\t<\/div>\n\t\t\t\t<div class=\"elementor-column elementor-col-50 elementor-top-column elementor-element elementor-element-6ee8c57\" data-id=\"6ee8c57\" data-element_type=\"column\">\n\t\t\t<div class=\"elementor-widget-wrap\">\n\t\t\t\t\t\t\t<\/div>\n\t\t<\/div>\n\t\t\t\t\t<\/div>\n\t\t<\/section>\n\t\t\t\t<section class=\"elementor-section elementor-top-section elementor-element elementor-element-6c3a1ab elementor-section-boxed elementor-section-height-default elementor-section-height-default\" data-id=\"6c3a1ab\" data-element_type=\"section\" data-settings=\"{&quot;jet_parallax_layout_list&quot;:[{&quot;jet_parallax_layout_image&quot;:{&quot;url&quot;:&quot;&quot;,&quot;id&quot;:&quot;&quot;,&quot;size&quot;:&quot;&quot;},&quot;_id&quot;:&quot;1ef5c32&quot;,&quot;jet_parallax_layout_image_tablet&quot;:{&quot;url&quot;:&quot;&quot;,&quot;id&quot;:&quot;&quot;,&quot;size&quot;:&quot;&quot;},&quot;jet_parallax_layout_image_mobile&quot;:{&quot;url&quot;:&quot;&quot;,&quot;id&quot;:&quot;&quot;,&quot;size&quot;:&quot;&quot;},&quot;jet_parallax_layout_speed&quot;:{&quot;unit&quot;:&quot;%&quot;,&quot;size&quot;:50,&quot;sizes&quot;:[]},&quot;jet_parallax_layout_type&quot;:&quot;scroll&quot;,&quot;jet_parallax_layout_direction&quot;:&quot;1&quot;,&quot;jet_parallax_layout_fx_direction&quot;:null,&quot;jet_parallax_layout_z_index&quot;:&quot;&quot;,&quot;jet_parallax_layout_bg_x&quot;:50,&quot;jet_parallax_layout_bg_x_tablet&quot;:&quot;&quot;,&quot;jet_parallax_layout_bg_x_mobile&quot;:&quot;&quot;,&quot;jet_parallax_layout_bg_y&quot;:50,&quot;jet_parallax_layout_bg_y_tablet&quot;:&quot;&quot;,&quot;jet_parallax_layout_bg_y_mobile&quot;:&quot;&quot;,&quot;jet_parallax_layout_bg_size&quot;:&quot;auto&quot;,&quot;jet_parallax_layout_bg_size_tablet&quot;:&quot;&quot;,&quot;jet_parallax_layout_bg_size_mobile&quot;:&quot;&quot;,&quot;jet_parallax_layout_animation_prop&quot;:&quot;transform&quot;,&quot;jet_parallax_layout_on&quot;:[&quot;desktop&quot;,&quot;tablet&quot;]}]}\">\n\t\t\t\t\t\t<div class=\"elementor-container elementor-column-gap-default\">\n\t\t\t\t\t<div class=\"elementor-column elementor-col-100 elementor-top-column elementor-element elementor-element-1c4e78d\" data-id=\"1c4e78d\" data-element_type=\"column\">\n\t\t\t<div class=\"elementor-widget-wrap elementor-element-populated\">\n\t\t\t\t\t\t<div class=\"elementor-element elementor-element-006a75b elementor-widget-divider--view-line elementor-widget elementor-widget-divider\" data-id=\"006a75b\" data-element_type=\"widget\" data-widget_type=\"divider.default\">\n\t\t\t\t\t\t\t<div class=\"elementor-divider\">\n\t\t\t<span class=\"elementor-divider-separator\">\n\t\t\t\t\t\t<\/span>\n\t\t<\/div>\n\t\t\t\t\t\t<\/div>\n\t\t\t\t<div class=\"elementor-element elementor-element-5452eb8 elementor-widget elementor-widget-text-editor\" data-id=\"5452eb8\" data-element_type=\"widget\" data-widget_type=\"text-editor.default\">\n\t\t\t\t\t\t\t\t\t<p dir=\"ltr\">Considerando o<strong> impacto estrat\u00e9gico<\/strong> e os <strong>benef\u00edcios do instrumento<\/strong> para a Administra\u00e7\u00e3o, para sociedade e para o mercado fornecedor, <strong>A\u00a0SECRETARIA DE ESTADO DE PLANEJAMENTO E GEST\u00c3O<\/strong> apresenta <strong>o novo Plano de Contrata\u00e7\u00f5es Anual do Estado do Rio de Janeiro<\/strong>, que \u00e9 composto por solu\u00e7\u00f5es modernas e eficientes com o objetivo de servir de apoio\u00a0ao gestor no desempenho de suas atividades do dia-a-dia.<\/p><p><b>\u00a0<\/b><\/p><p dir=\"ltr\">Atrav\u00e9s do instrumento, <strong>o gestor ter\u00e1 mais seguran\u00e7a<\/strong> e autonomia para tomar suas decis\u00f5es e <strong>conhecer quais materiais e servi\u00e7os impactam\u00a0na sua organiza\u00e7\u00e3o<\/strong> para, assim, direcionar melhor seus esfor\u00e7os.\u00a0<\/p><p><b>\u00a0<\/b><\/p><p dir=\"ltr\">Ainda, <strong>o novo PCA RJ fortalece a atua\u00e7\u00e3o das linhas de defesa<\/strong> ao permitir identificar poss\u00edveis riscos e problemas antecipadamente, ensejando a ado\u00e7\u00e3o de medidas preventivas para evitar que esses riscos se concretizem.<\/p><p><b>\u00a0<\/b><\/p><p dir=\"ltr\">A SEPLAG\/RJ promover\u00e1 a entrega do arcabou\u00e7o normativo que vai nortear a execu\u00e7\u00e3o e opera\u00e7\u00e3o do instrumento e suas ferramentas, <strong>a entrega novas ferramentas para a opera\u00e7\u00e3o do PCA<\/strong>,\u00a0 do Plano de Capacita\u00e7\u00e3o e Conscientiza\u00e7\u00e3o para a utiliza\u00e7\u00e3o do PCA RJ e <strong>da nova p\u00e1gina do Plano de Contrata\u00e7\u00f5es Anual no Portal da REDELOG<\/strong>.<\/p><p>\u00a0<\/p><p><strong>Uma orienta\u00e7\u00e3o importante:<\/strong><b><br \/><\/b><\/p><p dir=\"ltr\"><strong>O PCA para o exerc\u00edcio de 2024 ser\u00e1 elaborado de forma apartada ao planejamento do POD<\/strong>, elaborado no SIPLAG, por\u00e9m, isso n\u00e3o quer dizer que essas informa\u00e7\u00f5es sejam dissociadas, pois as informa\u00e7\u00f5es descritas no POD ser\u00e3o aproveitadas para o preenchimento do PCA.<\/p><p><b>\u00a0<\/b><\/p><p dir=\"ltr\"><strong>Em agosto de 2023,<\/strong> ser\u00e3o divulgadas as regras de transi\u00e7\u00e3o para o regime do novo PCA RJ, o qual trar\u00e1 ainda mais efici\u00eancia, seguran\u00e7a, credibilidade e assertividade aos trabalhos desempenhados pelos diversos \u00f3rg\u00e3os e entidades do Estado do Rio de Janeiro.<\/p><p dir=\"ltr\">\u00a0<\/p><p dir=\"ltr\"><strong>Para mais informa\u00e7\u00f5es<\/strong>, entre em contato atrav\u00e9s do e-mail\u00a0<a href=\"mailto:pca@planejamento.rj.gov.br\">pca@planejamento.rj.gov.br<\/a>.<\/p>\t\t\t\t\t\t\t\t<\/div>\n\t\t\t\t\t<\/div>\n\t\t<\/div>\n\t\t\t\t\t<\/div>\n\t\t<\/section>\n\t\t\t\t<section class=\"elementor-section elementor-top-section elementor-element elementor-element-8399409 elementor-section-boxed elementor-section-height-default elementor-section-height-default\" data-id=\"8399409\" data-element_type=\"section\" data-settings=\"{&quot;jet_parallax_layout_list&quot;:[{&quot;jet_parallax_layout_image&quot;:{&quot;url&quot;:&quot;&quot;,&quot;id&quot;:&quot;&quot;,&quot;size&quot;:&quot;&quot;},&quot;_id&quot;:&quot;8c16c45&quot;,&quot;jet_parallax_layout_image_tablet&quot;:{&quot;url&quot;:&quot;&quot;,&quot;id&quot;:&quot;&quot;,&quot;size&quot;:&quot;&quot;},&quot;jet_parallax_layout_image_mobile&quot;:{&quot;url&quot;:&quot;&quot;,&quot;id&quot;:&quot;&quot;,&quot;size&quot;:&quot;&quot;},&quot;jet_parallax_layout_speed&quot;:{&quot;unit&quot;:&quot;%&quot;,&quot;size&quot;:50,&quot;sizes&quot;:[]},&quot;jet_parallax_layout_type&quot;:&quot;scroll&quot;,&quot;jet_parallax_layout_direction&quot;:&quot;1&quot;,&quot;jet_parallax_layout_fx_direction&quot;:null,&quot;jet_parallax_layout_z_index&quot;:&quot;&quot;,&quot;jet_parallax_layout_bg_x&quot;:50,&quot;jet_parallax_layout_bg_x_tablet&quot;:&quot;&quot;,&quot;jet_parallax_layout_bg_x_mobile&quot;:&quot;&quot;,&quot;jet_parallax_layout_bg_y&quot;:50,&quot;jet_parallax_layout_bg_y_tablet&quot;:&quot;&quot;,&quot;jet_parallax_layout_bg_y_mobile&quot;:&quot;&quot;,&quot;jet_parallax_layout_bg_size&quot;:&quot;auto&quot;,&quot;jet_parallax_layout_bg_size_tablet&quot;:&quot;&quot;,&quot;jet_parallax_layout_bg_size_mobile&quot;:&quot;&quot;,&quot;jet_parallax_layout_animation_prop&quot;:&quot;transform&quot;,&quot;jet_parallax_layout_on&quot;:[&quot;desktop&quot;,&quot;tablet&quot;]}]}\">\n\t\t\t\t\t\t<div class=\"elementor-container elementor-column-gap-default\">\n\t\t\t\t\t<div class=\"elementor-column elementor-col-100 elementor-top-column elementor-element elementor-element-c73c239\" data-id=\"c73c239\" data-element_type=\"column\">\n\t\t\t<div class=\"elementor-widget-wrap\">\n\t\t\t\t\t\t\t<\/div>\n\t\t<\/div>\n\t\t\t\t\t<\/div>\n\t\t<\/section>\n\t\t\t\t<\/div>\n\t\t","protected":false},"excerpt":{"rendered":"<p>Considerando o impacto estrat\u00e9gico e os benef\u00edcios do instrumento para a Administra\u00e7\u00e3o, para sociedade e para o mercado fornecedor, A\u00a0SECRETARIA DE ESTADO DE PLANEJAMENTO E GEST\u00c3O apresenta o novo Plano de Contrata\u00e7\u00f5es Anual do Estado do Rio de Janeiro, que \u00e9 composto por solu\u00e7\u00f5es modernas e eficientes com o objetivo de servir de apoio\u00a0ao gestor [&hellip;]<\/p>\n","protected":false},"author":14,"featured_media":0,"comment_status":"closed","ping_status":"open","sticky":false,"template":"","format":"standard","meta":{"_joinchat":[],"footnotes":""},"categories":[25,34,33,38],"tags":[],"class_list":["post-24830","post","type-post","status-publish","format-standard","hentry","category-cat-capacitacao","category-cat-cursos-abertos","category-cat-cursos-internos","category-cat-informes"],"yoast_head":"<!-- This site is optimized with the Yoast SEO plugin v25.7 - https:\/\/yoast.com\/wordpress\/plugins\/seo\/ -->\n<title>INFORME N\u00ba 016\/2023 - NOVO PLANO DE CONTRATA\u00c7\u00d5ES ANUAL - PCA RJ - Redelog<\/title>\n<meta name=\"robots\" content=\"index, follow, max-snippet:-1, max-image-preview:large, max-video-preview:-1\" \/>\n<link rel=\"canonical\" href=\"https:\/\/redelog.rj.gov.br\/redelog\/informe-no-016-2023-novo-plano-de-contratacoes-anual-pca-rj\/\" \/>\n<meta property=\"og:locale\" content=\"pt_BR\" \/>\n<meta property=\"og:type\" content=\"article\" \/>\n<meta property=\"og:title\" content=\"INFORME N\u00ba 016\/2023 - NOVO PLANO DE CONTRATA\u00c7\u00d5ES ANUAL - PCA RJ - Redelog\" \/>\n<meta property=\"og:description\" content=\"Considerando o impacto estrat\u00e9gico e os benef\u00edcios do instrumento para a Administra\u00e7\u00e3o, para sociedade e para o mercado fornecedor, A\u00a0SECRETARIA DE ESTADO DE PLANEJAMENTO E GEST\u00c3O apresenta o novo Plano de Contrata\u00e7\u00f5es Anual do Estado do Rio de Janeiro, que \u00e9 composto por solu\u00e7\u00f5es modernas e eficientes com o objetivo de servir de apoio\u00a0ao gestor [&hellip;]\" \/>\n<meta property=\"og:url\" content=\"https:\/\/redelog.rj.gov.br\/redelog\/informe-no-016-2023-novo-plano-de-contratacoes-anual-pca-rj\/\" \/>\n<meta property=\"og:site_name\" content=\"Redelog\" \/>\n<meta property=\"article:published_time\" content=\"2023-08-01T20:11:01+00:00\" \/>\n<meta property=\"article:modified_time\" content=\"2023-08-01T20:16:21+00:00\" \/>\n<meta property=\"og:image\" content=\"https:\/\/www.redelog.rj.gov.br\/redelog\/wp-content\/uploads\/2021\/10\/COMUNICADO-PCA-RJ-PORTAL-DE-COMPRAS.png\" \/>\n<meta name=\"author\" content=\"Tatiana Pinheiro\" \/>\n<meta name=\"twitter:card\" content=\"summary_large_image\" \/>\n<meta name=\"twitter:label1\" content=\"Escrito por\" \/>\n\t<meta name=\"twitter:data1\" content=\"Tatiana Pinheiro\" \/>\n\t<meta name=\"twitter:label2\" content=\"Est. tempo de leitura\" \/>\n\t<meta name=\"twitter:data2\" content=\"2 minutos\" \/>\n<script type=\"application\/ld+json\" class=\"yoast-schema-graph\">{\"@context\":\"https:\/\/schema.org\",\"@graph\":[{\"@type\":\"Article\",\"@id\":\"https:\/\/redelog.rj.gov.br\/redelog\/informe-no-016-2023-novo-plano-de-contratacoes-anual-pca-rj\/#article\",\"isPartOf\":{\"@id\":\"https:\/\/redelog.rj.gov.br\/redelog\/informe-no-016-2023-novo-plano-de-contratacoes-anual-pca-rj\/\"},\"author\":{\"name\":\"Tatiana Pinheiro\",\"@id\":\"https:\/\/redelog.rj.gov.br\/redelog\/#\/schema\/person\/2952ad9ab303db67bd76de678be9db42\"},\"headline\":\"INFORME N\u00ba 016\/2023 &#8211; NOVO PLANO DE CONTRATA\u00c7\u00d5ES ANUAL &#8211; PCA RJ\",\"datePublished\":\"2023-08-01T20:11:01+00:00\",\"dateModified\":\"2023-08-01T20:16:21+00:00\",\"mainEntityOfPage\":{\"@id\":\"https:\/\/redelog.rj.gov.br\/redelog\/informe-no-016-2023-novo-plano-de-contratacoes-anual-pca-rj\/\"},\"wordCount\":329,\"publisher\":{\"@id\":\"https:\/\/redelog.rj.gov.br\/redelog\/#organization\"},\"image\":{\"@id\":\"https:\/\/redelog.rj.gov.br\/redelog\/informe-no-016-2023-novo-plano-de-contratacoes-anual-pca-rj\/#primaryimage\"},\"thumbnailUrl\":\"https:\/\/www.redelog.rj.gov.br\/redelog\/wp-content\/uploads\/2021\/10\/COMUNICADO-PCA-RJ-PORTAL-DE-COMPRAS.png\",\"articleSection\":[\"Capacita\u00e7\u00e3o\",\"Cursos Abertos\",\"Cursos Internos\",\"Informes\"],\"inLanguage\":\"pt-BR\"},{\"@type\":\"WebPage\",\"@id\":\"https:\/\/redelog.rj.gov.br\/redelog\/informe-no-016-2023-novo-plano-de-contratacoes-anual-pca-rj\/\",\"url\":\"https:\/\/redelog.rj.gov.br\/redelog\/informe-no-016-2023-novo-plano-de-contratacoes-anual-pca-rj\/\",\"name\":\"INFORME N\u00ba 016\/2023 - NOVO PLANO DE CONTRATA\u00c7\u00d5ES ANUAL - PCA RJ - Redelog\",\"isPartOf\":{\"@id\":\"https:\/\/redelog.rj.gov.br\/redelog\/#website\"},\"primaryImageOfPage\":{\"@id\":\"https:\/\/redelog.rj.gov.br\/redelog\/informe-no-016-2023-novo-plano-de-contratacoes-anual-pca-rj\/#primaryimage\"},\"image\":{\"@id\":\"https:\/\/redelog.rj.gov.br\/redelog\/informe-no-016-2023-novo-plano-de-contratacoes-anual-pca-rj\/#primaryimage\"},\"thumbnailUrl\":\"https:\/\/www.redelog.rj.gov.br\/redelog\/wp-content\/uploads\/2021\/10\/COMUNICADO-PCA-RJ-PORTAL-DE-COMPRAS.png\",\"datePublished\":\"2023-08-01T20:11:01+00:00\",\"dateModified\":\"2023-08-01T20:16:21+00:00\",\"breadcrumb\":{\"@id\":\"https:\/\/redelog.rj.gov.br\/redelog\/informe-no-016-2023-novo-plano-de-contratacoes-anual-pca-rj\/#breadcrumb\"},\"inLanguage\":\"pt-BR\",\"potentialAction\":[{\"@type\":\"ReadAction\",\"target\":[\"https:\/\/redelog.rj.gov.br\/redelog\/informe-no-016-2023-novo-plano-de-contratacoes-anual-pca-rj\/\"]}]},{\"@type\":\"ImageObject\",\"inLanguage\":\"pt-BR\",\"@id\":\"https:\/\/redelog.rj.gov.br\/redelog\/informe-no-016-2023-novo-plano-de-contratacoes-anual-pca-rj\/#primaryimage\",\"url\":\"https:\/\/www.redelog.rj.gov.br\/redelog\/wp-content\/uploads\/2021\/10\/COMUNICADO-PCA-RJ-PORTAL-DE-COMPRAS.png\",\"contentUrl\":\"https:\/\/www.redelog.rj.gov.br\/redelog\/wp-content\/uploads\/2021\/10\/COMUNICADO-PCA-RJ-PORTAL-DE-COMPRAS.png\"},{\"@type\":\"BreadcrumbList\",\"@id\":\"https:\/\/redelog.rj.gov.br\/redelog\/informe-no-016-2023-novo-plano-de-contratacoes-anual-pca-rj\/#breadcrumb\",\"itemListElement\":[{\"@type\":\"ListItem\",\"position\":1,\"name\":\"Home\",\"item\":\"https:\/\/redelog.rj.gov.br\/redelog\/\"},{\"@type\":\"ListItem\",\"position\":2,\"name\":\"INFORME N\u00ba 016\/2023 &#8211; NOVO PLANO DE CONTRATA\u00c7\u00d5ES ANUAL &#8211; PCA RJ\"}]},{\"@type\":\"WebSite\",\"@id\":\"https:\/\/redelog.rj.gov.br\/redelog\/#website\",\"url\":\"https:\/\/redelog.rj.gov.br\/redelog\/\",\"name\":\"Redelog\",\"description\":\"Site da Rede de Log\u00edstica e Planejamento do Estado do Rio de Janeiro\",\"publisher\":{\"@id\":\"https:\/\/redelog.rj.gov.br\/redelog\/#organization\"},\"potentialAction\":[{\"@type\":\"SearchAction\",\"target\":{\"@type\":\"EntryPoint\",\"urlTemplate\":\"https:\/\/redelog.rj.gov.br\/redelog\/?s={search_term_string}\"},\"query-input\":{\"@type\":\"PropertyValueSpecification\",\"valueRequired\":true,\"valueName\":\"search_term_string\"}}],\"inLanguage\":\"pt-BR\"},{\"@type\":\"Organization\",\"@id\":\"https:\/\/redelog.rj.gov.br\/redelog\/#organization\",\"name\":\"REDELOG\",\"url\":\"https:\/\/redelog.rj.gov.br\/redelog\/\",\"logo\":{\"@type\":\"ImageObject\",\"inLanguage\":\"pt-BR\",\"@id\":\"https:\/\/redelog.rj.gov.br\/redelog\/#\/schema\/logo\/image\/\",\"url\":\"http:\/\/10.10.8.100:8888\/redelog\/wp-content\/uploads\/2019\/09\/Redelog2.png\",\"contentUrl\":\"http:\/\/10.10.8.100:8888\/redelog\/wp-content\/uploads\/2019\/09\/Redelog2.png\",\"width\":565,\"height\":155,\"caption\":\"REDELOG\"},\"image\":{\"@id\":\"https:\/\/redelog.rj.gov.br\/redelog\/#\/schema\/logo\/image\/\"}},{\"@type\":\"Person\",\"@id\":\"https:\/\/redelog.rj.gov.br\/redelog\/#\/schema\/person\/2952ad9ab303db67bd76de678be9db42\",\"name\":\"Tatiana Pinheiro\",\"image\":{\"@type\":\"ImageObject\",\"inLanguage\":\"pt-BR\",\"@id\":\"https:\/\/redelog.rj.gov.br\/redelog\/#\/schema\/person\/image\/\",\"url\":\"https:\/\/secure.gravatar.com\/avatar\/bccf0f5f228d8798c6920b7dc4726537abaf85fcaef46a20902903cec6463f12?s=96&d=mm&r=g\",\"contentUrl\":\"https:\/\/secure.gravatar.com\/avatar\/bccf0f5f228d8798c6920b7dc4726537abaf85fcaef46a20902903cec6463f12?s=96&d=mm&r=g\",\"caption\":\"Tatiana Pinheiro\"},\"url\":\"https:\/\/redelog.rj.gov.br\/redelog\/author\/tatiana\/\"}]}<\/script>\n<!-- \/ Yoast SEO plugin. -->","yoast_head_json":{"title":"INFORME N\u00ba 016\/2023 - NOVO PLANO DE CONTRATA\u00c7\u00d5ES ANUAL - PCA RJ - Redelog","robots":{"index":"index","follow":"follow","max-snippet":"max-snippet:-1","max-image-preview":"max-image-preview:large","max-video-preview":"max-video-preview:-1"},"canonical":"https:\/\/redelog.rj.gov.br\/redelog\/informe-no-016-2023-novo-plano-de-contratacoes-anual-pca-rj\/","og_locale":"pt_BR","og_type":"article","og_title":"INFORME N\u00ba 016\/2023 - NOVO PLANO DE CONTRATA\u00c7\u00d5ES ANUAL - PCA RJ - Redelog","og_description":"Considerando o impacto estrat\u00e9gico e os benef\u00edcios do instrumento para a Administra\u00e7\u00e3o, para sociedade e para o mercado fornecedor, A\u00a0SECRETARIA DE ESTADO DE PLANEJAMENTO E GEST\u00c3O apresenta o novo Plano de Contrata\u00e7\u00f5es Anual do Estado do Rio de Janeiro, que \u00e9 composto por solu\u00e7\u00f5es modernas e eficientes com o objetivo de servir de apoio\u00a0ao gestor [&hellip;]","og_url":"https:\/\/redelog.rj.gov.br\/redelog\/informe-no-016-2023-novo-plano-de-contratacoes-anual-pca-rj\/","og_site_name":"Redelog","article_published_time":"2023-08-01T20:11:01+00:00","article_modified_time":"2023-08-01T20:16:21+00:00","og_image":[{"url":"https:\/\/www.redelog.rj.gov.br\/redelog\/wp-content\/uploads\/2021\/10\/COMUNICADO-PCA-RJ-PORTAL-DE-COMPRAS.png","type":"","width":"","height":""}],"author":"Tatiana Pinheiro","twitter_card":"summary_large_image","twitter_misc":{"Escrito por":"Tatiana Pinheiro","Est. tempo de leitura":"2 minutos"},"schema":{"@context":"https:\/\/schema.org","@graph":[{"@type":"Article","@id":"https:\/\/redelog.rj.gov.br\/redelog\/informe-no-016-2023-novo-plano-de-contratacoes-anual-pca-rj\/#article","isPartOf":{"@id":"https:\/\/redelog.rj.gov.br\/redelog\/informe-no-016-2023-novo-plano-de-contratacoes-anual-pca-rj\/"},"author":{"name":"Tatiana Pinheiro","@id":"https:\/\/redelog.rj.gov.br\/redelog\/#\/schema\/person\/2952ad9ab303db67bd76de678be9db42"},"headline":"INFORME N\u00ba 016\/2023 &#8211; NOVO PLANO DE CONTRATA\u00c7\u00d5ES ANUAL &#8211; PCA RJ","datePublished":"2023-08-01T20:11:01+00:00","dateModified":"2023-08-01T20:16:21+00:00","mainEntityOfPage":{"@id":"https:\/\/redelog.rj.gov.br\/redelog\/informe-no-016-2023-novo-plano-de-contratacoes-anual-pca-rj\/"},"wordCount":329,"publisher":{"@id":"https:\/\/redelog.rj.gov.br\/redelog\/#organization"},"image":{"@id":"https:\/\/redelog.rj.gov.br\/redelog\/informe-no-016-2023-novo-plano-de-contratacoes-anual-pca-rj\/#primaryimage"},"thumbnailUrl":"https:\/\/www.redelog.rj.gov.br\/redelog\/wp-content\/uploads\/2021\/10\/COMUNICADO-PCA-RJ-PORTAL-DE-COMPRAS.png","articleSection":["Capacita\u00e7\u00e3o","Cursos Abertos","Cursos Internos","Informes"],"inLanguage":"pt-BR"},{"@type":"WebPage","@id":"https:\/\/redelog.rj.gov.br\/redelog\/informe-no-016-2023-novo-plano-de-contratacoes-anual-pca-rj\/","url":"https:\/\/redelog.rj.gov.br\/redelog\/informe-no-016-2023-novo-plano-de-contratacoes-anual-pca-rj\/","name":"INFORME N\u00ba 016\/2023 - NOVO PLANO DE CONTRATA\u00c7\u00d5ES ANUAL - PCA RJ - Redelog","isPartOf":{"@id":"https:\/\/redelog.rj.gov.br\/redelog\/#website"},"primaryImageOfPage":{"@id":"https:\/\/redelog.rj.gov.br\/redelog\/informe-no-016-2023-novo-plano-de-contratacoes-anual-pca-rj\/#primaryimage"},"image":{"@id":"https:\/\/redelog.rj.gov.br\/redelog\/informe-no-016-2023-novo-plano-de-contratacoes-anual-pca-rj\/#primaryimage"},"thumbnailUrl":"https:\/\/www.redelog.rj.gov.br\/redelog\/wp-content\/uploads\/2021\/10\/COMUNICADO-PCA-RJ-PORTAL-DE-COMPRAS.png","datePublished":"2023-08-01T20:11:01+00:00","dateModified":"2023-08-01T20:16:21+00:00","breadcrumb":{"@id":"https:\/\/redelog.rj.gov.br\/redelog\/informe-no-016-2023-novo-plano-de-contratacoes-anual-pca-rj\/#breadcrumb"},"inLanguage":"pt-BR","potentialAction":[{"@type":"ReadAction","target":["https:\/\/redelog.rj.gov.br\/redelog\/informe-no-016-2023-novo-plano-de-contratacoes-anual-pca-rj\/"]}]},{"@type":"ImageObject","inLanguage":"pt-BR","@id":"https:\/\/redelog.rj.gov.br\/redelog\/informe-no-016-2023-novo-plano-de-contratacoes-anual-pca-rj\/#primaryimage","url":"https:\/\/www.redelog.rj.gov.br\/redelog\/wp-content\/uploads\/2021\/10\/COMUNICADO-PCA-RJ-PORTAL-DE-COMPRAS.png","contentUrl":"https:\/\/www.redelog.rj.gov.br\/redelog\/wp-content\/uploads\/2021\/10\/COMUNICADO-PCA-RJ-PORTAL-DE-COMPRAS.png"},{"@type":"BreadcrumbList","@id":"https:\/\/redelog.rj.gov.br\/redelog\/informe-no-016-2023-novo-plano-de-contratacoes-anual-pca-rj\/#breadcrumb","itemListElement":[{"@type":"ListItem","position":1,"name":"Home","item":"https:\/\/redelog.rj.gov.br\/redelog\/"},{"@type":"ListItem","position":2,"name":"INFORME N\u00ba 016\/2023 &#8211; NOVO PLANO DE CONTRATA\u00c7\u00d5ES ANUAL &#8211; PCA RJ"}]},{"@type":"WebSite","@id":"https:\/\/redelog.rj.gov.br\/redelog\/#website","url":"https:\/\/redelog.rj.gov.br\/redelog\/","name":"Redelog","description":"Site da Rede de Log\u00edstica e Planejamento do Estado do Rio de Janeiro","publisher":{"@id":"https:\/\/redelog.rj.gov.br\/redelog\/#organization"},"potentialAction":[{"@type":"SearchAction","target":{"@type":"EntryPoint","urlTemplate":"https:\/\/redelog.rj.gov.br\/redelog\/?s={search_term_string}"},"query-input":{"@type":"PropertyValueSpecification","valueRequired":true,"valueName":"search_term_string"}}],"inLanguage":"pt-BR"},{"@type":"Organization","@id":"https:\/\/redelog.rj.gov.br\/redelog\/#organization","name":"REDELOG","url":"https:\/\/redelog.rj.gov.br\/redelog\/","logo":{"@type":"ImageObject","inLanguage":"pt-BR","@id":"https:\/\/redelog.rj.gov.br\/redelog\/#\/schema\/logo\/image\/","url":"http:\/\/10.10.8.100:8888\/redelog\/wp-content\/uploads\/2019\/09\/Redelog2.png","contentUrl":"http:\/\/10.10.8.100:8888\/redelog\/wp-content\/uploads\/2019\/09\/Redelog2.png","width":565,"height":155,"caption":"REDELOG"},"image":{"@id":"https:\/\/redelog.rj.gov.br\/redelog\/#\/schema\/logo\/image\/"}},{"@type":"Person","@id":"https:\/\/redelog.rj.gov.br\/redelog\/#\/schema\/person\/2952ad9ab303db67bd76de678be9db42","name":"Tatiana Pinheiro","image":{"@type":"ImageObject","inLanguage":"pt-BR","@id":"https:\/\/redelog.rj.gov.br\/redelog\/#\/schema\/person\/image\/","url":"https:\/\/secure.gravatar.com\/avatar\/bccf0f5f228d8798c6920b7dc4726537abaf85fcaef46a20902903cec6463f12?s=96&d=mm&r=g","contentUrl":"https:\/\/secure.gravatar.com\/avatar\/bccf0f5f228d8798c6920b7dc4726537abaf85fcaef46a20902903cec6463f12?s=96&d=mm&r=g","caption":"Tatiana Pinheiro"},"url":"https:\/\/redelog.rj.gov.br\/redelog\/author\/tatiana\/"}]}},"_links":{"self":[{"href":"https:\/\/redelog.rj.gov.br\/redelog\/wp-json\/wp\/v2\/posts\/24830","targetHints":{"allow":["GET"]}}],"collection":[{"href":"https:\/\/redelog.rj.gov.br\/redelog\/wp-json\/wp\/v2\/posts"}],"about":[{"href":"https:\/\/redelog.rj.gov.br\/redelog\/wp-json\/wp\/v2\/types\/post"}],"author":[{"embeddable":true,"href":"https:\/\/redelog.rj.gov.br\/redelog\/wp-json\/wp\/v2\/users\/14"}],"replies":[{"embeddable":true,"href":"https:\/\/redelog.rj.gov.br\/redelog\/wp-json\/wp\/v2\/comments?post=24830"}],"version-history":[{"count":4,"href":"https:\/\/redelog.rj.gov.br\/redelog\/wp-json\/wp\/v2\/posts\/24830\/revisions"}],"predecessor-version":[{"id":24834,"href":"https:\/\/redelog.rj.gov.br\/redelog\/wp-json\/wp\/v2\/posts\/24830\/revisions\/24834"}],"wp:attachment":[{"href":"https:\/\/redelog.rj.gov.br\/redelog\/wp-json\/wp\/v2\/media?parent=24830"}],"wp:term":[{"taxonomy":"category","embeddable":true,"href":"https:\/\/redelog.rj.gov.br\/redelog\/wp-json\/wp\/v2\/categories?post=24830"},{"taxonomy":"post_tag","embeddable":true,"href":"https:\/\/redelog.rj.gov.br\/redelog\/wp-json\/wp\/v2\/tags?post=24830"}],"curies":[{"name":"wp","href":"https:\/\/api.w.org\/{rel}","templated":true}]}}