{"id":24377,"date":"2023-05-16T11:26:21","date_gmt":"2023-05-16T14:26:21","guid":{"rendered":"https:\/\/redelog.rj.gov.br\/redelog\/?p=24377"},"modified":"2023-05-16T14:30:20","modified_gmt":"2023-05-16T17:30:20","slug":"informe-no-013-2023-ata-de-registro-de-precos-gestao-de-abastecimento-de-combustiveis","status":"publish","type":"post","link":"https:\/\/redelog.rj.gov.br\/redelog\/informe-no-013-2023-ata-de-registro-de-precos-gestao-de-abastecimento-de-combustiveis\/","title":{"rendered":"INFORME N\u00ba 013\/2023 &#8211;  ATA DE REGISTRO DE PRE\u00c7OS &#8211; GEST\u00c3O DE ABASTECIMENTO DE COMBUST\u00cdVEIS"},"content":{"rendered":"\t\t<div data-elementor-type=\"wp-post\" data-elementor-id=\"24377\" class=\"elementor elementor-24377\" data-elementor-post-type=\"post\">\n\t\t\t\t\t\t<section class=\"elementor-section elementor-top-section elementor-element elementor-element-b99c454 elementor-section-boxed elementor-section-height-default elementor-section-height-default\" data-id=\"b99c454\" data-element_type=\"section\" data-settings=\"{&quot;jet_parallax_layout_list&quot;:[{&quot;jet_parallax_layout_image&quot;:{&quot;url&quot;:&quot;&quot;,&quot;id&quot;:&quot;&quot;,&quot;size&quot;:&quot;&quot;},&quot;_id&quot;:&quot;e332d51&quot;,&quot;jet_parallax_layout_image_tablet&quot;:{&quot;url&quot;:&quot;&quot;,&quot;id&quot;:&quot;&quot;,&quot;size&quot;:&quot;&quot;},&quot;jet_parallax_layout_image_mobile&quot;:{&quot;url&quot;:&quot;&quot;,&quot;id&quot;:&quot;&quot;,&quot;size&quot;:&quot;&quot;},&quot;jet_parallax_layout_speed&quot;:{&quot;unit&quot;:&quot;%&quot;,&quot;size&quot;:50,&quot;sizes&quot;:[]},&quot;jet_parallax_layout_type&quot;:&quot;scroll&quot;,&quot;jet_parallax_layout_direction&quot;:&quot;1&quot;,&quot;jet_parallax_layout_fx_direction&quot;:null,&quot;jet_parallax_layout_z_index&quot;:&quot;&quot;,&quot;jet_parallax_layout_bg_x&quot;:50,&quot;jet_parallax_layout_bg_x_tablet&quot;:&quot;&quot;,&quot;jet_parallax_layout_bg_x_mobile&quot;:&quot;&quot;,&quot;jet_parallax_layout_bg_y&quot;:50,&quot;jet_parallax_layout_bg_y_tablet&quot;:&quot;&quot;,&quot;jet_parallax_layout_bg_y_mobile&quot;:&quot;&quot;,&quot;jet_parallax_layout_bg_size&quot;:&quot;auto&quot;,&quot;jet_parallax_layout_bg_size_tablet&quot;:&quot;&quot;,&quot;jet_parallax_layout_bg_size_mobile&quot;:&quot;&quot;,&quot;jet_parallax_layout_animation_prop&quot;:&quot;transform&quot;,&quot;jet_parallax_layout_on&quot;:[&quot;desktop&quot;,&quot;tablet&quot;]}]}\">\n\t\t\t\t\t\t<div class=\"elementor-container elementor-column-gap-default\">\n\t\t\t\t\t<div class=\"elementor-column elementor-col-50 elementor-top-column elementor-element elementor-element-319900d\" data-id=\"319900d\" data-element_type=\"column\">\n\t\t\t<div class=\"elementor-widget-wrap elementor-element-populated\">\n\t\t\t\t\t\t<div class=\"elementor-element elementor-element-fa18445 elementor-widget elementor-widget-image\" data-id=\"fa18445\" data-element_type=\"widget\" data-widget_type=\"image.default\">\n\t\t\t\t\t\t\t\t\t\t\t\t\t\t\t<img fetchpriority=\"high\" decoding=\"async\" width=\"620\" height=\"350\" src=\"https:\/\/redelog.rj.gov.br\/redelog\/wp-content\/uploads\/2023\/05\/ata-de-combustiveis.jpeg\" class=\"attachment-large size-large wp-image-24414\" alt=\"\" srcset=\"https:\/\/redelog.rj.gov.br\/redelog\/wp-content\/uploads\/2023\/05\/ata-de-combustiveis.jpeg 620w, https:\/\/redelog.rj.gov.br\/redelog\/wp-content\/uploads\/2023\/05\/ata-de-combustiveis-300x169.jpeg 300w, https:\/\/redelog.rj.gov.br\/redelog\/wp-content\/uploads\/2023\/05\/ata-de-combustiveis-150x85.jpeg 150w, https:\/\/redelog.rj.gov.br\/redelog\/wp-content\/uploads\/2023\/05\/ata-de-combustiveis-600x339.jpeg 600w\" sizes=\"(max-width: 620px) 100vw, 620px\" \/>\t\t\t\t\t\t\t\t\t\t\t\t\t\t\t<\/div>\n\t\t\t\t\t<\/div>\n\t\t<\/div>\n\t\t\t\t<div class=\"elementor-column elementor-col-50 elementor-top-column elementor-element elementor-element-6ee8c57\" data-id=\"6ee8c57\" data-element_type=\"column\">\n\t\t\t<div class=\"elementor-widget-wrap\">\n\t\t\t\t\t\t\t<\/div>\n\t\t<\/div>\n\t\t\t\t\t<\/div>\n\t\t<\/section>\n\t\t\t\t<section class=\"elementor-section elementor-top-section elementor-element elementor-element-6c3a1ab elementor-section-boxed elementor-section-height-default elementor-section-height-default\" data-id=\"6c3a1ab\" data-element_type=\"section\" data-settings=\"{&quot;jet_parallax_layout_list&quot;:[{&quot;jet_parallax_layout_image&quot;:{&quot;url&quot;:&quot;&quot;,&quot;id&quot;:&quot;&quot;,&quot;size&quot;:&quot;&quot;},&quot;_id&quot;:&quot;1ef5c32&quot;,&quot;jet_parallax_layout_image_tablet&quot;:{&quot;url&quot;:&quot;&quot;,&quot;id&quot;:&quot;&quot;,&quot;size&quot;:&quot;&quot;},&quot;jet_parallax_layout_image_mobile&quot;:{&quot;url&quot;:&quot;&quot;,&quot;id&quot;:&quot;&quot;,&quot;size&quot;:&quot;&quot;},&quot;jet_parallax_layout_speed&quot;:{&quot;unit&quot;:&quot;%&quot;,&quot;size&quot;:50,&quot;sizes&quot;:[]},&quot;jet_parallax_layout_type&quot;:&quot;scroll&quot;,&quot;jet_parallax_layout_direction&quot;:&quot;1&quot;,&quot;jet_parallax_layout_fx_direction&quot;:null,&quot;jet_parallax_layout_z_index&quot;:&quot;&quot;,&quot;jet_parallax_layout_bg_x&quot;:50,&quot;jet_parallax_layout_bg_x_tablet&quot;:&quot;&quot;,&quot;jet_parallax_layout_bg_x_mobile&quot;:&quot;&quot;,&quot;jet_parallax_layout_bg_y&quot;:50,&quot;jet_parallax_layout_bg_y_tablet&quot;:&quot;&quot;,&quot;jet_parallax_layout_bg_y_mobile&quot;:&quot;&quot;,&quot;jet_parallax_layout_bg_size&quot;:&quot;auto&quot;,&quot;jet_parallax_layout_bg_size_tablet&quot;:&quot;&quot;,&quot;jet_parallax_layout_bg_size_mobile&quot;:&quot;&quot;,&quot;jet_parallax_layout_animation_prop&quot;:&quot;transform&quot;,&quot;jet_parallax_layout_on&quot;:[&quot;desktop&quot;,&quot;tablet&quot;]}]}\">\n\t\t\t\t\t\t<div class=\"elementor-container elementor-column-gap-default\">\n\t\t\t\t\t<div class=\"elementor-column elementor-col-100 elementor-top-column elementor-element elementor-element-1c4e78d\" data-id=\"1c4e78d\" data-element_type=\"column\">\n\t\t\t<div class=\"elementor-widget-wrap elementor-element-populated\">\n\t\t\t\t\t\t<div class=\"elementor-element elementor-element-006a75b elementor-widget-divider--view-line elementor-widget elementor-widget-divider\" data-id=\"006a75b\" data-element_type=\"widget\" data-widget_type=\"divider.default\">\n\t\t\t\t\t\t\t<div class=\"elementor-divider\">\n\t\t\t<span class=\"elementor-divider-separator\">\n\t\t\t\t\t\t<\/span>\n\t\t<\/div>\n\t\t\t\t\t\t<\/div>\n\t\t\t\t<div class=\"elementor-element elementor-element-5452eb8 elementor-widget elementor-widget-text-editor\" data-id=\"5452eb8\" data-element_type=\"widget\" data-widget_type=\"text-editor.default\">\n\t\t\t\t\t\t\t\t\t<h3 style=\"font-weight: 200;\">Publicada a Ata de Registro de Pre\u00e7os de Gest\u00e3o de Abastecimento de Combust\u00edveis<\/h3><p>A Secretaria de Estado de Planejamento e Gest\u00e3o &#8211; SEPLAG, atrav\u00e9s da Subsecretaria de Log\u00edstica &#8211; SUBLOG, informa que foi publicada a Ata de Registro de Pre\u00e7os n\u00ba 006\/2023, no dia 16\/05\/2023 referente ao preg\u00e3o eletr\u00f4nico de registro de pre\u00e7os PERP n\u00ba 01\/2023, para\u00a0<b><strong>contrata\u00e7\u00e3o de\u00a0servi\u00e7o de gest\u00e3o de abastecimento, com a utiliza\u00e7\u00e3o de solu\u00e7\u00e3o tecnol\u00f3gica, e fornecimento de combust\u00edveis<\/strong><\/b>\u00a0<b><strong>atrav\u00e9s de postos credenciados\u00a0<\/strong><\/b>para atender as necessidades de 62 \u00f3rg\u00e3os e entidades do Poder Executivo do Estado do Rio de Janeiro.\u00a0<\/p><p>\u00a0<\/p><p>A Ata de Registro de Pre\u00e7os ter\u00e1 vig\u00eancia de 12 (doze) meses a contar da publica\u00e7\u00e3o e os contratos ter\u00e3o prazo de contrato de 18 (dezoito) meses.<\/p><p>A Ata de Registro de Pre\u00e7os n\u00ba 0006\/2023\/210100-01 poder\u00e1 ser consultada no SIGA e atrav\u00e9s do processo administrativo\u00a0SEI-120001\/007249\/2022.\u00a0<\/p><p>\u00a0<\/p><p>Para mais informa\u00e7\u00f5es sobre como celebrar os contratos com as empresas vencedoras do certame, entrar em contato com o Gestor da Ata de Registro de Pre\u00e7os.<\/p><p>\u00a0<\/p><p>Vandemberg dos Santos Silva<\/p><p>E-mail:\u00a0<a href=\"mailto:vandemberg@planejamento.rj.gov.br\">vandemberg@planejamento.rj.gov.br<\/a><\/p>\t\t\t\t\t\t\t\t<\/div>\n\t\t\t\t\t<\/div>\n\t\t<\/div>\n\t\t\t\t\t<\/div>\n\t\t<\/section>\n\t\t\t\t<section class=\"elementor-section elementor-top-section elementor-element elementor-element-8399409 elementor-section-boxed elementor-section-height-default elementor-section-height-default\" data-id=\"8399409\" data-element_type=\"section\" data-settings=\"{&quot;jet_parallax_layout_list&quot;:[{&quot;jet_parallax_layout_image&quot;:{&quot;url&quot;:&quot;&quot;,&quot;id&quot;:&quot;&quot;,&quot;size&quot;:&quot;&quot;},&quot;_id&quot;:&quot;8c16c45&quot;,&quot;jet_parallax_layout_image_tablet&quot;:{&quot;url&quot;:&quot;&quot;,&quot;id&quot;:&quot;&quot;,&quot;size&quot;:&quot;&quot;},&quot;jet_parallax_layout_image_mobile&quot;:{&quot;url&quot;:&quot;&quot;,&quot;id&quot;:&quot;&quot;,&quot;size&quot;:&quot;&quot;},&quot;jet_parallax_layout_speed&quot;:{&quot;unit&quot;:&quot;%&quot;,&quot;size&quot;:50,&quot;sizes&quot;:[]},&quot;jet_parallax_layout_type&quot;:&quot;scroll&quot;,&quot;jet_parallax_layout_direction&quot;:&quot;1&quot;,&quot;jet_parallax_layout_fx_direction&quot;:null,&quot;jet_parallax_layout_z_index&quot;:&quot;&quot;,&quot;jet_parallax_layout_bg_x&quot;:50,&quot;jet_parallax_layout_bg_x_tablet&quot;:&quot;&quot;,&quot;jet_parallax_layout_bg_x_mobile&quot;:&quot;&quot;,&quot;jet_parallax_layout_bg_y&quot;:50,&quot;jet_parallax_layout_bg_y_tablet&quot;:&quot;&quot;,&quot;jet_parallax_layout_bg_y_mobile&quot;:&quot;&quot;,&quot;jet_parallax_layout_bg_size&quot;:&quot;auto&quot;,&quot;jet_parallax_layout_bg_size_tablet&quot;:&quot;&quot;,&quot;jet_parallax_layout_bg_size_mobile&quot;:&quot;&quot;,&quot;jet_parallax_layout_animation_prop&quot;:&quot;transform&quot;,&quot;jet_parallax_layout_on&quot;:[&quot;desktop&quot;,&quot;tablet&quot;]}]}\">\n\t\t\t\t\t\t<div class=\"elementor-container elementor-column-gap-default\">\n\t\t\t\t\t<div class=\"elementor-column elementor-col-100 elementor-top-column elementor-element elementor-element-c73c239\" data-id=\"c73c239\" data-element_type=\"column\">\n\t\t\t<div class=\"elementor-widget-wrap\">\n\t\t\t\t\t\t\t<\/div>\n\t\t<\/div>\n\t\t\t\t\t<\/div>\n\t\t<\/section>\n\t\t\t\t<\/div>\n\t\t","protected":false},"excerpt":{"rendered":"<p>Publicada a Ata de Registro de Pre\u00e7os de Gest\u00e3o de Abastecimento de Combust\u00edveis A Secretaria de Estado de Planejamento e Gest\u00e3o &#8211; SEPLAG, atrav\u00e9s da Subsecretaria de Log\u00edstica &#8211; SUBLOG, informa que foi publicada a Ata de Registro de Pre\u00e7os n\u00ba 006\/2023, no dia 16\/05\/2023 referente ao preg\u00e3o eletr\u00f4nico de registro de pre\u00e7os PERP n\u00ba [&hellip;]<\/p>\n","protected":false},"author":14,"featured_media":0,"comment_status":"closed","ping_status":"open","sticky":false,"template":"","format":"standard","meta":{"_joinchat":[],"footnotes":""},"categories":[25,34,33,38],"tags":[],"class_list":["post-24377","post","type-post","status-publish","format-standard","hentry","category-cat-capacitacao","category-cat-cursos-abertos","category-cat-cursos-internos","category-cat-informes"],"yoast_head":"<!-- This site is optimized with the Yoast SEO plugin v25.7 - https:\/\/yoast.com\/wordpress\/plugins\/seo\/ -->\n<title>INFORME N\u00ba 013\/2023 - ATA DE REGISTRO DE PRE\u00c7OS - GEST\u00c3O DE ABASTECIMENTO DE COMBUST\u00cdVEIS - Redelog<\/title>\n<meta name=\"robots\" content=\"index, follow, max-snippet:-1, max-image-preview:large, max-video-preview:-1\" \/>\n<link rel=\"canonical\" href=\"https:\/\/redelog.rj.gov.br\/redelog\/informe-no-013-2023-ata-de-registro-de-precos-gestao-de-abastecimento-de-combustiveis\/\" \/>\n<meta property=\"og:locale\" content=\"pt_BR\" \/>\n<meta property=\"og:type\" content=\"article\" \/>\n<meta property=\"og:title\" content=\"INFORME N\u00ba 013\/2023 - ATA DE REGISTRO DE PRE\u00c7OS - GEST\u00c3O DE ABASTECIMENTO DE COMBUST\u00cdVEIS - Redelog\" \/>\n<meta property=\"og:description\" content=\"Publicada a Ata de Registro de Pre\u00e7os de Gest\u00e3o de Abastecimento de Combust\u00edveis A Secretaria de Estado de Planejamento e Gest\u00e3o &#8211; SEPLAG, atrav\u00e9s da Subsecretaria de Log\u00edstica &#8211; SUBLOG, informa que foi publicada a Ata de Registro de Pre\u00e7os n\u00ba 006\/2023, no dia 16\/05\/2023 referente ao preg\u00e3o eletr\u00f4nico de registro de pre\u00e7os PERP n\u00ba [&hellip;]\" \/>\n<meta property=\"og:url\" content=\"https:\/\/redelog.rj.gov.br\/redelog\/informe-no-013-2023-ata-de-registro-de-precos-gestao-de-abastecimento-de-combustiveis\/\" \/>\n<meta property=\"og:site_name\" content=\"Redelog\" \/>\n<meta property=\"article:published_time\" content=\"2023-05-16T14:26:21+00:00\" \/>\n<meta property=\"article:modified_time\" content=\"2023-05-16T17:30:20+00:00\" \/>\n<meta property=\"og:image\" content=\"https:\/\/www.redelog.rj.gov.br\/redelog\/wp-content\/uploads\/2023\/05\/ata-de-combustiveis.jpeg\" \/>\n<meta name=\"author\" content=\"Tatiana Pinheiro\" \/>\n<meta name=\"twitter:card\" content=\"summary_large_image\" \/>\n<meta name=\"twitter:label1\" content=\"Escrito por\" \/>\n\t<meta name=\"twitter:data1\" content=\"Tatiana Pinheiro\" \/>\n\t<meta name=\"twitter:label2\" content=\"Est. tempo de leitura\" \/>\n\t<meta name=\"twitter:data2\" content=\"2 minutos\" \/>\n<script type=\"application\/ld+json\" class=\"yoast-schema-graph\">{\"@context\":\"https:\/\/schema.org\",\"@graph\":[{\"@type\":\"Article\",\"@id\":\"https:\/\/redelog.rj.gov.br\/redelog\/informe-no-013-2023-ata-de-registro-de-precos-gestao-de-abastecimento-de-combustiveis\/#article\",\"isPartOf\":{\"@id\":\"https:\/\/redelog.rj.gov.br\/redelog\/informe-no-013-2023-ata-de-registro-de-precos-gestao-de-abastecimento-de-combustiveis\/\"},\"author\":{\"name\":\"Tatiana Pinheiro\",\"@id\":\"https:\/\/redelog.rj.gov.br\/redelog\/#\/schema\/person\/2952ad9ab303db67bd76de678be9db42\"},\"headline\":\"INFORME N\u00ba 013\/2023 &#8211; ATA DE REGISTRO DE PRE\u00c7OS &#8211; GEST\u00c3O DE ABASTECIMENTO DE COMBUST\u00cdVEIS\",\"datePublished\":\"2023-05-16T14:26:21+00:00\",\"dateModified\":\"2023-05-16T17:30:20+00:00\",\"mainEntityOfPage\":{\"@id\":\"https:\/\/redelog.rj.gov.br\/redelog\/informe-no-013-2023-ata-de-registro-de-precos-gestao-de-abastecimento-de-combustiveis\/\"},\"wordCount\":216,\"publisher\":{\"@id\":\"https:\/\/redelog.rj.gov.br\/redelog\/#organization\"},\"image\":{\"@id\":\"https:\/\/redelog.rj.gov.br\/redelog\/informe-no-013-2023-ata-de-registro-de-precos-gestao-de-abastecimento-de-combustiveis\/#primaryimage\"},\"thumbnailUrl\":\"https:\/\/www.redelog.rj.gov.br\/redelog\/wp-content\/uploads\/2023\/05\/ata-de-combustiveis.jpeg\",\"articleSection\":[\"Capacita\u00e7\u00e3o\",\"Cursos Abertos\",\"Cursos Internos\",\"Informes\"],\"inLanguage\":\"pt-BR\"},{\"@type\":\"WebPage\",\"@id\":\"https:\/\/redelog.rj.gov.br\/redelog\/informe-no-013-2023-ata-de-registro-de-precos-gestao-de-abastecimento-de-combustiveis\/\",\"url\":\"https:\/\/redelog.rj.gov.br\/redelog\/informe-no-013-2023-ata-de-registro-de-precos-gestao-de-abastecimento-de-combustiveis\/\",\"name\":\"INFORME N\u00ba 013\/2023 - ATA DE REGISTRO DE PRE\u00c7OS - GEST\u00c3O DE ABASTECIMENTO DE COMBUST\u00cdVEIS - Redelog\",\"isPartOf\":{\"@id\":\"https:\/\/redelog.rj.gov.br\/redelog\/#website\"},\"primaryImageOfPage\":{\"@id\":\"https:\/\/redelog.rj.gov.br\/redelog\/informe-no-013-2023-ata-de-registro-de-precos-gestao-de-abastecimento-de-combustiveis\/#primaryimage\"},\"image\":{\"@id\":\"https:\/\/redelog.rj.gov.br\/redelog\/informe-no-013-2023-ata-de-registro-de-precos-gestao-de-abastecimento-de-combustiveis\/#primaryimage\"},\"thumbnailUrl\":\"https:\/\/www.redelog.rj.gov.br\/redelog\/wp-content\/uploads\/2023\/05\/ata-de-combustiveis.jpeg\",\"datePublished\":\"2023-05-16T14:26:21+00:00\",\"dateModified\":\"2023-05-16T17:30:20+00:00\",\"breadcrumb\":{\"@id\":\"https:\/\/redelog.rj.gov.br\/redelog\/informe-no-013-2023-ata-de-registro-de-precos-gestao-de-abastecimento-de-combustiveis\/#breadcrumb\"},\"inLanguage\":\"pt-BR\",\"potentialAction\":[{\"@type\":\"ReadAction\",\"target\":[\"https:\/\/redelog.rj.gov.br\/redelog\/informe-no-013-2023-ata-de-registro-de-precos-gestao-de-abastecimento-de-combustiveis\/\"]}]},{\"@type\":\"ImageObject\",\"inLanguage\":\"pt-BR\",\"@id\":\"https:\/\/redelog.rj.gov.br\/redelog\/informe-no-013-2023-ata-de-registro-de-precos-gestao-de-abastecimento-de-combustiveis\/#primaryimage\",\"url\":\"https:\/\/www.redelog.rj.gov.br\/redelog\/wp-content\/uploads\/2023\/05\/ata-de-combustiveis.jpeg\",\"contentUrl\":\"https:\/\/www.redelog.rj.gov.br\/redelog\/wp-content\/uploads\/2023\/05\/ata-de-combustiveis.jpeg\"},{\"@type\":\"BreadcrumbList\",\"@id\":\"https:\/\/redelog.rj.gov.br\/redelog\/informe-no-013-2023-ata-de-registro-de-precos-gestao-de-abastecimento-de-combustiveis\/#breadcrumb\",\"itemListElement\":[{\"@type\":\"ListItem\",\"position\":1,\"name\":\"Home\",\"item\":\"https:\/\/redelog.rj.gov.br\/redelog\/\"},{\"@type\":\"ListItem\",\"position\":2,\"name\":\"INFORME N\u00ba 013\/2023 &#8211; ATA DE REGISTRO DE PRE\u00c7OS &#8211; GEST\u00c3O DE ABASTECIMENTO DE COMBUST\u00cdVEIS\"}]},{\"@type\":\"WebSite\",\"@id\":\"https:\/\/redelog.rj.gov.br\/redelog\/#website\",\"url\":\"https:\/\/redelog.rj.gov.br\/redelog\/\",\"name\":\"Redelog\",\"description\":\"Site da Rede de Log\u00edstica e Planejamento do Estado do Rio de Janeiro\",\"publisher\":{\"@id\":\"https:\/\/redelog.rj.gov.br\/redelog\/#organization\"},\"potentialAction\":[{\"@type\":\"SearchAction\",\"target\":{\"@type\":\"EntryPoint\",\"urlTemplate\":\"https:\/\/redelog.rj.gov.br\/redelog\/?s={search_term_string}\"},\"query-input\":{\"@type\":\"PropertyValueSpecification\",\"valueRequired\":true,\"valueName\":\"search_term_string\"}}],\"inLanguage\":\"pt-BR\"},{\"@type\":\"Organization\",\"@id\":\"https:\/\/redelog.rj.gov.br\/redelog\/#organization\",\"name\":\"REDELOG\",\"url\":\"https:\/\/redelog.rj.gov.br\/redelog\/\",\"logo\":{\"@type\":\"ImageObject\",\"inLanguage\":\"pt-BR\",\"@id\":\"https:\/\/redelog.rj.gov.br\/redelog\/#\/schema\/logo\/image\/\",\"url\":\"http:\/\/10.10.8.100:8888\/redelog\/wp-content\/uploads\/2019\/09\/Redelog2.png\",\"contentUrl\":\"http:\/\/10.10.8.100:8888\/redelog\/wp-content\/uploads\/2019\/09\/Redelog2.png\",\"width\":565,\"height\":155,\"caption\":\"REDELOG\"},\"image\":{\"@id\":\"https:\/\/redelog.rj.gov.br\/redelog\/#\/schema\/logo\/image\/\"}},{\"@type\":\"Person\",\"@id\":\"https:\/\/redelog.rj.gov.br\/redelog\/#\/schema\/person\/2952ad9ab303db67bd76de678be9db42\",\"name\":\"Tatiana Pinheiro\",\"image\":{\"@type\":\"ImageObject\",\"inLanguage\":\"pt-BR\",\"@id\":\"https:\/\/redelog.rj.gov.br\/redelog\/#\/schema\/person\/image\/\",\"url\":\"https:\/\/secure.gravatar.com\/avatar\/bccf0f5f228d8798c6920b7dc4726537abaf85fcaef46a20902903cec6463f12?s=96&d=mm&r=g\",\"contentUrl\":\"https:\/\/secure.gravatar.com\/avatar\/bccf0f5f228d8798c6920b7dc4726537abaf85fcaef46a20902903cec6463f12?s=96&d=mm&r=g\",\"caption\":\"Tatiana Pinheiro\"},\"url\":\"https:\/\/redelog.rj.gov.br\/redelog\/author\/tatiana\/\"}]}<\/script>\n<!-- \/ Yoast SEO plugin. -->","yoast_head_json":{"title":"INFORME N\u00ba 013\/2023 - ATA DE REGISTRO DE PRE\u00c7OS - GEST\u00c3O DE ABASTECIMENTO DE COMBUST\u00cdVEIS - Redelog","robots":{"index":"index","follow":"follow","max-snippet":"max-snippet:-1","max-image-preview":"max-image-preview:large","max-video-preview":"max-video-preview:-1"},"canonical":"https:\/\/redelog.rj.gov.br\/redelog\/informe-no-013-2023-ata-de-registro-de-precos-gestao-de-abastecimento-de-combustiveis\/","og_locale":"pt_BR","og_type":"article","og_title":"INFORME N\u00ba 013\/2023 - ATA DE REGISTRO DE PRE\u00c7OS - GEST\u00c3O DE ABASTECIMENTO DE COMBUST\u00cdVEIS - Redelog","og_description":"Publicada a Ata de Registro de Pre\u00e7os de Gest\u00e3o de Abastecimento de Combust\u00edveis A Secretaria de Estado de Planejamento e Gest\u00e3o &#8211; SEPLAG, atrav\u00e9s da Subsecretaria de Log\u00edstica &#8211; SUBLOG, informa que foi publicada a Ata de Registro de Pre\u00e7os n\u00ba 006\/2023, no dia 16\/05\/2023 referente ao preg\u00e3o eletr\u00f4nico de registro de pre\u00e7os PERP n\u00ba [&hellip;]","og_url":"https:\/\/redelog.rj.gov.br\/redelog\/informe-no-013-2023-ata-de-registro-de-precos-gestao-de-abastecimento-de-combustiveis\/","og_site_name":"Redelog","article_published_time":"2023-05-16T14:26:21+00:00","article_modified_time":"2023-05-16T17:30:20+00:00","og_image":[{"url":"https:\/\/www.redelog.rj.gov.br\/redelog\/wp-content\/uploads\/2023\/05\/ata-de-combustiveis.jpeg","type":"","width":"","height":""}],"author":"Tatiana Pinheiro","twitter_card":"summary_large_image","twitter_misc":{"Escrito por":"Tatiana Pinheiro","Est. tempo de leitura":"2 minutos"},"schema":{"@context":"https:\/\/schema.org","@graph":[{"@type":"Article","@id":"https:\/\/redelog.rj.gov.br\/redelog\/informe-no-013-2023-ata-de-registro-de-precos-gestao-de-abastecimento-de-combustiveis\/#article","isPartOf":{"@id":"https:\/\/redelog.rj.gov.br\/redelog\/informe-no-013-2023-ata-de-registro-de-precos-gestao-de-abastecimento-de-combustiveis\/"},"author":{"name":"Tatiana Pinheiro","@id":"https:\/\/redelog.rj.gov.br\/redelog\/#\/schema\/person\/2952ad9ab303db67bd76de678be9db42"},"headline":"INFORME N\u00ba 013\/2023 &#8211; ATA DE REGISTRO DE PRE\u00c7OS &#8211; GEST\u00c3O DE ABASTECIMENTO DE COMBUST\u00cdVEIS","datePublished":"2023-05-16T14:26:21+00:00","dateModified":"2023-05-16T17:30:20+00:00","mainEntityOfPage":{"@id":"https:\/\/redelog.rj.gov.br\/redelog\/informe-no-013-2023-ata-de-registro-de-precos-gestao-de-abastecimento-de-combustiveis\/"},"wordCount":216,"publisher":{"@id":"https:\/\/redelog.rj.gov.br\/redelog\/#organization"},"image":{"@id":"https:\/\/redelog.rj.gov.br\/redelog\/informe-no-013-2023-ata-de-registro-de-precos-gestao-de-abastecimento-de-combustiveis\/#primaryimage"},"thumbnailUrl":"https:\/\/www.redelog.rj.gov.br\/redelog\/wp-content\/uploads\/2023\/05\/ata-de-combustiveis.jpeg","articleSection":["Capacita\u00e7\u00e3o","Cursos Abertos","Cursos Internos","Informes"],"inLanguage":"pt-BR"},{"@type":"WebPage","@id":"https:\/\/redelog.rj.gov.br\/redelog\/informe-no-013-2023-ata-de-registro-de-precos-gestao-de-abastecimento-de-combustiveis\/","url":"https:\/\/redelog.rj.gov.br\/redelog\/informe-no-013-2023-ata-de-registro-de-precos-gestao-de-abastecimento-de-combustiveis\/","name":"INFORME N\u00ba 013\/2023 - ATA DE REGISTRO DE PRE\u00c7OS - GEST\u00c3O DE ABASTECIMENTO DE COMBUST\u00cdVEIS - Redelog","isPartOf":{"@id":"https:\/\/redelog.rj.gov.br\/redelog\/#website"},"primaryImageOfPage":{"@id":"https:\/\/redelog.rj.gov.br\/redelog\/informe-no-013-2023-ata-de-registro-de-precos-gestao-de-abastecimento-de-combustiveis\/#primaryimage"},"image":{"@id":"https:\/\/redelog.rj.gov.br\/redelog\/informe-no-013-2023-ata-de-registro-de-precos-gestao-de-abastecimento-de-combustiveis\/#primaryimage"},"thumbnailUrl":"https:\/\/www.redelog.rj.gov.br\/redelog\/wp-content\/uploads\/2023\/05\/ata-de-combustiveis.jpeg","datePublished":"2023-05-16T14:26:21+00:00","dateModified":"2023-05-16T17:30:20+00:00","breadcrumb":{"@id":"https:\/\/redelog.rj.gov.br\/redelog\/informe-no-013-2023-ata-de-registro-de-precos-gestao-de-abastecimento-de-combustiveis\/#breadcrumb"},"inLanguage":"pt-BR","potentialAction":[{"@type":"ReadAction","target":["https:\/\/redelog.rj.gov.br\/redelog\/informe-no-013-2023-ata-de-registro-de-precos-gestao-de-abastecimento-de-combustiveis\/"]}]},{"@type":"ImageObject","inLanguage":"pt-BR","@id":"https:\/\/redelog.rj.gov.br\/redelog\/informe-no-013-2023-ata-de-registro-de-precos-gestao-de-abastecimento-de-combustiveis\/#primaryimage","url":"https:\/\/www.redelog.rj.gov.br\/redelog\/wp-content\/uploads\/2023\/05\/ata-de-combustiveis.jpeg","contentUrl":"https:\/\/www.redelog.rj.gov.br\/redelog\/wp-content\/uploads\/2023\/05\/ata-de-combustiveis.jpeg"},{"@type":"BreadcrumbList","@id":"https:\/\/redelog.rj.gov.br\/redelog\/informe-no-013-2023-ata-de-registro-de-precos-gestao-de-abastecimento-de-combustiveis\/#breadcrumb","itemListElement":[{"@type":"ListItem","position":1,"name":"Home","item":"https:\/\/redelog.rj.gov.br\/redelog\/"},{"@type":"ListItem","position":2,"name":"INFORME N\u00ba 013\/2023 &#8211; ATA DE REGISTRO DE PRE\u00c7OS &#8211; GEST\u00c3O DE ABASTECIMENTO DE COMBUST\u00cdVEIS"}]},{"@type":"WebSite","@id":"https:\/\/redelog.rj.gov.br\/redelog\/#website","url":"https:\/\/redelog.rj.gov.br\/redelog\/","name":"Redelog","description":"Site da Rede de Log\u00edstica e Planejamento do Estado do Rio de Janeiro","publisher":{"@id":"https:\/\/redelog.rj.gov.br\/redelog\/#organization"},"potentialAction":[{"@type":"SearchAction","target":{"@type":"EntryPoint","urlTemplate":"https:\/\/redelog.rj.gov.br\/redelog\/?s={search_term_string}"},"query-input":{"@type":"PropertyValueSpecification","valueRequired":true,"valueName":"search_term_string"}}],"inLanguage":"pt-BR"},{"@type":"Organization","@id":"https:\/\/redelog.rj.gov.br\/redelog\/#organization","name":"REDELOG","url":"https:\/\/redelog.rj.gov.br\/redelog\/","logo":{"@type":"ImageObject","inLanguage":"pt-BR","@id":"https:\/\/redelog.rj.gov.br\/redelog\/#\/schema\/logo\/image\/","url":"http:\/\/10.10.8.100:8888\/redelog\/wp-content\/uploads\/2019\/09\/Redelog2.png","contentUrl":"http:\/\/10.10.8.100:8888\/redelog\/wp-content\/uploads\/2019\/09\/Redelog2.png","width":565,"height":155,"caption":"REDELOG"},"image":{"@id":"https:\/\/redelog.rj.gov.br\/redelog\/#\/schema\/logo\/image\/"}},{"@type":"Person","@id":"https:\/\/redelog.rj.gov.br\/redelog\/#\/schema\/person\/2952ad9ab303db67bd76de678be9db42","name":"Tatiana Pinheiro","image":{"@type":"ImageObject","inLanguage":"pt-BR","@id":"https:\/\/redelog.rj.gov.br\/redelog\/#\/schema\/person\/image\/","url":"https:\/\/secure.gravatar.com\/avatar\/bccf0f5f228d8798c6920b7dc4726537abaf85fcaef46a20902903cec6463f12?s=96&d=mm&r=g","contentUrl":"https:\/\/secure.gravatar.com\/avatar\/bccf0f5f228d8798c6920b7dc4726537abaf85fcaef46a20902903cec6463f12?s=96&d=mm&r=g","caption":"Tatiana Pinheiro"},"url":"https:\/\/redelog.rj.gov.br\/redelog\/author\/tatiana\/"}]}},"_links":{"self":[{"href":"https:\/\/redelog.rj.gov.br\/redelog\/wp-json\/wp\/v2\/posts\/24377","targetHints":{"allow":["GET"]}}],"collection":[{"href":"https:\/\/redelog.rj.gov.br\/redelog\/wp-json\/wp\/v2\/posts"}],"about":[{"href":"https:\/\/redelog.rj.gov.br\/redelog\/wp-json\/wp\/v2\/types\/post"}],"author":[{"embeddable":true,"href":"https:\/\/redelog.rj.gov.br\/redelog\/wp-json\/wp\/v2\/users\/14"}],"replies":[{"embeddable":true,"href":"https:\/\/redelog.rj.gov.br\/redelog\/wp-json\/wp\/v2\/comments?post=24377"}],"version-history":[{"count":7,"href":"https:\/\/redelog.rj.gov.br\/redelog\/wp-json\/wp\/v2\/posts\/24377\/revisions"}],"predecessor-version":[{"id":24417,"href":"https:\/\/redelog.rj.gov.br\/redelog\/wp-json\/wp\/v2\/posts\/24377\/revisions\/24417"}],"wp:attachment":[{"href":"https:\/\/redelog.rj.gov.br\/redelog\/wp-json\/wp\/v2\/media?parent=24377"}],"wp:term":[{"taxonomy":"category","embeddable":true,"href":"https:\/\/redelog.rj.gov.br\/redelog\/wp-json\/wp\/v2\/categories?post=24377"},{"taxonomy":"post_tag","embeddable":true,"href":"https:\/\/redelog.rj.gov.br\/redelog\/wp-json\/wp\/v2\/tags?post=24377"}],"curies":[{"name":"wp","href":"https:\/\/api.w.org\/{rel}","templated":true}]}}