{"id":23951,"date":"2023-05-04T14:15:42","date_gmt":"2023-05-04T17:15:42","guid":{"rendered":"https:\/\/redelog.rj.gov.br\/redelog\/?p=23951"},"modified":"2023-05-04T14:19:46","modified_gmt":"2023-05-04T17:19:46","slug":"informe-no-011-2023-visao-geral-nova-lei-licitacoes-e-contratos","status":"publish","type":"post","link":"https:\/\/redelog.rj.gov.br\/redelog\/informe-no-011-2023-visao-geral-nova-lei-licitacoes-e-contratos\/","title":{"rendered":"INFORME N\u00ba 011\/2023 &#8211;  Vis\u00e3o Geral &#8211; Nova Lei de Licita\u00e7\u00f5es e Contratos"},"content":{"rendered":"\t\t<div data-elementor-type=\"wp-post\" data-elementor-id=\"23951\" class=\"elementor elementor-23951\" data-elementor-post-type=\"post\">\n\t\t\t\t\t\t<section class=\"elementor-section elementor-top-section elementor-element elementor-element-b99c454 elementor-section-boxed elementor-section-height-default elementor-section-height-default\" data-id=\"b99c454\" data-element_type=\"section\" data-settings=\"{&quot;jet_parallax_layout_list&quot;:[{&quot;jet_parallax_layout_image&quot;:{&quot;url&quot;:&quot;&quot;,&quot;id&quot;:&quot;&quot;,&quot;size&quot;:&quot;&quot;},&quot;_id&quot;:&quot;e332d51&quot;,&quot;jet_parallax_layout_image_tablet&quot;:{&quot;url&quot;:&quot;&quot;,&quot;id&quot;:&quot;&quot;,&quot;size&quot;:&quot;&quot;},&quot;jet_parallax_layout_image_mobile&quot;:{&quot;url&quot;:&quot;&quot;,&quot;id&quot;:&quot;&quot;,&quot;size&quot;:&quot;&quot;},&quot;jet_parallax_layout_speed&quot;:{&quot;unit&quot;:&quot;%&quot;,&quot;size&quot;:50,&quot;sizes&quot;:[]},&quot;jet_parallax_layout_type&quot;:&quot;scroll&quot;,&quot;jet_parallax_layout_direction&quot;:&quot;1&quot;,&quot;jet_parallax_layout_fx_direction&quot;:null,&quot;jet_parallax_layout_z_index&quot;:&quot;&quot;,&quot;jet_parallax_layout_bg_x&quot;:50,&quot;jet_parallax_layout_bg_x_tablet&quot;:&quot;&quot;,&quot;jet_parallax_layout_bg_x_mobile&quot;:&quot;&quot;,&quot;jet_parallax_layout_bg_y&quot;:50,&quot;jet_parallax_layout_bg_y_tablet&quot;:&quot;&quot;,&quot;jet_parallax_layout_bg_y_mobile&quot;:&quot;&quot;,&quot;jet_parallax_layout_bg_size&quot;:&quot;auto&quot;,&quot;jet_parallax_layout_bg_size_tablet&quot;:&quot;&quot;,&quot;jet_parallax_layout_bg_size_mobile&quot;:&quot;&quot;,&quot;jet_parallax_layout_animation_prop&quot;:&quot;transform&quot;,&quot;jet_parallax_layout_on&quot;:[&quot;desktop&quot;,&quot;tablet&quot;]}]}\">\n\t\t\t\t\t\t<div class=\"elementor-container elementor-column-gap-default\">\n\t\t\t\t\t<div class=\"elementor-column elementor-col-50 elementor-top-column elementor-element elementor-element-319900d\" data-id=\"319900d\" data-element_type=\"column\">\n\t\t\t<div class=\"elementor-widget-wrap elementor-element-populated\">\n\t\t\t\t\t\t<div class=\"elementor-element elementor-element-fa18445 elementor-widget elementor-widget-image\" data-id=\"fa18445\" data-element_type=\"widget\" data-widget_type=\"image.default\">\n\t\t\t\t\t\t\t\t\t\t\t\t\t\t\t<img fetchpriority=\"high\" decoding=\"async\" width=\"1024\" height=\"682\" src=\"https:\/\/redelog.rj.gov.br\/redelog\/wp-content\/uploads\/2023\/05\/WhatsApp-Image-2023-05-04-at-1.26.48-PM-1024x682.jpeg\" class=\"attachment-large size-large wp-image-23953\" alt=\"\" srcset=\"https:\/\/redelog.rj.gov.br\/redelog\/wp-content\/uploads\/2023\/05\/WhatsApp-Image-2023-05-04-at-1.26.48-PM-1024x682.jpeg 1024w, https:\/\/redelog.rj.gov.br\/redelog\/wp-content\/uploads\/2023\/05\/WhatsApp-Image-2023-05-04-at-1.26.48-PM-300x200.jpeg 300w, https:\/\/redelog.rj.gov.br\/redelog\/wp-content\/uploads\/2023\/05\/WhatsApp-Image-2023-05-04-at-1.26.48-PM-768x512.jpeg 768w, https:\/\/redelog.rj.gov.br\/redelog\/wp-content\/uploads\/2023\/05\/WhatsApp-Image-2023-05-04-at-1.26.48-PM-1536x1023.jpeg 1536w, https:\/\/redelog.rj.gov.br\/redelog\/wp-content\/uploads\/2023\/05\/WhatsApp-Image-2023-05-04-at-1.26.48-PM-600x400.jpeg 600w, https:\/\/redelog.rj.gov.br\/redelog\/wp-content\/uploads\/2023\/05\/WhatsApp-Image-2023-05-04-at-1.26.48-PM.jpeg 1600w\" sizes=\"(max-width: 1024px) 100vw, 1024px\" \/>\t\t\t\t\t\t\t\t\t\t\t\t\t\t\t<\/div>\n\t\t\t\t\t<\/div>\n\t\t<\/div>\n\t\t\t\t<div class=\"elementor-column elementor-col-50 elementor-top-column elementor-element elementor-element-6ee8c57\" data-id=\"6ee8c57\" data-element_type=\"column\">\n\t\t\t<div class=\"elementor-widget-wrap elementor-element-populated\">\n\t\t\t\t\t\t<div class=\"elementor-element elementor-element-88d761e elementor-widget elementor-widget-image\" data-id=\"88d761e\" data-element_type=\"widget\" data-widget_type=\"image.default\">\n\t\t\t\t\t\t\t\t\t\t\t\t\t\t\t<img decoding=\"async\" width=\"1024\" height=\"682\" data-src=\"https:\/\/redelog.rj.gov.br\/redelog\/wp-content\/uploads\/2023\/05\/WhatsApp-Image-2023-05-04-at-1.26.58-PM-1024x682.jpeg\" class=\"attachment-large size-large wp-image-23954 lazyload\" alt=\"\" data-srcset=\"https:\/\/redelog.rj.gov.br\/redelog\/wp-content\/uploads\/2023\/05\/WhatsApp-Image-2023-05-04-at-1.26.58-PM-1024x682.jpeg 1024w, https:\/\/redelog.rj.gov.br\/redelog\/wp-content\/uploads\/2023\/05\/WhatsApp-Image-2023-05-04-at-1.26.58-PM-300x200.jpeg 300w, https:\/\/redelog.rj.gov.br\/redelog\/wp-content\/uploads\/2023\/05\/WhatsApp-Image-2023-05-04-at-1.26.58-PM-768x512.jpeg 768w, https:\/\/redelog.rj.gov.br\/redelog\/wp-content\/uploads\/2023\/05\/WhatsApp-Image-2023-05-04-at-1.26.58-PM-1536x1023.jpeg 1536w, https:\/\/redelog.rj.gov.br\/redelog\/wp-content\/uploads\/2023\/05\/WhatsApp-Image-2023-05-04-at-1.26.58-PM-600x400.jpeg 600w, https:\/\/redelog.rj.gov.br\/redelog\/wp-content\/uploads\/2023\/05\/WhatsApp-Image-2023-05-04-at-1.26.58-PM.jpeg 1600w\" data-sizes=\"(max-width: 1024px) 100vw, 1024px\" src=\"data:image\/svg+xml;base64,PHN2ZyB3aWR0aD0iMSIgaGVpZ2h0PSIxIiB4bWxucz0iaHR0cDovL3d3dy53My5vcmcvMjAwMC9zdmciPjwvc3ZnPg==\" style=\"--smush-placeholder-width: 1024px; --smush-placeholder-aspect-ratio: 1024\/682;\" \/>\t\t\t\t\t\t\t\t\t\t\t\t\t\t\t<\/div>\n\t\t\t\t\t<\/div>\n\t\t<\/div>\n\t\t\t\t\t<\/div>\n\t\t<\/section>\n\t\t\t\t<section class=\"elementor-section elementor-top-section elementor-element elementor-element-6c3a1ab elementor-section-boxed elementor-section-height-default elementor-section-height-default\" data-id=\"6c3a1ab\" data-element_type=\"section\" data-settings=\"{&quot;jet_parallax_layout_list&quot;:[{&quot;jet_parallax_layout_image&quot;:{&quot;url&quot;:&quot;&quot;,&quot;id&quot;:&quot;&quot;,&quot;size&quot;:&quot;&quot;},&quot;_id&quot;:&quot;1ef5c32&quot;,&quot;jet_parallax_layout_image_tablet&quot;:{&quot;url&quot;:&quot;&quot;,&quot;id&quot;:&quot;&quot;,&quot;size&quot;:&quot;&quot;},&quot;jet_parallax_layout_image_mobile&quot;:{&quot;url&quot;:&quot;&quot;,&quot;id&quot;:&quot;&quot;,&quot;size&quot;:&quot;&quot;},&quot;jet_parallax_layout_speed&quot;:{&quot;unit&quot;:&quot;%&quot;,&quot;size&quot;:50,&quot;sizes&quot;:[]},&quot;jet_parallax_layout_type&quot;:&quot;scroll&quot;,&quot;jet_parallax_layout_direction&quot;:&quot;1&quot;,&quot;jet_parallax_layout_fx_direction&quot;:null,&quot;jet_parallax_layout_z_index&quot;:&quot;&quot;,&quot;jet_parallax_layout_bg_x&quot;:50,&quot;jet_parallax_layout_bg_x_tablet&quot;:&quot;&quot;,&quot;jet_parallax_layout_bg_x_mobile&quot;:&quot;&quot;,&quot;jet_parallax_layout_bg_y&quot;:50,&quot;jet_parallax_layout_bg_y_tablet&quot;:&quot;&quot;,&quot;jet_parallax_layout_bg_y_mobile&quot;:&quot;&quot;,&quot;jet_parallax_layout_bg_size&quot;:&quot;auto&quot;,&quot;jet_parallax_layout_bg_size_tablet&quot;:&quot;&quot;,&quot;jet_parallax_layout_bg_size_mobile&quot;:&quot;&quot;,&quot;jet_parallax_layout_animation_prop&quot;:&quot;transform&quot;,&quot;jet_parallax_layout_on&quot;:[&quot;desktop&quot;,&quot;tablet&quot;]}]}\">\n\t\t\t\t\t\t<div class=\"elementor-container elementor-column-gap-default\">\n\t\t\t\t\t<div class=\"elementor-column elementor-col-100 elementor-top-column elementor-element elementor-element-1c4e78d\" data-id=\"1c4e78d\" data-element_type=\"column\">\n\t\t\t<div class=\"elementor-widget-wrap elementor-element-populated\">\n\t\t\t\t\t\t<div class=\"elementor-element elementor-element-006a75b elementor-widget-divider--view-line elementor-widget elementor-widget-divider\" data-id=\"006a75b\" data-element_type=\"widget\" data-widget_type=\"divider.default\">\n\t\t\t\t\t\t\t<div class=\"elementor-divider\">\n\t\t\t<span class=\"elementor-divider-separator\">\n\t\t\t\t\t\t<\/span>\n\t\t<\/div>\n\t\t\t\t\t\t<\/div>\n\t\t\t\t<div class=\"elementor-element elementor-element-5452eb8 elementor-widget elementor-widget-text-editor\" data-id=\"5452eb8\" data-element_type=\"widget\" data-widget_type=\"text-editor.default\">\n\t\t\t\t\t\t\t\t\t<p>A Subsecretaria de Log\u00edstica promoveu, ao longo desta quarta-feira (03\/05), o curso &#8216;Vis\u00e3o Geral &#8211; Nova Lei de Licita\u00e7\u00f5es e Contratos&#8217;. Realizado em parceria com a Secretaria de Desenvolvimento Social e Direitos Humanos (Sedsodh), o evento reuniu servidores de diversas cidades do Estado do Rio de Janeiro.<br \/>O curso foi aberto com uma apresenta\u00e7\u00e3o geral do<br \/>Plano Estrat\u00e9gico de Desenvolvimento Econ\u00f4mico e Social do Estado do Rio de Janeiro (PEDES), ministrada por Leandro Torquato, da Coordenadoria de Planejamento Social da Subsecretaria de Planejamento Estrat\u00e9gico da Seplag. Foram mostradas as oito miss\u00f5es que v\u00e3o nortear o plano e sua estrutura produtiva, dividida em seis complexos econ\u00f4micos.<br \/>Em seguida, o subsecret\u00e1rio de Log\u00edstica da Seplag, Thiago Dias, e o superintendente de Apoio Log\u00edstico, Raphael Campos, apresentaram painel sobre os fundamentos da Nova Lei de Licita\u00e7\u00f5es e Contratos.<br \/>Nele, foram destacados aspectos inerentes ao tema, como otimiza\u00e7\u00e3o de processos, aquisi\u00e7\u00e3o de produtos e gest\u00e3o de pessoas, entre outros.<br \/>Na parte da tarde, foi ministrada a palestra &#8216;Sele\u00e7\u00e3o de Fornecedor, comandada pelas servidoras Alcione<br \/>Quintas e Aline Macedo, ambas da Redepreg. Em seguida, a especialista em Pol\u00edticas P\u00fablicas e Gest\u00e3o Governamental da Rede de Contratos da Sublog, Zelia Ramalho, e a servidora Ana Grabriela, apresentaram o tema &#8216;Execu\u00e7\u00e3o Contratual.<br \/>De acordo com o subsecret\u00e1rio de Log\u00edstica Thiago<br \/>Dias, o encontro demonstra o comprometimento da Seplag com a qualidade das despesas e entregas p\u00fablicas a todos os cidad\u00e3os fluminenses.<br \/>&#8220;Ficamos satisfeitos em poder, com nossa expertise, transmitir conhecimento para a melhoria da gest\u00e3o de outras secretarias. Sempre pensamos no processo de contrata\u00e7\u00e3o como um aperfei\u00e7oamento da qualidade da despesa, na boa execu\u00e7\u00e3o dos contratos e, principalmente, que a popula\u00e7\u00e3o seja plenamente atingida&#8221;, disse o subsecret\u00e1rio.<\/p>\t\t\t\t\t\t\t\t<\/div>\n\t\t\t\t\t<\/div>\n\t\t<\/div>\n\t\t\t\t\t<\/div>\n\t\t<\/section>\n\t\t\t\t<section class=\"elementor-section elementor-top-section elementor-element elementor-element-8399409 elementor-section-boxed elementor-section-height-default elementor-section-height-default\" data-id=\"8399409\" data-element_type=\"section\" data-settings=\"{&quot;jet_parallax_layout_list&quot;:[{&quot;jet_parallax_layout_image&quot;:{&quot;url&quot;:&quot;&quot;,&quot;id&quot;:&quot;&quot;,&quot;size&quot;:&quot;&quot;},&quot;_id&quot;:&quot;8c16c45&quot;,&quot;jet_parallax_layout_image_tablet&quot;:{&quot;url&quot;:&quot;&quot;,&quot;id&quot;:&quot;&quot;,&quot;size&quot;:&quot;&quot;},&quot;jet_parallax_layout_image_mobile&quot;:{&quot;url&quot;:&quot;&quot;,&quot;id&quot;:&quot;&quot;,&quot;size&quot;:&quot;&quot;},&quot;jet_parallax_layout_speed&quot;:{&quot;unit&quot;:&quot;%&quot;,&quot;size&quot;:50,&quot;sizes&quot;:[]},&quot;jet_parallax_layout_type&quot;:&quot;scroll&quot;,&quot;jet_parallax_layout_direction&quot;:&quot;1&quot;,&quot;jet_parallax_layout_fx_direction&quot;:null,&quot;jet_parallax_layout_z_index&quot;:&quot;&quot;,&quot;jet_parallax_layout_bg_x&quot;:50,&quot;jet_parallax_layout_bg_x_tablet&quot;:&quot;&quot;,&quot;jet_parallax_layout_bg_x_mobile&quot;:&quot;&quot;,&quot;jet_parallax_layout_bg_y&quot;:50,&quot;jet_parallax_layout_bg_y_tablet&quot;:&quot;&quot;,&quot;jet_parallax_layout_bg_y_mobile&quot;:&quot;&quot;,&quot;jet_parallax_layout_bg_size&quot;:&quot;auto&quot;,&quot;jet_parallax_layout_bg_size_tablet&quot;:&quot;&quot;,&quot;jet_parallax_layout_bg_size_mobile&quot;:&quot;&quot;,&quot;jet_parallax_layout_animation_prop&quot;:&quot;transform&quot;,&quot;jet_parallax_layout_on&quot;:[&quot;desktop&quot;,&quot;tablet&quot;]}]}\">\n\t\t\t\t\t\t<div class=\"elementor-container elementor-column-gap-default\">\n\t\t\t\t\t<div class=\"elementor-column elementor-col-100 elementor-top-column elementor-element elementor-element-c73c239\" data-id=\"c73c239\" data-element_type=\"column\">\n\t\t\t<div class=\"elementor-widget-wrap\">\n\t\t\t\t\t\t\t<\/div>\n\t\t<\/div>\n\t\t\t\t\t<\/div>\n\t\t<\/section>\n\t\t\t\t<\/div>\n\t\t","protected":false},"excerpt":{"rendered":"<p>A Subsecretaria de Log\u00edstica promoveu, ao longo desta quarta-feira (03\/05), o curso &#8216;Vis\u00e3o Geral &#8211; Nova Lei de Licita\u00e7\u00f5es e Contratos&#8217;. Realizado em parceria com a Secretaria de Desenvolvimento Social e Direitos Humanos (Sedsodh), o evento reuniu servidores de diversas cidades do Estado do Rio de Janeiro.O curso foi aberto com uma apresenta\u00e7\u00e3o geral doPlano [&hellip;]<\/p>\n","protected":false},"author":25,"featured_media":0,"comment_status":"closed","ping_status":"open","sticky":false,"template":"","format":"standard","meta":{"_joinchat":[],"footnotes":""},"categories":[25,34,33,38],"tags":[],"class_list":["post-23951","post","type-post","status-publish","format-standard","hentry","category-cat-capacitacao","category-cat-cursos-abertos","category-cat-cursos-internos","category-cat-informes"],"yoast_head":"<!-- This site is optimized with the Yoast SEO plugin v25.7 - https:\/\/yoast.com\/wordpress\/plugins\/seo\/ -->\n<title>INFORME N\u00ba 011\/2023 - Vis\u00e3o Geral - Nova Lei de Licita\u00e7\u00f5es e Contratos - Redelog<\/title>\n<meta name=\"robots\" content=\"index, follow, max-snippet:-1, max-image-preview:large, max-video-preview:-1\" \/>\n<link rel=\"canonical\" href=\"https:\/\/redelog.rj.gov.br\/redelog\/informe-no-011-2023-visao-geral-nova-lei-licitacoes-e-contratos\/\" \/>\n<meta property=\"og:locale\" content=\"pt_BR\" \/>\n<meta property=\"og:type\" content=\"article\" \/>\n<meta property=\"og:title\" content=\"INFORME N\u00ba 011\/2023 - Vis\u00e3o Geral - Nova Lei de Licita\u00e7\u00f5es e Contratos - Redelog\" \/>\n<meta property=\"og:description\" content=\"A Subsecretaria de Log\u00edstica promoveu, ao longo desta quarta-feira (03\/05), o curso &#8216;Vis\u00e3o Geral &#8211; Nova Lei de Licita\u00e7\u00f5es e Contratos&#8217;. Realizado em parceria com a Secretaria de Desenvolvimento Social e Direitos Humanos (Sedsodh), o evento reuniu servidores de diversas cidades do Estado do Rio de Janeiro.O curso foi aberto com uma apresenta\u00e7\u00e3o geral doPlano [&hellip;]\" \/>\n<meta property=\"og:url\" content=\"https:\/\/redelog.rj.gov.br\/redelog\/informe-no-011-2023-visao-geral-nova-lei-licitacoes-e-contratos\/\" \/>\n<meta property=\"og:site_name\" content=\"Redelog\" \/>\n<meta property=\"article:published_time\" content=\"2023-05-04T17:15:42+00:00\" \/>\n<meta property=\"article:modified_time\" content=\"2023-05-04T17:19:46+00:00\" \/>\n<meta property=\"og:image\" content=\"https:\/\/www.redelog.rj.gov.br\/redelog\/wp-content\/uploads\/2023\/05\/WhatsApp-Image-2023-05-04-at-1.26.48-PM-1024x682.jpeg\" \/>\n<meta name=\"author\" content=\"Luisa Maravilhas de Carvalho\" \/>\n<meta name=\"twitter:card\" content=\"summary_large_image\" \/>\n<meta name=\"twitter:label1\" content=\"Escrito por\" \/>\n\t<meta name=\"twitter:data1\" content=\"Luisa Maravilhas de Carvalho\" \/>\n\t<meta name=\"twitter:label2\" content=\"Est. tempo de leitura\" \/>\n\t<meta name=\"twitter:data2\" content=\"2 minutos\" \/>\n<script type=\"application\/ld+json\" class=\"yoast-schema-graph\">{\"@context\":\"https:\/\/schema.org\",\"@graph\":[{\"@type\":\"Article\",\"@id\":\"https:\/\/redelog.rj.gov.br\/redelog\/informe-no-011-2023-visao-geral-nova-lei-licitacoes-e-contratos\/#article\",\"isPartOf\":{\"@id\":\"https:\/\/redelog.rj.gov.br\/redelog\/informe-no-011-2023-visao-geral-nova-lei-licitacoes-e-contratos\/\"},\"author\":{\"name\":\"Luisa Maravilhas de Carvalho\",\"@id\":\"https:\/\/redelog.rj.gov.br\/redelog\/#\/schema\/person\/dd6a5779d3028a21ef65c6e4af7c1edb\"},\"headline\":\"INFORME N\u00ba 011\/2023 &#8211; Vis\u00e3o Geral &#8211; Nova Lei de Licita\u00e7\u00f5es e Contratos\",\"datePublished\":\"2023-05-04T17:15:42+00:00\",\"dateModified\":\"2023-05-04T17:19:46+00:00\",\"mainEntityOfPage\":{\"@id\":\"https:\/\/redelog.rj.gov.br\/redelog\/informe-no-011-2023-visao-geral-nova-lei-licitacoes-e-contratos\/\"},\"wordCount\":322,\"publisher\":{\"@id\":\"https:\/\/redelog.rj.gov.br\/redelog\/#organization\"},\"image\":{\"@id\":\"https:\/\/redelog.rj.gov.br\/redelog\/informe-no-011-2023-visao-geral-nova-lei-licitacoes-e-contratos\/#primaryimage\"},\"thumbnailUrl\":\"https:\/\/www.redelog.rj.gov.br\/redelog\/wp-content\/uploads\/2023\/05\/WhatsApp-Image-2023-05-04-at-1.26.48-PM-1024x682.jpeg\",\"articleSection\":[\"Capacita\u00e7\u00e3o\",\"Cursos Abertos\",\"Cursos Internos\",\"Informes\"],\"inLanguage\":\"pt-BR\"},{\"@type\":\"WebPage\",\"@id\":\"https:\/\/redelog.rj.gov.br\/redelog\/informe-no-011-2023-visao-geral-nova-lei-licitacoes-e-contratos\/\",\"url\":\"https:\/\/redelog.rj.gov.br\/redelog\/informe-no-011-2023-visao-geral-nova-lei-licitacoes-e-contratos\/\",\"name\":\"INFORME N\u00ba 011\/2023 - Vis\u00e3o Geral - Nova Lei de Licita\u00e7\u00f5es e Contratos - Redelog\",\"isPartOf\":{\"@id\":\"https:\/\/redelog.rj.gov.br\/redelog\/#website\"},\"primaryImageOfPage\":{\"@id\":\"https:\/\/redelog.rj.gov.br\/redelog\/informe-no-011-2023-visao-geral-nova-lei-licitacoes-e-contratos\/#primaryimage\"},\"image\":{\"@id\":\"https:\/\/redelog.rj.gov.br\/redelog\/informe-no-011-2023-visao-geral-nova-lei-licitacoes-e-contratos\/#primaryimage\"},\"thumbnailUrl\":\"https:\/\/www.redelog.rj.gov.br\/redelog\/wp-content\/uploads\/2023\/05\/WhatsApp-Image-2023-05-04-at-1.26.48-PM-1024x682.jpeg\",\"datePublished\":\"2023-05-04T17:15:42+00:00\",\"dateModified\":\"2023-05-04T17:19:46+00:00\",\"breadcrumb\":{\"@id\":\"https:\/\/redelog.rj.gov.br\/redelog\/informe-no-011-2023-visao-geral-nova-lei-licitacoes-e-contratos\/#breadcrumb\"},\"inLanguage\":\"pt-BR\",\"potentialAction\":[{\"@type\":\"ReadAction\",\"target\":[\"https:\/\/redelog.rj.gov.br\/redelog\/informe-no-011-2023-visao-geral-nova-lei-licitacoes-e-contratos\/\"]}]},{\"@type\":\"ImageObject\",\"inLanguage\":\"pt-BR\",\"@id\":\"https:\/\/redelog.rj.gov.br\/redelog\/informe-no-011-2023-visao-geral-nova-lei-licitacoes-e-contratos\/#primaryimage\",\"url\":\"https:\/\/www.redelog.rj.gov.br\/redelog\/wp-content\/uploads\/2023\/05\/WhatsApp-Image-2023-05-04-at-1.26.48-PM-1024x682.jpeg\",\"contentUrl\":\"https:\/\/www.redelog.rj.gov.br\/redelog\/wp-content\/uploads\/2023\/05\/WhatsApp-Image-2023-05-04-at-1.26.48-PM-1024x682.jpeg\"},{\"@type\":\"BreadcrumbList\",\"@id\":\"https:\/\/redelog.rj.gov.br\/redelog\/informe-no-011-2023-visao-geral-nova-lei-licitacoes-e-contratos\/#breadcrumb\",\"itemListElement\":[{\"@type\":\"ListItem\",\"position\":1,\"name\":\"Home\",\"item\":\"https:\/\/redelog.rj.gov.br\/redelog\/\"},{\"@type\":\"ListItem\",\"position\":2,\"name\":\"INFORME N\u00ba 011\/2023 &#8211; Vis\u00e3o Geral &#8211; Nova Lei de Licita\u00e7\u00f5es e Contratos\"}]},{\"@type\":\"WebSite\",\"@id\":\"https:\/\/redelog.rj.gov.br\/redelog\/#website\",\"url\":\"https:\/\/redelog.rj.gov.br\/redelog\/\",\"name\":\"Redelog\",\"description\":\"Site da Rede de Log\u00edstica e Planejamento do Estado do Rio de Janeiro\",\"publisher\":{\"@id\":\"https:\/\/redelog.rj.gov.br\/redelog\/#organization\"},\"potentialAction\":[{\"@type\":\"SearchAction\",\"target\":{\"@type\":\"EntryPoint\",\"urlTemplate\":\"https:\/\/redelog.rj.gov.br\/redelog\/?s={search_term_string}\"},\"query-input\":{\"@type\":\"PropertyValueSpecification\",\"valueRequired\":true,\"valueName\":\"search_term_string\"}}],\"inLanguage\":\"pt-BR\"},{\"@type\":\"Organization\",\"@id\":\"https:\/\/redelog.rj.gov.br\/redelog\/#organization\",\"name\":\"REDELOG\",\"url\":\"https:\/\/redelog.rj.gov.br\/redelog\/\",\"logo\":{\"@type\":\"ImageObject\",\"inLanguage\":\"pt-BR\",\"@id\":\"https:\/\/redelog.rj.gov.br\/redelog\/#\/schema\/logo\/image\/\",\"url\":\"http:\/\/10.10.8.100:8888\/redelog\/wp-content\/uploads\/2019\/09\/Redelog2.png\",\"contentUrl\":\"http:\/\/10.10.8.100:8888\/redelog\/wp-content\/uploads\/2019\/09\/Redelog2.png\",\"width\":565,\"height\":155,\"caption\":\"REDELOG\"},\"image\":{\"@id\":\"https:\/\/redelog.rj.gov.br\/redelog\/#\/schema\/logo\/image\/\"}},{\"@type\":\"Person\",\"@id\":\"https:\/\/redelog.rj.gov.br\/redelog\/#\/schema\/person\/dd6a5779d3028a21ef65c6e4af7c1edb\",\"name\":\"Luisa Maravilhas de Carvalho\",\"image\":{\"@type\":\"ImageObject\",\"inLanguage\":\"pt-BR\",\"@id\":\"https:\/\/redelog.rj.gov.br\/redelog\/#\/schema\/person\/image\/\",\"url\":\"https:\/\/secure.gravatar.com\/avatar\/42eea343007bb4bb43265a1df0b9eebe3b0ff8ee578355b2f834803cdddc604a?s=96&d=mm&r=g\",\"contentUrl\":\"https:\/\/secure.gravatar.com\/avatar\/42eea343007bb4bb43265a1df0b9eebe3b0ff8ee578355b2f834803cdddc604a?s=96&d=mm&r=g\",\"caption\":\"Luisa Maravilhas de Carvalho\"},\"url\":\"https:\/\/redelog.rj.gov.br\/redelog\/author\/luisa-carvalho\/\"}]}<\/script>\n<!-- \/ Yoast SEO plugin. -->","yoast_head_json":{"title":"INFORME N\u00ba 011\/2023 - Vis\u00e3o Geral - Nova Lei de Licita\u00e7\u00f5es e Contratos - Redelog","robots":{"index":"index","follow":"follow","max-snippet":"max-snippet:-1","max-image-preview":"max-image-preview:large","max-video-preview":"max-video-preview:-1"},"canonical":"https:\/\/redelog.rj.gov.br\/redelog\/informe-no-011-2023-visao-geral-nova-lei-licitacoes-e-contratos\/","og_locale":"pt_BR","og_type":"article","og_title":"INFORME N\u00ba 011\/2023 - Vis\u00e3o Geral - Nova Lei de Licita\u00e7\u00f5es e Contratos - Redelog","og_description":"A Subsecretaria de Log\u00edstica promoveu, ao longo desta quarta-feira (03\/05), o curso &#8216;Vis\u00e3o Geral &#8211; Nova Lei de Licita\u00e7\u00f5es e Contratos&#8217;. Realizado em parceria com a Secretaria de Desenvolvimento Social e Direitos Humanos (Sedsodh), o evento reuniu servidores de diversas cidades do Estado do Rio de Janeiro.O curso foi aberto com uma apresenta\u00e7\u00e3o geral doPlano [&hellip;]","og_url":"https:\/\/redelog.rj.gov.br\/redelog\/informe-no-011-2023-visao-geral-nova-lei-licitacoes-e-contratos\/","og_site_name":"Redelog","article_published_time":"2023-05-04T17:15:42+00:00","article_modified_time":"2023-05-04T17:19:46+00:00","og_image":[{"url":"https:\/\/www.redelog.rj.gov.br\/redelog\/wp-content\/uploads\/2023\/05\/WhatsApp-Image-2023-05-04-at-1.26.48-PM-1024x682.jpeg","type":"","width":"","height":""}],"author":"Luisa Maravilhas de Carvalho","twitter_card":"summary_large_image","twitter_misc":{"Escrito por":"Luisa Maravilhas de Carvalho","Est. tempo de leitura":"2 minutos"},"schema":{"@context":"https:\/\/schema.org","@graph":[{"@type":"Article","@id":"https:\/\/redelog.rj.gov.br\/redelog\/informe-no-011-2023-visao-geral-nova-lei-licitacoes-e-contratos\/#article","isPartOf":{"@id":"https:\/\/redelog.rj.gov.br\/redelog\/informe-no-011-2023-visao-geral-nova-lei-licitacoes-e-contratos\/"},"author":{"name":"Luisa Maravilhas de Carvalho","@id":"https:\/\/redelog.rj.gov.br\/redelog\/#\/schema\/person\/dd6a5779d3028a21ef65c6e4af7c1edb"},"headline":"INFORME N\u00ba 011\/2023 &#8211; Vis\u00e3o Geral &#8211; Nova Lei de Licita\u00e7\u00f5es e Contratos","datePublished":"2023-05-04T17:15:42+00:00","dateModified":"2023-05-04T17:19:46+00:00","mainEntityOfPage":{"@id":"https:\/\/redelog.rj.gov.br\/redelog\/informe-no-011-2023-visao-geral-nova-lei-licitacoes-e-contratos\/"},"wordCount":322,"publisher":{"@id":"https:\/\/redelog.rj.gov.br\/redelog\/#organization"},"image":{"@id":"https:\/\/redelog.rj.gov.br\/redelog\/informe-no-011-2023-visao-geral-nova-lei-licitacoes-e-contratos\/#primaryimage"},"thumbnailUrl":"https:\/\/www.redelog.rj.gov.br\/redelog\/wp-content\/uploads\/2023\/05\/WhatsApp-Image-2023-05-04-at-1.26.48-PM-1024x682.jpeg","articleSection":["Capacita\u00e7\u00e3o","Cursos Abertos","Cursos Internos","Informes"],"inLanguage":"pt-BR"},{"@type":"WebPage","@id":"https:\/\/redelog.rj.gov.br\/redelog\/informe-no-011-2023-visao-geral-nova-lei-licitacoes-e-contratos\/","url":"https:\/\/redelog.rj.gov.br\/redelog\/informe-no-011-2023-visao-geral-nova-lei-licitacoes-e-contratos\/","name":"INFORME N\u00ba 011\/2023 - Vis\u00e3o Geral - Nova Lei de Licita\u00e7\u00f5es e Contratos - Redelog","isPartOf":{"@id":"https:\/\/redelog.rj.gov.br\/redelog\/#website"},"primaryImageOfPage":{"@id":"https:\/\/redelog.rj.gov.br\/redelog\/informe-no-011-2023-visao-geral-nova-lei-licitacoes-e-contratos\/#primaryimage"},"image":{"@id":"https:\/\/redelog.rj.gov.br\/redelog\/informe-no-011-2023-visao-geral-nova-lei-licitacoes-e-contratos\/#primaryimage"},"thumbnailUrl":"https:\/\/www.redelog.rj.gov.br\/redelog\/wp-content\/uploads\/2023\/05\/WhatsApp-Image-2023-05-04-at-1.26.48-PM-1024x682.jpeg","datePublished":"2023-05-04T17:15:42+00:00","dateModified":"2023-05-04T17:19:46+00:00","breadcrumb":{"@id":"https:\/\/redelog.rj.gov.br\/redelog\/informe-no-011-2023-visao-geral-nova-lei-licitacoes-e-contratos\/#breadcrumb"},"inLanguage":"pt-BR","potentialAction":[{"@type":"ReadAction","target":["https:\/\/redelog.rj.gov.br\/redelog\/informe-no-011-2023-visao-geral-nova-lei-licitacoes-e-contratos\/"]}]},{"@type":"ImageObject","inLanguage":"pt-BR","@id":"https:\/\/redelog.rj.gov.br\/redelog\/informe-no-011-2023-visao-geral-nova-lei-licitacoes-e-contratos\/#primaryimage","url":"https:\/\/www.redelog.rj.gov.br\/redelog\/wp-content\/uploads\/2023\/05\/WhatsApp-Image-2023-05-04-at-1.26.48-PM-1024x682.jpeg","contentUrl":"https:\/\/www.redelog.rj.gov.br\/redelog\/wp-content\/uploads\/2023\/05\/WhatsApp-Image-2023-05-04-at-1.26.48-PM-1024x682.jpeg"},{"@type":"BreadcrumbList","@id":"https:\/\/redelog.rj.gov.br\/redelog\/informe-no-011-2023-visao-geral-nova-lei-licitacoes-e-contratos\/#breadcrumb","itemListElement":[{"@type":"ListItem","position":1,"name":"Home","item":"https:\/\/redelog.rj.gov.br\/redelog\/"},{"@type":"ListItem","position":2,"name":"INFORME N\u00ba 011\/2023 &#8211; Vis\u00e3o Geral &#8211; Nova Lei de Licita\u00e7\u00f5es e Contratos"}]},{"@type":"WebSite","@id":"https:\/\/redelog.rj.gov.br\/redelog\/#website","url":"https:\/\/redelog.rj.gov.br\/redelog\/","name":"Redelog","description":"Site da Rede de Log\u00edstica e Planejamento do Estado do Rio de Janeiro","publisher":{"@id":"https:\/\/redelog.rj.gov.br\/redelog\/#organization"},"potentialAction":[{"@type":"SearchAction","target":{"@type":"EntryPoint","urlTemplate":"https:\/\/redelog.rj.gov.br\/redelog\/?s={search_term_string}"},"query-input":{"@type":"PropertyValueSpecification","valueRequired":true,"valueName":"search_term_string"}}],"inLanguage":"pt-BR"},{"@type":"Organization","@id":"https:\/\/redelog.rj.gov.br\/redelog\/#organization","name":"REDELOG","url":"https:\/\/redelog.rj.gov.br\/redelog\/","logo":{"@type":"ImageObject","inLanguage":"pt-BR","@id":"https:\/\/redelog.rj.gov.br\/redelog\/#\/schema\/logo\/image\/","url":"http:\/\/10.10.8.100:8888\/redelog\/wp-content\/uploads\/2019\/09\/Redelog2.png","contentUrl":"http:\/\/10.10.8.100:8888\/redelog\/wp-content\/uploads\/2019\/09\/Redelog2.png","width":565,"height":155,"caption":"REDELOG"},"image":{"@id":"https:\/\/redelog.rj.gov.br\/redelog\/#\/schema\/logo\/image\/"}},{"@type":"Person","@id":"https:\/\/redelog.rj.gov.br\/redelog\/#\/schema\/person\/dd6a5779d3028a21ef65c6e4af7c1edb","name":"Luisa Maravilhas de Carvalho","image":{"@type":"ImageObject","inLanguage":"pt-BR","@id":"https:\/\/redelog.rj.gov.br\/redelog\/#\/schema\/person\/image\/","url":"https:\/\/secure.gravatar.com\/avatar\/42eea343007bb4bb43265a1df0b9eebe3b0ff8ee578355b2f834803cdddc604a?s=96&d=mm&r=g","contentUrl":"https:\/\/secure.gravatar.com\/avatar\/42eea343007bb4bb43265a1df0b9eebe3b0ff8ee578355b2f834803cdddc604a?s=96&d=mm&r=g","caption":"Luisa Maravilhas de Carvalho"},"url":"https:\/\/redelog.rj.gov.br\/redelog\/author\/luisa-carvalho\/"}]}},"_links":{"self":[{"href":"https:\/\/redelog.rj.gov.br\/redelog\/wp-json\/wp\/v2\/posts\/23951","targetHints":{"allow":["GET"]}}],"collection":[{"href":"https:\/\/redelog.rj.gov.br\/redelog\/wp-json\/wp\/v2\/posts"}],"about":[{"href":"https:\/\/redelog.rj.gov.br\/redelog\/wp-json\/wp\/v2\/types\/post"}],"author":[{"embeddable":true,"href":"https:\/\/redelog.rj.gov.br\/redelog\/wp-json\/wp\/v2\/users\/25"}],"replies":[{"embeddable":true,"href":"https:\/\/redelog.rj.gov.br\/redelog\/wp-json\/wp\/v2\/comments?post=23951"}],"version-history":[{"count":4,"href":"https:\/\/redelog.rj.gov.br\/redelog\/wp-json\/wp\/v2\/posts\/23951\/revisions"}],"predecessor-version":[{"id":23957,"href":"https:\/\/redelog.rj.gov.br\/redelog\/wp-json\/wp\/v2\/posts\/23951\/revisions\/23957"}],"wp:attachment":[{"href":"https:\/\/redelog.rj.gov.br\/redelog\/wp-json\/wp\/v2\/media?parent=23951"}],"wp:term":[{"taxonomy":"category","embeddable":true,"href":"https:\/\/redelog.rj.gov.br\/redelog\/wp-json\/wp\/v2\/categories?post=23951"},{"taxonomy":"post_tag","embeddable":true,"href":"https:\/\/redelog.rj.gov.br\/redelog\/wp-json\/wp\/v2\/tags?post=23951"}],"curies":[{"name":"wp","href":"https:\/\/api.w.org\/{rel}","templated":true}]}}