{"id":23875,"date":"2023-05-02T11:31:38","date_gmt":"2023-05-02T14:31:38","guid":{"rendered":"https:\/\/redelog.rj.gov.br\/redelog\/?p=23875"},"modified":"2023-05-02T11:34:23","modified_gmt":"2023-05-02T14:34:23","slug":"informe-no-010-2023-capacitarj-volta-redonda","status":"publish","type":"post","link":"https:\/\/redelog.rj.gov.br\/redelog\/informe-no-010-2023-capacitarj-volta-redonda\/","title":{"rendered":"INFORME N\u00ba 010\/2023 &#8211;  CAPACITA.RJ &#8211; VOLTA REDONDA"},"content":{"rendered":"\t\t<div data-elementor-type=\"wp-post\" data-elementor-id=\"23875\" class=\"elementor elementor-23875\" data-elementor-post-type=\"post\">\n\t\t\t\t\t\t<section class=\"elementor-section elementor-top-section elementor-element elementor-element-6c3a1ab elementor-section-boxed elementor-section-height-default elementor-section-height-default\" data-id=\"6c3a1ab\" data-element_type=\"section\" data-settings=\"{&quot;jet_parallax_layout_list&quot;:[{&quot;jet_parallax_layout_image&quot;:{&quot;url&quot;:&quot;&quot;,&quot;id&quot;:&quot;&quot;,&quot;size&quot;:&quot;&quot;},&quot;_id&quot;:&quot;1ef5c32&quot;,&quot;jet_parallax_layout_image_tablet&quot;:{&quot;url&quot;:&quot;&quot;,&quot;id&quot;:&quot;&quot;,&quot;size&quot;:&quot;&quot;},&quot;jet_parallax_layout_image_mobile&quot;:{&quot;url&quot;:&quot;&quot;,&quot;id&quot;:&quot;&quot;,&quot;size&quot;:&quot;&quot;},&quot;jet_parallax_layout_speed&quot;:{&quot;unit&quot;:&quot;%&quot;,&quot;size&quot;:50,&quot;sizes&quot;:[]},&quot;jet_parallax_layout_type&quot;:&quot;scroll&quot;,&quot;jet_parallax_layout_direction&quot;:&quot;1&quot;,&quot;jet_parallax_layout_fx_direction&quot;:null,&quot;jet_parallax_layout_z_index&quot;:&quot;&quot;,&quot;jet_parallax_layout_bg_x&quot;:50,&quot;jet_parallax_layout_bg_x_tablet&quot;:&quot;&quot;,&quot;jet_parallax_layout_bg_x_mobile&quot;:&quot;&quot;,&quot;jet_parallax_layout_bg_y&quot;:50,&quot;jet_parallax_layout_bg_y_tablet&quot;:&quot;&quot;,&quot;jet_parallax_layout_bg_y_mobile&quot;:&quot;&quot;,&quot;jet_parallax_layout_bg_size&quot;:&quot;auto&quot;,&quot;jet_parallax_layout_bg_size_tablet&quot;:&quot;&quot;,&quot;jet_parallax_layout_bg_size_mobile&quot;:&quot;&quot;,&quot;jet_parallax_layout_animation_prop&quot;:&quot;transform&quot;,&quot;jet_parallax_layout_on&quot;:[&quot;desktop&quot;,&quot;tablet&quot;]}]}\">\n\t\t\t\t\t\t<div class=\"elementor-container elementor-column-gap-default\">\n\t\t\t\t\t<div class=\"elementor-column elementor-col-100 elementor-top-column elementor-element elementor-element-1c4e78d\" data-id=\"1c4e78d\" data-element_type=\"column\">\n\t\t\t<div class=\"elementor-widget-wrap elementor-element-populated\">\n\t\t\t\t\t\t<div class=\"elementor-element elementor-element-006a75b elementor-widget-divider--view-line elementor-widget elementor-widget-divider\" data-id=\"006a75b\" data-element_type=\"widget\" data-widget_type=\"divider.default\">\n\t\t\t\t\t\t\t<div class=\"elementor-divider\">\n\t\t\t<span class=\"elementor-divider-separator\">\n\t\t\t\t\t\t<\/span>\n\t\t<\/div>\n\t\t\t\t\t\t<\/div>\n\t\t\t\t<div class=\"elementor-element elementor-element-5452eb8 elementor-widget elementor-widget-text-editor\" data-id=\"5452eb8\" data-element_type=\"widget\" data-widget_type=\"text-editor.default\">\n\t\t\t\t\t\t\t\t\t<p>CAPACITA RJ &#8211; realizado em Volta Redonda, recebeu um total de 151 inscri\u00e7\u00f5es para os 4 cursos e o Semin\u00e1rio PEDES.<\/p><p>E foi com muito entusiasmo que a equipe fez mais essa entrega a 10 munic\u00edpios da Regi\u00e3o do M\u00e9dio Para\u00edba: Resende, Quatis, Rio Claro, Itatiaia, Pinheral, Pira\u00ed, Valen\u00e7a, Barra Mansa, Vassouras e Volta Redonda como o munic\u00edpio sede do evento.<\/p><p>Foram tr\u00eas dias de capacita\u00e7\u00e3o com muito conte\u00fado e experi\u00eancias trazidas pelo time da SEPLAG, formada por especialistas nos temas e na gest\u00e3o p\u00fablica. Os servidores municipais participaram de din\u00e2micas e tamb\u00e9m puderam refletir sobre casos pr\u00e1ticos da sua rotina profissional.<\/p><p>A maior participa\u00e7\u00e3o foi no curso sobre a Nova Lei de Licita\u00e7\u00f5es com 64 servidores \u00e1vidos por conhecer os novos regramentos da Lei 14.133\/21.<\/p><p>A novidade, foi o Semin\u00e1rio PEDES &#8211; Plano de Desenvolvimento Econ\u00f4mico e Social do ERJ, que passa a integrar a programa\u00e7\u00e3o do CAPACITA RJ, e teve a participa\u00e7\u00e3o do secret\u00e1rio Nelson Rocha, discorrendo para uma plateia formada por secret\u00e1rios, subsecret\u00e1rios e gestores dos munic\u00edpios.<\/p>\t\t\t\t\t\t\t\t<\/div>\n\t\t\t\t\t<\/div>\n\t\t<\/div>\n\t\t\t\t\t<\/div>\n\t\t<\/section>\n\t\t\t\t<section class=\"elementor-section elementor-top-section elementor-element elementor-element-e97a0df elementor-section-boxed elementor-section-height-default elementor-section-height-default\" data-id=\"e97a0df\" data-element_type=\"section\" data-settings=\"{&quot;jet_parallax_layout_list&quot;:[{&quot;jet_parallax_layout_image&quot;:{&quot;url&quot;:&quot;&quot;,&quot;id&quot;:&quot;&quot;,&quot;size&quot;:&quot;&quot;},&quot;_id&quot;:&quot;afb8a42&quot;,&quot;jet_parallax_layout_image_tablet&quot;:{&quot;url&quot;:&quot;&quot;,&quot;id&quot;:&quot;&quot;,&quot;size&quot;:&quot;&quot;},&quot;jet_parallax_layout_image_mobile&quot;:{&quot;url&quot;:&quot;&quot;,&quot;id&quot;:&quot;&quot;,&quot;size&quot;:&quot;&quot;},&quot;jet_parallax_layout_speed&quot;:{&quot;unit&quot;:&quot;%&quot;,&quot;size&quot;:50,&quot;sizes&quot;:[]},&quot;jet_parallax_layout_type&quot;:&quot;scroll&quot;,&quot;jet_parallax_layout_direction&quot;:&quot;1&quot;,&quot;jet_parallax_layout_fx_direction&quot;:null,&quot;jet_parallax_layout_z_index&quot;:&quot;&quot;,&quot;jet_parallax_layout_bg_x&quot;:50,&quot;jet_parallax_layout_bg_x_tablet&quot;:&quot;&quot;,&quot;jet_parallax_layout_bg_x_mobile&quot;:&quot;&quot;,&quot;jet_parallax_layout_bg_y&quot;:50,&quot;jet_parallax_layout_bg_y_tablet&quot;:&quot;&quot;,&quot;jet_parallax_layout_bg_y_mobile&quot;:&quot;&quot;,&quot;jet_parallax_layout_bg_size&quot;:&quot;auto&quot;,&quot;jet_parallax_layout_bg_size_tablet&quot;:&quot;&quot;,&quot;jet_parallax_layout_bg_size_mobile&quot;:&quot;&quot;,&quot;jet_parallax_layout_animation_prop&quot;:&quot;transform&quot;,&quot;jet_parallax_layout_on&quot;:[&quot;desktop&quot;,&quot;tablet&quot;]}]}\">\n\t\t\t\t\t\t<div class=\"elementor-container elementor-column-gap-default\">\n\t\t\t\t\t<div class=\"elementor-column elementor-col-100 elementor-top-column elementor-element elementor-element-23992ac\" data-id=\"23992ac\" data-element_type=\"column\">\n\t\t\t<div class=\"elementor-widget-wrap\">\n\t\t\t\t\t\t\t<\/div>\n\t\t<\/div>\n\t\t\t\t\t<\/div>\n\t\t<\/section>\n\t\t\t\t<\/div>\n\t\t","protected":false},"excerpt":{"rendered":"<p>CAPACITA RJ &#8211; realizado em Volta Redonda, recebeu um total de 151 inscri\u00e7\u00f5es para os 4 cursos e o Semin\u00e1rio PEDES. E foi com muito entusiasmo que a equipe fez mais essa entrega a 10 munic\u00edpios da Regi\u00e3o do M\u00e9dio Para\u00edba: Resende, Quatis, Rio Claro, Itatiaia, Pinheral, Pira\u00ed, Valen\u00e7a, Barra Mansa, Vassouras e Volta Redonda [&hellip;]<\/p>\n","protected":false},"author":25,"featured_media":0,"comment_status":"closed","ping_status":"open","sticky":false,"template":"","format":"standard","meta":{"_joinchat":[],"footnotes":""},"categories":[25,34,33,38],"tags":[],"class_list":["post-23875","post","type-post","status-publish","format-standard","hentry","category-cat-capacitacao","category-cat-cursos-abertos","category-cat-cursos-internos","category-cat-informes"],"yoast_head":"<!-- This site is optimized with the Yoast SEO plugin v25.7 - https:\/\/yoast.com\/wordpress\/plugins\/seo\/ -->\n<title>INFORME N\u00ba 010\/2023 - CAPACITA.RJ - VOLTA REDONDA - Redelog<\/title>\n<meta name=\"robots\" content=\"index, follow, max-snippet:-1, max-image-preview:large, max-video-preview:-1\" \/>\n<link rel=\"canonical\" href=\"https:\/\/redelog.rj.gov.br\/redelog\/informe-no-010-2023-capacitarj-volta-redonda\/\" \/>\n<meta property=\"og:locale\" content=\"pt_BR\" \/>\n<meta property=\"og:type\" content=\"article\" \/>\n<meta property=\"og:title\" content=\"INFORME N\u00ba 010\/2023 - CAPACITA.RJ - VOLTA REDONDA - Redelog\" \/>\n<meta property=\"og:description\" content=\"CAPACITA RJ &#8211; realizado em Volta Redonda, recebeu um total de 151 inscri\u00e7\u00f5es para os 4 cursos e o Semin\u00e1rio PEDES. E foi com muito entusiasmo que a equipe fez mais essa entrega a 10 munic\u00edpios da Regi\u00e3o do M\u00e9dio Para\u00edba: Resende, Quatis, Rio Claro, Itatiaia, Pinheral, Pira\u00ed, Valen\u00e7a, Barra Mansa, Vassouras e Volta Redonda [&hellip;]\" \/>\n<meta property=\"og:url\" content=\"https:\/\/redelog.rj.gov.br\/redelog\/informe-no-010-2023-capacitarj-volta-redonda\/\" \/>\n<meta property=\"og:site_name\" content=\"Redelog\" \/>\n<meta property=\"article:published_time\" content=\"2023-05-02T14:31:38+00:00\" \/>\n<meta property=\"article:modified_time\" content=\"2023-05-02T14:34:23+00:00\" \/>\n<meta name=\"author\" content=\"Luisa Maravilhas de Carvalho\" \/>\n<meta name=\"twitter:card\" content=\"summary_large_image\" \/>\n<meta name=\"twitter:label1\" content=\"Escrito por\" \/>\n\t<meta name=\"twitter:data1\" content=\"Luisa Maravilhas de Carvalho\" \/>\n\t<meta name=\"twitter:label2\" content=\"Est. tempo de leitura\" \/>\n\t<meta name=\"twitter:data2\" content=\"2 minutos\" \/>\n<script type=\"application\/ld+json\" class=\"yoast-schema-graph\">{\"@context\":\"https:\/\/schema.org\",\"@graph\":[{\"@type\":\"Article\",\"@id\":\"https:\/\/redelog.rj.gov.br\/redelog\/informe-no-010-2023-capacitarj-volta-redonda\/#article\",\"isPartOf\":{\"@id\":\"https:\/\/redelog.rj.gov.br\/redelog\/informe-no-010-2023-capacitarj-volta-redonda\/\"},\"author\":{\"name\":\"Luisa Maravilhas de Carvalho\",\"@id\":\"https:\/\/redelog.rj.gov.br\/redelog\/#\/schema\/person\/dd6a5779d3028a21ef65c6e4af7c1edb\"},\"headline\":\"INFORME N\u00ba 010\/2023 &#8211; CAPACITA.RJ &#8211; VOLTA REDONDA\",\"datePublished\":\"2023-05-02T14:31:38+00:00\",\"dateModified\":\"2023-05-02T14:34:23+00:00\",\"mainEntityOfPage\":{\"@id\":\"https:\/\/redelog.rj.gov.br\/redelog\/informe-no-010-2023-capacitarj-volta-redonda\/\"},\"wordCount\":200,\"publisher\":{\"@id\":\"https:\/\/redelog.rj.gov.br\/redelog\/#organization\"},\"articleSection\":[\"Capacita\u00e7\u00e3o\",\"Cursos Abertos\",\"Cursos Internos\",\"Informes\"],\"inLanguage\":\"pt-BR\"},{\"@type\":\"WebPage\",\"@id\":\"https:\/\/redelog.rj.gov.br\/redelog\/informe-no-010-2023-capacitarj-volta-redonda\/\",\"url\":\"https:\/\/redelog.rj.gov.br\/redelog\/informe-no-010-2023-capacitarj-volta-redonda\/\",\"name\":\"INFORME N\u00ba 010\/2023 - CAPACITA.RJ - VOLTA REDONDA - Redelog\",\"isPartOf\":{\"@id\":\"https:\/\/redelog.rj.gov.br\/redelog\/#website\"},\"datePublished\":\"2023-05-02T14:31:38+00:00\",\"dateModified\":\"2023-05-02T14:34:23+00:00\",\"breadcrumb\":{\"@id\":\"https:\/\/redelog.rj.gov.br\/redelog\/informe-no-010-2023-capacitarj-volta-redonda\/#breadcrumb\"},\"inLanguage\":\"pt-BR\",\"potentialAction\":[{\"@type\":\"ReadAction\",\"target\":[\"https:\/\/redelog.rj.gov.br\/redelog\/informe-no-010-2023-capacitarj-volta-redonda\/\"]}]},{\"@type\":\"BreadcrumbList\",\"@id\":\"https:\/\/redelog.rj.gov.br\/redelog\/informe-no-010-2023-capacitarj-volta-redonda\/#breadcrumb\",\"itemListElement\":[{\"@type\":\"ListItem\",\"position\":1,\"name\":\"Home\",\"item\":\"https:\/\/redelog.rj.gov.br\/redelog\/\"},{\"@type\":\"ListItem\",\"position\":2,\"name\":\"INFORME N\u00ba 010\/2023 &#8211; CAPACITA.RJ &#8211; VOLTA REDONDA\"}]},{\"@type\":\"WebSite\",\"@id\":\"https:\/\/redelog.rj.gov.br\/redelog\/#website\",\"url\":\"https:\/\/redelog.rj.gov.br\/redelog\/\",\"name\":\"Redelog\",\"description\":\"Site da Rede de Log\u00edstica e Planejamento do Estado do Rio de Janeiro\",\"publisher\":{\"@id\":\"https:\/\/redelog.rj.gov.br\/redelog\/#organization\"},\"potentialAction\":[{\"@type\":\"SearchAction\",\"target\":{\"@type\":\"EntryPoint\",\"urlTemplate\":\"https:\/\/redelog.rj.gov.br\/redelog\/?s={search_term_string}\"},\"query-input\":{\"@type\":\"PropertyValueSpecification\",\"valueRequired\":true,\"valueName\":\"search_term_string\"}}],\"inLanguage\":\"pt-BR\"},{\"@type\":\"Organization\",\"@id\":\"https:\/\/redelog.rj.gov.br\/redelog\/#organization\",\"name\":\"REDELOG\",\"url\":\"https:\/\/redelog.rj.gov.br\/redelog\/\",\"logo\":{\"@type\":\"ImageObject\",\"inLanguage\":\"pt-BR\",\"@id\":\"https:\/\/redelog.rj.gov.br\/redelog\/#\/schema\/logo\/image\/\",\"url\":\"http:\/\/10.10.8.100:8888\/redelog\/wp-content\/uploads\/2019\/09\/Redelog2.png\",\"contentUrl\":\"http:\/\/10.10.8.100:8888\/redelog\/wp-content\/uploads\/2019\/09\/Redelog2.png\",\"width\":565,\"height\":155,\"caption\":\"REDELOG\"},\"image\":{\"@id\":\"https:\/\/redelog.rj.gov.br\/redelog\/#\/schema\/logo\/image\/\"}},{\"@type\":\"Person\",\"@id\":\"https:\/\/redelog.rj.gov.br\/redelog\/#\/schema\/person\/dd6a5779d3028a21ef65c6e4af7c1edb\",\"name\":\"Luisa Maravilhas de Carvalho\",\"image\":{\"@type\":\"ImageObject\",\"inLanguage\":\"pt-BR\",\"@id\":\"https:\/\/redelog.rj.gov.br\/redelog\/#\/schema\/person\/image\/\",\"url\":\"https:\/\/secure.gravatar.com\/avatar\/42eea343007bb4bb43265a1df0b9eebe3b0ff8ee578355b2f834803cdddc604a?s=96&d=mm&r=g\",\"contentUrl\":\"https:\/\/secure.gravatar.com\/avatar\/42eea343007bb4bb43265a1df0b9eebe3b0ff8ee578355b2f834803cdddc604a?s=96&d=mm&r=g\",\"caption\":\"Luisa Maravilhas de Carvalho\"},\"url\":\"https:\/\/redelog.rj.gov.br\/redelog\/author\/luisa-carvalho\/\"}]}<\/script>\n<!-- \/ Yoast SEO plugin. -->","yoast_head_json":{"title":"INFORME N\u00ba 010\/2023 - CAPACITA.RJ - VOLTA REDONDA - Redelog","robots":{"index":"index","follow":"follow","max-snippet":"max-snippet:-1","max-image-preview":"max-image-preview:large","max-video-preview":"max-video-preview:-1"},"canonical":"https:\/\/redelog.rj.gov.br\/redelog\/informe-no-010-2023-capacitarj-volta-redonda\/","og_locale":"pt_BR","og_type":"article","og_title":"INFORME N\u00ba 010\/2023 - CAPACITA.RJ - VOLTA REDONDA - Redelog","og_description":"CAPACITA RJ &#8211; realizado em Volta Redonda, recebeu um total de 151 inscri\u00e7\u00f5es para os 4 cursos e o Semin\u00e1rio PEDES. E foi com muito entusiasmo que a equipe fez mais essa entrega a 10 munic\u00edpios da Regi\u00e3o do M\u00e9dio Para\u00edba: Resende, Quatis, Rio Claro, Itatiaia, Pinheral, Pira\u00ed, Valen\u00e7a, Barra Mansa, Vassouras e Volta Redonda [&hellip;]","og_url":"https:\/\/redelog.rj.gov.br\/redelog\/informe-no-010-2023-capacitarj-volta-redonda\/","og_site_name":"Redelog","article_published_time":"2023-05-02T14:31:38+00:00","article_modified_time":"2023-05-02T14:34:23+00:00","author":"Luisa Maravilhas de Carvalho","twitter_card":"summary_large_image","twitter_misc":{"Escrito por":"Luisa Maravilhas de Carvalho","Est. tempo de leitura":"2 minutos"},"schema":{"@context":"https:\/\/schema.org","@graph":[{"@type":"Article","@id":"https:\/\/redelog.rj.gov.br\/redelog\/informe-no-010-2023-capacitarj-volta-redonda\/#article","isPartOf":{"@id":"https:\/\/redelog.rj.gov.br\/redelog\/informe-no-010-2023-capacitarj-volta-redonda\/"},"author":{"name":"Luisa Maravilhas de Carvalho","@id":"https:\/\/redelog.rj.gov.br\/redelog\/#\/schema\/person\/dd6a5779d3028a21ef65c6e4af7c1edb"},"headline":"INFORME N\u00ba 010\/2023 &#8211; CAPACITA.RJ &#8211; VOLTA REDONDA","datePublished":"2023-05-02T14:31:38+00:00","dateModified":"2023-05-02T14:34:23+00:00","mainEntityOfPage":{"@id":"https:\/\/redelog.rj.gov.br\/redelog\/informe-no-010-2023-capacitarj-volta-redonda\/"},"wordCount":200,"publisher":{"@id":"https:\/\/redelog.rj.gov.br\/redelog\/#organization"},"articleSection":["Capacita\u00e7\u00e3o","Cursos Abertos","Cursos Internos","Informes"],"inLanguage":"pt-BR"},{"@type":"WebPage","@id":"https:\/\/redelog.rj.gov.br\/redelog\/informe-no-010-2023-capacitarj-volta-redonda\/","url":"https:\/\/redelog.rj.gov.br\/redelog\/informe-no-010-2023-capacitarj-volta-redonda\/","name":"INFORME N\u00ba 010\/2023 - CAPACITA.RJ - VOLTA REDONDA - Redelog","isPartOf":{"@id":"https:\/\/redelog.rj.gov.br\/redelog\/#website"},"datePublished":"2023-05-02T14:31:38+00:00","dateModified":"2023-05-02T14:34:23+00:00","breadcrumb":{"@id":"https:\/\/redelog.rj.gov.br\/redelog\/informe-no-010-2023-capacitarj-volta-redonda\/#breadcrumb"},"inLanguage":"pt-BR","potentialAction":[{"@type":"ReadAction","target":["https:\/\/redelog.rj.gov.br\/redelog\/informe-no-010-2023-capacitarj-volta-redonda\/"]}]},{"@type":"BreadcrumbList","@id":"https:\/\/redelog.rj.gov.br\/redelog\/informe-no-010-2023-capacitarj-volta-redonda\/#breadcrumb","itemListElement":[{"@type":"ListItem","position":1,"name":"Home","item":"https:\/\/redelog.rj.gov.br\/redelog\/"},{"@type":"ListItem","position":2,"name":"INFORME N\u00ba 010\/2023 &#8211; CAPACITA.RJ &#8211; VOLTA REDONDA"}]},{"@type":"WebSite","@id":"https:\/\/redelog.rj.gov.br\/redelog\/#website","url":"https:\/\/redelog.rj.gov.br\/redelog\/","name":"Redelog","description":"Site da Rede de Log\u00edstica e Planejamento do Estado do Rio de Janeiro","publisher":{"@id":"https:\/\/redelog.rj.gov.br\/redelog\/#organization"},"potentialAction":[{"@type":"SearchAction","target":{"@type":"EntryPoint","urlTemplate":"https:\/\/redelog.rj.gov.br\/redelog\/?s={search_term_string}"},"query-input":{"@type":"PropertyValueSpecification","valueRequired":true,"valueName":"search_term_string"}}],"inLanguage":"pt-BR"},{"@type":"Organization","@id":"https:\/\/redelog.rj.gov.br\/redelog\/#organization","name":"REDELOG","url":"https:\/\/redelog.rj.gov.br\/redelog\/","logo":{"@type":"ImageObject","inLanguage":"pt-BR","@id":"https:\/\/redelog.rj.gov.br\/redelog\/#\/schema\/logo\/image\/","url":"http:\/\/10.10.8.100:8888\/redelog\/wp-content\/uploads\/2019\/09\/Redelog2.png","contentUrl":"http:\/\/10.10.8.100:8888\/redelog\/wp-content\/uploads\/2019\/09\/Redelog2.png","width":565,"height":155,"caption":"REDELOG"},"image":{"@id":"https:\/\/redelog.rj.gov.br\/redelog\/#\/schema\/logo\/image\/"}},{"@type":"Person","@id":"https:\/\/redelog.rj.gov.br\/redelog\/#\/schema\/person\/dd6a5779d3028a21ef65c6e4af7c1edb","name":"Luisa Maravilhas de Carvalho","image":{"@type":"ImageObject","inLanguage":"pt-BR","@id":"https:\/\/redelog.rj.gov.br\/redelog\/#\/schema\/person\/image\/","url":"https:\/\/secure.gravatar.com\/avatar\/42eea343007bb4bb43265a1df0b9eebe3b0ff8ee578355b2f834803cdddc604a?s=96&d=mm&r=g","contentUrl":"https:\/\/secure.gravatar.com\/avatar\/42eea343007bb4bb43265a1df0b9eebe3b0ff8ee578355b2f834803cdddc604a?s=96&d=mm&r=g","caption":"Luisa Maravilhas de Carvalho"},"url":"https:\/\/redelog.rj.gov.br\/redelog\/author\/luisa-carvalho\/"}]}},"_links":{"self":[{"href":"https:\/\/redelog.rj.gov.br\/redelog\/wp-json\/wp\/v2\/posts\/23875","targetHints":{"allow":["GET"]}}],"collection":[{"href":"https:\/\/redelog.rj.gov.br\/redelog\/wp-json\/wp\/v2\/posts"}],"about":[{"href":"https:\/\/redelog.rj.gov.br\/redelog\/wp-json\/wp\/v2\/types\/post"}],"author":[{"embeddable":true,"href":"https:\/\/redelog.rj.gov.br\/redelog\/wp-json\/wp\/v2\/users\/25"}],"replies":[{"embeddable":true,"href":"https:\/\/redelog.rj.gov.br\/redelog\/wp-json\/wp\/v2\/comments?post=23875"}],"version-history":[{"count":4,"href":"https:\/\/redelog.rj.gov.br\/redelog\/wp-json\/wp\/v2\/posts\/23875\/revisions"}],"predecessor-version":[{"id":23879,"href":"https:\/\/redelog.rj.gov.br\/redelog\/wp-json\/wp\/v2\/posts\/23875\/revisions\/23879"}],"wp:attachment":[{"href":"https:\/\/redelog.rj.gov.br\/redelog\/wp-json\/wp\/v2\/media?parent=23875"}],"wp:term":[{"taxonomy":"category","embeddable":true,"href":"https:\/\/redelog.rj.gov.br\/redelog\/wp-json\/wp\/v2\/categories?post=23875"},{"taxonomy":"post_tag","embeddable":true,"href":"https:\/\/redelog.rj.gov.br\/redelog\/wp-json\/wp\/v2\/tags?post=23875"}],"curies":[{"name":"wp","href":"https:\/\/api.w.org\/{rel}","templated":true}]}}