{"id":23818,"date":"2023-04-25T11:34:29","date_gmt":"2023-04-25T14:34:29","guid":{"rendered":"https:\/\/redelog.rj.gov.br\/redelog\/?p=23818"},"modified":"2025-11-06T14:35:57","modified_gmt":"2025-11-06T17:35:57","slug":"resolucao-seplag-no-154-de-18-de-agosto-de-2022","status":"publish","type":"post","link":"https:\/\/redelog.rj.gov.br\/redelog\/resolucao-seplag-no-154-de-18-de-agosto-de-2022\/","title":{"rendered":"RESOLU\u00c7\u00c3O SEPLAG N\u00ba 154, DE 18 DE AGOSTO DE 2022"},"content":{"rendered":"\t\t<div data-elementor-type=\"wp-post\" data-elementor-id=\"23818\" class=\"elementor elementor-23818\" data-elementor-post-type=\"post\">\n\t\t\t\t\t\t<section class=\"elementor-section elementor-top-section elementor-element elementor-element-54679bb elementor-section-boxed elementor-section-height-default elementor-section-height-default\" data-id=\"54679bb\" data-element_type=\"section\" data-settings=\"{&quot;jet_parallax_layout_list&quot;:[{&quot;jet_parallax_layout_image&quot;:{&quot;url&quot;:&quot;&quot;,&quot;id&quot;:&quot;&quot;,&quot;size&quot;:&quot;&quot;},&quot;_id&quot;:&quot;17d107f&quot;,&quot;jet_parallax_layout_image_tablet&quot;:{&quot;url&quot;:&quot;&quot;,&quot;id&quot;:&quot;&quot;,&quot;size&quot;:&quot;&quot;},&quot;jet_parallax_layout_image_mobile&quot;:{&quot;url&quot;:&quot;&quot;,&quot;id&quot;:&quot;&quot;,&quot;size&quot;:&quot;&quot;},&quot;jet_parallax_layout_speed&quot;:{&quot;unit&quot;:&quot;%&quot;,&quot;size&quot;:50,&quot;sizes&quot;:[]},&quot;jet_parallax_layout_type&quot;:&quot;scroll&quot;,&quot;jet_parallax_layout_direction&quot;:&quot;1&quot;,&quot;jet_parallax_layout_fx_direction&quot;:null,&quot;jet_parallax_layout_z_index&quot;:&quot;&quot;,&quot;jet_parallax_layout_bg_x&quot;:50,&quot;jet_parallax_layout_bg_x_tablet&quot;:&quot;&quot;,&quot;jet_parallax_layout_bg_x_mobile&quot;:&quot;&quot;,&quot;jet_parallax_layout_bg_y&quot;:50,&quot;jet_parallax_layout_bg_y_tablet&quot;:&quot;&quot;,&quot;jet_parallax_layout_bg_y_mobile&quot;:&quot;&quot;,&quot;jet_parallax_layout_bg_size&quot;:&quot;auto&quot;,&quot;jet_parallax_layout_bg_size_tablet&quot;:&quot;&quot;,&quot;jet_parallax_layout_bg_size_mobile&quot;:&quot;&quot;,&quot;jet_parallax_layout_animation_prop&quot;:&quot;transform&quot;,&quot;jet_parallax_layout_on&quot;:[&quot;desktop&quot;,&quot;tablet&quot;]}]}\">\n\t\t\t\t\t\t<div class=\"elementor-container elementor-column-gap-default\">\n\t\t\t\t\t<div class=\"elementor-column elementor-col-100 elementor-top-column elementor-element elementor-element-abe6abd\" data-id=\"abe6abd\" data-element_type=\"column\">\n\t\t\t<div class=\"elementor-widget-wrap elementor-element-populated\">\n\t\t\t\t\t\t<section class=\"elementor-section elementor-inner-section elementor-element elementor-element-e54ab34 elementor-section-boxed elementor-section-height-default elementor-section-height-default\" data-id=\"e54ab34\" data-element_type=\"section\" data-settings=\"{&quot;jet_parallax_layout_list&quot;:[{&quot;jet_parallax_layout_image&quot;:{&quot;url&quot;:&quot;&quot;,&quot;id&quot;:&quot;&quot;,&quot;size&quot;:&quot;&quot;},&quot;_id&quot;:&quot;b8c0cc7&quot;,&quot;jet_parallax_layout_image_tablet&quot;:{&quot;url&quot;:&quot;&quot;,&quot;id&quot;:&quot;&quot;,&quot;size&quot;:&quot;&quot;},&quot;jet_parallax_layout_image_mobile&quot;:{&quot;url&quot;:&quot;&quot;,&quot;id&quot;:&quot;&quot;,&quot;size&quot;:&quot;&quot;},&quot;jet_parallax_layout_speed&quot;:{&quot;unit&quot;:&quot;%&quot;,&quot;size&quot;:50,&quot;sizes&quot;:[]},&quot;jet_parallax_layout_type&quot;:&quot;scroll&quot;,&quot;jet_parallax_layout_direction&quot;:&quot;1&quot;,&quot;jet_parallax_layout_fx_direction&quot;:null,&quot;jet_parallax_layout_z_index&quot;:&quot;&quot;,&quot;jet_parallax_layout_bg_x&quot;:50,&quot;jet_parallax_layout_bg_x_tablet&quot;:&quot;&quot;,&quot;jet_parallax_layout_bg_x_mobile&quot;:&quot;&quot;,&quot;jet_parallax_layout_bg_y&quot;:50,&quot;jet_parallax_layout_bg_y_tablet&quot;:&quot;&quot;,&quot;jet_parallax_layout_bg_y_mobile&quot;:&quot;&quot;,&quot;jet_parallax_layout_bg_size&quot;:&quot;auto&quot;,&quot;jet_parallax_layout_bg_size_tablet&quot;:&quot;&quot;,&quot;jet_parallax_layout_bg_size_mobile&quot;:&quot;&quot;,&quot;jet_parallax_layout_animation_prop&quot;:&quot;transform&quot;,&quot;jet_parallax_layout_on&quot;:[&quot;desktop&quot;,&quot;tablet&quot;]}]}\">\n\t\t\t\t\t\t<div class=\"elementor-container elementor-column-gap-default\">\n\t\t\t\t\t<div class=\"elementor-column elementor-col-50 elementor-inner-column elementor-element elementor-element-265154f\" data-id=\"265154f\" data-element_type=\"column\">\n\t\t\t<div class=\"elementor-widget-wrap\">\n\t\t\t\t\t\t\t<\/div>\n\t\t<\/div>\n\t\t\t\t<div class=\"elementor-column elementor-col-50 elementor-inner-column elementor-element elementor-element-5f9f038\" data-id=\"5f9f038\" data-element_type=\"column\">\n\t\t\t<div class=\"elementor-widget-wrap elementor-element-populated\">\n\t\t\t\t\t\t<div class=\"elementor-element elementor-element-c6fae6f elementor-widget elementor-widget-text-editor\" data-id=\"c6fae6f\" data-element_type=\"widget\" data-widget_type=\"text-editor.default\">\n\t\t\t\t\t\t\t\t\t<p style=\"text-align: justify;\"><strong>DESIGNA SERVIDORES PARA O EXERC\u00cdCIO DAS FUN\u00c7\u00d5ES DE GERENTE E APOIO DAS REDES DO PODER EXECUTIVO DO ESTADO DO RIO DE JANEIRO.<\/strong><\/p>\t\t\t\t\t\t\t\t<\/div>\n\t\t\t\t\t<\/div>\n\t\t<\/div>\n\t\t\t\t\t<\/div>\n\t\t<\/section>\n\t\t\t\t\t<\/div>\n\t\t<\/div>\n\t\t\t\t\t<\/div>\n\t\t<\/section>\n\t\t\t\t<section class=\"elementor-section elementor-top-section elementor-element elementor-element-c85a434 elementor-section-boxed elementor-section-height-default elementor-section-height-default\" data-id=\"c85a434\" data-element_type=\"section\" data-settings=\"{&quot;jet_parallax_layout_list&quot;:[{&quot;jet_parallax_layout_image&quot;:{&quot;url&quot;:&quot;&quot;,&quot;id&quot;:&quot;&quot;,&quot;size&quot;:&quot;&quot;},&quot;_id&quot;:&quot;e6bbb1d&quot;,&quot;jet_parallax_layout_image_tablet&quot;:{&quot;url&quot;:&quot;&quot;,&quot;id&quot;:&quot;&quot;,&quot;size&quot;:&quot;&quot;},&quot;jet_parallax_layout_image_mobile&quot;:{&quot;url&quot;:&quot;&quot;,&quot;id&quot;:&quot;&quot;,&quot;size&quot;:&quot;&quot;},&quot;jet_parallax_layout_speed&quot;:{&quot;unit&quot;:&quot;%&quot;,&quot;size&quot;:50,&quot;sizes&quot;:[]},&quot;jet_parallax_layout_type&quot;:&quot;scroll&quot;,&quot;jet_parallax_layout_direction&quot;:&quot;1&quot;,&quot;jet_parallax_layout_fx_direction&quot;:null,&quot;jet_parallax_layout_z_index&quot;:&quot;&quot;,&quot;jet_parallax_layout_bg_x&quot;:50,&quot;jet_parallax_layout_bg_x_tablet&quot;:&quot;&quot;,&quot;jet_parallax_layout_bg_x_mobile&quot;:&quot;&quot;,&quot;jet_parallax_layout_bg_y&quot;:50,&quot;jet_parallax_layout_bg_y_tablet&quot;:&quot;&quot;,&quot;jet_parallax_layout_bg_y_mobile&quot;:&quot;&quot;,&quot;jet_parallax_layout_bg_size&quot;:&quot;auto&quot;,&quot;jet_parallax_layout_bg_size_tablet&quot;:&quot;&quot;,&quot;jet_parallax_layout_bg_size_mobile&quot;:&quot;&quot;,&quot;jet_parallax_layout_animation_prop&quot;:&quot;transform&quot;,&quot;jet_parallax_layout_on&quot;:[&quot;desktop&quot;,&quot;tablet&quot;]}]}\">\n\t\t\t\t\t\t<div class=\"elementor-container elementor-column-gap-default\">\n\t\t\t\t\t<div class=\"elementor-column elementor-col-100 elementor-top-column elementor-element elementor-element-48728cc\" data-id=\"48728cc\" data-element_type=\"column\">\n\t\t\t<div class=\"elementor-widget-wrap elementor-element-populated\">\n\t\t\t\t\t\t<div class=\"elementor-element elementor-element-29385b0 elementor-widget elementor-widget-text-editor\" data-id=\"29385b0\" data-element_type=\"widget\" data-widget_type=\"text-editor.default\">\n\t\t\t\t\t\t\t\t\t<p class=\"Texto_Justificado\"><strong>O SECRET\u00c1RIO DE ESTADO DE PLANEJAMENTO E GEST\u00c3O<\/strong>, no uso de suas atribui\u00e7\u00f5es, tendo em vista o que consta do Processo n\u00ba SEI-120001\/007792\/2022.<\/p><p class=\"Texto_Justificado\"><strong>CONSIDERANDO:<\/strong><\/p><p class=\"Texto_Justificado\">&#8211; o disposto no art. 8\u00ba do Decreto Estadual n\u00ba 46.050, de 26 de julho de 2017, que cria a Rede Log\u00edstica do Poder Executivo do Estado do Rio de Janeiro &#8211; REDELOG;<\/p><p class=\"Texto_Justificado\">&#8211; o disposto no art. 3\u00ba da Resolu\u00e7\u00e3o SEPLAG n\u00ba 106, de 15 de fevereiro de 2022, que regulamenta a Rede de Gestores de Compras \u2013 REDECOMPRAS.<\/p><p class=\"Texto_Justificado\">&#8211; o disposto no inciso II do art. 3\u00ba da Resolu\u00e7\u00e3o SEPLAG n\u00ba 148, de 16 de agosto de 2022, que institui a Rede de Pregoeiros &#8211; REDEPREG;<\/p><p class=\"Texto_Justificado\">&#8211; o disposto no inciso III do art. 3\u00ba da Resolu\u00e7\u00e3o SEPLAG n\u00ba 150, de 16 de agosto de 2022, que institui a Rede de Gestores de Contratos &#8211; REDECONTRATOS;<\/p><p class=\"Texto_Justificado\">&#8211; o disposto no inciso II do art. 3\u00ba da Resolu\u00e7\u00e3o SEPLAG n\u00ba 151, de 16 de agosto de 2022, que institui a Rede de Gestores de Bens M\u00f3veis &#8211; REDEBENS; e<\/p><p class=\"Texto_Justificado\">&#8211; o disposto no inciso IV do art. 3\u00ba da Resolu\u00e7\u00e3o SEPLAG n\u00ba 149, de 16 de agosto de 2022, que institui a Rede de Gerenciadores de Transportes Oficiais \u2013 REDETRANS.<\/p><p class=\"Texto_Justificado\"><strong>RESOLVE:<\/strong><\/p><p class=\"Texto_Justificado\"><strong>Art. 1\u00ba\u00a0<\/strong>&#8211; Designar os servidores abaixo relacionados para desempenhar as fun\u00e7\u00f5es indicadas na Rede de Log\u00edstica do Poder Executivo do Estado do Rio de Janeiro \u2013 REDELOG:<\/p><p class=\"Texto_Justificado\">I \u2013 Gerente Geral: RUD\u00c1 BRAND\u00c3O AZAMBUJA NETO, ID. Funcional n\u00ba 4177432-9.<\/p><p class=\"Texto_Justificado\">II \u2013 Suplente: TATIANA GASPAR PINHEIRO, ID. Funcional n\u00ba 1907085-3.<\/p><p class=\"Texto_Justificado\"><strong>Art. 2\u00ba\u00a0<\/strong>&#8211; Designar os servidores abaixo relacionados para desempenhar as fun\u00e7\u00f5es indicadas na Rede de Gestores de Compras do Poder Executivo do Estado do Rio de Janeiro \u2013 REDECOMPRAS:<\/p><p class=\"Texto_Justificado\"><del>I \u2013 Gerente: SHAALY RODRIGUES LEITE DE SOUZA LIMA, ID. Funcional n\u00ba 510653-0.<\/del><\/p><p>I &#8211; Gerente: CLAUDIA LEONE, ID. Funcional n\u00ba 19073348. <a href=\"https:\/\/redelog.rj.gov.br\/redelog\/resolucao-seplag-no-210-de-19-de-abril-de-2023\/\">(Reda\u00e7\u00e3o alterada pela Resolu\u00e7\u00e3o SEPLAG n\u00ba 210, de 19 de abril de 2023.)<\/a><\/p><p class=\"Texto_Justificado\"><del>II \u2013 Apoio: CLAUDIA LEONE, ID. Funcional n\u00ba 19073348.<\/del><\/p><p><del>II &#8211; Apoio: JO\u00c3O GABRIEL ALCANTARA MARTINS, ID. Funcional n\u00ba 5138686-0. <a href=\"https:\/\/redelog.rj.gov.br\/redelog\/resolucao-seplag-no-210-de-19-de-abril-de-2023\/\">(Reda\u00e7\u00e3o alterada pela Resolu\u00e7\u00e3o SEPLAG n\u00ba 210, de 19 de abril de 2023.)<\/a><\/del><\/p><p>II &#8211; Apoio: ANDREIA DE ASSIS FERREIRA MELO, ID. Funcional n\u00ba 5142215-8. <a href=\"https:\/\/redelog.rj.gov.br\/redelog\/resolucao-seplag-no-229-de-09-de-agosto-de-2023\/\">(Reda\u00e7\u00e3o alterada pela Resolu\u00e7\u00e3o SEPLAG n\u00ba 229, de 09 de agosto de 2023.)<\/a><\/p><p class=\"Texto_Justificado\"><strong>Art. 3\u00ba\u00a0<\/strong>&#8211; Designar os servidores abaixo relacionados para desempenhar as fun\u00e7\u00f5es indicadas na Rede de Pregoeiros do Poder Executivo do Estado do Rio de Janeiro \u2013 REDEPREG:<\/p><p class=\"Texto_Justificado\">I \u2013 Gerente: ALCIONE SILVA QUINTAS, ID. Funcional n\u00ba 4420073-0.<\/p><p class=\"Texto_Justificado\">II \u2013 Apoio: ALINE DE LIMA PASSOS MACEDO, ID. Funcional n\u00ba 5028401-0.<\/p><p class=\"Texto_Justificado\"><strong>Art. 4\u00ba\u00a0<\/strong>&#8211; Designar os servidores abaixo relacionados para desempenhar as fun\u00e7\u00f5es indicadas na Rede de Gestores de Contratos do Poder Executivo do Estado do Rio de Janeiro \u2013 REDECONTRATOS:<\/p><p class=\"Texto_Justificado\">I \u2013 Gerente: ZELIA MARIA RAMALHO LIMA, ID Funcional n\u00ba 4362179-1.<\/p><p class=\"Texto_Justificado\"><del>II \u2013 Apoio: BRENEY GON\u00c7ALVES PEREIRA, ID. Funcional n\u00ba 5035254-7.<\/del><\/p><p><del>II &#8211; Apoio: ANA GABRIELA MARTINS STUMPF, ID. Funcional n\u00ba 5107564-4. <a href=\"https:\/\/redelog.rj.gov.br\/redelog\/resolucao-seplag-no-210-de-19-de-abril-de-2023\/\">(Reda\u00e7\u00e3o alterada pela Resolu\u00e7\u00e3o SEPLAG n\u00ba 210, de 19 de abril de 2023.)<\/a><\/del><\/p><p>II &#8211; Apoio: JASMYN DO CARMO SILVA, ID. Funcional n.\u00ba 5148703-9. <a href=\"https:\/\/redelog.rj.gov.br\/redelog\/resolucao-seplag-no-403-de-22-de-outubro-de-2025\/\">(Reda\u00e7\u00e3o Alterada pela Resolu\u00e7\u00e3o SEPLAG n\u00ba 403, de 22 de outubro de 2025.)<\/a><\/p><p class=\"Texto_Justificado\"><strong>Art. 5\u00ba\u00a0<\/strong>&#8211; Designar os servidores abaixo relacionados para desempenhar as fun\u00e7\u00f5es indicadas na Rede de Gestores de Bens do Poder Executivo do Estado do Rio de Janeiro \u2013 REDEBENS:<\/p><p class=\"Texto_Justificado\">I \u2013 Gerente: KARINNE MAGALH\u00c3ES MENESES, ID. Funcional n\u00ba 5015040-5;<\/p><p class=\"Texto_Justificado\"><del>II \u2013 Apoio: VANDERLENE DA SILVA TOLEDO, ID. Funcional n\u00ba 4304008-0.<\/del><\/p><p>II &#8211; Apoio: MARIA EDUARDA BATTAGLIA PEDREIRA FERNANDES, ID. Funcional n.\u00ba 5098651-1. <a href=\"https:\/\/redelog.rj.gov.br\/redelog\/resolucao-seplag-no-403-de-22-de-outubro-de-2025\/\">(Reda\u00e7\u00e3o Alterada pela Resolu\u00e7\u00e3o SEPLAG n\u00ba 403, de 22 de outubro de 2025.)<\/a><\/p><p class=\"Texto_Justificado\"><strong>Art. 6\u00ba &#8211;<\/strong>\u00a0Designar os servidores abaixo relacionados para desempenhar as fun\u00e7\u00f5es indicadas na Rede de Gestores de Transportes Oficiais do Poder Executivo do Estado do Rio de Janeiro \u2013 REDETRANS:<\/p><p class=\"Texto_Justificado\"><del>I \u2013 Gerente: C\u00c9SAR AUGUSTO DE CARVALHO JUNQUEIRA, ID. Funcional n\u00ba 5025567-3.<\/del><\/p><p><del>I \u2013 Gerente: RAFAEL XAVIER DE ALBUQUERQUE, ID Funcional n\u00ba 5143155-6. <a href=\"https:\/\/redelog.rj.gov.br\/redelog\/resolucao-seplag-no-237-de-25-de-agosto-de-2023\/\">(Reda\u00e7\u00e3o alterada pela Resolu\u00e7\u00e3o SEPLAG n\u00ba 237, de 25 de agosto de 2023.)<\/a><\/del><\/p><p>I &#8211; \u00a0Gerente: RICARDO RAMOS DA SILVA VASCONCELOS, ID. Funcional n.\u00ba 5126020-4; <a href=\"https:\/\/redelog.rj.gov.br\/redelog\/resolucao-seplag-no-403-de-22-de-outubro-de-2025\/\">(Reda\u00e7\u00e3o Alterada pela Resolu\u00e7\u00e3o SEPLAG n\u00ba 403, de 22 de outubro de 2025.)<\/a><\/p><p class=\"Texto_Justificado\"><del>II \u2013 Apoio: RICARDO GUIMAR\u00c3ES, ID. Funcional n\u00ba 5106573-8.<\/del><\/p><p>II &#8211; Apoio: DOUGLAS RODRIGUES DA SILVA, ID. Funcional n.\u00ba 5145248-0. <a href=\"https:\/\/redelog.rj.gov.br\/redelog\/resolucao-seplag-no-403-de-22-de-outubro-de-2025\/\">(Reda\u00e7\u00e3o Alterada pela Resolu\u00e7\u00e3o SEPLAG n\u00ba 403, de 22 de outubro de 2025.)<\/a><\/p><p class=\"Texto_Justificado\"><strong>Art. 7\u00ba\u00a0<\/strong>&#8211; O desempenho das fun\u00e7\u00f5es indicadas nesta Resolu\u00e7\u00e3o n\u00e3o ser\u00e1 remunerado e se dar\u00e1 sem preju\u00edzo de suas atribui\u00e7\u00f5es ordin\u00e1rias, n\u00e3o acarretando aumento de despesa.<\/p><p class=\"Texto_Justificado\"><strong>Art. 8\u00ba\u00a0<\/strong>&#8211; Esta Resolu\u00e7\u00e3o entra em vigor na data de sua publica\u00e7\u00e3o, ficando revogadas a Resolu\u00e7\u00e3o SEPLAG n\u00ba 38, de 22 de dezembro de 2020, a Resolu\u00e7\u00e3o SEPLAG n\u00ba 107, de 24 de fevereiro de 2022 e a Resolu\u00e7\u00e3o SEPLAG n\u00ba 145, de 15 de agosto de 2022.<\/p><p class=\"Texto_Alinhado_Esquerda\" style=\"text-align: center;\">Rio de Janeiro, 18 de agosto de 2022<\/p><p class=\"Texto_Centralizado\" style=\"text-align: center;\"><strong>NELSON ROCHA<\/strong><br \/>Secret\u00e1rio de Estado de Planejamento e Gest\u00e3o<\/p><p style=\"text-align: right;\">Id: 2417474<\/p>\t\t\t\t\t\t\t\t<\/div>\n\t\t\t\t\t<\/div>\n\t\t<\/div>\n\t\t\t\t\t<\/div>\n\t\t<\/section>\n\t\t\t\t<section class=\"elementor-section elementor-top-section elementor-element elementor-element-ebf181d elementor-section-boxed elementor-section-height-default elementor-section-height-default\" data-id=\"ebf181d\" data-element_type=\"section\" data-settings=\"{&quot;jet_parallax_layout_list&quot;:[{&quot;jet_parallax_layout_image&quot;:{&quot;url&quot;:&quot;&quot;,&quot;id&quot;:&quot;&quot;,&quot;size&quot;:&quot;&quot;},&quot;_id&quot;:&quot;04dd098&quot;,&quot;jet_parallax_layout_image_tablet&quot;:{&quot;url&quot;:&quot;&quot;,&quot;id&quot;:&quot;&quot;,&quot;size&quot;:&quot;&quot;},&quot;jet_parallax_layout_image_mobile&quot;:{&quot;url&quot;:&quot;&quot;,&quot;id&quot;:&quot;&quot;,&quot;size&quot;:&quot;&quot;},&quot;jet_parallax_layout_speed&quot;:{&quot;unit&quot;:&quot;%&quot;,&quot;size&quot;:50,&quot;sizes&quot;:[]},&quot;jet_parallax_layout_type&quot;:&quot;scroll&quot;,&quot;jet_parallax_layout_direction&quot;:&quot;1&quot;,&quot;jet_parallax_layout_fx_direction&quot;:null,&quot;jet_parallax_layout_z_index&quot;:&quot;&quot;,&quot;jet_parallax_layout_bg_x&quot;:50,&quot;jet_parallax_layout_bg_x_tablet&quot;:&quot;&quot;,&quot;jet_parallax_layout_bg_x_mobile&quot;:&quot;&quot;,&quot;jet_parallax_layout_bg_y&quot;:50,&quot;jet_parallax_layout_bg_y_tablet&quot;:&quot;&quot;,&quot;jet_parallax_layout_bg_y_mobile&quot;:&quot;&quot;,&quot;jet_parallax_layout_bg_size&quot;:&quot;auto&quot;,&quot;jet_parallax_layout_bg_size_tablet&quot;:&quot;&quot;,&quot;jet_parallax_layout_bg_size_mobile&quot;:&quot;&quot;,&quot;jet_parallax_layout_animation_prop&quot;:&quot;transform&quot;,&quot;jet_parallax_layout_on&quot;:[&quot;desktop&quot;,&quot;tablet&quot;]}]}\">\n\t\t\t\t\t\t<div class=\"elementor-container elementor-column-gap-default\">\n\t\t\t\t\t<div class=\"elementor-column elementor-col-100 elementor-top-column elementor-element elementor-element-226f32a\" data-id=\"226f32a\" data-element_type=\"column\">\n\t\t\t<div class=\"elementor-widget-wrap elementor-element-populated\">\n\t\t\t\t\t\t<div class=\"elementor-element elementor-element-19222da elementor-widget elementor-widget-text-editor\" data-id=\"19222da\" data-element_type=\"widget\" data-widget_type=\"text-editor.default\">\n\t\t\t\t\t\t\t\t\t<p><em>Publicada no DOE em <strong><a href=\"https:\/\/www.redelog.rj.gov.br\/redelog\/wp-content\/uploads\/2023\/04\/Resolucao-SEPLAG-no-154-Gerente-e-Apoio-das-Redes.pdf\">22\/08\/2022<\/a>.<\/strong><\/em><\/p><p><em>Alterada pela <strong><a href=\"https:\/\/redelog.rj.gov.br\/redelog\/resolucao-seplag-no-210-de-19-de-abril-de-2023\/\">Resolu\u00e7\u00e3o SEPLAG n\u00ba 210, de 19 de abril de 2023<\/a><\/strong>, publicada no DOE em <a href=\"https:\/\/www.redelog.rj.gov.br\/redelog\/wp-content\/uploads\/2023\/04\/Resolucao-SEPLAG-no-210-Altera-a-Resolucao-SEPLAG-no-154.pdf\"><strong>24\/04\/2023<\/strong><\/a>.<\/em><\/p><p><em>Alterada pela <a href=\"https:\/\/redelog.rj.gov.br\/redelog\/resolucao-seplag-no-229-de-09-de-agosto-de-2023\/\"><strong>Resolu\u00e7\u00e3o SEPLAG n\u00ba 229, de 09 de agosto de 2023<\/strong><\/a>, publicada no DOE em <a href=\"https:\/\/www.redelog.rj.gov.br\/redelog\/wp-content\/uploads\/2023\/08\/Resolucao-SEPLAG-no-229-Altera-a-Resolucao-SEPLAG-no-154.pdf\"><strong>16\/08\/2023<\/strong><\/a>.<\/em><\/p><p><em>Alterada pela <strong><a href=\"https:\/\/redelog.rj.gov.br\/redelog\/resolucao-seplag-no-237-de-25-de-agosto-de-2023\/\">Resolu\u00e7\u00e3o SEPLAG n\u00ba 237, de 25 de agosto de 2023<\/a><\/strong>, publicada no DOE em <a href=\"https:\/\/www.redelog.rj.gov.br\/redelog\/wp-content\/uploads\/2023\/09\/Resolucao-SEPLAG-no-237-Altera-a-Resolucao-SEPLAG-no-154.pdf\"><strong>04\/09\/2023<\/strong><\/a>.<br \/><\/em><\/p><p><em>Alterada pela <strong><a href=\"https:\/\/redelog.rj.gov.br\/redelog\/resolucao-seplag-no-403-de-22-de-outubro-de-2025\/\">Resolu\u00e7\u00e3o SEPLAG n\u00ba 403, de 22 de outubro de 2025<\/a><\/strong>, publicada no DOE em <strong><a href=\"http:\/\/redelog.rj.gov.br\/redelog\/wp-content\/uploads\/2025\/11\/Resolucao-SEPLAG-no-403-Altera-a-Resolucao-SEPLAG-no-154.pdf\">06\/11\/2025<\/a><\/strong>.<\/em><\/p>\t\t\t\t\t\t\t\t<\/div>\n\t\t\t\t\t<\/div>\n\t\t<\/div>\n\t\t\t\t\t<\/div>\n\t\t<\/section>\n\t\t\t\t<section class=\"elementor-section elementor-top-section elementor-element elementor-element-46351a7 elementor-section-boxed elementor-section-height-default elementor-section-height-default\" data-id=\"46351a7\" data-element_type=\"section\" data-settings=\"{&quot;jet_parallax_layout_list&quot;:[{&quot;jet_parallax_layout_image&quot;:{&quot;url&quot;:&quot;&quot;,&quot;id&quot;:&quot;&quot;,&quot;size&quot;:&quot;&quot;},&quot;_id&quot;:&quot;ab030fc&quot;,&quot;jet_parallax_layout_image_tablet&quot;:{&quot;url&quot;:&quot;&quot;,&quot;id&quot;:&quot;&quot;,&quot;size&quot;:&quot;&quot;},&quot;jet_parallax_layout_image_mobile&quot;:{&quot;url&quot;:&quot;&quot;,&quot;id&quot;:&quot;&quot;,&quot;size&quot;:&quot;&quot;},&quot;jet_parallax_layout_speed&quot;:{&quot;unit&quot;:&quot;%&quot;,&quot;size&quot;:50,&quot;sizes&quot;:[]},&quot;jet_parallax_layout_type&quot;:&quot;scroll&quot;,&quot;jet_parallax_layout_direction&quot;:&quot;1&quot;,&quot;jet_parallax_layout_fx_direction&quot;:null,&quot;jet_parallax_layout_z_index&quot;:&quot;&quot;,&quot;jet_parallax_layout_bg_x&quot;:50,&quot;jet_parallax_layout_bg_x_tablet&quot;:&quot;&quot;,&quot;jet_parallax_layout_bg_x_mobile&quot;:&quot;&quot;,&quot;jet_parallax_layout_bg_y&quot;:50,&quot;jet_parallax_layout_bg_y_tablet&quot;:&quot;&quot;,&quot;jet_parallax_layout_bg_y_mobile&quot;:&quot;&quot;,&quot;jet_parallax_layout_bg_size&quot;:&quot;auto&quot;,&quot;jet_parallax_layout_bg_size_tablet&quot;:&quot;&quot;,&quot;jet_parallax_layout_bg_size_mobile&quot;:&quot;&quot;,&quot;jet_parallax_layout_animation_prop&quot;:&quot;transform&quot;,&quot;jet_parallax_layout_on&quot;:[&quot;desktop&quot;,&quot;tablet&quot;]}]}\">\n\t\t\t\t\t\t<div class=\"elementor-container elementor-column-gap-default\">\n\t\t\t\t\t<div class=\"elementor-column elementor-col-100 elementor-top-column elementor-element elementor-element-48969c2\" data-id=\"48969c2\" data-element_type=\"column\">\n\t\t\t<div class=\"elementor-widget-wrap elementor-element-populated\">\n\t\t\t\t\t\t<div class=\"elementor-element elementor-element-28d2426 elementor-widget-divider--view-line elementor-widget elementor-widget-divider\" data-id=\"28d2426\" data-element_type=\"widget\" data-widget_type=\"divider.default\">\n\t\t\t\t\t\t\t<div class=\"elementor-divider\">\n\t\t\t<span class=\"elementor-divider-separator\">\n\t\t\t\t\t\t<\/span>\n\t\t<\/div>\n\t\t\t\t\t\t<\/div>\n\t\t\t\t\t<\/div>\n\t\t<\/div>\n\t\t\t\t\t<\/div>\n\t\t<\/section>\n\t\t\t\t<section class=\"elementor-section elementor-top-section elementor-element elementor-element-b455592 elementor-section-boxed elementor-section-height-default elementor-section-height-default\" data-id=\"b455592\" data-element_type=\"section\" id=\"options\" data-settings=\"{&quot;jet_parallax_layout_list&quot;:[{&quot;jet_parallax_layout_image&quot;:{&quot;url&quot;:&quot;&quot;,&quot;id&quot;:&quot;&quot;,&quot;size&quot;:&quot;&quot;},&quot;_id&quot;:&quot;19d7213&quot;,&quot;jet_parallax_layout_image_tablet&quot;:{&quot;url&quot;:&quot;&quot;,&quot;id&quot;:&quot;&quot;,&quot;size&quot;:&quot;&quot;},&quot;jet_parallax_layout_image_mobile&quot;:{&quot;url&quot;:&quot;&quot;,&quot;id&quot;:&quot;&quot;,&quot;size&quot;:&quot;&quot;},&quot;jet_parallax_layout_speed&quot;:{&quot;unit&quot;:&quot;%&quot;,&quot;size&quot;:50,&quot;sizes&quot;:[]},&quot;jet_parallax_layout_type&quot;:&quot;scroll&quot;,&quot;jet_parallax_layout_direction&quot;:&quot;1&quot;,&quot;jet_parallax_layout_fx_direction&quot;:null,&quot;jet_parallax_layout_z_index&quot;:&quot;&quot;,&quot;jet_parallax_layout_bg_x&quot;:50,&quot;jet_parallax_layout_bg_x_tablet&quot;:&quot;&quot;,&quot;jet_parallax_layout_bg_x_mobile&quot;:&quot;&quot;,&quot;jet_parallax_layout_bg_y&quot;:50,&quot;jet_parallax_layout_bg_y_tablet&quot;:&quot;&quot;,&quot;jet_parallax_layout_bg_y_mobile&quot;:&quot;&quot;,&quot;jet_parallax_layout_bg_size&quot;:&quot;auto&quot;,&quot;jet_parallax_layout_bg_size_tablet&quot;:&quot;&quot;,&quot;jet_parallax_layout_bg_size_mobile&quot;:&quot;&quot;,&quot;jet_parallax_layout_animation_prop&quot;:&quot;transform&quot;,&quot;jet_parallax_layout_on&quot;:[&quot;desktop&quot;,&quot;tablet&quot;]}]}\">\n\t\t\t\t\t\t<div class=\"elementor-container elementor-column-gap-default\">\n\t\t\t\t\t<div class=\"elementor-column elementor-col-100 elementor-top-column elementor-element elementor-element-aea6bd6\" data-id=\"aea6bd6\" data-element_type=\"column\">\n\t\t\t<div class=\"elementor-widget-wrap elementor-element-populated\">\n\t\t\t\t\t\t<div class=\"elementor-element elementor-element-c61f07b elementor-widget elementor-widget-shortcode\" data-id=\"c61f07b\" data-element_type=\"widget\" data-widget_type=\"shortcode.default\">\n\t\t\t\t\t\t\t<div class=\"elementor-shortcode\"><div class='printomatic pom-default ' id='id7732' alt='Imprimir' title='Imprimir' data-print_target='#post-23818'><\/div> <div class='printomatictext' id='id7732' alt='Imprimir' title='Imprimir' data-print_target='#post-23818'>Imprimir<\/div><div style='clear: both;'><\/div><\/div>\n\t\t\t\t\t\t<\/div>\n\t\t\t\t<section class=\"elementor-section elementor-inner-section elementor-element elementor-element-dcc12e8 elementor-section-boxed elementor-section-height-default elementor-section-height-default\" data-id=\"dcc12e8\" data-element_type=\"section\" data-settings=\"{&quot;jet_parallax_layout_list&quot;:[{&quot;jet_parallax_layout_image&quot;:{&quot;url&quot;:&quot;&quot;,&quot;id&quot;:&quot;&quot;,&quot;size&quot;:&quot;&quot;},&quot;_id&quot;:&quot;ccec7d1&quot;,&quot;jet_parallax_layout_image_tablet&quot;:{&quot;url&quot;:&quot;&quot;,&quot;id&quot;:&quot;&quot;,&quot;size&quot;:&quot;&quot;},&quot;jet_parallax_layout_image_mobile&quot;:{&quot;url&quot;:&quot;&quot;,&quot;id&quot;:&quot;&quot;,&quot;size&quot;:&quot;&quot;},&quot;jet_parallax_layout_speed&quot;:{&quot;unit&quot;:&quot;%&quot;,&quot;size&quot;:50,&quot;sizes&quot;:[]},&quot;jet_parallax_layout_type&quot;:&quot;scroll&quot;,&quot;jet_parallax_layout_direction&quot;:&quot;1&quot;,&quot;jet_parallax_layout_fx_direction&quot;:null,&quot;jet_parallax_layout_z_index&quot;:&quot;&quot;,&quot;jet_parallax_layout_bg_x&quot;:50,&quot;jet_parallax_layout_bg_x_tablet&quot;:&quot;&quot;,&quot;jet_parallax_layout_bg_x_mobile&quot;:&quot;&quot;,&quot;jet_parallax_layout_bg_y&quot;:50,&quot;jet_parallax_layout_bg_y_tablet&quot;:&quot;&quot;,&quot;jet_parallax_layout_bg_y_mobile&quot;:&quot;&quot;,&quot;jet_parallax_layout_bg_size&quot;:&quot;auto&quot;,&quot;jet_parallax_layout_bg_size_tablet&quot;:&quot;&quot;,&quot;jet_parallax_layout_bg_size_mobile&quot;:&quot;&quot;,&quot;jet_parallax_layout_animation_prop&quot;:&quot;transform&quot;,&quot;jet_parallax_layout_on&quot;:[&quot;desktop&quot;,&quot;tablet&quot;]}]}\">\n\t\t\t\t\t\t<div class=\"elementor-container elementor-column-gap-default\">\n\t\t\t\t\t<div class=\"elementor-column elementor-col-50 elementor-inner-column elementor-element elementor-element-d4adb2f\" data-id=\"d4adb2f\" data-element_type=\"column\">\n\t\t\t<div class=\"elementor-widget-wrap elementor-element-populated\">\n\t\t\t\t\t\t<div class=\"elementor-element elementor-element-f88527e elementor-widget elementor-widget-text-editor\" data-id=\"f88527e\" data-element_type=\"widget\" data-widget_type=\"text-editor.default\">\n\t\t\t\t\t\t\t\t\t<p><strong><a href=\"http:\/\/redelog.rj.gov.br\/redelog\/legislacao-licitacoes\/\">\u2190 Voltar &#8211; Licita\u00e7\u00f5es<\/a><\/strong><\/p>\t\t\t\t\t\t\t\t<\/div>\n\t\t\t\t\t<\/div>\n\t\t<\/div>\n\t\t\t\t<div class=\"elementor-column elementor-col-50 elementor-inner-column elementor-element elementor-element-a0c62b1\" data-id=\"a0c62b1\" data-element_type=\"column\">\n\t\t\t<div class=\"elementor-widget-wrap elementor-element-populated\">\n\t\t\t\t\t\t\t<\/div>\n\t\t<\/div>\n\t\t\t\t\t<\/div>\n\t\t<\/section>\n\t\t\t\t\t<\/div>\n\t\t<\/div>\n\t\t\t\t\t<\/div>\n\t\t<\/section>\n\t\t\t\t<section class=\"elementor-section elementor-top-section elementor-element elementor-element-fd03f9e elementor-section-boxed elementor-section-height-default elementor-section-height-default\" data-id=\"fd03f9e\" data-element_type=\"section\" data-settings=\"{&quot;jet_parallax_layout_list&quot;:[{&quot;jet_parallax_layout_image&quot;:{&quot;url&quot;:&quot;&quot;,&quot;id&quot;:&quot;&quot;,&quot;size&quot;:&quot;&quot;},&quot;_id&quot;:&quot;22a0abb&quot;,&quot;jet_parallax_layout_image_tablet&quot;:{&quot;url&quot;:&quot;&quot;,&quot;id&quot;:&quot;&quot;,&quot;size&quot;:&quot;&quot;},&quot;jet_parallax_layout_image_mobile&quot;:{&quot;url&quot;:&quot;&quot;,&quot;id&quot;:&quot;&quot;,&quot;size&quot;:&quot;&quot;},&quot;jet_parallax_layout_speed&quot;:{&quot;unit&quot;:&quot;%&quot;,&quot;size&quot;:50,&quot;sizes&quot;:[]},&quot;jet_parallax_layout_type&quot;:&quot;scroll&quot;,&quot;jet_parallax_layout_direction&quot;:&quot;1&quot;,&quot;jet_parallax_layout_fx_direction&quot;:null,&quot;jet_parallax_layout_z_index&quot;:&quot;&quot;,&quot;jet_parallax_layout_bg_x&quot;:50,&quot;jet_parallax_layout_bg_x_tablet&quot;:&quot;&quot;,&quot;jet_parallax_layout_bg_x_mobile&quot;:&quot;&quot;,&quot;jet_parallax_layout_bg_y&quot;:50,&quot;jet_parallax_layout_bg_y_tablet&quot;:&quot;&quot;,&quot;jet_parallax_layout_bg_y_mobile&quot;:&quot;&quot;,&quot;jet_parallax_layout_bg_size&quot;:&quot;auto&quot;,&quot;jet_parallax_layout_bg_size_tablet&quot;:&quot;&quot;,&quot;jet_parallax_layout_bg_size_mobile&quot;:&quot;&quot;,&quot;jet_parallax_layout_animation_prop&quot;:&quot;transform&quot;,&quot;jet_parallax_layout_on&quot;:[&quot;desktop&quot;,&quot;tablet&quot;]}]}\">\n\t\t\t\t\t\t<div class=\"elementor-container elementor-column-gap-default\">\n\t\t\t\t\t<div class=\"elementor-column elementor-col-100 elementor-top-column elementor-element elementor-element-686a8eb\" data-id=\"686a8eb\" data-element_type=\"column\">\n\t\t\t<div class=\"elementor-widget-wrap elementor-element-populated\">\n\t\t\t\t\t\t<div class=\"elementor-element elementor-element-ecf83af elementor-widget elementor-widget-html\" data-id=\"ecf83af\" data-element_type=\"widget\" data-widget_type=\"html.default\">\n\t\t\t\t\t<style>\n    h2, .h2-style{\n        font-size: 28px;\n    }\n<\/style>\t\t\t\t<\/div>\n\t\t\t\t\t<\/div>\n\t\t<\/div>\n\t\t\t\t\t<\/div>\n\t\t<\/section>\n\t\t\t\t<\/div>\n\t\t","protected":false},"excerpt":{"rendered":"<p>DESIGNA SERVIDORES PARA O EXERC\u00cdCIO DAS FUN\u00c7\u00d5ES DE GERENTE E APOIO DAS REDES DO PODER EXECUTIVO DO ESTADO DO RIO DE JANEIRO. O SECRET\u00c1RIO DE ESTADO DE PLANEJAMENTO E GEST\u00c3O, no uso de suas atribui\u00e7\u00f5es, tendo em vista o que consta do Processo n\u00ba SEI-120001\/007792\/2022. CONSIDERANDO: &#8211; o disposto no art. 8\u00ba do Decreto Estadual [&hellip;]<\/p>\n","protected":false},"author":19,"featured_media":0,"comment_status":"closed","ping_status":"open","sticky":false,"template":"","format":"standard","meta":{"_joinchat":[],"footnotes":""},"categories":[23],"tags":[],"class_list":["post-23818","post","type-post","status-publish","format-standard","hentry","category-cat-legislacao"],"yoast_head":"<!-- This site is optimized with the Yoast SEO plugin v25.7 - https:\/\/yoast.com\/wordpress\/plugins\/seo\/ -->\n<title>RESOLU\u00c7\u00c3O SEPLAG N\u00ba 154, DE 18 DE AGOSTO DE 2022 - Redelog<\/title>\n<meta name=\"robots\" content=\"index, follow, max-snippet:-1, max-image-preview:large, max-video-preview:-1\" \/>\n<link rel=\"canonical\" href=\"https:\/\/redelog.rj.gov.br\/redelog\/resolucao-seplag-no-154-de-18-de-agosto-de-2022\/\" \/>\n<meta property=\"og:locale\" content=\"pt_BR\" \/>\n<meta property=\"og:type\" content=\"article\" \/>\n<meta property=\"og:title\" content=\"RESOLU\u00c7\u00c3O SEPLAG N\u00ba 154, DE 18 DE AGOSTO DE 2022 - Redelog\" \/>\n<meta property=\"og:description\" content=\"DESIGNA SERVIDORES PARA O EXERC\u00cdCIO DAS FUN\u00c7\u00d5ES DE GERENTE E APOIO DAS REDES DO PODER EXECUTIVO DO ESTADO DO RIO DE JANEIRO. O SECRET\u00c1RIO DE ESTADO DE PLANEJAMENTO E GEST\u00c3O, no uso de suas atribui\u00e7\u00f5es, tendo em vista o que consta do Processo n\u00ba SEI-120001\/007792\/2022. CONSIDERANDO: &#8211; o disposto no art. 8\u00ba do Decreto Estadual [&hellip;]\" \/>\n<meta property=\"og:url\" content=\"https:\/\/redelog.rj.gov.br\/redelog\/resolucao-seplag-no-154-de-18-de-agosto-de-2022\/\" \/>\n<meta property=\"og:site_name\" content=\"Redelog\" \/>\n<meta property=\"article:published_time\" content=\"2023-04-25T14:34:29+00:00\" \/>\n<meta property=\"article:modified_time\" content=\"2025-11-06T17:35:57+00:00\" \/>\n<meta name=\"author\" content=\"Juliane Paz Vieira Lima\" \/>\n<meta name=\"twitter:card\" content=\"summary_large_image\" \/>\n<meta name=\"twitter:label1\" content=\"Escrito por\" \/>\n\t<meta name=\"twitter:data1\" content=\"Juliane Paz Vieira Lima\" \/>\n\t<meta name=\"twitter:label2\" content=\"Est. tempo de leitura\" \/>\n\t<meta name=\"twitter:data2\" content=\"5 minutos\" \/>\n<script type=\"application\/ld+json\" class=\"yoast-schema-graph\">{\"@context\":\"https:\/\/schema.org\",\"@graph\":[{\"@type\":\"Article\",\"@id\":\"https:\/\/redelog.rj.gov.br\/redelog\/resolucao-seplag-no-154-de-18-de-agosto-de-2022\/#article\",\"isPartOf\":{\"@id\":\"https:\/\/redelog.rj.gov.br\/redelog\/resolucao-seplag-no-154-de-18-de-agosto-de-2022\/\"},\"author\":{\"name\":\"Juliane Paz Vieira Lima\",\"@id\":\"https:\/\/redelog.rj.gov.br\/redelog\/#\/schema\/person\/a80fe416b9778ee67954a79526756867\"},\"headline\":\"RESOLU\u00c7\u00c3O SEPLAG N\u00ba 154, DE 18 DE AGOSTO DE 2022\",\"datePublished\":\"2023-04-25T14:34:29+00:00\",\"dateModified\":\"2025-11-06T17:35:57+00:00\",\"mainEntityOfPage\":{\"@id\":\"https:\/\/redelog.rj.gov.br\/redelog\/resolucao-seplag-no-154-de-18-de-agosto-de-2022\/\"},\"wordCount\":891,\"publisher\":{\"@id\":\"https:\/\/redelog.rj.gov.br\/redelog\/#organization\"},\"articleSection\":[\"Legisla\u00e7\u00e3o\"],\"inLanguage\":\"pt-BR\"},{\"@type\":\"WebPage\",\"@id\":\"https:\/\/redelog.rj.gov.br\/redelog\/resolucao-seplag-no-154-de-18-de-agosto-de-2022\/\",\"url\":\"https:\/\/redelog.rj.gov.br\/redelog\/resolucao-seplag-no-154-de-18-de-agosto-de-2022\/\",\"name\":\"RESOLU\u00c7\u00c3O SEPLAG N\u00ba 154, DE 18 DE AGOSTO DE 2022 - Redelog\",\"isPartOf\":{\"@id\":\"https:\/\/redelog.rj.gov.br\/redelog\/#website\"},\"datePublished\":\"2023-04-25T14:34:29+00:00\",\"dateModified\":\"2025-11-06T17:35:57+00:00\",\"breadcrumb\":{\"@id\":\"https:\/\/redelog.rj.gov.br\/redelog\/resolucao-seplag-no-154-de-18-de-agosto-de-2022\/#breadcrumb\"},\"inLanguage\":\"pt-BR\",\"potentialAction\":[{\"@type\":\"ReadAction\",\"target\":[\"https:\/\/redelog.rj.gov.br\/redelog\/resolucao-seplag-no-154-de-18-de-agosto-de-2022\/\"]}]},{\"@type\":\"BreadcrumbList\",\"@id\":\"https:\/\/redelog.rj.gov.br\/redelog\/resolucao-seplag-no-154-de-18-de-agosto-de-2022\/#breadcrumb\",\"itemListElement\":[{\"@type\":\"ListItem\",\"position\":1,\"name\":\"Home\",\"item\":\"https:\/\/redelog.rj.gov.br\/redelog\/\"},{\"@type\":\"ListItem\",\"position\":2,\"name\":\"RESOLU\u00c7\u00c3O SEPLAG N\u00ba 154, DE 18 DE AGOSTO DE 2022\"}]},{\"@type\":\"WebSite\",\"@id\":\"https:\/\/redelog.rj.gov.br\/redelog\/#website\",\"url\":\"https:\/\/redelog.rj.gov.br\/redelog\/\",\"name\":\"Redelog\",\"description\":\"Site da Rede de Log\u00edstica e Planejamento do Estado do Rio de Janeiro\",\"publisher\":{\"@id\":\"https:\/\/redelog.rj.gov.br\/redelog\/#organization\"},\"potentialAction\":[{\"@type\":\"SearchAction\",\"target\":{\"@type\":\"EntryPoint\",\"urlTemplate\":\"https:\/\/redelog.rj.gov.br\/redelog\/?s={search_term_string}\"},\"query-input\":{\"@type\":\"PropertyValueSpecification\",\"valueRequired\":true,\"valueName\":\"search_term_string\"}}],\"inLanguage\":\"pt-BR\"},{\"@type\":\"Organization\",\"@id\":\"https:\/\/redelog.rj.gov.br\/redelog\/#organization\",\"name\":\"REDELOG\",\"url\":\"https:\/\/redelog.rj.gov.br\/redelog\/\",\"logo\":{\"@type\":\"ImageObject\",\"inLanguage\":\"pt-BR\",\"@id\":\"https:\/\/redelog.rj.gov.br\/redelog\/#\/schema\/logo\/image\/\",\"url\":\"http:\/\/10.10.8.100:8888\/redelog\/wp-content\/uploads\/2019\/09\/Redelog2.png\",\"contentUrl\":\"http:\/\/10.10.8.100:8888\/redelog\/wp-content\/uploads\/2019\/09\/Redelog2.png\",\"width\":565,\"height\":155,\"caption\":\"REDELOG\"},\"image\":{\"@id\":\"https:\/\/redelog.rj.gov.br\/redelog\/#\/schema\/logo\/image\/\"}},{\"@type\":\"Person\",\"@id\":\"https:\/\/redelog.rj.gov.br\/redelog\/#\/schema\/person\/a80fe416b9778ee67954a79526756867\",\"name\":\"Juliane Paz Vieira Lima\",\"image\":{\"@type\":\"ImageObject\",\"inLanguage\":\"pt-BR\",\"@id\":\"https:\/\/redelog.rj.gov.br\/redelog\/#\/schema\/person\/image\/\",\"url\":\"https:\/\/secure.gravatar.com\/avatar\/6d81cf8bb20fabd08d236dec1cc7b99d2da26d368e6642dc331f1413653da0a6?s=96&d=mm&r=g\",\"contentUrl\":\"https:\/\/secure.gravatar.com\/avatar\/6d81cf8bb20fabd08d236dec1cc7b99d2da26d368e6642dc331f1413653da0a6?s=96&d=mm&r=g\",\"caption\":\"Juliane Paz Vieira Lima\"},\"url\":\"https:\/\/redelog.rj.gov.br\/redelog\/author\/julianepaz\/\"}]}<\/script>\n<!-- \/ Yoast SEO plugin. -->","yoast_head_json":{"title":"RESOLU\u00c7\u00c3O SEPLAG N\u00ba 154, DE 18 DE AGOSTO DE 2022 - Redelog","robots":{"index":"index","follow":"follow","max-snippet":"max-snippet:-1","max-image-preview":"max-image-preview:large","max-video-preview":"max-video-preview:-1"},"canonical":"https:\/\/redelog.rj.gov.br\/redelog\/resolucao-seplag-no-154-de-18-de-agosto-de-2022\/","og_locale":"pt_BR","og_type":"article","og_title":"RESOLU\u00c7\u00c3O SEPLAG N\u00ba 154, DE 18 DE AGOSTO DE 2022 - Redelog","og_description":"DESIGNA SERVIDORES PARA O EXERC\u00cdCIO DAS FUN\u00c7\u00d5ES DE GERENTE E APOIO DAS REDES DO PODER EXECUTIVO DO ESTADO DO RIO DE JANEIRO. O SECRET\u00c1RIO DE ESTADO DE PLANEJAMENTO E GEST\u00c3O, no uso de suas atribui\u00e7\u00f5es, tendo em vista o que consta do Processo n\u00ba SEI-120001\/007792\/2022. CONSIDERANDO: &#8211; o disposto no art. 8\u00ba do Decreto Estadual [&hellip;]","og_url":"https:\/\/redelog.rj.gov.br\/redelog\/resolucao-seplag-no-154-de-18-de-agosto-de-2022\/","og_site_name":"Redelog","article_published_time":"2023-04-25T14:34:29+00:00","article_modified_time":"2025-11-06T17:35:57+00:00","author":"Juliane Paz Vieira Lima","twitter_card":"summary_large_image","twitter_misc":{"Escrito por":"Juliane Paz Vieira Lima","Est. tempo de leitura":"5 minutos"},"schema":{"@context":"https:\/\/schema.org","@graph":[{"@type":"Article","@id":"https:\/\/redelog.rj.gov.br\/redelog\/resolucao-seplag-no-154-de-18-de-agosto-de-2022\/#article","isPartOf":{"@id":"https:\/\/redelog.rj.gov.br\/redelog\/resolucao-seplag-no-154-de-18-de-agosto-de-2022\/"},"author":{"name":"Juliane Paz Vieira Lima","@id":"https:\/\/redelog.rj.gov.br\/redelog\/#\/schema\/person\/a80fe416b9778ee67954a79526756867"},"headline":"RESOLU\u00c7\u00c3O SEPLAG N\u00ba 154, DE 18 DE AGOSTO DE 2022","datePublished":"2023-04-25T14:34:29+00:00","dateModified":"2025-11-06T17:35:57+00:00","mainEntityOfPage":{"@id":"https:\/\/redelog.rj.gov.br\/redelog\/resolucao-seplag-no-154-de-18-de-agosto-de-2022\/"},"wordCount":891,"publisher":{"@id":"https:\/\/redelog.rj.gov.br\/redelog\/#organization"},"articleSection":["Legisla\u00e7\u00e3o"],"inLanguage":"pt-BR"},{"@type":"WebPage","@id":"https:\/\/redelog.rj.gov.br\/redelog\/resolucao-seplag-no-154-de-18-de-agosto-de-2022\/","url":"https:\/\/redelog.rj.gov.br\/redelog\/resolucao-seplag-no-154-de-18-de-agosto-de-2022\/","name":"RESOLU\u00c7\u00c3O SEPLAG N\u00ba 154, DE 18 DE AGOSTO DE 2022 - Redelog","isPartOf":{"@id":"https:\/\/redelog.rj.gov.br\/redelog\/#website"},"datePublished":"2023-04-25T14:34:29+00:00","dateModified":"2025-11-06T17:35:57+00:00","breadcrumb":{"@id":"https:\/\/redelog.rj.gov.br\/redelog\/resolucao-seplag-no-154-de-18-de-agosto-de-2022\/#breadcrumb"},"inLanguage":"pt-BR","potentialAction":[{"@type":"ReadAction","target":["https:\/\/redelog.rj.gov.br\/redelog\/resolucao-seplag-no-154-de-18-de-agosto-de-2022\/"]}]},{"@type":"BreadcrumbList","@id":"https:\/\/redelog.rj.gov.br\/redelog\/resolucao-seplag-no-154-de-18-de-agosto-de-2022\/#breadcrumb","itemListElement":[{"@type":"ListItem","position":1,"name":"Home","item":"https:\/\/redelog.rj.gov.br\/redelog\/"},{"@type":"ListItem","position":2,"name":"RESOLU\u00c7\u00c3O SEPLAG N\u00ba 154, DE 18 DE AGOSTO DE 2022"}]},{"@type":"WebSite","@id":"https:\/\/redelog.rj.gov.br\/redelog\/#website","url":"https:\/\/redelog.rj.gov.br\/redelog\/","name":"Redelog","description":"Site da Rede de Log\u00edstica e Planejamento do Estado do Rio de Janeiro","publisher":{"@id":"https:\/\/redelog.rj.gov.br\/redelog\/#organization"},"potentialAction":[{"@type":"SearchAction","target":{"@type":"EntryPoint","urlTemplate":"https:\/\/redelog.rj.gov.br\/redelog\/?s={search_term_string}"},"query-input":{"@type":"PropertyValueSpecification","valueRequired":true,"valueName":"search_term_string"}}],"inLanguage":"pt-BR"},{"@type":"Organization","@id":"https:\/\/redelog.rj.gov.br\/redelog\/#organization","name":"REDELOG","url":"https:\/\/redelog.rj.gov.br\/redelog\/","logo":{"@type":"ImageObject","inLanguage":"pt-BR","@id":"https:\/\/redelog.rj.gov.br\/redelog\/#\/schema\/logo\/image\/","url":"http:\/\/10.10.8.100:8888\/redelog\/wp-content\/uploads\/2019\/09\/Redelog2.png","contentUrl":"http:\/\/10.10.8.100:8888\/redelog\/wp-content\/uploads\/2019\/09\/Redelog2.png","width":565,"height":155,"caption":"REDELOG"},"image":{"@id":"https:\/\/redelog.rj.gov.br\/redelog\/#\/schema\/logo\/image\/"}},{"@type":"Person","@id":"https:\/\/redelog.rj.gov.br\/redelog\/#\/schema\/person\/a80fe416b9778ee67954a79526756867","name":"Juliane Paz Vieira Lima","image":{"@type":"ImageObject","inLanguage":"pt-BR","@id":"https:\/\/redelog.rj.gov.br\/redelog\/#\/schema\/person\/image\/","url":"https:\/\/secure.gravatar.com\/avatar\/6d81cf8bb20fabd08d236dec1cc7b99d2da26d368e6642dc331f1413653da0a6?s=96&d=mm&r=g","contentUrl":"https:\/\/secure.gravatar.com\/avatar\/6d81cf8bb20fabd08d236dec1cc7b99d2da26d368e6642dc331f1413653da0a6?s=96&d=mm&r=g","caption":"Juliane Paz Vieira Lima"},"url":"https:\/\/redelog.rj.gov.br\/redelog\/author\/julianepaz\/"}]}},"_links":{"self":[{"href":"https:\/\/redelog.rj.gov.br\/redelog\/wp-json\/wp\/v2\/posts\/23818","targetHints":{"allow":["GET"]}}],"collection":[{"href":"https:\/\/redelog.rj.gov.br\/redelog\/wp-json\/wp\/v2\/posts"}],"about":[{"href":"https:\/\/redelog.rj.gov.br\/redelog\/wp-json\/wp\/v2\/types\/post"}],"author":[{"embeddable":true,"href":"https:\/\/redelog.rj.gov.br\/redelog\/wp-json\/wp\/v2\/users\/19"}],"replies":[{"embeddable":true,"href":"https:\/\/redelog.rj.gov.br\/redelog\/wp-json\/wp\/v2\/comments?post=23818"}],"version-history":[{"count":33,"href":"https:\/\/redelog.rj.gov.br\/redelog\/wp-json\/wp\/v2\/posts\/23818\/revisions"}],"predecessor-version":[{"id":36151,"href":"https:\/\/redelog.rj.gov.br\/redelog\/wp-json\/wp\/v2\/posts\/23818\/revisions\/36151"}],"wp:attachment":[{"href":"https:\/\/redelog.rj.gov.br\/redelog\/wp-json\/wp\/v2\/media?parent=23818"}],"wp:term":[{"taxonomy":"category","embeddable":true,"href":"https:\/\/redelog.rj.gov.br\/redelog\/wp-json\/wp\/v2\/categories?post=23818"},{"taxonomy":"post_tag","embeddable":true,"href":"https:\/\/redelog.rj.gov.br\/redelog\/wp-json\/wp\/v2\/tags?post=23818"}],"curies":[{"name":"wp","href":"https:\/\/api.w.org\/{rel}","templated":true}]}}