{"id":23326,"date":"2023-03-30T11:35:29","date_gmt":"2023-03-30T14:35:29","guid":{"rendered":"https:\/\/redelog.rj.gov.br\/redelog\/?p=23326"},"modified":"2023-03-30T12:45:56","modified_gmt":"2023-03-30T15:45:56","slug":"informe-no-007-2023-martelinhodeouro2023","status":"publish","type":"post","link":"https:\/\/redelog.rj.gov.br\/redelog\/informe-no-007-2023-martelinhodeouro2023\/","title":{"rendered":"INFORME N\u00ba 007\/2023 &#8211;  Pr\u00eamio 19 de Mar\u00e7o &#8211; Neg\u00f3cios P\u00fablicos"},"content":{"rendered":"\t\t<div data-elementor-type=\"wp-post\" data-elementor-id=\"23326\" class=\"elementor elementor-23326\" data-elementor-post-type=\"post\">\n\t\t\t\t\t\t<section class=\"elementor-section elementor-top-section elementor-element elementor-element-5bbae29 elementor-section-boxed elementor-section-height-default elementor-section-height-default\" data-id=\"5bbae29\" data-element_type=\"section\" data-settings=\"{&quot;jet_parallax_layout_list&quot;:[{&quot;jet_parallax_layout_image&quot;:{&quot;url&quot;:&quot;&quot;,&quot;id&quot;:&quot;&quot;,&quot;size&quot;:&quot;&quot;},&quot;_id&quot;:&quot;362cc74&quot;,&quot;jet_parallax_layout_image_tablet&quot;:{&quot;url&quot;:&quot;&quot;,&quot;id&quot;:&quot;&quot;,&quot;size&quot;:&quot;&quot;},&quot;jet_parallax_layout_image_mobile&quot;:{&quot;url&quot;:&quot;&quot;,&quot;id&quot;:&quot;&quot;,&quot;size&quot;:&quot;&quot;},&quot;jet_parallax_layout_speed&quot;:{&quot;unit&quot;:&quot;%&quot;,&quot;size&quot;:50,&quot;sizes&quot;:[]},&quot;jet_parallax_layout_type&quot;:&quot;scroll&quot;,&quot;jet_parallax_layout_direction&quot;:&quot;1&quot;,&quot;jet_parallax_layout_fx_direction&quot;:null,&quot;jet_parallax_layout_z_index&quot;:&quot;&quot;,&quot;jet_parallax_layout_bg_x&quot;:50,&quot;jet_parallax_layout_bg_x_tablet&quot;:&quot;&quot;,&quot;jet_parallax_layout_bg_x_mobile&quot;:&quot;&quot;,&quot;jet_parallax_layout_bg_y&quot;:50,&quot;jet_parallax_layout_bg_y_tablet&quot;:&quot;&quot;,&quot;jet_parallax_layout_bg_y_mobile&quot;:&quot;&quot;,&quot;jet_parallax_layout_bg_size&quot;:&quot;auto&quot;,&quot;jet_parallax_layout_bg_size_tablet&quot;:&quot;&quot;,&quot;jet_parallax_layout_bg_size_mobile&quot;:&quot;&quot;,&quot;jet_parallax_layout_animation_prop&quot;:&quot;transform&quot;,&quot;jet_parallax_layout_on&quot;:[&quot;desktop&quot;,&quot;tablet&quot;]}]}\">\n\t\t\t\t\t\t<div class=\"elementor-container elementor-column-gap-default\">\n\t\t\t\t\t<div class=\"elementor-column elementor-col-100 elementor-top-column elementor-element elementor-element-deebce0\" data-id=\"deebce0\" data-element_type=\"column\">\n\t\t\t<div class=\"elementor-widget-wrap elementor-element-populated\">\n\t\t\t\t\t\t<div class=\"elementor-element elementor-element-10a0782 elementor-widget-divider--view-line elementor-widget elementor-widget-divider\" data-id=\"10a0782\" data-element_type=\"widget\" data-widget_type=\"divider.default\">\n\t\t\t\t\t\t\t<div class=\"elementor-divider\">\n\t\t\t<span class=\"elementor-divider-separator\">\n\t\t\t\t\t\t<\/span>\n\t\t<\/div>\n\t\t\t\t\t\t<\/div>\n\t\t\t\t<div class=\"elementor-element elementor-element-2fd3395 elementor-widget elementor-widget-text-editor\" data-id=\"2fd3395\" data-element_type=\"widget\" data-widget_type=\"text-editor.default\">\n\t\t\t\t\t\t\t\t\t<p>A Secretaria de Estado de Planejamento e Gest\u00e3o (Seplag) venceu as duas categorias em que concorria do XVII Pr\u00eamio 19 de Mar\u00e7o \u2013 Martelinho de Ouro. As premia\u00e7\u00f5es foram para \u2018Inova\u00e7\u00e3o\u2019 \u2013 Gest\u00e3o de Compras por meio do Almoxarifado Virtual \u2013 e \u2018Preg\u00e3o\u2019 \u2013 Programa de Educa\u00e7\u00e3o Continuada no Estado do Rio de Janeiro.\u00a0<\/p><p>O Pr\u00eamio 19 de Mar\u00e7o \u2013 Martelinho de Ouro \u00e9 nacional e destinado \u00e0s secretarias e \u00f3rg\u00e3os da administra\u00e7\u00e3o p\u00fablica direta e indireta de todas as esferas de poder. No total, foram seis categorias e diversas subcategorias.<\/p><p>A premia\u00e7\u00e3o dos vencedores foi realizada, nesta ter\u00e7a-feira (28\/03), durante o 18\u00ba Congresso Brasileiro de Pregoeiros, que acontece em Foz do Igua\u00e7u, no Paran\u00e1, entre os dias 28 e 31 de mar\u00e7o.<\/p><p>O Pr\u00eamio 19 de Mar\u00e7o \u2013 Martelinho de Ouro foi criado em 2007 e \u00e9 o \u00fanico da categoria a reconhecer\u00a0o trabalho de pregoeiros e profissionais que atuam com licita\u00e7\u00f5es.<\/p><p>o Almoxarifado Virtual \u00e9 um sistema de log\u00edstica de compra e entrega de insumos para o consumo administrativo. A contrata\u00e7\u00e3o do servi\u00e7o inclui 64 \u00f3rg\u00e3os do Estado do Rio de Janeiro, que poder\u00e3o solicitar, de forma simples e r\u00e1pida, suas compras em uma plataforma online.<\/p><p>Al\u00e9m disso, o novo sistema permite a redu\u00e7\u00e3o de aproximadamente R$ 7 milh\u00f5es nos custos das licita\u00e7\u00f5es. Tamb\u00e9m \u00e9 poss\u00edvel diminuir os estoques e otimizar os espa\u00e7os de armazenamento dos produtos, evitando perdas desnecess\u00e1rias.<\/p><p>O programa de educa\u00e7\u00e3o continuada da Secretaria de estado de Planejamento e Gest\u00e3o visa a atender as demandas de capacita\u00e7\u00e3o e qualifica\u00e7\u00e3o dos servidores estaduais acerca das tem\u00e1ticas que comp\u00f5em o ciclo das contrata\u00e7\u00f5es p\u00fablicas. <br \/>Os assuntos abordados permitem que os servidores atuem de maneira mais assertiva e em conformidade com o regramento nacional e estadual aplic\u00e1vel. E, portanto, produz um impacto significativo na autua\u00e7\u00e3o dos processos de contrata\u00e7\u00e3o, na celeridade dos procedimentos, bem como na qualidade dos bens e servi\u00e7os que s\u00e3o adquiridos e contratados. <br \/>No ano de 2022, o programa voltou-se a apresentar cursos e capacita\u00e7\u00f5es que apresentaram aos servidores as novidades da Lei Federal n. 14.133\/2021 e dos novos sistemas de contrata\u00e7\u00f5es que ser\u00e3o utilizados para realizar os futuros processos de contrata\u00e7\u00f5es.<br \/>&#8211; N\u00famero de agentes qualificados: 2.836 Servidores Capacitados.<br \/>A SEPLAG\/RJ realizou 17 (dezessete) Cursos\/Capacita\u00e7\u00f5es de seu Programa durante o exerc\u00edcio de 2022.<\/p><div class=\"addtoany_share_save_container addtoany_content addtoany_content_bottom\"><div class=\"a2a_kit a2a_kit_size_32 addtoany_list\" data-a2a-url=\"http:\/\/intranet.planejamento.rj.gov.br\/intranet\/destaque\/seplag-vence-duas-categorias-do-premio-19-de-marco-martelinho-de-ouro-2023\/\" data-a2a-title=\"Seplag vence duas categorias do Pr\u00eamio 19 de Mar\u00e7o \u2013 Martelinho de Ouro 2023\u00a0\">\u00a0<\/div><\/div>\t\t\t\t\t\t\t\t<\/div>\n\t\t\t\t<div class=\"elementor-element elementor-element-8c2936c elementor-widget-divider--view-line elementor-widget elementor-widget-divider\" data-id=\"8c2936c\" data-element_type=\"widget\" data-widget_type=\"divider.default\">\n\t\t\t\t\t\t\t<div class=\"elementor-divider\">\n\t\t\t<span class=\"elementor-divider-separator\">\n\t\t\t\t\t\t<\/span>\n\t\t<\/div>\n\t\t\t\t\t\t<\/div>\n\t\t\t\t\t<\/div>\n\t\t<\/div>\n\t\t\t\t\t<\/div>\n\t\t<\/section>\n\t\t\t\t<section class=\"elementor-section elementor-top-section elementor-element elementor-element-3af5072 elementor-section-boxed elementor-section-height-default elementor-section-height-default\" data-id=\"3af5072\" data-element_type=\"section\" data-settings=\"{&quot;jet_parallax_layout_list&quot;:[{&quot;jet_parallax_layout_image&quot;:{&quot;url&quot;:&quot;&quot;,&quot;id&quot;:&quot;&quot;,&quot;size&quot;:&quot;&quot;},&quot;_id&quot;:&quot;048baf5&quot;,&quot;jet_parallax_layout_image_tablet&quot;:{&quot;url&quot;:&quot;&quot;,&quot;id&quot;:&quot;&quot;,&quot;size&quot;:&quot;&quot;},&quot;jet_parallax_layout_image_mobile&quot;:{&quot;url&quot;:&quot;&quot;,&quot;id&quot;:&quot;&quot;,&quot;size&quot;:&quot;&quot;},&quot;jet_parallax_layout_speed&quot;:{&quot;unit&quot;:&quot;%&quot;,&quot;size&quot;:50,&quot;sizes&quot;:[]},&quot;jet_parallax_layout_type&quot;:&quot;scroll&quot;,&quot;jet_parallax_layout_direction&quot;:&quot;1&quot;,&quot;jet_parallax_layout_fx_direction&quot;:null,&quot;jet_parallax_layout_z_index&quot;:&quot;&quot;,&quot;jet_parallax_layout_bg_x&quot;:50,&quot;jet_parallax_layout_bg_x_tablet&quot;:&quot;&quot;,&quot;jet_parallax_layout_bg_x_mobile&quot;:&quot;&quot;,&quot;jet_parallax_layout_bg_y&quot;:50,&quot;jet_parallax_layout_bg_y_tablet&quot;:&quot;&quot;,&quot;jet_parallax_layout_bg_y_mobile&quot;:&quot;&quot;,&quot;jet_parallax_layout_bg_size&quot;:&quot;auto&quot;,&quot;jet_parallax_layout_bg_size_tablet&quot;:&quot;&quot;,&quot;jet_parallax_layout_bg_size_mobile&quot;:&quot;&quot;,&quot;jet_parallax_layout_animation_prop&quot;:&quot;transform&quot;,&quot;jet_parallax_layout_on&quot;:[&quot;desktop&quot;,&quot;tablet&quot;]}]}\">\n\t\t\t\t\t\t<div class=\"elementor-container elementor-column-gap-default\">\n\t\t\t\t\t<div class=\"elementor-column elementor-col-100 elementor-top-column elementor-element elementor-element-4a0268e\" data-id=\"4a0268e\" data-element_type=\"column\">\n\t\t\t<div class=\"elementor-widget-wrap elementor-element-populated\">\n\t\t\t\t\t\t<div class=\"elementor-element elementor-element-45eaf01 elementor-align-right elementor-widget elementor-widget-button\" data-id=\"45eaf01\" data-element_type=\"widget\" data-widget_type=\"button.default\">\n\t\t\t\t\t\t\t\t\t\t<a class=\"elementor-button elementor-button-link elementor-size-sm\" href=\"http:\/\/redelog.rj.gov.br\/redelog\/informes\">\n\t\t\t\t\t\t<span class=\"elementor-button-content-wrapper\">\n\t\t\t\t\t\t\t\t\t<span class=\"elementor-button-text\">Todos os Informes<\/span>\n\t\t\t\t\t<\/span>\n\t\t\t\t\t<\/a>\n\t\t\t\t\t\t\t\t<\/div>\n\t\t\t\t\t<\/div>\n\t\t<\/div>\n\t\t\t\t\t<\/div>\n\t\t<\/section>\n\t\t\t\t<\/div>\n\t\t","protected":false},"excerpt":{"rendered":"<p>A Secretaria de Estado de Planejamento e Gest\u00e3o (Seplag) venceu as duas categorias em que concorria do XVII Pr\u00eamio 19 de Mar\u00e7o \u2013 Martelinho de Ouro. As premia\u00e7\u00f5es foram para \u2018Inova\u00e7\u00e3o\u2019 \u2013 Gest\u00e3o de Compras por meio do Almoxarifado Virtual \u2013 e \u2018Preg\u00e3o\u2019 \u2013 Programa de Educa\u00e7\u00e3o Continuada no Estado do Rio de Janeiro.\u00a0 O [&hellip;]<\/p>\n","protected":false},"author":14,"featured_media":0,"comment_status":"closed","ping_status":"open","sticky":false,"template":"","format":"standard","meta":{"_joinchat":[],"footnotes":""},"categories":[25,34,33,38],"tags":[],"class_list":["post-23326","post","type-post","status-publish","format-standard","hentry","category-cat-capacitacao","category-cat-cursos-abertos","category-cat-cursos-internos","category-cat-informes"],"yoast_head":"<!-- This site is optimized with the Yoast SEO plugin v25.7 - https:\/\/yoast.com\/wordpress\/plugins\/seo\/ -->\n<title>INFORME N\u00ba 007\/2023 - Pr\u00eamio 19 de Mar\u00e7o - Neg\u00f3cios P\u00fablicos - Redelog<\/title>\n<meta name=\"robots\" content=\"index, follow, max-snippet:-1, max-image-preview:large, max-video-preview:-1\" \/>\n<link rel=\"canonical\" href=\"https:\/\/redelog.rj.gov.br\/redelog\/informe-no-007-2023-martelinhodeouro2023\/\" \/>\n<meta property=\"og:locale\" content=\"pt_BR\" \/>\n<meta property=\"og:type\" content=\"article\" \/>\n<meta property=\"og:title\" content=\"INFORME N\u00ba 007\/2023 - Pr\u00eamio 19 de Mar\u00e7o - Neg\u00f3cios P\u00fablicos - Redelog\" \/>\n<meta property=\"og:description\" content=\"A Secretaria de Estado de Planejamento e Gest\u00e3o (Seplag) venceu as duas categorias em que concorria do XVII Pr\u00eamio 19 de Mar\u00e7o \u2013 Martelinho de Ouro. As premia\u00e7\u00f5es foram para \u2018Inova\u00e7\u00e3o\u2019 \u2013 Gest\u00e3o de Compras por meio do Almoxarifado Virtual \u2013 e \u2018Preg\u00e3o\u2019 \u2013 Programa de Educa\u00e7\u00e3o Continuada no Estado do Rio de Janeiro.\u00a0 O [&hellip;]\" \/>\n<meta property=\"og:url\" content=\"https:\/\/redelog.rj.gov.br\/redelog\/informe-no-007-2023-martelinhodeouro2023\/\" \/>\n<meta property=\"og:site_name\" content=\"Redelog\" \/>\n<meta property=\"article:published_time\" content=\"2023-03-30T14:35:29+00:00\" \/>\n<meta property=\"article:modified_time\" content=\"2023-03-30T15:45:56+00:00\" \/>\n<meta name=\"author\" content=\"Tatiana Pinheiro\" \/>\n<meta name=\"twitter:card\" content=\"summary_large_image\" \/>\n<meta name=\"twitter:label1\" content=\"Escrito por\" \/>\n\t<meta name=\"twitter:data1\" content=\"Tatiana Pinheiro\" \/>\n\t<meta name=\"twitter:label2\" content=\"Est. tempo de leitura\" \/>\n\t<meta name=\"twitter:data2\" content=\"2 minutos\" \/>\n<script type=\"application\/ld+json\" class=\"yoast-schema-graph\">{\"@context\":\"https:\/\/schema.org\",\"@graph\":[{\"@type\":\"Article\",\"@id\":\"https:\/\/redelog.rj.gov.br\/redelog\/informe-no-007-2023-martelinhodeouro2023\/#article\",\"isPartOf\":{\"@id\":\"https:\/\/redelog.rj.gov.br\/redelog\/informe-no-007-2023-martelinhodeouro2023\/\"},\"author\":{\"name\":\"Tatiana Pinheiro\",\"@id\":\"https:\/\/redelog.rj.gov.br\/redelog\/#\/schema\/person\/2952ad9ab303db67bd76de678be9db42\"},\"headline\":\"INFORME N\u00ba 007\/2023 &#8211; Pr\u00eamio 19 de Mar\u00e7o &#8211; Neg\u00f3cios P\u00fablicos\",\"datePublished\":\"2023-03-30T14:35:29+00:00\",\"dateModified\":\"2023-03-30T15:45:56+00:00\",\"mainEntityOfPage\":{\"@id\":\"https:\/\/redelog.rj.gov.br\/redelog\/informe-no-007-2023-martelinhodeouro2023\/\"},\"wordCount\":427,\"publisher\":{\"@id\":\"https:\/\/redelog.rj.gov.br\/redelog\/#organization\"},\"articleSection\":[\"Capacita\u00e7\u00e3o\",\"Cursos Abertos\",\"Cursos Internos\",\"Informes\"],\"inLanguage\":\"pt-BR\"},{\"@type\":\"WebPage\",\"@id\":\"https:\/\/redelog.rj.gov.br\/redelog\/informe-no-007-2023-martelinhodeouro2023\/\",\"url\":\"https:\/\/redelog.rj.gov.br\/redelog\/informe-no-007-2023-martelinhodeouro2023\/\",\"name\":\"INFORME N\u00ba 007\/2023 - Pr\u00eamio 19 de Mar\u00e7o - Neg\u00f3cios P\u00fablicos - Redelog\",\"isPartOf\":{\"@id\":\"https:\/\/redelog.rj.gov.br\/redelog\/#website\"},\"datePublished\":\"2023-03-30T14:35:29+00:00\",\"dateModified\":\"2023-03-30T15:45:56+00:00\",\"breadcrumb\":{\"@id\":\"https:\/\/redelog.rj.gov.br\/redelog\/informe-no-007-2023-martelinhodeouro2023\/#breadcrumb\"},\"inLanguage\":\"pt-BR\",\"potentialAction\":[{\"@type\":\"ReadAction\",\"target\":[\"https:\/\/redelog.rj.gov.br\/redelog\/informe-no-007-2023-martelinhodeouro2023\/\"]}]},{\"@type\":\"BreadcrumbList\",\"@id\":\"https:\/\/redelog.rj.gov.br\/redelog\/informe-no-007-2023-martelinhodeouro2023\/#breadcrumb\",\"itemListElement\":[{\"@type\":\"ListItem\",\"position\":1,\"name\":\"Home\",\"item\":\"https:\/\/redelog.rj.gov.br\/redelog\/\"},{\"@type\":\"ListItem\",\"position\":2,\"name\":\"INFORME N\u00ba 007\/2023 &#8211; Pr\u00eamio 19 de Mar\u00e7o &#8211; Neg\u00f3cios P\u00fablicos\"}]},{\"@type\":\"WebSite\",\"@id\":\"https:\/\/redelog.rj.gov.br\/redelog\/#website\",\"url\":\"https:\/\/redelog.rj.gov.br\/redelog\/\",\"name\":\"Redelog\",\"description\":\"Site da Rede de Log\u00edstica e Planejamento do Estado do Rio de Janeiro\",\"publisher\":{\"@id\":\"https:\/\/redelog.rj.gov.br\/redelog\/#organization\"},\"potentialAction\":[{\"@type\":\"SearchAction\",\"target\":{\"@type\":\"EntryPoint\",\"urlTemplate\":\"https:\/\/redelog.rj.gov.br\/redelog\/?s={search_term_string}\"},\"query-input\":{\"@type\":\"PropertyValueSpecification\",\"valueRequired\":true,\"valueName\":\"search_term_string\"}}],\"inLanguage\":\"pt-BR\"},{\"@type\":\"Organization\",\"@id\":\"https:\/\/redelog.rj.gov.br\/redelog\/#organization\",\"name\":\"REDELOG\",\"url\":\"https:\/\/redelog.rj.gov.br\/redelog\/\",\"logo\":{\"@type\":\"ImageObject\",\"inLanguage\":\"pt-BR\",\"@id\":\"https:\/\/redelog.rj.gov.br\/redelog\/#\/schema\/logo\/image\/\",\"url\":\"http:\/\/10.10.8.100:8888\/redelog\/wp-content\/uploads\/2019\/09\/Redelog2.png\",\"contentUrl\":\"http:\/\/10.10.8.100:8888\/redelog\/wp-content\/uploads\/2019\/09\/Redelog2.png\",\"width\":565,\"height\":155,\"caption\":\"REDELOG\"},\"image\":{\"@id\":\"https:\/\/redelog.rj.gov.br\/redelog\/#\/schema\/logo\/image\/\"}},{\"@type\":\"Person\",\"@id\":\"https:\/\/redelog.rj.gov.br\/redelog\/#\/schema\/person\/2952ad9ab303db67bd76de678be9db42\",\"name\":\"Tatiana Pinheiro\",\"image\":{\"@type\":\"ImageObject\",\"inLanguage\":\"pt-BR\",\"@id\":\"https:\/\/redelog.rj.gov.br\/redelog\/#\/schema\/person\/image\/\",\"url\":\"https:\/\/secure.gravatar.com\/avatar\/bccf0f5f228d8798c6920b7dc4726537abaf85fcaef46a20902903cec6463f12?s=96&d=mm&r=g\",\"contentUrl\":\"https:\/\/secure.gravatar.com\/avatar\/bccf0f5f228d8798c6920b7dc4726537abaf85fcaef46a20902903cec6463f12?s=96&d=mm&r=g\",\"caption\":\"Tatiana Pinheiro\"},\"url\":\"https:\/\/redelog.rj.gov.br\/redelog\/author\/tatiana\/\"}]}<\/script>\n<!-- \/ Yoast SEO plugin. -->","yoast_head_json":{"title":"INFORME N\u00ba 007\/2023 - Pr\u00eamio 19 de Mar\u00e7o - Neg\u00f3cios P\u00fablicos - Redelog","robots":{"index":"index","follow":"follow","max-snippet":"max-snippet:-1","max-image-preview":"max-image-preview:large","max-video-preview":"max-video-preview:-1"},"canonical":"https:\/\/redelog.rj.gov.br\/redelog\/informe-no-007-2023-martelinhodeouro2023\/","og_locale":"pt_BR","og_type":"article","og_title":"INFORME N\u00ba 007\/2023 - Pr\u00eamio 19 de Mar\u00e7o - Neg\u00f3cios P\u00fablicos - Redelog","og_description":"A Secretaria de Estado de Planejamento e Gest\u00e3o (Seplag) venceu as duas categorias em que concorria do XVII Pr\u00eamio 19 de Mar\u00e7o \u2013 Martelinho de Ouro. As premia\u00e7\u00f5es foram para \u2018Inova\u00e7\u00e3o\u2019 \u2013 Gest\u00e3o de Compras por meio do Almoxarifado Virtual \u2013 e \u2018Preg\u00e3o\u2019 \u2013 Programa de Educa\u00e7\u00e3o Continuada no Estado do Rio de Janeiro.\u00a0 O [&hellip;]","og_url":"https:\/\/redelog.rj.gov.br\/redelog\/informe-no-007-2023-martelinhodeouro2023\/","og_site_name":"Redelog","article_published_time":"2023-03-30T14:35:29+00:00","article_modified_time":"2023-03-30T15:45:56+00:00","author":"Tatiana Pinheiro","twitter_card":"summary_large_image","twitter_misc":{"Escrito por":"Tatiana Pinheiro","Est. tempo de leitura":"2 minutos"},"schema":{"@context":"https:\/\/schema.org","@graph":[{"@type":"Article","@id":"https:\/\/redelog.rj.gov.br\/redelog\/informe-no-007-2023-martelinhodeouro2023\/#article","isPartOf":{"@id":"https:\/\/redelog.rj.gov.br\/redelog\/informe-no-007-2023-martelinhodeouro2023\/"},"author":{"name":"Tatiana Pinheiro","@id":"https:\/\/redelog.rj.gov.br\/redelog\/#\/schema\/person\/2952ad9ab303db67bd76de678be9db42"},"headline":"INFORME N\u00ba 007\/2023 &#8211; Pr\u00eamio 19 de Mar\u00e7o &#8211; Neg\u00f3cios P\u00fablicos","datePublished":"2023-03-30T14:35:29+00:00","dateModified":"2023-03-30T15:45:56+00:00","mainEntityOfPage":{"@id":"https:\/\/redelog.rj.gov.br\/redelog\/informe-no-007-2023-martelinhodeouro2023\/"},"wordCount":427,"publisher":{"@id":"https:\/\/redelog.rj.gov.br\/redelog\/#organization"},"articleSection":["Capacita\u00e7\u00e3o","Cursos Abertos","Cursos Internos","Informes"],"inLanguage":"pt-BR"},{"@type":"WebPage","@id":"https:\/\/redelog.rj.gov.br\/redelog\/informe-no-007-2023-martelinhodeouro2023\/","url":"https:\/\/redelog.rj.gov.br\/redelog\/informe-no-007-2023-martelinhodeouro2023\/","name":"INFORME N\u00ba 007\/2023 - Pr\u00eamio 19 de Mar\u00e7o - Neg\u00f3cios P\u00fablicos - Redelog","isPartOf":{"@id":"https:\/\/redelog.rj.gov.br\/redelog\/#website"},"datePublished":"2023-03-30T14:35:29+00:00","dateModified":"2023-03-30T15:45:56+00:00","breadcrumb":{"@id":"https:\/\/redelog.rj.gov.br\/redelog\/informe-no-007-2023-martelinhodeouro2023\/#breadcrumb"},"inLanguage":"pt-BR","potentialAction":[{"@type":"ReadAction","target":["https:\/\/redelog.rj.gov.br\/redelog\/informe-no-007-2023-martelinhodeouro2023\/"]}]},{"@type":"BreadcrumbList","@id":"https:\/\/redelog.rj.gov.br\/redelog\/informe-no-007-2023-martelinhodeouro2023\/#breadcrumb","itemListElement":[{"@type":"ListItem","position":1,"name":"Home","item":"https:\/\/redelog.rj.gov.br\/redelog\/"},{"@type":"ListItem","position":2,"name":"INFORME N\u00ba 007\/2023 &#8211; Pr\u00eamio 19 de Mar\u00e7o &#8211; Neg\u00f3cios P\u00fablicos"}]},{"@type":"WebSite","@id":"https:\/\/redelog.rj.gov.br\/redelog\/#website","url":"https:\/\/redelog.rj.gov.br\/redelog\/","name":"Redelog","description":"Site da Rede de Log\u00edstica e Planejamento do Estado do Rio de Janeiro","publisher":{"@id":"https:\/\/redelog.rj.gov.br\/redelog\/#organization"},"potentialAction":[{"@type":"SearchAction","target":{"@type":"EntryPoint","urlTemplate":"https:\/\/redelog.rj.gov.br\/redelog\/?s={search_term_string}"},"query-input":{"@type":"PropertyValueSpecification","valueRequired":true,"valueName":"search_term_string"}}],"inLanguage":"pt-BR"},{"@type":"Organization","@id":"https:\/\/redelog.rj.gov.br\/redelog\/#organization","name":"REDELOG","url":"https:\/\/redelog.rj.gov.br\/redelog\/","logo":{"@type":"ImageObject","inLanguage":"pt-BR","@id":"https:\/\/redelog.rj.gov.br\/redelog\/#\/schema\/logo\/image\/","url":"http:\/\/10.10.8.100:8888\/redelog\/wp-content\/uploads\/2019\/09\/Redelog2.png","contentUrl":"http:\/\/10.10.8.100:8888\/redelog\/wp-content\/uploads\/2019\/09\/Redelog2.png","width":565,"height":155,"caption":"REDELOG"},"image":{"@id":"https:\/\/redelog.rj.gov.br\/redelog\/#\/schema\/logo\/image\/"}},{"@type":"Person","@id":"https:\/\/redelog.rj.gov.br\/redelog\/#\/schema\/person\/2952ad9ab303db67bd76de678be9db42","name":"Tatiana Pinheiro","image":{"@type":"ImageObject","inLanguage":"pt-BR","@id":"https:\/\/redelog.rj.gov.br\/redelog\/#\/schema\/person\/image\/","url":"https:\/\/secure.gravatar.com\/avatar\/bccf0f5f228d8798c6920b7dc4726537abaf85fcaef46a20902903cec6463f12?s=96&d=mm&r=g","contentUrl":"https:\/\/secure.gravatar.com\/avatar\/bccf0f5f228d8798c6920b7dc4726537abaf85fcaef46a20902903cec6463f12?s=96&d=mm&r=g","caption":"Tatiana Pinheiro"},"url":"https:\/\/redelog.rj.gov.br\/redelog\/author\/tatiana\/"}]}},"_links":{"self":[{"href":"https:\/\/redelog.rj.gov.br\/redelog\/wp-json\/wp\/v2\/posts\/23326","targetHints":{"allow":["GET"]}}],"collection":[{"href":"https:\/\/redelog.rj.gov.br\/redelog\/wp-json\/wp\/v2\/posts"}],"about":[{"href":"https:\/\/redelog.rj.gov.br\/redelog\/wp-json\/wp\/v2\/types\/post"}],"author":[{"embeddable":true,"href":"https:\/\/redelog.rj.gov.br\/redelog\/wp-json\/wp\/v2\/users\/14"}],"replies":[{"embeddable":true,"href":"https:\/\/redelog.rj.gov.br\/redelog\/wp-json\/wp\/v2\/comments?post=23326"}],"version-history":[{"count":11,"href":"https:\/\/redelog.rj.gov.br\/redelog\/wp-json\/wp\/v2\/posts\/23326\/revisions"}],"predecessor-version":[{"id":23378,"href":"https:\/\/redelog.rj.gov.br\/redelog\/wp-json\/wp\/v2\/posts\/23326\/revisions\/23378"}],"wp:attachment":[{"href":"https:\/\/redelog.rj.gov.br\/redelog\/wp-json\/wp\/v2\/media?parent=23326"}],"wp:term":[{"taxonomy":"category","embeddable":true,"href":"https:\/\/redelog.rj.gov.br\/redelog\/wp-json\/wp\/v2\/categories?post=23326"},{"taxonomy":"post_tag","embeddable":true,"href":"https:\/\/redelog.rj.gov.br\/redelog\/wp-json\/wp\/v2\/tags?post=23326"}],"curies":[{"name":"wp","href":"https:\/\/api.w.org\/{rel}","templated":true}]}}