{"id":23097,"date":"2023-03-20T14:51:36","date_gmt":"2023-03-20T17:51:36","guid":{"rendered":"https:\/\/redelog.rj.gov.br\/redelog\/?p=23097"},"modified":"2023-03-20T14:52:55","modified_gmt":"2023-03-20T17:52:55","slug":"informe-no-006-2023-capacita-rj-teresopolis","status":"publish","type":"post","link":"https:\/\/redelog.rj.gov.br\/redelog\/informe-no-006-2023-capacita-rj-teresopolis\/","title":{"rendered":"INFORME N\u00ba 006\/2023 &#8211; CAPACITA RJ TERES\u00d3POLIS"},"content":{"rendered":"\t\t<div data-elementor-type=\"wp-post\" data-elementor-id=\"23097\" class=\"elementor elementor-23097\" data-elementor-post-type=\"post\">\n\t\t\t\t\t\t<section class=\"elementor-section elementor-top-section elementor-element elementor-element-5bbae29 elementor-section-boxed elementor-section-height-default elementor-section-height-default\" data-id=\"5bbae29\" data-element_type=\"section\" data-settings=\"{&quot;jet_parallax_layout_list&quot;:[{&quot;jet_parallax_layout_image&quot;:{&quot;url&quot;:&quot;&quot;,&quot;id&quot;:&quot;&quot;,&quot;size&quot;:&quot;&quot;},&quot;_id&quot;:&quot;362cc74&quot;,&quot;jet_parallax_layout_image_tablet&quot;:{&quot;url&quot;:&quot;&quot;,&quot;id&quot;:&quot;&quot;,&quot;size&quot;:&quot;&quot;},&quot;jet_parallax_layout_image_mobile&quot;:{&quot;url&quot;:&quot;&quot;,&quot;id&quot;:&quot;&quot;,&quot;size&quot;:&quot;&quot;},&quot;jet_parallax_layout_speed&quot;:{&quot;unit&quot;:&quot;%&quot;,&quot;size&quot;:50,&quot;sizes&quot;:[]},&quot;jet_parallax_layout_type&quot;:&quot;scroll&quot;,&quot;jet_parallax_layout_direction&quot;:&quot;1&quot;,&quot;jet_parallax_layout_fx_direction&quot;:null,&quot;jet_parallax_layout_z_index&quot;:&quot;&quot;,&quot;jet_parallax_layout_bg_x&quot;:50,&quot;jet_parallax_layout_bg_x_tablet&quot;:&quot;&quot;,&quot;jet_parallax_layout_bg_x_mobile&quot;:&quot;&quot;,&quot;jet_parallax_layout_bg_y&quot;:50,&quot;jet_parallax_layout_bg_y_tablet&quot;:&quot;&quot;,&quot;jet_parallax_layout_bg_y_mobile&quot;:&quot;&quot;,&quot;jet_parallax_layout_bg_size&quot;:&quot;auto&quot;,&quot;jet_parallax_layout_bg_size_tablet&quot;:&quot;&quot;,&quot;jet_parallax_layout_bg_size_mobile&quot;:&quot;&quot;,&quot;jet_parallax_layout_animation_prop&quot;:&quot;transform&quot;,&quot;jet_parallax_layout_on&quot;:[&quot;desktop&quot;,&quot;tablet&quot;]}]}\">\n\t\t\t\t\t\t<div class=\"elementor-container elementor-column-gap-default\">\n\t\t\t\t\t<div class=\"elementor-column elementor-col-100 elementor-top-column elementor-element elementor-element-deebce0\" data-id=\"deebce0\" data-element_type=\"column\">\n\t\t\t<div class=\"elementor-widget-wrap elementor-element-populated\">\n\t\t\t\t\t\t<div class=\"elementor-element elementor-element-10a0782 elementor-widget-divider--view-line elementor-widget elementor-widget-divider\" data-id=\"10a0782\" data-element_type=\"widget\" data-widget_type=\"divider.default\">\n\t\t\t\t\t\t\t<div class=\"elementor-divider\">\n\t\t\t<span class=\"elementor-divider-separator\">\n\t\t\t\t\t\t<\/span>\n\t\t<\/div>\n\t\t\t\t\t\t<\/div>\n\t\t\t\t<div class=\"elementor-element elementor-element-2fd3395 elementor-widget elementor-widget-text-editor\" data-id=\"2fd3395\" data-element_type=\"widget\" data-widget_type=\"text-editor.default\">\n\t\t\t\t\t\t\t\t\t<p>\u00a0<\/p><p>A Secretaria de Estado de Planejamento e Gest\u00e3o do Rio de Janeiro realizou nos dias 14, 15 e 16 de mar\u00e7o de 2023, em Teres\u00f3polis, a primeira edi\u00e7\u00e3o deste ano do Programa Capacita RJ nos Munic\u00edpios. Tivemos a participa\u00e7\u00e3o de 9 prefeituras, extremamente interessadas com as tem\u00e1ticas apresentadas, que enviaram seus servidores da alta administra\u00e7\u00e3o e gestores de planejamento e compras das setoriais e secretarias final\u00edsticas. Nesta edi\u00e7\u00e3o obtivemos 226 servidores municipais capacitados.<\/p><p>\u00a0<\/p><p>Dentre os munic\u00edpios da regi\u00e3o serrana, foram contempladas nesta edi\u00e7\u00e3o as prefeituras de Teres\u00f3polis, Carmo, Duas Barras, Petr\u00f3polis, Nova Friburgo, Trajano de Moraes, Sumidouro, S\u00e3o Jos\u00e9 do Rio Negro, Cordeiro, Cantagalo, S\u00e3o Sebasti\u00e3o do Alto, Santa Maria Madalena, Macuco, Bom Jardim, Guapimirim e Mag\u00e9.<\/p><p>\u00a0<\/p><p>Durante a jornada de capacita\u00e7\u00e3o, foram abordadas as seguintes tem\u00e1ticas:<\/p><p>\u00a0<\/p><ul><li>Licita\u00e7\u00f5es e Contratos \u2013 Implementa\u00e7\u00e3o e Inova\u00e7\u00f5es da Nova Lei de Licita\u00e7\u00f5es 14.133\/21<\/li><li>Gest\u00e3o por Resultados<\/li><li>Gest\u00e3o por Compet\u00eancias<\/li><li>No\u00e7\u00f5es de Planejamento e PPA<\/li><li>No\u00e7\u00f5es de Or\u00e7amento P\u00fablico<\/li><\/ul><p>\u00a0<\/p><p>A SEPLAG RJ agradece a participa\u00e7\u00e3o de todos os envolvidos na organiza\u00e7\u00e3o e aos docentes pelo compromisso com o interesse p\u00fablico na capacita\u00e7\u00e3o dos servidores. De igual forma, estendemos nosso agradecimento pela presen\u00e7a dos Secret\u00e1rios, Subsecret\u00e1rios e Procuradores Gerais que compareceram e participaram do evento demonstrando a import\u00e2ncias do Programa.<\/p>\t\t\t\t\t\t\t\t<\/div>\n\t\t\t\t<div class=\"elementor-element elementor-element-8c2936c elementor-widget-divider--view-line elementor-widget elementor-widget-divider\" data-id=\"8c2936c\" data-element_type=\"widget\" data-widget_type=\"divider.default\">\n\t\t\t\t\t\t\t<div class=\"elementor-divider\">\n\t\t\t<span class=\"elementor-divider-separator\">\n\t\t\t\t\t\t<\/span>\n\t\t<\/div>\n\t\t\t\t\t\t<\/div>\n\t\t\t\t\t<\/div>\n\t\t<\/div>\n\t\t\t\t\t<\/div>\n\t\t<\/section>\n\t\t\t\t<section class=\"elementor-section elementor-top-section elementor-element elementor-element-3af5072 elementor-section-boxed elementor-section-height-default elementor-section-height-default\" data-id=\"3af5072\" data-element_type=\"section\" data-settings=\"{&quot;jet_parallax_layout_list&quot;:[{&quot;jet_parallax_layout_image&quot;:{&quot;url&quot;:&quot;&quot;,&quot;id&quot;:&quot;&quot;,&quot;size&quot;:&quot;&quot;},&quot;_id&quot;:&quot;048baf5&quot;,&quot;jet_parallax_layout_image_tablet&quot;:{&quot;url&quot;:&quot;&quot;,&quot;id&quot;:&quot;&quot;,&quot;size&quot;:&quot;&quot;},&quot;jet_parallax_layout_image_mobile&quot;:{&quot;url&quot;:&quot;&quot;,&quot;id&quot;:&quot;&quot;,&quot;size&quot;:&quot;&quot;},&quot;jet_parallax_layout_speed&quot;:{&quot;unit&quot;:&quot;%&quot;,&quot;size&quot;:50,&quot;sizes&quot;:[]},&quot;jet_parallax_layout_type&quot;:&quot;scroll&quot;,&quot;jet_parallax_layout_direction&quot;:&quot;1&quot;,&quot;jet_parallax_layout_fx_direction&quot;:null,&quot;jet_parallax_layout_z_index&quot;:&quot;&quot;,&quot;jet_parallax_layout_bg_x&quot;:50,&quot;jet_parallax_layout_bg_x_tablet&quot;:&quot;&quot;,&quot;jet_parallax_layout_bg_x_mobile&quot;:&quot;&quot;,&quot;jet_parallax_layout_bg_y&quot;:50,&quot;jet_parallax_layout_bg_y_tablet&quot;:&quot;&quot;,&quot;jet_parallax_layout_bg_y_mobile&quot;:&quot;&quot;,&quot;jet_parallax_layout_bg_size&quot;:&quot;auto&quot;,&quot;jet_parallax_layout_bg_size_tablet&quot;:&quot;&quot;,&quot;jet_parallax_layout_bg_size_mobile&quot;:&quot;&quot;,&quot;jet_parallax_layout_animation_prop&quot;:&quot;transform&quot;,&quot;jet_parallax_layout_on&quot;:[&quot;desktop&quot;,&quot;tablet&quot;]}]}\">\n\t\t\t\t\t\t<div class=\"elementor-container elementor-column-gap-default\">\n\t\t\t\t\t<div class=\"elementor-column elementor-col-100 elementor-top-column elementor-element elementor-element-4a0268e\" data-id=\"4a0268e\" data-element_type=\"column\">\n\t\t\t<div class=\"elementor-widget-wrap elementor-element-populated\">\n\t\t\t\t\t\t<div class=\"elementor-element elementor-element-45eaf01 elementor-align-right elementor-widget elementor-widget-button\" data-id=\"45eaf01\" data-element_type=\"widget\" data-widget_type=\"button.default\">\n\t\t\t\t\t\t\t\t\t\t<a class=\"elementor-button elementor-button-link elementor-size-sm\" href=\"http:\/\/redelog.rj.gov.br\/redelog\/informes\">\n\t\t\t\t\t\t<span class=\"elementor-button-content-wrapper\">\n\t\t\t\t\t\t\t\t\t<span class=\"elementor-button-text\">Todos os Informes<\/span>\n\t\t\t\t\t<\/span>\n\t\t\t\t\t<\/a>\n\t\t\t\t\t\t\t\t<\/div>\n\t\t\t\t\t<\/div>\n\t\t<\/div>\n\t\t\t\t\t<\/div>\n\t\t<\/section>\n\t\t\t\t<\/div>\n\t\t","protected":false},"excerpt":{"rendered":"<p>\u00a0 A Secretaria de Estado de Planejamento e Gest\u00e3o do Rio de Janeiro realizou nos dias 14, 15 e 16 de mar\u00e7o de 2023, em Teres\u00f3polis, a primeira edi\u00e7\u00e3o deste ano do Programa Capacita RJ nos Munic\u00edpios. Tivemos a participa\u00e7\u00e3o de 9 prefeituras, extremamente interessadas com as tem\u00e1ticas apresentadas, que enviaram seus servidores da alta [&hellip;]<\/p>\n","protected":false},"author":25,"featured_media":0,"comment_status":"closed","ping_status":"open","sticky":false,"template":"","format":"standard","meta":{"_joinchat":[],"footnotes":""},"categories":[25,34,33,38],"tags":[],"class_list":["post-23097","post","type-post","status-publish","format-standard","hentry","category-cat-capacitacao","category-cat-cursos-abertos","category-cat-cursos-internos","category-cat-informes"],"yoast_head":"<!-- This site is optimized with the Yoast SEO plugin v25.7 - https:\/\/yoast.com\/wordpress\/plugins\/seo\/ -->\n<title>INFORME N\u00ba 006\/2023 - CAPACITA RJ TERES\u00d3POLIS - Redelog<\/title>\n<meta name=\"robots\" content=\"index, follow, max-snippet:-1, max-image-preview:large, max-video-preview:-1\" \/>\n<link rel=\"canonical\" href=\"https:\/\/redelog.rj.gov.br\/redelog\/informe-no-006-2023-capacita-rj-teresopolis\/\" \/>\n<meta property=\"og:locale\" content=\"pt_BR\" \/>\n<meta property=\"og:type\" content=\"article\" \/>\n<meta property=\"og:title\" content=\"INFORME N\u00ba 006\/2023 - CAPACITA RJ TERES\u00d3POLIS - Redelog\" \/>\n<meta property=\"og:description\" content=\"\u00a0 A Secretaria de Estado de Planejamento e Gest\u00e3o do Rio de Janeiro realizou nos dias 14, 15 e 16 de mar\u00e7o de 2023, em Teres\u00f3polis, a primeira edi\u00e7\u00e3o deste ano do Programa Capacita RJ nos Munic\u00edpios. Tivemos a participa\u00e7\u00e3o de 9 prefeituras, extremamente interessadas com as tem\u00e1ticas apresentadas, que enviaram seus servidores da alta [&hellip;]\" \/>\n<meta property=\"og:url\" content=\"https:\/\/redelog.rj.gov.br\/redelog\/informe-no-006-2023-capacita-rj-teresopolis\/\" \/>\n<meta property=\"og:site_name\" content=\"Redelog\" \/>\n<meta property=\"article:published_time\" content=\"2023-03-20T17:51:36+00:00\" \/>\n<meta property=\"article:modified_time\" content=\"2023-03-20T17:52:55+00:00\" \/>\n<meta name=\"author\" content=\"Luisa Maravilhas de Carvalho\" \/>\n<meta name=\"twitter:card\" content=\"summary_large_image\" \/>\n<meta name=\"twitter:label1\" content=\"Escrito por\" \/>\n\t<meta name=\"twitter:data1\" content=\"Luisa Maravilhas de Carvalho\" \/>\n\t<meta name=\"twitter:label2\" content=\"Est. tempo de leitura\" \/>\n\t<meta name=\"twitter:data2\" content=\"1 minuto\" \/>\n<script type=\"application\/ld+json\" class=\"yoast-schema-graph\">{\"@context\":\"https:\/\/schema.org\",\"@graph\":[{\"@type\":\"Article\",\"@id\":\"https:\/\/redelog.rj.gov.br\/redelog\/informe-no-006-2023-capacita-rj-teresopolis\/#article\",\"isPartOf\":{\"@id\":\"https:\/\/redelog.rj.gov.br\/redelog\/informe-no-006-2023-capacita-rj-teresopolis\/\"},\"author\":{\"name\":\"Luisa Maravilhas de Carvalho\",\"@id\":\"https:\/\/redelog.rj.gov.br\/redelog\/#\/schema\/person\/dd6a5779d3028a21ef65c6e4af7c1edb\"},\"headline\":\"INFORME N\u00ba 006\/2023 &#8211; CAPACITA RJ TERES\u00d3POLIS\",\"datePublished\":\"2023-03-20T17:51:36+00:00\",\"dateModified\":\"2023-03-20T17:52:55+00:00\",\"mainEntityOfPage\":{\"@id\":\"https:\/\/redelog.rj.gov.br\/redelog\/informe-no-006-2023-capacita-rj-teresopolis\/\"},\"wordCount\":246,\"publisher\":{\"@id\":\"https:\/\/redelog.rj.gov.br\/redelog\/#organization\"},\"articleSection\":[\"Capacita\u00e7\u00e3o\",\"Cursos Abertos\",\"Cursos Internos\",\"Informes\"],\"inLanguage\":\"pt-BR\"},{\"@type\":\"WebPage\",\"@id\":\"https:\/\/redelog.rj.gov.br\/redelog\/informe-no-006-2023-capacita-rj-teresopolis\/\",\"url\":\"https:\/\/redelog.rj.gov.br\/redelog\/informe-no-006-2023-capacita-rj-teresopolis\/\",\"name\":\"INFORME N\u00ba 006\/2023 - CAPACITA RJ TERES\u00d3POLIS - Redelog\",\"isPartOf\":{\"@id\":\"https:\/\/redelog.rj.gov.br\/redelog\/#website\"},\"datePublished\":\"2023-03-20T17:51:36+00:00\",\"dateModified\":\"2023-03-20T17:52:55+00:00\",\"breadcrumb\":{\"@id\":\"https:\/\/redelog.rj.gov.br\/redelog\/informe-no-006-2023-capacita-rj-teresopolis\/#breadcrumb\"},\"inLanguage\":\"pt-BR\",\"potentialAction\":[{\"@type\":\"ReadAction\",\"target\":[\"https:\/\/redelog.rj.gov.br\/redelog\/informe-no-006-2023-capacita-rj-teresopolis\/\"]}]},{\"@type\":\"BreadcrumbList\",\"@id\":\"https:\/\/redelog.rj.gov.br\/redelog\/informe-no-006-2023-capacita-rj-teresopolis\/#breadcrumb\",\"itemListElement\":[{\"@type\":\"ListItem\",\"position\":1,\"name\":\"Home\",\"item\":\"https:\/\/redelog.rj.gov.br\/redelog\/\"},{\"@type\":\"ListItem\",\"position\":2,\"name\":\"INFORME N\u00ba 006\/2023 &#8211; CAPACITA RJ TERES\u00d3POLIS\"}]},{\"@type\":\"WebSite\",\"@id\":\"https:\/\/redelog.rj.gov.br\/redelog\/#website\",\"url\":\"https:\/\/redelog.rj.gov.br\/redelog\/\",\"name\":\"Redelog\",\"description\":\"Site da Rede de Log\u00edstica e Planejamento do Estado do Rio de Janeiro\",\"publisher\":{\"@id\":\"https:\/\/redelog.rj.gov.br\/redelog\/#organization\"},\"potentialAction\":[{\"@type\":\"SearchAction\",\"target\":{\"@type\":\"EntryPoint\",\"urlTemplate\":\"https:\/\/redelog.rj.gov.br\/redelog\/?s={search_term_string}\"},\"query-input\":{\"@type\":\"PropertyValueSpecification\",\"valueRequired\":true,\"valueName\":\"search_term_string\"}}],\"inLanguage\":\"pt-BR\"},{\"@type\":\"Organization\",\"@id\":\"https:\/\/redelog.rj.gov.br\/redelog\/#organization\",\"name\":\"REDELOG\",\"url\":\"https:\/\/redelog.rj.gov.br\/redelog\/\",\"logo\":{\"@type\":\"ImageObject\",\"inLanguage\":\"pt-BR\",\"@id\":\"https:\/\/redelog.rj.gov.br\/redelog\/#\/schema\/logo\/image\/\",\"url\":\"http:\/\/10.10.8.100:8888\/redelog\/wp-content\/uploads\/2019\/09\/Redelog2.png\",\"contentUrl\":\"http:\/\/10.10.8.100:8888\/redelog\/wp-content\/uploads\/2019\/09\/Redelog2.png\",\"width\":565,\"height\":155,\"caption\":\"REDELOG\"},\"image\":{\"@id\":\"https:\/\/redelog.rj.gov.br\/redelog\/#\/schema\/logo\/image\/\"}},{\"@type\":\"Person\",\"@id\":\"https:\/\/redelog.rj.gov.br\/redelog\/#\/schema\/person\/dd6a5779d3028a21ef65c6e4af7c1edb\",\"name\":\"Luisa Maravilhas de Carvalho\",\"image\":{\"@type\":\"ImageObject\",\"inLanguage\":\"pt-BR\",\"@id\":\"https:\/\/redelog.rj.gov.br\/redelog\/#\/schema\/person\/image\/\",\"url\":\"https:\/\/secure.gravatar.com\/avatar\/42eea343007bb4bb43265a1df0b9eebe3b0ff8ee578355b2f834803cdddc604a?s=96&d=mm&r=g\",\"contentUrl\":\"https:\/\/secure.gravatar.com\/avatar\/42eea343007bb4bb43265a1df0b9eebe3b0ff8ee578355b2f834803cdddc604a?s=96&d=mm&r=g\",\"caption\":\"Luisa Maravilhas de Carvalho\"},\"url\":\"https:\/\/redelog.rj.gov.br\/redelog\/author\/luisa-carvalho\/\"}]}<\/script>\n<!-- \/ Yoast SEO plugin. -->","yoast_head_json":{"title":"INFORME N\u00ba 006\/2023 - CAPACITA RJ TERES\u00d3POLIS - Redelog","robots":{"index":"index","follow":"follow","max-snippet":"max-snippet:-1","max-image-preview":"max-image-preview:large","max-video-preview":"max-video-preview:-1"},"canonical":"https:\/\/redelog.rj.gov.br\/redelog\/informe-no-006-2023-capacita-rj-teresopolis\/","og_locale":"pt_BR","og_type":"article","og_title":"INFORME N\u00ba 006\/2023 - CAPACITA RJ TERES\u00d3POLIS - Redelog","og_description":"\u00a0 A Secretaria de Estado de Planejamento e Gest\u00e3o do Rio de Janeiro realizou nos dias 14, 15 e 16 de mar\u00e7o de 2023, em Teres\u00f3polis, a primeira edi\u00e7\u00e3o deste ano do Programa Capacita RJ nos Munic\u00edpios. Tivemos a participa\u00e7\u00e3o de 9 prefeituras, extremamente interessadas com as tem\u00e1ticas apresentadas, que enviaram seus servidores da alta [&hellip;]","og_url":"https:\/\/redelog.rj.gov.br\/redelog\/informe-no-006-2023-capacita-rj-teresopolis\/","og_site_name":"Redelog","article_published_time":"2023-03-20T17:51:36+00:00","article_modified_time":"2023-03-20T17:52:55+00:00","author":"Luisa Maravilhas de Carvalho","twitter_card":"summary_large_image","twitter_misc":{"Escrito por":"Luisa Maravilhas de Carvalho","Est. tempo de leitura":"1 minuto"},"schema":{"@context":"https:\/\/schema.org","@graph":[{"@type":"Article","@id":"https:\/\/redelog.rj.gov.br\/redelog\/informe-no-006-2023-capacita-rj-teresopolis\/#article","isPartOf":{"@id":"https:\/\/redelog.rj.gov.br\/redelog\/informe-no-006-2023-capacita-rj-teresopolis\/"},"author":{"name":"Luisa Maravilhas de Carvalho","@id":"https:\/\/redelog.rj.gov.br\/redelog\/#\/schema\/person\/dd6a5779d3028a21ef65c6e4af7c1edb"},"headline":"INFORME N\u00ba 006\/2023 &#8211; CAPACITA RJ TERES\u00d3POLIS","datePublished":"2023-03-20T17:51:36+00:00","dateModified":"2023-03-20T17:52:55+00:00","mainEntityOfPage":{"@id":"https:\/\/redelog.rj.gov.br\/redelog\/informe-no-006-2023-capacita-rj-teresopolis\/"},"wordCount":246,"publisher":{"@id":"https:\/\/redelog.rj.gov.br\/redelog\/#organization"},"articleSection":["Capacita\u00e7\u00e3o","Cursos Abertos","Cursos Internos","Informes"],"inLanguage":"pt-BR"},{"@type":"WebPage","@id":"https:\/\/redelog.rj.gov.br\/redelog\/informe-no-006-2023-capacita-rj-teresopolis\/","url":"https:\/\/redelog.rj.gov.br\/redelog\/informe-no-006-2023-capacita-rj-teresopolis\/","name":"INFORME N\u00ba 006\/2023 - CAPACITA RJ TERES\u00d3POLIS - Redelog","isPartOf":{"@id":"https:\/\/redelog.rj.gov.br\/redelog\/#website"},"datePublished":"2023-03-20T17:51:36+00:00","dateModified":"2023-03-20T17:52:55+00:00","breadcrumb":{"@id":"https:\/\/redelog.rj.gov.br\/redelog\/informe-no-006-2023-capacita-rj-teresopolis\/#breadcrumb"},"inLanguage":"pt-BR","potentialAction":[{"@type":"ReadAction","target":["https:\/\/redelog.rj.gov.br\/redelog\/informe-no-006-2023-capacita-rj-teresopolis\/"]}]},{"@type":"BreadcrumbList","@id":"https:\/\/redelog.rj.gov.br\/redelog\/informe-no-006-2023-capacita-rj-teresopolis\/#breadcrumb","itemListElement":[{"@type":"ListItem","position":1,"name":"Home","item":"https:\/\/redelog.rj.gov.br\/redelog\/"},{"@type":"ListItem","position":2,"name":"INFORME N\u00ba 006\/2023 &#8211; CAPACITA RJ TERES\u00d3POLIS"}]},{"@type":"WebSite","@id":"https:\/\/redelog.rj.gov.br\/redelog\/#website","url":"https:\/\/redelog.rj.gov.br\/redelog\/","name":"Redelog","description":"Site da Rede de Log\u00edstica e Planejamento do Estado do Rio de Janeiro","publisher":{"@id":"https:\/\/redelog.rj.gov.br\/redelog\/#organization"},"potentialAction":[{"@type":"SearchAction","target":{"@type":"EntryPoint","urlTemplate":"https:\/\/redelog.rj.gov.br\/redelog\/?s={search_term_string}"},"query-input":{"@type":"PropertyValueSpecification","valueRequired":true,"valueName":"search_term_string"}}],"inLanguage":"pt-BR"},{"@type":"Organization","@id":"https:\/\/redelog.rj.gov.br\/redelog\/#organization","name":"REDELOG","url":"https:\/\/redelog.rj.gov.br\/redelog\/","logo":{"@type":"ImageObject","inLanguage":"pt-BR","@id":"https:\/\/redelog.rj.gov.br\/redelog\/#\/schema\/logo\/image\/","url":"http:\/\/10.10.8.100:8888\/redelog\/wp-content\/uploads\/2019\/09\/Redelog2.png","contentUrl":"http:\/\/10.10.8.100:8888\/redelog\/wp-content\/uploads\/2019\/09\/Redelog2.png","width":565,"height":155,"caption":"REDELOG"},"image":{"@id":"https:\/\/redelog.rj.gov.br\/redelog\/#\/schema\/logo\/image\/"}},{"@type":"Person","@id":"https:\/\/redelog.rj.gov.br\/redelog\/#\/schema\/person\/dd6a5779d3028a21ef65c6e4af7c1edb","name":"Luisa Maravilhas de Carvalho","image":{"@type":"ImageObject","inLanguage":"pt-BR","@id":"https:\/\/redelog.rj.gov.br\/redelog\/#\/schema\/person\/image\/","url":"https:\/\/secure.gravatar.com\/avatar\/42eea343007bb4bb43265a1df0b9eebe3b0ff8ee578355b2f834803cdddc604a?s=96&d=mm&r=g","contentUrl":"https:\/\/secure.gravatar.com\/avatar\/42eea343007bb4bb43265a1df0b9eebe3b0ff8ee578355b2f834803cdddc604a?s=96&d=mm&r=g","caption":"Luisa Maravilhas de Carvalho"},"url":"https:\/\/redelog.rj.gov.br\/redelog\/author\/luisa-carvalho\/"}]}},"_links":{"self":[{"href":"https:\/\/redelog.rj.gov.br\/redelog\/wp-json\/wp\/v2\/posts\/23097","targetHints":{"allow":["GET"]}}],"collection":[{"href":"https:\/\/redelog.rj.gov.br\/redelog\/wp-json\/wp\/v2\/posts"}],"about":[{"href":"https:\/\/redelog.rj.gov.br\/redelog\/wp-json\/wp\/v2\/types\/post"}],"author":[{"embeddable":true,"href":"https:\/\/redelog.rj.gov.br\/redelog\/wp-json\/wp\/v2\/users\/25"}],"replies":[{"embeddable":true,"href":"https:\/\/redelog.rj.gov.br\/redelog\/wp-json\/wp\/v2\/comments?post=23097"}],"version-history":[{"count":4,"href":"https:\/\/redelog.rj.gov.br\/redelog\/wp-json\/wp\/v2\/posts\/23097\/revisions"}],"predecessor-version":[{"id":23101,"href":"https:\/\/redelog.rj.gov.br\/redelog\/wp-json\/wp\/v2\/posts\/23097\/revisions\/23101"}],"wp:attachment":[{"href":"https:\/\/redelog.rj.gov.br\/redelog\/wp-json\/wp\/v2\/media?parent=23097"}],"wp:term":[{"taxonomy":"category","embeddable":true,"href":"https:\/\/redelog.rj.gov.br\/redelog\/wp-json\/wp\/v2\/categories?post=23097"},{"taxonomy":"post_tag","embeddable":true,"href":"https:\/\/redelog.rj.gov.br\/redelog\/wp-json\/wp\/v2\/tags?post=23097"}],"curies":[{"name":"wp","href":"https:\/\/api.w.org\/{rel}","templated":true}]}}