{"id":22283,"date":"2023-03-06T13:54:42","date_gmt":"2023-03-06T16:54:42","guid":{"rendered":"https:\/\/redelog.rj.gov.br\/redelog\/?p=22283"},"modified":"2024-07-15T09:58:10","modified_gmt":"2024-07-15T12:58:10","slug":"resolucao-seplag-no-198-de-03-de-marco-de-2023","status":"publish","type":"post","link":"https:\/\/redelog.rj.gov.br\/redelog\/resolucao-seplag-no-198-de-03-de-marco-de-2023\/","title":{"rendered":"RESOLU\u00c7\u00c3O SEPLAG N\u00ba 198, DE 03 DE MAR\u00c7O DE 2023"},"content":{"rendered":"\t\t<div data-elementor-type=\"wp-post\" data-elementor-id=\"22283\" class=\"elementor elementor-22283\" data-elementor-post-type=\"post\">\n\t\t\t\t\t\t<section class=\"elementor-section elementor-top-section elementor-element elementor-element-54679bb elementor-section-boxed elementor-section-height-default elementor-section-height-default\" data-id=\"54679bb\" data-element_type=\"section\" data-settings=\"{&quot;jet_parallax_layout_list&quot;:[{&quot;jet_parallax_layout_image&quot;:{&quot;url&quot;:&quot;&quot;,&quot;id&quot;:&quot;&quot;,&quot;size&quot;:&quot;&quot;},&quot;_id&quot;:&quot;17d107f&quot;,&quot;jet_parallax_layout_image_tablet&quot;:{&quot;url&quot;:&quot;&quot;,&quot;id&quot;:&quot;&quot;,&quot;size&quot;:&quot;&quot;},&quot;jet_parallax_layout_image_mobile&quot;:{&quot;url&quot;:&quot;&quot;,&quot;id&quot;:&quot;&quot;,&quot;size&quot;:&quot;&quot;},&quot;jet_parallax_layout_speed&quot;:{&quot;unit&quot;:&quot;%&quot;,&quot;size&quot;:50,&quot;sizes&quot;:[]},&quot;jet_parallax_layout_type&quot;:&quot;scroll&quot;,&quot;jet_parallax_layout_direction&quot;:&quot;1&quot;,&quot;jet_parallax_layout_fx_direction&quot;:null,&quot;jet_parallax_layout_z_index&quot;:&quot;&quot;,&quot;jet_parallax_layout_bg_x&quot;:50,&quot;jet_parallax_layout_bg_x_tablet&quot;:&quot;&quot;,&quot;jet_parallax_layout_bg_x_mobile&quot;:&quot;&quot;,&quot;jet_parallax_layout_bg_y&quot;:50,&quot;jet_parallax_layout_bg_y_tablet&quot;:&quot;&quot;,&quot;jet_parallax_layout_bg_y_mobile&quot;:&quot;&quot;,&quot;jet_parallax_layout_bg_size&quot;:&quot;auto&quot;,&quot;jet_parallax_layout_bg_size_tablet&quot;:&quot;&quot;,&quot;jet_parallax_layout_bg_size_mobile&quot;:&quot;&quot;,&quot;jet_parallax_layout_animation_prop&quot;:&quot;transform&quot;,&quot;jet_parallax_layout_on&quot;:[&quot;desktop&quot;,&quot;tablet&quot;]}]}\">\n\t\t\t\t\t\t<div class=\"elementor-container elementor-column-gap-default\">\n\t\t\t\t\t<div class=\"elementor-column elementor-col-100 elementor-top-column elementor-element elementor-element-abe6abd\" data-id=\"abe6abd\" data-element_type=\"column\">\n\t\t\t<div class=\"elementor-widget-wrap elementor-element-populated\">\n\t\t\t\t\t\t<section class=\"elementor-section elementor-inner-section elementor-element elementor-element-e54ab34 elementor-section-boxed elementor-section-height-default elementor-section-height-default\" data-id=\"e54ab34\" data-element_type=\"section\" data-settings=\"{&quot;jet_parallax_layout_list&quot;:[{&quot;jet_parallax_layout_image&quot;:{&quot;url&quot;:&quot;&quot;,&quot;id&quot;:&quot;&quot;,&quot;size&quot;:&quot;&quot;},&quot;_id&quot;:&quot;b8c0cc7&quot;,&quot;jet_parallax_layout_image_tablet&quot;:{&quot;url&quot;:&quot;&quot;,&quot;id&quot;:&quot;&quot;,&quot;size&quot;:&quot;&quot;},&quot;jet_parallax_layout_image_mobile&quot;:{&quot;url&quot;:&quot;&quot;,&quot;id&quot;:&quot;&quot;,&quot;size&quot;:&quot;&quot;},&quot;jet_parallax_layout_speed&quot;:{&quot;unit&quot;:&quot;%&quot;,&quot;size&quot;:50,&quot;sizes&quot;:[]},&quot;jet_parallax_layout_type&quot;:&quot;scroll&quot;,&quot;jet_parallax_layout_direction&quot;:&quot;1&quot;,&quot;jet_parallax_layout_fx_direction&quot;:null,&quot;jet_parallax_layout_z_index&quot;:&quot;&quot;,&quot;jet_parallax_layout_bg_x&quot;:50,&quot;jet_parallax_layout_bg_x_tablet&quot;:&quot;&quot;,&quot;jet_parallax_layout_bg_x_mobile&quot;:&quot;&quot;,&quot;jet_parallax_layout_bg_y&quot;:50,&quot;jet_parallax_layout_bg_y_tablet&quot;:&quot;&quot;,&quot;jet_parallax_layout_bg_y_mobile&quot;:&quot;&quot;,&quot;jet_parallax_layout_bg_size&quot;:&quot;auto&quot;,&quot;jet_parallax_layout_bg_size_tablet&quot;:&quot;&quot;,&quot;jet_parallax_layout_bg_size_mobile&quot;:&quot;&quot;,&quot;jet_parallax_layout_animation_prop&quot;:&quot;transform&quot;,&quot;jet_parallax_layout_on&quot;:[&quot;desktop&quot;,&quot;tablet&quot;]}]}\">\n\t\t\t\t\t\t<div class=\"elementor-container elementor-column-gap-default\">\n\t\t\t\t\t<div class=\"elementor-column elementor-col-50 elementor-inner-column elementor-element elementor-element-265154f\" data-id=\"265154f\" data-element_type=\"column\">\n\t\t\t<div class=\"elementor-widget-wrap\">\n\t\t\t\t\t\t\t<\/div>\n\t\t<\/div>\n\t\t\t\t<div class=\"elementor-column elementor-col-50 elementor-inner-column elementor-element elementor-element-5f9f038\" data-id=\"5f9f038\" data-element_type=\"column\">\n\t\t\t<div class=\"elementor-widget-wrap elementor-element-populated\">\n\t\t\t\t\t\t<div class=\"elementor-element elementor-element-c6fae6f elementor-widget elementor-widget-text-editor\" data-id=\"c6fae6f\" data-element_type=\"widget\" data-widget_type=\"text-editor.default\">\n\t\t\t\t\t\t\t\t\t<p style=\"text-align: justify;\"><del><b>ESTABELECE PLANO DE TRABALHO PARA A UTILIZA\u00c7\u00c3O DO SISTEMA COMPRAS.GOV.BR NO \u00c2MBITO DO PODER EXECUTIVO DO ESTADO DO RIO DE JANEIRO.<\/b><\/del><\/p>\t\t\t\t\t\t\t\t<\/div>\n\t\t\t\t\t<\/div>\n\t\t<\/div>\n\t\t\t\t\t<\/div>\n\t\t<\/section>\n\t\t\t\t\t<\/div>\n\t\t<\/div>\n\t\t\t\t\t<\/div>\n\t\t<\/section>\n\t\t\t\t<section class=\"elementor-section elementor-top-section elementor-element elementor-element-c85a434 elementor-section-boxed elementor-section-height-default elementor-section-height-default\" data-id=\"c85a434\" data-element_type=\"section\" data-settings=\"{&quot;jet_parallax_layout_list&quot;:[{&quot;jet_parallax_layout_image&quot;:{&quot;url&quot;:&quot;&quot;,&quot;id&quot;:&quot;&quot;,&quot;size&quot;:&quot;&quot;},&quot;_id&quot;:&quot;e6bbb1d&quot;,&quot;jet_parallax_layout_image_tablet&quot;:{&quot;url&quot;:&quot;&quot;,&quot;id&quot;:&quot;&quot;,&quot;size&quot;:&quot;&quot;},&quot;jet_parallax_layout_image_mobile&quot;:{&quot;url&quot;:&quot;&quot;,&quot;id&quot;:&quot;&quot;,&quot;size&quot;:&quot;&quot;},&quot;jet_parallax_layout_speed&quot;:{&quot;unit&quot;:&quot;%&quot;,&quot;size&quot;:50,&quot;sizes&quot;:[]},&quot;jet_parallax_layout_type&quot;:&quot;scroll&quot;,&quot;jet_parallax_layout_direction&quot;:&quot;1&quot;,&quot;jet_parallax_layout_fx_direction&quot;:null,&quot;jet_parallax_layout_z_index&quot;:&quot;&quot;,&quot;jet_parallax_layout_bg_x&quot;:50,&quot;jet_parallax_layout_bg_x_tablet&quot;:&quot;&quot;,&quot;jet_parallax_layout_bg_x_mobile&quot;:&quot;&quot;,&quot;jet_parallax_layout_bg_y&quot;:50,&quot;jet_parallax_layout_bg_y_tablet&quot;:&quot;&quot;,&quot;jet_parallax_layout_bg_y_mobile&quot;:&quot;&quot;,&quot;jet_parallax_layout_bg_size&quot;:&quot;auto&quot;,&quot;jet_parallax_layout_bg_size_tablet&quot;:&quot;&quot;,&quot;jet_parallax_layout_bg_size_mobile&quot;:&quot;&quot;,&quot;jet_parallax_layout_animation_prop&quot;:&quot;transform&quot;,&quot;jet_parallax_layout_on&quot;:[&quot;desktop&quot;,&quot;tablet&quot;]}]}\">\n\t\t\t\t\t\t<div class=\"elementor-container elementor-column-gap-default\">\n\t\t\t\t\t<div class=\"elementor-column elementor-col-100 elementor-top-column elementor-element elementor-element-48728cc\" data-id=\"48728cc\" data-element_type=\"column\">\n\t\t\t<div class=\"elementor-widget-wrap elementor-element-populated\">\n\t\t\t\t\t\t<div class=\"elementor-element elementor-element-29385b0 elementor-widget elementor-widget-text-editor\" data-id=\"29385b0\" data-element_type=\"widget\" data-widget_type=\"text-editor.default\">\n\t\t\t\t\t\t\t\t\t<p><del><strong>O SECRET\u00c1RIO DE ESTADO DE PLANEJAMENTO E GEST\u00c3O,<\/strong>\u00a0no uso de suas atribui\u00e7\u00f5es legais e regulamentares, de acordo com os artigos 9\u00ba e 10 do Decreto n\u00ba 47.680 de 12 de julho de 2021, e consoante os termos do Processo Administrativo n\u00ba SEI-120001\/001185\/2023;<\/del><\/p><p><del><strong>RESOLVE:<\/strong><\/del><\/p><p><del><strong>Art. 1\u00ba<\/strong> &#8211; Fica estabelecido o Plano de Trabalho prevendo o cronograma de atividades para a utiliza\u00e7\u00e3o do sistema Compras.gov.br, do Governo Federal, no \u00e2mbito do Poder Executivo do Estado do Rio de Janeiro, conforme o Anexo \u00danico desta Resolu\u00e7\u00e3o.<\/del><\/p><p><del><strong>Art. 2\u00ba<\/strong> &#8211; A Subsecretaria de Log\u00edstica poder\u00e1 promover altera\u00e7\u00f5es no Plano de Trabalho constante do Anexo \u00danico desta Resolu\u00e7\u00e3o, conforme a necessidade.<\/del><\/p><p><del><strong>Par\u00e1grafo \u00danico<\/strong> &#8211; A Base de Conhecimento do Portal da Rede Log\u00edstica &#8211; REDELOG e da Rede de Gestores de Compras &#8211; REDECOMPRAS, incluindo seus modelos de documentos, guias de preenchimento, refer\u00eancia legal, manuais, entre outras, e demais informa\u00e7\u00f5es adicionais para fins de operacionaliza\u00e7\u00e3o do sistema constituem fonte oficial de orienta\u00e7\u00e3o sobre a presente resolu\u00e7\u00e3o.<\/del><\/p><p><del><strong>Art. 3\u00ba<\/strong> &#8211; Esta Resolu\u00e7\u00e3o entra em vigor na data de sua publica\u00e7\u00e3o.<\/del><\/p><p class=\"Texto_Alinhado_Esquerda\" style=\"text-align: center;\"><del>Rio de Janeiro, 03 de mar\u00e7o de 2023<\/del><\/p><p class=\"Texto_Centralizado\" style=\"text-align: center;\"><del><strong>NELSON ROCHA<\/strong><\/del><br \/><del>Secret\u00e1rio de Estado de Planejamento e Gest\u00e3o<\/del><\/p><p style=\"text-align: center;\"><del><b>Anexo \u00danico<\/b><\/del><\/p><p><del><b>Plano de Trabalho:<\/b><\/del><\/p><p><del><b>Utiliza\u00e7\u00e3o do Sistema Compras.gov.br no Poder Executivo do Estado do Rio de Janeiro<\/b><\/del><\/p><p><del><b>Sum\u00e1rio<\/b><\/del><\/p><p><del>1. Justificativa<\/del><\/p><p><del>2. Objetivo<\/del><\/p><p><del>3. Participantes<\/del><\/p><p><del>4. Defini\u00e7\u00f5es<\/del><\/p><p><del>5. Plano de A\u00e7\u00e3o<\/del><\/p><p><del>6. Cronograma de Implanta\u00e7\u00e3o<\/del><\/p><p><del>7. Educa\u00e7\u00e3o Continuada<\/del><\/p><p><del><b>1. Justificativa<\/b><\/del><\/p><p><del>Operacionalizar a utiliza\u00e7\u00e3o, pelo Poder Executivo do Estado do Rio de Janeiro, de uma nova sistem\u00e1tica de contrata\u00e7\u00f5es p\u00fablicas alinhada \u00e0s atualiza\u00e7\u00f5es normativas, inova\u00e7\u00f5es tecnol\u00f3gicas e ferramentas dispon\u00edveis, visando \u00e0 amplia\u00e7\u00e3o do universo de fornecedores participantes das contrata\u00e7\u00f5es e licita\u00e7\u00f5es do Estado, proporcionando ganhos nos pre\u00e7os ofertados, economia de recursos na manuten\u00e7\u00e3o de sistemas e uniformiza\u00e7\u00e3o de procedimentos.<\/del><\/p><p><del><b>2. Objetivo<\/b><\/del><\/p><p><del>Proporcionar uma clara e segura transi\u00e7\u00e3o do sistema de contrata\u00e7\u00f5es p\u00fablicas utilizado pelo Governo do Estado do Rio de Janeiro, o Sistema Integrado de Gest\u00e3o de Aquisi\u00e7\u00f5es &#8211; SIGA, para a nova sistem\u00e1tica com a utiliza\u00e7\u00e3o das plataformas Compras.gov.br, do Governo Federal e do Contratos.RJ, do Governo Estadual.<\/del><\/p><p><del><b>3. Participantes<\/b><\/del><\/p><p><del><b>3.1<\/b>\u00a0Secretaria de Planejamento e Gest\u00e3o (SEPLAG), por interm\u00e9dio da Subsecretaria de Log\u00edstica (SUBLOG), na qualidade de \u00d3rg\u00e3o Central do Sistema Log\u00edstico do Poder Executivo do Estado do Rio de Janeiro;<\/del><\/p><p><del><b>3.2<\/b>\u00a0Secretaria de Estado de Fazenda (SEFAZ) do Estado do Rio de Janeiro: \u00f3rg\u00e3o respons\u00e1vel pela gest\u00e3o do SIAFE-Rio;<\/del><\/p><p><del><b>3.3<\/b>\u00a0Secretaria de Gest\u00e3o (SEGES) do Minist\u00e9rio da Inova\u00e7\u00e3o e Gest\u00e3o: \u00f3rg\u00e3o gestor do Compras.gov.br;<\/del><\/p><p><del><b>3.4<\/b>\u00a0Servi\u00e7o Federal de Processamento de Dados (SERPRO) do Governo Federal: entidade respons\u00e1vel pela integra\u00e7\u00e3o dos dados entre o Compras.gov.br e Contratos.RJ; e<\/del><\/p><p><del><b>3.5<\/b>\u00a0Unidades Compradoras: \u00d3rg\u00e3os e Entidades da Administra\u00e7\u00e3o Direta, Aut\u00e1rquica e Fundacional do Poder Executivo do Estado do Rio de Janeiro que realizam contrata\u00e7\u00f5es por meio da contrata\u00e7\u00e3o direta e das modalidades de licita\u00e7\u00e3o.<\/del><\/p><p><del><b>4. Defini\u00e7\u00f5es<\/b><\/del><\/p><p><del><b>4.1 Sistema Integrado de Gest\u00e3o de Aquisi\u00e7\u00f5es \u2013 SIGA<\/b>, regulamentado pelo Decreto n\u00ba 46.910, de 24 de janeiro de 2020: sistema de gest\u00e3o de contrata\u00e7\u00f5es p\u00fablicas realizadas com base na Lei Federal n. 8.666\/93, Lei Federal n. 10.520\/2002 e Lei Federal n. 12.462\/2011;<\/del><\/p><p><del><b>4.2 Sistema Eletr\u00f4nico de Informa\u00e7\u00f5es \u2013 SEI RJ<\/b>, institu\u00eddo pelo Decreto n\u00ba 46.730, de 9 de novembro de 2019: sistema oficial de autua\u00e7\u00e3o, produ\u00e7\u00e3o, tramita\u00e7\u00e3o e consulta de documentos e processos administrativos eletr\u00f4nicos no \u00e2mbito dos \u00f3rg\u00e3os e das entidades da administra\u00e7\u00e3o p\u00fablica estadual direta, aut\u00e1rquica e fundacional do Estado do Rio de Janeiro;<\/del><\/p><p><del><b>4.3 Sistema Integrado de Administra\u00e7\u00e3o e Servi\u00e7os Gerais \u2013 SIASG<\/b>, institu\u00eddo pelo Art. 7\u00ba do Decreto Federal n\u00ba 1.094, de 23 de mar\u00e7o de 1994: plataforma do Governo Federal composta por diversos subsistemas ou m\u00f3dulos destinados \u00e0 execu\u00e7\u00e3o de atividades relacionadas \u00e0s contrata\u00e7\u00f5es p\u00fablicas;<\/del><\/p><p><del><b>4.4 Sistema de Gest\u00e3o de Acesso \u2013 SGA<\/b>, institu\u00eddo pela Portaria n\u00ba 355, de 9 de agosto de 2019: ferramenta informatizada destinada a instrumentalizar o acesso e a utiliza\u00e7\u00e3o do SIASG, de forma simplificada, pelos \u00f3rg\u00e3os e entidades da Administra\u00e7\u00e3o P\u00fablica;<\/del><\/p><p><del><b>4.5 Sistema Compras.gov.br<\/b>: ferramenta informatizada disponibilizada\u00a0e gerida pelo Governo Federal para a realiza\u00e7\u00e3o dos procedimentos de contrata\u00e7\u00f5es p\u00fablicas;<\/del><\/p><p><del><b>4.6 Contratos.RJ<\/b>: ferramenta informatizada disponibilizada pela Secretaria de Planejamento e Gest\u00e3o \u2013 SEPLAG para a integra\u00e7\u00e3o das informa\u00e7\u00f5es de sele\u00e7\u00e3o do fornecedor realizada no Compras.gov.br, efetiva\u00e7\u00e3o da contrata\u00e7\u00e3o e integra\u00e7\u00e3o de suas informa\u00e7\u00f5es com o SIAFE-Rio para empenho, liquida\u00e7\u00e3o e pagamento da despesa e com o Portal Nacional de Contrata\u00e7\u00f5es P\u00fablicas \u2013 PNCP para publicidade;<\/del><\/p><p><del><b>4.7 Sistema Integrado de Gest\u00e3o Or\u00e7ament\u00e1ria, Financeira e Cont\u00e1bil do Rio de Janeiro \u2013 SIAFE-Rio:\u00a0<\/b>institu\u00eddo pelo Decreto n\u00ba 45.526, de 28 de dezembro de 2015: ferramenta utilizada para registro, acompanhamento e controle da execu\u00e7\u00e3o or\u00e7ament\u00e1ria, financeira e patrimonial do Governo do Estado do Rio de Janeiro, sob gest\u00e3o da Secretaria de Estado de Fazenda &#8211; SEFAZ;<\/del><\/p><p><del><b>4.8<\/b>\u00a0<b>Sistema de Cadastramento Unificado de Fornecedores \u2013 SICAF<\/b>: m\u00f3dulo informatizado que comp\u00f5e o Sistema Integrado de Administra\u00e7\u00e3o de Servi\u00e7os Gerais \u2013 SIASG, regulamentado pelo Decreto n.\u00ba 3.722, de 9 de janeiro de 2001, criado para viabilizar o cadastramento de fornecedores de materiais e servi\u00e7os no \u00e2mbito da Administra\u00e7\u00e3o P\u00fablica Federal direta, aut\u00e1rquica e fundacional, em licita\u00e7\u00f5es e contrata\u00e7\u00f5es; e,<\/del><\/p><p><del><b>4.9 Rede de Gestores de Compras \u2013 REDECOMPRAS<\/b>, institu\u00edda pelo art. 11 do n\u00ba 47.680, de 12 de julho de 2021: rede funcional destinada aos Gestores dos sistemas Compras.gov.br e Contratos.RJ visando \u00e0 sua forma\u00e7\u00e3o, permitindo troca de informa\u00e7\u00f5es, orienta\u00e7\u00f5es e boas pr\u00e1ticas na utiliza\u00e7\u00e3o dos sistemas.<\/del><\/p><p><del><b>5. Plano de A\u00e7\u00e3o<\/b><\/del><\/p><p><del><b>5.1 Escopo<\/b><\/del><\/p><p><del>Implantar o sistema Compras.gov.br, para o processamento das licita\u00e7\u00f5es e contrata\u00e7\u00f5es realizadas com base na Lei Federal n\u00ba 14.133\/2021.<\/del><\/p><p><del><b>5.2 Fluxo B\u00e1sico dos Processos de Licita\u00e7\u00e3o e Contrata\u00e7\u00e3o<\/b><\/del><\/p><p><del>O fluxo b\u00e1sico a ser adotado na implanta\u00e7\u00e3o da nova sistem\u00e1tica de licita\u00e7\u00e3o e contrata\u00e7\u00e3o pelo Poder Executivo do Estado do Rio de Janeiro ser\u00e1 realizado por meio dos sistemas Compras.gov.br, Contratos.RJ e SIAFE-Rio e, a depender da especificidade da contrata\u00e7\u00e3o, a necess\u00e1ria instru\u00e7\u00e3o processual no SEI!RJ.<\/del><\/p><table border=\"2\"><tbody><tr><td><p class=\"Tabela_Texto_Centralizado\"><del><b>Etapa<\/b><\/del><\/p><\/td><td><p class=\"Tabela_Texto_Centralizado\"><del><b>1 &#8211; Fase Preparat\u00f3ria<\/b><\/del><\/p><\/td><td><p class=\"Tabela_Texto_Centralizado\"><del><b>2- Sele\u00e7\u00e3o do Fornecedor<\/b><\/del><\/p><\/td><td><p class=\"Tabela_Texto_Centralizado\"><del><b>3 &#8211; Contrata\u00e7\u00e3o<\/b><\/del><\/p><\/td><td><p class=\"Tabela_Texto_Centralizado\"><del><b>4 &#8211; Empenho<\/b><\/del><\/p><\/td><\/tr><tr><td><p class=\"Tabela_Texto_Centralizado\"><del>Sistema<\/del><\/p><\/td><td><p class=\"Tabela_Texto_Centralizado\"><del>Compras.gov.br<\/del><\/p><\/td><td><p class=\"Tabela_Texto_Centralizado\"><del>Compras.gov.br<\/del><\/p><\/td><td><p class=\"Tabela_Texto_Centralizado\"><del>Contratos.RJ<\/del><\/p><\/td><td><p class=\"Tabela_Texto_Centralizado\"><del>SIAFE-Rio<\/del><\/p><\/td><\/tr><tr><td colspan=\"5\"><p class=\"Tabela_Texto_Centralizado\"><del>Instru\u00e7\u00e3o Processual: SEI-RJ<\/del><\/p><\/td><\/tr><\/tbody><\/table><p><del><b>5.3 Regras Gerais para a Transi\u00e7\u00e3o dos Processos em Andamento<\/b><\/del><\/p><p><del><b>5.3.1 Processos de Contrata\u00e7\u00e3o em Andamento<\/b><\/del><\/p><p class=\"Texto_Alinhado_Esquerda\"><del>Os \u00f3rg\u00e3os e entidades do Poder Executivo do Estado do Rio de Janeiro poder\u00e3o optar por realizar as licita\u00e7\u00f5es e contrata\u00e7\u00f5es de acordo com as Leis Federais n\u00ba 8.666\/1993, 10.520\/2022 e 12.462\/2011, no sistema SIGA, desde que a autoriza\u00e7\u00e3o da contrata\u00e7\u00e3o pela autoridade competente para in\u00edcio do procedimento tenha sido assinada no documento gerado e indexado no processo eletr\u00f4nico at\u00e9 o dia 31 de mar\u00e7o de 2023.<\/del><\/p><p class=\"Texto_Alinhado_Esquerda\"><del>A partir do dia 1\u00b0 de abril de 2023, os processos de licita\u00e7\u00e3o e contrata\u00e7\u00e3o no Sistema SIGA que n\u00e3o tenham autoriza\u00e7\u00e3o da contrata\u00e7\u00e3o na forma acima indicada dever\u00e3o ser cancelados.<\/del><\/p><p><del><b>5.3.2 Processos licitat\u00f3rios em Andamento<\/b><\/del><\/p><p><del>Sendo constatada a vantajosidade para a Administra\u00e7\u00e3o P\u00fablica, o ordenador de despesa poder\u00e1, mediante justificativa, encerrar os processos licitat\u00f3rios enquadrados\u00a0Leis Federais n\u00ba 8.666\/1993, 10.520\/2022 e 12.462\/2011, na forma\u00a0eletr\u00f4nica nos sistemas SEI!RJ e SIGA e iniciar um novo processo de licita\u00e7\u00e3o ou contrata\u00e7\u00e3o para o mesmo\u00a0objeto, efetivando o seu processamento pela nova sistem\u00e1tica processual, conforme item 5.2.<\/del><\/p><p><del><b>5.4 Procedimento de implanta\u00e7\u00e3o nos \u00f3rg\u00e3os e entidades<\/b><\/del><\/p><p><del>Para a operacionaliza\u00e7\u00e3o do novo fluxo b\u00e1sico dos processos de contrata\u00e7\u00e3o, descrito no item 5.2, os \u00f3rg\u00e3os e entidades dever\u00e3o\u00a0<a target=\"_blank\" name=\"_Hlk81386699\"><\/a>observar as etapas abaixo:<\/del><\/p><p><del><b>5.4.1\u00a0<\/b>A unidade dever\u00e1 providenciar seu cadastramento no Sistema de Gest\u00e3o de Acesso \u2013 SGA (<a href=\"https:\/\/www.gov.br\/compras\/pt-br\/sistemas\/sistema-de-gestao-de-acesso-ao-siasg-sga\" target=\"_blank\" rel=\"noopener\">https:\/\/www.gov.br\/compras\/pt-br\/sistemas\/sistema-de-gestao-de-acesso-ao-siasg-sga<\/a>), assinando o Termo de Acesso ao SIASG\/Compras.gov.br e obtendo seu n\u00famero de Unidade de Administra\u00e7\u00e3o de Servi\u00e7os Gerais \u2013 UASG, para o acesso ao sistema que ser\u00e1 utilizado;<\/del><\/p><p><del><b>5.4.2\u00a0<\/b>A unidade passar\u00e1 a informar em seus processos de licita\u00e7\u00e3o e contrata\u00e7\u00e3o os itens a serem contratados conforme descritivo constante no cat\u00e1logo de materiais e servi\u00e7os do Governo Federal. (<a href=\"https:\/\/siasgnet-consultas.siasgnet.estaleiro.serpro.gov.br\/siasgnet-catalogo\" target=\"_blank\" rel=\"noopener\">https:\/\/www.gov.br\/compras\/pt-br\/sistemas\/catalogo<\/a>);<\/del><\/p><p><del><b>5.4.3\u00a0<\/b>Para a inser\u00e7\u00e3o da licita\u00e7\u00e3o e contrata\u00e7\u00e3o no Sistema Compras.gov.br e lan\u00e7amento dos dados no Sistema Contratos.RJ, os usu\u00e1rios dever\u00e3o observar os tutoriais constantes do portal da Redecompras (https:\/\/redelog.rj.gov.br\/redecompras\/).<\/del><\/p><p><del><b>5.4.4\u00a0<\/b>Para fins de habilita\u00e7\u00e3o, bem como para cadastro de penalidades ao fornecedor a unidade dever\u00e1 acessar o Sistema de Cadastramento Unificado de Fornecedores \u2013 SICAF (https:\/\/www.gov.br\/compras\/pt-br\/sistemas\/conheca-o-compras\/sicaf-digital)<\/del><\/p><p><del><b>5.5 Boas pr\u00e1ticas nas contrata\u00e7\u00f5es p\u00fablicas.<\/b><\/del><\/p><p><del>Na realiza\u00e7\u00e3o dos procedimentos de licita\u00e7\u00e3o e contrata\u00e7\u00e3o previstos neste Plano de Trabalho, poder\u00e3o ser utilizados os artefatos digitais disponibilizados pelo Governo Federal, enquanto facilitadores, bem como n\u00facleos de boas pr\u00e1ticas, desde que observados os normativos estaduais espec\u00edficos.<\/del><\/p><p><del><b>5.5.1<\/b>\u00a0O Estudo T\u00e9cnico Preliminar (ETP Digital), a Matriz de Gerenciamento de Riscos e o Termo de Refer\u00eancia (TR Digital) poder\u00e3o ser utilizados por meio de acesso ao sistema dispon\u00edvel na \u00e1rea de trabalho do Compras.gov.br.<\/del><\/p><p><del><b>5.5.2<\/b>\u00a0A Pesquisa de Pre\u00e7os ser\u00e1 realizada conforme a Resolu\u00e7\u00e3o SEPLAG\u00a0179\/2023, sem preju\u00edzo da utiliza\u00e7\u00e3o, como boa pr\u00e1tica, do Sistema de Pesquisa de Pre\u00e7os do Governo Federal, dispon\u00edvel na \u00e1rea de trabalho do Compras.gov.br.<\/del><\/p><p><del><b>5.6 Suporte e Base de Conhecimento<\/b><\/del><\/p><p><del>A SEPLAG, por meio da SUBLOG, prover\u00e1 uma equipe de Suporte para o atendimento dos usu\u00e1rios que estejam com d\u00favidas quanto \u00e0s opera\u00e7\u00f5es nos sistemas.<\/del><\/p><p><del><b>5.6.1<\/b>\u00a0A SUBLOG prestar\u00e1 suporte de 1\u00ba n\u00edvel ao sistema Compras.gov.br, envolvendo casos como orienta\u00e7\u00f5es sobre cadastro, acesso e informa\u00e7\u00f5es sobre certificado digital, por meio do telefone 23331834, pelo sistema SEI!RJ na unidade SEPLAG\/SUPALOG e, ainda, pelo endere\u00e7o eletr\u00f4nico:\u00a0<strong>apoio.logistico@planejamento.rj.gov.br<\/strong><\/del><\/p><p><del><b>5.6.2.<\/b>\u00a0As dificuldades t\u00e9cnicas com rela\u00e7\u00e3o a intercorr\u00eancias e funcionamento do sistema Compras.gov.br dever\u00e3o ser encaminhadas diretamente ao Portal de Servi\u00e7os do Governo Federal (<strong>https:\/\/portaldeservicos.economia.gov.br\/<\/strong>, ou atrav\u00e9s do telefone 0800 978 9001.<\/del><\/p><p><del><b>5.6.3<\/b>\u00a0A atividade de suporte na opera\u00e7\u00e3o do Sistema Contratos.RJ ser\u00e1 realizada pela SEPLAG\/SUBLOG. Problemas relacionados a intercorr\u00eancias t\u00e9cnicas e erros sist\u00eamicos, bem como dificuldade de acesso e de opera\u00e7\u00e3o do Sistema Contratos.RJ dever\u00e3o ser encaminhados ao Suporte por meio da ferramenta Fale Conosco disponibilizada no pr\u00f3prio sistema.<\/del><\/p><p><del><b>5.6.4<\/b>\u00a0A Base de Conhecimento para contrata\u00e7\u00f5es p\u00fablicas e demais temas voltados \u00e0 log\u00edstica est\u00e3o dispon\u00edveis no Portal da Rede Log\u00edstica \u2013 REDELOG (<strong>www.redelog.rj.gov.br<\/strong>) e na p\u00e1gina da Rede de Gestores de Compras &#8211; REDECOMPRAS. Os assuntos est\u00e3o organizados de acordo com o fluxo da contrata\u00e7\u00e3o de forma a auxiliar o usu\u00e1rio a compreender as etapas e modelos de documentos a serem utilizados. Al\u00e9m disso, a Base de Conhecimento conta com uma se\u00e7\u00e3o de Perguntas e Respostas (FAQ) com as d\u00favidas mais frequentes.<\/del><\/p><p><del><b>5.7 N\u00e3o Escopo<\/b><\/del><\/p><p><del><b>5.7.1\u00a0<\/b>As contrata\u00e7\u00f5es realizadas com base nas\u00a0Leis Federais n\u00ba 8.666\/1993, 10.520\/2022 e 12.462\/2011\u00a0n\u00e3o poder\u00e3o ser processadas no sistema Compras.gov.br.<\/del><\/p><p><del><b>5.7.2\u00a0<\/b>As atualiza\u00e7\u00f5es e moderniza\u00e7\u00f5es na plataforma Compras.gov.br estar\u00e3o a cargo do Governo Federal e ser\u00e3o divulgadas aos usu\u00e1rios do Governo do Estado do Rio de Janeiro por meio de informes disponibilizados no Portal da Rede Log\u00edstica \u2013 REDELOG (<a href=\"http:\/\/www.redelog.rj.gov.br\/\" target=\"_blank\" rel=\"noopener\">www.redelog.rj.gov.br<\/a>) e na p\u00e1gina da Rede de Gestores de Compras \u2013 REDECOMPRAS (<strong>https:\/\/redelog.rj.gov.br\/redecompras\/<\/strong>).<\/del><\/p><p><del><b>5.7.3\u00a0<\/b>O sistema de Planejamento e Gerenciamento de Contrata\u00e7\u00f5es \u2013 PGC do Governo Federal n\u00e3o ser\u00e1 utilizado para a elabora\u00e7\u00e3o do Plano de Contrata\u00e7\u00f5es Anual \u2013 PCA dos \u00f3rg\u00e3os e entidades do Governo do estado do Rio de Janeiro.<\/del><\/p><p><del><b>5.7.4<\/b>\u00a0O m\u00f3dulo Contratos do Compras.gov.br n\u00e3o ser\u00e1 adotado, pois em seu lugar ser\u00e1 utilizado o Sistema Contratos.RJ.<\/del><\/p><p><del><b>6. Cronograma de Implanta\u00e7\u00e3o<\/b><\/del><\/p><p><del><b>6.1 Contrata\u00e7\u00e3o Direta<\/b>\u00a0(Inexigibilidade e Dispensa de Licita\u00e7\u00e3o): Imediata<\/del><\/p><p><del><b>6.2 Preg\u00e3o\/Concorr\u00eancia<\/b>: 1\u00ba semestre de 2023<\/del><\/p><p><del><b>6.3 Sistema de Registro de Pre\u00e7os (SRP)<\/b>: 1\u00ba semestre de 2023<\/del><\/p><p><del><b>6.4 Demais modalidades<\/b>: 2\u00ba semestre de 2023<\/del><\/p><p><del>A utiliza\u00e7\u00e3o do sistema Compras.gov.br para as contrata\u00e7\u00f5es diretas com base na Lei n\u00b0 14.133\/2021 j\u00e1 est\u00e1 dispon\u00edvel. Os itens 6.2, 6.3 e 6.4 passar\u00e3o a ser utilizados conforme as orienta\u00e7\u00f5es contidas nos respectivos normativos a serem publicados.<\/del><\/p><p><del><b>7. Educa\u00e7\u00e3o Continuada<\/b><\/del><\/p><p><del>A estrat\u00e9gia de Educa\u00e7\u00e3o Continuada est\u00e1 balizada na forma\u00e7\u00e3o dos servidores que operar\u00e3o os sistemas da plataforma Compras.gov.br e do Contratos.RJ.<\/del><\/p><p><del>As capacita\u00e7\u00f5es ser\u00e3o promovidas no in\u00edcio da implanta\u00e7\u00e3o, conforme consta no Cronograma do item 6 deste Plano de Trabalho, com a apresenta\u00e7\u00e3o inicial dos sistemas e fluxos envolvidos, e a qualquer tempo durante a implanta\u00e7\u00e3o.<\/del><\/p><p><del>Outra frente de atua\u00e7\u00e3o ser\u00e1 a REDECOMPRAS, que tem por objetivos estabelecer diretrizes para a atua\u00e7\u00e3o dos gestores setoriais do sistema Compras.gov.br, padronizar os procedimentos relativos \u00e0s suas atribui\u00e7\u00f5es, promover a capacita\u00e7\u00e3o e a atualiza\u00e7\u00e3o dos seus agentes, organizar eventos interativos, oferecer canais para a troca de informa\u00e7\u00f5es entre seus membros e manter os registros de habilidades e de forma\u00e7\u00e3o profissional no \u00e2mbito dos sistemas.<\/del><\/p><p><del>A implementa\u00e7\u00e3o da presente estrat\u00e9gia de forma\u00e7\u00e3o continuada poder\u00e1 ser realizada por meio de parcerias com \u00f3rg\u00e3os e entidades especializados em capacita\u00e7\u00e3o, forma\u00e7\u00e3o continuada e aperfei\u00e7oamento de servidores p\u00fablicos.<\/del><\/p><p style=\"text-align: right;\">Id: 2461511<\/p>\t\t\t\t\t\t\t\t<\/div>\n\t\t\t\t\t<\/div>\n\t\t<\/div>\n\t\t\t\t\t<\/div>\n\t\t<\/section>\n\t\t\t\t<section class=\"elementor-section elementor-top-section elementor-element elementor-element-ebf181d elementor-section-boxed elementor-section-height-default elementor-section-height-default\" data-id=\"ebf181d\" data-element_type=\"section\" data-settings=\"{&quot;jet_parallax_layout_list&quot;:[{&quot;jet_parallax_layout_image&quot;:{&quot;url&quot;:&quot;&quot;,&quot;id&quot;:&quot;&quot;,&quot;size&quot;:&quot;&quot;},&quot;_id&quot;:&quot;04dd098&quot;,&quot;jet_parallax_layout_image_tablet&quot;:{&quot;url&quot;:&quot;&quot;,&quot;id&quot;:&quot;&quot;,&quot;size&quot;:&quot;&quot;},&quot;jet_parallax_layout_image_mobile&quot;:{&quot;url&quot;:&quot;&quot;,&quot;id&quot;:&quot;&quot;,&quot;size&quot;:&quot;&quot;},&quot;jet_parallax_layout_speed&quot;:{&quot;unit&quot;:&quot;%&quot;,&quot;size&quot;:50,&quot;sizes&quot;:[]},&quot;jet_parallax_layout_type&quot;:&quot;scroll&quot;,&quot;jet_parallax_layout_direction&quot;:&quot;1&quot;,&quot;jet_parallax_layout_fx_direction&quot;:null,&quot;jet_parallax_layout_z_index&quot;:&quot;&quot;,&quot;jet_parallax_layout_bg_x&quot;:50,&quot;jet_parallax_layout_bg_x_tablet&quot;:&quot;&quot;,&quot;jet_parallax_layout_bg_x_mobile&quot;:&quot;&quot;,&quot;jet_parallax_layout_bg_y&quot;:50,&quot;jet_parallax_layout_bg_y_tablet&quot;:&quot;&quot;,&quot;jet_parallax_layout_bg_y_mobile&quot;:&quot;&quot;,&quot;jet_parallax_layout_bg_size&quot;:&quot;auto&quot;,&quot;jet_parallax_layout_bg_size_tablet&quot;:&quot;&quot;,&quot;jet_parallax_layout_bg_size_mobile&quot;:&quot;&quot;,&quot;jet_parallax_layout_animation_prop&quot;:&quot;transform&quot;,&quot;jet_parallax_layout_on&quot;:[&quot;desktop&quot;,&quot;tablet&quot;]}]}\">\n\t\t\t\t\t\t<div class=\"elementor-container elementor-column-gap-default\">\n\t\t\t\t\t<div class=\"elementor-column elementor-col-100 elementor-top-column elementor-element elementor-element-226f32a\" data-id=\"226f32a\" data-element_type=\"column\">\n\t\t\t<div class=\"elementor-widget-wrap elementor-element-populated\">\n\t\t\t\t\t\t<div class=\"elementor-element elementor-element-19222da elementor-widget elementor-widget-text-editor\" data-id=\"19222da\" data-element_type=\"widget\" data-widget_type=\"text-editor.default\">\n\t\t\t\t\t\t\t\t\t<p><em>Publicada no DOE em <strong><a href=\"https:\/\/www.redelog.rj.gov.br\/redelog\/wp-content\/uploads\/2023\/03\/Resolucao-SEPLAG-no-198-Plano-de-Trabalho-Compras.gov_.pdf\">06\/03\/2023<\/a>.<\/strong><\/em><\/p><p><em>Revogada pelo <strong><a href=\"https:\/\/leisestaduais.com.br\/rj\/decreto-n-49193-2024-rio-de-janeiro-institui-e-regulamenta-no-ambito-do-poder-executivo-do-estado-do-rio-de-janeiro-o-uso-do-sistema-integrado-de-gestao-de-aquisicoes-siga?q=49193#\">Decreto n\u00ba 49.193, de 11 de julho de 2024<\/a><\/strong>, publicado no DOE em <strong><a href=\"https:\/\/www.redelog.rj.gov.br\/redelog\/wp-content\/uploads\/2024\/07\/Decreto-no-49.193-Institui-e-Regulamenta-o-SIGA.pdf\">12\/07\/2024<\/a><\/strong>.<\/em><\/p>\t\t\t\t\t\t\t\t<\/div>\n\t\t\t\t\t<\/div>\n\t\t<\/div>\n\t\t\t\t\t<\/div>\n\t\t<\/section>\n\t\t\t\t<section class=\"elementor-section elementor-top-section elementor-element elementor-element-46351a7 elementor-section-boxed elementor-section-height-default elementor-section-height-default\" data-id=\"46351a7\" data-element_type=\"section\" data-settings=\"{&quot;jet_parallax_layout_list&quot;:[{&quot;jet_parallax_layout_image&quot;:{&quot;url&quot;:&quot;&quot;,&quot;id&quot;:&quot;&quot;,&quot;size&quot;:&quot;&quot;},&quot;_id&quot;:&quot;ab030fc&quot;,&quot;jet_parallax_layout_image_tablet&quot;:{&quot;url&quot;:&quot;&quot;,&quot;id&quot;:&quot;&quot;,&quot;size&quot;:&quot;&quot;},&quot;jet_parallax_layout_image_mobile&quot;:{&quot;url&quot;:&quot;&quot;,&quot;id&quot;:&quot;&quot;,&quot;size&quot;:&quot;&quot;},&quot;jet_parallax_layout_speed&quot;:{&quot;unit&quot;:&quot;%&quot;,&quot;size&quot;:50,&quot;sizes&quot;:[]},&quot;jet_parallax_layout_type&quot;:&quot;scroll&quot;,&quot;jet_parallax_layout_direction&quot;:&quot;1&quot;,&quot;jet_parallax_layout_fx_direction&quot;:null,&quot;jet_parallax_layout_z_index&quot;:&quot;&quot;,&quot;jet_parallax_layout_bg_x&quot;:50,&quot;jet_parallax_layout_bg_x_tablet&quot;:&quot;&quot;,&quot;jet_parallax_layout_bg_x_mobile&quot;:&quot;&quot;,&quot;jet_parallax_layout_bg_y&quot;:50,&quot;jet_parallax_layout_bg_y_tablet&quot;:&quot;&quot;,&quot;jet_parallax_layout_bg_y_mobile&quot;:&quot;&quot;,&quot;jet_parallax_layout_bg_size&quot;:&quot;auto&quot;,&quot;jet_parallax_layout_bg_size_tablet&quot;:&quot;&quot;,&quot;jet_parallax_layout_bg_size_mobile&quot;:&quot;&quot;,&quot;jet_parallax_layout_animation_prop&quot;:&quot;transform&quot;,&quot;jet_parallax_layout_on&quot;:[&quot;desktop&quot;,&quot;tablet&quot;]}]}\">\n\t\t\t\t\t\t<div class=\"elementor-container elementor-column-gap-default\">\n\t\t\t\t\t<div class=\"elementor-column elementor-col-100 elementor-top-column elementor-element elementor-element-48969c2\" data-id=\"48969c2\" data-element_type=\"column\">\n\t\t\t<div class=\"elementor-widget-wrap elementor-element-populated\">\n\t\t\t\t\t\t<div class=\"elementor-element elementor-element-28d2426 elementor-widget-divider--view-line elementor-widget elementor-widget-divider\" data-id=\"28d2426\" data-element_type=\"widget\" data-widget_type=\"divider.default\">\n\t\t\t\t\t\t\t<div class=\"elementor-divider\">\n\t\t\t<span class=\"elementor-divider-separator\">\n\t\t\t\t\t\t<\/span>\n\t\t<\/div>\n\t\t\t\t\t\t<\/div>\n\t\t\t\t\t<\/div>\n\t\t<\/div>\n\t\t\t\t\t<\/div>\n\t\t<\/section>\n\t\t\t\t<section class=\"elementor-section elementor-top-section elementor-element elementor-element-b455592 elementor-section-boxed elementor-section-height-default elementor-section-height-default\" data-id=\"b455592\" data-element_type=\"section\" id=\"options\" data-settings=\"{&quot;jet_parallax_layout_list&quot;:[{&quot;jet_parallax_layout_image&quot;:{&quot;url&quot;:&quot;&quot;,&quot;id&quot;:&quot;&quot;,&quot;size&quot;:&quot;&quot;},&quot;_id&quot;:&quot;19d7213&quot;,&quot;jet_parallax_layout_image_tablet&quot;:{&quot;url&quot;:&quot;&quot;,&quot;id&quot;:&quot;&quot;,&quot;size&quot;:&quot;&quot;},&quot;jet_parallax_layout_image_mobile&quot;:{&quot;url&quot;:&quot;&quot;,&quot;id&quot;:&quot;&quot;,&quot;size&quot;:&quot;&quot;},&quot;jet_parallax_layout_speed&quot;:{&quot;unit&quot;:&quot;%&quot;,&quot;size&quot;:50,&quot;sizes&quot;:[]},&quot;jet_parallax_layout_type&quot;:&quot;scroll&quot;,&quot;jet_parallax_layout_direction&quot;:&quot;1&quot;,&quot;jet_parallax_layout_fx_direction&quot;:null,&quot;jet_parallax_layout_z_index&quot;:&quot;&quot;,&quot;jet_parallax_layout_bg_x&quot;:50,&quot;jet_parallax_layout_bg_x_tablet&quot;:&quot;&quot;,&quot;jet_parallax_layout_bg_x_mobile&quot;:&quot;&quot;,&quot;jet_parallax_layout_bg_y&quot;:50,&quot;jet_parallax_layout_bg_y_tablet&quot;:&quot;&quot;,&quot;jet_parallax_layout_bg_y_mobile&quot;:&quot;&quot;,&quot;jet_parallax_layout_bg_size&quot;:&quot;auto&quot;,&quot;jet_parallax_layout_bg_size_tablet&quot;:&quot;&quot;,&quot;jet_parallax_layout_bg_size_mobile&quot;:&quot;&quot;,&quot;jet_parallax_layout_animation_prop&quot;:&quot;transform&quot;,&quot;jet_parallax_layout_on&quot;:[&quot;desktop&quot;,&quot;tablet&quot;]}]}\">\n\t\t\t\t\t\t<div class=\"elementor-container elementor-column-gap-default\">\n\t\t\t\t\t<div class=\"elementor-column elementor-col-100 elementor-top-column elementor-element elementor-element-aea6bd6\" data-id=\"aea6bd6\" data-element_type=\"column\">\n\t\t\t<div class=\"elementor-widget-wrap elementor-element-populated\">\n\t\t\t\t\t\t<div class=\"elementor-element elementor-element-c61f07b elementor-widget elementor-widget-shortcode\" data-id=\"c61f07b\" data-element_type=\"widget\" data-widget_type=\"shortcode.default\">\n\t\t\t\t\t\t\t<div class=\"elementor-shortcode\"><div class='printomatic pom-default ' id='id9361' alt='Imprimir' title='Imprimir' data-print_target='#post-22283'><\/div> <div class='printomatictext' id='id9361' alt='Imprimir' title='Imprimir' data-print_target='#post-22283'>Imprimir<\/div><div style='clear: both;'><\/div><\/div>\n\t\t\t\t\t\t<\/div>\n\t\t\t\t<section class=\"elementor-section elementor-inner-section elementor-element elementor-element-dcc12e8 elementor-section-boxed elementor-section-height-default elementor-section-height-default\" data-id=\"dcc12e8\" data-element_type=\"section\" data-settings=\"{&quot;jet_parallax_layout_list&quot;:[{&quot;jet_parallax_layout_image&quot;:{&quot;url&quot;:&quot;&quot;,&quot;id&quot;:&quot;&quot;,&quot;size&quot;:&quot;&quot;},&quot;_id&quot;:&quot;ccec7d1&quot;,&quot;jet_parallax_layout_image_tablet&quot;:{&quot;url&quot;:&quot;&quot;,&quot;id&quot;:&quot;&quot;,&quot;size&quot;:&quot;&quot;},&quot;jet_parallax_layout_image_mobile&quot;:{&quot;url&quot;:&quot;&quot;,&quot;id&quot;:&quot;&quot;,&quot;size&quot;:&quot;&quot;},&quot;jet_parallax_layout_speed&quot;:{&quot;unit&quot;:&quot;%&quot;,&quot;size&quot;:50,&quot;sizes&quot;:[]},&quot;jet_parallax_layout_type&quot;:&quot;scroll&quot;,&quot;jet_parallax_layout_direction&quot;:&quot;1&quot;,&quot;jet_parallax_layout_fx_direction&quot;:null,&quot;jet_parallax_layout_z_index&quot;:&quot;&quot;,&quot;jet_parallax_layout_bg_x&quot;:50,&quot;jet_parallax_layout_bg_x_tablet&quot;:&quot;&quot;,&quot;jet_parallax_layout_bg_x_mobile&quot;:&quot;&quot;,&quot;jet_parallax_layout_bg_y&quot;:50,&quot;jet_parallax_layout_bg_y_tablet&quot;:&quot;&quot;,&quot;jet_parallax_layout_bg_y_mobile&quot;:&quot;&quot;,&quot;jet_parallax_layout_bg_size&quot;:&quot;auto&quot;,&quot;jet_parallax_layout_bg_size_tablet&quot;:&quot;&quot;,&quot;jet_parallax_layout_bg_size_mobile&quot;:&quot;&quot;,&quot;jet_parallax_layout_animation_prop&quot;:&quot;transform&quot;,&quot;jet_parallax_layout_on&quot;:[&quot;desktop&quot;,&quot;tablet&quot;]}]}\">\n\t\t\t\t\t\t<div class=\"elementor-container elementor-column-gap-default\">\n\t\t\t\t\t<div class=\"elementor-column elementor-col-50 elementor-inner-column elementor-element elementor-element-d4adb2f\" data-id=\"d4adb2f\" data-element_type=\"column\">\n\t\t\t<div class=\"elementor-widget-wrap elementor-element-populated\">\n\t\t\t\t\t\t<div class=\"elementor-element elementor-element-f88527e elementor-widget elementor-widget-text-editor\" data-id=\"f88527e\" data-element_type=\"widget\" data-widget_type=\"text-editor.default\">\n\t\t\t\t\t\t\t\t\t<p><strong><a href=\"http:\/\/redelog.rj.gov.br\/redelog\/legislacao-licitacoes\/\">\u2190 Voltar &#8211; Licita\u00e7\u00f5es<\/a><\/strong><\/p>\t\t\t\t\t\t\t\t<\/div>\n\t\t\t\t\t<\/div>\n\t\t<\/div>\n\t\t\t\t<div class=\"elementor-column elementor-col-50 elementor-inner-column elementor-element elementor-element-a0c62b1\" data-id=\"a0c62b1\" data-element_type=\"column\">\n\t\t\t<div class=\"elementor-widget-wrap elementor-element-populated\">\n\t\t\t\t\t\t\t<\/div>\n\t\t<\/div>\n\t\t\t\t\t<\/div>\n\t\t<\/section>\n\t\t\t\t\t<\/div>\n\t\t<\/div>\n\t\t\t\t\t<\/div>\n\t\t<\/section>\n\t\t\t\t<section class=\"elementor-section elementor-top-section elementor-element elementor-element-fd03f9e elementor-section-boxed elementor-section-height-default elementor-section-height-default\" data-id=\"fd03f9e\" data-element_type=\"section\" data-settings=\"{&quot;jet_parallax_layout_list&quot;:[{&quot;jet_parallax_layout_image&quot;:{&quot;url&quot;:&quot;&quot;,&quot;id&quot;:&quot;&quot;,&quot;size&quot;:&quot;&quot;},&quot;_id&quot;:&quot;22a0abb&quot;,&quot;jet_parallax_layout_image_tablet&quot;:{&quot;url&quot;:&quot;&quot;,&quot;id&quot;:&quot;&quot;,&quot;size&quot;:&quot;&quot;},&quot;jet_parallax_layout_image_mobile&quot;:{&quot;url&quot;:&quot;&quot;,&quot;id&quot;:&quot;&quot;,&quot;size&quot;:&quot;&quot;},&quot;jet_parallax_layout_speed&quot;:{&quot;unit&quot;:&quot;%&quot;,&quot;size&quot;:50,&quot;sizes&quot;:[]},&quot;jet_parallax_layout_type&quot;:&quot;scroll&quot;,&quot;jet_parallax_layout_direction&quot;:&quot;1&quot;,&quot;jet_parallax_layout_fx_direction&quot;:null,&quot;jet_parallax_layout_z_index&quot;:&quot;&quot;,&quot;jet_parallax_layout_bg_x&quot;:50,&quot;jet_parallax_layout_bg_x_tablet&quot;:&quot;&quot;,&quot;jet_parallax_layout_bg_x_mobile&quot;:&quot;&quot;,&quot;jet_parallax_layout_bg_y&quot;:50,&quot;jet_parallax_layout_bg_y_tablet&quot;:&quot;&quot;,&quot;jet_parallax_layout_bg_y_mobile&quot;:&quot;&quot;,&quot;jet_parallax_layout_bg_size&quot;:&quot;auto&quot;,&quot;jet_parallax_layout_bg_size_tablet&quot;:&quot;&quot;,&quot;jet_parallax_layout_bg_size_mobile&quot;:&quot;&quot;,&quot;jet_parallax_layout_animation_prop&quot;:&quot;transform&quot;,&quot;jet_parallax_layout_on&quot;:[&quot;desktop&quot;,&quot;tablet&quot;]}]}\">\n\t\t\t\t\t\t<div class=\"elementor-container elementor-column-gap-default\">\n\t\t\t\t\t<div class=\"elementor-column elementor-col-100 elementor-top-column elementor-element elementor-element-686a8eb\" data-id=\"686a8eb\" data-element_type=\"column\">\n\t\t\t<div class=\"elementor-widget-wrap elementor-element-populated\">\n\t\t\t\t\t\t<div class=\"elementor-element elementor-element-ecf83af elementor-widget elementor-widget-html\" data-id=\"ecf83af\" data-element_type=\"widget\" data-widget_type=\"html.default\">\n\t\t\t\t\t<style>\n    h2, .h2-style{\n        font-size: 28px;\n    }\n<\/style>\t\t\t\t<\/div>\n\t\t\t\t\t<\/div>\n\t\t<\/div>\n\t\t\t\t\t<\/div>\n\t\t<\/section>\n\t\t\t\t<\/div>\n\t\t","protected":false},"excerpt":{"rendered":"<p>ESTABELECE PLANO DE TRABALHO PARA A UTILIZA\u00c7\u00c3O DO SISTEMA COMPRAS.GOV.BR NO \u00c2MBITO DO PODER EXECUTIVO DO ESTADO DO RIO DE JANEIRO. O SECRET\u00c1RIO DE ESTADO DE PLANEJAMENTO E GEST\u00c3O,\u00a0no uso de suas atribui\u00e7\u00f5es legais e regulamentares, de acordo com os artigos 9\u00ba e 10 do Decreto n\u00ba 47.680 de 12 de julho de 2021, e [&hellip;]<\/p>\n","protected":false},"author":19,"featured_media":0,"comment_status":"closed","ping_status":"open","sticky":false,"template":"","format":"standard","meta":{"_joinchat":[],"footnotes":""},"categories":[23],"tags":[],"class_list":["post-22283","post","type-post","status-publish","format-standard","hentry","category-cat-legislacao"],"yoast_head":"<!-- This site is optimized with the Yoast SEO plugin v25.7 - https:\/\/yoast.com\/wordpress\/plugins\/seo\/ -->\n<title>RESOLU\u00c7\u00c3O SEPLAG N\u00ba 198, DE 03 DE MAR\u00c7O DE 2023 - Redelog<\/title>\n<meta name=\"robots\" content=\"index, follow, max-snippet:-1, max-image-preview:large, max-video-preview:-1\" \/>\n<link rel=\"canonical\" href=\"https:\/\/redelog.rj.gov.br\/redelog\/resolucao-seplag-no-198-de-03-de-marco-de-2023\/\" \/>\n<meta property=\"og:locale\" content=\"pt_BR\" \/>\n<meta property=\"og:type\" content=\"article\" \/>\n<meta property=\"og:title\" content=\"RESOLU\u00c7\u00c3O SEPLAG N\u00ba 198, DE 03 DE MAR\u00c7O DE 2023 - Redelog\" \/>\n<meta property=\"og:description\" content=\"ESTABELECE PLANO DE TRABALHO PARA A UTILIZA\u00c7\u00c3O DO SISTEMA COMPRAS.GOV.BR NO \u00c2MBITO DO PODER EXECUTIVO DO ESTADO DO RIO DE JANEIRO. O SECRET\u00c1RIO DE ESTADO DE PLANEJAMENTO E GEST\u00c3O,\u00a0no uso de suas atribui\u00e7\u00f5es legais e regulamentares, de acordo com os artigos 9\u00ba e 10 do Decreto n\u00ba 47.680 de 12 de julho de 2021, e [&hellip;]\" \/>\n<meta property=\"og:url\" content=\"https:\/\/redelog.rj.gov.br\/redelog\/resolucao-seplag-no-198-de-03-de-marco-de-2023\/\" \/>\n<meta property=\"og:site_name\" content=\"Redelog\" \/>\n<meta property=\"article:published_time\" content=\"2023-03-06T16:54:42+00:00\" \/>\n<meta property=\"article:modified_time\" content=\"2024-07-15T12:58:10+00:00\" \/>\n<meta name=\"author\" content=\"Juliane Paz Vieira Lima\" \/>\n<meta name=\"twitter:card\" content=\"summary_large_image\" \/>\n<meta name=\"twitter:label1\" content=\"Escrito por\" \/>\n\t<meta name=\"twitter:data1\" content=\"Juliane Paz Vieira Lima\" \/>\n\t<meta name=\"twitter:label2\" content=\"Est. tempo de leitura\" \/>\n\t<meta name=\"twitter:data2\" content=\"5 minutos\" \/>\n<script type=\"application\/ld+json\" class=\"yoast-schema-graph\">{\"@context\":\"https:\/\/schema.org\",\"@graph\":[{\"@type\":\"Article\",\"@id\":\"https:\/\/redelog.rj.gov.br\/redelog\/resolucao-seplag-no-198-de-03-de-marco-de-2023\/#article\",\"isPartOf\":{\"@id\":\"https:\/\/redelog.rj.gov.br\/redelog\/resolucao-seplag-no-198-de-03-de-marco-de-2023\/\"},\"author\":{\"name\":\"Juliane Paz Vieira Lima\",\"@id\":\"https:\/\/redelog.rj.gov.br\/redelog\/#\/schema\/person\/a80fe416b9778ee67954a79526756867\"},\"headline\":\"RESOLU\u00c7\u00c3O SEPLAG N\u00ba 198, DE 03 DE MAR\u00c7O DE 2023\",\"datePublished\":\"2023-03-06T16:54:42+00:00\",\"dateModified\":\"2024-07-15T12:58:10+00:00\",\"mainEntityOfPage\":{\"@id\":\"https:\/\/redelog.rj.gov.br\/redelog\/resolucao-seplag-no-198-de-03-de-marco-de-2023\/\"},\"wordCount\":2386,\"publisher\":{\"@id\":\"https:\/\/redelog.rj.gov.br\/redelog\/#organization\"},\"articleSection\":[\"Legisla\u00e7\u00e3o\"],\"inLanguage\":\"pt-BR\"},{\"@type\":\"WebPage\",\"@id\":\"https:\/\/redelog.rj.gov.br\/redelog\/resolucao-seplag-no-198-de-03-de-marco-de-2023\/\",\"url\":\"https:\/\/redelog.rj.gov.br\/redelog\/resolucao-seplag-no-198-de-03-de-marco-de-2023\/\",\"name\":\"RESOLU\u00c7\u00c3O SEPLAG N\u00ba 198, DE 03 DE MAR\u00c7O DE 2023 - Redelog\",\"isPartOf\":{\"@id\":\"https:\/\/redelog.rj.gov.br\/redelog\/#website\"},\"datePublished\":\"2023-03-06T16:54:42+00:00\",\"dateModified\":\"2024-07-15T12:58:10+00:00\",\"breadcrumb\":{\"@id\":\"https:\/\/redelog.rj.gov.br\/redelog\/resolucao-seplag-no-198-de-03-de-marco-de-2023\/#breadcrumb\"},\"inLanguage\":\"pt-BR\",\"potentialAction\":[{\"@type\":\"ReadAction\",\"target\":[\"https:\/\/redelog.rj.gov.br\/redelog\/resolucao-seplag-no-198-de-03-de-marco-de-2023\/\"]}]},{\"@type\":\"BreadcrumbList\",\"@id\":\"https:\/\/redelog.rj.gov.br\/redelog\/resolucao-seplag-no-198-de-03-de-marco-de-2023\/#breadcrumb\",\"itemListElement\":[{\"@type\":\"ListItem\",\"position\":1,\"name\":\"Home\",\"item\":\"https:\/\/redelog.rj.gov.br\/redelog\/\"},{\"@type\":\"ListItem\",\"position\":2,\"name\":\"RESOLU\u00c7\u00c3O SEPLAG N\u00ba 198, DE 03 DE MAR\u00c7O DE 2023\"}]},{\"@type\":\"WebSite\",\"@id\":\"https:\/\/redelog.rj.gov.br\/redelog\/#website\",\"url\":\"https:\/\/redelog.rj.gov.br\/redelog\/\",\"name\":\"Redelog\",\"description\":\"Site da Rede de Log\u00edstica e Planejamento do Estado do Rio de Janeiro\",\"publisher\":{\"@id\":\"https:\/\/redelog.rj.gov.br\/redelog\/#organization\"},\"potentialAction\":[{\"@type\":\"SearchAction\",\"target\":{\"@type\":\"EntryPoint\",\"urlTemplate\":\"https:\/\/redelog.rj.gov.br\/redelog\/?s={search_term_string}\"},\"query-input\":{\"@type\":\"PropertyValueSpecification\",\"valueRequired\":true,\"valueName\":\"search_term_string\"}}],\"inLanguage\":\"pt-BR\"},{\"@type\":\"Organization\",\"@id\":\"https:\/\/redelog.rj.gov.br\/redelog\/#organization\",\"name\":\"REDELOG\",\"url\":\"https:\/\/redelog.rj.gov.br\/redelog\/\",\"logo\":{\"@type\":\"ImageObject\",\"inLanguage\":\"pt-BR\",\"@id\":\"https:\/\/redelog.rj.gov.br\/redelog\/#\/schema\/logo\/image\/\",\"url\":\"http:\/\/10.10.8.100:8888\/redelog\/wp-content\/uploads\/2019\/09\/Redelog2.png\",\"contentUrl\":\"http:\/\/10.10.8.100:8888\/redelog\/wp-content\/uploads\/2019\/09\/Redelog2.png\",\"width\":565,\"height\":155,\"caption\":\"REDELOG\"},\"image\":{\"@id\":\"https:\/\/redelog.rj.gov.br\/redelog\/#\/schema\/logo\/image\/\"}},{\"@type\":\"Person\",\"@id\":\"https:\/\/redelog.rj.gov.br\/redelog\/#\/schema\/person\/a80fe416b9778ee67954a79526756867\",\"name\":\"Juliane Paz Vieira Lima\",\"image\":{\"@type\":\"ImageObject\",\"inLanguage\":\"pt-BR\",\"@id\":\"https:\/\/redelog.rj.gov.br\/redelog\/#\/schema\/person\/image\/\",\"url\":\"https:\/\/secure.gravatar.com\/avatar\/6d81cf8bb20fabd08d236dec1cc7b99d2da26d368e6642dc331f1413653da0a6?s=96&d=mm&r=g\",\"contentUrl\":\"https:\/\/secure.gravatar.com\/avatar\/6d81cf8bb20fabd08d236dec1cc7b99d2da26d368e6642dc331f1413653da0a6?s=96&d=mm&r=g\",\"caption\":\"Juliane Paz Vieira Lima\"},\"url\":\"https:\/\/redelog.rj.gov.br\/redelog\/author\/julianepaz\/\"}]}<\/script>\n<!-- \/ Yoast SEO plugin. -->","yoast_head_json":{"title":"RESOLU\u00c7\u00c3O SEPLAG N\u00ba 198, DE 03 DE MAR\u00c7O DE 2023 - Redelog","robots":{"index":"index","follow":"follow","max-snippet":"max-snippet:-1","max-image-preview":"max-image-preview:large","max-video-preview":"max-video-preview:-1"},"canonical":"https:\/\/redelog.rj.gov.br\/redelog\/resolucao-seplag-no-198-de-03-de-marco-de-2023\/","og_locale":"pt_BR","og_type":"article","og_title":"RESOLU\u00c7\u00c3O SEPLAG N\u00ba 198, DE 03 DE MAR\u00c7O DE 2023 - Redelog","og_description":"ESTABELECE PLANO DE TRABALHO PARA A UTILIZA\u00c7\u00c3O DO SISTEMA COMPRAS.GOV.BR NO \u00c2MBITO DO PODER EXECUTIVO DO ESTADO DO RIO DE JANEIRO. O SECRET\u00c1RIO DE ESTADO DE PLANEJAMENTO E GEST\u00c3O,\u00a0no uso de suas atribui\u00e7\u00f5es legais e regulamentares, de acordo com os artigos 9\u00ba e 10 do Decreto n\u00ba 47.680 de 12 de julho de 2021, e [&hellip;]","og_url":"https:\/\/redelog.rj.gov.br\/redelog\/resolucao-seplag-no-198-de-03-de-marco-de-2023\/","og_site_name":"Redelog","article_published_time":"2023-03-06T16:54:42+00:00","article_modified_time":"2024-07-15T12:58:10+00:00","author":"Juliane Paz Vieira Lima","twitter_card":"summary_large_image","twitter_misc":{"Escrito por":"Juliane Paz Vieira Lima","Est. tempo de leitura":"5 minutos"},"schema":{"@context":"https:\/\/schema.org","@graph":[{"@type":"Article","@id":"https:\/\/redelog.rj.gov.br\/redelog\/resolucao-seplag-no-198-de-03-de-marco-de-2023\/#article","isPartOf":{"@id":"https:\/\/redelog.rj.gov.br\/redelog\/resolucao-seplag-no-198-de-03-de-marco-de-2023\/"},"author":{"name":"Juliane Paz Vieira Lima","@id":"https:\/\/redelog.rj.gov.br\/redelog\/#\/schema\/person\/a80fe416b9778ee67954a79526756867"},"headline":"RESOLU\u00c7\u00c3O SEPLAG N\u00ba 198, DE 03 DE MAR\u00c7O DE 2023","datePublished":"2023-03-06T16:54:42+00:00","dateModified":"2024-07-15T12:58:10+00:00","mainEntityOfPage":{"@id":"https:\/\/redelog.rj.gov.br\/redelog\/resolucao-seplag-no-198-de-03-de-marco-de-2023\/"},"wordCount":2386,"publisher":{"@id":"https:\/\/redelog.rj.gov.br\/redelog\/#organization"},"articleSection":["Legisla\u00e7\u00e3o"],"inLanguage":"pt-BR"},{"@type":"WebPage","@id":"https:\/\/redelog.rj.gov.br\/redelog\/resolucao-seplag-no-198-de-03-de-marco-de-2023\/","url":"https:\/\/redelog.rj.gov.br\/redelog\/resolucao-seplag-no-198-de-03-de-marco-de-2023\/","name":"RESOLU\u00c7\u00c3O SEPLAG N\u00ba 198, DE 03 DE MAR\u00c7O DE 2023 - Redelog","isPartOf":{"@id":"https:\/\/redelog.rj.gov.br\/redelog\/#website"},"datePublished":"2023-03-06T16:54:42+00:00","dateModified":"2024-07-15T12:58:10+00:00","breadcrumb":{"@id":"https:\/\/redelog.rj.gov.br\/redelog\/resolucao-seplag-no-198-de-03-de-marco-de-2023\/#breadcrumb"},"inLanguage":"pt-BR","potentialAction":[{"@type":"ReadAction","target":["https:\/\/redelog.rj.gov.br\/redelog\/resolucao-seplag-no-198-de-03-de-marco-de-2023\/"]}]},{"@type":"BreadcrumbList","@id":"https:\/\/redelog.rj.gov.br\/redelog\/resolucao-seplag-no-198-de-03-de-marco-de-2023\/#breadcrumb","itemListElement":[{"@type":"ListItem","position":1,"name":"Home","item":"https:\/\/redelog.rj.gov.br\/redelog\/"},{"@type":"ListItem","position":2,"name":"RESOLU\u00c7\u00c3O SEPLAG N\u00ba 198, DE 03 DE MAR\u00c7O DE 2023"}]},{"@type":"WebSite","@id":"https:\/\/redelog.rj.gov.br\/redelog\/#website","url":"https:\/\/redelog.rj.gov.br\/redelog\/","name":"Redelog","description":"Site da Rede de Log\u00edstica e Planejamento do Estado do Rio de Janeiro","publisher":{"@id":"https:\/\/redelog.rj.gov.br\/redelog\/#organization"},"potentialAction":[{"@type":"SearchAction","target":{"@type":"EntryPoint","urlTemplate":"https:\/\/redelog.rj.gov.br\/redelog\/?s={search_term_string}"},"query-input":{"@type":"PropertyValueSpecification","valueRequired":true,"valueName":"search_term_string"}}],"inLanguage":"pt-BR"},{"@type":"Organization","@id":"https:\/\/redelog.rj.gov.br\/redelog\/#organization","name":"REDELOG","url":"https:\/\/redelog.rj.gov.br\/redelog\/","logo":{"@type":"ImageObject","inLanguage":"pt-BR","@id":"https:\/\/redelog.rj.gov.br\/redelog\/#\/schema\/logo\/image\/","url":"http:\/\/10.10.8.100:8888\/redelog\/wp-content\/uploads\/2019\/09\/Redelog2.png","contentUrl":"http:\/\/10.10.8.100:8888\/redelog\/wp-content\/uploads\/2019\/09\/Redelog2.png","width":565,"height":155,"caption":"REDELOG"},"image":{"@id":"https:\/\/redelog.rj.gov.br\/redelog\/#\/schema\/logo\/image\/"}},{"@type":"Person","@id":"https:\/\/redelog.rj.gov.br\/redelog\/#\/schema\/person\/a80fe416b9778ee67954a79526756867","name":"Juliane Paz Vieira Lima","image":{"@type":"ImageObject","inLanguage":"pt-BR","@id":"https:\/\/redelog.rj.gov.br\/redelog\/#\/schema\/person\/image\/","url":"https:\/\/secure.gravatar.com\/avatar\/6d81cf8bb20fabd08d236dec1cc7b99d2da26d368e6642dc331f1413653da0a6?s=96&d=mm&r=g","contentUrl":"https:\/\/secure.gravatar.com\/avatar\/6d81cf8bb20fabd08d236dec1cc7b99d2da26d368e6642dc331f1413653da0a6?s=96&d=mm&r=g","caption":"Juliane Paz Vieira Lima"},"url":"https:\/\/redelog.rj.gov.br\/redelog\/author\/julianepaz\/"}]}},"_links":{"self":[{"href":"https:\/\/redelog.rj.gov.br\/redelog\/wp-json\/wp\/v2\/posts\/22283","targetHints":{"allow":["GET"]}}],"collection":[{"href":"https:\/\/redelog.rj.gov.br\/redelog\/wp-json\/wp\/v2\/posts"}],"about":[{"href":"https:\/\/redelog.rj.gov.br\/redelog\/wp-json\/wp\/v2\/types\/post"}],"author":[{"embeddable":true,"href":"https:\/\/redelog.rj.gov.br\/redelog\/wp-json\/wp\/v2\/users\/19"}],"replies":[{"embeddable":true,"href":"https:\/\/redelog.rj.gov.br\/redelog\/wp-json\/wp\/v2\/comments?post=22283"}],"version-history":[{"count":14,"href":"https:\/\/redelog.rj.gov.br\/redelog\/wp-json\/wp\/v2\/posts\/22283\/revisions"}],"predecessor-version":[{"id":30227,"href":"https:\/\/redelog.rj.gov.br\/redelog\/wp-json\/wp\/v2\/posts\/22283\/revisions\/30227"}],"wp:attachment":[{"href":"https:\/\/redelog.rj.gov.br\/redelog\/wp-json\/wp\/v2\/media?parent=22283"}],"wp:term":[{"taxonomy":"category","embeddable":true,"href":"https:\/\/redelog.rj.gov.br\/redelog\/wp-json\/wp\/v2\/categories?post=22283"},{"taxonomy":"post_tag","embeddable":true,"href":"https:\/\/redelog.rj.gov.br\/redelog\/wp-json\/wp\/v2\/tags?post=22283"}],"curies":[{"name":"wp","href":"https:\/\/api.w.org\/{rel}","templated":true}]}}