{"id":21180,"date":"2023-04-03T12:24:13","date_gmt":"2023-04-03T15:24:13","guid":{"rendered":"https:\/\/redelog.rj.gov.br\/redelog\/?p=21180"},"modified":"2025-10-13T14:20:41","modified_gmt":"2025-10-13T17:20:41","slug":"editando-atas-vigentes","status":"publish","type":"post","link":"https:\/\/redelog.rj.gov.br\/redelog\/editando-atas-vigentes\/","title":{"rendered":"ATAS VIGENTES"},"content":{"rendered":"\t\t<div data-elementor-type=\"wp-post\" data-elementor-id=\"21180\" class=\"elementor elementor-21180\" data-elementor-post-type=\"post\">\n\t\t\t\t<div class=\"elementor-element elementor-element-11e8834 e-con-full e-flex e-con e-parent\" data-id=\"11e8834\" data-element_type=\"container\" data-settings=\"{&quot;jet_parallax_layout_list&quot;:[]}\">\n\t\t\t\t<div class=\"elementor-element elementor-element-3cf664e elementor-widget__width-initial kng-glass-bg-yes elementor-widget elementor-widget-heading\" data-id=\"3cf664e\" data-element_type=\"widget\" data-widget_type=\"heading.default\">\n\t\t\t\t\t<h2 class=\"elementor-heading-title elementor-size-default\">ATA VIGENTES<\/h2>\t\t\t\t<\/div>\n\t\t\t\t<\/div>\n\t\t\t\t<section class=\"elementor-section elementor-top-section elementor-element elementor-element-82d4cc6 elementor-section-boxed elementor-section-height-default elementor-section-height-default\" data-id=\"82d4cc6\" data-element_type=\"section\" data-settings=\"{&quot;jet_parallax_layout_list&quot;:[{&quot;jet_parallax_layout_image&quot;:{&quot;url&quot;:&quot;&quot;,&quot;id&quot;:&quot;&quot;,&quot;size&quot;:&quot;&quot;},&quot;_id&quot;:&quot;8488200&quot;,&quot;jet_parallax_layout_image_tablet&quot;:{&quot;url&quot;:&quot;&quot;,&quot;id&quot;:&quot;&quot;,&quot;size&quot;:&quot;&quot;},&quot;jet_parallax_layout_image_mobile&quot;:{&quot;url&quot;:&quot;&quot;,&quot;id&quot;:&quot;&quot;,&quot;size&quot;:&quot;&quot;},&quot;jet_parallax_layout_speed&quot;:{&quot;unit&quot;:&quot;%&quot;,&quot;size&quot;:50,&quot;sizes&quot;:[]},&quot;jet_parallax_layout_type&quot;:&quot;scroll&quot;,&quot;jet_parallax_layout_direction&quot;:&quot;1&quot;,&quot;jet_parallax_layout_fx_direction&quot;:null,&quot;jet_parallax_layout_z_index&quot;:&quot;&quot;,&quot;jet_parallax_layout_bg_x&quot;:50,&quot;jet_parallax_layout_bg_x_tablet&quot;:&quot;&quot;,&quot;jet_parallax_layout_bg_x_mobile&quot;:&quot;&quot;,&quot;jet_parallax_layout_bg_y&quot;:50,&quot;jet_parallax_layout_bg_y_tablet&quot;:&quot;&quot;,&quot;jet_parallax_layout_bg_y_mobile&quot;:&quot;&quot;,&quot;jet_parallax_layout_bg_size&quot;:&quot;auto&quot;,&quot;jet_parallax_layout_bg_size_tablet&quot;:&quot;&quot;,&quot;jet_parallax_layout_bg_size_mobile&quot;:&quot;&quot;,&quot;jet_parallax_layout_animation_prop&quot;:&quot;transform&quot;,&quot;jet_parallax_layout_on&quot;:[&quot;desktop&quot;,&quot;tablet&quot;]}]}\">\n\t\t\t\t\t\t<div class=\"elementor-container elementor-column-gap-default\">\n\t\t\t\t\t<div class=\"elementor-column elementor-col-100 elementor-top-column elementor-element elementor-element-0fc3c41\" data-id=\"0fc3c41\" data-element_type=\"column\">\n\t\t\t<div class=\"elementor-widget-wrap elementor-element-populated\">\n\t\t\t\t\t\t<div class=\"elementor-element elementor-element-b602a8e elementor-widget elementor-widget-spacer\" data-id=\"b602a8e\" data-element_type=\"widget\" data-widget_type=\"spacer.default\">\n\t\t\t\t\t\t\t<div class=\"elementor-spacer\">\n\t\t\t<div class=\"elementor-spacer-inner\"><\/div>\n\t\t<\/div>\n\t\t\t\t\t\t<\/div>\n\t\t\t\t<div class=\"elementor-element elementor-element-118a2b6 elementor-widget__width-initial elementor-widget elementor-widget-text-editor\" data-id=\"118a2b6\" data-element_type=\"widget\" data-widget_type=\"text-editor.default\">\n\t\t\t\t\t\t\t\t\t<div><div><hr \/><hr \/><div><h2><span style=\"text-decoration: underline;\">Almoxarifado Virtual<strong><br \/><\/strong><\/span><\/h2><\/div><div><div><div><a href=\"https:\/\/www.redelog.rj.gov.br\/redelog\/wp-content\/uploads\/2025\/04\/SEI_96081498_Ata_de_Registro_de_Precos_1.pdf\">Clique aqui para visualizar a Ata de Registro de Pre\u00e7os<\/a><\/div><div>\u00a0<\/div><div><ul><li><span style=\"font-size: 1.125rem; letter-spacing: 0px;\"><strong>N\u00famero: <\/strong>001<\/span>\/2025<\/li><li><span style=\"font-size: 1.125rem; letter-spacing: 0px;\"><strong>Validade: <\/strong>04\/04\/2025 a 03\/04\/2026<\/span><\/li><li><span style=\"font-size: 1.125rem; letter-spacing: 0px;\"><strong>N\u00famero da Licita\u00e7\u00e3o:\u00a0<\/strong><\/span><span style=\"font-size: 1.125rem; letter-spacing: 0px;\">PERP 01\/2025<\/span><\/li><li><span style=\"font-size: 1.125rem; letter-spacing: 0px;\"><strong>Crit\u00e9rio de Julgamento:\u00a0<\/strong><\/span><span style=\"font-size: 1.125rem; letter-spacing: 0px;\">Menor Pre\u00e7o por Item<\/span><\/li><li><span style=\"font-size: 1.125rem; letter-spacing: 0px;\"><strong>Gestor:<\/strong>\u00a0Izabel Cristina<\/span><\/li><\/ul><\/div><\/div><\/div><h2><span style=\"text-decoration: underline;\"><strong><br \/><\/strong>Loca\u00e7\u00e3o de Ve\u00edculos<strong><br \/><\/strong><\/span><\/h2><\/div><div><div><div><a href=\"https:\/\/www.redelog.rj.gov.br\/redelog\/wp-content\/uploads\/2024\/08\/Atas-compiladas.pdf\">Clique aqui para visualizar a Ata de Registro de Pre\u00e7os<\/a><\/div><div>\u00a0<\/div><div><ul><li><span style=\"font-size: 1.125rem; letter-spacing: 0px;\"><strong>N\u00famero: <\/strong><\/span>002\/2024<\/li><li><span style=\"font-size: 1.125rem; letter-spacing: 0px;\"><strong>Validade: <\/strong>28\/08\/2024 a 27\/08\/2026<\/span><\/li><li><span style=\"font-size: 1.125rem; letter-spacing: 0px;\"><strong>N\u00famero da Licita\u00e7\u00e3o:<\/strong><\/span><span style=\"font-size: 1.125rem; letter-spacing: 0px;\">PERP 01\/2024<\/span><\/li><li><span style=\"font-size: 1.125rem; letter-spacing: 0px;\"><strong>Crit\u00e9rio de Julgamento:<\/strong><\/span><span style=\"font-size: 1.125rem; letter-spacing: 0px;\">Menor Pre\u00e7o por Item<\/span><\/li><li><span style=\"font-size: 1.125rem; letter-spacing: 0px;\"><strong>Gestor:<\/strong> Roberto Fonseca<\/span><\/li><\/ul><\/div><\/div><\/div><div><span style=\"color: #ff0000;\"><em>Os pre\u00e7os registrados das Atas de Registro de Pre\u00e7os das Compras Centralizadas, gerenciadas pela Secretaria de Estado de Planejamento e Gest\u00e3o, s\u00e3o atualizados conforme o disposto na al\u00ednea c, inciso VIII, art. 6\u00ba do Decreto n\u00ba 48.843\/2023.<\/em><\/span><\/div><\/div><div>\u00a0<\/div><div>\u00a0<\/div><div>\u00a0<\/div>\t\t\t\t\t\t\t\t<\/div>\n\t\t\t\t\t<\/div>\n\t\t<\/div>\n\t\t\t\t\t<\/div>\n\t\t<\/section>\n\t\t\t\t<section class=\"elementor-section elementor-top-section elementor-element elementor-element-593ea2f elementor-section-boxed elementor-section-height-default elementor-section-height-default\" data-id=\"593ea2f\" data-element_type=\"section\" data-settings=\"{&quot;jet_parallax_layout_list&quot;:[{&quot;jet_parallax_layout_image&quot;:{&quot;url&quot;:&quot;&quot;,&quot;id&quot;:&quot;&quot;,&quot;size&quot;:&quot;&quot;},&quot;_id&quot;:&quot;c0f1994&quot;,&quot;jet_parallax_layout_image_tablet&quot;:{&quot;url&quot;:&quot;&quot;,&quot;id&quot;:&quot;&quot;,&quot;size&quot;:&quot;&quot;},&quot;jet_parallax_layout_image_mobile&quot;:{&quot;url&quot;:&quot;&quot;,&quot;id&quot;:&quot;&quot;,&quot;size&quot;:&quot;&quot;},&quot;jet_parallax_layout_speed&quot;:{&quot;unit&quot;:&quot;%&quot;,&quot;size&quot;:50,&quot;sizes&quot;:[]},&quot;jet_parallax_layout_type&quot;:&quot;scroll&quot;,&quot;jet_parallax_layout_direction&quot;:&quot;1&quot;,&quot;jet_parallax_layout_fx_direction&quot;:null,&quot;jet_parallax_layout_z_index&quot;:&quot;&quot;,&quot;jet_parallax_layout_bg_x&quot;:50,&quot;jet_parallax_layout_bg_x_tablet&quot;:&quot;&quot;,&quot;jet_parallax_layout_bg_x_mobile&quot;:&quot;&quot;,&quot;jet_parallax_layout_bg_y&quot;:50,&quot;jet_parallax_layout_bg_y_tablet&quot;:&quot;&quot;,&quot;jet_parallax_layout_bg_y_mobile&quot;:&quot;&quot;,&quot;jet_parallax_layout_bg_size&quot;:&quot;auto&quot;,&quot;jet_parallax_layout_bg_size_tablet&quot;:&quot;&quot;,&quot;jet_parallax_layout_bg_size_mobile&quot;:&quot;&quot;,&quot;jet_parallax_layout_animation_prop&quot;:&quot;transform&quot;,&quot;jet_parallax_layout_on&quot;:[&quot;desktop&quot;,&quot;tablet&quot;]}]}\">\n\t\t\t\t\t\t<div class=\"elementor-container elementor-column-gap-default\">\n\t\t\t\t\t<div class=\"elementor-column elementor-col-100 elementor-top-column elementor-element elementor-element-1b48eb0\" data-id=\"1b48eb0\" data-element_type=\"column\">\n\t\t\t<div class=\"elementor-widget-wrap elementor-element-populated\">\n\t\t\t\t\t\t<div class=\"elementor-element elementor-element-29d565e elementor-position-left elementor-view-default elementor-mobile-position-top elementor-widget elementor-widget-icon-box\" data-id=\"29d565e\" data-element_type=\"widget\" data-widget_type=\"icon-box.default\">\n\t\t\t\t\t\t\t<div class=\"elementor-icon-box-wrapper\">\n\n\t\t\t\t\t\t<div class=\"elementor-icon-box-icon\">\n\t\t\t\t<a href=\"https:\/\/www.redelog.rj.gov.br\/redelog\/wp-content\/uploads\/2023\/05\/Instrucoes-de-Participacao-a-ARP.pdf\" class=\"elementor-icon\" tabindex=\"-1\" aria-label=\"Instru\u00e7\u00f5es para participa\u00e7\u00e3o na ARP\">\n\t\t\t\t<i aria-hidden=\"true\" class=\"nc-icon-outline files-2_doc\"><\/i>\t\t\t\t<\/a>\n\t\t\t<\/div>\n\t\t\t\n\t\t\t\t\t\t<div class=\"elementor-icon-box-content\">\n\n\t\t\t\t\t\t\t\t\t<h6 class=\"elementor-icon-box-title\">\n\t\t\t\t\t\t<a href=\"https:\/\/www.redelog.rj.gov.br\/redelog\/wp-content\/uploads\/2023\/05\/Instrucoes-de-Participacao-a-ARP.pdf\" >\n\t\t\t\t\t\t\tInstru\u00e7\u00f5es para participa\u00e7\u00e3o na ARP\t\t\t\t\t\t<\/a>\n\t\t\t\t\t<\/h6>\n\t\t\t\t\n\t\t\t\t\n\t\t\t<\/div>\n\t\t\t\n\t\t<\/div>\n\t\t\t\t\t\t<\/div>\n\t\t\t\t<div class=\"elementor-element elementor-element-117f452 elementor-position-left elementor-view-default elementor-mobile-position-top elementor-widget elementor-widget-icon-box\" data-id=\"117f452\" data-element_type=\"widget\" data-widget_type=\"icon-box.default\">\n\t\t\t\t\t\t\t<div class=\"elementor-icon-box-wrapper\">\n\n\t\t\t\t\t\t<div class=\"elementor-icon-box-icon\">\n\t\t\t\t<a href=\"https:\/\/www.redelog.rj.gov.br\/redelog\/wp-content\/uploads\/2023\/05\/Instrucoes-de-Adesao-a-ARP-VF.pdf\" class=\"elementor-icon\" tabindex=\"-1\" aria-label=\"Instru\u00e7\u00f5es para ades\u00e3o \u00e0 ARP\">\n\t\t\t\t<i aria-hidden=\"true\" class=\"nc-icon-outline files-2_doc\"><\/i>\t\t\t\t<\/a>\n\t\t\t<\/div>\n\t\t\t\n\t\t\t\t\t\t<div class=\"elementor-icon-box-content\">\n\n\t\t\t\t\t\t\t\t\t<h6 class=\"elementor-icon-box-title\">\n\t\t\t\t\t\t<a href=\"https:\/\/www.redelog.rj.gov.br\/redelog\/wp-content\/uploads\/2023\/05\/Instrucoes-de-Adesao-a-ARP-VF.pdf\" >\n\t\t\t\t\t\t\tInstru\u00e7\u00f5es para ades\u00e3o \u00e0 ARP\t\t\t\t\t\t<\/a>\n\t\t\t\t\t<\/h6>\n\t\t\t\t\n\t\t\t\t\n\t\t\t<\/div>\n\t\t\t\n\t\t<\/div>\n\t\t\t\t\t\t<\/div>\n\t\t\t\t<div class=\"elementor-element elementor-element-f906cce elementor-widget elementor-widget-spacer\" data-id=\"f906cce\" data-element_type=\"widget\" data-widget_type=\"spacer.default\">\n\t\t\t\t\t\t\t<div class=\"elementor-spacer\">\n\t\t\t<div class=\"elementor-spacer-inner\"><\/div>\n\t\t<\/div>\n\t\t\t\t\t\t<\/div>\n\t\t\t\t<div class=\"elementor-element elementor-element-27cf9d1 elementor-align-left elementor-icon-list--layout-traditional elementor-list-item-link-full_width elementor-widget elementor-widget-icon-list\" data-id=\"27cf9d1\" data-element_type=\"widget\" data-widget_type=\"icon-list.default\">\n\t\t\t\t\t\t\t<ul class=\"elementor-icon-list-items\">\n\t\t\t\t\t\t\t<li class=\"elementor-icon-list-item\">\n\t\t\t\t\t\t\t\t\t\t<span class=\"elementor-icon-list-text\"><b>Contatos:<\/b><\/span>\n\t\t\t\t\t\t\t\t\t<\/li>\n\t\t\t\t\t\t\t\t<li class=\"elementor-icon-list-item\">\n\t\t\t\t\t\t\t\t\t\t\t<span class=\"elementor-icon-list-icon\">\n\t\t\t\t\t\t\t<i aria-hidden=\"true\" class=\"material-icons md-email\"><\/i>\t\t\t\t\t\t<\/span>\n\t\t\t\t\t\t\t\t\t\t<span class=\"elementor-icon-list-text\"><b>atas@planejamento.rj.gov.br<\/b><\/span>\n\t\t\t\t\t\t\t\t\t<\/li>\n\t\t\t\t\t\t\t\t<li class=\"elementor-icon-list-item\">\n\t\t\t\t\t\t\t\t\t\t\t<span class=\"elementor-icon-list-icon\">\n\t\t\t\t\t\t\t<i aria-hidden=\"true\" class=\"xlmetriz metriz-telephone\"><\/i>\t\t\t\t\t\t<\/span>\n\t\t\t\t\t\t\t\t\t\t<span class=\"elementor-icon-list-text\"><b>(21) 2332-7013<\/b><\/span>\n\t\t\t\t\t\t\t\t\t<\/li>\n\t\t\t\t\t\t<\/ul>\n\t\t\t\t\t\t<\/div>\n\t\t\t\t<div class=\"elementor-element elementor-element-1a7e886 elementor-widget elementor-widget-spacer\" data-id=\"1a7e886\" data-element_type=\"widget\" data-widget_type=\"spacer.default\">\n\t\t\t\t\t\t\t<div class=\"elementor-spacer\">\n\t\t\t<div class=\"elementor-spacer-inner\"><\/div>\n\t\t<\/div>\n\t\t\t\t\t\t<\/div>\n\t\t\t\t<div class=\"elementor-element elementor-element-223eca0 elementor-widget elementor-widget-text-editor\" data-id=\"223eca0\" data-element_type=\"widget\" data-widget_type=\"text-editor.default\">\n\t\t\t\t\t\t\t\t\t<p><strong><a href=\"https:\/\/redelog.rj.gov.br\/redelog\/compras-centralizadas-4\/\">&lt;&#8211; Voltar<\/a><\/strong><\/p>\t\t\t\t\t\t\t\t<\/div>\n\t\t\t\t\t<\/div>\n\t\t<\/div>\n\t\t\t\t\t<\/div>\n\t\t<\/section>\n\t\t\t\t<\/div>\n\t\t","protected":false},"excerpt":{"rendered":"<p>ATA VIGENTES Almoxarifado Virtual Clique aqui para visualizar a Ata de Registro de Pre\u00e7os\u00a0 N\u00famero: 001\/2025 Validade: 04\/04\/2025 a 03\/04\/2026 N\u00famero da Licita\u00e7\u00e3o:\u00a0PERP 01\/2025 Crit\u00e9rio de Julgamento:\u00a0Menor Pre\u00e7o por Item Gestor:\u00a0Izabel Cristina Loca\u00e7\u00e3o de Ve\u00edculos Clique aqui para visualizar a Ata de Registro de Pre\u00e7os\u00a0 N\u00famero: 002\/2024 Validade: 28\/08\/2024 a 27\/08\/2026 N\u00famero da Licita\u00e7\u00e3o:PERP 01\/2024 [&hellip;]<\/p>\n","protected":false},"author":9,"featured_media":0,"comment_status":"closed","ping_status":"open","sticky":false,"template":"","format":"standard","meta":{"_joinchat":[],"footnotes":""},"categories":[26],"tags":[],"class_list":["post-21180","post","type-post","status-publish","format-standard","hentry","category-cat-redelog"],"yoast_head":"<!-- This site is optimized with the Yoast SEO plugin v25.7 - https:\/\/yoast.com\/wordpress\/plugins\/seo\/ -->\n<title>ATAS VIGENTES - Redelog<\/title>\n<meta name=\"robots\" content=\"index, follow, max-snippet:-1, max-image-preview:large, max-video-preview:-1\" \/>\n<link rel=\"canonical\" href=\"https:\/\/redelog.rj.gov.br\/redelog\/editando-atas-vigentes\/\" \/>\n<meta property=\"og:locale\" content=\"pt_BR\" \/>\n<meta property=\"og:type\" content=\"article\" \/>\n<meta property=\"og:title\" content=\"ATAS VIGENTES - Redelog\" \/>\n<meta property=\"og:description\" content=\"ATA VIGENTES Almoxarifado Virtual Clique aqui para visualizar a Ata de Registro de Pre\u00e7os\u00a0 N\u00famero: 001\/2025 Validade: 04\/04\/2025 a 03\/04\/2026 N\u00famero da Licita\u00e7\u00e3o:\u00a0PERP 01\/2025 Crit\u00e9rio de Julgamento:\u00a0Menor Pre\u00e7o por Item Gestor:\u00a0Izabel Cristina Loca\u00e7\u00e3o de Ve\u00edculos Clique aqui para visualizar a Ata de Registro de Pre\u00e7os\u00a0 N\u00famero: 002\/2024 Validade: 28\/08\/2024 a 27\/08\/2026 N\u00famero da Licita\u00e7\u00e3o:PERP 01\/2024 [&hellip;]\" \/>\n<meta property=\"og:url\" content=\"https:\/\/redelog.rj.gov.br\/redelog\/editando-atas-vigentes\/\" \/>\n<meta property=\"og:site_name\" content=\"Redelog\" \/>\n<meta property=\"article:published_time\" content=\"2023-04-03T15:24:13+00:00\" \/>\n<meta property=\"article:modified_time\" content=\"2025-10-13T17:20:41+00:00\" \/>\n<meta name=\"author\" content=\"Rejane\" \/>\n<meta name=\"twitter:card\" content=\"summary_large_image\" \/>\n<meta name=\"twitter:label1\" content=\"Escrito por\" \/>\n\t<meta name=\"twitter:data1\" content=\"Rejane\" \/>\n\t<meta name=\"twitter:label2\" content=\"Est. tempo de leitura\" \/>\n\t<meta name=\"twitter:data2\" content=\"1 minuto\" \/>\n<script type=\"application\/ld+json\" class=\"yoast-schema-graph\">{\"@context\":\"https:\/\/schema.org\",\"@graph\":[{\"@type\":\"Article\",\"@id\":\"https:\/\/redelog.rj.gov.br\/redelog\/editando-atas-vigentes\/#article\",\"isPartOf\":{\"@id\":\"https:\/\/redelog.rj.gov.br\/redelog\/editando-atas-vigentes\/\"},\"author\":{\"name\":\"Rejane\",\"@id\":\"https:\/\/redelog.rj.gov.br\/redelog\/#\/schema\/person\/711e4a03f3b5eeb4ffeb92a63daecd59\"},\"headline\":\"ATAS VIGENTES\",\"datePublished\":\"2023-04-03T15:24:13+00:00\",\"dateModified\":\"2025-10-13T17:20:41+00:00\",\"mainEntityOfPage\":{\"@id\":\"https:\/\/redelog.rj.gov.br\/redelog\/editando-atas-vigentes\/\"},\"wordCount\":140,\"publisher\":{\"@id\":\"https:\/\/redelog.rj.gov.br\/redelog\/#organization\"},\"articleSection\":[\"Redelog\"],\"inLanguage\":\"pt-BR\"},{\"@type\":\"WebPage\",\"@id\":\"https:\/\/redelog.rj.gov.br\/redelog\/editando-atas-vigentes\/\",\"url\":\"https:\/\/redelog.rj.gov.br\/redelog\/editando-atas-vigentes\/\",\"name\":\"ATAS VIGENTES - Redelog\",\"isPartOf\":{\"@id\":\"https:\/\/redelog.rj.gov.br\/redelog\/#website\"},\"datePublished\":\"2023-04-03T15:24:13+00:00\",\"dateModified\":\"2025-10-13T17:20:41+00:00\",\"breadcrumb\":{\"@id\":\"https:\/\/redelog.rj.gov.br\/redelog\/editando-atas-vigentes\/#breadcrumb\"},\"inLanguage\":\"pt-BR\",\"potentialAction\":[{\"@type\":\"ReadAction\",\"target\":[\"https:\/\/redelog.rj.gov.br\/redelog\/editando-atas-vigentes\/\"]}]},{\"@type\":\"BreadcrumbList\",\"@id\":\"https:\/\/redelog.rj.gov.br\/redelog\/editando-atas-vigentes\/#breadcrumb\",\"itemListElement\":[{\"@type\":\"ListItem\",\"position\":1,\"name\":\"Home\",\"item\":\"https:\/\/redelog.rj.gov.br\/redelog\/\"},{\"@type\":\"ListItem\",\"position\":2,\"name\":\"ATAS VIGENTES\"}]},{\"@type\":\"WebSite\",\"@id\":\"https:\/\/redelog.rj.gov.br\/redelog\/#website\",\"url\":\"https:\/\/redelog.rj.gov.br\/redelog\/\",\"name\":\"Redelog\",\"description\":\"Site da Rede de Log\u00edstica e Planejamento do Estado do Rio de Janeiro\",\"publisher\":{\"@id\":\"https:\/\/redelog.rj.gov.br\/redelog\/#organization\"},\"potentialAction\":[{\"@type\":\"SearchAction\",\"target\":{\"@type\":\"EntryPoint\",\"urlTemplate\":\"https:\/\/redelog.rj.gov.br\/redelog\/?s={search_term_string}\"},\"query-input\":{\"@type\":\"PropertyValueSpecification\",\"valueRequired\":true,\"valueName\":\"search_term_string\"}}],\"inLanguage\":\"pt-BR\"},{\"@type\":\"Organization\",\"@id\":\"https:\/\/redelog.rj.gov.br\/redelog\/#organization\",\"name\":\"REDELOG\",\"url\":\"https:\/\/redelog.rj.gov.br\/redelog\/\",\"logo\":{\"@type\":\"ImageObject\",\"inLanguage\":\"pt-BR\",\"@id\":\"https:\/\/redelog.rj.gov.br\/redelog\/#\/schema\/logo\/image\/\",\"url\":\"http:\/\/10.10.8.100:8888\/redelog\/wp-content\/uploads\/2019\/09\/Redelog2.png\",\"contentUrl\":\"http:\/\/10.10.8.100:8888\/redelog\/wp-content\/uploads\/2019\/09\/Redelog2.png\",\"width\":565,\"height\":155,\"caption\":\"REDELOG\"},\"image\":{\"@id\":\"https:\/\/redelog.rj.gov.br\/redelog\/#\/schema\/logo\/image\/\"}},{\"@type\":\"Person\",\"@id\":\"https:\/\/redelog.rj.gov.br\/redelog\/#\/schema\/person\/711e4a03f3b5eeb4ffeb92a63daecd59\",\"name\":\"Rejane\",\"image\":{\"@type\":\"ImageObject\",\"inLanguage\":\"pt-BR\",\"@id\":\"https:\/\/redelog.rj.gov.br\/redelog\/#\/schema\/person\/image\/\",\"url\":\"https:\/\/secure.gravatar.com\/avatar\/9e2f6efb183531871283cb363403afe7c22e3efb129d9e809e5824cd145dd3a8?s=96&d=mm&r=g\",\"contentUrl\":\"https:\/\/secure.gravatar.com\/avatar\/9e2f6efb183531871283cb363403afe7c22e3efb129d9e809e5824cd145dd3a8?s=96&d=mm&r=g\",\"caption\":\"Rejane\"},\"url\":\"https:\/\/redelog.rj.gov.br\/redelog\/author\/rejane\/\"}]}<\/script>\n<!-- \/ Yoast SEO plugin. -->","yoast_head_json":{"title":"ATAS VIGENTES - Redelog","robots":{"index":"index","follow":"follow","max-snippet":"max-snippet:-1","max-image-preview":"max-image-preview:large","max-video-preview":"max-video-preview:-1"},"canonical":"https:\/\/redelog.rj.gov.br\/redelog\/editando-atas-vigentes\/","og_locale":"pt_BR","og_type":"article","og_title":"ATAS VIGENTES - Redelog","og_description":"ATA VIGENTES Almoxarifado Virtual Clique aqui para visualizar a Ata de Registro de Pre\u00e7os\u00a0 N\u00famero: 001\/2025 Validade: 04\/04\/2025 a 03\/04\/2026 N\u00famero da Licita\u00e7\u00e3o:\u00a0PERP 01\/2025 Crit\u00e9rio de Julgamento:\u00a0Menor Pre\u00e7o por Item Gestor:\u00a0Izabel Cristina Loca\u00e7\u00e3o de Ve\u00edculos Clique aqui para visualizar a Ata de Registro de Pre\u00e7os\u00a0 N\u00famero: 002\/2024 Validade: 28\/08\/2024 a 27\/08\/2026 N\u00famero da Licita\u00e7\u00e3o:PERP 01\/2024 [&hellip;]","og_url":"https:\/\/redelog.rj.gov.br\/redelog\/editando-atas-vigentes\/","og_site_name":"Redelog","article_published_time":"2023-04-03T15:24:13+00:00","article_modified_time":"2025-10-13T17:20:41+00:00","author":"Rejane","twitter_card":"summary_large_image","twitter_misc":{"Escrito por":"Rejane","Est. tempo de leitura":"1 minuto"},"schema":{"@context":"https:\/\/schema.org","@graph":[{"@type":"Article","@id":"https:\/\/redelog.rj.gov.br\/redelog\/editando-atas-vigentes\/#article","isPartOf":{"@id":"https:\/\/redelog.rj.gov.br\/redelog\/editando-atas-vigentes\/"},"author":{"name":"Rejane","@id":"https:\/\/redelog.rj.gov.br\/redelog\/#\/schema\/person\/711e4a03f3b5eeb4ffeb92a63daecd59"},"headline":"ATAS VIGENTES","datePublished":"2023-04-03T15:24:13+00:00","dateModified":"2025-10-13T17:20:41+00:00","mainEntityOfPage":{"@id":"https:\/\/redelog.rj.gov.br\/redelog\/editando-atas-vigentes\/"},"wordCount":140,"publisher":{"@id":"https:\/\/redelog.rj.gov.br\/redelog\/#organization"},"articleSection":["Redelog"],"inLanguage":"pt-BR"},{"@type":"WebPage","@id":"https:\/\/redelog.rj.gov.br\/redelog\/editando-atas-vigentes\/","url":"https:\/\/redelog.rj.gov.br\/redelog\/editando-atas-vigentes\/","name":"ATAS VIGENTES - Redelog","isPartOf":{"@id":"https:\/\/redelog.rj.gov.br\/redelog\/#website"},"datePublished":"2023-04-03T15:24:13+00:00","dateModified":"2025-10-13T17:20:41+00:00","breadcrumb":{"@id":"https:\/\/redelog.rj.gov.br\/redelog\/editando-atas-vigentes\/#breadcrumb"},"inLanguage":"pt-BR","potentialAction":[{"@type":"ReadAction","target":["https:\/\/redelog.rj.gov.br\/redelog\/editando-atas-vigentes\/"]}]},{"@type":"BreadcrumbList","@id":"https:\/\/redelog.rj.gov.br\/redelog\/editando-atas-vigentes\/#breadcrumb","itemListElement":[{"@type":"ListItem","position":1,"name":"Home","item":"https:\/\/redelog.rj.gov.br\/redelog\/"},{"@type":"ListItem","position":2,"name":"ATAS VIGENTES"}]},{"@type":"WebSite","@id":"https:\/\/redelog.rj.gov.br\/redelog\/#website","url":"https:\/\/redelog.rj.gov.br\/redelog\/","name":"Redelog","description":"Site da Rede de Log\u00edstica e Planejamento do Estado do Rio de Janeiro","publisher":{"@id":"https:\/\/redelog.rj.gov.br\/redelog\/#organization"},"potentialAction":[{"@type":"SearchAction","target":{"@type":"EntryPoint","urlTemplate":"https:\/\/redelog.rj.gov.br\/redelog\/?s={search_term_string}"},"query-input":{"@type":"PropertyValueSpecification","valueRequired":true,"valueName":"search_term_string"}}],"inLanguage":"pt-BR"},{"@type":"Organization","@id":"https:\/\/redelog.rj.gov.br\/redelog\/#organization","name":"REDELOG","url":"https:\/\/redelog.rj.gov.br\/redelog\/","logo":{"@type":"ImageObject","inLanguage":"pt-BR","@id":"https:\/\/redelog.rj.gov.br\/redelog\/#\/schema\/logo\/image\/","url":"http:\/\/10.10.8.100:8888\/redelog\/wp-content\/uploads\/2019\/09\/Redelog2.png","contentUrl":"http:\/\/10.10.8.100:8888\/redelog\/wp-content\/uploads\/2019\/09\/Redelog2.png","width":565,"height":155,"caption":"REDELOG"},"image":{"@id":"https:\/\/redelog.rj.gov.br\/redelog\/#\/schema\/logo\/image\/"}},{"@type":"Person","@id":"https:\/\/redelog.rj.gov.br\/redelog\/#\/schema\/person\/711e4a03f3b5eeb4ffeb92a63daecd59","name":"Rejane","image":{"@type":"ImageObject","inLanguage":"pt-BR","@id":"https:\/\/redelog.rj.gov.br\/redelog\/#\/schema\/person\/image\/","url":"https:\/\/secure.gravatar.com\/avatar\/9e2f6efb183531871283cb363403afe7c22e3efb129d9e809e5824cd145dd3a8?s=96&d=mm&r=g","contentUrl":"https:\/\/secure.gravatar.com\/avatar\/9e2f6efb183531871283cb363403afe7c22e3efb129d9e809e5824cd145dd3a8?s=96&d=mm&r=g","caption":"Rejane"},"url":"https:\/\/redelog.rj.gov.br\/redelog\/author\/rejane\/"}]}},"_links":{"self":[{"href":"https:\/\/redelog.rj.gov.br\/redelog\/wp-json\/wp\/v2\/posts\/21180","targetHints":{"allow":["GET"]}}],"collection":[{"href":"https:\/\/redelog.rj.gov.br\/redelog\/wp-json\/wp\/v2\/posts"}],"about":[{"href":"https:\/\/redelog.rj.gov.br\/redelog\/wp-json\/wp\/v2\/types\/post"}],"author":[{"embeddable":true,"href":"https:\/\/redelog.rj.gov.br\/redelog\/wp-json\/wp\/v2\/users\/9"}],"replies":[{"embeddable":true,"href":"https:\/\/redelog.rj.gov.br\/redelog\/wp-json\/wp\/v2\/comments?post=21180"}],"version-history":[{"count":302,"href":"https:\/\/redelog.rj.gov.br\/redelog\/wp-json\/wp\/v2\/posts\/21180\/revisions"}],"predecessor-version":[{"id":36043,"href":"https:\/\/redelog.rj.gov.br\/redelog\/wp-json\/wp\/v2\/posts\/21180\/revisions\/36043"}],"wp:attachment":[{"href":"https:\/\/redelog.rj.gov.br\/redelog\/wp-json\/wp\/v2\/media?parent=21180"}],"wp:term":[{"taxonomy":"category","embeddable":true,"href":"https:\/\/redelog.rj.gov.br\/redelog\/wp-json\/wp\/v2\/categories?post=21180"},{"taxonomy":"post_tag","embeddable":true,"href":"https:\/\/redelog.rj.gov.br\/redelog\/wp-json\/wp\/v2\/tags?post=21180"}],"curies":[{"name":"wp","href":"https:\/\/api.w.org\/{rel}","templated":true}]}}