{"id":21156,"date":"2023-02-27T07:49:51","date_gmt":"2023-02-27T10:49:51","guid":{"rendered":"https:\/\/redelog.rj.gov.br\/redelog\/?p=21156"},"modified":"2025-09-23T09:35:53","modified_gmt":"2025-09-23T12:35:53","slug":"editando-biblioteca","status":"publish","type":"post","link":"https:\/\/redelog.rj.gov.br\/redelog\/editando-biblioteca\/","title":{"rendered":"BIBLIOTECA DE COMPRAS CENTRALIZADAS"},"content":{"rendered":"\t\t<div data-elementor-type=\"wp-post\" data-elementor-id=\"21156\" class=\"elementor elementor-21156\" data-elementor-post-type=\"post\">\n\t\t\t\t\t\t<section class=\"elementor-section elementor-top-section elementor-element elementor-element-fe2d46a elementor-section-stretched elementor-section-boxed elementor-section-height-default elementor-section-height-default\" data-id=\"fe2d46a\" data-element_type=\"section\" data-settings=\"{&quot;jet_parallax_layout_list&quot;:[{&quot;jet_parallax_layout_image&quot;:{&quot;url&quot;:&quot;&quot;,&quot;id&quot;:&quot;&quot;,&quot;size&quot;:&quot;&quot;},&quot;_id&quot;:&quot;ba9b5e6&quot;,&quot;jet_parallax_layout_image_tablet&quot;:{&quot;url&quot;:&quot;&quot;,&quot;id&quot;:&quot;&quot;,&quot;size&quot;:&quot;&quot;},&quot;jet_parallax_layout_image_mobile&quot;:{&quot;url&quot;:&quot;&quot;,&quot;id&quot;:&quot;&quot;,&quot;size&quot;:&quot;&quot;},&quot;jet_parallax_layout_speed&quot;:{&quot;unit&quot;:&quot;%&quot;,&quot;size&quot;:50,&quot;sizes&quot;:[]},&quot;jet_parallax_layout_type&quot;:&quot;scroll&quot;,&quot;jet_parallax_layout_direction&quot;:&quot;1&quot;,&quot;jet_parallax_layout_fx_direction&quot;:null,&quot;jet_parallax_layout_z_index&quot;:&quot;&quot;,&quot;jet_parallax_layout_bg_x&quot;:50,&quot;jet_parallax_layout_bg_x_tablet&quot;:&quot;&quot;,&quot;jet_parallax_layout_bg_x_mobile&quot;:&quot;&quot;,&quot;jet_parallax_layout_bg_y&quot;:50,&quot;jet_parallax_layout_bg_y_tablet&quot;:&quot;&quot;,&quot;jet_parallax_layout_bg_y_mobile&quot;:&quot;&quot;,&quot;jet_parallax_layout_bg_size&quot;:&quot;auto&quot;,&quot;jet_parallax_layout_bg_size_tablet&quot;:&quot;&quot;,&quot;jet_parallax_layout_bg_size_mobile&quot;:&quot;&quot;,&quot;jet_parallax_layout_animation_prop&quot;:&quot;transform&quot;,&quot;jet_parallax_layout_on&quot;:[&quot;desktop&quot;,&quot;tablet&quot;]}],&quot;stretch_section&quot;:&quot;section-stretched&quot;}\">\n\t\t\t\t\t\t<div class=\"elementor-container elementor-column-gap-narrow\">\n\t\t\t\t\t<div class=\"elementor-column elementor-col-100 elementor-top-column elementor-element elementor-element-bbaa9bf\" data-id=\"bbaa9bf\" data-element_type=\"column\" data-settings=\"{&quot;background_background&quot;:&quot;classic&quot;}\">\n\t\t\t<div class=\"elementor-widget-wrap elementor-element-populated\">\n\t\t\t\t\t\t<div class=\"elementor-element elementor-element-22f22bb elementor-widget__width-inherit elementor-widget elementor-widget-heading\" data-id=\"22f22bb\" data-element_type=\"widget\" data-widget_type=\"heading.default\">\n\t\t\t\t\t<h2 class=\"elementor-heading-title elementor-size-default\">BIBLIOTECA<\/h2>\t\t\t\t<\/div>\n\t\t\t\t<div class=\"elementor-element elementor-element-9272a24 elementor-widget elementor-widget-spacer\" data-id=\"9272a24\" data-element_type=\"widget\" data-widget_type=\"spacer.default\">\n\t\t\t\t\t\t\t<div class=\"elementor-spacer\">\n\t\t\t<div class=\"elementor-spacer-inner\"><\/div>\n\t\t<\/div>\n\t\t\t\t\t\t<\/div>\n\t\t\t\t\t<\/div>\n\t\t<\/div>\n\t\t\t\t\t<\/div>\n\t\t<\/section>\n\t\t\t\t<section class=\"elementor-section elementor-top-section elementor-element elementor-element-736a9a7 elementor-section-full_width elementor-section-height-default elementor-section-height-default\" data-id=\"736a9a7\" data-element_type=\"section\" data-settings=\"{&quot;jet_parallax_layout_list&quot;:[{&quot;jet_parallax_layout_image&quot;:{&quot;url&quot;:&quot;&quot;,&quot;id&quot;:&quot;&quot;,&quot;size&quot;:&quot;&quot;},&quot;_id&quot;:&quot;ce554e3&quot;,&quot;jet_parallax_layout_image_tablet&quot;:{&quot;url&quot;:&quot;&quot;,&quot;id&quot;:&quot;&quot;,&quot;size&quot;:&quot;&quot;},&quot;jet_parallax_layout_image_mobile&quot;:{&quot;url&quot;:&quot;&quot;,&quot;id&quot;:&quot;&quot;,&quot;size&quot;:&quot;&quot;},&quot;jet_parallax_layout_speed&quot;:{&quot;unit&quot;:&quot;%&quot;,&quot;size&quot;:50,&quot;sizes&quot;:[]},&quot;jet_parallax_layout_type&quot;:&quot;scroll&quot;,&quot;jet_parallax_layout_direction&quot;:&quot;1&quot;,&quot;jet_parallax_layout_fx_direction&quot;:null,&quot;jet_parallax_layout_z_index&quot;:&quot;&quot;,&quot;jet_parallax_layout_bg_x&quot;:50,&quot;jet_parallax_layout_bg_x_tablet&quot;:&quot;&quot;,&quot;jet_parallax_layout_bg_x_mobile&quot;:&quot;&quot;,&quot;jet_parallax_layout_bg_y&quot;:50,&quot;jet_parallax_layout_bg_y_tablet&quot;:&quot;&quot;,&quot;jet_parallax_layout_bg_y_mobile&quot;:&quot;&quot;,&quot;jet_parallax_layout_bg_size&quot;:&quot;auto&quot;,&quot;jet_parallax_layout_bg_size_tablet&quot;:&quot;&quot;,&quot;jet_parallax_layout_bg_size_mobile&quot;:&quot;&quot;,&quot;jet_parallax_layout_animation_prop&quot;:&quot;transform&quot;,&quot;jet_parallax_layout_on&quot;:[&quot;desktop&quot;,&quot;tablet&quot;]}]}\">\n\t\t\t\t\t\t<div class=\"elementor-container elementor-column-gap-default\">\n\t\t\t\t\t<div class=\"elementor-column elementor-col-100 elementor-top-column elementor-element elementor-element-71896b9\" data-id=\"71896b9\" data-element_type=\"column\">\n\t\t\t<div class=\"elementor-widget-wrap elementor-element-populated\">\n\t\t\t\t\t\t<div class=\"elementor-element elementor-element-43c104b elementor-position-left elementor-view-stacked elementor-shape-square elementor-mobile-position-top elementor-widget elementor-widget-icon-box\" data-id=\"43c104b\" data-element_type=\"widget\" data-widget_type=\"icon-box.default\">\n\t\t\t\t\t\t\t<div class=\"elementor-icon-box-wrapper\">\n\n\t\t\t\t\t\t<div class=\"elementor-icon-box-icon\">\n\t\t\t\t<a href=\"https:\/\/www.redelog.rj.gov.br\/redelog\/wp-content\/uploads\/2023\/04\/Estimativas-de-Contratacao-VF.pdf\" class=\"elementor-icon\" tabindex=\"-1\" aria-label=\"Relat\u00f3rio sobre as Estimativas de Contrata\u00e7\u00e3o\">\n\t\t\t\t<svg aria-hidden=\"true\" class=\"e-font-icon-svg e-fas-file-alt\" viewBox=\"0 0 384 512\" xmlns=\"http:\/\/www.w3.org\/2000\/svg\"><path d=\"M224 136V0H24C10.7 0 0 10.7 0 24v464c0 13.3 10.7 24 24 24h336c13.3 0 24-10.7 24-24V160H248c-13.2 0-24-10.8-24-24zm64 236c0 6.6-5.4 12-12 12H108c-6.6 0-12-5.4-12-12v-8c0-6.6 5.4-12 12-12h168c6.6 0 12 5.4 12 12v8zm0-64c0 6.6-5.4 12-12 12H108c-6.6 0-12-5.4-12-12v-8c0-6.6 5.4-12 12-12h168c6.6 0 12 5.4 12 12v8zm0-72v8c0 6.6-5.4 12-12 12H108c-6.6 0-12-5.4-12-12v-8c0-6.6 5.4-12 12-12h168c6.6 0 12 5.4 12 12zm96-114.1v6.1H256V0h6.1c6.4 0 12.5 2.5 17 7l97.9 98c4.5 4.5 7 10.6 7 16.9z\"><\/path><\/svg>\t\t\t\t<\/a>\n\t\t\t<\/div>\n\t\t\t\n\t\t\t\t\t\t<div class=\"elementor-icon-box-content\">\n\n\t\t\t\t\t\t\t\t\t<h3 class=\"elementor-icon-box-title\">\n\t\t\t\t\t\t<a href=\"https:\/\/www.redelog.rj.gov.br\/redelog\/wp-content\/uploads\/2023\/04\/Estimativas-de-Contratacao-VF.pdf\" >\n\t\t\t\t\t\t\tRelat\u00f3rio sobre as Estimativas de Contrata\u00e7\u00e3o\t\t\t\t\t\t<\/a>\n\t\t\t\t\t<\/h3>\n\t\t\t\t\n\t\t\t\t\n\t\t\t<\/div>\n\t\t\t\n\t\t<\/div>\n\t\t\t\t\t\t<\/div>\n\t\t\t\t<div class=\"elementor-element elementor-element-446c8e1 elementor-position-left elementor-view-stacked elementor-shape-square elementor-mobile-position-top elementor-widget elementor-widget-icon-box\" data-id=\"446c8e1\" data-element_type=\"widget\" data-widget_type=\"icon-box.default\">\n\t\t\t\t\t\t\t<div class=\"elementor-icon-box-wrapper\">\n\n\t\t\t\t\t\t<div class=\"elementor-icon-box-icon\">\n\t\t\t\t<a href=\"https:\/\/www.redelog.rj.gov.br\/redelog\/wp-content\/uploads\/2023\/03\/Relatorio-sobre-PLS-1.pdf\" class=\"elementor-icon\" tabindex=\"-1\" aria-label=\"Relat\u00f3rio sobre instru\u00e7\u00f5es de PLS - Plano de Suprimentos\">\n\t\t\t\t<svg aria-hidden=\"true\" class=\"e-font-icon-svg e-fas-file-alt\" viewBox=\"0 0 384 512\" xmlns=\"http:\/\/www.w3.org\/2000\/svg\"><path d=\"M224 136V0H24C10.7 0 0 10.7 0 24v464c0 13.3 10.7 24 24 24h336c13.3 0 24-10.7 24-24V160H248c-13.2 0-24-10.8-24-24zm64 236c0 6.6-5.4 12-12 12H108c-6.6 0-12-5.4-12-12v-8c0-6.6 5.4-12 12-12h168c6.6 0 12 5.4 12 12v8zm0-64c0 6.6-5.4 12-12 12H108c-6.6 0-12-5.4-12-12v-8c0-6.6 5.4-12 12-12h168c6.6 0 12 5.4 12 12v8zm0-72v8c0 6.6-5.4 12-12 12H108c-6.6 0-12-5.4-12-12v-8c0-6.6 5.4-12 12-12h168c6.6 0 12 5.4 12 12zm96-114.1v6.1H256V0h6.1c6.4 0 12.5 2.5 17 7l97.9 98c4.5 4.5 7 10.6 7 16.9z\"><\/path><\/svg>\t\t\t\t<\/a>\n\t\t\t<\/div>\n\t\t\t\n\t\t\t\t\t\t<div class=\"elementor-icon-box-content\">\n\n\t\t\t\t\t\t\t\t\t<h3 class=\"elementor-icon-box-title\">\n\t\t\t\t\t\t<a href=\"https:\/\/www.redelog.rj.gov.br\/redelog\/wp-content\/uploads\/2023\/03\/Relatorio-sobre-PLS-1.pdf\" >\n\t\t\t\t\t\t\tRelat\u00f3rio sobre instru\u00e7\u00f5es de PLS - Plano de Suprimentos\t\t\t\t\t\t<\/a>\n\t\t\t\t\t<\/h3>\n\t\t\t\t\n\t\t\t\t\n\t\t\t<\/div>\n\t\t\t\n\t\t<\/div>\n\t\t\t\t\t\t<\/div>\n\t\t\t\t<div class=\"elementor-element elementor-element-e14df35 elementor-position-left elementor-view-stacked elementor-shape-square elementor-mobile-position-top elementor-widget elementor-widget-icon-box\" data-id=\"e14df35\" data-element_type=\"widget\" data-widget_type=\"icon-box.default\">\n\t\t\t\t\t\t\t<div class=\"elementor-icon-box-wrapper\">\n\n\t\t\t\t\t\t<div class=\"elementor-icon-box-icon\">\n\t\t\t\t<a href=\"https:\/\/www.redelog.rj.gov.br\/redelog\/wp-content\/uploads\/2023\/04\/13.Campo_.Publicas.Conex_.Expr_.FreitasetAl.pdf\" class=\"elementor-icon\" tabindex=\"-1\" aria-label=\"Artigo - Planejamento de Compras Centralizadas no Estado do Rio de Janeiro\">\n\t\t\t\t<svg aria-hidden=\"true\" class=\"e-font-icon-svg e-fas-file-alt\" viewBox=\"0 0 384 512\" xmlns=\"http:\/\/www.w3.org\/2000\/svg\"><path d=\"M224 136V0H24C10.7 0 0 10.7 0 24v464c0 13.3 10.7 24 24 24h336c13.3 0 24-10.7 24-24V160H248c-13.2 0-24-10.8-24-24zm64 236c0 6.6-5.4 12-12 12H108c-6.6 0-12-5.4-12-12v-8c0-6.6 5.4-12 12-12h168c6.6 0 12 5.4 12 12v8zm0-64c0 6.6-5.4 12-12 12H108c-6.6 0-12-5.4-12-12v-8c0-6.6 5.4-12 12-12h168c6.6 0 12 5.4 12 12v8zm0-72v8c0 6.6-5.4 12-12 12H108c-6.6 0-12-5.4-12-12v-8c0-6.6 5.4-12 12-12h168c6.6 0 12 5.4 12 12zm96-114.1v6.1H256V0h6.1c6.4 0 12.5 2.5 17 7l97.9 98c4.5 4.5 7 10.6 7 16.9z\"><\/path><\/svg>\t\t\t\t<\/a>\n\t\t\t<\/div>\n\t\t\t\n\t\t\t\t\t\t<div class=\"elementor-icon-box-content\">\n\n\t\t\t\t\t\t\t\t\t<h3 class=\"elementor-icon-box-title\">\n\t\t\t\t\t\t<a href=\"https:\/\/www.redelog.rj.gov.br\/redelog\/wp-content\/uploads\/2023\/04\/13.Campo_.Publicas.Conex_.Expr_.FreitasetAl.pdf\" >\n\t\t\t\t\t\t\tArtigo - Planejamento de Compras Centralizadas no Estado do Rio de Janeiro\t\t\t\t\t\t<\/a>\n\t\t\t\t\t<\/h3>\n\t\t\t\t\n\t\t\t\t\n\t\t\t<\/div>\n\t\t\t\n\t\t<\/div>\n\t\t\t\t\t\t<\/div>\n\t\t\t\t<div class=\"elementor-element elementor-element-5bd3103 elementor-position-left elementor-view-stacked elementor-shape-square elementor-mobile-position-top elementor-widget elementor-widget-icon-box\" data-id=\"5bd3103\" data-element_type=\"widget\" data-widget_type=\"icon-box.default\">\n\t\t\t\t\t\t\t<div class=\"elementor-icon-box-wrapper\">\n\n\t\t\t\t\t\t<div class=\"elementor-icon-box-icon\">\n\t\t\t\t<a href=\"https:\/\/redeprorio.com\/2022\/10\/26\/planejamento-e-governanca-nas-compras-centralizadas-no-rio-de-janeiro-desafios-da-lei-n-o-14-133-21\/\" class=\"elementor-icon\" tabindex=\"-1\" aria-label=\"Artigo - Planejamento e Governan\u00e7a nas Compras Centralizadas no Rio de Janeiro \u2013 Desafios da Lei n\u00b0.\u00ba 14.133\/21\">\n\t\t\t\t<svg aria-hidden=\"true\" class=\"e-font-icon-svg e-fas-file-alt\" viewBox=\"0 0 384 512\" xmlns=\"http:\/\/www.w3.org\/2000\/svg\"><path d=\"M224 136V0H24C10.7 0 0 10.7 0 24v464c0 13.3 10.7 24 24 24h336c13.3 0 24-10.7 24-24V160H248c-13.2 0-24-10.8-24-24zm64 236c0 6.6-5.4 12-12 12H108c-6.6 0-12-5.4-12-12v-8c0-6.6 5.4-12 12-12h168c6.6 0 12 5.4 12 12v8zm0-64c0 6.6-5.4 12-12 12H108c-6.6 0-12-5.4-12-12v-8c0-6.6 5.4-12 12-12h168c6.6 0 12 5.4 12 12v8zm0-72v8c0 6.6-5.4 12-12 12H108c-6.6 0-12-5.4-12-12v-8c0-6.6 5.4-12 12-12h168c6.6 0 12 5.4 12 12zm96-114.1v6.1H256V0h6.1c6.4 0 12.5 2.5 17 7l97.9 98c4.5 4.5 7 10.6 7 16.9z\"><\/path><\/svg>\t\t\t\t<\/a>\n\t\t\t<\/div>\n\t\t\t\n\t\t\t\t\t\t<div class=\"elementor-icon-box-content\">\n\n\t\t\t\t\t\t\t\t\t<h3 class=\"elementor-icon-box-title\">\n\t\t\t\t\t\t<a href=\"https:\/\/redeprorio.com\/2022\/10\/26\/planejamento-e-governanca-nas-compras-centralizadas-no-rio-de-janeiro-desafios-da-lei-n-o-14-133-21\/\" >\n\t\t\t\t\t\t\tArtigo - Planejamento e Governan\u00e7a nas Compras Centralizadas no Rio de Janeiro \u2013 Desafios da Lei n\u00b0.\u00ba 14.133\/21\t\t\t\t\t\t<\/a>\n\t\t\t\t\t<\/h3>\n\t\t\t\t\n\t\t\t\t\n\t\t\t<\/div>\n\t\t\t\n\t\t<\/div>\n\t\t\t\t\t\t<\/div>\n\t\t\t\t<div class=\"elementor-element elementor-element-e9d1aee elementor-position-left elementor-view-stacked elementor-shape-square elementor-mobile-position-top elementor-widget elementor-widget-icon-box\" data-id=\"e9d1aee\" data-element_type=\"widget\" data-widget_type=\"icon-box.default\">\n\t\t\t\t\t\t\t<div class=\"elementor-icon-box-wrapper\">\n\n\t\t\t\t\t\t<div class=\"elementor-icon-box-icon\">\n\t\t\t\t<a href=\"https:\/\/www.redelog.rj.gov.br\/redelog\/wp-content\/uploads\/2023\/06\/Decreto-46.751.pdf\" class=\"elementor-icon\" tabindex=\"-1\" aria-label=\"Apresenta\u00e7\u00e3o - Conhecendo o Decreto 46.751 - Sistema Registro de Pre\u00e7os\">\n\t\t\t\t<svg aria-hidden=\"true\" class=\"e-font-icon-svg e-fas-file-alt\" viewBox=\"0 0 384 512\" xmlns=\"http:\/\/www.w3.org\/2000\/svg\"><path d=\"M224 136V0H24C10.7 0 0 10.7 0 24v464c0 13.3 10.7 24 24 24h336c13.3 0 24-10.7 24-24V160H248c-13.2 0-24-10.8-24-24zm64 236c0 6.6-5.4 12-12 12H108c-6.6 0-12-5.4-12-12v-8c0-6.6 5.4-12 12-12h168c6.6 0 12 5.4 12 12v8zm0-64c0 6.6-5.4 12-12 12H108c-6.6 0-12-5.4-12-12v-8c0-6.6 5.4-12 12-12h168c6.6 0 12 5.4 12 12v8zm0-72v8c0 6.6-5.4 12-12 12H108c-6.6 0-12-5.4-12-12v-8c0-6.6 5.4-12 12-12h168c6.6 0 12 5.4 12 12zm96-114.1v6.1H256V0h6.1c6.4 0 12.5 2.5 17 7l97.9 98c4.5 4.5 7 10.6 7 16.9z\"><\/path><\/svg>\t\t\t\t<\/a>\n\t\t\t<\/div>\n\t\t\t\n\t\t\t\t\t\t<div class=\"elementor-icon-box-content\">\n\n\t\t\t\t\t\t\t\t\t<h3 class=\"elementor-icon-box-title\">\n\t\t\t\t\t\t<a href=\"https:\/\/www.redelog.rj.gov.br\/redelog\/wp-content\/uploads\/2023\/06\/Decreto-46.751.pdf\" >\n\t\t\t\t\t\t\tApresenta\u00e7\u00e3o - Conhecendo o Decreto 46.751 - Sistema Registro de Pre\u00e7os\t\t\t\t\t\t<\/a>\n\t\t\t\t\t<\/h3>\n\t\t\t\t\n\t\t\t\t\n\t\t\t<\/div>\n\t\t\t\n\t\t<\/div>\n\t\t\t\t\t\t<\/div>\n\t\t\t\t\t<\/div>\n\t\t<\/div>\n\t\t\t\t\t<\/div>\n\t\t<\/section>\n\t\t<div class=\"elementor-element elementor-element-552716c e-flex e-con-boxed e-con e-parent\" data-id=\"552716c\" data-element_type=\"container\" data-settings=\"{&quot;jet_parallax_layout_list&quot;:[]}\">\n\t\t\t\t\t<div class=\"e-con-inner\">\n\t\t\t\t<div class=\"elementor-element elementor-element-50300f4 elementor-widget elementor-widget-spacer\" data-id=\"50300f4\" data-element_type=\"widget\" data-widget_type=\"spacer.default\">\n\t\t\t\t\t\t\t<div class=\"elementor-spacer\">\n\t\t\t<div class=\"elementor-spacer-inner\"><\/div>\n\t\t<\/div>\n\t\t\t\t\t\t<\/div>\n\t\t\t\t<div class=\"elementor-element elementor-element-af0026f elementor-widget elementor-widget-text-editor\" data-id=\"af0026f\" data-element_type=\"widget\" data-widget_type=\"text-editor.default\">\n\t\t\t\t\t\t\t\t\t<p><strong><a href=\"https:\/\/redelog.rj.gov.br\/redelog\/compras-centralizadas-4\/\">&lt;&#8211; Voltar<\/a><\/strong><\/p>\t\t\t\t\t\t\t\t<\/div>\n\t\t\t\t\t<\/div>\n\t\t\t\t<\/div>\n\t\t\t\t<\/div>\n\t\t","protected":false},"excerpt":{"rendered":"<p>BIBLIOTECA Relat\u00f3rio sobre as Estimativas de Contrata\u00e7\u00e3o Relat\u00f3rio sobre instru\u00e7\u00f5es de PLS &#8211; Plano de Suprimentos Artigo &#8211; Planejamento de Compras Centralizadas no Estado do Rio de Janeiro Artigo &#8211; Planejamento e Governan\u00e7a nas Compras Centralizadas no Rio de Janeiro \u2013 Desafios da Lei n\u00b0.\u00ba 14.133\/21 Apresenta\u00e7\u00e3o &#8211; Conhecendo o Decreto 46.751 &#8211; Sistema Registro [&hellip;]<\/p>\n","protected":false},"author":9,"featured_media":0,"comment_status":"closed","ping_status":"open","sticky":false,"template":"","format":"standard","meta":{"_joinchat":[],"footnotes":""},"categories":[26],"tags":[],"class_list":["post-21156","post","type-post","status-publish","format-standard","hentry","category-cat-redelog"],"yoast_head":"<!-- This site is optimized with the Yoast SEO plugin v25.7 - https:\/\/yoast.com\/wordpress\/plugins\/seo\/ -->\n<title>BIBLIOTECA DE COMPRAS CENTRALIZADAS - Redelog<\/title>\n<meta name=\"robots\" content=\"index, follow, max-snippet:-1, max-image-preview:large, max-video-preview:-1\" \/>\n<link rel=\"canonical\" href=\"https:\/\/redelog.rj.gov.br\/redelog\/editando-biblioteca\/\" \/>\n<meta property=\"og:locale\" content=\"pt_BR\" \/>\n<meta property=\"og:type\" content=\"article\" \/>\n<meta property=\"og:title\" content=\"BIBLIOTECA DE COMPRAS CENTRALIZADAS - Redelog\" \/>\n<meta property=\"og:description\" content=\"BIBLIOTECA Relat\u00f3rio sobre as Estimativas de Contrata\u00e7\u00e3o Relat\u00f3rio sobre instru\u00e7\u00f5es de PLS &#8211; Plano de Suprimentos Artigo &#8211; Planejamento de Compras Centralizadas no Estado do Rio de Janeiro Artigo &#8211; Planejamento e Governan\u00e7a nas Compras Centralizadas no Rio de Janeiro \u2013 Desafios da Lei n\u00b0.\u00ba 14.133\/21 Apresenta\u00e7\u00e3o &#8211; Conhecendo o Decreto 46.751 &#8211; Sistema Registro [&hellip;]\" \/>\n<meta property=\"og:url\" content=\"https:\/\/redelog.rj.gov.br\/redelog\/editando-biblioteca\/\" \/>\n<meta property=\"og:site_name\" content=\"Redelog\" \/>\n<meta property=\"article:published_time\" content=\"2023-02-27T10:49:51+00:00\" \/>\n<meta property=\"article:modified_time\" content=\"2025-09-23T12:35:53+00:00\" \/>\n<meta name=\"author\" content=\"Rejane\" \/>\n<meta name=\"twitter:card\" content=\"summary_large_image\" \/>\n<meta name=\"twitter:label1\" content=\"Escrito por\" \/>\n\t<meta name=\"twitter:data1\" content=\"Rejane\" \/>\n\t<meta name=\"twitter:label2\" content=\"Est. tempo de leitura\" \/>\n\t<meta name=\"twitter:data2\" content=\"1 minuto\" \/>\n<script type=\"application\/ld+json\" class=\"yoast-schema-graph\">{\"@context\":\"https:\/\/schema.org\",\"@graph\":[{\"@type\":\"Article\",\"@id\":\"https:\/\/redelog.rj.gov.br\/redelog\/editando-biblioteca\/#article\",\"isPartOf\":{\"@id\":\"https:\/\/redelog.rj.gov.br\/redelog\/editando-biblioteca\/\"},\"author\":{\"name\":\"Rejane\",\"@id\":\"https:\/\/redelog.rj.gov.br\/redelog\/#\/schema\/person\/711e4a03f3b5eeb4ffeb92a63daecd59\"},\"headline\":\"BIBLIOTECA DE COMPRAS CENTRALIZADAS\",\"datePublished\":\"2023-02-27T10:49:51+00:00\",\"dateModified\":\"2025-09-23T12:35:53+00:00\",\"mainEntityOfPage\":{\"@id\":\"https:\/\/redelog.rj.gov.br\/redelog\/editando-biblioteca\/\"},\"wordCount\":68,\"publisher\":{\"@id\":\"https:\/\/redelog.rj.gov.br\/redelog\/#organization\"},\"articleSection\":[\"Redelog\"],\"inLanguage\":\"pt-BR\"},{\"@type\":\"WebPage\",\"@id\":\"https:\/\/redelog.rj.gov.br\/redelog\/editando-biblioteca\/\",\"url\":\"https:\/\/redelog.rj.gov.br\/redelog\/editando-biblioteca\/\",\"name\":\"BIBLIOTECA DE COMPRAS CENTRALIZADAS - Redelog\",\"isPartOf\":{\"@id\":\"https:\/\/redelog.rj.gov.br\/redelog\/#website\"},\"datePublished\":\"2023-02-27T10:49:51+00:00\",\"dateModified\":\"2025-09-23T12:35:53+00:00\",\"breadcrumb\":{\"@id\":\"https:\/\/redelog.rj.gov.br\/redelog\/editando-biblioteca\/#breadcrumb\"},\"inLanguage\":\"pt-BR\",\"potentialAction\":[{\"@type\":\"ReadAction\",\"target\":[\"https:\/\/redelog.rj.gov.br\/redelog\/editando-biblioteca\/\"]}]},{\"@type\":\"BreadcrumbList\",\"@id\":\"https:\/\/redelog.rj.gov.br\/redelog\/editando-biblioteca\/#breadcrumb\",\"itemListElement\":[{\"@type\":\"ListItem\",\"position\":1,\"name\":\"Home\",\"item\":\"https:\/\/redelog.rj.gov.br\/redelog\/\"},{\"@type\":\"ListItem\",\"position\":2,\"name\":\"BIBLIOTECA DE COMPRAS CENTRALIZADAS\"}]},{\"@type\":\"WebSite\",\"@id\":\"https:\/\/redelog.rj.gov.br\/redelog\/#website\",\"url\":\"https:\/\/redelog.rj.gov.br\/redelog\/\",\"name\":\"Redelog\",\"description\":\"Site da Rede de Log\u00edstica e Planejamento do Estado do Rio de Janeiro\",\"publisher\":{\"@id\":\"https:\/\/redelog.rj.gov.br\/redelog\/#organization\"},\"potentialAction\":[{\"@type\":\"SearchAction\",\"target\":{\"@type\":\"EntryPoint\",\"urlTemplate\":\"https:\/\/redelog.rj.gov.br\/redelog\/?s={search_term_string}\"},\"query-input\":{\"@type\":\"PropertyValueSpecification\",\"valueRequired\":true,\"valueName\":\"search_term_string\"}}],\"inLanguage\":\"pt-BR\"},{\"@type\":\"Organization\",\"@id\":\"https:\/\/redelog.rj.gov.br\/redelog\/#organization\",\"name\":\"REDELOG\",\"url\":\"https:\/\/redelog.rj.gov.br\/redelog\/\",\"logo\":{\"@type\":\"ImageObject\",\"inLanguage\":\"pt-BR\",\"@id\":\"https:\/\/redelog.rj.gov.br\/redelog\/#\/schema\/logo\/image\/\",\"url\":\"http:\/\/10.10.8.100:8888\/redelog\/wp-content\/uploads\/2019\/09\/Redelog2.png\",\"contentUrl\":\"http:\/\/10.10.8.100:8888\/redelog\/wp-content\/uploads\/2019\/09\/Redelog2.png\",\"width\":565,\"height\":155,\"caption\":\"REDELOG\"},\"image\":{\"@id\":\"https:\/\/redelog.rj.gov.br\/redelog\/#\/schema\/logo\/image\/\"}},{\"@type\":\"Person\",\"@id\":\"https:\/\/redelog.rj.gov.br\/redelog\/#\/schema\/person\/711e4a03f3b5eeb4ffeb92a63daecd59\",\"name\":\"Rejane\",\"image\":{\"@type\":\"ImageObject\",\"inLanguage\":\"pt-BR\",\"@id\":\"https:\/\/redelog.rj.gov.br\/redelog\/#\/schema\/person\/image\/\",\"url\":\"https:\/\/secure.gravatar.com\/avatar\/9e2f6efb183531871283cb363403afe7c22e3efb129d9e809e5824cd145dd3a8?s=96&d=mm&r=g\",\"contentUrl\":\"https:\/\/secure.gravatar.com\/avatar\/9e2f6efb183531871283cb363403afe7c22e3efb129d9e809e5824cd145dd3a8?s=96&d=mm&r=g\",\"caption\":\"Rejane\"},\"url\":\"https:\/\/redelog.rj.gov.br\/redelog\/author\/rejane\/\"}]}<\/script>\n<!-- \/ Yoast SEO plugin. -->","yoast_head_json":{"title":"BIBLIOTECA DE COMPRAS CENTRALIZADAS - Redelog","robots":{"index":"index","follow":"follow","max-snippet":"max-snippet:-1","max-image-preview":"max-image-preview:large","max-video-preview":"max-video-preview:-1"},"canonical":"https:\/\/redelog.rj.gov.br\/redelog\/editando-biblioteca\/","og_locale":"pt_BR","og_type":"article","og_title":"BIBLIOTECA DE COMPRAS CENTRALIZADAS - Redelog","og_description":"BIBLIOTECA Relat\u00f3rio sobre as Estimativas de Contrata\u00e7\u00e3o Relat\u00f3rio sobre instru\u00e7\u00f5es de PLS &#8211; Plano de Suprimentos Artigo &#8211; Planejamento de Compras Centralizadas no Estado do Rio de Janeiro Artigo &#8211; Planejamento e Governan\u00e7a nas Compras Centralizadas no Rio de Janeiro \u2013 Desafios da Lei n\u00b0.\u00ba 14.133\/21 Apresenta\u00e7\u00e3o &#8211; Conhecendo o Decreto 46.751 &#8211; Sistema Registro [&hellip;]","og_url":"https:\/\/redelog.rj.gov.br\/redelog\/editando-biblioteca\/","og_site_name":"Redelog","article_published_time":"2023-02-27T10:49:51+00:00","article_modified_time":"2025-09-23T12:35:53+00:00","author":"Rejane","twitter_card":"summary_large_image","twitter_misc":{"Escrito por":"Rejane","Est. tempo de leitura":"1 minuto"},"schema":{"@context":"https:\/\/schema.org","@graph":[{"@type":"Article","@id":"https:\/\/redelog.rj.gov.br\/redelog\/editando-biblioteca\/#article","isPartOf":{"@id":"https:\/\/redelog.rj.gov.br\/redelog\/editando-biblioteca\/"},"author":{"name":"Rejane","@id":"https:\/\/redelog.rj.gov.br\/redelog\/#\/schema\/person\/711e4a03f3b5eeb4ffeb92a63daecd59"},"headline":"BIBLIOTECA DE COMPRAS CENTRALIZADAS","datePublished":"2023-02-27T10:49:51+00:00","dateModified":"2025-09-23T12:35:53+00:00","mainEntityOfPage":{"@id":"https:\/\/redelog.rj.gov.br\/redelog\/editando-biblioteca\/"},"wordCount":68,"publisher":{"@id":"https:\/\/redelog.rj.gov.br\/redelog\/#organization"},"articleSection":["Redelog"],"inLanguage":"pt-BR"},{"@type":"WebPage","@id":"https:\/\/redelog.rj.gov.br\/redelog\/editando-biblioteca\/","url":"https:\/\/redelog.rj.gov.br\/redelog\/editando-biblioteca\/","name":"BIBLIOTECA DE COMPRAS CENTRALIZADAS - Redelog","isPartOf":{"@id":"https:\/\/redelog.rj.gov.br\/redelog\/#website"},"datePublished":"2023-02-27T10:49:51+00:00","dateModified":"2025-09-23T12:35:53+00:00","breadcrumb":{"@id":"https:\/\/redelog.rj.gov.br\/redelog\/editando-biblioteca\/#breadcrumb"},"inLanguage":"pt-BR","potentialAction":[{"@type":"ReadAction","target":["https:\/\/redelog.rj.gov.br\/redelog\/editando-biblioteca\/"]}]},{"@type":"BreadcrumbList","@id":"https:\/\/redelog.rj.gov.br\/redelog\/editando-biblioteca\/#breadcrumb","itemListElement":[{"@type":"ListItem","position":1,"name":"Home","item":"https:\/\/redelog.rj.gov.br\/redelog\/"},{"@type":"ListItem","position":2,"name":"BIBLIOTECA DE COMPRAS CENTRALIZADAS"}]},{"@type":"WebSite","@id":"https:\/\/redelog.rj.gov.br\/redelog\/#website","url":"https:\/\/redelog.rj.gov.br\/redelog\/","name":"Redelog","description":"Site da Rede de Log\u00edstica e Planejamento do Estado do Rio de Janeiro","publisher":{"@id":"https:\/\/redelog.rj.gov.br\/redelog\/#organization"},"potentialAction":[{"@type":"SearchAction","target":{"@type":"EntryPoint","urlTemplate":"https:\/\/redelog.rj.gov.br\/redelog\/?s={search_term_string}"},"query-input":{"@type":"PropertyValueSpecification","valueRequired":true,"valueName":"search_term_string"}}],"inLanguage":"pt-BR"},{"@type":"Organization","@id":"https:\/\/redelog.rj.gov.br\/redelog\/#organization","name":"REDELOG","url":"https:\/\/redelog.rj.gov.br\/redelog\/","logo":{"@type":"ImageObject","inLanguage":"pt-BR","@id":"https:\/\/redelog.rj.gov.br\/redelog\/#\/schema\/logo\/image\/","url":"http:\/\/10.10.8.100:8888\/redelog\/wp-content\/uploads\/2019\/09\/Redelog2.png","contentUrl":"http:\/\/10.10.8.100:8888\/redelog\/wp-content\/uploads\/2019\/09\/Redelog2.png","width":565,"height":155,"caption":"REDELOG"},"image":{"@id":"https:\/\/redelog.rj.gov.br\/redelog\/#\/schema\/logo\/image\/"}},{"@type":"Person","@id":"https:\/\/redelog.rj.gov.br\/redelog\/#\/schema\/person\/711e4a03f3b5eeb4ffeb92a63daecd59","name":"Rejane","image":{"@type":"ImageObject","inLanguage":"pt-BR","@id":"https:\/\/redelog.rj.gov.br\/redelog\/#\/schema\/person\/image\/","url":"https:\/\/secure.gravatar.com\/avatar\/9e2f6efb183531871283cb363403afe7c22e3efb129d9e809e5824cd145dd3a8?s=96&d=mm&r=g","contentUrl":"https:\/\/secure.gravatar.com\/avatar\/9e2f6efb183531871283cb363403afe7c22e3efb129d9e809e5824cd145dd3a8?s=96&d=mm&r=g","caption":"Rejane"},"url":"https:\/\/redelog.rj.gov.br\/redelog\/author\/rejane\/"}]}},"_links":{"self":[{"href":"https:\/\/redelog.rj.gov.br\/redelog\/wp-json\/wp\/v2\/posts\/21156","targetHints":{"allow":["GET"]}}],"collection":[{"href":"https:\/\/redelog.rj.gov.br\/redelog\/wp-json\/wp\/v2\/posts"}],"about":[{"href":"https:\/\/redelog.rj.gov.br\/redelog\/wp-json\/wp\/v2\/types\/post"}],"author":[{"embeddable":true,"href":"https:\/\/redelog.rj.gov.br\/redelog\/wp-json\/wp\/v2\/users\/9"}],"replies":[{"embeddable":true,"href":"https:\/\/redelog.rj.gov.br\/redelog\/wp-json\/wp\/v2\/comments?post=21156"}],"version-history":[{"count":253,"href":"https:\/\/redelog.rj.gov.br\/redelog\/wp-json\/wp\/v2\/posts\/21156\/revisions"}],"predecessor-version":[{"id":35744,"href":"https:\/\/redelog.rj.gov.br\/redelog\/wp-json\/wp\/v2\/posts\/21156\/revisions\/35744"}],"wp:attachment":[{"href":"https:\/\/redelog.rj.gov.br\/redelog\/wp-json\/wp\/v2\/media?parent=21156"}],"wp:term":[{"taxonomy":"category","embeddable":true,"href":"https:\/\/redelog.rj.gov.br\/redelog\/wp-json\/wp\/v2\/categories?post=21156"},{"taxonomy":"post_tag","embeddable":true,"href":"https:\/\/redelog.rj.gov.br\/redelog\/wp-json\/wp\/v2\/tags?post=21156"}],"curies":[{"name":"wp","href":"https:\/\/api.w.org\/{rel}","templated":true}]}}