{"id":20582,"date":"2023-02-02T11:30:43","date_gmt":"2023-02-02T14:30:43","guid":{"rendered":"https:\/\/redelog.rj.gov.br\/redelog\/?p=20582"},"modified":"2023-04-05T10:14:51","modified_gmt":"2023-04-05T13:14:51","slug":"resolucao-seplag-no-182-de-31-de-janeiro-de-2023","status":"publish","type":"post","link":"https:\/\/redelog.rj.gov.br\/redelog\/resolucao-seplag-no-182-de-31-de-janeiro-de-2023\/","title":{"rendered":"RESOLU\u00c7\u00c3O SEPLAG N\u00ba 182, DE 31 DE JANEIRO DE 2023"},"content":{"rendered":"\t\t<div data-elementor-type=\"wp-post\" data-elementor-id=\"20582\" class=\"elementor elementor-20582\" data-elementor-post-type=\"post\">\n\t\t\t\t\t\t<section class=\"elementor-section elementor-top-section elementor-element elementor-element-54679bb elementor-section-boxed elementor-section-height-default elementor-section-height-default\" data-id=\"54679bb\" data-element_type=\"section\" data-settings=\"{&quot;jet_parallax_layout_list&quot;:[{&quot;jet_parallax_layout_image&quot;:{&quot;url&quot;:&quot;&quot;,&quot;id&quot;:&quot;&quot;,&quot;size&quot;:&quot;&quot;},&quot;_id&quot;:&quot;17d107f&quot;,&quot;jet_parallax_layout_image_tablet&quot;:{&quot;url&quot;:&quot;&quot;,&quot;id&quot;:&quot;&quot;,&quot;size&quot;:&quot;&quot;},&quot;jet_parallax_layout_image_mobile&quot;:{&quot;url&quot;:&quot;&quot;,&quot;id&quot;:&quot;&quot;,&quot;size&quot;:&quot;&quot;},&quot;jet_parallax_layout_speed&quot;:{&quot;unit&quot;:&quot;%&quot;,&quot;size&quot;:50,&quot;sizes&quot;:[]},&quot;jet_parallax_layout_type&quot;:&quot;scroll&quot;,&quot;jet_parallax_layout_direction&quot;:&quot;1&quot;,&quot;jet_parallax_layout_fx_direction&quot;:null,&quot;jet_parallax_layout_z_index&quot;:&quot;&quot;,&quot;jet_parallax_layout_bg_x&quot;:50,&quot;jet_parallax_layout_bg_x_tablet&quot;:&quot;&quot;,&quot;jet_parallax_layout_bg_x_mobile&quot;:&quot;&quot;,&quot;jet_parallax_layout_bg_y&quot;:50,&quot;jet_parallax_layout_bg_y_tablet&quot;:&quot;&quot;,&quot;jet_parallax_layout_bg_y_mobile&quot;:&quot;&quot;,&quot;jet_parallax_layout_bg_size&quot;:&quot;auto&quot;,&quot;jet_parallax_layout_bg_size_tablet&quot;:&quot;&quot;,&quot;jet_parallax_layout_bg_size_mobile&quot;:&quot;&quot;,&quot;jet_parallax_layout_animation_prop&quot;:&quot;transform&quot;,&quot;jet_parallax_layout_on&quot;:[&quot;desktop&quot;,&quot;tablet&quot;]}]}\">\n\t\t\t\t\t\t<div class=\"elementor-container elementor-column-gap-default\">\n\t\t\t\t\t<div class=\"elementor-column elementor-col-100 elementor-top-column elementor-element elementor-element-abe6abd\" data-id=\"abe6abd\" data-element_type=\"column\">\n\t\t\t<div class=\"elementor-widget-wrap elementor-element-populated\">\n\t\t\t\t\t\t<section class=\"elementor-section elementor-inner-section elementor-element elementor-element-e54ab34 elementor-section-boxed elementor-section-height-default elementor-section-height-default\" data-id=\"e54ab34\" data-element_type=\"section\" data-settings=\"{&quot;jet_parallax_layout_list&quot;:[{&quot;jet_parallax_layout_image&quot;:{&quot;url&quot;:&quot;&quot;,&quot;id&quot;:&quot;&quot;,&quot;size&quot;:&quot;&quot;},&quot;_id&quot;:&quot;b8c0cc7&quot;,&quot;jet_parallax_layout_image_tablet&quot;:{&quot;url&quot;:&quot;&quot;,&quot;id&quot;:&quot;&quot;,&quot;size&quot;:&quot;&quot;},&quot;jet_parallax_layout_image_mobile&quot;:{&quot;url&quot;:&quot;&quot;,&quot;id&quot;:&quot;&quot;,&quot;size&quot;:&quot;&quot;},&quot;jet_parallax_layout_speed&quot;:{&quot;unit&quot;:&quot;%&quot;,&quot;size&quot;:50,&quot;sizes&quot;:[]},&quot;jet_parallax_layout_type&quot;:&quot;scroll&quot;,&quot;jet_parallax_layout_direction&quot;:&quot;1&quot;,&quot;jet_parallax_layout_fx_direction&quot;:null,&quot;jet_parallax_layout_z_index&quot;:&quot;&quot;,&quot;jet_parallax_layout_bg_x&quot;:50,&quot;jet_parallax_layout_bg_x_tablet&quot;:&quot;&quot;,&quot;jet_parallax_layout_bg_x_mobile&quot;:&quot;&quot;,&quot;jet_parallax_layout_bg_y&quot;:50,&quot;jet_parallax_layout_bg_y_tablet&quot;:&quot;&quot;,&quot;jet_parallax_layout_bg_y_mobile&quot;:&quot;&quot;,&quot;jet_parallax_layout_bg_size&quot;:&quot;auto&quot;,&quot;jet_parallax_layout_bg_size_tablet&quot;:&quot;&quot;,&quot;jet_parallax_layout_bg_size_mobile&quot;:&quot;&quot;,&quot;jet_parallax_layout_animation_prop&quot;:&quot;transform&quot;,&quot;jet_parallax_layout_on&quot;:[&quot;desktop&quot;,&quot;tablet&quot;]}]}\">\n\t\t\t\t\t\t<div class=\"elementor-container elementor-column-gap-default\">\n\t\t\t\t\t<div class=\"elementor-column elementor-col-50 elementor-inner-column elementor-element elementor-element-265154f\" data-id=\"265154f\" data-element_type=\"column\">\n\t\t\t<div class=\"elementor-widget-wrap\">\n\t\t\t\t\t\t\t<\/div>\n\t\t<\/div>\n\t\t\t\t<div class=\"elementor-column elementor-col-50 elementor-inner-column elementor-element elementor-element-5f9f038\" data-id=\"5f9f038\" data-element_type=\"column\">\n\t\t\t<div class=\"elementor-widget-wrap elementor-element-populated\">\n\t\t\t\t\t\t<div class=\"elementor-element elementor-element-c6fae6f elementor-widget elementor-widget-text-editor\" data-id=\"c6fae6f\" data-element_type=\"widget\" data-widget_type=\"text-editor.default\">\n\t\t\t\t\t\t\t\t\t<p style=\"text-align: justify;\"><strong>REGULAMENTA\u00a0O ALMOXARIFADO VIRTUAL, SISTEMA DE AQUISI\u00c7\u00c3O DE MATERIAIS DE CONSUMO ADMINISTRATIVO PELOS \u00d3RG\u00c3OS E ENTIDADES DA ADMINISTRA\u00c7\u00c3O P\u00daBLICA DIRETA, AUT\u00c1RQUICA E FUNDACIONAL, NO \u00c2MBITO DO PODER EXECUTIVO DO ESTADO DO RIO DE JANEIRO, E D\u00c1 OUTRAS PROVID\u00caNCIAS.<\/strong><\/p>\t\t\t\t\t\t\t\t<\/div>\n\t\t\t\t\t<\/div>\n\t\t<\/div>\n\t\t\t\t\t<\/div>\n\t\t<\/section>\n\t\t\t\t\t<\/div>\n\t\t<\/div>\n\t\t\t\t\t<\/div>\n\t\t<\/section>\n\t\t\t\t<section class=\"elementor-section elementor-top-section elementor-element elementor-element-c85a434 elementor-section-boxed elementor-section-height-default elementor-section-height-default\" data-id=\"c85a434\" data-element_type=\"section\" data-settings=\"{&quot;jet_parallax_layout_list&quot;:[{&quot;jet_parallax_layout_image&quot;:{&quot;url&quot;:&quot;&quot;,&quot;id&quot;:&quot;&quot;,&quot;size&quot;:&quot;&quot;},&quot;_id&quot;:&quot;e6bbb1d&quot;,&quot;jet_parallax_layout_image_tablet&quot;:{&quot;url&quot;:&quot;&quot;,&quot;id&quot;:&quot;&quot;,&quot;size&quot;:&quot;&quot;},&quot;jet_parallax_layout_image_mobile&quot;:{&quot;url&quot;:&quot;&quot;,&quot;id&quot;:&quot;&quot;,&quot;size&quot;:&quot;&quot;},&quot;jet_parallax_layout_speed&quot;:{&quot;unit&quot;:&quot;%&quot;,&quot;size&quot;:50,&quot;sizes&quot;:[]},&quot;jet_parallax_layout_type&quot;:&quot;scroll&quot;,&quot;jet_parallax_layout_direction&quot;:&quot;1&quot;,&quot;jet_parallax_layout_fx_direction&quot;:null,&quot;jet_parallax_layout_z_index&quot;:&quot;&quot;,&quot;jet_parallax_layout_bg_x&quot;:50,&quot;jet_parallax_layout_bg_x_tablet&quot;:&quot;&quot;,&quot;jet_parallax_layout_bg_x_mobile&quot;:&quot;&quot;,&quot;jet_parallax_layout_bg_y&quot;:50,&quot;jet_parallax_layout_bg_y_tablet&quot;:&quot;&quot;,&quot;jet_parallax_layout_bg_y_mobile&quot;:&quot;&quot;,&quot;jet_parallax_layout_bg_size&quot;:&quot;auto&quot;,&quot;jet_parallax_layout_bg_size_tablet&quot;:&quot;&quot;,&quot;jet_parallax_layout_bg_size_mobile&quot;:&quot;&quot;,&quot;jet_parallax_layout_animation_prop&quot;:&quot;transform&quot;,&quot;jet_parallax_layout_on&quot;:[&quot;desktop&quot;,&quot;tablet&quot;]}]}\">\n\t\t\t\t\t\t<div class=\"elementor-container elementor-column-gap-default\">\n\t\t\t\t\t<div class=\"elementor-column elementor-col-100 elementor-top-column elementor-element elementor-element-48728cc\" data-id=\"48728cc\" data-element_type=\"column\">\n\t\t\t<div class=\"elementor-widget-wrap elementor-element-populated\">\n\t\t\t\t\t\t<div class=\"elementor-element elementor-element-29385b0 elementor-widget elementor-widget-text-editor\" data-id=\"29385b0\" data-element_type=\"widget\" data-widget_type=\"text-editor.default\">\n\t\t\t\t\t\t\t\t\t<p class=\"Texto_Justificado_Recuo_Primeira_Linha\"><strong>O SECRET\u00c1RIO DE ESTADO DE PLANEJAMENTO E GEST\u00c3O<\/strong>, no uso de suas atribui\u00e7\u00f5es constitucionais e legais, com fundamento no inciso IV do art. 10 e art. 11, do Decreto n\u00ba 47.525, de 17 de mar\u00e7o de 2021, que institui e regulamenta a Pol\u00edtica Estadual de Gest\u00e3o Estrat\u00e9gica de Suprimentos e a Pol\u00edtica Estadual de Compras Centralizadas no \u00e2mbito do Poder Executivo do Estado do Rio de Janeiro e tendo em vista o que consta no processo SEI-120001\/010728\/2021,<\/p><p><strong>CONSIDERANDO:<\/strong><\/p><p>&#8211;\u00a0o Decreto n\u00ba 48.342\/2023\u00a0que\u00a0institui o Almoxarifado Virtual, como modelo de compras para\u00a0contrata\u00e7\u00e3o de servi\u00e7o continuado, com disponibiliza\u00e7\u00e3o de sistema informatizado, visando ao suprimento, sob demanda, de materiais de consumo administrativo, com entregas em todo territ\u00f3rio do Estado do Rio de Janeiro.<\/p><p>&#8211;\u00a0a altera\u00e7\u00e3o\u00a0do Art. 10 do Decreto 47.525 de 17 de mar\u00e7o de 2021, que passa a vigorar no inciso IV como material de consumo administrativo.<\/p><p>&#8211; que o art. 11, do Decreto n.\u00ba 47.525, de 17 de mar\u00e7o de 2021, determina que a padroniza\u00e7\u00e3o dos modelos de compras ser\u00e1 feita por Resolu\u00e7\u00e3o espec\u00edfica para cada categoria estrat\u00e9gica da GES;<\/p><p>&#8211; que o art. 7\u00ba, do Decreto n.\u00ba 47.525, de 17 de mar\u00e7o de 2021, determina que a inten\u00e7\u00e3o, por parte dos \u00f3rg\u00e3os e entidades, de realizar processo de contrata\u00e7\u00e3o em desacordo com os modelos de compras estabelecidos dever\u00e1 ser motivada e comunicada ao \u00d3rg\u00e3o Central do Sistema Log\u00edstico;<\/p><p class=\"Texto_Justificado_Recuo_Primeira_Linha\"><strong>RESOLVE:<\/strong><\/p><p style=\"text-align: center;\"><strong>CAP\u00cdTULO I<\/strong><\/p><p style=\"text-align: center;\"><strong>DAS DISPOSI\u00c7\u00d5ES PRELIMINARES<\/strong><\/p><p><strong>Art. 1\u00b0.<\/strong>\u00a0Esta resolu\u00e7\u00e3o regulamenta o Modelo de Compras para a categoria estrat\u00e9gica de\u00a0material de\u00a0consumo administrativo para\u00a0contrata\u00e7\u00e3o de servi\u00e7o continuado de opera\u00e7\u00e3o de Almoxarifado Virtual, com disponibiliza\u00e7\u00e3o de sistema informatizado, visando ao suprimento, sob demanda, de materiais de consumo administrativo, com entregas em todo territ\u00f3rio do Estado do Rio de Janeiro.<\/p><p><strong>Par\u00e1grafo \u00danico.<\/strong> O modelo de compra de que trata o caput deste artigo n\u00e3o se aplica ao fornecimento de materiais\u00a0permanentes ou\u00a0materiais de consumo\u00a0administrativo\u00a0personalizados, nos termos definidos nesta Resolu\u00e7\u00e3o.<\/p><p><strong>Art 2\u00b0.<\/strong>\u00a0Para os fins desta Resolu\u00e7\u00e3o, considera-se:<\/p><p><strong>I &#8211;<\/strong>\u00a0Material de Consumo Administrativo: material consumido nas rotinas de trabalho administrativo, que em raz\u00e3o do seu uso corrente perde sua identidade f\u00edsica e\/ou tem sua utiliza\u00e7\u00e3o limitada a dois anos, incluindo itens de escrit\u00f3rio e de inform\u00e1tica n\u00e3o permanentes.<\/p><p><strong>II\u00a0&#8211;<\/strong> Material\u00a0Permanente: materiais\u00a0que, em raz\u00e3o de seu uso corrente, n\u00e3o perdem a sua identidade f\u00edsica, e\/ou t\u00eam uma durabilidade superior a dois anos.<\/p><p><strong>III\u00a0&#8211;<\/strong> Material de Consumo Administrativo Personalizado: materiais com especifica\u00e7\u00f5es exclusivas para atender a demanda do pr\u00f3prio \u00f3rg\u00e3o usu\u00e1rio.<\/p><p><strong>IV\u00a0&#8211;<\/strong> Pedido de Fornecimento: solicita\u00e7\u00e3o eletr\u00f4nica gerada no sistema\u00a0web\u00a0que cont\u00e9m os materiais a serem supridos pelo fornecedor contratado para atendimento das necessidades do \u00f3rg\u00e3o usu\u00e1rio.<\/p><p><strong>V\u00a0&#8211;<\/strong> Sistema Web: ambiente tecnol\u00f3gico que operacionaliza o Almoxarifado Virtual, disponibilizado e mantido pelo fornecedor contratado atrav\u00e9s da ata de registro de pre\u00e7os gerenciada pelo \u00d3rg\u00e3o Central de Sistema Log\u00edstico.<\/p><p><strong>VI\u00a0&#8211;<\/strong> \u00d3rg\u00e3o Usu\u00e1rio: \u00f3rg\u00e3os ou entidades da Administra\u00e7\u00e3o P\u00fablica\u00a0direta, aut\u00e1rquica e fundacional do Poder Executivo do Estado do Rio de Janeiro, participantes ou aderentes da ata de registro de pre\u00e7os gerenciada pelo \u00d3rg\u00e3o Central do Sistema Log\u00edstico.<\/p><p><strong>VII\u00a0&#8211;<\/strong> Solicitante: servidor formalmente designado pelo \u00f3rg\u00e3o usu\u00e1rio, no \u00e2mbito de cada unidade, respons\u00e1vel pela elabora\u00e7\u00e3o dos pedidos de fornecimento.<\/p><p><strong>VIII\u00a0&#8211;<\/strong> Aprovador: servidor designado, no \u00e2mbito do \u00f3rg\u00e3o usu\u00e1rio ao qual est\u00e1 vinculado, a quem cabe aprovar ou impugnar a solicita\u00e7\u00e3o de fornecimento de materiais, gerado via sistema\u00a0web\u00a0pelo solicitante.<\/p><p><strong>IX\u00a0&#8211;<\/strong> Administrador: gestor do contrato, no \u00e2mbito do \u00f3rg\u00e3o usu\u00e1rio ao qual est\u00e1 vinculado, com funcionalidades no sistema web superiores \u00e0s atribu\u00eddas aos perfis de solicitante e aprovador.<\/p><p><strong>X\u00a0&#8211;<\/strong> Janela: nomenclatura dada ao per\u00edodo destinado para solicita\u00e7\u00e3o e aprova\u00e7\u00e3o dos pedidos ou o recebimento dos pedidos finalizados no sistema web.<\/p><p><strong>XI\u00a0&#8211;<\/strong> Pre\u00e7o Base dos Itens: pre\u00e7o definido pelo \u00d3rg\u00e3o\u00a0Central do Sistema Log\u00edstico a\u00a0ser atribu\u00eddo aos itens existentes na cesta disponibilizada pela contratada, o qual ser\u00e1 reajustado anualmente pelo IPCA.<\/p><p><strong>XII\u00a0&#8211;<\/strong> Taxa Administrativa Percentual:\u00a0percentual a ser incorporado pela empresa fornecedora sobre o pre\u00e7o base de cada item como forma de remunera\u00e7\u00e3o pelo servi\u00e7o prestado.<\/p><p><strong>XIII &#8211;<\/strong>\u00a0Termo Circunstanciado de Recebimento Provis\u00f3rio: documento elaborado pelo fiscal do contrato contendo o registro, a an\u00e1lise e a conclus\u00e3o acerca das ocorr\u00eancias na execu\u00e7\u00e3o do contrato e demais documentos que julgarem necess\u00e1rios, ap\u00f3s a\u00a0disponibiliza\u00e7\u00e3o dos dados do sistema pela fornecedora,\u00a0discriminando os servi\u00e7os prestados e relacionando todos os pedidos de fornecimento por cada unidade administrativa vinculada.<\/p><p><strong>XIV &#8211;<\/strong>\u00a0Termo Circunstanciado de Recebimento Definitivo: documento elaborado pelo gestor do contrato referente \u00e0 consolida\u00e7\u00e3o dos servi\u00e7os prestados, com base nos relat\u00f3rios e documenta\u00e7\u00e3o apresentados pelo fiscal, que subsidiar\u00e1 a emiss\u00e3o da nota fiscal.<\/p><p><strong>Art. 3\u00b0.\u00a0<\/strong>O processo para a contrata\u00e7\u00e3o\u00a0de servi\u00e7o continuado de opera\u00e7\u00e3o de Almoxarifado Virtual para fornecimento de materiais de consumo administrativo\u00a0se inicia com a participa\u00e7\u00e3o ou ades\u00e3o de \u00f3rg\u00e3o ou entidade \u00e0 ata de registro de pre\u00e7os gerenciada pelo \u00d3rg\u00e3o Central do Sistema Log\u00edstico, e se encerra com o ateste, no sistema\u00a0web, ap\u00f3s recebimento do material, devendo cada etapa ser processada na forma regulamentada por esta Resolu\u00e7\u00e3o.<\/p><p><strong>Art. 4\u00ba.<\/strong> Ap\u00f3s a homologa\u00e7\u00e3o da licita\u00e7\u00e3o realizada pelo \u00d3rg\u00e3o Central do Sistema Log\u00edstico, a lista dos itens de material de\u00a0consumo\u00a0administrativo inclu\u00eddos no Almoxarifado Virtual ser\u00e1 publicada no Portal de Compras do Poder Executivo do Estado do Rio de Janeiro, com os pre\u00e7os registrados e suas atualiza\u00e7\u00f5es, para fins de divulga\u00e7\u00e3o aos \u00f3rg\u00e3os e entidades mencionados no caput do art. 1\u00ba desta Resolu\u00e7\u00e3o.<\/p><p style=\"text-align: center;\"><strong>CAP\u00cdTULO II<\/strong><\/p><p style=\"text-align: center;\"><strong>DO FORNECIMENTO DO MATERIAL<\/strong><\/p><p><strong>Art. 5\u00ba.<\/strong> S\u00e3o etapas para o fornecimento de materiais:<\/p><p><strong>I\u00a0&#8211;<\/strong> pedido de fornecimento pelo solicitante;<\/p><p><strong>II\u00a0&#8211;<\/strong> anu\u00eancia do aprovador;<\/p><p><strong>III\u00a0&#8211;<\/strong> recebimento do material e\u00a0confer\u00eancia;<\/p><p><strong>IV\u00a0&#8211;<\/strong> contesta\u00e7\u00e3o, quando for o caso;<\/p><p><strong>V &#8211;<\/strong> ateste pelo solicitante.<\/p><p><strong>Par\u00e1grafo \u00danico.<\/strong> Todas as etapas do fornecimento se realizar\u00e3o via sistema\u00a0web, de que trata o inciso VII do art. 2\u00ba.<\/p><p style=\"text-align: center;\"><strong>CAP\u00cdTULO III<\/strong><\/p><p style=\"text-align: center;\"><strong>DOS PROCEDIMENTOS<\/strong><\/p><p><strong>Art. 6\u00ba.<\/strong>\u00a0Caber\u00e1 ao\u00a0gestor do contrato\u00a0encaminhar ao fornecedor a rela\u00e7\u00e3o de todas as\u00a0unidades administrativas e usu\u00e1rios a serem credenciados, indicando os respectivos perfis de acesso,\u00a0bem como a listagem dos itens que compor\u00e3o a prateleira do sistema\u00a0a partir dos materiais de consumo administrativo listados e divulgados no Portal de Compras do Poder Executivo do Estado do Rio de Janeiro.<\/p><p><strong>Par\u00e1grafo \u00fanico.<\/strong>\u00a0Ao\u00a0gestor do contrato\u00a0ser\u00e1 atribu\u00eddo o perfil de administrador, que al\u00e9m das funcionalidades dos Solicitantes e Aprovadores, o sistema web permitir\u00e1 o gerenciamento de:<\/p><p><strong>I &#8211;\u00a0<\/strong>quaisquer perfis de usu\u00e1rio, permitindo o cadastramento e altera\u00e7\u00e3o de dados;<\/p><p><strong>II &#8211;<\/strong>\u00a0unidades administrativas;<\/p><p><strong>III &#8211;<\/strong>\u00a0\u00f3rg\u00e3o;<\/p><p><strong>IV &#8211;<\/strong>\u00a0locais de entrega; e<\/p><p><strong>V &#8211;<\/strong>\u00a0limite financeiro de aquisi\u00e7\u00e3o para cada \u00f3rg\u00e3o\/entidade e unidade administrativa.<\/p><p style=\"text-align: center;\"><strong>Se\u00e7\u00e3o I<\/strong><\/p><p style=\"text-align: center;\"><strong>DA SOLICITA\u00c7\u00c3O, DA APROVA\u00c7\u00c3O E DO RECEBIMENTO<\/strong><\/p><p><strong>Art. 7\u00ba.<\/strong> As solicita\u00e7\u00f5es para o fornecimento de materiais de\u00a0consumo\u00a0administrativo ser\u00e3o realizadas via sistema\u00a0web\u00a0pelo solicitante do \u00f3rg\u00e3o usu\u00e1rio.<\/p><p><strong>\u00a7 1\u00b0\u00a0&#8211;<\/strong> O sistema abrir\u00e1 duas janelas de solicita\u00e7\u00e3o, sendo a primeira entre o 1\u00ba (primeiro) e o 15\u00ba (d\u00e9cimo quinto) dia do m\u00eas, e a segunda do 16\u00ba (d\u00e9cimo sexto) at\u00e9 o \u00faltimo dia do m\u00eas.<\/p><p><strong>\u00a7 2\u00b0\u00a0&#8211;<\/strong> No pedido de fornecimento, o solicitante registrar\u00e1, em campo pr\u00f3prio no sistema via\u00a0web, os materiais, as suas respectivas quantidades e o(s) endere\u00e7o(s) de entrega.<\/p><p><strong>Art. 8\u00ba.\u00a0<\/strong>Conclu\u00edda a solicita\u00e7\u00e3o do pedido de fornecimento pelo solicitante, na forma do \u00a7 2\u00ba do\u00a0Art. 7\u00ba\u00a0desta Resolu\u00e7\u00e3o,\u00a0o aprovador poder\u00e1 deferir, adicionar, excluir e alterar a quantidade dos produtos ou indeferir o pedido do solicitante.<\/p><p><strong>\u00a7 1\u00b0\u00a0&#8211;<\/strong>\u00a0O aprovador, conforme procedimento interno,\u00a0verificar\u00e1 a exist\u00eancia de estoque para aprova\u00e7\u00e3o do pedido.<\/p><p><strong>\u00a7 2\u00b0\u00a0&#8211;<\/strong> A solicita\u00e7\u00e3o que for indeferida pelo aprovador n\u00e3o ser\u00e1 finalizada e retornar\u00e1 ao solicitante que dever\u00e1 analisar o motivo do indeferimento e, se necess\u00e1rio, formalizar uma nova solicita\u00e7\u00e3o via sistema\u00a0web.<\/p><p><strong>Art. 9\u00ba.<\/strong> O pedido de fornecimento finalizado pelo aprovador ser\u00e1 entregue:<\/p><p><strong>I\u00a0&#8211;<\/strong>\u00a0Caso aprovado na\u00a01\u00ba janela: at\u00e9 o \u00faltimo dia do m\u00eas;<\/p><p><strong>II\u00a0&#8211;<\/strong>\u00a0Caso aprovado na\u00a02\u00ba janela: at\u00e9 o dia 15 do m\u00eas subsequente.<\/p><p><strong>Art. 10.<\/strong>\u00a0Recebido o material, o solicitante dever\u00e1 conferir a conformidade entre o solicitado e o entregue pelo fornecedor, examinando o estado, as quantidades, a especifica\u00e7\u00e3o t\u00e9cnica, a qualidade, o pre\u00e7o unit\u00e1rio e os documentos fiscais.<\/p><p><strong>Par\u00e1grafo \u00fanico.<\/strong> Em caso de diverg\u00eancias entre o material solicitado e o material recebido, o\u00a0solicitante rejeitar\u00e1, total ou parcialmente, em at\u00e9 03 (tr\u00eas) dias \u00fateis, o recebimento via sistema\u00a0web, para que seja promovida a entrega corretiva pela contratada, em at\u00e9 10 (dez) dias.<\/p><p style=\"text-align: center;\"><strong>Se\u00e7\u00e3o II<\/strong><\/p><p style=\"text-align: center;\"><strong>DA INSTRU\u00c7\u00c3O PARA PAGAMENTO<\/strong><\/p><p><strong>Art. 11.<\/strong>\u00a0A despesa com aquisi\u00e7\u00e3o de materiais de consumo, por meio do servi\u00e7o de outsourcing &#8211; Almoxarifado Virtual &#8211; dever\u00e1 ser classificada na Natureza de Despesa de Servi\u00e7o, utilizando o subelemento de despesa, c\u00f3digo n\u00ba 33903901, referente a \u201cServi\u00e7os de Opera\u00e7\u00e3o de Almoxarifado Virtual\u201d, cuja descri\u00e7\u00e3o \u00e9 \u201cServi\u00e7os de Opera\u00e7\u00e3o de Almoxarifado Virtual sob demanda, incluindo sistema web e fornecimento de material de consumo e entrega porta-a-porta\u201d.<\/p><p><strong>Art. 12.<\/strong>\u00a0A consolida\u00e7\u00e3o do atendimento dos pedidos no per\u00edodo apurado ser\u00e1 de responsabilidade do fiscal ou comiss\u00e3o de fiscaliza\u00e7\u00e3o, que dever\u00e1 elaborar o\u00a0Termo Circunstanciado de Recebimento Provis\u00f3rio, documento SEI denominado\u00a0\u201ctermo circuns de receb provis\u00f3 de mater ou servi\u00e7o\u201d, a ser enviado ao gestor do contrato.<\/p><p><strong>Par\u00e1grafo \u00danico.<\/strong>\u00a0No caso de verifica\u00e7\u00e3o de incid\u00eancia de descontos com base no Acordo de N\u00edvel de Servi\u00e7o &#8211; ANS, ser\u00e1 necess\u00e1ria a comunica\u00e7\u00e3o \u00e0 fornecedora para o ajustamento do valor da nota fiscal a ser emitida.<\/p><p><strong>Art. 13.<\/strong>\u00a0A instru\u00e7\u00e3o do processo de pagamento dever\u00e1 observar o estabelecido nas regulamenta\u00e7\u00f5es pertinentes, sendo imprescind\u00edvel a inclus\u00e3o dos seguintes documentos:<\/p><p><strong>I &#8211;<\/strong> Termo Circunstanciado de Recebimento Definitivo, documento SEI denominado \u201ctermo circuns de receb definit de mater ou servi\u00e7o\u201d, elaborado pelo gestor do contrato.<\/p><p><strong>II &#8211;<\/strong> Relat\u00f3rios de dados dos pedidos, extra\u00eddos do sistema disponibilizado pela fornecedora, referente ao m\u00eas de pagamento.<\/p><p><strong>Par\u00e1grafo \u00danico.<\/strong>\u00a0O processo SEI para pagamento dever\u00e1 ser \u00fanico para toda vig\u00eancia contratual.<\/p><p style=\"text-align: center;\"><strong>Se\u00e7\u00e3o III<\/strong><\/p><p style=\"text-align: center;\"><strong>DA SOLICITA\u00c7\u00c3O DE INCLUS\u00c3O DE ITENS<\/strong><\/p><p><strong>Art. 14.\u00a0<\/strong>O \u00f3rg\u00e3o usu\u00e1rio que desejar incluir algum item na rela\u00e7\u00e3o dos materiais de consumo administrativo oferecidos por meio do Almoxarifado Virtual dever\u00e1 solicitar\u00a0a inclus\u00e3o\u00a0ao \u00d3rg\u00e3o Central do Sistema Log\u00edstico via Sistema Eletr\u00f4nico de Informa\u00e7\u00f5es &#8211; SEI-RJ.<\/p><p><strong>\u00a7 1\u00b0 &#8211;<\/strong> O tipo de processo administrativo a ser aberto no SEI-RJ\u00a0\u00e9\u00a0\u201cLog\u00edstica: Almoxarifado Virtual\u201d.<\/p><p><strong>\u00a7 2\u00b0\u00a0&#8211;<\/strong> O tipo de documento que dever\u00e1 iniciar o processo\u00a0\u00e9\u00a0Formul\u00e1rio de solicita\u00e7\u00e3o de inclus\u00e3o de item de material de\u00a0consumo\u00a0administrativo, denominado no SEI \u201c Formul\u00e1rio de inclus\u00e3o de item de material de cons\u201d.<\/p><p><strong>\u00a7 3\u00ba\u00a0&#8211;<\/strong> Todas as solicita\u00e7\u00f5es dever\u00e3o conter\u00a0o\u00a0C\u00f3digo de Identifica\u00e7\u00e3o &#8211; ID\u00a0e a especifica\u00e7\u00e3o do item que consta no cat\u00e1logo de materiais e servi\u00e7os utilizado pelo Governo do Estado do Rio de Janeiro, com a\u00a0respectiva unidade de fornecimento, os documentos comprobat\u00f3rios da necessidade de inclus\u00e3o e sua devida justificativa.<\/p><p><strong>Art. 15.<\/strong> A an\u00e1lise da pertin\u00eancia da inclus\u00e3o do item constante na solicita\u00e7\u00e3o ser\u00e1 feita pelo \u00d3rg\u00e3o Central do Sistema Log\u00edstico, que estimar\u00e1 o pre\u00e7o no mercado e verificar\u00e1 a possibilidade de inclus\u00e3o junto ao contratado.<\/p><p><strong>\u00a7 1\u00b0\u00a0&#8211;<\/strong> A aprova\u00e7\u00e3o ou o indeferimento da solicita\u00e7\u00e3o ser\u00e1 respondida por despacho no mesmo processo SEI-RJ no qual tiver sido feita a solicita\u00e7\u00e3o de inclus\u00e3o do item pelo \u00f3rg\u00e3o ou entidade.<\/p><p><strong>\u00a7 2\u00b0\u00a0&#8211;<\/strong> Aprovada a solicita\u00e7\u00e3o, os novos itens\u00a0e seus pre\u00e7os\u00a0ser\u00e3o publicados no Portal de Compras do Poder Executivo do Estado do Rio de Janeiro e\u00a0disponibilizados no sistema web.<\/p><p class=\"Texto_Centralizado_Maiusculas_Negrito\" style=\"text-align: center;\"><strong>CAP\u00cdTULO IV<\/strong><\/p><p style=\"text-align: center;\"><strong>DO REAJUSTE<\/strong><\/p><p><strong>Art. 16.<\/strong>\u00a0A Taxa Administrativa Percentual \u00e9 fixa e\u00a0irreajust\u00e1vel.<\/p><p><del><strong>Art. 17.<\/strong> O \u00d3rg\u00e3o Central do Sistema Log\u00edstico publicar\u00e1, no Portal de Compras do Poder Executivo do Estado do Rio de Janeiro, mensalmente, o valor atualizado do pre\u00e7o base dos itens para balizamento dos \u00f3rg\u00e3os part\u00edcipes ou aderentes em suas contrata\u00e7\u00f5es.<\/del><\/p><p><del><strong>Par\u00e1grafo \u00fanico.<\/strong>\u00a0O pre\u00e7o base atualizado ser\u00e1 utilizado como referencial na data da\u00a0contrata\u00e7\u00e3o.<\/del><\/p><p><strong>Art. 17.<\/strong> O \u00d3rg\u00e3o Central do Sistema Log\u00edstico publicar\u00e1, no Portal de Compras do Poder Executivo do Estado do Rio de Janeiro, o valor do pre\u00e7o base dos itens para balizamento dos \u00f3rg\u00e3os part\u00edcipes ou aderentes em suas contrata\u00e7\u00f5es. <a href=\"https:\/\/www.redelog.rj.gov.br\/redelog\/wp-content\/uploads\/2023\/04\/Resolucao-SEPLAG-no-207-Altera-a-Resolucao-no-182-Almoxarifado-virtual.pdf\">(Reda\u00e7\u00e3o dada pela Resolu\u00e7\u00e3o SEPLAG n\u00ba 207, de 04 de abril de 2023)<\/a><\/p><p><strong>Art. 18.<\/strong>\u00a0Para o reajuste anual do contrato, dever\u00e1 ser observado:<\/p><p><strong>I &#8211;\u00a0<\/strong>A data\u00a0do in\u00edcio da vig\u00eancia do contrato;<\/p><p><strong>II &#8211;<\/strong>\u00a0O percentual acumulado dos \u00faltimos 12 meses do\u00a0IPCA, tendo como refer\u00eancia o m\u00eas de in\u00edcio da vig\u00eancia do contrato.<\/p><p class=\"Texto_Centralizado_Maiusculas_Negrito\" style=\"text-align: center;\"><strong>CAP\u00cdTULO V<\/strong><\/p><p style=\"text-align: center;\"><strong>DAS DISPOSI\u00c7\u00d5ES FINAIS<\/strong><\/p><p><strong>Art. 19.<\/strong> Os casos omissos ser\u00e3o dirimidos pelo \u00d3rg\u00e3o Central do Sistema Log\u00edstico que poder\u00e1 editar e publicar regras operacionais e orienta\u00e7\u00f5es complementares com vistas a instruir os \u00f3rg\u00e3os e entidades quanto \u00e0 utiliza\u00e7\u00e3o do modelo de compra regulamentado por esta Resolu\u00e7\u00e3o, bem como disponibilizar, atrav\u00e9s de meio eletr\u00f4nico, informa\u00e7\u00f5es adicionais.<\/p><p><strong>Art. 20.\u00a0<\/strong>Os \u00f3rg\u00e3os e entidades poder\u00e3o expedir regras operacionais internas complementares para dispor sobre as situa\u00e7\u00f5es espec\u00edficas no seu \u00e2mbito de atua\u00e7\u00e3o, desde que n\u00e3o conflitem com os dispositivos desta Resolu\u00e7\u00e3o.<\/p><p><strong>Art. 21.<\/strong> Cabe aos \u00f3rg\u00e3os e entidades realizar as provid\u00eancias necess\u00e1rias para a transi\u00e7\u00e3o dos contratos vigentes de aquisi\u00e7\u00e3o ou fornecimento de material de consumo para o novo modelo de contrata\u00e7\u00e3o estabelecido por esta Resolu\u00e7\u00e3o.<\/p><p><strong>Art. 22.<\/strong> As empresas p\u00fablicas e sociedades de economia mista, de forma facultativa, poder\u00e3o aderir \u00e0 ata de registro de pre\u00e7os do \u00d3rg\u00e3o Central do Sistema Log\u00edstico, submetendo-se ao disposto nesta Resolu\u00e7\u00e3o.<\/p><p><strong>Art. 23.\u00a0<\/strong>O servidor cadastrado no sistema\u00a0web\u00a0estar\u00e1 sujeito \u00e0s penalidades disciplinares previstas no Estatuto do Servidor do Estado do Rio de Janeiro, quando for caracterizado o uso indevido do sistema e de senhas de acesso, ou quando transgredir as normas de seguran\u00e7a institu\u00eddas, contrariando o disposto nesta Resolu\u00e7\u00e3o.<\/p><p><strong>Art. 24.<\/strong> Esta Resolu\u00e7\u00e3o entra em vigor na data de sua publica\u00e7\u00e3o, revogadas as disposi\u00e7\u00f5es em contr\u00e1rio.<\/p><p class=\"Texto_Alinhado_Esquerda\" style=\"text-align: center;\">Rio de Janeiro, 12\u00a0 de janeiro de 2023<\/p><p class=\"Texto_Centralizado\" style=\"text-align: center;\"><strong>NELSON ROCHA<\/strong><br \/>Secret\u00e1rio de Estado de Planejamento e Gest\u00e3o<\/p><p style=\"text-align: right;\">Id: 2455023<\/p>\t\t\t\t\t\t\t\t<\/div>\n\t\t\t\t\t<\/div>\n\t\t<\/div>\n\t\t\t\t\t<\/div>\n\t\t<\/section>\n\t\t\t\t<section class=\"elementor-section elementor-top-section elementor-element elementor-element-ebf181d elementor-section-boxed elementor-section-height-default elementor-section-height-default\" data-id=\"ebf181d\" data-element_type=\"section\" data-settings=\"{&quot;jet_parallax_layout_list&quot;:[{&quot;jet_parallax_layout_image&quot;:{&quot;url&quot;:&quot;&quot;,&quot;id&quot;:&quot;&quot;,&quot;size&quot;:&quot;&quot;},&quot;_id&quot;:&quot;04dd098&quot;,&quot;jet_parallax_layout_image_tablet&quot;:{&quot;url&quot;:&quot;&quot;,&quot;id&quot;:&quot;&quot;,&quot;size&quot;:&quot;&quot;},&quot;jet_parallax_layout_image_mobile&quot;:{&quot;url&quot;:&quot;&quot;,&quot;id&quot;:&quot;&quot;,&quot;size&quot;:&quot;&quot;},&quot;jet_parallax_layout_speed&quot;:{&quot;unit&quot;:&quot;%&quot;,&quot;size&quot;:50,&quot;sizes&quot;:[]},&quot;jet_parallax_layout_type&quot;:&quot;scroll&quot;,&quot;jet_parallax_layout_direction&quot;:&quot;1&quot;,&quot;jet_parallax_layout_fx_direction&quot;:null,&quot;jet_parallax_layout_z_index&quot;:&quot;&quot;,&quot;jet_parallax_layout_bg_x&quot;:50,&quot;jet_parallax_layout_bg_x_tablet&quot;:&quot;&quot;,&quot;jet_parallax_layout_bg_x_mobile&quot;:&quot;&quot;,&quot;jet_parallax_layout_bg_y&quot;:50,&quot;jet_parallax_layout_bg_y_tablet&quot;:&quot;&quot;,&quot;jet_parallax_layout_bg_y_mobile&quot;:&quot;&quot;,&quot;jet_parallax_layout_bg_size&quot;:&quot;auto&quot;,&quot;jet_parallax_layout_bg_size_tablet&quot;:&quot;&quot;,&quot;jet_parallax_layout_bg_size_mobile&quot;:&quot;&quot;,&quot;jet_parallax_layout_animation_prop&quot;:&quot;transform&quot;,&quot;jet_parallax_layout_on&quot;:[&quot;desktop&quot;,&quot;tablet&quot;]}]}\">\n\t\t\t\t\t\t<div class=\"elementor-container elementor-column-gap-default\">\n\t\t\t\t\t<div class=\"elementor-column elementor-col-100 elementor-top-column elementor-element elementor-element-226f32a\" data-id=\"226f32a\" data-element_type=\"column\">\n\t\t\t<div class=\"elementor-widget-wrap elementor-element-populated\">\n\t\t\t\t\t\t<div class=\"elementor-element elementor-element-19222da elementor-widget elementor-widget-text-editor\" data-id=\"19222da\" data-element_type=\"widget\" data-widget_type=\"text-editor.default\">\n\t\t\t\t\t\t\t\t\t<p><em>Publicada no DOE em <strong><a href=\"https:\/\/www.redelog.rj.gov.br\/redelog\/wp-content\/uploads\/2023\/02\/Resolucao-SEPLAG-no-182-Regulamenta-o-Almoxarifado-Virtual.pdf\">02\/02\/2023<\/a>.<\/strong><\/em><\/p><p><em>Alterada pela <strong><a href=\"https:\/\/www.redelog.rj.gov.br\/redelog\/wp-content\/uploads\/2023\/04\/Resolucao-SEPLAG-no-207-Altera-a-Resolucao-no-182-Almoxarifado-virtual.pdf\">Resolu\u00e7\u00e3o SEPLAG n\u00ba 207, de 04 de abril de 2023<\/a><\/strong>, publicada no DOE em <a href=\"https:\/\/www.redelog.rj.gov.br\/redelog\/wp-content\/uploads\/2023\/04\/Resolucao-SEPLAG-no-207-Altera-a-Resolucao-no-182-Almoxarifado-virtual.pdf\"><strong>05\/04\/2023<\/strong><\/a>.<\/em><\/p>\t\t\t\t\t\t\t\t<\/div>\n\t\t\t\t\t<\/div>\n\t\t<\/div>\n\t\t\t\t\t<\/div>\n\t\t<\/section>\n\t\t\t\t<section class=\"elementor-section elementor-top-section elementor-element elementor-element-46351a7 elementor-section-boxed elementor-section-height-default elementor-section-height-default\" data-id=\"46351a7\" data-element_type=\"section\" data-settings=\"{&quot;jet_parallax_layout_list&quot;:[{&quot;jet_parallax_layout_image&quot;:{&quot;url&quot;:&quot;&quot;,&quot;id&quot;:&quot;&quot;,&quot;size&quot;:&quot;&quot;},&quot;_id&quot;:&quot;ab030fc&quot;,&quot;jet_parallax_layout_image_tablet&quot;:{&quot;url&quot;:&quot;&quot;,&quot;id&quot;:&quot;&quot;,&quot;size&quot;:&quot;&quot;},&quot;jet_parallax_layout_image_mobile&quot;:{&quot;url&quot;:&quot;&quot;,&quot;id&quot;:&quot;&quot;,&quot;size&quot;:&quot;&quot;},&quot;jet_parallax_layout_speed&quot;:{&quot;unit&quot;:&quot;%&quot;,&quot;size&quot;:50,&quot;sizes&quot;:[]},&quot;jet_parallax_layout_type&quot;:&quot;scroll&quot;,&quot;jet_parallax_layout_direction&quot;:&quot;1&quot;,&quot;jet_parallax_layout_fx_direction&quot;:null,&quot;jet_parallax_layout_z_index&quot;:&quot;&quot;,&quot;jet_parallax_layout_bg_x&quot;:50,&quot;jet_parallax_layout_bg_x_tablet&quot;:&quot;&quot;,&quot;jet_parallax_layout_bg_x_mobile&quot;:&quot;&quot;,&quot;jet_parallax_layout_bg_y&quot;:50,&quot;jet_parallax_layout_bg_y_tablet&quot;:&quot;&quot;,&quot;jet_parallax_layout_bg_y_mobile&quot;:&quot;&quot;,&quot;jet_parallax_layout_bg_size&quot;:&quot;auto&quot;,&quot;jet_parallax_layout_bg_size_tablet&quot;:&quot;&quot;,&quot;jet_parallax_layout_bg_size_mobile&quot;:&quot;&quot;,&quot;jet_parallax_layout_animation_prop&quot;:&quot;transform&quot;,&quot;jet_parallax_layout_on&quot;:[&quot;desktop&quot;,&quot;tablet&quot;]}]}\">\n\t\t\t\t\t\t<div class=\"elementor-container elementor-column-gap-default\">\n\t\t\t\t\t<div class=\"elementor-column elementor-col-100 elementor-top-column elementor-element elementor-element-48969c2\" data-id=\"48969c2\" data-element_type=\"column\">\n\t\t\t<div class=\"elementor-widget-wrap elementor-element-populated\">\n\t\t\t\t\t\t<div class=\"elementor-element elementor-element-28d2426 elementor-widget-divider--view-line elementor-widget elementor-widget-divider\" data-id=\"28d2426\" data-element_type=\"widget\" data-widget_type=\"divider.default\">\n\t\t\t\t\t\t\t<div class=\"elementor-divider\">\n\t\t\t<span class=\"elementor-divider-separator\">\n\t\t\t\t\t\t<\/span>\n\t\t<\/div>\n\t\t\t\t\t\t<\/div>\n\t\t\t\t\t<\/div>\n\t\t<\/div>\n\t\t\t\t\t<\/div>\n\t\t<\/section>\n\t\t\t\t<section class=\"elementor-section elementor-top-section elementor-element elementor-element-b455592 elementor-section-boxed elementor-section-height-default elementor-section-height-default\" data-id=\"b455592\" data-element_type=\"section\" id=\"options\" data-settings=\"{&quot;jet_parallax_layout_list&quot;:[{&quot;jet_parallax_layout_image&quot;:{&quot;url&quot;:&quot;&quot;,&quot;id&quot;:&quot;&quot;,&quot;size&quot;:&quot;&quot;},&quot;_id&quot;:&quot;19d7213&quot;,&quot;jet_parallax_layout_image_tablet&quot;:{&quot;url&quot;:&quot;&quot;,&quot;id&quot;:&quot;&quot;,&quot;size&quot;:&quot;&quot;},&quot;jet_parallax_layout_image_mobile&quot;:{&quot;url&quot;:&quot;&quot;,&quot;id&quot;:&quot;&quot;,&quot;size&quot;:&quot;&quot;},&quot;jet_parallax_layout_speed&quot;:{&quot;unit&quot;:&quot;%&quot;,&quot;size&quot;:50,&quot;sizes&quot;:[]},&quot;jet_parallax_layout_type&quot;:&quot;scroll&quot;,&quot;jet_parallax_layout_direction&quot;:&quot;1&quot;,&quot;jet_parallax_layout_fx_direction&quot;:null,&quot;jet_parallax_layout_z_index&quot;:&quot;&quot;,&quot;jet_parallax_layout_bg_x&quot;:50,&quot;jet_parallax_layout_bg_x_tablet&quot;:&quot;&quot;,&quot;jet_parallax_layout_bg_x_mobile&quot;:&quot;&quot;,&quot;jet_parallax_layout_bg_y&quot;:50,&quot;jet_parallax_layout_bg_y_tablet&quot;:&quot;&quot;,&quot;jet_parallax_layout_bg_y_mobile&quot;:&quot;&quot;,&quot;jet_parallax_layout_bg_size&quot;:&quot;auto&quot;,&quot;jet_parallax_layout_bg_size_tablet&quot;:&quot;&quot;,&quot;jet_parallax_layout_bg_size_mobile&quot;:&quot;&quot;,&quot;jet_parallax_layout_animation_prop&quot;:&quot;transform&quot;,&quot;jet_parallax_layout_on&quot;:[&quot;desktop&quot;,&quot;tablet&quot;]}]}\">\n\t\t\t\t\t\t<div class=\"elementor-container elementor-column-gap-default\">\n\t\t\t\t\t<div class=\"elementor-column elementor-col-100 elementor-top-column elementor-element elementor-element-aea6bd6\" data-id=\"aea6bd6\" data-element_type=\"column\">\n\t\t\t<div class=\"elementor-widget-wrap elementor-element-populated\">\n\t\t\t\t\t\t<div class=\"elementor-element elementor-element-c61f07b elementor-widget elementor-widget-shortcode\" data-id=\"c61f07b\" data-element_type=\"widget\" data-widget_type=\"shortcode.default\">\n\t\t\t\t\t\t\t<div class=\"elementor-shortcode\"><div class='printomatic pom-default ' id='id7198' alt='Imprimir' title='Imprimir' data-print_target='#post-20582'><\/div> <div class='printomatictext' id='id7198' alt='Imprimir' title='Imprimir' data-print_target='#post-20582'>Imprimir<\/div><div style='clear: both;'><\/div><\/div>\n\t\t\t\t\t\t<\/div>\n\t\t\t\t<section class=\"elementor-section elementor-inner-section elementor-element elementor-element-dcc12e8 elementor-section-boxed elementor-section-height-default elementor-section-height-default\" data-id=\"dcc12e8\" data-element_type=\"section\" data-settings=\"{&quot;jet_parallax_layout_list&quot;:[{&quot;jet_parallax_layout_image&quot;:{&quot;url&quot;:&quot;&quot;,&quot;id&quot;:&quot;&quot;,&quot;size&quot;:&quot;&quot;},&quot;_id&quot;:&quot;ccec7d1&quot;,&quot;jet_parallax_layout_image_tablet&quot;:{&quot;url&quot;:&quot;&quot;,&quot;id&quot;:&quot;&quot;,&quot;size&quot;:&quot;&quot;},&quot;jet_parallax_layout_image_mobile&quot;:{&quot;url&quot;:&quot;&quot;,&quot;id&quot;:&quot;&quot;,&quot;size&quot;:&quot;&quot;},&quot;jet_parallax_layout_speed&quot;:{&quot;unit&quot;:&quot;%&quot;,&quot;size&quot;:50,&quot;sizes&quot;:[]},&quot;jet_parallax_layout_type&quot;:&quot;scroll&quot;,&quot;jet_parallax_layout_direction&quot;:&quot;1&quot;,&quot;jet_parallax_layout_fx_direction&quot;:null,&quot;jet_parallax_layout_z_index&quot;:&quot;&quot;,&quot;jet_parallax_layout_bg_x&quot;:50,&quot;jet_parallax_layout_bg_x_tablet&quot;:&quot;&quot;,&quot;jet_parallax_layout_bg_x_mobile&quot;:&quot;&quot;,&quot;jet_parallax_layout_bg_y&quot;:50,&quot;jet_parallax_layout_bg_y_tablet&quot;:&quot;&quot;,&quot;jet_parallax_layout_bg_y_mobile&quot;:&quot;&quot;,&quot;jet_parallax_layout_bg_size&quot;:&quot;auto&quot;,&quot;jet_parallax_layout_bg_size_tablet&quot;:&quot;&quot;,&quot;jet_parallax_layout_bg_size_mobile&quot;:&quot;&quot;,&quot;jet_parallax_layout_animation_prop&quot;:&quot;transform&quot;,&quot;jet_parallax_layout_on&quot;:[&quot;desktop&quot;,&quot;tablet&quot;]}]}\">\n\t\t\t\t\t\t<div class=\"elementor-container elementor-column-gap-default\">\n\t\t\t\t\t<div class=\"elementor-column elementor-col-50 elementor-inner-column elementor-element elementor-element-d4adb2f\" data-id=\"d4adb2f\" data-element_type=\"column\">\n\t\t\t<div class=\"elementor-widget-wrap elementor-element-populated\">\n\t\t\t\t\t\t<div class=\"elementor-element elementor-element-f88527e elementor-widget elementor-widget-text-editor\" data-id=\"f88527e\" data-element_type=\"widget\" data-widget_type=\"text-editor.default\">\n\t\t\t\t\t\t\t\t\t<p><strong><a href=\"http:\/\/redelog.rj.gov.br\/redelog\/legislacao-licitacoes\/\">\u2190 Voltar &#8211; Licita\u00e7\u00f5es<\/a><\/strong><\/p>\t\t\t\t\t\t\t\t<\/div>\n\t\t\t\t\t<\/div>\n\t\t<\/div>\n\t\t\t\t<div class=\"elementor-column elementor-col-50 elementor-inner-column elementor-element elementor-element-a0c62b1\" data-id=\"a0c62b1\" data-element_type=\"column\">\n\t\t\t<div class=\"elementor-widget-wrap elementor-element-populated\">\n\t\t\t\t\t\t\t<\/div>\n\t\t<\/div>\n\t\t\t\t\t<\/div>\n\t\t<\/section>\n\t\t\t\t\t<\/div>\n\t\t<\/div>\n\t\t\t\t\t<\/div>\n\t\t<\/section>\n\t\t\t\t<section class=\"elementor-section elementor-top-section elementor-element elementor-element-fd03f9e elementor-section-boxed elementor-section-height-default elementor-section-height-default\" data-id=\"fd03f9e\" data-element_type=\"section\" data-settings=\"{&quot;jet_parallax_layout_list&quot;:[{&quot;jet_parallax_layout_image&quot;:{&quot;url&quot;:&quot;&quot;,&quot;id&quot;:&quot;&quot;,&quot;size&quot;:&quot;&quot;},&quot;_id&quot;:&quot;22a0abb&quot;,&quot;jet_parallax_layout_image_tablet&quot;:{&quot;url&quot;:&quot;&quot;,&quot;id&quot;:&quot;&quot;,&quot;size&quot;:&quot;&quot;},&quot;jet_parallax_layout_image_mobile&quot;:{&quot;url&quot;:&quot;&quot;,&quot;id&quot;:&quot;&quot;,&quot;size&quot;:&quot;&quot;},&quot;jet_parallax_layout_speed&quot;:{&quot;unit&quot;:&quot;%&quot;,&quot;size&quot;:50,&quot;sizes&quot;:[]},&quot;jet_parallax_layout_type&quot;:&quot;scroll&quot;,&quot;jet_parallax_layout_direction&quot;:&quot;1&quot;,&quot;jet_parallax_layout_fx_direction&quot;:null,&quot;jet_parallax_layout_z_index&quot;:&quot;&quot;,&quot;jet_parallax_layout_bg_x&quot;:50,&quot;jet_parallax_layout_bg_x_tablet&quot;:&quot;&quot;,&quot;jet_parallax_layout_bg_x_mobile&quot;:&quot;&quot;,&quot;jet_parallax_layout_bg_y&quot;:50,&quot;jet_parallax_layout_bg_y_tablet&quot;:&quot;&quot;,&quot;jet_parallax_layout_bg_y_mobile&quot;:&quot;&quot;,&quot;jet_parallax_layout_bg_size&quot;:&quot;auto&quot;,&quot;jet_parallax_layout_bg_size_tablet&quot;:&quot;&quot;,&quot;jet_parallax_layout_bg_size_mobile&quot;:&quot;&quot;,&quot;jet_parallax_layout_animation_prop&quot;:&quot;transform&quot;,&quot;jet_parallax_layout_on&quot;:[&quot;desktop&quot;,&quot;tablet&quot;]}]}\">\n\t\t\t\t\t\t<div class=\"elementor-container elementor-column-gap-default\">\n\t\t\t\t\t<div class=\"elementor-column elementor-col-100 elementor-top-column elementor-element elementor-element-686a8eb\" data-id=\"686a8eb\" data-element_type=\"column\">\n\t\t\t<div class=\"elementor-widget-wrap elementor-element-populated\">\n\t\t\t\t\t\t<div class=\"elementor-element elementor-element-ecf83af elementor-widget elementor-widget-html\" data-id=\"ecf83af\" data-element_type=\"widget\" data-widget_type=\"html.default\">\n\t\t\t\t\t<style>\n    h2, .h2-style{\n        font-size: 28px;\n    }\n<\/style>\t\t\t\t<\/div>\n\t\t\t\t\t<\/div>\n\t\t<\/div>\n\t\t\t\t\t<\/div>\n\t\t<\/section>\n\t\t\t\t<\/div>\n\t\t","protected":false},"excerpt":{"rendered":"<p>REGULAMENTA\u00a0O ALMOXARIFADO VIRTUAL, SISTEMA DE AQUISI\u00c7\u00c3O DE MATERIAIS DE CONSUMO ADMINISTRATIVO PELOS \u00d3RG\u00c3OS E ENTIDADES DA ADMINISTRA\u00c7\u00c3O P\u00daBLICA DIRETA, AUT\u00c1RQUICA E FUNDACIONAL, NO \u00c2MBITO DO PODER EXECUTIVO DO ESTADO DO RIO DE JANEIRO, E D\u00c1 OUTRAS PROVID\u00caNCIAS. O SECRET\u00c1RIO DE ESTADO DE PLANEJAMENTO E GEST\u00c3O, no uso de suas atribui\u00e7\u00f5es constitucionais e legais, com fundamento [&hellip;]<\/p>\n","protected":false},"author":19,"featured_media":0,"comment_status":"closed","ping_status":"open","sticky":false,"template":"","format":"standard","meta":{"_joinchat":[],"footnotes":""},"categories":[23],"tags":[],"class_list":["post-20582","post","type-post","status-publish","format-standard","hentry","category-cat-legislacao"],"yoast_head":"<!-- This site is optimized with the Yoast SEO plugin v25.7 - https:\/\/yoast.com\/wordpress\/plugins\/seo\/ -->\n<title>RESOLU\u00c7\u00c3O SEPLAG N\u00ba 182, DE 31 DE JANEIRO DE 2023 - Redelog<\/title>\n<meta name=\"robots\" content=\"index, follow, max-snippet:-1, max-image-preview:large, max-video-preview:-1\" \/>\n<link rel=\"canonical\" href=\"https:\/\/redelog.rj.gov.br\/redelog\/resolucao-seplag-no-182-de-31-de-janeiro-de-2023\/\" \/>\n<meta property=\"og:locale\" content=\"pt_BR\" \/>\n<meta property=\"og:type\" content=\"article\" \/>\n<meta property=\"og:title\" content=\"RESOLU\u00c7\u00c3O SEPLAG N\u00ba 182, DE 31 DE JANEIRO DE 2023 - Redelog\" \/>\n<meta property=\"og:description\" content=\"REGULAMENTA\u00a0O ALMOXARIFADO VIRTUAL, SISTEMA DE AQUISI\u00c7\u00c3O DE MATERIAIS DE CONSUMO ADMINISTRATIVO PELOS \u00d3RG\u00c3OS E ENTIDADES DA ADMINISTRA\u00c7\u00c3O P\u00daBLICA DIRETA, AUT\u00c1RQUICA E FUNDACIONAL, NO \u00c2MBITO DO PODER EXECUTIVO DO ESTADO DO RIO DE JANEIRO, E D\u00c1 OUTRAS PROVID\u00caNCIAS. O SECRET\u00c1RIO DE ESTADO DE PLANEJAMENTO E GEST\u00c3O, no uso de suas atribui\u00e7\u00f5es constitucionais e legais, com fundamento [&hellip;]\" \/>\n<meta property=\"og:url\" content=\"https:\/\/redelog.rj.gov.br\/redelog\/resolucao-seplag-no-182-de-31-de-janeiro-de-2023\/\" \/>\n<meta property=\"og:site_name\" content=\"Redelog\" \/>\n<meta property=\"article:published_time\" content=\"2023-02-02T14:30:43+00:00\" \/>\n<meta property=\"article:modified_time\" content=\"2023-04-05T13:14:51+00:00\" \/>\n<meta name=\"author\" content=\"Juliane Paz Vieira Lima\" \/>\n<meta name=\"twitter:card\" content=\"summary_large_image\" \/>\n<meta name=\"twitter:label1\" content=\"Escrito por\" \/>\n\t<meta name=\"twitter:data1\" content=\"Juliane Paz Vieira Lima\" \/>\n\t<meta name=\"twitter:label2\" content=\"Est. tempo de leitura\" \/>\n\t<meta name=\"twitter:data2\" content=\"5 minutos\" \/>\n<script type=\"application\/ld+json\" class=\"yoast-schema-graph\">{\"@context\":\"https:\/\/schema.org\",\"@graph\":[{\"@type\":\"Article\",\"@id\":\"https:\/\/redelog.rj.gov.br\/redelog\/resolucao-seplag-no-182-de-31-de-janeiro-de-2023\/#article\",\"isPartOf\":{\"@id\":\"https:\/\/redelog.rj.gov.br\/redelog\/resolucao-seplag-no-182-de-31-de-janeiro-de-2023\/\"},\"author\":{\"name\":\"Juliane Paz Vieira Lima\",\"@id\":\"https:\/\/redelog.rj.gov.br\/redelog\/#\/schema\/person\/a80fe416b9778ee67954a79526756867\"},\"headline\":\"RESOLU\u00c7\u00c3O SEPLAG N\u00ba 182, DE 31 DE JANEIRO DE 2023\",\"datePublished\":\"2023-02-02T14:30:43+00:00\",\"dateModified\":\"2023-04-05T13:14:51+00:00\",\"mainEntityOfPage\":{\"@id\":\"https:\/\/redelog.rj.gov.br\/redelog\/resolucao-seplag-no-182-de-31-de-janeiro-de-2023\/\"},\"wordCount\":2631,\"publisher\":{\"@id\":\"https:\/\/redelog.rj.gov.br\/redelog\/#organization\"},\"articleSection\":[\"Legisla\u00e7\u00e3o\"],\"inLanguage\":\"pt-BR\"},{\"@type\":\"WebPage\",\"@id\":\"https:\/\/redelog.rj.gov.br\/redelog\/resolucao-seplag-no-182-de-31-de-janeiro-de-2023\/\",\"url\":\"https:\/\/redelog.rj.gov.br\/redelog\/resolucao-seplag-no-182-de-31-de-janeiro-de-2023\/\",\"name\":\"RESOLU\u00c7\u00c3O SEPLAG N\u00ba 182, DE 31 DE JANEIRO DE 2023 - Redelog\",\"isPartOf\":{\"@id\":\"https:\/\/redelog.rj.gov.br\/redelog\/#website\"},\"datePublished\":\"2023-02-02T14:30:43+00:00\",\"dateModified\":\"2023-04-05T13:14:51+00:00\",\"breadcrumb\":{\"@id\":\"https:\/\/redelog.rj.gov.br\/redelog\/resolucao-seplag-no-182-de-31-de-janeiro-de-2023\/#breadcrumb\"},\"inLanguage\":\"pt-BR\",\"potentialAction\":[{\"@type\":\"ReadAction\",\"target\":[\"https:\/\/redelog.rj.gov.br\/redelog\/resolucao-seplag-no-182-de-31-de-janeiro-de-2023\/\"]}]},{\"@type\":\"BreadcrumbList\",\"@id\":\"https:\/\/redelog.rj.gov.br\/redelog\/resolucao-seplag-no-182-de-31-de-janeiro-de-2023\/#breadcrumb\",\"itemListElement\":[{\"@type\":\"ListItem\",\"position\":1,\"name\":\"Home\",\"item\":\"https:\/\/redelog.rj.gov.br\/redelog\/\"},{\"@type\":\"ListItem\",\"position\":2,\"name\":\"RESOLU\u00c7\u00c3O SEPLAG N\u00ba 182, DE 31 DE JANEIRO DE 2023\"}]},{\"@type\":\"WebSite\",\"@id\":\"https:\/\/redelog.rj.gov.br\/redelog\/#website\",\"url\":\"https:\/\/redelog.rj.gov.br\/redelog\/\",\"name\":\"Redelog\",\"description\":\"Site da Rede de Log\u00edstica e Planejamento do Estado do Rio de Janeiro\",\"publisher\":{\"@id\":\"https:\/\/redelog.rj.gov.br\/redelog\/#organization\"},\"potentialAction\":[{\"@type\":\"SearchAction\",\"target\":{\"@type\":\"EntryPoint\",\"urlTemplate\":\"https:\/\/redelog.rj.gov.br\/redelog\/?s={search_term_string}\"},\"query-input\":{\"@type\":\"PropertyValueSpecification\",\"valueRequired\":true,\"valueName\":\"search_term_string\"}}],\"inLanguage\":\"pt-BR\"},{\"@type\":\"Organization\",\"@id\":\"https:\/\/redelog.rj.gov.br\/redelog\/#organization\",\"name\":\"REDELOG\",\"url\":\"https:\/\/redelog.rj.gov.br\/redelog\/\",\"logo\":{\"@type\":\"ImageObject\",\"inLanguage\":\"pt-BR\",\"@id\":\"https:\/\/redelog.rj.gov.br\/redelog\/#\/schema\/logo\/image\/\",\"url\":\"http:\/\/10.10.8.100:8888\/redelog\/wp-content\/uploads\/2019\/09\/Redelog2.png\",\"contentUrl\":\"http:\/\/10.10.8.100:8888\/redelog\/wp-content\/uploads\/2019\/09\/Redelog2.png\",\"width\":565,\"height\":155,\"caption\":\"REDELOG\"},\"image\":{\"@id\":\"https:\/\/redelog.rj.gov.br\/redelog\/#\/schema\/logo\/image\/\"}},{\"@type\":\"Person\",\"@id\":\"https:\/\/redelog.rj.gov.br\/redelog\/#\/schema\/person\/a80fe416b9778ee67954a79526756867\",\"name\":\"Juliane Paz Vieira Lima\",\"image\":{\"@type\":\"ImageObject\",\"inLanguage\":\"pt-BR\",\"@id\":\"https:\/\/redelog.rj.gov.br\/redelog\/#\/schema\/person\/image\/\",\"url\":\"https:\/\/secure.gravatar.com\/avatar\/6d81cf8bb20fabd08d236dec1cc7b99d2da26d368e6642dc331f1413653da0a6?s=96&d=mm&r=g\",\"contentUrl\":\"https:\/\/secure.gravatar.com\/avatar\/6d81cf8bb20fabd08d236dec1cc7b99d2da26d368e6642dc331f1413653da0a6?s=96&d=mm&r=g\",\"caption\":\"Juliane Paz Vieira Lima\"},\"url\":\"https:\/\/redelog.rj.gov.br\/redelog\/author\/julianepaz\/\"}]}<\/script>\n<!-- \/ Yoast SEO plugin. -->","yoast_head_json":{"title":"RESOLU\u00c7\u00c3O SEPLAG N\u00ba 182, DE 31 DE JANEIRO DE 2023 - Redelog","robots":{"index":"index","follow":"follow","max-snippet":"max-snippet:-1","max-image-preview":"max-image-preview:large","max-video-preview":"max-video-preview:-1"},"canonical":"https:\/\/redelog.rj.gov.br\/redelog\/resolucao-seplag-no-182-de-31-de-janeiro-de-2023\/","og_locale":"pt_BR","og_type":"article","og_title":"RESOLU\u00c7\u00c3O SEPLAG N\u00ba 182, DE 31 DE JANEIRO DE 2023 - Redelog","og_description":"REGULAMENTA\u00a0O ALMOXARIFADO VIRTUAL, SISTEMA DE AQUISI\u00c7\u00c3O DE MATERIAIS DE CONSUMO ADMINISTRATIVO PELOS \u00d3RG\u00c3OS E ENTIDADES DA ADMINISTRA\u00c7\u00c3O P\u00daBLICA DIRETA, AUT\u00c1RQUICA E FUNDACIONAL, NO \u00c2MBITO DO PODER EXECUTIVO DO ESTADO DO RIO DE JANEIRO, E D\u00c1 OUTRAS PROVID\u00caNCIAS. O SECRET\u00c1RIO DE ESTADO DE PLANEJAMENTO E GEST\u00c3O, no uso de suas atribui\u00e7\u00f5es constitucionais e legais, com fundamento [&hellip;]","og_url":"https:\/\/redelog.rj.gov.br\/redelog\/resolucao-seplag-no-182-de-31-de-janeiro-de-2023\/","og_site_name":"Redelog","article_published_time":"2023-02-02T14:30:43+00:00","article_modified_time":"2023-04-05T13:14:51+00:00","author":"Juliane Paz Vieira Lima","twitter_card":"summary_large_image","twitter_misc":{"Escrito por":"Juliane Paz Vieira Lima","Est. tempo de leitura":"5 minutos"},"schema":{"@context":"https:\/\/schema.org","@graph":[{"@type":"Article","@id":"https:\/\/redelog.rj.gov.br\/redelog\/resolucao-seplag-no-182-de-31-de-janeiro-de-2023\/#article","isPartOf":{"@id":"https:\/\/redelog.rj.gov.br\/redelog\/resolucao-seplag-no-182-de-31-de-janeiro-de-2023\/"},"author":{"name":"Juliane Paz Vieira Lima","@id":"https:\/\/redelog.rj.gov.br\/redelog\/#\/schema\/person\/a80fe416b9778ee67954a79526756867"},"headline":"RESOLU\u00c7\u00c3O SEPLAG N\u00ba 182, DE 31 DE JANEIRO DE 2023","datePublished":"2023-02-02T14:30:43+00:00","dateModified":"2023-04-05T13:14:51+00:00","mainEntityOfPage":{"@id":"https:\/\/redelog.rj.gov.br\/redelog\/resolucao-seplag-no-182-de-31-de-janeiro-de-2023\/"},"wordCount":2631,"publisher":{"@id":"https:\/\/redelog.rj.gov.br\/redelog\/#organization"},"articleSection":["Legisla\u00e7\u00e3o"],"inLanguage":"pt-BR"},{"@type":"WebPage","@id":"https:\/\/redelog.rj.gov.br\/redelog\/resolucao-seplag-no-182-de-31-de-janeiro-de-2023\/","url":"https:\/\/redelog.rj.gov.br\/redelog\/resolucao-seplag-no-182-de-31-de-janeiro-de-2023\/","name":"RESOLU\u00c7\u00c3O SEPLAG N\u00ba 182, DE 31 DE JANEIRO DE 2023 - Redelog","isPartOf":{"@id":"https:\/\/redelog.rj.gov.br\/redelog\/#website"},"datePublished":"2023-02-02T14:30:43+00:00","dateModified":"2023-04-05T13:14:51+00:00","breadcrumb":{"@id":"https:\/\/redelog.rj.gov.br\/redelog\/resolucao-seplag-no-182-de-31-de-janeiro-de-2023\/#breadcrumb"},"inLanguage":"pt-BR","potentialAction":[{"@type":"ReadAction","target":["https:\/\/redelog.rj.gov.br\/redelog\/resolucao-seplag-no-182-de-31-de-janeiro-de-2023\/"]}]},{"@type":"BreadcrumbList","@id":"https:\/\/redelog.rj.gov.br\/redelog\/resolucao-seplag-no-182-de-31-de-janeiro-de-2023\/#breadcrumb","itemListElement":[{"@type":"ListItem","position":1,"name":"Home","item":"https:\/\/redelog.rj.gov.br\/redelog\/"},{"@type":"ListItem","position":2,"name":"RESOLU\u00c7\u00c3O SEPLAG N\u00ba 182, DE 31 DE JANEIRO DE 2023"}]},{"@type":"WebSite","@id":"https:\/\/redelog.rj.gov.br\/redelog\/#website","url":"https:\/\/redelog.rj.gov.br\/redelog\/","name":"Redelog","description":"Site da Rede de Log\u00edstica e Planejamento do Estado do Rio de Janeiro","publisher":{"@id":"https:\/\/redelog.rj.gov.br\/redelog\/#organization"},"potentialAction":[{"@type":"SearchAction","target":{"@type":"EntryPoint","urlTemplate":"https:\/\/redelog.rj.gov.br\/redelog\/?s={search_term_string}"},"query-input":{"@type":"PropertyValueSpecification","valueRequired":true,"valueName":"search_term_string"}}],"inLanguage":"pt-BR"},{"@type":"Organization","@id":"https:\/\/redelog.rj.gov.br\/redelog\/#organization","name":"REDELOG","url":"https:\/\/redelog.rj.gov.br\/redelog\/","logo":{"@type":"ImageObject","inLanguage":"pt-BR","@id":"https:\/\/redelog.rj.gov.br\/redelog\/#\/schema\/logo\/image\/","url":"http:\/\/10.10.8.100:8888\/redelog\/wp-content\/uploads\/2019\/09\/Redelog2.png","contentUrl":"http:\/\/10.10.8.100:8888\/redelog\/wp-content\/uploads\/2019\/09\/Redelog2.png","width":565,"height":155,"caption":"REDELOG"},"image":{"@id":"https:\/\/redelog.rj.gov.br\/redelog\/#\/schema\/logo\/image\/"}},{"@type":"Person","@id":"https:\/\/redelog.rj.gov.br\/redelog\/#\/schema\/person\/a80fe416b9778ee67954a79526756867","name":"Juliane Paz Vieira Lima","image":{"@type":"ImageObject","inLanguage":"pt-BR","@id":"https:\/\/redelog.rj.gov.br\/redelog\/#\/schema\/person\/image\/","url":"https:\/\/secure.gravatar.com\/avatar\/6d81cf8bb20fabd08d236dec1cc7b99d2da26d368e6642dc331f1413653da0a6?s=96&d=mm&r=g","contentUrl":"https:\/\/secure.gravatar.com\/avatar\/6d81cf8bb20fabd08d236dec1cc7b99d2da26d368e6642dc331f1413653da0a6?s=96&d=mm&r=g","caption":"Juliane Paz Vieira Lima"},"url":"https:\/\/redelog.rj.gov.br\/redelog\/author\/julianepaz\/"}]}},"_links":{"self":[{"href":"https:\/\/redelog.rj.gov.br\/redelog\/wp-json\/wp\/v2\/posts\/20582","targetHints":{"allow":["GET"]}}],"collection":[{"href":"https:\/\/redelog.rj.gov.br\/redelog\/wp-json\/wp\/v2\/posts"}],"about":[{"href":"https:\/\/redelog.rj.gov.br\/redelog\/wp-json\/wp\/v2\/types\/post"}],"author":[{"embeddable":true,"href":"https:\/\/redelog.rj.gov.br\/redelog\/wp-json\/wp\/v2\/users\/19"}],"replies":[{"embeddable":true,"href":"https:\/\/redelog.rj.gov.br\/redelog\/wp-json\/wp\/v2\/comments?post=20582"}],"version-history":[{"count":26,"href":"https:\/\/redelog.rj.gov.br\/redelog\/wp-json\/wp\/v2\/posts\/20582\/revisions"}],"predecessor-version":[{"id":23589,"href":"https:\/\/redelog.rj.gov.br\/redelog\/wp-json\/wp\/v2\/posts\/20582\/revisions\/23589"}],"wp:attachment":[{"href":"https:\/\/redelog.rj.gov.br\/redelog\/wp-json\/wp\/v2\/media?parent=20582"}],"wp:term":[{"taxonomy":"category","embeddable":true,"href":"https:\/\/redelog.rj.gov.br\/redelog\/wp-json\/wp\/v2\/categories?post=20582"},{"taxonomy":"post_tag","embeddable":true,"href":"https:\/\/redelog.rj.gov.br\/redelog\/wp-json\/wp\/v2\/tags?post=20582"}],"curies":[{"name":"wp","href":"https:\/\/api.w.org\/{rel}","templated":true}]}}