{"id":20257,"date":"2023-01-17T15:57:26","date_gmt":"2023-01-17T18:57:26","guid":{"rendered":"https:\/\/redelog.rj.gov.br\/redelog\/?p=20257"},"modified":"2023-01-17T16:00:24","modified_gmt":"2023-01-17T19:00:24","slug":"decreto-no-45-733-de-10-de-agosto-de-2016","status":"publish","type":"post","link":"https:\/\/redelog.rj.gov.br\/redelog\/decreto-no-45-733-de-10-de-agosto-de-2016\/","title":{"rendered":"DECRETO N\u00ba 45.733, DE 10 DE AGOSTO DE 2016"},"content":{"rendered":"\t\t<div data-elementor-type=\"wp-post\" data-elementor-id=\"20257\" class=\"elementor elementor-20257\" data-elementor-post-type=\"post\">\n\t\t\t\t\t\t<section class=\"elementor-section elementor-top-section elementor-element elementor-element-a060dba elementor-section-boxed elementor-section-height-default elementor-section-height-default\" data-id=\"a060dba\" data-element_type=\"section\" data-settings=\"{&quot;jet_parallax_layout_list&quot;:[{&quot;jet_parallax_layout_image&quot;:{&quot;url&quot;:&quot;&quot;,&quot;id&quot;:&quot;&quot;,&quot;size&quot;:&quot;&quot;},&quot;_id&quot;:&quot;a52826b&quot;,&quot;jet_parallax_layout_image_tablet&quot;:{&quot;url&quot;:&quot;&quot;,&quot;id&quot;:&quot;&quot;,&quot;size&quot;:&quot;&quot;},&quot;jet_parallax_layout_image_mobile&quot;:{&quot;url&quot;:&quot;&quot;,&quot;id&quot;:&quot;&quot;,&quot;size&quot;:&quot;&quot;},&quot;jet_parallax_layout_speed&quot;:{&quot;unit&quot;:&quot;%&quot;,&quot;size&quot;:50,&quot;sizes&quot;:[]},&quot;jet_parallax_layout_type&quot;:&quot;scroll&quot;,&quot;jet_parallax_layout_direction&quot;:&quot;1&quot;,&quot;jet_parallax_layout_fx_direction&quot;:null,&quot;jet_parallax_layout_z_index&quot;:&quot;&quot;,&quot;jet_parallax_layout_bg_x&quot;:50,&quot;jet_parallax_layout_bg_x_tablet&quot;:&quot;&quot;,&quot;jet_parallax_layout_bg_x_mobile&quot;:&quot;&quot;,&quot;jet_parallax_layout_bg_y&quot;:50,&quot;jet_parallax_layout_bg_y_tablet&quot;:&quot;&quot;,&quot;jet_parallax_layout_bg_y_mobile&quot;:&quot;&quot;,&quot;jet_parallax_layout_bg_size&quot;:&quot;auto&quot;,&quot;jet_parallax_layout_bg_size_tablet&quot;:&quot;&quot;,&quot;jet_parallax_layout_bg_size_mobile&quot;:&quot;&quot;,&quot;jet_parallax_layout_animation_prop&quot;:&quot;transform&quot;,&quot;jet_parallax_layout_on&quot;:[&quot;desktop&quot;,&quot;tablet&quot;]}]}\">\n\t\t\t\t\t\t<div class=\"elementor-container elementor-column-gap-default\">\n\t\t\t\t\t<div class=\"elementor-column elementor-col-100 elementor-top-column elementor-element elementor-element-e18639c\" data-id=\"e18639c\" data-element_type=\"column\">\n\t\t\t<div class=\"elementor-widget-wrap elementor-element-populated\">\n\t\t\t\t\t\t<section class=\"elementor-section elementor-inner-section elementor-element elementor-element-80f8c95 elementor-section-boxed elementor-section-height-default elementor-section-height-default\" data-id=\"80f8c95\" data-element_type=\"section\" data-settings=\"{&quot;jet_parallax_layout_list&quot;:[{&quot;jet_parallax_layout_image&quot;:{&quot;url&quot;:&quot;&quot;,&quot;id&quot;:&quot;&quot;,&quot;size&quot;:&quot;&quot;},&quot;_id&quot;:&quot;1e48917&quot;,&quot;jet_parallax_layout_image_tablet&quot;:{&quot;url&quot;:&quot;&quot;,&quot;id&quot;:&quot;&quot;,&quot;size&quot;:&quot;&quot;},&quot;jet_parallax_layout_image_mobile&quot;:{&quot;url&quot;:&quot;&quot;,&quot;id&quot;:&quot;&quot;,&quot;size&quot;:&quot;&quot;},&quot;jet_parallax_layout_speed&quot;:{&quot;unit&quot;:&quot;%&quot;,&quot;size&quot;:50,&quot;sizes&quot;:[]},&quot;jet_parallax_layout_type&quot;:&quot;scroll&quot;,&quot;jet_parallax_layout_direction&quot;:&quot;1&quot;,&quot;jet_parallax_layout_fx_direction&quot;:null,&quot;jet_parallax_layout_z_index&quot;:&quot;&quot;,&quot;jet_parallax_layout_bg_x&quot;:50,&quot;jet_parallax_layout_bg_x_tablet&quot;:&quot;&quot;,&quot;jet_parallax_layout_bg_x_mobile&quot;:&quot;&quot;,&quot;jet_parallax_layout_bg_y&quot;:50,&quot;jet_parallax_layout_bg_y_tablet&quot;:&quot;&quot;,&quot;jet_parallax_layout_bg_y_mobile&quot;:&quot;&quot;,&quot;jet_parallax_layout_bg_size&quot;:&quot;auto&quot;,&quot;jet_parallax_layout_bg_size_tablet&quot;:&quot;&quot;,&quot;jet_parallax_layout_bg_size_mobile&quot;:&quot;&quot;,&quot;jet_parallax_layout_animation_prop&quot;:&quot;transform&quot;,&quot;jet_parallax_layout_on&quot;:[&quot;desktop&quot;,&quot;tablet&quot;]}]}\">\n\t\t\t\t\t\t<div class=\"elementor-container elementor-column-gap-default\">\n\t\t\t\t\t<div class=\"elementor-column elementor-col-50 elementor-inner-column elementor-element elementor-element-15d0bf1\" data-id=\"15d0bf1\" data-element_type=\"column\">\n\t\t\t<div class=\"elementor-widget-wrap\">\n\t\t\t\t\t\t\t<\/div>\n\t\t<\/div>\n\t\t\t\t<div class=\"elementor-column elementor-col-50 elementor-inner-column elementor-element elementor-element-11665e3\" data-id=\"11665e3\" data-element_type=\"column\">\n\t\t\t<div class=\"elementor-widget-wrap elementor-element-populated\">\n\t\t\t\t\t\t<div class=\"elementor-element elementor-element-ef9b5d5 elementor-widget elementor-widget-text-editor\" data-id=\"ef9b5d5\" data-element_type=\"widget\" data-widget_type=\"text-editor.default\">\n\t\t\t\t\t\t\t\t\t<p><strong>DISP\u00d5E SOBRE AS A\u00c7\u00d5ES ADMINISTRATIVAS A SEREM IMPLEMENTADAS EM RAZ\u00c3O DA EXTIN\u00c7\u00c3O DE ENTIDADES OU INCORPORA\u00c7\u00c3O DE \u00d3RG\u00c3OS, NO \u00c2MBITO DA ADMINISTRA\u00c7\u00c3O P\u00daBLICA ESTADUAL.<\/strong><\/p>\t\t\t\t\t\t\t\t<\/div>\n\t\t\t\t\t<\/div>\n\t\t<\/div>\n\t\t\t\t\t<\/div>\n\t\t<\/section>\n\t\t\t\t\t<\/div>\n\t\t<\/div>\n\t\t\t\t\t<\/div>\n\t\t<\/section>\n\t\t\t\t<section class=\"elementor-section elementor-top-section elementor-element elementor-element-fb41357 elementor-section-boxed elementor-section-height-default elementor-section-height-default\" data-id=\"fb41357\" data-element_type=\"section\" data-settings=\"{&quot;jet_parallax_layout_list&quot;:[{&quot;jet_parallax_layout_image&quot;:{&quot;url&quot;:&quot;&quot;,&quot;id&quot;:&quot;&quot;,&quot;size&quot;:&quot;&quot;},&quot;_id&quot;:&quot;1c4d272&quot;,&quot;jet_parallax_layout_image_tablet&quot;:{&quot;url&quot;:&quot;&quot;,&quot;id&quot;:&quot;&quot;,&quot;size&quot;:&quot;&quot;},&quot;jet_parallax_layout_image_mobile&quot;:{&quot;url&quot;:&quot;&quot;,&quot;id&quot;:&quot;&quot;,&quot;size&quot;:&quot;&quot;},&quot;jet_parallax_layout_speed&quot;:{&quot;unit&quot;:&quot;%&quot;,&quot;size&quot;:50,&quot;sizes&quot;:[]},&quot;jet_parallax_layout_type&quot;:&quot;scroll&quot;,&quot;jet_parallax_layout_direction&quot;:&quot;1&quot;,&quot;jet_parallax_layout_fx_direction&quot;:null,&quot;jet_parallax_layout_z_index&quot;:&quot;&quot;,&quot;jet_parallax_layout_bg_x&quot;:50,&quot;jet_parallax_layout_bg_x_tablet&quot;:&quot;&quot;,&quot;jet_parallax_layout_bg_x_mobile&quot;:&quot;&quot;,&quot;jet_parallax_layout_bg_y&quot;:50,&quot;jet_parallax_layout_bg_y_tablet&quot;:&quot;&quot;,&quot;jet_parallax_layout_bg_y_mobile&quot;:&quot;&quot;,&quot;jet_parallax_layout_bg_size&quot;:&quot;auto&quot;,&quot;jet_parallax_layout_bg_size_tablet&quot;:&quot;&quot;,&quot;jet_parallax_layout_bg_size_mobile&quot;:&quot;&quot;,&quot;jet_parallax_layout_animation_prop&quot;:&quot;transform&quot;,&quot;jet_parallax_layout_on&quot;:[&quot;desktop&quot;,&quot;tablet&quot;]}]}\">\n\t\t\t\t\t\t<div class=\"elementor-container elementor-column-gap-default\">\n\t\t\t\t\t<div class=\"elementor-column elementor-col-100 elementor-top-column elementor-element elementor-element-ec2aa21\" data-id=\"ec2aa21\" data-element_type=\"column\">\n\t\t\t<div class=\"elementor-widget-wrap elementor-element-populated\">\n\t\t\t\t\t\t<div class=\"elementor-element elementor-element-20f613a elementor-widget elementor-widget-text-editor\" data-id=\"20f613a\" data-element_type=\"widget\" data-widget_type=\"text-editor.default\">\n\t\t\t\t\t\t\t\t\t<p><strong>O GOVERNADOR DO ESTADO DO RIO DE JANEIRO<\/strong>, em exerc\u00edcio, no uso de suas atribui\u00e7\u00f5es constitucionais e legais, tendo em vista o disposto no artigo 84, inciso VI, al\u00edneas a e b da Constitui\u00e7\u00e3o da Rep\u00fablica, c\/c o artigo 145, inciso VI, da Constitui\u00e7\u00e3o do Estado do Rio de Janeiro,<\/p><p><strong>CONSIDERANDO:<\/strong><\/p><p>&#8211; a necessidade de defini\u00e7\u00e3o de nova estrutura administrativa, a partir da incorpora\u00e7\u00e3o de \u00f3rg\u00e3os ou extin\u00e7\u00e3o de entidades da Administra\u00e7\u00e3o P\u00fablica Indireta, para melhor organiza\u00e7\u00e3o dos servi\u00e7os p\u00fablicos; &#8211; a imperiosa coordena\u00e7\u00e3o das a\u00e7\u00f5es administrativas relativa aos atos complementares \u00e0 incorpora\u00e7\u00e3o de \u00f3rg\u00e3os ou extin\u00e7\u00e3o de entidades; &#8211; a obriga\u00e7\u00e3o de assegurar a continuidade dos servi\u00e7os prestados pelos \u00f3rg\u00e3os incorporados ou entidades extintas, de modo racional e que atenda ao princ\u00edpio da efici\u00eancia; e &#8211; a indispens\u00e1vel programa\u00e7\u00e3o e execu\u00e7\u00e3o integrada dos procedimentos relativos \u00e0 sua incorpora\u00e7\u00e3o ou extin\u00e7\u00e3o;<\/p><p><strong>DECRETA:<\/strong><\/p><p><strong>Art. 1\u00ba<\/strong> &#8211; As a\u00e7\u00f5es administrativas relativas \u00e0 incorpora\u00e7\u00e3o de \u00f3rg\u00e3os ou extin\u00e7\u00e3o de entidades da Administra\u00e7\u00e3o P\u00fablica estadual passam a ser disciplinadas por este Decreto.<\/p><p><strong>Par\u00e1grafo \u00danico<\/strong> &#8211; Os \u00f3rg\u00e3os que absorverem as atribui\u00e7\u00f5es e os servi\u00e7os dos \u00f3rg\u00e3os incorporados ou entidades extintas dever\u00e3o tomar as provid\u00eancias administrativas para a execu\u00e7\u00e3o dos atos indispens\u00e1veis para a regularidade da sua extin\u00e7\u00e3o.<\/p><p><strong>Art. 2\u00ba<\/strong> &#8211; Os \u00f3rg\u00e3os referidos no Par\u00e1grafo \u00danico do art. 1\u00ba dever\u00e3o elaborar invent\u00e1rio circunstanciado proveniente da extin\u00e7\u00e3o da entidade ou incorpora\u00e7\u00e3o de \u00f3rg\u00e3o cujas atribui\u00e7\u00f5es, estrutura e patrim\u00f4nio lhes foram transferidos.<\/p><p><strong>Art. 3\u00ba\u00a0<\/strong>&#8211; O invent\u00e1rio de que trata o art. 2\u00ba ser\u00e1 elaborado pela Comiss\u00e3o de Inventarian\u00e7a, composta pelo Presidente e, pelo menos, 5 (cinco) membros, nomeada por ato dos Titulares dos \u00f3rg\u00e3os, referidos no Par\u00e1grafo \u00danico do art. 1\u00ba.<\/p><p><strong>Par\u00e1grafo \u00danico\u00a0<\/strong>&#8211; O ato de nomea\u00e7\u00e3o dever\u00e1 ser publicado no Di\u00e1rio Oficial no prazo de 5 (cinco) dias a contar da publica\u00e7\u00e3o do ato que houver dado causa \u00e0 incorpora\u00e7\u00e3o de \u00f3rg\u00e3o ou extin\u00e7\u00e3o de entidade, para o exerc\u00edcio das atribui\u00e7\u00f5es mencionadas no artigo 5\u00ba.<\/p><p><strong>Art. 4\u00ba\u00a0<\/strong>&#8211; O invent\u00e1rio completo conter\u00e1 a rela\u00e7\u00e3o:<\/p><p><strong>I &#8211;\u00a0<\/strong>discriminada de todos os bens:<\/p><p><strong>a)\u00a0<\/strong>m\u00f3veis, inclusive com o levantamento f\u00edsico dos bens patrimoniais em uso e os alocados nos almoxarifados;<\/p><p><strong>b)\u00a0<\/strong>im\u00f3veis, com os respectivos valores, registrando a finalidade da ocupa\u00e7\u00e3o.<\/p><p><strong>II &#8211;\u00a0<\/strong>do acervo documental, contratos, conv\u00eanios e demais ajustes firmados, bem ainda das presta\u00e7\u00f5es de contas em aberto, com pend\u00eancias;<\/p><p><strong>III &#8211;\u00a0<\/strong>dos cr\u00e9ditos e das obriga\u00e7\u00f5es, decorrentes de lei, ato administrativo ou contrato, indicando a sua natureza, o titular e a quantia correspondente;<\/p><p><strong>IV &#8211;\u00a0<\/strong>dos servidores ocupantes de cargos de provimento efetivo e em comiss\u00e3o, dos contratados tempor\u00e1rios e dos inativos e pensionistas, com indica\u00e7\u00e3o do valor das remunera\u00e7\u00f5es, proventos e pens\u00f5es, bem ainda, em rela\u00e7\u00e3o aos ativos, das respectivas lota\u00e7\u00f5es;<\/p><p><strong>V &#8211;\u00a0<\/strong>dos programas, projetos e a\u00e7\u00f5es realizadas ao longo dos tr\u00eas \u00faltimos quadrimestres inerentes \u00e0s atividades-fim do \u00f3rg\u00e3o incorporado ou entidade extinta, apontando, inclusive, os contratos, conv\u00eanios e demais ajustes que foram firmados, com a descri\u00e7\u00e3o do objeto, valor e informa\u00e7\u00e3o precisa sobre a sua execu\u00e7\u00e3o e, especialmente, se est\u00e3o extintos;<\/p><p><strong>VI &#8211;\u00a0<\/strong>dos atos normativos que disp\u00f5em sobre a execu\u00e7\u00e3o dos servi\u00e7os prestados pelo \u00f3rg\u00e3o incorporado ou entidade extinta, dentre outros documentos e informa\u00e7\u00f5es essenciais para a regulariza\u00e7\u00e3o formal da extin\u00e7\u00e3o.<\/p><p><strong>\u00a7 1\u00ba &#8211;\u00a0<\/strong>O invent\u00e1rio referido no caput ser\u00e1 conclu\u00eddo no prazo de 60 (sessenta) dias, a contar do ato que declarar a incorpora\u00e7\u00e3o do \u00f3rg\u00e3o ou extin\u00e7\u00e3o da entidade, podendo tal prazo ser prorrogado por igual per\u00edodo, a crit\u00e9rio dos Titulares dos \u00f3rg\u00e3os referidos no Par\u00e1grafo \u00danico do art. 1\u00ba, mediante requerimento motivado da Comiss\u00e3o de Inventarian\u00e7a.<\/p><p><strong>\u00a7 2\u00ba &#8211;\u00a0<\/strong>Caso a Comiss\u00e3o de Inventarian\u00e7a formule requerimento de dila\u00e7\u00e3o de prazo para a conclus\u00e3o do invent\u00e1rio, na forma da parte final do par\u00e1grafo anterior, dever\u00e1, na ocasi\u00e3o, apresentar um invent\u00e1rio parcial, contendo o resultado dos trabalhos at\u00e9 ent\u00e3o desenvolvidos.<\/p><p><strong>\u00a7 3\u00ba &#8211;\u00a0<\/strong>N\u00e3o poder\u00e1 ser prorrogado, na forma da parte final do \u00a71\u00ba deste artigo, o prazo para a apresenta\u00e7\u00e3o da rela\u00e7\u00e3o dos contratos, conv\u00eanios e demais ajustes firmados pelas entidades extintas, assim como a rela\u00e7\u00e3o dos servidores ocupantes de cargos de provimento efetivo e em comiss\u00e3o e de contratados tempor\u00e1rios, com indica\u00e7\u00e3o do valor das remunera\u00e7\u00f5es e das respectivas lota\u00e7\u00f5es.<\/p><p><strong>Art. 5\u00ba &#8211;\u00a0<\/strong>Incumbe \u00e0 Comiss\u00e3o de Inventarian\u00e7a:<\/p><p><strong>I &#8211;\u00a0<\/strong>elaborar o invent\u00e1rio de que trata o art. 4\u00ba deste Decreto;<\/p><p><strong>II &#8211;\u00a0<\/strong>promover os atos relativos \u00e0 formaliza\u00e7\u00e3o da incorpora\u00e7\u00e3o do \u00f3rg\u00e3oou extin\u00e7\u00e3o da entidade;<\/p><p><strong>III &#8211;\u00a0<\/strong>executar os atos de gest\u00e3o or\u00e7ament\u00e1ria, financeira, patrimonial, cont\u00e1bil e administrativa necess\u00e1rios ao processo de invent\u00e1rio, com exce\u00e7\u00e3o daqueles privativos dos ordenadores de despesa;<\/p><p><strong>IV &#8211;\u00a0<\/strong>proceder \u00e0 regulariza\u00e7\u00e3o dos atos administrativos, cont\u00e1beis e financeiros remanescentes, por interm\u00e9dio do Sistema Integrado de Gest\u00e3o Or\u00e7ament\u00e1ria, Financeira e Cont\u00e1bil do Rio de Janeiro &#8211; SIAFE- Rio, bem como \u00e0 an\u00e1lise das presta\u00e7\u00f5es de contas dos conv\u00eanios e instrumentos similares;<\/p><p><strong>V &#8211;\u00a0<\/strong>promover as a\u00e7\u00f5es necess\u00e1rias junto ao Registro Civil das Pessoas Jur\u00eddicas para a eventual baixa do registro da entidade extinta;<\/p><p><strong>VI &#8211;\u00a0<\/strong>adotar as provid\u00eancias necess\u00e1rias \u00e0 efetiva\u00e7\u00e3o da baixa da inscri\u00e7\u00e3o do \u00f3rg\u00e3o incorporado ou entidade extinta nos cadastros pertinentes, especialmente no Cadastro Nacional de Pessoas Jur\u00eddicas &#8211; CNPJ;<\/p><p><strong>VII &#8211;\u00a0<\/strong>apresentar, ao final do prazo mencionado no par\u00e1grafo 1\u00ba do art. 4\u00ba deste Decreto, ao Titular do respectivo \u00f3rg\u00e3o referido no par\u00e1grafo \u00fanico do art. 1\u00ba:<\/p><p><strong>a)\u00a0<\/strong>o invent\u00e1rio completo;<\/p><p><strong>b)\u00a0<\/strong>relat\u00f3rio circunstanciado dos trabalhos desenvolvidos;<\/p><p><strong>c)\u00a0<\/strong>proposta para a reorganiza\u00e7\u00e3o dos \u00f3rg\u00e3os referidos no Par\u00e1grafo \u00danico do art. 1\u00ba deste Decreto, com vistas \u00e0 absor\u00e7\u00e3o das atribui\u00e7\u00f5es, estrutura e patrim\u00f4nio do \u00f3rg\u00e3o incorporado ou entidade extinta, mediante a defini\u00e7\u00e3o da sua nova estrutura, consolidando a distribui\u00e7\u00e3o das atribui\u00e7\u00f5es e dos cargos, bem ainda como a desocupa\u00e7\u00e3o de bens im\u00f3veis;<\/p><p><strong>d)\u00a0<\/strong>presta\u00e7\u00e3o de contas do \u00f3rg\u00e3o incorporado ou entidade extinta relativa ao presente exerc\u00edcio financeiro.<\/p><p><strong>VIII &#8211;\u00a0<\/strong>exercer outras atribui\u00e7\u00f5es relacionadas \u00e0 incorpora\u00e7\u00e3o do \u00f3rg\u00e3o ou extin\u00e7\u00e3o da entidade que lhe forem delegadas pelo Titular do respectivo \u00f3rg\u00e3o referido no par\u00e1grafo \u00fanico do art. 1\u00ba deste Decreto.<\/p><p><strong>\u00a7 1\u00ba &#8211;\u00a0<\/strong>Caber\u00e1 ao Presidente da Comiss\u00e3o de Inventarian\u00e7a representar o \u00f3rg\u00e3o incorporado ou entidade extinta, ativa e passivamente, quanto aos atos da inventarian\u00e7a, caso necess\u00e1rio seja, enquanto n\u00e3o ultimada a formaliza\u00e7\u00e3o da extin\u00e7\u00e3o.<\/p><p><strong>\u00a7 2\u00ba &#8211;\u00a0<\/strong>A reorganiza\u00e7\u00e3o referida na al\u00ednea c do inciso VII deste artigo objetivar\u00e1 a redu\u00e7\u00e3o de custos por meio de desocupa\u00e7\u00e3o dos bens im\u00f3veis, exonera\u00e7\u00e3o de servidores ocupantes de cargos em comiss\u00e3o, rescis\u00e3o de contratos administrativos, conv\u00eanios e outros ajustes, assim como a celebra\u00e7\u00e3o de termos aditivos para a redu\u00e7\u00e3o dos quantitativos contratados, nos limites permitidos pela Lei n\u00ba 8.666\/1993.<\/p><p><strong>\u00a7 3\u00ba &#8211;\u00a0<\/strong>A Comiss\u00e3o de Inventarian\u00e7a poder\u00e1 solicitar aos \u00f3rg\u00e3os e \u00e0s entidades da Administra\u00e7\u00e3o P\u00fablica todas as informa\u00e7\u00f5es necess\u00e1rias ao cumprimento de suas atribui\u00e7\u00f5es, sendo priorit\u00e1ria a tramita\u00e7\u00e3o do referido expediente.<\/p><p><strong>\u00a7 4\u00b0 &#8211;\u00a0<\/strong>Os procedimentos de regulariza\u00e7\u00e3o do CNPJ dos \u00f3rg\u00e3os incorporados e entidades extintas devem ser acompanhados pelo N\u00facleo de Adimpl\u00eancia da Subsecretaria de Projetos Especiais da Casa Civil.<\/p><p><strong>\u00a7 5\u00b0 &#8211;\u00a0<\/strong>Os procedimentos t\u00e9cnicos de transfer\u00eancia de conv\u00eanios cadastrados no Sistema de Conv\u00eanios do Estado do Rio de Janeiro &#8211; CONVERJ ser\u00e3o normatizados e supervisionados pelo N\u00facleo de Conv\u00eanios da Subsecretaria de Projetos Especiais da Casa Civil.<\/p><p><strong>Art. 6\u00ba &#8211;\u00a0<\/strong>Conclu\u00edda a rela\u00e7\u00e3o dos bens m\u00f3veis, na forma da al\u00ednea a do inciso I do art. 4\u00ba:<\/p><p><strong>I &#8211;\u00a0<\/strong>ser\u00e1 procedido o registro cont\u00e1bil e patrimonial relativo \u00e0 transfer\u00eancia dos bens m\u00f3veis permanentes aos \u00f3rg\u00e3os referidos no Par\u00e1grafo \u00danico do art. 1\u00ba;<\/p><p><strong>II &#8211;\u00a0<\/strong>ser\u00e3o colocados em disponibilidade os bens m\u00f3veis, inclusive os materiais de consumo ou permanentes, considerados inserv\u00edveis, na forma do Decreto n\u00ba 43.301, de 21 de novembro de 2011.<\/p><p><strong>\u00a71\u00b0 &#8211;\u00a0<\/strong>O registro cont\u00e1bil e patrimonial dos bens m\u00f3veis obedecer\u00e1 \u00e0s normas legais aplic\u00e1veis.<\/p><p><strong>\u00a72\u00b0 &#8211;\u00a0<\/strong>As presta\u00e7\u00f5es de contas dos bens m\u00f3veis e em almoxarifado dever\u00e3o obedecer, respectivamente, a Instru\u00e7\u00e3o Normativa AGE n\u00b0 29\/2014 e a Instru\u00e7\u00e3o Normativa AGE n\u00b0 16\/2012.<\/p><p><strong>Art. 7\u00ba &#8211;\u00a0<\/strong>Ser\u00e1 encaminhada \u00e0 Secretaria de Estado de Planejamento e Gest\u00e3o uma c\u00f3pia da rela\u00e7\u00e3o de que trata a al\u00ednea b do inciso I do art. 4\u00ba, para os fins do que estabelece o Decreto n\u00ba 41.979, de 05 de agosto de 2009.<\/p><p><strong>Art. 8\u00ba &#8211;\u00a0<\/strong>Ao acervo documental relacionado, nos termos do inciso II do artigo 4\u00ba deste Decreto, ser\u00e3o aplicados o plano de classifica\u00e7\u00e3o e a tabela de temporalidade, promovendo-se a elimina\u00e7\u00e3o dos documentos destitu\u00eddos de valor e a preserva\u00e7\u00e3o dos documentos de guarda permanente.<\/p><p><strong>\u00a7 1\u00ba &#8211;\u00a0<\/strong>Aos documentos relativos \u00e0s atividades-meio ser\u00e3o aplicados o Plano de Classifica\u00e7\u00e3o de Documentos e a Tabela de Temporalidade das Atividades-Meio do Poder Executivo do Estado do Rio de Janeiro, aprovados pelo Decreto n\u00ba 43.992, de 14 de dezembro de 2012.<\/p><p><strong>\u00a7 2\u00ba &#8211;\u00a0<\/strong>Caso ainda inexistente, dever\u00e1 ser proposto, ao Arquivo P\u00fablico do Estado do Rio de Janeiro, o Plano de Classifica\u00e7\u00e3o e Tabela de Temporalidade de Documentos das Atividades-Fim, na forma do Decreto Estadual n\u00ba 42.002, de 21 de agosto de 2009.<\/p><p><strong>Art. 9\u00ba &#8211;\u00a0<\/strong>Caber\u00e1 \u00e0 Secretaria de Estado de Planejamento e Gest\u00e3o promover as a\u00e7\u00f5es necess\u00e1rias \u00e0 abertura de cr\u00e9dito especial para a compatibiliza\u00e7\u00e3o decorrente da nova estrutura da Administra\u00e7\u00e3o P\u00fablica, incluindo, se necess\u00e1rio, a cria\u00e7\u00e3o de Unidades Or\u00e7ament\u00e1rias e o remanejamento de saldos de Unidades Or\u00e7ament\u00e1rias extintas, desde que mantida a classifica\u00e7\u00e3o program\u00e1tica e econ\u00f4mica dos programas de trabalho aprovados.<\/p><p><strong>Par\u00e1grafo \u00danico\u00a0<\/strong>&#8211; A compatibiliza\u00e7\u00e3o mencionada no caput desse artigo inclui, se necess\u00e1rio, a cria\u00e7\u00e3o de Unidades de Planejamento, bem como a transfer\u00eancia da estrutura de programa\u00e7\u00e3o de Unidades de Planejamento extintas.<\/p><p><strong>Art. 10 &#8211;\u00a0<\/strong>Conclu\u00edda a rela\u00e7\u00e3o dos contratos, conv\u00eanios e demais ajustes firmados pelas entidades extintas e \u00f3rg\u00e3os incorporados, em raz\u00e3o da essencialidade e necessidade do objeto, assim como da for\u00e7osa conten\u00e7\u00e3o e diminui\u00e7\u00e3o das despesas p\u00fablicas, caber\u00e1 \u00e0 Comiss\u00e3o de Inventarian\u00e7a, de imediato, independentemente da apresenta\u00e7\u00e3o do invent\u00e1rio completo, propor, preferencialmente, nesta ordem:<\/p><p><strong>I &#8211;\u00a0<\/strong>a resolu\u00e7\u00e3o do contrato, conv\u00eanio ou demais ajustes, em raz\u00e3o da<\/p><p>extin\u00e7\u00e3o da pessoa jur\u00eddica;<\/p><p><strong>II &#8211;\u00a0<\/strong>manuten\u00e7\u00e3o da contrata\u00e7\u00e3o:<\/p><p><strong>a)\u00a0<\/strong>com a redu\u00e7\u00e3o quantitativa do objeto, nos limites permitidos pela<\/p><p>Lei n\u00ba 8.666\/1993, mediante a celebra\u00e7\u00e3o de termo aditivo;<\/p><p><strong>b)\u00a0<\/strong>sem redu\u00e7\u00e3o quantitativa.<\/p><p><strong>Par\u00e1grafo \u00fanico &#8211;\u00a0<\/strong>Dever\u00e3o ser encaminhados os processos administrativos aos respectivos \u00f3rg\u00e3os referidos no par\u00e1grafo \u00fanico do art. 1\u00ba deste Decreto para a sub-roga\u00e7\u00e3o das obriga\u00e7\u00f5es, com a justificativa da propositura.<\/p><p><strong>Art. 11 &#8211;\u00a0<\/strong>Caber\u00e1 aos Titulares dos \u00f3rg\u00e3os referidos no par\u00e1grafo \u00fanico do art. 1\u00ba deste Decreto, no prazo de 5 (cinco) dias:<\/p><p><strong>I &#8211;\u00a0<\/strong>decidir quanto \u00e0 continuidade dos contratos, conv\u00eanios e demais ajustes firmados pelas entidades extintas referidas no artigo anterior; e<\/p><p><strong>II &#8211;\u00a0<\/strong>comunicar a decis\u00e3o ao contratado, em qualquer caso.<\/p><p><strong>Art. 12 &#8211;\u00a0<\/strong>Caber\u00e1 ao Ordenador de Despesa dos \u00f3rg\u00e3os referidos no Par\u00e1grafo \u00danico do art. 1\u00ba deste Decreto cancelar os empenhos n\u00e3o liquidados e realizar novos empenhos, efetuando os pagamentos devidos.<\/p><p><strong>Art. 13 &#8211;\u00a0<\/strong>Conclu\u00edda a rela\u00e7\u00e3o nominal dos servidores ativos, com indica\u00e7\u00e3o dos correspondentes cargos de provimento efetivo, em comiss\u00e3o e fun\u00e7\u00f5es gratificadas, e dos contratados tempor\u00e1rios, caber\u00e1 \u00e0 Comiss\u00e3o de Inventarian\u00e7a, de imediato, independentemente da apresenta\u00e7\u00e3o do invent\u00e1rio completo, propor ao Titular do respectivo \u00f3rg\u00e3o referido no par\u00e1grafo \u00fanico do art. 1\u00ba:<\/p><p><strong>I &#8211;\u00a0<\/strong>a exonera\u00e7\u00e3o de ocupantes de cargos em comiss\u00e3o e de contratados tempor\u00e1rios;<\/p><p><strong>II &#8211;\u00a0<\/strong>a transfer\u00eancia dos cargos em comiss\u00e3o providos e dos contratos tempor\u00e1rios para os respectivos \u00f3rg\u00e3os referidos no par\u00e1grafo \u00fanico do art. 1\u00ba.<\/p><p><strong>Par\u00e1grafo \u00danico &#8211; <\/strong>Os Titulares dos \u00f3rg\u00e3os referidos no Par\u00e1grafo \u00danico do art. 1\u00ba, no prazo de 5 (cinco) dias, propor\u00e3o \u00e0 autoridade competente a exonera\u00e7\u00e3o dos ocupantes de cargos em comiss\u00e3o.<\/p><p><strong>Art. 14 &#8211;\u00a0<\/strong>Caber\u00e1 aos Titulares dos \u00f3rg\u00e3os referidos no Par\u00e1grafo \u00danico do art. 1\u00ba, no prazo de 15 (quinze) dias, a contar do recebimento do invent\u00e1rio completo a que se refere o art. 4\u00ba, submeter ao Governador do Estado a proposta de nova estrutura administrativa do \u00f3rg\u00e3o, sem aumento de despesa, que contemplar\u00e1:<\/p><p><strong>I &#8211;\u00a0<\/strong>a estrutura organizacional e compet\u00eancia gen\u00e9rica de cada \u00f3rg\u00e3o, consolidando a distribui\u00e7\u00e3o das atribui\u00e7\u00f5es;<\/p><p><strong>II &#8211;\u00a0<\/strong>quadro de pessoal, com a distribui\u00e7\u00e3o dos servidores ocupantes de cargos de provimento efetivo e dos cargos em comiss\u00e3o;<\/p><p><strong>III &#8211;\u00a0<\/strong>a transforma\u00e7\u00e3o, sem aumento de despesa, dos cargos em comiss\u00e3o para adequ\u00e1-los \u00e0s nomenclaturas e atribui\u00e7\u00f5es dos cargos da estrutura da Administra\u00e7\u00e3o Direta;<\/p><p><strong>IV &#8211;\u00a0<\/strong>a extin\u00e7\u00e3o de cargos vagos, quando desnecess\u00e1rios \u00e0 continuidade das atividades antes exercidas pelo \u00f3rg\u00e3o incorporado ou entidade extinta.<\/p><p><strong>\u00a7 1\u00ba &#8211;\u00a0<\/strong>A nova estrutura de que trata o caput deste artigo dever\u00e1 ser formulada com vistas \u00e0 conten\u00e7\u00e3o e diminui\u00e7\u00e3o das despesas e em observ\u00e2ncia \u00e0s estritas necessidades do \u00f3rg\u00e3o para a manuten\u00e7\u00e3o dos servi\u00e7os p\u00fablicos que lhe foram atribu\u00eddos, devendo ser ajustada ao exato n\u00famero de servidores indispens\u00e1veis \u00e0 execu\u00e7\u00e3o dos servi\u00e7os e \u00e0s dota\u00e7\u00f5es previstas no or\u00e7amento, buscando, ainda, sempre que poss\u00edvel, a centraliza\u00e7\u00e3o da execu\u00e7\u00e3o dos servi\u00e7os em um s\u00f3 local ou edif\u00edcio.<\/p><p><strong>\u00a7 2\u00ba &#8211;\u00a0<\/strong>Acompanhar\u00e1 a proposta ao Governador do Estado:<\/p><p><strong>I &#8211;\u00a0<\/strong>um quadro comparativo relativo ao \u00f3rg\u00e3o incorporado ou entidade extinta e ao \u00f3rg\u00e3o referido no par\u00e1grafo \u00fanico do art. 1\u00ba, antes e depois da nova estrutura, contendo:<\/p><p><strong>a)\u00a0<\/strong>a rela\u00e7\u00e3o discriminada das despesas de pessoal relativas aos 2 (dois) meses anteriores ao ato que determinar a incorpora\u00e7\u00e3o do \u00f3rg\u00e3o ou extin\u00e7\u00e3o da entidade e a rela\u00e7\u00e3o da estimativa das despesas futuras de pessoal, apresentando-se, em ambos os casos, uma rela\u00e7\u00e3o apartada das despesas espec\u00edficas com os cargos em comiss\u00e3o;<\/p><p><strong>b)\u00a0<\/strong>a rela\u00e7\u00e3o das despesas com contratos, conv\u00eanios e demais ajustes firmados relativas aos 2 (dois) meses anteriores ao ato que determinar a incorpora\u00e7\u00e3o do \u00f3rg\u00e3o ou extin\u00e7\u00e3o da entidade e a rela\u00e7\u00e3o da estimativa das despesas futuras com contratos, conv\u00eanios e demais ajustes firmados;<\/p><p><strong>II &#8211;\u00a0<\/strong>a indica\u00e7\u00e3o dos bens im\u00f3veis transferidos que continuar\u00e3o sendo utilizados e os que ser\u00e3o devolvidos \u00e0 Secretaria de Estado de Planejamento e Gest\u00e3o, \u00f3rg\u00e3o respons\u00e1vel pela gest\u00e3o do patrim\u00f4nio imobili\u00e1rio; e<\/p><p><strong>III &#8211;\u00a0<\/strong>a justificativa da eventual impossibilidade de centraliza\u00e7\u00e3o f\u00edsica da instala\u00e7\u00e3o e funcionamento da nova estrutura.<\/p><p><strong>\u00a7 3\u00ba &#8211;\u00a0<\/strong>Antes da edi\u00e7\u00e3o do Decreto que dispor\u00e1 sobre a nova estrutura dos \u00f3rg\u00e3os referidos no Par\u00e1grafo \u00danico do art. 1\u00ba, a proposta ser\u00e1 submetida \u00e0 Comiss\u00e3o de Planejamento Or\u00e7ament\u00e1rio e Financeiro do Estado do Rio de Janeiro, institu\u00edda pelo Decreto n\u00ba 45.108, de 05 de janeiro de 2015, que poder\u00e1 devolv\u00ea-la \u00e0 origem a fim de que seja reformulada com vistas \u00e0 conten\u00e7\u00e3o e diminui\u00e7\u00e3o das despesas.<\/p><p><strong>Art. 15 &#8211;\u00a0<\/strong>Caber\u00e1 aos Titulares dos \u00f3rg\u00e3os referidos no Par\u00e1grafo \u00danico do art. 1\u00ba, no prazo de 30 (trinta) dias ap\u00f3s a publica\u00e7\u00e3o do Decreto que dispor\u00e1 sobre a nova estrutura, editar o Regimento Interno, estabelecendo as compet\u00eancias dos \u00f3rg\u00e3os internos da Pasta.<\/p><p><strong>Art. 16 &#8211;\u00a0<\/strong>Os servidores cedidos aos \u00f3rg\u00e3os incorporados ou entidades extintas retornar\u00e3o aos seus \u00f3rg\u00e3os ou entidades de origem.<\/p><p><strong>Par\u00e1grafo \u00danico<\/strong> &#8211; No prazo de 20 (vinte) dias da incorpora\u00e7\u00e3o ou extin\u00e7\u00e3o, o Titular do \u00f3rg\u00e3o referido no Par\u00e1grafo \u00danico do art. 1\u00ba poder\u00e1 solicitar ao Governador do Estado a manuten\u00e7\u00e3o, em car\u00e1ter excepcional, da cess\u00e3o de servidores essenciais para a continuidade dos servi\u00e7os prestados pelos \u00f3rg\u00e3os incorporados ou entidades extintas, explicitando pormenorizadamente as raz\u00f5es da essencialidade. <em><strong>Inclu\u00eddo pelo Decreto n\u00ba 45.858, de 16 de dezembro de 2016.<\/strong><\/em><\/p><p><strong>Art. 17 &#8211;\u00a0<\/strong>O assessoramento jur\u00eddico necess\u00e1rio aos atos relativos ao processo de invent\u00e1rio ser\u00e1 prestado \u00e0 Comiss\u00e3o de Inventarian\u00e7a pela Assessoria Jur\u00eddica do \u00f3rg\u00e3o referido no Par\u00e1grafo \u00danico do art. 1\u00ba deste Decreto.<\/p><p><strong>Art. 18 &#8211;\u00a0<\/strong>Quando se tratar de entidades, em todos os atos ou opera\u00e7\u00f5es o nome da entidade extinta dever\u00e1 ser indicado seguido das palavras \u201cem extin\u00e7\u00e3o\u201d.<\/p><p><strong>Art. 19 &#8211;\u00a0<\/strong>A Secretaria de Estado da Casa Civil manter\u00e1 o controle do saldo remanescente decorrente das transforma\u00e7\u00f5es dos cargos em comiss\u00e3o e das exonera\u00e7\u00f5es dos ocupantes de cargos em comiss\u00e3o.<\/p><p><strong>Art. 20 &#8211;\u00a0<\/strong>As Secretarias de Estado de Fazenda e de Planejamento e Gest\u00e3o, no \u00e2mbito de suas respectivas atribui\u00e7\u00f5es, implementar\u00e3o medidas de natureza cont\u00e1bil, or\u00e7ament\u00e1ria e financeira necess\u00e1rias \u00e0 execu\u00e7\u00e3o deste Decreto.<\/p><p><strong>Art. 21 &#8211;\u00a0<\/strong>Aplicam-se as disposi\u00e7\u00f5es deste Decreto aos \u00f3rg\u00e3os incorporados por for\u00e7a das modifica\u00e7\u00f5es na estrutura do Poder Executivo efetuadas pelo Decreto n\u00b0 45.681, de 08 de junho de 2016.<\/p><p><strong>Par\u00e1grafo \u00fanico &#8211;\u00a0<\/strong>Nos casos previstos no caput, o prazo previsto no art. 3\u00b0 deste Decreto se iniciar\u00e1 na entrada em vigor deste Decreto.<\/p><p><strong>Art. 22 &#8211;\u00a0<\/strong>Este Decreto entrar\u00e1 em vigor na data de sua publica\u00e7\u00e3o.<\/p><p style=\"text-align: center;\">Rio de Janeiro, 10 de agosto de 2016<\/p><p class=\"Texto_Centralizado\" style=\"text-align: center;\"><strong>FRANCISCO DORNELLES<\/strong><\/p><p style=\"text-align: center;\">Governador do Estado<\/p><p style=\"text-align: right;\">Id: 1976327<\/p>\t\t\t\t\t\t\t\t<\/div>\n\t\t\t\t\t<\/div>\n\t\t<\/div>\n\t\t\t\t\t<\/div>\n\t\t<\/section>\n\t\t\t\t<section class=\"elementor-section elementor-top-section elementor-element elementor-element-3a2cde5 elementor-section-boxed elementor-section-height-default elementor-section-height-default\" data-id=\"3a2cde5\" data-element_type=\"section\" data-settings=\"{&quot;jet_parallax_layout_list&quot;:[{&quot;jet_parallax_layout_image&quot;:{&quot;url&quot;:&quot;&quot;,&quot;id&quot;:&quot;&quot;,&quot;size&quot;:&quot;&quot;},&quot;_id&quot;:&quot;04dd098&quot;,&quot;jet_parallax_layout_image_tablet&quot;:{&quot;url&quot;:&quot;&quot;,&quot;id&quot;:&quot;&quot;,&quot;size&quot;:&quot;&quot;},&quot;jet_parallax_layout_image_mobile&quot;:{&quot;url&quot;:&quot;&quot;,&quot;id&quot;:&quot;&quot;,&quot;size&quot;:&quot;&quot;},&quot;jet_parallax_layout_speed&quot;:{&quot;unit&quot;:&quot;%&quot;,&quot;size&quot;:50,&quot;sizes&quot;:[]},&quot;jet_parallax_layout_type&quot;:&quot;scroll&quot;,&quot;jet_parallax_layout_direction&quot;:&quot;1&quot;,&quot;jet_parallax_layout_fx_direction&quot;:null,&quot;jet_parallax_layout_z_index&quot;:&quot;&quot;,&quot;jet_parallax_layout_bg_x&quot;:50,&quot;jet_parallax_layout_bg_x_tablet&quot;:&quot;&quot;,&quot;jet_parallax_layout_bg_x_mobile&quot;:&quot;&quot;,&quot;jet_parallax_layout_bg_y&quot;:50,&quot;jet_parallax_layout_bg_y_tablet&quot;:&quot;&quot;,&quot;jet_parallax_layout_bg_y_mobile&quot;:&quot;&quot;,&quot;jet_parallax_layout_bg_size&quot;:&quot;auto&quot;,&quot;jet_parallax_layout_bg_size_tablet&quot;:&quot;&quot;,&quot;jet_parallax_layout_bg_size_mobile&quot;:&quot;&quot;,&quot;jet_parallax_layout_animation_prop&quot;:&quot;transform&quot;,&quot;jet_parallax_layout_on&quot;:[&quot;desktop&quot;,&quot;tablet&quot;]}]}\">\n\t\t\t\t\t\t<div class=\"elementor-container elementor-column-gap-default\">\n\t\t\t\t\t<div class=\"elementor-column elementor-col-100 elementor-top-column elementor-element elementor-element-5fab3a9\" data-id=\"5fab3a9\" data-element_type=\"column\">\n\t\t\t<div class=\"elementor-widget-wrap\">\n\t\t\t\t\t\t\t<\/div>\n\t\t<\/div>\n\t\t\t\t\t<\/div>\n\t\t<\/section>\n\t\t\t\t<section class=\"elementor-section elementor-top-section elementor-element elementor-element-76d6498 elementor-section-boxed elementor-section-height-default elementor-section-height-default\" data-id=\"76d6498\" data-element_type=\"section\" data-settings=\"{&quot;jet_parallax_layout_list&quot;:[{&quot;jet_parallax_layout_image&quot;:{&quot;url&quot;:&quot;&quot;,&quot;id&quot;:&quot;&quot;,&quot;size&quot;:&quot;&quot;},&quot;_id&quot;:&quot;ab030fc&quot;,&quot;jet_parallax_layout_image_tablet&quot;:{&quot;url&quot;:&quot;&quot;,&quot;id&quot;:&quot;&quot;,&quot;size&quot;:&quot;&quot;},&quot;jet_parallax_layout_image_mobile&quot;:{&quot;url&quot;:&quot;&quot;,&quot;id&quot;:&quot;&quot;,&quot;size&quot;:&quot;&quot;},&quot;jet_parallax_layout_speed&quot;:{&quot;unit&quot;:&quot;%&quot;,&quot;size&quot;:50,&quot;sizes&quot;:[]},&quot;jet_parallax_layout_type&quot;:&quot;scroll&quot;,&quot;jet_parallax_layout_direction&quot;:&quot;1&quot;,&quot;jet_parallax_layout_fx_direction&quot;:null,&quot;jet_parallax_layout_z_index&quot;:&quot;&quot;,&quot;jet_parallax_layout_bg_x&quot;:50,&quot;jet_parallax_layout_bg_x_tablet&quot;:&quot;&quot;,&quot;jet_parallax_layout_bg_x_mobile&quot;:&quot;&quot;,&quot;jet_parallax_layout_bg_y&quot;:50,&quot;jet_parallax_layout_bg_y_tablet&quot;:&quot;&quot;,&quot;jet_parallax_layout_bg_y_mobile&quot;:&quot;&quot;,&quot;jet_parallax_layout_bg_size&quot;:&quot;auto&quot;,&quot;jet_parallax_layout_bg_size_tablet&quot;:&quot;&quot;,&quot;jet_parallax_layout_bg_size_mobile&quot;:&quot;&quot;,&quot;jet_parallax_layout_animation_prop&quot;:&quot;transform&quot;,&quot;jet_parallax_layout_on&quot;:[&quot;desktop&quot;,&quot;tablet&quot;]}]}\">\n\t\t\t\t\t\t<div class=\"elementor-container elementor-column-gap-default\">\n\t\t\t\t\t<div class=\"elementor-column elementor-col-100 elementor-top-column elementor-element elementor-element-15c5409\" data-id=\"15c5409\" data-element_type=\"column\">\n\t\t\t<div class=\"elementor-widget-wrap elementor-element-populated\">\n\t\t\t\t\t\t<div class=\"elementor-element elementor-element-f066ef2 elementor-widget-divider--view-line elementor-widget elementor-widget-divider\" data-id=\"f066ef2\" data-element_type=\"widget\" data-widget_type=\"divider.default\">\n\t\t\t\t\t\t\t<div class=\"elementor-divider\">\n\t\t\t<span class=\"elementor-divider-separator\">\n\t\t\t\t\t\t<\/span>\n\t\t<\/div>\n\t\t\t\t\t\t<\/div>\n\t\t\t\t\t<\/div>\n\t\t<\/div>\n\t\t\t\t\t<\/div>\n\t\t<\/section>\n\t\t\t\t<section class=\"elementor-section elementor-top-section elementor-element elementor-element-c082ae2 elementor-section-boxed elementor-section-height-default elementor-section-height-default\" data-id=\"c082ae2\" data-element_type=\"section\" id=\"options\" data-settings=\"{&quot;jet_parallax_layout_list&quot;:[{&quot;jet_parallax_layout_image&quot;:{&quot;url&quot;:&quot;&quot;,&quot;id&quot;:&quot;&quot;,&quot;size&quot;:&quot;&quot;},&quot;_id&quot;:&quot;8363d81&quot;,&quot;jet_parallax_layout_image_tablet&quot;:{&quot;url&quot;:&quot;&quot;,&quot;id&quot;:&quot;&quot;,&quot;size&quot;:&quot;&quot;},&quot;jet_parallax_layout_image_mobile&quot;:{&quot;url&quot;:&quot;&quot;,&quot;id&quot;:&quot;&quot;,&quot;size&quot;:&quot;&quot;},&quot;jet_parallax_layout_speed&quot;:{&quot;unit&quot;:&quot;%&quot;,&quot;size&quot;:50,&quot;sizes&quot;:[]},&quot;jet_parallax_layout_type&quot;:&quot;scroll&quot;,&quot;jet_parallax_layout_direction&quot;:&quot;1&quot;,&quot;jet_parallax_layout_fx_direction&quot;:null,&quot;jet_parallax_layout_z_index&quot;:&quot;&quot;,&quot;jet_parallax_layout_bg_x&quot;:50,&quot;jet_parallax_layout_bg_x_tablet&quot;:&quot;&quot;,&quot;jet_parallax_layout_bg_x_mobile&quot;:&quot;&quot;,&quot;jet_parallax_layout_bg_y&quot;:50,&quot;jet_parallax_layout_bg_y_tablet&quot;:&quot;&quot;,&quot;jet_parallax_layout_bg_y_mobile&quot;:&quot;&quot;,&quot;jet_parallax_layout_bg_size&quot;:&quot;auto&quot;,&quot;jet_parallax_layout_bg_size_tablet&quot;:&quot;&quot;,&quot;jet_parallax_layout_bg_size_mobile&quot;:&quot;&quot;,&quot;jet_parallax_layout_animation_prop&quot;:&quot;transform&quot;,&quot;jet_parallax_layout_on&quot;:[&quot;desktop&quot;,&quot;tablet&quot;]}]}\">\n\t\t\t\t\t\t<div class=\"elementor-container elementor-column-gap-default\">\n\t\t\t\t\t<div class=\"elementor-column elementor-col-100 elementor-top-column elementor-element elementor-element-7988481\" data-id=\"7988481\" data-element_type=\"column\">\n\t\t\t<div class=\"elementor-widget-wrap elementor-element-populated\">\n\t\t\t\t\t\t<div class=\"elementor-element elementor-element-38ca6cb elementor-widget elementor-widget-text-editor\" data-id=\"38ca6cb\" data-element_type=\"widget\" data-widget_type=\"text-editor.default\">\n\t\t\t\t\t\t\t\t\t<p><em>Publicada no DOE em <a href=\"https:\/\/www.redelog.rj.gov.br\/redelog\/wp-content\/uploads\/2023\/01\/Decreto-no-45.733-DE-2016-Acoes-administrativas-por-Extincao-ou-Incorporacao-de-orgaos.pdf\"><strong>11\/08\/2016<\/strong><\/a>.<br \/>Alterado pelo Decreto n\u00ba\u00a0<\/em><em style=\"letter-spacing: 0px;\">45.858, de 16 de dezembro de 2016, publicado no DOE em <a href=\"https:\/\/www.redelog.rj.gov.br\/redelog\/wp-content\/uploads\/2023\/01\/DECRETO-N-45858-DE-16-DE-DEZEMBRO-DE-2016-Altera-o-Decreto-45.733-de-2016-1.pdf\"><strong>19\/12\/2016<\/strong><\/a>.<\/em><\/p>\t\t\t\t\t\t\t\t<\/div>\n\t\t\t\t<div class=\"elementor-element elementor-element-656bdfb elementor-widget elementor-widget-shortcode\" data-id=\"656bdfb\" data-element_type=\"widget\" data-widget_type=\"shortcode.default\">\n\t\t\t\t\t\t\t<div class=\"elementor-shortcode\"><div class='printomatic pom-default ' id='id9193' alt='Imprimir' title='Imprimir' data-print_target='#post-20257'><\/div> <div class='printomatictext' id='id9193' alt='Imprimir' title='Imprimir' data-print_target='#post-20257'>Imprimir<\/div><div style='clear: both;'><\/div><\/div>\n\t\t\t\t\t\t<\/div>\n\t\t\t\t<section class=\"elementor-section elementor-inner-section elementor-element elementor-element-1e9e4d4 elementor-section-boxed elementor-section-height-default elementor-section-height-default\" data-id=\"1e9e4d4\" data-element_type=\"section\" data-settings=\"{&quot;jet_parallax_layout_list&quot;:[{&quot;jet_parallax_layout_image&quot;:{&quot;url&quot;:&quot;&quot;,&quot;id&quot;:&quot;&quot;,&quot;size&quot;:&quot;&quot;},&quot;_id&quot;:&quot;ccec7d1&quot;,&quot;jet_parallax_layout_image_tablet&quot;:{&quot;url&quot;:&quot;&quot;,&quot;id&quot;:&quot;&quot;,&quot;size&quot;:&quot;&quot;},&quot;jet_parallax_layout_image_mobile&quot;:{&quot;url&quot;:&quot;&quot;,&quot;id&quot;:&quot;&quot;,&quot;size&quot;:&quot;&quot;},&quot;jet_parallax_layout_speed&quot;:{&quot;unit&quot;:&quot;%&quot;,&quot;size&quot;:50,&quot;sizes&quot;:[]},&quot;jet_parallax_layout_type&quot;:&quot;scroll&quot;,&quot;jet_parallax_layout_direction&quot;:&quot;1&quot;,&quot;jet_parallax_layout_fx_direction&quot;:null,&quot;jet_parallax_layout_z_index&quot;:&quot;&quot;,&quot;jet_parallax_layout_bg_x&quot;:50,&quot;jet_parallax_layout_bg_x_tablet&quot;:&quot;&quot;,&quot;jet_parallax_layout_bg_x_mobile&quot;:&quot;&quot;,&quot;jet_parallax_layout_bg_y&quot;:50,&quot;jet_parallax_layout_bg_y_tablet&quot;:&quot;&quot;,&quot;jet_parallax_layout_bg_y_mobile&quot;:&quot;&quot;,&quot;jet_parallax_layout_bg_size&quot;:&quot;auto&quot;,&quot;jet_parallax_layout_bg_size_tablet&quot;:&quot;&quot;,&quot;jet_parallax_layout_bg_size_mobile&quot;:&quot;&quot;,&quot;jet_parallax_layout_animation_prop&quot;:&quot;transform&quot;,&quot;jet_parallax_layout_on&quot;:[&quot;desktop&quot;,&quot;tablet&quot;]}]}\">\n\t\t\t\t\t\t<div class=\"elementor-container elementor-column-gap-default\">\n\t\t\t\t\t<div class=\"elementor-column elementor-col-50 elementor-inner-column elementor-element elementor-element-b4e5f78\" data-id=\"b4e5f78\" data-element_type=\"column\">\n\t\t\t<div class=\"elementor-widget-wrap elementor-element-populated\">\n\t\t\t\t\t\t<div class=\"elementor-element elementor-element-d4514af elementor-widget elementor-widget-text-editor\" data-id=\"d4514af\" data-element_type=\"widget\" data-widget_type=\"text-editor.default\">\n\t\t\t\t\t\t\t\t\t<p><strong><a href=\"http:\/\/redelog.rj.gov.br\/redelog\/legislacao-licitacoes\/\">\u2190 Voltar &#8211; Licita\u00e7\u00f5es<\/a><\/strong><\/p>\t\t\t\t\t\t\t\t<\/div>\n\t\t\t\t\t<\/div>\n\t\t<\/div>\n\t\t\t\t<div class=\"elementor-column elementor-col-50 elementor-inner-column elementor-element elementor-element-99226bf\" data-id=\"99226bf\" data-element_type=\"column\">\n\t\t\t<div class=\"elementor-widget-wrap elementor-element-populated\">\n\t\t\t\t\t\t\t<\/div>\n\t\t<\/div>\n\t\t\t\t\t<\/div>\n\t\t<\/section>\n\t\t\t\t\t<\/div>\n\t\t<\/div>\n\t\t\t\t\t<\/div>\n\t\t<\/section>\n\t\t\t\t<section class=\"elementor-section elementor-top-section elementor-element elementor-element-bd2686b elementor-section-boxed elementor-section-height-default elementor-section-height-default\" data-id=\"bd2686b\" data-element_type=\"section\" data-settings=\"{&quot;jet_parallax_layout_list&quot;:[{&quot;jet_parallax_layout_image&quot;:{&quot;url&quot;:&quot;&quot;,&quot;id&quot;:&quot;&quot;,&quot;size&quot;:&quot;&quot;},&quot;_id&quot;:&quot;22a0abb&quot;,&quot;jet_parallax_layout_image_tablet&quot;:{&quot;url&quot;:&quot;&quot;,&quot;id&quot;:&quot;&quot;,&quot;size&quot;:&quot;&quot;},&quot;jet_parallax_layout_image_mobile&quot;:{&quot;url&quot;:&quot;&quot;,&quot;id&quot;:&quot;&quot;,&quot;size&quot;:&quot;&quot;},&quot;jet_parallax_layout_speed&quot;:{&quot;unit&quot;:&quot;%&quot;,&quot;size&quot;:50,&quot;sizes&quot;:[]},&quot;jet_parallax_layout_type&quot;:&quot;scroll&quot;,&quot;jet_parallax_layout_direction&quot;:&quot;1&quot;,&quot;jet_parallax_layout_fx_direction&quot;:null,&quot;jet_parallax_layout_z_index&quot;:&quot;&quot;,&quot;jet_parallax_layout_bg_x&quot;:50,&quot;jet_parallax_layout_bg_x_tablet&quot;:&quot;&quot;,&quot;jet_parallax_layout_bg_x_mobile&quot;:&quot;&quot;,&quot;jet_parallax_layout_bg_y&quot;:50,&quot;jet_parallax_layout_bg_y_tablet&quot;:&quot;&quot;,&quot;jet_parallax_layout_bg_y_mobile&quot;:&quot;&quot;,&quot;jet_parallax_layout_bg_size&quot;:&quot;auto&quot;,&quot;jet_parallax_layout_bg_size_tablet&quot;:&quot;&quot;,&quot;jet_parallax_layout_bg_size_mobile&quot;:&quot;&quot;,&quot;jet_parallax_layout_animation_prop&quot;:&quot;transform&quot;,&quot;jet_parallax_layout_on&quot;:[&quot;desktop&quot;,&quot;tablet&quot;]}]}\">\n\t\t\t\t\t\t<div class=\"elementor-container elementor-column-gap-default\">\n\t\t\t\t\t<div class=\"elementor-column elementor-col-100 elementor-top-column elementor-element elementor-element-e1de737\" data-id=\"e1de737\" data-element_type=\"column\">\n\t\t\t<div class=\"elementor-widget-wrap elementor-element-populated\">\n\t\t\t\t\t\t<div class=\"elementor-element elementor-element-f63ca15 elementor-widget elementor-widget-html\" data-id=\"f63ca15\" data-element_type=\"widget\" data-widget_type=\"html.default\">\n\t\t\t\t\t<style>\n    h2, .h2-style{\n        font-size: 28px;\n    }\n<\/style>\t\t\t\t<\/div>\n\t\t\t\t\t<\/div>\n\t\t<\/div>\n\t\t\t\t\t<\/div>\n\t\t<\/section>\n\t\t\t\t<\/div>\n\t\t","protected":false},"excerpt":{"rendered":"<p>DISP\u00d5E SOBRE AS A\u00c7\u00d5ES ADMINISTRATIVAS A SEREM IMPLEMENTADAS EM RAZ\u00c3O DA EXTIN\u00c7\u00c3O DE ENTIDADES OU INCORPORA\u00c7\u00c3O DE \u00d3RG\u00c3OS, NO \u00c2MBITO DA ADMINISTRA\u00c7\u00c3O P\u00daBLICA ESTADUAL. O GOVERNADOR DO ESTADO DO RIO DE JANEIRO, em exerc\u00edcio, no uso de suas atribui\u00e7\u00f5es constitucionais e legais, tendo em vista o disposto no artigo 84, inciso VI, al\u00edneas a e [&hellip;]<\/p>\n","protected":false},"author":19,"featured_media":0,"comment_status":"closed","ping_status":"open","sticky":false,"template":"","format":"standard","meta":{"_joinchat":[],"footnotes":""},"categories":[23],"tags":[],"class_list":["post-20257","post","type-post","status-publish","format-standard","hentry","category-cat-legislacao"],"yoast_head":"<!-- This site is optimized with the Yoast SEO plugin v25.7 - https:\/\/yoast.com\/wordpress\/plugins\/seo\/ -->\n<title>DECRETO N\u00ba 45.733, DE 10 DE AGOSTO DE 2016 - Redelog<\/title>\n<meta name=\"robots\" content=\"index, follow, max-snippet:-1, max-image-preview:large, max-video-preview:-1\" \/>\n<link rel=\"canonical\" href=\"https:\/\/redelog.rj.gov.br\/redelog\/decreto-no-45-733-de-10-de-agosto-de-2016\/\" \/>\n<meta property=\"og:locale\" content=\"pt_BR\" \/>\n<meta property=\"og:type\" content=\"article\" \/>\n<meta property=\"og:title\" content=\"DECRETO N\u00ba 45.733, DE 10 DE AGOSTO DE 2016 - Redelog\" \/>\n<meta property=\"og:description\" content=\"DISP\u00d5E SOBRE AS A\u00c7\u00d5ES ADMINISTRATIVAS A SEREM IMPLEMENTADAS EM RAZ\u00c3O DA EXTIN\u00c7\u00c3O DE ENTIDADES OU INCORPORA\u00c7\u00c3O DE \u00d3RG\u00c3OS, NO \u00c2MBITO DA ADMINISTRA\u00c7\u00c3O P\u00daBLICA ESTADUAL. O GOVERNADOR DO ESTADO DO RIO DE JANEIRO, em exerc\u00edcio, no uso de suas atribui\u00e7\u00f5es constitucionais e legais, tendo em vista o disposto no artigo 84, inciso VI, al\u00edneas a e [&hellip;]\" \/>\n<meta property=\"og:url\" content=\"https:\/\/redelog.rj.gov.br\/redelog\/decreto-no-45-733-de-10-de-agosto-de-2016\/\" \/>\n<meta property=\"og:site_name\" content=\"Redelog\" \/>\n<meta property=\"article:published_time\" content=\"2023-01-17T18:57:26+00:00\" \/>\n<meta property=\"article:modified_time\" content=\"2023-01-17T19:00:24+00:00\" \/>\n<meta name=\"author\" content=\"Juliane Paz Vieira Lima\" \/>\n<meta name=\"twitter:card\" content=\"summary_large_image\" \/>\n<meta name=\"twitter:label1\" content=\"Escrito por\" \/>\n\t<meta name=\"twitter:data1\" content=\"Juliane Paz Vieira Lima\" \/>\n\t<meta name=\"twitter:label2\" content=\"Est. tempo de leitura\" \/>\n\t<meta name=\"twitter:data2\" content=\"7 minutos\" \/>\n<script type=\"application\/ld+json\" class=\"yoast-schema-graph\">{\"@context\":\"https:\/\/schema.org\",\"@graph\":[{\"@type\":\"Article\",\"@id\":\"https:\/\/redelog.rj.gov.br\/redelog\/decreto-no-45-733-de-10-de-agosto-de-2016\/#article\",\"isPartOf\":{\"@id\":\"https:\/\/redelog.rj.gov.br\/redelog\/decreto-no-45-733-de-10-de-agosto-de-2016\/\"},\"author\":{\"name\":\"Juliane Paz Vieira Lima\",\"@id\":\"https:\/\/redelog.rj.gov.br\/redelog\/#\/schema\/person\/a80fe416b9778ee67954a79526756867\"},\"headline\":\"DECRETO N\u00ba 45.733, DE 10 DE AGOSTO DE 2016\",\"datePublished\":\"2023-01-17T18:57:26+00:00\",\"dateModified\":\"2023-01-17T19:00:24+00:00\",\"mainEntityOfPage\":{\"@id\":\"https:\/\/redelog.rj.gov.br\/redelog\/decreto-no-45-733-de-10-de-agosto-de-2016\/\"},\"wordCount\":3126,\"publisher\":{\"@id\":\"https:\/\/redelog.rj.gov.br\/redelog\/#organization\"},\"articleSection\":[\"Legisla\u00e7\u00e3o\"],\"inLanguage\":\"pt-BR\"},{\"@type\":\"WebPage\",\"@id\":\"https:\/\/redelog.rj.gov.br\/redelog\/decreto-no-45-733-de-10-de-agosto-de-2016\/\",\"url\":\"https:\/\/redelog.rj.gov.br\/redelog\/decreto-no-45-733-de-10-de-agosto-de-2016\/\",\"name\":\"DECRETO N\u00ba 45.733, DE 10 DE AGOSTO DE 2016 - Redelog\",\"isPartOf\":{\"@id\":\"https:\/\/redelog.rj.gov.br\/redelog\/#website\"},\"datePublished\":\"2023-01-17T18:57:26+00:00\",\"dateModified\":\"2023-01-17T19:00:24+00:00\",\"breadcrumb\":{\"@id\":\"https:\/\/redelog.rj.gov.br\/redelog\/decreto-no-45-733-de-10-de-agosto-de-2016\/#breadcrumb\"},\"inLanguage\":\"pt-BR\",\"potentialAction\":[{\"@type\":\"ReadAction\",\"target\":[\"https:\/\/redelog.rj.gov.br\/redelog\/decreto-no-45-733-de-10-de-agosto-de-2016\/\"]}]},{\"@type\":\"BreadcrumbList\",\"@id\":\"https:\/\/redelog.rj.gov.br\/redelog\/decreto-no-45-733-de-10-de-agosto-de-2016\/#breadcrumb\",\"itemListElement\":[{\"@type\":\"ListItem\",\"position\":1,\"name\":\"Home\",\"item\":\"https:\/\/redelog.rj.gov.br\/redelog\/\"},{\"@type\":\"ListItem\",\"position\":2,\"name\":\"DECRETO N\u00ba 45.733, DE 10 DE AGOSTO DE 2016\"}]},{\"@type\":\"WebSite\",\"@id\":\"https:\/\/redelog.rj.gov.br\/redelog\/#website\",\"url\":\"https:\/\/redelog.rj.gov.br\/redelog\/\",\"name\":\"Redelog\",\"description\":\"Site da Rede de Log\u00edstica e Planejamento do Estado do Rio de Janeiro\",\"publisher\":{\"@id\":\"https:\/\/redelog.rj.gov.br\/redelog\/#organization\"},\"potentialAction\":[{\"@type\":\"SearchAction\",\"target\":{\"@type\":\"EntryPoint\",\"urlTemplate\":\"https:\/\/redelog.rj.gov.br\/redelog\/?s={search_term_string}\"},\"query-input\":{\"@type\":\"PropertyValueSpecification\",\"valueRequired\":true,\"valueName\":\"search_term_string\"}}],\"inLanguage\":\"pt-BR\"},{\"@type\":\"Organization\",\"@id\":\"https:\/\/redelog.rj.gov.br\/redelog\/#organization\",\"name\":\"REDELOG\",\"url\":\"https:\/\/redelog.rj.gov.br\/redelog\/\",\"logo\":{\"@type\":\"ImageObject\",\"inLanguage\":\"pt-BR\",\"@id\":\"https:\/\/redelog.rj.gov.br\/redelog\/#\/schema\/logo\/image\/\",\"url\":\"http:\/\/10.10.8.100:8888\/redelog\/wp-content\/uploads\/2019\/09\/Redelog2.png\",\"contentUrl\":\"http:\/\/10.10.8.100:8888\/redelog\/wp-content\/uploads\/2019\/09\/Redelog2.png\",\"width\":565,\"height\":155,\"caption\":\"REDELOG\"},\"image\":{\"@id\":\"https:\/\/redelog.rj.gov.br\/redelog\/#\/schema\/logo\/image\/\"}},{\"@type\":\"Person\",\"@id\":\"https:\/\/redelog.rj.gov.br\/redelog\/#\/schema\/person\/a80fe416b9778ee67954a79526756867\",\"name\":\"Juliane Paz Vieira Lima\",\"image\":{\"@type\":\"ImageObject\",\"inLanguage\":\"pt-BR\",\"@id\":\"https:\/\/redelog.rj.gov.br\/redelog\/#\/schema\/person\/image\/\",\"url\":\"https:\/\/secure.gravatar.com\/avatar\/6d81cf8bb20fabd08d236dec1cc7b99d2da26d368e6642dc331f1413653da0a6?s=96&d=mm&r=g\",\"contentUrl\":\"https:\/\/secure.gravatar.com\/avatar\/6d81cf8bb20fabd08d236dec1cc7b99d2da26d368e6642dc331f1413653da0a6?s=96&d=mm&r=g\",\"caption\":\"Juliane Paz Vieira Lima\"},\"url\":\"https:\/\/redelog.rj.gov.br\/redelog\/author\/julianepaz\/\"}]}<\/script>\n<!-- \/ Yoast SEO plugin. -->","yoast_head_json":{"title":"DECRETO N\u00ba 45.733, DE 10 DE AGOSTO DE 2016 - Redelog","robots":{"index":"index","follow":"follow","max-snippet":"max-snippet:-1","max-image-preview":"max-image-preview:large","max-video-preview":"max-video-preview:-1"},"canonical":"https:\/\/redelog.rj.gov.br\/redelog\/decreto-no-45-733-de-10-de-agosto-de-2016\/","og_locale":"pt_BR","og_type":"article","og_title":"DECRETO N\u00ba 45.733, DE 10 DE AGOSTO DE 2016 - Redelog","og_description":"DISP\u00d5E SOBRE AS A\u00c7\u00d5ES ADMINISTRATIVAS A SEREM IMPLEMENTADAS EM RAZ\u00c3O DA EXTIN\u00c7\u00c3O DE ENTIDADES OU INCORPORA\u00c7\u00c3O DE \u00d3RG\u00c3OS, NO \u00c2MBITO DA ADMINISTRA\u00c7\u00c3O P\u00daBLICA ESTADUAL. O GOVERNADOR DO ESTADO DO RIO DE JANEIRO, em exerc\u00edcio, no uso de suas atribui\u00e7\u00f5es constitucionais e legais, tendo em vista o disposto no artigo 84, inciso VI, al\u00edneas a e [&hellip;]","og_url":"https:\/\/redelog.rj.gov.br\/redelog\/decreto-no-45-733-de-10-de-agosto-de-2016\/","og_site_name":"Redelog","article_published_time":"2023-01-17T18:57:26+00:00","article_modified_time":"2023-01-17T19:00:24+00:00","author":"Juliane Paz Vieira Lima","twitter_card":"summary_large_image","twitter_misc":{"Escrito por":"Juliane Paz Vieira Lima","Est. tempo de leitura":"7 minutos"},"schema":{"@context":"https:\/\/schema.org","@graph":[{"@type":"Article","@id":"https:\/\/redelog.rj.gov.br\/redelog\/decreto-no-45-733-de-10-de-agosto-de-2016\/#article","isPartOf":{"@id":"https:\/\/redelog.rj.gov.br\/redelog\/decreto-no-45-733-de-10-de-agosto-de-2016\/"},"author":{"name":"Juliane Paz Vieira Lima","@id":"https:\/\/redelog.rj.gov.br\/redelog\/#\/schema\/person\/a80fe416b9778ee67954a79526756867"},"headline":"DECRETO N\u00ba 45.733, DE 10 DE AGOSTO DE 2016","datePublished":"2023-01-17T18:57:26+00:00","dateModified":"2023-01-17T19:00:24+00:00","mainEntityOfPage":{"@id":"https:\/\/redelog.rj.gov.br\/redelog\/decreto-no-45-733-de-10-de-agosto-de-2016\/"},"wordCount":3126,"publisher":{"@id":"https:\/\/redelog.rj.gov.br\/redelog\/#organization"},"articleSection":["Legisla\u00e7\u00e3o"],"inLanguage":"pt-BR"},{"@type":"WebPage","@id":"https:\/\/redelog.rj.gov.br\/redelog\/decreto-no-45-733-de-10-de-agosto-de-2016\/","url":"https:\/\/redelog.rj.gov.br\/redelog\/decreto-no-45-733-de-10-de-agosto-de-2016\/","name":"DECRETO N\u00ba 45.733, DE 10 DE AGOSTO DE 2016 - Redelog","isPartOf":{"@id":"https:\/\/redelog.rj.gov.br\/redelog\/#website"},"datePublished":"2023-01-17T18:57:26+00:00","dateModified":"2023-01-17T19:00:24+00:00","breadcrumb":{"@id":"https:\/\/redelog.rj.gov.br\/redelog\/decreto-no-45-733-de-10-de-agosto-de-2016\/#breadcrumb"},"inLanguage":"pt-BR","potentialAction":[{"@type":"ReadAction","target":["https:\/\/redelog.rj.gov.br\/redelog\/decreto-no-45-733-de-10-de-agosto-de-2016\/"]}]},{"@type":"BreadcrumbList","@id":"https:\/\/redelog.rj.gov.br\/redelog\/decreto-no-45-733-de-10-de-agosto-de-2016\/#breadcrumb","itemListElement":[{"@type":"ListItem","position":1,"name":"Home","item":"https:\/\/redelog.rj.gov.br\/redelog\/"},{"@type":"ListItem","position":2,"name":"DECRETO N\u00ba 45.733, DE 10 DE AGOSTO DE 2016"}]},{"@type":"WebSite","@id":"https:\/\/redelog.rj.gov.br\/redelog\/#website","url":"https:\/\/redelog.rj.gov.br\/redelog\/","name":"Redelog","description":"Site da Rede de Log\u00edstica e Planejamento do Estado do Rio de Janeiro","publisher":{"@id":"https:\/\/redelog.rj.gov.br\/redelog\/#organization"},"potentialAction":[{"@type":"SearchAction","target":{"@type":"EntryPoint","urlTemplate":"https:\/\/redelog.rj.gov.br\/redelog\/?s={search_term_string}"},"query-input":{"@type":"PropertyValueSpecification","valueRequired":true,"valueName":"search_term_string"}}],"inLanguage":"pt-BR"},{"@type":"Organization","@id":"https:\/\/redelog.rj.gov.br\/redelog\/#organization","name":"REDELOG","url":"https:\/\/redelog.rj.gov.br\/redelog\/","logo":{"@type":"ImageObject","inLanguage":"pt-BR","@id":"https:\/\/redelog.rj.gov.br\/redelog\/#\/schema\/logo\/image\/","url":"http:\/\/10.10.8.100:8888\/redelog\/wp-content\/uploads\/2019\/09\/Redelog2.png","contentUrl":"http:\/\/10.10.8.100:8888\/redelog\/wp-content\/uploads\/2019\/09\/Redelog2.png","width":565,"height":155,"caption":"REDELOG"},"image":{"@id":"https:\/\/redelog.rj.gov.br\/redelog\/#\/schema\/logo\/image\/"}},{"@type":"Person","@id":"https:\/\/redelog.rj.gov.br\/redelog\/#\/schema\/person\/a80fe416b9778ee67954a79526756867","name":"Juliane Paz Vieira Lima","image":{"@type":"ImageObject","inLanguage":"pt-BR","@id":"https:\/\/redelog.rj.gov.br\/redelog\/#\/schema\/person\/image\/","url":"https:\/\/secure.gravatar.com\/avatar\/6d81cf8bb20fabd08d236dec1cc7b99d2da26d368e6642dc331f1413653da0a6?s=96&d=mm&r=g","contentUrl":"https:\/\/secure.gravatar.com\/avatar\/6d81cf8bb20fabd08d236dec1cc7b99d2da26d368e6642dc331f1413653da0a6?s=96&d=mm&r=g","caption":"Juliane Paz Vieira Lima"},"url":"https:\/\/redelog.rj.gov.br\/redelog\/author\/julianepaz\/"}]}},"_links":{"self":[{"href":"https:\/\/redelog.rj.gov.br\/redelog\/wp-json\/wp\/v2\/posts\/20257","targetHints":{"allow":["GET"]}}],"collection":[{"href":"https:\/\/redelog.rj.gov.br\/redelog\/wp-json\/wp\/v2\/posts"}],"about":[{"href":"https:\/\/redelog.rj.gov.br\/redelog\/wp-json\/wp\/v2\/types\/post"}],"author":[{"embeddable":true,"href":"https:\/\/redelog.rj.gov.br\/redelog\/wp-json\/wp\/v2\/users\/19"}],"replies":[{"embeddable":true,"href":"https:\/\/redelog.rj.gov.br\/redelog\/wp-json\/wp\/v2\/comments?post=20257"}],"version-history":[{"count":17,"href":"https:\/\/redelog.rj.gov.br\/redelog\/wp-json\/wp\/v2\/posts\/20257\/revisions"}],"predecessor-version":[{"id":20279,"href":"https:\/\/redelog.rj.gov.br\/redelog\/wp-json\/wp\/v2\/posts\/20257\/revisions\/20279"}],"wp:attachment":[{"href":"https:\/\/redelog.rj.gov.br\/redelog\/wp-json\/wp\/v2\/media?parent=20257"}],"wp:term":[{"taxonomy":"category","embeddable":true,"href":"https:\/\/redelog.rj.gov.br\/redelog\/wp-json\/wp\/v2\/categories?post=20257"},{"taxonomy":"post_tag","embeddable":true,"href":"https:\/\/redelog.rj.gov.br\/redelog\/wp-json\/wp\/v2\/tags?post=20257"}],"curies":[{"name":"wp","href":"https:\/\/api.w.org\/{rel}","templated":true}]}}