{"id":20165,"date":"2023-01-13T11:26:23","date_gmt":"2023-01-13T14:26:23","guid":{"rendered":"https:\/\/redelog.rj.gov.br\/redelog\/?p=20165"},"modified":"2023-11-27T09:41:33","modified_gmt":"2023-11-27T12:41:33","slug":"resolucao-seplag-no-179-de-12-de-janeiro-de-2023","status":"publish","type":"post","link":"https:\/\/redelog.rj.gov.br\/redelog\/resolucao-seplag-no-179-de-12-de-janeiro-de-2023\/","title":{"rendered":"RESOLU\u00c7\u00c3O SEPLAG N\u00ba 179, DE 12 DE JANEIRO DE 2023"},"content":{"rendered":"\t\t<div data-elementor-type=\"wp-post\" data-elementor-id=\"20165\" class=\"elementor elementor-20165\" data-elementor-post-type=\"post\">\n\t\t\t\t\t\t<section class=\"elementor-section elementor-top-section elementor-element elementor-element-54679bb elementor-section-boxed elementor-section-height-default elementor-section-height-default\" data-id=\"54679bb\" data-element_type=\"section\" data-settings=\"{&quot;jet_parallax_layout_list&quot;:[{&quot;jet_parallax_layout_image&quot;:{&quot;url&quot;:&quot;&quot;,&quot;id&quot;:&quot;&quot;,&quot;size&quot;:&quot;&quot;},&quot;_id&quot;:&quot;17d107f&quot;,&quot;jet_parallax_layout_image_tablet&quot;:{&quot;url&quot;:&quot;&quot;,&quot;id&quot;:&quot;&quot;,&quot;size&quot;:&quot;&quot;},&quot;jet_parallax_layout_image_mobile&quot;:{&quot;url&quot;:&quot;&quot;,&quot;id&quot;:&quot;&quot;,&quot;size&quot;:&quot;&quot;},&quot;jet_parallax_layout_speed&quot;:{&quot;unit&quot;:&quot;%&quot;,&quot;size&quot;:50,&quot;sizes&quot;:[]},&quot;jet_parallax_layout_type&quot;:&quot;scroll&quot;,&quot;jet_parallax_layout_direction&quot;:&quot;1&quot;,&quot;jet_parallax_layout_fx_direction&quot;:null,&quot;jet_parallax_layout_z_index&quot;:&quot;&quot;,&quot;jet_parallax_layout_bg_x&quot;:50,&quot;jet_parallax_layout_bg_x_tablet&quot;:&quot;&quot;,&quot;jet_parallax_layout_bg_x_mobile&quot;:&quot;&quot;,&quot;jet_parallax_layout_bg_y&quot;:50,&quot;jet_parallax_layout_bg_y_tablet&quot;:&quot;&quot;,&quot;jet_parallax_layout_bg_y_mobile&quot;:&quot;&quot;,&quot;jet_parallax_layout_bg_size&quot;:&quot;auto&quot;,&quot;jet_parallax_layout_bg_size_tablet&quot;:&quot;&quot;,&quot;jet_parallax_layout_bg_size_mobile&quot;:&quot;&quot;,&quot;jet_parallax_layout_animation_prop&quot;:&quot;transform&quot;,&quot;jet_parallax_layout_on&quot;:[&quot;desktop&quot;,&quot;tablet&quot;]}]}\">\n\t\t\t\t\t\t<div class=\"elementor-container elementor-column-gap-default\">\n\t\t\t\t\t<div class=\"elementor-column elementor-col-100 elementor-top-column elementor-element elementor-element-abe6abd\" data-id=\"abe6abd\" data-element_type=\"column\">\n\t\t\t<div class=\"elementor-widget-wrap elementor-element-populated\">\n\t\t\t\t\t\t<section class=\"elementor-section elementor-inner-section elementor-element elementor-element-e54ab34 elementor-section-boxed elementor-section-height-default elementor-section-height-default\" data-id=\"e54ab34\" data-element_type=\"section\" data-settings=\"{&quot;jet_parallax_layout_list&quot;:[{&quot;jet_parallax_layout_image&quot;:{&quot;url&quot;:&quot;&quot;,&quot;id&quot;:&quot;&quot;,&quot;size&quot;:&quot;&quot;},&quot;_id&quot;:&quot;b8c0cc7&quot;,&quot;jet_parallax_layout_image_tablet&quot;:{&quot;url&quot;:&quot;&quot;,&quot;id&quot;:&quot;&quot;,&quot;size&quot;:&quot;&quot;},&quot;jet_parallax_layout_image_mobile&quot;:{&quot;url&quot;:&quot;&quot;,&quot;id&quot;:&quot;&quot;,&quot;size&quot;:&quot;&quot;},&quot;jet_parallax_layout_speed&quot;:{&quot;unit&quot;:&quot;%&quot;,&quot;size&quot;:50,&quot;sizes&quot;:[]},&quot;jet_parallax_layout_type&quot;:&quot;scroll&quot;,&quot;jet_parallax_layout_direction&quot;:&quot;1&quot;,&quot;jet_parallax_layout_fx_direction&quot;:null,&quot;jet_parallax_layout_z_index&quot;:&quot;&quot;,&quot;jet_parallax_layout_bg_x&quot;:50,&quot;jet_parallax_layout_bg_x_tablet&quot;:&quot;&quot;,&quot;jet_parallax_layout_bg_x_mobile&quot;:&quot;&quot;,&quot;jet_parallax_layout_bg_y&quot;:50,&quot;jet_parallax_layout_bg_y_tablet&quot;:&quot;&quot;,&quot;jet_parallax_layout_bg_y_mobile&quot;:&quot;&quot;,&quot;jet_parallax_layout_bg_size&quot;:&quot;auto&quot;,&quot;jet_parallax_layout_bg_size_tablet&quot;:&quot;&quot;,&quot;jet_parallax_layout_bg_size_mobile&quot;:&quot;&quot;,&quot;jet_parallax_layout_animation_prop&quot;:&quot;transform&quot;,&quot;jet_parallax_layout_on&quot;:[&quot;desktop&quot;,&quot;tablet&quot;]}]}\">\n\t\t\t\t\t\t<div class=\"elementor-container elementor-column-gap-default\">\n\t\t\t\t\t<div class=\"elementor-column elementor-col-50 elementor-inner-column elementor-element elementor-element-265154f\" data-id=\"265154f\" data-element_type=\"column\">\n\t\t\t<div class=\"elementor-widget-wrap\">\n\t\t\t\t\t\t\t<\/div>\n\t\t<\/div>\n\t\t\t\t<div class=\"elementor-column elementor-col-50 elementor-inner-column elementor-element elementor-element-5f9f038\" data-id=\"5f9f038\" data-element_type=\"column\">\n\t\t\t<div class=\"elementor-widget-wrap elementor-element-populated\">\n\t\t\t\t\t\t<div class=\"elementor-element elementor-element-c6fae6f elementor-widget elementor-widget-text-editor\" data-id=\"c6fae6f\" data-element_type=\"widget\" data-widget_type=\"text-editor.default\">\n\t\t\t\t\t\t\t\t\t<p style=\"text-align: justify;\"><strong><del>DISP\u00d5E SOBRE A REALIZA\u00c7\u00c3O DE PESQUISA DE PRE\u00c7OS PARA AQUISI\u00c7\u00c3O DE BENS E CONTRATA\u00c7\u00c3O DE SERVI\u00c7OS EM GERAL, NO \u00c2MBITO DA ADMINISTRA\u00c7\u00c3O P\u00daBLICA ESTADUAL DIRETA, AUT\u00c1RQUICA E FUNDACIONAL.<\/del><\/strong><\/p>\t\t\t\t\t\t\t\t<\/div>\n\t\t\t\t\t<\/div>\n\t\t<\/div>\n\t\t\t\t\t<\/div>\n\t\t<\/section>\n\t\t\t\t\t<\/div>\n\t\t<\/div>\n\t\t\t\t\t<\/div>\n\t\t<\/section>\n\t\t\t\t<section class=\"elementor-section elementor-top-section elementor-element elementor-element-c85a434 elementor-section-boxed elementor-section-height-default elementor-section-height-default\" data-id=\"c85a434\" data-element_type=\"section\" data-settings=\"{&quot;jet_parallax_layout_list&quot;:[{&quot;jet_parallax_layout_image&quot;:{&quot;url&quot;:&quot;&quot;,&quot;id&quot;:&quot;&quot;,&quot;size&quot;:&quot;&quot;},&quot;_id&quot;:&quot;e6bbb1d&quot;,&quot;jet_parallax_layout_image_tablet&quot;:{&quot;url&quot;:&quot;&quot;,&quot;id&quot;:&quot;&quot;,&quot;size&quot;:&quot;&quot;},&quot;jet_parallax_layout_image_mobile&quot;:{&quot;url&quot;:&quot;&quot;,&quot;id&quot;:&quot;&quot;,&quot;size&quot;:&quot;&quot;},&quot;jet_parallax_layout_speed&quot;:{&quot;unit&quot;:&quot;%&quot;,&quot;size&quot;:50,&quot;sizes&quot;:[]},&quot;jet_parallax_layout_type&quot;:&quot;scroll&quot;,&quot;jet_parallax_layout_direction&quot;:&quot;1&quot;,&quot;jet_parallax_layout_fx_direction&quot;:null,&quot;jet_parallax_layout_z_index&quot;:&quot;&quot;,&quot;jet_parallax_layout_bg_x&quot;:50,&quot;jet_parallax_layout_bg_x_tablet&quot;:&quot;&quot;,&quot;jet_parallax_layout_bg_x_mobile&quot;:&quot;&quot;,&quot;jet_parallax_layout_bg_y&quot;:50,&quot;jet_parallax_layout_bg_y_tablet&quot;:&quot;&quot;,&quot;jet_parallax_layout_bg_y_mobile&quot;:&quot;&quot;,&quot;jet_parallax_layout_bg_size&quot;:&quot;auto&quot;,&quot;jet_parallax_layout_bg_size_tablet&quot;:&quot;&quot;,&quot;jet_parallax_layout_bg_size_mobile&quot;:&quot;&quot;,&quot;jet_parallax_layout_animation_prop&quot;:&quot;transform&quot;,&quot;jet_parallax_layout_on&quot;:[&quot;desktop&quot;,&quot;tablet&quot;]}]}\">\n\t\t\t\t\t\t<div class=\"elementor-container elementor-column-gap-default\">\n\t\t\t\t\t<div class=\"elementor-column elementor-col-100 elementor-top-column elementor-element elementor-element-48728cc\" data-id=\"48728cc\" data-element_type=\"column\">\n\t\t\t<div class=\"elementor-widget-wrap elementor-element-populated\">\n\t\t\t\t\t\t<div class=\"elementor-element elementor-element-29385b0 elementor-widget elementor-widget-text-editor\" data-id=\"29385b0\" data-element_type=\"widget\" data-widget_type=\"text-editor.default\">\n\t\t\t\t\t\t\t\t\t<p class=\"Texto_Justificado\"><del><strong>O<\/strong>\u00a0<strong>SECRET\u00c1RIO DE ESTADO DE PLANEJAMENTO E GEST\u00c3O<\/strong>, no uso das atribui\u00e7\u00f5es constitucionais e legais, tendo em vista o Decreto n\u00ba 47.680, de 12 de julho de 2021, e o disposto na Lei n\u00ba 14.133, de 1\u00ba de abril de 2021, consoante o que consta do Processo Administrativo n\u00ba SEI-120001\/000375\/2022,<\/del><\/p><p class=\"Texto_Justificado\"><del><strong>CONSIDERANDO\u00a0<\/strong>que compete ao \u00d3rg\u00e3o Central do Sistema Log\u00edstico a normatiza\u00e7\u00e3o das atividades inerentes \u00e0s Fun\u00e7\u00f5es Log\u00edsticas de Suprimentos, nos termos do inciso I e par\u00e1grafo \u00fanico, do artigo 5\u00ba, do Decreto n.\u00ba 42.092, de 27 de outubro de 2009,<\/del><\/p><p class=\"Texto_Justificado\"><del><strong>RESOLVE:<\/strong>\u00a0\u00a0\u00a0\u00a0<\/del><\/p><p class=\"Texto_Centralizado\" style=\"text-align: center;\"><del><strong>CAP\u00cdTULO I<\/strong><\/del><\/p><p class=\"Texto_Centralizado\" style=\"text-align: center;\"><del><strong>DISPOSI\u00c7\u00d5ES PRELIMINARES<\/strong><\/del><\/p><p class=\"Texto_Justificado\"><del><strong>Objeto e \u00e2mbito de aplica\u00e7\u00e3o<\/strong><\/del><\/p><p class=\"Texto_Justificado\"><del><strong>Art. 1\u00ba<\/strong>\u00a0&#8211; Esta Resolu\u00e7\u00e3o disp\u00f5e sobre a realiza\u00e7\u00e3o de pesquisa de pre\u00e7os para aquisi\u00e7\u00e3o de bens e contrata\u00e7\u00e3o de servi\u00e7os em geral, no \u00e2mbito da administra\u00e7\u00e3o p\u00fablica estadual direta, aut\u00e1rquica e fundacional.\u00a0\u00a0\u00a0\u00a0\u00a0\u00a0\u00a0\u00a0\u00a0<\/del><\/p><p class=\"Texto_Justificado\"><del><strong>\u00a7 1\u00ba &#8211;\u00a0<\/strong>As disposi\u00e7\u00f5es desta Resolu\u00e7\u00e3o se aplicam:<\/del><\/p><p class=\"Texto_Justificado\"><del><a target=\"_blank\" name=\"_heading=h.gjdgxs\"><\/a><strong>I &#8211;\u00a0<\/strong>\u00e0s modalidades de licita\u00e7\u00e3o previstas no artigo 28 da Lei n\u00b0 14.133, de 1\u00ba de abril de 2021\u00a0e, no que couber, aos procedimentos de credenciamento e Sistema de Registro de Pre\u00e7os (SRP), previstos no artigo 78 da Lei n\u00b0 14.133, de 1\u00ba de abril de 2021;<\/del><\/p><p class=\"Texto_Justificado\"><del><strong>II<\/strong>\u00a0&#8211; aos procedimentos de contrata\u00e7\u00e3o direta previstos nos artigos 72, 74 e 75 da Lei n\u00ba 14.133, de 1\u00ba de abril de 2021;\u00a0<\/del><\/p><p class=\"Texto_Justificado\"><del><strong>III\u00a0<\/strong>&#8211; no que couber, aos procedimentos de contrata\u00e7\u00e3o por dispensa de licita\u00e7\u00e3o realizadas por interm\u00e9dio do Sistema de Dispensa Eletr\u00f4nica, e do regime de adiantamento, \u00e0s prorroga\u00e7\u00f5es contratuais e termos aditivos em geral; e\u00a0<\/del><\/p><p class=\"Texto_Justificado\"><del><strong>IV<\/strong>\u00a0&#8211; para aferi\u00e7\u00e3o da vantagem econ\u00f4mica das ades\u00f5es \u00e0s atas de registro de pre\u00e7os, bem como para contrata\u00e7\u00e3o de item espec\u00edfico constante de grupo de itens em atas de registro de pre\u00e7os.<\/del><\/p><p class=\"Texto_Justificado\"><del><strong>\u00a7 2\u00ba &#8211;\u00a0<\/strong>O disposto nesta Resolu\u00e7\u00e3o n\u00e3o se aplica \u00e0s contrata\u00e7\u00f5es de obras e servi\u00e7os de engenharia.<\/del><\/p><p class=\"Texto_Justificado\"><del><strong>\u00a7 3\u00ba\u00a0<\/strong>&#8211; As contrata\u00e7\u00f5es realizadas por empresas\u00a0p\u00fablicas e sociedades de economia mista dever\u00e3o observar a Lei n\u00b0 13.303, de 30 de junho de 2016, e os respectivos regulamentos internos de licita\u00e7\u00f5es e contratos.<\/del><\/p><p class=\"Texto_Justificado\"><del><strong>\u00a7 4\u00ba<\/strong>\u00a0&#8211; Nas contrata\u00e7\u00f5es decorrentes do Sistema de Registro de Pre\u00e7os, realizada pelo participante ou pelo aderente, a pesquisa de pre\u00e7os poder\u00e1 ser dispensada, quando os pre\u00e7os forem atualizados, na forma do inciso IV, do \u00a7 5\u00ba, art. 82, da Lei n\u00ba 14.133\/2021 e do regulamento espec\u00edfico.<\/del><\/p><p class=\"Texto_Justificado\"><del><strong>Defini\u00e7\u00f5es<\/strong><\/del><\/p><p class=\"Texto_Justificado\"><del><strong>Art. 2\u00ba &#8211;<\/strong>\u00a0Para os fins desta Resolu\u00e7\u00e3o, consideram-se:<\/del><\/p><p class=\"Texto_Justificado\"><del><strong>I<\/strong>\u00a0&#8211; \u00c1rea de Contrata\u00e7\u00e3o: unidade administrativa com compet\u00eancia para planejar, coordenar, supervisionar e executar as atividades relacionadas aos processos de contrata\u00e7\u00e3o;<\/del><\/p><p class=\"Texto_Justificado\"><del><strong>II<\/strong>\u00a0&#8211; Relat\u00f3rio Anal\u00edtico de Pesquisa de Pre\u00e7os (RAPP): documento que descreve a pesquisa de pre\u00e7os realizada, o tratamento estat\u00edstico aplicado \u00e0 amostra de pre\u00e7os, define os pre\u00e7os de refer\u00eancia e o or\u00e7amento estimado da licita\u00e7\u00e3o;<\/del><\/p><p class=\"Texto_Justificado\"><del><strong>III &#8211;<\/strong>\u00a0Pre\u00e7o estimado: valor obtido a partir de m\u00e9todo matem\u00e1tico aplicado em s\u00e9rie de pre\u00e7os coletados, devendo desconsiderar, na sua forma\u00e7\u00e3o, os valores inexequ\u00edveis, inconsistentes e os excessivamente elevados, e que ser\u00e1 crit\u00e9rio de aceitabilidade, na forma do art. 59, III, da Lei n\u00ba 14.133, de 1\u00ba de abril de 2021; e<\/del><\/p><p class=\"Texto_Justificado\"><del><strong>IV &#8211;<\/strong>\u00a0Sobrepre\u00e7o: pre\u00e7o or\u00e7ado para licita\u00e7\u00e3o ou contratado em valor expressivamente superior aos pre\u00e7os referenciais de mercado, seja de apenas 1 (um) item, se a licita\u00e7\u00e3o ou a contrata\u00e7\u00e3o for por pre\u00e7os unit\u00e1rios de servi\u00e7o, seja do valor global do objeto, se a licita\u00e7\u00e3o ou a contrata\u00e7\u00e3o for por tarefa, empreitada por pre\u00e7o global ou empreitada integral.<\/del><\/p><p class=\"Texto_Centralizado\" style=\"text-align: center;\"><del><strong>CAP\u00cdTULO II<\/strong><\/del><\/p><p class=\"Texto_Centralizado\" style=\"text-align: center;\"><del><strong>DA ELABORA\u00c7\u00c3O DA PESQUISA DE PRE\u00c7OS<\/strong><\/del><\/p><p class=\"Texto_Justificado\"><del><strong>Crit\u00e9rios<\/strong><\/del><\/p><p class=\"Texto_Justificado\"><del><strong>Art. 3\u00ba<\/strong>\u00a0&#8211; A pesquisa de pre\u00e7os dever\u00e1 observar as condi\u00e7\u00f5es de oferta e condi\u00e7\u00f5es de contrata\u00e7\u00e3o praticadas, incluindo prazos e locais de entrega, instala\u00e7\u00e3o e montagem do bem ou execu\u00e7\u00e3o do servi\u00e7o, quantidade contratada, formas de pagamento, fretes, garantias exigidas, custo total de propriedade e marcas e modelos, quando for o caso, observadas a potencial economia de escala e as peculiaridades do local de execu\u00e7\u00e3o do objeto.<\/del><\/p><p class=\"Texto_Justificado\"><del><strong>\u00a7 1\u00ba<\/strong>\u00a0&#8211; A fim de evitar eventuais distor\u00e7\u00f5es, os respons\u00e1veis t\u00e9cnicos da pretensa contrata\u00e7\u00e3o ou compra dever\u00e3o atestar o pre\u00e7o e a descri\u00e7\u00e3o do item.<\/del><\/p><p class=\"Texto_Justificado\"><del><strong>\u00a7 2\u00ba<\/strong>\u00a0&#8211; No caso de previs\u00e3o de matriz de aloca\u00e7\u00e3o de riscos entre o contratante e o contratado, o c\u00e1lculo do valor estimado da contrata\u00e7\u00e3o poder\u00e1 considerar taxa de risco compat\u00edvel com o objeto da licita\u00e7\u00e3o e os riscos atribu\u00eddos ao contratado.<\/del><\/p><p class=\"Texto_Justificado\"><del><strong>Par\u00e2metros para pesquisa de pre\u00e7os<\/strong><\/del><\/p><p class=\"Texto_Justificado\"><del><strong>Art. 4\u00ba<\/strong>\u00a0&#8211; A pesquisa de pre\u00e7os para a aquisi\u00e7\u00e3o de bens ou contrata\u00e7\u00e3o de servi\u00e7os ser\u00e1 realizada mediante utiliza\u00e7\u00e3o dos seguintes par\u00e2metros, empregados de forma combinada ou n\u00e3o:<\/del><\/p><p class=\"Texto_Justificado\"><del><strong>I<\/strong>\u00a0&#8211; composi\u00e7\u00e3o de custos unit\u00e1rios menores ou iguais \u00e0 mediana do item correspondente nos sistemas oficiais de governo, como Painel de Pre\u00e7os ou banco de pre\u00e7os em sa\u00fade, observado o \u00edndice de atualiza\u00e7\u00e3o de pre\u00e7os correspondente;<\/del><\/p><p class=\"Texto_Justificado\"><del><strong>II<\/strong>\u00a0&#8211; contrata\u00e7\u00f5es similares feitas pela Administra\u00e7\u00e3o P\u00fablica, em execu\u00e7\u00e3o ou conclu\u00eddas no per\u00edodo de 1 (um) ano anterior \u00e0 data da conclus\u00e3o da pesquisa de pre\u00e7os, inclusive mediante sistema de registro de pre\u00e7os, observado o \u00edndice de atualiza\u00e7\u00e3o de pre\u00e7os correspondente;<\/del><\/p><p class=\"Texto_Justificado\"><del><strong>III<\/strong>\u00a0&#8211; dados de pesquisa publicada em m\u00eddia especializada, de tabela de refer\u00eancia formalmente aprovada pelo Poder Executivo estadual e outros entes p\u00fablicos, e de s\u00edtios eletr\u00f4nicos especializados ou de dom\u00ednio amplo, desde que atualizados no momento da pesquisa e compreendidos no intervalo de at\u00e9 6 (seis) meses de anteced\u00eancia da data de divulga\u00e7\u00e3o do edital, contendo a data e a hora de acesso;<\/del><\/p><p class=\"Texto_Justificado\"><del><strong>IV<\/strong>\u00a0&#8211; consulta direta a, no m\u00ednimo, 3 (tr\u00eas) fornecedores, mediante solicita\u00e7\u00e3o formal de cota\u00e7\u00e3o, por meio de of\u00edcio ou e-mail funcional, desde que seja apresentada justificativa da escolha desses fornecedores e que n\u00e3o tenham sido obtidos os or\u00e7amentos com mais de 6 (seis) meses de anteced\u00eancia da data de divulga\u00e7\u00e3o do edital; e<\/del><\/p><p class=\"Texto_Justificado\"><del><strong>V<\/strong>\u00a0&#8211; pesquisa na base nacional e\/ou estadual de notas fiscais eletr\u00f4nicas, desde que a data das notas fiscais esteja compreendida no per\u00edodo de at\u00e9 1 (um) ano anterior \u00e0 data de divulga\u00e7\u00e3o do edital, na forma do regulamento.<\/del><\/p><p class=\"Texto_Justificado\"><del><strong>\u00a7 1\u00ba &#8211;\u00a0<\/strong>As pesquisas de pre\u00e7os realizadas previamente \u00e0s contrata\u00e7\u00f5es no \u00e2mbito da Administra\u00e7\u00e3o P\u00fablica n\u00e3o devem se limitar a consulta direta a fornecedores, devendo obedecer aos crit\u00e9rios de amplitude e diversifica\u00e7\u00e3o, de maneira a possibilitar o acesso a fontes de pesquisa variadas e a obten\u00e7\u00e3o das melhores condi\u00e7\u00f5es de pre\u00e7o, respeitadas as limita\u00e7\u00f5es decorrentes da especificidade do objeto contratual.<\/del><\/p><p class=\"Texto_Justificado\"><del><strong>\u00a7 2\u00ba &#8211;<\/strong>\u00a0Dever\u00e3o ser utilizados obrigatoriamente os par\u00e2metros estabelecidos nos incisos I e II do caput deste artigo, devendo, em caso de impossibilidade, apresentar justificativa nos autos.<\/del><\/p><p class=\"Texto_Justificado\"><del><strong>\u00a7 3\u00ba<\/strong>\u00a0&#8211; Na pesquisa de pre\u00e7os mediante consulta direta a fornecedores, nos termos do inciso IV do caput deste artigo, dever\u00e1 ser observado:<\/del><\/p><p class=\"Texto_Justificado\"><del><strong>I &#8211;<\/strong>\u00a0prazo de resposta conferido ao fornecedor compat\u00edvel com a complexidade do objeto a ser licitado, n\u00e3o inferior a 05 (cinco) dias e nem superior a 60 (sessenta) dias corridos, podendo ser reduzido, justificadamente, quando se tratar de contrata\u00e7\u00e3o emergencial;<\/del><\/p><p class=\"Texto_Justificado\"><del><strong>II &#8211;<\/strong>\u00a0obten\u00e7\u00e3o de propostas formais, contendo, no m\u00ednimo:<\/del><\/p><p class=\"Texto_Justificado\"><del><strong>a)<\/strong>\u00a0descri\u00e7\u00e3o do objeto, valor unit\u00e1rio e total;<\/del><\/p><p class=\"Texto_Justificado\"><del><strong>b)<\/strong>\u00a0n\u00famero do Cadastro de Pessoa F\u00edsica &#8211; CPF ou do Cadastro Nacional de Pessoa Jur\u00eddica &#8211; CNPJ do proponente;<\/del><\/p><p class=\"Texto_Justificado\"><del><strong>c)<\/strong>\u00a0endere\u00e7o f\u00edsico e eletr\u00f4nico e telefone de contato;<\/del><\/p><p class=\"Texto_Justificado\"><del><strong>d)<\/strong>\u00a0nome completo, identifica\u00e7\u00e3o e assinatura do representante; e<\/del><\/p><p class=\"Texto_Justificado\"><del><strong>e)<\/strong>\u00a0data de emiss\u00e3o.<\/del><\/p><p class=\"Texto_Justificado\"><del><strong>III<\/strong>\u00a0&#8211; obriga\u00e7\u00e3o de consulta a, no m\u00ednimo, todos os fornecedores registrados no SICAF para o objeto em quest\u00e3o;<\/del><\/p><p class=\"Texto_Justificado\"><del><strong>IV &#8211;<\/strong>\u00a0registro, nos autos da contrata\u00e7\u00e3o correspondente, da rela\u00e7\u00e3o de fornecedores que foram consultados, inclusive os que n\u00e3o enviaram propostas como resposta \u00e0 solicita\u00e7\u00e3o de que trata o inciso IV do caput deste artigo, bem como a comprova\u00e7\u00e3o do envio dos of\u00edcios ou e-mails;<\/del><\/p><p class=\"Texto_Justificado\"><del><strong>V &#8211;<\/strong>\u00a0dever\u00e1 ser disponibilizada a minuta do Termo de Refer\u00eancia ou o Projeto B\u00e1sico, para permitir que o mercado apresente as cota\u00e7\u00f5es ou propostas com custos adequados ao objeto; e<\/del><\/p><p class=\"Texto_Justificado\"><del><strong>VI<\/strong>\u00a0&#8211; caso o fornecedor n\u00e3o esteja cadastrado no SICAF para aquele objeto, dever\u00e1 ser atestada a pertin\u00eancia tem\u00e1tica do objeto a ser contratado com a atividade econ\u00f4mica da sociedade consultada.<\/del><\/p><p class=\"Texto_Justificado\"><del><strong>\u00a7 4\u00ba<\/strong>\u00a0&#8211; Excepcionalmente, ser\u00e1 admitido o pre\u00e7o estimado com base em or\u00e7amento fora do prazo estipulado no inciso II do caput deste artigo, desde que devidamente justificado nos autos pelo agente respons\u00e1vel e observado o \u00edndice de atualiza\u00e7\u00e3o de pre\u00e7os correspondente.<\/del><\/p><p class=\"Texto_Justificado\"><del><strong>Metodologia<\/strong><\/del><\/p><p class=\"Texto_Justificado\"><del><strong>Art. 5\u00ba<\/strong>\u00a0&#8211; Ser\u00e3o utilizados, como metodologia para obten\u00e7\u00e3o do pre\u00e7o de refer\u00eancia para a contrata\u00e7\u00e3o, a m\u00e9dia, a mediana ou o menor dos valores obtidos na pesquisa de pre\u00e7os, desde que o c\u00e1lculo incida sobre um conjunto de tr\u00eas ou mais pre\u00e7os, oriundos de um ou mais dos par\u00e2metros previstos no artigo 4\u00ba desta Resolu\u00e7\u00e3o.<\/del><\/p><p class=\"Texto_Justificado\"><del><strong>\u00a7 1\u00ba<\/strong>\u00a0&#8211; Excepcionalmente, ser\u00e1 admitida a determina\u00e7\u00e3o de pre\u00e7o estimado com base em menos de tr\u00eas pre\u00e7os, desde que devidamente justificada nos autos pelo gestor respons\u00e1vel e aprovada pela autoridade competente.<\/del><\/p><p class=\"Texto_Justificado\"><del><strong>\u00a7 2\u00ba<\/strong>\u00a0&#8211; Os pre\u00e7os obtidos por meio das consultas que n\u00e3o reflitam a realidade de mercado ou que apresentem grande varia\u00e7\u00e3o em rela\u00e7\u00e3o aos demais, assim como os pre\u00e7os inexequ\u00edveis, inconsistentes ou excessivamente elevados, poder\u00e3o, com justificativa t\u00e9cnica, ser afastados de modo a evitar distor\u00e7\u00f5es da estimativa do valor da contrata\u00e7\u00e3o.<\/del><\/p><p class=\"Texto_Justificado\"><del><strong>\u00a7 3\u00ba\u00a0<\/strong>&#8211; Poder\u00e3o ser adotados outros crit\u00e9rios ou m\u00e9todos para a obten\u00e7\u00e3o do pre\u00e7o de refer\u00eancia para a contrata\u00e7\u00e3o diferentes daqueles previstos no caput deste artigo, desde que devidamente justificados nos autos pelo gestor respons\u00e1vel e aprovados pela autoridade competente.<\/del><\/p><p class=\"Texto_Justificado\"><del><strong>\u00a7 4\u00ba<\/strong>\u00a0&#8211; Com base no tratamento de que trata o\u00a0<em>caput<\/em>, o pre\u00e7o estimado da contrata\u00e7\u00e3o poder\u00e1 ser obtido, ainda, acrescentando ou subtraindo determinado percentual, de forma a aliar a atratividade do mercado e mitigar o risco de sobrepre\u00e7o, desde que justificado no processo de contrata\u00e7\u00e3o.<\/del><\/p><p class=\"Texto_Justificado\"><del><a target=\"_blank\" name=\"_heading=h.30j0zll\"><\/a><\/del><\/p><p class=\"Texto_Justificado\"><del><strong>\u00a7 5\u00ba &#8211;<\/strong>\u00a0Quando o pre\u00e7o estimado for obtido com base \u00fanica no inciso I do caput do art. 4\u00ba desta Resolu\u00e7\u00e3o, o valor n\u00e3o poder\u00e1 ser superior \u00e0 mediana do item nos sistemas consultados.<\/del><\/p><p class=\"Texto_Justificado\"><del><strong>Relat\u00f3rio Anal\u00edtico de Pesquisa de Pre\u00e7os (RAPP)<\/strong><\/del><\/p><p class=\"Texto_Justificado\"><del><strong>Art. 6\u00ba &#8211;\u00a0<\/strong>A pesquisa de pre\u00e7os dever\u00e1 ser apresentada por meio de Relat\u00f3rio Anal\u00edtico de Pesquisa de Pre\u00e7os (RAPP) contendo o descritivo dos m\u00e9todos adotados para forma\u00e7\u00e3o dos pre\u00e7os de refer\u00eancia e do or\u00e7amento estimado para a contrata\u00e7\u00e3o.<\/del><\/p><p class=\"Texto_Justificado\"><del><strong>\u00a7 1\u00ba<\/strong>\u00a0&#8211; O RAPP dever\u00e1 fazer refer\u00eancia aos seguintes elementos constantes do processo:\u00a0<\/del><\/p><p class=\"Texto_Justificado\"><del><strong>I &#8211;<\/strong>\u00a0os atos e documentos que demonstrem os meios utilizados para a pesquisa de pre\u00e7os, apontando os par\u00e2metros utilizados e os eventualmente frustrados, com prova e data de acesso \u00e0s fontes, inclusive as indispon\u00edveis e as sem pre\u00e7o registrados;<\/del><\/p><p class=\"Texto_Justificado\"><del><strong>II &#8211;<\/strong>\u00a0a identifica\u00e7\u00e3o do(s) servidor(es) respons\u00e1vel(is) pela elabora\u00e7\u00e3o de cada etapa da pesquisa e pelo seu resultado;<\/del><\/p><p class=\"Texto_Justificado\"><del><strong>III<\/strong>\u00a0<strong>&#8211;<\/strong>\u00a0o m\u00e9todo estat\u00edstico aplicado para a defini\u00e7\u00e3o do valor estimado;<\/del><\/p><p class=\"Texto_Justificado\"><del><strong>IV<\/strong>\u00a0\u2013 a justificativa para a metodologia utilizada, em especial para a desconsidera\u00e7\u00e3o de valores inexequ\u00edveis, inconsistentes e excessivamente elevados, se aplic\u00e1vel;<\/del><\/p><p class=\"Texto_Justificado\"><del><strong>V<\/strong>\u00a0<strong>&#8211;<\/strong>\u00a0mem\u00f3ria de c\u00e1lculo do valor estimado e documentos que lhe d\u00e3o suporte;<\/del><\/p><p class=\"Texto_Justificado\"><del><strong>VI &#8211;\u00a0<\/strong>a justificativa da escolha dos fornecedores, no caso do inciso IV do caput do art. 4\u00ba desta Resolu\u00e7\u00e3o; e<\/del><\/p><p class=\"Texto_Justificado\"><del><strong>VII<\/strong>\u00a0<strong>&#8211;<\/strong>\u00a0a an\u00e1lise cr\u00edtica dos pre\u00e7os coletados, na forma do \u00a72\u00ba deste artigo.<\/del><\/p><p class=\"Texto_Justificado\"><del><strong>\u00a7 2\u00ba<\/strong>\u00a0&#8211; Os pre\u00e7os coletados devem ser analisados de forma cr\u00edtica, em especial, quando houver grande varia\u00e7\u00e3o entre os valores apresentados.<\/del><\/p><p class=\"Texto_Justificado\"><del><a target=\"_blank\" name=\"_heading=h.1fob9te\"><\/a><strong>Art. 7\u00ba &#8211;\u00a0<\/strong>O RAPP dever\u00e1 ser elaborado preferencialmente por servidores da \u00e1rea de contrata\u00e7\u00e3o do \u00f3rg\u00e3o ou entidade.<\/del><\/p><p class=\"Texto_Justificado\"><del><a target=\"_blank\" name=\"_heading=h.jc6b9d9f57ro\"><\/a>\u00a0<\/del><\/p><p class=\"Texto_Centralizado\" style=\"text-align: center;\"><del>\u00a0<strong>CAP\u00cdTULO III<\/strong><\/del><\/p><p class=\"Texto_Centralizado\" style=\"text-align: center;\"><del><strong>DAS DISPOSI\u00c7\u00d5ES ESPECIAIS<\/strong><\/del><\/p><p class=\"Texto_Justificado\"><del><strong>Contratos de Presta\u00e7\u00e3o de Servi\u00e7o<\/strong><\/del><\/p><p class=\"Texto_Justificado\"><del><strong>Art. 8\u00ba &#8211;<\/strong>\u00a0Nos processos para a contrata\u00e7\u00e3o de servi\u00e7os, o or\u00e7amento estimado dever\u00e1 ser detalhado em planilhas, que expressem a composi\u00e7\u00e3o dos custos unit\u00e1rios, a qual poder\u00e1 ser dispensada quando a natureza do objeto a ser contratado tornar invi\u00e1vel ou desnecess\u00e1rio esse detalhamento, o que deve ser devidamente justificado no processo administrativo da contrata\u00e7\u00e3o.<\/del><\/p><p class=\"Texto_Justificado\"><del><strong>Art. 9\u00ba &#8211;\u00a0<\/strong>No caso de servi\u00e7os com regime de dedica\u00e7\u00e3o exclusiva de m\u00e3o de obra, o custo estimado da contrata\u00e7\u00e3o deve contemplar o valor m\u00e1ximo global e mensal estabelecido em decorr\u00eancia da identifica\u00e7\u00e3o dos elementos que comp\u00f5em o pre\u00e7o dos servi\u00e7os, definidos da seguinte forma:<\/del><\/p><p class=\"Texto_Justificado\"><del><strong>I\u00a0<\/strong>&#8211; por meio do preenchimento da planilha de custos e forma\u00e7\u00e3o de pre\u00e7os, observados os custos dos itens referentes ao servi\u00e7o, podendo ser motivadamente dispensada naquelas contrata\u00e7\u00f5es em que a natureza do seu objeto torne invi\u00e1vel ou desnecess\u00e1rio o detalhamento dos custos para aferi\u00e7\u00e3o da exequibilidade dos pre\u00e7os praticados;<\/del><\/p><p class=\"Texto_Justificado\"><del><strong>II\u00a0<\/strong>&#8211; por meio de fundamentada pesquisa dos pre\u00e7os praticados no mercado em contrata\u00e7\u00f5es similares; ou ainda por meio da ado\u00e7\u00e3o de valores constantes de indicadores setoriais, tabelas de fabricantes, valores oficiais de refer\u00eancia, tarifas p\u00fablicas ou outros equivalentes, se for o caso; e<\/del><\/p><p class=\"Texto_Justificado\"><del><strong>III\u00a0<\/strong>&#8211; previs\u00e3o de regras claras quanto \u00e0 composi\u00e7\u00e3o dos custos que impactem no valor global das propostas das licitantes, principalmente no que se refere a regras de deprecia\u00e7\u00e3o de equipamentos a serem utilizados no servi\u00e7o.<\/del><\/p><p class=\"Texto_Justificado\"><del><strong>Art. 10<\/strong>\u00a0&#8211; A vantajosidade econ\u00f4mica para prorroga\u00e7\u00e3o dos contratos com m\u00e3o de obra exclusiva estar\u00e1 assegurada, sendo dispensada a realiza\u00e7\u00e3o de pesquisa de mercado, nas seguintes hip\u00f3teses:<\/del><\/p><p class=\"Texto_Justificado\"><del><strong>I<\/strong>\u00a0&#8211; quando o contrato contiver previs\u00f5es de que os reajustes dos itens envolvendo a folha de sal\u00e1rios ser\u00e3o efetuados com base em Acordo, Conven\u00e7\u00e3o, Diss\u00eddio Coletivo de Trabalho ou em decorr\u00eancia de lei; e<\/del><\/p><p class=\"Texto_Justificado\"><del><strong>II<\/strong>\u00a0&#8211; quando o contrato contiver previs\u00f5es de que os reajustes dos itens envolvendo insumos (exceto quanto a obriga\u00e7\u00f5es decorrentes de Acordo, Conven\u00e7\u00e3o, Diss\u00eddio Coletivo de Trabalho e de lei) e materiais ser\u00e3o efetuados com base em \u00edndices oficiais, previamente definidos no contrato.<\/del><\/p><p class=\"Texto_Justificado\"><del><strong>Art. 11<\/strong>\u00a0&#8211; \u00c9 facultativa a realiza\u00e7\u00e3o de pesquisa de pre\u00e7os, para fins de prorroga\u00e7\u00e3o do prazo de vig\u00eancia de contratos administrativos de presta\u00e7\u00e3o de servi\u00e7os cont\u00ednuos sem dedica\u00e7\u00e3o exclusiva de m\u00e3o de obra, nos casos em que haja manifesta\u00e7\u00e3o t\u00e9cnica motivada no sentido de que o \u00edndice de reajuste adotado no instrumento convocat\u00f3rio acompanha a varia\u00e7\u00e3o dos pre\u00e7os do objeto contratado.<\/del><\/p><p class=\"Texto_Justificado\"><del><strong>Art. 12<\/strong>\u00a0&#8211; Nas prorroga\u00e7\u00f5es dos prazos de vig\u00eancia dos contratos de servi\u00e7os e de fornecimentos cont\u00ednuos, caber\u00e1 \u00e0 autoridade competente atestar que as condi\u00e7\u00f5es e os pre\u00e7os permanecem vantajosos para a Administra\u00e7\u00e3o, na forma do art. 107, da Lei n\u00ba 14.133\/2021, exceto quanto aos pre\u00e7os, nas hip\u00f3teses em que a dispensa da pesquisa de pre\u00e7os \u00e9 admitida por esta Resolu\u00e7\u00e3o.<\/del><\/p><p class=\"Texto_Justificado\"><del><strong>Contrata\u00e7\u00e3o direta<\/strong><\/del><\/p><p class=\"Texto_Justificado\"><del><strong>Art. 13 &#8211;<\/strong>\u00a0Nas contrata\u00e7\u00f5es diretas por inexigibilidade ou por dispensa de licita\u00e7\u00e3o, aplica-se o disposto no art. 4\u00ba desta Resolu\u00e7\u00e3o.<\/del><\/p><p class=\"Texto_Justificado\"><del><strong>\u00a7 1\u00ba &#8211;<\/strong>\u00a0Quando n\u00e3o for poss\u00edvel estimar o valor do objeto na forma estabelecida no caput, caber\u00e1 ao interessado comprovar que os pre\u00e7os est\u00e3o em conformidade com os praticados em contrata\u00e7\u00f5es similares de objetos de mesma natureza, por meio da apresenta\u00e7\u00e3o de notas fiscais ou faturas emitidas para outros contratantes, p\u00fablicos ou privados, no per\u00edodo de at\u00e9 1 (um) ano anterior \u00e0 data da contrata\u00e7\u00e3o pela Administra\u00e7\u00e3o, ou por outro meio id\u00f4neo.<\/del><\/p><p class=\"Texto_Justificado\"><del><strong>\u00a7 2\u00ba &#8211;<\/strong>\u00a0Excepcionalmente, caso a futura contratada n\u00e3o tenha comercializado o objeto anteriormente, a justificativa de pre\u00e7o de que trata o caput poder\u00e1 ser realizada com objetos semelhantes de mesma natureza, devendo apresentar especifica\u00e7\u00f5es t\u00e9cnicas que demonstrem similaridade com o objeto pretendido.<\/del><\/p><p class=\"Texto_Justificado\"><del><strong>\u00a7 3\u00ba<\/strong>\u00a0&#8211; Fica vedada a contrata\u00e7\u00e3o direta por inexigibilidade caso a justificativa de pre\u00e7os demonstre a possibilidade de competi\u00e7\u00e3o.<\/del><\/p><p class=\"Texto_Justificado\"><del><strong>Art. 14 &#8211;\u00a0<\/strong>Na hip\u00f3tese de contrata\u00e7\u00e3o direta por dispensa de licita\u00e7\u00e3o com base nos incisos I e II do art. 75 da Lei n\u00ba 14.133, de 1\u00ba de abril de 2021, com exce\u00e7\u00e3o de obras e servi\u00e7os de engenharia, a estimativa de pre\u00e7os de que trata o art. 13 desta Resolu\u00e7\u00e3o\u00a0poder\u00e1 ser realizada concomitantemente \u00e0 sele\u00e7\u00e3o da proposta economicamente mais vantajosa<\/del><\/p><p class=\"Texto_Justificado\"><del><strong>\u00a7 1\u00ba<\/strong>\u00a0&#8211; O procedimento previsto no caput ser\u00e1 realizado por meio da coleta de propostas e lances no procedimento de disputa eletr\u00f4nica.\u00a0<\/del><\/p><p class=\"Texto_Justificado\"><del><strong>\u00a7 2\u00ba\u00a0<\/strong>&#8211; Na hip\u00f3tese prevista no caput, a verifica\u00e7\u00e3o quanto \u00e0 compatibilidade de pre\u00e7os ser\u00e1 formal e dever\u00e1 considerar, no m\u00ednimo, o n\u00famero de concorrentes no procedimento e os valores por eles ofertados, podendo o gestor respons\u00e1vel ouvir a equipe de planejamento da contrata\u00e7\u00e3o previamente a sua aceita\u00e7\u00e3o.<\/del><\/p><p class=\"Texto_Centralizado\" style=\"text-align: center;\"><del><strong>CAP\u00cdTULO IV<\/strong><\/del><\/p><p class=\"Texto_Centralizado\" style=\"text-align: center;\"><del><strong>DAS DISPOSI\u00c7\u00d5ES FINAIS<\/strong><\/del><\/p><p class=\"Texto_Justificado\"><del><strong>Orienta\u00e7\u00f5es gerais<\/strong><\/del><\/p><p class=\"Texto_Justificado\"><del><strong>Art. 1<\/strong><strong>5 &#8211;\u00a0<\/strong>Desde que justificado, o or\u00e7amento estimado da contrata\u00e7\u00e3o poder\u00e1 ter car\u00e1ter sigiloso, sem preju\u00edzo da divulga\u00e7\u00e3o do detalhamento dos quantitativos e das demais informa\u00e7\u00f5es necess\u00e1rias para a elabora\u00e7\u00e3o das propostas, salvo na hip\u00f3tese de licita\u00e7\u00e3o cujo crit\u00e9rio de julgamento for por maior desconto.<\/del><\/p><p class=\"Texto_Justificado\"><del><strong>Art. 16<\/strong>\u00a0&#8211; Os \u00f3rg\u00e3os e entidades da Administra\u00e7\u00e3o direta, aut\u00e1rquica ou fundacional, quando executarem recursos da Uni\u00e3o decorrentes de transfer\u00eancias volunt\u00e1rias, tais como conv\u00eanios e contratos de repasse, dever\u00e3o observar as regras vigentes em \u00e2mbito federal, exceto nos casos em que a lei, a regulamenta\u00e7\u00e3o espec\u00edfica ou o termo de transfer\u00eancia dispuser de forma diversa sobre as contrata\u00e7\u00f5es com os recursos do repasse.<\/del><\/p><p class=\"Texto_Justificado\"><del><strong>Art. 17<\/strong>\u00a0&#8211; Os procedimentos administrativos regidos pela Lei n\u00ba 8.666, de 21 de junho de 1993, pela Lei n\u00ba 10.520, de 17 de junho de 2002, e pela Lei n\u00ba 12.462, de 4 de agosto de 2011, continuam regidos pelo Cap\u00edtulo IV do Decreto n.\u00ba 46.642, de 17 de abril de 2019.<\/del><\/p><p class=\"Texto_Justificado\"><del><strong>Art. 18<\/strong>\u00a0&#8211; Aplicam-se as disposi\u00e7\u00f5es desta Resolu\u00e7\u00e3o, no que couber, \u00e0s licita\u00e7\u00f5es internacionais.<\/del><\/p><p class=\"Texto_Justificado\"><del><strong>Art. 19\u00a0<\/strong>&#8211; O \u00d3rg\u00e3o Central do Sistema Log\u00edstico do Poder Executivo do Estado do Rio de Janeiro poder\u00e1 editar regulamenta\u00e7\u00f5es e orienta\u00e7\u00f5es complementares ao cumprimento desta Resolu\u00e7\u00e3o.<\/del><\/p><p class=\"Texto_Justificado\"><del><strong>Art.\u00a020<\/strong> &#8211; Esta Resolu\u00e7\u00e3o entra em vigor na data de sua publica\u00e7\u00e3o.<\/del><\/p><p class=\"Texto_Alinhado_Esquerda\" style=\"text-align: center;\"><del>Rio de Janeiro, 12\u00a0 de janeiro de 2023<\/del><\/p><p class=\"Texto_Centralizado\" style=\"text-align: center;\"><del><strong>NELSON ROCHA<\/strong><\/del><br \/><del>Secret\u00e1rio de Estado de Planejamento e Gest\u00e3o<\/del><\/p><p style=\"text-align: right;\"><del>Id: 2451625<\/del><\/p>\t\t\t\t\t\t\t\t<\/div>\n\t\t\t\t\t<\/div>\n\t\t<\/div>\n\t\t\t\t\t<\/div>\n\t\t<\/section>\n\t\t\t\t<section class=\"elementor-section elementor-top-section elementor-element elementor-element-ebf181d elementor-section-boxed elementor-section-height-default elementor-section-height-default\" data-id=\"ebf181d\" data-element_type=\"section\" data-settings=\"{&quot;jet_parallax_layout_list&quot;:[{&quot;jet_parallax_layout_image&quot;:{&quot;url&quot;:&quot;&quot;,&quot;id&quot;:&quot;&quot;,&quot;size&quot;:&quot;&quot;},&quot;_id&quot;:&quot;04dd098&quot;,&quot;jet_parallax_layout_image_tablet&quot;:{&quot;url&quot;:&quot;&quot;,&quot;id&quot;:&quot;&quot;,&quot;size&quot;:&quot;&quot;},&quot;jet_parallax_layout_image_mobile&quot;:{&quot;url&quot;:&quot;&quot;,&quot;id&quot;:&quot;&quot;,&quot;size&quot;:&quot;&quot;},&quot;jet_parallax_layout_speed&quot;:{&quot;unit&quot;:&quot;%&quot;,&quot;size&quot;:50,&quot;sizes&quot;:[]},&quot;jet_parallax_layout_type&quot;:&quot;scroll&quot;,&quot;jet_parallax_layout_direction&quot;:&quot;1&quot;,&quot;jet_parallax_layout_fx_direction&quot;:null,&quot;jet_parallax_layout_z_index&quot;:&quot;&quot;,&quot;jet_parallax_layout_bg_x&quot;:50,&quot;jet_parallax_layout_bg_x_tablet&quot;:&quot;&quot;,&quot;jet_parallax_layout_bg_x_mobile&quot;:&quot;&quot;,&quot;jet_parallax_layout_bg_y&quot;:50,&quot;jet_parallax_layout_bg_y_tablet&quot;:&quot;&quot;,&quot;jet_parallax_layout_bg_y_mobile&quot;:&quot;&quot;,&quot;jet_parallax_layout_bg_size&quot;:&quot;auto&quot;,&quot;jet_parallax_layout_bg_size_tablet&quot;:&quot;&quot;,&quot;jet_parallax_layout_bg_size_mobile&quot;:&quot;&quot;,&quot;jet_parallax_layout_animation_prop&quot;:&quot;transform&quot;,&quot;jet_parallax_layout_on&quot;:[&quot;desktop&quot;,&quot;tablet&quot;]}]}\">\n\t\t\t\t\t\t<div class=\"elementor-container elementor-column-gap-default\">\n\t\t\t\t\t<div class=\"elementor-column elementor-col-100 elementor-top-column elementor-element elementor-element-226f32a\" data-id=\"226f32a\" data-element_type=\"column\">\n\t\t\t<div class=\"elementor-widget-wrap elementor-element-populated\">\n\t\t\t\t\t\t<div class=\"elementor-element elementor-element-19222da elementor-widget elementor-widget-text-editor\" data-id=\"19222da\" data-element_type=\"widget\" data-widget_type=\"text-editor.default\">\n\t\t\t\t\t\t\t\t\t<p><em>Publicada no DOE em <a href=\"https:\/\/www.redelog.rj.gov.br\/redelog\/wp-content\/uploads\/2023\/01\/Resolucao-SEPLAG-179-Pesquisa-de-Precos.pdf\"><strong>16\/01\/2023<\/strong><\/a><strong>.<\/strong><\/em><\/p><p><em>Retificada no DOE em <a href=\"https:\/\/www.redelog.rj.gov.br\/redelog\/wp-content\/uploads\/2023\/01\/Retificacao-Resolucao-SEPLAG-no-179.pdf\"><strong>26\/01\/2023<\/strong><\/a>.<\/em><\/p><p><em>Revogada pelo <strong><a href=\"https:\/\/leisestaduais.com.br\/rj\/decreto-n-48816-2023-rio-de-janeiro-regulamenta-a-fase-preparatoria-das-contratacoes-de-que-trata-a-lei-no-14-133-de-1o-de-abril-de-2021-no-ambito-da-administracao-publica-estadual-direta-autarquica-e-fundacional?q=48816&amp;origin=instituicao#\">Decreto n\u00ba 48.816, de 24 de novembro de 2023<\/a><\/strong>, publicado no DOE em <strong><a href=\"https:\/\/www.redelog.rj.gov.br\/redelog\/wp-content\/uploads\/2023\/11\/DECRETO-No-48.816-Regulamenta-a-fase-preparatoria-das-contratacoes-lei-14.133.pdf\">27\/11\/2023<\/a><\/strong>.<\/em><\/p>\t\t\t\t\t\t\t\t<\/div>\n\t\t\t\t\t<\/div>\n\t\t<\/div>\n\t\t\t\t\t<\/div>\n\t\t<\/section>\n\t\t\t\t<section class=\"elementor-section elementor-top-section elementor-element elementor-element-46351a7 elementor-section-boxed elementor-section-height-default elementor-section-height-default\" data-id=\"46351a7\" data-element_type=\"section\" data-settings=\"{&quot;jet_parallax_layout_list&quot;:[{&quot;jet_parallax_layout_image&quot;:{&quot;url&quot;:&quot;&quot;,&quot;id&quot;:&quot;&quot;,&quot;size&quot;:&quot;&quot;},&quot;_id&quot;:&quot;ab030fc&quot;,&quot;jet_parallax_layout_image_tablet&quot;:{&quot;url&quot;:&quot;&quot;,&quot;id&quot;:&quot;&quot;,&quot;size&quot;:&quot;&quot;},&quot;jet_parallax_layout_image_mobile&quot;:{&quot;url&quot;:&quot;&quot;,&quot;id&quot;:&quot;&quot;,&quot;size&quot;:&quot;&quot;},&quot;jet_parallax_layout_speed&quot;:{&quot;unit&quot;:&quot;%&quot;,&quot;size&quot;:50,&quot;sizes&quot;:[]},&quot;jet_parallax_layout_type&quot;:&quot;scroll&quot;,&quot;jet_parallax_layout_direction&quot;:&quot;1&quot;,&quot;jet_parallax_layout_fx_direction&quot;:null,&quot;jet_parallax_layout_z_index&quot;:&quot;&quot;,&quot;jet_parallax_layout_bg_x&quot;:50,&quot;jet_parallax_layout_bg_x_tablet&quot;:&quot;&quot;,&quot;jet_parallax_layout_bg_x_mobile&quot;:&quot;&quot;,&quot;jet_parallax_layout_bg_y&quot;:50,&quot;jet_parallax_layout_bg_y_tablet&quot;:&quot;&quot;,&quot;jet_parallax_layout_bg_y_mobile&quot;:&quot;&quot;,&quot;jet_parallax_layout_bg_size&quot;:&quot;auto&quot;,&quot;jet_parallax_layout_bg_size_tablet&quot;:&quot;&quot;,&quot;jet_parallax_layout_bg_size_mobile&quot;:&quot;&quot;,&quot;jet_parallax_layout_animation_prop&quot;:&quot;transform&quot;,&quot;jet_parallax_layout_on&quot;:[&quot;desktop&quot;,&quot;tablet&quot;]}]}\">\n\t\t\t\t\t\t<div class=\"elementor-container elementor-column-gap-default\">\n\t\t\t\t\t<div class=\"elementor-column elementor-col-100 elementor-top-column elementor-element elementor-element-48969c2\" data-id=\"48969c2\" data-element_type=\"column\">\n\t\t\t<div class=\"elementor-widget-wrap elementor-element-populated\">\n\t\t\t\t\t\t<div class=\"elementor-element elementor-element-28d2426 elementor-widget-divider--view-line elementor-widget elementor-widget-divider\" data-id=\"28d2426\" data-element_type=\"widget\" data-widget_type=\"divider.default\">\n\t\t\t\t\t\t\t<div class=\"elementor-divider\">\n\t\t\t<span class=\"elementor-divider-separator\">\n\t\t\t\t\t\t<\/span>\n\t\t<\/div>\n\t\t\t\t\t\t<\/div>\n\t\t\t\t\t<\/div>\n\t\t<\/div>\n\t\t\t\t\t<\/div>\n\t\t<\/section>\n\t\t\t\t<section class=\"elementor-section elementor-top-section elementor-element elementor-element-b455592 elementor-section-boxed elementor-section-height-default elementor-section-height-default\" data-id=\"b455592\" data-element_type=\"section\" id=\"options\" data-settings=\"{&quot;jet_parallax_layout_list&quot;:[{&quot;jet_parallax_layout_image&quot;:{&quot;url&quot;:&quot;&quot;,&quot;id&quot;:&quot;&quot;,&quot;size&quot;:&quot;&quot;},&quot;_id&quot;:&quot;19d7213&quot;,&quot;jet_parallax_layout_image_tablet&quot;:{&quot;url&quot;:&quot;&quot;,&quot;id&quot;:&quot;&quot;,&quot;size&quot;:&quot;&quot;},&quot;jet_parallax_layout_image_mobile&quot;:{&quot;url&quot;:&quot;&quot;,&quot;id&quot;:&quot;&quot;,&quot;size&quot;:&quot;&quot;},&quot;jet_parallax_layout_speed&quot;:{&quot;unit&quot;:&quot;%&quot;,&quot;size&quot;:50,&quot;sizes&quot;:[]},&quot;jet_parallax_layout_type&quot;:&quot;scroll&quot;,&quot;jet_parallax_layout_direction&quot;:&quot;1&quot;,&quot;jet_parallax_layout_fx_direction&quot;:null,&quot;jet_parallax_layout_z_index&quot;:&quot;&quot;,&quot;jet_parallax_layout_bg_x&quot;:50,&quot;jet_parallax_layout_bg_x_tablet&quot;:&quot;&quot;,&quot;jet_parallax_layout_bg_x_mobile&quot;:&quot;&quot;,&quot;jet_parallax_layout_bg_y&quot;:50,&quot;jet_parallax_layout_bg_y_tablet&quot;:&quot;&quot;,&quot;jet_parallax_layout_bg_y_mobile&quot;:&quot;&quot;,&quot;jet_parallax_layout_bg_size&quot;:&quot;auto&quot;,&quot;jet_parallax_layout_bg_size_tablet&quot;:&quot;&quot;,&quot;jet_parallax_layout_bg_size_mobile&quot;:&quot;&quot;,&quot;jet_parallax_layout_animation_prop&quot;:&quot;transform&quot;,&quot;jet_parallax_layout_on&quot;:[&quot;desktop&quot;,&quot;tablet&quot;]}]}\">\n\t\t\t\t\t\t<div class=\"elementor-container elementor-column-gap-default\">\n\t\t\t\t\t<div class=\"elementor-column elementor-col-100 elementor-top-column elementor-element elementor-element-aea6bd6\" data-id=\"aea6bd6\" data-element_type=\"column\">\n\t\t\t<div class=\"elementor-widget-wrap elementor-element-populated\">\n\t\t\t\t\t\t<div class=\"elementor-element elementor-element-c61f07b elementor-widget elementor-widget-shortcode\" data-id=\"c61f07b\" data-element_type=\"widget\" data-widget_type=\"shortcode.default\">\n\t\t\t\t\t\t\t<div class=\"elementor-shortcode\"><div class='printomatic pom-default ' id='id8691' alt='Imprimir' title='Imprimir' data-print_target='#post-20165'><\/div> <div class='printomatictext' id='id8691' alt='Imprimir' title='Imprimir' data-print_target='#post-20165'>Imprimir<\/div><div style='clear: both;'><\/div><\/div>\n\t\t\t\t\t\t<\/div>\n\t\t\t\t<section class=\"elementor-section elementor-inner-section elementor-element elementor-element-dcc12e8 elementor-section-boxed elementor-section-height-default elementor-section-height-default\" data-id=\"dcc12e8\" data-element_type=\"section\" data-settings=\"{&quot;jet_parallax_layout_list&quot;:[{&quot;jet_parallax_layout_image&quot;:{&quot;url&quot;:&quot;&quot;,&quot;id&quot;:&quot;&quot;,&quot;size&quot;:&quot;&quot;},&quot;_id&quot;:&quot;ccec7d1&quot;,&quot;jet_parallax_layout_image_tablet&quot;:{&quot;url&quot;:&quot;&quot;,&quot;id&quot;:&quot;&quot;,&quot;size&quot;:&quot;&quot;},&quot;jet_parallax_layout_image_mobile&quot;:{&quot;url&quot;:&quot;&quot;,&quot;id&quot;:&quot;&quot;,&quot;size&quot;:&quot;&quot;},&quot;jet_parallax_layout_speed&quot;:{&quot;unit&quot;:&quot;%&quot;,&quot;size&quot;:50,&quot;sizes&quot;:[]},&quot;jet_parallax_layout_type&quot;:&quot;scroll&quot;,&quot;jet_parallax_layout_direction&quot;:&quot;1&quot;,&quot;jet_parallax_layout_fx_direction&quot;:null,&quot;jet_parallax_layout_z_index&quot;:&quot;&quot;,&quot;jet_parallax_layout_bg_x&quot;:50,&quot;jet_parallax_layout_bg_x_tablet&quot;:&quot;&quot;,&quot;jet_parallax_layout_bg_x_mobile&quot;:&quot;&quot;,&quot;jet_parallax_layout_bg_y&quot;:50,&quot;jet_parallax_layout_bg_y_tablet&quot;:&quot;&quot;,&quot;jet_parallax_layout_bg_y_mobile&quot;:&quot;&quot;,&quot;jet_parallax_layout_bg_size&quot;:&quot;auto&quot;,&quot;jet_parallax_layout_bg_size_tablet&quot;:&quot;&quot;,&quot;jet_parallax_layout_bg_size_mobile&quot;:&quot;&quot;,&quot;jet_parallax_layout_animation_prop&quot;:&quot;transform&quot;,&quot;jet_parallax_layout_on&quot;:[&quot;desktop&quot;,&quot;tablet&quot;]}]}\">\n\t\t\t\t\t\t<div class=\"elementor-container elementor-column-gap-default\">\n\t\t\t\t\t<div class=\"elementor-column elementor-col-50 elementor-inner-column elementor-element elementor-element-d4adb2f\" data-id=\"d4adb2f\" data-element_type=\"column\">\n\t\t\t<div class=\"elementor-widget-wrap elementor-element-populated\">\n\t\t\t\t\t\t<div class=\"elementor-element elementor-element-f88527e elementor-widget elementor-widget-text-editor\" data-id=\"f88527e\" data-element_type=\"widget\" data-widget_type=\"text-editor.default\">\n\t\t\t\t\t\t\t\t\t<p><strong><a href=\"http:\/\/redelog.rj.gov.br\/redelog\/legislacao-licitacoes\/\">\u2190 Voltar &#8211; Licita\u00e7\u00f5es<\/a><\/strong><\/p>\t\t\t\t\t\t\t\t<\/div>\n\t\t\t\t\t<\/div>\n\t\t<\/div>\n\t\t\t\t<div class=\"elementor-column elementor-col-50 elementor-inner-column elementor-element elementor-element-a0c62b1\" data-id=\"a0c62b1\" data-element_type=\"column\">\n\t\t\t<div class=\"elementor-widget-wrap elementor-element-populated\">\n\t\t\t\t\t\t\t<\/div>\n\t\t<\/div>\n\t\t\t\t\t<\/div>\n\t\t<\/section>\n\t\t\t\t\t<\/div>\n\t\t<\/div>\n\t\t\t\t\t<\/div>\n\t\t<\/section>\n\t\t\t\t<section class=\"elementor-section elementor-top-section elementor-element elementor-element-fd03f9e elementor-section-boxed elementor-section-height-default elementor-section-height-default\" data-id=\"fd03f9e\" data-element_type=\"section\" data-settings=\"{&quot;jet_parallax_layout_list&quot;:[{&quot;jet_parallax_layout_image&quot;:{&quot;url&quot;:&quot;&quot;,&quot;id&quot;:&quot;&quot;,&quot;size&quot;:&quot;&quot;},&quot;_id&quot;:&quot;22a0abb&quot;,&quot;jet_parallax_layout_image_tablet&quot;:{&quot;url&quot;:&quot;&quot;,&quot;id&quot;:&quot;&quot;,&quot;size&quot;:&quot;&quot;},&quot;jet_parallax_layout_image_mobile&quot;:{&quot;url&quot;:&quot;&quot;,&quot;id&quot;:&quot;&quot;,&quot;size&quot;:&quot;&quot;},&quot;jet_parallax_layout_speed&quot;:{&quot;unit&quot;:&quot;%&quot;,&quot;size&quot;:50,&quot;sizes&quot;:[]},&quot;jet_parallax_layout_type&quot;:&quot;scroll&quot;,&quot;jet_parallax_layout_direction&quot;:&quot;1&quot;,&quot;jet_parallax_layout_fx_direction&quot;:null,&quot;jet_parallax_layout_z_index&quot;:&quot;&quot;,&quot;jet_parallax_layout_bg_x&quot;:50,&quot;jet_parallax_layout_bg_x_tablet&quot;:&quot;&quot;,&quot;jet_parallax_layout_bg_x_mobile&quot;:&quot;&quot;,&quot;jet_parallax_layout_bg_y&quot;:50,&quot;jet_parallax_layout_bg_y_tablet&quot;:&quot;&quot;,&quot;jet_parallax_layout_bg_y_mobile&quot;:&quot;&quot;,&quot;jet_parallax_layout_bg_size&quot;:&quot;auto&quot;,&quot;jet_parallax_layout_bg_size_tablet&quot;:&quot;&quot;,&quot;jet_parallax_layout_bg_size_mobile&quot;:&quot;&quot;,&quot;jet_parallax_layout_animation_prop&quot;:&quot;transform&quot;,&quot;jet_parallax_layout_on&quot;:[&quot;desktop&quot;,&quot;tablet&quot;]}]}\">\n\t\t\t\t\t\t<div class=\"elementor-container elementor-column-gap-default\">\n\t\t\t\t\t<div class=\"elementor-column elementor-col-100 elementor-top-column elementor-element elementor-element-686a8eb\" data-id=\"686a8eb\" data-element_type=\"column\">\n\t\t\t<div class=\"elementor-widget-wrap elementor-element-populated\">\n\t\t\t\t\t\t<div class=\"elementor-element elementor-element-ecf83af elementor-widget elementor-widget-html\" data-id=\"ecf83af\" data-element_type=\"widget\" data-widget_type=\"html.default\">\n\t\t\t\t\t<style>\n    h2, .h2-style{\n        font-size: 28px;\n    }\n<\/style>\t\t\t\t<\/div>\n\t\t\t\t\t<\/div>\n\t\t<\/div>\n\t\t\t\t\t<\/div>\n\t\t<\/section>\n\t\t\t\t<\/div>\n\t\t","protected":false},"excerpt":{"rendered":"<p>DISP\u00d5E SOBRE A REALIZA\u00c7\u00c3O DE PESQUISA DE PRE\u00c7OS PARA AQUISI\u00c7\u00c3O DE BENS E CONTRATA\u00c7\u00c3O DE SERVI\u00c7OS EM GERAL, NO \u00c2MBITO DA ADMINISTRA\u00c7\u00c3O P\u00daBLICA ESTADUAL DIRETA, AUT\u00c1RQUICA E FUNDACIONAL. O\u00a0SECRET\u00c1RIO DE ESTADO DE PLANEJAMENTO E GEST\u00c3O, no uso das atribui\u00e7\u00f5es constitucionais e legais, tendo em vista o Decreto n\u00ba 47.680, de 12 de julho de 2021, [&hellip;]<\/p>\n","protected":false},"author":19,"featured_media":0,"comment_status":"closed","ping_status":"open","sticky":false,"template":"","format":"standard","meta":{"_joinchat":[],"footnotes":""},"categories":[23],"tags":[],"class_list":["post-20165","post","type-post","status-publish","format-standard","hentry","category-cat-legislacao"],"yoast_head":"<!-- This site is optimized with the Yoast SEO plugin v25.7 - https:\/\/yoast.com\/wordpress\/plugins\/seo\/ -->\n<title>RESOLU\u00c7\u00c3O SEPLAG N\u00ba 179, DE 12 DE JANEIRO DE 2023 - Redelog<\/title>\n<meta name=\"robots\" content=\"index, follow, max-snippet:-1, max-image-preview:large, max-video-preview:-1\" \/>\n<link rel=\"canonical\" href=\"https:\/\/redelog.rj.gov.br\/redelog\/resolucao-seplag-no-179-de-12-de-janeiro-de-2023\/\" \/>\n<meta property=\"og:locale\" content=\"pt_BR\" \/>\n<meta property=\"og:type\" content=\"article\" \/>\n<meta property=\"og:title\" content=\"RESOLU\u00c7\u00c3O SEPLAG N\u00ba 179, DE 12 DE JANEIRO DE 2023 - Redelog\" \/>\n<meta property=\"og:description\" content=\"DISP\u00d5E SOBRE A REALIZA\u00c7\u00c3O DE PESQUISA DE PRE\u00c7OS PARA AQUISI\u00c7\u00c3O DE BENS E CONTRATA\u00c7\u00c3O DE SERVI\u00c7OS EM GERAL, NO \u00c2MBITO DA ADMINISTRA\u00c7\u00c3O P\u00daBLICA ESTADUAL DIRETA, AUT\u00c1RQUICA E FUNDACIONAL. O\u00a0SECRET\u00c1RIO DE ESTADO DE PLANEJAMENTO E GEST\u00c3O, no uso das atribui\u00e7\u00f5es constitucionais e legais, tendo em vista o Decreto n\u00ba 47.680, de 12 de julho de 2021, [&hellip;]\" \/>\n<meta property=\"og:url\" content=\"https:\/\/redelog.rj.gov.br\/redelog\/resolucao-seplag-no-179-de-12-de-janeiro-de-2023\/\" \/>\n<meta property=\"og:site_name\" content=\"Redelog\" \/>\n<meta property=\"article:published_time\" content=\"2023-01-13T14:26:23+00:00\" \/>\n<meta property=\"article:modified_time\" content=\"2023-11-27T12:41:33+00:00\" \/>\n<meta name=\"author\" content=\"Juliane Paz Vieira Lima\" \/>\n<meta name=\"twitter:card\" content=\"summary_large_image\" \/>\n<meta name=\"twitter:label1\" content=\"Escrito por\" \/>\n\t<meta name=\"twitter:data1\" content=\"Juliane Paz Vieira Lima\" \/>\n\t<meta name=\"twitter:label2\" content=\"Est. tempo de leitura\" \/>\n\t<meta name=\"twitter:data2\" content=\"5 minutos\" \/>\n<script type=\"application\/ld+json\" class=\"yoast-schema-graph\">{\"@context\":\"https:\/\/schema.org\",\"@graph\":[{\"@type\":\"Article\",\"@id\":\"https:\/\/redelog.rj.gov.br\/redelog\/resolucao-seplag-no-179-de-12-de-janeiro-de-2023\/#article\",\"isPartOf\":{\"@id\":\"https:\/\/redelog.rj.gov.br\/redelog\/resolucao-seplag-no-179-de-12-de-janeiro-de-2023\/\"},\"author\":{\"name\":\"Juliane Paz Vieira Lima\",\"@id\":\"https:\/\/redelog.rj.gov.br\/redelog\/#\/schema\/person\/a80fe416b9778ee67954a79526756867\"},\"headline\":\"RESOLU\u00c7\u00c3O SEPLAG N\u00ba 179, DE 12 DE JANEIRO DE 2023\",\"datePublished\":\"2023-01-13T14:26:23+00:00\",\"dateModified\":\"2023-11-27T12:41:33+00:00\",\"mainEntityOfPage\":{\"@id\":\"https:\/\/redelog.rj.gov.br\/redelog\/resolucao-seplag-no-179-de-12-de-janeiro-de-2023\/\"},\"wordCount\":3258,\"publisher\":{\"@id\":\"https:\/\/redelog.rj.gov.br\/redelog\/#organization\"},\"articleSection\":[\"Legisla\u00e7\u00e3o\"],\"inLanguage\":\"pt-BR\"},{\"@type\":\"WebPage\",\"@id\":\"https:\/\/redelog.rj.gov.br\/redelog\/resolucao-seplag-no-179-de-12-de-janeiro-de-2023\/\",\"url\":\"https:\/\/redelog.rj.gov.br\/redelog\/resolucao-seplag-no-179-de-12-de-janeiro-de-2023\/\",\"name\":\"RESOLU\u00c7\u00c3O SEPLAG N\u00ba 179, DE 12 DE JANEIRO DE 2023 - Redelog\",\"isPartOf\":{\"@id\":\"https:\/\/redelog.rj.gov.br\/redelog\/#website\"},\"datePublished\":\"2023-01-13T14:26:23+00:00\",\"dateModified\":\"2023-11-27T12:41:33+00:00\",\"breadcrumb\":{\"@id\":\"https:\/\/redelog.rj.gov.br\/redelog\/resolucao-seplag-no-179-de-12-de-janeiro-de-2023\/#breadcrumb\"},\"inLanguage\":\"pt-BR\",\"potentialAction\":[{\"@type\":\"ReadAction\",\"target\":[\"https:\/\/redelog.rj.gov.br\/redelog\/resolucao-seplag-no-179-de-12-de-janeiro-de-2023\/\"]}]},{\"@type\":\"BreadcrumbList\",\"@id\":\"https:\/\/redelog.rj.gov.br\/redelog\/resolucao-seplag-no-179-de-12-de-janeiro-de-2023\/#breadcrumb\",\"itemListElement\":[{\"@type\":\"ListItem\",\"position\":1,\"name\":\"Home\",\"item\":\"https:\/\/redelog.rj.gov.br\/redelog\/\"},{\"@type\":\"ListItem\",\"position\":2,\"name\":\"RESOLU\u00c7\u00c3O SEPLAG N\u00ba 179, DE 12 DE JANEIRO DE 2023\"}]},{\"@type\":\"WebSite\",\"@id\":\"https:\/\/redelog.rj.gov.br\/redelog\/#website\",\"url\":\"https:\/\/redelog.rj.gov.br\/redelog\/\",\"name\":\"Redelog\",\"description\":\"Site da Rede de Log\u00edstica e Planejamento do Estado do Rio de Janeiro\",\"publisher\":{\"@id\":\"https:\/\/redelog.rj.gov.br\/redelog\/#organization\"},\"potentialAction\":[{\"@type\":\"SearchAction\",\"target\":{\"@type\":\"EntryPoint\",\"urlTemplate\":\"https:\/\/redelog.rj.gov.br\/redelog\/?s={search_term_string}\"},\"query-input\":{\"@type\":\"PropertyValueSpecification\",\"valueRequired\":true,\"valueName\":\"search_term_string\"}}],\"inLanguage\":\"pt-BR\"},{\"@type\":\"Organization\",\"@id\":\"https:\/\/redelog.rj.gov.br\/redelog\/#organization\",\"name\":\"REDELOG\",\"url\":\"https:\/\/redelog.rj.gov.br\/redelog\/\",\"logo\":{\"@type\":\"ImageObject\",\"inLanguage\":\"pt-BR\",\"@id\":\"https:\/\/redelog.rj.gov.br\/redelog\/#\/schema\/logo\/image\/\",\"url\":\"http:\/\/10.10.8.100:8888\/redelog\/wp-content\/uploads\/2019\/09\/Redelog2.png\",\"contentUrl\":\"http:\/\/10.10.8.100:8888\/redelog\/wp-content\/uploads\/2019\/09\/Redelog2.png\",\"width\":565,\"height\":155,\"caption\":\"REDELOG\"},\"image\":{\"@id\":\"https:\/\/redelog.rj.gov.br\/redelog\/#\/schema\/logo\/image\/\"}},{\"@type\":\"Person\",\"@id\":\"https:\/\/redelog.rj.gov.br\/redelog\/#\/schema\/person\/a80fe416b9778ee67954a79526756867\",\"name\":\"Juliane Paz Vieira Lima\",\"image\":{\"@type\":\"ImageObject\",\"inLanguage\":\"pt-BR\",\"@id\":\"https:\/\/redelog.rj.gov.br\/redelog\/#\/schema\/person\/image\/\",\"url\":\"https:\/\/secure.gravatar.com\/avatar\/6d81cf8bb20fabd08d236dec1cc7b99d2da26d368e6642dc331f1413653da0a6?s=96&d=mm&r=g\",\"contentUrl\":\"https:\/\/secure.gravatar.com\/avatar\/6d81cf8bb20fabd08d236dec1cc7b99d2da26d368e6642dc331f1413653da0a6?s=96&d=mm&r=g\",\"caption\":\"Juliane Paz Vieira Lima\"},\"url\":\"https:\/\/redelog.rj.gov.br\/redelog\/author\/julianepaz\/\"}]}<\/script>\n<!-- \/ Yoast SEO plugin. -->","yoast_head_json":{"title":"RESOLU\u00c7\u00c3O SEPLAG N\u00ba 179, DE 12 DE JANEIRO DE 2023 - Redelog","robots":{"index":"index","follow":"follow","max-snippet":"max-snippet:-1","max-image-preview":"max-image-preview:large","max-video-preview":"max-video-preview:-1"},"canonical":"https:\/\/redelog.rj.gov.br\/redelog\/resolucao-seplag-no-179-de-12-de-janeiro-de-2023\/","og_locale":"pt_BR","og_type":"article","og_title":"RESOLU\u00c7\u00c3O SEPLAG N\u00ba 179, DE 12 DE JANEIRO DE 2023 - Redelog","og_description":"DISP\u00d5E SOBRE A REALIZA\u00c7\u00c3O DE PESQUISA DE PRE\u00c7OS PARA AQUISI\u00c7\u00c3O DE BENS E CONTRATA\u00c7\u00c3O DE SERVI\u00c7OS EM GERAL, NO \u00c2MBITO DA ADMINISTRA\u00c7\u00c3O P\u00daBLICA ESTADUAL DIRETA, AUT\u00c1RQUICA E FUNDACIONAL. O\u00a0SECRET\u00c1RIO DE ESTADO DE PLANEJAMENTO E GEST\u00c3O, no uso das atribui\u00e7\u00f5es constitucionais e legais, tendo em vista o Decreto n\u00ba 47.680, de 12 de julho de 2021, [&hellip;]","og_url":"https:\/\/redelog.rj.gov.br\/redelog\/resolucao-seplag-no-179-de-12-de-janeiro-de-2023\/","og_site_name":"Redelog","article_published_time":"2023-01-13T14:26:23+00:00","article_modified_time":"2023-11-27T12:41:33+00:00","author":"Juliane Paz Vieira Lima","twitter_card":"summary_large_image","twitter_misc":{"Escrito por":"Juliane Paz Vieira Lima","Est. tempo de leitura":"5 minutos"},"schema":{"@context":"https:\/\/schema.org","@graph":[{"@type":"Article","@id":"https:\/\/redelog.rj.gov.br\/redelog\/resolucao-seplag-no-179-de-12-de-janeiro-de-2023\/#article","isPartOf":{"@id":"https:\/\/redelog.rj.gov.br\/redelog\/resolucao-seplag-no-179-de-12-de-janeiro-de-2023\/"},"author":{"name":"Juliane Paz Vieira Lima","@id":"https:\/\/redelog.rj.gov.br\/redelog\/#\/schema\/person\/a80fe416b9778ee67954a79526756867"},"headline":"RESOLU\u00c7\u00c3O SEPLAG N\u00ba 179, DE 12 DE JANEIRO DE 2023","datePublished":"2023-01-13T14:26:23+00:00","dateModified":"2023-11-27T12:41:33+00:00","mainEntityOfPage":{"@id":"https:\/\/redelog.rj.gov.br\/redelog\/resolucao-seplag-no-179-de-12-de-janeiro-de-2023\/"},"wordCount":3258,"publisher":{"@id":"https:\/\/redelog.rj.gov.br\/redelog\/#organization"},"articleSection":["Legisla\u00e7\u00e3o"],"inLanguage":"pt-BR"},{"@type":"WebPage","@id":"https:\/\/redelog.rj.gov.br\/redelog\/resolucao-seplag-no-179-de-12-de-janeiro-de-2023\/","url":"https:\/\/redelog.rj.gov.br\/redelog\/resolucao-seplag-no-179-de-12-de-janeiro-de-2023\/","name":"RESOLU\u00c7\u00c3O SEPLAG N\u00ba 179, DE 12 DE JANEIRO DE 2023 - Redelog","isPartOf":{"@id":"https:\/\/redelog.rj.gov.br\/redelog\/#website"},"datePublished":"2023-01-13T14:26:23+00:00","dateModified":"2023-11-27T12:41:33+00:00","breadcrumb":{"@id":"https:\/\/redelog.rj.gov.br\/redelog\/resolucao-seplag-no-179-de-12-de-janeiro-de-2023\/#breadcrumb"},"inLanguage":"pt-BR","potentialAction":[{"@type":"ReadAction","target":["https:\/\/redelog.rj.gov.br\/redelog\/resolucao-seplag-no-179-de-12-de-janeiro-de-2023\/"]}]},{"@type":"BreadcrumbList","@id":"https:\/\/redelog.rj.gov.br\/redelog\/resolucao-seplag-no-179-de-12-de-janeiro-de-2023\/#breadcrumb","itemListElement":[{"@type":"ListItem","position":1,"name":"Home","item":"https:\/\/redelog.rj.gov.br\/redelog\/"},{"@type":"ListItem","position":2,"name":"RESOLU\u00c7\u00c3O SEPLAG N\u00ba 179, DE 12 DE JANEIRO DE 2023"}]},{"@type":"WebSite","@id":"https:\/\/redelog.rj.gov.br\/redelog\/#website","url":"https:\/\/redelog.rj.gov.br\/redelog\/","name":"Redelog","description":"Site da Rede de Log\u00edstica e Planejamento do Estado do Rio de Janeiro","publisher":{"@id":"https:\/\/redelog.rj.gov.br\/redelog\/#organization"},"potentialAction":[{"@type":"SearchAction","target":{"@type":"EntryPoint","urlTemplate":"https:\/\/redelog.rj.gov.br\/redelog\/?s={search_term_string}"},"query-input":{"@type":"PropertyValueSpecification","valueRequired":true,"valueName":"search_term_string"}}],"inLanguage":"pt-BR"},{"@type":"Organization","@id":"https:\/\/redelog.rj.gov.br\/redelog\/#organization","name":"REDELOG","url":"https:\/\/redelog.rj.gov.br\/redelog\/","logo":{"@type":"ImageObject","inLanguage":"pt-BR","@id":"https:\/\/redelog.rj.gov.br\/redelog\/#\/schema\/logo\/image\/","url":"http:\/\/10.10.8.100:8888\/redelog\/wp-content\/uploads\/2019\/09\/Redelog2.png","contentUrl":"http:\/\/10.10.8.100:8888\/redelog\/wp-content\/uploads\/2019\/09\/Redelog2.png","width":565,"height":155,"caption":"REDELOG"},"image":{"@id":"https:\/\/redelog.rj.gov.br\/redelog\/#\/schema\/logo\/image\/"}},{"@type":"Person","@id":"https:\/\/redelog.rj.gov.br\/redelog\/#\/schema\/person\/a80fe416b9778ee67954a79526756867","name":"Juliane Paz Vieira Lima","image":{"@type":"ImageObject","inLanguage":"pt-BR","@id":"https:\/\/redelog.rj.gov.br\/redelog\/#\/schema\/person\/image\/","url":"https:\/\/secure.gravatar.com\/avatar\/6d81cf8bb20fabd08d236dec1cc7b99d2da26d368e6642dc331f1413653da0a6?s=96&d=mm&r=g","contentUrl":"https:\/\/secure.gravatar.com\/avatar\/6d81cf8bb20fabd08d236dec1cc7b99d2da26d368e6642dc331f1413653da0a6?s=96&d=mm&r=g","caption":"Juliane Paz Vieira Lima"},"url":"https:\/\/redelog.rj.gov.br\/redelog\/author\/julianepaz\/"}]}},"_links":{"self":[{"href":"https:\/\/redelog.rj.gov.br\/redelog\/wp-json\/wp\/v2\/posts\/20165","targetHints":{"allow":["GET"]}}],"collection":[{"href":"https:\/\/redelog.rj.gov.br\/redelog\/wp-json\/wp\/v2\/posts"}],"about":[{"href":"https:\/\/redelog.rj.gov.br\/redelog\/wp-json\/wp\/v2\/types\/post"}],"author":[{"embeddable":true,"href":"https:\/\/redelog.rj.gov.br\/redelog\/wp-json\/wp\/v2\/users\/19"}],"replies":[{"embeddable":true,"href":"https:\/\/redelog.rj.gov.br\/redelog\/wp-json\/wp\/v2\/comments?post=20165"}],"version-history":[{"count":32,"href":"https:\/\/redelog.rj.gov.br\/redelog\/wp-json\/wp\/v2\/posts\/20165\/revisions"}],"predecessor-version":[{"id":26688,"href":"https:\/\/redelog.rj.gov.br\/redelog\/wp-json\/wp\/v2\/posts\/20165\/revisions\/26688"}],"wp:attachment":[{"href":"https:\/\/redelog.rj.gov.br\/redelog\/wp-json\/wp\/v2\/media?parent=20165"}],"wp:term":[{"taxonomy":"category","embeddable":true,"href":"https:\/\/redelog.rj.gov.br\/redelog\/wp-json\/wp\/v2\/categories?post=20165"},{"taxonomy":"post_tag","embeddable":true,"href":"https:\/\/redelog.rj.gov.br\/redelog\/wp-json\/wp\/v2\/tags?post=20165"}],"curies":[{"name":"wp","href":"https:\/\/api.w.org\/{rel}","templated":true}]}}