{"id":20148,"date":"2023-01-13T11:18:17","date_gmt":"2023-01-13T14:18:17","guid":{"rendered":"https:\/\/redelog.rj.gov.br\/redelog\/?p=20148"},"modified":"2023-11-28T10:31:20","modified_gmt":"2023-11-28T13:31:20","slug":"resolucao-seplag-no-180-de-12-de-janeiro-de-2023","status":"publish","type":"post","link":"https:\/\/redelog.rj.gov.br\/redelog\/resolucao-seplag-no-180-de-12-de-janeiro-de-2023\/","title":{"rendered":"RESOLU\u00c7\u00c3O SEPLAG N\u00ba 180, DE 12 DE JANEIRO DE 2023"},"content":{"rendered":"\t\t<div data-elementor-type=\"wp-post\" data-elementor-id=\"20148\" class=\"elementor elementor-20148\" data-elementor-post-type=\"post\">\n\t\t\t\t\t\t<section class=\"elementor-section elementor-top-section elementor-element elementor-element-54679bb elementor-section-boxed elementor-section-height-default elementor-section-height-default\" data-id=\"54679bb\" data-element_type=\"section\" data-settings=\"{&quot;jet_parallax_layout_list&quot;:[{&quot;jet_parallax_layout_image&quot;:{&quot;url&quot;:&quot;&quot;,&quot;id&quot;:&quot;&quot;,&quot;size&quot;:&quot;&quot;},&quot;_id&quot;:&quot;17d107f&quot;,&quot;jet_parallax_layout_image_tablet&quot;:{&quot;url&quot;:&quot;&quot;,&quot;id&quot;:&quot;&quot;,&quot;size&quot;:&quot;&quot;},&quot;jet_parallax_layout_image_mobile&quot;:{&quot;url&quot;:&quot;&quot;,&quot;id&quot;:&quot;&quot;,&quot;size&quot;:&quot;&quot;},&quot;jet_parallax_layout_speed&quot;:{&quot;unit&quot;:&quot;%&quot;,&quot;size&quot;:50,&quot;sizes&quot;:[]},&quot;jet_parallax_layout_type&quot;:&quot;scroll&quot;,&quot;jet_parallax_layout_direction&quot;:&quot;1&quot;,&quot;jet_parallax_layout_fx_direction&quot;:null,&quot;jet_parallax_layout_z_index&quot;:&quot;&quot;,&quot;jet_parallax_layout_bg_x&quot;:50,&quot;jet_parallax_layout_bg_x_tablet&quot;:&quot;&quot;,&quot;jet_parallax_layout_bg_x_mobile&quot;:&quot;&quot;,&quot;jet_parallax_layout_bg_y&quot;:50,&quot;jet_parallax_layout_bg_y_tablet&quot;:&quot;&quot;,&quot;jet_parallax_layout_bg_y_mobile&quot;:&quot;&quot;,&quot;jet_parallax_layout_bg_size&quot;:&quot;auto&quot;,&quot;jet_parallax_layout_bg_size_tablet&quot;:&quot;&quot;,&quot;jet_parallax_layout_bg_size_mobile&quot;:&quot;&quot;,&quot;jet_parallax_layout_animation_prop&quot;:&quot;transform&quot;,&quot;jet_parallax_layout_on&quot;:[&quot;desktop&quot;,&quot;tablet&quot;]}]}\">\n\t\t\t\t\t\t<div class=\"elementor-container elementor-column-gap-default\">\n\t\t\t\t\t<div class=\"elementor-column elementor-col-100 elementor-top-column elementor-element elementor-element-abe6abd\" data-id=\"abe6abd\" data-element_type=\"column\">\n\t\t\t<div class=\"elementor-widget-wrap elementor-element-populated\">\n\t\t\t\t\t\t<section class=\"elementor-section elementor-inner-section elementor-element elementor-element-e54ab34 elementor-section-boxed elementor-section-height-default elementor-section-height-default\" data-id=\"e54ab34\" data-element_type=\"section\" data-settings=\"{&quot;jet_parallax_layout_list&quot;:[{&quot;jet_parallax_layout_image&quot;:{&quot;url&quot;:&quot;&quot;,&quot;id&quot;:&quot;&quot;,&quot;size&quot;:&quot;&quot;},&quot;_id&quot;:&quot;b8c0cc7&quot;,&quot;jet_parallax_layout_image_tablet&quot;:{&quot;url&quot;:&quot;&quot;,&quot;id&quot;:&quot;&quot;,&quot;size&quot;:&quot;&quot;},&quot;jet_parallax_layout_image_mobile&quot;:{&quot;url&quot;:&quot;&quot;,&quot;id&quot;:&quot;&quot;,&quot;size&quot;:&quot;&quot;},&quot;jet_parallax_layout_speed&quot;:{&quot;unit&quot;:&quot;%&quot;,&quot;size&quot;:50,&quot;sizes&quot;:[]},&quot;jet_parallax_layout_type&quot;:&quot;scroll&quot;,&quot;jet_parallax_layout_direction&quot;:&quot;1&quot;,&quot;jet_parallax_layout_fx_direction&quot;:null,&quot;jet_parallax_layout_z_index&quot;:&quot;&quot;,&quot;jet_parallax_layout_bg_x&quot;:50,&quot;jet_parallax_layout_bg_x_tablet&quot;:&quot;&quot;,&quot;jet_parallax_layout_bg_x_mobile&quot;:&quot;&quot;,&quot;jet_parallax_layout_bg_y&quot;:50,&quot;jet_parallax_layout_bg_y_tablet&quot;:&quot;&quot;,&quot;jet_parallax_layout_bg_y_mobile&quot;:&quot;&quot;,&quot;jet_parallax_layout_bg_size&quot;:&quot;auto&quot;,&quot;jet_parallax_layout_bg_size_tablet&quot;:&quot;&quot;,&quot;jet_parallax_layout_bg_size_mobile&quot;:&quot;&quot;,&quot;jet_parallax_layout_animation_prop&quot;:&quot;transform&quot;,&quot;jet_parallax_layout_on&quot;:[&quot;desktop&quot;,&quot;tablet&quot;]}]}\">\n\t\t\t\t\t\t<div class=\"elementor-container elementor-column-gap-default\">\n\t\t\t\t\t<div class=\"elementor-column elementor-col-50 elementor-inner-column elementor-element elementor-element-265154f\" data-id=\"265154f\" data-element_type=\"column\">\n\t\t\t<div class=\"elementor-widget-wrap\">\n\t\t\t\t\t\t\t<\/div>\n\t\t<\/div>\n\t\t\t\t<div class=\"elementor-column elementor-col-50 elementor-inner-column elementor-element elementor-element-5f9f038\" data-id=\"5f9f038\" data-element_type=\"column\">\n\t\t\t<div class=\"elementor-widget-wrap elementor-element-populated\">\n\t\t\t\t\t\t<div class=\"elementor-element elementor-element-c6fae6f elementor-widget elementor-widget-text-editor\" data-id=\"c6fae6f\" data-element_type=\"widget\" data-widget_type=\"text-editor.default\">\n\t\t\t\t\t\t\t\t\t<p style=\"text-align: justify;\"><del><b>REGULAMENTA AS HIP\u00d3TESES DE DISPENSA DE LICITA\u00c7\u00c3O, INCLUSIVE NA FORMA ELETR\u00d4NICA, E DE INEXIGIBILIDADE DE QUE TRATA A LEI N\u00ba 14.133, DE 1\u00ba DE ABRIL DE 2021, E DISP\u00d5E SOBRE A OBRIGATORIEDADE DA SUA REALIZA\u00c7\u00c3O PELO SISTEMA DE CONTRATA\u00c7\u00d5ES P\u00daBLICAS DO GOVERNO FEDERAL &#8211; COMPRAS.GOV.BR, NO \u00c2MBITO DA ADMINISTRA\u00c7\u00c3O P\u00daBLICA ESTADUAL DIRETA, AUT\u00c1RQUICA E FUNDACIONAL.<\/b><\/del><\/p>\t\t\t\t\t\t\t\t<\/div>\n\t\t\t\t\t<\/div>\n\t\t<\/div>\n\t\t\t\t\t<\/div>\n\t\t<\/section>\n\t\t\t\t\t<\/div>\n\t\t<\/div>\n\t\t\t\t\t<\/div>\n\t\t<\/section>\n\t\t\t\t<section class=\"elementor-section elementor-top-section elementor-element elementor-element-c85a434 elementor-section-boxed elementor-section-height-default elementor-section-height-default\" data-id=\"c85a434\" data-element_type=\"section\" data-settings=\"{&quot;jet_parallax_layout_list&quot;:[{&quot;jet_parallax_layout_image&quot;:{&quot;url&quot;:&quot;&quot;,&quot;id&quot;:&quot;&quot;,&quot;size&quot;:&quot;&quot;},&quot;_id&quot;:&quot;e6bbb1d&quot;,&quot;jet_parallax_layout_image_tablet&quot;:{&quot;url&quot;:&quot;&quot;,&quot;id&quot;:&quot;&quot;,&quot;size&quot;:&quot;&quot;},&quot;jet_parallax_layout_image_mobile&quot;:{&quot;url&quot;:&quot;&quot;,&quot;id&quot;:&quot;&quot;,&quot;size&quot;:&quot;&quot;},&quot;jet_parallax_layout_speed&quot;:{&quot;unit&quot;:&quot;%&quot;,&quot;size&quot;:50,&quot;sizes&quot;:[]},&quot;jet_parallax_layout_type&quot;:&quot;scroll&quot;,&quot;jet_parallax_layout_direction&quot;:&quot;1&quot;,&quot;jet_parallax_layout_fx_direction&quot;:null,&quot;jet_parallax_layout_z_index&quot;:&quot;&quot;,&quot;jet_parallax_layout_bg_x&quot;:50,&quot;jet_parallax_layout_bg_x_tablet&quot;:&quot;&quot;,&quot;jet_parallax_layout_bg_x_mobile&quot;:&quot;&quot;,&quot;jet_parallax_layout_bg_y&quot;:50,&quot;jet_parallax_layout_bg_y_tablet&quot;:&quot;&quot;,&quot;jet_parallax_layout_bg_y_mobile&quot;:&quot;&quot;,&quot;jet_parallax_layout_bg_size&quot;:&quot;auto&quot;,&quot;jet_parallax_layout_bg_size_tablet&quot;:&quot;&quot;,&quot;jet_parallax_layout_bg_size_mobile&quot;:&quot;&quot;,&quot;jet_parallax_layout_animation_prop&quot;:&quot;transform&quot;,&quot;jet_parallax_layout_on&quot;:[&quot;desktop&quot;,&quot;tablet&quot;]}]}\">\n\t\t\t\t\t\t<div class=\"elementor-container elementor-column-gap-default\">\n\t\t\t\t\t<div class=\"elementor-column elementor-col-100 elementor-top-column elementor-element elementor-element-48728cc\" data-id=\"48728cc\" data-element_type=\"column\">\n\t\t\t<div class=\"elementor-widget-wrap elementor-element-populated\">\n\t\t\t\t\t\t<div class=\"elementor-element elementor-element-29385b0 elementor-widget elementor-widget-text-editor\" data-id=\"29385b0\" data-element_type=\"widget\" data-widget_type=\"text-editor.default\">\n\t\t\t\t\t\t\t\t\t<p class=\"Texto_Justificado_Recuo_Primeira_Linha\"><del>O\u00a0<strong>SECRET\u00c1RIO DE ESTADO DE PLANEJAMENTO E GEST\u00c3O<\/strong>, no uso de suas atribui\u00e7\u00f5es constitucionais e legais, tendo em vista o Decreto n\u00ba 47.680, de 12 de julho de 2021, o disposto nos artigos 72 a 75 da Lei n\u00ba 14.133, de 1\u00ba de abril de 2021, e consoante os termos do Processo Administrativo n\u00ba SEI-120001\/013732\/2021,<\/del><\/p><p class=\"Texto_Justificado_Recuo_Primeira_Linha\"><del><strong>\u00a0CONSIDERANDO:<\/strong><\/del><\/p><p class=\"Texto_Justificado_Recuo_Primeira_Linha\"><del>&#8211; a necessidade de regulamenta\u00e7\u00e3o, no \u00e2mbito do Poder Executivo do Estado do Rio de Janeiro, do disposto nos artigos 72 a 75 da Lei n\u00ba 14.133, de 1\u00ba de abril de 2021;\u00a0<\/del><\/p><p class=\"Texto_Justificado_Recuo_Primeira_Linha\"><del>\u00a0&#8211; o Decreto Estadual n\u00ba 47.680, de 12 de julho de 2021, que regulamenta o per\u00edodo de transi\u00e7\u00e3o das normas gerais de licita\u00e7\u00f5es e contratos, formaliza o in\u00edcio do procedimento de ades\u00e3o, pelo Estado do Rio de Janeiro, ao Comprasnet\/SIASG do Governo Federal, agora denominado Compras.gov.br.;<\/del><\/p><p class=\"Texto_Justificado_Recuo_Primeira_Linha\"><del>&#8211; que compete ao \u00d3rg\u00e3o Central do Sistema Log\u00edstico a normatiza\u00e7\u00e3o das atividades inerentes \u00e0s Fun\u00e7\u00f5es Log\u00edsticas de Suprimentos, nos termos do inciso I e par\u00e1grafo \u00fanico, do artigo 5\u00ba, do Decreto n.\u00ba 42.092, de 27 de outubro de 2009.<\/del><\/p><p class=\"Texto_Justificado_Recuo_Primeira_Linha\"><del><strong>RESOLVE:<\/strong><\/del><\/p><p class=\"Texto_Centralizado\" style=\"text-align: center;\"><del><strong>CAP\u00cdTULO I<\/strong><\/del><\/p><p class=\"Texto_Centralizado\" style=\"text-align: center;\"><del><strong>DAS DISPOSI\u00c7\u00d5ES PRELIMINARES<\/strong><\/del><\/p><p class=\"Texto_Centralizado\" style=\"text-align: center;\"><del><strong>Se\u00e7\u00e3o I<\/strong><\/del><\/p><p class=\"Texto_Centralizado\" style=\"text-align: center;\"><del><strong>Do Objeto e do \u00c2mbito de Aplica\u00e7\u00e3o<\/strong><\/del><\/p><p class=\"Texto_Justificado_Recuo_Primeira_Linha\"><del><strong>Art. 1\u00ba &#8211;<\/strong>\u00a0Esta Resolu\u00e7\u00e3o disp\u00f5e sobre a Contrata\u00e7\u00e3o Direta prevista nos artigos 72 a 75 da Lei n\u00ba 14.133, de 1\u00ba de abril de 2021, compreendendo os casos de dispensa de licita\u00e7\u00e3o, inclusive na forma eletr\u00f4nica, e de inexigibilidade, bem como disp\u00f5e acerca da obrigatoriedade da sua realiza\u00e7\u00e3o atrav\u00e9s do sistema de contrata\u00e7\u00f5es p\u00fablicas do governo federal &#8211; Compras.gov.br, no \u00e2mbito da Administra\u00e7\u00e3o P\u00fablica estadual direta, aut\u00e1rquica e fundacional.<\/del><\/p><p class=\"Texto_Justificado_Recuo_Primeira_Linha\"><del><strong>\u00a71\u00ba<\/strong>\u00a0&#8211; As contrata\u00e7\u00f5es realizadas por empresas estatais dever\u00e3o observar a Lei n\u00b0 13.303, de 30 de junho de 2016, e os respectivos regulamentos internos de licita\u00e7\u00f5es e contratos.<\/del><\/p><p class=\"Texto_Justificado_Recuo_Primeira_Linha\"><del><strong>\u00a72\u00ba<\/strong>\u00a0&#8211; Quando a contrata\u00e7\u00e3o envolver total ou parcialmente recursos da Uni\u00e3o, decorrentes de transfer\u00eancias volunt\u00e1rias para \u00d3rg\u00e3os ou Entidades estaduais, dever\u00e3o ser observadas as normas previstas no instrumento de transfer\u00eancia e, nos casos omissos, nas normas do ente federal concedente.<\/del><\/p><p class=\"Tabela_Texto_Centralizado\" style=\"text-align: center;\"><del><strong>Se\u00e7\u00e3o II<\/strong><\/del><\/p><p class=\"Tabela_Texto_Centralizado\" style=\"text-align: center;\"><del><strong>Das Defini\u00e7\u00f5es<\/strong><\/del><\/p><p class=\"Texto_Justificado_Recuo_Primeira_Linha\"><del><strong>Art. 2\u00ba &#8211;\u00a0<\/strong>Para fins do disposto nesta Resolu\u00e7\u00e3o, consideram-se:<\/del><\/p><p class=\"Texto_Justificado_Recuo_Primeira_Linha\"><del><strong>I<\/strong>\u00a0&#8211;\u00a0<strong>Contrata\u00e7\u00e3o Direta:<\/strong>\u00a0hip\u00f3tese de contrata\u00e7\u00e3o decorrente de dispensa ou de inexigibilidade de licita\u00e7\u00e3o<strong>;<\/strong><\/del><\/p><p class=\"Texto_Justificado_Recuo_Primeira_Linha\"><del><strong>II<\/strong>\u00a0&#8211;\u00a0<strong>Dispensa de Licita\u00e7\u00e3o<\/strong>: contrata\u00e7\u00e3o de obras, bens e servi\u00e7os, inclusive de engenharia, sem pr\u00e9via licita\u00e7\u00e3o, nas hip\u00f3teses autorizadas pelo art. 75 da Lei n\u00ba 14.133\/2021;<\/del><\/p><p class=\"Texto_Justificado_Recuo_Primeira_Linha\"><del><strong>III<\/strong>\u00a0&#8211;\u00a0<strong>Inexigibilidade de Licita\u00e7\u00e3o<\/strong>: contrata\u00e7\u00e3o de bens e servi\u00e7os quando for invi\u00e1vel a competi\u00e7\u00e3o, nos termos exemplificativamente relacionados pelo art. 74 da Lei n\u00ba 14.133\/2021;<\/del><\/p><p class=\"Texto_Justificado_Recuo_Primeira_Linha\"><del><strong>IV<\/strong>\u00a0&#8211;\u00a0<strong>Dispensa Eletr\u00f4nica de Licita\u00e7\u00e3o<\/strong>: procedimento especial a que se refere o art. 75, \u00a7 3\u00ba, da Lei n\u00ba 14.133\/2021, e que tem por objetivo ampliar a competitividade nas contra\u00e7\u00f5es por dispensa de licita\u00e7\u00e3o, mediante o recebimento de propostas adicionais pelos interessados, por meio de lances, cuja proposta ser\u00e1 selecionada, obrigatoriamente, pelos crit\u00e9rios de julgamento \u201cMenor pre\u00e7o\u201d ou \u201cMaior Desconto\u201d;<\/del><\/p><p class=\"Texto_Justificado_Recuo_Primeira_Linha\"><del><strong>V &#8211;<\/strong>\u00a0<strong>Sistema de Dispensa Eletr\u00f4nica<\/strong>\u00a0&#8211; ferramenta informatizada integrante do Sistema de Compras do Governo Federal \u2013 Compras.gov.br, disponibilizada pela Secretaria de Gest\u00e3o da Secretaria Especial de Desburocratiza\u00e7\u00e3o, Gest\u00e3o e Governo Digital do Minist\u00e9rio da Economia, para a realiza\u00e7\u00e3o dos procedimentos de contrata\u00e7\u00e3o direta de obras, bens e servi\u00e7os, inclu\u00eddos os servi\u00e7os de engenharia, e regulamentado pela IN n\u00ba 67\/2021;<\/del><\/p><p class=\"Texto_Justificado_Recuo_Primeira_Linha\"><del><strong>VI &#8211; Aviso de Dispensa Eletr\u00f4nica<\/strong>\u00a0&#8211; aviso de in\u00edcio da fase externa do procedimento de dispensa de licita\u00e7\u00e3o, na forma eletr\u00f4nica, que ser\u00e1 divulgado no Portal Compras.gov.br e no Portal Nacional de Contrata\u00e7\u00f5es P\u00fablicas &#8211; PNCP, e encaminhado automaticamente aos fornecedores registrados no Sistema de Registro Cadastral Unificado &#8211; SICAF, por mensagem eletr\u00f4nica, na correspondente linha de fornecimento que pretende atender;<\/del><\/p><p class=\"Texto_Justificado_Recuo_Primeira_Linha\"><del><strong>VII<\/strong>\u00a0&#8211;\u00a0<strong>Portal de Compras do Governo Federal (Compras.gov.br):\u00a0<\/strong>s\u00edtio eletr\u00f4nico oficial do governo federal, para acesso aos diversos sistemas, permitindo a operacionaliza\u00e7\u00e3o e realiza\u00e7\u00e3o dos procedimentos de contrata\u00e7\u00f5es p\u00fablicas do governo federal;<\/del><\/p><p class=\"Texto_Justificado_Recuo_Primeira_Linha\"><del><strong>VIII<\/strong>\u00a0&#8211;\u00a0<strong>Portal Nacional de Contrata\u00e7\u00f5es P\u00fablicas \u2013 PNCP<\/strong>: s\u00edtio eletr\u00f4nico oficial, disponibilizado pelo governo federal, destinado \u00e0 divulga\u00e7\u00e3o centralizada e obrigat\u00f3ria dos atos exigidos em sede de licita\u00e7\u00f5es e contratos administrativos abarcados pela Lei n\u00ba 14.133\/2021;<\/del><\/p><p class=\"Texto_Justificado_Recuo_Primeira_Linha\"><del><strong>IX &#8211; Portal de Compras do Estado do Rio de Janeiro<\/strong>: s\u00edtio eletr\u00f4nico oficial disponibilizado pelo governo estadual, que estabelece um canal de comunica\u00e7\u00e3o entre o Estado, os fornecedores e a sociedade, destinado ao fornecimento de informa\u00e7\u00f5es e maior transpar\u00eancia ao p\u00fablico sobre dados de contrata\u00e7\u00f5es p\u00fablicas de toda a administra\u00e7\u00e3o estadual;<\/del><\/p><p class=\"Texto_Justificado_Recuo_Primeira_Linha\"><del><strong>X &#8211; Portal da Rede Log\u00edstica &#8211; Redelog<\/strong>: canal de integra\u00e7\u00e3o e comunica\u00e7\u00e3o entre os servidores que desempenham fun\u00e7\u00f5es log\u00edsticas no Poder Executivo do Estado do Rio de Janeiro, com intuito de estimular a troca de informa\u00e7\u00f5es e efetuar a capacita\u00e7\u00e3o dos servidores;<\/del><\/p><p class=\"Texto_Justificado_Recuo_Primeira_Linha\"><del><strong>XI<\/strong>\u00a0&#8211;\u00a0<strong>Sistema Contratos.RJ<\/strong>: ferramenta informatizada disponibilizada pelo \u00d3rg\u00e3o Central do Sistema Log\u00edstico, para o lan\u00e7amento e a integra\u00e7\u00e3o das informa\u00e7\u00f5es das contrata\u00e7\u00f5es efetuadas pelo Compras.gov.br para o SIAFE-Rio e o Portal Nacional de Contrata\u00e7\u00f5es P\u00fablica \u2013 PNCP;<\/del><\/p><p class=\"Texto_Justificado_Recuo_Primeira_Linha\"><del><strong>XII<\/strong>\u00a0&#8211;\u00a0<strong>Sistema Integrado de Gest\u00e3o Or\u00e7ament\u00e1ria, Financeira e Cont\u00e1bil do Rio de Janeiro \u2013 SIAFE-Rio<\/strong>: ferramenta utilizada para registro, acompanhamento e controle da execu\u00e7\u00e3o or\u00e7ament\u00e1ria, financeira e patrimonial do Governo do Estado do Rio de Janeiro.<\/del><\/p><p class=\"Texto_Centralizado\" style=\"text-align: center;\"><del><strong>CAP\u00cdTULO II<\/strong><\/del><\/p><p class=\"Texto_Centralizado\" style=\"text-align: center;\"><del><strong>DA CONTRATA\u00c7\u00c3O DIRETA\u00a0<\/strong><\/del><\/p><p class=\"Texto_Centralizado\" style=\"text-align: center;\"><del><strong>Se\u00e7\u00e3o I\u00a0<\/strong><\/del><\/p><p class=\"Texto_Centralizado\" style=\"text-align: center;\"><del><strong>Do Processo de Contrata\u00e7\u00e3o Direta\u00a0<\/strong><\/del><\/p><p class=\"Texto_Justificado_Recuo_Primeira_Linha\"><del><strong>Art. 3\u00ba &#8211;<\/strong>\u00a0O processo de contrata\u00e7\u00e3o direta, que compreende os casos de dispensa e de inexigibilidade de licita\u00e7\u00e3o, deve ser instru\u00eddo com os seguintes documentos e\/ou informa\u00e7\u00f5es, preferencialmente nessa ordem:<\/del><\/p><p class=\"Texto_Justificado_Recuo_Primeira_Linha\"><del><strong>I<\/strong>\u00a0&#8211; formaliza\u00e7\u00e3o da demanda e justificativa fundamentada para a contrata\u00e7\u00e3o pela dispensa ou inexigibilidade de licita\u00e7\u00e3o, informando o dispositivo legal no qual o caso espec\u00edfico se enquadra;<\/del><\/p><p class=\"Texto_Justificado_Recuo_Primeira_Linha\"><del><strong>II<\/strong> &#8211; comprova\u00e7\u00e3o de inclus\u00e3o da demanda no Plano de Contrata\u00e7\u00f5es Anual do \u00f3rg\u00e3o ou entidade, quando aplic\u00e1vel;<\/del><\/p><p class=\"Texto_Justificado_Recuo_Primeira_Linha\"><del><strong>III<\/strong>\u00a0&#8211; estudo t\u00e9cnico preliminar &#8211; ETP, quando aplic\u00e1vel;<\/del><\/p><p class=\"Texto_Justificado_Recuo_Primeira_Linha\"><del><strong>IV<\/strong>\u00a0&#8211; termo de refer\u00eancia \u2013 TR, projeto b\u00e1sico \u2013 PB ou projeto executivo, conforme o caso;<\/del><\/p><p class=\"Texto_Justificado_Recuo_Primeira_Linha\"><del><strong>V<\/strong>\u00a0&#8211; mapa de riscos, a que se refere o art. 18, X da Lei n\u00ba 14.133\/2021, quando aplic\u00e1vel;<\/del><\/p><p class=\"Texto_Justificado_Recuo_Primeira_Linha\"><del><strong>VI<\/strong>\u00a0&#8211; valor estimado para a contrata\u00e7\u00e3o, nos termos da regulamenta\u00e7\u00e3o estadual espec\u00edfica;<\/del><\/p><p class=\"Texto_Justificado_Recuo_Primeira_Linha\"><del><strong>VII<\/strong>\u00a0&#8211; compatibilidade da previs\u00e3o de recursos or\u00e7ament\u00e1rios com o compromisso a ser assumido;<\/del><\/p><p class=\"Texto_Justificado_Recuo_Primeira_Linha\"><del><strong>VIII \u2013\u00a0<\/strong>justificativa para n\u00e3o ado\u00e7\u00e3o do procedimento da dispensa eletr\u00f4nica, com disputa, nos moldes previstos pelos \u00a71\u00ba e \u00a72\u00ba, do art. 8\u00ba desta Resolu\u00e7\u00e3o, quando cab\u00edvel;<\/del><\/p><p class=\"Texto_Justificado_Recuo_Primeira_Linha\"><del><strong>IX<\/strong>\u00a0&#8211; Aviso de Dispensa Eletr\u00f4nica, de que trata o inciso VI do art. 2\u00ba desta Resolu\u00e7\u00e3o, na hip\u00f3tese de a contrata\u00e7\u00e3o ser formalizada por dispensa de licita\u00e7\u00e3o, na forma eletr\u00f4nica, com disputa, nos moldes previstos art. 8\u00ba desta Resolu\u00e7\u00e3o, quando cab\u00edvel;<\/del><\/p><p class=\"Texto_Justificado_Recuo_Primeira_Linha\"><del><strong>X<\/strong>\u00a0&#8211; Indica\u00e7\u00e3o dos prazos de validade das propostas, que ser\u00e3o de no m\u00ednimo 60 (sessenta) dias, salvo se houver justificativa para prazo diverso;<\/del><\/p><p class=\"Texto_Justificado_Recuo_Primeira_Linha\"><del><strong>XI<\/strong>\u00a0&#8211; minuta de contrato, sendo substitu\u00eddo pela nota de empenho nas hip\u00f3teses de contrata\u00e7\u00f5es por dispensa de licita\u00e7\u00e3o em raz\u00e3o de valor e nas compras com entrega imediata e integral dos bens adquiridos e das quais n\u00e3o resultem obriga\u00e7\u00f5es futuras, inclusive quanto a assist\u00eancia t\u00e9cnica, independentemente de seu valor;<\/del><\/p><p class=\"Texto_Justificado_Recuo_Primeira_Linha\"><del><strong>XII<\/strong>\u00a0&#8211; checklist, quando houver sido aprovado por ato pr\u00f3prio do Procurador-Geral do Estado, com as condi\u00e7\u00f5es devidamente atestadas e assinado pelos respons\u00e1veis pela condu\u00e7\u00e3o do procedimento;<\/del><\/p><p class=\"Texto_Justificado_Recuo_Primeira_Linha\"><del><strong>XIII<\/strong>\u00a0&#8211; justificativa de pre\u00e7o e raz\u00e3o de escolha do contratado, excepcionada esta \u00faltima na hip\u00f3tese da contrata\u00e7\u00e3o a ser formalizada pelo sistema de dispensa eletr\u00f4nica;<\/del><\/p><p class=\"Texto_Justificado_Recuo_Primeira_Linha\"><del><strong>XIV<\/strong>\u00a0&#8211; comprova\u00e7\u00e3o de que o contratado preenche os requisitos de habilita\u00e7\u00e3o e qualifica\u00e7\u00e3o m\u00ednima necess\u00e1ria;<\/del><\/p><p class=\"Texto_Justificado_Recuo_Primeira_Linha\"><del><strong>XV<\/strong>\u00a0&#8211; consulta pr\u00e9via acerca da inexist\u00eancia de san\u00e7\u00e3o que impe\u00e7a a participa\u00e7\u00e3o no processo de contrata\u00e7\u00e3o direta ou a futura contrata\u00e7\u00e3o, mediante a consulta aos seguintes cadastros:\u00a0<\/del><\/p><p class=\"Texto_Justificado_Recuo_Primeira_Linha\"><del><strong>a)<\/strong>\u00a0SICAF;<\/del><\/p><p class=\"Texto_Justificado_Recuo_Primeira_Linha\"><del><strong>b)<\/strong>\u00a0Cadastro Nacional de Empresas Inid\u00f4neas e Suspensas (Ceis);<\/del><\/p><p class=\"Texto_Justificado_Recuo_Primeira_Linha\"><del><strong>c)<\/strong>\u00a0Cadastro Nacional de Empresas Punidas (Cnep);<\/del><\/p><p class=\"Texto_Justificado_Recuo_Primeira_Linha\"><del><strong>d)<\/strong>\u00a0Cadastro Nacional de Condena\u00e7\u00f5es C\u00edveis por Atos de Improbidade Administrativa, mantido pelo Conselho Nacional de Justi\u00e7a;<\/del><\/p><p class=\"Texto_Justificado_Recuo_Primeira_Linha\"><del><strong>e)<\/strong>\u00a0Lista de Inid\u00f4neos mantida pelo Tribunal de Contas da Uni\u00e3o \u2013 TCU.\u00a0<\/del><\/p><p class=\"Texto_Justificado_Recuo_Primeira_Linha\"><del><strong>XVI<\/strong>\u00a0&#8211; parecer jur\u00eddico, ressalvadas as hip\u00f3teses previamente definidas por ato do Procurador Geral do Estado do Rio de Janeiro, nos termos do \u00a75\u00ba, do art. 53 da Lei n\u00ba 14.133\/2021; e\u00a0<\/del><\/p><p class=\"Texto_Justificado_Recuo_Primeira_Linha\"><del><strong>XVII<\/strong>\u00a0&#8211; autoriza\u00e7\u00e3o da contrata\u00e7\u00e3o pela autoridade m\u00e1xima do \u00f3rg\u00e3o ou entidade p\u00fablica estadual, observadas as delega\u00e7\u00f5es eventualmente existentes.<\/del><\/p><p class=\"Texto_Justificado_Recuo_Primeira_Linha\"><del><strong>\u00a71\u00ba<\/strong>\u00a0&#8211; Na hip\u00f3tese de contrata\u00e7\u00e3o direta prevista no inciso VIII do caput do art. 75 da Lei n\u00ba 14.133\/2021, a justificativa a que se refere o inciso I do caput do presente artigo dever\u00e1 ser acrescida dos elementos que caracterizam a situa\u00e7\u00e3o emergencial ou calamitosa e da justificativa da autoridade m\u00e1xima do \u00f3rg\u00e3o ou entidade acerca das raz\u00f5es pelas quais n\u00e3o foi poss\u00edvel concluir o devido processo licitat\u00f3rio, quando aplic\u00e1vel.<\/del><\/p><p class=\"Texto_Justificado_Recuo_Primeira_Linha\"><del><strong>\u00a72\u00ba<\/strong> &#8211; Para os fins do inciso XIV do caput do presente artigo, somente ser\u00e1 exigida das pessoas jur\u00eddicas a comprova\u00e7\u00e3o relativa \u00e0 regularidade fiscal estadual, \u00e0 Seguridade Social e ao FGTS e a regularidade perante a Justi\u00e7a do Trabalho e, das pessoas f\u00edsicas, a quita\u00e7\u00e3o com a Fazenda Estadual, conforme disp\u00f5e o art. 68 da Lei n\u00ba 14.133\/2021, nas contrata\u00e7\u00f5es:\u00a0<\/del><\/p><p class=\"Texto_Justificado_Recuo_Primeira_Linha\"><del><strong>I<\/strong>\u00a0&#8211; para entrega imediata, considerada aquela com prazo de entrega de at\u00e9 30 (trinta) dias da ordem de fornecimento;<\/del><\/p><p class=\"Texto_Justificado_Recuo_Primeira_Linha\"><del><strong>II<\/strong>\u00a0&#8211; com valor inferior a 1\/4 (um quarto) do limite a que se refere o art. 75, II da Lei n\u00ba 14.133\/2021; e<\/del><\/p><p class=\"Texto_Justificado_Recuo_Primeira_Linha\"><del><strong>III<\/strong>\u00a0&#8211; de produto para pesquisa e desenvolvimento, at\u00e9 o valor de R$ 300.000,00 (trezentos mil reais).<\/del><\/p><p class=\"Texto_Justificado_Recuo_Primeira_Linha\"><del><strong>\u00a73\u00ba<\/strong>\u00a0&#8211; O aviso de dispensa eletr\u00f4nica, a autoriza\u00e7\u00e3o da autoridade m\u00e1xima do \u00f3rg\u00e3o ou entidade e contrato dever\u00e3o ser divulgados e mantidos \u00e0 disposi\u00e7\u00e3o do p\u00fablico no Portal Nacional de Contrata\u00e7\u00f5es P\u00fablicas (PNCP) e no Portal de Compras do Estado do Rio de Janeiro.<\/del><\/p><p class=\"Texto_Justificado_Recuo_Primeira_Linha\"><del><strong>\u00a74\u00ba<\/strong>\u00a0&#8211; Previamente \u00e0 assinatura do contrato ou \u00e0 emiss\u00e3o da Nota de Empenho, dever\u00e1 ser verificada a regularidade fiscal do contratado, bem como ser consultado o Cadastro Nacional de Empresas Inid\u00f4neas e Suspensas (Ceis) e o Cadastro Nacional de Empresas Punidas (Cnep), emitir as certid\u00f5es negativas de inidoneidade, de impedimento e de d\u00e9bitos trabalhistas e junt\u00e1-las ao respectivo processo, nos termos no \u00a7 4\u00ba, do art. 91, da Lei n\u00ba 14.133\/21.<\/del><\/p><p class=\"Texto_Justificado_Recuo_Primeira_Linha\"><del><strong>Art. 4\u00ba &#8211;\u00a0<\/strong>O cadastramento do fornecedor no Sistema de Cadastramento Unificado de Fornecedores \u2013 SICAF, do Governo Federal, \u00e9 obrigat\u00f3rio para o procedimento previsto nesta Resolu\u00e7\u00e3o.<\/del><\/p><p class=\"Texto_Justificado_Recuo_Primeira_Linha\"><del><strong>Art. 5\u00ba<\/strong>\u00a0&#8211; Os avisos de dispensa eletr\u00f4nica e as minutas do contrato dever\u00e3o ser elaborados com observ\u00e2ncia obrigat\u00f3ria dos modelos padronizados pela Procuradoria Geral do Estado &#8211; PGE, sempre que houver.<\/del><\/p><p class=\"Texto_Justificado_Recuo_Primeira_Linha\"><del><strong>Par\u00e1grafo \u00fanico<\/strong>\u00a0&#8211; A instru\u00e7\u00e3o do procedimento de contrata\u00e7\u00e3o direta, mesmo nas hip\u00f3teses de dispensa eletr\u00f4nica de licita\u00e7\u00e3o, ser\u00e1 realizada por meio do Sistema Eletr\u00f4nico de Informa\u00e7\u00f5es &#8211; SEI, considerando-se v\u00e1lidos para todos os efeitos jur\u00eddicos os atos e os documentos constantes dos arquivos e registros digitais de que trata esta Resolu\u00e7\u00e3o.<\/del><\/p><p class=\"Texto_Centralizado\" style=\"text-align: center;\"><del><strong>CAP\u00cdTULO III<\/strong><\/del><\/p><p class=\"Texto_Centralizado\" style=\"text-align: center;\"><del><strong>DA DISPENSA DE LICITA\u00c7\u00c3O<\/strong><\/del><\/p><p class=\"Texto_Centralizado\" style=\"text-align: center;\"><del><strong>Se\u00e7\u00e3o I<\/strong><\/del><\/p><p class=\"Texto_Centralizado\" style=\"text-align: center;\"><del><strong>Das Hip\u00f3teses de Dispensa de Licita\u00e7\u00e3o<\/strong><\/del><\/p><p class=\"Texto_Justificado_Recuo_Primeira_Linha\"><del><strong>Art. 6\u00ba &#8211;<\/strong>\u00a0A licita\u00e7\u00e3o \u00e9 dispens\u00e1vel nas hip\u00f3teses previstas no caput do art. 75 da Lei n\u00ba 14.133\/2021, em especial nas contrata\u00e7\u00f5es:<\/del><\/p><p class=\"Texto_Justificado_Recuo_Primeira_Linha\"><del><strong>I<\/strong>\u00a0&#8211; de obras e servi\u00e7os de engenharia ou de servi\u00e7os de manuten\u00e7\u00e3o de ve\u00edculos automotores, no limite do disposto no inciso I do caput do art. 75 da Lei n\u00ba 14.133\/2021, atualizados anualmente conforme o art. 182 do mesmo diploma legal;<\/del><\/p><p class=\"Texto_Justificado_Recuo_Primeira_Linha\"><del><strong>II<\/strong>\u00a0&#8211; de bens e servi\u00e7os, no limite do disposto no inciso II do caput do art. 75 da Lei n\u00ba 14.133\/2021, atualizados anualmente conforme o art. 182 do mesmo diploma legal; e<\/del><\/p><p class=\"Texto_Justificado_Recuo_Primeira_Linha\"><del><strong>III<\/strong>\u00a0&#8211; de bens, obras e servi\u00e7os, inclusive de engenharia, nos casos de emerg\u00eancia ou de calamidade p\u00fablica, e somente para aquisi\u00e7\u00e3o dos bens necess\u00e1rios ao atendimento da situa\u00e7\u00e3o emergencial ou calamitosa e para as parcelas de obras e servi\u00e7os que possam ser conclu\u00eddas no prazo m\u00e1ximo de 1 (um) ano, contado da data de ocorr\u00eancia da emerg\u00eancia ou da calamidade, vedadas a prorroga\u00e7\u00e3o dos respectivos contratos e a recontrata\u00e7\u00e3o de empresa j\u00e1 contratada, nos termos do inciso VIII, do artigo 75 da Lei n\u00ba 14.133\/2021;<\/del><\/p><p class=\"Texto_Justificado_Recuo_Primeira_Linha\"><del><strong>IV<\/strong>\u00a0&#8211; de bens, obras e servi\u00e7os, inclusive de engenharia, necess\u00e1rios para atividade de pesquisa cient\u00edfica e tecnol\u00f3gica, desenvolvimento de tecnologia ou inova\u00e7\u00e3o tecnol\u00f3gica, discriminados em projeto de pesquisa;<\/del><\/p><p class=\"Texto_Justificado_Recuo_Primeira_Linha\"><del><strong>\u00a7 1\u00ba &#8211;<\/strong>\u00a0Para fins de aferi\u00e7\u00e3o dos valores que atendam aos limites referidos nos incisos I e II do art. 6\u00ba da presente Resolu\u00e7\u00e3o, dever\u00e3o ser observados:<\/del><\/p><p class=\"Texto_Justificado_Recuo_Primeira_Linha\"><del><strong>I<\/strong>\u00a0&#8211; o somat\u00f3rio despendido no exerc\u00edcio financeiro pela respectiva unidade gestora; e<\/del><\/p><p class=\"Texto_Justificado_Recuo_Primeira_Linha\"><del><strong>II<\/strong>\u00a0&#8211; o somat\u00f3rio da despesa realizada com objetos de mesma natureza, entendidos como tais aqueles relativos a contrata\u00e7\u00f5es no mesmo ramo de atividade.<\/del><\/p><p class=\"Texto_Justificado_Recuo_Primeira_Linha\"><del><strong>\u00a72\u00ba &#8211;<\/strong>\u00a0Considera-se ramo de atividade a parti\u00e7\u00e3o econ\u00f4mica do mercado, identificada pelo n\u00edvel de subclasse da Classifica\u00e7\u00e3o Nacional de Atividades Econ\u00f4micas &#8211; CNAE.<\/del><\/p><p class=\"Texto_Justificado_Recuo_Primeira_Linha\"><del><strong>\u00a73\u00ba &#8211;<\/strong>\u00a0O limite referido no inciso I do caput deste artigo n\u00e3o se aplica \u00e0s contrata\u00e7\u00f5es individuais de at\u00e9 R$ 8.643,27 (oito mil seiscentos e quarenta e tr\u00eas reais e vinte e sete reais) de servi\u00e7os de manuten\u00e7\u00e3o de ve\u00edculos automotores de propriedade do \u00f3rg\u00e3o ou entidade contratante, inclu\u00eddo o fornecimento de pe\u00e7as, atualizados anualmente conforme o art. 182 do mesmo diploma legal.<\/del><\/p><p class=\"Texto_Justificado_Recuo_Primeira_Linha\"><del><strong>\u00a74\u00ba &#8211;<\/strong>\u00a0Os valores referidos nos incisos I e II do caput deste artigo, ser\u00e3o duplicados para compras, obras e servi\u00e7os contratados por cons\u00f3rcio p\u00fablico ou por autarquia ou funda\u00e7\u00e3o qualificadas como ag\u00eancias executivas na forma da lei.<\/del><\/p><p class=\"Texto_Justificado_Recuo_Primeira_Linha\"><del><strong>\u00a75\u00ba<\/strong>\u00a0&#8211; Para os fins do inciso III do caput deste artigo, considera-se emergencial a contrata\u00e7\u00e3o por dispensa com objetivo de manter a continuidade do servi\u00e7o p\u00fablico, devendo ser observados os valores praticados pelo mercado na forma do art. 23 da Lei n\u00ba 14.133\/2021 e da regulamenta\u00e7\u00e3o estadual espec\u00edfica, bem como adotadas as provid\u00eancias necess\u00e1rias para a conclus\u00e3o do processo licitat\u00f3rio, sem preju\u00edzo de apura\u00e7\u00e3o de responsabilidade dos agentes p\u00fablicos que eventualmente deram causa \u00e0 situa\u00e7\u00e3o emergencial.<\/del><\/p><p class=\"Texto_Justificado_Recuo_Primeira_Linha\"><del><strong>\u00a76\u00ba<\/strong>\u00a0&#8211; A dispensa prevista no inciso IV do caput deste artigo, quando aplicada a obras e servi\u00e7os de engenharia, seguir\u00e1 procedimentos especiais institu\u00eddos em regulamenta\u00e7\u00e3o espec\u00edfica.<\/del><\/p><p class=\"Texto_Justificado_Recuo_Primeira_Linha\"><del><strong>Art. 7\u00ba<\/strong>\u00a0<strong>&#8211;\u00a0<\/strong>As contrata\u00e7\u00f5es de que tratam os incisos I e II do\u00a0<strong>c<\/strong>aput\u00a0do artigo 6\u00ba desta Resolu\u00e7\u00e3o, ser\u00e3o preferencialmente:<\/del><\/p><p class=\"Texto_Justificado_Recuo_Primeira_Linha\"><del><strong>I<\/strong>\u00a0&#8211; pagas por meio de cart\u00e3o de pagamento, cujo extrato dever\u00e1 ser divulgado e mantido \u00e0 disposi\u00e7\u00e3o do p\u00fablico no Portal Nacional de Contrata\u00e7\u00f5es P\u00fablicas (PNCP), na forma de regulamenta\u00e7\u00e3o espec\u00edfica; e<\/del><\/p><p class=\"Texto_Justificado_Recuo_Primeira_Linha\"><del><strong>II<\/strong>\u00a0&#8211; feitas com microempresa, empresa de pequeno porte ou microempreendedor individual, nos termos na forma do estabelecido na Lei Complementar Federal n\u00ba 123, de 14 de dezembro de 2006 e da regulamenta\u00e7\u00e3o estadual pertinente.<\/del><\/p><p class=\"Texto_Centralizado\" style=\"text-align: center;\"><del><strong>CAP\u00cdTULO IV<\/strong><\/del><\/p><p class=\"Texto_Centralizado\" style=\"text-align: center;\"><del><strong>DA DISPENSA ELETR\u00d4NICA DE LICITA\u00c7\u00c3O<\/strong><\/del><\/p><p class=\"Texto_Justificado_Recuo_Primeira_Linha\"><del><strong>Art. 8\u00ba<\/strong>\u00a0&#8211; Os \u00f3rg\u00e3os e entidades da Administra\u00e7\u00e3o P\u00fablica direta, aut\u00e1rquica e fundacional estadual dever\u00e3o efetivar as contrata\u00e7\u00f5es por dispensa de licita\u00e7\u00e3o, obrigatoriamente, atrav\u00e9s da dispensa de licita\u00e7\u00e3o, na forma eletr\u00f4nica, nas seguintes hip\u00f3teses:<\/del><\/p><p class=\"Texto_Justificado_Recuo_Primeira_Linha\"><del><strong>I<\/strong>\u00a0&#8211; contrata\u00e7\u00e3o de obras e servi\u00e7os de engenharia, ou servi\u00e7os de manuten\u00e7\u00e3o de ve\u00edculos automotores, no limite do disposto no inciso I do caput do art. 75 da Lei n\u00ba 14.133\/2021;<\/del><\/p><p class=\"Texto_Justificado_Recuo_Primeira_Linha\"><del><strong>II<\/strong>\u00a0&#8211; contrata\u00e7\u00e3o de bens e servi\u00e7os, no limite do disposto no inciso II do caput do art. 75 da Lei n\u00ba 14.133\/2021;<\/del><\/p><p class=\"Texto_Justificado_Recuo_Primeira_Linha\"><del><strong>III<\/strong>\u00a0&#8211; contrata\u00e7\u00e3o de obras, bens e servi\u00e7os, inclu\u00eddos os servi\u00e7os de engenharia, nos termos do disposto no inciso III e seguintes do caput do art. 75 da Lei n\u00ba 14.133\/2021, quando cab\u00edvel;\u00a0<\/del><\/p><p class=\"Texto_Justificado_Recuo_Primeira_Linha\"><del><strong>IV<\/strong>\u00a0&#8211; registro de pre\u00e7os para a contrata\u00e7\u00e3o de bens e servi\u00e7os por mais de um \u00f3rg\u00e3o ou entidade, nos termos do \u00a7 6\u00ba do art. 82 da Lei n\u00ba 14.133\/2021.<\/del><\/p><p class=\"Texto_Justificado_Recuo_Primeira_Linha\"><del><strong>\u00a71\u00ba<\/strong>\u00a0&#8211; Para os fins do inciso III do caput, considera-se cab\u00edvel a ado\u00e7\u00e3o do sistema de dispensa eletr\u00f4nica sempre que a escolha do futuro contratado for pautada pelos crit\u00e9rios de julgamento de menor pre\u00e7o ou de maior desconto sobre tabela de pre\u00e7os praticada no mercado, sem que aspectos qualitativos sejam absolutamente determinantes para execu\u00e7\u00e3o do objeto contratual.<\/del><\/p><p class=\"Texto_Justificado_Recuo_Primeira_Linha\"><del><strong>\u00a72\u00ba<\/strong>\u00a0&#8211; A ado\u00e7\u00e3o do procedimento de dispensa de licita\u00e7\u00e3o, na forma eletr\u00f4nica, a que se refere o caput poder\u00e1 ser afastada, em car\u00e1ter excepcional, quando a sua observ\u00e2ncia puder ocasionar efetivo preju\u00edzo \u00e0 obten\u00e7\u00e3o da melhor proposta ou comprometer a continuidade dos servi\u00e7os p\u00fablicos ou a seguran\u00e7a de pessoas, mediante justificativa indeleg\u00e1vel de sua inadequa\u00e7\u00e3o pela autoridade m\u00e1xima do \u00f3rg\u00e3o ou entidade no respectivo processo de contrata\u00e7\u00e3o a que se refere o par\u00e1grafo \u00fanico do art. 5\u00ba da presente Resolu\u00e7\u00e3o.<\/del><\/p><p class=\"Texto_Centralizado\" style=\"text-align: center;\"><del><strong>Se\u00e7\u00e3o I\u00a0<\/strong><\/del><\/p><p class=\"Texto_Centralizado\" style=\"text-align: center;\"><del><strong>Dos Procedimento de Dispensa Eletr\u00f4nica de Licita\u00e7\u00e3o<\/strong><\/del><\/p><p class=\"Texto_Justificado_Recuo_Primeira_Linha\"><del><strong>Art. 9\u00ba<\/strong>\u00a0&#8211; As contrata\u00e7\u00f5es por dispensa de licita\u00e7\u00e3o ser\u00e3o realizadas pelo sistema de dispensa eletr\u00f4nica que al\u00e9m de observar as regras contidas na presente Resolu\u00e7\u00e3o, dever\u00e3o ser processadas nos moldes previstos pela Instru\u00e7\u00e3o Normativa SEGES\/ME N\u00ba 67, de 8 de julho de 2021, no que for compat\u00edvel.<\/del><\/p><p class=\"Texto_Justificado_Recuo_Primeira_Linha\"><del><strong>\u00a71\u00ba &#8211;<\/strong>\u00a0O uso dos sistemas mencionados nesta Resolu\u00e7\u00e3o depende da celebra\u00e7\u00e3o de Termo de Acesso ao Sistema de Administra\u00e7\u00e3o de Servi\u00e7os Gerais &#8211; SIASG, conforme disposto na Portaria n\u00ba 355, de 9 de agosto de 2019, publicada pela Secretaria de Gest\u00e3o do Minist\u00e9rio da Economia.<\/del><\/p><p class=\"Texto_Justificado_Recuo_Primeira_Linha\"><del><strong>\u00a72\u00ba<\/strong>\u00a0&#8211; Dever\u00e3o ser observados os procedimentos estabelecidos nos manuais de acesso e operacionaliza\u00e7\u00e3o do Sistema Compras.gov.br dispon\u00edveis no Portal de Compras do Governo Federal e no Portal da Rede Log\u00edstica &#8211; Redelog.<\/del><\/p><p class=\"Texto_Centralizado\" style=\"text-align: center;\"><del><strong>CAP\u00cdTULO V<\/strong><\/del><\/p><p class=\"Texto_Centralizado\" style=\"text-align: center;\"><del><strong>DA INEXIGIBILIDADE DE LICITA\u00c7\u00c3O<\/strong><\/del><\/p><p class=\"Texto_Justificado_Recuo_Primeira_Linha\"><del><strong>Art. 10<\/strong>\u00a0&#8211; As hip\u00f3teses previstas no art. 74 da Lei n\u00ba 14.133\/2021 s\u00e3o exemplificativas, sendo inexig\u00edvel a licita\u00e7\u00e3o em todos os casos em que for invi\u00e1vel a competi\u00e7\u00e3o.<\/del><\/p><p class=\"Texto_Justificado_Recuo_Primeira_Linha\"><del><strong>\u00a71\u00ba<\/strong>\u00a0&#8211; Para fins do disposto no inciso I do caput do art. 74 da Lei n\u00ba 14.133\/2021, o \u00f3rg\u00e3o ou a entidade dever\u00e1 demonstrar a inviabilidade de competi\u00e7\u00e3o mediante atestado de exclusividade, contrato de exclusividade, declara\u00e7\u00e3o do fabricante ou outro documento id\u00f4neo capaz de comprovar que o objeto \u00e9 fornecido ou prestado por produtor, empresa ou representante comercial exclusivos, vedada a prefer\u00eancia por marca espec\u00edfica.<\/del><\/p><p class=\"Texto_Justificado_Recuo_Primeira_Linha\"><del><strong>\u00a72\u00ba<\/strong>\u00a0&#8211; Para fins do disposto no inciso II do caput do art. 74 da Lei n\u00ba 14.133\/2021, considera-se empres\u00e1rio exclusivo a pessoa f\u00edsica ou jur\u00eddica que possua contrato, declara\u00e7\u00e3o, carta ou outro documento que ateste a exclusividade permanente e cont\u00ednua de representa\u00e7\u00e3o, no Pa\u00eds ou em Estado espec\u00edfico, do profissional do setor art\u00edstico, afastada a possibilidade de contrata\u00e7\u00e3o direta por inexigibilidade por meio de empres\u00e1rio com representa\u00e7\u00e3o restrita a evento ou local espec\u00edfico.\u00a0<\/del><\/p><p class=\"Texto_Justificado_Recuo_Primeira_Linha\"><del><strong>\u00a73\u00ba<\/strong>\u00a0&#8211; Para que fiquem caracterizadas, as hip\u00f3teses de inexigibilidade previstas no inciso III do caput do art. 74 da Lei n\u00ba 14.133\/2021 dependem da comprova\u00e7\u00e3o dos requisitos da especialidade e da singularidade do servi\u00e7o, aliados \u00e0 not\u00f3ria especializa\u00e7\u00e3o do contratado, observados os seguintes aspectos:<\/del><\/p><p class=\"Texto_Justificado_Recuo_Primeira_Linha\"><del><strong>I<\/strong>\u00a0&#8211; considera-se de not\u00f3ria especializa\u00e7\u00e3o o profissional ou a empresa cujo conceito no campo de sua especialidade, decorrente de desempenho anterior, estudos, experi\u00eancia, publica\u00e7\u00f5es, organiza\u00e7\u00e3o, aparelhamento, equipe t\u00e9cnica ou outros requisitos relacionados com suas atividades, permita inferir que o seu trabalho \u00e9 essencial e reconhecidamente adequado \u00e0 plena satisfa\u00e7\u00e3o do objeto do contrato;<\/del><\/p><p class=\"Texto_Justificado_Recuo_Primeira_Linha\"><del><strong>II<\/strong>\u00a0&#8211; \u00e9 vedada a subcontrata\u00e7\u00e3o de empresas ou a atua\u00e7\u00e3o de profissionais distintos daqueles que tenham justificado a inexigibilidade.<\/del><\/p><p class=\"Texto_Justificado_Recuo_Primeira_Linha\"><del><strong>\u00a74\u00ba<\/strong>\u00a0<strong>&#8211;<\/strong>\u00a0Nas contrata\u00e7\u00f5es com fundamento no inciso V do caput do art. 74 da Lei n\u00ba 14.133\/2021, devem ser observados os seguintes requisitos:<\/del><\/p><p class=\"Texto_Justificado_Recuo_Primeira_Linha\"><del><strong>I<\/strong>\u00a0&#8211; avalia\u00e7\u00e3o pr\u00e9via do bem, do seu estado de conserva\u00e7\u00e3o, dos custos de adapta\u00e7\u00f5es, quando imprescind\u00edveis \u00e0s necessidades de utiliza\u00e7\u00e3o, e do prazo de amortiza\u00e7\u00e3o dos investimentos;<\/del><\/p><p class=\"Texto_Justificado_Recuo_Primeira_Linha\"><del><strong>II<\/strong>\u00a0&#8211; certifica\u00e7\u00e3o da inexist\u00eancia de im\u00f3veis p\u00fablicos vagos e dispon\u00edveis que atendam ao objeto; e<\/del><\/p><p class=\"Texto_Justificado_Recuo_Primeira_Linha\"><del><strong>III<\/strong>\u00a0&#8211; justificativas que demonstrem a singularidade do im\u00f3vel a ser comprado ou locado pela Administra\u00e7\u00e3o e que evidenciem vantagem para ela.<\/del><\/p><p class=\"Texto_Justificado_Recuo_Primeira_Linha\"><del><strong>\u00a75\u00ba\u00a0<\/strong>&#8211; Se a inviabilidade de competi\u00e7\u00e3o decorrer de processo de padroniza\u00e7\u00e3o, dever\u00e1 ser demonstrado nos autos que o processo observou o disposto no art. 43 da Lei n\u00ba 14.133\/2021.<\/del><\/p><p class=\"Texto_Justificado_Recuo_Primeira_Linha\"><del><strong>Art. 11<\/strong>\u00a0&#8211; Compete ao agente p\u00fablico respons\u00e1vel pelo processo de contrata\u00e7\u00e3o direta, no caso de inexigibilidade de licita\u00e7\u00e3o, a ado\u00e7\u00e3o de provid\u00eancias que assegurem a veracidade do documento de exclusividade apresentado pelo futuro contratado a que se refere o \u00a7 1\u00ba do art. 10 desta Resolu\u00e7\u00e3o.<\/del><\/p><p class=\"Texto_Justificado_Recuo_Primeira_Linha\"><del><strong>Art. 12<\/strong>\u00a0&#8211; \u00c9 vedada a inexigibilidade de licita\u00e7\u00e3o para servi\u00e7os de publicidade e divulga\u00e7\u00e3o, bem como a prefer\u00eancia por marca espec\u00edfica.\u00a0<\/del><\/p><p class=\"Texto_Justificado_Recuo_Primeira_Linha\"><del><strong>Par\u00e1grafo \u00fanico<\/strong>\u00a0&#8211; Em car\u00e1ter excepcional, poder\u00e3o ser adquiridos bens de marcas espec\u00edficas ou contratados servi\u00e7os com prestador espec\u00edfico quando formalmente justificado, nas seguintes hip\u00f3teses:<\/del><\/p><p class=\"Texto_Justificado_Recuo_Primeira_Linha\"><del><strong>I &#8211;<\/strong>\u00a0em decorr\u00eancia de processo de padroniza\u00e7\u00e3o anteriormente realizado, com fulcro no art. 43 da Lei n\u00ba 14.133\/2021;<\/del><\/p><p class=\"Texto_Justificado_Recuo_Primeira_Linha\"><del><strong>II &#8211;<\/strong>\u00a0em decorr\u00eancia da necessidade de manter a compatibilidade com plataformas e padr\u00f5es j\u00e1 adotados pela Administra\u00e7\u00e3o;<\/del><\/p><p class=\"Texto_Justificado_Recuo_Primeira_Linha\"><del><strong>III &#8211;<\/strong>\u00a0quando determinada marca ou modelo comercializados por mais de um fornecedor forem os \u00fanicos capazes de atender \u00e0s necessidades do contratante;<\/del><\/p><p class=\"Texto_Justificado_Recuo_Primeira_Linha\"><del><strong>IV &#8211;<\/strong>\u00a0quando a descri\u00e7\u00e3o do objeto a ser contratado puder ser mais bem compreendida pela identifica\u00e7\u00e3o de determinada marca ou determinado modelo aptos a servir apenas como refer\u00eancia;<\/del><\/p><p class=\"Texto_Justificado_Recuo_Primeira_Linha\"><del><strong>V &#8211;<\/strong>\u00a0para cumprimento de ordem judicial, quando a decis\u00e3o indique a marca ou o prestador a ser contratado pelo \u00f3rg\u00e3o ou entidade da Administra\u00e7\u00e3o P\u00fablica estadual.<\/del><\/p><p class=\"Texto_Centralizado\" style=\"text-align: center;\"><del><strong>CAP\u00cdTULO VI<\/strong><\/del><\/p><p class=\"Texto_Centralizado\" style=\"text-align: center;\"><del><strong>DO SISTEMA CONTRATOS.RJ<\/strong><\/del><\/p><p class=\"Texto_Justificado_Recuo_Primeira_Linha\"><del><strong>Art. 13<\/strong>\u00a0&#8211; Ap\u00f3s a defini\u00e7\u00e3o do fornecedor no sistema Compras.gov.br, as informa\u00e7\u00f5es do resultado do procedimento, compreendendo os itens a serem adquiridos, suas quantidades e pre\u00e7os unit\u00e1rios, ser\u00e3o disponibilizadas no sistema Contratos.RJ, por meio de integra\u00e7\u00e3o sist\u00eamica.<\/del><\/p><p class=\"Texto_Justificado_Recuo_Primeira_Linha\"><del>\u00a0<strong>Art. 14<\/strong> &#8211; O registro da contrata\u00e7\u00e3o ser\u00e1 gerado no sistema Contratos.RJ com base nas informa\u00e7\u00f5es do resultado do Compras.gov.br a que se refere o art. 13 desta Resolu\u00e7\u00e3o.<\/del><\/p><p class=\"Texto_Justificado_Recuo_Primeira_Linha\"><del><strong>Par\u00e1grafo \u00fanico &#8211;\u00a0<\/strong>O envio das informa\u00e7\u00f5es ao SIAFE-Rio ser\u00e1 realizado atrav\u00e9s de integra\u00e7\u00e3o sist\u00eamica, ap\u00f3s a aprova\u00e7\u00e3o do registro da contrata\u00e7\u00e3o pelo Ordenador de Despesa.<\/del><\/p><p class=\"Texto_Justificado_Recuo_Primeira_Linha\"><del><strong>Art. 15<\/strong>\u00a0&#8211;\u00a0 A Nota de Empenho e, quando cab\u00edvel, o Termo de Contrato e os documentos elaborados na fase preparat\u00f3ria que porventura n\u00e3o tenham integrado o aviso e seus anexos, ser\u00e3o inclu\u00eddos no sistema Contratos.RJ e divulgados e mantidos \u00e0 disposi\u00e7\u00e3o do p\u00fablico no Portal Nacional de Contrata\u00e7\u00f5es P\u00fablicas (PNCP).<\/del><\/p><p class=\"Texto_Centralizado\" style=\"text-align: center;\"><del><strong>CAP\u00cdTULO VII<\/strong><\/del><\/p><p class=\"Texto_Centralizado\" style=\"text-align: center;\"><del><strong>DA ASSINATURA E PUBLICA\u00c7\u00c3O DO CONTRATO<\/strong><\/del><\/p><p class=\"Texto_Justificado_Recuo_Primeira_Linha\"><del><strong>Art. 16<\/strong>\u00a0\u2013 O fornecedor selecionado ter\u00e1 o prazo de 5 (cinco) dias \u00fateis contados a partir da data de sua convoca\u00e7\u00e3o, para assinar o Termo de Contrato ou aceitar a Nota de Empenho, sob pena de decair do direito \u00e0 contrata\u00e7\u00e3o, sem preju\u00edzo das san\u00e7\u00f5es previstas no art. 156 da Lei n.\u00ba 14.133\/2021.<\/del><\/p><p class=\"Texto_Justificado_Recuo_Primeira_Linha\"><del><strong>Par\u00e1grafo \u00fanico &#8211;\u00a0<\/strong>\u00a0O prazo previsto no caput poder\u00e1 ser prorrogado 1 (uma) vez, por igual per\u00edodo, mediante solicita\u00e7\u00e3o da parte durante seu transcurso, devidamente justificada, e desde que o motivo apresentado seja aceito pela Administra\u00e7\u00e3o.<\/del><\/p><p class=\"Texto_Justificado_Recuo_Primeira_Linha\"><del><strong>Art. 17<\/strong>\u00a0&#8211; A divulga\u00e7\u00e3o no Portal Nacional de Contrata\u00e7\u00f5es P\u00fablicas (PNCP) \u00e9 condi\u00e7\u00e3o indispens\u00e1vel para a efic\u00e1cia do contrato e dever\u00e1 ocorrer no prazo de 10 (dez) dias \u00fateis, contados da data de sua assinatura.<\/del><\/p><p class=\"Texto_Justificado_Recuo_Primeira_Linha\"><del><strong>\u00a71\u00ba<\/strong>\u00a0&#8211; Os contratos celebrados em caso de urg\u00eancia ter\u00e3o efic\u00e1cia a partir de sua assinatura e dever\u00e3o ser publicados no prazo previsto no\u00a0caput\u00a0deste artigo, sob pena de nulidade.<\/del><\/p><p class=\"Texto_Justificado_Recuo_Primeira_Linha\"><del><strong>\u00a72\u00ba<\/strong>\u00a0&#8211; A divulga\u00e7\u00e3o de que trata o\u00a0caput\u00a0deste artigo, quando referente \u00e0 contrata\u00e7\u00e3o de profissional do setor art\u00edstico por inexigibilidade, dever\u00e1 identificar os custos do cach\u00ea do artista, dos m\u00fasicos ou da banda, quando houver, do transporte, da hospedagem, da infraestrutura, da log\u00edstica do evento e das demais despesas espec\u00edficas.<\/del><\/p><p class=\"Texto_Centralizado\" style=\"text-align: center;\"><del><strong>CAP\u00cdTULO VIII<\/strong><\/del><\/p><p class=\"Texto_Centralizado\" style=\"text-align: center;\"><del><strong>DAS SAN\u00c7\u00d5ES ADMINISTRATIVAS<\/strong><\/del><\/p><p class=\"Texto_Justificado_Recuo_Primeira_Linha\"><del><strong>Art. 18<\/strong>\u00a0&#8211; O fornecedor estar\u00e1 sujeito \u00e0s san\u00e7\u00f5es administrativas previstas na Lei n\u00ba 14.133\/2021, e em outras legisla\u00e7\u00f5es aplic\u00e1veis, sem preju\u00edzo da eventual anula\u00e7\u00e3o da nota de empenho de despesa ou da rescis\u00e3o do instrumento contratual.<\/del><\/p><p class=\"Texto_Justificado_Recuo_Primeira_Linha\"><del><strong>Par\u00e1grafo \u00fanico<\/strong>. Para fins desta Resolu\u00e7\u00e3o, equipara-se ao licitante o fornecedor ou prestador de servi\u00e7o que oferece proposta, nos termos do art. 6\u00ba, inciso IX, da Lei n\u00ba 14.133\/2021.<\/del><\/p><p class=\"Texto_Centralizado\" style=\"text-align: center;\"><del><strong>CAP\u00cdTULO IX<\/strong><\/del><\/p><p class=\"Texto_Centralizado\" style=\"text-align: center;\"><del><strong>DISPOSI\u00c7\u00d5ES FINAIS<\/strong><\/del><\/p><p class=\"Texto_Justificado_Recuo_Primeira_Linha\"><del><strong>Art. 19 &#8211;<\/strong>\u00a0O \u00d3rg\u00e3o Central do Sistema Log\u00edstico do Estado do Rio de Janeiro poder\u00e1:<\/del><\/p><p class=\"Texto_Justificado_Recuo_Primeira_Linha\"><del><strong>I<\/strong>\u00a0&#8211; expedir normas complementares necess\u00e1rias para a execu\u00e7\u00e3o desta Resolu\u00e7\u00e3o; e<\/del><\/p><p class=\"Texto_Justificado_Recuo_Primeira_Linha\"><del><strong>II<\/strong>\u00a0&#8211; estabelecer, por meio de orienta\u00e7\u00f5es ou manuais, informa\u00e7\u00f5es adicionais para fins de operacionaliza\u00e7\u00e3o do Sistema Compras.gov.br.<\/del><\/p><p class=\"Texto_Justificado_Recuo_Primeira_Linha\"><del><strong>Art. 20 &#8211;<\/strong>\u00a0Os casos omissos decorrentes da aplica\u00e7\u00e3o desta Resolu\u00e7\u00e3o ser\u00e3o dirimidos pelo \u00d3rg\u00e3o Central do Sistema Log\u00edstico do Estado do Rio de Janeiro, com o aux\u00edlio do respectivo \u00f3rg\u00e3o de assessoramento jur\u00eddico.<\/del><\/p><p class=\"Texto_Justificado_Recuo_Primeira_Linha\"><del><strong>Art. 21 &#8211;<\/strong> Esta Resolu\u00e7\u00e3o entra em vigor na data de sua publica\u00e7\u00e3o.<\/del><\/p><p class=\"Texto_Alinhado_Esquerda\" style=\"text-align: center;\"><del>Rio de Janeiro, 12\u00a0 de janeiro de 2023<\/del><\/p><p class=\"Texto_Centralizado\" style=\"text-align: center;\"><del><strong>NELSON ROCHA<\/strong><\/del><br \/><del>Secret\u00e1rio de Estado de Planejamento e Gest\u00e3o<\/del><\/p><p style=\"text-align: right;\"><del>Id: 2451641<\/del><\/p>\t\t\t\t\t\t\t\t<\/div>\n\t\t\t\t\t<\/div>\n\t\t<\/div>\n\t\t\t\t\t<\/div>\n\t\t<\/section>\n\t\t\t\t<section class=\"elementor-section elementor-top-section elementor-element elementor-element-ebf181d elementor-section-boxed elementor-section-height-default elementor-section-height-default\" data-id=\"ebf181d\" data-element_type=\"section\" data-settings=\"{&quot;jet_parallax_layout_list&quot;:[{&quot;jet_parallax_layout_image&quot;:{&quot;url&quot;:&quot;&quot;,&quot;id&quot;:&quot;&quot;,&quot;size&quot;:&quot;&quot;},&quot;_id&quot;:&quot;04dd098&quot;,&quot;jet_parallax_layout_image_tablet&quot;:{&quot;url&quot;:&quot;&quot;,&quot;id&quot;:&quot;&quot;,&quot;size&quot;:&quot;&quot;},&quot;jet_parallax_layout_image_mobile&quot;:{&quot;url&quot;:&quot;&quot;,&quot;id&quot;:&quot;&quot;,&quot;size&quot;:&quot;&quot;},&quot;jet_parallax_layout_speed&quot;:{&quot;unit&quot;:&quot;%&quot;,&quot;size&quot;:50,&quot;sizes&quot;:[]},&quot;jet_parallax_layout_type&quot;:&quot;scroll&quot;,&quot;jet_parallax_layout_direction&quot;:&quot;1&quot;,&quot;jet_parallax_layout_fx_direction&quot;:null,&quot;jet_parallax_layout_z_index&quot;:&quot;&quot;,&quot;jet_parallax_layout_bg_x&quot;:50,&quot;jet_parallax_layout_bg_x_tablet&quot;:&quot;&quot;,&quot;jet_parallax_layout_bg_x_mobile&quot;:&quot;&quot;,&quot;jet_parallax_layout_bg_y&quot;:50,&quot;jet_parallax_layout_bg_y_tablet&quot;:&quot;&quot;,&quot;jet_parallax_layout_bg_y_mobile&quot;:&quot;&quot;,&quot;jet_parallax_layout_bg_size&quot;:&quot;auto&quot;,&quot;jet_parallax_layout_bg_size_tablet&quot;:&quot;&quot;,&quot;jet_parallax_layout_bg_size_mobile&quot;:&quot;&quot;,&quot;jet_parallax_layout_animation_prop&quot;:&quot;transform&quot;,&quot;jet_parallax_layout_on&quot;:[&quot;desktop&quot;,&quot;tablet&quot;]}]}\">\n\t\t\t\t\t\t<div class=\"elementor-container elementor-column-gap-default\">\n\t\t\t\t\t<div class=\"elementor-column elementor-col-100 elementor-top-column elementor-element elementor-element-226f32a\" data-id=\"226f32a\" data-element_type=\"column\">\n\t\t\t<div class=\"elementor-widget-wrap elementor-element-populated\">\n\t\t\t\t\t\t<div class=\"elementor-element elementor-element-19222da elementor-widget elementor-widget-text-editor\" data-id=\"19222da\" data-element_type=\"widget\" data-widget_type=\"text-editor.default\">\n\t\t\t\t\t\t\t\t\t<p><em>Publicada no DOE em <a href=\"https:\/\/www.redelog.rj.gov.br\/redelog\/wp-content\/uploads\/2023\/01\/Resolucao-SEPLAG-180-Contatacao-Direta.pdf\"><strong>16\/01\/2023<\/strong><\/a><strong>.<\/strong><\/em><\/p><p><em>Retificada no DOE em <a href=\"https:\/\/www.redelog.rj.gov.br\/redelog\/wp-content\/uploads\/2023\/01\/Retificacao-Resolucao-SEPLAG-no-180.pdf\"><strong>26\/01\/2023<\/strong><\/a>.<\/em><\/p><p><em>Revogada pelo <a href=\"https:\/\/leisestaduais.com.br\/rj\/decreto-n-48820-2023-rio-de-janeiro-regulamenta-a-contratacao-direta-de-que-trata-a-lei-no-14-133-de-1o-de-abril-de-2021-no-ambito-da-administracao-publica-estadual-direta-autarquica-e-fundacional?q=48820&amp;origin=instituicao#\"><strong>Decreto n\u00ba 48.820, de 27 de novembro de 2023<\/strong><\/a>, publicado no DOE em <a href=\"https:\/\/www.redelog.rj.gov.br\/redelog\/wp-content\/uploads\/2023\/11\/Decreto-no-48.820-Regulamenta-a-contratacao-direta-pela-lei-14.133.pdf\"><strong>28\/11\/2023<\/strong><\/a>.<\/em><\/p>\t\t\t\t\t\t\t\t<\/div>\n\t\t\t\t\t<\/div>\n\t\t<\/div>\n\t\t\t\t\t<\/div>\n\t\t<\/section>\n\t\t\t\t<section class=\"elementor-section elementor-top-section elementor-element elementor-element-46351a7 elementor-section-boxed elementor-section-height-default elementor-section-height-default\" data-id=\"46351a7\" data-element_type=\"section\" data-settings=\"{&quot;jet_parallax_layout_list&quot;:[{&quot;jet_parallax_layout_image&quot;:{&quot;url&quot;:&quot;&quot;,&quot;id&quot;:&quot;&quot;,&quot;size&quot;:&quot;&quot;},&quot;_id&quot;:&quot;ab030fc&quot;,&quot;jet_parallax_layout_image_tablet&quot;:{&quot;url&quot;:&quot;&quot;,&quot;id&quot;:&quot;&quot;,&quot;size&quot;:&quot;&quot;},&quot;jet_parallax_layout_image_mobile&quot;:{&quot;url&quot;:&quot;&quot;,&quot;id&quot;:&quot;&quot;,&quot;size&quot;:&quot;&quot;},&quot;jet_parallax_layout_speed&quot;:{&quot;unit&quot;:&quot;%&quot;,&quot;size&quot;:50,&quot;sizes&quot;:[]},&quot;jet_parallax_layout_type&quot;:&quot;scroll&quot;,&quot;jet_parallax_layout_direction&quot;:&quot;1&quot;,&quot;jet_parallax_layout_fx_direction&quot;:null,&quot;jet_parallax_layout_z_index&quot;:&quot;&quot;,&quot;jet_parallax_layout_bg_x&quot;:50,&quot;jet_parallax_layout_bg_x_tablet&quot;:&quot;&quot;,&quot;jet_parallax_layout_bg_x_mobile&quot;:&quot;&quot;,&quot;jet_parallax_layout_bg_y&quot;:50,&quot;jet_parallax_layout_bg_y_tablet&quot;:&quot;&quot;,&quot;jet_parallax_layout_bg_y_mobile&quot;:&quot;&quot;,&quot;jet_parallax_layout_bg_size&quot;:&quot;auto&quot;,&quot;jet_parallax_layout_bg_size_tablet&quot;:&quot;&quot;,&quot;jet_parallax_layout_bg_size_mobile&quot;:&quot;&quot;,&quot;jet_parallax_layout_animation_prop&quot;:&quot;transform&quot;,&quot;jet_parallax_layout_on&quot;:[&quot;desktop&quot;,&quot;tablet&quot;]}]}\">\n\t\t\t\t\t\t<div class=\"elementor-container elementor-column-gap-default\">\n\t\t\t\t\t<div class=\"elementor-column elementor-col-100 elementor-top-column elementor-element elementor-element-48969c2\" data-id=\"48969c2\" data-element_type=\"column\">\n\t\t\t<div class=\"elementor-widget-wrap elementor-element-populated\">\n\t\t\t\t\t\t<div class=\"elementor-element elementor-element-28d2426 elementor-widget-divider--view-line elementor-widget elementor-widget-divider\" data-id=\"28d2426\" data-element_type=\"widget\" data-widget_type=\"divider.default\">\n\t\t\t\t\t\t\t<div class=\"elementor-divider\">\n\t\t\t<span class=\"elementor-divider-separator\">\n\t\t\t\t\t\t<\/span>\n\t\t<\/div>\n\t\t\t\t\t\t<\/div>\n\t\t\t\t\t<\/div>\n\t\t<\/div>\n\t\t\t\t\t<\/div>\n\t\t<\/section>\n\t\t\t\t<section class=\"elementor-section elementor-top-section elementor-element elementor-element-b455592 elementor-section-boxed elementor-section-height-default elementor-section-height-default\" data-id=\"b455592\" data-element_type=\"section\" id=\"options\" data-settings=\"{&quot;jet_parallax_layout_list&quot;:[{&quot;jet_parallax_layout_image&quot;:{&quot;url&quot;:&quot;&quot;,&quot;id&quot;:&quot;&quot;,&quot;size&quot;:&quot;&quot;},&quot;_id&quot;:&quot;19d7213&quot;,&quot;jet_parallax_layout_image_tablet&quot;:{&quot;url&quot;:&quot;&quot;,&quot;id&quot;:&quot;&quot;,&quot;size&quot;:&quot;&quot;},&quot;jet_parallax_layout_image_mobile&quot;:{&quot;url&quot;:&quot;&quot;,&quot;id&quot;:&quot;&quot;,&quot;size&quot;:&quot;&quot;},&quot;jet_parallax_layout_speed&quot;:{&quot;unit&quot;:&quot;%&quot;,&quot;size&quot;:50,&quot;sizes&quot;:[]},&quot;jet_parallax_layout_type&quot;:&quot;scroll&quot;,&quot;jet_parallax_layout_direction&quot;:&quot;1&quot;,&quot;jet_parallax_layout_fx_direction&quot;:null,&quot;jet_parallax_layout_z_index&quot;:&quot;&quot;,&quot;jet_parallax_layout_bg_x&quot;:50,&quot;jet_parallax_layout_bg_x_tablet&quot;:&quot;&quot;,&quot;jet_parallax_layout_bg_x_mobile&quot;:&quot;&quot;,&quot;jet_parallax_layout_bg_y&quot;:50,&quot;jet_parallax_layout_bg_y_tablet&quot;:&quot;&quot;,&quot;jet_parallax_layout_bg_y_mobile&quot;:&quot;&quot;,&quot;jet_parallax_layout_bg_size&quot;:&quot;auto&quot;,&quot;jet_parallax_layout_bg_size_tablet&quot;:&quot;&quot;,&quot;jet_parallax_layout_bg_size_mobile&quot;:&quot;&quot;,&quot;jet_parallax_layout_animation_prop&quot;:&quot;transform&quot;,&quot;jet_parallax_layout_on&quot;:[&quot;desktop&quot;,&quot;tablet&quot;]}]}\">\n\t\t\t\t\t\t<div class=\"elementor-container elementor-column-gap-default\">\n\t\t\t\t\t<div class=\"elementor-column elementor-col-100 elementor-top-column elementor-element elementor-element-aea6bd6\" data-id=\"aea6bd6\" data-element_type=\"column\">\n\t\t\t<div class=\"elementor-widget-wrap elementor-element-populated\">\n\t\t\t\t\t\t<div class=\"elementor-element elementor-element-c61f07b elementor-widget elementor-widget-shortcode\" data-id=\"c61f07b\" data-element_type=\"widget\" data-widget_type=\"shortcode.default\">\n\t\t\t\t\t\t\t<div class=\"elementor-shortcode\"><div class='printomatic pom-default ' id='id5118' alt='Imprimir' title='Imprimir' data-print_target='#post-20148'><\/div> <div class='printomatictext' id='id5118' alt='Imprimir' title='Imprimir' data-print_target='#post-20148'>Imprimir<\/div><div style='clear: both;'><\/div><\/div>\n\t\t\t\t\t\t<\/div>\n\t\t\t\t<section class=\"elementor-section elementor-inner-section elementor-element elementor-element-dcc12e8 elementor-section-boxed elementor-section-height-default elementor-section-height-default\" data-id=\"dcc12e8\" data-element_type=\"section\" data-settings=\"{&quot;jet_parallax_layout_list&quot;:[{&quot;jet_parallax_layout_image&quot;:{&quot;url&quot;:&quot;&quot;,&quot;id&quot;:&quot;&quot;,&quot;size&quot;:&quot;&quot;},&quot;_id&quot;:&quot;ccec7d1&quot;,&quot;jet_parallax_layout_image_tablet&quot;:{&quot;url&quot;:&quot;&quot;,&quot;id&quot;:&quot;&quot;,&quot;size&quot;:&quot;&quot;},&quot;jet_parallax_layout_image_mobile&quot;:{&quot;url&quot;:&quot;&quot;,&quot;id&quot;:&quot;&quot;,&quot;size&quot;:&quot;&quot;},&quot;jet_parallax_layout_speed&quot;:{&quot;unit&quot;:&quot;%&quot;,&quot;size&quot;:50,&quot;sizes&quot;:[]},&quot;jet_parallax_layout_type&quot;:&quot;scroll&quot;,&quot;jet_parallax_layout_direction&quot;:&quot;1&quot;,&quot;jet_parallax_layout_fx_direction&quot;:null,&quot;jet_parallax_layout_z_index&quot;:&quot;&quot;,&quot;jet_parallax_layout_bg_x&quot;:50,&quot;jet_parallax_layout_bg_x_tablet&quot;:&quot;&quot;,&quot;jet_parallax_layout_bg_x_mobile&quot;:&quot;&quot;,&quot;jet_parallax_layout_bg_y&quot;:50,&quot;jet_parallax_layout_bg_y_tablet&quot;:&quot;&quot;,&quot;jet_parallax_layout_bg_y_mobile&quot;:&quot;&quot;,&quot;jet_parallax_layout_bg_size&quot;:&quot;auto&quot;,&quot;jet_parallax_layout_bg_size_tablet&quot;:&quot;&quot;,&quot;jet_parallax_layout_bg_size_mobile&quot;:&quot;&quot;,&quot;jet_parallax_layout_animation_prop&quot;:&quot;transform&quot;,&quot;jet_parallax_layout_on&quot;:[&quot;desktop&quot;,&quot;tablet&quot;]}]}\">\n\t\t\t\t\t\t<div class=\"elementor-container elementor-column-gap-default\">\n\t\t\t\t\t<div class=\"elementor-column elementor-col-50 elementor-inner-column elementor-element elementor-element-d4adb2f\" data-id=\"d4adb2f\" data-element_type=\"column\">\n\t\t\t<div class=\"elementor-widget-wrap elementor-element-populated\">\n\t\t\t\t\t\t<div class=\"elementor-element elementor-element-f88527e elementor-widget elementor-widget-text-editor\" data-id=\"f88527e\" data-element_type=\"widget\" data-widget_type=\"text-editor.default\">\n\t\t\t\t\t\t\t\t\t<p><strong><a href=\"http:\/\/redelog.rj.gov.br\/redelog\/legislacao-licitacoes\/\">\u2190 Voltar &#8211; Licita\u00e7\u00f5es<\/a><\/strong><\/p>\t\t\t\t\t\t\t\t<\/div>\n\t\t\t\t\t<\/div>\n\t\t<\/div>\n\t\t\t\t<div class=\"elementor-column elementor-col-50 elementor-inner-column elementor-element elementor-element-a0c62b1\" data-id=\"a0c62b1\" data-element_type=\"column\">\n\t\t\t<div class=\"elementor-widget-wrap elementor-element-populated\">\n\t\t\t\t\t\t\t<\/div>\n\t\t<\/div>\n\t\t\t\t\t<\/div>\n\t\t<\/section>\n\t\t\t\t\t<\/div>\n\t\t<\/div>\n\t\t\t\t\t<\/div>\n\t\t<\/section>\n\t\t\t\t<section class=\"elementor-section elementor-top-section elementor-element elementor-element-fd03f9e elementor-section-boxed elementor-section-height-default elementor-section-height-default\" data-id=\"fd03f9e\" data-element_type=\"section\" data-settings=\"{&quot;jet_parallax_layout_list&quot;:[{&quot;jet_parallax_layout_image&quot;:{&quot;url&quot;:&quot;&quot;,&quot;id&quot;:&quot;&quot;,&quot;size&quot;:&quot;&quot;},&quot;_id&quot;:&quot;22a0abb&quot;,&quot;jet_parallax_layout_image_tablet&quot;:{&quot;url&quot;:&quot;&quot;,&quot;id&quot;:&quot;&quot;,&quot;size&quot;:&quot;&quot;},&quot;jet_parallax_layout_image_mobile&quot;:{&quot;url&quot;:&quot;&quot;,&quot;id&quot;:&quot;&quot;,&quot;size&quot;:&quot;&quot;},&quot;jet_parallax_layout_speed&quot;:{&quot;unit&quot;:&quot;%&quot;,&quot;size&quot;:50,&quot;sizes&quot;:[]},&quot;jet_parallax_layout_type&quot;:&quot;scroll&quot;,&quot;jet_parallax_layout_direction&quot;:&quot;1&quot;,&quot;jet_parallax_layout_fx_direction&quot;:null,&quot;jet_parallax_layout_z_index&quot;:&quot;&quot;,&quot;jet_parallax_layout_bg_x&quot;:50,&quot;jet_parallax_layout_bg_x_tablet&quot;:&quot;&quot;,&quot;jet_parallax_layout_bg_x_mobile&quot;:&quot;&quot;,&quot;jet_parallax_layout_bg_y&quot;:50,&quot;jet_parallax_layout_bg_y_tablet&quot;:&quot;&quot;,&quot;jet_parallax_layout_bg_y_mobile&quot;:&quot;&quot;,&quot;jet_parallax_layout_bg_size&quot;:&quot;auto&quot;,&quot;jet_parallax_layout_bg_size_tablet&quot;:&quot;&quot;,&quot;jet_parallax_layout_bg_size_mobile&quot;:&quot;&quot;,&quot;jet_parallax_layout_animation_prop&quot;:&quot;transform&quot;,&quot;jet_parallax_layout_on&quot;:[&quot;desktop&quot;,&quot;tablet&quot;]}]}\">\n\t\t\t\t\t\t<div class=\"elementor-container elementor-column-gap-default\">\n\t\t\t\t\t<div class=\"elementor-column elementor-col-100 elementor-top-column elementor-element elementor-element-686a8eb\" data-id=\"686a8eb\" data-element_type=\"column\">\n\t\t\t<div class=\"elementor-widget-wrap elementor-element-populated\">\n\t\t\t\t\t\t<div class=\"elementor-element elementor-element-ecf83af elementor-widget elementor-widget-html\" data-id=\"ecf83af\" data-element_type=\"widget\" data-widget_type=\"html.default\">\n\t\t\t\t\t<style>\n    h2, .h2-style{\n        font-size: 28px;\n    }\n<\/style>\t\t\t\t<\/div>\n\t\t\t\t\t<\/div>\n\t\t<\/div>\n\t\t\t\t\t<\/div>\n\t\t<\/section>\n\t\t\t\t<\/div>\n\t\t","protected":false},"excerpt":{"rendered":"<p>REGULAMENTA AS HIP\u00d3TESES DE DISPENSA DE LICITA\u00c7\u00c3O, INCLUSIVE NA FORMA ELETR\u00d4NICA, E DE INEXIGIBILIDADE DE QUE TRATA A LEI N\u00ba 14.133, DE 1\u00ba DE ABRIL DE 2021, E DISP\u00d5E SOBRE A OBRIGATORIEDADE DA SUA REALIZA\u00c7\u00c3O PELO SISTEMA DE CONTRATA\u00c7\u00d5ES P\u00daBLICAS DO GOVERNO FEDERAL &#8211; COMPRAS.GOV.BR, NO \u00c2MBITO DA ADMINISTRA\u00c7\u00c3O P\u00daBLICA ESTADUAL DIRETA, AUT\u00c1RQUICA E FUNDACIONAL. [&hellip;]<\/p>\n","protected":false},"author":19,"featured_media":0,"comment_status":"closed","ping_status":"open","sticky":false,"template":"","format":"standard","meta":{"_joinchat":[],"footnotes":""},"categories":[23],"tags":[],"class_list":["post-20148","post","type-post","status-publish","format-standard","hentry","category-cat-legislacao"],"yoast_head":"<!-- This site is optimized with the Yoast SEO plugin v25.7 - https:\/\/yoast.com\/wordpress\/plugins\/seo\/ -->\n<title>RESOLU\u00c7\u00c3O SEPLAG N\u00ba 180, DE 12 DE JANEIRO DE 2023 - Redelog<\/title>\n<meta name=\"robots\" content=\"index, follow, max-snippet:-1, max-image-preview:large, max-video-preview:-1\" \/>\n<link rel=\"canonical\" href=\"https:\/\/redelog.rj.gov.br\/redelog\/resolucao-seplag-no-180-de-12-de-janeiro-de-2023\/\" \/>\n<meta property=\"og:locale\" content=\"pt_BR\" \/>\n<meta property=\"og:type\" content=\"article\" \/>\n<meta property=\"og:title\" content=\"RESOLU\u00c7\u00c3O SEPLAG N\u00ba 180, DE 12 DE JANEIRO DE 2023 - Redelog\" \/>\n<meta property=\"og:description\" content=\"REGULAMENTA AS HIP\u00d3TESES DE DISPENSA DE LICITA\u00c7\u00c3O, INCLUSIVE NA FORMA ELETR\u00d4NICA, E DE INEXIGIBILIDADE DE QUE TRATA A LEI N\u00ba 14.133, DE 1\u00ba DE ABRIL DE 2021, E DISP\u00d5E SOBRE A OBRIGATORIEDADE DA SUA REALIZA\u00c7\u00c3O PELO SISTEMA DE CONTRATA\u00c7\u00d5ES P\u00daBLICAS DO GOVERNO FEDERAL &#8211; COMPRAS.GOV.BR, NO \u00c2MBITO DA ADMINISTRA\u00c7\u00c3O P\u00daBLICA ESTADUAL DIRETA, AUT\u00c1RQUICA E FUNDACIONAL. [&hellip;]\" \/>\n<meta property=\"og:url\" content=\"https:\/\/redelog.rj.gov.br\/redelog\/resolucao-seplag-no-180-de-12-de-janeiro-de-2023\/\" \/>\n<meta property=\"og:site_name\" content=\"Redelog\" \/>\n<meta property=\"article:published_time\" content=\"2023-01-13T14:18:17+00:00\" \/>\n<meta property=\"article:modified_time\" content=\"2023-11-28T13:31:20+00:00\" \/>\n<meta name=\"author\" content=\"Juliane Paz Vieira Lima\" \/>\n<meta name=\"twitter:card\" content=\"summary_large_image\" \/>\n<meta name=\"twitter:label1\" content=\"Escrito por\" \/>\n\t<meta name=\"twitter:data1\" content=\"Juliane Paz Vieira Lima\" \/>\n\t<meta name=\"twitter:label2\" content=\"Est. tempo de leitura\" \/>\n\t<meta name=\"twitter:data2\" content=\"5 minutos\" \/>\n<script type=\"application\/ld+json\" class=\"yoast-schema-graph\">{\"@context\":\"https:\/\/schema.org\",\"@graph\":[{\"@type\":\"Article\",\"@id\":\"https:\/\/redelog.rj.gov.br\/redelog\/resolucao-seplag-no-180-de-12-de-janeiro-de-2023\/#article\",\"isPartOf\":{\"@id\":\"https:\/\/redelog.rj.gov.br\/redelog\/resolucao-seplag-no-180-de-12-de-janeiro-de-2023\/\"},\"author\":{\"name\":\"Juliane Paz Vieira Lima\",\"@id\":\"https:\/\/redelog.rj.gov.br\/redelog\/#\/schema\/person\/a80fe416b9778ee67954a79526756867\"},\"headline\":\"RESOLU\u00c7\u00c3O SEPLAG N\u00ba 180, DE 12 DE JANEIRO DE 2023\",\"datePublished\":\"2023-01-13T14:18:17+00:00\",\"dateModified\":\"2023-11-28T13:31:20+00:00\",\"mainEntityOfPage\":{\"@id\":\"https:\/\/redelog.rj.gov.br\/redelog\/resolucao-seplag-no-180-de-12-de-janeiro-de-2023\/\"},\"wordCount\":4516,\"publisher\":{\"@id\":\"https:\/\/redelog.rj.gov.br\/redelog\/#organization\"},\"articleSection\":[\"Legisla\u00e7\u00e3o\"],\"inLanguage\":\"pt-BR\"},{\"@type\":\"WebPage\",\"@id\":\"https:\/\/redelog.rj.gov.br\/redelog\/resolucao-seplag-no-180-de-12-de-janeiro-de-2023\/\",\"url\":\"https:\/\/redelog.rj.gov.br\/redelog\/resolucao-seplag-no-180-de-12-de-janeiro-de-2023\/\",\"name\":\"RESOLU\u00c7\u00c3O SEPLAG N\u00ba 180, DE 12 DE JANEIRO DE 2023 - Redelog\",\"isPartOf\":{\"@id\":\"https:\/\/redelog.rj.gov.br\/redelog\/#website\"},\"datePublished\":\"2023-01-13T14:18:17+00:00\",\"dateModified\":\"2023-11-28T13:31:20+00:00\",\"breadcrumb\":{\"@id\":\"https:\/\/redelog.rj.gov.br\/redelog\/resolucao-seplag-no-180-de-12-de-janeiro-de-2023\/#breadcrumb\"},\"inLanguage\":\"pt-BR\",\"potentialAction\":[{\"@type\":\"ReadAction\",\"target\":[\"https:\/\/redelog.rj.gov.br\/redelog\/resolucao-seplag-no-180-de-12-de-janeiro-de-2023\/\"]}]},{\"@type\":\"BreadcrumbList\",\"@id\":\"https:\/\/redelog.rj.gov.br\/redelog\/resolucao-seplag-no-180-de-12-de-janeiro-de-2023\/#breadcrumb\",\"itemListElement\":[{\"@type\":\"ListItem\",\"position\":1,\"name\":\"Home\",\"item\":\"https:\/\/redelog.rj.gov.br\/redelog\/\"},{\"@type\":\"ListItem\",\"position\":2,\"name\":\"RESOLU\u00c7\u00c3O SEPLAG N\u00ba 180, DE 12 DE JANEIRO DE 2023\"}]},{\"@type\":\"WebSite\",\"@id\":\"https:\/\/redelog.rj.gov.br\/redelog\/#website\",\"url\":\"https:\/\/redelog.rj.gov.br\/redelog\/\",\"name\":\"Redelog\",\"description\":\"Site da Rede de Log\u00edstica e Planejamento do Estado do Rio de Janeiro\",\"publisher\":{\"@id\":\"https:\/\/redelog.rj.gov.br\/redelog\/#organization\"},\"potentialAction\":[{\"@type\":\"SearchAction\",\"target\":{\"@type\":\"EntryPoint\",\"urlTemplate\":\"https:\/\/redelog.rj.gov.br\/redelog\/?s={search_term_string}\"},\"query-input\":{\"@type\":\"PropertyValueSpecification\",\"valueRequired\":true,\"valueName\":\"search_term_string\"}}],\"inLanguage\":\"pt-BR\"},{\"@type\":\"Organization\",\"@id\":\"https:\/\/redelog.rj.gov.br\/redelog\/#organization\",\"name\":\"REDELOG\",\"url\":\"https:\/\/redelog.rj.gov.br\/redelog\/\",\"logo\":{\"@type\":\"ImageObject\",\"inLanguage\":\"pt-BR\",\"@id\":\"https:\/\/redelog.rj.gov.br\/redelog\/#\/schema\/logo\/image\/\",\"url\":\"http:\/\/10.10.8.100:8888\/redelog\/wp-content\/uploads\/2019\/09\/Redelog2.png\",\"contentUrl\":\"http:\/\/10.10.8.100:8888\/redelog\/wp-content\/uploads\/2019\/09\/Redelog2.png\",\"width\":565,\"height\":155,\"caption\":\"REDELOG\"},\"image\":{\"@id\":\"https:\/\/redelog.rj.gov.br\/redelog\/#\/schema\/logo\/image\/\"}},{\"@type\":\"Person\",\"@id\":\"https:\/\/redelog.rj.gov.br\/redelog\/#\/schema\/person\/a80fe416b9778ee67954a79526756867\",\"name\":\"Juliane Paz Vieira Lima\",\"image\":{\"@type\":\"ImageObject\",\"inLanguage\":\"pt-BR\",\"@id\":\"https:\/\/redelog.rj.gov.br\/redelog\/#\/schema\/person\/image\/\",\"url\":\"https:\/\/secure.gravatar.com\/avatar\/6d81cf8bb20fabd08d236dec1cc7b99d2da26d368e6642dc331f1413653da0a6?s=96&d=mm&r=g\",\"contentUrl\":\"https:\/\/secure.gravatar.com\/avatar\/6d81cf8bb20fabd08d236dec1cc7b99d2da26d368e6642dc331f1413653da0a6?s=96&d=mm&r=g\",\"caption\":\"Juliane Paz Vieira Lima\"},\"url\":\"https:\/\/redelog.rj.gov.br\/redelog\/author\/julianepaz\/\"}]}<\/script>\n<!-- \/ Yoast SEO plugin. -->","yoast_head_json":{"title":"RESOLU\u00c7\u00c3O SEPLAG N\u00ba 180, DE 12 DE JANEIRO DE 2023 - Redelog","robots":{"index":"index","follow":"follow","max-snippet":"max-snippet:-1","max-image-preview":"max-image-preview:large","max-video-preview":"max-video-preview:-1"},"canonical":"https:\/\/redelog.rj.gov.br\/redelog\/resolucao-seplag-no-180-de-12-de-janeiro-de-2023\/","og_locale":"pt_BR","og_type":"article","og_title":"RESOLU\u00c7\u00c3O SEPLAG N\u00ba 180, DE 12 DE JANEIRO DE 2023 - Redelog","og_description":"REGULAMENTA AS HIP\u00d3TESES DE DISPENSA DE LICITA\u00c7\u00c3O, INCLUSIVE NA FORMA ELETR\u00d4NICA, E DE INEXIGIBILIDADE DE QUE TRATA A LEI N\u00ba 14.133, DE 1\u00ba DE ABRIL DE 2021, E DISP\u00d5E SOBRE A OBRIGATORIEDADE DA SUA REALIZA\u00c7\u00c3O PELO SISTEMA DE CONTRATA\u00c7\u00d5ES P\u00daBLICAS DO GOVERNO FEDERAL &#8211; COMPRAS.GOV.BR, NO \u00c2MBITO DA ADMINISTRA\u00c7\u00c3O P\u00daBLICA ESTADUAL DIRETA, AUT\u00c1RQUICA E FUNDACIONAL. [&hellip;]","og_url":"https:\/\/redelog.rj.gov.br\/redelog\/resolucao-seplag-no-180-de-12-de-janeiro-de-2023\/","og_site_name":"Redelog","article_published_time":"2023-01-13T14:18:17+00:00","article_modified_time":"2023-11-28T13:31:20+00:00","author":"Juliane Paz Vieira Lima","twitter_card":"summary_large_image","twitter_misc":{"Escrito por":"Juliane Paz Vieira Lima","Est. tempo de leitura":"5 minutos"},"schema":{"@context":"https:\/\/schema.org","@graph":[{"@type":"Article","@id":"https:\/\/redelog.rj.gov.br\/redelog\/resolucao-seplag-no-180-de-12-de-janeiro-de-2023\/#article","isPartOf":{"@id":"https:\/\/redelog.rj.gov.br\/redelog\/resolucao-seplag-no-180-de-12-de-janeiro-de-2023\/"},"author":{"name":"Juliane Paz Vieira Lima","@id":"https:\/\/redelog.rj.gov.br\/redelog\/#\/schema\/person\/a80fe416b9778ee67954a79526756867"},"headline":"RESOLU\u00c7\u00c3O SEPLAG N\u00ba 180, DE 12 DE JANEIRO DE 2023","datePublished":"2023-01-13T14:18:17+00:00","dateModified":"2023-11-28T13:31:20+00:00","mainEntityOfPage":{"@id":"https:\/\/redelog.rj.gov.br\/redelog\/resolucao-seplag-no-180-de-12-de-janeiro-de-2023\/"},"wordCount":4516,"publisher":{"@id":"https:\/\/redelog.rj.gov.br\/redelog\/#organization"},"articleSection":["Legisla\u00e7\u00e3o"],"inLanguage":"pt-BR"},{"@type":"WebPage","@id":"https:\/\/redelog.rj.gov.br\/redelog\/resolucao-seplag-no-180-de-12-de-janeiro-de-2023\/","url":"https:\/\/redelog.rj.gov.br\/redelog\/resolucao-seplag-no-180-de-12-de-janeiro-de-2023\/","name":"RESOLU\u00c7\u00c3O SEPLAG N\u00ba 180, DE 12 DE JANEIRO DE 2023 - Redelog","isPartOf":{"@id":"https:\/\/redelog.rj.gov.br\/redelog\/#website"},"datePublished":"2023-01-13T14:18:17+00:00","dateModified":"2023-11-28T13:31:20+00:00","breadcrumb":{"@id":"https:\/\/redelog.rj.gov.br\/redelog\/resolucao-seplag-no-180-de-12-de-janeiro-de-2023\/#breadcrumb"},"inLanguage":"pt-BR","potentialAction":[{"@type":"ReadAction","target":["https:\/\/redelog.rj.gov.br\/redelog\/resolucao-seplag-no-180-de-12-de-janeiro-de-2023\/"]}]},{"@type":"BreadcrumbList","@id":"https:\/\/redelog.rj.gov.br\/redelog\/resolucao-seplag-no-180-de-12-de-janeiro-de-2023\/#breadcrumb","itemListElement":[{"@type":"ListItem","position":1,"name":"Home","item":"https:\/\/redelog.rj.gov.br\/redelog\/"},{"@type":"ListItem","position":2,"name":"RESOLU\u00c7\u00c3O SEPLAG N\u00ba 180, DE 12 DE JANEIRO DE 2023"}]},{"@type":"WebSite","@id":"https:\/\/redelog.rj.gov.br\/redelog\/#website","url":"https:\/\/redelog.rj.gov.br\/redelog\/","name":"Redelog","description":"Site da Rede de Log\u00edstica e Planejamento do Estado do Rio de Janeiro","publisher":{"@id":"https:\/\/redelog.rj.gov.br\/redelog\/#organization"},"potentialAction":[{"@type":"SearchAction","target":{"@type":"EntryPoint","urlTemplate":"https:\/\/redelog.rj.gov.br\/redelog\/?s={search_term_string}"},"query-input":{"@type":"PropertyValueSpecification","valueRequired":true,"valueName":"search_term_string"}}],"inLanguage":"pt-BR"},{"@type":"Organization","@id":"https:\/\/redelog.rj.gov.br\/redelog\/#organization","name":"REDELOG","url":"https:\/\/redelog.rj.gov.br\/redelog\/","logo":{"@type":"ImageObject","inLanguage":"pt-BR","@id":"https:\/\/redelog.rj.gov.br\/redelog\/#\/schema\/logo\/image\/","url":"http:\/\/10.10.8.100:8888\/redelog\/wp-content\/uploads\/2019\/09\/Redelog2.png","contentUrl":"http:\/\/10.10.8.100:8888\/redelog\/wp-content\/uploads\/2019\/09\/Redelog2.png","width":565,"height":155,"caption":"REDELOG"},"image":{"@id":"https:\/\/redelog.rj.gov.br\/redelog\/#\/schema\/logo\/image\/"}},{"@type":"Person","@id":"https:\/\/redelog.rj.gov.br\/redelog\/#\/schema\/person\/a80fe416b9778ee67954a79526756867","name":"Juliane Paz Vieira Lima","image":{"@type":"ImageObject","inLanguage":"pt-BR","@id":"https:\/\/redelog.rj.gov.br\/redelog\/#\/schema\/person\/image\/","url":"https:\/\/secure.gravatar.com\/avatar\/6d81cf8bb20fabd08d236dec1cc7b99d2da26d368e6642dc331f1413653da0a6?s=96&d=mm&r=g","contentUrl":"https:\/\/secure.gravatar.com\/avatar\/6d81cf8bb20fabd08d236dec1cc7b99d2da26d368e6642dc331f1413653da0a6?s=96&d=mm&r=g","caption":"Juliane Paz Vieira Lima"},"url":"https:\/\/redelog.rj.gov.br\/redelog\/author\/julianepaz\/"}]}},"_links":{"self":[{"href":"https:\/\/redelog.rj.gov.br\/redelog\/wp-json\/wp\/v2\/posts\/20148","targetHints":{"allow":["GET"]}}],"collection":[{"href":"https:\/\/redelog.rj.gov.br\/redelog\/wp-json\/wp\/v2\/posts"}],"about":[{"href":"https:\/\/redelog.rj.gov.br\/redelog\/wp-json\/wp\/v2\/types\/post"}],"author":[{"embeddable":true,"href":"https:\/\/redelog.rj.gov.br\/redelog\/wp-json\/wp\/v2\/users\/19"}],"replies":[{"embeddable":true,"href":"https:\/\/redelog.rj.gov.br\/redelog\/wp-json\/wp\/v2\/comments?post=20148"}],"version-history":[{"count":35,"href":"https:\/\/redelog.rj.gov.br\/redelog\/wp-json\/wp\/v2\/posts\/20148\/revisions"}],"predecessor-version":[{"id":26711,"href":"https:\/\/redelog.rj.gov.br\/redelog\/wp-json\/wp\/v2\/posts\/20148\/revisions\/26711"}],"wp:attachment":[{"href":"https:\/\/redelog.rj.gov.br\/redelog\/wp-json\/wp\/v2\/media?parent=20148"}],"wp:term":[{"taxonomy":"category","embeddable":true,"href":"https:\/\/redelog.rj.gov.br\/redelog\/wp-json\/wp\/v2\/categories?post=20148"},{"taxonomy":"post_tag","embeddable":true,"href":"https:\/\/redelog.rj.gov.br\/redelog\/wp-json\/wp\/v2\/tags?post=20148"}],"curies":[{"name":"wp","href":"https:\/\/api.w.org\/{rel}","templated":true}]}}