{"id":19426,"date":"2022-09-12T11:37:42","date_gmt":"2022-09-12T14:37:42","guid":{"rendered":"https:\/\/redelog.rj.gov.br\/redelog\/?p=19426"},"modified":"2023-02-02T12:08:40","modified_gmt":"2023-02-02T15:08:40","slug":"portaria-seplag-sublog-no-21-de-30-de-agosto-de-2022-2","status":"publish","type":"post","link":"https:\/\/redelog.rj.gov.br\/redelog\/portaria-seplag-sublog-no-21-de-30-de-agosto-de-2022-2\/","title":{"rendered":"PORTARIA SEPLAG\/SUBLOG N\u00ba 21, DE 30 DE AGOSTO DE 2022"},"content":{"rendered":"\t\t<div data-elementor-type=\"wp-post\" data-elementor-id=\"19426\" class=\"elementor elementor-19426\" data-elementor-post-type=\"post\">\n\t\t\t\t\t\t<section class=\"elementor-section elementor-top-section elementor-element elementor-element-4831d63 elementor-section-boxed elementor-section-height-default elementor-section-height-default\" data-id=\"4831d63\" data-element_type=\"section\" data-settings=\"{&quot;jet_parallax_layout_list&quot;:[{&quot;jet_parallax_layout_image&quot;:{&quot;url&quot;:&quot;&quot;,&quot;id&quot;:&quot;&quot;,&quot;size&quot;:&quot;&quot;},&quot;_id&quot;:&quot;8d59844&quot;,&quot;jet_parallax_layout_image_tablet&quot;:{&quot;url&quot;:&quot;&quot;,&quot;id&quot;:&quot;&quot;,&quot;size&quot;:&quot;&quot;},&quot;jet_parallax_layout_image_mobile&quot;:{&quot;url&quot;:&quot;&quot;,&quot;id&quot;:&quot;&quot;,&quot;size&quot;:&quot;&quot;},&quot;jet_parallax_layout_speed&quot;:{&quot;unit&quot;:&quot;%&quot;,&quot;size&quot;:50,&quot;sizes&quot;:[]},&quot;jet_parallax_layout_type&quot;:&quot;scroll&quot;,&quot;jet_parallax_layout_direction&quot;:&quot;1&quot;,&quot;jet_parallax_layout_fx_direction&quot;:null,&quot;jet_parallax_layout_z_index&quot;:&quot;&quot;,&quot;jet_parallax_layout_bg_x&quot;:50,&quot;jet_parallax_layout_bg_x_tablet&quot;:&quot;&quot;,&quot;jet_parallax_layout_bg_x_mobile&quot;:&quot;&quot;,&quot;jet_parallax_layout_bg_y&quot;:50,&quot;jet_parallax_layout_bg_y_tablet&quot;:&quot;&quot;,&quot;jet_parallax_layout_bg_y_mobile&quot;:&quot;&quot;,&quot;jet_parallax_layout_bg_size&quot;:&quot;auto&quot;,&quot;jet_parallax_layout_bg_size_tablet&quot;:&quot;&quot;,&quot;jet_parallax_layout_bg_size_mobile&quot;:&quot;&quot;,&quot;jet_parallax_layout_animation_prop&quot;:&quot;transform&quot;,&quot;jet_parallax_layout_on&quot;:[&quot;desktop&quot;,&quot;tablet&quot;]}]}\">\n\t\t\t\t\t\t<div class=\"elementor-container elementor-column-gap-default\">\n\t\t\t\t\t<div class=\"elementor-column elementor-col-100 elementor-top-column elementor-element elementor-element-c864481\" data-id=\"c864481\" data-element_type=\"column\">\n\t\t\t<div class=\"elementor-widget-wrap elementor-element-populated\">\n\t\t\t\t\t\t<section class=\"elementor-section elementor-inner-section elementor-element elementor-element-24291dc elementor-section-boxed elementor-section-height-default elementor-section-height-default\" data-id=\"24291dc\" data-element_type=\"section\" data-settings=\"{&quot;jet_parallax_layout_list&quot;:[{&quot;jet_parallax_layout_image&quot;:{&quot;url&quot;:&quot;&quot;,&quot;id&quot;:&quot;&quot;,&quot;size&quot;:&quot;&quot;},&quot;_id&quot;:&quot;0546927&quot;,&quot;jet_parallax_layout_image_tablet&quot;:{&quot;url&quot;:&quot;&quot;,&quot;id&quot;:&quot;&quot;,&quot;size&quot;:&quot;&quot;},&quot;jet_parallax_layout_image_mobile&quot;:{&quot;url&quot;:&quot;&quot;,&quot;id&quot;:&quot;&quot;,&quot;size&quot;:&quot;&quot;},&quot;jet_parallax_layout_speed&quot;:{&quot;unit&quot;:&quot;%&quot;,&quot;size&quot;:50,&quot;sizes&quot;:[]},&quot;jet_parallax_layout_type&quot;:&quot;scroll&quot;,&quot;jet_parallax_layout_direction&quot;:&quot;1&quot;,&quot;jet_parallax_layout_fx_direction&quot;:null,&quot;jet_parallax_layout_z_index&quot;:&quot;&quot;,&quot;jet_parallax_layout_bg_x&quot;:50,&quot;jet_parallax_layout_bg_x_tablet&quot;:&quot;&quot;,&quot;jet_parallax_layout_bg_x_mobile&quot;:&quot;&quot;,&quot;jet_parallax_layout_bg_y&quot;:50,&quot;jet_parallax_layout_bg_y_tablet&quot;:&quot;&quot;,&quot;jet_parallax_layout_bg_y_mobile&quot;:&quot;&quot;,&quot;jet_parallax_layout_bg_size&quot;:&quot;auto&quot;,&quot;jet_parallax_layout_bg_size_tablet&quot;:&quot;&quot;,&quot;jet_parallax_layout_bg_size_mobile&quot;:&quot;&quot;,&quot;jet_parallax_layout_animation_prop&quot;:&quot;transform&quot;,&quot;jet_parallax_layout_on&quot;:[&quot;desktop&quot;,&quot;tablet&quot;]}]}\">\n\t\t\t\t\t\t<div class=\"elementor-container elementor-column-gap-default\">\n\t\t\t\t\t<div class=\"elementor-column elementor-col-50 elementor-inner-column elementor-element elementor-element-5c9c46f\" data-id=\"5c9c46f\" data-element_type=\"column\">\n\t\t\t<div class=\"elementor-widget-wrap\">\n\t\t\t\t\t\t\t<\/div>\n\t\t<\/div>\n\t\t\t\t<div class=\"elementor-column elementor-col-50 elementor-inner-column elementor-element elementor-element-dd58d70\" data-id=\"dd58d70\" data-element_type=\"column\">\n\t\t\t<div class=\"elementor-widget-wrap elementor-element-populated\">\n\t\t\t\t\t\t<div class=\"elementor-element elementor-element-0760f68 elementor-widget elementor-widget-text-editor\" data-id=\"0760f68\" data-element_type=\"widget\" data-widget_type=\"text-editor.default\">\n\t\t\t\t\t\t\t\t\t<p style=\"text-align: justify;\"><b>DIVULGA \u00a0A COMPOSI\u00c7\u00c3O DOS INTEGRANTES DO COMIT\u00ca T\u00c9CNICO DE GOVERNAN\u00c7A EM CONTRATA\u00c7\u00d5ES P\u00daBLICAS ESTABELECIDO PELO DECRETO N\u00ba 47.680 DE 12 DE JULHO DE 2021.<\/b><\/p>\t\t\t\t\t\t\t\t<\/div>\n\t\t\t\t\t<\/div>\n\t\t<\/div>\n\t\t\t\t\t<\/div>\n\t\t<\/section>\n\t\t\t\t\t<\/div>\n\t\t<\/div>\n\t\t\t\t\t<\/div>\n\t\t<\/section>\n\t\t\t\t<section class=\"elementor-section elementor-top-section elementor-element elementor-element-c91ee00 elementor-section-boxed elementor-section-height-default elementor-section-height-default\" data-id=\"c91ee00\" data-element_type=\"section\" data-settings=\"{&quot;jet_parallax_layout_list&quot;:[{&quot;jet_parallax_layout_image&quot;:{&quot;url&quot;:&quot;&quot;,&quot;id&quot;:&quot;&quot;,&quot;size&quot;:&quot;&quot;},&quot;_id&quot;:&quot;02116d9&quot;,&quot;jet_parallax_layout_image_tablet&quot;:{&quot;url&quot;:&quot;&quot;,&quot;id&quot;:&quot;&quot;,&quot;size&quot;:&quot;&quot;},&quot;jet_parallax_layout_image_mobile&quot;:{&quot;url&quot;:&quot;&quot;,&quot;id&quot;:&quot;&quot;,&quot;size&quot;:&quot;&quot;},&quot;jet_parallax_layout_speed&quot;:{&quot;unit&quot;:&quot;%&quot;,&quot;size&quot;:50,&quot;sizes&quot;:[]},&quot;jet_parallax_layout_type&quot;:&quot;scroll&quot;,&quot;jet_parallax_layout_direction&quot;:&quot;1&quot;,&quot;jet_parallax_layout_fx_direction&quot;:null,&quot;jet_parallax_layout_z_index&quot;:&quot;&quot;,&quot;jet_parallax_layout_bg_x&quot;:50,&quot;jet_parallax_layout_bg_x_tablet&quot;:&quot;&quot;,&quot;jet_parallax_layout_bg_x_mobile&quot;:&quot;&quot;,&quot;jet_parallax_layout_bg_y&quot;:50,&quot;jet_parallax_layout_bg_y_tablet&quot;:&quot;&quot;,&quot;jet_parallax_layout_bg_y_mobile&quot;:&quot;&quot;,&quot;jet_parallax_layout_bg_size&quot;:&quot;auto&quot;,&quot;jet_parallax_layout_bg_size_tablet&quot;:&quot;&quot;,&quot;jet_parallax_layout_bg_size_mobile&quot;:&quot;&quot;,&quot;jet_parallax_layout_animation_prop&quot;:&quot;transform&quot;,&quot;jet_parallax_layout_on&quot;:[&quot;desktop&quot;,&quot;tablet&quot;]}]}\">\n\t\t\t\t\t\t<div class=\"elementor-container elementor-column-gap-default\">\n\t\t\t\t\t<div class=\"elementor-column elementor-col-100 elementor-top-column elementor-element elementor-element-ee0aa44\" data-id=\"ee0aa44\" data-element_type=\"column\">\n\t\t\t<div class=\"elementor-widget-wrap elementor-element-populated\">\n\t\t\t\t\t\t<div class=\"elementor-element elementor-element-e99f420 elementor-widget elementor-widget-text-editor\" data-id=\"e99f420\" data-element_type=\"widget\" data-widget_type=\"text-editor.default\">\n\t\t\t\t\t\t\t\t\t<p class=\"Texto_Justificado\" dir=\"ltr\"><strong>O SUBSECRET\u00c1RIO DE LOG\u00cdSTICA DA SECRETARIA DE ESTADO DE PLANEJAMENTO E GEST\u00c3O<\/strong>, em atendimento ao disposto no artigo 6\u00ba do Decreto n\u00ba 47.680 de 12 de julho de 2021, e em conson\u00e2ncia com o processo administrativo SEI-120001\/008005\/2021,<\/p><p class=\"Texto_Justificado\" dir=\"ltr\"><strong>RESOLVE:<\/strong><\/p><p class=\"Texto_Justificado\" dir=\"ltr\"><strong>Art. 1\u00ba\u00a0<\/strong>&#8211;\u00a0Ficam definidos como membros do Comit\u00ea T\u00e9cnico de Governan\u00e7a em Contrata\u00e7\u00f5es P\u00fablicas os seguintes servidores:\u00a0<\/p><p class=\"Texto_Justificado\" dir=\"ltr\"><strong>I<\/strong>\u00a0&#8211; Da Secretaria de Estado de Planejamento e Gest\u00e3o:<\/p><p class=\"Texto_Justificado\" dir=\"ltr\"><strong>a)<\/strong>\u00a0Rud\u00e1 Brand\u00e3o Azambuja Neto, Assessor, ID Funcional 4177432-9<\/p><p class=\"Texto_Justificado\" dir=\"ltr\"><strong>b)<\/strong>\u00a0Helo\u00edsa Berto da Silva &#8211; Superintendente &#8211; ID Funcional 5018317-6\u00a0<\/p><p class=\"Texto_Justificado\" dir=\"ltr\"><strong>c)<\/strong>\u00a0Marta Sampaio de Freitas &#8211; Superintendente &#8211; ID Funcional 2555326-7 (Suplente)<\/p><p class=\"Texto_Justificado\" dir=\"ltr\"><strong>II<\/strong>\u00a0&#8211; Da Secretaria de Estado de Pol\u00edcia Militar \u2013 SEPM:<\/p><p class=\"Texto_Justificado\" dir=\"ltr\"><strong>a)<\/strong>\u00a0Rafael Barros de Santana, Maj PM &#8211; Subdiretor Administrativo e Chefe da Se\u00e7\u00e3o de Contratos, ID Funcional 0595652-8; e<\/p><p class=\"Texto_Justificado\" dir=\"ltr\"><strong>b)<\/strong>\u00a0Ricardo Rosso Rodrigues da Costa Cabral, 1\u00ba Ten PM &#8211; Chefe da Assessoria de Licita\u00e7\u00f5es e Contratos, ID Funcional 5089337-8 (Suplente).<\/p><p class=\"Texto_Justificado\" dir=\"ltr\"><strong>III\u00a0<\/strong>&#8211; Da Secretaria de Estado de Pol\u00edcia Civil \u2013 SEPOL:<\/p><p class=\"Texto_Justificado\" dir=\"ltr\"><strong>a)<\/strong>\u00a0 Andrea Nunes da Costa Menezes, Diretora-Geral de Contrata\u00e7\u00f5es e Conv\u00eanios, ID 565602-8; e<\/p><p class=\"Texto_Justificado\" dir=\"ltr\"><strong>b)<\/strong>\u00a0Marco Landeira de Oliveira, Diretor da Divis\u00e3o de Prepara\u00e7\u00e3o das Contrata\u00e7\u00f5es, ID Funcional 3002387-4 (Suplente).<\/p><p class=\"Texto_Justificado\" dir=\"ltr\"><strong>IV\u00a0<\/strong>&#8211; Da Secretaria de Estado de Defesa Civil \u2013 SEDEC:<\/p><p class=\"Texto_Justificado\" dir=\"ltr\"><strong>a)<\/strong>\u00a0Rafael Paiva Vieira \u2013 Cel BM\u00a0 QOC\/99 \u2013 ID Funcional 2653154-2;<\/p><p class=\"Texto_Justificado\" dir=\"ltr\"><strong>b)<\/strong>\u00a0Daniel Augusto da Silva Vila\u00e7a \u2013 Ten Cel QOC\/01 \u2013 ID Funcional 2645711-3 (Suplente).<\/p><p class=\"Texto_Justificado\" dir=\"ltr\"><strong>V<\/strong>\u00a0&#8211; Da Secretaria de Estado de Sa\u00fade \u2013 SES:<\/p><p class=\"Texto_Justificado\" dir=\"ltr\"><strong>a)<\/strong>\u00a0Cristiane Seixas Fernandes \u2013 Superintendente de Compras e Licita\u00e7\u00f5es \u2013 ID Funcional 0570266-6; e<\/p><p class=\"Texto_Justificado\" dir=\"ltr\"><strong>b)<\/strong>\u00a0Thais Santos Serra \u2013 Coordenadora de Licita\u00e7\u00e3o \u2013 ID Funcional 5004445-1 (Suplente).<\/p><p class=\"Texto_Justificado\" dir=\"ltr\"><strong>VI\u00a0<\/strong>&#8211; Da Secretaria de Estado de Educa\u00e7\u00e3o \u2013 SEEDUC:<\/p><p class=\"Texto_Justificado\" dir=\"ltr\"><strong>a)<\/strong>\u00a0Sarah da Silva Alc\u00e2ntara, Superintend\u00eancia de Gest\u00e3o de Contratos e Conv\u00eanios, ID Funcional 5036090-6; e<\/p><p class=\"Texto_Justificado\" dir=\"ltr\"><strong>b)<\/strong>\u00a0Luis Claudio da Costa Bezerra, Coordenadoria de Licita\u00e7\u00f5es, ID Funcional 4274792-9 (Suplente)<\/p><p class=\"Texto_Justificado\" dir=\"ltr\"><strong>VII\u00a0<\/strong>&#8211; Da Secretaria de Estado de Fazenda \u2013 SEFAZ:<\/p><p class=\"Texto_Justificado\" dir=\"ltr\"><del><strong>a)<\/strong>\u00a0Melina Moreira Amato Kneip \u2013 Diretora Geral de Administra\u00e7\u00e3o e Finan\u00e7as \u2013 ID Funcional 4398760-5; e<\/del><\/p><p dir=\"ltr\"><strong>a)<\/strong> Ingrid Sassen Paz Santa Brigida, Superintendente de Compras e Contratos, ID Funcional 5093543-7; e (<a href=\"https:\/\/www.redelog.rj.gov.br\/redelog\/wp-content\/uploads\/2023\/02\/Portaria-SEPLAG-SUBLOG-no-26-Altera-Composicao-do-Comite-Tecnico.pdf\"><em>Alterado pela Portaria SEPLAG\/SUBLOG n\u00ba 26, de 26 de janeiro de 2023<\/em><\/a>)<\/p><p class=\"Texto_Justificado\" dir=\"ltr\"><del><strong>b)<\/strong>\u00a0Tamara Monteiro Ferreira Porto, Coordenadora de Planejamento de Compras, ID. Funcional: 5114631-2 (Suplente).<\/del><\/p><p dir=\"ltr\"><strong>b)<\/strong> Rafaela Miotto de Almeida, Assistente, ID Funcional 5114201-5 (Suplente) (<a href=\"https:\/\/www.redelog.rj.gov.br\/redelog\/wp-content\/uploads\/2023\/02\/Portaria-SEPLAG-SUBLOG-no-26-Altera-Composicao-do-Comite-Tecnico.pdf\"><em>Alterado pela Portaria SEPLAG\/SUBLOG n\u00ba 26, de 26 de janeiro de 2023<\/em><\/a>)<\/p><p class=\"Texto_Justificado\" dir=\"ltr\"><strong>VIII &#8211;<\/strong>\u00a0Da Secretaria de Estado de Infraestrutura e Obras \u2013 SEINFRA:<\/p><p class=\"Texto_Justificado\" dir=\"ltr\"><strong>a)<\/strong>\u00a0Gabriel de Miranda Pe\u00e7anha \u2013 Superintendente de Licita\u00e7\u00f5es e Contratos \u2013 ID Funcional 5121690-6; e\u00a0<\/p><p class=\"Texto_Justificado\" dir=\"ltr\"><strong>b)\u00a0<\/strong>Murilo Vieira Coura \u2013 Coordenador de Licita\u00e7\u00f5es \u2013 ID Funcional 5121612-4 (Suplente).\u00a0<\/p><p class=\"Texto_Justificado\" dir=\"ltr\"><strong>IX\u00a0<\/strong>&#8211; Do Departamento de Tr\u00e2nsito do Estado do Rio de Janeiro \u2013 DETRAN:<\/p><p class=\"Texto_Justificado\" dir=\"ltr\"><strong>a)<\/strong>\u00a0Everton Almeida da Silva, Assistente T\u00e9cnico Administrativo, ID Funcional: 4400030-8; e<\/p><p class=\"Texto_Justificado\" dir=\"ltr\"><strong>b)<\/strong>\u00a0Bruno Targino Garcia \u2013 Assistente T\u00e9cnico Administrativo \u2013 ID Funcional 4400598-9 (Suplente).<\/p><p class=\"Texto_Justificado\" dir=\"ltr\"><strong>Art. 2\u00ba<\/strong>\u00a0&#8211; As datas e pautas das reuni\u00f5es de seus membros ser\u00e3o definidas pela Subsecretaria de Log\u00edstica da Secretaria de Estado de Planejamento e Gest\u00e3o e informadas aos participantes por correio eletr\u00f4nico.\u00a0\u00a0<\/p><p class=\"Texto_Justificado\" dir=\"ltr\"><strong>Art. 3\u00ba<\/strong>\u00a0&#8211; Ficam revogadas as Portarias SEPLAG\/SUBLOG n\u00ba 05, de 09 de agosto de 2021 e\u00a0n\u00ba 07, de 30 de agosto de 2021.<\/p><p class=\"Texto_Justificado\" dir=\"ltr\"><strong>Art. 4\u00ba<\/strong>\u00a0&#8211; Esta portaria entra em vigor na data de sua publica\u00e7\u00e3o.<\/p><p style=\"text-align: center;\">Rio de Janeiro, 30 de agosto de 2022.<\/p><p style=\"text-align: center;\"><strong>THIAGO FARIAS DIAS<\/strong><\/p><p style=\"text-align: center;\">Subsecret\u00e1rio de Log\u00edstica<\/p><p style=\"text-align: right;\">Id: 2420385<\/p>\t\t\t\t\t\t\t\t<\/div>\n\t\t\t\t\t<\/div>\n\t\t<\/div>\n\t\t\t\t\t<\/div>\n\t\t<\/section>\n\t\t\t\t<section class=\"elementor-section elementor-top-section elementor-element elementor-element-51eaab4 elementor-section-boxed elementor-section-height-default elementor-section-height-default\" data-id=\"51eaab4\" data-element_type=\"section\" data-settings=\"{&quot;jet_parallax_layout_list&quot;:[{&quot;jet_parallax_layout_image&quot;:{&quot;url&quot;:&quot;&quot;,&quot;id&quot;:&quot;&quot;,&quot;size&quot;:&quot;&quot;},&quot;_id&quot;:&quot;04dd098&quot;,&quot;jet_parallax_layout_image_tablet&quot;:{&quot;url&quot;:&quot;&quot;,&quot;id&quot;:&quot;&quot;,&quot;size&quot;:&quot;&quot;},&quot;jet_parallax_layout_image_mobile&quot;:{&quot;url&quot;:&quot;&quot;,&quot;id&quot;:&quot;&quot;,&quot;size&quot;:&quot;&quot;},&quot;jet_parallax_layout_speed&quot;:{&quot;unit&quot;:&quot;%&quot;,&quot;size&quot;:50,&quot;sizes&quot;:[]},&quot;jet_parallax_layout_type&quot;:&quot;scroll&quot;,&quot;jet_parallax_layout_direction&quot;:&quot;1&quot;,&quot;jet_parallax_layout_fx_direction&quot;:null,&quot;jet_parallax_layout_z_index&quot;:&quot;&quot;,&quot;jet_parallax_layout_bg_x&quot;:50,&quot;jet_parallax_layout_bg_x_tablet&quot;:&quot;&quot;,&quot;jet_parallax_layout_bg_x_mobile&quot;:&quot;&quot;,&quot;jet_parallax_layout_bg_y&quot;:50,&quot;jet_parallax_layout_bg_y_tablet&quot;:&quot;&quot;,&quot;jet_parallax_layout_bg_y_mobile&quot;:&quot;&quot;,&quot;jet_parallax_layout_bg_size&quot;:&quot;auto&quot;,&quot;jet_parallax_layout_bg_size_tablet&quot;:&quot;&quot;,&quot;jet_parallax_layout_bg_size_mobile&quot;:&quot;&quot;,&quot;jet_parallax_layout_animation_prop&quot;:&quot;transform&quot;,&quot;jet_parallax_layout_on&quot;:[&quot;desktop&quot;,&quot;tablet&quot;]}]}\">\n\t\t\t\t\t\t<div class=\"elementor-container elementor-column-gap-default\">\n\t\t\t\t\t<div class=\"elementor-column elementor-col-100 elementor-top-column elementor-element elementor-element-df6924d\" data-id=\"df6924d\" data-element_type=\"column\">\n\t\t\t<div class=\"elementor-widget-wrap elementor-element-populated\">\n\t\t\t\t\t\t<div class=\"elementor-element elementor-element-1b77b32 elementor-widget elementor-widget-text-editor\" data-id=\"1b77b32\" data-element_type=\"widget\" data-widget_type=\"text-editor.default\">\n\t\t\t\t\t\t\t\t\t<p><em>Publicada no DOE em <a href=\"https:\/\/www.redelog.rj.gov.br\/redelog\/wp-content\/uploads\/2022\/09\/Portaria-SEPLAG-SUBLOG-no-21-Composicao-Comite-Tecnico-de-Governanca-em-Contratacoes.pdf\"><strong>01\/09\/2021<\/strong><\/a>.<\/em><\/p><p><em>Alterada pela Portaria SEPLAG\/SUBLOG n\u00ba 26, de 26 de janeiro de 2023, publicada no DOE em <a href=\"https:\/\/www.redelog.rj.gov.br\/redelog\/wp-content\/uploads\/2023\/02\/Portaria-SEPLAG-SUBLOG-no-26-Altera-Composicao-do-Comite-Tecnico.pdf\"><strong>31\/01\/2023<\/strong><\/a>.<\/em><em><br \/><\/em><\/p>\t\t\t\t\t\t\t\t<\/div>\n\t\t\t\t\t<\/div>\n\t\t<\/div>\n\t\t\t\t\t<\/div>\n\t\t<\/section>\n\t\t\t\t<section class=\"elementor-section elementor-top-section elementor-element elementor-element-eb623d8 elementor-section-boxed elementor-section-height-default elementor-section-height-default\" data-id=\"eb623d8\" data-element_type=\"section\" data-settings=\"{&quot;jet_parallax_layout_list&quot;:[{&quot;jet_parallax_layout_image&quot;:{&quot;url&quot;:&quot;&quot;,&quot;id&quot;:&quot;&quot;,&quot;size&quot;:&quot;&quot;},&quot;_id&quot;:&quot;ab030fc&quot;,&quot;jet_parallax_layout_image_tablet&quot;:{&quot;url&quot;:&quot;&quot;,&quot;id&quot;:&quot;&quot;,&quot;size&quot;:&quot;&quot;},&quot;jet_parallax_layout_image_mobile&quot;:{&quot;url&quot;:&quot;&quot;,&quot;id&quot;:&quot;&quot;,&quot;size&quot;:&quot;&quot;},&quot;jet_parallax_layout_speed&quot;:{&quot;unit&quot;:&quot;%&quot;,&quot;size&quot;:50,&quot;sizes&quot;:[]},&quot;jet_parallax_layout_type&quot;:&quot;scroll&quot;,&quot;jet_parallax_layout_direction&quot;:&quot;1&quot;,&quot;jet_parallax_layout_fx_direction&quot;:null,&quot;jet_parallax_layout_z_index&quot;:&quot;&quot;,&quot;jet_parallax_layout_bg_x&quot;:50,&quot;jet_parallax_layout_bg_x_tablet&quot;:&quot;&quot;,&quot;jet_parallax_layout_bg_x_mobile&quot;:&quot;&quot;,&quot;jet_parallax_layout_bg_y&quot;:50,&quot;jet_parallax_layout_bg_y_tablet&quot;:&quot;&quot;,&quot;jet_parallax_layout_bg_y_mobile&quot;:&quot;&quot;,&quot;jet_parallax_layout_bg_size&quot;:&quot;auto&quot;,&quot;jet_parallax_layout_bg_size_tablet&quot;:&quot;&quot;,&quot;jet_parallax_layout_bg_size_mobile&quot;:&quot;&quot;,&quot;jet_parallax_layout_animation_prop&quot;:&quot;transform&quot;,&quot;jet_parallax_layout_on&quot;:[&quot;desktop&quot;,&quot;tablet&quot;]}]}\">\n\t\t\t\t\t\t<div class=\"elementor-container elementor-column-gap-default\">\n\t\t\t\t\t<div class=\"elementor-column elementor-col-100 elementor-top-column elementor-element elementor-element-896c588\" data-id=\"896c588\" data-element_type=\"column\">\n\t\t\t<div class=\"elementor-widget-wrap elementor-element-populated\">\n\t\t\t\t\t\t<div class=\"elementor-element elementor-element-6ebaee1 elementor-widget-divider--view-line elementor-widget elementor-widget-divider\" data-id=\"6ebaee1\" data-element_type=\"widget\" data-widget_type=\"divider.default\">\n\t\t\t\t\t\t\t<div class=\"elementor-divider\">\n\t\t\t<span class=\"elementor-divider-separator\">\n\t\t\t\t\t\t<\/span>\n\t\t<\/div>\n\t\t\t\t\t\t<\/div>\n\t\t\t\t\t<\/div>\n\t\t<\/div>\n\t\t\t\t\t<\/div>\n\t\t<\/section>\n\t\t\t\t<section class=\"elementor-section elementor-top-section elementor-element elementor-element-df2cbe3 elementor-section-boxed elementor-section-height-default elementor-section-height-default\" data-id=\"df2cbe3\" data-element_type=\"section\" id=\"options\" data-settings=\"{&quot;jet_parallax_layout_list&quot;:[{&quot;jet_parallax_layout_image&quot;:{&quot;url&quot;:&quot;&quot;,&quot;id&quot;:&quot;&quot;,&quot;size&quot;:&quot;&quot;},&quot;_id&quot;:&quot;19d7213&quot;,&quot;jet_parallax_layout_image_tablet&quot;:{&quot;url&quot;:&quot;&quot;,&quot;id&quot;:&quot;&quot;,&quot;size&quot;:&quot;&quot;},&quot;jet_parallax_layout_image_mobile&quot;:{&quot;url&quot;:&quot;&quot;,&quot;id&quot;:&quot;&quot;,&quot;size&quot;:&quot;&quot;},&quot;jet_parallax_layout_speed&quot;:{&quot;unit&quot;:&quot;%&quot;,&quot;size&quot;:50,&quot;sizes&quot;:[]},&quot;jet_parallax_layout_type&quot;:&quot;scroll&quot;,&quot;jet_parallax_layout_direction&quot;:&quot;1&quot;,&quot;jet_parallax_layout_fx_direction&quot;:null,&quot;jet_parallax_layout_z_index&quot;:&quot;&quot;,&quot;jet_parallax_layout_bg_x&quot;:50,&quot;jet_parallax_layout_bg_x_tablet&quot;:&quot;&quot;,&quot;jet_parallax_layout_bg_x_mobile&quot;:&quot;&quot;,&quot;jet_parallax_layout_bg_y&quot;:50,&quot;jet_parallax_layout_bg_y_tablet&quot;:&quot;&quot;,&quot;jet_parallax_layout_bg_y_mobile&quot;:&quot;&quot;,&quot;jet_parallax_layout_bg_size&quot;:&quot;auto&quot;,&quot;jet_parallax_layout_bg_size_tablet&quot;:&quot;&quot;,&quot;jet_parallax_layout_bg_size_mobile&quot;:&quot;&quot;,&quot;jet_parallax_layout_animation_prop&quot;:&quot;transform&quot;,&quot;jet_parallax_layout_on&quot;:[&quot;desktop&quot;,&quot;tablet&quot;]}]}\">\n\t\t\t\t\t\t<div class=\"elementor-container elementor-column-gap-default\">\n\t\t\t\t\t<div class=\"elementor-column elementor-col-100 elementor-top-column elementor-element elementor-element-7208c82\" data-id=\"7208c82\" data-element_type=\"column\">\n\t\t\t<div class=\"elementor-widget-wrap elementor-element-populated\">\n\t\t\t\t\t\t<div class=\"elementor-element elementor-element-545ec7f elementor-widget elementor-widget-shortcode\" data-id=\"545ec7f\" data-element_type=\"widget\" data-widget_type=\"shortcode.default\">\n\t\t\t\t\t\t\t<div class=\"elementor-shortcode\"><div class='printomatic pom-default ' id='id3637' alt='Imprimir' title='Imprimir' data-print_target='#post-19426'><\/div> <div class='printomatictext' id='id3637' alt='Imprimir' title='Imprimir' data-print_target='#post-19426'>Imprimir<\/div><div style='clear: both;'><\/div><\/div>\n\t\t\t\t\t\t<\/div>\n\t\t\t\t<section class=\"elementor-section elementor-inner-section elementor-element elementor-element-69ec0cf elementor-section-boxed elementor-section-height-default elementor-section-height-default\" data-id=\"69ec0cf\" data-element_type=\"section\" data-settings=\"{&quot;jet_parallax_layout_list&quot;:[{&quot;jet_parallax_layout_image&quot;:{&quot;url&quot;:&quot;&quot;,&quot;id&quot;:&quot;&quot;,&quot;size&quot;:&quot;&quot;},&quot;_id&quot;:&quot;ccec7d1&quot;,&quot;jet_parallax_layout_image_tablet&quot;:{&quot;url&quot;:&quot;&quot;,&quot;id&quot;:&quot;&quot;,&quot;size&quot;:&quot;&quot;},&quot;jet_parallax_layout_image_mobile&quot;:{&quot;url&quot;:&quot;&quot;,&quot;id&quot;:&quot;&quot;,&quot;size&quot;:&quot;&quot;},&quot;jet_parallax_layout_speed&quot;:{&quot;unit&quot;:&quot;%&quot;,&quot;size&quot;:50,&quot;sizes&quot;:[]},&quot;jet_parallax_layout_type&quot;:&quot;scroll&quot;,&quot;jet_parallax_layout_direction&quot;:&quot;1&quot;,&quot;jet_parallax_layout_fx_direction&quot;:null,&quot;jet_parallax_layout_z_index&quot;:&quot;&quot;,&quot;jet_parallax_layout_bg_x&quot;:50,&quot;jet_parallax_layout_bg_x_tablet&quot;:&quot;&quot;,&quot;jet_parallax_layout_bg_x_mobile&quot;:&quot;&quot;,&quot;jet_parallax_layout_bg_y&quot;:50,&quot;jet_parallax_layout_bg_y_tablet&quot;:&quot;&quot;,&quot;jet_parallax_layout_bg_y_mobile&quot;:&quot;&quot;,&quot;jet_parallax_layout_bg_size&quot;:&quot;auto&quot;,&quot;jet_parallax_layout_bg_size_tablet&quot;:&quot;&quot;,&quot;jet_parallax_layout_bg_size_mobile&quot;:&quot;&quot;,&quot;jet_parallax_layout_animation_prop&quot;:&quot;transform&quot;,&quot;jet_parallax_layout_on&quot;:[&quot;desktop&quot;,&quot;tablet&quot;]}]}\">\n\t\t\t\t\t\t<div class=\"elementor-container elementor-column-gap-default\">\n\t\t\t\t\t<div class=\"elementor-column elementor-col-50 elementor-inner-column elementor-element elementor-element-e9b92c2\" data-id=\"e9b92c2\" data-element_type=\"column\">\n\t\t\t<div class=\"elementor-widget-wrap elementor-element-populated\">\n\t\t\t\t\t\t<div class=\"elementor-element elementor-element-b1f1706 elementor-widget elementor-widget-text-editor\" data-id=\"b1f1706\" data-element_type=\"widget\" data-widget_type=\"text-editor.default\">\n\t\t\t\t\t\t\t\t\t<p><strong><a href=\"http:\/\/redelog.rj.gov.br\/redelog\/legislacao-licitacoes\/\">\u2190 Voltar &#8211; Licita\u00e7\u00f5es<\/a><\/strong><\/p>\t\t\t\t\t\t\t\t<\/div>\n\t\t\t\t\t<\/div>\n\t\t<\/div>\n\t\t\t\t<div class=\"elementor-column elementor-col-50 elementor-inner-column elementor-element elementor-element-5a32f60\" data-id=\"5a32f60\" data-element_type=\"column\">\n\t\t\t<div class=\"elementor-widget-wrap elementor-element-populated\">\n\t\t\t\t\t\t\t<\/div>\n\t\t<\/div>\n\t\t\t\t\t<\/div>\n\t\t<\/section>\n\t\t\t\t\t<\/div>\n\t\t<\/div>\n\t\t\t\t\t<\/div>\n\t\t<\/section>\n\t\t\t\t<section class=\"elementor-section elementor-top-section elementor-element elementor-element-cf9160b elementor-section-boxed elementor-section-height-default elementor-section-height-default\" data-id=\"cf9160b\" data-element_type=\"section\" data-settings=\"{&quot;jet_parallax_layout_list&quot;:[{&quot;jet_parallax_layout_image&quot;:{&quot;url&quot;:&quot;&quot;,&quot;id&quot;:&quot;&quot;,&quot;size&quot;:&quot;&quot;},&quot;_id&quot;:&quot;22a0abb&quot;,&quot;jet_parallax_layout_image_tablet&quot;:{&quot;url&quot;:&quot;&quot;,&quot;id&quot;:&quot;&quot;,&quot;size&quot;:&quot;&quot;},&quot;jet_parallax_layout_image_mobile&quot;:{&quot;url&quot;:&quot;&quot;,&quot;id&quot;:&quot;&quot;,&quot;size&quot;:&quot;&quot;},&quot;jet_parallax_layout_speed&quot;:{&quot;unit&quot;:&quot;%&quot;,&quot;size&quot;:50,&quot;sizes&quot;:[]},&quot;jet_parallax_layout_type&quot;:&quot;scroll&quot;,&quot;jet_parallax_layout_direction&quot;:&quot;1&quot;,&quot;jet_parallax_layout_fx_direction&quot;:null,&quot;jet_parallax_layout_z_index&quot;:&quot;&quot;,&quot;jet_parallax_layout_bg_x&quot;:50,&quot;jet_parallax_layout_bg_x_tablet&quot;:&quot;&quot;,&quot;jet_parallax_layout_bg_x_mobile&quot;:&quot;&quot;,&quot;jet_parallax_layout_bg_y&quot;:50,&quot;jet_parallax_layout_bg_y_tablet&quot;:&quot;&quot;,&quot;jet_parallax_layout_bg_y_mobile&quot;:&quot;&quot;,&quot;jet_parallax_layout_bg_size&quot;:&quot;auto&quot;,&quot;jet_parallax_layout_bg_size_tablet&quot;:&quot;&quot;,&quot;jet_parallax_layout_bg_size_mobile&quot;:&quot;&quot;,&quot;jet_parallax_layout_animation_prop&quot;:&quot;transform&quot;,&quot;jet_parallax_layout_on&quot;:[&quot;desktop&quot;,&quot;tablet&quot;]}]}\">\n\t\t\t\t\t\t<div class=\"elementor-container elementor-column-gap-default\">\n\t\t\t\t\t<div class=\"elementor-column elementor-col-100 elementor-top-column elementor-element elementor-element-aaac2f5\" data-id=\"aaac2f5\" data-element_type=\"column\">\n\t\t\t<div class=\"elementor-widget-wrap elementor-element-populated\">\n\t\t\t\t\t\t<div class=\"elementor-element elementor-element-2dd17e9 elementor-widget elementor-widget-html\" data-id=\"2dd17e9\" data-element_type=\"widget\" data-widget_type=\"html.default\">\n\t\t\t\t\t<style>\n    h2, .h2-style{\n        font-size: 28px;\n    }\n<\/style>\t\t\t\t<\/div>\n\t\t\t\t\t<\/div>\n\t\t<\/div>\n\t\t\t\t\t<\/div>\n\t\t<\/section>\n\t\t\t\t<\/div>\n\t\t","protected":false},"excerpt":{"rendered":"<p>DIVULGA \u00a0A COMPOSI\u00c7\u00c3O DOS INTEGRANTES DO COMIT\u00ca T\u00c9CNICO DE GOVERNAN\u00c7A EM CONTRATA\u00c7\u00d5ES P\u00daBLICAS ESTABELECIDO PELO DECRETO N\u00ba 47.680 DE 12 DE JULHO DE 2021. O SUBSECRET\u00c1RIO DE LOG\u00cdSTICA DA SECRETARIA DE ESTADO DE PLANEJAMENTO E GEST\u00c3O, em atendimento ao disposto no artigo 6\u00ba do Decreto n\u00ba 47.680 de 12 de julho de 2021, e em [&hellip;]<\/p>\n","protected":false},"author":19,"featured_media":0,"comment_status":"closed","ping_status":"open","sticky":false,"template":"","format":"standard","meta":{"_joinchat":[],"footnotes":""},"categories":[23],"tags":[],"class_list":["post-19426","post","type-post","status-publish","format-standard","hentry","category-cat-legislacao"],"yoast_head":"<!-- This site is optimized with the Yoast SEO plugin v25.7 - https:\/\/yoast.com\/wordpress\/plugins\/seo\/ -->\n<title>PORTARIA SEPLAG\/SUBLOG N\u00ba 21, DE 30 DE AGOSTO DE 2022 - Redelog<\/title>\n<meta name=\"robots\" content=\"index, follow, max-snippet:-1, max-image-preview:large, max-video-preview:-1\" \/>\n<link rel=\"canonical\" href=\"https:\/\/redelog.rj.gov.br\/redelog\/portaria-seplag-sublog-no-21-de-30-de-agosto-de-2022-2\/\" \/>\n<meta property=\"og:locale\" content=\"pt_BR\" \/>\n<meta property=\"og:type\" content=\"article\" \/>\n<meta property=\"og:title\" content=\"PORTARIA SEPLAG\/SUBLOG N\u00ba 21, DE 30 DE AGOSTO DE 2022 - Redelog\" \/>\n<meta property=\"og:description\" content=\"DIVULGA \u00a0A COMPOSI\u00c7\u00c3O DOS INTEGRANTES DO COMIT\u00ca T\u00c9CNICO DE GOVERNAN\u00c7A EM CONTRATA\u00c7\u00d5ES P\u00daBLICAS ESTABELECIDO PELO DECRETO N\u00ba 47.680 DE 12 DE JULHO DE 2021. O SUBSECRET\u00c1RIO DE LOG\u00cdSTICA DA SECRETARIA DE ESTADO DE PLANEJAMENTO E GEST\u00c3O, em atendimento ao disposto no artigo 6\u00ba do Decreto n\u00ba 47.680 de 12 de julho de 2021, e em [&hellip;]\" \/>\n<meta property=\"og:url\" content=\"https:\/\/redelog.rj.gov.br\/redelog\/portaria-seplag-sublog-no-21-de-30-de-agosto-de-2022-2\/\" \/>\n<meta property=\"og:site_name\" content=\"Redelog\" \/>\n<meta property=\"article:published_time\" content=\"2022-09-12T14:37:42+00:00\" \/>\n<meta property=\"article:modified_time\" content=\"2023-02-02T15:08:40+00:00\" \/>\n<meta name=\"author\" content=\"Juliane Paz Vieira Lima\" \/>\n<meta name=\"twitter:card\" content=\"summary_large_image\" \/>\n<meta name=\"twitter:label1\" content=\"Escrito por\" \/>\n\t<meta name=\"twitter:data1\" content=\"Juliane Paz Vieira Lima\" \/>\n\t<meta name=\"twitter:label2\" content=\"Est. tempo de leitura\" \/>\n\t<meta name=\"twitter:data2\" content=\"2 minutos\" \/>\n<script type=\"application\/ld+json\" class=\"yoast-schema-graph\">{\"@context\":\"https:\/\/schema.org\",\"@graph\":[{\"@type\":\"Article\",\"@id\":\"https:\/\/redelog.rj.gov.br\/redelog\/portaria-seplag-sublog-no-21-de-30-de-agosto-de-2022-2\/#article\",\"isPartOf\":{\"@id\":\"https:\/\/redelog.rj.gov.br\/redelog\/portaria-seplag-sublog-no-21-de-30-de-agosto-de-2022-2\/\"},\"author\":{\"name\":\"Juliane Paz Vieira Lima\",\"@id\":\"https:\/\/redelog.rj.gov.br\/redelog\/#\/schema\/person\/a80fe416b9778ee67954a79526756867\"},\"headline\":\"PORTARIA SEPLAG\/SUBLOG N\u00ba 21, DE 30 DE AGOSTO DE 2022\",\"datePublished\":\"2022-09-12T14:37:42+00:00\",\"dateModified\":\"2023-02-02T15:08:40+00:00\",\"mainEntityOfPage\":{\"@id\":\"https:\/\/redelog.rj.gov.br\/redelog\/portaria-seplag-sublog-no-21-de-30-de-agosto-de-2022-2\/\"},\"wordCount\":631,\"publisher\":{\"@id\":\"https:\/\/redelog.rj.gov.br\/redelog\/#organization\"},\"articleSection\":[\"Legisla\u00e7\u00e3o\"],\"inLanguage\":\"pt-BR\"},{\"@type\":\"WebPage\",\"@id\":\"https:\/\/redelog.rj.gov.br\/redelog\/portaria-seplag-sublog-no-21-de-30-de-agosto-de-2022-2\/\",\"url\":\"https:\/\/redelog.rj.gov.br\/redelog\/portaria-seplag-sublog-no-21-de-30-de-agosto-de-2022-2\/\",\"name\":\"PORTARIA SEPLAG\/SUBLOG N\u00ba 21, DE 30 DE AGOSTO DE 2022 - Redelog\",\"isPartOf\":{\"@id\":\"https:\/\/redelog.rj.gov.br\/redelog\/#website\"},\"datePublished\":\"2022-09-12T14:37:42+00:00\",\"dateModified\":\"2023-02-02T15:08:40+00:00\",\"breadcrumb\":{\"@id\":\"https:\/\/redelog.rj.gov.br\/redelog\/portaria-seplag-sublog-no-21-de-30-de-agosto-de-2022-2\/#breadcrumb\"},\"inLanguage\":\"pt-BR\",\"potentialAction\":[{\"@type\":\"ReadAction\",\"target\":[\"https:\/\/redelog.rj.gov.br\/redelog\/portaria-seplag-sublog-no-21-de-30-de-agosto-de-2022-2\/\"]}]},{\"@type\":\"BreadcrumbList\",\"@id\":\"https:\/\/redelog.rj.gov.br\/redelog\/portaria-seplag-sublog-no-21-de-30-de-agosto-de-2022-2\/#breadcrumb\",\"itemListElement\":[{\"@type\":\"ListItem\",\"position\":1,\"name\":\"Home\",\"item\":\"https:\/\/redelog.rj.gov.br\/redelog\/\"},{\"@type\":\"ListItem\",\"position\":2,\"name\":\"PORTARIA SEPLAG\/SUBLOG N\u00ba 21, DE 30 DE AGOSTO DE 2022\"}]},{\"@type\":\"WebSite\",\"@id\":\"https:\/\/redelog.rj.gov.br\/redelog\/#website\",\"url\":\"https:\/\/redelog.rj.gov.br\/redelog\/\",\"name\":\"Redelog\",\"description\":\"Site da Rede de Log\u00edstica e Planejamento do Estado do Rio de Janeiro\",\"publisher\":{\"@id\":\"https:\/\/redelog.rj.gov.br\/redelog\/#organization\"},\"potentialAction\":[{\"@type\":\"SearchAction\",\"target\":{\"@type\":\"EntryPoint\",\"urlTemplate\":\"https:\/\/redelog.rj.gov.br\/redelog\/?s={search_term_string}\"},\"query-input\":{\"@type\":\"PropertyValueSpecification\",\"valueRequired\":true,\"valueName\":\"search_term_string\"}}],\"inLanguage\":\"pt-BR\"},{\"@type\":\"Organization\",\"@id\":\"https:\/\/redelog.rj.gov.br\/redelog\/#organization\",\"name\":\"REDELOG\",\"url\":\"https:\/\/redelog.rj.gov.br\/redelog\/\",\"logo\":{\"@type\":\"ImageObject\",\"inLanguage\":\"pt-BR\",\"@id\":\"https:\/\/redelog.rj.gov.br\/redelog\/#\/schema\/logo\/image\/\",\"url\":\"http:\/\/10.10.8.100:8888\/redelog\/wp-content\/uploads\/2019\/09\/Redelog2.png\",\"contentUrl\":\"http:\/\/10.10.8.100:8888\/redelog\/wp-content\/uploads\/2019\/09\/Redelog2.png\",\"width\":565,\"height\":155,\"caption\":\"REDELOG\"},\"image\":{\"@id\":\"https:\/\/redelog.rj.gov.br\/redelog\/#\/schema\/logo\/image\/\"}},{\"@type\":\"Person\",\"@id\":\"https:\/\/redelog.rj.gov.br\/redelog\/#\/schema\/person\/a80fe416b9778ee67954a79526756867\",\"name\":\"Juliane Paz Vieira Lima\",\"image\":{\"@type\":\"ImageObject\",\"inLanguage\":\"pt-BR\",\"@id\":\"https:\/\/redelog.rj.gov.br\/redelog\/#\/schema\/person\/image\/\",\"url\":\"https:\/\/secure.gravatar.com\/avatar\/6d81cf8bb20fabd08d236dec1cc7b99d2da26d368e6642dc331f1413653da0a6?s=96&d=mm&r=g\",\"contentUrl\":\"https:\/\/secure.gravatar.com\/avatar\/6d81cf8bb20fabd08d236dec1cc7b99d2da26d368e6642dc331f1413653da0a6?s=96&d=mm&r=g\",\"caption\":\"Juliane Paz Vieira Lima\"},\"url\":\"https:\/\/redelog.rj.gov.br\/redelog\/author\/julianepaz\/\"}]}<\/script>\n<!-- \/ Yoast SEO plugin. -->","yoast_head_json":{"title":"PORTARIA SEPLAG\/SUBLOG N\u00ba 21, DE 30 DE AGOSTO DE 2022 - Redelog","robots":{"index":"index","follow":"follow","max-snippet":"max-snippet:-1","max-image-preview":"max-image-preview:large","max-video-preview":"max-video-preview:-1"},"canonical":"https:\/\/redelog.rj.gov.br\/redelog\/portaria-seplag-sublog-no-21-de-30-de-agosto-de-2022-2\/","og_locale":"pt_BR","og_type":"article","og_title":"PORTARIA SEPLAG\/SUBLOG N\u00ba 21, DE 30 DE AGOSTO DE 2022 - Redelog","og_description":"DIVULGA \u00a0A COMPOSI\u00c7\u00c3O DOS INTEGRANTES DO COMIT\u00ca T\u00c9CNICO DE GOVERNAN\u00c7A EM CONTRATA\u00c7\u00d5ES P\u00daBLICAS ESTABELECIDO PELO DECRETO N\u00ba 47.680 DE 12 DE JULHO DE 2021. O SUBSECRET\u00c1RIO DE LOG\u00cdSTICA DA SECRETARIA DE ESTADO DE PLANEJAMENTO E GEST\u00c3O, em atendimento ao disposto no artigo 6\u00ba do Decreto n\u00ba 47.680 de 12 de julho de 2021, e em [&hellip;]","og_url":"https:\/\/redelog.rj.gov.br\/redelog\/portaria-seplag-sublog-no-21-de-30-de-agosto-de-2022-2\/","og_site_name":"Redelog","article_published_time":"2022-09-12T14:37:42+00:00","article_modified_time":"2023-02-02T15:08:40+00:00","author":"Juliane Paz Vieira Lima","twitter_card":"summary_large_image","twitter_misc":{"Escrito por":"Juliane Paz Vieira Lima","Est. tempo de leitura":"2 minutos"},"schema":{"@context":"https:\/\/schema.org","@graph":[{"@type":"Article","@id":"https:\/\/redelog.rj.gov.br\/redelog\/portaria-seplag-sublog-no-21-de-30-de-agosto-de-2022-2\/#article","isPartOf":{"@id":"https:\/\/redelog.rj.gov.br\/redelog\/portaria-seplag-sublog-no-21-de-30-de-agosto-de-2022-2\/"},"author":{"name":"Juliane Paz Vieira Lima","@id":"https:\/\/redelog.rj.gov.br\/redelog\/#\/schema\/person\/a80fe416b9778ee67954a79526756867"},"headline":"PORTARIA SEPLAG\/SUBLOG N\u00ba 21, DE 30 DE AGOSTO DE 2022","datePublished":"2022-09-12T14:37:42+00:00","dateModified":"2023-02-02T15:08:40+00:00","mainEntityOfPage":{"@id":"https:\/\/redelog.rj.gov.br\/redelog\/portaria-seplag-sublog-no-21-de-30-de-agosto-de-2022-2\/"},"wordCount":631,"publisher":{"@id":"https:\/\/redelog.rj.gov.br\/redelog\/#organization"},"articleSection":["Legisla\u00e7\u00e3o"],"inLanguage":"pt-BR"},{"@type":"WebPage","@id":"https:\/\/redelog.rj.gov.br\/redelog\/portaria-seplag-sublog-no-21-de-30-de-agosto-de-2022-2\/","url":"https:\/\/redelog.rj.gov.br\/redelog\/portaria-seplag-sublog-no-21-de-30-de-agosto-de-2022-2\/","name":"PORTARIA SEPLAG\/SUBLOG N\u00ba 21, DE 30 DE AGOSTO DE 2022 - Redelog","isPartOf":{"@id":"https:\/\/redelog.rj.gov.br\/redelog\/#website"},"datePublished":"2022-09-12T14:37:42+00:00","dateModified":"2023-02-02T15:08:40+00:00","breadcrumb":{"@id":"https:\/\/redelog.rj.gov.br\/redelog\/portaria-seplag-sublog-no-21-de-30-de-agosto-de-2022-2\/#breadcrumb"},"inLanguage":"pt-BR","potentialAction":[{"@type":"ReadAction","target":["https:\/\/redelog.rj.gov.br\/redelog\/portaria-seplag-sublog-no-21-de-30-de-agosto-de-2022-2\/"]}]},{"@type":"BreadcrumbList","@id":"https:\/\/redelog.rj.gov.br\/redelog\/portaria-seplag-sublog-no-21-de-30-de-agosto-de-2022-2\/#breadcrumb","itemListElement":[{"@type":"ListItem","position":1,"name":"Home","item":"https:\/\/redelog.rj.gov.br\/redelog\/"},{"@type":"ListItem","position":2,"name":"PORTARIA SEPLAG\/SUBLOG N\u00ba 21, DE 30 DE AGOSTO DE 2022"}]},{"@type":"WebSite","@id":"https:\/\/redelog.rj.gov.br\/redelog\/#website","url":"https:\/\/redelog.rj.gov.br\/redelog\/","name":"Redelog","description":"Site da Rede de Log\u00edstica e Planejamento do Estado do Rio de Janeiro","publisher":{"@id":"https:\/\/redelog.rj.gov.br\/redelog\/#organization"},"potentialAction":[{"@type":"SearchAction","target":{"@type":"EntryPoint","urlTemplate":"https:\/\/redelog.rj.gov.br\/redelog\/?s={search_term_string}"},"query-input":{"@type":"PropertyValueSpecification","valueRequired":true,"valueName":"search_term_string"}}],"inLanguage":"pt-BR"},{"@type":"Organization","@id":"https:\/\/redelog.rj.gov.br\/redelog\/#organization","name":"REDELOG","url":"https:\/\/redelog.rj.gov.br\/redelog\/","logo":{"@type":"ImageObject","inLanguage":"pt-BR","@id":"https:\/\/redelog.rj.gov.br\/redelog\/#\/schema\/logo\/image\/","url":"http:\/\/10.10.8.100:8888\/redelog\/wp-content\/uploads\/2019\/09\/Redelog2.png","contentUrl":"http:\/\/10.10.8.100:8888\/redelog\/wp-content\/uploads\/2019\/09\/Redelog2.png","width":565,"height":155,"caption":"REDELOG"},"image":{"@id":"https:\/\/redelog.rj.gov.br\/redelog\/#\/schema\/logo\/image\/"}},{"@type":"Person","@id":"https:\/\/redelog.rj.gov.br\/redelog\/#\/schema\/person\/a80fe416b9778ee67954a79526756867","name":"Juliane Paz Vieira Lima","image":{"@type":"ImageObject","inLanguage":"pt-BR","@id":"https:\/\/redelog.rj.gov.br\/redelog\/#\/schema\/person\/image\/","url":"https:\/\/secure.gravatar.com\/avatar\/6d81cf8bb20fabd08d236dec1cc7b99d2da26d368e6642dc331f1413653da0a6?s=96&d=mm&r=g","contentUrl":"https:\/\/secure.gravatar.com\/avatar\/6d81cf8bb20fabd08d236dec1cc7b99d2da26d368e6642dc331f1413653da0a6?s=96&d=mm&r=g","caption":"Juliane Paz Vieira Lima"},"url":"https:\/\/redelog.rj.gov.br\/redelog\/author\/julianepaz\/"}]}},"_links":{"self":[{"href":"https:\/\/redelog.rj.gov.br\/redelog\/wp-json\/wp\/v2\/posts\/19426","targetHints":{"allow":["GET"]}}],"collection":[{"href":"https:\/\/redelog.rj.gov.br\/redelog\/wp-json\/wp\/v2\/posts"}],"about":[{"href":"https:\/\/redelog.rj.gov.br\/redelog\/wp-json\/wp\/v2\/types\/post"}],"author":[{"embeddable":true,"href":"https:\/\/redelog.rj.gov.br\/redelog\/wp-json\/wp\/v2\/users\/19"}],"replies":[{"embeddable":true,"href":"https:\/\/redelog.rj.gov.br\/redelog\/wp-json\/wp\/v2\/comments?post=19426"}],"version-history":[{"count":21,"href":"https:\/\/redelog.rj.gov.br\/redelog\/wp-json\/wp\/v2\/posts\/19426\/revisions"}],"predecessor-version":[{"id":20644,"href":"https:\/\/redelog.rj.gov.br\/redelog\/wp-json\/wp\/v2\/posts\/19426\/revisions\/20644"}],"wp:attachment":[{"href":"https:\/\/redelog.rj.gov.br\/redelog\/wp-json\/wp\/v2\/media?parent=19426"}],"wp:term":[{"taxonomy":"category","embeddable":true,"href":"https:\/\/redelog.rj.gov.br\/redelog\/wp-json\/wp\/v2\/categories?post=19426"},{"taxonomy":"post_tag","embeddable":true,"href":"https:\/\/redelog.rj.gov.br\/redelog\/wp-json\/wp\/v2\/tags?post=19426"}],"curies":[{"name":"wp","href":"https:\/\/api.w.org\/{rel}","templated":true}]}}