{"id":19358,"date":"2022-09-06T08:21:42","date_gmt":"2022-09-06T11:21:42","guid":{"rendered":"https:\/\/redelog.rj.gov.br\/redelog\/?p=19358"},"modified":"2025-08-19T16:15:28","modified_gmt":"2025-08-19T19:15:28","slug":"ouvidoria-interna-e-transparencia","status":"publish","type":"post","link":"https:\/\/redelog.rj.gov.br\/redelog\/ouvidoria-interna-e-transparencia\/","title":{"rendered":"OUVIDORIA INTERNA E TRANSPAR\u00caNCIA"},"content":{"rendered":"\t\t<div data-elementor-type=\"wp-post\" data-elementor-id=\"19358\" class=\"elementor elementor-19358\" data-elementor-post-type=\"post\">\n\t\t\t\t\t\t<section class=\"elementor-section elementor-top-section elementor-element elementor-element-0b727be elementor-section-boxed elementor-section-height-default elementor-section-height-default\" data-id=\"0b727be\" data-element_type=\"section\" data-settings=\"{&quot;jet_parallax_layout_list&quot;:[{&quot;jet_parallax_layout_image&quot;:{&quot;url&quot;:&quot;&quot;,&quot;id&quot;:&quot;&quot;,&quot;size&quot;:&quot;&quot;},&quot;_id&quot;:&quot;eb6dbd3&quot;,&quot;jet_parallax_layout_image_tablet&quot;:{&quot;url&quot;:&quot;&quot;,&quot;id&quot;:&quot;&quot;,&quot;size&quot;:&quot;&quot;},&quot;jet_parallax_layout_image_mobile&quot;:{&quot;url&quot;:&quot;&quot;,&quot;id&quot;:&quot;&quot;,&quot;size&quot;:&quot;&quot;},&quot;jet_parallax_layout_speed&quot;:{&quot;unit&quot;:&quot;%&quot;,&quot;size&quot;:50,&quot;sizes&quot;:[]},&quot;jet_parallax_layout_type&quot;:&quot;scroll&quot;,&quot;jet_parallax_layout_direction&quot;:&quot;1&quot;,&quot;jet_parallax_layout_fx_direction&quot;:null,&quot;jet_parallax_layout_z_index&quot;:&quot;&quot;,&quot;jet_parallax_layout_bg_x&quot;:50,&quot;jet_parallax_layout_bg_x_tablet&quot;:&quot;&quot;,&quot;jet_parallax_layout_bg_x_mobile&quot;:&quot;&quot;,&quot;jet_parallax_layout_bg_y&quot;:50,&quot;jet_parallax_layout_bg_y_tablet&quot;:&quot;&quot;,&quot;jet_parallax_layout_bg_y_mobile&quot;:&quot;&quot;,&quot;jet_parallax_layout_bg_size&quot;:&quot;auto&quot;,&quot;jet_parallax_layout_bg_size_tablet&quot;:&quot;&quot;,&quot;jet_parallax_layout_bg_size_mobile&quot;:&quot;&quot;,&quot;jet_parallax_layout_animation_prop&quot;:&quot;transform&quot;,&quot;jet_parallax_layout_on&quot;:[&quot;desktop&quot;,&quot;tablet&quot;]}]}\">\n\t\t\t\t\t\t<div class=\"elementor-container elementor-column-gap-no\">\n\t\t\t\t\t<div class=\"elementor-column elementor-col-66 elementor-top-column elementor-element elementor-element-89b1e8d\" data-id=\"89b1e8d\" data-element_type=\"column\">\n\t\t\t<div class=\"elementor-widget-wrap elementor-element-populated\">\n\t\t\t\t\t\t<div class=\"elementor-element elementor-element-c6c5455 elementor-widget elementor-widget-text-editor\" data-id=\"c6c5455\" data-element_type=\"widget\" data-widget_type=\"text-editor.default\">\n\t\t\t\t\t\t\t\t\t<section class=\"elementor-section elementor-top-section elementor-element elementor-element-653909f elementor-section-boxed elementor-section-height-default elementor-section-height-default\" data-id=\"653909f\" data-element_type=\"section\"><div class=\"elementor-container elementor-column-gap-default\"><div class=\"elementor-column elementor-col-100 elementor-top-column elementor-element elementor-element-4ff28d7\" data-id=\"4ff28d7\" data-element_type=\"column\"><div class=\"elementor-widget-wrap elementor-element-populated\"><div class=\"elementor-element elementor-element-ebe8866 elementor-widget elementor-widget-heading\" data-id=\"ebe8866\" data-element_type=\"widget\" data-widget_type=\"heading.default\"><div class=\"elementor-widget-container\"><p class=\"mt-15 text-justify\">A Ouvidoria \u00e9 um \u00f3rg\u00e3o vinculado \u00e0 Subsecretaria de Controladoria Interna da Secretaria de Estado de Planejamento e Gest\u00e3o do Rio de Janeiro, sendo um canal de comunica\u00e7\u00e3o da sociedade com a SEPLAG-RJ, com o objetivo de contribuir para a excel\u00eancia de seus servi\u00e7os prestados e o exerc\u00edcio da cidadania por parte do usu\u00e1rio do servi\u00e7o p\u00fablico. A Ouvidoria atua em quest\u00f5es relacionadas a\u00a0<strong>procedimentos e processos internos, manifesta\u00e7\u00f5es de ouvidoria e transpar\u00eancia<\/strong>, devendo ser acionada em casos\u00a0<strong>de pedido de informa\u00e7\u00e3o, comunica\u00e7\u00f5es, den\u00fancias, elogios, reclama\u00e7\u00f5es, solicita\u00e7\u00f5es e sugest\u00f5es<\/strong>.<\/p><p class=\"text-justify\">As formas de contato com a Ouvidoria s\u00e3o:<\/p><p class=\"mt-20n text-justify\"><strong>Presencialmente:<\/strong>\u00a0Somente com agendamento pr\u00e9vio, por meio telef\u00f4nico.<\/p><p class=\"mt-20n text-justify\"><strong>Hor\u00e1rio de Atendimento:<\/strong>\u00a010h \u00e0s 16h.<\/p><p class=\"mt-20n text-justify\"><strong>Telefone:<\/strong>\u00a0(21) 2333-3322.<\/p><p class=\"mt-20n text-justify\"><strong>Endere\u00e7o:<\/strong>\u00a0Av. Erasmo Braga, n\u00ba 118 \/ 2\u00b0 andar &#8211; Centro &#8211; Rio de Janeiro\/RJ &#8211; CEP: 20020-000.<\/p><p class=\"mt-20n text-justify\"><strong>E-mail:<\/strong> ouvidoria@planejamento.rj.gov.br\u00a0<\/p><\/div><\/div><\/div><\/div><\/div><\/section><section class=\"elementor-section elementor-top-section elementor-element elementor-element-9c8d0cc elementor-section-boxed elementor-section-height-default elementor-section-height-default\" data-id=\"9c8d0cc\" data-element_type=\"section\"><div class=\"elementor-container elementor-column-gap-default\"><div class=\"elementor-column elementor-col-50 elementor-top-column elementor-element elementor-element-82b2881\" data-id=\"82b2881\" data-element_type=\"column\"><div class=\"elementor-widget-wrap elementor-element-populated\"><div class=\"elementor-element elementor-element-3956a9f elementor-widget elementor-widget-text-editor\" data-id=\"3956a9f\" data-element_type=\"widget\" data-widget_type=\"text-editor.default\"><div class=\"elementor-widget-container\"><p class=\"mt-15 text-justify\">\u00a0<\/p><\/div><\/div><\/div><\/div><div class=\"elementor-column elementor-col-50 elementor-top-column elementor-element elementor-element-1aa0431\" data-id=\"1aa0431\" data-element_type=\"column\"><div class=\"elementor-widget-wrap elementor-element-populated\"><div class=\"elementor-element elementor-element-082bf47 elementor-widget__width-inherit elementor-widget elementor-widget-image\" data-id=\"082bf47\" data-element_type=\"widget\" data-widget_type=\"image.default\">\u00a0<\/div><\/div><\/div><\/div><\/section><section class=\"elementor-section elementor-top-section elementor-element elementor-element-0db0cad elementor-section-boxed elementor-section-height-default elementor-section-height-default\" data-id=\"0db0cad\" data-element_type=\"section\" data-settings=\"{\"><div class=\"elementor-container elementor-column-gap-default\"><div class=\"elementor-column elementor-col-100 elementor-top-column elementor-element elementor-element-80da020\" data-id=\"80da020\" data-element_type=\"column\"><div class=\"elementor-widget-wrap elementor-element-populated\"><div class=\"elementor-element elementor-element-2e94ba8 elementor-widget elementor-widget-text-editor\" data-id=\"2e94ba8\" data-element_type=\"widget\" data-widget_type=\"text-editor.default\"><div class=\"elementor-widget-container\">\u00a0<\/div><\/div><\/div><\/div><\/div><\/section>\t\t\t\t\t\t\t\t<\/div>\n\t\t\t\t<div class=\"elementor-element elementor-element-084c161 elementor-widget-divider--view-line elementor-widget elementor-widget-divider\" data-id=\"084c161\" data-element_type=\"widget\" data-widget_type=\"divider.default\">\n\t\t\t\t\t\t\t<div class=\"elementor-divider\">\n\t\t\t<span class=\"elementor-divider-separator\">\n\t\t\t\t\t\t<\/span>\n\t\t<\/div>\n\t\t\t\t\t\t<\/div>\n\t\t\t\t<div class=\"elementor-element elementor-element-e56b8a9 elementor-widget elementor-widget-shortcode\" data-id=\"e56b8a9\" data-element_type=\"widget\" data-widget_type=\"shortcode.default\">\n\t\t\t\t\t\t\t<div class=\"elementor-shortcode\"><div class='printomatic pom-default ' id='id9803' alt='Imprimir' title='Imprimir' data-print_target='#post-19358'><\/div> <div class='printomatictext' id='id9803' alt='Imprimir' title='Imprimir' data-print_target='#post-19358'>Imprimir<\/div><div style='clear: both;'><\/div><\/div>\n\t\t\t\t\t\t<\/div>\n\t\t\t\t\t<\/div>\n\t\t<\/div>\n\t\t\t\t<div class=\"elementor-column elementor-col-33 elementor-top-column elementor-element elementor-element-b3858ba\" data-id=\"b3858ba\" data-element_type=\"column\">\n\t\t\t<div class=\"elementor-widget-wrap elementor-element-populated\">\n\t\t\t\t\t\t<div class=\"elementor-element elementor-element-e290bcf elementor-widget__width-initial elementor-widget elementor-widget-image\" data-id=\"e290bcf\" data-element_type=\"widget\" data-widget_type=\"image.default\">\n\t\t\t\t\t\t\t\t\t\t\t\t\t\t\t<img decoding=\"async\" data-src=\"https:\/\/redelog.rj.gov.br\/redelog\/wp-content\/uploads\/2022\/09\/OUV.jpg\" title=\"OUV\" alt=\"OUV\" src=\"data:image\/svg+xml;base64,PHN2ZyB3aWR0aD0iMSIgaGVpZ2h0PSIxIiB4bWxucz0iaHR0cDovL3d3dy53My5vcmcvMjAwMC9zdmciPjwvc3ZnPg==\" class=\"lazyload\" style=\"--smush-placeholder-width: 341px; --smush-placeholder-aspect-ratio: 341\/227;\" \/>\t\t\t\t\t\t\t\t\t\t\t\t\t\t\t<\/div>\n\t\t\t\t\t<\/div>\n\t\t<\/div>\n\t\t\t\t\t<\/div>\n\t\t<\/section>\n\t\t\t\t<\/div>\n\t\t","protected":false},"excerpt":{"rendered":"<p>A Ouvidoria \u00e9 um \u00f3rg\u00e3o vinculado \u00e0 Subsecretaria de Controladoria Interna da Secretaria de Estado de Planejamento e Gest\u00e3o do Rio de Janeiro, sendo um canal de comunica\u00e7\u00e3o da sociedade com a SEPLAG-RJ, com o objetivo de contribuir para a excel\u00eancia de seus servi\u00e7os prestados e o exerc\u00edcio da cidadania por parte do usu\u00e1rio do [&hellip;]<\/p>\n","protected":false},"author":9,"featured_media":0,"comment_status":"closed","ping_status":"open","sticky":false,"template":"","format":"standard","meta":{"_joinchat":[],"footnotes":""},"categories":[25,34,33,38],"tags":[],"class_list":["post-19358","post","type-post","status-publish","format-standard","hentry","category-cat-capacitacao","category-cat-cursos-abertos","category-cat-cursos-internos","category-cat-informes"],"yoast_head":"<!-- This site is optimized with the Yoast SEO plugin v25.7 - https:\/\/yoast.com\/wordpress\/plugins\/seo\/ -->\n<title>OUVIDORIA INTERNA E TRANSPAR\u00caNCIA - Redelog<\/title>\n<meta name=\"robots\" content=\"index, follow, max-snippet:-1, max-image-preview:large, max-video-preview:-1\" \/>\n<link rel=\"canonical\" href=\"https:\/\/redelog.rj.gov.br\/redelog\/ouvidoria-interna-e-transparencia\/\" \/>\n<meta property=\"og:locale\" content=\"pt_BR\" \/>\n<meta property=\"og:type\" content=\"article\" \/>\n<meta property=\"og:title\" content=\"OUVIDORIA INTERNA E TRANSPAR\u00caNCIA - Redelog\" \/>\n<meta property=\"og:description\" content=\"A Ouvidoria \u00e9 um \u00f3rg\u00e3o vinculado \u00e0 Subsecretaria de Controladoria Interna da Secretaria de Estado de Planejamento e Gest\u00e3o do Rio de Janeiro, sendo um canal de comunica\u00e7\u00e3o da sociedade com a SEPLAG-RJ, com o objetivo de contribuir para a excel\u00eancia de seus servi\u00e7os prestados e o exerc\u00edcio da cidadania por parte do usu\u00e1rio do [&hellip;]\" \/>\n<meta property=\"og:url\" content=\"https:\/\/redelog.rj.gov.br\/redelog\/ouvidoria-interna-e-transparencia\/\" \/>\n<meta property=\"og:site_name\" content=\"Redelog\" \/>\n<meta property=\"article:published_time\" content=\"2022-09-06T11:21:42+00:00\" \/>\n<meta property=\"article:modified_time\" content=\"2025-08-19T19:15:28+00:00\" \/>\n<meta property=\"og:image\" content=\"http:\/\/redelog.rj.gov.br\/redelog\/wp-content\/uploads\/2022\/09\/OUV.jpg\" \/>\n<meta name=\"author\" content=\"Rejane\" \/>\n<meta name=\"twitter:card\" content=\"summary_large_image\" \/>\n<meta name=\"twitter:label1\" content=\"Escrito por\" \/>\n\t<meta name=\"twitter:data1\" content=\"Rejane\" \/>\n\t<meta name=\"twitter:label2\" content=\"Est. tempo de leitura\" \/>\n\t<meta name=\"twitter:data2\" content=\"1 minuto\" \/>\n<script type=\"application\/ld+json\" class=\"yoast-schema-graph\">{\"@context\":\"https:\/\/schema.org\",\"@graph\":[{\"@type\":\"Article\",\"@id\":\"https:\/\/redelog.rj.gov.br\/redelog\/ouvidoria-interna-e-transparencia\/#article\",\"isPartOf\":{\"@id\":\"https:\/\/redelog.rj.gov.br\/redelog\/ouvidoria-interna-e-transparencia\/\"},\"author\":{\"name\":\"Rejane\",\"@id\":\"https:\/\/redelog.rj.gov.br\/redelog\/#\/schema\/person\/711e4a03f3b5eeb4ffeb92a63daecd59\"},\"headline\":\"OUVIDORIA INTERNA E TRANSPAR\u00caNCIA\",\"datePublished\":\"2022-09-06T11:21:42+00:00\",\"dateModified\":\"2025-08-19T19:15:28+00:00\",\"mainEntityOfPage\":{\"@id\":\"https:\/\/redelog.rj.gov.br\/redelog\/ouvidoria-interna-e-transparencia\/\"},\"wordCount\":171,\"publisher\":{\"@id\":\"https:\/\/redelog.rj.gov.br\/redelog\/#organization\"},\"image\":{\"@id\":\"https:\/\/redelog.rj.gov.br\/redelog\/ouvidoria-interna-e-transparencia\/#primaryimage\"},\"thumbnailUrl\":\"http:\/\/redelog.rj.gov.br\/redelog\/wp-content\/uploads\/2022\/09\/OUV.jpg\",\"articleSection\":[\"Capacita\u00e7\u00e3o\",\"Cursos Abertos\",\"Cursos Internos\",\"Informes\"],\"inLanguage\":\"pt-BR\"},{\"@type\":\"WebPage\",\"@id\":\"https:\/\/redelog.rj.gov.br\/redelog\/ouvidoria-interna-e-transparencia\/\",\"url\":\"https:\/\/redelog.rj.gov.br\/redelog\/ouvidoria-interna-e-transparencia\/\",\"name\":\"OUVIDORIA INTERNA E TRANSPAR\u00caNCIA - Redelog\",\"isPartOf\":{\"@id\":\"https:\/\/redelog.rj.gov.br\/redelog\/#website\"},\"primaryImageOfPage\":{\"@id\":\"https:\/\/redelog.rj.gov.br\/redelog\/ouvidoria-interna-e-transparencia\/#primaryimage\"},\"image\":{\"@id\":\"https:\/\/redelog.rj.gov.br\/redelog\/ouvidoria-interna-e-transparencia\/#primaryimage\"},\"thumbnailUrl\":\"http:\/\/redelog.rj.gov.br\/redelog\/wp-content\/uploads\/2022\/09\/OUV.jpg\",\"datePublished\":\"2022-09-06T11:21:42+00:00\",\"dateModified\":\"2025-08-19T19:15:28+00:00\",\"breadcrumb\":{\"@id\":\"https:\/\/redelog.rj.gov.br\/redelog\/ouvidoria-interna-e-transparencia\/#breadcrumb\"},\"inLanguage\":\"pt-BR\",\"potentialAction\":[{\"@type\":\"ReadAction\",\"target\":[\"https:\/\/redelog.rj.gov.br\/redelog\/ouvidoria-interna-e-transparencia\/\"]}]},{\"@type\":\"ImageObject\",\"inLanguage\":\"pt-BR\",\"@id\":\"https:\/\/redelog.rj.gov.br\/redelog\/ouvidoria-interna-e-transparencia\/#primaryimage\",\"url\":\"https:\/\/redelog.rj.gov.br\/redelog\/wp-content\/uploads\/2022\/09\/OUV.jpg\",\"contentUrl\":\"https:\/\/redelog.rj.gov.br\/redelog\/wp-content\/uploads\/2022\/09\/OUV.jpg\",\"width\":341,\"height\":227},{\"@type\":\"BreadcrumbList\",\"@id\":\"https:\/\/redelog.rj.gov.br\/redelog\/ouvidoria-interna-e-transparencia\/#breadcrumb\",\"itemListElement\":[{\"@type\":\"ListItem\",\"position\":1,\"name\":\"Home\",\"item\":\"https:\/\/redelog.rj.gov.br\/redelog\/\"},{\"@type\":\"ListItem\",\"position\":2,\"name\":\"OUVIDORIA INTERNA E TRANSPAR\u00caNCIA\"}]},{\"@type\":\"WebSite\",\"@id\":\"https:\/\/redelog.rj.gov.br\/redelog\/#website\",\"url\":\"https:\/\/redelog.rj.gov.br\/redelog\/\",\"name\":\"Redelog\",\"description\":\"Site da Rede de Log\u00edstica e Planejamento do Estado do Rio de Janeiro\",\"publisher\":{\"@id\":\"https:\/\/redelog.rj.gov.br\/redelog\/#organization\"},\"potentialAction\":[{\"@type\":\"SearchAction\",\"target\":{\"@type\":\"EntryPoint\",\"urlTemplate\":\"https:\/\/redelog.rj.gov.br\/redelog\/?s={search_term_string}\"},\"query-input\":{\"@type\":\"PropertyValueSpecification\",\"valueRequired\":true,\"valueName\":\"search_term_string\"}}],\"inLanguage\":\"pt-BR\"},{\"@type\":\"Organization\",\"@id\":\"https:\/\/redelog.rj.gov.br\/redelog\/#organization\",\"name\":\"REDELOG\",\"url\":\"https:\/\/redelog.rj.gov.br\/redelog\/\",\"logo\":{\"@type\":\"ImageObject\",\"inLanguage\":\"pt-BR\",\"@id\":\"https:\/\/redelog.rj.gov.br\/redelog\/#\/schema\/logo\/image\/\",\"url\":\"http:\/\/10.10.8.100:8888\/redelog\/wp-content\/uploads\/2019\/09\/Redelog2.png\",\"contentUrl\":\"http:\/\/10.10.8.100:8888\/redelog\/wp-content\/uploads\/2019\/09\/Redelog2.png\",\"width\":565,\"height\":155,\"caption\":\"REDELOG\"},\"image\":{\"@id\":\"https:\/\/redelog.rj.gov.br\/redelog\/#\/schema\/logo\/image\/\"}},{\"@type\":\"Person\",\"@id\":\"https:\/\/redelog.rj.gov.br\/redelog\/#\/schema\/person\/711e4a03f3b5eeb4ffeb92a63daecd59\",\"name\":\"Rejane\",\"image\":{\"@type\":\"ImageObject\",\"inLanguage\":\"pt-BR\",\"@id\":\"https:\/\/redelog.rj.gov.br\/redelog\/#\/schema\/person\/image\/\",\"url\":\"https:\/\/secure.gravatar.com\/avatar\/9e2f6efb183531871283cb363403afe7c22e3efb129d9e809e5824cd145dd3a8?s=96&d=mm&r=g\",\"contentUrl\":\"https:\/\/secure.gravatar.com\/avatar\/9e2f6efb183531871283cb363403afe7c22e3efb129d9e809e5824cd145dd3a8?s=96&d=mm&r=g\",\"caption\":\"Rejane\"},\"url\":\"https:\/\/redelog.rj.gov.br\/redelog\/author\/rejane\/\"}]}<\/script>\n<!-- \/ Yoast SEO plugin. -->","yoast_head_json":{"title":"OUVIDORIA INTERNA E TRANSPAR\u00caNCIA - Redelog","robots":{"index":"index","follow":"follow","max-snippet":"max-snippet:-1","max-image-preview":"max-image-preview:large","max-video-preview":"max-video-preview:-1"},"canonical":"https:\/\/redelog.rj.gov.br\/redelog\/ouvidoria-interna-e-transparencia\/","og_locale":"pt_BR","og_type":"article","og_title":"OUVIDORIA INTERNA E TRANSPAR\u00caNCIA - Redelog","og_description":"A Ouvidoria \u00e9 um \u00f3rg\u00e3o vinculado \u00e0 Subsecretaria de Controladoria Interna da Secretaria de Estado de Planejamento e Gest\u00e3o do Rio de Janeiro, sendo um canal de comunica\u00e7\u00e3o da sociedade com a SEPLAG-RJ, com o objetivo de contribuir para a excel\u00eancia de seus servi\u00e7os prestados e o exerc\u00edcio da cidadania por parte do usu\u00e1rio do [&hellip;]","og_url":"https:\/\/redelog.rj.gov.br\/redelog\/ouvidoria-interna-e-transparencia\/","og_site_name":"Redelog","article_published_time":"2022-09-06T11:21:42+00:00","article_modified_time":"2025-08-19T19:15:28+00:00","og_image":[{"url":"http:\/\/redelog.rj.gov.br\/redelog\/wp-content\/uploads\/2022\/09\/OUV.jpg","type":"","width":"","height":""}],"author":"Rejane","twitter_card":"summary_large_image","twitter_misc":{"Escrito por":"Rejane","Est. tempo de leitura":"1 minuto"},"schema":{"@context":"https:\/\/schema.org","@graph":[{"@type":"Article","@id":"https:\/\/redelog.rj.gov.br\/redelog\/ouvidoria-interna-e-transparencia\/#article","isPartOf":{"@id":"https:\/\/redelog.rj.gov.br\/redelog\/ouvidoria-interna-e-transparencia\/"},"author":{"name":"Rejane","@id":"https:\/\/redelog.rj.gov.br\/redelog\/#\/schema\/person\/711e4a03f3b5eeb4ffeb92a63daecd59"},"headline":"OUVIDORIA INTERNA E TRANSPAR\u00caNCIA","datePublished":"2022-09-06T11:21:42+00:00","dateModified":"2025-08-19T19:15:28+00:00","mainEntityOfPage":{"@id":"https:\/\/redelog.rj.gov.br\/redelog\/ouvidoria-interna-e-transparencia\/"},"wordCount":171,"publisher":{"@id":"https:\/\/redelog.rj.gov.br\/redelog\/#organization"},"image":{"@id":"https:\/\/redelog.rj.gov.br\/redelog\/ouvidoria-interna-e-transparencia\/#primaryimage"},"thumbnailUrl":"http:\/\/redelog.rj.gov.br\/redelog\/wp-content\/uploads\/2022\/09\/OUV.jpg","articleSection":["Capacita\u00e7\u00e3o","Cursos Abertos","Cursos Internos","Informes"],"inLanguage":"pt-BR"},{"@type":"WebPage","@id":"https:\/\/redelog.rj.gov.br\/redelog\/ouvidoria-interna-e-transparencia\/","url":"https:\/\/redelog.rj.gov.br\/redelog\/ouvidoria-interna-e-transparencia\/","name":"OUVIDORIA INTERNA E TRANSPAR\u00caNCIA - Redelog","isPartOf":{"@id":"https:\/\/redelog.rj.gov.br\/redelog\/#website"},"primaryImageOfPage":{"@id":"https:\/\/redelog.rj.gov.br\/redelog\/ouvidoria-interna-e-transparencia\/#primaryimage"},"image":{"@id":"https:\/\/redelog.rj.gov.br\/redelog\/ouvidoria-interna-e-transparencia\/#primaryimage"},"thumbnailUrl":"http:\/\/redelog.rj.gov.br\/redelog\/wp-content\/uploads\/2022\/09\/OUV.jpg","datePublished":"2022-09-06T11:21:42+00:00","dateModified":"2025-08-19T19:15:28+00:00","breadcrumb":{"@id":"https:\/\/redelog.rj.gov.br\/redelog\/ouvidoria-interna-e-transparencia\/#breadcrumb"},"inLanguage":"pt-BR","potentialAction":[{"@type":"ReadAction","target":["https:\/\/redelog.rj.gov.br\/redelog\/ouvidoria-interna-e-transparencia\/"]}]},{"@type":"ImageObject","inLanguage":"pt-BR","@id":"https:\/\/redelog.rj.gov.br\/redelog\/ouvidoria-interna-e-transparencia\/#primaryimage","url":"https:\/\/redelog.rj.gov.br\/redelog\/wp-content\/uploads\/2022\/09\/OUV.jpg","contentUrl":"https:\/\/redelog.rj.gov.br\/redelog\/wp-content\/uploads\/2022\/09\/OUV.jpg","width":341,"height":227},{"@type":"BreadcrumbList","@id":"https:\/\/redelog.rj.gov.br\/redelog\/ouvidoria-interna-e-transparencia\/#breadcrumb","itemListElement":[{"@type":"ListItem","position":1,"name":"Home","item":"https:\/\/redelog.rj.gov.br\/redelog\/"},{"@type":"ListItem","position":2,"name":"OUVIDORIA INTERNA E TRANSPAR\u00caNCIA"}]},{"@type":"WebSite","@id":"https:\/\/redelog.rj.gov.br\/redelog\/#website","url":"https:\/\/redelog.rj.gov.br\/redelog\/","name":"Redelog","description":"Site da Rede de Log\u00edstica e Planejamento do Estado do Rio de Janeiro","publisher":{"@id":"https:\/\/redelog.rj.gov.br\/redelog\/#organization"},"potentialAction":[{"@type":"SearchAction","target":{"@type":"EntryPoint","urlTemplate":"https:\/\/redelog.rj.gov.br\/redelog\/?s={search_term_string}"},"query-input":{"@type":"PropertyValueSpecification","valueRequired":true,"valueName":"search_term_string"}}],"inLanguage":"pt-BR"},{"@type":"Organization","@id":"https:\/\/redelog.rj.gov.br\/redelog\/#organization","name":"REDELOG","url":"https:\/\/redelog.rj.gov.br\/redelog\/","logo":{"@type":"ImageObject","inLanguage":"pt-BR","@id":"https:\/\/redelog.rj.gov.br\/redelog\/#\/schema\/logo\/image\/","url":"http:\/\/10.10.8.100:8888\/redelog\/wp-content\/uploads\/2019\/09\/Redelog2.png","contentUrl":"http:\/\/10.10.8.100:8888\/redelog\/wp-content\/uploads\/2019\/09\/Redelog2.png","width":565,"height":155,"caption":"REDELOG"},"image":{"@id":"https:\/\/redelog.rj.gov.br\/redelog\/#\/schema\/logo\/image\/"}},{"@type":"Person","@id":"https:\/\/redelog.rj.gov.br\/redelog\/#\/schema\/person\/711e4a03f3b5eeb4ffeb92a63daecd59","name":"Rejane","image":{"@type":"ImageObject","inLanguage":"pt-BR","@id":"https:\/\/redelog.rj.gov.br\/redelog\/#\/schema\/person\/image\/","url":"https:\/\/secure.gravatar.com\/avatar\/9e2f6efb183531871283cb363403afe7c22e3efb129d9e809e5824cd145dd3a8?s=96&d=mm&r=g","contentUrl":"https:\/\/secure.gravatar.com\/avatar\/9e2f6efb183531871283cb363403afe7c22e3efb129d9e809e5824cd145dd3a8?s=96&d=mm&r=g","caption":"Rejane"},"url":"https:\/\/redelog.rj.gov.br\/redelog\/author\/rejane\/"}]}},"_links":{"self":[{"href":"https:\/\/redelog.rj.gov.br\/redelog\/wp-json\/wp\/v2\/posts\/19358","targetHints":{"allow":["GET"]}}],"collection":[{"href":"https:\/\/redelog.rj.gov.br\/redelog\/wp-json\/wp\/v2\/posts"}],"about":[{"href":"https:\/\/redelog.rj.gov.br\/redelog\/wp-json\/wp\/v2\/types\/post"}],"author":[{"embeddable":true,"href":"https:\/\/redelog.rj.gov.br\/redelog\/wp-json\/wp\/v2\/users\/9"}],"replies":[{"embeddable":true,"href":"https:\/\/redelog.rj.gov.br\/redelog\/wp-json\/wp\/v2\/comments?post=19358"}],"version-history":[{"count":86,"href":"https:\/\/redelog.rj.gov.br\/redelog\/wp-json\/wp\/v2\/posts\/19358\/revisions"}],"predecessor-version":[{"id":33287,"href":"https:\/\/redelog.rj.gov.br\/redelog\/wp-json\/wp\/v2\/posts\/19358\/revisions\/33287"}],"wp:attachment":[{"href":"https:\/\/redelog.rj.gov.br\/redelog\/wp-json\/wp\/v2\/media?parent=19358"}],"wp:term":[{"taxonomy":"category","embeddable":true,"href":"https:\/\/redelog.rj.gov.br\/redelog\/wp-json\/wp\/v2\/categories?post=19358"},{"taxonomy":"post_tag","embeddable":true,"href":"https:\/\/redelog.rj.gov.br\/redelog\/wp-json\/wp\/v2\/tags?post=19358"}],"curies":[{"name":"wp","href":"https:\/\/api.w.org\/{rel}","templated":true}]}}