{"id":19104,"date":"2022-08-18T16:50:02","date_gmt":"2022-08-18T19:50:02","guid":{"rendered":"https:\/\/redelog.rj.gov.br\/redelog\/?p=19104"},"modified":"2022-08-18T17:19:02","modified_gmt":"2022-08-18T20:19:02","slug":"informe-no-011-2022-10-anos-da-rede-de-pregoeiros-redepreg","status":"publish","type":"post","link":"https:\/\/redelog.rj.gov.br\/redelog\/informe-no-011-2022-10-anos-da-rede-de-pregoeiros-redepreg\/","title":{"rendered":"INFORME N\u00ba 011\/2022 &#8211; 10 ANOS DA REDE DE PREGOEIROS &#8211; REDEPREG"},"content":{"rendered":"\t\t<div data-elementor-type=\"wp-post\" data-elementor-id=\"19104\" class=\"elementor elementor-19104\" data-elementor-post-type=\"post\">\n\t\t\t\t\t\t<section class=\"elementor-section elementor-top-section elementor-element elementor-element-5bbae29 elementor-section-boxed elementor-section-height-default elementor-section-height-default\" data-id=\"5bbae29\" data-element_type=\"section\" data-settings=\"{&quot;jet_parallax_layout_list&quot;:[{&quot;jet_parallax_layout_image&quot;:{&quot;url&quot;:&quot;&quot;,&quot;id&quot;:&quot;&quot;,&quot;size&quot;:&quot;&quot;},&quot;_id&quot;:&quot;362cc74&quot;,&quot;jet_parallax_layout_image_tablet&quot;:{&quot;url&quot;:&quot;&quot;,&quot;id&quot;:&quot;&quot;,&quot;size&quot;:&quot;&quot;},&quot;jet_parallax_layout_image_mobile&quot;:{&quot;url&quot;:&quot;&quot;,&quot;id&quot;:&quot;&quot;,&quot;size&quot;:&quot;&quot;},&quot;jet_parallax_layout_speed&quot;:{&quot;unit&quot;:&quot;%&quot;,&quot;size&quot;:50,&quot;sizes&quot;:[]},&quot;jet_parallax_layout_type&quot;:&quot;scroll&quot;,&quot;jet_parallax_layout_direction&quot;:&quot;1&quot;,&quot;jet_parallax_layout_fx_direction&quot;:null,&quot;jet_parallax_layout_z_index&quot;:&quot;&quot;,&quot;jet_parallax_layout_bg_x&quot;:50,&quot;jet_parallax_layout_bg_x_tablet&quot;:&quot;&quot;,&quot;jet_parallax_layout_bg_x_mobile&quot;:&quot;&quot;,&quot;jet_parallax_layout_bg_y&quot;:50,&quot;jet_parallax_layout_bg_y_tablet&quot;:&quot;&quot;,&quot;jet_parallax_layout_bg_y_mobile&quot;:&quot;&quot;,&quot;jet_parallax_layout_bg_size&quot;:&quot;auto&quot;,&quot;jet_parallax_layout_bg_size_tablet&quot;:&quot;&quot;,&quot;jet_parallax_layout_bg_size_mobile&quot;:&quot;&quot;,&quot;jet_parallax_layout_animation_prop&quot;:&quot;transform&quot;,&quot;jet_parallax_layout_on&quot;:[&quot;desktop&quot;,&quot;tablet&quot;]}]}\">\n\t\t\t\t\t\t<div class=\"elementor-container elementor-column-gap-default\">\n\t\t\t\t\t<div class=\"elementor-column elementor-col-100 elementor-top-column elementor-element elementor-element-deebce0\" data-id=\"deebce0\" data-element_type=\"column\">\n\t\t\t<div class=\"elementor-widget-wrap elementor-element-populated\">\n\t\t\t\t\t\t<div class=\"elementor-element elementor-element-10a0782 elementor-widget-divider--view-line elementor-widget elementor-widget-divider\" data-id=\"10a0782\" data-element_type=\"widget\" data-widget_type=\"divider.default\">\n\t\t\t\t\t\t\t<div class=\"elementor-divider\">\n\t\t\t<span class=\"elementor-divider-separator\">\n\t\t\t\t\t\t<\/span>\n\t\t<\/div>\n\t\t\t\t\t\t<\/div>\n\t\t\t\t<div class=\"elementor-element elementor-element-2fd3395 elementor-widget elementor-widget-text-editor\" data-id=\"2fd3395\" data-element_type=\"widget\" data-widget_type=\"text-editor.default\">\n\t\t\t\t\t\t\t\t\t<p>No dia 30 de julho de 2022 a Rede de Pregoeiros do Estado do Rio de Janeiro conhecida como REDEPREG completou 10 anos de exist\u00eancia, momento de celebra\u00e7\u00e3o do sucesso da qualidade da gest\u00e3o p\u00fablica desenvolvida pelos servidores integrantes para continuar enfrentando os desafios na constru\u00e7\u00e3o de um ambiente integrado e qualificado.<\/p><p class=\"MsoNormal\">A REDEPREG tem como objetivos estabelecer diretrizes para a atua\u00e7\u00e3o dos pregoeiros, padronizar os procedimentos relativos \u00e0s suas atribui\u00e7\u00f5es, promover a certifica\u00e7\u00e3o, a capacita\u00e7\u00e3o e manter mecanismos de comunica\u00e7\u00e3o entre eles. Para o exerc\u00edcio das atribui\u00e7\u00f5es de Pregoeiro\u00a0nos \u00f3rg\u00e3os e entidades da Administra\u00e7\u00e3o P\u00fablica Direta e Indireta do\u00a0Poder Executivo do Governo do Estado o servidor dever\u00e1 estar admitido na\u00a0REDEPREG.<\/p><p class=\"MsoNormal\">Para admiss\u00e3o na Rede de Pregoeiros do Poder Executivo Estadual \u00e9 necess\u00e1rio ser certificado pelo curso de forma\u00e7\u00e3o promovido pela Secretaria de Estado de Planejamento e Gest\u00e3o \u2013 SEPLAG\/RJ em parceria com a Procuradoria Geral do Estado do Rio de Janeiro \u2013 PGE\/RJ.<\/p><p class=\"MsoNormal\">Diante da necessidade de constante aperfei\u00e7oamento do processo de gest\u00e3o do Governo do Estado do Rio de Janeiro, visando a melhoria na qualidade dos gastos p\u00fablicos, a Certifica\u00e7\u00e3o de Pregoeiro tem validade por 02 (dois) anos e deve ser\u00a0renovada pelo servidor, garantindo a adequa\u00e7\u00e3o deste servidor com as atualiza\u00e7\u00f5es normativas.<\/p><p class=\"MsoNormal\">Hoje, a REDEPREG conta com cerca de 1.000 servidores certificados no Curso de Forma\u00e7\u00e3o de Pregoeiros admitidos na rede. S\u00e3o 10 anos capacitando e especializando os Pregoeiros no Estado do Rio de Janeiro para que possam atuar eficientemente com t\u00e9cnicas necess\u00e1rias nas condu\u00e7\u00f5es dos procedimentos licitat\u00f3rios.<\/p><p class=\"MsoNormal\">Como reconhecimento Nacional, a Secretaria de Estado de Planejamento e Gest\u00e3o &#8211; SEPLAG\/RJ recebeu in\u00fameros trof\u00e9us do Pr\u00eamio 19 de mar\u00e7o na categoria \u00f3rg\u00e3o\/entidade que mais investiu em capacita\u00e7\u00e3o de Pregoeiros e Equipe de apoio.<\/p><p class=\"MsoNormal\">A import\u00e2ncia de fornecer aos Pregoeiros, de forma sintetizada e objetiva, orienta\u00e7\u00f5es para a boa execu\u00e7\u00e3o de suas responsabilidades, alinhando ao entendimento de normas e procedimentos \u00e9 a diretriz da REDEPREG.<\/p><p class=\"MsoNormal\">Alcione Quintas<\/p><p class=\"MsoNormal\"><span style=\"letter-spacing: 0px;\">Gerente da REDEPREG<\/span><\/p>\t\t\t\t\t\t\t\t<\/div>\n\t\t\t\t<div class=\"elementor-element elementor-element-8c2936c elementor-widget-divider--view-line elementor-widget elementor-widget-divider\" data-id=\"8c2936c\" data-element_type=\"widget\" data-widget_type=\"divider.default\">\n\t\t\t\t\t\t\t<div class=\"elementor-divider\">\n\t\t\t<span class=\"elementor-divider-separator\">\n\t\t\t\t\t\t<\/span>\n\t\t<\/div>\n\t\t\t\t\t\t<\/div>\n\t\t\t\t<div class=\"elementor-element elementor-element-9e8fe80 elementor-widget elementor-widget-shortcode\" data-id=\"9e8fe80\" data-element_type=\"widget\" data-widget_type=\"shortcode.default\">\n\t\t\t\t\t\t\t<div class=\"elementor-shortcode\"><\/div>\n\t\t\t\t\t\t<\/div>\n\t\t\t\t\t<\/div>\n\t\t<\/div>\n\t\t\t\t\t<\/div>\n\t\t<\/section>\n\t\t\t\t<section class=\"elementor-section elementor-top-section elementor-element elementor-element-3af5072 elementor-section-boxed elementor-section-height-default elementor-section-height-default\" data-id=\"3af5072\" data-element_type=\"section\" data-settings=\"{&quot;jet_parallax_layout_list&quot;:[{&quot;jet_parallax_layout_image&quot;:{&quot;url&quot;:&quot;&quot;,&quot;id&quot;:&quot;&quot;,&quot;size&quot;:&quot;&quot;},&quot;_id&quot;:&quot;048baf5&quot;,&quot;jet_parallax_layout_image_tablet&quot;:{&quot;url&quot;:&quot;&quot;,&quot;id&quot;:&quot;&quot;,&quot;size&quot;:&quot;&quot;},&quot;jet_parallax_layout_image_mobile&quot;:{&quot;url&quot;:&quot;&quot;,&quot;id&quot;:&quot;&quot;,&quot;size&quot;:&quot;&quot;},&quot;jet_parallax_layout_speed&quot;:{&quot;unit&quot;:&quot;%&quot;,&quot;size&quot;:50,&quot;sizes&quot;:[]},&quot;jet_parallax_layout_type&quot;:&quot;scroll&quot;,&quot;jet_parallax_layout_direction&quot;:&quot;1&quot;,&quot;jet_parallax_layout_fx_direction&quot;:null,&quot;jet_parallax_layout_z_index&quot;:&quot;&quot;,&quot;jet_parallax_layout_bg_x&quot;:50,&quot;jet_parallax_layout_bg_x_tablet&quot;:&quot;&quot;,&quot;jet_parallax_layout_bg_x_mobile&quot;:&quot;&quot;,&quot;jet_parallax_layout_bg_y&quot;:50,&quot;jet_parallax_layout_bg_y_tablet&quot;:&quot;&quot;,&quot;jet_parallax_layout_bg_y_mobile&quot;:&quot;&quot;,&quot;jet_parallax_layout_bg_size&quot;:&quot;auto&quot;,&quot;jet_parallax_layout_bg_size_tablet&quot;:&quot;&quot;,&quot;jet_parallax_layout_bg_size_mobile&quot;:&quot;&quot;,&quot;jet_parallax_layout_animation_prop&quot;:&quot;transform&quot;,&quot;jet_parallax_layout_on&quot;:[&quot;desktop&quot;,&quot;tablet&quot;]}]}\">\n\t\t\t\t\t\t<div class=\"elementor-container elementor-column-gap-default\">\n\t\t\t\t\t<div class=\"elementor-column elementor-col-100 elementor-top-column elementor-element elementor-element-4a0268e\" data-id=\"4a0268e\" data-element_type=\"column\">\n\t\t\t<div class=\"elementor-widget-wrap elementor-element-populated\">\n\t\t\t\t\t\t<div class=\"elementor-element elementor-element-45eaf01 elementor-align-right elementor-widget elementor-widget-button\" data-id=\"45eaf01\" data-element_type=\"widget\" data-widget_type=\"button.default\">\n\t\t\t\t\t\t\t\t\t\t<a class=\"elementor-button elementor-button-link elementor-size-sm\" href=\"http:\/\/redelog.rj.gov.br\/redelog\/informes\">\n\t\t\t\t\t\t<span class=\"elementor-button-content-wrapper\">\n\t\t\t\t\t\t\t\t\t<span class=\"elementor-button-text\">Todos os Informes<\/span>\n\t\t\t\t\t<\/span>\n\t\t\t\t\t<\/a>\n\t\t\t\t\t\t\t\t<\/div>\n\t\t\t\t\t<\/div>\n\t\t<\/div>\n\t\t\t\t\t<\/div>\n\t\t<\/section>\n\t\t\t\t<\/div>\n\t\t","protected":false},"excerpt":{"rendered":"<p>No dia 30 de julho de 2022 a Rede de Pregoeiros do Estado do Rio de Janeiro conhecida como REDEPREG completou 10 anos de exist\u00eancia, momento de celebra\u00e7\u00e3o do sucesso da qualidade da gest\u00e3o p\u00fablica desenvolvida pelos servidores integrantes para continuar enfrentando os desafios na constru\u00e7\u00e3o de um ambiente integrado e qualificado. A REDEPREG tem [&hellip;]<\/p>\n","protected":false},"author":14,"featured_media":19107,"comment_status":"closed","ping_status":"open","sticky":false,"template":"","format":"standard","meta":{"_joinchat":[],"footnotes":""},"categories":[25,34,33,38],"tags":[],"class_list":["post-19104","post","type-post","status-publish","format-standard","has-post-thumbnail","hentry","category-cat-capacitacao","category-cat-cursos-abertos","category-cat-cursos-internos","category-cat-informes"],"yoast_head":"<!-- This site is optimized with the Yoast SEO plugin v25.7 - https:\/\/yoast.com\/wordpress\/plugins\/seo\/ -->\n<title>INFORME N\u00ba 011\/2022 - 10 ANOS DA REDE DE PREGOEIROS - REDEPREG - Redelog<\/title>\n<meta name=\"robots\" content=\"index, follow, max-snippet:-1, max-image-preview:large, max-video-preview:-1\" \/>\n<link rel=\"canonical\" href=\"https:\/\/redelog.rj.gov.br\/redelog\/informe-no-011-2022-10-anos-da-rede-de-pregoeiros-redepreg\/\" \/>\n<meta property=\"og:locale\" content=\"pt_BR\" \/>\n<meta property=\"og:type\" content=\"article\" \/>\n<meta property=\"og:title\" content=\"INFORME N\u00ba 011\/2022 - 10 ANOS DA REDE DE PREGOEIROS - REDEPREG - Redelog\" \/>\n<meta property=\"og:description\" content=\"No dia 30 de julho de 2022 a Rede de Pregoeiros do Estado do Rio de Janeiro conhecida como REDEPREG completou 10 anos de exist\u00eancia, momento de celebra\u00e7\u00e3o do sucesso da qualidade da gest\u00e3o p\u00fablica desenvolvida pelos servidores integrantes para continuar enfrentando os desafios na constru\u00e7\u00e3o de um ambiente integrado e qualificado. A REDEPREG tem [&hellip;]\" \/>\n<meta property=\"og:url\" content=\"https:\/\/redelog.rj.gov.br\/redelog\/informe-no-011-2022-10-anos-da-rede-de-pregoeiros-redepreg\/\" \/>\n<meta property=\"og:site_name\" content=\"Redelog\" \/>\n<meta property=\"article:published_time\" content=\"2022-08-18T19:50:02+00:00\" \/>\n<meta property=\"article:modified_time\" content=\"2022-08-18T20:19:02+00:00\" \/>\n<meta property=\"og:image\" content=\"https:\/\/www.redelog.rj.gov.br\/redelog\/wp-content\/uploads\/2022\/07\/10-anos-REDEPREG.jpg\" \/>\n\t<meta property=\"og:image:width\" content=\"1599\" \/>\n\t<meta property=\"og:image:height\" content=\"899\" \/>\n\t<meta property=\"og:image:type\" content=\"image\/jpeg\" \/>\n<meta name=\"author\" content=\"Tatiana Pinheiro\" \/>\n<meta name=\"twitter:card\" content=\"summary_large_image\" \/>\n<meta name=\"twitter:label1\" content=\"Escrito por\" \/>\n\t<meta name=\"twitter:data1\" content=\"Tatiana Pinheiro\" \/>\n\t<meta name=\"twitter:label2\" content=\"Est. tempo de leitura\" \/>\n\t<meta name=\"twitter:data2\" content=\"1 minuto\" \/>\n<script type=\"application\/ld+json\" class=\"yoast-schema-graph\">{\"@context\":\"https:\/\/schema.org\",\"@graph\":[{\"@type\":\"Article\",\"@id\":\"https:\/\/redelog.rj.gov.br\/redelog\/informe-no-011-2022-10-anos-da-rede-de-pregoeiros-redepreg\/#article\",\"isPartOf\":{\"@id\":\"https:\/\/redelog.rj.gov.br\/redelog\/informe-no-011-2022-10-anos-da-rede-de-pregoeiros-redepreg\/\"},\"author\":{\"name\":\"Tatiana Pinheiro\",\"@id\":\"https:\/\/redelog.rj.gov.br\/redelog\/#\/schema\/person\/2952ad9ab303db67bd76de678be9db42\"},\"headline\":\"INFORME N\u00ba 011\/2022 &#8211; 10 ANOS DA REDE DE PREGOEIROS &#8211; REDEPREG\",\"datePublished\":\"2022-08-18T19:50:02+00:00\",\"dateModified\":\"2022-08-18T20:19:02+00:00\",\"mainEntityOfPage\":{\"@id\":\"https:\/\/redelog.rj.gov.br\/redelog\/informe-no-011-2022-10-anos-da-rede-de-pregoeiros-redepreg\/\"},\"wordCount\":375,\"publisher\":{\"@id\":\"https:\/\/redelog.rj.gov.br\/redelog\/#organization\"},\"image\":{\"@id\":\"https:\/\/redelog.rj.gov.br\/redelog\/informe-no-011-2022-10-anos-da-rede-de-pregoeiros-redepreg\/#primaryimage\"},\"thumbnailUrl\":\"https:\/\/redelog.rj.gov.br\/redelog\/wp-content\/uploads\/2022\/07\/10-anos-REDEPREG.jpg\",\"articleSection\":[\"Capacita\u00e7\u00e3o\",\"Cursos Abertos\",\"Cursos Internos\",\"Informes\"],\"inLanguage\":\"pt-BR\"},{\"@type\":\"WebPage\",\"@id\":\"https:\/\/redelog.rj.gov.br\/redelog\/informe-no-011-2022-10-anos-da-rede-de-pregoeiros-redepreg\/\",\"url\":\"https:\/\/redelog.rj.gov.br\/redelog\/informe-no-011-2022-10-anos-da-rede-de-pregoeiros-redepreg\/\",\"name\":\"INFORME N\u00ba 011\/2022 - 10 ANOS DA REDE DE PREGOEIROS - REDEPREG - Redelog\",\"isPartOf\":{\"@id\":\"https:\/\/redelog.rj.gov.br\/redelog\/#website\"},\"primaryImageOfPage\":{\"@id\":\"https:\/\/redelog.rj.gov.br\/redelog\/informe-no-011-2022-10-anos-da-rede-de-pregoeiros-redepreg\/#primaryimage\"},\"image\":{\"@id\":\"https:\/\/redelog.rj.gov.br\/redelog\/informe-no-011-2022-10-anos-da-rede-de-pregoeiros-redepreg\/#primaryimage\"},\"thumbnailUrl\":\"https:\/\/redelog.rj.gov.br\/redelog\/wp-content\/uploads\/2022\/07\/10-anos-REDEPREG.jpg\",\"datePublished\":\"2022-08-18T19:50:02+00:00\",\"dateModified\":\"2022-08-18T20:19:02+00:00\",\"breadcrumb\":{\"@id\":\"https:\/\/redelog.rj.gov.br\/redelog\/informe-no-011-2022-10-anos-da-rede-de-pregoeiros-redepreg\/#breadcrumb\"},\"inLanguage\":\"pt-BR\",\"potentialAction\":[{\"@type\":\"ReadAction\",\"target\":[\"https:\/\/redelog.rj.gov.br\/redelog\/informe-no-011-2022-10-anos-da-rede-de-pregoeiros-redepreg\/\"]}]},{\"@type\":\"ImageObject\",\"inLanguage\":\"pt-BR\",\"@id\":\"https:\/\/redelog.rj.gov.br\/redelog\/informe-no-011-2022-10-anos-da-rede-de-pregoeiros-redepreg\/#primaryimage\",\"url\":\"https:\/\/redelog.rj.gov.br\/redelog\/wp-content\/uploads\/2022\/07\/10-anos-REDEPREG.jpg\",\"contentUrl\":\"https:\/\/redelog.rj.gov.br\/redelog\/wp-content\/uploads\/2022\/07\/10-anos-REDEPREG.jpg\",\"width\":1599,\"height\":899},{\"@type\":\"BreadcrumbList\",\"@id\":\"https:\/\/redelog.rj.gov.br\/redelog\/informe-no-011-2022-10-anos-da-rede-de-pregoeiros-redepreg\/#breadcrumb\",\"itemListElement\":[{\"@type\":\"ListItem\",\"position\":1,\"name\":\"Home\",\"item\":\"https:\/\/redelog.rj.gov.br\/redelog\/\"},{\"@type\":\"ListItem\",\"position\":2,\"name\":\"INFORME N\u00ba 011\/2022 &#8211; 10 ANOS DA REDE DE PREGOEIROS &#8211; REDEPREG\"}]},{\"@type\":\"WebSite\",\"@id\":\"https:\/\/redelog.rj.gov.br\/redelog\/#website\",\"url\":\"https:\/\/redelog.rj.gov.br\/redelog\/\",\"name\":\"Redelog\",\"description\":\"Site da Rede de Log\u00edstica e Planejamento do Estado do Rio de Janeiro\",\"publisher\":{\"@id\":\"https:\/\/redelog.rj.gov.br\/redelog\/#organization\"},\"potentialAction\":[{\"@type\":\"SearchAction\",\"target\":{\"@type\":\"EntryPoint\",\"urlTemplate\":\"https:\/\/redelog.rj.gov.br\/redelog\/?s={search_term_string}\"},\"query-input\":{\"@type\":\"PropertyValueSpecification\",\"valueRequired\":true,\"valueName\":\"search_term_string\"}}],\"inLanguage\":\"pt-BR\"},{\"@type\":\"Organization\",\"@id\":\"https:\/\/redelog.rj.gov.br\/redelog\/#organization\",\"name\":\"REDELOG\",\"url\":\"https:\/\/redelog.rj.gov.br\/redelog\/\",\"logo\":{\"@type\":\"ImageObject\",\"inLanguage\":\"pt-BR\",\"@id\":\"https:\/\/redelog.rj.gov.br\/redelog\/#\/schema\/logo\/image\/\",\"url\":\"http:\/\/10.10.8.100:8888\/redelog\/wp-content\/uploads\/2019\/09\/Redelog2.png\",\"contentUrl\":\"http:\/\/10.10.8.100:8888\/redelog\/wp-content\/uploads\/2019\/09\/Redelog2.png\",\"width\":565,\"height\":155,\"caption\":\"REDELOG\"},\"image\":{\"@id\":\"https:\/\/redelog.rj.gov.br\/redelog\/#\/schema\/logo\/image\/\"}},{\"@type\":\"Person\",\"@id\":\"https:\/\/redelog.rj.gov.br\/redelog\/#\/schema\/person\/2952ad9ab303db67bd76de678be9db42\",\"name\":\"Tatiana Pinheiro\",\"image\":{\"@type\":\"ImageObject\",\"inLanguage\":\"pt-BR\",\"@id\":\"https:\/\/redelog.rj.gov.br\/redelog\/#\/schema\/person\/image\/\",\"url\":\"https:\/\/secure.gravatar.com\/avatar\/bccf0f5f228d8798c6920b7dc4726537abaf85fcaef46a20902903cec6463f12?s=96&d=mm&r=g\",\"contentUrl\":\"https:\/\/secure.gravatar.com\/avatar\/bccf0f5f228d8798c6920b7dc4726537abaf85fcaef46a20902903cec6463f12?s=96&d=mm&r=g\",\"caption\":\"Tatiana Pinheiro\"},\"url\":\"https:\/\/redelog.rj.gov.br\/redelog\/author\/tatiana\/\"}]}<\/script>\n<!-- \/ Yoast SEO plugin. -->","yoast_head_json":{"title":"INFORME N\u00ba 011\/2022 - 10 ANOS DA REDE DE PREGOEIROS - REDEPREG - Redelog","robots":{"index":"index","follow":"follow","max-snippet":"max-snippet:-1","max-image-preview":"max-image-preview:large","max-video-preview":"max-video-preview:-1"},"canonical":"https:\/\/redelog.rj.gov.br\/redelog\/informe-no-011-2022-10-anos-da-rede-de-pregoeiros-redepreg\/","og_locale":"pt_BR","og_type":"article","og_title":"INFORME N\u00ba 011\/2022 - 10 ANOS DA REDE DE PREGOEIROS - REDEPREG - Redelog","og_description":"No dia 30 de julho de 2022 a Rede de Pregoeiros do Estado do Rio de Janeiro conhecida como REDEPREG completou 10 anos de exist\u00eancia, momento de celebra\u00e7\u00e3o do sucesso da qualidade da gest\u00e3o p\u00fablica desenvolvida pelos servidores integrantes para continuar enfrentando os desafios na constru\u00e7\u00e3o de um ambiente integrado e qualificado. A REDEPREG tem [&hellip;]","og_url":"https:\/\/redelog.rj.gov.br\/redelog\/informe-no-011-2022-10-anos-da-rede-de-pregoeiros-redepreg\/","og_site_name":"Redelog","article_published_time":"2022-08-18T19:50:02+00:00","article_modified_time":"2022-08-18T20:19:02+00:00","og_image":[{"width":1599,"height":899,"url":"https:\/\/www.redelog.rj.gov.br\/redelog\/wp-content\/uploads\/2022\/07\/10-anos-REDEPREG.jpg","type":"image\/jpeg"}],"author":"Tatiana Pinheiro","twitter_card":"summary_large_image","twitter_misc":{"Escrito por":"Tatiana Pinheiro","Est. tempo de leitura":"1 minuto"},"schema":{"@context":"https:\/\/schema.org","@graph":[{"@type":"Article","@id":"https:\/\/redelog.rj.gov.br\/redelog\/informe-no-011-2022-10-anos-da-rede-de-pregoeiros-redepreg\/#article","isPartOf":{"@id":"https:\/\/redelog.rj.gov.br\/redelog\/informe-no-011-2022-10-anos-da-rede-de-pregoeiros-redepreg\/"},"author":{"name":"Tatiana Pinheiro","@id":"https:\/\/redelog.rj.gov.br\/redelog\/#\/schema\/person\/2952ad9ab303db67bd76de678be9db42"},"headline":"INFORME N\u00ba 011\/2022 &#8211; 10 ANOS DA REDE DE PREGOEIROS &#8211; REDEPREG","datePublished":"2022-08-18T19:50:02+00:00","dateModified":"2022-08-18T20:19:02+00:00","mainEntityOfPage":{"@id":"https:\/\/redelog.rj.gov.br\/redelog\/informe-no-011-2022-10-anos-da-rede-de-pregoeiros-redepreg\/"},"wordCount":375,"publisher":{"@id":"https:\/\/redelog.rj.gov.br\/redelog\/#organization"},"image":{"@id":"https:\/\/redelog.rj.gov.br\/redelog\/informe-no-011-2022-10-anos-da-rede-de-pregoeiros-redepreg\/#primaryimage"},"thumbnailUrl":"https:\/\/redelog.rj.gov.br\/redelog\/wp-content\/uploads\/2022\/07\/10-anos-REDEPREG.jpg","articleSection":["Capacita\u00e7\u00e3o","Cursos Abertos","Cursos Internos","Informes"],"inLanguage":"pt-BR"},{"@type":"WebPage","@id":"https:\/\/redelog.rj.gov.br\/redelog\/informe-no-011-2022-10-anos-da-rede-de-pregoeiros-redepreg\/","url":"https:\/\/redelog.rj.gov.br\/redelog\/informe-no-011-2022-10-anos-da-rede-de-pregoeiros-redepreg\/","name":"INFORME N\u00ba 011\/2022 - 10 ANOS DA REDE DE PREGOEIROS - REDEPREG - Redelog","isPartOf":{"@id":"https:\/\/redelog.rj.gov.br\/redelog\/#website"},"primaryImageOfPage":{"@id":"https:\/\/redelog.rj.gov.br\/redelog\/informe-no-011-2022-10-anos-da-rede-de-pregoeiros-redepreg\/#primaryimage"},"image":{"@id":"https:\/\/redelog.rj.gov.br\/redelog\/informe-no-011-2022-10-anos-da-rede-de-pregoeiros-redepreg\/#primaryimage"},"thumbnailUrl":"https:\/\/redelog.rj.gov.br\/redelog\/wp-content\/uploads\/2022\/07\/10-anos-REDEPREG.jpg","datePublished":"2022-08-18T19:50:02+00:00","dateModified":"2022-08-18T20:19:02+00:00","breadcrumb":{"@id":"https:\/\/redelog.rj.gov.br\/redelog\/informe-no-011-2022-10-anos-da-rede-de-pregoeiros-redepreg\/#breadcrumb"},"inLanguage":"pt-BR","potentialAction":[{"@type":"ReadAction","target":["https:\/\/redelog.rj.gov.br\/redelog\/informe-no-011-2022-10-anos-da-rede-de-pregoeiros-redepreg\/"]}]},{"@type":"ImageObject","inLanguage":"pt-BR","@id":"https:\/\/redelog.rj.gov.br\/redelog\/informe-no-011-2022-10-anos-da-rede-de-pregoeiros-redepreg\/#primaryimage","url":"https:\/\/redelog.rj.gov.br\/redelog\/wp-content\/uploads\/2022\/07\/10-anos-REDEPREG.jpg","contentUrl":"https:\/\/redelog.rj.gov.br\/redelog\/wp-content\/uploads\/2022\/07\/10-anos-REDEPREG.jpg","width":1599,"height":899},{"@type":"BreadcrumbList","@id":"https:\/\/redelog.rj.gov.br\/redelog\/informe-no-011-2022-10-anos-da-rede-de-pregoeiros-redepreg\/#breadcrumb","itemListElement":[{"@type":"ListItem","position":1,"name":"Home","item":"https:\/\/redelog.rj.gov.br\/redelog\/"},{"@type":"ListItem","position":2,"name":"INFORME N\u00ba 011\/2022 &#8211; 10 ANOS DA REDE DE PREGOEIROS &#8211; REDEPREG"}]},{"@type":"WebSite","@id":"https:\/\/redelog.rj.gov.br\/redelog\/#website","url":"https:\/\/redelog.rj.gov.br\/redelog\/","name":"Redelog","description":"Site da Rede de Log\u00edstica e Planejamento do Estado do Rio de Janeiro","publisher":{"@id":"https:\/\/redelog.rj.gov.br\/redelog\/#organization"},"potentialAction":[{"@type":"SearchAction","target":{"@type":"EntryPoint","urlTemplate":"https:\/\/redelog.rj.gov.br\/redelog\/?s={search_term_string}"},"query-input":{"@type":"PropertyValueSpecification","valueRequired":true,"valueName":"search_term_string"}}],"inLanguage":"pt-BR"},{"@type":"Organization","@id":"https:\/\/redelog.rj.gov.br\/redelog\/#organization","name":"REDELOG","url":"https:\/\/redelog.rj.gov.br\/redelog\/","logo":{"@type":"ImageObject","inLanguage":"pt-BR","@id":"https:\/\/redelog.rj.gov.br\/redelog\/#\/schema\/logo\/image\/","url":"http:\/\/10.10.8.100:8888\/redelog\/wp-content\/uploads\/2019\/09\/Redelog2.png","contentUrl":"http:\/\/10.10.8.100:8888\/redelog\/wp-content\/uploads\/2019\/09\/Redelog2.png","width":565,"height":155,"caption":"REDELOG"},"image":{"@id":"https:\/\/redelog.rj.gov.br\/redelog\/#\/schema\/logo\/image\/"}},{"@type":"Person","@id":"https:\/\/redelog.rj.gov.br\/redelog\/#\/schema\/person\/2952ad9ab303db67bd76de678be9db42","name":"Tatiana Pinheiro","image":{"@type":"ImageObject","inLanguage":"pt-BR","@id":"https:\/\/redelog.rj.gov.br\/redelog\/#\/schema\/person\/image\/","url":"https:\/\/secure.gravatar.com\/avatar\/bccf0f5f228d8798c6920b7dc4726537abaf85fcaef46a20902903cec6463f12?s=96&d=mm&r=g","contentUrl":"https:\/\/secure.gravatar.com\/avatar\/bccf0f5f228d8798c6920b7dc4726537abaf85fcaef46a20902903cec6463f12?s=96&d=mm&r=g","caption":"Tatiana Pinheiro"},"url":"https:\/\/redelog.rj.gov.br\/redelog\/author\/tatiana\/"}]}},"_links":{"self":[{"href":"https:\/\/redelog.rj.gov.br\/redelog\/wp-json\/wp\/v2\/posts\/19104","targetHints":{"allow":["GET"]}}],"collection":[{"href":"https:\/\/redelog.rj.gov.br\/redelog\/wp-json\/wp\/v2\/posts"}],"about":[{"href":"https:\/\/redelog.rj.gov.br\/redelog\/wp-json\/wp\/v2\/types\/post"}],"author":[{"embeddable":true,"href":"https:\/\/redelog.rj.gov.br\/redelog\/wp-json\/wp\/v2\/users\/14"}],"replies":[{"embeddable":true,"href":"https:\/\/redelog.rj.gov.br\/redelog\/wp-json\/wp\/v2\/comments?post=19104"}],"version-history":[{"count":14,"href":"https:\/\/redelog.rj.gov.br\/redelog\/wp-json\/wp\/v2\/posts\/19104\/revisions"}],"predecessor-version":[{"id":22151,"href":"https:\/\/redelog.rj.gov.br\/redelog\/wp-json\/wp\/v2\/posts\/19104\/revisions\/22151"}],"wp:featuredmedia":[{"embeddable":true,"href":"https:\/\/redelog.rj.gov.br\/redelog\/wp-json\/wp\/v2\/media\/19107"}],"wp:attachment":[{"href":"https:\/\/redelog.rj.gov.br\/redelog\/wp-json\/wp\/v2\/media?parent=19104"}],"wp:term":[{"taxonomy":"category","embeddable":true,"href":"https:\/\/redelog.rj.gov.br\/redelog\/wp-json\/wp\/v2\/categories?post=19104"},{"taxonomy":"post_tag","embeddable":true,"href":"https:\/\/redelog.rj.gov.br\/redelog\/wp-json\/wp\/v2\/tags?post=19104"}],"curies":[{"name":"wp","href":"https:\/\/api.w.org\/{rel}","templated":true}]}}