{"id":19063,"date":"2022-08-18T12:06:20","date_gmt":"2022-08-18T15:06:20","guid":{"rendered":"https:\/\/redelog.rj.gov.br\/redelog\/?p=19063"},"modified":"2022-09-26T16:44:48","modified_gmt":"2022-09-26T19:44:48","slug":"resolucao-seplag-no-147-de-16-de-agosto-de-2022-2","status":"publish","type":"post","link":"https:\/\/redelog.rj.gov.br\/redelog\/resolucao-seplag-no-147-de-16-de-agosto-de-2022-2\/","title":{"rendered":"RESOLU\u00c7\u00c3O SEPLAG N\u00ba 147, DE 16 DE AGOSTO DE 2022"},"content":{"rendered":"\t\t<div data-elementor-type=\"wp-post\" data-elementor-id=\"19063\" class=\"elementor elementor-19063\" data-elementor-post-type=\"post\">\n\t\t\t\t\t\t<section class=\"elementor-section elementor-top-section elementor-element elementor-element-54679bb elementor-section-boxed elementor-section-height-default elementor-section-height-default\" data-id=\"54679bb\" data-element_type=\"section\" data-settings=\"{&quot;jet_parallax_layout_list&quot;:[{&quot;jet_parallax_layout_image&quot;:{&quot;url&quot;:&quot;&quot;,&quot;id&quot;:&quot;&quot;,&quot;size&quot;:&quot;&quot;},&quot;_id&quot;:&quot;17d107f&quot;,&quot;jet_parallax_layout_image_tablet&quot;:{&quot;url&quot;:&quot;&quot;,&quot;id&quot;:&quot;&quot;,&quot;size&quot;:&quot;&quot;},&quot;jet_parallax_layout_image_mobile&quot;:{&quot;url&quot;:&quot;&quot;,&quot;id&quot;:&quot;&quot;,&quot;size&quot;:&quot;&quot;},&quot;jet_parallax_layout_speed&quot;:{&quot;unit&quot;:&quot;%&quot;,&quot;size&quot;:50,&quot;sizes&quot;:[]},&quot;jet_parallax_layout_type&quot;:&quot;scroll&quot;,&quot;jet_parallax_layout_direction&quot;:&quot;1&quot;,&quot;jet_parallax_layout_fx_direction&quot;:null,&quot;jet_parallax_layout_z_index&quot;:&quot;&quot;,&quot;jet_parallax_layout_bg_x&quot;:50,&quot;jet_parallax_layout_bg_x_tablet&quot;:&quot;&quot;,&quot;jet_parallax_layout_bg_x_mobile&quot;:&quot;&quot;,&quot;jet_parallax_layout_bg_y&quot;:50,&quot;jet_parallax_layout_bg_y_tablet&quot;:&quot;&quot;,&quot;jet_parallax_layout_bg_y_mobile&quot;:&quot;&quot;,&quot;jet_parallax_layout_bg_size&quot;:&quot;auto&quot;,&quot;jet_parallax_layout_bg_size_tablet&quot;:&quot;&quot;,&quot;jet_parallax_layout_bg_size_mobile&quot;:&quot;&quot;,&quot;jet_parallax_layout_animation_prop&quot;:&quot;transform&quot;,&quot;jet_parallax_layout_on&quot;:[&quot;desktop&quot;,&quot;tablet&quot;]}]}\">\n\t\t\t\t\t\t<div class=\"elementor-container elementor-column-gap-default\">\n\t\t\t\t\t<div class=\"elementor-column elementor-col-100 elementor-top-column elementor-element elementor-element-abe6abd\" data-id=\"abe6abd\" data-element_type=\"column\">\n\t\t\t<div class=\"elementor-widget-wrap elementor-element-populated\">\n\t\t\t\t\t\t<section class=\"elementor-section elementor-inner-section elementor-element elementor-element-e54ab34 elementor-section-boxed elementor-section-height-default elementor-section-height-default\" data-id=\"e54ab34\" data-element_type=\"section\" data-settings=\"{&quot;jet_parallax_layout_list&quot;:[{&quot;jet_parallax_layout_image&quot;:{&quot;url&quot;:&quot;&quot;,&quot;id&quot;:&quot;&quot;,&quot;size&quot;:&quot;&quot;},&quot;_id&quot;:&quot;b8c0cc7&quot;,&quot;jet_parallax_layout_image_tablet&quot;:{&quot;url&quot;:&quot;&quot;,&quot;id&quot;:&quot;&quot;,&quot;size&quot;:&quot;&quot;},&quot;jet_parallax_layout_image_mobile&quot;:{&quot;url&quot;:&quot;&quot;,&quot;id&quot;:&quot;&quot;,&quot;size&quot;:&quot;&quot;},&quot;jet_parallax_layout_speed&quot;:{&quot;unit&quot;:&quot;%&quot;,&quot;size&quot;:50,&quot;sizes&quot;:[]},&quot;jet_parallax_layout_type&quot;:&quot;scroll&quot;,&quot;jet_parallax_layout_direction&quot;:&quot;1&quot;,&quot;jet_parallax_layout_fx_direction&quot;:null,&quot;jet_parallax_layout_z_index&quot;:&quot;&quot;,&quot;jet_parallax_layout_bg_x&quot;:50,&quot;jet_parallax_layout_bg_x_tablet&quot;:&quot;&quot;,&quot;jet_parallax_layout_bg_x_mobile&quot;:&quot;&quot;,&quot;jet_parallax_layout_bg_y&quot;:50,&quot;jet_parallax_layout_bg_y_tablet&quot;:&quot;&quot;,&quot;jet_parallax_layout_bg_y_mobile&quot;:&quot;&quot;,&quot;jet_parallax_layout_bg_size&quot;:&quot;auto&quot;,&quot;jet_parallax_layout_bg_size_tablet&quot;:&quot;&quot;,&quot;jet_parallax_layout_bg_size_mobile&quot;:&quot;&quot;,&quot;jet_parallax_layout_animation_prop&quot;:&quot;transform&quot;,&quot;jet_parallax_layout_on&quot;:[&quot;desktop&quot;,&quot;tablet&quot;]}]}\">\n\t\t\t\t\t\t<div class=\"elementor-container elementor-column-gap-default\">\n\t\t\t\t\t<div class=\"elementor-column elementor-col-50 elementor-inner-column elementor-element elementor-element-265154f\" data-id=\"265154f\" data-element_type=\"column\">\n\t\t\t<div class=\"elementor-widget-wrap\">\n\t\t\t\t\t\t\t<\/div>\n\t\t<\/div>\n\t\t\t\t<div class=\"elementor-column elementor-col-50 elementor-inner-column elementor-element elementor-element-5f9f038\" data-id=\"5f9f038\" data-element_type=\"column\">\n\t\t\t<div class=\"elementor-widget-wrap elementor-element-populated\">\n\t\t\t\t\t\t<div class=\"elementor-element elementor-element-c6fae6f elementor-widget elementor-widget-text-editor\" data-id=\"c6fae6f\" data-element_type=\"widget\" data-widget_type=\"text-editor.default\">\n\t\t\t\t\t\t\t\t\t<p style=\"text-align: justify;\"><b>INSTITUI O PORTAL DA REDE LOG\u00cdSTICA &#8211; REDELOG<\/b>\u00a0<b>NO \u00c2MBITO DO PODER EXECUTIVO DO ESTADO DO RIO DE JANEIRO.<\/b><\/p>\t\t\t\t\t\t\t\t<\/div>\n\t\t\t\t\t<\/div>\n\t\t<\/div>\n\t\t\t\t\t<\/div>\n\t\t<\/section>\n\t\t\t\t\t<\/div>\n\t\t<\/div>\n\t\t\t\t\t<\/div>\n\t\t<\/section>\n\t\t\t\t<section class=\"elementor-section elementor-top-section elementor-element elementor-element-c85a434 elementor-section-boxed elementor-section-height-default elementor-section-height-default\" data-id=\"c85a434\" data-element_type=\"section\" data-settings=\"{&quot;jet_parallax_layout_list&quot;:[{&quot;jet_parallax_layout_image&quot;:{&quot;url&quot;:&quot;&quot;,&quot;id&quot;:&quot;&quot;,&quot;size&quot;:&quot;&quot;},&quot;_id&quot;:&quot;e6bbb1d&quot;,&quot;jet_parallax_layout_image_tablet&quot;:{&quot;url&quot;:&quot;&quot;,&quot;id&quot;:&quot;&quot;,&quot;size&quot;:&quot;&quot;},&quot;jet_parallax_layout_image_mobile&quot;:{&quot;url&quot;:&quot;&quot;,&quot;id&quot;:&quot;&quot;,&quot;size&quot;:&quot;&quot;},&quot;jet_parallax_layout_speed&quot;:{&quot;unit&quot;:&quot;%&quot;,&quot;size&quot;:50,&quot;sizes&quot;:[]},&quot;jet_parallax_layout_type&quot;:&quot;scroll&quot;,&quot;jet_parallax_layout_direction&quot;:&quot;1&quot;,&quot;jet_parallax_layout_fx_direction&quot;:null,&quot;jet_parallax_layout_z_index&quot;:&quot;&quot;,&quot;jet_parallax_layout_bg_x&quot;:50,&quot;jet_parallax_layout_bg_x_tablet&quot;:&quot;&quot;,&quot;jet_parallax_layout_bg_x_mobile&quot;:&quot;&quot;,&quot;jet_parallax_layout_bg_y&quot;:50,&quot;jet_parallax_layout_bg_y_tablet&quot;:&quot;&quot;,&quot;jet_parallax_layout_bg_y_mobile&quot;:&quot;&quot;,&quot;jet_parallax_layout_bg_size&quot;:&quot;auto&quot;,&quot;jet_parallax_layout_bg_size_tablet&quot;:&quot;&quot;,&quot;jet_parallax_layout_bg_size_mobile&quot;:&quot;&quot;,&quot;jet_parallax_layout_animation_prop&quot;:&quot;transform&quot;,&quot;jet_parallax_layout_on&quot;:[&quot;desktop&quot;,&quot;tablet&quot;]}]}\">\n\t\t\t\t\t\t<div class=\"elementor-container elementor-column-gap-default\">\n\t\t\t\t\t<div class=\"elementor-column elementor-col-100 elementor-top-column elementor-element elementor-element-48728cc\" data-id=\"48728cc\" data-element_type=\"column\">\n\t\t\t<div class=\"elementor-widget-wrap elementor-element-populated\">\n\t\t\t\t\t\t<div class=\"elementor-element elementor-element-29385b0 elementor-widget elementor-widget-text-editor\" data-id=\"29385b0\" data-element_type=\"widget\" data-widget_type=\"text-editor.default\">\n\t\t\t\t\t\t\t\t\t<p><strong>O SECRET\u00c1RIO DE ESTADO DE PLANEJAMENTO E GEST\u00c3O,\u00a0<\/strong>no uso de suas atribui\u00e7\u00f5es legais, observando o disposto no art. 8\u00ba do Decreto n\u00ba 46.050 de 26 de julho de 2017, tendo em vista o que consta no Processo Administrativo n\u00ba SEI-120001\/001384\/2022:<\/p><p><strong>CONSIDERANDO:<\/strong><\/p><p>&#8211; a necessidade de disciplinar e uniformizar os procedimentos para a execu\u00e7\u00e3o das atividades de licita\u00e7\u00e3o, contrata\u00e7\u00e3o e de apoio log\u00edstico dos \u00f3rg\u00e3os e entidades do Poder Executivo;<\/p><p>&#8211; a relev\u00e2ncia em se manter os integrantes das redes de log\u00edstica capacitados e atualizados, visando a obter maior efici\u00eancia na gest\u00e3o das fun\u00e7\u00f5es log\u00edsticas definidas no art. 4\u00ba do Decreto n\u00ba 42.092, de 27 de outubro de 2009, que institui o Sistema Log\u00edstico do Estado do Rio de Janeiro &#8211; SISLOG; e<\/p><p>&#8211; o disposto no Art. 2\u00ba do Decreto N\u00ba 46.050, de 26 de julho de 2017, que cria a Rede Log\u00edstica do Poder Executivo do Estado do Rio de Janeiro \u2013 REDELOG, e d\u00e1 outras provid\u00eancias.<\/p><p><strong>RESOLVE:<\/strong><\/p><p class=\"Texto_Centralizado\" style=\"text-align: center;\"><strong>CAP\u00cdTULO I<\/strong><\/p><p class=\"Texto_Centralizado\" style=\"text-align: center;\"><strong>OBJETIVOS E ESTRUTURA DO PORTAL DA REDELOG<\/strong><\/p><p class=\"Texto_Justificado\"><strong>Art. 1\u00ba.\u00a0<\/strong>A presente Resolu\u00e7\u00e3o institui, no \u00e2mbito do Poder Executivo do Estado do Rio de Janeiro, o Portal da Rede Log\u00edstica \u2013 REDELOG.<\/p><p class=\"Texto_Justificado\"><strong>Par\u00e1grafo \u00fanico.<\/strong>\u00a0O Portal da REDELOG, dispon\u00edvel no endere\u00e7o www.redelog.rj.gov.br, consiste em um s\u00edtio eletr\u00f4nico de acesso p\u00fablico no qual os usu\u00e1rios podem consultar informa\u00e7\u00f5es referentes \u00e0s fun\u00e7\u00f5es log\u00edsticas e ao trabalho das redes de log\u00edstica do Estado.<\/p><p class=\"Texto_Justificado\"><strong>Art. 2\u00ba.<\/strong>\u00a0O Portal da REDELOG tem por objetivos:<\/p><p class=\"Texto_Justificado\"><strong>I<\/strong> \u2013 Disseminar aos \u00f3rg\u00e3os e entidades do Poder Executivo da Administra\u00e7\u00e3o P\u00fablica Estadual as informa\u00e7\u00f5es necess\u00e1rias para que as fun\u00e7\u00f5es log\u00edsticas possam ser executadas de maneira padronizada e objetiva, proporcionando seguran\u00e7a aos interessados e efic\u00e1cia ao atendimento do interesse p\u00fablico;<\/p><p class=\"Texto_Justificado\"><strong>II<\/strong> \u2013 Servir como reposit\u00f3rio de modelos de documentos, guias, manuais, v\u00eddeos, infogr\u00e1ficos e demais m\u00eddias \u00fateis aos integrantes das redes de log\u00edstica e demais agentes que atuam nas fun\u00e7\u00f5es log\u00edsticas;<\/p><p class=\"Texto_Justificado\"><strong>III<\/strong> \u2013 Oferecer meios para discuss\u00f5es colaborativas entre os integrantes das redes de log\u00edstica, promovendo a troca de informa\u00e7\u00f5es e de experi\u00eancias da viv\u00eancia profissional;<\/p><p class=\"Texto_Justificado\"><strong>IV<\/strong> \u2013 Divulgar informes e comunicados oficiais da Secretaria de Estado de Planejamento e Gest\u00e3o \u2013 SEPLAG, na qualidade de \u00d3rg\u00e3o Central do Sistema Log\u00edstico, e da Subsecretaria de Log\u00edstica \u2013 SUBLOG voltados \u00e0s quest\u00f5es log\u00edsticas; e<\/p><p class=\"Texto_Justificado\"><strong>V<\/strong> \u2013 Oferecer acesso a cursos de capacita\u00e7\u00e3o e forma\u00e7\u00e3o continuada nas fun\u00e7\u00f5es log\u00edsticas oferecidos pela SEPLAG e por outras entidades p\u00fablicas, observando as trilhas de aprendizagem definidas;<\/p><p class=\"Texto_Justificado\"><strong>VI<\/strong> \u2013 Viabilizar a pesquisa de normativos atualizados no tocante ao conte\u00fado das redes de log\u00edstica; e<\/p><p class=\"Texto_Justificado\"><strong>VII<\/strong> \u2013 Divulgar indicadores e estudos estat\u00edsticos visando apoiar a tomada de decis\u00e3o dos gestores log\u00edsticos estaduais e a promo\u00e7\u00e3o da transpar\u00eancia p\u00fablica.<\/p><p class=\"Texto_Justificado\"><strong>Art. 3\u00ba.<\/strong>\u00a0A estrutura do Portal da REDELOG \u00e9 composta pelas se\u00e7\u00f5es:<\/p><p class=\"Texto_Justificado\"><strong>I<\/strong> &#8211; Rede;<\/p><p class=\"Texto_Justificado\"><strong>II<\/strong> &#8211; Base de Conhecimento;<\/p><p class=\"Texto_Justificado\"><strong>III<\/strong> &#8211; Capacita\u00e7\u00e3o; e<\/p><p class=\"Texto_Justificado\"><strong>IV<\/strong> &#8211; Legisla\u00e7\u00e3o.<\/p><p class=\"Texto_Justificado\"><strong>\u00a7 1\u00ba.\u00a0<\/strong>Cada \u00e1rea do Portal da REDELOG \u00e9 composta por subse\u00e7\u00f5es e p\u00e1ginas onde os conte\u00fados est\u00e3o organizados.<\/p><p class=\"Texto_Justificado\"><strong>\u00a7 2\u00ba.<\/strong>\u00a0O Portal da REDELOG disponibiliza o link &#8220;Log\u00edstica em Dados&#8221;,\u00a0permitindo acesso a indicadores com foco no planejamento, monitoramento e avalia\u00e7\u00e3o das atividades relacionadas ao Sistema Log\u00edstico do Estado do Rio de Janeiro \u2013 SISLOG.<\/p><p class=\"Texto_Justificado\"><strong>\u00a7 3\u00ba<\/strong>.\u00a0A SUBLOG fica autorizada a revisar a estrutura do Portal da REDELOG, adaptando-a sempre que necess\u00e1rio.<\/p><p class=\"Texto_Justificado\"><strong>Art. 4\u00ba.<\/strong> As redes funcionais de log\u00edstica REDEPREG, REDETRANS, REDECONTRATOS, REDEBENS e REDECOMPRAS, bem como as eventuais novas redes funcionais que venham a ser criadas, contar\u00e3o com \u00e1reas pr\u00f3prias no Portal da REDELOG voltadas ao seu conte\u00fado espec\u00edfico.<\/p><p class=\"Texto_Justificado\"><strong>\u00a7 1\u00ba.\u00a0<\/strong>As \u00e1reas das redes funcionais mencionadas no caput deste artigo observar\u00e3o a mesma estrutura e identidade visual do Portal da REDELOG.<\/p><p class=\"Texto_Justificado\"><strong>\u00a7 2\u00ba.<\/strong>\u00a0As redes funcionais poder\u00e3o criar subse\u00e7\u00f5es espec\u00edficas na se\u00e7\u00e3o mencionada no inc. I do art. 3\u00ba desta Resolu\u00e7\u00e3o, caso necess\u00e1rio.<\/p><p class=\"Texto_Centralizado\" style=\"text-align: center;\"><strong>CAP\u00cdTULO II<\/strong><\/p><p class=\"Texto_Centralizado\" style=\"text-align: center;\"><strong>CRIA\u00c7\u00c3O E GEST\u00c3O DE CONTE\u00daDO<\/strong><\/p><p class=\"Texto_Justificado\"><strong>Art. 5\u00ba.<\/strong>\u00a0A gest\u00e3o de conte\u00fado do Portal da REDELOG ser\u00e1 exercida de forma compartilhada entre o gerente geral da REDELOG e os gerentes das redes funcionais.<\/p><p class=\"Texto_Justificado\"><strong>\u00a7 1\u00ba.<\/strong>\u00a0A curadoria do conte\u00fado do Portal caber\u00e1 ao gerente geral da REDELOG, que dever\u00e1 selecionar, editar e formatar o material a ser publicado nas se\u00e7\u00f5es sob sua responsabilidade.<\/p><p class=\"Texto_Justificado\"><strong>\u00a7 2\u00ba.<\/strong>\u00a0Caber\u00e1 aos gerentes das redes funcionais a curadoria do conte\u00fado espec\u00edfico das \u00e1reas voltadas \u00e0 tem\u00e1tica de sua respectiva rede.<\/p><p class=\"Texto_Justificado\"><strong>\u00a7 3\u00ba.<\/strong>\u00a0O conte\u00fado das se\u00e7\u00f5es mencionadas nos incisos III e IV do art. 3\u00ba desta Resolu\u00e7\u00e3o ser\u00e1 comum para todas as redes de log\u00edstica.<\/p><p class=\"Texto_Justificado\"><strong>Art. 6\u00ba.<\/strong>\u00a0A cria\u00e7\u00e3o de conte\u00fado do Portal da REDELOG ser\u00e1 realizada pelos gerentes das redes de log\u00edstica em parceria com as \u00e1reas t\u00e9cnicas da SUBLOG respons\u00e1veis pelo assunto a ser abordado.<\/p><p class=\"Texto_Justificado\"><strong>Par\u00e1grafo \u00fanico.<\/strong>\u00a0Os conte\u00fados publicados dever\u00e3o ser periodicamente revisados pelos gerentes das redes, que providenciar\u00e3o sua atualiza\u00e7\u00e3o sempre que for necess\u00e1rio.<\/p><p class=\"Texto_Justificado\"><strong>Art. 7\u00ba.<\/strong>\u00a0O interessado em indicar novos conte\u00fados ou sinalizar a necessidade de corre\u00e7\u00e3o de informa\u00e7\u00f5es constantes no Portal da REDELOG dever\u00e1 encaminhar\u00a0para o endere\u00e7o eletr\u00f4nico\u00a0<a href=\"mailto:redelog@planejamento.rj.gov.br\" target=\"_blank\" rel=\"noopener\">redelog@planejamento.rj.gov.br<\/a>\u00a0a sugest\u00e3o e justificativa, identificando o seu nome e telefone de contato, al\u00e9m do ID funcional, cargo e unidade de trabalho, se for servidor.<\/p><p class=\"Texto_Justificado\"><strong>Par\u00e1grafo \u00fanico.<\/strong>\u00a0As sugest\u00f5es recebidas que forem pertinentes \u00e0s \u00e1reas das redes funcionais ser\u00e3o encaminhadas para an\u00e1lise do respectivo gerente.<\/p><p class=\"Texto_Justificado\"><strong>Art. 8\u00ba.\u00a0<\/strong>Caber\u00e1 aos gerentes das redes:<\/p><p class=\"Texto_Justificado\"><strong>I<\/strong> \u2013 dar publicidade das atualiza\u00e7\u00f5es e modifica\u00e7\u00f5es promovidas no Portal da REDELOG aos integrantes de suas redes;<\/p><p class=\"Texto_Justificado\"><strong>II<\/strong> \u2013 incentivar, no \u00e2mbito de suas redes, o engajamento de seus integrantes por meio de discuss\u00f5es a respeito dos assuntos abordados no Portal da REDELOG; e<\/p><p class=\"Texto_Justificado\"><strong>III<\/strong> \u2013 priorizar o envio de comunicados e orienta\u00e7\u00f5es no \u00e2mbito de suas redes por meio da p\u00e1gina Informes do Portal REDELOG.<\/p><p class=\"Texto_Centralizado\" style=\"text-align: center;\"><strong>CAP\u00cdTULO III<\/strong><\/p><p class=\"Texto_Centralizado\" style=\"text-align: center;\"><strong>USO DAS INFORMA\u00c7\u00d5ES<\/strong><\/p><p class=\"Texto_Justificado\"><strong>Art. 9\u00ba.<\/strong>\u00a0As informa\u00e7\u00f5es publicadas no Portal da REDELOG ter\u00e3o natureza de orienta\u00e7\u00e3o operacional exaradas pelo \u00d3rg\u00e3o Central do Sistema Log\u00edstico, em complemento \u00e0s orienta\u00e7\u00f5es contidas em atos normativos publicados em Di\u00e1rio Oficial, e servir\u00e3o de refer\u00eancia \u00e0 atua\u00e7\u00e3o dos servidores que exercem fun\u00e7\u00f5es log\u00edsticas.<\/p><p class=\"Texto_Justificado\"><strong>Par\u00e1grafo \u00fanico.<\/strong>\u00a0Dever\u00e3o ser utilizados para as atividades administrativas os modelos de documentos e as ferramentas sist\u00eamicas elaborados com fundamento em atos normativos, os quais ser\u00e3o divulgados e indicados na Base de Conhecimento do Portal da REDELOG.<\/p><p class=\"Texto_Centralizado\" style=\"text-align: center;\"><strong>CAP\u00cdTULO IV<\/strong><\/p><p class=\"Texto_Centralizado\" style=\"text-align: center;\"><strong>DISPOSI\u00c7\u00d5ES FINAIS<\/strong><\/p><p class=\"Texto_Justificado\"><strong>Art. 10.<\/strong>\u00a0A cria\u00e7\u00e3o e a manuten\u00e7\u00e3o da documenta\u00e7\u00e3o da especifica\u00e7\u00e3o do Portal da REDELOG, incluindo a descri\u00e7\u00e3o da identidade visual e a descri\u00e7\u00e3o funcional e t\u00e9cnica, ficar\u00e3o sob responsabilidade da \u00e1rea de sistemas log\u00edsticos da SUBLOG.<\/p><p class=\"Texto_Justificado\"><strong>Art. 11.<\/strong> O \u00d3rg\u00e3o Central do SISLOG poder\u00e1 expedir normas complementares a esta Resolu\u00e7\u00e3o.<\/p><p class=\"Texto_Justificado\"><strong>Art. 12.<\/strong> Ficar\u00e1 sob responsabilidade da Subsecretaria de Log\u00edstica da SEPLAG o esclarecimento de d\u00favidas e a resolu\u00e7\u00e3o dos casos omissos decorrentes da aplica\u00e7\u00e3o desta Resolu\u00e7\u00e3o.<\/p><p class=\"Texto_Justificado\"><strong>Art. 13.<\/strong>\u00a0Esta Resolu\u00e7\u00e3o entrar\u00e1 em vigor na data da sua publica\u00e7\u00e3o.<\/p><p class=\"Texto_Alinhado_Esquerda\" style=\"text-align: center;\">Rio de Janeiro, 16\u00a0 de agosto de 2022<\/p><p class=\"Texto_Centralizado\" style=\"text-align: center;\"><strong>NELSON ROCHA<\/strong><br \/>Secret\u00e1rio de Estado de Planejamento e Gest\u00e3o<\/p><p style=\"text-align: right;\">Id: 2416740<\/p>\t\t\t\t\t\t\t\t<\/div>\n\t\t\t\t\t<\/div>\n\t\t<\/div>\n\t\t\t\t\t<\/div>\n\t\t<\/section>\n\t\t\t\t<section class=\"elementor-section elementor-top-section elementor-element elementor-element-ebf181d elementor-section-boxed elementor-section-height-default elementor-section-height-default\" data-id=\"ebf181d\" data-element_type=\"section\" data-settings=\"{&quot;jet_parallax_layout_list&quot;:[{&quot;jet_parallax_layout_image&quot;:{&quot;url&quot;:&quot;&quot;,&quot;id&quot;:&quot;&quot;,&quot;size&quot;:&quot;&quot;},&quot;_id&quot;:&quot;04dd098&quot;,&quot;jet_parallax_layout_image_tablet&quot;:{&quot;url&quot;:&quot;&quot;,&quot;id&quot;:&quot;&quot;,&quot;size&quot;:&quot;&quot;},&quot;jet_parallax_layout_image_mobile&quot;:{&quot;url&quot;:&quot;&quot;,&quot;id&quot;:&quot;&quot;,&quot;size&quot;:&quot;&quot;},&quot;jet_parallax_layout_speed&quot;:{&quot;unit&quot;:&quot;%&quot;,&quot;size&quot;:50,&quot;sizes&quot;:[]},&quot;jet_parallax_layout_type&quot;:&quot;scroll&quot;,&quot;jet_parallax_layout_direction&quot;:&quot;1&quot;,&quot;jet_parallax_layout_fx_direction&quot;:null,&quot;jet_parallax_layout_z_index&quot;:&quot;&quot;,&quot;jet_parallax_layout_bg_x&quot;:50,&quot;jet_parallax_layout_bg_x_tablet&quot;:&quot;&quot;,&quot;jet_parallax_layout_bg_x_mobile&quot;:&quot;&quot;,&quot;jet_parallax_layout_bg_y&quot;:50,&quot;jet_parallax_layout_bg_y_tablet&quot;:&quot;&quot;,&quot;jet_parallax_layout_bg_y_mobile&quot;:&quot;&quot;,&quot;jet_parallax_layout_bg_size&quot;:&quot;auto&quot;,&quot;jet_parallax_layout_bg_size_tablet&quot;:&quot;&quot;,&quot;jet_parallax_layout_bg_size_mobile&quot;:&quot;&quot;,&quot;jet_parallax_layout_animation_prop&quot;:&quot;transform&quot;,&quot;jet_parallax_layout_on&quot;:[&quot;desktop&quot;,&quot;tablet&quot;]}]}\">\n\t\t\t\t\t\t<div class=\"elementor-container elementor-column-gap-default\">\n\t\t\t\t\t<div class=\"elementor-column elementor-col-100 elementor-top-column elementor-element elementor-element-226f32a\" data-id=\"226f32a\" data-element_type=\"column\">\n\t\t\t<div class=\"elementor-widget-wrap elementor-element-populated\">\n\t\t\t\t\t\t<div class=\"elementor-element elementor-element-19222da elementor-widget elementor-widget-text-editor\" data-id=\"19222da\" data-element_type=\"widget\" data-widget_type=\"text-editor.default\">\n\t\t\t\t\t\t\t\t\t<p><em>Publicada no DOE em <a href=\"https:\/\/www.redelog.rj.gov.br\/redelog\/wp-content\/uploads\/2022\/08\/Resolucao-SEPLAG-no-147-Institui-o-Portal-da-REDELOG.pdf\"><strong>18\/08\/2022,<\/strong><\/a> retificada no DOE em <a href=\"https:\/\/www.redelog.rj.gov.br\/redelog\/wp-content\/uploads\/2022\/08\/Resolucao-SEPLAG-no-147-Instirui-o-Portal-da-REDELOG-RETIFICACAO.pdf\"><strong>24\/08\/2022<\/strong><\/a>.<\/em><\/p>\t\t\t\t\t\t\t\t<\/div>\n\t\t\t\t\t<\/div>\n\t\t<\/div>\n\t\t\t\t\t<\/div>\n\t\t<\/section>\n\t\t\t\t<section class=\"elementor-section elementor-top-section elementor-element elementor-element-46351a7 elementor-section-boxed elementor-section-height-default elementor-section-height-default\" data-id=\"46351a7\" data-element_type=\"section\" data-settings=\"{&quot;jet_parallax_layout_list&quot;:[{&quot;jet_parallax_layout_image&quot;:{&quot;url&quot;:&quot;&quot;,&quot;id&quot;:&quot;&quot;,&quot;size&quot;:&quot;&quot;},&quot;_id&quot;:&quot;ab030fc&quot;,&quot;jet_parallax_layout_image_tablet&quot;:{&quot;url&quot;:&quot;&quot;,&quot;id&quot;:&quot;&quot;,&quot;size&quot;:&quot;&quot;},&quot;jet_parallax_layout_image_mobile&quot;:{&quot;url&quot;:&quot;&quot;,&quot;id&quot;:&quot;&quot;,&quot;size&quot;:&quot;&quot;},&quot;jet_parallax_layout_speed&quot;:{&quot;unit&quot;:&quot;%&quot;,&quot;size&quot;:50,&quot;sizes&quot;:[]},&quot;jet_parallax_layout_type&quot;:&quot;scroll&quot;,&quot;jet_parallax_layout_direction&quot;:&quot;1&quot;,&quot;jet_parallax_layout_fx_direction&quot;:null,&quot;jet_parallax_layout_z_index&quot;:&quot;&quot;,&quot;jet_parallax_layout_bg_x&quot;:50,&quot;jet_parallax_layout_bg_x_tablet&quot;:&quot;&quot;,&quot;jet_parallax_layout_bg_x_mobile&quot;:&quot;&quot;,&quot;jet_parallax_layout_bg_y&quot;:50,&quot;jet_parallax_layout_bg_y_tablet&quot;:&quot;&quot;,&quot;jet_parallax_layout_bg_y_mobile&quot;:&quot;&quot;,&quot;jet_parallax_layout_bg_size&quot;:&quot;auto&quot;,&quot;jet_parallax_layout_bg_size_tablet&quot;:&quot;&quot;,&quot;jet_parallax_layout_bg_size_mobile&quot;:&quot;&quot;,&quot;jet_parallax_layout_animation_prop&quot;:&quot;transform&quot;,&quot;jet_parallax_layout_on&quot;:[&quot;desktop&quot;,&quot;tablet&quot;]}]}\">\n\t\t\t\t\t\t<div class=\"elementor-container elementor-column-gap-default\">\n\t\t\t\t\t<div class=\"elementor-column elementor-col-100 elementor-top-column elementor-element elementor-element-48969c2\" data-id=\"48969c2\" data-element_type=\"column\">\n\t\t\t<div class=\"elementor-widget-wrap elementor-element-populated\">\n\t\t\t\t\t\t<div class=\"elementor-element elementor-element-28d2426 elementor-widget-divider--view-line elementor-widget elementor-widget-divider\" data-id=\"28d2426\" data-element_type=\"widget\" data-widget_type=\"divider.default\">\n\t\t\t\t\t\t\t<div class=\"elementor-divider\">\n\t\t\t<span class=\"elementor-divider-separator\">\n\t\t\t\t\t\t<\/span>\n\t\t<\/div>\n\t\t\t\t\t\t<\/div>\n\t\t\t\t\t<\/div>\n\t\t<\/div>\n\t\t\t\t\t<\/div>\n\t\t<\/section>\n\t\t\t\t<section class=\"elementor-section elementor-top-section elementor-element elementor-element-b455592 elementor-section-boxed elementor-section-height-default elementor-section-height-default\" data-id=\"b455592\" data-element_type=\"section\" id=\"options\" data-settings=\"{&quot;jet_parallax_layout_list&quot;:[{&quot;jet_parallax_layout_image&quot;:{&quot;url&quot;:&quot;&quot;,&quot;id&quot;:&quot;&quot;,&quot;size&quot;:&quot;&quot;},&quot;_id&quot;:&quot;19d7213&quot;,&quot;jet_parallax_layout_image_tablet&quot;:{&quot;url&quot;:&quot;&quot;,&quot;id&quot;:&quot;&quot;,&quot;size&quot;:&quot;&quot;},&quot;jet_parallax_layout_image_mobile&quot;:{&quot;url&quot;:&quot;&quot;,&quot;id&quot;:&quot;&quot;,&quot;size&quot;:&quot;&quot;},&quot;jet_parallax_layout_speed&quot;:{&quot;unit&quot;:&quot;%&quot;,&quot;size&quot;:50,&quot;sizes&quot;:[]},&quot;jet_parallax_layout_type&quot;:&quot;scroll&quot;,&quot;jet_parallax_layout_direction&quot;:&quot;1&quot;,&quot;jet_parallax_layout_fx_direction&quot;:null,&quot;jet_parallax_layout_z_index&quot;:&quot;&quot;,&quot;jet_parallax_layout_bg_x&quot;:50,&quot;jet_parallax_layout_bg_x_tablet&quot;:&quot;&quot;,&quot;jet_parallax_layout_bg_x_mobile&quot;:&quot;&quot;,&quot;jet_parallax_layout_bg_y&quot;:50,&quot;jet_parallax_layout_bg_y_tablet&quot;:&quot;&quot;,&quot;jet_parallax_layout_bg_y_mobile&quot;:&quot;&quot;,&quot;jet_parallax_layout_bg_size&quot;:&quot;auto&quot;,&quot;jet_parallax_layout_bg_size_tablet&quot;:&quot;&quot;,&quot;jet_parallax_layout_bg_size_mobile&quot;:&quot;&quot;,&quot;jet_parallax_layout_animation_prop&quot;:&quot;transform&quot;,&quot;jet_parallax_layout_on&quot;:[&quot;desktop&quot;,&quot;tablet&quot;]}]}\">\n\t\t\t\t\t\t<div class=\"elementor-container elementor-column-gap-default\">\n\t\t\t\t\t<div class=\"elementor-column elementor-col-100 elementor-top-column elementor-element elementor-element-aea6bd6\" data-id=\"aea6bd6\" data-element_type=\"column\">\n\t\t\t<div class=\"elementor-widget-wrap elementor-element-populated\">\n\t\t\t\t\t\t<div class=\"elementor-element elementor-element-c61f07b elementor-widget elementor-widget-shortcode\" data-id=\"c61f07b\" data-element_type=\"widget\" data-widget_type=\"shortcode.default\">\n\t\t\t\t\t\t\t<div class=\"elementor-shortcode\"><div class='printomatic pom-default ' id='id3138' alt='Imprimir' title='Imprimir' data-print_target='#post-19063'><\/div> <div class='printomatictext' id='id3138' alt='Imprimir' title='Imprimir' data-print_target='#post-19063'>Imprimir<\/div><div style='clear: both;'><\/div><\/div>\n\t\t\t\t\t\t<\/div>\n\t\t\t\t<section class=\"elementor-section elementor-inner-section elementor-element elementor-element-dcc12e8 elementor-section-boxed elementor-section-height-default elementor-section-height-default\" data-id=\"dcc12e8\" data-element_type=\"section\" data-settings=\"{&quot;jet_parallax_layout_list&quot;:[{&quot;jet_parallax_layout_image&quot;:{&quot;url&quot;:&quot;&quot;,&quot;id&quot;:&quot;&quot;,&quot;size&quot;:&quot;&quot;},&quot;_id&quot;:&quot;ccec7d1&quot;,&quot;jet_parallax_layout_image_tablet&quot;:{&quot;url&quot;:&quot;&quot;,&quot;id&quot;:&quot;&quot;,&quot;size&quot;:&quot;&quot;},&quot;jet_parallax_layout_image_mobile&quot;:{&quot;url&quot;:&quot;&quot;,&quot;id&quot;:&quot;&quot;,&quot;size&quot;:&quot;&quot;},&quot;jet_parallax_layout_speed&quot;:{&quot;unit&quot;:&quot;%&quot;,&quot;size&quot;:50,&quot;sizes&quot;:[]},&quot;jet_parallax_layout_type&quot;:&quot;scroll&quot;,&quot;jet_parallax_layout_direction&quot;:&quot;1&quot;,&quot;jet_parallax_layout_fx_direction&quot;:null,&quot;jet_parallax_layout_z_index&quot;:&quot;&quot;,&quot;jet_parallax_layout_bg_x&quot;:50,&quot;jet_parallax_layout_bg_x_tablet&quot;:&quot;&quot;,&quot;jet_parallax_layout_bg_x_mobile&quot;:&quot;&quot;,&quot;jet_parallax_layout_bg_y&quot;:50,&quot;jet_parallax_layout_bg_y_tablet&quot;:&quot;&quot;,&quot;jet_parallax_layout_bg_y_mobile&quot;:&quot;&quot;,&quot;jet_parallax_layout_bg_size&quot;:&quot;auto&quot;,&quot;jet_parallax_layout_bg_size_tablet&quot;:&quot;&quot;,&quot;jet_parallax_layout_bg_size_mobile&quot;:&quot;&quot;,&quot;jet_parallax_layout_animation_prop&quot;:&quot;transform&quot;,&quot;jet_parallax_layout_on&quot;:[&quot;desktop&quot;,&quot;tablet&quot;]}]}\">\n\t\t\t\t\t\t<div class=\"elementor-container elementor-column-gap-default\">\n\t\t\t\t\t<div class=\"elementor-column elementor-col-50 elementor-inner-column elementor-element elementor-element-d4adb2f\" data-id=\"d4adb2f\" data-element_type=\"column\">\n\t\t\t<div class=\"elementor-widget-wrap elementor-element-populated\">\n\t\t\t\t\t\t<div class=\"elementor-element elementor-element-f88527e elementor-widget elementor-widget-text-editor\" data-id=\"f88527e\" data-element_type=\"widget\" data-widget_type=\"text-editor.default\">\n\t\t\t\t\t\t\t\t\t<p><strong><a href=\"http:\/\/redelog.rj.gov.br\/redelog\/legislacao-licitacoes\/\">\u2190 Voltar &#8211; Licita\u00e7\u00f5es<\/a><\/strong><\/p>\t\t\t\t\t\t\t\t<\/div>\n\t\t\t\t\t<\/div>\n\t\t<\/div>\n\t\t\t\t<div class=\"elementor-column elementor-col-50 elementor-inner-column elementor-element elementor-element-a0c62b1\" data-id=\"a0c62b1\" data-element_type=\"column\">\n\t\t\t<div class=\"elementor-widget-wrap elementor-element-populated\">\n\t\t\t\t\t\t\t<\/div>\n\t\t<\/div>\n\t\t\t\t\t<\/div>\n\t\t<\/section>\n\t\t\t\t\t<\/div>\n\t\t<\/div>\n\t\t\t\t\t<\/div>\n\t\t<\/section>\n\t\t\t\t<section class=\"elementor-section elementor-top-section elementor-element elementor-element-fd03f9e elementor-section-boxed elementor-section-height-default elementor-section-height-default\" data-id=\"fd03f9e\" data-element_type=\"section\" data-settings=\"{&quot;jet_parallax_layout_list&quot;:[{&quot;jet_parallax_layout_image&quot;:{&quot;url&quot;:&quot;&quot;,&quot;id&quot;:&quot;&quot;,&quot;size&quot;:&quot;&quot;},&quot;_id&quot;:&quot;22a0abb&quot;,&quot;jet_parallax_layout_image_tablet&quot;:{&quot;url&quot;:&quot;&quot;,&quot;id&quot;:&quot;&quot;,&quot;size&quot;:&quot;&quot;},&quot;jet_parallax_layout_image_mobile&quot;:{&quot;url&quot;:&quot;&quot;,&quot;id&quot;:&quot;&quot;,&quot;size&quot;:&quot;&quot;},&quot;jet_parallax_layout_speed&quot;:{&quot;unit&quot;:&quot;%&quot;,&quot;size&quot;:50,&quot;sizes&quot;:[]},&quot;jet_parallax_layout_type&quot;:&quot;scroll&quot;,&quot;jet_parallax_layout_direction&quot;:&quot;1&quot;,&quot;jet_parallax_layout_fx_direction&quot;:null,&quot;jet_parallax_layout_z_index&quot;:&quot;&quot;,&quot;jet_parallax_layout_bg_x&quot;:50,&quot;jet_parallax_layout_bg_x_tablet&quot;:&quot;&quot;,&quot;jet_parallax_layout_bg_x_mobile&quot;:&quot;&quot;,&quot;jet_parallax_layout_bg_y&quot;:50,&quot;jet_parallax_layout_bg_y_tablet&quot;:&quot;&quot;,&quot;jet_parallax_layout_bg_y_mobile&quot;:&quot;&quot;,&quot;jet_parallax_layout_bg_size&quot;:&quot;auto&quot;,&quot;jet_parallax_layout_bg_size_tablet&quot;:&quot;&quot;,&quot;jet_parallax_layout_bg_size_mobile&quot;:&quot;&quot;,&quot;jet_parallax_layout_animation_prop&quot;:&quot;transform&quot;,&quot;jet_parallax_layout_on&quot;:[&quot;desktop&quot;,&quot;tablet&quot;]}]}\">\n\t\t\t\t\t\t<div class=\"elementor-container elementor-column-gap-default\">\n\t\t\t\t\t<div class=\"elementor-column elementor-col-100 elementor-top-column elementor-element elementor-element-686a8eb\" data-id=\"686a8eb\" data-element_type=\"column\">\n\t\t\t<div class=\"elementor-widget-wrap elementor-element-populated\">\n\t\t\t\t\t\t<div class=\"elementor-element elementor-element-ecf83af elementor-widget elementor-widget-html\" data-id=\"ecf83af\" data-element_type=\"widget\" data-widget_type=\"html.default\">\n\t\t\t\t\t<style>\n    h2, .h2-style{\n        font-size: 28px;\n    }\n<\/style>\t\t\t\t<\/div>\n\t\t\t\t\t<\/div>\n\t\t<\/div>\n\t\t\t\t\t<\/div>\n\t\t<\/section>\n\t\t\t\t<\/div>\n\t\t","protected":false},"excerpt":{"rendered":"<p>INSTITUI O PORTAL DA REDE LOG\u00cdSTICA &#8211; REDELOG\u00a0NO \u00c2MBITO DO PODER EXECUTIVO DO ESTADO DO RIO DE JANEIRO. O SECRET\u00c1RIO DE ESTADO DE PLANEJAMENTO E GEST\u00c3O,\u00a0no uso de suas atribui\u00e7\u00f5es legais, observando o disposto no art. 8\u00ba do Decreto n\u00ba 46.050 de 26 de julho de 2017, tendo em vista o que consta no Processo [&hellip;]<\/p>\n","protected":false},"author":19,"featured_media":0,"comment_status":"closed","ping_status":"open","sticky":false,"template":"","format":"standard","meta":{"_joinchat":[],"footnotes":""},"categories":[23],"tags":[],"class_list":["post-19063","post","type-post","status-publish","format-standard","hentry","category-cat-legislacao"],"yoast_head":"<!-- This site is optimized with the Yoast SEO plugin v25.7 - https:\/\/yoast.com\/wordpress\/plugins\/seo\/ -->\n<title>RESOLU\u00c7\u00c3O SEPLAG N\u00ba 147, DE 16 DE AGOSTO DE 2022 - Redelog<\/title>\n<meta name=\"robots\" content=\"index, follow, max-snippet:-1, max-image-preview:large, max-video-preview:-1\" \/>\n<link rel=\"canonical\" href=\"https:\/\/redelog.rj.gov.br\/redelog\/resolucao-seplag-no-147-de-16-de-agosto-de-2022-2\/\" \/>\n<meta property=\"og:locale\" content=\"pt_BR\" \/>\n<meta property=\"og:type\" content=\"article\" \/>\n<meta property=\"og:title\" content=\"RESOLU\u00c7\u00c3O SEPLAG N\u00ba 147, DE 16 DE AGOSTO DE 2022 - Redelog\" \/>\n<meta property=\"og:description\" content=\"INSTITUI O PORTAL DA REDE LOG\u00cdSTICA &#8211; REDELOG\u00a0NO \u00c2MBITO DO PODER EXECUTIVO DO ESTADO DO RIO DE JANEIRO. O SECRET\u00c1RIO DE ESTADO DE PLANEJAMENTO E GEST\u00c3O,\u00a0no uso de suas atribui\u00e7\u00f5es legais, observando o disposto no art. 8\u00ba do Decreto n\u00ba 46.050 de 26 de julho de 2017, tendo em vista o que consta no Processo [&hellip;]\" \/>\n<meta property=\"og:url\" content=\"https:\/\/redelog.rj.gov.br\/redelog\/resolucao-seplag-no-147-de-16-de-agosto-de-2022-2\/\" \/>\n<meta property=\"og:site_name\" content=\"Redelog\" \/>\n<meta property=\"article:published_time\" content=\"2022-08-18T15:06:20+00:00\" \/>\n<meta property=\"article:modified_time\" content=\"2022-09-26T19:44:48+00:00\" \/>\n<meta name=\"author\" content=\"Juliane Paz Vieira Lima\" \/>\n<meta name=\"twitter:card\" content=\"summary_large_image\" \/>\n<meta name=\"twitter:label1\" content=\"Escrito por\" \/>\n\t<meta name=\"twitter:data1\" content=\"Juliane Paz Vieira Lima\" \/>\n\t<meta name=\"twitter:label2\" content=\"Est. tempo de leitura\" \/>\n\t<meta name=\"twitter:data2\" content=\"5 minutos\" \/>\n<script type=\"application\/ld+json\" class=\"yoast-schema-graph\">{\"@context\":\"https:\/\/schema.org\",\"@graph\":[{\"@type\":\"Article\",\"@id\":\"https:\/\/redelog.rj.gov.br\/redelog\/resolucao-seplag-no-147-de-16-de-agosto-de-2022-2\/#article\",\"isPartOf\":{\"@id\":\"https:\/\/redelog.rj.gov.br\/redelog\/resolucao-seplag-no-147-de-16-de-agosto-de-2022-2\/\"},\"author\":{\"name\":\"Juliane Paz Vieira Lima\",\"@id\":\"https:\/\/redelog.rj.gov.br\/redelog\/#\/schema\/person\/a80fe416b9778ee67954a79526756867\"},\"headline\":\"RESOLU\u00c7\u00c3O SEPLAG N\u00ba 147, DE 16 DE AGOSTO DE 2022\",\"datePublished\":\"2022-08-18T15:06:20+00:00\",\"dateModified\":\"2022-09-26T19:44:48+00:00\",\"mainEntityOfPage\":{\"@id\":\"https:\/\/redelog.rj.gov.br\/redelog\/resolucao-seplag-no-147-de-16-de-agosto-de-2022-2\/\"},\"wordCount\":1305,\"publisher\":{\"@id\":\"https:\/\/redelog.rj.gov.br\/redelog\/#organization\"},\"articleSection\":[\"Legisla\u00e7\u00e3o\"],\"inLanguage\":\"pt-BR\"},{\"@type\":\"WebPage\",\"@id\":\"https:\/\/redelog.rj.gov.br\/redelog\/resolucao-seplag-no-147-de-16-de-agosto-de-2022-2\/\",\"url\":\"https:\/\/redelog.rj.gov.br\/redelog\/resolucao-seplag-no-147-de-16-de-agosto-de-2022-2\/\",\"name\":\"RESOLU\u00c7\u00c3O SEPLAG N\u00ba 147, DE 16 DE AGOSTO DE 2022 - Redelog\",\"isPartOf\":{\"@id\":\"https:\/\/redelog.rj.gov.br\/redelog\/#website\"},\"datePublished\":\"2022-08-18T15:06:20+00:00\",\"dateModified\":\"2022-09-26T19:44:48+00:00\",\"breadcrumb\":{\"@id\":\"https:\/\/redelog.rj.gov.br\/redelog\/resolucao-seplag-no-147-de-16-de-agosto-de-2022-2\/#breadcrumb\"},\"inLanguage\":\"pt-BR\",\"potentialAction\":[{\"@type\":\"ReadAction\",\"target\":[\"https:\/\/redelog.rj.gov.br\/redelog\/resolucao-seplag-no-147-de-16-de-agosto-de-2022-2\/\"]}]},{\"@type\":\"BreadcrumbList\",\"@id\":\"https:\/\/redelog.rj.gov.br\/redelog\/resolucao-seplag-no-147-de-16-de-agosto-de-2022-2\/#breadcrumb\",\"itemListElement\":[{\"@type\":\"ListItem\",\"position\":1,\"name\":\"Home\",\"item\":\"https:\/\/redelog.rj.gov.br\/redelog\/\"},{\"@type\":\"ListItem\",\"position\":2,\"name\":\"RESOLU\u00c7\u00c3O SEPLAG N\u00ba 147, DE 16 DE AGOSTO DE 2022\"}]},{\"@type\":\"WebSite\",\"@id\":\"https:\/\/redelog.rj.gov.br\/redelog\/#website\",\"url\":\"https:\/\/redelog.rj.gov.br\/redelog\/\",\"name\":\"Redelog\",\"description\":\"Site da Rede de Log\u00edstica e Planejamento do Estado do Rio de Janeiro\",\"publisher\":{\"@id\":\"https:\/\/redelog.rj.gov.br\/redelog\/#organization\"},\"potentialAction\":[{\"@type\":\"SearchAction\",\"target\":{\"@type\":\"EntryPoint\",\"urlTemplate\":\"https:\/\/redelog.rj.gov.br\/redelog\/?s={search_term_string}\"},\"query-input\":{\"@type\":\"PropertyValueSpecification\",\"valueRequired\":true,\"valueName\":\"search_term_string\"}}],\"inLanguage\":\"pt-BR\"},{\"@type\":\"Organization\",\"@id\":\"https:\/\/redelog.rj.gov.br\/redelog\/#organization\",\"name\":\"REDELOG\",\"url\":\"https:\/\/redelog.rj.gov.br\/redelog\/\",\"logo\":{\"@type\":\"ImageObject\",\"inLanguage\":\"pt-BR\",\"@id\":\"https:\/\/redelog.rj.gov.br\/redelog\/#\/schema\/logo\/image\/\",\"url\":\"http:\/\/10.10.8.100:8888\/redelog\/wp-content\/uploads\/2019\/09\/Redelog2.png\",\"contentUrl\":\"http:\/\/10.10.8.100:8888\/redelog\/wp-content\/uploads\/2019\/09\/Redelog2.png\",\"width\":565,\"height\":155,\"caption\":\"REDELOG\"},\"image\":{\"@id\":\"https:\/\/redelog.rj.gov.br\/redelog\/#\/schema\/logo\/image\/\"}},{\"@type\":\"Person\",\"@id\":\"https:\/\/redelog.rj.gov.br\/redelog\/#\/schema\/person\/a80fe416b9778ee67954a79526756867\",\"name\":\"Juliane Paz Vieira Lima\",\"image\":{\"@type\":\"ImageObject\",\"inLanguage\":\"pt-BR\",\"@id\":\"https:\/\/redelog.rj.gov.br\/redelog\/#\/schema\/person\/image\/\",\"url\":\"https:\/\/secure.gravatar.com\/avatar\/6d81cf8bb20fabd08d236dec1cc7b99d2da26d368e6642dc331f1413653da0a6?s=96&d=mm&r=g\",\"contentUrl\":\"https:\/\/secure.gravatar.com\/avatar\/6d81cf8bb20fabd08d236dec1cc7b99d2da26d368e6642dc331f1413653da0a6?s=96&d=mm&r=g\",\"caption\":\"Juliane Paz Vieira Lima\"},\"url\":\"https:\/\/redelog.rj.gov.br\/redelog\/author\/julianepaz\/\"}]}<\/script>\n<!-- \/ Yoast SEO plugin. -->","yoast_head_json":{"title":"RESOLU\u00c7\u00c3O SEPLAG N\u00ba 147, DE 16 DE AGOSTO DE 2022 - Redelog","robots":{"index":"index","follow":"follow","max-snippet":"max-snippet:-1","max-image-preview":"max-image-preview:large","max-video-preview":"max-video-preview:-1"},"canonical":"https:\/\/redelog.rj.gov.br\/redelog\/resolucao-seplag-no-147-de-16-de-agosto-de-2022-2\/","og_locale":"pt_BR","og_type":"article","og_title":"RESOLU\u00c7\u00c3O SEPLAG N\u00ba 147, DE 16 DE AGOSTO DE 2022 - Redelog","og_description":"INSTITUI O PORTAL DA REDE LOG\u00cdSTICA &#8211; REDELOG\u00a0NO \u00c2MBITO DO PODER EXECUTIVO DO ESTADO DO RIO DE JANEIRO. O SECRET\u00c1RIO DE ESTADO DE PLANEJAMENTO E GEST\u00c3O,\u00a0no uso de suas atribui\u00e7\u00f5es legais, observando o disposto no art. 8\u00ba do Decreto n\u00ba 46.050 de 26 de julho de 2017, tendo em vista o que consta no Processo [&hellip;]","og_url":"https:\/\/redelog.rj.gov.br\/redelog\/resolucao-seplag-no-147-de-16-de-agosto-de-2022-2\/","og_site_name":"Redelog","article_published_time":"2022-08-18T15:06:20+00:00","article_modified_time":"2022-09-26T19:44:48+00:00","author":"Juliane Paz Vieira Lima","twitter_card":"summary_large_image","twitter_misc":{"Escrito por":"Juliane Paz Vieira Lima","Est. tempo de leitura":"5 minutos"},"schema":{"@context":"https:\/\/schema.org","@graph":[{"@type":"Article","@id":"https:\/\/redelog.rj.gov.br\/redelog\/resolucao-seplag-no-147-de-16-de-agosto-de-2022-2\/#article","isPartOf":{"@id":"https:\/\/redelog.rj.gov.br\/redelog\/resolucao-seplag-no-147-de-16-de-agosto-de-2022-2\/"},"author":{"name":"Juliane Paz Vieira Lima","@id":"https:\/\/redelog.rj.gov.br\/redelog\/#\/schema\/person\/a80fe416b9778ee67954a79526756867"},"headline":"RESOLU\u00c7\u00c3O SEPLAG N\u00ba 147, DE 16 DE AGOSTO DE 2022","datePublished":"2022-08-18T15:06:20+00:00","dateModified":"2022-09-26T19:44:48+00:00","mainEntityOfPage":{"@id":"https:\/\/redelog.rj.gov.br\/redelog\/resolucao-seplag-no-147-de-16-de-agosto-de-2022-2\/"},"wordCount":1305,"publisher":{"@id":"https:\/\/redelog.rj.gov.br\/redelog\/#organization"},"articleSection":["Legisla\u00e7\u00e3o"],"inLanguage":"pt-BR"},{"@type":"WebPage","@id":"https:\/\/redelog.rj.gov.br\/redelog\/resolucao-seplag-no-147-de-16-de-agosto-de-2022-2\/","url":"https:\/\/redelog.rj.gov.br\/redelog\/resolucao-seplag-no-147-de-16-de-agosto-de-2022-2\/","name":"RESOLU\u00c7\u00c3O SEPLAG N\u00ba 147, DE 16 DE AGOSTO DE 2022 - Redelog","isPartOf":{"@id":"https:\/\/redelog.rj.gov.br\/redelog\/#website"},"datePublished":"2022-08-18T15:06:20+00:00","dateModified":"2022-09-26T19:44:48+00:00","breadcrumb":{"@id":"https:\/\/redelog.rj.gov.br\/redelog\/resolucao-seplag-no-147-de-16-de-agosto-de-2022-2\/#breadcrumb"},"inLanguage":"pt-BR","potentialAction":[{"@type":"ReadAction","target":["https:\/\/redelog.rj.gov.br\/redelog\/resolucao-seplag-no-147-de-16-de-agosto-de-2022-2\/"]}]},{"@type":"BreadcrumbList","@id":"https:\/\/redelog.rj.gov.br\/redelog\/resolucao-seplag-no-147-de-16-de-agosto-de-2022-2\/#breadcrumb","itemListElement":[{"@type":"ListItem","position":1,"name":"Home","item":"https:\/\/redelog.rj.gov.br\/redelog\/"},{"@type":"ListItem","position":2,"name":"RESOLU\u00c7\u00c3O SEPLAG N\u00ba 147, DE 16 DE AGOSTO DE 2022"}]},{"@type":"WebSite","@id":"https:\/\/redelog.rj.gov.br\/redelog\/#website","url":"https:\/\/redelog.rj.gov.br\/redelog\/","name":"Redelog","description":"Site da Rede de Log\u00edstica e Planejamento do Estado do Rio de Janeiro","publisher":{"@id":"https:\/\/redelog.rj.gov.br\/redelog\/#organization"},"potentialAction":[{"@type":"SearchAction","target":{"@type":"EntryPoint","urlTemplate":"https:\/\/redelog.rj.gov.br\/redelog\/?s={search_term_string}"},"query-input":{"@type":"PropertyValueSpecification","valueRequired":true,"valueName":"search_term_string"}}],"inLanguage":"pt-BR"},{"@type":"Organization","@id":"https:\/\/redelog.rj.gov.br\/redelog\/#organization","name":"REDELOG","url":"https:\/\/redelog.rj.gov.br\/redelog\/","logo":{"@type":"ImageObject","inLanguage":"pt-BR","@id":"https:\/\/redelog.rj.gov.br\/redelog\/#\/schema\/logo\/image\/","url":"http:\/\/10.10.8.100:8888\/redelog\/wp-content\/uploads\/2019\/09\/Redelog2.png","contentUrl":"http:\/\/10.10.8.100:8888\/redelog\/wp-content\/uploads\/2019\/09\/Redelog2.png","width":565,"height":155,"caption":"REDELOG"},"image":{"@id":"https:\/\/redelog.rj.gov.br\/redelog\/#\/schema\/logo\/image\/"}},{"@type":"Person","@id":"https:\/\/redelog.rj.gov.br\/redelog\/#\/schema\/person\/a80fe416b9778ee67954a79526756867","name":"Juliane Paz Vieira Lima","image":{"@type":"ImageObject","inLanguage":"pt-BR","@id":"https:\/\/redelog.rj.gov.br\/redelog\/#\/schema\/person\/image\/","url":"https:\/\/secure.gravatar.com\/avatar\/6d81cf8bb20fabd08d236dec1cc7b99d2da26d368e6642dc331f1413653da0a6?s=96&d=mm&r=g","contentUrl":"https:\/\/secure.gravatar.com\/avatar\/6d81cf8bb20fabd08d236dec1cc7b99d2da26d368e6642dc331f1413653da0a6?s=96&d=mm&r=g","caption":"Juliane Paz Vieira Lima"},"url":"https:\/\/redelog.rj.gov.br\/redelog\/author\/julianepaz\/"}]}},"_links":{"self":[{"href":"https:\/\/redelog.rj.gov.br\/redelog\/wp-json\/wp\/v2\/posts\/19063","targetHints":{"allow":["GET"]}}],"collection":[{"href":"https:\/\/redelog.rj.gov.br\/redelog\/wp-json\/wp\/v2\/posts"}],"about":[{"href":"https:\/\/redelog.rj.gov.br\/redelog\/wp-json\/wp\/v2\/types\/post"}],"author":[{"embeddable":true,"href":"https:\/\/redelog.rj.gov.br\/redelog\/wp-json\/wp\/v2\/users\/19"}],"replies":[{"embeddable":true,"href":"https:\/\/redelog.rj.gov.br\/redelog\/wp-json\/wp\/v2\/comments?post=19063"}],"version-history":[{"count":31,"href":"https:\/\/redelog.rj.gov.br\/redelog\/wp-json\/wp\/v2\/posts\/19063\/revisions"}],"predecessor-version":[{"id":19544,"href":"https:\/\/redelog.rj.gov.br\/redelog\/wp-json\/wp\/v2\/posts\/19063\/revisions\/19544"}],"wp:attachment":[{"href":"https:\/\/redelog.rj.gov.br\/redelog\/wp-json\/wp\/v2\/media?parent=19063"}],"wp:term":[{"taxonomy":"category","embeddable":true,"href":"https:\/\/redelog.rj.gov.br\/redelog\/wp-json\/wp\/v2\/categories?post=19063"},{"taxonomy":"post_tag","embeddable":true,"href":"https:\/\/redelog.rj.gov.br\/redelog\/wp-json\/wp\/v2\/tags?post=19063"}],"curies":[{"name":"wp","href":"https:\/\/api.w.org\/{rel}","templated":true}]}}