{"id":19002,"date":"2022-08-18T11:21:01","date_gmt":"2022-08-18T14:21:01","guid":{"rendered":"https:\/\/redelog.rj.gov.br\/redelog\/?p=19002"},"modified":"2022-08-26T11:03:15","modified_gmt":"2022-08-26T14:03:15","slug":"resolucao-seplag-no-149-de-16-de-agosto-de-2022","status":"publish","type":"post","link":"https:\/\/redelog.rj.gov.br\/redelog\/resolucao-seplag-no-149-de-16-de-agosto-de-2022\/","title":{"rendered":"RESOLU\u00c7\u00c3O SEPLAG N\u00ba 149, DE 16 DE AGOSTO DE 2022"},"content":{"rendered":"\t\t<div data-elementor-type=\"wp-post\" data-elementor-id=\"19002\" class=\"elementor elementor-19002\" data-elementor-post-type=\"post\">\n\t\t\t\t\t\t<section class=\"elementor-section elementor-top-section elementor-element elementor-element-54679bb elementor-section-boxed elementor-section-height-default elementor-section-height-default\" data-id=\"54679bb\" data-element_type=\"section\" data-settings=\"{&quot;jet_parallax_layout_list&quot;:[{&quot;jet_parallax_layout_image&quot;:{&quot;url&quot;:&quot;&quot;,&quot;id&quot;:&quot;&quot;,&quot;size&quot;:&quot;&quot;},&quot;_id&quot;:&quot;17d107f&quot;,&quot;jet_parallax_layout_image_tablet&quot;:{&quot;url&quot;:&quot;&quot;,&quot;id&quot;:&quot;&quot;,&quot;size&quot;:&quot;&quot;},&quot;jet_parallax_layout_image_mobile&quot;:{&quot;url&quot;:&quot;&quot;,&quot;id&quot;:&quot;&quot;,&quot;size&quot;:&quot;&quot;},&quot;jet_parallax_layout_speed&quot;:{&quot;unit&quot;:&quot;%&quot;,&quot;size&quot;:50,&quot;sizes&quot;:[]},&quot;jet_parallax_layout_type&quot;:&quot;scroll&quot;,&quot;jet_parallax_layout_direction&quot;:&quot;1&quot;,&quot;jet_parallax_layout_fx_direction&quot;:null,&quot;jet_parallax_layout_z_index&quot;:&quot;&quot;,&quot;jet_parallax_layout_bg_x&quot;:50,&quot;jet_parallax_layout_bg_x_tablet&quot;:&quot;&quot;,&quot;jet_parallax_layout_bg_x_mobile&quot;:&quot;&quot;,&quot;jet_parallax_layout_bg_y&quot;:50,&quot;jet_parallax_layout_bg_y_tablet&quot;:&quot;&quot;,&quot;jet_parallax_layout_bg_y_mobile&quot;:&quot;&quot;,&quot;jet_parallax_layout_bg_size&quot;:&quot;auto&quot;,&quot;jet_parallax_layout_bg_size_tablet&quot;:&quot;&quot;,&quot;jet_parallax_layout_bg_size_mobile&quot;:&quot;&quot;,&quot;jet_parallax_layout_animation_prop&quot;:&quot;transform&quot;,&quot;jet_parallax_layout_on&quot;:[&quot;desktop&quot;,&quot;tablet&quot;]}]}\">\n\t\t\t\t\t\t<div class=\"elementor-container elementor-column-gap-default\">\n\t\t\t\t\t<div class=\"elementor-column elementor-col-100 elementor-top-column elementor-element elementor-element-abe6abd\" data-id=\"abe6abd\" data-element_type=\"column\">\n\t\t\t<div class=\"elementor-widget-wrap elementor-element-populated\">\n\t\t\t\t\t\t<section class=\"elementor-section elementor-inner-section elementor-element elementor-element-e54ab34 elementor-section-boxed elementor-section-height-default elementor-section-height-default\" data-id=\"e54ab34\" data-element_type=\"section\" data-settings=\"{&quot;jet_parallax_layout_list&quot;:[{&quot;jet_parallax_layout_image&quot;:{&quot;url&quot;:&quot;&quot;,&quot;id&quot;:&quot;&quot;,&quot;size&quot;:&quot;&quot;},&quot;_id&quot;:&quot;b8c0cc7&quot;,&quot;jet_parallax_layout_image_tablet&quot;:{&quot;url&quot;:&quot;&quot;,&quot;id&quot;:&quot;&quot;,&quot;size&quot;:&quot;&quot;},&quot;jet_parallax_layout_image_mobile&quot;:{&quot;url&quot;:&quot;&quot;,&quot;id&quot;:&quot;&quot;,&quot;size&quot;:&quot;&quot;},&quot;jet_parallax_layout_speed&quot;:{&quot;unit&quot;:&quot;%&quot;,&quot;size&quot;:50,&quot;sizes&quot;:[]},&quot;jet_parallax_layout_type&quot;:&quot;scroll&quot;,&quot;jet_parallax_layout_direction&quot;:&quot;1&quot;,&quot;jet_parallax_layout_fx_direction&quot;:null,&quot;jet_parallax_layout_z_index&quot;:&quot;&quot;,&quot;jet_parallax_layout_bg_x&quot;:50,&quot;jet_parallax_layout_bg_x_tablet&quot;:&quot;&quot;,&quot;jet_parallax_layout_bg_x_mobile&quot;:&quot;&quot;,&quot;jet_parallax_layout_bg_y&quot;:50,&quot;jet_parallax_layout_bg_y_tablet&quot;:&quot;&quot;,&quot;jet_parallax_layout_bg_y_mobile&quot;:&quot;&quot;,&quot;jet_parallax_layout_bg_size&quot;:&quot;auto&quot;,&quot;jet_parallax_layout_bg_size_tablet&quot;:&quot;&quot;,&quot;jet_parallax_layout_bg_size_mobile&quot;:&quot;&quot;,&quot;jet_parallax_layout_animation_prop&quot;:&quot;transform&quot;,&quot;jet_parallax_layout_on&quot;:[&quot;desktop&quot;,&quot;tablet&quot;]}]}\">\n\t\t\t\t\t\t<div class=\"elementor-container elementor-column-gap-default\">\n\t\t\t\t\t<div class=\"elementor-column elementor-col-50 elementor-inner-column elementor-element elementor-element-265154f\" data-id=\"265154f\" data-element_type=\"column\">\n\t\t\t<div class=\"elementor-widget-wrap\">\n\t\t\t\t\t\t\t<\/div>\n\t\t<\/div>\n\t\t\t\t<div class=\"elementor-column elementor-col-50 elementor-inner-column elementor-element elementor-element-5f9f038\" data-id=\"5f9f038\" data-element_type=\"column\">\n\t\t\t<div class=\"elementor-widget-wrap elementor-element-populated\">\n\t\t\t\t\t\t<div class=\"elementor-element elementor-element-c6fae6f elementor-widget elementor-widget-text-editor\" data-id=\"c6fae6f\" data-element_type=\"widget\" data-widget_type=\"text-editor.default\">\n\t\t\t\t\t\t\t\t\t<p style=\"text-align: justify;\"><b>INSTITUI A REDE DE GERENCIADORES DE TRANSPORTES OFICIAIS \u2013 REDETRANS, INTEGRANTE DAS REDES FUNCIONAIS DA REDELOG, E D\u00c1 OUTRAS PROVID\u00caNCIAS.<\/b><\/p>\t\t\t\t\t\t\t\t<\/div>\n\t\t\t\t\t<\/div>\n\t\t<\/div>\n\t\t\t\t\t<\/div>\n\t\t<\/section>\n\t\t\t\t\t<\/div>\n\t\t<\/div>\n\t\t\t\t\t<\/div>\n\t\t<\/section>\n\t\t\t\t<section class=\"elementor-section elementor-top-section elementor-element elementor-element-c85a434 elementor-section-boxed elementor-section-height-default elementor-section-height-default\" data-id=\"c85a434\" data-element_type=\"section\" data-settings=\"{&quot;jet_parallax_layout_list&quot;:[{&quot;jet_parallax_layout_image&quot;:{&quot;url&quot;:&quot;&quot;,&quot;id&quot;:&quot;&quot;,&quot;size&quot;:&quot;&quot;},&quot;_id&quot;:&quot;e6bbb1d&quot;,&quot;jet_parallax_layout_image_tablet&quot;:{&quot;url&quot;:&quot;&quot;,&quot;id&quot;:&quot;&quot;,&quot;size&quot;:&quot;&quot;},&quot;jet_parallax_layout_image_mobile&quot;:{&quot;url&quot;:&quot;&quot;,&quot;id&quot;:&quot;&quot;,&quot;size&quot;:&quot;&quot;},&quot;jet_parallax_layout_speed&quot;:{&quot;unit&quot;:&quot;%&quot;,&quot;size&quot;:50,&quot;sizes&quot;:[]},&quot;jet_parallax_layout_type&quot;:&quot;scroll&quot;,&quot;jet_parallax_layout_direction&quot;:&quot;1&quot;,&quot;jet_parallax_layout_fx_direction&quot;:null,&quot;jet_parallax_layout_z_index&quot;:&quot;&quot;,&quot;jet_parallax_layout_bg_x&quot;:50,&quot;jet_parallax_layout_bg_x_tablet&quot;:&quot;&quot;,&quot;jet_parallax_layout_bg_x_mobile&quot;:&quot;&quot;,&quot;jet_parallax_layout_bg_y&quot;:50,&quot;jet_parallax_layout_bg_y_tablet&quot;:&quot;&quot;,&quot;jet_parallax_layout_bg_y_mobile&quot;:&quot;&quot;,&quot;jet_parallax_layout_bg_size&quot;:&quot;auto&quot;,&quot;jet_parallax_layout_bg_size_tablet&quot;:&quot;&quot;,&quot;jet_parallax_layout_bg_size_mobile&quot;:&quot;&quot;,&quot;jet_parallax_layout_animation_prop&quot;:&quot;transform&quot;,&quot;jet_parallax_layout_on&quot;:[&quot;desktop&quot;,&quot;tablet&quot;]}]}\">\n\t\t\t\t\t\t<div class=\"elementor-container elementor-column-gap-default\">\n\t\t\t\t\t<div class=\"elementor-column elementor-col-100 elementor-top-column elementor-element elementor-element-48728cc\" data-id=\"48728cc\" data-element_type=\"column\">\n\t\t\t<div class=\"elementor-widget-wrap elementor-element-populated\">\n\t\t\t\t\t\t<div class=\"elementor-element elementor-element-29385b0 elementor-widget elementor-widget-text-editor\" data-id=\"29385b0\" data-element_type=\"widget\" data-widget_type=\"text-editor.default\">\n\t\t\t\t\t\t\t\t\t<p class=\"Texto_Justificado_Recuo_Primeira_Linha\"><strong>O SECRET\u00c1RIO DE ESTADO DE PLANEJAMENTO E GEST\u00c3O,<\/strong>\u00a0no uso de suas atribui\u00e7\u00f5es legais, observando o disposto no art. 3\u00ba do Decreto n\u00ba 46.050, de 26 de julho de 2017, e tendo em vista o que consta no Processo Administrativo n\u00ba SEI-120001\/004448\/2022,<\/p><p class=\"Texto_Justificado_Recuo_Primeira_Linha\">\u00a0<\/p><p class=\"Texto_Justificado_Recuo_Primeira_Linha\"><strong>CONSIDERANDO<\/strong>:<\/p><p class=\"Texto_Justificado_Recuo_Primeira_Linha\">\u00a0<\/p><p class=\"Texto_Justificado_Recuo_Primeira_Linha\">\u2013 a necessidade de aprimorar as atividades relacionadas com a Fun\u00e7\u00e3o Log\u00edstica Transportes, facilitando as rela\u00e7\u00f5es e as comunica\u00e7\u00f5es interorganizacionais, alinhando o entendimento de normas e procedimentos e compartilhando boas pr\u00e1ticas de gest\u00e3o;<\/p><p class=\"Texto_Justificado_Recuo_Primeira_Linha\">\u2013 a necessidade da Administra\u00e7\u00e3o P\u00fablica dispor de uma gest\u00e3o eficiente de transportes tendo como diretrizes o apoio permanente \u00e0 execu\u00e7\u00e3o de suas atividades, o emprego racional de seus meios e a redu\u00e7\u00e3o de despesas;<\/p><p class=\"Texto_Justificado_Recuo_Primeira_Linha\">\u2013 a import\u00e2ncia de fornecer aos agentes p\u00fablicos encarregados pela gest\u00e3o de transportes, de forma sintetizada e objetiva, orienta\u00e7\u00f5es para a boa execu\u00e7\u00e3o de suas responsabilidades, alinhando o entendimento de normas e procedimentos;<\/p><p class=\"Texto_Justificado_Recuo_Primeira_Linha\">\u2013 o disposto nos artigos 3\u00ba, 8\u00ba e 9\u00ba do Decreto n\u00ba 46.050, de 26 de julho de 2017, que cria a Rede Log\u00edstica do Poder Executivo do Estado do Rio de Janeiro \u2013 REDELOG, os quais determinam ao \u00d3rg\u00e3o Central do Sistema Log\u00edstico a institui\u00e7\u00e3o e a regulamenta\u00e7\u00e3o das Redes Funcionais; e<\/p><p class=\"Texto_Justificado_Recuo_Primeira_Linha\">\u2013 que as determina\u00e7\u00f5es constantes desta Resolu\u00e7\u00e3o n\u00e3o acarretar\u00e3o aumento de despesa.<\/p><p class=\"Texto_Justificado_Recuo_Primeira_Linha\">\u00a0<\/p><p class=\"Texto_Justificado_Recuo_Primeira_Linha\"><strong>RESOLVE<\/strong>:<\/p><p class=\"Texto_Justificado_Recuo_Primeira_Linha\">\u00a0<\/p><p class=\"Texto_Justificado_Recuo_Primeira_Linha\"><strong>Art. 1\u00ba<\/strong>\u00a0<strong>\u2013<\/strong>\u00a0Fica institu\u00edda no \u00e2mbito da Administra\u00e7\u00e3o P\u00fablica Estadual a Rede de Gerenciadores de Transportes Oficiais \u2013 REDETRANS, estrutura colaborativa n\u00e3o hier\u00e1rquica tendo o \u00d3rg\u00e3o Central do Sistema Log\u00edstico como coordenador, efetivando a comunica\u00e7\u00e3o e sua organiza\u00e7\u00e3o interna.<\/p><p class=\"Texto_Justificado_Recuo_Primeira_Linha\">\u00a0<\/p><p class=\"Texto_Justificado_Recuo_Primeira_Linha\"><strong>Art. 2\u00ba \u2013<\/strong>\u00a0A REDETRANS tem por objetivos:<\/p><p class=\"Texto_Justificado_Recuo_Primeira_Linha\">\u00a0<\/p><p class=\"Texto_Justificado_Recuo_Primeira_Linha\"><strong>I<\/strong>\u00a0&#8211; facilitar a aplica\u00e7\u00e3o das diretrizes e o uso padronizado dos procedimentos relativos \u00e0s atividades de gest\u00e3o de frotas e de abastecimentos;<\/p><p class=\"Texto_Justificado_Recuo_Primeira_Linha\"><strong>II<\/strong>\u00a0&#8211; promover a capacita\u00e7\u00e3o e a atualiza\u00e7\u00e3o dos seus agentes;<\/p><p class=\"Texto_Justificado_Recuo_Primeira_Linha\"><strong>III\u00a0<\/strong>&#8211; promover eventos interativos;<\/p><p class=\"Texto_Justificado_Recuo_Primeira_Linha\"><strong>IV\u00a0<\/strong>&#8211; manter os registros de habilita\u00e7\u00f5es nos sistemas de gest\u00e3o de frotas e abastecimento; e<\/p><p class=\"Texto_Justificado_Recuo_Primeira_Linha\"><strong>V<\/strong>\u00a0&#8211; estimular o interc\u00e2mbio de conhecimento e de boas pr\u00e1ticas administrativas entre os integrantes da rede, permitindo maior abrang\u00eancia e celeridade na gest\u00e3o de transportes.<\/p><p class=\"Texto_Justificado_Recuo_Primeira_Linha\">\u00a0<\/p><p class=\"Texto_Justificado_Recuo_Primeira_Linha\"><strong>Art. 3\u00ba<\/strong>\u00a0\u2013 S\u00e3o integrantes da REDETRANS:<\/p><p class=\"Texto_Justificado_Recuo_Primeira_Linha\">\u00a0<\/p><p class=\"Texto_Justificado_Recuo_Primeira_Linha\"><strong>I\u00a0<\/strong>\u2013 os gestores de transportes, como agentes setoriais, formalmente designados para o exerc\u00edcio desta fun\u00e7\u00e3o, conforme disposto no art. 22 do Decreto n\u00ba 47.298, de 2 de outubro de 2020;<\/p><p class=\"Texto_Justificado_Recuo_Primeira_Linha\"><strong>II\u00a0<\/strong>\u2013 os auxiliares de transportes, como agentes setoriais, formalmente designados para o exerc\u00edcio desta fun\u00e7\u00e3o, conforme disposto no art. 22 do Decreto 47.298, de 2 de outubro de 2020;<\/p><p class=\"Texto_Justificado_Recuo_Primeira_Linha\"><strong>III<\/strong>\u00a0\u2013 a equipe t\u00e9cnica de transportes do \u00d3rg\u00e3o Central do Sistema Log\u00edstico; e<\/p><p class=\"Texto_Justificado_Recuo_Primeira_Linha\"><strong>IV<\/strong>\u00a0\u2013 o Gerente da REDETRANS e seu apoio, designados por ato do \u00d3rg\u00e3o Central do Sistema Log\u00edstico, publicado em Di\u00e1rio Oficial.<\/p><p class=\"Texto_Justificado_Recuo_Primeira_Linha\">\u00a0<\/p><p class=\"Texto_Justificado_Recuo_Primeira_Linha\"><strong>Par\u00e1grafo \u00danico \u2013<\/strong>\u00a0As fun\u00e7\u00f5es exercidas no \u00e2mbito da REDETRANS ser\u00e3o consideradas de relevante interesse p\u00fablico, n\u00e3o sendo remuneradas a qualquer t\u00edtulo.<\/p><p class=\"Texto_Justificado_Recuo_Primeira_Linha\">\u00a0<\/p><p class=\"Texto_Justificado_Recuo_Primeira_Linha\"><strong>Art. 4\u00ba<\/strong>\u00a0<strong>\u2013<\/strong>\u00a0A admiss\u00e3o dos Gestores de Transportes e dos Auxiliares de Transportes como agentes setoriais na REDETRANS seguir\u00e1 as seguintes etapas:<\/p><p class=\"Texto_Justificado_Recuo_Primeira_Linha\">\u00a0<\/p><p class=\"Texto_Justificado_Recuo_Primeira_Linha\"><strong>I<\/strong>\u00a0\u2013 encaminhamento da publica\u00e7\u00e3o em Di\u00e1rio Oficial do ato de designa\u00e7\u00e3o dos gestores de transportes e auxiliares de transportes acompanhada de Of\u00edcio da autoridade m\u00e1xima do \u00f3rg\u00e3o ou entidade por meio de processo espec\u00edfico no Sistema Eletr\u00f4nico de Informa\u00e7\u00f5es \u2013 SEI-RJ para a SEPLAG\/SUBLOG;<\/p><p class=\"Texto_Justificado_Recuo_Primeira_Linha\"><strong>II<\/strong>\u00a0\u2013 preenchimento dos dados pessoais e funcionais pelos agentes setoriais para composi\u00e7\u00e3o da base cadastral de membros da REDETRANS em formul\u00e1rio a ser encaminhado pelo Gerente; e<\/p><p class=\"Texto_Justificado_Recuo_Primeira_Linha\"><strong>III<\/strong>\u00a0\u2013 inclus\u00e3o dos agentes setoriais na REDETRANS pelo Gerente e disponibiliza\u00e7\u00e3o do acesso aos canais de comunica\u00e7\u00e3o entre os seus membros.<\/p><p class=\"Texto_Justificado_Recuo_Primeira_Linha\">\u00a0<\/p><p class=\"Texto_Justificado_Recuo_Primeira_Linha\"><strong>Art. 5\u00ba<\/strong>\u00a0\u2013 O descredenciamento de agente da REDETRANS que deixe de ocupar a fun\u00e7\u00e3o de gestor de transportes ou de auxiliar de transportes se dar\u00e1 por iniciativa do \u00f3rg\u00e3o ou entidade a que o servidor estiver vinculado, formalizado por of\u00edcio SEI-RJ encaminhado \u00e0 SEPLAG\/SUBLOG.<\/p><p class=\"Texto_Justificado_Recuo_Primeira_Linha\">\u00a0<\/p><p class=\"Texto_Justificado_Recuo_Primeira_Linha\"><strong>Art. 6\u00ba\u00a0<\/strong>\u2013 A atua\u00e7\u00e3o do agente na REDETRANS que for contr\u00e1ria \u00e0s diretrizes estabelecidas no art. 9\u00ba desta Resolu\u00e7\u00e3o poder\u00e1 ensejar sua exclus\u00e3o, observados os princ\u00edpios do contradit\u00f3rio e ampla defesa, conforme procedimento estabelecido no Decreto n.\u00ba 7.526, de 06 de setembro de 1984, ou em outro que vier a substitu\u00ed-lo.<\/p><p class=\"Texto_Justificado_Recuo_Primeira_Linha\"><strong>Par\u00e1grafo \u00danico<\/strong>\u00a0\u2013 O \u00d3rg\u00e3o Central do Sistema Log\u00edstico comunicar\u00e1 ao \u00f3rg\u00e3o ou entidade ao qual o agente da REDETRANS estiver vinculado quanto ao uso inadequado da rede, para que este adote as provid\u00eancias que considerar apropriadas.<\/p><p class=\"Texto_Justificado_Recuo_Primeira_Linha\">\u00a0<\/p><p class=\"Texto_Justificado_Recuo_Primeira_Linha\"><strong>Art. 7\u00ba<\/strong>\u00a0\u2013\u00a0Cabe ao Gerente da REDETRANS a cria\u00e7\u00e3o de canais de comunica\u00e7\u00e3o efetivos entre os integrantes da Rede.<\/p><p class=\"Texto_Justificado_Recuo_Primeira_Linha\">\u00a0<\/p><p class=\"Texto_Justificado_Recuo_Primeira_Linha\"><strong>Par\u00e1grafo \u00danico<\/strong>\u00a0<strong>\u2013<\/strong>\u00a0Faculta-se a participa\u00e7\u00e3o de gestores e fiscais de contratos ligados \u00e0 Fun\u00e7\u00e3o Log\u00edstica Transportes nos canais de comunica\u00e7\u00e3o referidos no\u00a0caput\u00a0deste artigo.<\/p><p class=\"Texto_Justificado_Recuo_Primeira_Linha\">\u00a0<\/p><p class=\"Texto_Justificado_Recuo_Primeira_Linha\"><strong>Art. 8\u00ba \u2013\u00a0<\/strong>Compete ao Gerente da REDETRANS, com o apoio da equipe t\u00e9cnica de transportes do \u00d3rg\u00e3o Central do Sistema Log\u00edstico:<\/p><p class=\"Texto_Justificado_Recuo_Primeira_Linha\">\u00a0<\/p><p class=\"Texto_Justificado_Recuo_Primeira_Linha\"><strong>I<\/strong>\u00a0\u2013 disseminar as normas e orienta\u00e7\u00f5es t\u00e9cnicas emanadas do \u00d3rg\u00e3o Central do Sistema Log\u00edstico;<\/p><p class=\"Texto_Justificado_Recuo_Primeira_Linha\"><strong>II<\/strong>\u00a0\u2013 estimular a participa\u00e7\u00e3o e a coopera\u00e7\u00e3o entre os seus integrantes, visando a troca de conhecimentos e experi\u00eancias;<\/p><p class=\"Texto_Justificado_Recuo_Primeira_Linha\"><strong>III<\/strong>\u00a0\u2013 estabelecer objetivos comuns e metas em rela\u00e7\u00e3o aos assuntos de interesse da rede e seus integrantes;<\/p><p class=\"Texto_Justificado_Recuo_Primeira_Linha\"><strong>IV<\/strong>\u00a0\u2013 divulgar not\u00edcias e atualiza\u00e7\u00f5es relacionadas aos objetivos da rede;<\/p><p class=\"Texto_Justificado_Recuo_Primeira_Linha\"><strong>V<\/strong>\u00a0\u2013 planejar, realizar, divulgar e apoiar capacita\u00e7\u00f5es e demais eventos interativos; e<\/p><p class=\"Texto_Justificado_Recuo_Primeira_Linha\"><strong>VI<\/strong>\u00a0\u2013atualizar constantemente o conte\u00fado da \u00e1rea da REDETRANS no Portal da Rede Log\u00edstica \u2013 REDELOG.<\/p><p class=\"Texto_Justificado_Recuo_Primeira_Linha\">\u00a0<\/p><p class=\"Texto_Justificado_Recuo_Primeira_Linha\"><strong>Art. 9\u00ba\u00a0\u2013\u00a0<\/strong>Compete aos agentes setoriais da REDETRANS:<\/p><p class=\"Texto_Justificado_Recuo_Primeira_Linha\">\u00a0<\/p><p class=\"Texto_Justificado_Recuo_Primeira_Linha\"><strong>I\u00a0<\/strong>&#8211; integrar-se \u00e0 REDETRANS, participando de forma cooperativa, sempre que poss\u00edvel, compartilhando troca de conhecimentos e experi\u00eancias;<\/p><p class=\"Texto_Justificado_Recuo_Primeira_Linha\"><strong>II<\/strong>\u00a0&#8211; cumprir os procedimentos estabelecidos pelo \u00d3rg\u00e3o Central do Sistema Log\u00edstico relativos \u00e0s atividades de transporte, manuten\u00e7\u00e3o e abastecimento de combust\u00edveis;<\/p><p class=\"Texto_Justificado_Recuo_Primeira_Linha\"><strong>III<\/strong>\u00a0\u2013\u00a0divulgar not\u00edcias, mat\u00e9rias, treinamentos, f\u00f3runs de debates, cujos conte\u00fados, possam interessar aos demais integrantes;<\/p><p class=\"Texto_Justificado_Recuo_Primeira_Linha\"><strong>IV<\/strong>\u00a0\u2013 subsidiar o \u00d3rg\u00e3o Central do Sistema Log\u00edstico com informa\u00e7\u00f5es sobre frota e abastecimentos; e<\/p><p class=\"Texto_Justificado_Recuo_Primeira_Linha\"><a target=\"_blank\" name=\"_Hlk102661161\"><\/a><strong>V<\/strong>\u00a0\u2013 manter-se atualizado, por meio de consultas peri\u00f3dicas ao conte\u00fado da \u00e1rea da REDETRANS no Portal da Rede Log\u00edstica \u2013 REDELOG; e<\/p><p class=\"Texto_Justificado_Recuo_Primeira_Linha\"><strong>VI<\/strong>\u00a0\u2013 participar das capacita\u00e7\u00f5es e demais eventos promovidos no \u00e2mbito da REDETRANS.<\/p><p class=\"Texto_Justificado_Recuo_Primeira_Linha\">\u00a0<\/p><p class=\"Texto_Justificado_Recuo_Primeira_Linha\"><strong>Par\u00e1grafo \u00danico<\/strong>\u00a0<strong>\u2013<\/strong>\u00a0As atribui\u00e7\u00f5es dos Gestores de Transportes e dos Auxiliares de Transportes foram estabelecidas pelo Decreto Estadual n\u00ba 47.298, de 02 de outubro de 2020 e pela Resolu\u00e7\u00e3o SEPLAG n\u00ba 95, de 06 de janeiro de 2022.<\/p><p class=\"Texto_Justificado_Recuo_Primeira_Linha\">\u00a0<\/p><p class=\"Texto_Justificado_Recuo_Primeira_Linha\"><strong>Art. 10 \u2013<\/strong>\u00a0Compete ao \u00d3rg\u00e3o Central do Sistema Log\u00edstico a ado\u00e7\u00e3o das medidas que se fizerem necess\u00e1rias \u00e0 regulamenta\u00e7\u00e3o, \u00e0 operacionaliza\u00e7\u00e3o, aos esclarecimentos, \u00e0 capacita\u00e7\u00e3o e \u00e0 coordena\u00e7\u00e3o das atividades a que se refere esta Resolu\u00e7\u00e3o.<\/p><p class=\"Texto_Justificado_Recuo_Primeira_Linha\">\u00a0<\/p><p class=\"Texto_Justificado_Recuo_Primeira_Linha\"><strong>Art. 11 \u2013\u00a0<\/strong>Esta Resolu\u00e7\u00e3o entrar\u00e1 em vigor na data da sua publica\u00e7\u00e3o.<\/p><p class=\"Texto_Alinhado_Esquerda\" style=\"text-align: center;\">Rio de Janeiro, 16\u00a0 de agosto de 2022<\/p><p class=\"Texto_Centralizado\" style=\"text-align: center;\"><strong>NELSON ROCHA<\/strong><br \/>Secret\u00e1rio de Estado de Planejamento e Gest\u00e3o<\/p><p style=\"text-align: right;\">Id: 2416891<\/p>\t\t\t\t\t\t\t\t<\/div>\n\t\t\t\t\t<\/div>\n\t\t<\/div>\n\t\t\t\t\t<\/div>\n\t\t<\/section>\n\t\t\t\t<section class=\"elementor-section elementor-top-section elementor-element elementor-element-ebf181d elementor-section-boxed elementor-section-height-default elementor-section-height-default\" data-id=\"ebf181d\" data-element_type=\"section\" data-settings=\"{&quot;jet_parallax_layout_list&quot;:[{&quot;jet_parallax_layout_image&quot;:{&quot;url&quot;:&quot;&quot;,&quot;id&quot;:&quot;&quot;,&quot;size&quot;:&quot;&quot;},&quot;_id&quot;:&quot;04dd098&quot;,&quot;jet_parallax_layout_image_tablet&quot;:{&quot;url&quot;:&quot;&quot;,&quot;id&quot;:&quot;&quot;,&quot;size&quot;:&quot;&quot;},&quot;jet_parallax_layout_image_mobile&quot;:{&quot;url&quot;:&quot;&quot;,&quot;id&quot;:&quot;&quot;,&quot;size&quot;:&quot;&quot;},&quot;jet_parallax_layout_speed&quot;:{&quot;unit&quot;:&quot;%&quot;,&quot;size&quot;:50,&quot;sizes&quot;:[]},&quot;jet_parallax_layout_type&quot;:&quot;scroll&quot;,&quot;jet_parallax_layout_direction&quot;:&quot;1&quot;,&quot;jet_parallax_layout_fx_direction&quot;:null,&quot;jet_parallax_layout_z_index&quot;:&quot;&quot;,&quot;jet_parallax_layout_bg_x&quot;:50,&quot;jet_parallax_layout_bg_x_tablet&quot;:&quot;&quot;,&quot;jet_parallax_layout_bg_x_mobile&quot;:&quot;&quot;,&quot;jet_parallax_layout_bg_y&quot;:50,&quot;jet_parallax_layout_bg_y_tablet&quot;:&quot;&quot;,&quot;jet_parallax_layout_bg_y_mobile&quot;:&quot;&quot;,&quot;jet_parallax_layout_bg_size&quot;:&quot;auto&quot;,&quot;jet_parallax_layout_bg_size_tablet&quot;:&quot;&quot;,&quot;jet_parallax_layout_bg_size_mobile&quot;:&quot;&quot;,&quot;jet_parallax_layout_animation_prop&quot;:&quot;transform&quot;,&quot;jet_parallax_layout_on&quot;:[&quot;desktop&quot;,&quot;tablet&quot;]}]}\">\n\t\t\t\t\t\t<div class=\"elementor-container elementor-column-gap-default\">\n\t\t\t\t\t<div class=\"elementor-column elementor-col-100 elementor-top-column elementor-element elementor-element-226f32a\" data-id=\"226f32a\" data-element_type=\"column\">\n\t\t\t<div class=\"elementor-widget-wrap elementor-element-populated\">\n\t\t\t\t\t\t<div class=\"elementor-element elementor-element-19222da elementor-widget elementor-widget-text-editor\" data-id=\"19222da\" data-element_type=\"widget\" data-widget_type=\"text-editor.default\">\n\t\t\t\t\t\t\t\t\t<p><em>Publicada no DOE em <a href=\"https:\/\/www.redelog.rj.gov.br\/redelog\/wp-content\/uploads\/2022\/08\/Resolucao-SEPLAG-no-149-Institui-a-REDETRANS.pdf\"><strong>18\/08\/2022<\/strong><\/a>, retificada no DOE em <a href=\"https:\/\/www.redelog.rj.gov.br\/redelog\/wp-content\/uploads\/2022\/08\/Resolucao-SEPLAG-no-149-Institui-a-REDETRANS-RETIFICACAO.pdf\"><strong>24\/08\/2022<\/strong><\/a>.<\/em><\/p>\t\t\t\t\t\t\t\t<\/div>\n\t\t\t\t\t<\/div>\n\t\t<\/div>\n\t\t\t\t\t<\/div>\n\t\t<\/section>\n\t\t\t\t<section class=\"elementor-section elementor-top-section elementor-element elementor-element-46351a7 elementor-section-boxed elementor-section-height-default elementor-section-height-default\" data-id=\"46351a7\" data-element_type=\"section\" data-settings=\"{&quot;jet_parallax_layout_list&quot;:[{&quot;jet_parallax_layout_image&quot;:{&quot;url&quot;:&quot;&quot;,&quot;id&quot;:&quot;&quot;,&quot;size&quot;:&quot;&quot;},&quot;_id&quot;:&quot;ab030fc&quot;,&quot;jet_parallax_layout_image_tablet&quot;:{&quot;url&quot;:&quot;&quot;,&quot;id&quot;:&quot;&quot;,&quot;size&quot;:&quot;&quot;},&quot;jet_parallax_layout_image_mobile&quot;:{&quot;url&quot;:&quot;&quot;,&quot;id&quot;:&quot;&quot;,&quot;size&quot;:&quot;&quot;},&quot;jet_parallax_layout_speed&quot;:{&quot;unit&quot;:&quot;%&quot;,&quot;size&quot;:50,&quot;sizes&quot;:[]},&quot;jet_parallax_layout_type&quot;:&quot;scroll&quot;,&quot;jet_parallax_layout_direction&quot;:&quot;1&quot;,&quot;jet_parallax_layout_fx_direction&quot;:null,&quot;jet_parallax_layout_z_index&quot;:&quot;&quot;,&quot;jet_parallax_layout_bg_x&quot;:50,&quot;jet_parallax_layout_bg_x_tablet&quot;:&quot;&quot;,&quot;jet_parallax_layout_bg_x_mobile&quot;:&quot;&quot;,&quot;jet_parallax_layout_bg_y&quot;:50,&quot;jet_parallax_layout_bg_y_tablet&quot;:&quot;&quot;,&quot;jet_parallax_layout_bg_y_mobile&quot;:&quot;&quot;,&quot;jet_parallax_layout_bg_size&quot;:&quot;auto&quot;,&quot;jet_parallax_layout_bg_size_tablet&quot;:&quot;&quot;,&quot;jet_parallax_layout_bg_size_mobile&quot;:&quot;&quot;,&quot;jet_parallax_layout_animation_prop&quot;:&quot;transform&quot;,&quot;jet_parallax_layout_on&quot;:[&quot;desktop&quot;,&quot;tablet&quot;]}]}\">\n\t\t\t\t\t\t<div class=\"elementor-container elementor-column-gap-default\">\n\t\t\t\t\t<div class=\"elementor-column elementor-col-100 elementor-top-column elementor-element elementor-element-48969c2\" data-id=\"48969c2\" data-element_type=\"column\">\n\t\t\t<div class=\"elementor-widget-wrap elementor-element-populated\">\n\t\t\t\t\t\t<div class=\"elementor-element elementor-element-28d2426 elementor-widget-divider--view-line elementor-widget elementor-widget-divider\" data-id=\"28d2426\" data-element_type=\"widget\" data-widget_type=\"divider.default\">\n\t\t\t\t\t\t\t<div class=\"elementor-divider\">\n\t\t\t<span class=\"elementor-divider-separator\">\n\t\t\t\t\t\t<\/span>\n\t\t<\/div>\n\t\t\t\t\t\t<\/div>\n\t\t\t\t\t<\/div>\n\t\t<\/div>\n\t\t\t\t\t<\/div>\n\t\t<\/section>\n\t\t\t\t<section class=\"elementor-section elementor-top-section elementor-element elementor-element-b455592 elementor-section-boxed elementor-section-height-default elementor-section-height-default\" data-id=\"b455592\" data-element_type=\"section\" id=\"options\" data-settings=\"{&quot;jet_parallax_layout_list&quot;:[{&quot;jet_parallax_layout_image&quot;:{&quot;url&quot;:&quot;&quot;,&quot;id&quot;:&quot;&quot;,&quot;size&quot;:&quot;&quot;},&quot;_id&quot;:&quot;19d7213&quot;,&quot;jet_parallax_layout_image_tablet&quot;:{&quot;url&quot;:&quot;&quot;,&quot;id&quot;:&quot;&quot;,&quot;size&quot;:&quot;&quot;},&quot;jet_parallax_layout_image_mobile&quot;:{&quot;url&quot;:&quot;&quot;,&quot;id&quot;:&quot;&quot;,&quot;size&quot;:&quot;&quot;},&quot;jet_parallax_layout_speed&quot;:{&quot;unit&quot;:&quot;%&quot;,&quot;size&quot;:50,&quot;sizes&quot;:[]},&quot;jet_parallax_layout_type&quot;:&quot;scroll&quot;,&quot;jet_parallax_layout_direction&quot;:&quot;1&quot;,&quot;jet_parallax_layout_fx_direction&quot;:null,&quot;jet_parallax_layout_z_index&quot;:&quot;&quot;,&quot;jet_parallax_layout_bg_x&quot;:50,&quot;jet_parallax_layout_bg_x_tablet&quot;:&quot;&quot;,&quot;jet_parallax_layout_bg_x_mobile&quot;:&quot;&quot;,&quot;jet_parallax_layout_bg_y&quot;:50,&quot;jet_parallax_layout_bg_y_tablet&quot;:&quot;&quot;,&quot;jet_parallax_layout_bg_y_mobile&quot;:&quot;&quot;,&quot;jet_parallax_layout_bg_size&quot;:&quot;auto&quot;,&quot;jet_parallax_layout_bg_size_tablet&quot;:&quot;&quot;,&quot;jet_parallax_layout_bg_size_mobile&quot;:&quot;&quot;,&quot;jet_parallax_layout_animation_prop&quot;:&quot;transform&quot;,&quot;jet_parallax_layout_on&quot;:[&quot;desktop&quot;,&quot;tablet&quot;]}]}\">\n\t\t\t\t\t\t<div class=\"elementor-container elementor-column-gap-default\">\n\t\t\t\t\t<div class=\"elementor-column elementor-col-100 elementor-top-column elementor-element elementor-element-aea6bd6\" data-id=\"aea6bd6\" data-element_type=\"column\">\n\t\t\t<div class=\"elementor-widget-wrap elementor-element-populated\">\n\t\t\t\t\t\t<div class=\"elementor-element elementor-element-c61f07b elementor-widget elementor-widget-shortcode\" data-id=\"c61f07b\" data-element_type=\"widget\" data-widget_type=\"shortcode.default\">\n\t\t\t\t\t\t\t<div class=\"elementor-shortcode\"><div class='printomatic pom-default ' id='id4224' alt='Imprimir' title='Imprimir' data-print_target='#post-19002'><\/div> <div class='printomatictext' id='id4224' alt='Imprimir' title='Imprimir' data-print_target='#post-19002'>Imprimir<\/div><div style='clear: both;'><\/div><\/div>\n\t\t\t\t\t\t<\/div>\n\t\t\t\t<section class=\"elementor-section elementor-inner-section elementor-element elementor-element-dcc12e8 elementor-section-boxed elementor-section-height-default elementor-section-height-default\" data-id=\"dcc12e8\" data-element_type=\"section\" data-settings=\"{&quot;jet_parallax_layout_list&quot;:[{&quot;jet_parallax_layout_image&quot;:{&quot;url&quot;:&quot;&quot;,&quot;id&quot;:&quot;&quot;,&quot;size&quot;:&quot;&quot;},&quot;_id&quot;:&quot;ccec7d1&quot;,&quot;jet_parallax_layout_image_tablet&quot;:{&quot;url&quot;:&quot;&quot;,&quot;id&quot;:&quot;&quot;,&quot;size&quot;:&quot;&quot;},&quot;jet_parallax_layout_image_mobile&quot;:{&quot;url&quot;:&quot;&quot;,&quot;id&quot;:&quot;&quot;,&quot;size&quot;:&quot;&quot;},&quot;jet_parallax_layout_speed&quot;:{&quot;unit&quot;:&quot;%&quot;,&quot;size&quot;:50,&quot;sizes&quot;:[]},&quot;jet_parallax_layout_type&quot;:&quot;scroll&quot;,&quot;jet_parallax_layout_direction&quot;:&quot;1&quot;,&quot;jet_parallax_layout_fx_direction&quot;:null,&quot;jet_parallax_layout_z_index&quot;:&quot;&quot;,&quot;jet_parallax_layout_bg_x&quot;:50,&quot;jet_parallax_layout_bg_x_tablet&quot;:&quot;&quot;,&quot;jet_parallax_layout_bg_x_mobile&quot;:&quot;&quot;,&quot;jet_parallax_layout_bg_y&quot;:50,&quot;jet_parallax_layout_bg_y_tablet&quot;:&quot;&quot;,&quot;jet_parallax_layout_bg_y_mobile&quot;:&quot;&quot;,&quot;jet_parallax_layout_bg_size&quot;:&quot;auto&quot;,&quot;jet_parallax_layout_bg_size_tablet&quot;:&quot;&quot;,&quot;jet_parallax_layout_bg_size_mobile&quot;:&quot;&quot;,&quot;jet_parallax_layout_animation_prop&quot;:&quot;transform&quot;,&quot;jet_parallax_layout_on&quot;:[&quot;desktop&quot;,&quot;tablet&quot;]}]}\">\n\t\t\t\t\t\t<div class=\"elementor-container elementor-column-gap-default\">\n\t\t\t\t\t<div class=\"elementor-column elementor-col-50 elementor-inner-column elementor-element elementor-element-d4adb2f\" data-id=\"d4adb2f\" data-element_type=\"column\">\n\t\t\t<div class=\"elementor-widget-wrap elementor-element-populated\">\n\t\t\t\t\t\t<div class=\"elementor-element elementor-element-f88527e elementor-widget elementor-widget-text-editor\" data-id=\"f88527e\" data-element_type=\"widget\" data-widget_type=\"text-editor.default\">\n\t\t\t\t\t\t\t\t\t<p><strong><a href=\"http:\/\/redelog.rj.gov.br\/redelog\/legislacao-licitacoes\/\">\u2190 Voltar &#8211; Licita\u00e7\u00f5es<\/a><\/strong><\/p>\t\t\t\t\t\t\t\t<\/div>\n\t\t\t\t\t<\/div>\n\t\t<\/div>\n\t\t\t\t<div class=\"elementor-column elementor-col-50 elementor-inner-column elementor-element elementor-element-a0c62b1\" data-id=\"a0c62b1\" data-element_type=\"column\">\n\t\t\t<div class=\"elementor-widget-wrap elementor-element-populated\">\n\t\t\t\t\t\t\t<\/div>\n\t\t<\/div>\n\t\t\t\t\t<\/div>\n\t\t<\/section>\n\t\t\t\t\t<\/div>\n\t\t<\/div>\n\t\t\t\t\t<\/div>\n\t\t<\/section>\n\t\t\t\t<section class=\"elementor-section elementor-top-section elementor-element elementor-element-fd03f9e elementor-section-boxed elementor-section-height-default elementor-section-height-default\" data-id=\"fd03f9e\" data-element_type=\"section\" data-settings=\"{&quot;jet_parallax_layout_list&quot;:[{&quot;jet_parallax_layout_image&quot;:{&quot;url&quot;:&quot;&quot;,&quot;id&quot;:&quot;&quot;,&quot;size&quot;:&quot;&quot;},&quot;_id&quot;:&quot;22a0abb&quot;,&quot;jet_parallax_layout_image_tablet&quot;:{&quot;url&quot;:&quot;&quot;,&quot;id&quot;:&quot;&quot;,&quot;size&quot;:&quot;&quot;},&quot;jet_parallax_layout_image_mobile&quot;:{&quot;url&quot;:&quot;&quot;,&quot;id&quot;:&quot;&quot;,&quot;size&quot;:&quot;&quot;},&quot;jet_parallax_layout_speed&quot;:{&quot;unit&quot;:&quot;%&quot;,&quot;size&quot;:50,&quot;sizes&quot;:[]},&quot;jet_parallax_layout_type&quot;:&quot;scroll&quot;,&quot;jet_parallax_layout_direction&quot;:&quot;1&quot;,&quot;jet_parallax_layout_fx_direction&quot;:null,&quot;jet_parallax_layout_z_index&quot;:&quot;&quot;,&quot;jet_parallax_layout_bg_x&quot;:50,&quot;jet_parallax_layout_bg_x_tablet&quot;:&quot;&quot;,&quot;jet_parallax_layout_bg_x_mobile&quot;:&quot;&quot;,&quot;jet_parallax_layout_bg_y&quot;:50,&quot;jet_parallax_layout_bg_y_tablet&quot;:&quot;&quot;,&quot;jet_parallax_layout_bg_y_mobile&quot;:&quot;&quot;,&quot;jet_parallax_layout_bg_size&quot;:&quot;auto&quot;,&quot;jet_parallax_layout_bg_size_tablet&quot;:&quot;&quot;,&quot;jet_parallax_layout_bg_size_mobile&quot;:&quot;&quot;,&quot;jet_parallax_layout_animation_prop&quot;:&quot;transform&quot;,&quot;jet_parallax_layout_on&quot;:[&quot;desktop&quot;,&quot;tablet&quot;]}]}\">\n\t\t\t\t\t\t<div class=\"elementor-container elementor-column-gap-default\">\n\t\t\t\t\t<div class=\"elementor-column elementor-col-100 elementor-top-column elementor-element elementor-element-686a8eb\" data-id=\"686a8eb\" data-element_type=\"column\">\n\t\t\t<div class=\"elementor-widget-wrap elementor-element-populated\">\n\t\t\t\t\t\t<div class=\"elementor-element elementor-element-ecf83af elementor-widget elementor-widget-html\" data-id=\"ecf83af\" data-element_type=\"widget\" data-widget_type=\"html.default\">\n\t\t\t\t\t<style>\n    h2, .h2-style{\n        font-size: 28px;\n    }\n<\/style>\t\t\t\t<\/div>\n\t\t\t\t\t<\/div>\n\t\t<\/div>\n\t\t\t\t\t<\/div>\n\t\t<\/section>\n\t\t\t\t<\/div>\n\t\t","protected":false},"excerpt":{"rendered":"<p>INSTITUI A REDE DE GERENCIADORES DE TRANSPORTES OFICIAIS \u2013 REDETRANS, INTEGRANTE DAS REDES FUNCIONAIS DA REDELOG, E D\u00c1 OUTRAS PROVID\u00caNCIAS. O SECRET\u00c1RIO DE ESTADO DE PLANEJAMENTO E GEST\u00c3O,\u00a0no uso de suas atribui\u00e7\u00f5es legais, observando o disposto no art. 3\u00ba do Decreto n\u00ba 46.050, de 26 de julho de 2017, e tendo em vista o que [&hellip;]<\/p>\n","protected":false},"author":19,"featured_media":0,"comment_status":"closed","ping_status":"open","sticky":false,"template":"","format":"standard","meta":{"_joinchat":[],"footnotes":""},"categories":[23],"tags":[],"class_list":["post-19002","post","type-post","status-publish","format-standard","hentry","category-cat-legislacao"],"yoast_head":"<!-- This site is optimized with the Yoast SEO plugin v25.7 - https:\/\/yoast.com\/wordpress\/plugins\/seo\/ -->\n<title>RESOLU\u00c7\u00c3O SEPLAG N\u00ba 149, DE 16 DE AGOSTO DE 2022 - Redelog<\/title>\n<meta name=\"robots\" content=\"index, follow, max-snippet:-1, max-image-preview:large, max-video-preview:-1\" \/>\n<link rel=\"canonical\" href=\"https:\/\/redelog.rj.gov.br\/redelog\/resolucao-seplag-no-149-de-16-de-agosto-de-2022\/\" \/>\n<meta property=\"og:locale\" content=\"pt_BR\" \/>\n<meta property=\"og:type\" content=\"article\" \/>\n<meta property=\"og:title\" content=\"RESOLU\u00c7\u00c3O SEPLAG N\u00ba 149, DE 16 DE AGOSTO DE 2022 - Redelog\" \/>\n<meta property=\"og:description\" content=\"INSTITUI A REDE DE GERENCIADORES DE TRANSPORTES OFICIAIS \u2013 REDETRANS, INTEGRANTE DAS REDES FUNCIONAIS DA REDELOG, E D\u00c1 OUTRAS PROVID\u00caNCIAS. O SECRET\u00c1RIO DE ESTADO DE PLANEJAMENTO E GEST\u00c3O,\u00a0no uso de suas atribui\u00e7\u00f5es legais, observando o disposto no art. 3\u00ba do Decreto n\u00ba 46.050, de 26 de julho de 2017, e tendo em vista o que [&hellip;]\" \/>\n<meta property=\"og:url\" content=\"https:\/\/redelog.rj.gov.br\/redelog\/resolucao-seplag-no-149-de-16-de-agosto-de-2022\/\" \/>\n<meta property=\"og:site_name\" content=\"Redelog\" \/>\n<meta property=\"article:published_time\" content=\"2022-08-18T14:21:01+00:00\" \/>\n<meta property=\"article:modified_time\" content=\"2022-08-26T14:03:15+00:00\" \/>\n<meta name=\"author\" content=\"Juliane Paz Vieira Lima\" \/>\n<meta name=\"twitter:card\" content=\"summary_large_image\" \/>\n<meta name=\"twitter:label1\" content=\"Escrito por\" \/>\n\t<meta name=\"twitter:data1\" content=\"Juliane Paz Vieira Lima\" \/>\n\t<meta name=\"twitter:label2\" content=\"Est. tempo de leitura\" \/>\n\t<meta name=\"twitter:data2\" content=\"5 minutos\" \/>\n<script type=\"application\/ld+json\" class=\"yoast-schema-graph\">{\"@context\":\"https:\/\/schema.org\",\"@graph\":[{\"@type\":\"Article\",\"@id\":\"https:\/\/redelog.rj.gov.br\/redelog\/resolucao-seplag-no-149-de-16-de-agosto-de-2022\/#article\",\"isPartOf\":{\"@id\":\"https:\/\/redelog.rj.gov.br\/redelog\/resolucao-seplag-no-149-de-16-de-agosto-de-2022\/\"},\"author\":{\"name\":\"Juliane Paz Vieira Lima\",\"@id\":\"https:\/\/redelog.rj.gov.br\/redelog\/#\/schema\/person\/a80fe416b9778ee67954a79526756867\"},\"headline\":\"RESOLU\u00c7\u00c3O SEPLAG N\u00ba 149, DE 16 DE AGOSTO DE 2022\",\"datePublished\":\"2022-08-18T14:21:01+00:00\",\"dateModified\":\"2022-08-26T14:03:15+00:00\",\"mainEntityOfPage\":{\"@id\":\"https:\/\/redelog.rj.gov.br\/redelog\/resolucao-seplag-no-149-de-16-de-agosto-de-2022\/\"},\"wordCount\":1213,\"publisher\":{\"@id\":\"https:\/\/redelog.rj.gov.br\/redelog\/#organization\"},\"articleSection\":[\"Legisla\u00e7\u00e3o\"],\"inLanguage\":\"pt-BR\"},{\"@type\":\"WebPage\",\"@id\":\"https:\/\/redelog.rj.gov.br\/redelog\/resolucao-seplag-no-149-de-16-de-agosto-de-2022\/\",\"url\":\"https:\/\/redelog.rj.gov.br\/redelog\/resolucao-seplag-no-149-de-16-de-agosto-de-2022\/\",\"name\":\"RESOLU\u00c7\u00c3O SEPLAG N\u00ba 149, DE 16 DE AGOSTO DE 2022 - Redelog\",\"isPartOf\":{\"@id\":\"https:\/\/redelog.rj.gov.br\/redelog\/#website\"},\"datePublished\":\"2022-08-18T14:21:01+00:00\",\"dateModified\":\"2022-08-26T14:03:15+00:00\",\"breadcrumb\":{\"@id\":\"https:\/\/redelog.rj.gov.br\/redelog\/resolucao-seplag-no-149-de-16-de-agosto-de-2022\/#breadcrumb\"},\"inLanguage\":\"pt-BR\",\"potentialAction\":[{\"@type\":\"ReadAction\",\"target\":[\"https:\/\/redelog.rj.gov.br\/redelog\/resolucao-seplag-no-149-de-16-de-agosto-de-2022\/\"]}]},{\"@type\":\"BreadcrumbList\",\"@id\":\"https:\/\/redelog.rj.gov.br\/redelog\/resolucao-seplag-no-149-de-16-de-agosto-de-2022\/#breadcrumb\",\"itemListElement\":[{\"@type\":\"ListItem\",\"position\":1,\"name\":\"Home\",\"item\":\"https:\/\/redelog.rj.gov.br\/redelog\/\"},{\"@type\":\"ListItem\",\"position\":2,\"name\":\"RESOLU\u00c7\u00c3O SEPLAG N\u00ba 149, DE 16 DE AGOSTO DE 2022\"}]},{\"@type\":\"WebSite\",\"@id\":\"https:\/\/redelog.rj.gov.br\/redelog\/#website\",\"url\":\"https:\/\/redelog.rj.gov.br\/redelog\/\",\"name\":\"Redelog\",\"description\":\"Site da Rede de Log\u00edstica e Planejamento do Estado do Rio de Janeiro\",\"publisher\":{\"@id\":\"https:\/\/redelog.rj.gov.br\/redelog\/#organization\"},\"potentialAction\":[{\"@type\":\"SearchAction\",\"target\":{\"@type\":\"EntryPoint\",\"urlTemplate\":\"https:\/\/redelog.rj.gov.br\/redelog\/?s={search_term_string}\"},\"query-input\":{\"@type\":\"PropertyValueSpecification\",\"valueRequired\":true,\"valueName\":\"search_term_string\"}}],\"inLanguage\":\"pt-BR\"},{\"@type\":\"Organization\",\"@id\":\"https:\/\/redelog.rj.gov.br\/redelog\/#organization\",\"name\":\"REDELOG\",\"url\":\"https:\/\/redelog.rj.gov.br\/redelog\/\",\"logo\":{\"@type\":\"ImageObject\",\"inLanguage\":\"pt-BR\",\"@id\":\"https:\/\/redelog.rj.gov.br\/redelog\/#\/schema\/logo\/image\/\",\"url\":\"http:\/\/10.10.8.100:8888\/redelog\/wp-content\/uploads\/2019\/09\/Redelog2.png\",\"contentUrl\":\"http:\/\/10.10.8.100:8888\/redelog\/wp-content\/uploads\/2019\/09\/Redelog2.png\",\"width\":565,\"height\":155,\"caption\":\"REDELOG\"},\"image\":{\"@id\":\"https:\/\/redelog.rj.gov.br\/redelog\/#\/schema\/logo\/image\/\"}},{\"@type\":\"Person\",\"@id\":\"https:\/\/redelog.rj.gov.br\/redelog\/#\/schema\/person\/a80fe416b9778ee67954a79526756867\",\"name\":\"Juliane Paz Vieira Lima\",\"image\":{\"@type\":\"ImageObject\",\"inLanguage\":\"pt-BR\",\"@id\":\"https:\/\/redelog.rj.gov.br\/redelog\/#\/schema\/person\/image\/\",\"url\":\"https:\/\/secure.gravatar.com\/avatar\/6d81cf8bb20fabd08d236dec1cc7b99d2da26d368e6642dc331f1413653da0a6?s=96&d=mm&r=g\",\"contentUrl\":\"https:\/\/secure.gravatar.com\/avatar\/6d81cf8bb20fabd08d236dec1cc7b99d2da26d368e6642dc331f1413653da0a6?s=96&d=mm&r=g\",\"caption\":\"Juliane Paz Vieira Lima\"},\"url\":\"https:\/\/redelog.rj.gov.br\/redelog\/author\/julianepaz\/\"}]}<\/script>\n<!-- \/ Yoast SEO plugin. -->","yoast_head_json":{"title":"RESOLU\u00c7\u00c3O SEPLAG N\u00ba 149, DE 16 DE AGOSTO DE 2022 - Redelog","robots":{"index":"index","follow":"follow","max-snippet":"max-snippet:-1","max-image-preview":"max-image-preview:large","max-video-preview":"max-video-preview:-1"},"canonical":"https:\/\/redelog.rj.gov.br\/redelog\/resolucao-seplag-no-149-de-16-de-agosto-de-2022\/","og_locale":"pt_BR","og_type":"article","og_title":"RESOLU\u00c7\u00c3O SEPLAG N\u00ba 149, DE 16 DE AGOSTO DE 2022 - Redelog","og_description":"INSTITUI A REDE DE GERENCIADORES DE TRANSPORTES OFICIAIS \u2013 REDETRANS, INTEGRANTE DAS REDES FUNCIONAIS DA REDELOG, E D\u00c1 OUTRAS PROVID\u00caNCIAS. O SECRET\u00c1RIO DE ESTADO DE PLANEJAMENTO E GEST\u00c3O,\u00a0no uso de suas atribui\u00e7\u00f5es legais, observando o disposto no art. 3\u00ba do Decreto n\u00ba 46.050, de 26 de julho de 2017, e tendo em vista o que [&hellip;]","og_url":"https:\/\/redelog.rj.gov.br\/redelog\/resolucao-seplag-no-149-de-16-de-agosto-de-2022\/","og_site_name":"Redelog","article_published_time":"2022-08-18T14:21:01+00:00","article_modified_time":"2022-08-26T14:03:15+00:00","author":"Juliane Paz Vieira Lima","twitter_card":"summary_large_image","twitter_misc":{"Escrito por":"Juliane Paz Vieira Lima","Est. tempo de leitura":"5 minutos"},"schema":{"@context":"https:\/\/schema.org","@graph":[{"@type":"Article","@id":"https:\/\/redelog.rj.gov.br\/redelog\/resolucao-seplag-no-149-de-16-de-agosto-de-2022\/#article","isPartOf":{"@id":"https:\/\/redelog.rj.gov.br\/redelog\/resolucao-seplag-no-149-de-16-de-agosto-de-2022\/"},"author":{"name":"Juliane Paz Vieira Lima","@id":"https:\/\/redelog.rj.gov.br\/redelog\/#\/schema\/person\/a80fe416b9778ee67954a79526756867"},"headline":"RESOLU\u00c7\u00c3O SEPLAG N\u00ba 149, DE 16 DE AGOSTO DE 2022","datePublished":"2022-08-18T14:21:01+00:00","dateModified":"2022-08-26T14:03:15+00:00","mainEntityOfPage":{"@id":"https:\/\/redelog.rj.gov.br\/redelog\/resolucao-seplag-no-149-de-16-de-agosto-de-2022\/"},"wordCount":1213,"publisher":{"@id":"https:\/\/redelog.rj.gov.br\/redelog\/#organization"},"articleSection":["Legisla\u00e7\u00e3o"],"inLanguage":"pt-BR"},{"@type":"WebPage","@id":"https:\/\/redelog.rj.gov.br\/redelog\/resolucao-seplag-no-149-de-16-de-agosto-de-2022\/","url":"https:\/\/redelog.rj.gov.br\/redelog\/resolucao-seplag-no-149-de-16-de-agosto-de-2022\/","name":"RESOLU\u00c7\u00c3O SEPLAG N\u00ba 149, DE 16 DE AGOSTO DE 2022 - Redelog","isPartOf":{"@id":"https:\/\/redelog.rj.gov.br\/redelog\/#website"},"datePublished":"2022-08-18T14:21:01+00:00","dateModified":"2022-08-26T14:03:15+00:00","breadcrumb":{"@id":"https:\/\/redelog.rj.gov.br\/redelog\/resolucao-seplag-no-149-de-16-de-agosto-de-2022\/#breadcrumb"},"inLanguage":"pt-BR","potentialAction":[{"@type":"ReadAction","target":["https:\/\/redelog.rj.gov.br\/redelog\/resolucao-seplag-no-149-de-16-de-agosto-de-2022\/"]}]},{"@type":"BreadcrumbList","@id":"https:\/\/redelog.rj.gov.br\/redelog\/resolucao-seplag-no-149-de-16-de-agosto-de-2022\/#breadcrumb","itemListElement":[{"@type":"ListItem","position":1,"name":"Home","item":"https:\/\/redelog.rj.gov.br\/redelog\/"},{"@type":"ListItem","position":2,"name":"RESOLU\u00c7\u00c3O SEPLAG N\u00ba 149, DE 16 DE AGOSTO DE 2022"}]},{"@type":"WebSite","@id":"https:\/\/redelog.rj.gov.br\/redelog\/#website","url":"https:\/\/redelog.rj.gov.br\/redelog\/","name":"Redelog","description":"Site da Rede de Log\u00edstica e Planejamento do Estado do Rio de Janeiro","publisher":{"@id":"https:\/\/redelog.rj.gov.br\/redelog\/#organization"},"potentialAction":[{"@type":"SearchAction","target":{"@type":"EntryPoint","urlTemplate":"https:\/\/redelog.rj.gov.br\/redelog\/?s={search_term_string}"},"query-input":{"@type":"PropertyValueSpecification","valueRequired":true,"valueName":"search_term_string"}}],"inLanguage":"pt-BR"},{"@type":"Organization","@id":"https:\/\/redelog.rj.gov.br\/redelog\/#organization","name":"REDELOG","url":"https:\/\/redelog.rj.gov.br\/redelog\/","logo":{"@type":"ImageObject","inLanguage":"pt-BR","@id":"https:\/\/redelog.rj.gov.br\/redelog\/#\/schema\/logo\/image\/","url":"http:\/\/10.10.8.100:8888\/redelog\/wp-content\/uploads\/2019\/09\/Redelog2.png","contentUrl":"http:\/\/10.10.8.100:8888\/redelog\/wp-content\/uploads\/2019\/09\/Redelog2.png","width":565,"height":155,"caption":"REDELOG"},"image":{"@id":"https:\/\/redelog.rj.gov.br\/redelog\/#\/schema\/logo\/image\/"}},{"@type":"Person","@id":"https:\/\/redelog.rj.gov.br\/redelog\/#\/schema\/person\/a80fe416b9778ee67954a79526756867","name":"Juliane Paz Vieira Lima","image":{"@type":"ImageObject","inLanguage":"pt-BR","@id":"https:\/\/redelog.rj.gov.br\/redelog\/#\/schema\/person\/image\/","url":"https:\/\/secure.gravatar.com\/avatar\/6d81cf8bb20fabd08d236dec1cc7b99d2da26d368e6642dc331f1413653da0a6?s=96&d=mm&r=g","contentUrl":"https:\/\/secure.gravatar.com\/avatar\/6d81cf8bb20fabd08d236dec1cc7b99d2da26d368e6642dc331f1413653da0a6?s=96&d=mm&r=g","caption":"Juliane Paz Vieira Lima"},"url":"https:\/\/redelog.rj.gov.br\/redelog\/author\/julianepaz\/"}]}},"_links":{"self":[{"href":"https:\/\/redelog.rj.gov.br\/redelog\/wp-json\/wp\/v2\/posts\/19002","targetHints":{"allow":["GET"]}}],"collection":[{"href":"https:\/\/redelog.rj.gov.br\/redelog\/wp-json\/wp\/v2\/posts"}],"about":[{"href":"https:\/\/redelog.rj.gov.br\/redelog\/wp-json\/wp\/v2\/types\/post"}],"author":[{"embeddable":true,"href":"https:\/\/redelog.rj.gov.br\/redelog\/wp-json\/wp\/v2\/users\/19"}],"replies":[{"embeddable":true,"href":"https:\/\/redelog.rj.gov.br\/redelog\/wp-json\/wp\/v2\/comments?post=19002"}],"version-history":[{"count":12,"href":"https:\/\/redelog.rj.gov.br\/redelog\/wp-json\/wp\/v2\/posts\/19002\/revisions"}],"predecessor-version":[{"id":19274,"href":"https:\/\/redelog.rj.gov.br\/redelog\/wp-json\/wp\/v2\/posts\/19002\/revisions\/19274"}],"wp:attachment":[{"href":"https:\/\/redelog.rj.gov.br\/redelog\/wp-json\/wp\/v2\/media?parent=19002"}],"wp:term":[{"taxonomy":"category","embeddable":true,"href":"https:\/\/redelog.rj.gov.br\/redelog\/wp-json\/wp\/v2\/categories?post=19002"},{"taxonomy":"post_tag","embeddable":true,"href":"https:\/\/redelog.rj.gov.br\/redelog\/wp-json\/wp\/v2\/tags?post=19002"}],"curies":[{"name":"wp","href":"https:\/\/api.w.org\/{rel}","templated":true}]}}