{"id":18971,"date":"2022-08-18T10:56:26","date_gmt":"2022-08-18T13:56:26","guid":{"rendered":"https:\/\/redelog.rj.gov.br\/redelog\/?p=18971"},"modified":"2022-08-18T14:06:13","modified_gmt":"2022-08-18T17:06:13","slug":"resolucao-seplag-no-148-de-16-de-agosto-de-2022-2","status":"publish","type":"post","link":"https:\/\/redelog.rj.gov.br\/redelog\/resolucao-seplag-no-148-de-16-de-agosto-de-2022-2\/","title":{"rendered":"RESOLU\u00c7\u00c3O SEPLAG N\u00ba 148, DE 16 DE AGOSTO DE 2022"},"content":{"rendered":"\t\t<div data-elementor-type=\"wp-post\" data-elementor-id=\"18971\" class=\"elementor elementor-18971\" data-elementor-post-type=\"post\">\n\t\t\t\t\t\t<section class=\"elementor-section elementor-top-section elementor-element elementor-element-54679bb elementor-section-boxed elementor-section-height-default elementor-section-height-default\" data-id=\"54679bb\" data-element_type=\"section\" data-settings=\"{&quot;jet_parallax_layout_list&quot;:[{&quot;jet_parallax_layout_image&quot;:{&quot;url&quot;:&quot;&quot;,&quot;id&quot;:&quot;&quot;,&quot;size&quot;:&quot;&quot;},&quot;_id&quot;:&quot;17d107f&quot;,&quot;jet_parallax_layout_image_tablet&quot;:{&quot;url&quot;:&quot;&quot;,&quot;id&quot;:&quot;&quot;,&quot;size&quot;:&quot;&quot;},&quot;jet_parallax_layout_image_mobile&quot;:{&quot;url&quot;:&quot;&quot;,&quot;id&quot;:&quot;&quot;,&quot;size&quot;:&quot;&quot;},&quot;jet_parallax_layout_speed&quot;:{&quot;unit&quot;:&quot;%&quot;,&quot;size&quot;:50,&quot;sizes&quot;:[]},&quot;jet_parallax_layout_type&quot;:&quot;scroll&quot;,&quot;jet_parallax_layout_direction&quot;:&quot;1&quot;,&quot;jet_parallax_layout_fx_direction&quot;:null,&quot;jet_parallax_layout_z_index&quot;:&quot;&quot;,&quot;jet_parallax_layout_bg_x&quot;:50,&quot;jet_parallax_layout_bg_x_tablet&quot;:&quot;&quot;,&quot;jet_parallax_layout_bg_x_mobile&quot;:&quot;&quot;,&quot;jet_parallax_layout_bg_y&quot;:50,&quot;jet_parallax_layout_bg_y_tablet&quot;:&quot;&quot;,&quot;jet_parallax_layout_bg_y_mobile&quot;:&quot;&quot;,&quot;jet_parallax_layout_bg_size&quot;:&quot;auto&quot;,&quot;jet_parallax_layout_bg_size_tablet&quot;:&quot;&quot;,&quot;jet_parallax_layout_bg_size_mobile&quot;:&quot;&quot;,&quot;jet_parallax_layout_animation_prop&quot;:&quot;transform&quot;,&quot;jet_parallax_layout_on&quot;:[&quot;desktop&quot;,&quot;tablet&quot;]}]}\">\n\t\t\t\t\t\t<div class=\"elementor-container elementor-column-gap-default\">\n\t\t\t\t\t<div class=\"elementor-column elementor-col-100 elementor-top-column elementor-element elementor-element-abe6abd\" data-id=\"abe6abd\" data-element_type=\"column\">\n\t\t\t<div class=\"elementor-widget-wrap elementor-element-populated\">\n\t\t\t\t\t\t<section class=\"elementor-section elementor-inner-section elementor-element elementor-element-e54ab34 elementor-section-boxed elementor-section-height-default elementor-section-height-default\" data-id=\"e54ab34\" data-element_type=\"section\" data-settings=\"{&quot;jet_parallax_layout_list&quot;:[{&quot;jet_parallax_layout_image&quot;:{&quot;url&quot;:&quot;&quot;,&quot;id&quot;:&quot;&quot;,&quot;size&quot;:&quot;&quot;},&quot;_id&quot;:&quot;b8c0cc7&quot;,&quot;jet_parallax_layout_image_tablet&quot;:{&quot;url&quot;:&quot;&quot;,&quot;id&quot;:&quot;&quot;,&quot;size&quot;:&quot;&quot;},&quot;jet_parallax_layout_image_mobile&quot;:{&quot;url&quot;:&quot;&quot;,&quot;id&quot;:&quot;&quot;,&quot;size&quot;:&quot;&quot;},&quot;jet_parallax_layout_speed&quot;:{&quot;unit&quot;:&quot;%&quot;,&quot;size&quot;:50,&quot;sizes&quot;:[]},&quot;jet_parallax_layout_type&quot;:&quot;scroll&quot;,&quot;jet_parallax_layout_direction&quot;:&quot;1&quot;,&quot;jet_parallax_layout_fx_direction&quot;:null,&quot;jet_parallax_layout_z_index&quot;:&quot;&quot;,&quot;jet_parallax_layout_bg_x&quot;:50,&quot;jet_parallax_layout_bg_x_tablet&quot;:&quot;&quot;,&quot;jet_parallax_layout_bg_x_mobile&quot;:&quot;&quot;,&quot;jet_parallax_layout_bg_y&quot;:50,&quot;jet_parallax_layout_bg_y_tablet&quot;:&quot;&quot;,&quot;jet_parallax_layout_bg_y_mobile&quot;:&quot;&quot;,&quot;jet_parallax_layout_bg_size&quot;:&quot;auto&quot;,&quot;jet_parallax_layout_bg_size_tablet&quot;:&quot;&quot;,&quot;jet_parallax_layout_bg_size_mobile&quot;:&quot;&quot;,&quot;jet_parallax_layout_animation_prop&quot;:&quot;transform&quot;,&quot;jet_parallax_layout_on&quot;:[&quot;desktop&quot;,&quot;tablet&quot;]}]}\">\n\t\t\t\t\t\t<div class=\"elementor-container elementor-column-gap-default\">\n\t\t\t\t\t<div class=\"elementor-column elementor-col-50 elementor-inner-column elementor-element elementor-element-265154f\" data-id=\"265154f\" data-element_type=\"column\">\n\t\t\t<div class=\"elementor-widget-wrap\">\n\t\t\t\t\t\t\t<\/div>\n\t\t<\/div>\n\t\t\t\t<div class=\"elementor-column elementor-col-50 elementor-inner-column elementor-element elementor-element-5f9f038\" data-id=\"5f9f038\" data-element_type=\"column\">\n\t\t\t<div class=\"elementor-widget-wrap elementor-element-populated\">\n\t\t\t\t\t\t<div class=\"elementor-element elementor-element-c6fae6f elementor-widget elementor-widget-text-editor\" data-id=\"c6fae6f\" data-element_type=\"widget\" data-widget_type=\"text-editor.default\">\n\t\t\t\t\t\t\t\t\t<p style=\"text-align: justify;\"><b>INSTITUI A REDE DE PREGOEIROS \u2013 REDEPREG, INTEGRANTE DAS REDES FUNCIONAIS DA REDELOG, E D\u00c1 OUTRAS PROVID\u00caNCIAS.<\/b><\/p>\t\t\t\t\t\t\t\t<\/div>\n\t\t\t\t\t<\/div>\n\t\t<\/div>\n\t\t\t\t\t<\/div>\n\t\t<\/section>\n\t\t\t\t\t<\/div>\n\t\t<\/div>\n\t\t\t\t\t<\/div>\n\t\t<\/section>\n\t\t\t\t<section class=\"elementor-section elementor-top-section elementor-element elementor-element-c85a434 elementor-section-boxed elementor-section-height-default elementor-section-height-default\" data-id=\"c85a434\" data-element_type=\"section\" data-settings=\"{&quot;jet_parallax_layout_list&quot;:[{&quot;jet_parallax_layout_image&quot;:{&quot;url&quot;:&quot;&quot;,&quot;id&quot;:&quot;&quot;,&quot;size&quot;:&quot;&quot;},&quot;_id&quot;:&quot;e6bbb1d&quot;,&quot;jet_parallax_layout_image_tablet&quot;:{&quot;url&quot;:&quot;&quot;,&quot;id&quot;:&quot;&quot;,&quot;size&quot;:&quot;&quot;},&quot;jet_parallax_layout_image_mobile&quot;:{&quot;url&quot;:&quot;&quot;,&quot;id&quot;:&quot;&quot;,&quot;size&quot;:&quot;&quot;},&quot;jet_parallax_layout_speed&quot;:{&quot;unit&quot;:&quot;%&quot;,&quot;size&quot;:50,&quot;sizes&quot;:[]},&quot;jet_parallax_layout_type&quot;:&quot;scroll&quot;,&quot;jet_parallax_layout_direction&quot;:&quot;1&quot;,&quot;jet_parallax_layout_fx_direction&quot;:null,&quot;jet_parallax_layout_z_index&quot;:&quot;&quot;,&quot;jet_parallax_layout_bg_x&quot;:50,&quot;jet_parallax_layout_bg_x_tablet&quot;:&quot;&quot;,&quot;jet_parallax_layout_bg_x_mobile&quot;:&quot;&quot;,&quot;jet_parallax_layout_bg_y&quot;:50,&quot;jet_parallax_layout_bg_y_tablet&quot;:&quot;&quot;,&quot;jet_parallax_layout_bg_y_mobile&quot;:&quot;&quot;,&quot;jet_parallax_layout_bg_size&quot;:&quot;auto&quot;,&quot;jet_parallax_layout_bg_size_tablet&quot;:&quot;&quot;,&quot;jet_parallax_layout_bg_size_mobile&quot;:&quot;&quot;,&quot;jet_parallax_layout_animation_prop&quot;:&quot;transform&quot;,&quot;jet_parallax_layout_on&quot;:[&quot;desktop&quot;,&quot;tablet&quot;]}]}\">\n\t\t\t\t\t\t<div class=\"elementor-container elementor-column-gap-default\">\n\t\t\t\t\t<div class=\"elementor-column elementor-col-100 elementor-top-column elementor-element elementor-element-48728cc\" data-id=\"48728cc\" data-element_type=\"column\">\n\t\t\t<div class=\"elementor-widget-wrap elementor-element-populated\">\n\t\t\t\t\t\t<div class=\"elementor-element elementor-element-29385b0 elementor-widget elementor-widget-text-editor\" data-id=\"29385b0\" data-element_type=\"widget\" data-widget_type=\"text-editor.default\">\n\t\t\t\t\t\t\t\t\t<p class=\"Texto_Justificado_Recuo_Primeira_Linha\"><strong>O<\/strong>\u00a0<strong>SECRET\u00c1RIO DE ESTADO DE PLANEJAMENTO E GEST\u00c3O<\/strong>, no uso de suas atribui\u00e7\u00f5es legais, observando o disposto no art. 3\u00ba do Decreto n\u00ba 46.050, de 26 de julho de 2017, e tendo em vista o que consta do Processo Administrativo n\u00ba SEI-120001\/004448\/2022.<\/p><p class=\"Texto_Justificado_Recuo_Primeira_Linha\"><strong>CONSIDERANDO<\/strong>:<\/p><p class=\"Texto_Justificado_Recuo_Primeira_Linha\"><strong>&#8211;<\/strong>\u00a0a necessidade de padroniza\u00e7\u00e3o de procedimentos para o exerc\u00edcio das atividades do pregoeiro;<\/p><p class=\"Texto_Justificado_Recuo_Primeira_Linha\"><strong>&#8211;<\/strong>\u00a0a import\u00e2ncia de fornecer aos pregoeiros, de forma sintetizada e objetiva, orienta\u00e7\u00f5es para a boa execu\u00e7\u00e3o de suas responsabilidades, alinhando o entendimento de normas e procedimentos;<\/p><p class=\"Texto_Justificado_Recuo_Primeira_Linha\"><strong>&#8211;\u00a0<\/strong>a necessidade de constante aperfei\u00e7oamento do processo de gest\u00e3o do Governo do Estado do Rio de Janeiro, visando a melhoria na qualidade dos gastos p\u00fablicos;<\/p><p class=\"Texto_Justificado_Recuo_Primeira_Linha\"><strong>&#8211;<\/strong>\u00a0o disposto nos artigos 8\u00ba e 9\u00ba do Decreto Estadual n\u00ba 46.050, de 26 de julho de 2017, que cria a Rede Log\u00edstica do Poder Executivo do Estado do Rio de Janeiro \u2013 REDELOG,\u00a0os quais determinam ao \u00d3rg\u00e3o Central do Sistema Log\u00edstico a institui\u00e7\u00e3o e a regulamenta\u00e7\u00e3o das Redes Funcionais; e<\/p><p class=\"Texto_Justificado_Recuo_Primeira_Linha\">\u2013 que as determina\u00e7\u00f5es constantes desta Resolu\u00e7\u00e3o n\u00e3o acarretar\u00e3o aumento de despesa.<\/p><p class=\"Texto_Justificado_Recuo_Primeira_Linha\"><strong>RESOLVE<\/strong>:<\/p><p class=\"Texto_Centralizado\" style=\"text-align: center;\"><strong>CAP\u00cdTULO I<\/strong><\/p><p class=\"Texto_Centralizado\" style=\"text-align: center;\"><strong>DAS DISPOSI\u00c7\u00d5ES GERAIS<\/strong><\/p><p class=\"Texto_Justificado_Recuo_Primeira_Linha\"><strong>Art. 1\u00ba\u00a0<\/strong>&#8211; Fica institu\u00edda no \u00e2mbito da Administra\u00e7\u00e3o P\u00fablica Estadual a Rede de Pregoeiros \u2013 REDEPREG, estrutura colaborativa n\u00e3o hier\u00e1rquica tendo o \u00d3rg\u00e3o Central do Sistema Log\u00edstico como coordenador, efetivando a comunica\u00e7\u00e3o e sua organiza\u00e7\u00e3o interna.<\/p><p class=\"Texto_Justificado_Recuo_Primeira_Linha\"><strong>Par\u00e1grafo \u00danico \u2013<\/strong>\u00a0Subordinam-se ao regime desta Resolu\u00e7\u00e3o os \u00f3rg\u00e3os e entidades da administra\u00e7\u00e3o p\u00fablica estadual direta, aut\u00e1rquica e fundacional do Poder Executivo e, facultativamente, as Empresas P\u00fablicas e as Sociedades de Economia Mista.<\/p><p class=\"Texto_Justificado_Recuo_Primeira_Linha\"><strong>Art. 2\u00ba \u2013<\/strong>\u00a0A REDEPREG tem por objetivos:<\/p><p class=\"Texto_Justificado_Recuo_Primeira_Linha\"><strong>I &#8211;<\/strong>\u00a0estabelecer diretrizes para a atua\u00e7\u00e3o dos pregoeiros;<\/p><p class=\"Texto_Justificado_Recuo_Primeira_Linha\"><strong>II &#8211;<\/strong>\u00a0padronizar os procedimentos relativos \u00e0s atribui\u00e7\u00f5es dos pregoeiros;<\/p><p class=\"Texto_Justificado_Recuo_Primeira_Linha\"><strong>III &#8211;<\/strong>\u00a0promover a certifica\u00e7\u00e3o e a capacita\u00e7\u00e3o dos pregoeiros do Estado; e<\/p><p class=\"Texto_Justificado_Recuo_Primeira_Linha\"><strong>IV &#8211;<\/strong>\u00a0estimular o interc\u00e2mbio de conhecimento e de boas pr\u00e1ticas administrativas entre os integrantes da rede.<\/p><p class=\"Texto_Justificado_Recuo_Primeira_Linha\"><strong>Art. 3\u00ba \u2013\u00a0<\/strong>S\u00e3o integrantes da REDEPREG:<\/p><p class=\"Texto_Justificado_Recuo_Primeira_Linha\"><strong>I\u00a0<\/strong>\u2013 os agentes p\u00fablicos certificados no Processo de Certifica\u00e7\u00e3o de Pregoeiros do Estado, nos termos do art. 5\u00ba desta Resolu\u00e7\u00e3o; e<\/p><p class=\"Texto_Justificado_Recuo_Primeira_Linha\"><strong>II<\/strong>\u00a0\u2013 o Gerente da REDEPREG e seu apoio, designados por ato do \u00d3rg\u00e3o Central do Sistema Log\u00edstico, publicado em Di\u00e1rio Oficial.<\/p><p class=\"Texto_Justificado_Recuo_Primeira_Linha\"><strong>Par\u00e1grafo \u00danico<\/strong>\u00a0\u2013 As fun\u00e7\u00f5es exercidas no \u00e2mbito da REDEPREG ser\u00e3o consideradas de relevante interesse p\u00fablico, n\u00e3o sendo remuneradas a qualquer t\u00edtulo.<\/p><p class=\"Texto_Justificado_Recuo_Primeira_Linha\"><strong>Art. 4\u00ba \u2013\u00a0<\/strong>Cabe ao Gerente da REDEPREG a cria\u00e7\u00e3o de canais de comunica\u00e7\u00e3o efetivos entre os integrantes da Rede.<\/p><p class=\"Texto_Justificado_Recuo_Primeira_Linha\"><strong>Par\u00e1grafo \u00danico \u2013\u00a0<\/strong>Ser\u00e3o inclu\u00eddos nos canais de comunica\u00e7\u00e3o referidos no caput deste artigo os agentes p\u00fablicos designados excepcionalmente para exercer, em car\u00e1ter provis\u00f3rio, as atribui\u00e7\u00f5es de pregoeiro, conforme o art. 11 da presente Resolu\u00e7\u00e3o.<\/p><p class=\"Texto_Centralizado\" style=\"text-align: center;\"><strong>CAP\u00cdTULO II<\/strong><\/p><p class=\"Texto_Centralizado\" style=\"text-align: center;\"><strong>DA ADMISS\u00c3O NA REDEPREG<\/strong><\/p><p class=\"Texto_Justificado_Recuo_Primeira_Linha\"><strong>Art. 5\u00ba\u00a0\u2013<\/strong>\u00a0Somente poder\u00e1 exercer as atribui\u00e7\u00f5es de pregoeiro, pregoeiro substituto, nos \u00f3rg\u00e3os e entidades da administra\u00e7\u00e3o p\u00fablica direta, aut\u00e1rquica e fundacional do Poder Executivo Estadual, o agente p\u00fablico que estiver admitido na REDEPREG.<\/p><p class=\"Texto_Justificado_Recuo_Primeira_Linha\"><strong>Par\u00e1grafo \u00fanico\u00a0\u2013<\/strong>\u00a0A admiss\u00e3o do agente p\u00fablico na REDEPREG ser\u00e1 efetivada mediante o cumprimento sequencial de todas as etapas elencadas abaixo:<\/p><p class=\"Texto_Justificado_Recuo_Primeira_Linha\"><strong>I<\/strong>\u00a0&#8211; inscri\u00e7\u00e3o no Processo de Certifica\u00e7\u00e3o de Pregoeiros do Estado promovido pelo \u00d3rg\u00e3o Central do Sistema Log\u00edstico;<\/p><p class=\"Texto_Justificado_Recuo_Primeira_Linha\"><strong>II\u00a0<\/strong>&#8211; obten\u00e7\u00e3o do Certificado de Pregoeiro do Estado, ressalvada a hip\u00f3tese de designa\u00e7\u00e3o anterior \u00e0 certifica\u00e7\u00e3o admitida no art. 11 desta Resolu\u00e7\u00e3o;<\/p><p class=\"Texto_Justificado_Recuo_Primeira_Linha\"><strong>III<\/strong>\u00a0\u2013 publica\u00e7\u00e3o no Di\u00e1rio Oficial do Estado do Rio de Janeiro da rela\u00e7\u00e3o dos agentes p\u00fablicos concluintes do Processo de Certifica\u00e7\u00e3o de Pregoeiros do Estado; e<\/p><p class=\"Texto_Justificado_Recuo_Primeira_Linha\"><strong>IV<\/strong>\u00a0&#8211; cadastramento na REDEPREG efetuado pelo Gerente, mediante a publica\u00e7\u00e3o mencionada no inciso III deste artigo.<\/p><p class=\"Texto_Justificado_Recuo_Primeira_Linha\"><strong>Art. 6\u00ba\u00a0\u2013<\/strong>\u00a0A solicita\u00e7\u00e3o de inscri\u00e7\u00e3o do agente p\u00fablico no Processo de Certifica\u00e7\u00e3o de Pregoeiros do Estado ser\u00e1 efetuada\u00a0pelo ordenador de despesas do\u00a0\u00f3rg\u00e3o ou entidade ao qual estiver subordinado na forma a ser estabelecida pelo \u00d3rg\u00e3o Central do Sistema Log\u00edstico no momento da abertura do curso de forma\u00e7\u00e3o.<\/p><p class=\"Texto_Justificado_Recuo_Primeira_Linha\"><strong>Art. 7\u00ba<\/strong>\u00a0\u2013 O Processo de Certifica\u00e7\u00e3o de Pregoeiros do Estado consistir\u00e1 na participa\u00e7\u00e3o do curso de forma\u00e7\u00e3o e na aprova\u00e7\u00e3o do exame de certifica\u00e7\u00e3o, observando-se o seguinte:<\/p><p class=\"Texto_Justificado_Recuo_Primeira_Linha\"><strong>I \u2013<\/strong>\u00a0carga hor\u00e1ria m\u00ednima de 72 (setenta e duas) horas, compreendidas entre aulas te\u00f3ricas e pr\u00e1ticas;<\/p><p class=\"Texto_Justificado_Recuo_Primeira_Linha\"><strong>II \u2013<\/strong>\u00a0frequ\u00eancia m\u00ednima de 75% (setenta e cinco por cento) nas aulas te\u00f3ricas;<\/p><p class=\"Texto_Justificado_Recuo_Primeira_Linha\"><strong>III \u2013<\/strong>\u00a0frequ\u00eancia de 100% (cem por cento) nas aulas pr\u00e1ticas; e<\/p><p class=\"Texto_Justificado_Recuo_Primeira_Linha\"><strong>IV\u00a0<\/strong>\u2013 pontua\u00e7\u00e3o m\u00ednima de 6,0 (seis) no exame de certifica\u00e7\u00e3o.<\/p><p class=\"Texto_Centralizado\" style=\"text-align: center;\"><strong>CAP\u00cdTULO III<\/strong><\/p><p class=\"Texto_Centralizado\" style=\"text-align: center;\"><strong>DA RENOVA\u00c7\u00c3O DO CERTIFICADO DE PREGOEIRO<\/strong><\/p><p class=\"Texto_Justificado_Recuo_Primeira_Linha\"><strong>Art. 8\u00ba<\/strong>\u00a0<strong>\u2013<\/strong>\u00a0A certifica\u00e7\u00e3o de Pregoeiro do Estado ter\u00e1 validade de 02 (dois) anos.<\/p><p class=\"Texto_Justificado_Recuo_Primeira_Linha\"><strong>Art. 9\u00ba\u00a0\u2013<\/strong>\u00a0A renova\u00e7\u00e3o dos certificados concedidos aos agentes p\u00fablicos, integrantes da Rede de Pregoeiros do Governo do Estado do Rio de Janeiro, compete ao \u00d3rg\u00e3o Central do Sistema Log\u00edstico, mediante solicita\u00e7\u00e3o do ordenador de despesas do \u00f3rg\u00e3o ou entidade atrav\u00e9s do Sistema Eletr\u00f4nico de Informa\u00e7\u00f5es &#8211; SEI-RJ.<\/p><p class=\"Texto_Justificado_Recuo_Primeira_Linha\"><a target=\"_blank\" name=\"_Hlk65508074\"><\/a><strong>Par\u00e1grafo \u00danico\u00a0<\/strong>&#8211; Compete aos pregoeiros e ao ordenador de despesas\u00a0do \u00f3rg\u00e3o ou entidade o controle da manuten\u00e7\u00e3o da validade dos certificados.<\/p><p class=\"Texto_Justificado_Recuo_Primeira_Linha\">\u00a0<strong>Art. 10\u00a0\u2013<\/strong>\u00a0A renova\u00e7\u00e3o do certificado ser\u00e1 concedida ao pregoeiro que atender no m\u00ednimo uma das seguintes exig\u00eancias:<\/p><p class=\"Texto_Justificado_Recuo_Primeira_Linha\"><strong>I\u00a0<\/strong>&#8211; atua\u00e7\u00e3o, na fun\u00e7\u00e3o de pregoeiro, em, no m\u00ednimo, 10 (dez) preg\u00f5es realizados no per\u00edodo que compreende os 24 (vinte e quatro) meses anteriores \u00e0 data de solicita\u00e7\u00e3o da renova\u00e7\u00e3o;<\/p><p class=\"Texto_Justificado_Recuo_Primeira_Linha\"><strong>II\u00a0<\/strong>&#8211; aprova\u00e7\u00e3o em curso espec\u00edfico de atualiza\u00e7\u00e3o para pregoeiro, promovido pelo \u00d3rg\u00e3o Central do Sistema Log\u00edstico, com carga hor\u00e1ria igual ou superior a 16 (dezesseis) horas-aula,\u00a0realizado no per\u00edodo que compreende os 12 (doze) meses anteriores \u00e0 data da solicita\u00e7\u00e3o da renova\u00e7\u00e3o; ou<\/p><p class=\"Texto_Justificado_Recuo_Primeira_Linha\"><a target=\"_blank\" name=\"_Hlk65508611\"><\/a><strong>III\u00a0<\/strong>&#8211; aprova\u00e7\u00e3o em cursos e treinamentos promovidos ou indicados pelo\u00a0<a target=\"_blank\" name=\"_Hlk65508560\"><\/a>\u00d3rg\u00e3o Central do Sistema Log\u00edstico, contidos na linha de aprendizagem espec\u00edfica definida para a REDEPREG e com o somat\u00f3rio da carga hor\u00e1ria igual ou superior a 32 (trinta e duas) horas-aula, realizados no per\u00edodo que compreende os 12 (doze) meses anteriores \u00e0 data de solicita\u00e7\u00e3o da renova\u00e7\u00e3o.<\/p><p class=\"Texto_Justificado_Recuo_Primeira_Linha\"><strong>\u00a7 1\u00ba\u00a0\u2013<\/strong>\u00a0A renova\u00e7\u00e3o do certificado, com fundamento no inciso I deste artigo, dever\u00e1 ser solicitada na forma estabelecida no art. 9\u00ba, instru\u00edda com as atas da sess\u00e3o p\u00fablica de preg\u00e3o comprovando a participa\u00e7\u00e3o em preg\u00f5es homologados, obtidas por consulta aos registros do portal de compras em que foram realizados, sendo considerados, para fins de contagem, apenas aqueles certames com data de homologa\u00e7\u00e3o compreendida no per\u00edodo de avalia\u00e7\u00e3o.<\/p><p class=\"Texto_Justificado_Recuo_Primeira_Linha\"><strong>\u00a7 2\u00ba\u00a0\u2013<\/strong>\u00a0A renova\u00e7\u00e3o do certificado com fundamento nos incisos II e III deste artigo dever\u00e1 ser solicitada na forma estabelecida do art. 9\u00ba, instru\u00edda com os comprovantes de conclus\u00e3o dos cursos e\/ou treinamentos exigidos, sendo considerados somente aqueles com data de conclus\u00e3o compreendida no per\u00edodo de 12 meses.<\/p><p class=\"Texto_Justificado_Recuo_Primeira_Linha\"><strong>\u00a7 3\u00ba<\/strong>\u00a0<strong>\u2013<\/strong>\u00a0Ap\u00f3s confer\u00eancia e atendimento de que tratam os par\u00e1grafos 1\u00ba e 2\u00ba deste artigo, ser\u00e1 renovado o perfil de pregoeiro, pelo gerente da REDEPREG com validade por mais 02 (dois) anos.<\/p><p class=\"Texto_Centralizado\" style=\"text-align: center;\"><strong>CAP\u00cdTULO IV<\/strong><\/p><p class=\"Texto_Centralizado\" style=\"text-align: center;\"><strong>DA EXCEPCIONALIDADE DA ATRIBUI\u00c7\u00c3O DE PREGOEIRO<\/strong><\/p><p class=\"Texto_Justificado_Recuo_Primeira_Linha\"><a target=\"_blank\" name=\"_Hlk65512202\"><\/a><strong>Art. 11\u00a0<\/strong>\u2013 Excepcionalmente,\u00a0o ordenador de despesas\u00a0do \u00f3rg\u00e3o ou entidade poder\u00e1 designar agente p\u00fablico, ainda n\u00e3o aprovado no Processo de Certifica\u00e7\u00e3o de Pregoeiros do Estado, para exercer, provisoriamente, as atribui\u00e7\u00f5es de pregoeiro, por um per\u00edodo m\u00e1ximo de 12 (doze) meses, ressalvando-se o disposto no caput do art. 14 desta Resolu\u00e7\u00e3o.<\/p><p class=\"Texto_Justificado_Recuo_Primeira_Linha\"><strong>\u00a7 1\u00ba\u00a0\u2013<\/strong>\u00a0A designa\u00e7\u00e3o de que trata o\u00a0<em>caput\u00a0<\/em>deste artigo n\u00e3o dispensa a obrigatoriedade de apresentar curso de capacita\u00e7\u00e3o espec\u00edfico para exerc\u00edcio das atribui\u00e7\u00f5es de pregoeiro, emitido por escola de governo criada e mantida pelo poder p\u00fablico.<\/p><p class=\"Texto_Justificado_Recuo_Primeira_Linha\"><strong>\u00a7 2\u00ba<\/strong>\u00a0<strong>\u2013<\/strong>\u00a0A solicita\u00e7\u00e3o de excepcionalidade de que trata o\u00a0<em>caput<\/em>\u00a0deste artigo ser\u00e1 instru\u00edda por meio do SEI-RJ e encaminhada pelo ordenador de despesas\u00a0do \u00f3rg\u00e3o ou entidade ao \u00d3rg\u00e3o Central do Sistema Log\u00edstico, com os seguintes documentos:<\/p><p class=\"Texto_Justificado_Recuo_Primeira_Linha\"><strong>I<\/strong>\u00a0\u2013 indica\u00e7\u00e3o do agente p\u00fablico, por meio de of\u00edcio subscrito pelo\u00a0ordenador de despesas\u00a0do \u00f3rg\u00e3o ou entidade, para exerc\u00edcio das atribui\u00e7\u00f5es de pregoeiro e pregoeiro substituto; e<\/p><p class=\"Texto_Justificado_Recuo_Primeira_Linha\"><strong>II\u00a0\u2013<\/strong>\u00a0c\u00f3pia do certificado de conclus\u00e3o de curso equivalente ao curso de forma\u00e7\u00e3o de pregoeiro do Estado do Rio de Janeiro, emitido por escola de governo criada e mantida pelo poder p\u00fablico.<\/p><p class=\"Texto_Justificado_Recuo_Primeira_Linha\"><strong>\u00a7 3\u00ba<\/strong>\u00a0<strong>\u2013<\/strong>\u00a0Ap\u00f3s confer\u00eancia e confirma\u00e7\u00e3o do atendimento dos requisitos dispostos nos incisos I e II do par\u00e1grafo anterior pelo gerente da REDEPREG, o \u00f3rg\u00e3o ou entidade dever\u00e1 providenciar a publica\u00e7\u00e3o da designa\u00e7\u00e3o de pregoeiro no Di\u00e1rio Oficial do Estado do Rio de Janeiro.<\/p><p class=\"Texto_Justificado_Recuo_Primeira_Linha\"><strong>\u00a7 4\u00ba\u00a0\u2013<\/strong>\u00a0Somente ap\u00f3s o cumprimento do disposto no \u00a73\u00ba deste artigo e instru\u00eddo o processo SEI-RJ com c\u00f3pia da publica\u00e7\u00e3o da designa\u00e7\u00e3o, ser\u00e1 concedido perfil de pregoeiro provis\u00f3rio, pelo \u00d3rg\u00e3o Central do Sistema Log\u00edstico, por meio de ato da lavra do gerente da REDEPREG.<\/p><p class=\"Texto_Justificado_Recuo_Primeira_Linha\"><strong>\u00a7 5\u00ba<\/strong>\u00a0<strong>\u2013<\/strong>\u00a0A designa\u00e7\u00e3o de que trata o caput deste artigo poder\u00e1 ser renovada, por apenas uma \u00fanica vez, por mais 12 (doze) meses, antes do t\u00e9rmino da designa\u00e7\u00e3o anterior, na aus\u00eancia de promo\u00e7\u00e3o do Processo de Certifica\u00e7\u00e3o de Pregoeiros do Estado pelo \u00d3rg\u00e3o Central do Sistema Log\u00edstico.<\/p><p class=\"Texto_Justificado_Recuo_Primeira_Linha\">\u00a0<a target=\"_blank\" name=\"_Hlk65512374\"><\/a><strong>Art. 12\u00a0<\/strong><strong>\u2013<\/strong>\u00a0O\u00a0<em>ordenador de despesas<\/em>\u00a0do \u00f3rg\u00e3o ou entidade poder\u00e1, ainda, em car\u00e1ter excepcional, designar o agente p\u00fablico com certificado de pregoeiro do Estado do Rio de Janeiro vencido, que n\u00e3o atenda aos incisos I, II e III, do artigo 10, a continuar exercendo as atribui\u00e7\u00f5es de pregoeiro, por um per\u00edodo m\u00e1ximo de 12 (doze) meses, desde que haja pr\u00e9via autoriza\u00e7\u00e3o do gerente da REDEPREG.<\/p><p class=\"Texto_Justificado_Recuo_Primeira_Linha\"><strong>\u00a7 1\u00ba\u00a0\u2013<\/strong>\u00a0A designa\u00e7\u00e3o de que trata o\u00a0<em>caput<\/em>\u00a0deste artigo poder\u00e1 ser renovada, por apenas uma \u00fanica vez, por mais 12 (doze) meses, na aus\u00eancia de realiza\u00e7\u00e3o do curso de atualiza\u00e7\u00e3o de pregoeiros do Estado, antes do t\u00e9rmino da designa\u00e7\u00e3o anterior.<\/p><p class=\"Texto_Justificado_Recuo_Primeira_Linha\"><strong>\u00a7 2\u00ba<\/strong>\u00a0<strong>\u2013<\/strong>\u00a0A solicita\u00e7\u00e3o de excepcionalidade ser\u00e1 promovida por meio de of\u00edcio de indica\u00e7\u00e3o do agente p\u00fablico pel<em>o ordenador de despesas<\/em>\u00a0do \u00f3rg\u00e3o ou entidade, instru\u00eddo por meio de processo administrativo SEI-RJ, ao \u00d3rg\u00e3o Central do Sistema Log\u00edstico, junto com c\u00f3pia do certificado vencido.<\/p><p class=\"Texto_Justificado_Recuo_Primeira_Linha\"><strong>\u00a73\u00ba<\/strong>\u00a0<strong>\u2013<\/strong>\u00a0A excepcionalidade de que trata o\u00a0<em>caput<\/em>\u00a0deste artigo n\u00e3o ser\u00e1 concedida se houver curso e treinamento em tr\u00e2mite, promovido ou indicado pelo \u00d3rg\u00e3o Central do Sistema Log\u00edstico, na forma do inciso III do art. 10 desta Resolu\u00e7\u00e3o.<\/p><p class=\"Texto_Justificado_Recuo_Primeira_Linha\"><strong>\u00a7 4\u00ba<\/strong>\u00a0<strong>\u2013<\/strong>\u00a0Ap\u00f3s confer\u00eancia e atendimento dos requisitos dispostos no \u00a72\u00ba deste artigo, pelo gerente da REDEPREG, o \u00f3rg\u00e3o ou entidade dever\u00e1 providenciar a publica\u00e7\u00e3o da designa\u00e7\u00e3o de pregoeiro no Di\u00e1rio Oficial do Estado do Rio de Janeiro<\/p><p class=\"Texto_Justificado_Recuo_Primeira_Linha\"><strong>\u00a7 5\u00ba<\/strong>\u00a0<strong>\u2013<\/strong>\u00a0Somente ap\u00f3s o cumprimento do disposto no \u00a74\u00ba e instru\u00eddo o processo SEI-RJ com c\u00f3pia da publica\u00e7\u00e3o da designa\u00e7\u00e3o, ser\u00e1 concedido perfil de pregoeiro provis\u00f3rio, pelo \u00d3rg\u00e3o Central do Sistema Log\u00edstico, por meio de ato da lavra do gerente da REDEPREG.<\/p><p class=\"Texto_Justificado_Recuo_Primeira_Linha\">\u00a0<a target=\"_blank\" name=\"_Hlk65513717\"><\/a><strong>Art. 13\u00a0<\/strong><strong>\u2013<\/strong>\u00a0O agente p\u00fablico que for reprovado uma vez no processo de certifica\u00e7\u00e3o ou de atualiza\u00e7\u00e3o poder\u00e1, a crit\u00e9rio do ordenador de despesas\u00a0do seu \u00f3rg\u00e3o ou entidade, ser designado para exercer as atribui\u00e7\u00f5es de pregoeiro, nos termos dos arts. 11 e 12 desta Resolu\u00e7\u00e3o.<\/p><p class=\"Texto_Justificado_Recuo_Primeira_Linha\">\u00a0<strong>Art. 14<\/strong>\u00a0<strong>\u2013<\/strong>\u00a0O agente p\u00fablico que for reprovado por duas vezes consecutivas no processo de certifica\u00e7\u00e3o ou de atualiza\u00e7\u00e3o ficar\u00e1 impedido do exerc\u00edcio das atribui\u00e7\u00f5es de pregoeiro do Estado, n\u00e3o podendo ser designado na forma dos arts. 11 e 12 desta Resolu\u00e7\u00e3o.<\/p><p class=\"Texto_Justificado_Recuo_Primeira_Linha\"><strong>\u00a7 1\u00ba<\/strong>\u00a0<strong>\u2013<\/strong>\u00a0O impedimento de que trata o caput deste artigo cessar\u00e1 quando da aprova\u00e7\u00e3o do agente p\u00fablico no curso de Certifica\u00e7\u00e3o de Pregoeiros do Estado ou no Curso de Atualiza\u00e7\u00e3o de Pregoeiros.<\/p><p class=\"Texto_Justificado_Recuo_Primeira_Linha\"><strong>\u00a7 2\u00ba\u00a0\u2013<\/strong>\u00a0O\u00a0ordenador de despesas\u00a0do \u00f3rg\u00e3o ou entidade dever\u00e1 tomar as provid\u00eancias necess\u00e1rias visando dispensar da fun\u00e7\u00e3o de pregoeiro o agente p\u00fablico enquadrado no\u00a0caput\u00a0deste artigo, caso tenha sido designado nos termos dos arts. 11 e 12 desta Resolu\u00e7\u00e3o.<\/p><p class=\"Texto_Centralizado\" style=\"text-align: center;\"><strong>CAP\u00cdTULO V<\/strong><\/p><p class=\"Texto_Centralizado\" style=\"text-align: center;\"><strong>DO DESCREDENCIAMENTO E DA EXCLUS\u00c3O DOS INTEGRANTES DA REDEPREG<\/strong><\/p><p class=\"Texto_Justificado_Recuo_Primeira_Linha\"><strong>Art. 15<\/strong>\u00a0\u2013 O descredenciamento de agente da REDEPREG que deixe de ocupar a fun\u00e7\u00e3o de pregoeiro se dar\u00e1 por iniciativa do \u00f3rg\u00e3o ou entidade a que o servidor estiver vinculado, formalizado por of\u00edcio SEI-RJ assinado pelo ordenador de despesas e encaminhado \u00e0 SEPLAG\/SUBLOG.<\/p><p class=\"Texto_Justificado_Recuo_Primeira_Linha\">\u00a0<strong>Art. 16<\/strong>\u00a0\u2013 A atua\u00e7\u00e3o do agente na REDEPREG que for contr\u00e1ria \u00e0s diretrizes estabelecidas no art. 18 desta Resolu\u00e7\u00e3o poder\u00e1 ensejar sua exclus\u00e3o, observados os princ\u00edpios do contradit\u00f3rio e ampla defesa, conforme procedimento estabelecido no Decreto n.\u00ba 7.526, de 06 de setembro de 1984, ou em outro que vier a substitu\u00ed-lo.<\/p><p class=\"Texto_Justificado_Recuo_Primeira_Linha\"><strong>Par\u00e1grafo \u00danico<\/strong>\u00a0\u2013 O \u00d3rg\u00e3o Central do Sistema Log\u00edstico comunicar\u00e1 ao \u00f3rg\u00e3o ou entidade ao qual o agente da REDEPREG estiver vinculado quanto ao uso inadequado da rede, para que este adote as provid\u00eancias que considerar apropriadas.<\/p><p class=\"Texto_Centralizado\" style=\"text-align: center;\"><strong>CAP\u00cdTULO VI<\/strong><\/p><p class=\"Texto_Centralizado\" style=\"text-align: center;\"><strong>DAS COMPET\u00caNCIAS DOS INTEGRANTES DA REDEPREG<\/strong><\/p><p class=\"Texto_Justificado_Recuo_Primeira_Linha\"><strong>Art. 17\u00a0<\/strong>\u2013\u00a0Compete ao Gerente da REDEPREG:<\/p><p class=\"Texto_Justificado_Recuo_Primeira_Linha\"><strong>I<\/strong>\u00a0\u2013 disseminar as normas e orienta\u00e7\u00f5es t\u00e9cnicas emanadas do \u00d3rg\u00e3o Central;<\/p><p class=\"Texto_Justificado_Recuo_Primeira_Linha\"><strong>II<\/strong>\u00a0\u2013 motivar e estimular a participa\u00e7\u00e3o e a coopera\u00e7\u00e3o entre os seus integrantes, para a troca de conhecimentos e experi\u00eancias, visando a difus\u00e3o de boas pr\u00e1ticas;<\/p><p class=\"Texto_Justificado_Recuo_Primeira_Linha\"><strong>III<\/strong>\u00a0\u2013 estabelecer objetivos comuns e metas em rela\u00e7\u00e3o aos assuntos de interesse da rede e seus integrantes;<\/p><p class=\"Texto_Justificado_Recuo_Primeira_Linha\"><strong>IV<\/strong>\u00a0\u2013 zelar pela coer\u00eancia e bom ambiente relacional, cuidando para que os assuntos tratados na rede tenham rela\u00e7\u00e3o com os objetivos comuns dos participantes, solucionando os conflitos que possam surgir;<\/p><p class=\"Texto_Justificado_Recuo_Primeira_Linha\"><strong>V<\/strong>\u00a0\u2013 divulgar not\u00edcias e atualiza\u00e7\u00f5es relacionadas aos objetivos da rede;<\/p><p class=\"Texto_Justificado_Recuo_Primeira_Linha\"><strong>VI\u00a0<\/strong>\u2013 planejar, divulgar e apoiar a realiza\u00e7\u00e3o das capacita\u00e7\u00f5es e demais eventos interativos;<\/p><p class=\"Texto_Justificado_Recuo_Primeira_Linha\"><strong>VII<\/strong>\u00a0\u2013 manter os registros de participantes atualizados; e<\/p><p class=\"Texto_Justificado_Recuo_Primeira_Linha\"><a target=\"_blank\" name=\"_Hlk102660807\"><\/a><strong>VIII\u00a0<\/strong>\u2013 atualizar constantemente o conte\u00fado da \u00e1rea da REDEPREG no Portal da Rede Log\u00edstica \u2013 REDELOG.<\/p><p class=\"Texto_Justificado_Recuo_Primeira_Linha\"><strong>Art. 18\u00a0<\/strong>\u2013\u00a0Compete aos agentes p\u00fablicos da REDEPREG:<\/p><p class=\"Texto_Justificado_Recuo_Primeira_Linha\"><strong>I\u00a0<\/strong>\u2013\u00a0contribuir com a dissemina\u00e7\u00e3o de not\u00edcias, normas e orienta\u00e7\u00f5es t\u00e9cnicas emanadas do \u00d3rg\u00e3o Central do Sistema Log\u00edstico, entre os interessados pertencentes ao seu \u00f3rg\u00e3o ou entidade;<\/p><p class=\"Texto_Justificado_Recuo_Primeira_Linha\"><strong>II<\/strong>\u00a0\u2013 colaborar com o bom ambiente relacional, cuidando para que os assuntos tratados na rede tenham rela\u00e7\u00e3o com os objetivos comuns dos participantes;<\/p><p class=\"Texto_Justificado_Recuo_Primeira_Linha\"><strong>III<\/strong>\u00a0\u2013 participar de forma cooperativa, sempre que poss\u00edvel, compartilhando troca de conhecimentos e experi\u00eancias;<\/p><p class=\"Texto_Justificado_Recuo_Primeira_Linha\"><strong>IV<\/strong>\u00a0\u2013\u00a0divulgar not\u00edcias, mat\u00e9rias, treinamentos, f\u00f3runs de debates, cujos conte\u00fados, possam interessar aos demais integrantes;<\/p><p class=\"Texto_Justificado_Recuo_Primeira_Linha\"><a target=\"_blank\" name=\"_Hlk102661161\"><\/a><strong>V<\/strong>\u00a0\u2013 consultar periodicamente o conte\u00fado da \u00e1rea da REDEPREG no Portal da Rede Log\u00edstica \u2013 REDELOG, mantendo-se atualizado.<\/p><p class=\"Texto_Centralizado\" style=\"text-align: center;\"><strong>CAP\u00cdTULO VII<\/strong><\/p><p class=\"Texto_Centralizado\" style=\"text-align: center;\"><strong>DAS DISPOSI\u00c7\u00d5ES FINAIS E TRANSIT\u00d3RIAS<\/strong><\/p><p class=\"Texto_Justificado_Recuo_Primeira_Linha\"><a target=\"_blank\" name=\"_Hlk65513169\"><\/a><strong>Art. 19 \u2013\u00a0<\/strong>O agente p\u00fablico que exercer as fun\u00e7\u00f5es de pregoeiro, bem como a autoridade que realizar a designa\u00e7\u00e3o em desacordo com as disposi\u00e7\u00f5es constantes desta Resolu\u00e7\u00e3o ficam sujeitos \u00e0s\u00a0<a target=\"_blank\" name=\"_Hlk65512988\"><\/a>san\u00e7\u00f5es previstas no Decreto-Lei n.\u00ba 220, de 18 de julho de 1975, e no Decreto n.\u00ba 2.479, de 08 de mar\u00e7o de 1979, que tratam do regime jur\u00eddico dos funcion\u00e1rios p\u00fablicos civis do Poder Executivo do Estado do Rio de Janeiro.<\/p><p class=\"Texto_Justificado_Recuo_Primeira_Linha\"><strong>Art. 20\u00a0\u2013<\/strong>\u00a0Compete ao \u00d3rg\u00e3o Central do Sistema Log\u00edstico a ado\u00e7\u00e3o das medidas que se fizerem necess\u00e1rias \u00e0 regulamenta\u00e7\u00e3o, \u00e0 operacionaliza\u00e7\u00e3o, aos esclarecimentos e \u00e0 coordena\u00e7\u00e3o das atividades a que se refere esta Resolu\u00e7\u00e3o.<\/p><p class=\"Texto_Justificado_Recuo_Primeira_Linha\">\u00a0<strong>Art. 21\u00a0\u2013<\/strong>\u00a0Esta Resolu\u00e7\u00e3o entra em vigor na data de sua publica\u00e7\u00e3o, revogando-se as disposi\u00e7\u00f5es em contr\u00e1rio, em especial, a Resolu\u00e7\u00e3o SEPLAG n\u00ba 1.174, de 08 de agosto de 2014.<\/p><p class=\"Texto_Alinhado_Esquerda\" style=\"text-align: center;\">Rio de Janeiro, 16\u00a0 de agosto de 2022<\/p><p class=\"Texto_Centralizado\" style=\"text-align: center;\"><strong>NELSON ROCHA<\/strong><br \/>Secret\u00e1rio de Estado de Planejamento e Gest\u00e3o<\/p><p style=\"text-align: right;\">Id: 2416890<\/p>\t\t\t\t\t\t\t\t<\/div>\n\t\t\t\t\t<\/div>\n\t\t<\/div>\n\t\t\t\t\t<\/div>\n\t\t<\/section>\n\t\t\t\t<section class=\"elementor-section elementor-top-section elementor-element elementor-element-ebf181d elementor-section-boxed elementor-section-height-default elementor-section-height-default\" data-id=\"ebf181d\" data-element_type=\"section\" data-settings=\"{&quot;jet_parallax_layout_list&quot;:[{&quot;jet_parallax_layout_image&quot;:{&quot;url&quot;:&quot;&quot;,&quot;id&quot;:&quot;&quot;,&quot;size&quot;:&quot;&quot;},&quot;_id&quot;:&quot;04dd098&quot;,&quot;jet_parallax_layout_image_tablet&quot;:{&quot;url&quot;:&quot;&quot;,&quot;id&quot;:&quot;&quot;,&quot;size&quot;:&quot;&quot;},&quot;jet_parallax_layout_image_mobile&quot;:{&quot;url&quot;:&quot;&quot;,&quot;id&quot;:&quot;&quot;,&quot;size&quot;:&quot;&quot;},&quot;jet_parallax_layout_speed&quot;:{&quot;unit&quot;:&quot;%&quot;,&quot;size&quot;:50,&quot;sizes&quot;:[]},&quot;jet_parallax_layout_type&quot;:&quot;scroll&quot;,&quot;jet_parallax_layout_direction&quot;:&quot;1&quot;,&quot;jet_parallax_layout_fx_direction&quot;:null,&quot;jet_parallax_layout_z_index&quot;:&quot;&quot;,&quot;jet_parallax_layout_bg_x&quot;:50,&quot;jet_parallax_layout_bg_x_tablet&quot;:&quot;&quot;,&quot;jet_parallax_layout_bg_x_mobile&quot;:&quot;&quot;,&quot;jet_parallax_layout_bg_y&quot;:50,&quot;jet_parallax_layout_bg_y_tablet&quot;:&quot;&quot;,&quot;jet_parallax_layout_bg_y_mobile&quot;:&quot;&quot;,&quot;jet_parallax_layout_bg_size&quot;:&quot;auto&quot;,&quot;jet_parallax_layout_bg_size_tablet&quot;:&quot;&quot;,&quot;jet_parallax_layout_bg_size_mobile&quot;:&quot;&quot;,&quot;jet_parallax_layout_animation_prop&quot;:&quot;transform&quot;,&quot;jet_parallax_layout_on&quot;:[&quot;desktop&quot;,&quot;tablet&quot;]}]}\">\n\t\t\t\t\t\t<div class=\"elementor-container elementor-column-gap-default\">\n\t\t\t\t\t<div class=\"elementor-column elementor-col-100 elementor-top-column elementor-element elementor-element-226f32a\" data-id=\"226f32a\" data-element_type=\"column\">\n\t\t\t<div class=\"elementor-widget-wrap elementor-element-populated\">\n\t\t\t\t\t\t<div class=\"elementor-element elementor-element-19222da elementor-widget elementor-widget-text-editor\" data-id=\"19222da\" data-element_type=\"widget\" data-widget_type=\"text-editor.default\">\n\t\t\t\t\t\t\t\t\t<p><em>Publicada no DOE em <a href=\"https:\/\/www.redelog.rj.gov.br\/redelog\/wp-content\/uploads\/2022\/08\/Resolucao-SEPLAG-no-148-Institui-a-REDEPREG.pdf\"><strong>18\/08\/2022<\/strong><\/a>.<\/em><\/p>\t\t\t\t\t\t\t\t<\/div>\n\t\t\t\t\t<\/div>\n\t\t<\/div>\n\t\t\t\t\t<\/div>\n\t\t<\/section>\n\t\t\t\t<section class=\"elementor-section elementor-top-section elementor-element elementor-element-46351a7 elementor-section-boxed elementor-section-height-default elementor-section-height-default\" data-id=\"46351a7\" data-element_type=\"section\" data-settings=\"{&quot;jet_parallax_layout_list&quot;:[{&quot;jet_parallax_layout_image&quot;:{&quot;url&quot;:&quot;&quot;,&quot;id&quot;:&quot;&quot;,&quot;size&quot;:&quot;&quot;},&quot;_id&quot;:&quot;ab030fc&quot;,&quot;jet_parallax_layout_image_tablet&quot;:{&quot;url&quot;:&quot;&quot;,&quot;id&quot;:&quot;&quot;,&quot;size&quot;:&quot;&quot;},&quot;jet_parallax_layout_image_mobile&quot;:{&quot;url&quot;:&quot;&quot;,&quot;id&quot;:&quot;&quot;,&quot;size&quot;:&quot;&quot;},&quot;jet_parallax_layout_speed&quot;:{&quot;unit&quot;:&quot;%&quot;,&quot;size&quot;:50,&quot;sizes&quot;:[]},&quot;jet_parallax_layout_type&quot;:&quot;scroll&quot;,&quot;jet_parallax_layout_direction&quot;:&quot;1&quot;,&quot;jet_parallax_layout_fx_direction&quot;:null,&quot;jet_parallax_layout_z_index&quot;:&quot;&quot;,&quot;jet_parallax_layout_bg_x&quot;:50,&quot;jet_parallax_layout_bg_x_tablet&quot;:&quot;&quot;,&quot;jet_parallax_layout_bg_x_mobile&quot;:&quot;&quot;,&quot;jet_parallax_layout_bg_y&quot;:50,&quot;jet_parallax_layout_bg_y_tablet&quot;:&quot;&quot;,&quot;jet_parallax_layout_bg_y_mobile&quot;:&quot;&quot;,&quot;jet_parallax_layout_bg_size&quot;:&quot;auto&quot;,&quot;jet_parallax_layout_bg_size_tablet&quot;:&quot;&quot;,&quot;jet_parallax_layout_bg_size_mobile&quot;:&quot;&quot;,&quot;jet_parallax_layout_animation_prop&quot;:&quot;transform&quot;,&quot;jet_parallax_layout_on&quot;:[&quot;desktop&quot;,&quot;tablet&quot;]}]}\">\n\t\t\t\t\t\t<div class=\"elementor-container elementor-column-gap-default\">\n\t\t\t\t\t<div class=\"elementor-column elementor-col-100 elementor-top-column elementor-element elementor-element-48969c2\" data-id=\"48969c2\" data-element_type=\"column\">\n\t\t\t<div class=\"elementor-widget-wrap elementor-element-populated\">\n\t\t\t\t\t\t<div class=\"elementor-element elementor-element-28d2426 elementor-widget-divider--view-line elementor-widget elementor-widget-divider\" data-id=\"28d2426\" data-element_type=\"widget\" data-widget_type=\"divider.default\">\n\t\t\t\t\t\t\t<div class=\"elementor-divider\">\n\t\t\t<span class=\"elementor-divider-separator\">\n\t\t\t\t\t\t<\/span>\n\t\t<\/div>\n\t\t\t\t\t\t<\/div>\n\t\t\t\t\t<\/div>\n\t\t<\/div>\n\t\t\t\t\t<\/div>\n\t\t<\/section>\n\t\t\t\t<section class=\"elementor-section elementor-top-section elementor-element elementor-element-b455592 elementor-section-boxed elementor-section-height-default elementor-section-height-default\" data-id=\"b455592\" data-element_type=\"section\" id=\"options\" data-settings=\"{&quot;jet_parallax_layout_list&quot;:[{&quot;jet_parallax_layout_image&quot;:{&quot;url&quot;:&quot;&quot;,&quot;id&quot;:&quot;&quot;,&quot;size&quot;:&quot;&quot;},&quot;_id&quot;:&quot;19d7213&quot;,&quot;jet_parallax_layout_image_tablet&quot;:{&quot;url&quot;:&quot;&quot;,&quot;id&quot;:&quot;&quot;,&quot;size&quot;:&quot;&quot;},&quot;jet_parallax_layout_image_mobile&quot;:{&quot;url&quot;:&quot;&quot;,&quot;id&quot;:&quot;&quot;,&quot;size&quot;:&quot;&quot;},&quot;jet_parallax_layout_speed&quot;:{&quot;unit&quot;:&quot;%&quot;,&quot;size&quot;:50,&quot;sizes&quot;:[]},&quot;jet_parallax_layout_type&quot;:&quot;scroll&quot;,&quot;jet_parallax_layout_direction&quot;:&quot;1&quot;,&quot;jet_parallax_layout_fx_direction&quot;:null,&quot;jet_parallax_layout_z_index&quot;:&quot;&quot;,&quot;jet_parallax_layout_bg_x&quot;:50,&quot;jet_parallax_layout_bg_x_tablet&quot;:&quot;&quot;,&quot;jet_parallax_layout_bg_x_mobile&quot;:&quot;&quot;,&quot;jet_parallax_layout_bg_y&quot;:50,&quot;jet_parallax_layout_bg_y_tablet&quot;:&quot;&quot;,&quot;jet_parallax_layout_bg_y_mobile&quot;:&quot;&quot;,&quot;jet_parallax_layout_bg_size&quot;:&quot;auto&quot;,&quot;jet_parallax_layout_bg_size_tablet&quot;:&quot;&quot;,&quot;jet_parallax_layout_bg_size_mobile&quot;:&quot;&quot;,&quot;jet_parallax_layout_animation_prop&quot;:&quot;transform&quot;,&quot;jet_parallax_layout_on&quot;:[&quot;desktop&quot;,&quot;tablet&quot;]}]}\">\n\t\t\t\t\t\t<div class=\"elementor-container elementor-column-gap-default\">\n\t\t\t\t\t<div class=\"elementor-column elementor-col-100 elementor-top-column elementor-element elementor-element-aea6bd6\" data-id=\"aea6bd6\" data-element_type=\"column\">\n\t\t\t<div class=\"elementor-widget-wrap elementor-element-populated\">\n\t\t\t\t\t\t<div class=\"elementor-element elementor-element-c61f07b elementor-widget elementor-widget-shortcode\" data-id=\"c61f07b\" data-element_type=\"widget\" data-widget_type=\"shortcode.default\">\n\t\t\t\t\t\t\t<div class=\"elementor-shortcode\"><div class='printomatic pom-default ' id='id7750' alt='Imprimir' title='Imprimir' data-print_target='#post-18971'><\/div> <div class='printomatictext' id='id7750' alt='Imprimir' title='Imprimir' data-print_target='#post-18971'>Imprimir<\/div><div style='clear: both;'><\/div><\/div>\n\t\t\t\t\t\t<\/div>\n\t\t\t\t<section class=\"elementor-section elementor-inner-section elementor-element elementor-element-dcc12e8 elementor-section-boxed elementor-section-height-default elementor-section-height-default\" data-id=\"dcc12e8\" data-element_type=\"section\" data-settings=\"{&quot;jet_parallax_layout_list&quot;:[{&quot;jet_parallax_layout_image&quot;:{&quot;url&quot;:&quot;&quot;,&quot;id&quot;:&quot;&quot;,&quot;size&quot;:&quot;&quot;},&quot;_id&quot;:&quot;ccec7d1&quot;,&quot;jet_parallax_layout_image_tablet&quot;:{&quot;url&quot;:&quot;&quot;,&quot;id&quot;:&quot;&quot;,&quot;size&quot;:&quot;&quot;},&quot;jet_parallax_layout_image_mobile&quot;:{&quot;url&quot;:&quot;&quot;,&quot;id&quot;:&quot;&quot;,&quot;size&quot;:&quot;&quot;},&quot;jet_parallax_layout_speed&quot;:{&quot;unit&quot;:&quot;%&quot;,&quot;size&quot;:50,&quot;sizes&quot;:[]},&quot;jet_parallax_layout_type&quot;:&quot;scroll&quot;,&quot;jet_parallax_layout_direction&quot;:&quot;1&quot;,&quot;jet_parallax_layout_fx_direction&quot;:null,&quot;jet_parallax_layout_z_index&quot;:&quot;&quot;,&quot;jet_parallax_layout_bg_x&quot;:50,&quot;jet_parallax_layout_bg_x_tablet&quot;:&quot;&quot;,&quot;jet_parallax_layout_bg_x_mobile&quot;:&quot;&quot;,&quot;jet_parallax_layout_bg_y&quot;:50,&quot;jet_parallax_layout_bg_y_tablet&quot;:&quot;&quot;,&quot;jet_parallax_layout_bg_y_mobile&quot;:&quot;&quot;,&quot;jet_parallax_layout_bg_size&quot;:&quot;auto&quot;,&quot;jet_parallax_layout_bg_size_tablet&quot;:&quot;&quot;,&quot;jet_parallax_layout_bg_size_mobile&quot;:&quot;&quot;,&quot;jet_parallax_layout_animation_prop&quot;:&quot;transform&quot;,&quot;jet_parallax_layout_on&quot;:[&quot;desktop&quot;,&quot;tablet&quot;]}]}\">\n\t\t\t\t\t\t<div class=\"elementor-container elementor-column-gap-default\">\n\t\t\t\t\t<div class=\"elementor-column elementor-col-50 elementor-inner-column elementor-element elementor-element-d4adb2f\" data-id=\"d4adb2f\" data-element_type=\"column\">\n\t\t\t<div class=\"elementor-widget-wrap elementor-element-populated\">\n\t\t\t\t\t\t<div class=\"elementor-element elementor-element-f88527e elementor-widget elementor-widget-text-editor\" data-id=\"f88527e\" data-element_type=\"widget\" data-widget_type=\"text-editor.default\">\n\t\t\t\t\t\t\t\t\t<p><strong><a href=\"http:\/\/redelog.rj.gov.br\/redelog\/legislacao-licitacoes\/\">\u2190 Voltar &#8211; Licita\u00e7\u00f5es<\/a><\/strong><\/p>\t\t\t\t\t\t\t\t<\/div>\n\t\t\t\t\t<\/div>\n\t\t<\/div>\n\t\t\t\t<div class=\"elementor-column elementor-col-50 elementor-inner-column elementor-element elementor-element-a0c62b1\" data-id=\"a0c62b1\" data-element_type=\"column\">\n\t\t\t<div class=\"elementor-widget-wrap elementor-element-populated\">\n\t\t\t\t\t\t\t<\/div>\n\t\t<\/div>\n\t\t\t\t\t<\/div>\n\t\t<\/section>\n\t\t\t\t\t<\/div>\n\t\t<\/div>\n\t\t\t\t\t<\/div>\n\t\t<\/section>\n\t\t\t\t<section class=\"elementor-section elementor-top-section elementor-element elementor-element-fd03f9e elementor-section-boxed elementor-section-height-default elementor-section-height-default\" data-id=\"fd03f9e\" data-element_type=\"section\" data-settings=\"{&quot;jet_parallax_layout_list&quot;:[{&quot;jet_parallax_layout_image&quot;:{&quot;url&quot;:&quot;&quot;,&quot;id&quot;:&quot;&quot;,&quot;size&quot;:&quot;&quot;},&quot;_id&quot;:&quot;22a0abb&quot;,&quot;jet_parallax_layout_image_tablet&quot;:{&quot;url&quot;:&quot;&quot;,&quot;id&quot;:&quot;&quot;,&quot;size&quot;:&quot;&quot;},&quot;jet_parallax_layout_image_mobile&quot;:{&quot;url&quot;:&quot;&quot;,&quot;id&quot;:&quot;&quot;,&quot;size&quot;:&quot;&quot;},&quot;jet_parallax_layout_speed&quot;:{&quot;unit&quot;:&quot;%&quot;,&quot;size&quot;:50,&quot;sizes&quot;:[]},&quot;jet_parallax_layout_type&quot;:&quot;scroll&quot;,&quot;jet_parallax_layout_direction&quot;:&quot;1&quot;,&quot;jet_parallax_layout_fx_direction&quot;:null,&quot;jet_parallax_layout_z_index&quot;:&quot;&quot;,&quot;jet_parallax_layout_bg_x&quot;:50,&quot;jet_parallax_layout_bg_x_tablet&quot;:&quot;&quot;,&quot;jet_parallax_layout_bg_x_mobile&quot;:&quot;&quot;,&quot;jet_parallax_layout_bg_y&quot;:50,&quot;jet_parallax_layout_bg_y_tablet&quot;:&quot;&quot;,&quot;jet_parallax_layout_bg_y_mobile&quot;:&quot;&quot;,&quot;jet_parallax_layout_bg_size&quot;:&quot;auto&quot;,&quot;jet_parallax_layout_bg_size_tablet&quot;:&quot;&quot;,&quot;jet_parallax_layout_bg_size_mobile&quot;:&quot;&quot;,&quot;jet_parallax_layout_animation_prop&quot;:&quot;transform&quot;,&quot;jet_parallax_layout_on&quot;:[&quot;desktop&quot;,&quot;tablet&quot;]}]}\">\n\t\t\t\t\t\t<div class=\"elementor-container elementor-column-gap-default\">\n\t\t\t\t\t<div class=\"elementor-column elementor-col-100 elementor-top-column elementor-element elementor-element-686a8eb\" data-id=\"686a8eb\" data-element_type=\"column\">\n\t\t\t<div class=\"elementor-widget-wrap elementor-element-populated\">\n\t\t\t\t\t\t<div class=\"elementor-element elementor-element-ecf83af elementor-widget elementor-widget-html\" data-id=\"ecf83af\" data-element_type=\"widget\" data-widget_type=\"html.default\">\n\t\t\t\t\t<style>\n    h2, .h2-style{\n        font-size: 28px;\n    }\n<\/style>\t\t\t\t<\/div>\n\t\t\t\t\t<\/div>\n\t\t<\/div>\n\t\t\t\t\t<\/div>\n\t\t<\/section>\n\t\t\t\t<\/div>\n\t\t","protected":false},"excerpt":{"rendered":"<p>INSTITUI A REDE DE PREGOEIROS \u2013 REDEPREG, INTEGRANTE DAS REDES FUNCIONAIS DA REDELOG, E D\u00c1 OUTRAS PROVID\u00caNCIAS. O\u00a0SECRET\u00c1RIO DE ESTADO DE PLANEJAMENTO E GEST\u00c3O, no uso de suas atribui\u00e7\u00f5es legais, observando o disposto no art. 3\u00ba do Decreto n\u00ba 46.050, de 26 de julho de 2017, e tendo em vista o que consta do Processo [&hellip;]<\/p>\n","protected":false},"author":19,"featured_media":0,"comment_status":"closed","ping_status":"open","sticky":false,"template":"","format":"standard","meta":{"_joinchat":[],"footnotes":""},"categories":[23],"tags":[],"class_list":["post-18971","post","type-post","status-publish","format-standard","hentry","category-cat-legislacao"],"yoast_head":"<!-- This site is optimized with the Yoast SEO plugin v25.7 - https:\/\/yoast.com\/wordpress\/plugins\/seo\/ -->\n<title>RESOLU\u00c7\u00c3O SEPLAG N\u00ba 148, DE 16 DE AGOSTO DE 2022 - Redelog<\/title>\n<meta name=\"robots\" content=\"index, follow, max-snippet:-1, max-image-preview:large, max-video-preview:-1\" \/>\n<link rel=\"canonical\" href=\"https:\/\/redelog.rj.gov.br\/redelog\/resolucao-seplag-no-148-de-16-de-agosto-de-2022-2\/\" \/>\n<meta property=\"og:locale\" content=\"pt_BR\" \/>\n<meta property=\"og:type\" content=\"article\" \/>\n<meta property=\"og:title\" content=\"RESOLU\u00c7\u00c3O SEPLAG N\u00ba 148, DE 16 DE AGOSTO DE 2022 - Redelog\" \/>\n<meta property=\"og:description\" content=\"INSTITUI A REDE DE PREGOEIROS \u2013 REDEPREG, INTEGRANTE DAS REDES FUNCIONAIS DA REDELOG, E D\u00c1 OUTRAS PROVID\u00caNCIAS. O\u00a0SECRET\u00c1RIO DE ESTADO DE PLANEJAMENTO E GEST\u00c3O, no uso de suas atribui\u00e7\u00f5es legais, observando o disposto no art. 3\u00ba do Decreto n\u00ba 46.050, de 26 de julho de 2017, e tendo em vista o que consta do Processo [&hellip;]\" \/>\n<meta property=\"og:url\" content=\"https:\/\/redelog.rj.gov.br\/redelog\/resolucao-seplag-no-148-de-16-de-agosto-de-2022-2\/\" \/>\n<meta property=\"og:site_name\" content=\"Redelog\" \/>\n<meta property=\"article:published_time\" content=\"2022-08-18T13:56:26+00:00\" \/>\n<meta property=\"article:modified_time\" content=\"2022-08-18T17:06:13+00:00\" \/>\n<meta name=\"author\" content=\"Juliane Paz Vieira Lima\" \/>\n<meta name=\"twitter:card\" content=\"summary_large_image\" \/>\n<meta name=\"twitter:label1\" content=\"Escrito por\" \/>\n\t<meta name=\"twitter:data1\" content=\"Juliane Paz Vieira Lima\" \/>\n\t<meta name=\"twitter:label2\" content=\"Est. tempo de leitura\" \/>\n\t<meta name=\"twitter:data2\" content=\"5 minutos\" \/>\n<script type=\"application\/ld+json\" class=\"yoast-schema-graph\">{\"@context\":\"https:\/\/schema.org\",\"@graph\":[{\"@type\":\"Article\",\"@id\":\"https:\/\/redelog.rj.gov.br\/redelog\/resolucao-seplag-no-148-de-16-de-agosto-de-2022-2\/#article\",\"isPartOf\":{\"@id\":\"https:\/\/redelog.rj.gov.br\/redelog\/resolucao-seplag-no-148-de-16-de-agosto-de-2022-2\/\"},\"author\":{\"name\":\"Juliane Paz Vieira Lima\",\"@id\":\"https:\/\/redelog.rj.gov.br\/redelog\/#\/schema\/person\/a80fe416b9778ee67954a79526756867\"},\"headline\":\"RESOLU\u00c7\u00c3O SEPLAG N\u00ba 148, DE 16 DE AGOSTO DE 2022\",\"datePublished\":\"2022-08-18T13:56:26+00:00\",\"dateModified\":\"2022-08-18T17:06:13+00:00\",\"mainEntityOfPage\":{\"@id\":\"https:\/\/redelog.rj.gov.br\/redelog\/resolucao-seplag-no-148-de-16-de-agosto-de-2022-2\/\"},\"wordCount\":2721,\"publisher\":{\"@id\":\"https:\/\/redelog.rj.gov.br\/redelog\/#organization\"},\"articleSection\":[\"Legisla\u00e7\u00e3o\"],\"inLanguage\":\"pt-BR\"},{\"@type\":\"WebPage\",\"@id\":\"https:\/\/redelog.rj.gov.br\/redelog\/resolucao-seplag-no-148-de-16-de-agosto-de-2022-2\/\",\"url\":\"https:\/\/redelog.rj.gov.br\/redelog\/resolucao-seplag-no-148-de-16-de-agosto-de-2022-2\/\",\"name\":\"RESOLU\u00c7\u00c3O SEPLAG N\u00ba 148, DE 16 DE AGOSTO DE 2022 - Redelog\",\"isPartOf\":{\"@id\":\"https:\/\/redelog.rj.gov.br\/redelog\/#website\"},\"datePublished\":\"2022-08-18T13:56:26+00:00\",\"dateModified\":\"2022-08-18T17:06:13+00:00\",\"breadcrumb\":{\"@id\":\"https:\/\/redelog.rj.gov.br\/redelog\/resolucao-seplag-no-148-de-16-de-agosto-de-2022-2\/#breadcrumb\"},\"inLanguage\":\"pt-BR\",\"potentialAction\":[{\"@type\":\"ReadAction\",\"target\":[\"https:\/\/redelog.rj.gov.br\/redelog\/resolucao-seplag-no-148-de-16-de-agosto-de-2022-2\/\"]}]},{\"@type\":\"BreadcrumbList\",\"@id\":\"https:\/\/redelog.rj.gov.br\/redelog\/resolucao-seplag-no-148-de-16-de-agosto-de-2022-2\/#breadcrumb\",\"itemListElement\":[{\"@type\":\"ListItem\",\"position\":1,\"name\":\"Home\",\"item\":\"https:\/\/redelog.rj.gov.br\/redelog\/\"},{\"@type\":\"ListItem\",\"position\":2,\"name\":\"RESOLU\u00c7\u00c3O SEPLAG N\u00ba 148, DE 16 DE AGOSTO DE 2022\"}]},{\"@type\":\"WebSite\",\"@id\":\"https:\/\/redelog.rj.gov.br\/redelog\/#website\",\"url\":\"https:\/\/redelog.rj.gov.br\/redelog\/\",\"name\":\"Redelog\",\"description\":\"Site da Rede de Log\u00edstica e Planejamento do Estado do Rio de Janeiro\",\"publisher\":{\"@id\":\"https:\/\/redelog.rj.gov.br\/redelog\/#organization\"},\"potentialAction\":[{\"@type\":\"SearchAction\",\"target\":{\"@type\":\"EntryPoint\",\"urlTemplate\":\"https:\/\/redelog.rj.gov.br\/redelog\/?s={search_term_string}\"},\"query-input\":{\"@type\":\"PropertyValueSpecification\",\"valueRequired\":true,\"valueName\":\"search_term_string\"}}],\"inLanguage\":\"pt-BR\"},{\"@type\":\"Organization\",\"@id\":\"https:\/\/redelog.rj.gov.br\/redelog\/#organization\",\"name\":\"REDELOG\",\"url\":\"https:\/\/redelog.rj.gov.br\/redelog\/\",\"logo\":{\"@type\":\"ImageObject\",\"inLanguage\":\"pt-BR\",\"@id\":\"https:\/\/redelog.rj.gov.br\/redelog\/#\/schema\/logo\/image\/\",\"url\":\"http:\/\/10.10.8.100:8888\/redelog\/wp-content\/uploads\/2019\/09\/Redelog2.png\",\"contentUrl\":\"http:\/\/10.10.8.100:8888\/redelog\/wp-content\/uploads\/2019\/09\/Redelog2.png\",\"width\":565,\"height\":155,\"caption\":\"REDELOG\"},\"image\":{\"@id\":\"https:\/\/redelog.rj.gov.br\/redelog\/#\/schema\/logo\/image\/\"}},{\"@type\":\"Person\",\"@id\":\"https:\/\/redelog.rj.gov.br\/redelog\/#\/schema\/person\/a80fe416b9778ee67954a79526756867\",\"name\":\"Juliane Paz Vieira Lima\",\"image\":{\"@type\":\"ImageObject\",\"inLanguage\":\"pt-BR\",\"@id\":\"https:\/\/redelog.rj.gov.br\/redelog\/#\/schema\/person\/image\/\",\"url\":\"https:\/\/secure.gravatar.com\/avatar\/6d81cf8bb20fabd08d236dec1cc7b99d2da26d368e6642dc331f1413653da0a6?s=96&d=mm&r=g\",\"contentUrl\":\"https:\/\/secure.gravatar.com\/avatar\/6d81cf8bb20fabd08d236dec1cc7b99d2da26d368e6642dc331f1413653da0a6?s=96&d=mm&r=g\",\"caption\":\"Juliane Paz Vieira Lima\"},\"url\":\"https:\/\/redelog.rj.gov.br\/redelog\/author\/julianepaz\/\"}]}<\/script>\n<!-- \/ Yoast SEO plugin. -->","yoast_head_json":{"title":"RESOLU\u00c7\u00c3O SEPLAG N\u00ba 148, DE 16 DE AGOSTO DE 2022 - Redelog","robots":{"index":"index","follow":"follow","max-snippet":"max-snippet:-1","max-image-preview":"max-image-preview:large","max-video-preview":"max-video-preview:-1"},"canonical":"https:\/\/redelog.rj.gov.br\/redelog\/resolucao-seplag-no-148-de-16-de-agosto-de-2022-2\/","og_locale":"pt_BR","og_type":"article","og_title":"RESOLU\u00c7\u00c3O SEPLAG N\u00ba 148, DE 16 DE AGOSTO DE 2022 - Redelog","og_description":"INSTITUI A REDE DE PREGOEIROS \u2013 REDEPREG, INTEGRANTE DAS REDES FUNCIONAIS DA REDELOG, E D\u00c1 OUTRAS PROVID\u00caNCIAS. O\u00a0SECRET\u00c1RIO DE ESTADO DE PLANEJAMENTO E GEST\u00c3O, no uso de suas atribui\u00e7\u00f5es legais, observando o disposto no art. 3\u00ba do Decreto n\u00ba 46.050, de 26 de julho de 2017, e tendo em vista o que consta do Processo [&hellip;]","og_url":"https:\/\/redelog.rj.gov.br\/redelog\/resolucao-seplag-no-148-de-16-de-agosto-de-2022-2\/","og_site_name":"Redelog","article_published_time":"2022-08-18T13:56:26+00:00","article_modified_time":"2022-08-18T17:06:13+00:00","author":"Juliane Paz Vieira Lima","twitter_card":"summary_large_image","twitter_misc":{"Escrito por":"Juliane Paz Vieira Lima","Est. tempo de leitura":"5 minutos"},"schema":{"@context":"https:\/\/schema.org","@graph":[{"@type":"Article","@id":"https:\/\/redelog.rj.gov.br\/redelog\/resolucao-seplag-no-148-de-16-de-agosto-de-2022-2\/#article","isPartOf":{"@id":"https:\/\/redelog.rj.gov.br\/redelog\/resolucao-seplag-no-148-de-16-de-agosto-de-2022-2\/"},"author":{"name":"Juliane Paz Vieira Lima","@id":"https:\/\/redelog.rj.gov.br\/redelog\/#\/schema\/person\/a80fe416b9778ee67954a79526756867"},"headline":"RESOLU\u00c7\u00c3O SEPLAG N\u00ba 148, DE 16 DE AGOSTO DE 2022","datePublished":"2022-08-18T13:56:26+00:00","dateModified":"2022-08-18T17:06:13+00:00","mainEntityOfPage":{"@id":"https:\/\/redelog.rj.gov.br\/redelog\/resolucao-seplag-no-148-de-16-de-agosto-de-2022-2\/"},"wordCount":2721,"publisher":{"@id":"https:\/\/redelog.rj.gov.br\/redelog\/#organization"},"articleSection":["Legisla\u00e7\u00e3o"],"inLanguage":"pt-BR"},{"@type":"WebPage","@id":"https:\/\/redelog.rj.gov.br\/redelog\/resolucao-seplag-no-148-de-16-de-agosto-de-2022-2\/","url":"https:\/\/redelog.rj.gov.br\/redelog\/resolucao-seplag-no-148-de-16-de-agosto-de-2022-2\/","name":"RESOLU\u00c7\u00c3O SEPLAG N\u00ba 148, DE 16 DE AGOSTO DE 2022 - Redelog","isPartOf":{"@id":"https:\/\/redelog.rj.gov.br\/redelog\/#website"},"datePublished":"2022-08-18T13:56:26+00:00","dateModified":"2022-08-18T17:06:13+00:00","breadcrumb":{"@id":"https:\/\/redelog.rj.gov.br\/redelog\/resolucao-seplag-no-148-de-16-de-agosto-de-2022-2\/#breadcrumb"},"inLanguage":"pt-BR","potentialAction":[{"@type":"ReadAction","target":["https:\/\/redelog.rj.gov.br\/redelog\/resolucao-seplag-no-148-de-16-de-agosto-de-2022-2\/"]}]},{"@type":"BreadcrumbList","@id":"https:\/\/redelog.rj.gov.br\/redelog\/resolucao-seplag-no-148-de-16-de-agosto-de-2022-2\/#breadcrumb","itemListElement":[{"@type":"ListItem","position":1,"name":"Home","item":"https:\/\/redelog.rj.gov.br\/redelog\/"},{"@type":"ListItem","position":2,"name":"RESOLU\u00c7\u00c3O SEPLAG N\u00ba 148, DE 16 DE AGOSTO DE 2022"}]},{"@type":"WebSite","@id":"https:\/\/redelog.rj.gov.br\/redelog\/#website","url":"https:\/\/redelog.rj.gov.br\/redelog\/","name":"Redelog","description":"Site da Rede de Log\u00edstica e Planejamento do Estado do Rio de Janeiro","publisher":{"@id":"https:\/\/redelog.rj.gov.br\/redelog\/#organization"},"potentialAction":[{"@type":"SearchAction","target":{"@type":"EntryPoint","urlTemplate":"https:\/\/redelog.rj.gov.br\/redelog\/?s={search_term_string}"},"query-input":{"@type":"PropertyValueSpecification","valueRequired":true,"valueName":"search_term_string"}}],"inLanguage":"pt-BR"},{"@type":"Organization","@id":"https:\/\/redelog.rj.gov.br\/redelog\/#organization","name":"REDELOG","url":"https:\/\/redelog.rj.gov.br\/redelog\/","logo":{"@type":"ImageObject","inLanguage":"pt-BR","@id":"https:\/\/redelog.rj.gov.br\/redelog\/#\/schema\/logo\/image\/","url":"http:\/\/10.10.8.100:8888\/redelog\/wp-content\/uploads\/2019\/09\/Redelog2.png","contentUrl":"http:\/\/10.10.8.100:8888\/redelog\/wp-content\/uploads\/2019\/09\/Redelog2.png","width":565,"height":155,"caption":"REDELOG"},"image":{"@id":"https:\/\/redelog.rj.gov.br\/redelog\/#\/schema\/logo\/image\/"}},{"@type":"Person","@id":"https:\/\/redelog.rj.gov.br\/redelog\/#\/schema\/person\/a80fe416b9778ee67954a79526756867","name":"Juliane Paz Vieira Lima","image":{"@type":"ImageObject","inLanguage":"pt-BR","@id":"https:\/\/redelog.rj.gov.br\/redelog\/#\/schema\/person\/image\/","url":"https:\/\/secure.gravatar.com\/avatar\/6d81cf8bb20fabd08d236dec1cc7b99d2da26d368e6642dc331f1413653da0a6?s=96&d=mm&r=g","contentUrl":"https:\/\/secure.gravatar.com\/avatar\/6d81cf8bb20fabd08d236dec1cc7b99d2da26d368e6642dc331f1413653da0a6?s=96&d=mm&r=g","caption":"Juliane Paz Vieira Lima"},"url":"https:\/\/redelog.rj.gov.br\/redelog\/author\/julianepaz\/"}]}},"_links":{"self":[{"href":"https:\/\/redelog.rj.gov.br\/redelog\/wp-json\/wp\/v2\/posts\/18971","targetHints":{"allow":["GET"]}}],"collection":[{"href":"https:\/\/redelog.rj.gov.br\/redelog\/wp-json\/wp\/v2\/posts"}],"about":[{"href":"https:\/\/redelog.rj.gov.br\/redelog\/wp-json\/wp\/v2\/types\/post"}],"author":[{"embeddable":true,"href":"https:\/\/redelog.rj.gov.br\/redelog\/wp-json\/wp\/v2\/users\/19"}],"replies":[{"embeddable":true,"href":"https:\/\/redelog.rj.gov.br\/redelog\/wp-json\/wp\/v2\/comments?post=18971"}],"version-history":[{"count":22,"href":"https:\/\/redelog.rj.gov.br\/redelog\/wp-json\/wp\/v2\/posts\/18971\/revisions"}],"predecessor-version":[{"id":19092,"href":"https:\/\/redelog.rj.gov.br\/redelog\/wp-json\/wp\/v2\/posts\/18971\/revisions\/19092"}],"wp:attachment":[{"href":"https:\/\/redelog.rj.gov.br\/redelog\/wp-json\/wp\/v2\/media?parent=18971"}],"wp:term":[{"taxonomy":"category","embeddable":true,"href":"https:\/\/redelog.rj.gov.br\/redelog\/wp-json\/wp\/v2\/categories?post=18971"},{"taxonomy":"post_tag","embeddable":true,"href":"https:\/\/redelog.rj.gov.br\/redelog\/wp-json\/wp\/v2\/tags?post=18971"}],"curies":[{"name":"wp","href":"https:\/\/api.w.org\/{rel}","templated":true}]}}