{"id":17293,"date":"2022-04-05T09:45:54","date_gmt":"2022-04-05T12:45:54","guid":{"rendered":"http:\/\/redelog.rj.gov.br\/redelog\/?p=17293"},"modified":"2022-04-05T10:03:16","modified_gmt":"2022-04-05T13:03:16","slug":"decreto-no-48-013-de-04-de-abril-de-2022","status":"publish","type":"post","link":"https:\/\/redelog.rj.gov.br\/redelog\/decreto-no-48-013-de-04-de-abril-de-2022\/","title":{"rendered":"DECRETO N\u00ba 48.013, DE 04 DE ABRIL DE 2022"},"content":{"rendered":"\t\t<div data-elementor-type=\"wp-post\" data-elementor-id=\"17293\" class=\"elementor elementor-17293\" data-elementor-post-type=\"post\">\n\t\t\t\t\t\t<section class=\"elementor-section elementor-top-section elementor-element elementor-element-4a1c7ef elementor-section-boxed elementor-section-height-default elementor-section-height-default\" data-id=\"4a1c7ef\" data-element_type=\"section\" data-settings=\"{&quot;jet_parallax_layout_list&quot;:[{&quot;jet_parallax_layout_image&quot;:{&quot;url&quot;:&quot;&quot;,&quot;id&quot;:&quot;&quot;,&quot;size&quot;:&quot;&quot;},&quot;_id&quot;:&quot;03eb6e4&quot;,&quot;jet_parallax_layout_image_tablet&quot;:{&quot;url&quot;:&quot;&quot;,&quot;id&quot;:&quot;&quot;,&quot;size&quot;:&quot;&quot;},&quot;jet_parallax_layout_image_mobile&quot;:{&quot;url&quot;:&quot;&quot;,&quot;id&quot;:&quot;&quot;,&quot;size&quot;:&quot;&quot;},&quot;jet_parallax_layout_speed&quot;:{&quot;unit&quot;:&quot;%&quot;,&quot;size&quot;:50,&quot;sizes&quot;:[]},&quot;jet_parallax_layout_type&quot;:&quot;scroll&quot;,&quot;jet_parallax_layout_direction&quot;:&quot;1&quot;,&quot;jet_parallax_layout_fx_direction&quot;:null,&quot;jet_parallax_layout_z_index&quot;:&quot;&quot;,&quot;jet_parallax_layout_bg_x&quot;:50,&quot;jet_parallax_layout_bg_x_tablet&quot;:&quot;&quot;,&quot;jet_parallax_layout_bg_x_mobile&quot;:&quot;&quot;,&quot;jet_parallax_layout_bg_y&quot;:50,&quot;jet_parallax_layout_bg_y_tablet&quot;:&quot;&quot;,&quot;jet_parallax_layout_bg_y_mobile&quot;:&quot;&quot;,&quot;jet_parallax_layout_bg_size&quot;:&quot;auto&quot;,&quot;jet_parallax_layout_bg_size_tablet&quot;:&quot;&quot;,&quot;jet_parallax_layout_bg_size_mobile&quot;:&quot;&quot;,&quot;jet_parallax_layout_animation_prop&quot;:&quot;transform&quot;,&quot;jet_parallax_layout_on&quot;:[&quot;desktop&quot;,&quot;tablet&quot;]}]}\">\n\t\t\t\t\t\t<div class=\"elementor-container elementor-column-gap-default\">\n\t\t\t\t\t<div class=\"elementor-column elementor-col-100 elementor-top-column elementor-element elementor-element-0c0a088\" data-id=\"0c0a088\" data-element_type=\"column\">\n\t\t\t<div class=\"elementor-widget-wrap elementor-element-populated\">\n\t\t\t\t\t\t<section class=\"elementor-section elementor-inner-section elementor-element elementor-element-c86f2bf elementor-section-boxed elementor-section-height-default elementor-section-height-default\" data-id=\"c86f2bf\" data-element_type=\"section\" data-settings=\"{&quot;jet_parallax_layout_list&quot;:[{&quot;jet_parallax_layout_image&quot;:{&quot;url&quot;:&quot;&quot;,&quot;id&quot;:&quot;&quot;,&quot;size&quot;:&quot;&quot;},&quot;_id&quot;:&quot;82365fc&quot;,&quot;jet_parallax_layout_image_tablet&quot;:{&quot;url&quot;:&quot;&quot;,&quot;id&quot;:&quot;&quot;,&quot;size&quot;:&quot;&quot;},&quot;jet_parallax_layout_image_mobile&quot;:{&quot;url&quot;:&quot;&quot;,&quot;id&quot;:&quot;&quot;,&quot;size&quot;:&quot;&quot;},&quot;jet_parallax_layout_speed&quot;:{&quot;unit&quot;:&quot;%&quot;,&quot;size&quot;:50,&quot;sizes&quot;:[]},&quot;jet_parallax_layout_type&quot;:&quot;scroll&quot;,&quot;jet_parallax_layout_direction&quot;:&quot;1&quot;,&quot;jet_parallax_layout_fx_direction&quot;:null,&quot;jet_parallax_layout_z_index&quot;:&quot;&quot;,&quot;jet_parallax_layout_bg_x&quot;:50,&quot;jet_parallax_layout_bg_x_tablet&quot;:&quot;&quot;,&quot;jet_parallax_layout_bg_x_mobile&quot;:&quot;&quot;,&quot;jet_parallax_layout_bg_y&quot;:50,&quot;jet_parallax_layout_bg_y_tablet&quot;:&quot;&quot;,&quot;jet_parallax_layout_bg_y_mobile&quot;:&quot;&quot;,&quot;jet_parallax_layout_bg_size&quot;:&quot;auto&quot;,&quot;jet_parallax_layout_bg_size_tablet&quot;:&quot;&quot;,&quot;jet_parallax_layout_bg_size_mobile&quot;:&quot;&quot;,&quot;jet_parallax_layout_animation_prop&quot;:&quot;transform&quot;,&quot;jet_parallax_layout_on&quot;:[&quot;desktop&quot;,&quot;tablet&quot;]}]}\">\n\t\t\t\t\t\t<div class=\"elementor-container elementor-column-gap-default\">\n\t\t\t\t\t<div class=\"elementor-column elementor-col-50 elementor-inner-column elementor-element elementor-element-420f0e1\" data-id=\"420f0e1\" data-element_type=\"column\">\n\t\t\t<div class=\"elementor-widget-wrap\">\n\t\t\t\t\t\t\t<\/div>\n\t\t<\/div>\n\t\t\t\t<div class=\"elementor-column elementor-col-50 elementor-inner-column elementor-element elementor-element-4994df1\" data-id=\"4994df1\" data-element_type=\"column\">\n\t\t\t<div class=\"elementor-widget-wrap elementor-element-populated\">\n\t\t\t\t\t\t<div class=\"elementor-element elementor-element-b77ceb7 elementor-widget elementor-widget-text-editor\" data-id=\"b77ceb7\" data-element_type=\"widget\" data-widget_type=\"text-editor.default\">\n\t\t\t\t\t\t\t\t\t<p style=\"text-align: justify;\"><strong><span class=\"fontstyle0\">DISP\u00d5E SOBRE AS DIRETRIZES DE ASSINATURAS ELETR\u00d4NICAS NO \u00c2MBITO DA ADMINISTRA\u00c7\u00c3O P\u00daBLICA DO PODER EXECUTIVO DO ESTADO DO RIO DE JANEIRO.<\/span><\/strong> <\/p>\t\t\t\t\t\t\t\t<\/div>\n\t\t\t\t\t<\/div>\n\t\t<\/div>\n\t\t\t\t\t<\/div>\n\t\t<\/section>\n\t\t\t\t\t<\/div>\n\t\t<\/div>\n\t\t\t\t\t<\/div>\n\t\t<\/section>\n\t\t\t\t<section class=\"elementor-section elementor-top-section elementor-element elementor-element-f4734e9 elementor-section-boxed elementor-section-height-default elementor-section-height-default\" data-id=\"f4734e9\" data-element_type=\"section\" data-settings=\"{&quot;jet_parallax_layout_list&quot;:[{&quot;jet_parallax_layout_image&quot;:{&quot;url&quot;:&quot;&quot;,&quot;id&quot;:&quot;&quot;,&quot;size&quot;:&quot;&quot;},&quot;_id&quot;:&quot;620ac24&quot;,&quot;jet_parallax_layout_image_tablet&quot;:{&quot;url&quot;:&quot;&quot;,&quot;id&quot;:&quot;&quot;,&quot;size&quot;:&quot;&quot;},&quot;jet_parallax_layout_image_mobile&quot;:{&quot;url&quot;:&quot;&quot;,&quot;id&quot;:&quot;&quot;,&quot;size&quot;:&quot;&quot;},&quot;jet_parallax_layout_speed&quot;:{&quot;unit&quot;:&quot;%&quot;,&quot;size&quot;:50,&quot;sizes&quot;:[]},&quot;jet_parallax_layout_type&quot;:&quot;scroll&quot;,&quot;jet_parallax_layout_direction&quot;:&quot;1&quot;,&quot;jet_parallax_layout_fx_direction&quot;:null,&quot;jet_parallax_layout_z_index&quot;:&quot;&quot;,&quot;jet_parallax_layout_bg_x&quot;:50,&quot;jet_parallax_layout_bg_x_tablet&quot;:&quot;&quot;,&quot;jet_parallax_layout_bg_x_mobile&quot;:&quot;&quot;,&quot;jet_parallax_layout_bg_y&quot;:50,&quot;jet_parallax_layout_bg_y_tablet&quot;:&quot;&quot;,&quot;jet_parallax_layout_bg_y_mobile&quot;:&quot;&quot;,&quot;jet_parallax_layout_bg_size&quot;:&quot;auto&quot;,&quot;jet_parallax_layout_bg_size_tablet&quot;:&quot;&quot;,&quot;jet_parallax_layout_bg_size_mobile&quot;:&quot;&quot;,&quot;jet_parallax_layout_animation_prop&quot;:&quot;transform&quot;,&quot;jet_parallax_layout_on&quot;:[&quot;desktop&quot;,&quot;tablet&quot;]}]}\">\n\t\t\t\t\t\t<div class=\"elementor-container elementor-column-gap-default\">\n\t\t\t\t\t<div class=\"elementor-column elementor-col-100 elementor-top-column elementor-element elementor-element-30ba574\" data-id=\"30ba574\" data-element_type=\"column\">\n\t\t\t<div class=\"elementor-widget-wrap elementor-element-populated\">\n\t\t\t\t\t\t<div class=\"elementor-element elementor-element-253536e elementor-widget elementor-widget-text-editor\" data-id=\"253536e\" data-element_type=\"widget\" data-widget_type=\"text-editor.default\">\n\t\t\t\t\t\t\t\t\t<p><span class=\"fontstyle0\"><strong>O GOVERNADOR DO ESTADO DO RIO DE JANEIRO<\/strong>, <\/span><span class=\"fontstyle2\">no uso de suas atribui\u00e7\u00f5es constitucionais e legais, tendo em vista o que consta do Processo n\u00ba SEI-150016\/000448\/2022,<br \/><\/span><\/p><p><span class=\"fontstyle0\"><strong>CONSIDERANDO<\/strong>:<br \/>&#8211; <\/span><span class=\"fontstyle2\">a Emenda Constitucional n\u00ba 115, de 10 de fevereiro de 2022, que inclui a prote\u00e7\u00e3o de dados pessoais como um direito e garantia fundamental;<br \/>&#8211; a necessidade de observar os princ\u00edpios que orientam a Administra\u00e7\u00e3o P\u00fablica, insculpidos no art. 37 da Constitui\u00e7\u00e3o da Rep\u00fablica;<br \/>&#8211; os termos do Decreto n\u00ba 47.278, de 17 de setembro de 2020, que alterou sem aumento de despesa a estrutura organizacional do Poder Executivo estadual, dentre outras provid\u00eancias;<br \/>&#8211; a Lei n\u00ba 9.128, de 11 de dezembro de 2020, do Estado do Rio de Janeiro, que disp\u00f5e sobre a transforma\u00e7\u00e3o digital dos servi\u00e7os p\u00fablicos e d\u00e1 outras provid\u00eancias;<br \/>&#8211; os princ\u00edpios, regras e instrumentos para o aumento da efici\u00eancia da administra\u00e7\u00e3o p\u00fablica, especialmente por meio da desburocratiza\u00e7\u00e3o, da inova\u00e7\u00e3o e da transforma\u00e7\u00e3o digital, previstos pela Lei Federal n\u00ba 14.129, de 29 de mar\u00e7o de 2021;<br \/>&#8211; que compete privativamente ao chefe do Poder Executivo a expedi\u00e7\u00e3o de decretos e regulamentos destinados \u00e0 fiel execu\u00e7\u00e3o de leis, especialmente \u00e0 organiza\u00e7\u00e3o administrativa, conforme disposto no art. 84, inciso IV, da Constitui\u00e7\u00e3o da Rep\u00fablica, e no art. 145, inciso IV, da Constitui\u00e7\u00e3o do Estado do Rio de Janeiro;<br \/>&#8211; que, nos termos do par\u00e1grafo \u00fanico do art. 1\u00ba da Lei Federal n\u00b0 13.709, de 14 de agosto de 2018, as normas de prote\u00e7\u00e3o relativas ao tratamento de dados pessoais s\u00e3o de interesse nacional e devem ser observadas pela Uni\u00e3o, Estados, Distrito Federal e Munic\u00edpios;<br \/>&#8211; o Decreto n\u00ba 10.543, de 13 de novembro de 2020, que disp\u00f5e sobre o uso de assinaturas eletr\u00f4nicas na administra\u00e7\u00e3o p\u00fablica federal; e<br \/>&#8211; a Lei n\u00ba 14.063, de 23 de setembro de 2020, que disp\u00f5e sobre o uso de assinaturas eletr\u00f4nicas em intera\u00e7\u00f5es com entes p\u00fablicos, em atos de pessoas jur\u00eddicas e em quest\u00f5es de sa\u00fade, e sobre as licen\u00e7as de softwares desenvolvidos por entes p\u00fablicos;<\/span><\/p><p><span class=\"fontstyle2\"><br \/><\/span><span class=\"fontstyle0\"><strong>DECRETA<\/strong>:<br \/><strong>Art. 1\u00ba <\/strong><\/span><span class=\"fontstyle2\">&#8211; Este Decreto disp\u00f5e sobre o uso de assinaturas eletr\u00f4nicas na administra\u00e7\u00e3o p\u00fablica estadual e regulamenta o art. 5\u00ba da Lei n\u00ba 14.063, de 23 de setembro de 2020, quanto ao n\u00edvel m\u00ednimo exigido para a assinatura eletr\u00f4nica nas intera\u00e7\u00f5es e nas comunica\u00e7\u00f5es digitais entre \u00f3rg\u00e3os e entidades da administra\u00e7\u00e3o p\u00fablica estadual e entre estes e os cidad\u00e3os.<br \/><\/span><span class=\"fontstyle0\"><strong>Art. 2\u00ba<\/strong> <\/span><span class=\"fontstyle2\">&#8211; Para os fins deste Decreto, considera-se:<br \/><\/span><span class=\"fontstyle0\">I &#8211; <\/span><span class=\"fontstyle2\">Intera\u00e7\u00e3o eletr\u00f4nica: ato praticado por particular ou por agente p\u00fablico, por meio de edi\u00e7\u00e3o eletr\u00f4nica de documentos ou de a\u00e7\u00f5es eletr\u00f4nicas, com a finalidade de:<br \/><\/span><span class=\"fontstyle0\">a) <\/span><span class=\"fontstyle2\">adquirir, resguardar, transferir, modificar, extinguir ou declarar direitos;<br \/><\/span><span class=\"fontstyle0\">b) <\/span><span class=\"fontstyle2\">impor obriga\u00e7\u00f5es; ou<br \/><\/span><span class=\"fontstyle0\">c) <\/span><span class=\"fontstyle2\">requerer, peticionar, solicitar, relatar, comunicar, informar, movimentar, consultar, analisar ou avaliar documentos, procedimentos, processos, expedientes, situa\u00e7\u00f5es ou fatos;<br \/><\/span><span class=\"fontstyle0\">II &#8211; <\/span><span class=\"fontstyle2\">valida\u00e7\u00e3o biom\u00e9trica: confirma\u00e7\u00e3o da identidade da pessoa natural mediante aplica\u00e7\u00e3o de m\u00e9todo de compara\u00e7\u00e3o estat\u00edstico de medi\u00e7\u00e3o biol\u00f3gica das caracter\u00edsticas f\u00edsicas de um indiv\u00edduo com objetivo de<br \/>identific\u00e1-lo unicamente com alto grau de seguran\u00e7a;<br \/><\/span><span class=\"fontstyle0\">III &#8211; <\/span><span class=\"fontstyle2\">valida\u00e7\u00e3o biogr\u00e1fica: confirma\u00e7\u00e3o da identidade da pessoa natural mediante compara\u00e7\u00e3o de fatos da sua vida, tais como nome civil ou social, data de nascimento, filia\u00e7\u00e3o, naturalidade, nacionalidade, sexo,<br \/>estado civil, grupo familiar, endere\u00e7o e v\u00ednculos profissionais, com o objetivo de identific\u00e1-la unicamente com m\u00e9dio grau de seguran\u00e7a;<br \/><\/span><span class=\"fontstyle0\">IV &#8211; <\/span><span class=\"fontstyle2\">validador de acesso digital: \u00f3rg\u00e3o ou entidade, p\u00fablica ou privada, autorizada a fornecer meios seguros de valida\u00e7\u00e3o de identidade biom\u00e9trica ou biogr\u00e1fica em processos de identifica\u00e7\u00e3o digital;<br \/><\/span><span class=\"fontstyle0\">V &#8211; <\/span><span class=\"fontstyle2\">autentica\u00e7\u00e3o: processo eletr\u00f4nico que permite a identifica\u00e7\u00e3o eletr\u00f4nica de uma pessoa f\u00edsica ou jur\u00eddica;<br \/><\/span><span class=\"fontstyle0\">VI &#8211; <\/span><span class=\"fontstyle2\">assinatura eletr\u00f4nica: dados em formato eletr\u00f4nico que se ligam ou est\u00e3o logicamente associados a outros dados em formato eletr\u00f4nico e que s\u00e3o utilizados pelo signat\u00e1rio para assinar, observados os<br \/>n\u00edveis de assinaturas apropriados para os atos previstos nesta Lei;<br \/><\/span><span class=\"fontstyle0\">VII &#8211; <\/span><span class=\"fontstyle2\">assinatura digital: modalidade de assinatura eletr\u00f4nica que utiliza chaves criptogr\u00e1ficas de um certificado digital, com o objetivo de identificar o signat\u00e1rio, proteger as informa\u00e7\u00f5es e conferir validade jur\u00eddica,<br \/>atrav\u00e9s de um Certificado digital, nos padr\u00f5es e<\/span> <span class=\"fontstyle0\">stabelecidos pelo ICPBrasil;<br \/><\/span><span class=\"fontstyle2\">VIII &#8211; <\/span><span class=\"fontstyle0\">documento digital: documento codificado em d\u00edgitos bin\u00e1rios, acess\u00edvel e interpret\u00e1vel por meio de sistema computacional;<br \/><\/span><span class=\"fontstyle2\">IX &#8211; <\/span><span class=\"fontstyle0\">documento digitalizado: documento obtido a partir da convers\u00e3o de documento n\u00e3o digital, gerando uma fiel representa\u00e7\u00e3o em c\u00f3digo digital, podendo ser capturado por sistemas de informa\u00e7\u00e3o espec\u00edficos;<br \/><\/span><span class=\"fontstyle2\">X &#8211; <\/span><span class=\"fontstyle0\">documento nato-digital: documento produzido originariamente em meio eletr\u00f4nico, podendo ser:<br \/><\/span><span class=\"fontstyle2\">a) <\/span><span class=\"fontstyle0\">nativo, quando produzido pelo sistema de origem;<br \/><\/span><span class=\"fontstyle2\">b) <\/span><span class=\"fontstyle0\">capturado, quando incorporado de outros sistemas, por meio de metadados de registro, classifica\u00e7\u00e3o e arquivamento;<br \/><\/span><span class=\"fontstyle2\">XI &#8211; <\/span><span class=\"fontstyle0\">Infraestrutura de Chaves P\u00fablicas Brasileira &#8211; ICP-Brasil: cadeia hier\u00e1rquica de confian\u00e7a que viabiliza a emiss\u00e3o de certificados digitais para identifica\u00e7\u00e3o virtual do cidad\u00e3o.<br \/><\/span><span class=\"fontstyle2\"><strong>Art. 3\u00ba<\/strong> &#8211; <\/span><span class=\"fontstyle0\">Este Decreto aplica-se na intera\u00e7\u00e3o eletr\u00f4nica entre:<br \/><\/span><span class=\"fontstyle2\">I &#8211; <\/span><span class=\"fontstyle0\">os \u00f3rg\u00e3os e entidades da administra\u00e7\u00e3o p\u00fablica estadual direta, aut\u00e1rquica e fundacional que utilizar\u00e3o a assinatura eletr\u00f4nica como meio de interagir;<\/span><\/p><p><span class=\"fontstyle0\">II &#8211; <\/span><span class=\"fontstyle2\">as pessoas f\u00edsicas ou jur\u00eddicas de direito privado, diretamente ou por meio de procurador ou representante legal, e os entes p\u00fablicos elencados no inciso I do caput deste artigo; e<br \/><\/span><span class=\"fontstyle0\">III &#8211; <\/span><span class=\"fontstyle2\">os entes p\u00fablicos elencados no inciso I do caput deste artigo e os entes dos demais Poderes e entes federativos.<br \/><\/span><span class=\"fontstyle0\">Par\u00e1grafo \u00danico &#8211; <\/span><span class=\"fontstyle2\">O teor deste Decreto n\u00e3o se aplica:<br \/><\/span><span class=\"fontstyle0\">I &#8211; <\/span><span class=\"fontstyle2\">aos processos judiciais;<br \/><\/span><span class=\"fontstyle0\">II &#8211; <\/span><span class=\"fontstyle2\">\u00e0 intera\u00e7\u00e3o eletr\u00f4nica:<br \/><\/span><span class=\"fontstyle0\">a) <\/span><span class=\"fontstyle2\">entre pessoas f\u00edsicas ou jur\u00eddicas de direito privado;<br \/><\/span><span class=\"fontstyle0\">b) <\/span><span class=\"fontstyle2\">na qual seja permitido o anonimato;<br \/><\/span><span class=\"fontstyle0\">c) <\/span><span class=\"fontstyle2\">na qual seja dispensada a identifica\u00e7\u00e3o do particular;<br \/><\/span><span class=\"fontstyle0\">III &#8211; <\/span><span class=\"fontstyle2\">aos sistemas de ouvidoria de entes p\u00fablicos;<br \/><\/span><span class=\"fontstyle0\">IV &#8211; <\/span><span class=\"fontstyle2\">aos programas de assist\u00eancia a v\u00edtimas e a testemunhas amea\u00e7adas;<br \/><\/span><span class=\"fontstyle0\">V &#8211; <\/span><span class=\"fontstyle2\">\u00e0s outras hip\u00f3teses nas quais deva ser dada garantia de preserva\u00e7\u00e3o de sigilo da identidade do particular na atua\u00e7\u00e3o perante o ente p\u00fablico; e<br \/><\/span><span class=\"fontstyle0\">VI &#8211; <\/span><span class=\"fontstyle2\">\u00e0s intera\u00e7\u00f5es, sem participa\u00e7\u00e3o da administra\u00e7\u00e3o p\u00fablica estadual, direta, aut\u00e1rquica e fundacional, que envolvam:<br \/><\/span><span class=\"fontstyle0\">a) <\/span><span class=\"fontstyle2\">empresas p\u00fablicas estaduais; ou<br \/><\/span><span class=\"fontstyle0\">b) <\/span><span class=\"fontstyle2\">sociedades de economia mista.<br \/><\/span><strong><span class=\"fontstyle0\">Art. 4\u00ba <\/span><\/strong><span class=\"fontstyle2\">&#8211; As assinaturas eletr\u00f4nicas s\u00e3o classificadas em:<br \/><\/span><span class=\"fontstyle0\">I &#8211; <\/span><span class=\"fontstyle2\">assinatura simples: tipo de assinatura eletr\u00f4nica sem certificado digital, isto \u00e9, que permite a identifica\u00e7\u00e3o de seu signat\u00e1rio associando um conjunto de dados eletr\u00f4nicos a outro conjunto de dados associados a ele e que \u00e9 admitida para as hip\u00f3teses cujo conte\u00fado da intera\u00e7\u00e3o n\u00e3o envolva informa\u00e7\u00f5es protegidas por grau de sigilo e n\u00e3o ofere\u00e7a risco direto de dano a bens, servi\u00e7os e interesses do ente p\u00fablico, inclu\u00eddos:<br \/><\/span><span class=\"fontstyle0\">a) <\/span><span class=\"fontstyle2\">solicita\u00e7\u00e3o de agendamentos, atendimentos, anu\u00eancias, autoriza\u00e7\u00f5es e licen\u00e7as para a pr\u00e1tica de ato ou exerc\u00edcio de atividade;<br \/><\/span><span class=\"fontstyle0\">b) <\/span><span class=\"fontstyle2\">realiza\u00e7\u00e3o de autentica\u00e7\u00e3o ou solicita\u00e7\u00e3o de acesso a s\u00edtio eletr\u00f4nico oficial que contenha informa\u00e7\u00f5es de interesse particular, coletivo ou geral, mesmo que tais informa\u00e7\u00f5es n\u00e3o sejam disponibilizadas publicamente;<br \/><\/span><span class=\"fontstyle0\">c) <\/span><span class=\"fontstyle2\">envio de documentos digitais ou digitalizados e o recebimento de n\u00famero de protocolo decorrente da a\u00e7\u00e3o;<br \/><\/span><span class=\"fontstyle0\">d) <\/span><span class=\"fontstyle2\">participa\u00e7\u00e3o em pesquisa p\u00fablica; e<br \/><\/span><span class=\"fontstyle0\">e) <\/span><span class=\"fontstyle2\">requerimento de benef\u00edcios assistenciais, trabalhistas ou previdenci\u00e1rios diretamente pelo interessado;<br \/><\/span><span class=\"fontstyle0\">II &#8211; <\/span><span class=\"fontstyle2\">assinatura eletr\u00f4nica avan\u00e7ada: tipo de assinatura eletr\u00f4nica associada univocamente a seu signat\u00e1rio por meio de um certificado digital n\u00e3o emitido pela ICP-Brasil e que \u00e9 admitida para as hip\u00f3teses previstas no inciso I do caput deste artigo e nas hip\u00f3teses de intera\u00e7\u00e3o com o ente p\u00fablico que, considerada a natureza da rela\u00e7\u00e3o jur\u00eddica, exijam maior garantia quanto \u00e0 autoria, inclu\u00eddos:<br \/><\/span><span class=\"fontstyle0\">a) <\/span><span class=\"fontstyle2\">as intera\u00e7\u00f5es eletr\u00f4nicas entre pessoas f\u00edsicas ou pessoas jur\u00eddicas de direito privado e os entes p\u00fablicos que envolvam informa\u00e7\u00f5es classificadas ou protegidas por grau de sigilo;<br \/><\/span><span class=\"fontstyle0\">b) <\/span><span class=\"fontstyle2\">a manifesta\u00e7\u00e3o de vontade para a celebra\u00e7\u00e3o de contratos, conv\u00eanios, acordos, termos e outros instrumentos bilaterais ou plurilaterais cong\u00eaneres;<br \/><\/span><span class=\"fontstyle0\">c) <\/span><span class=\"fontstyle2\">os atos relacionados ao autocadastro, como usu\u00e1rio particular ou como agente p\u00fablico, para o exerc\u00edcio de atribui\u00e7\u00f5es, em sistema informatizado de processo administrativo eletr\u00f4nico ou de servi\u00e7os;<br \/><\/span><span class=\"fontstyle0\">d) <\/span><span class=\"fontstyle2\">as declara\u00e7\u00f5es prestadas em virtude de lei que constituam reconhecimento de fatos e assun\u00e7\u00e3o de obriga\u00e7\u00f5es;<br \/><\/span><span class=\"fontstyle0\">e) <\/span><span class=\"fontstyle2\">o envio de documentos digitais ou digitalizados em atendimento a procedimentos administrativos ou medidas de fiscaliza\u00e7\u00e3o; e<br \/><\/span><span class=\"fontstyle0\">f) <\/span><span class=\"fontstyle2\">a apresenta\u00e7\u00e3o de defesa e interposi\u00e7\u00e3o de recursos administrativos.<br \/><\/span><span class=\"fontstyle0\">III &#8211; <\/span><span class=\"fontstyle2\">assinatura eletr\u00f4nica qualificada: tipo de assinatura eletr\u00f4nica de n\u00edvel m\u00e1ximo de qualifica\u00e7\u00e3o, realizada com um certificado digital no padr\u00e3o da ICP-Brasil, nos termos do \u00a7 1\u00ba do art. 10 da Medida Provis\u00f3ria n\u00ba 2.200-2, de 24 de agosto de 2001, aceita em qualquer intera\u00e7\u00e3o eletr\u00f4nica com entes p\u00fablicos e obrigat\u00f3rios para:<br \/><\/span><span class=\"fontstyle0\">a) <\/span><span class=\"fontstyle2\">os atos assinados pelo Governador do Estado e pelos Secret\u00e1rios; e<br \/><\/span><span class=\"fontstyle0\">b) <\/span><span class=\"fontstyle2\">as demais hip\u00f3teses previstas em lei.<br \/><\/span><span class=\"fontstyle0\">\u00a7 1\u00ba <\/span><span class=\"fontstyle2\">&#8211; A autoridade m\u00e1xima do \u00f3rg\u00e3o ou da entidade poder\u00e1 estabelecer o uso de assinatura eletr\u00f4nica em n\u00edvel superior ao m\u00ednimo exigido no caput deste artigo, caso as especificidades da intera\u00e7\u00e3o<br \/>eletr\u00f4nica em quest\u00e3o o exijam.<br \/><\/span><span class=\"fontstyle0\">\u00a7 2\u00ba &#8211; <\/span><span class=\"fontstyle2\">A exig\u00eancia de n\u00edveis m\u00ednimos de assinatura eletr\u00f4nica n\u00e3o poder\u00e1 ser invocada como fundamento para a n\u00e3o aceita\u00e7\u00e3o de assinaturas realizadas presencialmente ou derivadas de procedimentos<br \/>presenciais para a identifica\u00e7\u00e3o do interessado.<br \/><\/span><span class=\"fontstyle0\"><strong>Art. 5\u00ba<\/strong> &#8211; <\/span><span class=\"fontstyle2\">A administra\u00e7\u00e3o p\u00fablica estadual direta, aut\u00e1rquica e fundacional adotar\u00e1 mecanismos com vistas a prover aos usu\u00e1rios a capacidade de utilizar assinaturas eletr\u00f4nicas para as intera\u00e7\u00f5es com<br \/>entes p\u00fablicos, respeitados os seguintes crit\u00e9rios:<br \/><\/span><span class=\"fontstyle0\">I &#8211; <\/span><span class=\"fontstyle2\">para a utiliza\u00e7\u00e3o de assinatura simples, o usu\u00e1rio dever\u00e1 realizar seu cadastro pela internet, mediante autodeclara\u00e7\u00e3o validada em bases de dados governamentais;<br \/><\/span><span class=\"fontstyle0\">II &#8211; <\/span><span class=\"fontstyle2\">para a utiliza\u00e7\u00e3o de assinatura avan\u00e7ada, o usu\u00e1rio dever\u00e1 realizar o cadastro com garantia de identidade a partir de validador de acesso digital, inclu\u00edda a:<br \/><\/span><span class=\"fontstyle0\">a) <\/span><span class=\"fontstyle2\">valida\u00e7\u00e3o biogr\u00e1fica e documental, presencial ou remota, conferida por agente p\u00fablico;<br \/><\/span><span class=\"fontstyle0\">b) <\/span><span class=\"fontstyle2\">valida\u00e7\u00e3o biom\u00e9trica conferida em base de dados governamental; ou<br \/><\/span><span class=\"fontstyle0\">c) <\/span><span class=\"fontstyle2\">valida\u00e7\u00e3o biom\u00e9trica, biogr\u00e1fica ou documental, presencial ou remota, conferida por validador de acesso digital que demonstre elevado grau de seguran\u00e7a em seus processos de identifica\u00e7\u00e3o.<br \/><\/span><span class=\"fontstyle0\">\u00a7 1\u00ba <\/span><span class=\"fontstyle2\">&#8211; Compete ao Centro de Tecnologia de Informa\u00e7\u00e3o e Comunica\u00e7\u00e3o do Estado do Rio de Janeiro &#8211; PRODERJ autorizar os validadores de acesso digital previstos no inciso II do caput deste artigo.<br \/><\/span><strong><span class=\"fontstyle0\">Art. 6\u00ba <\/span><\/strong><span class=\"fontstyle2\">&#8211; Os usu\u00e1rios s\u00e3o respons\u00e1veis:<br \/><\/span><span class=\"fontstyle0\">I &#8211; <\/span><span class=\"fontstyle2\">pela guarda, pelo sigilo e pela utiliza\u00e7\u00e3o de suas credenciais de acesso de seus dispositivos e dos sistemas que proveem os meios de autentica\u00e7\u00e3o e de assinatura; e<br \/><\/span><span class=\"fontstyle0\">II &#8211; <\/span><span class=\"fontstyle2\">por informar ao ente p\u00fablico poss\u00edveis erros, usos ou tentativas de uso indevido.<br \/><\/span><strong><span class=\"fontstyle0\">Art. 7\u00ba <\/span><\/strong><span class=\"fontstyle2\">&#8211; Em caso de suspei\u00e7\u00e3o de uso indevido das assinaturas eletr\u00f4nicas de que trata este Decreto, a administra\u00e7\u00e3o p\u00fablica estadual direta, aut\u00e1rquica e fundacional poder\u00e1 suspender os meios de acesso<br \/>das assinaturas eletr\u00f4nicas possivelmente comprometidas, de forma individual ou coletiva.<br \/><\/span><span class=\"fontstyle0\"><strong>Art. 8\u00ba<\/strong> <\/span><span class=\"fontstyle2\">&#8211; No prazo de at\u00e9 180 dias a contar da publica\u00e7\u00e3o deste Decreto, os \u00f3rg\u00e3os e as entidades da administra\u00e7\u00e3o p\u00fablica estadual dever\u00e3o:<br \/><\/span><span class=\"fontstyle0\">I &#8211; <\/span><span class=\"fontstyle2\">adequar os sistemas de tecnologia da informa\u00e7\u00e3o em uso, para que a utiliza\u00e7\u00e3o de assinaturas eletr\u00f4nicas atenda ao previsto neste Decreto; e<br \/><\/span><span class=\"fontstyle0\">II &#8211; <\/span><span class=\"fontstyle2\">divulgar na Carta de Servi\u00e7os ao Usu\u00e1rio os n\u00edveis de assinatura eletr\u00f4nica exigidos nos seus servi\u00e7os, nos termos do art. 5\u00ba da Lei n\u00ba 14.063, de 23 de setembro de 2020.<br \/><\/span><span class=\"fontstyle0\"><strong>Art. 9\u00ba<\/strong> <\/span><span class=\"fontstyle2\">&#8211; Atos normativos complementares legislar\u00e3o sobre mat\u00e9rias n\u00e3o abordadas nesse Decreto.<br \/><\/span><span class=\"fontstyle0\"><strong>Art. 10<\/strong> &#8211; <\/span><span class=\"fontstyle2\">Este Decreto entra em vigor na data da sua publica\u00e7\u00e3o.<\/span><\/p><p><span class=\"fontstyle2\"><br \/>Rio de Janeiro, 04 de abril de 2022<\/span><\/p><p style=\"text-align: center;\"><span class=\"fontstyle2\"><br \/><\/span><span class=\"fontstyle0\"><strong>CL\u00c1UDIO CASTRO<\/strong><br \/><\/span><span class=\"fontstyle2\">Governador<\/span><\/p><p style=\"text-align: right;\"><span class=\"fontstyle2\"><br \/><\/span><span class=\"fontstyle0\">Id: 2384488<\/span> <\/p>\t\t\t\t\t\t\t\t<\/div>\n\t\t\t\t\t<\/div>\n\t\t<\/div>\n\t\t\t\t\t<\/div>\n\t\t<\/section>\n\t\t\t\t<section class=\"elementor-section elementor-top-section elementor-element elementor-element-ada7e72 elementor-section-boxed elementor-section-height-default elementor-section-height-default\" data-id=\"ada7e72\" data-element_type=\"section\" data-settings=\"{&quot;jet_parallax_layout_list&quot;:[{&quot;jet_parallax_layout_image&quot;:{&quot;url&quot;:&quot;&quot;,&quot;id&quot;:&quot;&quot;,&quot;size&quot;:&quot;&quot;},&quot;_id&quot;:&quot;04dd098&quot;,&quot;jet_parallax_layout_image_tablet&quot;:{&quot;url&quot;:&quot;&quot;,&quot;id&quot;:&quot;&quot;,&quot;size&quot;:&quot;&quot;},&quot;jet_parallax_layout_image_mobile&quot;:{&quot;url&quot;:&quot;&quot;,&quot;id&quot;:&quot;&quot;,&quot;size&quot;:&quot;&quot;},&quot;jet_parallax_layout_speed&quot;:{&quot;unit&quot;:&quot;%&quot;,&quot;size&quot;:50,&quot;sizes&quot;:[]},&quot;jet_parallax_layout_type&quot;:&quot;scroll&quot;,&quot;jet_parallax_layout_direction&quot;:&quot;1&quot;,&quot;jet_parallax_layout_fx_direction&quot;:null,&quot;jet_parallax_layout_z_index&quot;:&quot;&quot;,&quot;jet_parallax_layout_bg_x&quot;:50,&quot;jet_parallax_layout_bg_x_tablet&quot;:&quot;&quot;,&quot;jet_parallax_layout_bg_x_mobile&quot;:&quot;&quot;,&quot;jet_parallax_layout_bg_y&quot;:50,&quot;jet_parallax_layout_bg_y_tablet&quot;:&quot;&quot;,&quot;jet_parallax_layout_bg_y_mobile&quot;:&quot;&quot;,&quot;jet_parallax_layout_bg_size&quot;:&quot;auto&quot;,&quot;jet_parallax_layout_bg_size_tablet&quot;:&quot;&quot;,&quot;jet_parallax_layout_bg_size_mobile&quot;:&quot;&quot;,&quot;jet_parallax_layout_animation_prop&quot;:&quot;transform&quot;,&quot;jet_parallax_layout_on&quot;:[&quot;desktop&quot;,&quot;tablet&quot;]}]}\">\n\t\t\t\t\t\t<div class=\"elementor-container elementor-column-gap-default\">\n\t\t\t\t\t<div class=\"elementor-column elementor-col-100 elementor-top-column elementor-element elementor-element-d639625\" data-id=\"d639625\" data-element_type=\"column\">\n\t\t\t<div class=\"elementor-widget-wrap elementor-element-populated\">\n\t\t\t\t\t\t<div class=\"elementor-element elementor-element-847fb1f elementor-widget elementor-widget-text-editor\" data-id=\"847fb1f\" data-element_type=\"widget\" data-widget_type=\"text-editor.default\">\n\t\t\t\t\t\t\t\t\t<p><em>Publicada no DOE em <strong><a href=\"http:\/\/redelog.rj.gov.br\/redelog\/wp-content\/uploads\/2022\/01\/Decreto-no-47.695-2021-Comissao-Executiva-da-Politica-de-Gestao-Estrategica-de-Suprimentos-para-as-Categorias-de-Medicamentos-e-Suprimentos-Hospitalares.pdf\" target=\"_blank\" rel=\"noopener\">05\/04\/2022<\/a><\/strong>.<\/em><\/p>\t\t\t\t\t\t\t\t<\/div>\n\t\t\t\t\t<\/div>\n\t\t<\/div>\n\t\t\t\t\t<\/div>\n\t\t<\/section>\n\t\t\t\t<section class=\"elementor-section elementor-top-section elementor-element elementor-element-b087abd elementor-section-boxed elementor-section-height-default elementor-section-height-default\" data-id=\"b087abd\" data-element_type=\"section\" data-settings=\"{&quot;jet_parallax_layout_list&quot;:[{&quot;jet_parallax_layout_image&quot;:{&quot;url&quot;:&quot;&quot;,&quot;id&quot;:&quot;&quot;,&quot;size&quot;:&quot;&quot;},&quot;_id&quot;:&quot;ab030fc&quot;,&quot;jet_parallax_layout_image_tablet&quot;:{&quot;url&quot;:&quot;&quot;,&quot;id&quot;:&quot;&quot;,&quot;size&quot;:&quot;&quot;},&quot;jet_parallax_layout_image_mobile&quot;:{&quot;url&quot;:&quot;&quot;,&quot;id&quot;:&quot;&quot;,&quot;size&quot;:&quot;&quot;},&quot;jet_parallax_layout_speed&quot;:{&quot;unit&quot;:&quot;%&quot;,&quot;size&quot;:50,&quot;sizes&quot;:[]},&quot;jet_parallax_layout_type&quot;:&quot;scroll&quot;,&quot;jet_parallax_layout_direction&quot;:&quot;1&quot;,&quot;jet_parallax_layout_fx_direction&quot;:null,&quot;jet_parallax_layout_z_index&quot;:&quot;&quot;,&quot;jet_parallax_layout_bg_x&quot;:50,&quot;jet_parallax_layout_bg_x_tablet&quot;:&quot;&quot;,&quot;jet_parallax_layout_bg_x_mobile&quot;:&quot;&quot;,&quot;jet_parallax_layout_bg_y&quot;:50,&quot;jet_parallax_layout_bg_y_tablet&quot;:&quot;&quot;,&quot;jet_parallax_layout_bg_y_mobile&quot;:&quot;&quot;,&quot;jet_parallax_layout_bg_size&quot;:&quot;auto&quot;,&quot;jet_parallax_layout_bg_size_tablet&quot;:&quot;&quot;,&quot;jet_parallax_layout_bg_size_mobile&quot;:&quot;&quot;,&quot;jet_parallax_layout_animation_prop&quot;:&quot;transform&quot;,&quot;jet_parallax_layout_on&quot;:[&quot;desktop&quot;,&quot;tablet&quot;]}]}\">\n\t\t\t\t\t\t<div class=\"elementor-container elementor-column-gap-default\">\n\t\t\t\t\t<div class=\"elementor-column elementor-col-100 elementor-top-column elementor-element elementor-element-c6faf81\" data-id=\"c6faf81\" data-element_type=\"column\">\n\t\t\t<div class=\"elementor-widget-wrap elementor-element-populated\">\n\t\t\t\t\t\t<div class=\"elementor-element elementor-element-bac1f19 elementor-widget-divider--view-line elementor-widget elementor-widget-divider\" data-id=\"bac1f19\" data-element_type=\"widget\" data-widget_type=\"divider.default\">\n\t\t\t\t\t\t\t<div class=\"elementor-divider\">\n\t\t\t<span class=\"elementor-divider-separator\">\n\t\t\t\t\t\t<\/span>\n\t\t<\/div>\n\t\t\t\t\t\t<\/div>\n\t\t\t\t\t<\/div>\n\t\t<\/div>\n\t\t\t\t\t<\/div>\n\t\t<\/section>\n\t\t\t\t<section class=\"elementor-section elementor-top-section elementor-element elementor-element-cb31e02 elementor-section-boxed elementor-section-height-default elementor-section-height-default\" data-id=\"cb31e02\" data-element_type=\"section\" id=\"options\" data-settings=\"{&quot;jet_parallax_layout_list&quot;:[{&quot;jet_parallax_layout_image&quot;:{&quot;url&quot;:&quot;&quot;,&quot;id&quot;:&quot;&quot;,&quot;size&quot;:&quot;&quot;},&quot;_id&quot;:&quot;19d7213&quot;,&quot;jet_parallax_layout_image_tablet&quot;:{&quot;url&quot;:&quot;&quot;,&quot;id&quot;:&quot;&quot;,&quot;size&quot;:&quot;&quot;},&quot;jet_parallax_layout_image_mobile&quot;:{&quot;url&quot;:&quot;&quot;,&quot;id&quot;:&quot;&quot;,&quot;size&quot;:&quot;&quot;},&quot;jet_parallax_layout_speed&quot;:{&quot;unit&quot;:&quot;%&quot;,&quot;size&quot;:50,&quot;sizes&quot;:[]},&quot;jet_parallax_layout_type&quot;:&quot;scroll&quot;,&quot;jet_parallax_layout_direction&quot;:&quot;1&quot;,&quot;jet_parallax_layout_fx_direction&quot;:null,&quot;jet_parallax_layout_z_index&quot;:&quot;&quot;,&quot;jet_parallax_layout_bg_x&quot;:50,&quot;jet_parallax_layout_bg_x_tablet&quot;:&quot;&quot;,&quot;jet_parallax_layout_bg_x_mobile&quot;:&quot;&quot;,&quot;jet_parallax_layout_bg_y&quot;:50,&quot;jet_parallax_layout_bg_y_tablet&quot;:&quot;&quot;,&quot;jet_parallax_layout_bg_y_mobile&quot;:&quot;&quot;,&quot;jet_parallax_layout_bg_size&quot;:&quot;auto&quot;,&quot;jet_parallax_layout_bg_size_tablet&quot;:&quot;&quot;,&quot;jet_parallax_layout_bg_size_mobile&quot;:&quot;&quot;,&quot;jet_parallax_layout_animation_prop&quot;:&quot;transform&quot;,&quot;jet_parallax_layout_on&quot;:[&quot;desktop&quot;,&quot;tablet&quot;]}]}\">\n\t\t\t\t\t\t<div class=\"elementor-container elementor-column-gap-default\">\n\t\t\t\t\t<div class=\"elementor-column elementor-col-100 elementor-top-column elementor-element elementor-element-5bd93d1\" data-id=\"5bd93d1\" data-element_type=\"column\">\n\t\t\t<div class=\"elementor-widget-wrap elementor-element-populated\">\n\t\t\t\t\t\t<div class=\"elementor-element elementor-element-9ed1761 elementor-widget elementor-widget-shortcode\" data-id=\"9ed1761\" data-element_type=\"widget\" data-widget_type=\"shortcode.default\">\n\t\t\t\t\t\t\t<div class=\"elementor-shortcode\"><div class='printomatic pom-default ' id='id650' alt='Imprimir' title='Imprimir' data-print_target='#post-17293'><\/div> <div class='printomatictext' id='id650' alt='Imprimir' title='Imprimir' data-print_target='#post-17293'>Imprimir<\/div><div style='clear: both;'><\/div><\/div>\n\t\t\t\t\t\t<\/div>\n\t\t\t\t<section class=\"elementor-section elementor-inner-section elementor-element elementor-element-8eadf6f elementor-section-boxed elementor-section-height-default elementor-section-height-default\" data-id=\"8eadf6f\" data-element_type=\"section\" data-settings=\"{&quot;jet_parallax_layout_list&quot;:[{&quot;jet_parallax_layout_image&quot;:{&quot;url&quot;:&quot;&quot;,&quot;id&quot;:&quot;&quot;,&quot;size&quot;:&quot;&quot;},&quot;_id&quot;:&quot;ccec7d1&quot;,&quot;jet_parallax_layout_image_tablet&quot;:{&quot;url&quot;:&quot;&quot;,&quot;id&quot;:&quot;&quot;,&quot;size&quot;:&quot;&quot;},&quot;jet_parallax_layout_image_mobile&quot;:{&quot;url&quot;:&quot;&quot;,&quot;id&quot;:&quot;&quot;,&quot;size&quot;:&quot;&quot;},&quot;jet_parallax_layout_speed&quot;:{&quot;unit&quot;:&quot;%&quot;,&quot;size&quot;:50,&quot;sizes&quot;:[]},&quot;jet_parallax_layout_type&quot;:&quot;scroll&quot;,&quot;jet_parallax_layout_direction&quot;:&quot;1&quot;,&quot;jet_parallax_layout_fx_direction&quot;:null,&quot;jet_parallax_layout_z_index&quot;:&quot;&quot;,&quot;jet_parallax_layout_bg_x&quot;:50,&quot;jet_parallax_layout_bg_x_tablet&quot;:&quot;&quot;,&quot;jet_parallax_layout_bg_x_mobile&quot;:&quot;&quot;,&quot;jet_parallax_layout_bg_y&quot;:50,&quot;jet_parallax_layout_bg_y_tablet&quot;:&quot;&quot;,&quot;jet_parallax_layout_bg_y_mobile&quot;:&quot;&quot;,&quot;jet_parallax_layout_bg_size&quot;:&quot;auto&quot;,&quot;jet_parallax_layout_bg_size_tablet&quot;:&quot;&quot;,&quot;jet_parallax_layout_bg_size_mobile&quot;:&quot;&quot;,&quot;jet_parallax_layout_animation_prop&quot;:&quot;transform&quot;,&quot;jet_parallax_layout_on&quot;:[&quot;desktop&quot;,&quot;tablet&quot;]}]}\">\n\t\t\t\t\t\t<div class=\"elementor-container elementor-column-gap-default\">\n\t\t\t\t\t<div class=\"elementor-column elementor-col-50 elementor-inner-column elementor-element elementor-element-e2525ea\" data-id=\"e2525ea\" data-element_type=\"column\">\n\t\t\t<div class=\"elementor-widget-wrap elementor-element-populated\">\n\t\t\t\t\t\t<div class=\"elementor-element elementor-element-08548ac elementor-widget elementor-widget-text-editor\" data-id=\"08548ac\" data-element_type=\"widget\" data-widget_type=\"text-editor.default\">\n\t\t\t\t\t\t\t\t\t<p><strong><a href=\"http:\/\/redelog.rj.gov.br\/redelog\/legislacao-licitacoes\/\">\u2190 Voltar &#8211; Licita\u00e7\u00f5es<\/a><\/strong><\/p>\t\t\t\t\t\t\t\t<\/div>\n\t\t\t\t\t<\/div>\n\t\t<\/div>\n\t\t\t\t<div class=\"elementor-column elementor-col-50 elementor-inner-column elementor-element elementor-element-ab62c08\" data-id=\"ab62c08\" data-element_type=\"column\">\n\t\t\t<div class=\"elementor-widget-wrap elementor-element-populated\">\n\t\t\t\t\t\t\t<\/div>\n\t\t<\/div>\n\t\t\t\t\t<\/div>\n\t\t<\/section>\n\t\t\t\t\t<\/div>\n\t\t<\/div>\n\t\t\t\t\t<\/div>\n\t\t<\/section>\n\t\t\t\t<section class=\"elementor-section elementor-top-section elementor-element elementor-element-68f7de1 elementor-section-boxed elementor-section-height-default elementor-section-height-default\" data-id=\"68f7de1\" data-element_type=\"section\" data-settings=\"{&quot;jet_parallax_layout_list&quot;:[{&quot;jet_parallax_layout_image&quot;:{&quot;url&quot;:&quot;&quot;,&quot;id&quot;:&quot;&quot;,&quot;size&quot;:&quot;&quot;},&quot;_id&quot;:&quot;22a0abb&quot;,&quot;jet_parallax_layout_image_tablet&quot;:{&quot;url&quot;:&quot;&quot;,&quot;id&quot;:&quot;&quot;,&quot;size&quot;:&quot;&quot;},&quot;jet_parallax_layout_image_mobile&quot;:{&quot;url&quot;:&quot;&quot;,&quot;id&quot;:&quot;&quot;,&quot;size&quot;:&quot;&quot;},&quot;jet_parallax_layout_speed&quot;:{&quot;unit&quot;:&quot;%&quot;,&quot;size&quot;:50,&quot;sizes&quot;:[]},&quot;jet_parallax_layout_type&quot;:&quot;scroll&quot;,&quot;jet_parallax_layout_direction&quot;:&quot;1&quot;,&quot;jet_parallax_layout_fx_direction&quot;:null,&quot;jet_parallax_layout_z_index&quot;:&quot;&quot;,&quot;jet_parallax_layout_bg_x&quot;:50,&quot;jet_parallax_layout_bg_x_tablet&quot;:&quot;&quot;,&quot;jet_parallax_layout_bg_x_mobile&quot;:&quot;&quot;,&quot;jet_parallax_layout_bg_y&quot;:50,&quot;jet_parallax_layout_bg_y_tablet&quot;:&quot;&quot;,&quot;jet_parallax_layout_bg_y_mobile&quot;:&quot;&quot;,&quot;jet_parallax_layout_bg_size&quot;:&quot;auto&quot;,&quot;jet_parallax_layout_bg_size_tablet&quot;:&quot;&quot;,&quot;jet_parallax_layout_bg_size_mobile&quot;:&quot;&quot;,&quot;jet_parallax_layout_animation_prop&quot;:&quot;transform&quot;,&quot;jet_parallax_layout_on&quot;:[&quot;desktop&quot;,&quot;tablet&quot;]}]}\">\n\t\t\t\t\t\t<div class=\"elementor-container elementor-column-gap-default\">\n\t\t\t\t\t<div class=\"elementor-column elementor-col-100 elementor-top-column elementor-element elementor-element-d2d8c2b\" data-id=\"d2d8c2b\" data-element_type=\"column\">\n\t\t\t<div class=\"elementor-widget-wrap elementor-element-populated\">\n\t\t\t\t\t\t<div class=\"elementor-element elementor-element-7ccef38 elementor-widget elementor-widget-html\" data-id=\"7ccef38\" data-element_type=\"widget\" data-widget_type=\"html.default\">\n\t\t\t\t\t<style>\n    h2, .h2-style{\n        font-size: 28px;\n    }\n<\/style>\t\t\t\t<\/div>\n\t\t\t\t\t<\/div>\n\t\t<\/div>\n\t\t\t\t\t<\/div>\n\t\t<\/section>\n\t\t\t\t<\/div>\n\t\t","protected":false},"excerpt":{"rendered":"<p>DISP\u00d5E SOBRE AS DIRETRIZES DE ASSINATURAS ELETR\u00d4NICAS NO \u00c2MBITO DA ADMINISTRA\u00c7\u00c3O P\u00daBLICA DO PODER EXECUTIVO DO ESTADO DO RIO DE JANEIRO. O GOVERNADOR DO ESTADO DO RIO DE JANEIRO, no uso de suas atribui\u00e7\u00f5es constitucionais e legais, tendo em vista o que consta do Processo n\u00ba SEI-150016\/000448\/2022, CONSIDERANDO:&#8211; a Emenda Constitucional n\u00ba 115, de 10 [&hellip;]<\/p>\n","protected":false},"author":9,"featured_media":0,"comment_status":"closed","ping_status":"open","sticky":false,"template":"","format":"standard","meta":{"_joinchat":[],"footnotes":""},"categories":[23],"tags":[],"class_list":["post-17293","post","type-post","status-publish","format-standard","hentry","category-cat-legislacao"],"yoast_head":"<!-- This site is optimized with the Yoast SEO plugin v25.7 - https:\/\/yoast.com\/wordpress\/plugins\/seo\/ -->\n<title>DECRETO N\u00ba 48.013, DE 04 DE ABRIL DE 2022 - Redelog<\/title>\n<meta name=\"robots\" content=\"index, follow, max-snippet:-1, max-image-preview:large, max-video-preview:-1\" \/>\n<link rel=\"canonical\" href=\"https:\/\/redelog.rj.gov.br\/redelog\/decreto-no-48-013-de-04-de-abril-de-2022\/\" \/>\n<meta property=\"og:locale\" content=\"pt_BR\" \/>\n<meta property=\"og:type\" content=\"article\" \/>\n<meta property=\"og:title\" content=\"DECRETO N\u00ba 48.013, DE 04 DE ABRIL DE 2022 - Redelog\" \/>\n<meta property=\"og:description\" content=\"DISP\u00d5E SOBRE AS DIRETRIZES DE ASSINATURAS ELETR\u00d4NICAS NO \u00c2MBITO DA ADMINISTRA\u00c7\u00c3O P\u00daBLICA DO PODER EXECUTIVO DO ESTADO DO RIO DE JANEIRO. O GOVERNADOR DO ESTADO DO RIO DE JANEIRO, no uso de suas atribui\u00e7\u00f5es constitucionais e legais, tendo em vista o que consta do Processo n\u00ba SEI-150016\/000448\/2022, CONSIDERANDO:&#8211; a Emenda Constitucional n\u00ba 115, de 10 [&hellip;]\" \/>\n<meta property=\"og:url\" content=\"https:\/\/redelog.rj.gov.br\/redelog\/decreto-no-48-013-de-04-de-abril-de-2022\/\" \/>\n<meta property=\"og:site_name\" content=\"Redelog\" \/>\n<meta property=\"article:published_time\" content=\"2022-04-05T12:45:54+00:00\" \/>\n<meta property=\"article:modified_time\" content=\"2022-04-05T13:03:16+00:00\" \/>\n<meta name=\"author\" content=\"Rejane\" \/>\n<meta name=\"twitter:card\" content=\"summary_large_image\" \/>\n<meta name=\"twitter:label1\" content=\"Escrito por\" \/>\n\t<meta name=\"twitter:data1\" content=\"Rejane\" \/>\n\t<meta name=\"twitter:label2\" content=\"Est. tempo de leitura\" \/>\n\t<meta name=\"twitter:data2\" content=\"3 minutos\" \/>\n<script type=\"application\/ld+json\" class=\"yoast-schema-graph\">{\"@context\":\"https:\/\/schema.org\",\"@graph\":[{\"@type\":\"Article\",\"@id\":\"https:\/\/redelog.rj.gov.br\/redelog\/decreto-no-48-013-de-04-de-abril-de-2022\/#article\",\"isPartOf\":{\"@id\":\"https:\/\/redelog.rj.gov.br\/redelog\/decreto-no-48-013-de-04-de-abril-de-2022\/\"},\"author\":{\"name\":\"Rejane\",\"@id\":\"https:\/\/redelog.rj.gov.br\/redelog\/#\/schema\/person\/711e4a03f3b5eeb4ffeb92a63daecd59\"},\"headline\":\"DECRETO N\u00ba 48.013, DE 04 DE ABRIL DE 2022\",\"datePublished\":\"2022-04-05T12:45:54+00:00\",\"dateModified\":\"2022-04-05T13:03:16+00:00\",\"mainEntityOfPage\":{\"@id\":\"https:\/\/redelog.rj.gov.br\/redelog\/decreto-no-48-013-de-04-de-abril-de-2022\/\"},\"wordCount\":2146,\"publisher\":{\"@id\":\"https:\/\/redelog.rj.gov.br\/redelog\/#organization\"},\"articleSection\":[\"Legisla\u00e7\u00e3o\"],\"inLanguage\":\"pt-BR\"},{\"@type\":\"WebPage\",\"@id\":\"https:\/\/redelog.rj.gov.br\/redelog\/decreto-no-48-013-de-04-de-abril-de-2022\/\",\"url\":\"https:\/\/redelog.rj.gov.br\/redelog\/decreto-no-48-013-de-04-de-abril-de-2022\/\",\"name\":\"DECRETO N\u00ba 48.013, DE 04 DE ABRIL DE 2022 - Redelog\",\"isPartOf\":{\"@id\":\"https:\/\/redelog.rj.gov.br\/redelog\/#website\"},\"datePublished\":\"2022-04-05T12:45:54+00:00\",\"dateModified\":\"2022-04-05T13:03:16+00:00\",\"breadcrumb\":{\"@id\":\"https:\/\/redelog.rj.gov.br\/redelog\/decreto-no-48-013-de-04-de-abril-de-2022\/#breadcrumb\"},\"inLanguage\":\"pt-BR\",\"potentialAction\":[{\"@type\":\"ReadAction\",\"target\":[\"https:\/\/redelog.rj.gov.br\/redelog\/decreto-no-48-013-de-04-de-abril-de-2022\/\"]}]},{\"@type\":\"BreadcrumbList\",\"@id\":\"https:\/\/redelog.rj.gov.br\/redelog\/decreto-no-48-013-de-04-de-abril-de-2022\/#breadcrumb\",\"itemListElement\":[{\"@type\":\"ListItem\",\"position\":1,\"name\":\"Home\",\"item\":\"https:\/\/redelog.rj.gov.br\/redelog\/\"},{\"@type\":\"ListItem\",\"position\":2,\"name\":\"DECRETO N\u00ba 48.013, DE 04 DE ABRIL DE 2022\"}]},{\"@type\":\"WebSite\",\"@id\":\"https:\/\/redelog.rj.gov.br\/redelog\/#website\",\"url\":\"https:\/\/redelog.rj.gov.br\/redelog\/\",\"name\":\"Redelog\",\"description\":\"Site da Rede de Log\u00edstica e Planejamento do Estado do Rio de Janeiro\",\"publisher\":{\"@id\":\"https:\/\/redelog.rj.gov.br\/redelog\/#organization\"},\"potentialAction\":[{\"@type\":\"SearchAction\",\"target\":{\"@type\":\"EntryPoint\",\"urlTemplate\":\"https:\/\/redelog.rj.gov.br\/redelog\/?s={search_term_string}\"},\"query-input\":{\"@type\":\"PropertyValueSpecification\",\"valueRequired\":true,\"valueName\":\"search_term_string\"}}],\"inLanguage\":\"pt-BR\"},{\"@type\":\"Organization\",\"@id\":\"https:\/\/redelog.rj.gov.br\/redelog\/#organization\",\"name\":\"REDELOG\",\"url\":\"https:\/\/redelog.rj.gov.br\/redelog\/\",\"logo\":{\"@type\":\"ImageObject\",\"inLanguage\":\"pt-BR\",\"@id\":\"https:\/\/redelog.rj.gov.br\/redelog\/#\/schema\/logo\/image\/\",\"url\":\"http:\/\/10.10.8.100:8888\/redelog\/wp-content\/uploads\/2019\/09\/Redelog2.png\",\"contentUrl\":\"http:\/\/10.10.8.100:8888\/redelog\/wp-content\/uploads\/2019\/09\/Redelog2.png\",\"width\":565,\"height\":155,\"caption\":\"REDELOG\"},\"image\":{\"@id\":\"https:\/\/redelog.rj.gov.br\/redelog\/#\/schema\/logo\/image\/\"}},{\"@type\":\"Person\",\"@id\":\"https:\/\/redelog.rj.gov.br\/redelog\/#\/schema\/person\/711e4a03f3b5eeb4ffeb92a63daecd59\",\"name\":\"Rejane\",\"image\":{\"@type\":\"ImageObject\",\"inLanguage\":\"pt-BR\",\"@id\":\"https:\/\/redelog.rj.gov.br\/redelog\/#\/schema\/person\/image\/\",\"url\":\"https:\/\/secure.gravatar.com\/avatar\/9e2f6efb183531871283cb363403afe7c22e3efb129d9e809e5824cd145dd3a8?s=96&d=mm&r=g\",\"contentUrl\":\"https:\/\/secure.gravatar.com\/avatar\/9e2f6efb183531871283cb363403afe7c22e3efb129d9e809e5824cd145dd3a8?s=96&d=mm&r=g\",\"caption\":\"Rejane\"},\"url\":\"https:\/\/redelog.rj.gov.br\/redelog\/author\/rejane\/\"}]}<\/script>\n<!-- \/ Yoast SEO plugin. -->","yoast_head_json":{"title":"DECRETO N\u00ba 48.013, DE 04 DE ABRIL DE 2022 - Redelog","robots":{"index":"index","follow":"follow","max-snippet":"max-snippet:-1","max-image-preview":"max-image-preview:large","max-video-preview":"max-video-preview:-1"},"canonical":"https:\/\/redelog.rj.gov.br\/redelog\/decreto-no-48-013-de-04-de-abril-de-2022\/","og_locale":"pt_BR","og_type":"article","og_title":"DECRETO N\u00ba 48.013, DE 04 DE ABRIL DE 2022 - Redelog","og_description":"DISP\u00d5E SOBRE AS DIRETRIZES DE ASSINATURAS ELETR\u00d4NICAS NO \u00c2MBITO DA ADMINISTRA\u00c7\u00c3O P\u00daBLICA DO PODER EXECUTIVO DO ESTADO DO RIO DE JANEIRO. O GOVERNADOR DO ESTADO DO RIO DE JANEIRO, no uso de suas atribui\u00e7\u00f5es constitucionais e legais, tendo em vista o que consta do Processo n\u00ba SEI-150016\/000448\/2022, CONSIDERANDO:&#8211; a Emenda Constitucional n\u00ba 115, de 10 [&hellip;]","og_url":"https:\/\/redelog.rj.gov.br\/redelog\/decreto-no-48-013-de-04-de-abril-de-2022\/","og_site_name":"Redelog","article_published_time":"2022-04-05T12:45:54+00:00","article_modified_time":"2022-04-05T13:03:16+00:00","author":"Rejane","twitter_card":"summary_large_image","twitter_misc":{"Escrito por":"Rejane","Est. tempo de leitura":"3 minutos"},"schema":{"@context":"https:\/\/schema.org","@graph":[{"@type":"Article","@id":"https:\/\/redelog.rj.gov.br\/redelog\/decreto-no-48-013-de-04-de-abril-de-2022\/#article","isPartOf":{"@id":"https:\/\/redelog.rj.gov.br\/redelog\/decreto-no-48-013-de-04-de-abril-de-2022\/"},"author":{"name":"Rejane","@id":"https:\/\/redelog.rj.gov.br\/redelog\/#\/schema\/person\/711e4a03f3b5eeb4ffeb92a63daecd59"},"headline":"DECRETO N\u00ba 48.013, DE 04 DE ABRIL DE 2022","datePublished":"2022-04-05T12:45:54+00:00","dateModified":"2022-04-05T13:03:16+00:00","mainEntityOfPage":{"@id":"https:\/\/redelog.rj.gov.br\/redelog\/decreto-no-48-013-de-04-de-abril-de-2022\/"},"wordCount":2146,"publisher":{"@id":"https:\/\/redelog.rj.gov.br\/redelog\/#organization"},"articleSection":["Legisla\u00e7\u00e3o"],"inLanguage":"pt-BR"},{"@type":"WebPage","@id":"https:\/\/redelog.rj.gov.br\/redelog\/decreto-no-48-013-de-04-de-abril-de-2022\/","url":"https:\/\/redelog.rj.gov.br\/redelog\/decreto-no-48-013-de-04-de-abril-de-2022\/","name":"DECRETO N\u00ba 48.013, DE 04 DE ABRIL DE 2022 - Redelog","isPartOf":{"@id":"https:\/\/redelog.rj.gov.br\/redelog\/#website"},"datePublished":"2022-04-05T12:45:54+00:00","dateModified":"2022-04-05T13:03:16+00:00","breadcrumb":{"@id":"https:\/\/redelog.rj.gov.br\/redelog\/decreto-no-48-013-de-04-de-abril-de-2022\/#breadcrumb"},"inLanguage":"pt-BR","potentialAction":[{"@type":"ReadAction","target":["https:\/\/redelog.rj.gov.br\/redelog\/decreto-no-48-013-de-04-de-abril-de-2022\/"]}]},{"@type":"BreadcrumbList","@id":"https:\/\/redelog.rj.gov.br\/redelog\/decreto-no-48-013-de-04-de-abril-de-2022\/#breadcrumb","itemListElement":[{"@type":"ListItem","position":1,"name":"Home","item":"https:\/\/redelog.rj.gov.br\/redelog\/"},{"@type":"ListItem","position":2,"name":"DECRETO N\u00ba 48.013, DE 04 DE ABRIL DE 2022"}]},{"@type":"WebSite","@id":"https:\/\/redelog.rj.gov.br\/redelog\/#website","url":"https:\/\/redelog.rj.gov.br\/redelog\/","name":"Redelog","description":"Site da Rede de Log\u00edstica e Planejamento do Estado do Rio de Janeiro","publisher":{"@id":"https:\/\/redelog.rj.gov.br\/redelog\/#organization"},"potentialAction":[{"@type":"SearchAction","target":{"@type":"EntryPoint","urlTemplate":"https:\/\/redelog.rj.gov.br\/redelog\/?s={search_term_string}"},"query-input":{"@type":"PropertyValueSpecification","valueRequired":true,"valueName":"search_term_string"}}],"inLanguage":"pt-BR"},{"@type":"Organization","@id":"https:\/\/redelog.rj.gov.br\/redelog\/#organization","name":"REDELOG","url":"https:\/\/redelog.rj.gov.br\/redelog\/","logo":{"@type":"ImageObject","inLanguage":"pt-BR","@id":"https:\/\/redelog.rj.gov.br\/redelog\/#\/schema\/logo\/image\/","url":"http:\/\/10.10.8.100:8888\/redelog\/wp-content\/uploads\/2019\/09\/Redelog2.png","contentUrl":"http:\/\/10.10.8.100:8888\/redelog\/wp-content\/uploads\/2019\/09\/Redelog2.png","width":565,"height":155,"caption":"REDELOG"},"image":{"@id":"https:\/\/redelog.rj.gov.br\/redelog\/#\/schema\/logo\/image\/"}},{"@type":"Person","@id":"https:\/\/redelog.rj.gov.br\/redelog\/#\/schema\/person\/711e4a03f3b5eeb4ffeb92a63daecd59","name":"Rejane","image":{"@type":"ImageObject","inLanguage":"pt-BR","@id":"https:\/\/redelog.rj.gov.br\/redelog\/#\/schema\/person\/image\/","url":"https:\/\/secure.gravatar.com\/avatar\/9e2f6efb183531871283cb363403afe7c22e3efb129d9e809e5824cd145dd3a8?s=96&d=mm&r=g","contentUrl":"https:\/\/secure.gravatar.com\/avatar\/9e2f6efb183531871283cb363403afe7c22e3efb129d9e809e5824cd145dd3a8?s=96&d=mm&r=g","caption":"Rejane"},"url":"https:\/\/redelog.rj.gov.br\/redelog\/author\/rejane\/"}]}},"_links":{"self":[{"href":"https:\/\/redelog.rj.gov.br\/redelog\/wp-json\/wp\/v2\/posts\/17293","targetHints":{"allow":["GET"]}}],"collection":[{"href":"https:\/\/redelog.rj.gov.br\/redelog\/wp-json\/wp\/v2\/posts"}],"about":[{"href":"https:\/\/redelog.rj.gov.br\/redelog\/wp-json\/wp\/v2\/types\/post"}],"author":[{"embeddable":true,"href":"https:\/\/redelog.rj.gov.br\/redelog\/wp-json\/wp\/v2\/users\/9"}],"replies":[{"embeddable":true,"href":"https:\/\/redelog.rj.gov.br\/redelog\/wp-json\/wp\/v2\/comments?post=17293"}],"version-history":[{"count":19,"href":"https:\/\/redelog.rj.gov.br\/redelog\/wp-json\/wp\/v2\/posts\/17293\/revisions"}],"predecessor-version":[{"id":17318,"href":"https:\/\/redelog.rj.gov.br\/redelog\/wp-json\/wp\/v2\/posts\/17293\/revisions\/17318"}],"wp:attachment":[{"href":"https:\/\/redelog.rj.gov.br\/redelog\/wp-json\/wp\/v2\/media?parent=17293"}],"wp:term":[{"taxonomy":"category","embeddable":true,"href":"https:\/\/redelog.rj.gov.br\/redelog\/wp-json\/wp\/v2\/categories?post=17293"},{"taxonomy":"post_tag","embeddable":true,"href":"https:\/\/redelog.rj.gov.br\/redelog\/wp-json\/wp\/v2\/tags?post=17293"}],"curies":[{"name":"wp","href":"https:\/\/api.w.org\/{rel}","templated":true}]}}