{"id":15353,"date":"2022-02-18T09:10:17","date_gmt":"2022-02-18T12:10:17","guid":{"rendered":"http:\/\/redelog.rj.gov.br\/redelog\/?p=15353"},"modified":"2024-02-21T10:57:17","modified_gmt":"2024-02-21T13:57:17","slug":"resolucao-seplag-no-106-de-15-de-fevereiro-de-2022","status":"publish","type":"post","link":"https:\/\/redelog.rj.gov.br\/redelog\/resolucao-seplag-no-106-de-15-de-fevereiro-de-2022\/","title":{"rendered":"RESOLU\u00c7\u00c3O SEPLAG N\u00ba 106, DE 15 DE FEVEREIRO DE 2022"},"content":{"rendered":"\t\t<div data-elementor-type=\"wp-post\" data-elementor-id=\"15353\" class=\"elementor elementor-15353\" data-elementor-post-type=\"post\">\n\t\t\t\t\t\t<section class=\"elementor-section elementor-top-section elementor-element elementor-element-54679bb elementor-section-boxed elementor-section-height-default elementor-section-height-default\" data-id=\"54679bb\" data-element_type=\"section\" data-settings=\"{&quot;jet_parallax_layout_list&quot;:[{&quot;jet_parallax_layout_image&quot;:{&quot;url&quot;:&quot;&quot;,&quot;id&quot;:&quot;&quot;,&quot;size&quot;:&quot;&quot;},&quot;_id&quot;:&quot;17d107f&quot;,&quot;jet_parallax_layout_image_tablet&quot;:{&quot;url&quot;:&quot;&quot;,&quot;id&quot;:&quot;&quot;,&quot;size&quot;:&quot;&quot;},&quot;jet_parallax_layout_image_mobile&quot;:{&quot;url&quot;:&quot;&quot;,&quot;id&quot;:&quot;&quot;,&quot;size&quot;:&quot;&quot;},&quot;jet_parallax_layout_speed&quot;:{&quot;unit&quot;:&quot;%&quot;,&quot;size&quot;:50,&quot;sizes&quot;:[]},&quot;jet_parallax_layout_type&quot;:&quot;scroll&quot;,&quot;jet_parallax_layout_direction&quot;:&quot;1&quot;,&quot;jet_parallax_layout_fx_direction&quot;:null,&quot;jet_parallax_layout_z_index&quot;:&quot;&quot;,&quot;jet_parallax_layout_bg_x&quot;:50,&quot;jet_parallax_layout_bg_x_tablet&quot;:&quot;&quot;,&quot;jet_parallax_layout_bg_x_mobile&quot;:&quot;&quot;,&quot;jet_parallax_layout_bg_y&quot;:50,&quot;jet_parallax_layout_bg_y_tablet&quot;:&quot;&quot;,&quot;jet_parallax_layout_bg_y_mobile&quot;:&quot;&quot;,&quot;jet_parallax_layout_bg_size&quot;:&quot;auto&quot;,&quot;jet_parallax_layout_bg_size_tablet&quot;:&quot;&quot;,&quot;jet_parallax_layout_bg_size_mobile&quot;:&quot;&quot;,&quot;jet_parallax_layout_animation_prop&quot;:&quot;transform&quot;,&quot;jet_parallax_layout_on&quot;:[&quot;desktop&quot;,&quot;tablet&quot;]}]}\">\n\t\t\t\t\t\t<div class=\"elementor-container elementor-column-gap-default\">\n\t\t\t\t\t<div class=\"elementor-column elementor-col-100 elementor-top-column elementor-element elementor-element-abe6abd\" data-id=\"abe6abd\" data-element_type=\"column\">\n\t\t\t<div class=\"elementor-widget-wrap elementor-element-populated\">\n\t\t\t\t\t\t<section class=\"elementor-section elementor-inner-section elementor-element elementor-element-e54ab34 elementor-section-boxed elementor-section-height-default elementor-section-height-default\" data-id=\"e54ab34\" data-element_type=\"section\" data-settings=\"{&quot;jet_parallax_layout_list&quot;:[{&quot;jet_parallax_layout_image&quot;:{&quot;url&quot;:&quot;&quot;,&quot;id&quot;:&quot;&quot;,&quot;size&quot;:&quot;&quot;},&quot;_id&quot;:&quot;b8c0cc7&quot;,&quot;jet_parallax_layout_image_tablet&quot;:{&quot;url&quot;:&quot;&quot;,&quot;id&quot;:&quot;&quot;,&quot;size&quot;:&quot;&quot;},&quot;jet_parallax_layout_image_mobile&quot;:{&quot;url&quot;:&quot;&quot;,&quot;id&quot;:&quot;&quot;,&quot;size&quot;:&quot;&quot;},&quot;jet_parallax_layout_speed&quot;:{&quot;unit&quot;:&quot;%&quot;,&quot;size&quot;:50,&quot;sizes&quot;:[]},&quot;jet_parallax_layout_type&quot;:&quot;scroll&quot;,&quot;jet_parallax_layout_direction&quot;:&quot;1&quot;,&quot;jet_parallax_layout_fx_direction&quot;:null,&quot;jet_parallax_layout_z_index&quot;:&quot;&quot;,&quot;jet_parallax_layout_bg_x&quot;:50,&quot;jet_parallax_layout_bg_x_tablet&quot;:&quot;&quot;,&quot;jet_parallax_layout_bg_x_mobile&quot;:&quot;&quot;,&quot;jet_parallax_layout_bg_y&quot;:50,&quot;jet_parallax_layout_bg_y_tablet&quot;:&quot;&quot;,&quot;jet_parallax_layout_bg_y_mobile&quot;:&quot;&quot;,&quot;jet_parallax_layout_bg_size&quot;:&quot;auto&quot;,&quot;jet_parallax_layout_bg_size_tablet&quot;:&quot;&quot;,&quot;jet_parallax_layout_bg_size_mobile&quot;:&quot;&quot;,&quot;jet_parallax_layout_animation_prop&quot;:&quot;transform&quot;,&quot;jet_parallax_layout_on&quot;:[&quot;desktop&quot;,&quot;tablet&quot;]}]}\">\n\t\t\t\t\t\t<div class=\"elementor-container elementor-column-gap-default\">\n\t\t\t\t\t<div class=\"elementor-column elementor-col-50 elementor-inner-column elementor-element elementor-element-265154f\" data-id=\"265154f\" data-element_type=\"column\">\n\t\t\t<div class=\"elementor-widget-wrap\">\n\t\t\t\t\t\t\t<\/div>\n\t\t<\/div>\n\t\t\t\t<div class=\"elementor-column elementor-col-50 elementor-inner-column elementor-element elementor-element-5f9f038\" data-id=\"5f9f038\" data-element_type=\"column\">\n\t\t\t<div class=\"elementor-widget-wrap elementor-element-populated\">\n\t\t\t\t\t\t<div class=\"elementor-element elementor-element-c6fae6f elementor-widget elementor-widget-text-editor\" data-id=\"c6fae6f\" data-element_type=\"widget\" data-widget_type=\"text-editor.default\">\n\t\t\t\t\t\t\t\t\t<p style=\"text-align: justify;\"><del><b>REGULAMENTA\u00a0A REDE DE GESTORES DE COMPRAS \u2013 REDECOMPRAS, CRIADA PELO DECRETO N\u00ba 47.680 DE 12 DE JULHO DE 2021, E D\u00c1 OUTRAS PROVID\u00caNCIAS.<\/b><\/del><\/p>\t\t\t\t\t\t\t\t<\/div>\n\t\t\t\t\t<\/div>\n\t\t<\/div>\n\t\t\t\t\t<\/div>\n\t\t<\/section>\n\t\t\t\t\t<\/div>\n\t\t<\/div>\n\t\t\t\t\t<\/div>\n\t\t<\/section>\n\t\t\t\t<section class=\"elementor-section elementor-top-section elementor-element elementor-element-c85a434 elementor-section-boxed elementor-section-height-default elementor-section-height-default\" data-id=\"c85a434\" data-element_type=\"section\" data-settings=\"{&quot;jet_parallax_layout_list&quot;:[{&quot;jet_parallax_layout_image&quot;:{&quot;url&quot;:&quot;&quot;,&quot;id&quot;:&quot;&quot;,&quot;size&quot;:&quot;&quot;},&quot;_id&quot;:&quot;e6bbb1d&quot;,&quot;jet_parallax_layout_image_tablet&quot;:{&quot;url&quot;:&quot;&quot;,&quot;id&quot;:&quot;&quot;,&quot;size&quot;:&quot;&quot;},&quot;jet_parallax_layout_image_mobile&quot;:{&quot;url&quot;:&quot;&quot;,&quot;id&quot;:&quot;&quot;,&quot;size&quot;:&quot;&quot;},&quot;jet_parallax_layout_speed&quot;:{&quot;unit&quot;:&quot;%&quot;,&quot;size&quot;:50,&quot;sizes&quot;:[]},&quot;jet_parallax_layout_type&quot;:&quot;scroll&quot;,&quot;jet_parallax_layout_direction&quot;:&quot;1&quot;,&quot;jet_parallax_layout_fx_direction&quot;:null,&quot;jet_parallax_layout_z_index&quot;:&quot;&quot;,&quot;jet_parallax_layout_bg_x&quot;:50,&quot;jet_parallax_layout_bg_x_tablet&quot;:&quot;&quot;,&quot;jet_parallax_layout_bg_x_mobile&quot;:&quot;&quot;,&quot;jet_parallax_layout_bg_y&quot;:50,&quot;jet_parallax_layout_bg_y_tablet&quot;:&quot;&quot;,&quot;jet_parallax_layout_bg_y_mobile&quot;:&quot;&quot;,&quot;jet_parallax_layout_bg_size&quot;:&quot;auto&quot;,&quot;jet_parallax_layout_bg_size_tablet&quot;:&quot;&quot;,&quot;jet_parallax_layout_bg_size_mobile&quot;:&quot;&quot;,&quot;jet_parallax_layout_animation_prop&quot;:&quot;transform&quot;,&quot;jet_parallax_layout_on&quot;:[&quot;desktop&quot;,&quot;tablet&quot;]}]}\">\n\t\t\t\t\t\t<div class=\"elementor-container elementor-column-gap-default\">\n\t\t\t\t\t<div class=\"elementor-column elementor-col-100 elementor-top-column elementor-element elementor-element-48728cc\" data-id=\"48728cc\" data-element_type=\"column\">\n\t\t\t<div class=\"elementor-widget-wrap elementor-element-populated\">\n\t\t\t\t\t\t<div class=\"elementor-element elementor-element-29385b0 elementor-widget elementor-widget-text-editor\" data-id=\"29385b0\" data-element_type=\"widget\" data-widget_type=\"text-editor.default\">\n\t\t\t\t\t\t\t\t\t<p class=\"Texto_Justificado_Recuo_Primeira_Linha\"><del><strong>O SECRET\u00c1RIO DE ESTADO DE PLANEJAMENTO E GEST\u00c3O,\u00a0<\/strong>no uso de suas atribui\u00e7\u00f5es legais, observando o disposto no art. 11 do Decreto n\u00ba 47.680, de 12 de julho de 2021, tendo em vista o que consta no Processo Administrativo n\u00ba SEI-120001\/012058\/2021,<\/del><\/p><p class=\"Texto_Justificado_Recuo_Primeira_Linha\"><del><strong>CONSIDERANDO:<\/strong><\/del><\/p><p class=\"Texto_Justificado_Recuo_Primeira_Linha\"><del>&#8211; a necessidade de disciplinar e uniformizar os procedimentos para a execu\u00e7\u00e3o das atividades relacionadas \u00e0 Rede de Gestores de Compras &#8211; REDECOMPRAS;<\/del><\/p><p class=\"Texto_Justificado_Recuo_Primeira_Linha\"><del>&#8211; a necessidade de manter os Gestores e demais usu\u00e1rios dos sistemas Compras.gov.br e Contratos.RJ capacitados e atualizados, visando obter maior efici\u00eancia na gest\u00e3o das contrata\u00e7\u00f5es p\u00fablicas; e<\/del><\/p><p class=\"Texto_Justificado_Recuo_Primeira_Linha\"><del>&#8211; o disposto no Art. 8\u00ba do Decreto n\u00ba 46.050, de 26 de julho de 2017, que cria a Rede Log\u00edstica do Poder Executivo do Estado do Rio de Janeiro \u2013 REDELOG, e d\u00e1 outras provid\u00eancias.<\/del><\/p><p class=\"Texto_Justificado_Recuo_Primeira_Linha\"><del><strong>RESOLVE:<\/strong><\/del><\/p><p class=\"Texto_Justificado_Recuo_Primeira_Linha\"><del><strong>Art. 1\u00ba &#8211;\u00a0<\/strong>A presente Resolu\u00e7\u00e3o regulamenta a Rede de Gestores de Compras\u00a0\u2013 REDECOMPRAS, institu\u00edda\u00a0pelo Art. 11 do Decreto n\u00ba 47.680, de 12 de julho de 2021, no \u00e2mbito do Poder Executivo da Administra\u00e7\u00e3o P\u00fablica Estadual.<\/del><\/p><p class=\"Texto_Justificado_Recuo_Primeira_Linha\"><del><strong>Par\u00e1grafo \u00danico \u2013<\/strong>\u00a0A REDECOMPRAS tem por objetivos estabelecer diretrizes para a atua\u00e7\u00e3o dos seus integrantes e padronizar os procedimentos relativos \u00e0s suas atribui\u00e7\u00f5es.<\/del><\/p><p class=\"Texto_Justificado_Recuo_Primeira_Linha\"><del><strong>Art. 2\u00ba &#8211;\u00a0<\/strong>Para fins desta Resolu\u00e7\u00e3o, considera-se:<\/del><\/p><p class=\"Texto_Justificado_Recuo_Primeira_Linha\"><del>I &#8211;\u00a0<strong>Sistema Integrado de Administra\u00e7\u00e3o e Servi\u00e7os Gerais \u2013 SIASG<\/strong>, institu\u00eddo pelo Art. 7\u00ba do Decreto Federal n\u00ba 1.094, de 23 de mar\u00e7o de 1994: plataforma do Governo Federal composta por diversos subsistemas ou m\u00f3dulos destinados \u00e0 execu\u00e7\u00e3o de atividades relacionadas \u00e0s contrata\u00e7\u00f5es p\u00fablicas, entre eles: Compras.gov.br \u2013 Portal de Compras do Governo Federal, Sistema de Gest\u00e3o de Acesso \u2013 SGA, Cat\u00e1logo de Materiais &#8211; CATMAT, Cat\u00e1logo de Servi\u00e7os &#8211; CATSER,\u00a0Sistema de Cadastramento Unificado de Fornecedores \u2013 SICAF, Sistema ETP Digital, Sistema de Gest\u00e3o de Riscos, Sistema de Registro de Pre\u00e7os \u2013 SISRP, Sistema de Divulga\u00e7\u00e3o Eletr\u00f4nica de Compras e Contrata\u00e7\u00f5es \u2013 SIDEC, \u00c1rea de Trabalho;<\/del><\/p><p class=\"Texto_Justificado_Recuo_Primeira_Linha\"><del>II \u2013\u00a0<strong>Sistema Compras.gov.br:<\/strong>\u00a0ferramenta informatizada disponibilizada pelo Governo Federal para a realiza\u00e7\u00e3o dos procedimentos de contrata\u00e7\u00f5es p\u00fablicas;<\/del><\/p><p class=\"Texto_Justificado_Recuo_Primeira_Linha\"><del>III \u2013\u00a0<strong>Contratos.RJ<\/strong>: ferramenta informatizada disponibilizada pela Secretaria de Planejamento e Gest\u00e3o \u2013 SEPLAG para a integra\u00e7\u00e3o das informa\u00e7\u00f5es de sele\u00e7\u00e3o do fornecedor realizada no Compras.gov.br, efetiva\u00e7\u00e3o da contrata\u00e7\u00e3o e integra\u00e7\u00e3o de suas informa\u00e7\u00f5es com o SIAFE-Rio para empenho da despesa e com o Portal Nacional de Contrata\u00e7\u00f5es P\u00fablicas \u2013 PNCP para publicidade;<\/del><\/p><p class=\"Texto_Justificado_Recuo_Primeira_Linha\"><del>IV &#8211;\u00a0<strong>Sistema Integrado de Gest\u00e3o Or\u00e7ament\u00e1ria, Financeira e Cont\u00e1bil do Rio de Janeiro \u2013 SIAFE-Rio<\/strong>, institu\u00eddo pelo Decreto n\u00ba 45.526, de 28 de dezembro de 2015: ferramenta utilizada para registro, acompanhamento e controle da execu\u00e7\u00e3o or\u00e7ament\u00e1ria, financeira e patrimonial do Governo do Estado do Rio de Janeiro, sob gest\u00e3o da Secretaria de Estado de Fazenda &#8211; SEFAZ; e<\/del><\/p><p class=\"Texto_Justificado_Recuo_Primeira_Linha\"><del>V &#8211;\u00a0<strong>\u00d3rg\u00e3o Central do Sistema Log\u00edstico:<\/strong>\u00a0composto pela Secretaria de Estado de Planejamento e Gest\u00e3o \u2013 SEPLAG, a quem compete planejar, normatizar e supervisionar o SISLOG, conforme disposto no Decreto n\u00ba 42.092, de 27 de outubro de 2009.<\/del><\/p><p class=\"Texto_Justificado_Recuo_Primeira_Linha\"><del><strong>Art. 3\u00ba &#8211;\u00a0<\/strong>Caber\u00e1 ao \u00d3rg\u00e3o Central do Sistema Log\u00edstico as atribui\u00e7\u00f5es de supervis\u00e3o e coordena\u00e7\u00e3o geral das atividades relacionadas \u00e0\u00a0REDECOMPRAS,\u00a0que ser\u00e3o desempenhadas por meio de gerente formalmente designado e respectivo apoio.<\/del><\/p><p class=\"Texto_Justificado_Recuo_Primeira_Linha\"><del><strong>Art. 4\u00ba &#8211;<\/strong>\u00a0S\u00e3o integrantes da\u00a0REDECOMPRAS:<\/del><\/p><p class=\"Texto_Justificado_Recuo_Primeira_Linha\"><del>I &#8211;\u00a0o Gerente da REDECOMPRAS e seu apoio, designados por ato do \u00d3rg\u00e3o Central do Sistema Log\u00edstico publicado em Di\u00e1rio Oficial; e<\/del><\/p><p class=\"Texto_Justificado_Recuo_Primeira_Linha\"><del>II<strong>\u00a0&#8211;\u00a0<\/strong>os Gestores Setoriais que atuar\u00e3o nos sistemas Compras.gov.br e Contratos.RJ, formalmente designados pelos \u00f3rg\u00e3os e entidades da Administra\u00e7\u00e3o P\u00fablica Estadual para o exerc\u00edcio desta fun\u00e7\u00e3o dentre os servidores que atuam em contrata\u00e7\u00f5es p\u00fablicas conforme requisitos estabelecidos no art. 7\u00ba, da Lei Federal n\u00ba 14.133, de 1\u00ba de abril de 2021.<\/del><\/p><p class=\"Texto_Justificado_Recuo_Primeira_Linha\"><del><strong>Par\u00e1grafo \u00danico &#8211;<\/strong>\u00a0As fun\u00e7\u00f5es exercidas pelos membros da REDECOMPRAS ser\u00e3o consideradas de relevante interesse p\u00fablico, n\u00e3o sendo remuneradas a qualquer t\u00edtulo.<\/del><\/p><p class=\"Texto_Justificado_Recuo_Primeira_Linha\"><del><strong>Art. 5\u00ba &#8211;\u00a0<\/strong>A admiss\u00e3o do servidor das unidades setoriais na REDECOMPRAS seguir\u00e1 as seguintes etapas:<\/del><\/p><p class=\"Texto_Justificado_Recuo_Primeira_Linha\"><del>I &#8211;\u00a0designa\u00e7\u00e3o formal de um ou mais servidores para a fun\u00e7\u00e3o de Gestor Setorial da REDECOMPRAS pelo titular do \u00f3rg\u00e3o ou entidade no qual exercer\u00e1 a fun\u00e7\u00e3o por meio de Of\u00edcio \u00e0 Subsecretaria de Log\u00edstica\u00a0\u2013\u00a0SUBLOG da SEPLAG em processo espec\u00edfico no Sistema Eletr\u00f4nico de Informa\u00e7\u00f5es &#8211; SEI;<\/del><\/p><p class=\"Texto_Justificado_Recuo_Primeira_Linha\"><del>II &#8211; publica\u00e7\u00e3o\u00a0do nome do Gestor Setorial indicado no Portal da REDECOMPRAS; e<\/del><\/p><p class=\"Texto_Justificado_Recuo_Primeira_Linha\"><del>III &#8211;\u00a0capacita\u00e7\u00e3o espec\u00edfica sob a responsabilidade da REDECOMPRAS.<\/del><\/p><p class=\"Texto_Justificado_Recuo_Primeira_Linha\"><del><strong>Par\u00e1grafo \u00danico\u00a0<\/strong>&#8211; O procedimento de admiss\u00e3o na REDECOMPRAS ser\u00e1 de iniciativa obrigat\u00f3ria do \u00f3rg\u00e3o ou entidade designante dos respectivos Gestores da REDECOMPRAS.<\/del><\/p><p class=\"Texto_Justificado_Recuo_Primeira_Linha\"><del><strong>Art. 6\u00ba &#8211;\u00a0<\/strong>A exclus\u00e3o de um servidor da REDECOMPRAS dar-se-\u00e1 por iniciativa exclusiva do \u00f3rg\u00e3o ou entidade ao qual o servidor estiver vinculado, e sua substitui\u00e7\u00e3o dever\u00e1 ser informada atrav\u00e9s de of\u00edcio de designa\u00e7\u00e3o do novo gestor na forma do art. 5\u00ba desta Resolu\u00e7\u00e3o.<\/del><\/p><p class=\"Texto_Justificado_Recuo_Primeira_Linha\"><del><strong>Art. 7\u00ba &#8211;\u00a0<\/strong>Compete ao Gerente da REDECOMPRAS:<\/del><\/p><p class=\"Texto_Justificado_Recuo_Primeira_Linha\"><del>I &#8211; disseminar as normas e orienta\u00e7\u00f5es t\u00e9cnicas emanadas do \u00d3rg\u00e3o Central;<\/del><\/p><p class=\"Texto_Justificado_Recuo_Primeira_Linha\"><del>II &#8211; motivar e estimular a participa\u00e7\u00e3o e a coopera\u00e7\u00e3o entre os seus integrantes, visando a troca de conhecimentos e experi\u00eancias;<\/del><\/p><p class=\"Texto_Justificado_Recuo_Primeira_Linha\"><del>III &#8211; estabelecer objetivos comuns e metas em rela\u00e7\u00e3o aos assuntos de interesse da rede e seus integrantes;<\/del><\/p><p class=\"Texto_Justificado_Recuo_Primeira_Linha\"><del>IV &#8211; zelar pela coer\u00eancia e bom ambiente relacional, cuidando para que os assuntos tratados na rede tenham rela\u00e7\u00e3o com os objetivos comuns dos participantes, solucionando os conflitos que possam surgir;<\/del><\/p><p class=\"Texto_Justificado_Recuo_Primeira_Linha\"><del>V &#8211; divulgar not\u00edcias e atualiza\u00e7\u00f5es relacionadas aos objetivos da rede;<\/del><\/p><p class=\"Texto_Justificado_Recuo_Primeira_Linha\"><del>VI &#8211; planejar, divulgar e apoiar a realiza\u00e7\u00e3o das capacita\u00e7\u00f5es e demais eventos interativos;<\/del><\/p><p class=\"Texto_Justificado_Recuo_Primeira_Linha\"><del>VII &#8211; manter os registros de habilidades e de forma\u00e7\u00e3o profissional de seus integrantes.<\/del><\/p><p class=\"Texto_Justificado_Recuo_Primeira_Linha\"><del><strong>Art. 8\u00ba &#8211;\u00a0<\/strong>Compete ao Gestor Setorial da REDECOMPRAS:<\/del><\/p><p class=\"Texto_Justificado_Recuo_Primeira_Linha\"><del>I \u2013\u00a0atuar como intermedi\u00e1rio entre os usu\u00e1rios dos sistemas Compras.gov.br e Contratos.RJ de seu \u00f3rg\u00e3o ou entidade e:<\/del><\/p><p class=\"Texto_Justificado_Recuo_Primeira_Linha\"><del>a) o Gerente da REDECOMPRAS;<\/del><\/p><p class=\"Texto_Justificado_Recuo_Primeira_Linha\"><del>b) o \u00d3rg\u00e3o Central do Sistema Log\u00edstico; e<\/del><\/p><p class=\"Texto_Justificado_Recuo_Primeira_Linha\"><del>c) o Governo Federal, gestor do Compras.gov.br.<\/del><\/p><p class=\"Texto_Justificado_Recuo_Primeira_Linha\"><del>II &#8211;\u00a0atuar como primeiro contato de suporte aos usu\u00e1rios dos sistemas Compras.gov.br e Contratos.RJ de seu \u00f3rg\u00e3o ou entidade; e<\/del><\/p><p class=\"Texto_Justificado_Recuo_Primeira_Linha\"><del>III \u2013\u00a0identificar as necessidades de treinamento dos usu\u00e1rios dos sistemas Compras.gov.br e Contratos.RJ de seu \u00f3rg\u00e3o ou entidade.<\/del><\/p><p class=\"Texto_Justificado_Recuo_Primeira_Linha\"><del><strong>Art. 9\u00ba &#8211;<\/strong>\u00a0Cabe ao Gerente da REDECOMPRAS a cria\u00e7\u00e3o de canais de comunica\u00e7\u00e3o efetivos entre os integrantes da Rede.<\/del><\/p><p class=\"Texto_Justificado_Recuo_Primeira_Linha\"><del><strong>Par\u00e1grafo \u00danico &#8211;<\/strong>\u00a0Faculta-se a participa\u00e7\u00e3o de outros servidores que atuem nos sistemas Compras.gov.br e Contratos.RJ como convidados nos canais de comunica\u00e7\u00e3o referidos no\u00a0<em>caput\u00a0<\/em>deste artigo.<\/del><\/p><p class=\"Texto_Justificado_Recuo_Primeira_Linha\"><del><strong>Art. 10 \u2013<\/strong>\u00a0A Subsecretaria de Log\u00edstica poder\u00e1 expedir normas complementares a esta Resolu\u00e7\u00e3o.<\/del><\/p><p class=\"Texto_Justificado_Recuo_Primeira_Linha\"><del><strong>Art. 11 &#8211;\u00a0<\/strong>Esta Resolu\u00e7\u00e3o entrar\u00e1 em vigor na data da sua publica\u00e7\u00e3o.<\/del><\/p><p class=\"Texto_Alinhado_Esquerda\" style=\"text-align: center;\"><del>Rio de Janeiro, 15\u00a0 de\u00a0fevereiro de 2022<\/del><\/p><p class=\"Texto_Centralizado\" style=\"text-align: center;\"><del><strong>JOS\u00c9 LU\u00cdS CARDOSO ZAMITH<br \/><\/strong>Secret\u00e1rio de Estado de Planejamento e Gest\u00e3o<\/del><\/p><p style=\"text-align: right;\">Id: 2374269<\/p>\t\t\t\t\t\t\t\t<\/div>\n\t\t\t\t\t<\/div>\n\t\t<\/div>\n\t\t\t\t\t<\/div>\n\t\t<\/section>\n\t\t\t\t<section class=\"elementor-section elementor-top-section elementor-element elementor-element-ebf181d elementor-section-boxed elementor-section-height-default elementor-section-height-default\" data-id=\"ebf181d\" data-element_type=\"section\" data-settings=\"{&quot;jet_parallax_layout_list&quot;:[{&quot;jet_parallax_layout_image&quot;:{&quot;url&quot;:&quot;&quot;,&quot;id&quot;:&quot;&quot;,&quot;size&quot;:&quot;&quot;},&quot;_id&quot;:&quot;04dd098&quot;,&quot;jet_parallax_layout_image_tablet&quot;:{&quot;url&quot;:&quot;&quot;,&quot;id&quot;:&quot;&quot;,&quot;size&quot;:&quot;&quot;},&quot;jet_parallax_layout_image_mobile&quot;:{&quot;url&quot;:&quot;&quot;,&quot;id&quot;:&quot;&quot;,&quot;size&quot;:&quot;&quot;},&quot;jet_parallax_layout_speed&quot;:{&quot;unit&quot;:&quot;%&quot;,&quot;size&quot;:50,&quot;sizes&quot;:[]},&quot;jet_parallax_layout_type&quot;:&quot;scroll&quot;,&quot;jet_parallax_layout_direction&quot;:&quot;1&quot;,&quot;jet_parallax_layout_fx_direction&quot;:null,&quot;jet_parallax_layout_z_index&quot;:&quot;&quot;,&quot;jet_parallax_layout_bg_x&quot;:50,&quot;jet_parallax_layout_bg_x_tablet&quot;:&quot;&quot;,&quot;jet_parallax_layout_bg_x_mobile&quot;:&quot;&quot;,&quot;jet_parallax_layout_bg_y&quot;:50,&quot;jet_parallax_layout_bg_y_tablet&quot;:&quot;&quot;,&quot;jet_parallax_layout_bg_y_mobile&quot;:&quot;&quot;,&quot;jet_parallax_layout_bg_size&quot;:&quot;auto&quot;,&quot;jet_parallax_layout_bg_size_tablet&quot;:&quot;&quot;,&quot;jet_parallax_layout_bg_size_mobile&quot;:&quot;&quot;,&quot;jet_parallax_layout_animation_prop&quot;:&quot;transform&quot;,&quot;jet_parallax_layout_on&quot;:[&quot;desktop&quot;,&quot;tablet&quot;]}]}\">\n\t\t\t\t\t\t<div class=\"elementor-container elementor-column-gap-default\">\n\t\t\t\t\t<div class=\"elementor-column elementor-col-100 elementor-top-column elementor-element elementor-element-226f32a\" data-id=\"226f32a\" data-element_type=\"column\">\n\t\t\t<div class=\"elementor-widget-wrap elementor-element-populated\">\n\t\t\t\t\t\t<div class=\"elementor-element elementor-element-19222da elementor-widget elementor-widget-text-editor\" data-id=\"19222da\" data-element_type=\"widget\" data-widget_type=\"text-editor.default\">\n\t\t\t\t\t\t\t\t\t<p><em>Publicada no DOE em <strong><a href=\"https:\/\/www.redelog.rj.gov.br\/redelog\/wp-content\/uploads\/2022\/02\/Resolucao-SEPLAG-no-106-2022-Regulamenta-a-REDECOMPRAS.pdf\" target=\"_blank\" rel=\"noopener\">18\/01\/2022<\/a><\/strong>.<\/em><\/p><p>Revogada pela <a href=\"https:\/\/redelog.rj.gov.br\/redelog\/resolucao-seplag-no-272-de-08-de-fevereiro-de-2024\/\"><strong>Resolu\u00e7\u00e3o SEPLAG n\u00ba 272, de 08 de fevereiro de 2024<\/strong><\/a>, publicada no DOE do dia<strong><a href=\"https:\/\/www.redelog.rj.gov.br\/redelog\/wp-content\/uploads\/2024\/02\/Resolucao-SEPLAG-272-REDECOMPRAS.pdf\"> 21\/02\/2024<\/a>.<\/strong><\/p>\t\t\t\t\t\t\t\t<\/div>\n\t\t\t\t\t<\/div>\n\t\t<\/div>\n\t\t\t\t\t<\/div>\n\t\t<\/section>\n\t\t\t\t<section class=\"elementor-section elementor-top-section elementor-element elementor-element-46351a7 elementor-section-boxed elementor-section-height-default elementor-section-height-default\" data-id=\"46351a7\" data-element_type=\"section\" data-settings=\"{&quot;jet_parallax_layout_list&quot;:[{&quot;jet_parallax_layout_image&quot;:{&quot;url&quot;:&quot;&quot;,&quot;id&quot;:&quot;&quot;,&quot;size&quot;:&quot;&quot;},&quot;_id&quot;:&quot;ab030fc&quot;,&quot;jet_parallax_layout_image_tablet&quot;:{&quot;url&quot;:&quot;&quot;,&quot;id&quot;:&quot;&quot;,&quot;size&quot;:&quot;&quot;},&quot;jet_parallax_layout_image_mobile&quot;:{&quot;url&quot;:&quot;&quot;,&quot;id&quot;:&quot;&quot;,&quot;size&quot;:&quot;&quot;},&quot;jet_parallax_layout_speed&quot;:{&quot;unit&quot;:&quot;%&quot;,&quot;size&quot;:50,&quot;sizes&quot;:[]},&quot;jet_parallax_layout_type&quot;:&quot;scroll&quot;,&quot;jet_parallax_layout_direction&quot;:&quot;1&quot;,&quot;jet_parallax_layout_fx_direction&quot;:null,&quot;jet_parallax_layout_z_index&quot;:&quot;&quot;,&quot;jet_parallax_layout_bg_x&quot;:50,&quot;jet_parallax_layout_bg_x_tablet&quot;:&quot;&quot;,&quot;jet_parallax_layout_bg_x_mobile&quot;:&quot;&quot;,&quot;jet_parallax_layout_bg_y&quot;:50,&quot;jet_parallax_layout_bg_y_tablet&quot;:&quot;&quot;,&quot;jet_parallax_layout_bg_y_mobile&quot;:&quot;&quot;,&quot;jet_parallax_layout_bg_size&quot;:&quot;auto&quot;,&quot;jet_parallax_layout_bg_size_tablet&quot;:&quot;&quot;,&quot;jet_parallax_layout_bg_size_mobile&quot;:&quot;&quot;,&quot;jet_parallax_layout_animation_prop&quot;:&quot;transform&quot;,&quot;jet_parallax_layout_on&quot;:[&quot;desktop&quot;,&quot;tablet&quot;]}]}\">\n\t\t\t\t\t\t<div class=\"elementor-container elementor-column-gap-default\">\n\t\t\t\t\t<div class=\"elementor-column elementor-col-100 elementor-top-column elementor-element elementor-element-48969c2\" data-id=\"48969c2\" data-element_type=\"column\">\n\t\t\t<div class=\"elementor-widget-wrap elementor-element-populated\">\n\t\t\t\t\t\t<div class=\"elementor-element elementor-element-28d2426 elementor-widget-divider--view-line elementor-widget elementor-widget-divider\" data-id=\"28d2426\" data-element_type=\"widget\" data-widget_type=\"divider.default\">\n\t\t\t\t\t\t\t<div class=\"elementor-divider\">\n\t\t\t<span class=\"elementor-divider-separator\">\n\t\t\t\t\t\t<\/span>\n\t\t<\/div>\n\t\t\t\t\t\t<\/div>\n\t\t\t\t\t<\/div>\n\t\t<\/div>\n\t\t\t\t\t<\/div>\n\t\t<\/section>\n\t\t\t\t<section class=\"elementor-section elementor-top-section elementor-element elementor-element-b455592 elementor-section-boxed elementor-section-height-default elementor-section-height-default\" data-id=\"b455592\" data-element_type=\"section\" id=\"options\" data-settings=\"{&quot;jet_parallax_layout_list&quot;:[{&quot;jet_parallax_layout_image&quot;:{&quot;url&quot;:&quot;&quot;,&quot;id&quot;:&quot;&quot;,&quot;size&quot;:&quot;&quot;},&quot;_id&quot;:&quot;19d7213&quot;,&quot;jet_parallax_layout_image_tablet&quot;:{&quot;url&quot;:&quot;&quot;,&quot;id&quot;:&quot;&quot;,&quot;size&quot;:&quot;&quot;},&quot;jet_parallax_layout_image_mobile&quot;:{&quot;url&quot;:&quot;&quot;,&quot;id&quot;:&quot;&quot;,&quot;size&quot;:&quot;&quot;},&quot;jet_parallax_layout_speed&quot;:{&quot;unit&quot;:&quot;%&quot;,&quot;size&quot;:50,&quot;sizes&quot;:[]},&quot;jet_parallax_layout_type&quot;:&quot;scroll&quot;,&quot;jet_parallax_layout_direction&quot;:&quot;1&quot;,&quot;jet_parallax_layout_fx_direction&quot;:null,&quot;jet_parallax_layout_z_index&quot;:&quot;&quot;,&quot;jet_parallax_layout_bg_x&quot;:50,&quot;jet_parallax_layout_bg_x_tablet&quot;:&quot;&quot;,&quot;jet_parallax_layout_bg_x_mobile&quot;:&quot;&quot;,&quot;jet_parallax_layout_bg_y&quot;:50,&quot;jet_parallax_layout_bg_y_tablet&quot;:&quot;&quot;,&quot;jet_parallax_layout_bg_y_mobile&quot;:&quot;&quot;,&quot;jet_parallax_layout_bg_size&quot;:&quot;auto&quot;,&quot;jet_parallax_layout_bg_size_tablet&quot;:&quot;&quot;,&quot;jet_parallax_layout_bg_size_mobile&quot;:&quot;&quot;,&quot;jet_parallax_layout_animation_prop&quot;:&quot;transform&quot;,&quot;jet_parallax_layout_on&quot;:[&quot;desktop&quot;,&quot;tablet&quot;]}]}\">\n\t\t\t\t\t\t<div class=\"elementor-container elementor-column-gap-default\">\n\t\t\t\t\t<div class=\"elementor-column elementor-col-100 elementor-top-column elementor-element elementor-element-aea6bd6\" data-id=\"aea6bd6\" data-element_type=\"column\">\n\t\t\t<div class=\"elementor-widget-wrap elementor-element-populated\">\n\t\t\t\t\t\t<div class=\"elementor-element elementor-element-c61f07b elementor-widget elementor-widget-shortcode\" data-id=\"c61f07b\" data-element_type=\"widget\" data-widget_type=\"shortcode.default\">\n\t\t\t\t\t\t\t<div class=\"elementor-shortcode\"><div class='printomatic pom-default ' id='id5445' alt='Imprimir' title='Imprimir' data-print_target='#post-15353'><\/div> <div class='printomatictext' id='id5445' alt='Imprimir' title='Imprimir' data-print_target='#post-15353'>Imprimir<\/div><div style='clear: both;'><\/div><\/div>\n\t\t\t\t\t\t<\/div>\n\t\t\t\t<section class=\"elementor-section elementor-inner-section elementor-element elementor-element-dcc12e8 elementor-section-boxed elementor-section-height-default elementor-section-height-default\" data-id=\"dcc12e8\" data-element_type=\"section\" data-settings=\"{&quot;jet_parallax_layout_list&quot;:[{&quot;jet_parallax_layout_image&quot;:{&quot;url&quot;:&quot;&quot;,&quot;id&quot;:&quot;&quot;,&quot;size&quot;:&quot;&quot;},&quot;_id&quot;:&quot;ccec7d1&quot;,&quot;jet_parallax_layout_image_tablet&quot;:{&quot;url&quot;:&quot;&quot;,&quot;id&quot;:&quot;&quot;,&quot;size&quot;:&quot;&quot;},&quot;jet_parallax_layout_image_mobile&quot;:{&quot;url&quot;:&quot;&quot;,&quot;id&quot;:&quot;&quot;,&quot;size&quot;:&quot;&quot;},&quot;jet_parallax_layout_speed&quot;:{&quot;unit&quot;:&quot;%&quot;,&quot;size&quot;:50,&quot;sizes&quot;:[]},&quot;jet_parallax_layout_type&quot;:&quot;scroll&quot;,&quot;jet_parallax_layout_direction&quot;:&quot;1&quot;,&quot;jet_parallax_layout_fx_direction&quot;:null,&quot;jet_parallax_layout_z_index&quot;:&quot;&quot;,&quot;jet_parallax_layout_bg_x&quot;:50,&quot;jet_parallax_layout_bg_x_tablet&quot;:&quot;&quot;,&quot;jet_parallax_layout_bg_x_mobile&quot;:&quot;&quot;,&quot;jet_parallax_layout_bg_y&quot;:50,&quot;jet_parallax_layout_bg_y_tablet&quot;:&quot;&quot;,&quot;jet_parallax_layout_bg_y_mobile&quot;:&quot;&quot;,&quot;jet_parallax_layout_bg_size&quot;:&quot;auto&quot;,&quot;jet_parallax_layout_bg_size_tablet&quot;:&quot;&quot;,&quot;jet_parallax_layout_bg_size_mobile&quot;:&quot;&quot;,&quot;jet_parallax_layout_animation_prop&quot;:&quot;transform&quot;,&quot;jet_parallax_layout_on&quot;:[&quot;desktop&quot;,&quot;tablet&quot;]}]}\">\n\t\t\t\t\t\t<div class=\"elementor-container elementor-column-gap-default\">\n\t\t\t\t\t<div class=\"elementor-column elementor-col-50 elementor-inner-column elementor-element elementor-element-d4adb2f\" data-id=\"d4adb2f\" data-element_type=\"column\">\n\t\t\t<div class=\"elementor-widget-wrap elementor-element-populated\">\n\t\t\t\t\t\t<div class=\"elementor-element elementor-element-f88527e elementor-widget elementor-widget-text-editor\" data-id=\"f88527e\" data-element_type=\"widget\" data-widget_type=\"text-editor.default\">\n\t\t\t\t\t\t\t\t\t<p><strong><a href=\"http:\/\/redelog.rj.gov.br\/redelog\/legislacao-licitacoes\/\">\u2190 Voltar &#8211; Licita\u00e7\u00f5es<\/a><\/strong><\/p>\t\t\t\t\t\t\t\t<\/div>\n\t\t\t\t\t<\/div>\n\t\t<\/div>\n\t\t\t\t<div class=\"elementor-column elementor-col-50 elementor-inner-column elementor-element elementor-element-a0c62b1\" data-id=\"a0c62b1\" data-element_type=\"column\">\n\t\t\t<div class=\"elementor-widget-wrap elementor-element-populated\">\n\t\t\t\t\t\t\t<\/div>\n\t\t<\/div>\n\t\t\t\t\t<\/div>\n\t\t<\/section>\n\t\t\t\t\t<\/div>\n\t\t<\/div>\n\t\t\t\t\t<\/div>\n\t\t<\/section>\n\t\t\t\t<section class=\"elementor-section elementor-top-section elementor-element elementor-element-fd03f9e elementor-section-boxed elementor-section-height-default elementor-section-height-default\" data-id=\"fd03f9e\" data-element_type=\"section\" data-settings=\"{&quot;jet_parallax_layout_list&quot;:[{&quot;jet_parallax_layout_image&quot;:{&quot;url&quot;:&quot;&quot;,&quot;id&quot;:&quot;&quot;,&quot;size&quot;:&quot;&quot;},&quot;_id&quot;:&quot;22a0abb&quot;,&quot;jet_parallax_layout_image_tablet&quot;:{&quot;url&quot;:&quot;&quot;,&quot;id&quot;:&quot;&quot;,&quot;size&quot;:&quot;&quot;},&quot;jet_parallax_layout_image_mobile&quot;:{&quot;url&quot;:&quot;&quot;,&quot;id&quot;:&quot;&quot;,&quot;size&quot;:&quot;&quot;},&quot;jet_parallax_layout_speed&quot;:{&quot;unit&quot;:&quot;%&quot;,&quot;size&quot;:50,&quot;sizes&quot;:[]},&quot;jet_parallax_layout_type&quot;:&quot;scroll&quot;,&quot;jet_parallax_layout_direction&quot;:&quot;1&quot;,&quot;jet_parallax_layout_fx_direction&quot;:null,&quot;jet_parallax_layout_z_index&quot;:&quot;&quot;,&quot;jet_parallax_layout_bg_x&quot;:50,&quot;jet_parallax_layout_bg_x_tablet&quot;:&quot;&quot;,&quot;jet_parallax_layout_bg_x_mobile&quot;:&quot;&quot;,&quot;jet_parallax_layout_bg_y&quot;:50,&quot;jet_parallax_layout_bg_y_tablet&quot;:&quot;&quot;,&quot;jet_parallax_layout_bg_y_mobile&quot;:&quot;&quot;,&quot;jet_parallax_layout_bg_size&quot;:&quot;auto&quot;,&quot;jet_parallax_layout_bg_size_tablet&quot;:&quot;&quot;,&quot;jet_parallax_layout_bg_size_mobile&quot;:&quot;&quot;,&quot;jet_parallax_layout_animation_prop&quot;:&quot;transform&quot;,&quot;jet_parallax_layout_on&quot;:[&quot;desktop&quot;,&quot;tablet&quot;]}]}\">\n\t\t\t\t\t\t<div class=\"elementor-container elementor-column-gap-default\">\n\t\t\t\t\t<div class=\"elementor-column elementor-col-100 elementor-top-column elementor-element elementor-element-686a8eb\" data-id=\"686a8eb\" data-element_type=\"column\">\n\t\t\t<div class=\"elementor-widget-wrap elementor-element-populated\">\n\t\t\t\t\t\t<div class=\"elementor-element elementor-element-ecf83af elementor-widget elementor-widget-html\" data-id=\"ecf83af\" data-element_type=\"widget\" data-widget_type=\"html.default\">\n\t\t\t\t\t<style>\n    h2, .h2-style{\n        font-size: 28px;\n    }\n<\/style>\t\t\t\t<\/div>\n\t\t\t\t\t<\/div>\n\t\t<\/div>\n\t\t\t\t\t<\/div>\n\t\t<\/section>\n\t\t\t\t<\/div>\n\t\t","protected":false},"excerpt":{"rendered":"<p>REGULAMENTA\u00a0A REDE DE GESTORES DE COMPRAS \u2013 REDECOMPRAS, CRIADA PELO DECRETO N\u00ba 47.680 DE 12 DE JULHO DE 2021, E D\u00c1 OUTRAS PROVID\u00caNCIAS. O SECRET\u00c1RIO DE ESTADO DE PLANEJAMENTO E GEST\u00c3O,\u00a0no uso de suas atribui\u00e7\u00f5es legais, observando o disposto no art. 11 do Decreto n\u00ba 47.680, de 12 de julho de 2021, tendo em vista [&hellip;]<\/p>\n","protected":false},"author":9,"featured_media":0,"comment_status":"closed","ping_status":"open","sticky":false,"template":"","format":"standard","meta":{"_joinchat":[],"footnotes":""},"categories":[23],"tags":[],"class_list":["post-15353","post","type-post","status-publish","format-standard","hentry","category-cat-legislacao"],"yoast_head":"<!-- This site is optimized with the Yoast SEO plugin v25.7 - https:\/\/yoast.com\/wordpress\/plugins\/seo\/ -->\n<title>RESOLU\u00c7\u00c3O SEPLAG N\u00ba 106, DE 15 DE FEVEREIRO DE 2022 - Redelog<\/title>\n<meta name=\"robots\" content=\"index, follow, max-snippet:-1, max-image-preview:large, max-video-preview:-1\" \/>\n<link rel=\"canonical\" href=\"https:\/\/redelog.rj.gov.br\/redelog\/resolucao-seplag-no-106-de-15-de-fevereiro-de-2022\/\" \/>\n<meta property=\"og:locale\" content=\"pt_BR\" \/>\n<meta property=\"og:type\" content=\"article\" \/>\n<meta property=\"og:title\" content=\"RESOLU\u00c7\u00c3O SEPLAG N\u00ba 106, DE 15 DE FEVEREIRO DE 2022 - Redelog\" \/>\n<meta property=\"og:description\" content=\"REGULAMENTA\u00a0A REDE DE GESTORES DE COMPRAS \u2013 REDECOMPRAS, CRIADA PELO DECRETO N\u00ba 47.680 DE 12 DE JULHO DE 2021, E D\u00c1 OUTRAS PROVID\u00caNCIAS. O SECRET\u00c1RIO DE ESTADO DE PLANEJAMENTO E GEST\u00c3O,\u00a0no uso de suas atribui\u00e7\u00f5es legais, observando o disposto no art. 11 do Decreto n\u00ba 47.680, de 12 de julho de 2021, tendo em vista [&hellip;]\" \/>\n<meta property=\"og:url\" content=\"https:\/\/redelog.rj.gov.br\/redelog\/resolucao-seplag-no-106-de-15-de-fevereiro-de-2022\/\" \/>\n<meta property=\"og:site_name\" content=\"Redelog\" \/>\n<meta property=\"article:published_time\" content=\"2022-02-18T12:10:17+00:00\" \/>\n<meta property=\"article:modified_time\" content=\"2024-02-21T13:57:17+00:00\" \/>\n<meta name=\"author\" content=\"Rejane\" \/>\n<meta name=\"twitter:card\" content=\"summary_large_image\" \/>\n<meta name=\"twitter:label1\" content=\"Escrito por\" \/>\n\t<meta name=\"twitter:data1\" content=\"Rejane\" \/>\n\t<meta name=\"twitter:label2\" content=\"Est. tempo de leitura\" \/>\n\t<meta name=\"twitter:data2\" content=\"5 minutos\" \/>\n<script type=\"application\/ld+json\" class=\"yoast-schema-graph\">{\"@context\":\"https:\/\/schema.org\",\"@graph\":[{\"@type\":\"Article\",\"@id\":\"https:\/\/redelog.rj.gov.br\/redelog\/resolucao-seplag-no-106-de-15-de-fevereiro-de-2022\/#article\",\"isPartOf\":{\"@id\":\"https:\/\/redelog.rj.gov.br\/redelog\/resolucao-seplag-no-106-de-15-de-fevereiro-de-2022\/\"},\"author\":{\"name\":\"Rejane\",\"@id\":\"https:\/\/redelog.rj.gov.br\/redelog\/#\/schema\/person\/711e4a03f3b5eeb4ffeb92a63daecd59\"},\"headline\":\"RESOLU\u00c7\u00c3O SEPLAG N\u00ba 106, DE 15 DE FEVEREIRO DE 2022\",\"datePublished\":\"2022-02-18T12:10:17+00:00\",\"dateModified\":\"2024-02-21T13:57:17+00:00\",\"mainEntityOfPage\":{\"@id\":\"https:\/\/redelog.rj.gov.br\/redelog\/resolucao-seplag-no-106-de-15-de-fevereiro-de-2022\/\"},\"wordCount\":1253,\"publisher\":{\"@id\":\"https:\/\/redelog.rj.gov.br\/redelog\/#organization\"},\"articleSection\":[\"Legisla\u00e7\u00e3o\"],\"inLanguage\":\"pt-BR\"},{\"@type\":\"WebPage\",\"@id\":\"https:\/\/redelog.rj.gov.br\/redelog\/resolucao-seplag-no-106-de-15-de-fevereiro-de-2022\/\",\"url\":\"https:\/\/redelog.rj.gov.br\/redelog\/resolucao-seplag-no-106-de-15-de-fevereiro-de-2022\/\",\"name\":\"RESOLU\u00c7\u00c3O SEPLAG N\u00ba 106, DE 15 DE FEVEREIRO DE 2022 - Redelog\",\"isPartOf\":{\"@id\":\"https:\/\/redelog.rj.gov.br\/redelog\/#website\"},\"datePublished\":\"2022-02-18T12:10:17+00:00\",\"dateModified\":\"2024-02-21T13:57:17+00:00\",\"breadcrumb\":{\"@id\":\"https:\/\/redelog.rj.gov.br\/redelog\/resolucao-seplag-no-106-de-15-de-fevereiro-de-2022\/#breadcrumb\"},\"inLanguage\":\"pt-BR\",\"potentialAction\":[{\"@type\":\"ReadAction\",\"target\":[\"https:\/\/redelog.rj.gov.br\/redelog\/resolucao-seplag-no-106-de-15-de-fevereiro-de-2022\/\"]}]},{\"@type\":\"BreadcrumbList\",\"@id\":\"https:\/\/redelog.rj.gov.br\/redelog\/resolucao-seplag-no-106-de-15-de-fevereiro-de-2022\/#breadcrumb\",\"itemListElement\":[{\"@type\":\"ListItem\",\"position\":1,\"name\":\"Home\",\"item\":\"https:\/\/redelog.rj.gov.br\/redelog\/\"},{\"@type\":\"ListItem\",\"position\":2,\"name\":\"RESOLU\u00c7\u00c3O SEPLAG N\u00ba 106, DE 15 DE FEVEREIRO DE 2022\"}]},{\"@type\":\"WebSite\",\"@id\":\"https:\/\/redelog.rj.gov.br\/redelog\/#website\",\"url\":\"https:\/\/redelog.rj.gov.br\/redelog\/\",\"name\":\"Redelog\",\"description\":\"Site da Rede de Log\u00edstica e Planejamento do Estado do Rio de Janeiro\",\"publisher\":{\"@id\":\"https:\/\/redelog.rj.gov.br\/redelog\/#organization\"},\"potentialAction\":[{\"@type\":\"SearchAction\",\"target\":{\"@type\":\"EntryPoint\",\"urlTemplate\":\"https:\/\/redelog.rj.gov.br\/redelog\/?s={search_term_string}\"},\"query-input\":{\"@type\":\"PropertyValueSpecification\",\"valueRequired\":true,\"valueName\":\"search_term_string\"}}],\"inLanguage\":\"pt-BR\"},{\"@type\":\"Organization\",\"@id\":\"https:\/\/redelog.rj.gov.br\/redelog\/#organization\",\"name\":\"REDELOG\",\"url\":\"https:\/\/redelog.rj.gov.br\/redelog\/\",\"logo\":{\"@type\":\"ImageObject\",\"inLanguage\":\"pt-BR\",\"@id\":\"https:\/\/redelog.rj.gov.br\/redelog\/#\/schema\/logo\/image\/\",\"url\":\"http:\/\/10.10.8.100:8888\/redelog\/wp-content\/uploads\/2019\/09\/Redelog2.png\",\"contentUrl\":\"http:\/\/10.10.8.100:8888\/redelog\/wp-content\/uploads\/2019\/09\/Redelog2.png\",\"width\":565,\"height\":155,\"caption\":\"REDELOG\"},\"image\":{\"@id\":\"https:\/\/redelog.rj.gov.br\/redelog\/#\/schema\/logo\/image\/\"}},{\"@type\":\"Person\",\"@id\":\"https:\/\/redelog.rj.gov.br\/redelog\/#\/schema\/person\/711e4a03f3b5eeb4ffeb92a63daecd59\",\"name\":\"Rejane\",\"image\":{\"@type\":\"ImageObject\",\"inLanguage\":\"pt-BR\",\"@id\":\"https:\/\/redelog.rj.gov.br\/redelog\/#\/schema\/person\/image\/\",\"url\":\"https:\/\/secure.gravatar.com\/avatar\/9e2f6efb183531871283cb363403afe7c22e3efb129d9e809e5824cd145dd3a8?s=96&d=mm&r=g\",\"contentUrl\":\"https:\/\/secure.gravatar.com\/avatar\/9e2f6efb183531871283cb363403afe7c22e3efb129d9e809e5824cd145dd3a8?s=96&d=mm&r=g\",\"caption\":\"Rejane\"},\"url\":\"https:\/\/redelog.rj.gov.br\/redelog\/author\/rejane\/\"}]}<\/script>\n<!-- \/ Yoast SEO plugin. -->","yoast_head_json":{"title":"RESOLU\u00c7\u00c3O SEPLAG N\u00ba 106, DE 15 DE FEVEREIRO DE 2022 - Redelog","robots":{"index":"index","follow":"follow","max-snippet":"max-snippet:-1","max-image-preview":"max-image-preview:large","max-video-preview":"max-video-preview:-1"},"canonical":"https:\/\/redelog.rj.gov.br\/redelog\/resolucao-seplag-no-106-de-15-de-fevereiro-de-2022\/","og_locale":"pt_BR","og_type":"article","og_title":"RESOLU\u00c7\u00c3O SEPLAG N\u00ba 106, DE 15 DE FEVEREIRO DE 2022 - Redelog","og_description":"REGULAMENTA\u00a0A REDE DE GESTORES DE COMPRAS \u2013 REDECOMPRAS, CRIADA PELO DECRETO N\u00ba 47.680 DE 12 DE JULHO DE 2021, E D\u00c1 OUTRAS PROVID\u00caNCIAS. O SECRET\u00c1RIO DE ESTADO DE PLANEJAMENTO E GEST\u00c3O,\u00a0no uso de suas atribui\u00e7\u00f5es legais, observando o disposto no art. 11 do Decreto n\u00ba 47.680, de 12 de julho de 2021, tendo em vista [&hellip;]","og_url":"https:\/\/redelog.rj.gov.br\/redelog\/resolucao-seplag-no-106-de-15-de-fevereiro-de-2022\/","og_site_name":"Redelog","article_published_time":"2022-02-18T12:10:17+00:00","article_modified_time":"2024-02-21T13:57:17+00:00","author":"Rejane","twitter_card":"summary_large_image","twitter_misc":{"Escrito por":"Rejane","Est. tempo de leitura":"5 minutos"},"schema":{"@context":"https:\/\/schema.org","@graph":[{"@type":"Article","@id":"https:\/\/redelog.rj.gov.br\/redelog\/resolucao-seplag-no-106-de-15-de-fevereiro-de-2022\/#article","isPartOf":{"@id":"https:\/\/redelog.rj.gov.br\/redelog\/resolucao-seplag-no-106-de-15-de-fevereiro-de-2022\/"},"author":{"name":"Rejane","@id":"https:\/\/redelog.rj.gov.br\/redelog\/#\/schema\/person\/711e4a03f3b5eeb4ffeb92a63daecd59"},"headline":"RESOLU\u00c7\u00c3O SEPLAG N\u00ba 106, DE 15 DE FEVEREIRO DE 2022","datePublished":"2022-02-18T12:10:17+00:00","dateModified":"2024-02-21T13:57:17+00:00","mainEntityOfPage":{"@id":"https:\/\/redelog.rj.gov.br\/redelog\/resolucao-seplag-no-106-de-15-de-fevereiro-de-2022\/"},"wordCount":1253,"publisher":{"@id":"https:\/\/redelog.rj.gov.br\/redelog\/#organization"},"articleSection":["Legisla\u00e7\u00e3o"],"inLanguage":"pt-BR"},{"@type":"WebPage","@id":"https:\/\/redelog.rj.gov.br\/redelog\/resolucao-seplag-no-106-de-15-de-fevereiro-de-2022\/","url":"https:\/\/redelog.rj.gov.br\/redelog\/resolucao-seplag-no-106-de-15-de-fevereiro-de-2022\/","name":"RESOLU\u00c7\u00c3O SEPLAG N\u00ba 106, DE 15 DE FEVEREIRO DE 2022 - Redelog","isPartOf":{"@id":"https:\/\/redelog.rj.gov.br\/redelog\/#website"},"datePublished":"2022-02-18T12:10:17+00:00","dateModified":"2024-02-21T13:57:17+00:00","breadcrumb":{"@id":"https:\/\/redelog.rj.gov.br\/redelog\/resolucao-seplag-no-106-de-15-de-fevereiro-de-2022\/#breadcrumb"},"inLanguage":"pt-BR","potentialAction":[{"@type":"ReadAction","target":["https:\/\/redelog.rj.gov.br\/redelog\/resolucao-seplag-no-106-de-15-de-fevereiro-de-2022\/"]}]},{"@type":"BreadcrumbList","@id":"https:\/\/redelog.rj.gov.br\/redelog\/resolucao-seplag-no-106-de-15-de-fevereiro-de-2022\/#breadcrumb","itemListElement":[{"@type":"ListItem","position":1,"name":"Home","item":"https:\/\/redelog.rj.gov.br\/redelog\/"},{"@type":"ListItem","position":2,"name":"RESOLU\u00c7\u00c3O SEPLAG N\u00ba 106, DE 15 DE FEVEREIRO DE 2022"}]},{"@type":"WebSite","@id":"https:\/\/redelog.rj.gov.br\/redelog\/#website","url":"https:\/\/redelog.rj.gov.br\/redelog\/","name":"Redelog","description":"Site da Rede de Log\u00edstica e Planejamento do Estado do Rio de Janeiro","publisher":{"@id":"https:\/\/redelog.rj.gov.br\/redelog\/#organization"},"potentialAction":[{"@type":"SearchAction","target":{"@type":"EntryPoint","urlTemplate":"https:\/\/redelog.rj.gov.br\/redelog\/?s={search_term_string}"},"query-input":{"@type":"PropertyValueSpecification","valueRequired":true,"valueName":"search_term_string"}}],"inLanguage":"pt-BR"},{"@type":"Organization","@id":"https:\/\/redelog.rj.gov.br\/redelog\/#organization","name":"REDELOG","url":"https:\/\/redelog.rj.gov.br\/redelog\/","logo":{"@type":"ImageObject","inLanguage":"pt-BR","@id":"https:\/\/redelog.rj.gov.br\/redelog\/#\/schema\/logo\/image\/","url":"http:\/\/10.10.8.100:8888\/redelog\/wp-content\/uploads\/2019\/09\/Redelog2.png","contentUrl":"http:\/\/10.10.8.100:8888\/redelog\/wp-content\/uploads\/2019\/09\/Redelog2.png","width":565,"height":155,"caption":"REDELOG"},"image":{"@id":"https:\/\/redelog.rj.gov.br\/redelog\/#\/schema\/logo\/image\/"}},{"@type":"Person","@id":"https:\/\/redelog.rj.gov.br\/redelog\/#\/schema\/person\/711e4a03f3b5eeb4ffeb92a63daecd59","name":"Rejane","image":{"@type":"ImageObject","inLanguage":"pt-BR","@id":"https:\/\/redelog.rj.gov.br\/redelog\/#\/schema\/person\/image\/","url":"https:\/\/secure.gravatar.com\/avatar\/9e2f6efb183531871283cb363403afe7c22e3efb129d9e809e5824cd145dd3a8?s=96&d=mm&r=g","contentUrl":"https:\/\/secure.gravatar.com\/avatar\/9e2f6efb183531871283cb363403afe7c22e3efb129d9e809e5824cd145dd3a8?s=96&d=mm&r=g","caption":"Rejane"},"url":"https:\/\/redelog.rj.gov.br\/redelog\/author\/rejane\/"}]}},"_links":{"self":[{"href":"https:\/\/redelog.rj.gov.br\/redelog\/wp-json\/wp\/v2\/posts\/15353","targetHints":{"allow":["GET"]}}],"collection":[{"href":"https:\/\/redelog.rj.gov.br\/redelog\/wp-json\/wp\/v2\/posts"}],"about":[{"href":"https:\/\/redelog.rj.gov.br\/redelog\/wp-json\/wp\/v2\/types\/post"}],"author":[{"embeddable":true,"href":"https:\/\/redelog.rj.gov.br\/redelog\/wp-json\/wp\/v2\/users\/9"}],"replies":[{"embeddable":true,"href":"https:\/\/redelog.rj.gov.br\/redelog\/wp-json\/wp\/v2\/comments?post=15353"}],"version-history":[{"count":39,"href":"https:\/\/redelog.rj.gov.br\/redelog\/wp-json\/wp\/v2\/posts\/15353\/revisions"}],"predecessor-version":[{"id":28138,"href":"https:\/\/redelog.rj.gov.br\/redelog\/wp-json\/wp\/v2\/posts\/15353\/revisions\/28138"}],"wp:attachment":[{"href":"https:\/\/redelog.rj.gov.br\/redelog\/wp-json\/wp\/v2\/media?parent=15353"}],"wp:term":[{"taxonomy":"category","embeddable":true,"href":"https:\/\/redelog.rj.gov.br\/redelog\/wp-json\/wp\/v2\/categories?post=15353"},{"taxonomy":"post_tag","embeddable":true,"href":"https:\/\/redelog.rj.gov.br\/redelog\/wp-json\/wp\/v2\/tags?post=15353"}],"curies":[{"name":"wp","href":"https:\/\/api.w.org\/{rel}","templated":true}]}}