{"id":13847,"date":"2022-02-11T08:11:52","date_gmt":"2022-02-11T11:11:52","guid":{"rendered":"http:\/\/redelog.rj.gov.br\/redelog\/?p=13847"},"modified":"2023-12-29T11:04:33","modified_gmt":"2023-12-29T14:04:33","slug":"resolucao-seplag-no-105-de-10-de-fevereiro-de-2022","status":"publish","type":"post","link":"https:\/\/redelog.rj.gov.br\/redelog\/resolucao-seplag-no-105-de-10-de-fevereiro-de-2022\/","title":{"rendered":"RESOLU\u00c7\u00c3O SEPLAG N\u00ba 105, DE 10 DE FEVEREIRO DE 2022"},"content":{"rendered":"\t\t<div data-elementor-type=\"wp-post\" data-elementor-id=\"13847\" class=\"elementor elementor-13847\" data-elementor-post-type=\"post\">\n\t\t\t\t\t\t<section class=\"elementor-section elementor-top-section elementor-element elementor-element-a65b600 elementor-section-boxed elementor-section-height-default elementor-section-height-default\" data-id=\"a65b600\" data-element_type=\"section\" data-settings=\"{&quot;jet_parallax_layout_list&quot;:[{&quot;jet_parallax_layout_image&quot;:{&quot;url&quot;:&quot;&quot;,&quot;id&quot;:&quot;&quot;,&quot;size&quot;:&quot;&quot;},&quot;_id&quot;:&quot;3d8c7a9&quot;,&quot;jet_parallax_layout_image_tablet&quot;:{&quot;url&quot;:&quot;&quot;,&quot;id&quot;:&quot;&quot;,&quot;size&quot;:&quot;&quot;},&quot;jet_parallax_layout_image_mobile&quot;:{&quot;url&quot;:&quot;&quot;,&quot;id&quot;:&quot;&quot;,&quot;size&quot;:&quot;&quot;},&quot;jet_parallax_layout_speed&quot;:{&quot;unit&quot;:&quot;%&quot;,&quot;size&quot;:50,&quot;sizes&quot;:[]},&quot;jet_parallax_layout_type&quot;:&quot;scroll&quot;,&quot;jet_parallax_layout_direction&quot;:&quot;1&quot;,&quot;jet_parallax_layout_fx_direction&quot;:null,&quot;jet_parallax_layout_z_index&quot;:&quot;&quot;,&quot;jet_parallax_layout_bg_x&quot;:50,&quot;jet_parallax_layout_bg_x_tablet&quot;:&quot;&quot;,&quot;jet_parallax_layout_bg_x_mobile&quot;:&quot;&quot;,&quot;jet_parallax_layout_bg_y&quot;:50,&quot;jet_parallax_layout_bg_y_tablet&quot;:&quot;&quot;,&quot;jet_parallax_layout_bg_y_mobile&quot;:&quot;&quot;,&quot;jet_parallax_layout_bg_size&quot;:&quot;auto&quot;,&quot;jet_parallax_layout_bg_size_tablet&quot;:&quot;&quot;,&quot;jet_parallax_layout_bg_size_mobile&quot;:&quot;&quot;,&quot;jet_parallax_layout_animation_prop&quot;:&quot;transform&quot;,&quot;jet_parallax_layout_on&quot;:[&quot;desktop&quot;,&quot;tablet&quot;]}]}\">\n\t\t\t\t\t\t<div class=\"elementor-container elementor-column-gap-default\">\n\t\t\t\t\t<div class=\"elementor-column elementor-col-100 elementor-top-column elementor-element elementor-element-0de4a12\" data-id=\"0de4a12\" data-element_type=\"column\">\n\t\t\t<div class=\"elementor-widget-wrap elementor-element-populated\">\n\t\t\t\t\t\t<section class=\"elementor-section elementor-inner-section elementor-element elementor-element-d5d2edd elementor-section-boxed elementor-section-height-default elementor-section-height-default\" data-id=\"d5d2edd\" data-element_type=\"section\" data-settings=\"{&quot;jet_parallax_layout_list&quot;:[{&quot;jet_parallax_layout_image&quot;:{&quot;url&quot;:&quot;&quot;,&quot;id&quot;:&quot;&quot;,&quot;size&quot;:&quot;&quot;},&quot;_id&quot;:&quot;d18c394&quot;,&quot;jet_parallax_layout_image_tablet&quot;:{&quot;url&quot;:&quot;&quot;,&quot;id&quot;:&quot;&quot;,&quot;size&quot;:&quot;&quot;},&quot;jet_parallax_layout_image_mobile&quot;:{&quot;url&quot;:&quot;&quot;,&quot;id&quot;:&quot;&quot;,&quot;size&quot;:&quot;&quot;},&quot;jet_parallax_layout_speed&quot;:{&quot;unit&quot;:&quot;%&quot;,&quot;size&quot;:50,&quot;sizes&quot;:[]},&quot;jet_parallax_layout_type&quot;:&quot;scroll&quot;,&quot;jet_parallax_layout_direction&quot;:&quot;1&quot;,&quot;jet_parallax_layout_fx_direction&quot;:null,&quot;jet_parallax_layout_z_index&quot;:&quot;&quot;,&quot;jet_parallax_layout_bg_x&quot;:50,&quot;jet_parallax_layout_bg_x_tablet&quot;:&quot;&quot;,&quot;jet_parallax_layout_bg_x_mobile&quot;:&quot;&quot;,&quot;jet_parallax_layout_bg_y&quot;:50,&quot;jet_parallax_layout_bg_y_tablet&quot;:&quot;&quot;,&quot;jet_parallax_layout_bg_y_mobile&quot;:&quot;&quot;,&quot;jet_parallax_layout_bg_size&quot;:&quot;auto&quot;,&quot;jet_parallax_layout_bg_size_tablet&quot;:&quot;&quot;,&quot;jet_parallax_layout_bg_size_mobile&quot;:&quot;&quot;,&quot;jet_parallax_layout_animation_prop&quot;:&quot;transform&quot;,&quot;jet_parallax_layout_on&quot;:[&quot;desktop&quot;,&quot;tablet&quot;]}]}\">\n\t\t\t\t\t\t<div class=\"elementor-container elementor-column-gap-default\">\n\t\t\t\t\t<div class=\"elementor-column elementor-col-50 elementor-inner-column elementor-element elementor-element-75aa52e\" data-id=\"75aa52e\" data-element_type=\"column\">\n\t\t\t<div class=\"elementor-widget-wrap\">\n\t\t\t\t\t\t\t<\/div>\n\t\t<\/div>\n\t\t\t\t<div class=\"elementor-column elementor-col-50 elementor-inner-column elementor-element elementor-element-504557e\" data-id=\"504557e\" data-element_type=\"column\">\n\t\t\t<div class=\"elementor-widget-wrap elementor-element-populated\">\n\t\t\t\t\t\t<div class=\"elementor-element elementor-element-8e6a477 elementor-widget elementor-widget-text-editor\" data-id=\"8e6a477\" data-element_type=\"widget\" data-widget_type=\"text-editor.default\">\n\t\t\t\t\t\t\t\t\t<p style=\"text-align: justify;\"><del><strong>ESTABELECE PLANO DE TRABALHO PARA A REGULAMENTA\u00c7\u00c3O E IMPLEMENTA\u00c7\u00c3O DA LEI N\u00ba 14.133, DE 1\u00ba DE ABRIL DE 2021, LEI DE LICITA\u00c7\u00d5ES E CONTRATOS, NO \u00c2MBITO DO PODER EXECUTIVO DO ESTADO DO RIO DE JANEIRO.<\/strong><\/del><\/p>\t\t\t\t\t\t\t\t<\/div>\n\t\t\t\t\t<\/div>\n\t\t<\/div>\n\t\t\t\t\t<\/div>\n\t\t<\/section>\n\t\t\t\t\t<\/div>\n\t\t<\/div>\n\t\t\t\t\t<\/div>\n\t\t<\/section>\n\t\t\t\t<section class=\"elementor-section elementor-top-section elementor-element elementor-element-e9eb70d elementor-section-boxed elementor-section-height-default elementor-section-height-default\" data-id=\"e9eb70d\" data-element_type=\"section\" data-settings=\"{&quot;jet_parallax_layout_list&quot;:[{&quot;jet_parallax_layout_image&quot;:{&quot;url&quot;:&quot;&quot;,&quot;id&quot;:&quot;&quot;,&quot;size&quot;:&quot;&quot;},&quot;_id&quot;:&quot;cb58ad5&quot;,&quot;jet_parallax_layout_image_tablet&quot;:{&quot;url&quot;:&quot;&quot;,&quot;id&quot;:&quot;&quot;,&quot;size&quot;:&quot;&quot;},&quot;jet_parallax_layout_image_mobile&quot;:{&quot;url&quot;:&quot;&quot;,&quot;id&quot;:&quot;&quot;,&quot;size&quot;:&quot;&quot;},&quot;jet_parallax_layout_speed&quot;:{&quot;unit&quot;:&quot;%&quot;,&quot;size&quot;:50,&quot;sizes&quot;:[]},&quot;jet_parallax_layout_type&quot;:&quot;scroll&quot;,&quot;jet_parallax_layout_direction&quot;:&quot;1&quot;,&quot;jet_parallax_layout_fx_direction&quot;:null,&quot;jet_parallax_layout_z_index&quot;:&quot;&quot;,&quot;jet_parallax_layout_bg_x&quot;:50,&quot;jet_parallax_layout_bg_x_tablet&quot;:&quot;&quot;,&quot;jet_parallax_layout_bg_x_mobile&quot;:&quot;&quot;,&quot;jet_parallax_layout_bg_y&quot;:50,&quot;jet_parallax_layout_bg_y_tablet&quot;:&quot;&quot;,&quot;jet_parallax_layout_bg_y_mobile&quot;:&quot;&quot;,&quot;jet_parallax_layout_bg_size&quot;:&quot;auto&quot;,&quot;jet_parallax_layout_bg_size_tablet&quot;:&quot;&quot;,&quot;jet_parallax_layout_bg_size_mobile&quot;:&quot;&quot;,&quot;jet_parallax_layout_animation_prop&quot;:&quot;transform&quot;,&quot;jet_parallax_layout_on&quot;:[&quot;desktop&quot;,&quot;tablet&quot;]}]}\">\n\t\t\t\t\t\t<div class=\"elementor-container elementor-column-gap-default\">\n\t\t\t\t\t<div class=\"elementor-column elementor-col-100 elementor-top-column elementor-element elementor-element-78ea9eb\" data-id=\"78ea9eb\" data-element_type=\"column\">\n\t\t\t<div class=\"elementor-widget-wrap elementor-element-populated\">\n\t\t\t\t\t\t<div class=\"elementor-element elementor-element-a089482 elementor-widget elementor-widget-text-editor\" data-id=\"a089482\" data-element_type=\"widget\" data-widget_type=\"text-editor.default\">\n\t\t\t\t\t\t\t\t\t<p class=\"Texto_Justificado_Recuo_Primeira_Linha\"><del><b>O SECRET\u00c1RIO DE ESTADO DE PLANEJAMENTO E GEST\u00c3O<\/b>, no uso de suas atribui\u00e7\u00f5es legais e regulamentares, de acordo com o \u00a71\u00ba do art. 2\u00ba, do Decreto n\u00ba 47.680, de 12 de julho de 2021, e consoante os termos do Processo Administrativo n\u00ba SEI-120001\/012310\/2021;<\/del><\/p><p class=\"Texto_Justificado_Recuo_Primeira_Linha\"><del><strong>CONSIDERANDO:<\/strong><\/del><\/p><p class=\"Texto_Justificado_Recuo_Primeira_Linha\"><del>&#8211; a publica\u00e7\u00e3o da Lei n\u00ba 14.133, de 1\u00b0 de abril de 2021, Lei de Licita\u00e7\u00f5es e Contratos, que imp\u00f5e a necessidade de regulamenta\u00e7\u00e3o de diversos dispositivos;<\/del><\/p><p class=\"Texto_Justificado_Recuo_Primeira_Linha\"><del>&#8211; a necessidade de dispor sobre o funcionamento dos Comit\u00eas Executivo e T\u00e9cnico de Governan\u00e7a em Contrata\u00e7\u00f5es P\u00fablicas;<\/del><\/p><p class=\"Texto_Justificado_Recuo_Primeira_Linha\"><del>&#8211; a necessidade de forma\u00e7\u00e3o\u00a0<a target=\"_blank\" name=\"_Hlk86399056\"><\/a>dos servidores quanto ao conte\u00fado da Lei n\u00ba 14.133, de 1\u00ba de abril de 2021, nova Lei de Licita\u00e7\u00f5es e Contratos\u00a0e suas futuras regulamenta\u00e7\u00f5es;<\/del><\/p><p class=\"Texto_Justificado_Recuo_Primeira_Linha\"><del><strong>RESOLVE:<\/strong><\/del><\/p><p class=\"Texto_Justificado_Recuo_Primeira_Linha\"><del><strong>Art. 1\u00ba<\/strong>\u00a0&#8211; Fica estabelecido o Plano de Trabalho com o cronograma de regulamenta\u00e7\u00e3o da Lei n\u00ba 14.133\/2021, no \u00e2mbito do Poder Executivo do Estado do Rio de Janeiro, a estrat\u00e9gia de educa\u00e7\u00e3o continuada para a forma\u00e7\u00e3o dos servidores quanto ao conte\u00fado da Lei e suas futuras regulamenta\u00e7\u00f5es, bem como normas complementares \u00e0s disposi\u00e7\u00f5es do Comit\u00ea Executivo de Governan\u00e7a em Contrata\u00e7\u00f5es P\u00fablicas e do Comit\u00ea T\u00e9cnico de Governan\u00e7a em Contrata\u00e7\u00f5es P\u00fablicas, na forma do Anexo \u00danico desta Resolu\u00e7\u00e3o.<\/del><\/p><p class=\"Texto_Justificado_Recuo_Primeira_Linha\"><del><a target=\"_blank\" name=\"_Hlk83286178\"><\/a><strong>Art. 2\u00ba<\/strong>\u00a0&#8211; A Subsecretaria de Log\u00edstica poder\u00e1 promover altera\u00e7\u00f5es no Plano de Trabalho constante do Anexo \u00danico desta Resolu\u00e7\u00e3o, conforme a necessidade.<\/del><\/p><p class=\"Texto_Justificado_Recuo_Primeira_Linha\"><del><strong>Art. 3\u00ba<\/strong>\u00a0&#8211; Esta Resolu\u00e7\u00e3o entra em vigor na data de sua publica\u00e7\u00e3o.<\/del><\/p><p class=\"Texto_Justificado_Recuo_Primeira_Linha\" style=\"text-align: center;\"><del>Rio de Janeiro, \u00a010\u00a0 de\u00a0fevereiro de 2022<\/del><\/p><p class=\"Tabela_Texto_Centralizado\" style=\"text-align: center;\"><del><strong>JOS\u00c9 LUIS CARDOSO ZAMITH<\/strong><\/del><\/p><p class=\"Tabela_Texto_Centralizado\" style=\"text-align: center;\"><del>Secret\u00e1rio de Estado de Planejamento e Gest\u00e3o<\/del><\/p><p class=\"Tabela_Texto_Centralizado\" style=\"text-align: center;\"><del><strong>ANEXO \u00daNICO<\/strong><\/del><\/p><p class=\"Texto_Justificado\" style=\"text-align: center;\"><del><strong>Plano de Trabalho:<\/strong><\/del><\/p><p class=\"Texto_Justificado\"><del><strong>Regulamenta\u00e7\u00e3o e implementa\u00e7\u00e3o da Lei n\u00ba 14.133, de 1\u00ba de abril de 2021, Lei de Licita\u00e7\u00f5es e Contratos, funcionamento dos Comit\u00eas Executivo e T\u00e9cnico de Governan\u00e7a em Contrata\u00e7\u00f5es P\u00fablicas e estrat\u00e9gia de educa\u00e7\u00e3o continuada dos servidores, no \u00e2mbito do Poder Executivo do Estado do Rio de Janeiro.<\/strong><\/del><\/p><p class=\"Texto_Justificado\"><del><strong>Sum\u00e1rio:<\/strong><\/del><\/p><p class=\"Texto_Justificado\"><del><strong>1. Justificativa<\/strong><\/del><\/p><p class=\"Texto_Justificado\"><del><strong>2. Objetivo<\/strong><\/del><\/p><p class=\"Texto_Justificado\"><del><strong>3. Defini\u00e7\u00f5es<\/strong><\/del><\/p><p class=\"Texto_Justificado\"><del><strong>4. Participantes<\/strong><\/del><\/p><p class=\"Texto_Justificado\"><del>4.1 Comit\u00ea Executivo de Governan\u00e7a em Contrata\u00e7\u00f5es P\u00fablicas<\/del><\/p><p class=\"Texto_Justificado\"><del>4.1.1 Da Composi\u00e7\u00e3o<\/del><\/p><p class=\"Texto_Justificado\"><del>4.1.2 Das Atribui\u00e7\u00f5es<\/del><\/p><p class=\"Texto_Justificado\"><del>4.2 Comit\u00ea T\u00e9cnico de Governan\u00e7a em Contrata\u00e7\u00f5es P\u00fablicas<\/del><\/p><p class=\"Texto_Justificado\"><del>4.2.1 Da Composi\u00e7\u00e3o<\/del><\/p><p class=\"Texto_Justificado\"><del>4.2.2 Das Atribui\u00e7\u00f5es<\/del><\/p><p class=\"Texto_Justificado\"><del><strong>5. Plano de A\u00e7\u00e3o<\/strong><\/del><\/p><p class=\"Texto_Justificado\"><del><strong>6. Estrat\u00e9gia de Educa\u00e7\u00e3o Continuada<\/strong><\/del><\/p><p class=\"Texto_Justificado\"><del><strong>7. Cronograma de Regulamenta\u00e7\u00e3o<\/strong><\/del><\/p><p class=\"Texto_Justificado\"><del><strong>1. Justificativa<\/strong><\/del><\/p><p class=\"Texto_Justificado\"><del>Em 1\u00ba de abril de 2021, foi publicada a Lei n.\u00ba 14.133, que estabelece normas gerais de licita\u00e7\u00e3o e contrata\u00e7\u00e3o para as Administra\u00e7\u00f5es P\u00fablicas direta, aut\u00e1rquica e fundacional da Uni\u00e3o, dos Estados, do Distrito Federal e dos Munic\u00edpios.<\/del><\/p><p class=\"Texto_Justificado\"><del>A Nova Lei de Licita\u00e7\u00f5es e Contratos trouxe por volta de 40 (quarenta) dispositivos\u00a0<a target=\"_blank\" name=\"_Hlk86399845\"><\/a>que demandam regulamenta\u00e7\u00e3o\u00a0pelos entes federativos, muitos dos quais dotados de baixo n\u00edvel de densidade normativa, inviabilizando sua execu\u00e7\u00e3o com seguran\u00e7a jur\u00eddica pelos agentes p\u00fablicos estaduais sem a edi\u00e7\u00e3o do regulamento.<\/del><\/p><p class=\"Texto_Justificado\"><del>Al\u00e9m do mais, alguns normativos estaduais vigentes precisar\u00e3o ser revisados e atualizados ante a necessidade de adapta\u00e7\u00e3o \u00e0s novas regras editadas para o tema de licita\u00e7\u00f5es e contrata\u00e7\u00f5es.<\/del><\/p><p class=\"Texto_Justificado\"><del>Com a complexidade inerente \u00e0 implementa\u00e7\u00e3o de um novo regime jur\u00eddico de licita\u00e7\u00f5es e contratos, \u00e9 preciso planejar uma transi\u00e7\u00e3o gradual da Lei n\u00ba 8.666, de 21 de junho de 1993, para a Lei n\u00ba 14.133, de 1\u00ba de abril de 2021.<\/del><\/p><p class=\"Texto_Justificado\"><del><strong>2. Objetivo<\/strong><\/del><\/p><p class=\"Texto_Justificado\"><del><a target=\"_blank\" name=\"_Hlk69229042\"><\/a>Adequar os processos de contrata\u00e7\u00e3o e procedimentos licitat\u00f3rios do Estado do Rio de Janeiro \u00e0 Lei n\u00ba 14.133\/2021, com proposi\u00e7\u00e3o e\/ou atualiza\u00e7\u00e3o de normativos relacionados ao tema, proporcionando uma clara e segura transi\u00e7\u00e3o do regime jur\u00eddico atualmente vigente (Lei n.\u00ba 8.666, de 21 de junho de 1993, Lei n.\u00ba 10.520, de 17 de julho de 2002 e Lei n.\u00ba 12.462, de 04 de agosto de 2010) para a Lei n\u00ba 14.133, de 1\u00ba de abril de 2021 \u2013 Nova Lei de Licita\u00e7\u00f5es e Contratos.<\/del><\/p><p class=\"Texto_Justificado\"><del>Para realizar essa atividade foram criados, sem aumento de despesa, os Comit\u00eas Executivo e T\u00e9cnico de Governan\u00e7a em Contrata\u00e7\u00f5es P\u00fablicas, que ser\u00e3o tratados no item 4.<\/del><\/p><p class=\"Texto_Justificado\"><del>Como consequ\u00eancia dessa inova\u00e7\u00e3o normativa, ser\u00e1 necess\u00e1ria a capacita\u00e7\u00e3o dos servidores p\u00fablicos, na medida em que cada nova regulamenta\u00e7\u00e3o for publicada no Di\u00e1rio Oficial do Estado do Rio de Janeiro,\u00a0<a target=\"_blank\" name=\"_Hlk86400149\"><\/a>aumentando a velocidade da absor\u00e7\u00e3o do conhecimento relacionado \u00e0s novas regras dispostas na Lei n\u00ba 14.133\/2021.<\/del><\/p><p class=\"Texto_Justificado\"><del>Assim, o presente plano de trabalho define as mat\u00e9rias legais que ser\u00e3o regulamentadas pelos normativos estaduais, de forma gradativa, de acordo com o cronograma de regulamenta\u00e7\u00e3o constante no item 7, para que os agentes administrativos possam aplicar a norma com seguran\u00e7a e efici\u00eancia.<\/del><\/p><p class=\"Texto_Justificado\"><del><strong>3. Defini\u00e7\u00f5es<\/strong><\/del><\/p><p class=\"Texto_Justificado\"><del>a. Lei n\u00ba 8.666\/1993 \u2013 Lei Geral de Licita\u00e7\u00f5es e Contratos que permanecer\u00e1 em vigor at\u00e9 31 de mar\u00e7o de 2023;<\/del><\/p><p class=\"Texto_Justificado\"><del>b. Lei n\u00ba 14.133\/2021 \u2013 Nova Lei de Licita\u00e7\u00f5es e Contratos com vig\u00eancia imediata a partir de 1\u00b0 de abril de 2021;<\/del><\/p><p class=\"Texto_Justificado\"><del>c. Per\u00edodo de transi\u00e7\u00e3o \u2013 intervalo de tempo compreendido entre 1\u00b0 de abril de 2021 e 31 de mar\u00e7o de 2023 em que as Leis n\u00ba 8.666\/93 e n\u00ba 14.133\/2021 permanecer\u00e3o em vig\u00eancia concomitantemente;<\/del><\/p><p class=\"Texto_Justificado\"><del>d. Estrat\u00e9gia de educa\u00e7\u00e3o continuada \u2013 capacita\u00e7\u00e3o dos servidores de acordo com a tem\u00e1tica a ser regulamentada, a partir do cronograma de regulamenta\u00e7\u00e3o.<\/del><\/p><p class=\"Texto_Justificado\"><del><strong>4. Participantes<\/strong><\/del><\/p><p class=\"Texto_Justificado\"><del>As atividades necess\u00e1rias para elabora\u00e7\u00e3o de normativos referentes \u00e0 implanta\u00e7\u00e3o da Lei n\u00ba 14.133\/2021, no \u00e2mbito do Estado do Rio de Janeiro, ser\u00e3o realizadas atrav\u00e9s dos Comit\u00eas T\u00e9cnico e Executivo de Governan\u00e7a em Contrata\u00e7\u00f5es P\u00fablicas, por meio de membros designados nas Portarias SUBLOG n\u00ba 04 e 05, ambas de 09 de agosto de 2021, e suas altera\u00e7\u00f5es posteriores.<\/del><\/p><p class=\"Texto_Justificado\"><del><strong>4.1 Comit\u00ea Executivo de Governan\u00e7a em Contrata\u00e7\u00f5es P\u00fablicas<\/strong><\/del><\/p><p class=\"Texto_Justificado\"><del><strong>4.1.1 Da Composi\u00e7\u00e3o<\/strong><\/del><\/p><p class=\"Texto_Justificado\"><del>O Comit\u00ea Executivo de Governan\u00e7a em Contrata\u00e7\u00f5es P\u00fablicas, de acordo com o Decreto n\u00ba 47.680, de 12 de julho de 2021, \u00e9 composto pelos seguintes \u00f3rg\u00e3os:<\/del><\/p><p class=\"Texto_Justificado\"><del>I &#8211; Secretaria de Estado de Planejamento e Gest\u00e3o \u2013 SEPLAG,<\/del><\/p><p class=\"Texto_Justificado\"><del>II &#8211; Procuradoria Geral do Estado \u2013 PGE, e<\/del><\/p><p class=\"Texto_Justificado\"><del>III &#8211; Controladoria Geral do Estado \u2013 CGE.<\/del><\/p><p class=\"Texto_Justificado\"><del><strong>4.1.2 Das Atribui\u00e7\u00f5es<\/strong><\/del><\/p><p class=\"Texto_Justificado\"><del><strong>a)\u00a0<\/strong>O Comit\u00ea Executivo de Governan\u00e7a em Contrata\u00e7\u00f5es P\u00fablicas tem como atribui\u00e7\u00f5es:<\/del><\/p><ul><li><p class=\"Texto_Justificado\"><del>Deliberar sobre as propostas de normativos desenvolvidas pelo Comit\u00ea T\u00e9cnico;<\/del><\/p><\/li><li><p class=\"Texto_Justificado\"><del>Deliberar sobre a necessidade de proposi\u00e7\u00e3o ou revis\u00e3o de atos normativos visando \u00e0 regulamenta\u00e7\u00e3o da Lei n\u00ba 14.133\/2021, no \u00e2mbito do Estado do Rio de Janeiro;<\/del><\/p><\/li><li><p class=\"Texto_Justificado\"><del>Deliberar sobre pedidos de esclarecimentos de car\u00e1ter jur\u00eddico e t\u00e9cnico, oriundos do Comit\u00ea T\u00e9cnico.<\/del><\/p><\/li><\/ul><p class=\"Texto_Justificado\"><del><strong>b)\u00a0<\/strong>A Secretaria de Estado de Planejamento e Gest\u00e3o \u2013 SEPLAG, na atua\u00e7\u00e3o de coordena\u00e7\u00e3o das atividades do Comit\u00ea Executivo de Governan\u00e7a em Contrata\u00e7\u00f5es P\u00fablicas, tem como atribui\u00e7\u00f5es:<\/del><\/p><ul><li><p class=\"Texto_Justificado\"><del>Definir o Plano de A\u00e7\u00e3o, contendo cronograma de atividades do Comit\u00ea Executivo;<\/del><\/p><\/li><li><p class=\"Texto_Justificado\"><del>Definir, ap\u00f3s consulta aos demais integrantes, a data, hora e forma de realiza\u00e7\u00e3o de cada reuni\u00e3o;<\/del><\/p><\/li><li><p class=\"Texto_Justificado\"><del>Definir a pauta de cada reuni\u00e3o e aprovar a inclus\u00e3o de assunto extra pauta;<\/del><\/p><\/li><li><p class=\"Texto_Justificado\"><del>Elaborar a ata\/mem\u00f3ria das reuni\u00f5es e encaminhar aos integrantes;<\/del><\/p><\/li><li><p class=\"Texto_Justificado\"><del>Consolidar os trabalhos que subsidiar\u00e3o as discuss\u00f5es das reuni\u00f5es.<\/del><\/p><\/li><\/ul><p class=\"Texto_Justificado\"><del><strong>4.2 Comit\u00ea T\u00e9cnico de Governan\u00e7a em Contrata\u00e7\u00f5es P\u00fablicas<\/strong><\/del><\/p><p class=\"Texto_Justificado\"><del><strong>4.2.1 Da Composi\u00e7\u00e3o<\/strong><\/del><\/p><p class=\"Texto_Justificado\"><del>O Comit\u00ea T\u00e9cnico de Governan\u00e7a em Contrata\u00e7\u00f5es P\u00fablicas, de acordo com o Decreto n\u00ba 47.680, de 12 de julho de 2021, \u00e9 composto pelos seguintes \u00f3rg\u00e3os\/entidades:<\/del><\/p><p class=\"Texto_Justificado\"><del>I &#8211; Secretaria de Estado de Planejamento e Gest\u00e3o \u2013 SEPLAG,<\/del><\/p><p class=\"Texto_Justificado\"><del>II &#8211; Secretaria de Estado da Casa Civil \u2013 SECC,<\/del><\/p><p class=\"Texto_Justificado\"><del>III &#8211; Secretaria de Estado de Pol\u00edcia Militar \u2013 SEPM,<\/del><\/p><p class=\"Texto_Justificado\"><del>IV &#8211; Secretaria de Estado de Pol\u00edcia Civil \u2013 SEPOL,<\/del><\/p><p class=\"Texto_Justificado\"><del>V &#8211; Secretaria de Estado de Defesa Civil \u2013 SEDEC,<\/del><\/p><p class=\"Texto_Justificado\"><del>VI &#8211; Secretaria de Estado de Sa\u00fade \u2013 SES,<\/del><\/p><p class=\"Texto_Justificado\"><del>VII &#8211; Secretaria de Estado de Educa\u00e7\u00e3o \u2013 SEEDUC,<\/del><\/p><p class=\"Texto_Justificado\"><del>VIII &#8211; Secretaria de Estado de Fazenda \u2013 SEFAZ,<\/del><\/p><p class=\"Texto_Justificado\"><del>IX &#8211; Secretaria de Estado de Infraestrutura e Obras \u2013 SEINFRA, e<\/del><\/p><p class=\"Texto_Justificado\"><del>X &#8211; Departamento de Tr\u00e2nsito do Estado do Rio de Janeiro \u2013 DETRAN.<\/del><\/p><p class=\"Texto_Justificado\"><del>Poder\u00e3o auxiliar o Comit\u00ea T\u00e9cnico de Governan\u00e7a em Contrata\u00e7\u00f5es P\u00fablicas, servidores de \u00f3rg\u00e3os ou entidades estaduais que tenham v\u00ednculo tem\u00e1tico entre o objeto da norma a ser elaborada e seu respectivo campo funcional, com a devida autoriza\u00e7\u00e3o da SEPLAG<\/del><\/p><p class=\"Texto_Justificado\"><del><strong>4.2.2 Das Atribui\u00e7\u00f5es<\/strong><\/del><\/p><p class=\"Texto_Justificado\"><del><strong>a)\u00a0<\/strong>O Comit\u00ea T\u00e9cnico de Governan\u00e7a em Contrata\u00e7\u00f5es P\u00fablicas tem como atribui\u00e7\u00f5es:<\/del><\/p><ul><li><p class=\"Texto_Justificado\"><del>Deliberar e aprovar o cronograma de atividades proposto pela Secretaria de Estado de Planejamento e Gest\u00e3o \u2013 SEPLAG, bem como suas altera\u00e7\u00f5es;<\/del><\/p><\/li><li><p class=\"Texto_Justificado\"><del>Analisar e revisar as propostas de normativos elaboradas pela Secretaria de Estado de Planejamento e Gest\u00e3o \u2013 SEPLAG;<\/del><\/p><\/li><li><p class=\"Texto_Justificado\"><del>Deliberar sobre a necessidade de proposi\u00e7\u00e3o ou revis\u00e3o de atos normativos visando \u00e0 regulamenta\u00e7\u00e3o da Lei n\u00ba 14.133\/2021, no \u00e2mbito do Estado do Rio de Janeiro.<\/del><\/p><\/li><\/ul><p class=\"Texto_Justificado\"><del><strong>b)\u00a0<\/strong>A Secretaria de Estado de Planejamento e Gest\u00e3o \u2013 SEPLAG, na atua\u00e7\u00e3o de coordena\u00e7\u00e3o das atividades do Comit\u00ea T\u00e9cnico de Governan\u00e7a em Contrata\u00e7\u00f5es P\u00fablicas, tem como atribui\u00e7\u00f5es:<\/del><\/p><ul><li><p class=\"Texto_Justificado\"><del>Propor plano de a\u00e7\u00e3o, contendo cronograma de atividades para o funcionamento do Comit\u00ea T\u00e9cnico, bem como suas revis\u00f5es;<\/del><\/p><\/li><li><p class=\"Texto_Justificado\"><del>Propor cronograma de regulamenta\u00e7\u00e3o da Lei n\u00ba 14.133\/2021 no \u00e2mbito do Estado do Rio de Janeiro;<\/del><\/p><\/li><li><p class=\"Texto_Justificado\"><del>Elaborar proposta inicial do regulamento e encaminhar para an\u00e1lise do Comit\u00ea T\u00e9cnico;<\/del><\/p><\/li><li><p class=\"Texto_Justificado\"><del>Definir, ap\u00f3s consulta aos demais integrantes, a data, hora e forma de realiza\u00e7\u00e3o de cada reuni\u00e3o;<\/del><\/p><\/li><li><p class=\"Texto_Justificado\"><del>Definir a pauta de cada reuni\u00e3o e aprovar a inclus\u00e3o de assunto extra pauta;<\/del><\/p><\/li><li><p class=\"Texto_Justificado\"><del>Elaborar a ata\/mem\u00f3ria das reuni\u00f5es e encaminhar aos integrantes;<\/del><\/p><\/li><li><p class=\"Texto_Justificado\"><del>Consolidar os trabalhos que subsidiar\u00e3o as discuss\u00f5es das reuni\u00f5es;<\/del><\/p><\/li><li><p class=\"Texto_Justificado\"><del>Encaminhar ao Comit\u00ea Executivo a proposta de regulamento aprovada no \u00e2mbito do Comit\u00ea T\u00e9cnico;<\/del><\/p><\/li><li><p class=\"Texto_Justificado\"><del>Consolidar as propostas de acordo com as delibera\u00e7\u00f5es do Comit\u00ea Executivo;<\/del><\/p><\/li><li><p class=\"Texto_Justificado\"><del>Elaborar Consulta P\u00fablica e receber as contribui\u00e7\u00f5es dos normativos j\u00e1 consolidados pelos Comit\u00eas T\u00e9cnico e Executivo;<\/del><\/p><\/li><li><p class=\"Texto_Justificado\"><del>Criar processo para instru\u00e7\u00e3o do normativo \u00e0 publica\u00e7\u00e3o.<\/del><\/p><\/li><\/ul><p class=\"Texto_Justificado\"><del><strong>5. Plano de A\u00e7\u00e3o<\/strong><\/del><\/p><p class=\"Texto_Justificado\"><del><u>a. Levantamentos dos pontos que demandam regulamenta\u00e7\u00e3o<\/u><\/del><\/p><p class=\"Texto_Justificado\"><del>Levantamento pela Secretaria de Estado de Planejamento e Gest\u00e3o sobre as tem\u00e1ticas que dever\u00e3o ser objeto de regulamenta\u00e7\u00e3o no \u00e2mbito do Estado do Rio de Janeiro, por meio de intera\u00e7\u00f5es com o Governo Federal e do Subgrupo de Legisla\u00e7\u00e3o e Estrat\u00e9gias do Grupo de Trabalho Compras P\u00fablicas, do Conselho Nacional de Secret\u00e1rios de Administra\u00e7\u00e3o \u2013 CONSAD.<\/del><\/p><p class=\"Texto_Justificado\"><del><u>b. Defini\u00e7\u00e3o das prioridades<\/u><\/del><\/p><p class=\"Texto_Justificado\"><del>Com as informa\u00e7\u00f5es colhidas, ser\u00e3o definidas as tem\u00e1ticas priorit\u00e1rias para regulamenta\u00e7\u00e3o e aplica\u00e7\u00e3o da nova Lei, levando em considera\u00e7\u00e3o, sobretudo, os impactos que as normas ter\u00e3o na estrutura de sistemas de compras do Poder Executivo do Estado do Rio de Janeiro.<\/del><\/p><p class=\"Texto_Justificado\"><del><u>c. Proposi\u00e7\u00e3o das Minutas<\/u><\/del><\/p><p class=\"Texto_Justificado\"><del>Os textos das minutas de decretos, resolu\u00e7\u00f5es e demais atos normativos ser\u00e3o elaborados pelo Comit\u00ea T\u00e9cnico de Governan\u00e7a em Contrata\u00e7\u00f5es P\u00fablicas e submetidos \u00e0 aprova\u00e7\u00e3o do Comit\u00ea Executivo.<\/del><\/p><p class=\"Texto_Justificado\"><del>Uma vez ocorrendo a aprova\u00e7\u00e3o dos atos normativos por ambos os Comit\u00eas, o texto ser\u00e1 colocado em Consulta P\u00fablica com o intuito de aperfei\u00e7oar e aumentar a qualidade, efic\u00e1cia e efetividade dos normativos estaduais, promovendo, desta forma, o di\u00e1logo entre a Secretaria de Estado de Planejamento e Gest\u00e3o, enquanto \u00d3rg\u00e3o Central do Sistema Log\u00edstico Estadual, os demais \u00f3rg\u00e3os e entidades que comp\u00f5em a administra\u00e7\u00e3o p\u00fablica estadual e o cidad\u00e3o.<\/del><\/p><p class=\"Texto_Justificado\"><del>Ap\u00f3s a conclus\u00e3o da Consulta P\u00fablica, ser\u00e1 instru\u00eddo processo no Sistema Eletr\u00f4nico de Informa\u00e7\u00f5es \u2013 SEI RJ, para tramita\u00e7\u00e3o do ato normativo, visando sua publica\u00e7\u00e3o no Di\u00e1rio Oficial do Estado do Estado do Rio de Janeiro.<\/del><\/p><p class=\"Texto_Justificado\"><del><u>d. Publica\u00e7\u00e3o dos Normativos<\/u><\/del><\/p><p class=\"Texto_Justificado\"><del>A publica\u00e7\u00e3o dos normativos que regulamentam a Nova Lei de Licita\u00e7\u00f5es e Contratos se dar\u00e1 de acordo com o cronograma de regulamenta\u00e7\u00e3o constante do item 7 deste Plano de Trabalho.<\/del><\/p><p class=\"Texto_Justificado\"><del><u>e. Capacita\u00e7\u00e3o dos servidores<\/u><\/del><\/p><p class=\"Texto_Justificado\"><del>A capacita\u00e7\u00e3o dos servidores ser\u00e1 realizada de acordo com estrat\u00e9gia de educa\u00e7\u00e3o continuada constante do item 6 deste Plano de Trabalho.<\/del><\/p><p class=\"Texto_Justificado\"><del><u>f. Atua\u00e7\u00e3o das Redes de Log\u00edstica<\/u><\/del><\/p><p class=\"Texto_Justificado\"><del>As Redes de Log\u00edstica possuem papel importante na divulga\u00e7\u00e3o das consultas p\u00fablicas, de forma que o maior n\u00famero poss\u00edvel de \u00f3rg\u00e3os e entidades possam contribuir com a elabora\u00e7\u00e3o do normativo.<\/del><\/p><p class=\"Texto_Justificado\"><del>Al\u00e9m disso, possuem o papel de garantir que a capacita\u00e7\u00e3o decorrente de cada norma publicada seja efetiva, atrav\u00e9s da divulga\u00e7\u00e3o e do acompanhamento pelas redes de log\u00edstica do Estado do Rio de Janeiro.<\/del><\/p><p class=\"Texto_Justificado\"><del><strong><u>5.1. Regulamenta\u00e7\u00e3o por outros \u00d3rg\u00e3os<\/u><\/strong><\/del><\/p><p class=\"Texto_Justificado\"><del>N\u00e3o faz parte do escopo deste Plano de Trabalho a elabora\u00e7\u00e3o de normas e capacita\u00e7\u00e3o referentes a:<\/del><\/p><ul><li><p class=\"Texto_Justificado\"><del>Ordem cronol\u00f3gica de pagamentos (art. 141)<\/del><\/p><\/li><li><p class=\"Texto_Justificado\"><del>Cart\u00e3o de pagamentos (art. 75, \u00a7 4\u00ba)<\/del><\/p><\/li><li><p class=\"Texto_Justificado\"><del>Padroniza\u00e7\u00e3o de software de uso disseminado (art. 43, \u00a72\u00ba)<\/del><\/p><\/li><li><p class=\"Texto_Justificado\"><del>Programa de integridade (artigo 25, \u00a74\u00ba)<\/del><\/p><\/li><li><p class=\"Texto_Justificado\"><del>Modelagem da Informa\u00e7\u00e3o da Constru\u00e7\u00e3o &#8211;\u00a0<em>Building InformationModelling<\/em>\u00a0\u2013 BIM (art. 19, \u00a73\u00ba)<\/del><\/p><\/li><li><p class=\"Texto_Justificado\"><del>Dispensa de licita\u00e7\u00e3o para Pesquisa e Desenvolvimento de obras e servi\u00e7os de engenharia (art. 75, \u00a75\u00ba)<\/del><\/p><\/li><li><p class=\"Texto_Justificado\"><del>Gest\u00e3o de riscos e controle preventivo\u00a0das Contrata\u00e7\u00f5es (art. 169)<\/del><\/p><\/li><\/ul><p class=\"Texto_Justificado\"><del>As normatiza\u00e7\u00f5es dos assuntos acima ficar\u00e3o a cargo dos \u00f3rg\u00e3os ou entidades respons\u00e1veis pelo respectivo tema, com o apoio t\u00e9cnico da Secretaria de Estado de Planejamento e Gest\u00e3o &#8211; SEPLAG<\/del><\/p><p class=\"Texto_Justificado\"><del><strong>6. Estrat\u00e9gia de Educa\u00e7\u00e3o Continuada<\/strong><\/del><\/p><p class=\"Texto_Justificado\"><del>A SEPLAG adotar\u00e1 um modelo com base em seus focos de atua\u00e7\u00e3o, investindo na estrutura\u00e7\u00e3o de trilhas de desenvolvimento de compet\u00eancias profissionais para os servidores do Estado do Rio de Janeiro, em conson\u00e2ncia com o cronograma de regulamenta\u00e7\u00e3o dos normativos para a NLLC , desenvolvendo a\u00e7\u00f5es educacionais mais estruturadas e focadas para os servidores p\u00fablicos do Poder Executivo e no incentivo \u00e0 capacita\u00e7\u00e3o por meio de a\u00e7\u00f5es tem\u00e1ticas voltadas cada vez mais para garantir compromissos, padr\u00f5es de qualidade e tornar transparente as atividades desenvolvidas pelo Poder Executivo.<\/del><\/p><p class=\"Texto_Justificado\"><del>As a\u00e7\u00f5es educacionais da SEPLAG ter\u00e3o que ser fundamentadas nos princ\u00edpios de gest\u00e3o por compet\u00eancias, possuindo metodologia voltada para o desenvolvimento de conhecimento, habilidades e atitudes necess\u00e1rias ao desempenho das atividades dos servidores que atuam e atuar\u00e3o nas diversas etapas de contrata\u00e7\u00f5es do Estado do Rio de Janeiro, realizada at\u00e9 60 dias da publica\u00e7\u00e3o de cada normativo.<\/del><\/p><p class=\"Texto_Justificado\"><del>A implementa\u00e7\u00e3o da presente estrat\u00e9gia de forma\u00e7\u00e3o continuada poder\u00e1 ser realizada por meio de parcerias com \u00f3rg\u00e3os e entidades especializados em capacita\u00e7\u00e3o, forma\u00e7\u00e3o continuada e aperfei\u00e7oamento de servidores p\u00fablicos.<\/del><\/p><p><del><strong>7. Cronograma de Regulamenta\u00e7\u00e3o<\/strong><\/del><\/p><table border=\"1\" cellspacing=\"0\" cellpadding=\"0\"><tbody><tr><td colspan=\"5\"><p class=\"Tabela_Texto_Alinhado_Esquerda\" style=\"text-align: center;\"><del><strong>CRONOGRAMA DE REGULAMENTA\u00c7\u00c3O DA LEI N\u00ba 14.133\/2021 NO PODER EXECUTIVO DO ESTADO DO RIO DE JANEIRO<\/strong><\/del><\/p><\/td><\/tr><tr><td><p class=\"Tabela_Texto_Alinhado_Esquerda\" style=\"text-align: center;\"><del><strong>Ordem Prioridade<\/strong><\/del><\/p><\/td><td style=\"text-align: center;\"><p class=\"Tabela_Texto_Alinhado_Esquerda\"><del><strong>Ato Normativo<\/strong><\/del><\/p><\/td><td style=\"text-align: center;\"><p class=\"Tabela_Texto_Alinhado_Esquerda\"><del><strong>Dispositivo<\/strong><\/del><\/p><\/td><td style=\"text-align: center;\"><p class=\"Tabela_Texto_Alinhado_Esquerda\"><del><strong>Refer\u00eancia na Lei n\u00ba 14.133\/2021<\/strong><\/del><\/p><\/td><td><p class=\"Tabela_Texto_Alinhado_Esquerda\" style=\"text-align: center;\"><del><strong>Previs\u00e3o de Publica\u00e7\u00e3o do Ato Normativo<\/strong><\/del><\/p><\/td><\/tr><tr><td><p class=\"Tabela_Texto_Alinhado_Esquerda\" style=\"text-align: center;\"><del>1<\/del><\/p><\/td><td><p class=\"Tabela_Texto_Alinhado_Esquerda\"><del>Decreto Enquadramento Bens de Consumo<\/del><\/p><\/td><td><p class=\"Tabela_Texto_Alinhado_Esquerda\"><del>Enquadramento de Bens de Consumo<\/del><\/p><\/td><td><p class=\"Tabela_Texto_Alinhado_Esquerda\"><del>Artigo 20, \u00a71\u00ba<\/del><\/p><\/td><td><p class=\"Tabela_Texto_Alinhado_Esquerda\"><del>1\u00ba Trimestre de 2022<\/del><\/p><\/td><\/tr><tr><td><p class=\"Tabela_Texto_Alinhado_Esquerda\" style=\"text-align: center;\"><del>2<\/del><\/p><\/td><td><p class=\"Tabela_Texto_Alinhado_Esquerda\"><del>Decreto Contrata\u00e7\u00e3o Direta<\/del><\/p><\/td><td><p class=\"Tabela_Texto_Alinhado_Esquerda\"><del>Contrata\u00e7\u00e3o Direta (Dispensa e Inexigibilidade)<\/del><\/p><\/td><td><p class=\"Tabela_Texto_Alinhado_Esquerda\"><del>Artigo 72 a 75<\/del><\/p><\/td><td><p class=\"Tabela_Texto_Alinhado_Esquerda\"><del>1\u00ba Trimestre de 2022<\/del><\/p><\/td><\/tr><tr><td><p class=\"Tabela_Texto_Alinhado_Esquerda\" style=\"text-align: center;\"><del>3<\/del><\/p><\/td><td><p class=\"Tabela_Texto_Alinhado_Esquerda\"><del>Resolu\u00e7\u00e3o Pesquisa de Pre\u00e7os<\/del><\/p><\/td><td><p class=\"Tabela_Texto_Alinhado_Esquerda\"><del>Pesquisa de pre\u00e7os<\/del><\/p><\/td><td><p class=\"Tabela_Texto_Alinhado_Esquerda\"><del>Artigo 23<\/del><\/p><\/td><td><p class=\"Tabela_Texto_Alinhado_Esquerda\"><del>1\u00ba Trimestre de 2022<\/del><\/p><\/td><\/tr><tr><td rowspan=\"2\"><p class=\"Tabela_Texto_Alinhado_Esquerda\" style=\"text-align: center;\"><del>4<\/del><\/p><\/td><td rowspan=\"2\"><p class=\"Tabela_Texto_Alinhado_Esquerda\"><del>Decreto Governan\u00e7a das Contrata\u00e7\u00f5es<\/del><\/p><\/td><td><p class=\"Tabela_Texto_Alinhado_Esquerda\"><del>Governan\u00e7a das contrata\u00e7\u00f5es<\/del><\/p><\/td><td><p class=\"Tabela_Texto_Alinhado_Esquerda\"><del>Artigo 11, p. \u00fanico<\/del><\/p><\/td><td rowspan=\"2\"><p class=\"Tabela_Texto_Alinhado_Esquerda\"><del>2\u00ba Trimestre de 2022<\/del><\/p><\/td><\/tr><tr><td><p class=\"Tabela_Texto_Alinhado_Esquerda\"><del>Regras e diretrizes para agente de contrata\u00e7\u00e3o, equipe de apoio, comiss\u00e3o de contrata\u00e7\u00e3o, gestores e fiscais<\/del><\/p><\/td><td><p class=\"Tabela_Texto_Alinhado_Esquerda\"><del>Artigo 8\u00ba, \u00a73\u00ba<\/del><\/p><\/td><\/tr><tr><td><p class=\"Tabela_Texto_Alinhado_Esquerda\" style=\"text-align: center;\"><del>5<\/del><\/p><\/td><td><p class=\"Tabela_Texto_Alinhado_Esquerda\"><del>Resolu\u00e7\u00e3o PCA atualizando a Res. SEPLAG 60\/2021<\/del><\/p><\/td><td><p class=\"Tabela_Texto_Alinhado_Esquerda\"><del>Plano de contrata\u00e7\u00f5es anual<\/del><\/p><\/td><td><p class=\"Tabela_Texto_Alinhado_Esquerda\"><del>Artigo 12, inciso VII<\/del><\/p><\/td><td><p class=\"Tabela_Texto_Alinhado_Esquerda\"><del>2\u00ba Trimestre de 2022<\/del><\/p><\/td><\/tr><tr><td><p class=\"Tabela_Texto_Alinhado_Esquerda\" style=\"text-align: center;\"><del>6<\/del><\/p><\/td><td><p class=\"Tabela_Texto_Alinhado_Esquerda\"><del>Decreto Fase Preparat\u00f3ria<\/del><\/p><\/td><td><p class=\"Tabela_Texto_Alinhado_Esquerda\"><del>Aloca\u00e7\u00e3o de riscos e demais artefatos da Fase Preparat\u00f3ria<\/del><\/p><\/td><td><p class=\"Tabela_Texto_Alinhado_Esquerda\"><del>Artigo 18 inc X<\/del><br \/><del>Artigo 22<\/del><br \/><del>Artigo 103<\/del><\/p><\/td><td><p class=\"Tabela_Texto_Alinhado_Esquerda\"><del>2\u00ba Trimestre de 2022<\/del><\/p><\/td><\/tr><tr><td><p class=\"Tabela_Texto_Alinhado_Esquerda\" style=\"text-align: center;\"><del>7<\/del><\/p><\/td><td><p class=\"Tabela_Texto_Alinhado_Esquerda\"><del>Resolu\u00e7\u00e3o Estudo T\u00e9cnico Preliminar<\/del><\/p><\/td><td><p class=\"Tabela_Texto_Alinhado_Esquerda\"><del>Estudo T\u00e9cnico preliminar<\/del><\/p><\/td><td><p class=\"Tabela_Texto_Alinhado_Esquerda\"><del>Artigos 18, inciso I, \u00a71\u00ba<\/del><\/p><\/td><td><p class=\"Tabela_Texto_Alinhado_Esquerda\"><del>2\u00ba Trimestre de 2022<\/del><\/p><\/td><\/tr><tr><td rowspan=\"11\"><p class=\"Tabela_Texto_Alinhado_Esquerda\" style=\"text-align: center;\"><del>8<\/del><\/p><\/td><td rowspan=\"11\"><p class=\"Tabela_Texto_Alinhado_Esquerda\"><del>Decreto Licita\u00e7\u00f5es<\/del><\/p><\/td><td><p class=\"Tabela_Texto_Alinhado_Esquerda\"><del>Licita\u00e7\u00f5es de menor pre\u00e7o ou maior desconto<\/del><\/p><\/td><td><p class=\"Tabela_Texto_Alinhado_Esquerda\"><del>Artigo 34<\/del><\/p><\/td><td rowspan=\"11\"><p class=\"Tabela_Texto_Alinhado_Esquerda\"><del>3\u00ba Trimestre de 2022<\/del><\/p><\/td><\/tr><tr><td><p class=\"Tabela_Texto_Alinhado_Esquerda\"><del>Licita\u00e7\u00f5es por t\u00e9cnica e pre\u00e7o, melhor t\u00e9cnica ou conte\u00fado art\u00edstico<\/del><\/p><\/td><td><p class=\"Tabela_Texto_Alinhado_Esquerda\"><del>Artigo 35<\/del><\/p><\/td><\/tr><tr><td><p class=\"Tabela_Texto_Alinhado_Esquerda\"><del>Negocia\u00e7\u00e3o pelo agente ou comiss\u00e3o de contrata\u00e7\u00e3o<\/del><\/p><\/td><td><p class=\"Tabela_Texto_Alinhado_Esquerda\"><del>Artigo 61, \u00a72\u00ba<\/del><\/p><\/td><\/tr><tr><td><p class=\"Tabela_Texto_Alinhado_Esquerda\"><del>Contrato de efici\u00eancia<\/del><\/p><\/td><td><p class=\"Tabela_Texto_Alinhado_Esquerda\"><del>Artigo 144, \u00a71\u00ba<\/del><\/p><\/td><\/tr><tr><td><p class=\"Tabela_Texto_Alinhado_Esquerda\"><del>Margem de prefer\u00eancia para bens reciclados, recicl\u00e1veis ou biodegrad\u00e1veis<\/del><\/p><\/td><td><p class=\"Tabela_Texto_Alinhado_Esquerda\"><del>Artigo 26, inciso II<\/del><\/p><\/td><\/tr><tr><td><p class=\"Tabela_Texto_Alinhado_Esquerda\"><del>A\u00e7\u00f5es de equidade de g\u00eanero como desempate<\/del><\/p><\/td><td><p class=\"Tabela_Texto_Alinhado_Esquerda\"><del>Artigo 60, inciso III<\/del><\/p><\/td><\/tr><tr><td><p class=\"Tabela_Texto_Alinhado_Esquerda\"><del>Habilita\u00e7\u00e3o por processo eletr\u00f4nico<\/del><\/p><\/td><td><p class=\"Tabela_Texto_Alinhado_Esquerda\"><del>Artigo 65, \u00a72\u00ba<\/del><\/p><\/td><\/tr><tr><td><p class=\"Tabela_Texto_Alinhado_Esquerda\"><del>Qualifica\u00e7\u00e3o t\u00e9cnica<\/del><\/p><\/td><td><p class=\"Tabela_Texto_Alinhado_Esquerda\"><del>Artigo 67, \u00a7\u00a7 3\u00ba e 12<\/del><\/p><\/td><\/tr><tr><td><p class=\"Tabela_Texto_Alinhado_Esquerda\"><del>Subcontrata\u00e7\u00e3o<\/del><\/p><\/td><td><p class=\"Tabela_Texto_Alinhado_Esquerda\"><del>Artigo\u00a0122, \u00a72\u00ba<\/del><\/p><\/td><\/tr><tr><td><p class=\"Tabela_Texto_Alinhado_Esquerda\"><del>Cotas para mulheres v\u00edtimas de viol\u00eancia e egressos do sistema prisional<\/del><\/p><\/td><td><p class=\"Tabela_Texto_Alinhado_Esquerda\"><del>Artigo\u00a025, \u00a79\u00ba<\/del><\/p><\/td><\/tr><tr><td><p class=\"Tabela_Texto_Alinhado_Esquerda\"><del>Participa\u00e7\u00e3o de pessoa f\u00edsica nas contrata\u00e7\u00f5es p\u00fablicas<\/del><\/p><\/td><td><p class=\"Tabela_Texto_Alinhado_Esquerda\"><del>Lei n.\u00ba 14.133<\/del><\/p><\/td><\/tr><tr><td><p class=\"Tabela_Texto_Alinhado_Esquerda\" style=\"text-align: center;\"><del>9<\/del><\/p><\/td><td><p class=\"Tabela_Texto_Alinhado_Esquerda\"><del>Decreto SRP<\/del><\/p><\/td><td><p class=\"Tabela_Texto_Alinhado_Esquerda\"><del>SRP<\/del><\/p><\/td><td><p class=\"Tabela_Texto_Alinhado_Esquerda\"><del>Artigo 86<\/del><\/p><\/td><td><p class=\"Tabela_Texto_Alinhado_Esquerda\"><del>3\u00ba Trimestre de 2022<\/del><\/p><\/td><\/tr><tr><td rowspan=\"8\"><p class=\"Tabela_Texto_Alinhado_Esquerda\" style=\"text-align: center;\"><del>10<\/del><\/p><\/td><td rowspan=\"8\"><p class=\"Tabela_Texto_Alinhado_Esquerda\"><del>Decreto Gest\u00e3o Contratual<\/del><\/p><\/td><td><p class=\"Tabela_Texto_Alinhado_Esquerda\"><del>Verifica\u00e7\u00e3o de motivos para extin\u00e7\u00e3o contratual<\/del><\/p><\/td><td><p class=\"Tabela_Texto_Alinhado_Esquerda\"><del>Artigo 137, \u00a71\u00ba<\/del><\/p><\/td><td rowspan=\"8\"><p class=\"Tabela_Texto_Alinhado_Esquerda\"><del>4\u00ba Trimestre de 2022<\/del><\/p><\/td><\/tr><tr><td><p class=\"Tabela_Texto_Alinhado_Esquerda\"><del>Recebimento provis\u00f3rio e definitivo<\/del><\/p><\/td><td><p class=\"Tabela_Texto_Alinhado_Esquerda\"><del>Artigo 140, \u00a73\u00ba<\/del><\/p><\/td><\/tr><tr><td><p class=\"Tabela_Texto_Alinhado_Esquerda\"><del>San\u00e7\u00f5es e inidoneidade<\/del><\/p><\/td><td><p class=\"Tabela_Texto_Alinhado_Esquerda\"><del>Artigo 161, p. \u00fanico<\/del><\/p><\/td><\/tr><tr><td><p class=\"Tabela_Texto_Alinhado_Esquerda\"><del>Gest\u00e3o contratual compartilhada com a sociedade<\/del><\/p><\/td><td><p class=\"Tabela_Texto_Alinhado_Esquerda\"><del>Artigo 174, \u00a73\u00ba, inciso VI<\/del><\/p><\/td><\/tr><tr><td><p class=\"Tabela_Texto_Alinhado_Esquerda\"><del>Forma eletr\u00f4nica de contratos<\/del><\/p><\/td><td><p class=\"Tabela_Texto_Alinhado_Esquerda\"><del>Artigo 91, \u00a73\u00ba<\/del><\/p><\/td><\/tr><tr><td><p class=\"Tabela_Texto_Alinhado_Esquerda\"><del>Modelo de gest\u00e3o do contrato<\/del><\/p><\/td><td><p class=\"Tabela_Texto_Alinhado_Esquerda\"><del>Artigo 92, inciso XVIII<\/del><\/p><\/td><\/tr><tr><td><p class=\"Tabela_Texto_Alinhado_Esquerda\"><del>Dosimetria de san\u00e7\u00f5es<\/del><\/p><\/td><td><p class=\"Tabela_Texto_Alinhado_Esquerda\"><del>Artigos 155 e seguintes<\/del><\/p><\/td><\/tr><tr><td><p class=\"Tabela_Texto_Alinhado_Esquerda\"><del>Parcelamento de multas<\/del><\/p><\/td><td><p class=\"Tabela_Texto_Alinhado_Esquerda\"><del>Lei n.\u00ba 14.133<\/del><\/p><\/td><\/tr><tr><td rowspan=\"3\"><p class=\"Tabela_Texto_Alinhado_Esquerda\" style=\"text-align: center;\"><del>11<\/del><\/p><\/td><td rowspan=\"3\"><p class=\"Tabela_Texto_Alinhado_Esquerda\"><del>Decreto Procedimentos Auxiliares<\/del><\/p><\/td><td><p class=\"Tabela_Texto_Alinhado_Esquerda\"><del>Credenciamento<\/del><\/p><\/td><td><p class=\"Tabela_Texto_Alinhado_Esquerda\"><del>Artigo 79<\/del><\/p><\/td><td rowspan=\"3\"><p class=\"Tabela_Texto_Alinhado_Esquerda\"><del>4\u00ba Trimestre de 2022<\/del><\/p><\/td><\/tr><tr><td><p class=\"Tabela_Texto_Alinhado_Esquerda\"><del>Pr\u00e9-qualifica\u00e7\u00e3o<\/del><\/p><\/td><td><p class=\"Tabela_Texto_Alinhado_Esquerda\"><del>Artigo 80<\/del><\/p><\/td><\/tr><tr><td><p class=\"Tabela_Texto_Alinhado_Esquerda\"><del>PMI<\/del><\/p><\/td><td><p class=\"Tabela_Texto_Alinhado_Esquerda\"><del>Artigo 81<\/del><\/p><\/td><\/tr><tr><td rowspan=\"2\"><p class=\"Tabela_Texto_Alinhado_Esquerda\" style=\"text-align: center;\"><del>12<\/del><\/p><\/td><td rowspan=\"2\"><p class=\"Tabela_Texto_Alinhado_Esquerda\"><del>Decreto Maior Retorno Econ\u00f4mico e Di\u00e1logo Competitivo<\/del><\/p><\/td><td><p class=\"Tabela_Texto_Alinhado_Esquerda\"><del>Di\u00e1logo competitivo<\/del><\/p><\/td><td><p class=\"Tabela_Texto_Alinhado_Esquerda\"><del>Artigo 32<\/del><\/p><\/td><td rowspan=\"2\"><p class=\"Tabela_Texto_Alinhado_Esquerda\"><del>1\u00ba Trimestre de 2023<\/del><\/p><\/td><\/tr><tr><td><p class=\"Tabela_Texto_Alinhado_Esquerda\"><del>Licita\u00e7\u00f5es por maior retorno econ\u00f4mico<\/del><\/p><\/td><td><p class=\"Tabela_Texto_Alinhado_Esquerda\"><del>Artigo 39<\/del><\/p><\/td><\/tr><tr><td><p class=\"Tabela_Texto_Alinhado_Esquerda\" style=\"text-align: center;\"><del>13<\/del><\/p><\/td><td><p class=\"Tabela_Texto_Alinhado_Esquerda\"><del>Decreto Leil\u00e3o<\/del><\/p><\/td><td><p class=\"Tabela_Texto_Alinhado_Esquerda\"><del>Leil\u00e3o<\/del><\/p><\/td><td><p class=\"Tabela_Texto_Alinhado_Esquerda\"><del>Artigo 31<\/del><\/p><\/td><td><p class=\"Tabela_Texto_Alinhado_Esquerda\"><del>1\u00ba Trimestre de 2023<\/del><\/p><\/td><\/tr><tr><td><p class=\"Tabela_Texto_Alinhado_Esquerda\" style=\"text-align: center;\"><del>&#8211;<\/del><\/p><\/td><td><p class=\"Tabela_Texto_Alinhado_Esquerda\"><del>Decreto N\u00ba 47.525, de 17 de mar\u00e7o de 2021 &#8211; GES<\/del><\/p><\/td><td><p class=\"Tabela_Texto_Alinhado_Esquerda\"><del>Centraliza\u00e7\u00e3o das contrata\u00e7\u00f5es<\/del><\/p><\/td><td><p class=\"Tabela_Texto_Alinhado_Esquerda\"><del>Artigo 19, I<\/del><\/p><\/td><td><p class=\"Tabela_Texto_Alinhado_Esquerda\"><del>Publicado em 18\/03\/2021<\/del><\/p><\/td><\/tr><tr><td colspan=\"3\"><p class=\"Tabela_Texto_Alinhado_Esquerda\"><del>Capacita\u00e7\u00e3o Te\u00f3rica e Pr\u00e1tica: realiza\u00e7\u00e3o em at\u00e9 60 dias ap\u00f3s a publica\u00e7\u00e3o do Ato Normativo<\/del><\/p><\/td><td><p class=\"Tabela_Texto_Alinhado_Esquerda\">\u00a0<\/p><\/td><td><p class=\"Tabela_Texto_Alinhado_Esquerda\">\u00a0<\/p><\/td><\/tr><\/tbody><\/table><p style=\"text-align: right;\"><del>Id: 2369605<\/del><\/p>\t\t\t\t\t\t\t\t<\/div>\n\t\t\t\t\t<\/div>\n\t\t<\/div>\n\t\t\t\t\t<\/div>\n\t\t<\/section>\n\t\t\t\t<section class=\"elementor-section elementor-top-section elementor-element elementor-element-832236e elementor-section-boxed elementor-section-height-default elementor-section-height-default\" data-id=\"832236e\" data-element_type=\"section\" data-settings=\"{&quot;jet_parallax_layout_list&quot;:[{&quot;jet_parallax_layout_image&quot;:{&quot;url&quot;:&quot;&quot;,&quot;id&quot;:&quot;&quot;,&quot;size&quot;:&quot;&quot;},&quot;_id&quot;:&quot;04dd098&quot;,&quot;jet_parallax_layout_image_tablet&quot;:{&quot;url&quot;:&quot;&quot;,&quot;id&quot;:&quot;&quot;,&quot;size&quot;:&quot;&quot;},&quot;jet_parallax_layout_image_mobile&quot;:{&quot;url&quot;:&quot;&quot;,&quot;id&quot;:&quot;&quot;,&quot;size&quot;:&quot;&quot;},&quot;jet_parallax_layout_speed&quot;:{&quot;unit&quot;:&quot;%&quot;,&quot;size&quot;:50,&quot;sizes&quot;:[]},&quot;jet_parallax_layout_type&quot;:&quot;scroll&quot;,&quot;jet_parallax_layout_direction&quot;:&quot;1&quot;,&quot;jet_parallax_layout_fx_direction&quot;:null,&quot;jet_parallax_layout_z_index&quot;:&quot;&quot;,&quot;jet_parallax_layout_bg_x&quot;:50,&quot;jet_parallax_layout_bg_x_tablet&quot;:&quot;&quot;,&quot;jet_parallax_layout_bg_x_mobile&quot;:&quot;&quot;,&quot;jet_parallax_layout_bg_y&quot;:50,&quot;jet_parallax_layout_bg_y_tablet&quot;:&quot;&quot;,&quot;jet_parallax_layout_bg_y_mobile&quot;:&quot;&quot;,&quot;jet_parallax_layout_bg_size&quot;:&quot;auto&quot;,&quot;jet_parallax_layout_bg_size_tablet&quot;:&quot;&quot;,&quot;jet_parallax_layout_bg_size_mobile&quot;:&quot;&quot;,&quot;jet_parallax_layout_animation_prop&quot;:&quot;transform&quot;,&quot;jet_parallax_layout_on&quot;:[&quot;desktop&quot;,&quot;tablet&quot;]}]}\">\n\t\t\t\t\t\t<div class=\"elementor-container elementor-column-gap-default\">\n\t\t\t\t\t<div class=\"elementor-column elementor-col-100 elementor-top-column elementor-element elementor-element-9dc33ef\" data-id=\"9dc33ef\" data-element_type=\"column\">\n\t\t\t<div class=\"elementor-widget-wrap elementor-element-populated\">\n\t\t\t\t\t\t<div class=\"elementor-element elementor-element-a612a77 elementor-widget elementor-widget-text-editor\" data-id=\"a612a77\" data-element_type=\"widget\" data-widget_type=\"text-editor.default\">\n\t\t\t\t\t\t\t\t\t<p><em>Publicada no DOE em <a href=\"https:\/\/www.redelog.rj.gov.br\/redelog\/wp-content\/uploads\/2022\/02\/Resolucao-SEPLAG-no-105-2022-Regulamentacao-da-Lei-no-14.133-2021.pdf\" target=\"_blank\" rel=\"noopener\"><strong>15\/02\/2022<\/strong><\/a>.<\/em><\/p><p><em>Revogada pela <a href=\"https:\/\/redelog.rj.gov.br\/redelog\/resolucao-seplag-no-262-de-27-de-dezembro-de-2023\/\"><strong>Resolu\u00e7\u00e3o SEPLAG n\u00ba 262, de 27 de dezembro de 2023<\/strong><\/a>, publicada no DOE em <a href=\"https:\/\/www.redelog.rj.gov.br\/redelog\/wp-content\/uploads\/2023\/12\/Resolucao-SEPLAG-no-262-Plano-de-Trabalho-NLLC.pdf\"><strong>29\/12\/2023<\/strong><\/a>.<\/em><\/p>\t\t\t\t\t\t\t\t<\/div>\n\t\t\t\t\t<\/div>\n\t\t<\/div>\n\t\t\t\t\t<\/div>\n\t\t<\/section>\n\t\t\t\t<section class=\"elementor-section elementor-top-section elementor-element elementor-element-1e389a9 elementor-section-boxed elementor-section-height-default elementor-section-height-default\" data-id=\"1e389a9\" data-element_type=\"section\" data-settings=\"{&quot;jet_parallax_layout_list&quot;:[{&quot;jet_parallax_layout_image&quot;:{&quot;url&quot;:&quot;&quot;,&quot;id&quot;:&quot;&quot;,&quot;size&quot;:&quot;&quot;},&quot;_id&quot;:&quot;ab030fc&quot;,&quot;jet_parallax_layout_image_tablet&quot;:{&quot;url&quot;:&quot;&quot;,&quot;id&quot;:&quot;&quot;,&quot;size&quot;:&quot;&quot;},&quot;jet_parallax_layout_image_mobile&quot;:{&quot;url&quot;:&quot;&quot;,&quot;id&quot;:&quot;&quot;,&quot;size&quot;:&quot;&quot;},&quot;jet_parallax_layout_speed&quot;:{&quot;unit&quot;:&quot;%&quot;,&quot;size&quot;:50,&quot;sizes&quot;:[]},&quot;jet_parallax_layout_type&quot;:&quot;scroll&quot;,&quot;jet_parallax_layout_direction&quot;:&quot;1&quot;,&quot;jet_parallax_layout_fx_direction&quot;:null,&quot;jet_parallax_layout_z_index&quot;:&quot;&quot;,&quot;jet_parallax_layout_bg_x&quot;:50,&quot;jet_parallax_layout_bg_x_tablet&quot;:&quot;&quot;,&quot;jet_parallax_layout_bg_x_mobile&quot;:&quot;&quot;,&quot;jet_parallax_layout_bg_y&quot;:50,&quot;jet_parallax_layout_bg_y_tablet&quot;:&quot;&quot;,&quot;jet_parallax_layout_bg_y_mobile&quot;:&quot;&quot;,&quot;jet_parallax_layout_bg_size&quot;:&quot;auto&quot;,&quot;jet_parallax_layout_bg_size_tablet&quot;:&quot;&quot;,&quot;jet_parallax_layout_bg_size_mobile&quot;:&quot;&quot;,&quot;jet_parallax_layout_animation_prop&quot;:&quot;transform&quot;,&quot;jet_parallax_layout_on&quot;:[&quot;desktop&quot;,&quot;tablet&quot;]}]}\">\n\t\t\t\t\t\t<div class=\"elementor-container elementor-column-gap-default\">\n\t\t\t\t\t<div class=\"elementor-column elementor-col-100 elementor-top-column elementor-element elementor-element-c90ffd2\" data-id=\"c90ffd2\" data-element_type=\"column\">\n\t\t\t<div class=\"elementor-widget-wrap elementor-element-populated\">\n\t\t\t\t\t\t<div class=\"elementor-element elementor-element-d6d07c0 elementor-widget-divider--view-line elementor-widget elementor-widget-divider\" data-id=\"d6d07c0\" data-element_type=\"widget\" data-widget_type=\"divider.default\">\n\t\t\t\t\t\t\t<div class=\"elementor-divider\">\n\t\t\t<span class=\"elementor-divider-separator\">\n\t\t\t\t\t\t<\/span>\n\t\t<\/div>\n\t\t\t\t\t\t<\/div>\n\t\t\t\t\t<\/div>\n\t\t<\/div>\n\t\t\t\t\t<\/div>\n\t\t<\/section>\n\t\t\t\t<section class=\"elementor-section elementor-top-section elementor-element elementor-element-f728933 elementor-section-boxed elementor-section-height-default elementor-section-height-default\" data-id=\"f728933\" data-element_type=\"section\" id=\"options\" data-settings=\"{&quot;jet_parallax_layout_list&quot;:[{&quot;jet_parallax_layout_image&quot;:{&quot;url&quot;:&quot;&quot;,&quot;id&quot;:&quot;&quot;,&quot;size&quot;:&quot;&quot;},&quot;_id&quot;:&quot;19d7213&quot;,&quot;jet_parallax_layout_image_tablet&quot;:{&quot;url&quot;:&quot;&quot;,&quot;id&quot;:&quot;&quot;,&quot;size&quot;:&quot;&quot;},&quot;jet_parallax_layout_image_mobile&quot;:{&quot;url&quot;:&quot;&quot;,&quot;id&quot;:&quot;&quot;,&quot;size&quot;:&quot;&quot;},&quot;jet_parallax_layout_speed&quot;:{&quot;unit&quot;:&quot;%&quot;,&quot;size&quot;:50,&quot;sizes&quot;:[]},&quot;jet_parallax_layout_type&quot;:&quot;scroll&quot;,&quot;jet_parallax_layout_direction&quot;:&quot;1&quot;,&quot;jet_parallax_layout_fx_direction&quot;:null,&quot;jet_parallax_layout_z_index&quot;:&quot;&quot;,&quot;jet_parallax_layout_bg_x&quot;:50,&quot;jet_parallax_layout_bg_x_tablet&quot;:&quot;&quot;,&quot;jet_parallax_layout_bg_x_mobile&quot;:&quot;&quot;,&quot;jet_parallax_layout_bg_y&quot;:50,&quot;jet_parallax_layout_bg_y_tablet&quot;:&quot;&quot;,&quot;jet_parallax_layout_bg_y_mobile&quot;:&quot;&quot;,&quot;jet_parallax_layout_bg_size&quot;:&quot;auto&quot;,&quot;jet_parallax_layout_bg_size_tablet&quot;:&quot;&quot;,&quot;jet_parallax_layout_bg_size_mobile&quot;:&quot;&quot;,&quot;jet_parallax_layout_animation_prop&quot;:&quot;transform&quot;,&quot;jet_parallax_layout_on&quot;:[&quot;desktop&quot;,&quot;tablet&quot;]}]}\">\n\t\t\t\t\t\t<div class=\"elementor-container elementor-column-gap-default\">\n\t\t\t\t\t<div class=\"elementor-column elementor-col-100 elementor-top-column elementor-element elementor-element-d89170b\" data-id=\"d89170b\" data-element_type=\"column\">\n\t\t\t<div class=\"elementor-widget-wrap elementor-element-populated\">\n\t\t\t\t\t\t<div class=\"elementor-element elementor-element-24a40e1 elementor-widget elementor-widget-shortcode\" data-id=\"24a40e1\" data-element_type=\"widget\" data-widget_type=\"shortcode.default\">\n\t\t\t\t\t\t\t<div class=\"elementor-shortcode\"><div class='printomatic pom-default ' id='id2242' alt='Imprimir' title='Imprimir' data-print_target='#post-13847'><\/div> <div class='printomatictext' id='id2242' alt='Imprimir' title='Imprimir' data-print_target='#post-13847'>Imprimir<\/div><div style='clear: both;'><\/div><\/div>\n\t\t\t\t\t\t<\/div>\n\t\t\t\t<section class=\"elementor-section elementor-inner-section elementor-element elementor-element-e00475c elementor-section-boxed elementor-section-height-default elementor-section-height-default\" data-id=\"e00475c\" data-element_type=\"section\" data-settings=\"{&quot;jet_parallax_layout_list&quot;:[{&quot;jet_parallax_layout_image&quot;:{&quot;url&quot;:&quot;&quot;,&quot;id&quot;:&quot;&quot;,&quot;size&quot;:&quot;&quot;},&quot;_id&quot;:&quot;ccec7d1&quot;,&quot;jet_parallax_layout_image_tablet&quot;:{&quot;url&quot;:&quot;&quot;,&quot;id&quot;:&quot;&quot;,&quot;size&quot;:&quot;&quot;},&quot;jet_parallax_layout_image_mobile&quot;:{&quot;url&quot;:&quot;&quot;,&quot;id&quot;:&quot;&quot;,&quot;size&quot;:&quot;&quot;},&quot;jet_parallax_layout_speed&quot;:{&quot;unit&quot;:&quot;%&quot;,&quot;size&quot;:50,&quot;sizes&quot;:[]},&quot;jet_parallax_layout_type&quot;:&quot;scroll&quot;,&quot;jet_parallax_layout_direction&quot;:&quot;1&quot;,&quot;jet_parallax_layout_fx_direction&quot;:null,&quot;jet_parallax_layout_z_index&quot;:&quot;&quot;,&quot;jet_parallax_layout_bg_x&quot;:50,&quot;jet_parallax_layout_bg_x_tablet&quot;:&quot;&quot;,&quot;jet_parallax_layout_bg_x_mobile&quot;:&quot;&quot;,&quot;jet_parallax_layout_bg_y&quot;:50,&quot;jet_parallax_layout_bg_y_tablet&quot;:&quot;&quot;,&quot;jet_parallax_layout_bg_y_mobile&quot;:&quot;&quot;,&quot;jet_parallax_layout_bg_size&quot;:&quot;auto&quot;,&quot;jet_parallax_layout_bg_size_tablet&quot;:&quot;&quot;,&quot;jet_parallax_layout_bg_size_mobile&quot;:&quot;&quot;,&quot;jet_parallax_layout_animation_prop&quot;:&quot;transform&quot;,&quot;jet_parallax_layout_on&quot;:[&quot;desktop&quot;,&quot;tablet&quot;]}]}\">\n\t\t\t\t\t\t<div class=\"elementor-container elementor-column-gap-default\">\n\t\t\t\t\t<div class=\"elementor-column elementor-col-50 elementor-inner-column elementor-element elementor-element-9c6cf68\" data-id=\"9c6cf68\" data-element_type=\"column\">\n\t\t\t<div class=\"elementor-widget-wrap elementor-element-populated\">\n\t\t\t\t\t\t<div class=\"elementor-element elementor-element-41c6a67 elementor-widget elementor-widget-text-editor\" data-id=\"41c6a67\" data-element_type=\"widget\" data-widget_type=\"text-editor.default\">\n\t\t\t\t\t\t\t\t\t<p><strong><a href=\"http:\/\/redelog.rj.gov.br\/redelog\/legislacao-licitacoes\/\">\u2190 Voltar &#8211; Licita\u00e7\u00f5es<\/a><\/strong><\/p>\t\t\t\t\t\t\t\t<\/div>\n\t\t\t\t\t<\/div>\n\t\t<\/div>\n\t\t\t\t<div class=\"elementor-column elementor-col-50 elementor-inner-column elementor-element elementor-element-7441c95\" data-id=\"7441c95\" data-element_type=\"column\">\n\t\t\t<div class=\"elementor-widget-wrap elementor-element-populated\">\n\t\t\t\t\t\t\t<\/div>\n\t\t<\/div>\n\t\t\t\t\t<\/div>\n\t\t<\/section>\n\t\t\t\t\t<\/div>\n\t\t<\/div>\n\t\t\t\t\t<\/div>\n\t\t<\/section>\n\t\t\t\t<section class=\"elementor-section elementor-top-section elementor-element elementor-element-7065016 elementor-section-boxed elementor-section-height-default elementor-section-height-default\" data-id=\"7065016\" data-element_type=\"section\" data-settings=\"{&quot;jet_parallax_layout_list&quot;:[{&quot;jet_parallax_layout_image&quot;:{&quot;url&quot;:&quot;&quot;,&quot;id&quot;:&quot;&quot;,&quot;size&quot;:&quot;&quot;},&quot;_id&quot;:&quot;22a0abb&quot;,&quot;jet_parallax_layout_image_tablet&quot;:{&quot;url&quot;:&quot;&quot;,&quot;id&quot;:&quot;&quot;,&quot;size&quot;:&quot;&quot;},&quot;jet_parallax_layout_image_mobile&quot;:{&quot;url&quot;:&quot;&quot;,&quot;id&quot;:&quot;&quot;,&quot;size&quot;:&quot;&quot;},&quot;jet_parallax_layout_speed&quot;:{&quot;unit&quot;:&quot;%&quot;,&quot;size&quot;:50,&quot;sizes&quot;:[]},&quot;jet_parallax_layout_type&quot;:&quot;scroll&quot;,&quot;jet_parallax_layout_direction&quot;:&quot;1&quot;,&quot;jet_parallax_layout_fx_direction&quot;:null,&quot;jet_parallax_layout_z_index&quot;:&quot;&quot;,&quot;jet_parallax_layout_bg_x&quot;:50,&quot;jet_parallax_layout_bg_x_tablet&quot;:&quot;&quot;,&quot;jet_parallax_layout_bg_x_mobile&quot;:&quot;&quot;,&quot;jet_parallax_layout_bg_y&quot;:50,&quot;jet_parallax_layout_bg_y_tablet&quot;:&quot;&quot;,&quot;jet_parallax_layout_bg_y_mobile&quot;:&quot;&quot;,&quot;jet_parallax_layout_bg_size&quot;:&quot;auto&quot;,&quot;jet_parallax_layout_bg_size_tablet&quot;:&quot;&quot;,&quot;jet_parallax_layout_bg_size_mobile&quot;:&quot;&quot;,&quot;jet_parallax_layout_animation_prop&quot;:&quot;transform&quot;,&quot;jet_parallax_layout_on&quot;:[&quot;desktop&quot;,&quot;tablet&quot;]}]}\">\n\t\t\t\t\t\t<div class=\"elementor-container elementor-column-gap-default\">\n\t\t\t\t\t<div class=\"elementor-column elementor-col-100 elementor-top-column elementor-element elementor-element-a29ed65\" data-id=\"a29ed65\" data-element_type=\"column\">\n\t\t\t<div class=\"elementor-widget-wrap elementor-element-populated\">\n\t\t\t\t\t\t<div class=\"elementor-element elementor-element-2bc6dff elementor-widget elementor-widget-html\" data-id=\"2bc6dff\" data-element_type=\"widget\" data-widget_type=\"html.default\">\n\t\t\t\t\t<style>\n    h2, .h2-style{\n        font-size: 28px;\n    }\n<\/style>\t\t\t\t<\/div>\n\t\t\t\t\t<\/div>\n\t\t<\/div>\n\t\t\t\t\t<\/div>\n\t\t<\/section>\n\t\t\t\t<\/div>\n\t\t","protected":false},"excerpt":{"rendered":"<p>ESTABELECE PLANO DE TRABALHO PARA A REGULAMENTA\u00c7\u00c3O E IMPLEMENTA\u00c7\u00c3O DA LEI N\u00ba 14.133, DE 1\u00ba DE ABRIL DE 2021, LEI DE LICITA\u00c7\u00d5ES E CONTRATOS, NO \u00c2MBITO DO PODER EXECUTIVO DO ESTADO DO RIO DE JANEIRO. O SECRET\u00c1RIO DE ESTADO DE PLANEJAMENTO E GEST\u00c3O, no uso de suas atribui\u00e7\u00f5es legais e regulamentares, de acordo com o [&hellip;]<\/p>\n","protected":false},"author":9,"featured_media":0,"comment_status":"closed","ping_status":"open","sticky":false,"template":"","format":"standard","meta":{"_joinchat":[],"footnotes":""},"categories":[23],"tags":[],"class_list":["post-13847","post","type-post","status-publish","format-standard","hentry","category-cat-legislacao"],"yoast_head":"<!-- This site is optimized with the Yoast SEO plugin v25.7 - https:\/\/yoast.com\/wordpress\/plugins\/seo\/ -->\n<title>RESOLU\u00c7\u00c3O SEPLAG N\u00ba 105, DE 10 DE FEVEREIRO DE 2022 - Redelog<\/title>\n<meta name=\"robots\" content=\"index, follow, max-snippet:-1, max-image-preview:large, max-video-preview:-1\" \/>\n<link rel=\"canonical\" href=\"https:\/\/redelog.rj.gov.br\/redelog\/resolucao-seplag-no-105-de-10-de-fevereiro-de-2022\/\" \/>\n<meta property=\"og:locale\" content=\"pt_BR\" \/>\n<meta property=\"og:type\" content=\"article\" \/>\n<meta property=\"og:title\" content=\"RESOLU\u00c7\u00c3O SEPLAG N\u00ba 105, DE 10 DE FEVEREIRO DE 2022 - Redelog\" \/>\n<meta property=\"og:description\" content=\"ESTABELECE PLANO DE TRABALHO PARA A REGULAMENTA\u00c7\u00c3O E IMPLEMENTA\u00c7\u00c3O DA LEI N\u00ba 14.133, DE 1\u00ba DE ABRIL DE 2021, LEI DE LICITA\u00c7\u00d5ES E CONTRATOS, NO \u00c2MBITO DO PODER EXECUTIVO DO ESTADO DO RIO DE JANEIRO. O SECRET\u00c1RIO DE ESTADO DE PLANEJAMENTO E GEST\u00c3O, no uso de suas atribui\u00e7\u00f5es legais e regulamentares, de acordo com o [&hellip;]\" \/>\n<meta property=\"og:url\" content=\"https:\/\/redelog.rj.gov.br\/redelog\/resolucao-seplag-no-105-de-10-de-fevereiro-de-2022\/\" \/>\n<meta property=\"og:site_name\" content=\"Redelog\" \/>\n<meta property=\"article:published_time\" content=\"2022-02-11T11:11:52+00:00\" \/>\n<meta property=\"article:modified_time\" content=\"2023-12-29T14:04:33+00:00\" \/>\n<meta name=\"author\" content=\"Rejane\" \/>\n<meta name=\"twitter:card\" content=\"summary_large_image\" \/>\n<meta name=\"twitter:label1\" content=\"Escrito por\" \/>\n\t<meta name=\"twitter:data1\" content=\"Rejane\" \/>\n\t<meta name=\"twitter:label2\" content=\"Est. tempo de leitura\" \/>\n\t<meta name=\"twitter:data2\" content=\"12 minutos\" \/>\n<script type=\"application\/ld+json\" class=\"yoast-schema-graph\">{\"@context\":\"https:\/\/schema.org\",\"@graph\":[{\"@type\":\"Article\",\"@id\":\"https:\/\/redelog.rj.gov.br\/redelog\/resolucao-seplag-no-105-de-10-de-fevereiro-de-2022\/#article\",\"isPartOf\":{\"@id\":\"https:\/\/redelog.rj.gov.br\/redelog\/resolucao-seplag-no-105-de-10-de-fevereiro-de-2022\/\"},\"author\":{\"name\":\"Rejane\",\"@id\":\"https:\/\/redelog.rj.gov.br\/redelog\/#\/schema\/person\/711e4a03f3b5eeb4ffeb92a63daecd59\"},\"headline\":\"RESOLU\u00c7\u00c3O SEPLAG N\u00ba 105, DE 10 DE FEVEREIRO DE 2022\",\"datePublished\":\"2022-02-11T11:11:52+00:00\",\"dateModified\":\"2023-12-29T14:04:33+00:00\",\"mainEntityOfPage\":{\"@id\":\"https:\/\/redelog.rj.gov.br\/redelog\/resolucao-seplag-no-105-de-10-de-fevereiro-de-2022\/\"},\"wordCount\":2939,\"publisher\":{\"@id\":\"https:\/\/redelog.rj.gov.br\/redelog\/#organization\"},\"articleSection\":[\"Legisla\u00e7\u00e3o\"],\"inLanguage\":\"pt-BR\"},{\"@type\":\"WebPage\",\"@id\":\"https:\/\/redelog.rj.gov.br\/redelog\/resolucao-seplag-no-105-de-10-de-fevereiro-de-2022\/\",\"url\":\"https:\/\/redelog.rj.gov.br\/redelog\/resolucao-seplag-no-105-de-10-de-fevereiro-de-2022\/\",\"name\":\"RESOLU\u00c7\u00c3O SEPLAG N\u00ba 105, DE 10 DE FEVEREIRO DE 2022 - Redelog\",\"isPartOf\":{\"@id\":\"https:\/\/redelog.rj.gov.br\/redelog\/#website\"},\"datePublished\":\"2022-02-11T11:11:52+00:00\",\"dateModified\":\"2023-12-29T14:04:33+00:00\",\"breadcrumb\":{\"@id\":\"https:\/\/redelog.rj.gov.br\/redelog\/resolucao-seplag-no-105-de-10-de-fevereiro-de-2022\/#breadcrumb\"},\"inLanguage\":\"pt-BR\",\"potentialAction\":[{\"@type\":\"ReadAction\",\"target\":[\"https:\/\/redelog.rj.gov.br\/redelog\/resolucao-seplag-no-105-de-10-de-fevereiro-de-2022\/\"]}]},{\"@type\":\"BreadcrumbList\",\"@id\":\"https:\/\/redelog.rj.gov.br\/redelog\/resolucao-seplag-no-105-de-10-de-fevereiro-de-2022\/#breadcrumb\",\"itemListElement\":[{\"@type\":\"ListItem\",\"position\":1,\"name\":\"Home\",\"item\":\"https:\/\/redelog.rj.gov.br\/redelog\/\"},{\"@type\":\"ListItem\",\"position\":2,\"name\":\"RESOLU\u00c7\u00c3O SEPLAG N\u00ba 105, DE 10 DE FEVEREIRO DE 2022\"}]},{\"@type\":\"WebSite\",\"@id\":\"https:\/\/redelog.rj.gov.br\/redelog\/#website\",\"url\":\"https:\/\/redelog.rj.gov.br\/redelog\/\",\"name\":\"Redelog\",\"description\":\"Site da Rede de Log\u00edstica e Planejamento do Estado do Rio de Janeiro\",\"publisher\":{\"@id\":\"https:\/\/redelog.rj.gov.br\/redelog\/#organization\"},\"potentialAction\":[{\"@type\":\"SearchAction\",\"target\":{\"@type\":\"EntryPoint\",\"urlTemplate\":\"https:\/\/redelog.rj.gov.br\/redelog\/?s={search_term_string}\"},\"query-input\":{\"@type\":\"PropertyValueSpecification\",\"valueRequired\":true,\"valueName\":\"search_term_string\"}}],\"inLanguage\":\"pt-BR\"},{\"@type\":\"Organization\",\"@id\":\"https:\/\/redelog.rj.gov.br\/redelog\/#organization\",\"name\":\"REDELOG\",\"url\":\"https:\/\/redelog.rj.gov.br\/redelog\/\",\"logo\":{\"@type\":\"ImageObject\",\"inLanguage\":\"pt-BR\",\"@id\":\"https:\/\/redelog.rj.gov.br\/redelog\/#\/schema\/logo\/image\/\",\"url\":\"http:\/\/10.10.8.100:8888\/redelog\/wp-content\/uploads\/2019\/09\/Redelog2.png\",\"contentUrl\":\"http:\/\/10.10.8.100:8888\/redelog\/wp-content\/uploads\/2019\/09\/Redelog2.png\",\"width\":565,\"height\":155,\"caption\":\"REDELOG\"},\"image\":{\"@id\":\"https:\/\/redelog.rj.gov.br\/redelog\/#\/schema\/logo\/image\/\"}},{\"@type\":\"Person\",\"@id\":\"https:\/\/redelog.rj.gov.br\/redelog\/#\/schema\/person\/711e4a03f3b5eeb4ffeb92a63daecd59\",\"name\":\"Rejane\",\"image\":{\"@type\":\"ImageObject\",\"inLanguage\":\"pt-BR\",\"@id\":\"https:\/\/redelog.rj.gov.br\/redelog\/#\/schema\/person\/image\/\",\"url\":\"https:\/\/secure.gravatar.com\/avatar\/9e2f6efb183531871283cb363403afe7c22e3efb129d9e809e5824cd145dd3a8?s=96&d=mm&r=g\",\"contentUrl\":\"https:\/\/secure.gravatar.com\/avatar\/9e2f6efb183531871283cb363403afe7c22e3efb129d9e809e5824cd145dd3a8?s=96&d=mm&r=g\",\"caption\":\"Rejane\"},\"url\":\"https:\/\/redelog.rj.gov.br\/redelog\/author\/rejane\/\"}]}<\/script>\n<!-- \/ Yoast SEO plugin. -->","yoast_head_json":{"title":"RESOLU\u00c7\u00c3O SEPLAG N\u00ba 105, DE 10 DE FEVEREIRO DE 2022 - Redelog","robots":{"index":"index","follow":"follow","max-snippet":"max-snippet:-1","max-image-preview":"max-image-preview:large","max-video-preview":"max-video-preview:-1"},"canonical":"https:\/\/redelog.rj.gov.br\/redelog\/resolucao-seplag-no-105-de-10-de-fevereiro-de-2022\/","og_locale":"pt_BR","og_type":"article","og_title":"RESOLU\u00c7\u00c3O SEPLAG N\u00ba 105, DE 10 DE FEVEREIRO DE 2022 - Redelog","og_description":"ESTABELECE PLANO DE TRABALHO PARA A REGULAMENTA\u00c7\u00c3O E IMPLEMENTA\u00c7\u00c3O DA LEI N\u00ba 14.133, DE 1\u00ba DE ABRIL DE 2021, LEI DE LICITA\u00c7\u00d5ES E CONTRATOS, NO \u00c2MBITO DO PODER EXECUTIVO DO ESTADO DO RIO DE JANEIRO. O SECRET\u00c1RIO DE ESTADO DE PLANEJAMENTO E GEST\u00c3O, no uso de suas atribui\u00e7\u00f5es legais e regulamentares, de acordo com o [&hellip;]","og_url":"https:\/\/redelog.rj.gov.br\/redelog\/resolucao-seplag-no-105-de-10-de-fevereiro-de-2022\/","og_site_name":"Redelog","article_published_time":"2022-02-11T11:11:52+00:00","article_modified_time":"2023-12-29T14:04:33+00:00","author":"Rejane","twitter_card":"summary_large_image","twitter_misc":{"Escrito por":"Rejane","Est. tempo de leitura":"12 minutos"},"schema":{"@context":"https:\/\/schema.org","@graph":[{"@type":"Article","@id":"https:\/\/redelog.rj.gov.br\/redelog\/resolucao-seplag-no-105-de-10-de-fevereiro-de-2022\/#article","isPartOf":{"@id":"https:\/\/redelog.rj.gov.br\/redelog\/resolucao-seplag-no-105-de-10-de-fevereiro-de-2022\/"},"author":{"name":"Rejane","@id":"https:\/\/redelog.rj.gov.br\/redelog\/#\/schema\/person\/711e4a03f3b5eeb4ffeb92a63daecd59"},"headline":"RESOLU\u00c7\u00c3O SEPLAG N\u00ba 105, DE 10 DE FEVEREIRO DE 2022","datePublished":"2022-02-11T11:11:52+00:00","dateModified":"2023-12-29T14:04:33+00:00","mainEntityOfPage":{"@id":"https:\/\/redelog.rj.gov.br\/redelog\/resolucao-seplag-no-105-de-10-de-fevereiro-de-2022\/"},"wordCount":2939,"publisher":{"@id":"https:\/\/redelog.rj.gov.br\/redelog\/#organization"},"articleSection":["Legisla\u00e7\u00e3o"],"inLanguage":"pt-BR"},{"@type":"WebPage","@id":"https:\/\/redelog.rj.gov.br\/redelog\/resolucao-seplag-no-105-de-10-de-fevereiro-de-2022\/","url":"https:\/\/redelog.rj.gov.br\/redelog\/resolucao-seplag-no-105-de-10-de-fevereiro-de-2022\/","name":"RESOLU\u00c7\u00c3O SEPLAG N\u00ba 105, DE 10 DE FEVEREIRO DE 2022 - Redelog","isPartOf":{"@id":"https:\/\/redelog.rj.gov.br\/redelog\/#website"},"datePublished":"2022-02-11T11:11:52+00:00","dateModified":"2023-12-29T14:04:33+00:00","breadcrumb":{"@id":"https:\/\/redelog.rj.gov.br\/redelog\/resolucao-seplag-no-105-de-10-de-fevereiro-de-2022\/#breadcrumb"},"inLanguage":"pt-BR","potentialAction":[{"@type":"ReadAction","target":["https:\/\/redelog.rj.gov.br\/redelog\/resolucao-seplag-no-105-de-10-de-fevereiro-de-2022\/"]}]},{"@type":"BreadcrumbList","@id":"https:\/\/redelog.rj.gov.br\/redelog\/resolucao-seplag-no-105-de-10-de-fevereiro-de-2022\/#breadcrumb","itemListElement":[{"@type":"ListItem","position":1,"name":"Home","item":"https:\/\/redelog.rj.gov.br\/redelog\/"},{"@type":"ListItem","position":2,"name":"RESOLU\u00c7\u00c3O SEPLAG N\u00ba 105, DE 10 DE FEVEREIRO DE 2022"}]},{"@type":"WebSite","@id":"https:\/\/redelog.rj.gov.br\/redelog\/#website","url":"https:\/\/redelog.rj.gov.br\/redelog\/","name":"Redelog","description":"Site da Rede de Log\u00edstica e Planejamento do Estado do Rio de Janeiro","publisher":{"@id":"https:\/\/redelog.rj.gov.br\/redelog\/#organization"},"potentialAction":[{"@type":"SearchAction","target":{"@type":"EntryPoint","urlTemplate":"https:\/\/redelog.rj.gov.br\/redelog\/?s={search_term_string}"},"query-input":{"@type":"PropertyValueSpecification","valueRequired":true,"valueName":"search_term_string"}}],"inLanguage":"pt-BR"},{"@type":"Organization","@id":"https:\/\/redelog.rj.gov.br\/redelog\/#organization","name":"REDELOG","url":"https:\/\/redelog.rj.gov.br\/redelog\/","logo":{"@type":"ImageObject","inLanguage":"pt-BR","@id":"https:\/\/redelog.rj.gov.br\/redelog\/#\/schema\/logo\/image\/","url":"http:\/\/10.10.8.100:8888\/redelog\/wp-content\/uploads\/2019\/09\/Redelog2.png","contentUrl":"http:\/\/10.10.8.100:8888\/redelog\/wp-content\/uploads\/2019\/09\/Redelog2.png","width":565,"height":155,"caption":"REDELOG"},"image":{"@id":"https:\/\/redelog.rj.gov.br\/redelog\/#\/schema\/logo\/image\/"}},{"@type":"Person","@id":"https:\/\/redelog.rj.gov.br\/redelog\/#\/schema\/person\/711e4a03f3b5eeb4ffeb92a63daecd59","name":"Rejane","image":{"@type":"ImageObject","inLanguage":"pt-BR","@id":"https:\/\/redelog.rj.gov.br\/redelog\/#\/schema\/person\/image\/","url":"https:\/\/secure.gravatar.com\/avatar\/9e2f6efb183531871283cb363403afe7c22e3efb129d9e809e5824cd145dd3a8?s=96&d=mm&r=g","contentUrl":"https:\/\/secure.gravatar.com\/avatar\/9e2f6efb183531871283cb363403afe7c22e3efb129d9e809e5824cd145dd3a8?s=96&d=mm&r=g","caption":"Rejane"},"url":"https:\/\/redelog.rj.gov.br\/redelog\/author\/rejane\/"}]}},"_links":{"self":[{"href":"https:\/\/redelog.rj.gov.br\/redelog\/wp-json\/wp\/v2\/posts\/13847","targetHints":{"allow":["GET"]}}],"collection":[{"href":"https:\/\/redelog.rj.gov.br\/redelog\/wp-json\/wp\/v2\/posts"}],"about":[{"href":"https:\/\/redelog.rj.gov.br\/redelog\/wp-json\/wp\/v2\/types\/post"}],"author":[{"embeddable":true,"href":"https:\/\/redelog.rj.gov.br\/redelog\/wp-json\/wp\/v2\/users\/9"}],"replies":[{"embeddable":true,"href":"https:\/\/redelog.rj.gov.br\/redelog\/wp-json\/wp\/v2\/comments?post=13847"}],"version-history":[{"count":31,"href":"https:\/\/redelog.rj.gov.br\/redelog\/wp-json\/wp\/v2\/posts\/13847\/revisions"}],"predecessor-version":[{"id":26918,"href":"https:\/\/redelog.rj.gov.br\/redelog\/wp-json\/wp\/v2\/posts\/13847\/revisions\/26918"}],"wp:attachment":[{"href":"https:\/\/redelog.rj.gov.br\/redelog\/wp-json\/wp\/v2\/media?parent=13847"}],"wp:term":[{"taxonomy":"category","embeddable":true,"href":"https:\/\/redelog.rj.gov.br\/redelog\/wp-json\/wp\/v2\/categories?post=13847"},{"taxonomy":"post_tag","embeddable":true,"href":"https:\/\/redelog.rj.gov.br\/redelog\/wp-json\/wp\/v2\/tags?post=13847"}],"curies":[{"name":"wp","href":"https:\/\/api.w.org\/{rel}","templated":true}]}}