{"id":9736,"date":"2025-02-24T16:39:29","date_gmt":"2025-02-24T19:39:29","guid":{"rendered":"https:\/\/redelog.rj.gov.br\/redecompras\/?p=9736"},"modified":"2025-02-24T17:03:13","modified_gmt":"2025-02-24T20:03:13","slug":"informe-001-2025-atualizacao-siga-celula-de-credito","status":"publish","type":"post","link":"https:\/\/redelog.rj.gov.br\/redecompras\/informe-001-2025-atualizacao-siga-celula-de-credito\/","title":{"rendered":"INFORME 001\/2025 &#8211; Atualiza\u00e7\u00e3o SIGA &#8211; C\u00e9lula de Cr\u00e9dito"},"content":{"rendered":"\t\t<div data-elementor-type=\"wp-post\" data-elementor-id=\"9736\" class=\"elementor elementor-9736\" data-elementor-post-type=\"post\">\n\t\t\t\t\t\t<section class=\"elementor-section elementor-top-section elementor-element elementor-element-74d41e4 elementor-section-boxed elementor-section-height-default elementor-section-height-default wpr-particle-no wpr-jarallax-no wpr-parallax-no wpr-sticky-section-no\" data-id=\"74d41e4\" data-element_type=\"section\" data-settings=\"{&quot;jet_parallax_layout_list&quot;:[]}\">\n\t\t\t\t\t\t<div class=\"elementor-container elementor-column-gap-default\">\n\t\t\t\t\t<div class=\"elementor-column elementor-col-100 elementor-top-column elementor-element elementor-element-2f2615d\" data-id=\"2f2615d\" data-element_type=\"column\">\n\t\t\t<div class=\"elementor-widget-wrap elementor-element-populated\">\n\t\t\t\t\t\t<div class=\"elementor-element elementor-element-4665bb4 elementor-widget-divider--view-line elementor-widget elementor-widget-divider\" data-id=\"4665bb4\" data-element_type=\"widget\" data-widget_type=\"divider.default\">\n\t\t\t\t<div class=\"elementor-widget-container\">\n\t\t\t\t\t\t\t<div class=\"elementor-divider\">\n\t\t\t<span class=\"elementor-divider-separator\">\n\t\t\t\t\t\t<\/span>\n\t\t<\/div>\n\t\t\t\t\t\t<\/div>\n\t\t\t\t<\/div>\n\t\t\t\t<div class=\"elementor-element elementor-element-1a5d86a elementor-widget elementor-widget-text-editor\" data-id=\"1a5d86a\" data-element_type=\"widget\" data-widget_type=\"text-editor.default\">\n\t\t\t\t<div class=\"elementor-widget-container\">\n\t\t\t\t\t\t\t\t\t<p>Prezados usu\u00e1rios,<\/p><p>Considerando o projeto de atualiza\u00e7\u00e3o do SIGA, ora em curso, e a integra\u00e7\u00e3o sist\u00eamica para planejamento e execu\u00e7\u00e3o or\u00e7ament\u00e1ria das contrata\u00e7\u00f5es p\u00fablicas, cabe informar que foram ajustadas as etapas de Planejamento da Despesa e de Elabora\u00e7\u00e3o da Nota de Autoriza\u00e7\u00e3o de Despesa (NAD) para inclus\u00e3o de informa\u00e7\u00e3o de despesas em contratos que se utilizem de recursos oriundos de emendas parlamentares.<\/p><p>Neste caso, as c\u00e9lulas de cr\u00e9dito contar\u00e3o com mais 11 d\u00edgitos e novos campos que identificam dados das emendas como objeto, ano, partido pol\u00edtico e nome do parlamentar. Esses 11 d\u00edgitos assumir\u00e3o o valor \u201c0\u201d (zero) quando a c\u00e9lula n\u00e3o for oriunda de emenda.<\/p><p>No ato do planejamento or\u00e7ament\u00e1rio do processo, as c\u00e9lulas de cr\u00e9dito ser\u00e3o apresentadas de forma individualizada para sele\u00e7\u00e3o:<\/p>\t\t\t\t\t\t\t\t<\/div>\n\t\t\t\t<\/div>\n\t\t\t\t<div class=\"elementor-element elementor-element-883ada6 elementor-widget elementor-widget-image\" data-id=\"883ada6\" data-element_type=\"widget\" data-widget_type=\"image.default\">\n\t\t\t\t<div class=\"elementor-widget-container\">\n\t\t\t\t\t\t\t\t\t\t\t\t\t\t\t<img fetchpriority=\"high\" decoding=\"async\" width=\"1024\" height=\"190\" src=\"https:\/\/redelog.rj.gov.br\/redecompras\/wp-content\/uploads\/2025\/02\/imagem-01-1024x190.png\" class=\"attachment-large size-large wp-image-9745\" alt=\"\" srcset=\"https:\/\/redelog.rj.gov.br\/redecompras\/wp-content\/uploads\/2025\/02\/imagem-01-1024x190.png 1024w, https:\/\/redelog.rj.gov.br\/redecompras\/wp-content\/uploads\/2025\/02\/imagem-01-300x56.png 300w, https:\/\/redelog.rj.gov.br\/redecompras\/wp-content\/uploads\/2025\/02\/imagem-01-768x142.png 768w, https:\/\/redelog.rj.gov.br\/redecompras\/wp-content\/uploads\/2025\/02\/imagem-01-600x111.png 600w, https:\/\/redelog.rj.gov.br\/redecompras\/wp-content\/uploads\/2025\/02\/imagem-01.png 1048w\" sizes=\"(max-width: 1024px) 100vw, 1024px\" \/>\t\t\t\t\t\t\t\t\t\t\t\t\t\t\t<\/div>\n\t\t\t\t<\/div>\n\t\t\t\t<div class=\"elementor-element elementor-element-421e5b4 elementor-widget elementor-widget-text-editor\" data-id=\"421e5b4\" data-element_type=\"widget\" data-widget_type=\"text-editor.default\">\n\t\t\t\t<div class=\"elementor-widget-container\">\n\t\t\t\t\t\t\t\t\t<p>Uma vez selecionada a c\u00e9lula de cr\u00e9dito referente \u00e0 emenda parlamentar, ser\u00e3o apresentadas as respectivas informa\u00e7\u00f5es especificadas: C\u00f3digo da Emenda, Exerc\u00edcio da Emenda, Deputado da Emenda, Partido da Emenda e Objeto da Emenda, no seguinte formato:<\/p>\t\t\t\t\t\t\t\t<\/div>\n\t\t\t\t<\/div>\n\t\t\t\t<div class=\"elementor-element elementor-element-e404637 elementor-widget elementor-widget-image\" data-id=\"e404637\" data-element_type=\"widget\" data-widget_type=\"image.default\">\n\t\t\t\t<div class=\"elementor-widget-container\">\n\t\t\t\t\t\t\t\t\t\t\t\t\t\t\t<img decoding=\"async\" width=\"918\" height=\"249\" src=\"https:\/\/redelog.rj.gov.br\/redecompras\/wp-content\/uploads\/2025\/02\/imagem02.png\" class=\"attachment-large size-large wp-image-9746\" alt=\"\" srcset=\"https:\/\/redelog.rj.gov.br\/redecompras\/wp-content\/uploads\/2025\/02\/imagem02.png 918w, https:\/\/redelog.rj.gov.br\/redecompras\/wp-content\/uploads\/2025\/02\/imagem02-300x81.png 300w, https:\/\/redelog.rj.gov.br\/redecompras\/wp-content\/uploads\/2025\/02\/imagem02-768x208.png 768w, https:\/\/redelog.rj.gov.br\/redecompras\/wp-content\/uploads\/2025\/02\/imagem02-600x163.png 600w\" sizes=\"(max-width: 918px) 100vw, 918px\" \/>\t\t\t\t\t\t\t\t\t\t\t\t\t\t\t<\/div>\n\t\t\t\t<\/div>\n\t\t\t\t<div class=\"elementor-element elementor-element-fcdae79 elementor-widget elementor-widget-text-editor\" data-id=\"fcdae79\" data-element_type=\"widget\" data-widget_type=\"text-editor.default\">\n\t\t\t\t<div class=\"elementor-widget-container\">\n\t\t\t\t\t\t\t\t\t<p>Observem que no ato do planejamento or\u00e7ament\u00e1rio, os dados ser\u00e3o apresentados de forma pormenorizada, com evidencia\u00e7\u00e3o completa das caracter\u00edsticas da emenda, o que n\u00e3o ocorre quando da elabora\u00e7\u00e3o da NAD. Neste momento, no bloco 2 da NAD, as informa\u00e7\u00f5es aparecem, igualmente, de forma individualizada, por\u00e9m sintetizada, em vista da limita\u00e7\u00e3o sist\u00eamica de 100 caracteres, no formato a seguir:<\/p>\t\t\t\t\t\t\t\t<\/div>\n\t\t\t\t<\/div>\n\t\t\t\t<div class=\"elementor-element elementor-element-d798a58 elementor-widget elementor-widget-image\" data-id=\"d798a58\" data-element_type=\"widget\" data-widget_type=\"image.default\">\n\t\t\t\t<div class=\"elementor-widget-container\">\n\t\t\t\t\t\t\t\t\t\t\t\t\t\t\t<img decoding=\"async\" width=\"1010\" height=\"544\" src=\"https:\/\/redelog.rj.gov.br\/redecompras\/wp-content\/uploads\/2025\/02\/imagem03.png\" class=\"attachment-large size-large wp-image-9747\" alt=\"\" srcset=\"https:\/\/redelog.rj.gov.br\/redecompras\/wp-content\/uploads\/2025\/02\/imagem03.png 1010w, https:\/\/redelog.rj.gov.br\/redecompras\/wp-content\/uploads\/2025\/02\/imagem03-300x162.png 300w, https:\/\/redelog.rj.gov.br\/redecompras\/wp-content\/uploads\/2025\/02\/imagem03-768x414.png 768w, https:\/\/redelog.rj.gov.br\/redecompras\/wp-content\/uploads\/2025\/02\/imagem03-600x323.png 600w\" sizes=\"(max-width: 1010px) 100vw, 1010px\" \/>\t\t\t\t\t\t\t\t\t\t\t\t\t\t\t<\/div>\n\t\t\t\t<\/div>\n\t\t\t\t<div class=\"elementor-element elementor-element-b0945e5 elementor-widget-divider--view-line elementor-widget elementor-widget-divider\" data-id=\"b0945e5\" data-element_type=\"widget\" data-widget_type=\"divider.default\">\n\t\t\t\t<div class=\"elementor-widget-container\">\n\t\t\t\t\t\t\t<div class=\"elementor-divider\">\n\t\t\t<span class=\"elementor-divider-separator\">\n\t\t\t\t\t\t<\/span>\n\t\t<\/div>\n\t\t\t\t\t\t<\/div>\n\t\t\t\t<\/div>\n\t\t\t\t<div class=\"elementor-element elementor-element-12a5020 elementor-widget elementor-widget-shortcode\" data-id=\"12a5020\" data-element_type=\"widget\" data-widget_type=\"shortcode.default\">\n\t\t\t\t<div class=\"elementor-widget-container\">\n\t\t\t\t\t\t\t<div class=\"elementor-shortcode\"><div class='printomatic pom-default ' id='id7341' alt='Imprimir' title='Imprimir' data-print_target='#post-9736'><\/div> <div class='printomatictext' id='id7341' alt='Imprimir' title='Imprimir' data-print_target='#post-9736'>Imprimir<\/div><div style='clear: both;'><\/div><\/div>\n\t\t\t\t\t\t<\/div>\n\t\t\t\t<\/div>\n\t\t\t\t\t<\/div>\n\t\t<\/div>\n\t\t\t\t\t<\/div>\n\t\t<\/section>\n\t\t\t\t<\/div>\n\t\t","protected":false},"excerpt":{"rendered":"<p>Prezados usu\u00e1rios, Considerando o projeto de atualiza\u00e7\u00e3o do SIGA, ora em curso, e a integra\u00e7\u00e3o sist\u00eamica para planejamento e execu\u00e7\u00e3o or\u00e7ament\u00e1ria das contrata\u00e7\u00f5es p\u00fablicas, cabe informar que foram ajustadas as etapas de Planejamento da Despesa e de Elabora\u00e7\u00e3o da Nota de Autoriza\u00e7\u00e3o de Despesa (NAD) para inclus\u00e3o de informa\u00e7\u00e3o de despesas em contratos que se utilizem de recursos oriundos de emendas parlamentares. Neste caso, as c\u00e9lulas de cr\u00e9dito contar\u00e3o com mais 11 d\u00edgitos e novos campos que identificam dados das emendas como objeto, ano, partido pol\u00edtico e nome do parlamentar. Esses 11 d\u00edgitos assumir\u00e3o o valor \u201c0\u201d (zero) quando a c\u00e9lula n\u00e3o for oriunda de emenda. No ato do planejamento or\u00e7ament\u00e1rio do processo, as c\u00e9lulas de cr\u00e9dito ser\u00e3o apresentadas de forma individualizada para sele\u00e7\u00e3o: Uma vez selecionada a c\u00e9lula de cr\u00e9dito referente \u00e0 emenda parlamentar, ser\u00e3o apresentadas as respectivas informa\u00e7\u00f5es especificadas: C\u00f3digo da Emenda, Exerc\u00edcio da Emenda, Deputado da Emenda, Partido da Emenda e Objeto da Emenda, no seguinte formato: Observem que no ato do planejamento or\u00e7ament\u00e1rio, os dados ser\u00e3o apresentados de forma pormenorizada, com evidencia\u00e7\u00e3o completa das caracter\u00edsticas da emenda, o que n\u00e3o ocorre quando da elabora\u00e7\u00e3o da NAD. Neste momento, no bloco 2 da NAD, as informa\u00e7\u00f5es aparecem, igualmente, de forma individualizada, por\u00e9m sintetizada, em vista da limita\u00e7\u00e3o sist\u00eamica de 100 caracteres, no formato a seguir:<\/p>\n","protected":false},"author":19,"featured_media":0,"comment_status":"closed","ping_status":"open","sticky":false,"template":"","format":"standard","meta":{"footnotes":""},"categories":[43],"tags":[],"class_list":["post-9736","post","type-post","status-publish","format-standard","hentry","category-informes"],"_links":{"self":[{"href":"https:\/\/redelog.rj.gov.br\/redecompras\/wp-json\/wp\/v2\/posts\/9736","targetHints":{"allow":["GET"]}}],"collection":[{"href":"https:\/\/redelog.rj.gov.br\/redecompras\/wp-json\/wp\/v2\/posts"}],"about":[{"href":"https:\/\/redelog.rj.gov.br\/redecompras\/wp-json\/wp\/v2\/types\/post"}],"author":[{"embeddable":true,"href":"https:\/\/redelog.rj.gov.br\/redecompras\/wp-json\/wp\/v2\/users\/19"}],"replies":[{"embeddable":true,"href":"https:\/\/redelog.rj.gov.br\/redecompras\/wp-json\/wp\/v2\/comments?post=9736"}],"version-history":[{"count":13,"href":"https:\/\/redelog.rj.gov.br\/redecompras\/wp-json\/wp\/v2\/posts\/9736\/revisions"}],"predecessor-version":[{"id":9752,"href":"https:\/\/redelog.rj.gov.br\/redecompras\/wp-json\/wp\/v2\/posts\/9736\/revisions\/9752"}],"wp:attachment":[{"href":"https:\/\/redelog.rj.gov.br\/redecompras\/wp-json\/wp\/v2\/media?parent=9736"}],"wp:term":[{"taxonomy":"category","embeddable":true,"href":"https:\/\/redelog.rj.gov.br\/redecompras\/wp-json\/wp\/v2\/categories?post=9736"},{"taxonomy":"post_tag","embeddable":true,"href":"https:\/\/redelog.rj.gov.br\/redecompras\/wp-json\/wp\/v2\/tags?post=9736"}],"curies":[{"name":"wp","href":"https:\/\/api.w.org\/{rel}","templated":true}]}}