{"id":8038,"date":"2023-01-06T11:03:32","date_gmt":"2023-01-06T14:03:32","guid":{"rendered":"https:\/\/redelog.rj.gov.br\/redecompras\/?p=8038"},"modified":"2024-04-15T11:26:15","modified_gmt":"2024-04-15T14:26:15","slug":"fique-por-dentro-2","status":"publish","type":"post","link":"https:\/\/redelog.rj.gov.br\/redecompras\/fique-por-dentro-2\/","title":{"rendered":"Fique por Dentro"},"content":{"rendered":"\t\t<div data-elementor-type=\"wp-post\" data-elementor-id=\"8038\" class=\"elementor elementor-8038\" data-elementor-post-type=\"post\">\n\t\t\t\t\t\t<section class=\"elementor-section elementor-top-section elementor-element elementor-element-8caf305 elementor-section-boxed elementor-section-height-default elementor-section-height-default wpr-particle-no wpr-jarallax-no wpr-parallax-no wpr-sticky-section-no\" data-id=\"8caf305\" data-element_type=\"section\" data-settings=\"{&quot;jet_parallax_layout_list&quot;:[]}\">\n\t\t\t\t\t\t<div class=\"elementor-container elementor-column-gap-default\">\n\t\t\t\t\t<div class=\"elementor-column elementor-col-100 elementor-top-column elementor-element elementor-element-3e1a727\" data-id=\"3e1a727\" data-element_type=\"column\">\n\t\t\t<div class=\"elementor-widget-wrap elementor-element-populated\">\n\t\t\t\t\t\t<div class=\"elementor-element elementor-element-08c1ec3 elementor-widget elementor-widget-eael-feature-list\" data-id=\"08c1ec3\" data-element_type=\"widget\" data-widget_type=\"eael-feature-list.default\">\n\t\t\t\t<div class=\"elementor-widget-container\">\n\t\t\t\t\t\t\t<div class=\"-icon-position-left -tablet-icon-position-left -mobile-icon-position-left\">\n\t\t\t<ul id=\"eael-feature-list-08c1ec3\" class=\"eael-feature-list-items rhombus framed connector-type-modern eael-feature-list-vertical\">\n\t\t\t                <li class=\"eael-feature-list-item elementor-repeater-item-df21ee5\">\n                                            <span class=\"connector\" style=\"right: calc(100% - 182px); left: 0;\"><\/span>\n                        <span class=\"connector connector-tablet\" style=\"right: calc(100% - 182px); left: 0;\"><\/span>\n                        <span class=\"connector connector-mobile\" style=\"right: calc(100% - 182px); left: 0;\"><\/span>\n                    \n\t\t\t\t\t\t<div class=\"eael-feature-list-icon-box\">\n\t\t\t\t\t\t\t<div class=\"eael-feature-list-icon-inner\">\n\n\t\t\t\t\t\t\t\t<a class=\"eael-feature-list-icon fl-icon-0\"href=\"https:\/\/redelog.rj.gov.br\/redecompras\/pncp-2\/\">\n\n\t\t<img decoding=\"async\" src=\"http:\/\/redelog.rj.gov.br\/redecompras\/wp-content\/uploads\/2023\/01\/pncp1.png\" class=\"eael-feature-list-img\" alt=\"\">\t\t\t\t\t\t\t\t<\/a>\n\t\t\t\t\t\t\t<\/div>\n\t\t\t\t\t\t<\/div>\n\t\t\t\t\t\t<div class=\"eael-feature-list-content-box\">\n                            <h2 class=\"eael-feature-list-title\"><a href=\"https:\/\/redelog.rj.gov.br\/redecompras\/pncp-2\/\">PNCP<\/a><\/h2>\t\t\t\t\t\t<p class=\"eael-feature-list-content\"><h4><p style=\"text-align: justify\">S\u00edtio eletr\u00f4nico oficial destinado \u00e0 divulga\u00e7\u00e3o centralizada e obrigat\u00f3ria dos atos exigidos pela Lei n.\u00ba 14.133\/2021.<\/p>\n\t\t\t\t\t\t<\/div>\n\n\t\t\t\t\t<\/li>\n\t\t\t\t                <li class=\"eael-feature-list-item elementor-repeater-item-453b092\">\n                                            <span class=\"connector\" style=\"right: calc(100% - 182px); left: 0;\"><\/span>\n                        <span class=\"connector connector-tablet\" style=\"right: calc(100% - 182px); left: 0;\"><\/span>\n                        <span class=\"connector connector-mobile\" style=\"right: calc(100% - 182px); left: 0;\"><\/span>\n                    \n\t\t\t\t\t\t<div class=\"eael-feature-list-icon-box\">\n\t\t\t\t\t\t\t<div class=\"eael-feature-list-icon-inner\">\n\n\t\t\t\t\t\t\t\t<a class=\"eael-feature-list-icon fl-icon-1\"href=\"https:\/\/redelog.rj.gov.br\/redecompras\/dispensa-eletronica\/\">\n\n\t\t<img decoding=\"async\" src=\"http:\/\/redelog.rj.gov.br\/redecompras\/wp-content\/uploads\/2023\/01\/dispensa.png\" class=\"eael-feature-list-img\" alt=\"\">\t\t\t\t\t\t\t\t<\/a>\n\t\t\t\t\t\t\t<\/div>\n\t\t\t\t\t\t<\/div>\n\t\t\t\t\t\t<div class=\"eael-feature-list-content-box\">\n                            <h2 class=\"eael-feature-list-title\"><a href=\"https:\/\/redelog.rj.gov.br\/redecompras\/dispensa-eletronica\/\">DISPENSA ELETR\u00d4NICA<\/a><\/h2>\t\t\t\t\t\t<p class=\"eael-feature-list-content\"><h4><p style=\"text-align: justify\">Sistema desenvolvido pelo Governo Federal para contrata\u00e7\u00f5es por meio de algumas hip\u00f3teses de dispensa de licita\u00e7\u00e3o previstas no art. 75 da Lei n.\u00ba 14.133\/2021.<\/p>\n\t\t\t\t\t\t<\/div>\n\n\t\t\t\t\t<\/li>\n\t\t\t\t                <li class=\"eael-feature-list-item elementor-repeater-item-51c6af5\">\n                                            <span class=\"connector\" style=\"right: calc(100% - 182px); left: 0;\"><\/span>\n                        <span class=\"connector connector-tablet\" style=\"right: calc(100% - 182px); left: 0;\"><\/span>\n                        <span class=\"connector connector-mobile\" style=\"right: calc(100% - 182px); left: 0;\"><\/span>\n                    \n\t\t\t\t\t\t<div class=\"eael-feature-list-icon-box\">\n\t\t\t\t\t\t\t<div class=\"eael-feature-list-icon-inner\">\n\n\t\t\t\t\t\t\t\t<a class=\"eael-feature-list-icon fl-icon-2\"href=\"https:\/\/redelog.rj.gov.br\/redecompras\/tr-digital\/\">\n\n\t\t<img decoding=\"async\" src=\"http:\/\/redelog.rj.gov.br\/redecompras\/wp-content\/uploads\/2023\/06\/Fast-Learning-TR-Digital_arte.png\" class=\"eael-feature-list-img\" alt=\"\">\t\t\t\t\t\t\t\t<\/a>\n\t\t\t\t\t\t\t<\/div>\n\t\t\t\t\t\t<\/div>\n\t\t\t\t\t\t<div class=\"eael-feature-list-content-box\">\n                            <h2 class=\"eael-feature-list-title\"><a href=\"https:\/\/redelog.rj.gov.br\/redecompras\/tr-digital\/\">TR DIGITAL<\/a><\/h2>\t\t\t\t\t\t<p class=\"eael-feature-list-content\"><h4><p style=\"text-align: justify\">Artefato digital do Compras.gov.br destinado \u00e0 elabora\u00e7\u00e3o do Termo de Refer\u00eancia e que disponibiliza minutas padronizadas e automatizadas.<\/p>\n\t\t\t\t\t\t<\/div>\n\n\t\t\t\t\t<\/li>\n\t\t\t\t                <li class=\"eael-feature-list-item elementor-repeater-item-945d891\">\n                                            <span class=\"connector\" style=\"right: calc(100% - 182px); left: 0;\"><\/span>\n                        <span class=\"connector connector-tablet\" style=\"right: calc(100% - 182px); left: 0;\"><\/span>\n                        <span class=\"connector connector-mobile\" style=\"right: calc(100% - 182px); left: 0;\"><\/span>\n                    \n\t\t\t\t\t\t<div class=\"eael-feature-list-icon-box\">\n\t\t\t\t\t\t\t<div class=\"eael-feature-list-icon-inner\">\n\n\t\t\t\t\t\t\t\t<a class=\"eael-feature-list-icon fl-icon-3\"href=\"https:\/\/redelog.rj.gov.br\/redecompras\/publicidade-do-edital-eficacia-do-contrato\/?preview_id=8934&#038;preview_nonce=4866885440&#038;preview=true\">\n\n\t\t<img decoding=\"async\" src=\"http:\/\/redelog.rj.gov.br\/redecompras\/wp-content\/uploads\/2023\/01\/admin-ajax.jpg\" class=\"eael-feature-list-img\" alt=\"\">\t\t\t\t\t\t\t\t<\/a>\n\t\t\t\t\t\t\t<\/div>\n\t\t\t\t\t\t<\/div>\n\t\t\t\t\t\t<div class=\"eael-feature-list-content-box\">\n                            <h2 class=\"eael-feature-list-title\"><a href=\"https:\/\/redelog.rj.gov.br\/redecompras\/publicidade-do-edital-eficacia-do-contrato\/?preview_id=8934&#038;preview_nonce=4866885440&#038;preview=true\">PUBLICIDADE DO EDITAL \/ EFIC\u00c1CIA DO CONTRATO<\/a><\/h2>\t\t\t\t\t\t<p class=\"eael-feature-list-content\"><\/p>\n\t\t\t\t\t\t<\/div>\n\n\t\t\t\t\t<\/li>\n\t\t\t\t                <li class=\"eael-feature-list-item elementor-repeater-item-99dab65\">\n                                            <span class=\"connector\" style=\"right: calc(100% - 182px); left: 0;\"><\/span>\n                        <span class=\"connector connector-tablet\" style=\"right: calc(100% - 182px); left: 0;\"><\/span>\n                        <span class=\"connector connector-mobile\" style=\"right: calc(100% - 182px); left: 0;\"><\/span>\n                    \n\t\t\t\t\t\t<div class=\"eael-feature-list-icon-box\">\n\t\t\t\t\t\t\t<div class=\"eael-feature-list-icon-inner\">\n\n\t\t\t\t\t\t\t\t<a class=\"eael-feature-list-icon fl-icon-4\"href=\"https:\/\/redelog.rj.gov.br\/redecompras\/estudo-tecnico-preliminar\/?preview_id=9105&#038;preview_nonce=a7abcbd9b0&#038;preview=true\">\n\n\t\t<img decoding=\"async\" src=\"http:\/\/redelog.rj.gov.br\/redecompras\/wp-content\/uploads\/2023\/01\/Fast-Learning-ETP_arte.jpeg\" class=\"eael-feature-list-img\" alt=\"\">\t\t\t\t\t\t\t\t<\/a>\n\t\t\t\t\t\t\t<\/div>\n\t\t\t\t\t\t<\/div>\n\t\t\t\t\t\t<div class=\"eael-feature-list-content-box\">\n                            <h2 class=\"eael-feature-list-title\"><a href=\"https:\/\/redelog.rj.gov.br\/redecompras\/estudo-tecnico-preliminar\/?preview_id=9105&#038;preview_nonce=a7abcbd9b0&#038;preview=true\">ESTUDO T\u00c9CNICO PRELIMINAR<\/a><\/h2>\t\t\t\t\t\t<p class=\"eael-feature-list-content\"><h4><p style=\"text-align: justify\">Documento que integra a fase de planejamento das contrata\u00e7\u00f5es p\u00fablicas<\/p>\n\t\t\t\t\t\t<\/div>\n\n\t\t\t\t\t<\/li>\n\t\t\t\t\t\t\t<\/ul>\n\t\t<\/div>\n\t\t\t\t\t\t<\/div>\n\t\t\t\t<\/div>\n\t\t\t\t\t<\/div>\n\t\t<\/div>\n\t\t\t\t\t<\/div>\n\t\t<\/section>\n\t\t\t\t<\/div>\n\t\t","protected":false},"excerpt":{"rendered":"<p>PNCP S\u00edtio eletr\u00f4nico oficial destinado \u00e0 divulga\u00e7\u00e3o centralizada e obrigat\u00f3ria dos atos exigidos pela Lei n.\u00ba 14.133\/2021. DISPENSA ELETR\u00d4NICA Sistema desenvolvido pelo Governo Federal para contrata\u00e7\u00f5es por meio de algumas hip\u00f3teses de dispensa de licita\u00e7\u00e3o previstas no art. 75 da Lei n.\u00ba 14.133\/2021. TR DIGITAL Artefato digital do Compras.gov.br destinado \u00e0 elabora\u00e7\u00e3o do Termo de Refer\u00eancia e que disponibiliza minutas padronizadas e automatizadas. PUBLICIDADE DO EDITAL \/ EFIC\u00c1CIA DO CONTRATO ESTUDO T\u00c9CNICO PRELIMINAR Documento que integra a fase de planejamento das contrata\u00e7\u00f5es p\u00fablicas<\/p>\n","protected":false},"author":7,"featured_media":0,"comment_status":"closed","ping_status":"open","sticky":false,"template":"","format":"standard","meta":{"footnotes":""},"categories":[40,1],"tags":[],"class_list":["post-8038","post","type-post","status-publish","format-standard","hentry","category-base-conhecimento","category-sem-categoria"],"_links":{"self":[{"href":"https:\/\/redelog.rj.gov.br\/redecompras\/wp-json\/wp\/v2\/posts\/8038","targetHints":{"allow":["GET"]}}],"collection":[{"href":"https:\/\/redelog.rj.gov.br\/redecompras\/wp-json\/wp\/v2\/posts"}],"about":[{"href":"https:\/\/redelog.rj.gov.br\/redecompras\/wp-json\/wp\/v2\/types\/post"}],"author":[{"embeddable":true,"href":"https:\/\/redelog.rj.gov.br\/redecompras\/wp-json\/wp\/v2\/users\/7"}],"replies":[{"embeddable":true,"href":"https:\/\/redelog.rj.gov.br\/redecompras\/wp-json\/wp\/v2\/comments?post=8038"}],"version-history":[{"count":75,"href":"https:\/\/redelog.rj.gov.br\/redecompras\/wp-json\/wp\/v2\/posts\/8038\/revisions"}],"predecessor-version":[{"id":9376,"href":"https:\/\/redelog.rj.gov.br\/redecompras\/wp-json\/wp\/v2\/posts\/8038\/revisions\/9376"}],"wp:attachment":[{"href":"https:\/\/redelog.rj.gov.br\/redecompras\/wp-json\/wp\/v2\/media?parent=8038"}],"wp:term":[{"taxonomy":"category","embeddable":true,"href":"https:\/\/redelog.rj.gov.br\/redecompras\/wp-json\/wp\/v2\/categories?post=8038"},{"taxonomy":"post_tag","embeddable":true,"href":"https:\/\/redelog.rj.gov.br\/redecompras\/wp-json\/wp\/v2\/tags?post=8038"}],"curies":[{"name":"wp","href":"https:\/\/api.w.org\/{rel}","templated":true}]}}