{"id":3351,"date":"2022-03-03T14:21:18","date_gmt":"2022-03-03T17:21:18","guid":{"rendered":"http:\/\/redelog.rj.gov.br\/redecompras\/?p=3351"},"modified":"2025-12-16T11:53:27","modified_gmt":"2025-12-16T14:53:27","slug":"base-de-conhecimento","status":"publish","type":"post","link":"https:\/\/redelog.rj.gov.br\/redecompras\/base-de-conhecimento\/","title":{"rendered":"BASE DE CONHECIMENTO"},"content":{"rendered":"\t\t<div data-elementor-type=\"wp-post\" data-elementor-id=\"3351\" class=\"elementor elementor-3351\" data-elementor-post-type=\"post\">\n\t\t\t\t\t\t<section class=\"elementor-section elementor-top-section elementor-element elementor-element-9e5833b elementor-section-boxed elementor-section-height-default elementor-section-height-default wpr-particle-no wpr-jarallax-no wpr-parallax-no wpr-sticky-section-no\" data-id=\"9e5833b\" data-element_type=\"section\" data-settings=\"{&quot;jet_parallax_layout_list&quot;:[]}\">\n\t\t\t\t\t\t<div class=\"elementor-container elementor-column-gap-default\">\n\t\t\t\t\t<div class=\"elementor-column elementor-col-100 elementor-top-column elementor-element elementor-element-b7358df\" data-id=\"b7358df\" data-element_type=\"column\">\n\t\t\t<div class=\"elementor-widget-wrap elementor-element-populated\">\n\t\t\t\t\t\t<section class=\"elementor-section elementor-inner-section elementor-element elementor-element-4730a40 elementor-section-boxed elementor-section-height-default elementor-section-height-default wpr-particle-no wpr-jarallax-no wpr-parallax-no wpr-sticky-section-no\" data-id=\"4730a40\" data-element_type=\"section\" data-settings=\"{&quot;jet_parallax_layout_list&quot;:[]}\">\n\t\t\t\t\t\t<div class=\"elementor-container elementor-column-gap-default\">\n\t\t\t\t\t<div class=\"elementor-column elementor-col-100 elementor-inner-column elementor-element elementor-element-afebe00\" data-id=\"afebe00\" data-element_type=\"column\">\n\t\t\t<div class=\"elementor-widget-wrap elementor-element-populated\">\n\t\t\t\t\t\t<div class=\"elementor-element elementor-element-3c5dcf4 elementor-widget-divider--view-line elementor-widget elementor-widget-divider\" data-id=\"3c5dcf4\" data-element_type=\"widget\" data-widget_type=\"divider.default\">\n\t\t\t\t<div class=\"elementor-widget-container\">\n\t\t\t\t\t\t\t<div class=\"elementor-divider\">\n\t\t\t<span class=\"elementor-divider-separator\">\n\t\t\t\t\t\t<\/span>\n\t\t<\/div>\n\t\t\t\t\t\t<\/div>\n\t\t\t\t<\/div>\n\t\t\t\t\t<\/div>\n\t\t<\/div>\n\t\t\t\t\t<\/div>\n\t\t<\/section>\n\t\t\t\t<div class=\"elementor-element elementor-element-bb264c8 elementor-widget elementor-widget-text-editor\" data-id=\"bb264c8\" data-element_type=\"widget\" data-widget_type=\"text-editor.default\">\n\t\t\t\t<div class=\"elementor-widget-container\">\n\t\t\t\t\t\t\t\t\t<p style=\"text-align: justify;\">A Base de Conhecimento da Redecompras trata, no \u00e2mbito do Governo do Estado do Rio de Janeiro, das etapas nas quais as contrata\u00e7\u00f5es p\u00fablicas est\u00e3o inseridas, contando com v\u00eddeos tutoriais e todas as informa\u00e7\u00f5es necess\u00e1rias para o bom andamento das atividades dos agentes p\u00fablicos e para que atuem com seguran\u00e7a e efici\u00eancia nos processos de licita\u00e7\u00e3o e contrata\u00e7\u00e3o. . . . . .&nbsp;<\/p>\t\t\t\t\t\t\t\t<\/div>\n\t\t\t\t<\/div>\n\t\t\t\t<section class=\"elementor-section elementor-inner-section elementor-element elementor-element-365a9e6 elementor-section-boxed elementor-section-height-default elementor-section-height-default wpr-particle-no wpr-jarallax-no wpr-parallax-no wpr-sticky-section-no\" data-id=\"365a9e6\" data-element_type=\"section\" data-settings=\"{&quot;jet_parallax_layout_list&quot;:[]}\">\n\t\t\t\t\t\t<div class=\"elementor-container elementor-column-gap-wide\">\n\t\t\t\t\t<div class=\"elementor-column elementor-col-25 elementor-inner-column elementor-element elementor-element-0252e1f\" data-id=\"0252e1f\" data-element_type=\"column\">\n\t\t\t<div class=\"elementor-widget-wrap elementor-element-populated\">\n\t\t\t\t\t\t<div class=\"elementor-element elementor-element-760b4f2 elementor-widget elementor-widget-image\" data-id=\"760b4f2\" data-element_type=\"widget\" data-widget_type=\"image.default\">\n\t\t\t\t<div class=\"elementor-widget-container\">\n\t\t\t\t\t\t\t\t\t\t\t\t\t\t\t\t<a href=\"http:\/\/redelog.rj.gov.br\/redecompras\/sistemas-de-apoio\/\">\n\t\t\t\t\t\t\t<img fetchpriority=\"high\" decoding=\"async\" width=\"779\" height=\"779\" src=\"https:\/\/redelog.rj.gov.br\/redecompras\/wp-content\/uploads\/2022\/03\/Maosdadas_02.png\" class=\"attachment-full size-full wp-image-6612\" alt=\"\" srcset=\"https:\/\/redelog.rj.gov.br\/redecompras\/wp-content\/uploads\/2022\/03\/Maosdadas_02.png 779w, https:\/\/redelog.rj.gov.br\/redecompras\/wp-content\/uploads\/2022\/03\/Maosdadas_02-300x300.png 300w, https:\/\/redelog.rj.gov.br\/redecompras\/wp-content\/uploads\/2022\/03\/Maosdadas_02-150x150.png 150w, https:\/\/redelog.rj.gov.br\/redecompras\/wp-content\/uploads\/2022\/03\/Maosdadas_02-768x768.png 768w, https:\/\/redelog.rj.gov.br\/redecompras\/wp-content\/uploads\/2022\/03\/Maosdadas_02-230x230.png 230w, https:\/\/redelog.rj.gov.br\/redecompras\/wp-content\/uploads\/2022\/03\/Maosdadas_02-400x400.png 400w, https:\/\/redelog.rj.gov.br\/redecompras\/wp-content\/uploads\/2022\/03\/Maosdadas_02-600x600.png 600w, https:\/\/redelog.rj.gov.br\/redecompras\/wp-content\/uploads\/2022\/03\/Maosdadas_02-640x640.png 640w\" sizes=\"(max-width: 779px) 100vw, 779px\" \/>\t\t\t\t\t\t\t\t<\/a>\n\t\t\t\t\t\t\t\t\t\t\t\t\t\t\t<\/div>\n\t\t\t\t<\/div>\n\t\t\t\t<div class=\"elementor-element elementor-element-9c07180 elementor-widget__width-initial elementor-widget elementor-widget-toggle\" data-id=\"9c07180\" data-element_type=\"widget\" data-widget_type=\"toggle.default\">\n\t\t\t\t<div class=\"elementor-widget-container\">\n\t\t\t\t\t\t\t<div class=\"elementor-toggle\">\n\t\t\t\t\t\t\t<div class=\"elementor-toggle-item\">\n\t\t\t\t\t<div id=\"elementor-tab-title-1631\" class=\"elementor-tab-title\" data-tab=\"1\" role=\"button\" aria-controls=\"elementor-tab-content-1631\" aria-expanded=\"false\">\n\t\t\t\t\t\t\t\t\t\t\t\t<span class=\"elementor-toggle-icon elementor-toggle-icon-left\" aria-hidden=\"true\">\n\t\t\t\t\t\t\t\t\t\t\t\t\t\t\t<span class=\"elementor-toggle-icon-closed\"><i class=\"fas fa-plus-circle\"><\/i><\/span>\n\t\t\t\t\t\t\t\t<span class=\"elementor-toggle-icon-opened\"><i class=\"elementor-toggle-icon-opened fas fa-plus-circle\"><\/i><\/span>\n\t\t\t\t\t\t\t\t\t\t\t\t\t<\/span>\n\t\t\t\t\t\t\t\t\t\t\t\t<a class=\"elementor-toggle-title\" tabindex=\"0\">Sistem\u00e1tica de Apoio<\/a>\n\t\t\t\t\t<\/div>\n\n\t\t\t\t\t<div id=\"elementor-tab-content-1631\" class=\"elementor-tab-content elementor-clearfix\" data-tab=\"1\" role=\"region\" aria-labelledby=\"elementor-tab-title-1631\"><p><a href=\"#\">Equipe de Suporte (<strong>Em Constru\u00e7\u00e3o<\/strong>)<\/a><\/p><p><a href=\"https:\/\/redelog.rj.gov.br\/redelog\/sistema-pca-rj\/\" target=\"_blank\" rel=\"noopener\">Sistema PCA RJ<\/a><\/p><p><a href=\"http:\/\/redelog.rj.gov.br\/redecompras\/wp-content\/uploads\/2024\/05\/Guia-de-Perfis-Comuns-e-Especiais_Jul_25-1.pdf\" target=\"_blank\" rel=\"noopener\">Perfis Comuns e Especiais<\/a><\/p><p><a href=\"http:\/\/redelog.rj.gov.br\/redecompras\/sicaf\/\">Sistema de Cadastramento Unificado de Fornecedores &#8211; SICAF<\/a><\/p><p><a href=\"http:\/\/redelog.rj.gov.br\/redecompras\/painel-de-precos\/\">Painel de Pre\u00e7os<\/a><\/p><p><a href=\"https:\/\/portalsei.rj.gov.br\/manuais\" target=\"_blank\" rel=\"noopener\">Sistema Eletr\u00f4nico de Informa\u00e7\u00f5es &#8211; SEI-RJ<\/a><\/p><p><a href=\"http:\/\/redelog.rj.gov.br\/redecompras\/pncp\/\">Portal Nacional de Compras P\u00fablicas &#8211; PNCP<\/a><\/p><\/div>\n\t\t\t\t<\/div>\n\t\t\t\t\t\t\t\t<\/div>\n\t\t\t\t\t\t<\/div>\n\t\t\t\t<\/div>\n\t\t\t\t\t<\/div>\n\t\t<\/div>\n\t\t\t\t<div class=\"elementor-column elementor-col-25 elementor-inner-column elementor-element elementor-element-dd12383\" data-id=\"dd12383\" data-element_type=\"column\">\n\t\t\t<div class=\"elementor-widget-wrap elementor-element-populated\">\n\t\t\t\t\t\t<div class=\"elementor-element elementor-element-ecef262 elementor-widget elementor-widget-image\" data-id=\"ecef262\" data-element_type=\"widget\" data-widget_type=\"image.default\">\n\t\t\t\t<div class=\"elementor-widget-container\">\n\t\t\t\t\t\t\t\t\t\t\t\t\t\t\t\t<a href=\"http:\/\/redelog.rj.gov.br\/redecompras\/sistemas-da-fase-preparatoria\/\">\n\t\t\t\t\t\t\t<img decoding=\"async\" width=\"778\" height=\"779\" src=\"https:\/\/redelog.rj.gov.br\/redecompras\/wp-content\/uploads\/2022\/03\/menteluz_02.png\" class=\"attachment-full size-full wp-image-6614\" alt=\"\" srcset=\"https:\/\/redelog.rj.gov.br\/redecompras\/wp-content\/uploads\/2022\/03\/menteluz_02.png 778w, https:\/\/redelog.rj.gov.br\/redecompras\/wp-content\/uploads\/2022\/03\/menteluz_02-300x300.png 300w, https:\/\/redelog.rj.gov.br\/redecompras\/wp-content\/uploads\/2022\/03\/menteluz_02-150x150.png 150w, https:\/\/redelog.rj.gov.br\/redecompras\/wp-content\/uploads\/2022\/03\/menteluz_02-768x769.png 768w, https:\/\/redelog.rj.gov.br\/redecompras\/wp-content\/uploads\/2022\/03\/menteluz_02-230x230.png 230w, https:\/\/redelog.rj.gov.br\/redecompras\/wp-content\/uploads\/2022\/03\/menteluz_02-400x400.png 400w, https:\/\/redelog.rj.gov.br\/redecompras\/wp-content\/uploads\/2022\/03\/menteluz_02-600x601.png 600w, https:\/\/redelog.rj.gov.br\/redecompras\/wp-content\/uploads\/2022\/03\/menteluz_02-640x640.png 640w\" sizes=\"(max-width: 778px) 100vw, 778px\" \/>\t\t\t\t\t\t\t\t<\/a>\n\t\t\t\t\t\t\t\t\t\t\t\t\t\t\t<\/div>\n\t\t\t\t<\/div>\n\t\t\t\t<div class=\"elementor-element elementor-element-4a30314 elementor-widget elementor-widget-toggle\" data-id=\"4a30314\" data-element_type=\"widget\" data-widget_type=\"toggle.default\">\n\t\t\t\t<div class=\"elementor-widget-container\">\n\t\t\t\t\t\t\t<div class=\"elementor-toggle\">\n\t\t\t\t\t\t\t<div class=\"elementor-toggle-item\">\n\t\t\t\t\t<div id=\"elementor-tab-title-7771\" class=\"elementor-tab-title\" data-tab=\"1\" role=\"button\" aria-controls=\"elementor-tab-content-7771\" aria-expanded=\"false\">\n\t\t\t\t\t\t\t\t\t\t\t\t<span class=\"elementor-toggle-icon elementor-toggle-icon-left\" aria-hidden=\"true\">\n\t\t\t\t\t\t\t\t\t\t\t\t\t\t\t<span class=\"elementor-toggle-icon-closed\"><i class=\"fas fa-plus-circle\"><\/i><\/span>\n\t\t\t\t\t\t\t\t<span class=\"elementor-toggle-icon-opened\"><i class=\"elementor-toggle-icon-opened fas fa-plus-circle\"><\/i><\/span>\n\t\t\t\t\t\t\t\t\t\t\t\t\t<\/span>\n\t\t\t\t\t\t\t\t\t\t\t\t<a class=\"elementor-toggle-title\" tabindex=\"0\">Sistem\u00e1tica de  Fase Preparat\u00f3ria<\/a>\n\t\t\t\t\t<\/div>\n\n\t\t\t\t\t<div id=\"elementor-tab-content-7771\" class=\"elementor-tab-content elementor-clearfix\" data-tab=\"1\" role=\"region\" aria-labelledby=\"elementor-tab-title-7771\"><p><a href=\"https:\/\/redelog.rj.gov.br\/redelog\/estudo-tecnico-preliminar\" target=\"_blank\" rel=\"noopener\">Estudo T\u00e9cnico Preliminar &#8211; ETF\u00a0<\/a><\/p><p><a href=\"https:\/\/redelog.rj.gov.br\/redelog\/matriz-de-riscos\/\" target=\"_blank\" rel=\"noopener\">Matriz de Riscos<\/a><\/p><p><a href=\"https:\/\/redelog.rj.gov.br\/redelog\/termo-de-referencia\/\" target=\"_blank\" rel=\"noopener\">Termo de Refer\u00eancia \u2013 TR<\/a><\/p><p><a href=\"http:\/\/redelog.rj.gov.br\/redecompras\/irp\/\">Inten\u00e7\u00e3o de Registo de Pre\u00e7os &#8211; IRP\u00a0 \u00a0 \u00a0 \u00a0 \u00a0 \u00a0 \u00a0 \u00a0 (<strong>Em<\/strong> <strong>Constru\u00e7\u00e3o)<\/strong><\/a><\/p><p><a href=\"http:\/\/redelog.rj.gov.br\/redecompras\/sistema_de_divulgacao_eletronica_de_compras\/\">Divulga\u00e7\u00e3o de Compras\u00a0<\/a><\/p><\/div>\n\t\t\t\t<\/div>\n\t\t\t\t\t\t\t\t<\/div>\n\t\t\t\t\t\t<\/div>\n\t\t\t\t<\/div>\n\t\t\t\t\t<\/div>\n\t\t<\/div>\n\t\t\t\t<div class=\"elementor-column elementor-col-25 elementor-inner-column elementor-element elementor-element-504cd61\" data-id=\"504cd61\" data-element_type=\"column\">\n\t\t\t<div class=\"elementor-widget-wrap elementor-element-populated\">\n\t\t\t\t\t\t<div class=\"elementor-element elementor-element-68ae49b elementor-widget elementor-widget-image\" data-id=\"68ae49b\" data-element_type=\"widget\" data-widget_type=\"image.default\">\n\t\t\t\t<div class=\"elementor-widget-container\">\n\t\t\t\t\t\t\t\t\t\t\t\t\t\t\t\t<a href=\"http:\/\/redelog.rj.gov.br\/redecompras\/sistemas-da-fase-externa\/\">\n\t\t\t\t\t\t\t<img decoding=\"async\" width=\"779\" height=\"779\" src=\"https:\/\/redelog.rj.gov.br\/redecompras\/wp-content\/uploads\/2022\/03\/maosmundo_02.png\" class=\"attachment-full size-full wp-image-6613\" alt=\"\" srcset=\"https:\/\/redelog.rj.gov.br\/redecompras\/wp-content\/uploads\/2022\/03\/maosmundo_02.png 779w, https:\/\/redelog.rj.gov.br\/redecompras\/wp-content\/uploads\/2022\/03\/maosmundo_02-300x300.png 300w, https:\/\/redelog.rj.gov.br\/redecompras\/wp-content\/uploads\/2022\/03\/maosmundo_02-150x150.png 150w, https:\/\/redelog.rj.gov.br\/redecompras\/wp-content\/uploads\/2022\/03\/maosmundo_02-768x768.png 768w, https:\/\/redelog.rj.gov.br\/redecompras\/wp-content\/uploads\/2022\/03\/maosmundo_02-230x230.png 230w, https:\/\/redelog.rj.gov.br\/redecompras\/wp-content\/uploads\/2022\/03\/maosmundo_02-400x400.png 400w, https:\/\/redelog.rj.gov.br\/redecompras\/wp-content\/uploads\/2022\/03\/maosmundo_02-600x600.png 600w, https:\/\/redelog.rj.gov.br\/redecompras\/wp-content\/uploads\/2022\/03\/maosmundo_02-640x640.png 640w\" sizes=\"(max-width: 779px) 100vw, 779px\" \/>\t\t\t\t\t\t\t\t<\/a>\n\t\t\t\t\t\t\t\t\t\t\t\t\t\t\t<\/div>\n\t\t\t\t<\/div>\n\t\t\t\t<div class=\"elementor-element elementor-element-0c9128b elementor-widget elementor-widget-toggle\" data-id=\"0c9128b\" data-element_type=\"widget\" data-widget_type=\"toggle.default\">\n\t\t\t\t<div class=\"elementor-widget-container\">\n\t\t\t\t\t\t\t<div class=\"elementor-toggle\">\n\t\t\t\t\t\t\t<div class=\"elementor-toggle-item\">\n\t\t\t\t\t<div id=\"elementor-tab-title-1311\" class=\"elementor-tab-title\" data-tab=\"1\" role=\"button\" aria-controls=\"elementor-tab-content-1311\" aria-expanded=\"false\">\n\t\t\t\t\t\t\t\t\t\t\t\t<span class=\"elementor-toggle-icon elementor-toggle-icon-left\" aria-hidden=\"true\">\n\t\t\t\t\t\t\t\t\t\t\t\t\t\t\t<span class=\"elementor-toggle-icon-closed\"><i class=\"fas fa-plus-circle\"><\/i><\/span>\n\t\t\t\t\t\t\t\t<span class=\"elementor-toggle-icon-opened\"><i class=\"elementor-toggle-icon-opened fas fa-plus-circle\"><\/i><\/span>\n\t\t\t\t\t\t\t\t\t\t\t\t\t<\/span>\n\t\t\t\t\t\t\t\t\t\t\t\t<a class=\"elementor-toggle-title\" tabindex=\"0\">Sistem\u00e1tica da Fase Externa<\/a>\n\t\t\t\t\t<\/div>\n\n\t\t\t\t\t<div id=\"elementor-tab-content-1311\" class=\"elementor-tab-content elementor-clearfix\" data-tab=\"1\" role=\"region\" aria-labelledby=\"elementor-tab-title-1311\"><p><a href=\"https:\/\/redelog.rj.gov.br\/redecompras\/contratacao-direta\/?preview_id=8886&amp;preview_nonce=e572b208ba&amp;preview=true\">Contrata\u00e7\u00e3o Direta<\/a><\/p><p><a href=\"http:\/\/redelog.rj.gov.br\/redecompras\/wp-content\/uploads\/2024\/08\/Guia-Pratico_Novo_PED_Ago_24.pdf\" target=\"_blank\" rel=\"noopener\">Novo Proc Eletr Disp (PED)<\/a><\/p><p><a href=\"https:\/\/redelog.rj.gov.br\/redecompras\/licitacao-pregao-e-concorrencia\/\">Licita\u00e7\u00e3o<\/a><\/p><p>Sala de Disputa :<\/p><ul><li><a href=\"http:\/\/redelog.rj.gov.br\/redecompras\/wp-content\/uploads\/2025\/12\/Guia-Pratico-Sala-de-Disputa-Modo-de-Disputa-ABERTO-.pdf\" target=\"_blank\" rel=\"noopener\">Modo Aberto<\/a><\/li><li><a href=\"http:\/\/redelog.rj.gov.br\/redecompras\/wp-content\/uploads\/2024\/05\/HELP-Modo-de-Disputa-ABERTO-e-FECHADO-GUIA-Modo-de-Disputa-ABERTO-e-FECHADO.pdf\" target=\"_blank\" rel=\"noopener\">Modo Aberto e Fechado<\/a><\/li><\/ul><p><a href=\"http:\/\/redelog.rj.gov.br\/redecompras\/wp-content\/uploads\/2025\/12\/video_tutorial_JULGAMENTO_DE_LANCES_dez_25.mp4\" target=\"_blank\" rel=\"noopener\">Julgamento Lances<\/a><\/p><p><a href=\"http:\/\/redelog.rj.gov.br\/redecompras\/wp-content\/uploads\/2025\/12\/video_tutorial_HABILITACAO_dez_25.mp4\" target=\"_blank\" rel=\"noopener\">Habilita\u00e7\u00e3o<\/a><\/p><p><a href=\"https:\/\/compras.rj.gov.br\/redmine\/attachments\/download\/42417\/Guia%20Pr%C3%A1tico%20-%20Declara%C3%A7%C3%A3o_de_Vencedor(es)_%C3%A0_Homologa%C3%A7%C3%A3o_e_Cria%C3%A7%C3%A3o_da_Ata.pdf\" target=\"_blank\" rel=\"noopener\">Declara\u00e7\u00e3o Vencedor \u00e0 Cria\u00e7\u00e3o da Ata<\/a><\/p><p><a href=\"http:\/\/redelog.rj.gov.br\/redecompras\/wp-content\/uploads\/2025\/11\/Tecnica-e-Preco.pdf\" target=\"_blank\" rel=\"noopener\">T\u00e9cnica e Pre\u00e7o<\/a><\/p><p><a href=\"http:\/\/redelog.rj.gov.br\/redecompras\/wp-content\/uploads\/2025\/11\/Conteudo-Artistico.pdf\" target=\"_blank\" rel=\"noopener\">Melhor T\u00e9cnica ou Conte\u00fado Art\u00edstico<\/a><\/p><\/div>\n\t\t\t\t<\/div>\n\t\t\t\t\t\t\t\t<\/div>\n\t\t\t\t\t\t<\/div>\n\t\t\t\t<\/div>\n\t\t\t\t\t<\/div>\n\t\t<\/div>\n\t\t\t\t<div class=\"elementor-column elementor-col-25 elementor-inner-column elementor-element elementor-element-a286504\" data-id=\"a286504\" data-element_type=\"column\">\n\t\t\t<div class=\"elementor-widget-wrap elementor-element-populated\">\n\t\t\t\t\t\t<div class=\"elementor-element elementor-element-2fda453 elementor-widget elementor-widget-image\" data-id=\"2fda453\" data-element_type=\"widget\" data-widget_type=\"image.default\">\n\t\t\t\t<div class=\"elementor-widget-container\">\n\t\t\t\t\t\t\t\t\t\t\t\t\t\t\t\t<a href=\"http:\/\/redelog.rj.gov.br\/redecompras\/sistemas-de-gestao-contratual\/\">\n\t\t\t\t\t\t\t<img loading=\"lazy\" decoding=\"async\" width=\"778\" height=\"779\" src=\"https:\/\/redelog.rj.gov.br\/redecompras\/wp-content\/uploads\/2022\/03\/globo_02.png\" class=\"attachment-full size-full wp-image-6611\" alt=\"\" srcset=\"https:\/\/redelog.rj.gov.br\/redecompras\/wp-content\/uploads\/2022\/03\/globo_02.png 778w, https:\/\/redelog.rj.gov.br\/redecompras\/wp-content\/uploads\/2022\/03\/globo_02-300x300.png 300w, https:\/\/redelog.rj.gov.br\/redecompras\/wp-content\/uploads\/2022\/03\/globo_02-150x150.png 150w, https:\/\/redelog.rj.gov.br\/redecompras\/wp-content\/uploads\/2022\/03\/globo_02-768x769.png 768w, https:\/\/redelog.rj.gov.br\/redecompras\/wp-content\/uploads\/2022\/03\/globo_02-230x230.png 230w, https:\/\/redelog.rj.gov.br\/redecompras\/wp-content\/uploads\/2022\/03\/globo_02-400x400.png 400w, https:\/\/redelog.rj.gov.br\/redecompras\/wp-content\/uploads\/2022\/03\/globo_02-600x601.png 600w, https:\/\/redelog.rj.gov.br\/redecompras\/wp-content\/uploads\/2022\/03\/globo_02-640x640.png 640w\" sizes=\"(max-width: 778px) 100vw, 778px\" \/>\t\t\t\t\t\t\t\t<\/a>\n\t\t\t\t\t\t\t\t\t\t\t\t\t\t\t<\/div>\n\t\t\t\t<\/div>\n\t\t\t\t<div class=\"elementor-element elementor-element-c66096f elementor-widget elementor-widget-toggle\" data-id=\"c66096f\" data-element_type=\"widget\" data-widget_type=\"toggle.default\">\n\t\t\t\t<div class=\"elementor-widget-container\">\n\t\t\t\t\t\t\t<div class=\"elementor-toggle\">\n\t\t\t\t\t\t\t<div class=\"elementor-toggle-item\">\n\t\t\t\t\t<div id=\"elementor-tab-title-2081\" class=\"elementor-tab-title\" data-tab=\"1\" role=\"button\" aria-controls=\"elementor-tab-content-2081\" aria-expanded=\"false\">\n\t\t\t\t\t\t\t\t\t\t\t\t<span class=\"elementor-toggle-icon elementor-toggle-icon-left\" aria-hidden=\"true\">\n\t\t\t\t\t\t\t\t\t\t\t\t\t\t\t<span class=\"elementor-toggle-icon-closed\"><i class=\"fas fa-plus-circle\"><\/i><\/span>\n\t\t\t\t\t\t\t\t<span class=\"elementor-toggle-icon-opened\"><i class=\"elementor-toggle-icon-opened fas fa-plus-circle\"><\/i><\/span>\n\t\t\t\t\t\t\t\t\t\t\t\t\t<\/span>\n\t\t\t\t\t\t\t\t\t\t\t\t<a class=\"elementor-toggle-title\" tabindex=\"0\">Sistem\u00e1tica de  Gest\u00e3o Contratual<\/a>\n\t\t\t\t\t<\/div>\n\n\t\t\t\t\t<div id=\"elementor-tab-content-2081\" class=\"elementor-tab-content elementor-clearfix\" data-tab=\"1\" role=\"region\" aria-labelledby=\"elementor-tab-title-2081\"><p><a href=\"https:\/\/redelog.rj.gov.br\/redecompras\/execucao-do-contrato\/\" target=\"_blank\" rel=\"noopener\">Execu\u00e7\u00e3o do Contrato<\/a><\/p><p><a href=\"http:\/\/redelog.rj.gov.br\/redecompras\/siafe-rj\/\" target=\"_blank\" rel=\"noopener\">Siafe-Rio<\/a><\/p><p><a href=\"http:\/\/redelog.rj.gov.br\/redecompras\/wp-content\/uploads\/2024\/10\/Guia_Pratico_Criacao_Contratacao_Out_24-atualizado.pdf\" target=\"_blank\" rel=\"noopener\">Cria\u00e7\u00e3o de Contrata\u00e7\u00e3o<\/a><\/p><p><a href=\"http:\/\/redelog.rj.gov.br\/redecompras\/wp-content\/uploads\/2025\/09\/Copia-de-Guia-Pratico-Criacao-de-Contratacao-sem-NAD.pdf\" target=\"_blank\" rel=\"noopener\">Contrata\u00e7\u00e3o Para Contratos Sem NAD<\/a><\/p><p><a href=\"http:\/\/redelog.rj.gov.br\/redecompras\/wp-content\/uploads\/2025\/09\/Guia-Pratico-Contratacao_processos-de-Outras-Compras_Set_25.pdf\" target=\"_blank\" rel=\"noopener\">Cria\u00e7\u00e3o de Contrata\u00e7\u00e3o para processos de Outras Compras<\/a><\/p><\/div>\n\t\t\t\t<\/div>\n\t\t\t\t\t\t\t\t<\/div>\n\t\t\t\t\t\t<\/div>\n\t\t\t\t<\/div>\n\t\t\t\t\t<\/div>\n\t\t<\/div>\n\t\t\t\t\t<\/div>\n\t\t<\/section>\n\t\t\t\t<section class=\"elementor-section elementor-inner-section elementor-element elementor-element-54346d2 elementor-section-boxed elementor-section-height-default elementor-section-height-default wpr-particle-no wpr-jarallax-no wpr-parallax-no wpr-sticky-section-no\" data-id=\"54346d2\" data-element_type=\"section\" data-settings=\"{&quot;jet_parallax_layout_list&quot;:[]}\">\n\t\t\t\t\t\t<div class=\"elementor-container elementor-column-gap-default\">\n\t\t\t\t\t<div class=\"elementor-column elementor-col-100 elementor-inner-column elementor-element elementor-element-16ad2d2\" data-id=\"16ad2d2\" data-element_type=\"column\">\n\t\t\t<div class=\"elementor-widget-wrap elementor-element-populated\">\n\t\t\t\t\t\t<div class=\"elementor-element elementor-element-0796a68 elementor-widget-divider--view-line elementor-widget elementor-widget-divider\" data-id=\"0796a68\" data-element_type=\"widget\" data-widget_type=\"divider.default\">\n\t\t\t\t<div class=\"elementor-widget-container\">\n\t\t\t\t\t\t\t<div class=\"elementor-divider\">\n\t\t\t<span class=\"elementor-divider-separator\">\n\t\t\t\t\t\t<\/span>\n\t\t<\/div>\n\t\t\t\t\t\t<\/div>\n\t\t\t\t<\/div>\n\t\t\t\t\t<\/div>\n\t\t<\/div>\n\t\t\t\t\t<\/div>\n\t\t<\/section>\n\t\t\t\t\t<\/div>\n\t\t<\/div>\n\t\t\t\t\t<\/div>\n\t\t<\/section>\n\t\t\t\t<\/div>\n\t\t","protected":false},"excerpt":{"rendered":"<p>A Base de Conhecimento da Redecompras trata, no \u00e2mbito do Governo do Estado do Rio de Janeiro, das etapas nas quais as contrata\u00e7\u00f5es p\u00fablicas est\u00e3o inseridas, contando com v\u00eddeos tutoriais e todas as informa\u00e7\u00f5es necess\u00e1rias para o bom andamento das atividades dos agentes p\u00fablicos e para que atuem com seguran\u00e7a e efici\u00eancia nos processos de licita\u00e7\u00e3o e contrata\u00e7\u00e3o. . . . . .&nbsp; Sistem\u00e1tica de Apoio Equipe de Suporte (Em Constru\u00e7\u00e3o) Sistema PCA RJ Perfis Comuns e Especiais Sistema de Cadastramento Unificado de Fornecedores &#8211; SICAF Painel de Pre\u00e7os Sistema Eletr\u00f4nico de Informa\u00e7\u00f5es &#8211; SEI-RJ Portal Nacional de Compras P\u00fablicas &#8211; PNCP Sistem\u00e1tica de Fase Preparat\u00f3ria Estudo T\u00e9cnico Preliminar &#8211; ETF\u00a0 Matriz de Riscos Termo de Refer\u00eancia \u2013 TR Inten\u00e7\u00e3o de Registo de Pre\u00e7os &#8211; IRP\u00a0 \u00a0 \u00a0 \u00a0 \u00a0 \u00a0 \u00a0 \u00a0 (Em Constru\u00e7\u00e3o) Divulga\u00e7\u00e3o de Compras\u00a0 Sistem\u00e1tica da Fase Externa Contrata\u00e7\u00e3o Direta Novo Proc Eletr Disp (PED) Licita\u00e7\u00e3o Sala de Disputa : Modo Aberto Modo Aberto e Fechado Julgamento Lances Habilita\u00e7\u00e3o Declara\u00e7\u00e3o Vencedor \u00e0 Cria\u00e7\u00e3o da Ata T\u00e9cnica e Pre\u00e7o Melhor T\u00e9cnica ou Conte\u00fado Art\u00edstico Sistem\u00e1tica de Gest\u00e3o Contratual Execu\u00e7\u00e3o do Contrato Siafe-Rio Cria\u00e7\u00e3o de Contrata\u00e7\u00e3o Contrata\u00e7\u00e3o Para Contratos Sem NAD Cria\u00e7\u00e3o de Contrata\u00e7\u00e3o para processos de Outras Compras<\/p>\n","protected":false},"author":5,"featured_media":0,"comment_status":"closed","ping_status":"open","sticky":false,"template":"","format":"standard","meta":{"footnotes":""},"categories":[40,1],"tags":[],"class_list":["post-3351","post","type-post","status-publish","format-standard","hentry","category-base-conhecimento","category-sem-categoria"],"_links":{"self":[{"href":"https:\/\/redelog.rj.gov.br\/redecompras\/wp-json\/wp\/v2\/posts\/3351","targetHints":{"allow":["GET"]}}],"collection":[{"href":"https:\/\/redelog.rj.gov.br\/redecompras\/wp-json\/wp\/v2\/posts"}],"about":[{"href":"https:\/\/redelog.rj.gov.br\/redecompras\/wp-json\/wp\/v2\/types\/post"}],"author":[{"embeddable":true,"href":"https:\/\/redelog.rj.gov.br\/redecompras\/wp-json\/wp\/v2\/users\/5"}],"replies":[{"embeddable":true,"href":"https:\/\/redelog.rj.gov.br\/redecompras\/wp-json\/wp\/v2\/comments?post=3351"}],"version-history":[{"count":319,"href":"https:\/\/redelog.rj.gov.br\/redecompras\/wp-json\/wp\/v2\/posts\/3351\/revisions"}],"predecessor-version":[{"id":10904,"href":"https:\/\/redelog.rj.gov.br\/redecompras\/wp-json\/wp\/v2\/posts\/3351\/revisions\/10904"}],"wp:attachment":[{"href":"https:\/\/redelog.rj.gov.br\/redecompras\/wp-json\/wp\/v2\/media?parent=3351"}],"wp:term":[{"taxonomy":"category","embeddable":true,"href":"https:\/\/redelog.rj.gov.br\/redecompras\/wp-json\/wp\/v2\/categories?post=3351"},{"taxonomy":"post_tag","embeddable":true,"href":"https:\/\/redelog.rj.gov.br\/redecompras\/wp-json\/wp\/v2\/tags?post=3351"}],"curies":[{"name":"wp","href":"https:\/\/api.w.org\/{rel}","templated":true}]}}