{"id":2510,"date":"2022-02-02T14:43:30","date_gmt":"2022-02-02T17:43:30","guid":{"rendered":"http:\/\/redelog.rj.gov.br\/redecompras\/?p=2510"},"modified":"2023-02-07T15:01:18","modified_gmt":"2023-02-07T18:01:18","slug":"etp","status":"publish","type":"post","link":"https:\/\/redelog.rj.gov.br\/redecompras\/etp\/","title":{"rendered":"Estudo T\u00e9cnico Preliminar &#8211; ETP Digital"},"content":{"rendered":"\t\t<div data-elementor-type=\"wp-post\" data-elementor-id=\"2510\" class=\"elementor elementor-2510\" data-elementor-post-type=\"post\">\n\t\t\t\t\t\t<section class=\"elementor-section elementor-top-section elementor-element elementor-element-4d37af0 elementor-section-boxed elementor-section-height-default elementor-section-height-default wpr-particle-no wpr-jarallax-no wpr-parallax-no wpr-sticky-section-no\" data-id=\"4d37af0\" data-element_type=\"section\" data-settings=\"{&quot;jet_parallax_layout_list&quot;:[]}\">\n\t\t\t\t\t\t<div class=\"elementor-container elementor-column-gap-default\">\n\t\t\t\t\t<div class=\"elementor-column elementor-col-100 elementor-top-column elementor-element elementor-element-739fb50\" data-id=\"739fb50\" data-element_type=\"column\">\n\t\t\t<div class=\"elementor-widget-wrap elementor-element-populated\">\n\t\t\t\t\t\t<div class=\"elementor-element elementor-element-f8b3578 elementor-widget-divider--view-line elementor-widget elementor-widget-divider\" data-id=\"f8b3578\" data-element_type=\"widget\" data-widget_type=\"divider.default\">\n\t\t\t\t<div class=\"elementor-widget-container\">\n\t\t\t\t\t\t\t<div class=\"elementor-divider\">\n\t\t\t<span class=\"elementor-divider-separator\">\n\t\t\t\t\t\t<\/span>\n\t\t<\/div>\n\t\t\t\t\t\t<\/div>\n\t\t\t\t<\/div>\n\t\t\t\t<div class=\"elementor-element elementor-element-b2999e7 elementor-widget elementor-widget-text-editor\" data-id=\"b2999e7\" data-element_type=\"widget\" data-widget_type=\"text-editor.default\">\n\t\t\t\t<div class=\"elementor-widget-container\">\n\t\t\t\t\t\t\t\t\t<p style=\"text-align: justify;\"><img decoding=\"async\" class=\"alignleft wp-image-6760 size-thumbnail\" src=\"http:\/\/redelog.rj.gov.br\/redecompras\/wp-content\/uploads\/2022\/05\/Icone05-150x150.png\" alt=\"\" width=\"150\" height=\"150\" srcset=\"https:\/\/redelog.rj.gov.br\/redecompras\/wp-content\/uploads\/2022\/05\/Icone05-150x150.png 150w, https:\/\/redelog.rj.gov.br\/redecompras\/wp-content\/uploads\/2022\/05\/Icone05-300x300.png 300w, https:\/\/redelog.rj.gov.br\/redecompras\/wp-content\/uploads\/2022\/05\/Icone05-768x768.png 768w, https:\/\/redelog.rj.gov.br\/redecompras\/wp-content\/uploads\/2022\/05\/Icone05-230x230.png 230w, https:\/\/redelog.rj.gov.br\/redecompras\/wp-content\/uploads\/2022\/05\/Icone05-400x400.png 400w, https:\/\/redelog.rj.gov.br\/redecompras\/wp-content\/uploads\/2022\/05\/Icone05-600x600.png 600w, https:\/\/redelog.rj.gov.br\/redecompras\/wp-content\/uploads\/2022\/05\/Icone05-640x640.png 640w, https:\/\/redelog.rj.gov.br\/redecompras\/wp-content\/uploads\/2022\/05\/Icone05.png 779w\" sizes=\"(max-width: 150px) 100vw, 150px\" \/> \u00a0O ETP Digital \u00e9 uma ferramenta 100% digital que busca promover inova\u00e7\u00e3o, planejamento integrado das compras, redu\u00e7\u00e3o de custos e transpar\u00eancia.<\/p><p style=\"text-align: justify;\">As unidades de compras, em especial aquelas que atuam como requisitantes de bens ou servi\u00e7os ou como \u00e1rea t\u00e9cnica dos mais variados objetos contratados, por serem os respons\u00e1veis pela elabora\u00e7\u00e3o do referido estudo, dever\u00e3o ajustar suas rotinas internas de planejamento para plena utiliza\u00e7\u00e3o do Sistema ETP Digital em seus processos de aquisi\u00e7\u00e3o de bens e contrata\u00e7\u00e3o de servi\u00e7os e obras.<\/p><p style=\"text-align: justify;\">O ETP, elaborado no pr\u00f3prio sistema, \u00e9 condi\u00e7\u00e3o obrigat\u00f3ria para a publica\u00e7\u00e3o de um edital no Compras.gov.br. Sendo assim, o ETP \u00e9 p\u00fablico a todos os \u00f3rg\u00e3os e entidades que utilizam o Compras.gov.br.<\/p><p style=\"text-align: justify;\">O sistema constitui um banco de dados de estudos t\u00e9cnicos preliminares, de alcance nacional, e conta com ferramenta de busca por metadados para que os \u00f3rg\u00e3os e entidades pesquisem estudos preliminares voltados aos contratos de interesse, podendo import\u00e1-los para sua \u00e1rea de trabalho como ponto de partida para suas an\u00e1lises e edi\u00e7\u00f5es.<\/p><p style=\"text-align: justify;\">O <strong>perfil ETP Digital<\/strong> est\u00e1 dispon\u00edvel no Sistema de Gest\u00e3o de Acesso \u2013 SGA, valendo para os ambientes de Produ\u00e7\u00e3o e Treinamento, e dever\u00e1 ser atribu\u00eddo aos usu\u00e1rios respons\u00e1veis por sua elabora\u00e7\u00e3o no sistema. O respons\u00e1vel pelos cadastros no \u00f3rg\u00e3o\/entidade (cadastrador parcial) \u00e9 quem marcar\u00e1 o perfil do usu\u00e1rio no SGA.<\/p><p style=\"text-align: justify;\">Na pr\u00e1tica, cada institui\u00e7\u00e3o p\u00fablica que iniciar um processo de compra editar\u00e1 e preencher\u00e1 os documentos que embasam a an\u00e1lise t\u00e9cnica pr\u00e9via em uma plataforma \u00fanica: o Compras.gov.br As informa\u00e7\u00f5es inclu\u00eddas no sistema poder\u00e3o ser automaticamente visualizadas por todos os usu\u00e1rios da ferramenta. Com isso, ser\u00e1 ampliada a dissemina\u00e7\u00e3o de boas pr\u00e1ticas no setor p\u00fablico e haver\u00e1 mais transpar\u00eancia das a\u00e7\u00f5es, mitigando fraudes e corrup\u00e7\u00f5es nessa etapa da licita\u00e7\u00e3o.<\/p><p style=\"text-align: justify;\">\u00c9 poss\u00edvel realizar consultas inteligentes em todos os campos do documento, bem como as informa\u00e7\u00f5es b\u00e1sicas, tais como: Respons\u00e1vel pela Edi\u00e7\u00e3o, N\u00famero do ETP, Descri\u00e7\u00e3o da Necessidade, Descri\u00e7\u00e3o da Solu\u00e7\u00e3o, dentre outros.<\/p><p style=\"text-align: justify;\">Estudo T\u00e9cnico Preliminar (ETP) \u00e9 o documento que integra a fase de planejamento das contrata\u00e7\u00f5es p\u00fablicas e tem o objetivo de demonstrar a real necessidade da contrata\u00e7\u00e3o, analisar a viabilidade t\u00e9cnica de implement\u00e1-la, bem como instruir o arcabou\u00e7o b\u00e1sico para a elabora\u00e7\u00e3o do Termo de Refer\u00eancia ou Projeto B\u00e1sico.<\/p><p style=\"text-align: justify;\">As se\u00e7\u00f5es do ETP Digital do Compras.gov.br s\u00e3o: <strong>Informa\u00e7\u00f5es B\u00e1sicas<\/strong>, <strong>Necessidade<\/strong>, <strong>Solu\u00e7\u00e3o<\/strong>, <strong>Planejamento<\/strong>, <strong>Viabilidade<\/strong>, <strong>Anexos<\/strong>. Em cada uma dessas se\u00e7\u00f5es \u00e9 poss\u00edvel criar campos, permitindo, assim, que o \u00f3rg\u00e3o\/entidade elabore um documento eficaz para sua contrata\u00e7\u00e3o.<\/p><p style=\"text-align: justify;\">O webin\u00e1rio do Governo Federal para o lan\u00e7amento do ETP Digital pode ser consultado no link: <a href=\"https:\/\/www.youtube.com\/watch?v=6xWoR81g-2E&amp;ab_channel=MPStreaming\" target=\"_blank\" rel=\"noopener\">https:\/\/www.youtube.com\/watch?v=6xWoR81g-2E&amp;ab_channel=MPStreaming<\/a><\/p><p style=\"text-align: justify;\">O manual do ETP Digital do Governo Federal pode ser consultado no link:<\/p><p style=\"text-align: justify;\"><a href=\"https:\/\/www.gov.br\/compras\/pt-br\/sistemas\/conheca-o-compras\/estudos-tecnicos-preliminares-etp-1\" target=\"_blank\" rel=\"noopener\">https:\/\/www.gov.br\/compras\/pt-br\/sistemas\/conheca-o-compras\/estudos-tecnicos-preliminares-etp-1<\/a><\/p><p style=\"text-align: justify;\">Os t\u00edtulos dos <strong>campos criados<\/strong> est\u00e3o orientados no <strong>Guia de Preenchimento do ETP Digital<\/strong>, que deve ser consultado no <strong>Portal da Redelog<\/strong>.<\/p><p style=\"text-align: justify;\"><strong>Para utilizar a ferramenta em ambiente de treinamento, o usu\u00e1rio deve fazer login no ambiente de treinamento do\u00a0<a href=\"https:\/\/www.gov.br\/compras\/pt-br\" target=\"_blank\" rel=\"noopener\">https:\/\/www.gov.br\/compras\/pt-br<\/a><\/strong><\/p>\t\t\t\t\t\t\t\t<\/div>\n\t\t\t\t<\/div>\n\t\t\t\t<div class=\"elementor-element elementor-element-1e6c28d elementor-widget-divider--view-line elementor-widget elementor-widget-divider\" data-id=\"1e6c28d\" data-element_type=\"widget\" data-widget_type=\"divider.default\">\n\t\t\t\t<div class=\"elementor-widget-container\">\n\t\t\t\t\t\t\t<div class=\"elementor-divider\">\n\t\t\t<span class=\"elementor-divider-separator\">\n\t\t\t\t\t\t<\/span>\n\t\t<\/div>\n\t\t\t\t\t\t<\/div>\n\t\t\t\t<\/div>\n\t\t\t\t<div class=\"elementor-element elementor-element-d4d0868 elementor-widget elementor-widget-heading\" data-id=\"d4d0868\" data-element_type=\"widget\" data-widget_type=\"heading.default\">\n\t\t\t\t<div class=\"elementor-widget-container\">\n\t\t\t\t\t<h2 class=\"elementor-heading-title elementor-size-large\">Perguntas e Respostas: elabora\u00e7\u00e3o do ETP Digital no Sistema Compras.gov.br<\/h2>\t\t\t\t<\/div>\n\t\t\t\t<\/div>\n\t\t\t\t<div class=\"elementor-element elementor-element-0e61f27 elementor-widget-divider--view-line elementor-widget elementor-widget-divider\" data-id=\"0e61f27\" data-element_type=\"widget\" data-widget_type=\"divider.default\">\n\t\t\t\t<div class=\"elementor-widget-container\">\n\t\t\t\t\t\t\t<div class=\"elementor-divider\">\n\t\t\t<span class=\"elementor-divider-separator\">\n\t\t\t\t\t\t<\/span>\n\t\t<\/div>\n\t\t\t\t\t\t<\/div>\n\t\t\t\t<\/div>\n\t\t\t\t<div class=\"elementor-element elementor-element-afa1c7d elementor-widget elementor-widget-toggle\" data-id=\"afa1c7d\" data-element_type=\"widget\" data-widget_type=\"toggle.default\">\n\t\t\t\t<div class=\"elementor-widget-container\">\n\t\t\t\t\t\t\t<div class=\"elementor-toggle\">\n\t\t\t\t\t\t\t<div class=\"elementor-toggle-item\">\n\t\t\t\t\t<div id=\"elementor-tab-title-1841\" class=\"elementor-tab-title\" data-tab=\"1\" role=\"button\" aria-controls=\"elementor-tab-content-1841\" aria-expanded=\"false\">\n\t\t\t\t\t\t\t\t\t\t\t\t<span class=\"elementor-toggle-icon elementor-toggle-icon-left\" aria-hidden=\"true\">\n\t\t\t\t\t\t\t\t\t\t\t\t\t\t\t<span class=\"elementor-toggle-icon-closed\"><i class=\"fas fa-caret-right\"><\/i><\/span>\n\t\t\t\t\t\t\t\t<span class=\"elementor-toggle-icon-opened\"><i class=\"elementor-toggle-icon-opened fas fa-caret-up\"><\/i><\/span>\n\t\t\t\t\t\t\t\t\t\t\t\t\t<\/span>\n\t\t\t\t\t\t\t\t\t\t\t\t<a class=\"elementor-toggle-title\" tabindex=\"0\">1. Como acessar o ETP Digital?<\/a>\n\t\t\t\t\t<\/div>\n\n\t\t\t\t\t<div id=\"elementor-tab-content-1841\" class=\"elementor-tab-content elementor-clearfix\" data-tab=\"1\" role=\"region\" aria-labelledby=\"elementor-tab-title-1841\"><p style=\"text-align: justify;\">O usu\u00e1rio dever\u00e1 acessar o Sistema ETP Digital no Compras.gov.br por meio do link: <a href=\"https:\/\/www.comprasnet.gov.br\/seguro\/loginPortal.asp\" target=\"_blank\" rel=\"noopener\">https:\/\/www.comprasnet.gov.br\/seguro\/loginPortal.asp]<\/a><\/p><p style=\"text-align: justify;\">Passo 1. Preencha os campos conforme a seguir:<\/p><p><img fetchpriority=\"high\" decoding=\"async\" class=\"aligncenter wp-image-6466 size-full\" src=\"http:\/\/redelog.rj.gov.br\/redecompras\/wp-content\/uploads\/2022\/05\/ETP-1.png\" alt=\"\" width=\"657\" height=\"395\" srcset=\"https:\/\/redelog.rj.gov.br\/redecompras\/wp-content\/uploads\/2022\/05\/ETP-1.png 657w, https:\/\/redelog.rj.gov.br\/redecompras\/wp-content\/uploads\/2022\/05\/ETP-1-300x180.png 300w, https:\/\/redelog.rj.gov.br\/redecompras\/wp-content\/uploads\/2022\/05\/ETP-1-600x361.png 600w\" sizes=\"(max-width: 657px) 100vw, 657px\" \/><\/p><p style=\"text-align: justify;\">Passo 2. Ao acessar a <strong>\u00c1rea de Trabalho<\/strong> do Compras.gov.br, selecione a op\u00e7\u00e3o <strong>ETP Estudo T\u00e9cnico Preliminar<\/strong>:<\/p><p><img decoding=\"async\" class=\"aligncenter wp-image-6467 size-full\" src=\"http:\/\/redelog.rj.gov.br\/redecompras\/wp-content\/uploads\/2022\/05\/ETP-2.png\" alt=\"\" width=\"766\" height=\"420\" srcset=\"https:\/\/redelog.rj.gov.br\/redecompras\/wp-content\/uploads\/2022\/05\/ETP-2.png 766w, https:\/\/redelog.rj.gov.br\/redecompras\/wp-content\/uploads\/2022\/05\/ETP-2-300x164.png 300w, https:\/\/redelog.rj.gov.br\/redecompras\/wp-content\/uploads\/2022\/05\/ETP-2-600x329.png 600w\" sizes=\"(max-width: 766px) 100vw, 766px\" \/><\/p><\/div>\n\t\t\t\t<\/div>\n\t\t\t\t\t\t\t<div class=\"elementor-toggle-item\">\n\t\t\t\t\t<div id=\"elementor-tab-title-1842\" class=\"elementor-tab-title\" data-tab=\"2\" role=\"button\" aria-controls=\"elementor-tab-content-1842\" aria-expanded=\"false\">\n\t\t\t\t\t\t\t\t\t\t\t\t<span class=\"elementor-toggle-icon elementor-toggle-icon-left\" aria-hidden=\"true\">\n\t\t\t\t\t\t\t\t\t\t\t\t\t\t\t<span class=\"elementor-toggle-icon-closed\"><i class=\"fas fa-caret-right\"><\/i><\/span>\n\t\t\t\t\t\t\t\t<span class=\"elementor-toggle-icon-opened\"><i class=\"elementor-toggle-icon-opened fas fa-caret-up\"><\/i><\/span>\n\t\t\t\t\t\t\t\t\t\t\t\t\t<\/span>\n\t\t\t\t\t\t\t\t\t\t\t\t<a class=\"elementor-toggle-title\" tabindex=\"0\">2. Como pesquisar um ETP e realizar consultas sobre um ETP?<\/a>\n\t\t\t\t\t<\/div>\n\n\t\t\t\t\t<div id=\"elementor-tab-content-1842\" class=\"elementor-tab-content elementor-clearfix\" data-tab=\"2\" role=\"region\" aria-labelledby=\"elementor-tab-title-1842\"><p style=\"text-align: justify;\">Para <strong>pesquisar um ETP<\/strong>, informe o termo de busca no campo <strong>Termo a ser pesquisado<\/strong>.<\/p><p style=\"text-align: justify;\">\u00c9 poss\u00edvel realizar <strong>consultas<\/strong> inteligentes em todos os campos do documento, bem como as informa\u00e7\u00f5es b\u00e1sicas, tais como: Respons\u00e1vel pela Edi\u00e7\u00e3o, N\u00famero do ETP, Descri\u00e7\u00e3o da Necessidade, Descri\u00e7\u00e3o da Solu\u00e7\u00e3o, dentre outros.<\/p><p style=\"text-align: justify;\">Para isso, basta informar um texto de no m\u00ednimo 3 (tr\u00eas) caracteres para que o sistema fa\u00e7a a pesquisa em toda a base de dados. O resultado da busca aparece na lista de campos j\u00e1 existente e pode ser ordenada pela coluna de sua prefer\u00eancia.<\/p><p><img loading=\"lazy\" decoding=\"async\" class=\"aligncenter wp-image-6468 size-full\" src=\"http:\/\/redelog.rj.gov.br\/redecompras\/wp-content\/uploads\/2022\/05\/ETP-3.png\" alt=\"\" width=\"781\" height=\"342\" srcset=\"https:\/\/redelog.rj.gov.br\/redecompras\/wp-content\/uploads\/2022\/05\/ETP-3.png 781w, https:\/\/redelog.rj.gov.br\/redecompras\/wp-content\/uploads\/2022\/05\/ETP-3-300x131.png 300w, https:\/\/redelog.rj.gov.br\/redecompras\/wp-content\/uploads\/2022\/05\/ETP-3-768x336.png 768w, https:\/\/redelog.rj.gov.br\/redecompras\/wp-content\/uploads\/2022\/05\/ETP-3-600x263.png 600w\" sizes=\"(max-width: 781px) 100vw, 781px\" \/><\/p><p>\u00a0<\/p><\/div>\n\t\t\t\t<\/div>\n\t\t\t\t\t\t\t<div class=\"elementor-toggle-item\">\n\t\t\t\t\t<div id=\"elementor-tab-title-1843\" class=\"elementor-tab-title\" data-tab=\"3\" role=\"button\" aria-controls=\"elementor-tab-content-1843\" aria-expanded=\"false\">\n\t\t\t\t\t\t\t\t\t\t\t\t<span class=\"elementor-toggle-icon elementor-toggle-icon-left\" aria-hidden=\"true\">\n\t\t\t\t\t\t\t\t\t\t\t\t\t\t\t<span class=\"elementor-toggle-icon-closed\"><i class=\"fas fa-caret-right\"><\/i><\/span>\n\t\t\t\t\t\t\t\t<span class=\"elementor-toggle-icon-opened\"><i class=\"elementor-toggle-icon-opened fas fa-caret-up\"><\/i><\/span>\n\t\t\t\t\t\t\t\t\t\t\t\t\t<\/span>\n\t\t\t\t\t\t\t\t\t\t\t\t<a class=\"elementor-toggle-title\" tabindex=\"0\">3. Quais a\u00e7\u00f5es o usu\u00e1rio poder\u00e1 executar na p\u00e1gina inicial do ETP Digital?<\/a>\n\t\t\t\t\t<\/div>\n\n\t\t\t\t\t<div id=\"elementor-tab-content-1843\" class=\"elementor-tab-content elementor-clearfix\" data-tab=\"3\" role=\"region\" aria-labelledby=\"elementor-tab-title-1843\"><p style=\"text-align: justify;\">Na <strong>p\u00e1gina inicial do ETP<\/strong>, o usu\u00e1rio poder\u00e1 pesquisar, editar, excluir, criar um novo ou criar um ETP baseado em um j\u00e1 existente. Para isso, basta acionar os \u00edcones na coluna <strong>A\u00e7\u00f5es<\/strong>.<\/p><p><img loading=\"lazy\" decoding=\"async\" class=\"aligncenter wp-image-6469 size-full\" src=\"http:\/\/redelog.rj.gov.br\/redecompras\/wp-content\/uploads\/2022\/05\/ETP-4.png\" alt=\"\" width=\"781\" height=\"369\" srcset=\"https:\/\/redelog.rj.gov.br\/redecompras\/wp-content\/uploads\/2022\/05\/ETP-4.png 781w, https:\/\/redelog.rj.gov.br\/redecompras\/wp-content\/uploads\/2022\/05\/ETP-4-300x142.png 300w, https:\/\/redelog.rj.gov.br\/redecompras\/wp-content\/uploads\/2022\/05\/ETP-4-768x363.png 768w, https:\/\/redelog.rj.gov.br\/redecompras\/wp-content\/uploads\/2022\/05\/ETP-4-600x283.png 600w\" sizes=\"(max-width: 781px) 100vw, 781px\" \/><\/p><p style=\"text-align: justify;\"><strong>OBS: <\/strong>a a\u00e7\u00e3o <strong>publicar<\/strong> s\u00f3 ser\u00e1 mostrada quando, na coluna <strong>Status <\/strong>(primeira figura), o processo constar como <strong>conclu\u00eddo<\/strong>.<\/p><p>A\u00e7\u00f5es:<\/p><p><img loading=\"lazy\" decoding=\"async\" class=\"aligncenter wp-image-6470 size-full\" src=\"http:\/\/redelog.rj.gov.br\/redecompras\/wp-content\/uploads\/2022\/05\/ETP-5.png\" alt=\"\" width=\"733\" height=\"344\" srcset=\"https:\/\/redelog.rj.gov.br\/redecompras\/wp-content\/uploads\/2022\/05\/ETP-5.png 733w, https:\/\/redelog.rj.gov.br\/redecompras\/wp-content\/uploads\/2022\/05\/ETP-5-300x141.png 300w, https:\/\/redelog.rj.gov.br\/redecompras\/wp-content\/uploads\/2022\/05\/ETP-5-600x282.png 600w\" sizes=\"(max-width: 733px) 100vw, 733px\" \/><\/p><p><img loading=\"lazy\" decoding=\"async\" class=\"aligncenter wp-image-6471 size-full\" src=\"http:\/\/redelog.rj.gov.br\/redecompras\/wp-content\/uploads\/2022\/05\/ETP-6.png\" alt=\"\" width=\"504\" height=\"494\" srcset=\"https:\/\/redelog.rj.gov.br\/redecompras\/wp-content\/uploads\/2022\/05\/ETP-6.png 504w, https:\/\/redelog.rj.gov.br\/redecompras\/wp-content\/uploads\/2022\/05\/ETP-6-300x294.png 300w\" sizes=\"(max-width: 504px) 100vw, 504px\" \/><\/p><p><img loading=\"lazy\" decoding=\"async\" class=\"aligncenter wp-image-6472 size-full\" src=\"http:\/\/redelog.rj.gov.br\/redecompras\/wp-content\/uploads\/2022\/05\/ETP-7.png\" alt=\"\" width=\"609\" height=\"309\" srcset=\"https:\/\/redelog.rj.gov.br\/redecompras\/wp-content\/uploads\/2022\/05\/ETP-7.png 609w, https:\/\/redelog.rj.gov.br\/redecompras\/wp-content\/uploads\/2022\/05\/ETP-7-300x152.png 300w, https:\/\/redelog.rj.gov.br\/redecompras\/wp-content\/uploads\/2022\/05\/ETP-7-600x304.png 600w\" sizes=\"(max-width: 609px) 100vw, 609px\" \/><\/p><p><img loading=\"lazy\" decoding=\"async\" class=\"aligncenter wp-image-6473 size-full\" src=\"http:\/\/redelog.rj.gov.br\/redecompras\/wp-content\/uploads\/2022\/05\/ETP-8.png\" alt=\"\" width=\"599\" height=\"234\" srcset=\"https:\/\/redelog.rj.gov.br\/redecompras\/wp-content\/uploads\/2022\/05\/ETP-8.png 599w, https:\/\/redelog.rj.gov.br\/redecompras\/wp-content\/uploads\/2022\/05\/ETP-8-300x117.png 300w\" sizes=\"(max-width: 599px) 100vw, 599px\" \/><\/p><\/div>\n\t\t\t\t<\/div>\n\t\t\t\t\t\t\t<div class=\"elementor-toggle-item\">\n\t\t\t\t\t<div id=\"elementor-tab-title-1844\" class=\"elementor-tab-title\" data-tab=\"4\" role=\"button\" aria-controls=\"elementor-tab-content-1844\" aria-expanded=\"false\">\n\t\t\t\t\t\t\t\t\t\t\t\t<span class=\"elementor-toggle-icon elementor-toggle-icon-left\" aria-hidden=\"true\">\n\t\t\t\t\t\t\t\t\t\t\t\t\t\t\t<span class=\"elementor-toggle-icon-closed\"><i class=\"fas fa-caret-right\"><\/i><\/span>\n\t\t\t\t\t\t\t\t<span class=\"elementor-toggle-icon-opened\"><i class=\"elementor-toggle-icon-opened fas fa-caret-up\"><\/i><\/span>\n\t\t\t\t\t\t\t\t\t\t\t\t\t<\/span>\n\t\t\t\t\t\t\t\t\t\t\t\t<a class=\"elementor-toggle-title\" tabindex=\"0\">4. Como criar um novo ETP Digital?<\/a>\n\t\t\t\t\t<\/div>\n\n\t\t\t\t\t<div id=\"elementor-tab-content-1844\" class=\"elementor-tab-content elementor-clearfix\" data-tab=\"4\" role=\"region\" aria-labelledby=\"elementor-tab-title-1844\"><p style=\"text-align: justify;\">Ap\u00f3s fazer o login no Compras.gov.br e selecionar o \u00edcone do ETP na \u00c1rea de Trabalho, o usu\u00e1rio dever\u00e1 clicar no bot\u00e3o <strong>+ Criar<\/strong> e depois em <strong>Criar novo ETP<\/strong>:\u00a0\u00a0\u00a0<\/p><p style=\"text-align: justify;\"><img loading=\"lazy\" decoding=\"async\" class=\"aligncenter wp-image-6474 size-full\" src=\"http:\/\/redelog.rj.gov.br\/redecompras\/wp-content\/uploads\/2022\/05\/ETP-9.png\" alt=\"\" width=\"107\" height=\"23\" \/><\/p><p style=\"text-align: justify;\"><img loading=\"lazy\" decoding=\"async\" class=\"aligncenter wp-image-6475 size-full\" src=\"http:\/\/redelog.rj.gov.br\/redecompras\/wp-content\/uploads\/2022\/05\/ETP-10.png\" alt=\"\" width=\"677\" height=\"235\" srcset=\"https:\/\/redelog.rj.gov.br\/redecompras\/wp-content\/uploads\/2022\/05\/ETP-10.png 677w, https:\/\/redelog.rj.gov.br\/redecompras\/wp-content\/uploads\/2022\/05\/ETP-10-300x104.png 300w, https:\/\/redelog.rj.gov.br\/redecompras\/wp-content\/uploads\/2022\/05\/ETP-10-600x208.png 600w\" sizes=\"(max-width: 677px) 100vw, 677px\" \/>\u00a0\u00a0\u00a0\u00a0\u00a0\u00a0\u00a0\u00a0\u00a0\u00a0\u00a0\u00a0\u00a0\u00a0\u00a0\u00a0\u00a0\u00a0<\/p><\/div>\n\t\t\t\t<\/div>\n\t\t\t\t\t\t\t<div class=\"elementor-toggle-item\">\n\t\t\t\t\t<div id=\"elementor-tab-title-1845\" class=\"elementor-tab-title\" data-tab=\"5\" role=\"button\" aria-controls=\"elementor-tab-content-1845\" aria-expanded=\"false\">\n\t\t\t\t\t\t\t\t\t\t\t\t<span class=\"elementor-toggle-icon elementor-toggle-icon-left\" aria-hidden=\"true\">\n\t\t\t\t\t\t\t\t\t\t\t\t\t\t\t<span class=\"elementor-toggle-icon-closed\"><i class=\"fas fa-caret-right\"><\/i><\/span>\n\t\t\t\t\t\t\t\t<span class=\"elementor-toggle-icon-opened\"><i class=\"elementor-toggle-icon-opened fas fa-caret-up\"><\/i><\/span>\n\t\t\t\t\t\t\t\t\t\t\t\t\t<\/span>\n\t\t\t\t\t\t\t\t\t\t\t\t<a class=\"elementor-toggle-title\" tabindex=\"0\">5. Quais s\u00e3o as se\u00e7\u00f5es disponibilizadas no artefato ETP Digital?<\/a>\n\t\t\t\t\t<\/div>\n\n\t\t\t\t\t<div id=\"elementor-tab-content-1845\" class=\"elementor-tab-content elementor-clearfix\" data-tab=\"5\" role=\"region\" aria-labelledby=\"elementor-tab-title-1845\"><p style=\"text-align: justify;\">As se\u00e7\u00f5es que o sistema apresenta s\u00e3o: <strong>Informa\u00e7\u00f5es B\u00e1sicas<\/strong>, <strong>Necessidade<\/strong>, <strong>Solu\u00e7\u00e3o<\/strong>, <strong>Planejamento<\/strong>, <strong>Viabilidade<\/strong> e <strong>Anexos<\/strong>.<\/p><p><img loading=\"lazy\" decoding=\"async\" class=\"aligncenter wp-image-6476 size-full\" src=\"http:\/\/redelog.rj.gov.br\/redecompras\/wp-content\/uploads\/2022\/05\/ETP-11.png\" alt=\"\" width=\"769\" height=\"324\" srcset=\"https:\/\/redelog.rj.gov.br\/redecompras\/wp-content\/uploads\/2022\/05\/ETP-11.png 769w, https:\/\/redelog.rj.gov.br\/redecompras\/wp-content\/uploads\/2022\/05\/ETP-11-300x126.png 300w, https:\/\/redelog.rj.gov.br\/redecompras\/wp-content\/uploads\/2022\/05\/ETP-11-600x253.png 600w\" sizes=\"(max-width: 769px) 100vw, 769px\" \/><\/p><\/div>\n\t\t\t\t<\/div>\n\t\t\t\t\t\t\t<div class=\"elementor-toggle-item\">\n\t\t\t\t\t<div id=\"elementor-tab-title-1846\" class=\"elementor-tab-title\" data-tab=\"6\" role=\"button\" aria-controls=\"elementor-tab-content-1846\" aria-expanded=\"false\">\n\t\t\t\t\t\t\t\t\t\t\t\t<span class=\"elementor-toggle-icon elementor-toggle-icon-left\" aria-hidden=\"true\">\n\t\t\t\t\t\t\t\t\t\t\t\t\t\t\t<span class=\"elementor-toggle-icon-closed\"><i class=\"fas fa-caret-right\"><\/i><\/span>\n\t\t\t\t\t\t\t\t<span class=\"elementor-toggle-icon-opened\"><i class=\"elementor-toggle-icon-opened fas fa-caret-up\"><\/i><\/span>\n\t\t\t\t\t\t\t\t\t\t\t\t\t<\/span>\n\t\t\t\t\t\t\t\t\t\t\t\t<a class=\"elementor-toggle-title\" tabindex=\"0\">6. O sistema permite a cria\u00e7\u00e3o de novos campos?<\/a>\n\t\t\t\t\t<\/div>\n\n\t\t\t\t\t<div id=\"elementor-tab-content-1846\" class=\"elementor-tab-content elementor-clearfix\" data-tab=\"6\" role=\"region\" aria-labelledby=\"elementor-tab-title-1846\"><p style=\"text-align: justify;\">Sim, no ETP Digital \u00e9 poss\u00edvel criar novos campos dentro das se\u00e7\u00f5es do sistema. Na <u>Base de Conhecimento da Redelog<\/u> consulte o <u>guia de orienta\u00e7\u00e3o para o preenchimento do ETP<\/u>. L\u00e1 est\u00e3o relacionados os campos, e demais orienta\u00e7\u00f5es, que o servidor do Estado do Rio de Janeiro deve adotar.<\/p><p style=\"text-align: justify;\">Veja nas telas seguintes como preencher o ETP e criar campo.<\/p><p style=\"text-align: justify;\">Na se\u00e7\u00e3o <strong>Informa\u00e7\u00f5es B\u00e1sicas<\/strong>, completar o <strong>Campo 1<\/strong> &#8211; <strong>Informa\u00e7\u00f5es Gerais:<\/strong><\/p><p><img loading=\"lazy\" decoding=\"async\" class=\"aligncenter wp-image-6477 size-full\" src=\"http:\/\/redelog.rj.gov.br\/redecompras\/wp-content\/uploads\/2022\/05\/ETP-12.png\" alt=\"\" width=\"756\" height=\"407\" srcset=\"https:\/\/redelog.rj.gov.br\/redecompras\/wp-content\/uploads\/2022\/05\/ETP-12.png 756w, https:\/\/redelog.rj.gov.br\/redecompras\/wp-content\/uploads\/2022\/05\/ETP-12-300x162.png 300w, https:\/\/redelog.rj.gov.br\/redecompras\/wp-content\/uploads\/2022\/05\/ETP-12-600x323.png 600w\" sizes=\"(max-width: 756px) 100vw, 756px\" \/><\/p><p>Criar campo:<\/p><p><img loading=\"lazy\" decoding=\"async\" class=\"aligncenter wp-image-6478 size-full\" src=\"http:\/\/redelog.rj.gov.br\/redecompras\/wp-content\/uploads\/2022\/05\/ETP-13.png\" alt=\"\" width=\"755\" height=\"434\" srcset=\"https:\/\/redelog.rj.gov.br\/redecompras\/wp-content\/uploads\/2022\/05\/ETP-13.png 755w, https:\/\/redelog.rj.gov.br\/redecompras\/wp-content\/uploads\/2022\/05\/ETP-13-300x172.png 300w, https:\/\/redelog.rj.gov.br\/redecompras\/wp-content\/uploads\/2022\/05\/ETP-13-150x85.png 150w, https:\/\/redelog.rj.gov.br\/redecompras\/wp-content\/uploads\/2022\/05\/ETP-13-600x345.png 600w\" sizes=\"(max-width: 755px) 100vw, 755px\" \/><\/p><p style=\"text-align: justify;\">No exemplo abaixo, o <strong>Campo 2<\/strong> foi criado com o nome aleat\u00f3rio de <strong>Informa\u00e7\u00f5es Adicionais<\/strong> (os t\u00edtulos dos campos a serem criados est\u00e3o relacionados no <u>Guia de Preenchimento do ETP Digital<\/u>, que pode ser consultado na <u>Base de Conhecimento da Redelog<\/u>).<\/p><p><img loading=\"lazy\" decoding=\"async\" class=\"aligncenter wp-image-6479 size-full\" src=\"http:\/\/redelog.rj.gov.br\/redecompras\/wp-content\/uploads\/2022\/05\/ETP-14.png\" alt=\"\" width=\"764\" height=\"392\" srcset=\"https:\/\/redelog.rj.gov.br\/redecompras\/wp-content\/uploads\/2022\/05\/ETP-14.png 764w, https:\/\/redelog.rj.gov.br\/redecompras\/wp-content\/uploads\/2022\/05\/ETP-14-300x154.png 300w, https:\/\/redelog.rj.gov.br\/redecompras\/wp-content\/uploads\/2022\/05\/ETP-14-600x308.png 600w\" sizes=\"(max-width: 764px) 100vw, 764px\" \/><\/p><p>\u00a0<\/p><p>\u00a0<\/p><\/div>\n\t\t\t\t<\/div>\n\t\t\t\t\t\t\t<div class=\"elementor-toggle-item\">\n\t\t\t\t\t<div id=\"elementor-tab-title-1847\" class=\"elementor-tab-title\" data-tab=\"7\" role=\"button\" aria-controls=\"elementor-tab-content-1847\" aria-expanded=\"false\">\n\t\t\t\t\t\t\t\t\t\t\t\t<span class=\"elementor-toggle-icon elementor-toggle-icon-left\" aria-hidden=\"true\">\n\t\t\t\t\t\t\t\t\t\t\t\t\t\t\t<span class=\"elementor-toggle-icon-closed\"><i class=\"fas fa-caret-right\"><\/i><\/span>\n\t\t\t\t\t\t\t\t<span class=\"elementor-toggle-icon-opened\"><i class=\"elementor-toggle-icon-opened fas fa-caret-up\"><\/i><\/span>\n\t\t\t\t\t\t\t\t\t\t\t\t\t<\/span>\n\t\t\t\t\t\t\t\t\t\t\t\t<a class=\"elementor-toggle-title\" tabindex=\"0\">7. Como \u00e9 realizado o preenchimento dos campos no ETP Digital?<\/a>\n\t\t\t\t\t<\/div>\n\n\t\t\t\t\t<div id=\"elementor-tab-content-1847\" class=\"elementor-tab-content elementor-clearfix\" data-tab=\"7\" role=\"region\" aria-labelledby=\"elementor-tab-title-1847\"><p style=\"text-align: justify;\">Abaixo seguem os passos de como \u00e9 feito o preenchimento, bem como s\u00e3o apresentadas algumas fun\u00e7\u00f5es destacadas nas telas do ETP. Os campos mostrados a seguir s\u00e3o os que constam no artefato digital. Os campos <u>que devem ser criados<\/u> est\u00e3o relacionados no <u>Guia de Preenchimento do ETP Digital<\/u> que est\u00e1 para consulta na <u>Base de Conhecimento da Redelog<\/u>.<\/p><p style=\"text-align: justify;\">Na <strong>se\u00e7\u00e3o Necessidade<\/strong>, veja o <strong>Campo 3 &#8211; Descri\u00e7\u00e3o da necessidade<\/strong>: a descri\u00e7\u00e3o deve ser digitada no Word disponibilizado na tela.<\/p><p><img loading=\"lazy\" decoding=\"async\" class=\"aligncenter wp-image-6480 size-full\" src=\"http:\/\/redelog.rj.gov.br\/redecompras\/wp-content\/uploads\/2022\/05\/ETP-15.png\" alt=\"\" width=\"762\" height=\"354\" srcset=\"https:\/\/redelog.rj.gov.br\/redecompras\/wp-content\/uploads\/2022\/05\/ETP-15.png 762w, https:\/\/redelog.rj.gov.br\/redecompras\/wp-content\/uploads\/2022\/05\/ETP-15-300x139.png 300w, https:\/\/redelog.rj.gov.br\/redecompras\/wp-content\/uploads\/2022\/05\/ETP-15-600x279.png 600w\" sizes=\"(max-width: 762px) 100vw, 762px\" \/><\/p><p style=\"text-align: justify;\"><strong>Campo 4 &#8211; \u00c1rea Requisitante:<\/strong><\/p><p><img loading=\"lazy\" decoding=\"async\" class=\"aligncenter wp-image-6481 size-full\" src=\"http:\/\/redelog.rj.gov.br\/redecompras\/wp-content\/uploads\/2022\/05\/ETP-16.png\" alt=\"\" width=\"767\" height=\"312\" srcset=\"https:\/\/redelog.rj.gov.br\/redecompras\/wp-content\/uploads\/2022\/05\/ETP-16.png 767w, https:\/\/redelog.rj.gov.br\/redecompras\/wp-content\/uploads\/2022\/05\/ETP-16-300x122.png 300w, https:\/\/redelog.rj.gov.br\/redecompras\/wp-content\/uploads\/2022\/05\/ETP-16-600x244.png 600w\" sizes=\"(max-width: 767px) 100vw, 767px\" \/><\/p><p><img loading=\"lazy\" decoding=\"async\" class=\"aligncenter wp-image-6482 size-full\" src=\"http:\/\/redelog.rj.gov.br\/redecompras\/wp-content\/uploads\/2022\/05\/ETP-17.png\" alt=\"\" width=\"567\" height=\"255\" srcset=\"https:\/\/redelog.rj.gov.br\/redecompras\/wp-content\/uploads\/2022\/05\/ETP-17.png 567w, https:\/\/redelog.rj.gov.br\/redecompras\/wp-content\/uploads\/2022\/05\/ETP-17-300x135.png 300w\" sizes=\"(max-width: 567px) 100vw, 567px\" \/><\/p><p style=\"text-align: justify;\"><strong>Campo 5 &#8211; Descri\u00e7\u00e3o dos Requisitos da Contrata\u00e7\u00e3o:<\/strong><\/p><p><img loading=\"lazy\" decoding=\"async\" class=\"aligncenter wp-image-6483 size-full\" src=\"http:\/\/redelog.rj.gov.br\/redecompras\/wp-content\/uploads\/2022\/05\/ETP-18.png\" alt=\"\" width=\"757\" height=\"327\" srcset=\"https:\/\/redelog.rj.gov.br\/redecompras\/wp-content\/uploads\/2022\/05\/ETP-18.png 757w, https:\/\/redelog.rj.gov.br\/redecompras\/wp-content\/uploads\/2022\/05\/ETP-18-300x130.png 300w, https:\/\/redelog.rj.gov.br\/redecompras\/wp-content\/uploads\/2022\/05\/ETP-18-600x259.png 600w\" sizes=\"(max-width: 757px) 100vw, 757px\" \/><\/p><p style=\"text-align: justify;\"><strong>Se\u00e7\u00e3o Solu\u00e7\u00e3o<\/strong>, <strong>Campo 6 &#8211; Levantamento de Mercado<\/strong>:<\/p><p><img loading=\"lazy\" decoding=\"async\" class=\"aligncenter wp-image-6484 size-full\" src=\"http:\/\/redelog.rj.gov.br\/redecompras\/wp-content\/uploads\/2022\/05\/ETP-19.png\" alt=\"\" width=\"767\" height=\"341\" srcset=\"https:\/\/redelog.rj.gov.br\/redecompras\/wp-content\/uploads\/2022\/05\/ETP-19.png 767w, https:\/\/redelog.rj.gov.br\/redecompras\/wp-content\/uploads\/2022\/05\/ETP-19-300x133.png 300w, https:\/\/redelog.rj.gov.br\/redecompras\/wp-content\/uploads\/2022\/05\/ETP-19-600x267.png 600w\" sizes=\"(max-width: 767px) 100vw, 767px\" \/><\/p><p style=\"text-align: justify;\">Demais se\u00e7\u00f5es e respectivos campos que constam no sistema:<\/p><p style=\"text-align: justify;\">(Continua\u00e7\u00e3o dos campos da<strong> <u>Se\u00e7\u00e3o Solu\u00e7\u00e3o<\/u><\/strong>)<\/p><p style=\"text-align: justify;\"><strong>Campo 7 &#8211; Descri\u00e7\u00e3o da solu\u00e7\u00e3o como um todo<\/strong><\/p><p style=\"text-align: justify;\"><strong>Campo 8 &#8211; Estimativa das Quantidades a serem Contratadas<\/strong><\/p><p style=\"text-align: justify;\"><strong>Campo 9 &#8211; Estimativa do Valor da Contrata\u00e7\u00e3o<\/strong><\/p><p style=\"text-align: justify;\"><strong>Campo 10 &#8211; Justificativa para o Parcelamento ou n\u00e3o da Solu\u00e7\u00e3o<\/strong><\/p><p style=\"text-align: justify;\"><strong>Campo 11 &#8211; Contrata\u00e7\u00f5es Correlatas e\/ou Interdependentes<\/strong><\/p><p style=\"text-align: justify;\"><strong>Campo 12 &#8211; Alinhamento entre a Contrata\u00e7\u00e3o e o Planejamento<\/strong><\/p><p style=\"text-align: justify;\"><strong><u>Se\u00e7\u00e3o Planejamento<\/u><\/strong><\/p><p style=\"text-align: justify;\"><strong>Campo 13 &#8211; Resultados Pretendidos<\/strong><\/p><p style=\"text-align: justify;\"><strong>Campo 14 &#8211; Provid\u00eancias a serem Adotadas<\/strong><\/p><p style=\"text-align: justify;\"><strong>Campo 15 &#8211; Poss\u00edveis Impactos Ambientais<\/strong><\/p><p style=\"text-align: justify;\"><strong>\u00a0<\/strong><strong><u>Se\u00e7\u00e3o Viabilidade<\/u><\/strong><\/p><p style=\"text-align: justify;\"><strong>Campo 16 &#8211;<\/strong> <strong>Declara\u00e7\u00e3o de Viabilidade:<\/strong><\/p><p><img loading=\"lazy\" decoding=\"async\" class=\"aligncenter wp-image-6485 size-full\" src=\"http:\/\/redelog.rj.gov.br\/redecompras\/wp-content\/uploads\/2022\/05\/ETP-20.png\" alt=\"\" width=\"769\" height=\"251\" srcset=\"https:\/\/redelog.rj.gov.br\/redecompras\/wp-content\/uploads\/2022\/05\/ETP-20.png 769w, https:\/\/redelog.rj.gov.br\/redecompras\/wp-content\/uploads\/2022\/05\/ETP-20-300x98.png 300w, https:\/\/redelog.rj.gov.br\/redecompras\/wp-content\/uploads\/2022\/05\/ETP-20-600x196.png 600w\" sizes=\"(max-width: 769px) 100vw, 769px\" \/><\/p><p style=\"text-align: justify;\">Em seguida, informe a <strong>Justificativa de Viabilidade<\/strong>:<\/p><p><img loading=\"lazy\" decoding=\"async\" class=\"aligncenter wp-image-6486 size-full\" src=\"http:\/\/redelog.rj.gov.br\/redecompras\/wp-content\/uploads\/2022\/05\/ETP-21.png\" alt=\"\" width=\"769\" height=\"286\" srcset=\"https:\/\/redelog.rj.gov.br\/redecompras\/wp-content\/uploads\/2022\/05\/ETP-21.png 769w, https:\/\/redelog.rj.gov.br\/redecompras\/wp-content\/uploads\/2022\/05\/ETP-21-300x112.png 300w, https:\/\/redelog.rj.gov.br\/redecompras\/wp-content\/uploads\/2022\/05\/ETP-21-600x223.png 600w\" sizes=\"(max-width: 769px) 100vw, 769px\" \/><\/p><p style=\"text-align: justify;\"><strong>Campo 17 \u2013 Respons\u00e1veis:<\/strong><\/p><p><img loading=\"lazy\" decoding=\"async\" class=\"aligncenter wp-image-6487 size-full\" src=\"http:\/\/redelog.rj.gov.br\/redecompras\/wp-content\/uploads\/2022\/05\/ETP-22.png\" alt=\"\" width=\"769\" height=\"319\" srcset=\"https:\/\/redelog.rj.gov.br\/redecompras\/wp-content\/uploads\/2022\/05\/ETP-22.png 769w, https:\/\/redelog.rj.gov.br\/redecompras\/wp-content\/uploads\/2022\/05\/ETP-22-300x124.png 300w, https:\/\/redelog.rj.gov.br\/redecompras\/wp-content\/uploads\/2022\/05\/ETP-22-600x249.png 600w\" sizes=\"(max-width: 769px) 100vw, 769px\" \/><\/p><p><img loading=\"lazy\" decoding=\"async\" class=\"aligncenter wp-image-6488 size-full\" src=\"http:\/\/redelog.rj.gov.br\/redecompras\/wp-content\/uploads\/2022\/05\/ETP-23.png\" alt=\"\" width=\"561\" height=\"432\" srcset=\"https:\/\/redelog.rj.gov.br\/redecompras\/wp-content\/uploads\/2022\/05\/ETP-23.png 561w, https:\/\/redelog.rj.gov.br\/redecompras\/wp-content\/uploads\/2022\/05\/ETP-23-300x231.png 300w\" sizes=\"(max-width: 561px) 100vw, 561px\" \/><\/p><p style=\"text-align: justify;\">Na <strong><u>se\u00e7\u00e3o Anexos<\/u> <\/strong>\u00e9 poss\u00edvel anexar arquivos:<\/p><p><img loading=\"lazy\" decoding=\"async\" class=\"aligncenter wp-image-6489 size-full\" src=\"http:\/\/redelog.rj.gov.br\/redecompras\/wp-content\/uploads\/2022\/05\/ETP-24.png\" alt=\"\" width=\"763\" height=\"375\" srcset=\"https:\/\/redelog.rj.gov.br\/redecompras\/wp-content\/uploads\/2022\/05\/ETP-24.png 763w, https:\/\/redelog.rj.gov.br\/redecompras\/wp-content\/uploads\/2022\/05\/ETP-24-300x147.png 300w, https:\/\/redelog.rj.gov.br\/redecompras\/wp-content\/uploads\/2022\/05\/ETP-24-600x295.png 600w\" sizes=\"(max-width: 763px) 100vw, 763px\" \/><\/p><\/div>\n\t\t\t\t<\/div>\n\t\t\t\t\t\t\t<div class=\"elementor-toggle-item\">\n\t\t\t\t\t<div id=\"elementor-tab-title-1848\" class=\"elementor-tab-title\" data-tab=\"8\" role=\"button\" aria-controls=\"elementor-tab-content-1848\" aria-expanded=\"false\">\n\t\t\t\t\t\t\t\t\t\t\t\t<span class=\"elementor-toggle-icon elementor-toggle-icon-left\" aria-hidden=\"true\">\n\t\t\t\t\t\t\t\t\t\t\t\t\t\t\t<span class=\"elementor-toggle-icon-closed\"><i class=\"fas fa-caret-right\"><\/i><\/span>\n\t\t\t\t\t\t\t\t<span class=\"elementor-toggle-icon-opened\"><i class=\"elementor-toggle-icon-opened fas fa-caret-up\"><\/i><\/span>\n\t\t\t\t\t\t\t\t\t\t\t\t\t<\/span>\n\t\t\t\t\t\t\t\t\t\t\t\t<a class=\"elementor-toggle-title\" tabindex=\"0\">8. Ap\u00f3s o preenchimento dos campos, como concluir o ETP Digital?<\/a>\n\t\t\t\t\t<\/div>\n\n\t\t\t\t\t<div id=\"elementor-tab-content-1848\" class=\"elementor-tab-content elementor-clearfix\" data-tab=\"8\" role=\"region\" aria-labelledby=\"elementor-tab-title-1848\"><p style=\"text-align: justify;\">Seguem as telas da conclus\u00e3o do ETP Digital:<\/p><p><img loading=\"lazy\" decoding=\"async\" class=\"aligncenter wp-image-6490 size-full\" src=\"http:\/\/redelog.rj.gov.br\/redecompras\/wp-content\/uploads\/2022\/05\/ETP-25.png\" alt=\"\" width=\"615\" height=\"372\" srcset=\"https:\/\/redelog.rj.gov.br\/redecompras\/wp-content\/uploads\/2022\/05\/ETP-25.png 615w, https:\/\/redelog.rj.gov.br\/redecompras\/wp-content\/uploads\/2022\/05\/ETP-25-300x181.png 300w, https:\/\/redelog.rj.gov.br\/redecompras\/wp-content\/uploads\/2022\/05\/ETP-25-600x363.png 600w\" sizes=\"(max-width: 615px) 100vw, 615px\" \/><\/p><p style=\"text-align: justify;\">Uma vez <strong>conclu\u00eddo<\/strong>, o ETP pode ser <strong>publicado<\/strong>:<\/p><p><img loading=\"lazy\" decoding=\"async\" class=\"aligncenter wp-image-6491 size-full\" src=\"http:\/\/redelog.rj.gov.br\/redecompras\/wp-content\/uploads\/2022\/05\/ETP-26.png\" alt=\"\" width=\"759\" height=\"369\" srcset=\"https:\/\/redelog.rj.gov.br\/redecompras\/wp-content\/uploads\/2022\/05\/ETP-26.png 759w, https:\/\/redelog.rj.gov.br\/redecompras\/wp-content\/uploads\/2022\/05\/ETP-26-300x146.png 300w, https:\/\/redelog.rj.gov.br\/redecompras\/wp-content\/uploads\/2022\/05\/ETP-26-600x292.png 600w\" sizes=\"(max-width: 759px) 100vw, 759px\" \/><\/p><p><img loading=\"lazy\" decoding=\"async\" class=\"aligncenter wp-image-6492 size-full\" src=\"http:\/\/redelog.rj.gov.br\/redecompras\/wp-content\/uploads\/2022\/05\/ETP-27.png\" alt=\"\" width=\"567\" height=\"387\" srcset=\"https:\/\/redelog.rj.gov.br\/redecompras\/wp-content\/uploads\/2022\/05\/ETP-27.png 567w, https:\/\/redelog.rj.gov.br\/redecompras\/wp-content\/uploads\/2022\/05\/ETP-27-300x205.png 300w\" sizes=\"(max-width: 567px) 100vw, 567px\" \/><\/p><p style=\"text-align: justify;\"><strong>ETP publicado:<\/strong><\/p><p><img loading=\"lazy\" decoding=\"async\" class=\"aligncenter wp-image-6493 size-full\" src=\"http:\/\/redelog.rj.gov.br\/redecompras\/wp-content\/uploads\/2022\/05\/ETP-28.png\" alt=\"\" width=\"768\" height=\"399\" srcset=\"https:\/\/redelog.rj.gov.br\/redecompras\/wp-content\/uploads\/2022\/05\/ETP-28.png 768w, https:\/\/redelog.rj.gov.br\/redecompras\/wp-content\/uploads\/2022\/05\/ETP-28-300x156.png 300w, https:\/\/redelog.rj.gov.br\/redecompras\/wp-content\/uploads\/2022\/05\/ETP-28-600x312.png 600w\" sizes=\"(max-width: 768px) 100vw, 768px\" \/><\/p><p style=\"text-align: justify;\"><strong>Significados dos \u00edcones do cabe\u00e7alho e das a\u00e7\u00f5es do ETP<\/strong>:<\/p><p><img loading=\"lazy\" decoding=\"async\" class=\"aligncenter wp-image-6494 size-full\" src=\"http:\/\/redelog.rj.gov.br\/redecompras\/wp-content\/uploads\/2022\/05\/ETP-29.png\" alt=\"\" width=\"735\" height=\"443\" srcset=\"https:\/\/redelog.rj.gov.br\/redecompras\/wp-content\/uploads\/2022\/05\/ETP-29.png 735w, https:\/\/redelog.rj.gov.br\/redecompras\/wp-content\/uploads\/2022\/05\/ETP-29-300x181.png 300w, https:\/\/redelog.rj.gov.br\/redecompras\/wp-content\/uploads\/2022\/05\/ETP-29-600x362.png 600w\" sizes=\"(max-width: 735px) 100vw, 735px\" \/><\/p><\/div>\n\t\t\t\t<\/div>\n\t\t\t\t\t\t\t\t<\/div>\n\t\t\t\t\t\t<\/div>\n\t\t\t\t<\/div>\n\t\t\t\t\t<\/div>\n\t\t<\/div>\n\t\t\t\t\t<\/div>\n\t\t<\/section>\n\t\t\t\t<section class=\"elementor-section elementor-top-section elementor-element elementor-element-efc48b2 elementor-section-boxed elementor-section-height-default elementor-section-height-default wpr-particle-no wpr-jarallax-no wpr-parallax-no wpr-sticky-section-no\" data-id=\"efc48b2\" data-element_type=\"section\" data-settings=\"{&quot;jet_parallax_layout_list&quot;:[]}\">\n\t\t\t\t\t\t<div class=\"elementor-container elementor-column-gap-default\">\n\t\t\t\t\t<div class=\"elementor-column elementor-col-100 elementor-top-column elementor-element elementor-element-9820a82\" data-id=\"9820a82\" data-element_type=\"column\">\n\t\t\t<div class=\"elementor-widget-wrap elementor-element-populated\">\n\t\t\t\t\t\t<div class=\"elementor-element elementor-element-d8b1b66 elementor-widget elementor-widget-heading\" data-id=\"d8b1b66\" data-element_type=\"widget\" data-widget_type=\"heading.default\">\n\t\t\t\t<div class=\"elementor-widget-container\">\n\t\t\t\t\t<h2 class=\"elementor-heading-title elementor-size-large\">Veja os v\u00eddeos do ETP Digital:<\/h2>\t\t\t\t<\/div>\n\t\t\t\t<\/div>\n\t\t\t\t\t<\/div>\n\t\t<\/div>\n\t\t\t\t\t<\/div>\n\t\t<\/section>\n\t\t\t\t<section class=\"elementor-section elementor-top-section elementor-element elementor-element-22ec3ee elementor-section-boxed elementor-section-height-default elementor-section-height-default wpr-particle-no wpr-jarallax-no wpr-parallax-no wpr-sticky-section-no\" data-id=\"22ec3ee\" data-element_type=\"section\" data-settings=\"{&quot;jet_parallax_layout_list&quot;:[]}\">\n\t\t\t\t\t\t<div class=\"elementor-container elementor-column-gap-default\">\n\t\t\t\t\t<div class=\"elementor-column elementor-col-33 elementor-top-column elementor-element elementor-element-32d0eef\" data-id=\"32d0eef\" data-element_type=\"column\">\n\t\t\t<div class=\"elementor-widget-wrap elementor-element-populated\">\n\t\t\t\t\t\t<div class=\"elementor-element elementor-element-323289c elementor-widget elementor-widget-video\" data-id=\"323289c\" data-element_type=\"widget\" data-settings=\"{&quot;youtube_url&quot;:&quot;https:\\\/\\\/youtu.be\\\/beo7IAskLdo&quot;,&quot;video_type&quot;:&quot;youtube&quot;,&quot;controls&quot;:&quot;yes&quot;}\" data-widget_type=\"video.default\">\n\t\t\t\t<div class=\"elementor-widget-container\">\n\t\t\t\t\t\t\t<div class=\"elementor-wrapper elementor-open-inline\">\n\t\t\t<div class=\"elementor-video\"><\/div>\t\t<\/div>\n\t\t\t\t\t\t<\/div>\n\t\t\t\t<\/div>\n\t\t\t\t\t<\/div>\n\t\t<\/div>\n\t\t\t\t<div class=\"elementor-column elementor-col-33 elementor-top-column elementor-element elementor-element-2922695\" data-id=\"2922695\" data-element_type=\"column\">\n\t\t\t<div class=\"elementor-widget-wrap elementor-element-populated\">\n\t\t\t\t\t\t<div class=\"elementor-element elementor-element-b767395 elementor-widget elementor-widget-video\" data-id=\"b767395\" data-element_type=\"widget\" data-settings=\"{&quot;youtube_url&quot;:&quot;https:\\\/\\\/youtu.be\\\/gJlUyWL1Vb4&quot;,&quot;video_type&quot;:&quot;youtube&quot;,&quot;controls&quot;:&quot;yes&quot;}\" data-widget_type=\"video.default\">\n\t\t\t\t<div class=\"elementor-widget-container\">\n\t\t\t\t\t\t\t<div class=\"elementor-wrapper elementor-open-inline\">\n\t\t\t<div class=\"elementor-video\"><\/div>\t\t<\/div>\n\t\t\t\t\t\t<\/div>\n\t\t\t\t<\/div>\n\t\t\t\t\t<\/div>\n\t\t<\/div>\n\t\t\t\t<div class=\"elementor-column elementor-col-33 elementor-top-column elementor-element elementor-element-4c4a6de\" data-id=\"4c4a6de\" data-element_type=\"column\">\n\t\t\t<div class=\"elementor-widget-wrap elementor-element-populated\">\n\t\t\t\t\t\t<div class=\"elementor-element elementor-element-a73d53e elementor-widget elementor-widget-video\" data-id=\"a73d53e\" data-element_type=\"widget\" data-settings=\"{&quot;youtube_url&quot;:&quot;https:\\\/\\\/youtu.be\\\/3Euz6tCpR3I&quot;,&quot;video_type&quot;:&quot;youtube&quot;,&quot;controls&quot;:&quot;yes&quot;}\" data-widget_type=\"video.default\">\n\t\t\t\t<div class=\"elementor-widget-container\">\n\t\t\t\t\t\t\t<div class=\"elementor-wrapper elementor-open-inline\">\n\t\t\t<div class=\"elementor-video\"><\/div>\t\t<\/div>\n\t\t\t\t\t\t<\/div>\n\t\t\t\t<\/div>\n\t\t\t\t\t<\/div>\n\t\t<\/div>\n\t\t\t\t\t<\/div>\n\t\t<\/section>\n\t\t\t\t<section class=\"elementor-section elementor-top-section elementor-element elementor-element-8dc71ec elementor-section-boxed elementor-section-height-default elementor-section-height-default wpr-particle-no wpr-jarallax-no wpr-parallax-no wpr-sticky-section-no\" data-id=\"8dc71ec\" data-element_type=\"section\" data-settings=\"{&quot;jet_parallax_layout_list&quot;:[]}\">\n\t\t\t\t\t\t<div class=\"elementor-container elementor-column-gap-default\">\n\t\t\t\t\t<div class=\"elementor-column elementor-col-100 elementor-top-column elementor-element elementor-element-b4597aa\" data-id=\"b4597aa\" data-element_type=\"column\">\n\t\t\t<div class=\"elementor-widget-wrap elementor-element-populated\">\n\t\t\t\t\t\t<div class=\"elementor-element elementor-element-d48c479 elementor-widget-divider--view-line elementor-widget elementor-widget-divider\" data-id=\"d48c479\" data-element_type=\"widget\" data-widget_type=\"divider.default\">\n\t\t\t\t<div class=\"elementor-widget-container\">\n\t\t\t\t\t\t\t<div class=\"elementor-divider\">\n\t\t\t<span class=\"elementor-divider-separator\">\n\t\t\t\t\t\t<\/span>\n\t\t<\/div>\n\t\t\t\t\t\t<\/div>\n\t\t\t\t<\/div>\n\t\t\t\t<div class=\"elementor-element elementor-element-937c769 elementor-widget-divider--view-line elementor-widget elementor-widget-divider\" data-id=\"937c769\" data-element_type=\"widget\" data-widget_type=\"divider.default\">\n\t\t\t\t<div class=\"elementor-widget-container\">\n\t\t\t\t\t\t\t<div class=\"elementor-divider\">\n\t\t\t<span class=\"elementor-divider-separator\">\n\t\t\t\t\t\t<\/span>\n\t\t<\/div>\n\t\t\t\t\t\t<\/div>\n\t\t\t\t<\/div>\n\t\t\t\t<div class=\"elementor-element elementor-element-307283c elementor-widget-divider--view-line elementor-widget elementor-widget-divider\" data-id=\"307283c\" data-element_type=\"widget\" data-widget_type=\"divider.default\">\n\t\t\t\t<div class=\"elementor-widget-container\">\n\t\t\t\t\t\t\t<div class=\"elementor-divider\">\n\t\t\t<span class=\"elementor-divider-separator\">\n\t\t\t\t\t\t<\/span>\n\t\t<\/div>\n\t\t\t\t\t\t<\/div>\n\t\t\t\t<\/div>\n\t\t\t\t\t<\/div>\n\t\t<\/div>\n\t\t\t\t\t<\/div>\n\t\t<\/section>\n\t\t\t\t<section class=\"elementor-section elementor-top-section elementor-element elementor-element-ea18d24 elementor-section-boxed elementor-section-height-default elementor-section-height-default wpr-particle-no wpr-jarallax-no wpr-parallax-no wpr-sticky-section-no\" data-id=\"ea18d24\" data-element_type=\"section\" data-settings=\"{&quot;jet_parallax_layout_list&quot;:[]}\">\n\t\t\t\t\t\t<div class=\"elementor-container elementor-column-gap-default\">\n\t\t\t\t\t<div class=\"elementor-column elementor-col-50 elementor-top-column elementor-element elementor-element-7b3cc85\" data-id=\"7b3cc85\" data-element_type=\"column\">\n\t\t\t<div class=\"elementor-widget-wrap elementor-element-populated\">\n\t\t\t\t\t\t<div class=\"elementor-element elementor-element-4ae3648 elementor-widget elementor-widget-text-editor\" data-id=\"4ae3648\" data-element_type=\"widget\" data-widget_type=\"text-editor.default\">\n\t\t\t\t<div class=\"elementor-widget-container\">\n\t\t\t\t\t\t\t\t\t<p><strong><a href=\"http:\/\/redelog.rj.gov.br\/redecompras\/dfd-digital\/\">\u2190 DOCUMENTO DE FORMA\u00c7\u00c3O DE DEMANDA DIGITAL &#8211; DFD<\/a><\/strong><\/p>\t\t\t\t\t\t\t\t<\/div>\n\t\t\t\t<\/div>\n\t\t\t\t\t<\/div>\n\t\t<\/div>\n\t\t\t\t<div class=\"elementor-column elementor-col-50 elementor-top-column elementor-element elementor-element-df837f9\" data-id=\"df837f9\" data-element_type=\"column\">\n\t\t\t<div class=\"elementor-widget-wrap elementor-element-populated\">\n\t\t\t\t\t\t<div class=\"elementor-element elementor-element-620a3dc elementor-widget elementor-widget-text-editor\" data-id=\"620a3dc\" data-element_type=\"widget\" data-widget_type=\"text-editor.default\">\n\t\t\t\t<div class=\"elementor-widget-container\">\n\t\t\t\t\t\t\t\t\t<p><strong><a href=\"http:\/\/redelog.rj.gov.br\/redecompras\/sistema_gesta_de_risco\/\">SISTEMA DE GEST\u00c3O DE RISCO\u00a0 \u2192<\/a><\/strong><\/p>\t\t\t\t\t\t\t\t<\/div>\n\t\t\t\t<\/div>\n\t\t\t\t\t<\/div>\n\t\t<\/div>\n\t\t\t\t\t<\/div>\n\t\t<\/section>\n\t\t\t\t<section class=\"elementor-section elementor-top-section elementor-element elementor-element-952b322 elementor-section-boxed elementor-section-height-default elementor-section-height-default wpr-particle-no wpr-jarallax-no wpr-parallax-no wpr-sticky-section-no\" data-id=\"952b322\" data-element_type=\"section\" data-settings=\"{&quot;jet_parallax_layout_list&quot;:[]}\">\n\t\t\t\t\t\t<div class=\"elementor-container elementor-column-gap-default\">\n\t\t\t\t\t<div class=\"elementor-column elementor-col-100 elementor-top-column elementor-element elementor-element-70ec3a8\" data-id=\"70ec3a8\" data-element_type=\"column\">\n\t\t\t<div class=\"elementor-widget-wrap elementor-element-populated\">\n\t\t\t\t\t\t<div class=\"elementor-element elementor-element-bcde1b3 elementor-widget elementor-widget-shortcode\" data-id=\"bcde1b3\" data-element_type=\"widget\" data-widget_type=\"shortcode.default\">\n\t\t\t\t<div class=\"elementor-widget-container\">\n\t\t\t\t\t\t\t<div class=\"elementor-shortcode\"><div class='printomatic pom-default ' id='id6595' alt='Imprimir' title='Imprimir' data-print_target='article'><\/div> <div class='printomatictext' id='id6595' alt='Imprimir' title='Imprimir' data-print_target='article'>Imprimir<\/div><div style='clear: both;'><\/div><\/div>\n\t\t\t\t\t\t<\/div>\n\t\t\t\t<\/div>\n\t\t\t\t\t<\/div>\n\t\t<\/div>\n\t\t\t\t\t<\/div>\n\t\t<\/section>\n\t\t\t\t<\/div>\n\t\t","protected":false},"excerpt":{"rendered":"<p>\u00a0O ETP Digital \u00e9 uma ferramenta 100% digital que busca promover inova\u00e7\u00e3o, planejamento integrado das compras, redu\u00e7\u00e3o de custos e transpar\u00eancia. As unidades de compras, em especial aquelas que atuam como requisitantes de bens ou servi\u00e7os ou como \u00e1rea t\u00e9cnica dos mais variados objetos contratados, por serem os respons\u00e1veis pela elabora\u00e7\u00e3o do referido estudo, dever\u00e3o ajustar suas rotinas internas de planejamento para plena utiliza\u00e7\u00e3o do Sistema ETP Digital em seus processos de aquisi\u00e7\u00e3o de bens e contrata\u00e7\u00e3o de servi\u00e7os e obras. O ETP, elaborado no pr\u00f3prio sistema, \u00e9 condi\u00e7\u00e3o obrigat\u00f3ria para a publica\u00e7\u00e3o de um edital no Compras.gov.br. Sendo assim, o ETP \u00e9 p\u00fablico a todos os \u00f3rg\u00e3os e entidades que utilizam o Compras.gov.br. O sistema constitui um banco de dados de estudos t\u00e9cnicos preliminares, de alcance nacional, e conta com ferramenta de busca por metadados para que os \u00f3rg\u00e3os e entidades pesquisem estudos preliminares voltados aos contratos de interesse, podendo import\u00e1-los para sua \u00e1rea de trabalho como ponto de partida para suas an\u00e1lises e edi\u00e7\u00f5es. O perfil ETP Digital est\u00e1 dispon\u00edvel no Sistema de Gest\u00e3o de Acesso \u2013 SGA, valendo para os ambientes de Produ\u00e7\u00e3o e Treinamento, e dever\u00e1 ser atribu\u00eddo aos usu\u00e1rios respons\u00e1veis por sua elabora\u00e7\u00e3o no sistema. O respons\u00e1vel pelos cadastros no \u00f3rg\u00e3o\/entidade (cadastrador parcial) \u00e9 quem marcar\u00e1 o perfil do usu\u00e1rio no SGA. Na pr\u00e1tica, cada institui\u00e7\u00e3o p\u00fablica que iniciar um processo de compra editar\u00e1 e preencher\u00e1 os documentos que embasam a an\u00e1lise t\u00e9cnica pr\u00e9via em uma plataforma \u00fanica: o Compras.gov.br As informa\u00e7\u00f5es inclu\u00eddas no sistema poder\u00e3o ser automaticamente visualizadas por todos os usu\u00e1rios da ferramenta. Com isso, ser\u00e1 ampliada a dissemina\u00e7\u00e3o de boas pr\u00e1ticas no setor p\u00fablico e haver\u00e1 mais transpar\u00eancia das a\u00e7\u00f5es, mitigando fraudes e corrup\u00e7\u00f5es nessa etapa da licita\u00e7\u00e3o. \u00c9 poss\u00edvel realizar consultas inteligentes em todos os campos do documento, bem como as informa\u00e7\u00f5es b\u00e1sicas, tais como: Respons\u00e1vel pela Edi\u00e7\u00e3o, N\u00famero do ETP, Descri\u00e7\u00e3o da Necessidade, Descri\u00e7\u00e3o da Solu\u00e7\u00e3o, dentre outros. Estudo T\u00e9cnico Preliminar (ETP) \u00e9 o documento que integra a fase de planejamento das contrata\u00e7\u00f5es p\u00fablicas e tem o objetivo de demonstrar a real necessidade da contrata\u00e7\u00e3o, analisar a viabilidade t\u00e9cnica de implement\u00e1-la, bem como instruir o arcabou\u00e7o b\u00e1sico para a elabora\u00e7\u00e3o do Termo de Refer\u00eancia ou Projeto B\u00e1sico. As se\u00e7\u00f5es do ETP Digital do Compras.gov.br s\u00e3o: Informa\u00e7\u00f5es B\u00e1sicas, Necessidade, Solu\u00e7\u00e3o, Planejamento, Viabilidade, Anexos. Em cada uma dessas se\u00e7\u00f5es \u00e9 poss\u00edvel criar campos, permitindo, assim, que o \u00f3rg\u00e3o\/entidade elabore um documento eficaz para sua contrata\u00e7\u00e3o. O webin\u00e1rio do Governo Federal para o lan\u00e7amento do ETP Digital pode ser consultado no link: https:\/\/www.youtube.com\/watch?v=6xWoR81g-2E&amp;ab_channel=MPStreaming O manual do ETP Digital do Governo Federal pode ser consultado no link: https:\/\/www.gov.br\/compras\/pt-br\/sistemas\/conheca-o-compras\/estudos-tecnicos-preliminares-etp-1 Os t\u00edtulos dos campos criados est\u00e3o orientados no Guia de Preenchimento do ETP Digital, que deve ser consultado no Portal da Redelog. Para utilizar a ferramenta em ambiente de treinamento, o usu\u00e1rio deve fazer login no ambiente de treinamento do\u00a0https:\/\/www.gov.br\/compras\/pt-br Perguntas e Respostas: elabora\u00e7\u00e3o do ETP Digital no Sistema Compras.gov.br 1. Como acessar o ETP Digital? O usu\u00e1rio dever\u00e1 acessar o Sistema ETP Digital no Compras.gov.br por meio do link: https:\/\/www.comprasnet.gov.br\/seguro\/loginPortal.asp] Passo 1. Preencha os campos conforme a seguir: Passo 2. Ao acessar a \u00c1rea de Trabalho do Compras.gov.br, selecione a op\u00e7\u00e3o ETP Estudo T\u00e9cnico Preliminar: 2. Como pesquisar um ETP e realizar consultas sobre um ETP? Para pesquisar um ETP, informe o termo de busca no campo Termo a ser pesquisado. \u00c9 poss\u00edvel realizar consultas inteligentes em todos os campos do documento, bem como as informa\u00e7\u00f5es b\u00e1sicas, tais como: Respons\u00e1vel pela Edi\u00e7\u00e3o, N\u00famero do ETP, Descri\u00e7\u00e3o da Necessidade, Descri\u00e7\u00e3o da Solu\u00e7\u00e3o, dentre outros. Para isso, basta informar um texto de no m\u00ednimo 3 (tr\u00eas) caracteres para que o sistema fa\u00e7a a pesquisa em toda a base de dados. O resultado da busca aparece na lista de campos j\u00e1 existente e pode ser ordenada pela coluna de sua prefer\u00eancia. \u00a0 3. Quais a\u00e7\u00f5es o usu\u00e1rio poder\u00e1 executar na p\u00e1gina inicial do ETP Digital? Na p\u00e1gina inicial do ETP, o usu\u00e1rio poder\u00e1 pesquisar, editar, excluir, criar um novo ou criar um ETP baseado em um j\u00e1 existente. Para isso, basta acionar os \u00edcones na coluna A\u00e7\u00f5es. OBS: a a\u00e7\u00e3o publicar s\u00f3 ser\u00e1 mostrada quando, na coluna Status (primeira figura), o processo constar como conclu\u00eddo. A\u00e7\u00f5es: 4. Como criar um novo ETP Digital? Ap\u00f3s fazer o login no Compras.gov.br e selecionar o \u00edcone do ETP na \u00c1rea de Trabalho, o usu\u00e1rio dever\u00e1 clicar no bot\u00e3o + Criar e depois em Criar novo ETP:\u00a0\u00a0\u00a0 \u00a0\u00a0\u00a0\u00a0\u00a0\u00a0\u00a0\u00a0\u00a0\u00a0\u00a0\u00a0\u00a0\u00a0\u00a0\u00a0\u00a0\u00a0 5. Quais s\u00e3o as se\u00e7\u00f5es disponibilizadas no artefato ETP Digital? As se\u00e7\u00f5es que o sistema apresenta s\u00e3o: Informa\u00e7\u00f5es B\u00e1sicas, Necessidade, Solu\u00e7\u00e3o, Planejamento, Viabilidade e Anexos. 6. O sistema permite a cria\u00e7\u00e3o de novos campos? Sim, no ETP Digital \u00e9 poss\u00edvel criar novos campos dentro das se\u00e7\u00f5es do sistema. Na Base de Conhecimento da Redelog consulte o guia de orienta\u00e7\u00e3o para o preenchimento do ETP. L\u00e1 est\u00e3o relacionados os campos, e demais orienta\u00e7\u00f5es, que o servidor do Estado do Rio de Janeiro deve adotar. Veja nas telas seguintes como preencher o ETP e criar campo. Na se\u00e7\u00e3o Informa\u00e7\u00f5es B\u00e1sicas, completar o Campo 1 &#8211; Informa\u00e7\u00f5es Gerais: Criar campo: No exemplo abaixo, o Campo 2 foi criado com o nome aleat\u00f3rio de Informa\u00e7\u00f5es Adicionais (os t\u00edtulos dos campos a serem criados est\u00e3o relacionados no Guia de Preenchimento do ETP Digital, que pode ser consultado na Base de Conhecimento da Redelog). \u00a0 \u00a0 7. Como \u00e9 realizado o preenchimento dos campos no ETP Digital? Abaixo seguem os passos de como \u00e9 feito o preenchimento, bem como s\u00e3o apresentadas algumas fun\u00e7\u00f5es destacadas nas telas do ETP. Os campos mostrados a seguir s\u00e3o os que constam no artefato digital. Os campos que devem ser criados est\u00e3o relacionados no Guia de Preenchimento do ETP Digital que est\u00e1 para consulta na Base de Conhecimento da Redelog. Na se\u00e7\u00e3o Necessidade, veja o Campo 3 &#8211; Descri\u00e7\u00e3o da necessidade: a descri\u00e7\u00e3o deve ser digitada no Word disponibilizado na tela. Campo 4 &#8211; \u00c1rea Requisitante: Campo 5 &#8211; Descri\u00e7\u00e3o dos Requisitos da Contrata\u00e7\u00e3o: Se\u00e7\u00e3o Solu\u00e7\u00e3o, Campo 6 &#8211; Levantamento de Mercado: Demais se\u00e7\u00f5es<\/p>\n","protected":false},"author":1,"featured_media":0,"comment_status":"closed","ping_status":"open","sticky":false,"template":"","format":"standard","meta":{"footnotes":""},"categories":[40],"tags":[],"class_list":["post-2510","post","type-post","status-publish","format-standard","hentry","category-base-conhecimento"],"_links":{"self":[{"href":"https:\/\/redelog.rj.gov.br\/redecompras\/wp-json\/wp\/v2\/posts\/2510","targetHints":{"allow":["GET"]}}],"collection":[{"href":"https:\/\/redelog.rj.gov.br\/redecompras\/wp-json\/wp\/v2\/posts"}],"about":[{"href":"https:\/\/redelog.rj.gov.br\/redecompras\/wp-json\/wp\/v2\/types\/post"}],"author":[{"embeddable":true,"href":"https:\/\/redelog.rj.gov.br\/redecompras\/wp-json\/wp\/v2\/users\/1"}],"replies":[{"embeddable":true,"href":"https:\/\/redelog.rj.gov.br\/redecompras\/wp-json\/wp\/v2\/comments?post=2510"}],"version-history":[{"count":95,"href":"https:\/\/redelog.rj.gov.br\/redecompras\/wp-json\/wp\/v2\/posts\/2510\/revisions"}],"predecessor-version":[{"id":8414,"href":"https:\/\/redelog.rj.gov.br\/redecompras\/wp-json\/wp\/v2\/posts\/2510\/revisions\/8414"}],"wp:attachment":[{"href":"https:\/\/redelog.rj.gov.br\/redecompras\/wp-json\/wp\/v2\/media?parent=2510"}],"wp:term":[{"taxonomy":"category","embeddable":true,"href":"https:\/\/redelog.rj.gov.br\/redecompras\/wp-json\/wp\/v2\/categories?post=2510"},{"taxonomy":"post_tag","embeddable":true,"href":"https:\/\/redelog.rj.gov.br\/redecompras\/wp-json\/wp\/v2\/tags?post=2510"}],"curies":[{"name":"wp","href":"https:\/\/api.w.org\/{rel}","templated":true}]}}