{"id":2508,"date":"2022-02-02T14:43:24","date_gmt":"2022-02-02T17:43:24","guid":{"rendered":"http:\/\/redelog.rj.gov.br\/redecompras\/?p=2508"},"modified":"2023-10-09T15:25:08","modified_gmt":"2023-10-09T18:25:08","slug":"sei","status":"publish","type":"post","link":"https:\/\/redelog.rj.gov.br\/redecompras\/sei\/","title":{"rendered":"Sistema Eletr\u00f4nico de Informa\u00e7\u00f5es &#8211; SEI-RJ"},"content":{"rendered":"\t\t<div data-elementor-type=\"wp-post\" data-elementor-id=\"2508\" class=\"elementor elementor-2508\" data-elementor-post-type=\"post\">\n\t\t\t\t\t\t<section class=\"elementor-section elementor-top-section elementor-element elementor-element-9f7c2fd elementor-section-boxed elementor-section-height-default elementor-section-height-default wpr-particle-no wpr-jarallax-no wpr-parallax-no wpr-sticky-section-no\" data-id=\"9f7c2fd\" data-element_type=\"section\" data-settings=\"{&quot;jet_parallax_layout_list&quot;:[]}\">\n\t\t\t\t\t\t<div class=\"elementor-container elementor-column-gap-default\">\n\t\t\t\t\t<div class=\"elementor-column elementor-col-100 elementor-top-column elementor-element elementor-element-3ce3b68\" data-id=\"3ce3b68\" data-element_type=\"column\">\n\t\t\t<div class=\"elementor-widget-wrap elementor-element-populated\">\n\t\t\t\t\t\t<div class=\"elementor-element elementor-element-e008cc8 elementor-widget-divider--view-line elementor-widget elementor-widget-divider\" data-id=\"e008cc8\" data-element_type=\"widget\" data-widget_type=\"divider.default\">\n\t\t\t\t<div class=\"elementor-widget-container\">\n\t\t\t\t\t\t\t<div class=\"elementor-divider\">\n\t\t\t<span class=\"elementor-divider-separator\">\n\t\t\t\t\t\t<\/span>\n\t\t<\/div>\n\t\t\t\t\t\t<\/div>\n\t\t\t\t<\/div>\n\t\t\t\t<div class=\"elementor-element elementor-element-21c88df elementor-widget elementor-widget-text-editor\" data-id=\"21c88df\" data-element_type=\"widget\" data-widget_type=\"text-editor.default\">\n\t\t\t\t<div class=\"elementor-widget-container\">\n\t\t\t\t\t\t\t\t\t<p style=\"text-align: justify;\"><img decoding=\"async\" class=\"alignleft wp-image-6267 size-full\" src=\"http:\/\/redelog.rj.gov.br\/redecompras\/wp-content\/uploads\/2022\/05\/SEI.RJ_.jpg\" alt=\"\" width=\"113\" height=\"43\" \/>O Sei-RJ \u00e9 um sistema de gest\u00e3o de processos administrativos e documentos eletr\u00f4nicos. \u00c9 uma ferramenta que permite a produ\u00e7\u00e3o, edi\u00e7\u00e3o, assinatura e tr\u00e2mite de documentos dentro do pr\u00f3prio sistema, proporcionando a virtualiza\u00e7\u00e3o de processos e documentos, permitindo atua\u00e7\u00e3o simult\u00e2nea de v\u00e1rias unidades ao mesmo tempo em um mesmo processo, ainda que distantes fisicamente, reduzindo o tempo de realiza\u00e7\u00e3o das atividades.<\/p><p style=\"text-align: justify;\">\u00c9 100% Web e pode ser acessado por meio dos principais navegadores do mercado. O acesso ao sistema Sei-RJ se d\u00e1 por meio do endere\u00e7o: <a href=\"http:\/\/www.fazenda.rj.gov.br\/sei\/\" target=\"_blank\" rel=\"noopener\">http:\/\/www.fazenda.rj.gov.br\/sei\/<\/a><\/p><p style=\"text-align: justify;\">No Sei-RJ existem <strong>dois tipos de<\/strong> <strong>usu\u00e1rios<\/strong>:<\/p><ul><li style=\"text-align: justify;\"><strong>Usu\u00e1rios Internos<\/strong> \u2013 servidores e pessoas f\u00edsicas que mantenham rela\u00e7\u00e3o contratual com o Estado do Rio de Janeiro.<\/li><li style=\"text-align: justify;\"><strong>Usu\u00e1rios Externos<\/strong> \u2013 pessoas f\u00edsicas que n\u00e3o integrem a Administra\u00e7\u00e3o P\u00fablica Estadual, mas que sejam interessadas no processo administrativo, podendo assim ter acesso ao conte\u00fado do processo e\/ou ter permiss\u00e3o para assinar determinados documentos.<img decoding=\"async\" class=\"aligncenter wp-image-6246 size-full\" src=\"http:\/\/redelog.rj.gov.br\/redecompras\/wp-content\/uploads\/2022\/05\/SEI-1.jpg\" alt=\"\" width=\"563\" height=\"64\" srcset=\"https:\/\/redelog.rj.gov.br\/redecompras\/wp-content\/uploads\/2022\/05\/SEI-1.jpg 563w, https:\/\/redelog.rj.gov.br\/redecompras\/wp-content\/uploads\/2022\/05\/SEI-1-300x34.jpg 300w\" sizes=\"(max-width: 563px) 100vw, 563px\" \/><br \/><p style=\"text-align: justify;\">Importante destacar que, dentre as fases do processo de licita\u00e7\u00e3o elencadas nos artigos 17 e 18 da Nova Lei de Licita\u00e7\u00f5es e Contratos Administrativos (Lei 14.133\/21), para a <strong>fase preparat\u00f3ria\/interna <\/strong>ser\u00e3o disponibilizados na <strong>Base de Conhecimento do Portal da REDELOG<\/strong> os modelos dos documentos dessa fase e seus respectivos guias de preenchimento\/elabora\u00e7\u00e3o.<\/p><p style=\"text-align: justify;\">O artigo 17 trata do processo de licita\u00e7\u00e3o, que deve observar as seguintes fases: <strong>I &#8211; preparat\u00f3ria<\/strong>; II &#8211; de divulga\u00e7\u00e3o do edital de licita\u00e7\u00e3o; III &#8211; de apresenta\u00e7\u00e3o de propostas e lances, quando for o caso; IV &#8211; de julgamento; V &#8211; de habilita\u00e7\u00e3o; VI &#8211; recursal; e VII &#8211; de homologa\u00e7\u00e3o.<\/p><p style=\"text-align: justify;\">O artigo 18 trata da <strong>fase preparat\u00f3ria<\/strong>.<\/p><p style=\"text-align: justify;\">Importante destacar tamb\u00e9m que o modelo do documento da fase preparat\u00f3ria deve ser utilizado conforme a modalidade ou tipo de compra direta.<\/p><p style=\"text-align: justify;\">Para a elabora\u00e7\u00e3o do <strong>Estudo T\u00e9cnico Preliminar \u2013 ETP <\/strong>e da <strong>Matriz de Riscos<\/strong>, devemos utilizar os artefatos digitais disponibilizadas no Compras.gov.br, que s\u00e3o o <strong>ETP Digital <\/strong>e a <strong>Matriz de Riscos Digital<\/strong>.<\/p><p style=\"text-align: justify;\">Para esses, tamb\u00e9m estar\u00e3o disponibilizados na Base de Conhecimento do <strong>Portal da REDELOG <\/strong>os respectivos guias orientando o seu preenchimento no sistema Compras.gov.br.<\/p><\/li><\/ul>\t\t\t\t\t\t\t\t<\/div>\n\t\t\t\t<\/div>\n\t\t\t\t<div class=\"elementor-element elementor-element-6d67878 elementor-widget elementor-widget-heading\" data-id=\"6d67878\" data-element_type=\"widget\" data-widget_type=\"heading.default\">\n\t\t\t\t<div class=\"elementor-widget-container\">\n\t\t\t\t\t<h2 class=\"elementor-heading-title elementor-size-large\">Perguntas e Respostas: Utiliza\u00e7\u00e3o do SEI-RJ nos Processos de Contrata\u00e7\u00e3o<\/h2>\t\t\t\t<\/div>\n\t\t\t\t<\/div>\n\t\t\t\t<div class=\"elementor-element elementor-element-20422ac elementor-widget elementor-widget-toggle\" data-id=\"20422ac\" data-element_type=\"widget\" data-widget_type=\"toggle.default\">\n\t\t\t\t<div class=\"elementor-widget-container\">\n\t\t\t\t\t\t\t<div class=\"elementor-toggle\">\n\t\t\t\t\t\t\t<div class=\"elementor-toggle-item\">\n\t\t\t\t\t<div id=\"elementor-tab-title-3381\" class=\"elementor-tab-title\" data-tab=\"1\" role=\"button\" aria-controls=\"elementor-tab-content-3381\" aria-expanded=\"false\">\n\t\t\t\t\t\t\t\t\t\t\t\t<span class=\"elementor-toggle-icon elementor-toggle-icon-left\" aria-hidden=\"true\">\n\t\t\t\t\t\t\t\t\t\t\t\t\t\t\t<span class=\"elementor-toggle-icon-closed\"><i class=\"fas fa-caret-right\"><\/i><\/span>\n\t\t\t\t\t\t\t\t<span class=\"elementor-toggle-icon-opened\"><i class=\"elementor-toggle-icon-opened fas fa-caret-up\"><\/i><\/span>\n\t\t\t\t\t\t\t\t\t\t\t\t\t<\/span>\n\t\t\t\t\t\t\t\t\t\t\t\t<a class=\"elementor-toggle-title\" tabindex=\"0\">1. Como acessar o Sistema Sei-RJ?<\/a>\n\t\t\t\t\t<\/div>\n\n\t\t\t\t\t<div id=\"elementor-tab-content-3381\" class=\"elementor-tab-content elementor-clearfix\" data-tab=\"1\" role=\"region\" aria-labelledby=\"elementor-tab-title-3381\"><p style=\"text-align: justify;\">Atrav\u00e9s do endere\u00e7o <a href=\"http:\/\/www.fazenda.rj.gov.br\/sei\/\" target=\"_blank\" rel=\"noopener\">http:\/\/www.fazenda.rj.gov.br\/sei\/<\/a><\/p><p style=\"text-align: justify;\">Passo 1. Preencha os campos:<\/p><ul><li style=\"text-align: justify;\"><strong>Usu\u00e1rio<\/strong> (nome de usu\u00e1rio da rede, ou nome de usu\u00e1rio informado no momento do cadastro do usu\u00e1rio)<\/li><li style=\"text-align: justify;\"><strong>Senha<\/strong> (senha da rede, ou senha informada no momento do cadastro do usu\u00e1rio)<\/li><li style=\"text-align: justify;\"><strong>\u00d3rg\u00e3o <\/strong>(selecionar o \u00f3rg\u00e3o onde trabalha)<\/li><li style=\"text-align: justify;\">Clicar em<strong> Acessar<\/strong><img fetchpriority=\"high\" decoding=\"async\" class=\"aligncenter wp-image-6247 size-full\" src=\"http:\/\/redelog.rj.gov.br\/redecompras\/wp-content\/uploads\/2022\/05\/SEI-2.jpg\" alt=\"\" width=\"474\" height=\"166\" srcset=\"https:\/\/redelog.rj.gov.br\/redecompras\/wp-content\/uploads\/2022\/05\/SEI-2.jpg 474w, https:\/\/redelog.rj.gov.br\/redecompras\/wp-content\/uploads\/2022\/05\/SEI-2-300x105.jpg 300w\" sizes=\"(max-width: 474px) 100vw, 474px\" \/><p style=\"text-align: justify;\">\u00a0<\/p><p style=\"text-align: justify;\">Passo 2. No menu, selecione <strong>Iniciar Processo<\/strong> para iniciar um processo:<\/p><p><img loading=\"lazy\" decoding=\"async\" class=\"aligncenter wp-image-6248 size-full\" src=\"http:\/\/redelog.rj.gov.br\/redecompras\/wp-content\/uploads\/2022\/05\/SEI-3.jpg\" alt=\"\" width=\"230\" height=\"367\" srcset=\"https:\/\/redelog.rj.gov.br\/redecompras\/wp-content\/uploads\/2022\/05\/SEI-3.jpg 230w, https:\/\/redelog.rj.gov.br\/redecompras\/wp-content\/uploads\/2022\/05\/SEI-3-188x300.jpg 188w\" sizes=\"(max-width: 230px) 100vw, 230px\" \/><\/p><p>Passo 3. Escolha o <strong>Tipo de Processo<\/strong> que deseja iniciar:<\/p><p><img loading=\"lazy\" decoding=\"async\" class=\"aligncenter wp-image-6249 size-full\" src=\"http:\/\/redelog.rj.gov.br\/redecompras\/wp-content\/uploads\/2022\/05\/SEI-4.jpg\" alt=\"\" width=\"424\" height=\"278\" srcset=\"https:\/\/redelog.rj.gov.br\/redecompras\/wp-content\/uploads\/2022\/05\/SEI-4.jpg 424w, https:\/\/redelog.rj.gov.br\/redecompras\/wp-content\/uploads\/2022\/05\/SEI-4-300x197.jpg 300w\" sizes=\"(max-width: 424px) 100vw, 424px\" \/><\/p><\/li><\/ul><\/div>\n\t\t\t\t<\/div>\n\t\t\t\t\t\t\t<div class=\"elementor-toggle-item\">\n\t\t\t\t\t<div id=\"elementor-tab-title-3382\" class=\"elementor-tab-title\" data-tab=\"2\" role=\"button\" aria-controls=\"elementor-tab-content-3382\" aria-expanded=\"false\">\n\t\t\t\t\t\t\t\t\t\t\t\t<span class=\"elementor-toggle-icon elementor-toggle-icon-left\" aria-hidden=\"true\">\n\t\t\t\t\t\t\t\t\t\t\t\t\t\t\t<span class=\"elementor-toggle-icon-closed\"><i class=\"fas fa-caret-right\"><\/i><\/span>\n\t\t\t\t\t\t\t\t<span class=\"elementor-toggle-icon-opened\"><i class=\"elementor-toggle-icon-opened fas fa-caret-up\"><\/i><\/span>\n\t\t\t\t\t\t\t\t\t\t\t\t\t<\/span>\n\t\t\t\t\t\t\t\t\t\t\t\t<a class=\"elementor-toggle-title\" tabindex=\"0\">2. Al\u00e9m dos documentos da fase preparat\u00f3ria, quais outros documentos tamb\u00e9m devem ser inseridos no Sei-RJ?<\/a>\n\t\t\t\t\t<\/div>\n\n\t\t\t\t\t<div id=\"elementor-tab-content-3382\" class=\"elementor-tab-content elementor-clearfix\" data-tab=\"2\" role=\"region\" aria-labelledby=\"elementor-tab-title-3382\"><p style=\"text-align: justify;\">Passo 1. <strong>Documentos gerados no sistema Compras.gov.br: <\/strong><\/p><ul style=\"text-align: justify;\"><li>Rela\u00e7\u00e3o de itens cadastrados na Divulga\u00e7\u00e3o de Compras<\/li><li>Aviso de Compra Direta ou Preg\u00e3o e demais modalidades, al\u00e9m da publica\u00e7\u00e3o no PNCP (Portal Nacional de Compras P\u00fablicas)<\/li><\/ul><ul style=\"text-align: justify;\"><li>Eventuais impugna\u00e7\u00f5es\/ pedidos de esclarecimentos do edital<\/li><li>Proposta e anexos, habilita\u00e7\u00e3o, relat\u00f3rio da dispensa<\/li><li>Ata da sess\u00e3o p\u00fablica, Ata de Adjudica\u00e7\u00e3o, Ata de Homologa\u00e7\u00e3o<\/li><li>Recurso<strong>\u00a0 \u00a0\u00a0<\/strong><\/li><\/ul><p style=\"text-align: justify;\">Passo 2. <strong>Documentos gerados no sistema Contratos.RJ:<\/strong><\/p><ul style=\"text-align: justify;\"><li>Nota de Autoriza\u00e7\u00e3o da Despesa \u2013 Nad<\/li><li>Publica\u00e7\u00e3o no Portal Nacional de Compras P\u00fablicas \u2013 PNCP<\/li><\/ul><p style=\"text-align: justify;\">Passo 3. <strong>Documentos gerados no sistema SIAFE-Rio:<\/strong><\/p><ul style=\"text-align: justify;\"><li>Nota de Empenho \u2013 NE<\/li><li>Nota de Liquida\u00e7\u00e3o \u2013 NL<\/li><li>Programa\u00e7\u00e3o de Desembolso \u2013 PD<\/li><\/ul><p style=\"text-align: justify;\">Passo 4. <strong>Outros documentos:<\/strong><\/p><ul><li style=\"text-align: justify;\">Nota Fiscal do fornecedor e documentos complementares<\/li><li style=\"text-align: justify;\">Termo de Contrato<\/li><li style=\"text-align: justify;\">Termos Aditivos<\/li><li style=\"text-align: justify;\">Apostilamentos<\/li><\/ul><p><strong>\u00a0<\/strong><\/p><\/div>\n\t\t\t\t<\/div>\n\t\t\t\t\t\t\t<div class=\"elementor-toggle-item\">\n\t\t\t\t\t<div id=\"elementor-tab-title-3383\" class=\"elementor-tab-title\" data-tab=\"3\" role=\"button\" aria-controls=\"elementor-tab-content-3383\" aria-expanded=\"false\">\n\t\t\t\t\t\t\t\t\t\t\t\t<span class=\"elementor-toggle-icon elementor-toggle-icon-left\" aria-hidden=\"true\">\n\t\t\t\t\t\t\t\t\t\t\t\t\t\t\t<span class=\"elementor-toggle-icon-closed\"><i class=\"fas fa-caret-right\"><\/i><\/span>\n\t\t\t\t\t\t\t\t<span class=\"elementor-toggle-icon-opened\"><i class=\"elementor-toggle-icon-opened fas fa-caret-up\"><\/i><\/span>\n\t\t\t\t\t\t\t\t\t\t\t\t\t<\/span>\n\t\t\t\t\t\t\t\t\t\t\t\t<a class=\"elementor-toggle-title\" tabindex=\"0\">3. Como utilizar o Sei-RJ para processo que tenha um \u00fanico fornecedor contratado?<\/a>\n\t\t\t\t\t<\/div>\n\n\t\t\t\t\t<div id=\"elementor-tab-content-3383\" class=\"elementor-tab-content elementor-clearfix\" data-tab=\"3\" role=\"region\" aria-labelledby=\"elementor-tab-title-3383\"><p style=\"text-align: justify;\">Na cria\u00e7\u00e3o de um <strong>processo<\/strong> relativo a uma licita\u00e7\u00e3o ou compra direta <strong>que tenha um \u00fanico fornecedor contratado<\/strong>, o usu\u00e1rio dever\u00e1 utilizar esse mesmo processo para realizar a execu\u00e7\u00e3o da despesa, inclusive se o pagamento for parcelado.<\/p><p style=\"text-align: justify;\">No processo dever\u00e3o ser inseridos todos os documentos da execu\u00e7\u00e3o da despesa (notas fiscais, c\u00f3pias de notas de empenho, liquida\u00e7\u00f5es e pagamentos).<\/p><\/div>\n\t\t\t\t<\/div>\n\t\t\t\t\t\t\t<div class=\"elementor-toggle-item\">\n\t\t\t\t\t<div id=\"elementor-tab-title-3384\" class=\"elementor-tab-title\" data-tab=\"4\" role=\"button\" aria-controls=\"elementor-tab-content-3384\" aria-expanded=\"false\">\n\t\t\t\t\t\t\t\t\t\t\t\t<span class=\"elementor-toggle-icon elementor-toggle-icon-left\" aria-hidden=\"true\">\n\t\t\t\t\t\t\t\t\t\t\t\t\t\t\t<span class=\"elementor-toggle-icon-closed\"><i class=\"fas fa-caret-right\"><\/i><\/span>\n\t\t\t\t\t\t\t\t<span class=\"elementor-toggle-icon-opened\"><i class=\"elementor-toggle-icon-opened fas fa-caret-up\"><\/i><\/span>\n\t\t\t\t\t\t\t\t\t\t\t\t\t<\/span>\n\t\t\t\t\t\t\t\t\t\t\t\t<a class=\"elementor-toggle-title\" tabindex=\"0\">4. Como utilizar o Sei-RJ para processo que tenha mais de um fornecedor contratado?<\/a>\n\t\t\t\t\t<\/div>\n\n\t\t\t\t\t<div id=\"elementor-tab-content-3384\" class=\"elementor-tab-content elementor-clearfix\" data-tab=\"4\" role=\"region\" aria-labelledby=\"elementor-tab-title-3384\"><p style=\"text-align: justify;\">No caso de <strong>processo que tenha mais de um fornecedor<\/strong>, o usu\u00e1rio dever\u00e1 criar um processo para cada contrata\u00e7\u00e3o\/fornecedor com um documento inicial, onde devem constar a refer\u00eancia ao n\u00famero do processo original da licita\u00e7\u00e3o\/compra direta (processo m\u00e3e) e o despacho de encaminhamento \u00e0 autoridade que assinar\u00e1 o Termo de Contrato.<\/p><p style=\"text-align: justify;\">A esse processo poder\u00e3o <strong>ser apensados<\/strong> um ou mais processos de pagamento, de acordo com a conveni\u00eancia do \u00f3rg\u00e3o\/entidade e das caracter\u00edsticas da contrata\u00e7\u00e3o.<\/p><ul style=\"text-align: justify;\"><li>A <strong>apensa\u00e7\u00e3o de processos<\/strong> dever\u00e1 ser realizada atrav\u00e9s da funcionalidade <strong>Relacionar Processos<\/strong>.<\/li><li>A funcionalidade de <strong>relacionamento de processos<\/strong> permitir\u00e1 que os processos relacionados continuem com sua tramita\u00e7\u00e3o independente.<\/li><\/ul><p style=\"text-align: justify;\">O usu\u00e1rio que estiver analisando um processo que esteja relacionado a outro dever\u00e1 conferir periodicamente as a\u00e7\u00f5es tomadas no processo relacionado com a finalidade de assegurar a uniformidade de tratamento pretendida.<\/p><\/div>\n\t\t\t\t<\/div>\n\t\t\t\t\t\t\t<div class=\"elementor-toggle-item\">\n\t\t\t\t\t<div id=\"elementor-tab-title-3385\" class=\"elementor-tab-title\" data-tab=\"5\" role=\"button\" aria-controls=\"elementor-tab-content-3385\" aria-expanded=\"false\">\n\t\t\t\t\t\t\t\t\t\t\t\t<span class=\"elementor-toggle-icon elementor-toggle-icon-left\" aria-hidden=\"true\">\n\t\t\t\t\t\t\t\t\t\t\t\t\t\t\t<span class=\"elementor-toggle-icon-closed\"><i class=\"fas fa-caret-right\"><\/i><\/span>\n\t\t\t\t\t\t\t\t<span class=\"elementor-toggle-icon-opened\"><i class=\"elementor-toggle-icon-opened fas fa-caret-up\"><\/i><\/span>\n\t\t\t\t\t\t\t\t\t\t\t\t\t<\/span>\n\t\t\t\t\t\t\t\t\t\t\t\t<a class=\"elementor-toggle-title\" tabindex=\"0\">5. Quando utilizar a funcionalidade Texto Padr\u00e3o no Sei-RJ? <\/a>\n\t\t\t\t\t<\/div>\n\n\t\t\t\t\t<div id=\"elementor-tab-content-3385\" class=\"elementor-tab-content elementor-clearfix\" data-tab=\"5\" role=\"region\" aria-labelledby=\"elementor-tab-title-3385\"><p style=\"text-align: justify;\">Se, por exemplo, houver um texto que seja recorrente em documentos de diversos processos de sua unidade, voc\u00ea pode otimizar o trabalho usando essa funcionalidade.<\/p><p style=\"text-align: justify;\">Passo 1. Para come\u00e7ar, selecione essa op\u00e7\u00e3o no <strong>menu principal<\/strong>:<\/p><p><img loading=\"lazy\" decoding=\"async\" class=\"aligncenter wp-image-6250 size-full\" src=\"http:\/\/redelog.rj.gov.br\/redecompras\/wp-content\/uploads\/2022\/05\/SEI-5.jpg\" alt=\"\" width=\"395\" height=\"320\" srcset=\"https:\/\/redelog.rj.gov.br\/redecompras\/wp-content\/uploads\/2022\/05\/SEI-5.jpg 395w, https:\/\/redelog.rj.gov.br\/redecompras\/wp-content\/uploads\/2022\/05\/SEI-5-300x243.jpg 300w\" sizes=\"(max-width: 395px) 100vw, 395px\" \/><\/p><p style=\"text-align: justify;\">Passo 2. Na janela de textos padr\u00e3o de sua unidade, clique em <strong>Novo<\/strong> para <strong>criar<\/strong> um <strong>Texto Padr\u00e3o<\/strong>:<\/p><p><img loading=\"lazy\" decoding=\"async\" class=\"aligncenter wp-image-6251 size-full\" src=\"http:\/\/redelog.rj.gov.br\/redecompras\/wp-content\/uploads\/2022\/05\/SEI-6.jpg\" alt=\"\" width=\"388\" height=\"95\" srcset=\"https:\/\/redelog.rj.gov.br\/redecompras\/wp-content\/uploads\/2022\/05\/SEI-6.jpg 388w, https:\/\/redelog.rj.gov.br\/redecompras\/wp-content\/uploads\/2022\/05\/SEI-6-300x73.jpg 300w\" sizes=\"(max-width: 388px) 100vw, 388px\" \/><\/p><p style=\"text-align: justify;\">Passo 3. A seguir, o sistema abrir\u00e1 o <strong>editor de texto <\/strong>para que voc\u00ea crie e edite livremente o conte\u00fado do texto-padr\u00e3o. Informe o nome, a descri\u00e7\u00e3o e o conte\u00fado do texto. Ao final, clique em <strong>Salvar<\/strong>:<\/p><p><img loading=\"lazy\" decoding=\"async\" class=\"aligncenter wp-image-6252 size-full\" src=\"http:\/\/redelog.rj.gov.br\/redecompras\/wp-content\/uploads\/2022\/05\/SEI-7.jpg\" alt=\"\" width=\"622\" height=\"333\" srcset=\"https:\/\/redelog.rj.gov.br\/redecompras\/wp-content\/uploads\/2022\/05\/SEI-7.jpg 622w, https:\/\/redelog.rj.gov.br\/redecompras\/wp-content\/uploads\/2022\/05\/SEI-7-300x161.jpg 300w, https:\/\/redelog.rj.gov.br\/redecompras\/wp-content\/uploads\/2022\/05\/SEI-7-600x321.jpg 600w\" sizes=\"(max-width: 622px) 100vw, 622px\" \/><\/p><p style=\"text-align: justify;\"><strong>OBS:<\/strong> o texto padr\u00e3o que voc\u00ea criou passa a estar listado nos textos da unidade. Voc\u00ea pode edit\u00e1-lo ou exclu\u00ed-lo.<\/p><\/div>\n\t\t\t\t<\/div>\n\t\t\t\t\t\t\t<div class=\"elementor-toggle-item\">\n\t\t\t\t\t<div id=\"elementor-tab-title-3386\" class=\"elementor-tab-title\" data-tab=\"6\" role=\"button\" aria-controls=\"elementor-tab-content-3386\" aria-expanded=\"false\">\n\t\t\t\t\t\t\t\t\t\t\t\t<span class=\"elementor-toggle-icon elementor-toggle-icon-left\" aria-hidden=\"true\">\n\t\t\t\t\t\t\t\t\t\t\t\t\t\t\t<span class=\"elementor-toggle-icon-closed\"><i class=\"fas fa-caret-right\"><\/i><\/span>\n\t\t\t\t\t\t\t\t<span class=\"elementor-toggle-icon-opened\"><i class=\"elementor-toggle-icon-opened fas fa-caret-up\"><\/i><\/span>\n\t\t\t\t\t\t\t\t\t\t\t\t\t<\/span>\n\t\t\t\t\t\t\t\t\t\t\t\t<a class=\"elementor-toggle-title\" tabindex=\"0\">6. No que consiste a funcionalidade Documento Modelo no Sei-RJ? <\/a>\n\t\t\t\t\t<\/div>\n\n\t\t\t\t\t<div id=\"elementor-tab-content-3386\" class=\"elementor-tab-content elementor-clearfix\" data-tab=\"6\" role=\"region\" aria-labelledby=\"elementor-tab-title-3386\"><p style=\"text-align: justify;\">Consiste numa c\u00f3pia de um documento inteiro, com todas as suas se\u00e7\u00f5es, como o ETP \u2013 Digital ou a Matriz de Riscos Digital, por exemplo.<\/p><p style=\"text-align: justify;\">Passo 1. Para come\u00e7ar, selecione a op\u00e7\u00e3o <strong>Modelos Favoritos<\/strong> no <strong>menu principal<\/strong>:<\/p><p><img loading=\"lazy\" decoding=\"async\" class=\"aligncenter wp-image-6253 size-full\" src=\"http:\/\/redelog.rj.gov.br\/redecompras\/wp-content\/uploads\/2022\/05\/SEI-8.jpg\" alt=\"\" width=\"443\" height=\"356\" srcset=\"https:\/\/redelog.rj.gov.br\/redecompras\/wp-content\/uploads\/2022\/05\/SEI-8.jpg 443w, https:\/\/redelog.rj.gov.br\/redecompras\/wp-content\/uploads\/2022\/05\/SEI-8-300x241.jpg 300w\" sizes=\"(max-width: 443px) 100vw, 443px\" \/><\/p><p style=\"text-align: justify;\">Passo 2. <strong>Criando um grupo de modelos: <\/strong>como o <strong>Documento Modelo<\/strong> \u00e9 simplesmente um documento que j\u00e1 existe e deve ser replicado, voc\u00ea deve apenas criar um <strong>Grupo de Modelos <\/strong>e incluir os documentos nesse grupo. Para come\u00e7ar, clique em <strong>Grupos<\/strong>:<\/p><p><img loading=\"lazy\" decoding=\"async\" class=\"aligncenter wp-image-6254 size-full\" src=\"http:\/\/redelog.rj.gov.br\/redecompras\/wp-content\/uploads\/2022\/05\/SEI-9.jpg\" alt=\"\" width=\"597\" height=\"125\" srcset=\"https:\/\/redelog.rj.gov.br\/redecompras\/wp-content\/uploads\/2022\/05\/SEI-9.jpg 597w, https:\/\/redelog.rj.gov.br\/redecompras\/wp-content\/uploads\/2022\/05\/SEI-9-300x63.jpg 300w\" sizes=\"(max-width: 597px) 100vw, 597px\" \/><\/p><p style=\"text-align: justify;\">Em seguida, clique em <strong>Novo<\/strong>:<\/p><p><img loading=\"lazy\" decoding=\"async\" class=\"aligncenter wp-image-6255 size-full\" src=\"http:\/\/redelog.rj.gov.br\/redecompras\/wp-content\/uploads\/2022\/05\/SEi-10.jpg\" alt=\"\" width=\"587\" height=\"89\" srcset=\"https:\/\/redelog.rj.gov.br\/redecompras\/wp-content\/uploads\/2022\/05\/SEi-10.jpg 587w, https:\/\/redelog.rj.gov.br\/redecompras\/wp-content\/uploads\/2022\/05\/SEi-10-300x45.jpg 300w\" sizes=\"(max-width: 587px) 100vw, 587px\" \/><\/p><p style=\"text-align: justify;\">Forne\u00e7a um nome para o novo grupo e clique em <strong>Salvar<\/strong>.<\/p><p><img loading=\"lazy\" decoding=\"async\" class=\"aligncenter wp-image-6256 size-full\" src=\"http:\/\/redelog.rj.gov.br\/redecompras\/wp-content\/uploads\/2022\/05\/Sei-11.jpg\" alt=\"\" width=\"597\" height=\"113\" srcset=\"https:\/\/redelog.rj.gov.br\/redecompras\/wp-content\/uploads\/2022\/05\/Sei-11.jpg 597w, https:\/\/redelog.rj.gov.br\/redecompras\/wp-content\/uploads\/2022\/05\/Sei-11-300x57.jpg 300w\" sizes=\"(max-width: 597px) 100vw, 597px\" \/><\/p><\/div>\n\t\t\t\t<\/div>\n\t\t\t\t\t\t\t<div class=\"elementor-toggle-item\">\n\t\t\t\t\t<div id=\"elementor-tab-title-3387\" class=\"elementor-tab-title\" data-tab=\"7\" role=\"button\" aria-controls=\"elementor-tab-content-3387\" aria-expanded=\"false\">\n\t\t\t\t\t\t\t\t\t\t\t\t<span class=\"elementor-toggle-icon elementor-toggle-icon-left\" aria-hidden=\"true\">\n\t\t\t\t\t\t\t\t\t\t\t\t\t\t\t<span class=\"elementor-toggle-icon-closed\"><i class=\"fas fa-caret-right\"><\/i><\/span>\n\t\t\t\t\t\t\t\t<span class=\"elementor-toggle-icon-opened\"><i class=\"elementor-toggle-icon-opened fas fa-caret-up\"><\/i><\/span>\n\t\t\t\t\t\t\t\t\t\t\t\t\t<\/span>\n\t\t\t\t\t\t\t\t\t\t\t\t<a class=\"elementor-toggle-title\" tabindex=\"0\">7. Como adicionar modelos ao Grupo de Modelos criado? <\/a>\n\t\t\t\t\t<\/div>\n\n\t\t\t\t\t<div id=\"elementor-tab-content-3387\" class=\"elementor-tab-content elementor-clearfix\" data-tab=\"7\" role=\"region\" aria-labelledby=\"elementor-tab-title-3387\"><p style=\"text-align: justify;\">Passo 1. Basta adicionar documentos ao grupo. Voc\u00ea faz isso diretamente na Tela do Documento que voc\u00ea quer guardar como modelo, clicando em <strong>Adicionar aos Modelos Favoritos<\/strong>:<\/p><p><img loading=\"lazy\" decoding=\"async\" class=\"aligncenter wp-image-6257 size-full\" src=\"http:\/\/redelog.rj.gov.br\/redecompras\/wp-content\/uploads\/2022\/05\/Sei-12.jpg\" alt=\"\" width=\"543\" height=\"165\" srcset=\"https:\/\/redelog.rj.gov.br\/redecompras\/wp-content\/uploads\/2022\/05\/Sei-12.jpg 543w, https:\/\/redelog.rj.gov.br\/redecompras\/wp-content\/uploads\/2022\/05\/Sei-12-300x91.jpg 300w\" sizes=\"(max-width: 543px) 100vw, 543px\" \/><\/p><p style=\"text-align: justify;\">Passo 2. Em seguida, selecione o <strong>Grupo de Modelos<\/strong> em que voc\u00ea quer incluir o documento modelo. Forne\u00e7a tamb\u00e9m a <strong>descri\u00e7\u00e3o do modelo<\/strong>. Depois, clique em <strong>Salvar<\/strong>:<img loading=\"lazy\" decoding=\"async\" class=\"aligncenter wp-image-6258 size-full\" src=\"http:\/\/redelog.rj.gov.br\/redecompras\/wp-content\/uploads\/2022\/05\/Sei-13.jpg\" alt=\"\" width=\"611\" height=\"230\" srcset=\"https:\/\/redelog.rj.gov.br\/redecompras\/wp-content\/uploads\/2022\/05\/Sei-13.jpg 611w, https:\/\/redelog.rj.gov.br\/redecompras\/wp-content\/uploads\/2022\/05\/Sei-13-300x113.jpg 300w, https:\/\/redelog.rj.gov.br\/redecompras\/wp-content\/uploads\/2022\/05\/Sei-13-600x226.jpg 600w\" sizes=\"(max-width: 611px) 100vw, 611px\" \/><\/p><p style=\"text-align: justify;\"><strong>OBS: <\/strong>voc\u00ea pode guardar modelos de documentos criados por quaisquer unidades, desde que eles n\u00e3o sejam sigilosos.<\/p><\/div>\n\t\t\t\t<\/div>\n\t\t\t\t\t\t\t<div class=\"elementor-toggle-item\">\n\t\t\t\t\t<div id=\"elementor-tab-title-3388\" class=\"elementor-tab-title\" data-tab=\"8\" role=\"button\" aria-controls=\"elementor-tab-content-3388\" aria-expanded=\"false\">\n\t\t\t\t\t\t\t\t\t\t\t\t<span class=\"elementor-toggle-icon elementor-toggle-icon-left\" aria-hidden=\"true\">\n\t\t\t\t\t\t\t\t\t\t\t\t\t\t\t<span class=\"elementor-toggle-icon-closed\"><i class=\"fas fa-caret-right\"><\/i><\/span>\n\t\t\t\t\t\t\t\t<span class=\"elementor-toggle-icon-opened\"><i class=\"elementor-toggle-icon-opened fas fa-caret-up\"><\/i><\/span>\n\t\t\t\t\t\t\t\t\t\t\t\t\t<\/span>\n\t\t\t\t\t\t\t\t\t\t\t\t<a class=\"elementor-toggle-title\" tabindex=\"0\">8. Como utilizar um Documento Modelo? <\/a>\n\t\t\t\t\t<\/div>\n\n\t\t\t\t\t<div id=\"elementor-tab-content-3388\" class=\"elementor-tab-content elementor-clearfix\" data-tab=\"8\" role=\"region\" aria-labelledby=\"elementor-tab-title-3388\"><p style=\"text-align: justify;\">Passo 1. Para utilizar o modelo, basta marc\u00e1-lo como texto inicial num novo documento. Na Tela do Processo, clique em <strong>Incluir Documento<\/strong> e escolha o <strong>Tipo de Documento<\/strong>. Em seguida, indique que o <strong>Texto Inicial<\/strong> ser\u00e1 o <strong>Documento Modelo<\/strong>. Depois, clique em <strong>Selecionar nos Favoritos<\/strong>:<\/p><p><img loading=\"lazy\" decoding=\"async\" class=\"aligncenter wp-image-6259 size-full\" src=\"http:\/\/redelog.rj.gov.br\/redecompras\/wp-content\/uploads\/2022\/05\/Sei-14.jpg\" alt=\"\" width=\"607\" height=\"252\" srcset=\"https:\/\/redelog.rj.gov.br\/redecompras\/wp-content\/uploads\/2022\/05\/Sei-14.jpg 607w, https:\/\/redelog.rj.gov.br\/redecompras\/wp-content\/uploads\/2022\/05\/Sei-14-300x125.jpg 300w, https:\/\/redelog.rj.gov.br\/redecompras\/wp-content\/uploads\/2022\/05\/Sei-14-600x249.jpg 600w\" sizes=\"(max-width: 607px) 100vw, 607px\" \/><\/p><p style=\"text-align: justify;\">Passo 2. Selecione o modelo que voc\u00ea deseja e continue editando o documento normalmente:<\/p><p><img loading=\"lazy\" decoding=\"async\" class=\"aligncenter wp-image-6260 size-full\" src=\"http:\/\/redelog.rj.gov.br\/redecompras\/wp-content\/uploads\/2022\/05\/Sei-15.jpg\" alt=\"\" width=\"592\" height=\"271\" srcset=\"https:\/\/redelog.rj.gov.br\/redecompras\/wp-content\/uploads\/2022\/05\/Sei-15.jpg 592w, https:\/\/redelog.rj.gov.br\/redecompras\/wp-content\/uploads\/2022\/05\/Sei-15-300x137.jpg 300w\" sizes=\"(max-width: 592px) 100vw, 592px\" \/><\/p><\/div>\n\t\t\t\t<\/div>\n\t\t\t\t\t\t\t<div class=\"elementor-toggle-item\">\n\t\t\t\t\t<div id=\"elementor-tab-title-3389\" class=\"elementor-tab-title\" data-tab=\"9\" role=\"button\" aria-controls=\"elementor-tab-content-3389\" aria-expanded=\"false\">\n\t\t\t\t\t\t\t\t\t\t\t\t<span class=\"elementor-toggle-icon elementor-toggle-icon-left\" aria-hidden=\"true\">\n\t\t\t\t\t\t\t\t\t\t\t\t\t\t\t<span class=\"elementor-toggle-icon-closed\"><i class=\"fas fa-caret-right\"><\/i><\/span>\n\t\t\t\t\t\t\t\t<span class=\"elementor-toggle-icon-opened\"><i class=\"elementor-toggle-icon-opened fas fa-caret-up\"><\/i><\/span>\n\t\t\t\t\t\t\t\t\t\t\t\t\t<\/span>\n\t\t\t\t\t\t\t\t\t\t\t\t<a class=\"elementor-toggle-title\" tabindex=\"0\">9. O que devo saber sobre assinatura de documentos no Sei-RJ? <\/a>\n\t\t\t\t\t<\/div>\n\n\t\t\t\t\t<div id=\"elementor-tab-content-3389\" class=\"elementor-tab-content elementor-clearfix\" data-tab=\"9\" role=\"region\" aria-labelledby=\"elementor-tab-title-3389\"><p style=\"text-align: justify;\">Sem estarem assinados, os documentos n\u00e3o possuem valor legal. No Sei-RJ, os documentos gerados no editor interno devem ser assinados com assinatura eletr\u00f4nica do sistema.<\/p><p style=\"text-align: justify;\">Se um processo enviado \u00e0 outra unidade contiver um documento sem assinatura, o conte\u00fado desse documento n\u00e3o poder\u00e1 ser visualizado pela unidade que o recebeu. Por isso, \u00e9 necess\u00e1rio assinar os documentos no sistema antes de enviar o processo \u00e0 outra unidade.<\/p><p style=\"text-align: justify;\">A <strong>assinatura<\/strong> \u00e9 uma opera\u00e7\u00e3o simples que possui dois tipos distintos de procedimentos: a <strong>assinatura simples<\/strong> e o <strong>bloco de assinaturas<\/strong>.<\/p><p style=\"text-align: justify;\">A). <strong><u>Assinatura simples<\/u>:<\/strong> qualquer servidor cadastrado no sistema pode assinar um documento eletronicamente. Isso \u00e9 feito por meio de uso de senha.<\/p><p style=\"text-align: justify;\">Selecione na \u00e1rvore do processo o documento a ser assinado e clique no \u00edcone da caneta <strong>Assinar Documento<\/strong>:<\/p><p style=\"text-align: justify;\"><img loading=\"lazy\" decoding=\"async\" class=\"aligncenter wp-image-6261 size-full\" src=\"http:\/\/redelog.rj.gov.br\/redecompras\/wp-content\/uploads\/2022\/05\/Sei-16.jpg\" alt=\"\" width=\"656\" height=\"164\" srcset=\"https:\/\/redelog.rj.gov.br\/redecompras\/wp-content\/uploads\/2022\/05\/Sei-16.jpg 656w, https:\/\/redelog.rj.gov.br\/redecompras\/wp-content\/uploads\/2022\/05\/Sei-16-300x75.jpg 300w, https:\/\/redelog.rj.gov.br\/redecompras\/wp-content\/uploads\/2022\/05\/Sei-16-600x150.jpg 600w\" sizes=\"(max-width: 656px) 100vw, 656px\" \/><\/p><p style=\"text-align: justify;\"><strong>OBS:<\/strong> Ser\u00e1 apresentada a <strong>tela de assinatura<\/strong>, onde assinamos o documento. Nessa tela, o sistema solicitar\u00e1 <strong>nome<\/strong>, <strong>cargo<\/strong> e <strong>senha de acesso ao Sei-RJ<\/strong>.<\/p><p style=\"text-align: justify;\">B). <strong><span style=\"text-decoration: underline;\">Bloco de assinaturas<\/span>:<\/strong> os documentos de um processo podem ser assinados por mais de um servidor, sem que necessariamente haja uma hierarquia de assinaturas.<\/p><p style=\"text-align: justify;\">Para que um documento seja assinado por v\u00e1rias pessoas, ele deve ser inclu\u00eddo num Bloco de Assinaturas.\u00a0O bloco deve ser disponibilizado \u00e0s unidades que devem assinar o documento. Ele funciona como uma \u201cpasta\u201d que re\u00fane e organiza despachos e permite a assinatura de qualquer documento que tenha sido criado por sua unidade e tamb\u00e9m permite que a chefia de sua unidade ou de outras unidades assinem qualquer documento que tenha sido criado por sua unidade.<\/p><p style=\"text-align: justify;\">Para assinar documentos em um bloco de assinaturas, os usu\u00e1rios da unidade de destino do bloco devem selecionar a op\u00e7\u00e3o <strong>Blocos de Assinatura <\/strong>no menu principal:<\/p><p><img loading=\"lazy\" decoding=\"async\" class=\"aligncenter wp-image-6262 size-full\" src=\"http:\/\/redelog.rj.gov.br\/redecompras\/wp-content\/uploads\/2022\/05\/Sei-17.jpg\" alt=\"\" width=\"475\" height=\"337\" srcset=\"https:\/\/redelog.rj.gov.br\/redecompras\/wp-content\/uploads\/2022\/05\/Sei-17.jpg 475w, https:\/\/redelog.rj.gov.br\/redecompras\/wp-content\/uploads\/2022\/05\/Sei-17-300x213.jpg 300w\" sizes=\"(max-width: 475px) 100vw, 475px\" \/><\/p><p style=\"text-align: justify;\">O pr\u00f3ximo passo \u00e9 verificar os blocos de assinatura disponibilizados para a unidade (aparecer\u00e1 a indica\u00e7\u00e3o &#8220;<strong>disponibilizado<\/strong>&#8221; na linha do bloco). Basta clicar no \u00edcone da caneta (Assinar Documentos do Bloco) e todos os documentos ser\u00e3o assinados de uma vez:<\/p><p><img loading=\"lazy\" decoding=\"async\" class=\"aligncenter wp-image-6263 size-full\" src=\"http:\/\/redelog.rj.gov.br\/redecompras\/wp-content\/uploads\/2022\/05\/Sei-18.jpg\" alt=\"\" width=\"672\" height=\"260\" srcset=\"https:\/\/redelog.rj.gov.br\/redecompras\/wp-content\/uploads\/2022\/05\/Sei-18.jpg 672w, https:\/\/redelog.rj.gov.br\/redecompras\/wp-content\/uploads\/2022\/05\/Sei-18-300x116.jpg 300w, https:\/\/redelog.rj.gov.br\/redecompras\/wp-content\/uploads\/2022\/05\/Sei-18-600x232.jpg 600w\" sizes=\"(max-width: 672px) 100vw, 672px\" \/><\/p><p style=\"text-align: justify;\"><strong>OBS:<\/strong><\/p><ul><li style=\"text-align: justify;\">Ap\u00f3s assinado, o documento ganha um s\u00edmbolo de uma caneta ao seu lado na \u00c1rvore do Processo, que fica \u00e0 esquerda da tela.<\/li><li style=\"text-align: justify;\">\u00c9 poss\u00edvel a inclus\u00e3o de um \u00fanico documento em v\u00e1rios blocos de assinatura.<\/li><li style=\"text-align: justify;\">\u00c9 poss\u00edvel adicionar documentos de processos diferentes em um bloco de assinatura.<\/li><\/ul><p style=\"text-align: justify;\">\u00a0<\/p><\/div>\n\t\t\t\t<\/div>\n\t\t\t\t\t\t\t<div class=\"elementor-toggle-item\">\n\t\t\t\t\t<div id=\"elementor-tab-title-33810\" class=\"elementor-tab-title\" data-tab=\"10\" role=\"button\" aria-controls=\"elementor-tab-content-33810\" aria-expanded=\"false\">\n\t\t\t\t\t\t\t\t\t\t\t\t<span class=\"elementor-toggle-icon elementor-toggle-icon-left\" aria-hidden=\"true\">\n\t\t\t\t\t\t\t\t\t\t\t\t\t\t\t<span class=\"elementor-toggle-icon-closed\"><i class=\"fas fa-caret-right\"><\/i><\/span>\n\t\t\t\t\t\t\t\t<span class=\"elementor-toggle-icon-opened\"><i class=\"elementor-toggle-icon-opened fas fa-caret-up\"><\/i><\/span>\n\t\t\t\t\t\t\t\t\t\t\t\t\t<\/span>\n\t\t\t\t\t\t\t\t\t\t\t\t<a class=\"elementor-toggle-title\" tabindex=\"0\">10. Quais outras funcionalidades o usu\u00e1rio do Sei-RJ pode executar no sistema? <\/a>\n\t\t\t\t\t<\/div>\n\n\t\t\t\t\t<div id=\"elementor-tab-content-33810\" class=\"elementor-tab-content elementor-clearfix\" data-tab=\"10\" role=\"region\" aria-labelledby=\"elementor-tab-title-33810\"><p style=\"text-align: justify;\">O usu\u00e1rio do Sei-RJ pode visualizar os processos ativos, identificar a situa\u00e7\u00e3o do processo, filtrar processos por respons\u00e1vel e realizar opera\u00e7\u00f5es em lote.<\/p><\/div>\n\t\t\t\t<\/div>\n\t\t\t\t\t\t\t<div class=\"elementor-toggle-item\">\n\t\t\t\t\t<div id=\"elementor-tab-title-33811\" class=\"elementor-tab-title\" data-tab=\"11\" role=\"button\" aria-controls=\"elementor-tab-content-33811\" aria-expanded=\"false\">\n\t\t\t\t\t\t\t\t\t\t\t\t<span class=\"elementor-toggle-icon elementor-toggle-icon-left\" aria-hidden=\"true\">\n\t\t\t\t\t\t\t\t\t\t\t\t\t\t\t<span class=\"elementor-toggle-icon-closed\"><i class=\"fas fa-caret-right\"><\/i><\/span>\n\t\t\t\t\t\t\t\t<span class=\"elementor-toggle-icon-opened\"><i class=\"elementor-toggle-icon-opened fas fa-caret-up\"><\/i><\/span>\n\t\t\t\t\t\t\t\t\t\t\t\t\t<\/span>\n\t\t\t\t\t\t\t\t\t\t\t\t<a class=\"elementor-toggle-title\" tabindex=\"0\">11. Como s\u00e3o identificados os processos no Sei-RJ? <\/a>\n\t\t\t\t\t<\/div>\n\n\t\t\t\t\t<div id=\"elementor-tab-content-33811\" class=\"elementor-tab-content elementor-clearfix\" data-tab=\"11\" role=\"region\" aria-labelledby=\"elementor-tab-title-33811\"><p style=\"text-align: justify;\">Os processos s\u00e3o identificados pelo n\u00famero. A primeira orienta\u00e7\u00e3o visual que observamos s\u00e3o as diferentes cores, que identificam a situa\u00e7\u00e3o do processo, conforme abaixo.<\/p><p style=\"text-align: justify;\">Para processos com n\u00edvel de acesso p\u00fablico ou restrito:<\/p><p><img loading=\"lazy\" decoding=\"async\" class=\"aligncenter wp-image-6264 size-full\" src=\"http:\/\/redelog.rj.gov.br\/redecompras\/wp-content\/uploads\/2022\/05\/Sei-19.jpg\" alt=\"\" width=\"607\" height=\"241\" srcset=\"https:\/\/redelog.rj.gov.br\/redecompras\/wp-content\/uploads\/2022\/05\/Sei-19.jpg 607w, https:\/\/redelog.rj.gov.br\/redecompras\/wp-content\/uploads\/2022\/05\/Sei-19-300x119.jpg 300w, https:\/\/redelog.rj.gov.br\/redecompras\/wp-content\/uploads\/2022\/05\/Sei-19-600x238.jpg 600w\" sizes=\"(max-width: 607px) 100vw, 607px\" \/><\/p><p style=\"text-align: justify;\">Para processos com n\u00edvel de acesso sigiloso:<\/p><p><img loading=\"lazy\" decoding=\"async\" class=\"aligncenter wp-image-6265 size-full\" src=\"http:\/\/redelog.rj.gov.br\/redecompras\/wp-content\/uploads\/2022\/05\/Sei-20.jpg\" alt=\"\" width=\"621\" height=\"274\" srcset=\"https:\/\/redelog.rj.gov.br\/redecompras\/wp-content\/uploads\/2022\/05\/Sei-20.jpg 621w, https:\/\/redelog.rj.gov.br\/redecompras\/wp-content\/uploads\/2022\/05\/Sei-20-300x132.jpg 300w, https:\/\/redelog.rj.gov.br\/redecompras\/wp-content\/uploads\/2022\/05\/Sei-20-600x265.jpg 600w\" sizes=\"(max-width: 621px) 100vw, 621px\" \/><\/p><p>\u00a0<\/p><\/div>\n\t\t\t\t<\/div>\n\t\t\t\t\t\t\t<div class=\"elementor-toggle-item\">\n\t\t\t\t\t<div id=\"elementor-tab-title-33812\" class=\"elementor-tab-title\" data-tab=\"12\" role=\"button\" aria-controls=\"elementor-tab-content-33812\" aria-expanded=\"false\">\n\t\t\t\t\t\t\t\t\t\t\t\t<span class=\"elementor-toggle-icon elementor-toggle-icon-left\" aria-hidden=\"true\">\n\t\t\t\t\t\t\t\t\t\t\t\t\t\t\t<span class=\"elementor-toggle-icon-closed\"><i class=\"fas fa-caret-right\"><\/i><\/span>\n\t\t\t\t\t\t\t\t<span class=\"elementor-toggle-icon-opened\"><i class=\"elementor-toggle-icon-opened fas fa-caret-up\"><\/i><\/span>\n\t\t\t\t\t\t\t\t\t\t\t\t\t<\/span>\n\t\t\t\t\t\t\t\t\t\t\t\t<a class=\"elementor-toggle-title\" tabindex=\"0\">12. Como consultar a Base de Conhecimento do Sei-RJ?<\/a>\n\t\t\t\t\t<\/div>\n\n\t\t\t\t\t<div id=\"elementor-tab-content-33812\" class=\"elementor-tab-content elementor-clearfix\" data-tab=\"12\" role=\"region\" aria-labelledby=\"elementor-tab-title-33812\"><p style=\"text-align: justify;\">Outro espa\u00e7o importante dentro do Sei-RJ \u00e9 a <strong>Base de Conhecimento<\/strong>, que pode ser acessada pelo \u00edcone com a letra <strong>B<\/strong> ao lado do n\u00famero do processo e onde s\u00e3o encontradas as informa\u00e7\u00f5es essenciais para a boa execu\u00e7\u00e3o de um processo administrativo. Nela, est\u00e3o dispon\u00edveis as seguintes informa\u00e7\u00f5es: <strong>descri\u00e7\u00e3o do processo<\/strong>; <strong>lista de pap\u00e9is e responsabilidades<\/strong>; <strong>macroprocesso<\/strong>; <strong>processos e descri\u00e7\u00f5es de suas atividades<\/strong>; e <strong>rela\u00e7\u00e3o de documentos tramitados no processo<\/strong>.<\/p><p style=\"text-align: justify;\">Outra forma de <strong>acessar<\/strong> a <strong>Base de Conhecimento<\/strong> \u00e9 atrav\u00e9s do menu principal:<\/p><p><img loading=\"lazy\" decoding=\"async\" class=\"aligncenter wp-image-6266 size-full\" src=\"http:\/\/redelog.rj.gov.br\/redecompras\/wp-content\/uploads\/2022\/05\/Sei-21.jpg\" alt=\"\" width=\"521\" height=\"403\" srcset=\"https:\/\/redelog.rj.gov.br\/redecompras\/wp-content\/uploads\/2022\/05\/Sei-21.jpg 521w, https:\/\/redelog.rj.gov.br\/redecompras\/wp-content\/uploads\/2022\/05\/Sei-21-300x232.jpg 300w\" sizes=\"(max-width: 521px) 100vw, 521px\" \/><\/p><p style=\"text-align: justify;\">Utilize a <strong>Base de Conhecimento<\/strong> sempre que tiver d\u00favidas de como executar suas atividades. As bases de conhecimentos oferecem orienta\u00e7\u00f5es sobre o processo administrativo e o fluxo a ser seguido de acordo com cada tipo de processo.<\/p><\/div>\n\t\t\t\t<\/div>\n\t\t\t\t\t\t\t\t<\/div>\n\t\t\t\t\t\t<\/div>\n\t\t\t\t<\/div>\n\t\t\t\t<div class=\"elementor-element elementor-element-a5b9df9 elementor-widget-divider--view-line elementor-widget elementor-widget-divider\" data-id=\"a5b9df9\" data-element_type=\"widget\" data-widget_type=\"divider.default\">\n\t\t\t\t<div class=\"elementor-widget-container\">\n\t\t\t\t\t\t\t<div class=\"elementor-divider\">\n\t\t\t<span class=\"elementor-divider-separator\">\n\t\t\t\t\t\t<\/span>\n\t\t<\/div>\n\t\t\t\t\t\t<\/div>\n\t\t\t\t<\/div>\n\t\t\t\t\t<\/div>\n\t\t<\/div>\n\t\t\t\t\t<\/div>\n\t\t<\/section>\n\t\t\t\t<section class=\"elementor-section elementor-top-section elementor-element elementor-element-91535a5 elementor-section-boxed elementor-section-height-default elementor-section-height-default wpr-particle-no wpr-jarallax-no wpr-parallax-no wpr-sticky-section-no\" data-id=\"91535a5\" data-element_type=\"section\" data-settings=\"{&quot;jet_parallax_layout_list&quot;:[]}\">\n\t\t\t\t\t\t<div class=\"elementor-container elementor-column-gap-default\">\n\t\t\t\t\t<div class=\"elementor-column elementor-col-100 elementor-top-column elementor-element elementor-element-53c6b0a\" data-id=\"53c6b0a\" data-element_type=\"column\">\n\t\t\t<div class=\"elementor-widget-wrap elementor-element-populated\">\n\t\t\t\t\t\t<div class=\"elementor-element elementor-element-39f4ec1 elementor-widget elementor-widget-heading\" data-id=\"39f4ec1\" data-element_type=\"widget\" data-widget_type=\"heading.default\">\n\t\t\t\t<div class=\"elementor-widget-container\">\n\t\t\t\t\t<h2 class=\"elementor-heading-title elementor-size-large\">Veja os v\u00eddeos do SEI\/RJ:<\/h2>\t\t\t\t<\/div>\n\t\t\t\t<\/div>\n\t\t\t\t<div class=\"elementor-element elementor-element-4e2a512 elementor-widget-divider--view-line elementor-widget elementor-widget-divider\" data-id=\"4e2a512\" data-element_type=\"widget\" data-widget_type=\"divider.default\">\n\t\t\t\t<div class=\"elementor-widget-container\">\n\t\t\t\t\t\t\t<div class=\"elementor-divider\">\n\t\t\t<span class=\"elementor-divider-separator\">\n\t\t\t\t\t\t<\/span>\n\t\t<\/div>\n\t\t\t\t\t\t<\/div>\n\t\t\t\t<\/div>\n\t\t\t\t\t<\/div>\n\t\t<\/div>\n\t\t\t\t\t<\/div>\n\t\t<\/section>\n\t\t\t\t<section class=\"elementor-section elementor-top-section elementor-element elementor-element-7bf6d19 elementor-section-boxed elementor-section-height-default elementor-section-height-default wpr-particle-no wpr-jarallax-no wpr-parallax-no wpr-sticky-section-no\" data-id=\"7bf6d19\" data-element_type=\"section\" data-settings=\"{&quot;jet_parallax_layout_list&quot;:[]}\">\n\t\t\t\t\t\t<div class=\"elementor-container elementor-column-gap-default\">\n\t\t\t\t\t<div class=\"elementor-column elementor-col-33 elementor-top-column elementor-element elementor-element-08e2e1e\" data-id=\"08e2e1e\" data-element_type=\"column\">\n\t\t\t<div class=\"elementor-widget-wrap elementor-element-populated\">\n\t\t\t\t\t\t<div class=\"elementor-element elementor-element-28323e0 elementor-widget elementor-widget-video\" data-id=\"28323e0\" data-element_type=\"widget\" data-settings=\"{&quot;youtube_url&quot;:&quot;https:\\\/\\\/youtu.be\\\/1iu5S8xh1Pk&quot;,&quot;video_type&quot;:&quot;youtube&quot;,&quot;controls&quot;:&quot;yes&quot;}\" data-widget_type=\"video.default\">\n\t\t\t\t<div class=\"elementor-widget-container\">\n\t\t\t\t\t\t\t<div class=\"elementor-wrapper elementor-open-inline\">\n\t\t\t<div class=\"elementor-video\"><\/div>\t\t<\/div>\n\t\t\t\t\t\t<\/div>\n\t\t\t\t<\/div>\n\t\t\t\t<div class=\"elementor-element elementor-element-b1c3491 elementor-widget elementor-widget-video\" data-id=\"b1c3491\" data-element_type=\"widget\" data-settings=\"{&quot;youtube_url&quot;:&quot;https:\\\/\\\/youtu.be\\\/EHAQdYtUzi0&quot;,&quot;video_type&quot;:&quot;youtube&quot;,&quot;controls&quot;:&quot;yes&quot;}\" data-widget_type=\"video.default\">\n\t\t\t\t<div class=\"elementor-widget-container\">\n\t\t\t\t\t\t\t<div class=\"elementor-wrapper elementor-open-inline\">\n\t\t\t<div class=\"elementor-video\"><\/div>\t\t<\/div>\n\t\t\t\t\t\t<\/div>\n\t\t\t\t<\/div>\n\t\t\t\t\t<\/div>\n\t\t<\/div>\n\t\t\t\t<div class=\"elementor-column elementor-col-33 elementor-top-column elementor-element elementor-element-279c542\" data-id=\"279c542\" data-element_type=\"column\">\n\t\t\t<div class=\"elementor-widget-wrap elementor-element-populated\">\n\t\t\t\t\t\t<div class=\"elementor-element elementor-element-8668f00 elementor-widget elementor-widget-video\" data-id=\"8668f00\" data-element_type=\"widget\" data-settings=\"{&quot;youtube_url&quot;:&quot;https:\\\/\\\/youtu.be\\\/51jWFzz23Tk&quot;,&quot;video_type&quot;:&quot;youtube&quot;,&quot;controls&quot;:&quot;yes&quot;}\" data-widget_type=\"video.default\">\n\t\t\t\t<div class=\"elementor-widget-container\">\n\t\t\t\t\t\t\t<div class=\"elementor-wrapper elementor-open-inline\">\n\t\t\t<div class=\"elementor-video\"><\/div>\t\t<\/div>\n\t\t\t\t\t\t<\/div>\n\t\t\t\t<\/div>\n\t\t\t\t\t<\/div>\n\t\t<\/div>\n\t\t\t\t<div class=\"elementor-column elementor-col-33 elementor-top-column elementor-element elementor-element-304e899\" data-id=\"304e899\" data-element_type=\"column\">\n\t\t\t<div class=\"elementor-widget-wrap elementor-element-populated\">\n\t\t\t\t\t\t<div class=\"elementor-element elementor-element-d6b54f8 elementor-widget elementor-widget-video\" data-id=\"d6b54f8\" data-element_type=\"widget\" data-settings=\"{&quot;youtube_url&quot;:&quot;https:\\\/\\\/youtu.be\\\/qQ9S-PZMWYg&quot;,&quot;video_type&quot;:&quot;youtube&quot;,&quot;controls&quot;:&quot;yes&quot;}\" data-widget_type=\"video.default\">\n\t\t\t\t<div class=\"elementor-widget-container\">\n\t\t\t\t\t\t\t<div class=\"elementor-wrapper elementor-open-inline\">\n\t\t\t<div class=\"elementor-video\"><\/div>\t\t<\/div>\n\t\t\t\t\t\t<\/div>\n\t\t\t\t<\/div>\n\t\t\t\t\t<\/div>\n\t\t<\/div>\n\t\t\t\t\t<\/div>\n\t\t<\/section>\n\t\t\t\t<section class=\"elementor-section elementor-top-section elementor-element elementor-element-37e9fe1 elementor-section-boxed elementor-section-height-default elementor-section-height-default wpr-particle-no wpr-jarallax-no wpr-parallax-no wpr-sticky-section-no\" data-id=\"37e9fe1\" data-element_type=\"section\" data-settings=\"{&quot;jet_parallax_layout_list&quot;:[]}\">\n\t\t\t\t\t\t<div class=\"elementor-container elementor-column-gap-default\">\n\t\t\t\t\t<div class=\"elementor-column elementor-col-100 elementor-top-column elementor-element elementor-element-e6c90e2\" data-id=\"e6c90e2\" data-element_type=\"column\">\n\t\t\t<div class=\"elementor-widget-wrap elementor-element-populated\">\n\t\t\t\t\t\t<div class=\"elementor-element elementor-element-b2798e1 elementor-widget-divider--view-line elementor-widget elementor-widget-divider\" data-id=\"b2798e1\" data-element_type=\"widget\" data-widget_type=\"divider.default\">\n\t\t\t\t<div class=\"elementor-widget-container\">\n\t\t\t\t\t\t\t<div class=\"elementor-divider\">\n\t\t\t<span class=\"elementor-divider-separator\">\n\t\t\t\t\t\t<\/span>\n\t\t<\/div>\n\t\t\t\t\t\t<\/div>\n\t\t\t\t<\/div>\n\t\t\t\t<div class=\"elementor-element elementor-element-bf6416a elementor-widget-divider--view-line elementor-widget elementor-widget-divider\" data-id=\"bf6416a\" data-element_type=\"widget\" data-widget_type=\"divider.default\">\n\t\t\t\t<div class=\"elementor-widget-container\">\n\t\t\t\t\t\t\t<div class=\"elementor-divider\">\n\t\t\t<span class=\"elementor-divider-separator\">\n\t\t\t\t\t\t<\/span>\n\t\t<\/div>\n\t\t\t\t\t\t<\/div>\n\t\t\t\t<\/div>\n\t\t\t\t<div class=\"elementor-element elementor-element-2d38b0f elementor-widget-divider--view-line elementor-widget elementor-widget-divider\" data-id=\"2d38b0f\" data-element_type=\"widget\" data-widget_type=\"divider.default\">\n\t\t\t\t<div class=\"elementor-widget-container\">\n\t\t\t\t\t\t\t<div class=\"elementor-divider\">\n\t\t\t<span class=\"elementor-divider-separator\">\n\t\t\t\t\t\t<\/span>\n\t\t<\/div>\n\t\t\t\t\t\t<\/div>\n\t\t\t\t<\/div>\n\t\t\t\t\t<\/div>\n\t\t<\/div>\n\t\t\t\t\t<\/div>\n\t\t<\/section>\n\t\t\t\t<section class=\"elementor-section elementor-top-section elementor-element elementor-element-b95c519 elementor-section-boxed elementor-section-height-default elementor-section-height-default wpr-particle-no wpr-jarallax-no wpr-parallax-no wpr-sticky-section-no\" data-id=\"b95c519\" data-element_type=\"section\" data-settings=\"{&quot;jet_parallax_layout_list&quot;:[]}\">\n\t\t\t\t\t\t<div class=\"elementor-container elementor-column-gap-default\">\n\t\t\t\t\t<div class=\"elementor-column elementor-col-50 elementor-top-column elementor-element elementor-element-fa1f5f6\" data-id=\"fa1f5f6\" data-element_type=\"column\">\n\t\t\t<div class=\"elementor-widget-wrap elementor-element-populated\">\n\t\t\t\t\t\t<div class=\"elementor-element elementor-element-bc87df8 elementor-widget elementor-widget-text-editor\" data-id=\"bc87df8\" data-element_type=\"widget\" data-widget_type=\"text-editor.default\">\n\t\t\t\t<div class=\"elementor-widget-container\">\n\t\t\t\t\t\t\t\t\t<p><strong><a href=\"http:\/\/redelog.rj.gov.br\/redecompras\/catmat_catser\/\">\u2190 CAT\u00c1LOGO DE MATERIAS E SERVI\u00c7OS \u2013 CATMAT\/CATSER<\/a><\/strong><\/p>\t\t\t\t\t\t\t\t<\/div>\n\t\t\t\t<\/div>\n\t\t\t\t\t<\/div>\n\t\t<\/div>\n\t\t\t\t<div class=\"elementor-column elementor-col-50 elementor-top-column elementor-element elementor-element-06db5c6\" data-id=\"06db5c6\" data-element_type=\"column\">\n\t\t\t<div class=\"elementor-widget-wrap elementor-element-populated\">\n\t\t\t\t\t\t<div class=\"elementor-element elementor-element-8d2d273 elementor-widget elementor-widget-text-editor\" data-id=\"8d2d273\" data-element_type=\"widget\" data-widget_type=\"text-editor.default\">\n\t\t\t\t<div class=\"elementor-widget-container\">\n\t\t\t\t\t\t\t\t\t<p><a href=\"http:\/\/redelog.rj.gov.br\/redecompras\/pncp\/\"><strong>PORTAL NACIONAL DE CONTRATA\u00c7\u00d5ES P\u00daBLICAS &#8211; PNCP \u2192<\/strong><\/a><\/p>\t\t\t\t\t\t\t\t<\/div>\n\t\t\t\t<\/div>\n\t\t\t\t\t<\/div>\n\t\t<\/div>\n\t\t\t\t\t<\/div>\n\t\t<\/section>\n\t\t\t\t<section class=\"elementor-section elementor-top-section elementor-element elementor-element-3122d5f elementor-section-boxed elementor-section-height-default elementor-section-height-default wpr-particle-no wpr-jarallax-no wpr-parallax-no wpr-sticky-section-no\" data-id=\"3122d5f\" data-element_type=\"section\" data-settings=\"{&quot;jet_parallax_layout_list&quot;:[]}\">\n\t\t\t\t\t\t<div class=\"elementor-container elementor-column-gap-default\">\n\t\t\t\t\t<div class=\"elementor-column elementor-col-100 elementor-top-column elementor-element elementor-element-85b73a8\" data-id=\"85b73a8\" data-element_type=\"column\">\n\t\t\t<div class=\"elementor-widget-wrap elementor-element-populated\">\n\t\t\t\t\t\t<div class=\"elementor-element elementor-element-8f505b6 elementor-widget elementor-widget-shortcode\" data-id=\"8f505b6\" data-element_type=\"widget\" data-widget_type=\"shortcode.default\">\n\t\t\t\t<div class=\"elementor-widget-container\">\n\t\t\t\t\t\t\t<div class=\"elementor-shortcode\"><div class='printomatic pom-default ' id='id5154' alt='Imprimir' title='Imprimir' data-print_target='article'><\/div> <div class='printomatictext' id='id5154' alt='Imprimir' title='Imprimir' data-print_target='article'>Imprimir<\/div><div style='clear: both;'><\/div><\/div>\n\t\t\t\t\t\t<\/div>\n\t\t\t\t<\/div>\n\t\t\t\t\t<\/div>\n\t\t<\/div>\n\t\t\t\t\t<\/div>\n\t\t<\/section>\n\t\t\t\t<\/div>\n\t\t","protected":false},"excerpt":{"rendered":"<p>O Sei-RJ \u00e9 um sistema de gest\u00e3o de processos administrativos e documentos eletr\u00f4nicos. \u00c9 uma ferramenta que permite a produ\u00e7\u00e3o, edi\u00e7\u00e3o, assinatura e tr\u00e2mite de documentos dentro do pr\u00f3prio sistema, proporcionando a virtualiza\u00e7\u00e3o de processos e documentos, permitindo atua\u00e7\u00e3o simult\u00e2nea de v\u00e1rias unidades ao mesmo tempo em um mesmo processo, ainda que distantes fisicamente, reduzindo o tempo de realiza\u00e7\u00e3o das atividades. \u00c9 100% Web e pode ser acessado por meio dos principais navegadores do mercado. O acesso ao sistema Sei-RJ se d\u00e1 por meio do endere\u00e7o: http:\/\/www.fazenda.rj.gov.br\/sei\/ No Sei-RJ existem dois tipos de usu\u00e1rios: Usu\u00e1rios Internos \u2013 servidores e pessoas f\u00edsicas que mantenham rela\u00e7\u00e3o contratual com o Estado do Rio de Janeiro. Usu\u00e1rios Externos \u2013 pessoas f\u00edsicas que n\u00e3o integrem a Administra\u00e7\u00e3o P\u00fablica Estadual, mas que sejam interessadas no processo administrativo, podendo assim ter acesso ao conte\u00fado do processo e\/ou ter permiss\u00e3o para assinar determinados documentos. Importante destacar que, dentre as fases do processo de licita\u00e7\u00e3o elencadas nos artigos 17 e 18 da Nova Lei de Licita\u00e7\u00f5es e Contratos Administrativos (Lei 14.133\/21), para a fase preparat\u00f3ria\/interna ser\u00e3o disponibilizados na Base de Conhecimento do Portal da REDELOG os modelos dos documentos dessa fase e seus respectivos guias de preenchimento\/elabora\u00e7\u00e3o. O artigo 17 trata do processo de licita\u00e7\u00e3o, que deve observar as seguintes fases: I &#8211; preparat\u00f3ria; II &#8211; de divulga\u00e7\u00e3o do edital de licita\u00e7\u00e3o; III &#8211; de apresenta\u00e7\u00e3o de propostas e lances, quando for o caso; IV &#8211; de julgamento; V &#8211; de habilita\u00e7\u00e3o; VI &#8211; recursal; e VII &#8211; de homologa\u00e7\u00e3o. O artigo 18 trata da fase preparat\u00f3ria. Importante destacar tamb\u00e9m que o modelo do documento da fase preparat\u00f3ria deve ser utilizado conforme a modalidade ou tipo de compra direta. Para a elabora\u00e7\u00e3o do Estudo T\u00e9cnico Preliminar \u2013 ETP e da Matriz de Riscos, devemos utilizar os artefatos digitais disponibilizadas no Compras.gov.br, que s\u00e3o o ETP Digital e a Matriz de Riscos Digital. Para esses, tamb\u00e9m estar\u00e3o disponibilizados na Base de Conhecimento do Portal da REDELOG os respectivos guias orientando o seu preenchimento no sistema Compras.gov.br. Perguntas e Respostas: Utiliza\u00e7\u00e3o do SEI-RJ nos Processos de Contrata\u00e7\u00e3o 1. Como acessar o Sistema Sei-RJ? Atrav\u00e9s do endere\u00e7o http:\/\/www.fazenda.rj.gov.br\/sei\/ Passo 1. Preencha os campos: Usu\u00e1rio (nome de usu\u00e1rio da rede, ou nome de usu\u00e1rio informado no momento do cadastro do usu\u00e1rio) Senha (senha da rede, ou senha informada no momento do cadastro do usu\u00e1rio) \u00d3rg\u00e3o (selecionar o \u00f3rg\u00e3o onde trabalha) Clicar em Acessar \u00a0 Passo 2. No menu, selecione Iniciar Processo para iniciar um processo: Passo 3. Escolha o Tipo de Processo que deseja iniciar: 2. Al\u00e9m dos documentos da fase preparat\u00f3ria, quais outros documentos tamb\u00e9m devem ser inseridos no Sei-RJ? Passo 1. Documentos gerados no sistema Compras.gov.br: Rela\u00e7\u00e3o de itens cadastrados na Divulga\u00e7\u00e3o de Compras Aviso de Compra Direta ou Preg\u00e3o e demais modalidades, al\u00e9m da publica\u00e7\u00e3o no PNCP (Portal Nacional de Compras P\u00fablicas) Eventuais impugna\u00e7\u00f5es\/ pedidos de esclarecimentos do edital Proposta e anexos, habilita\u00e7\u00e3o, relat\u00f3rio da dispensa Ata da sess\u00e3o p\u00fablica, Ata de Adjudica\u00e7\u00e3o, Ata de Homologa\u00e7\u00e3o Recurso\u00a0 \u00a0\u00a0 Passo 2. Documentos gerados no sistema Contratos.RJ: Nota de Autoriza\u00e7\u00e3o da Despesa \u2013 Nad Publica\u00e7\u00e3o no Portal Nacional de Compras P\u00fablicas \u2013 PNCP Passo 3. Documentos gerados no sistema SIAFE-Rio: Nota de Empenho \u2013 NE Nota de Liquida\u00e7\u00e3o \u2013 NL Programa\u00e7\u00e3o de Desembolso \u2013 PD Passo 4. Outros documentos: Nota Fiscal do fornecedor e documentos complementares Termo de Contrato Termos Aditivos Apostilamentos \u00a0 3. Como utilizar o Sei-RJ para processo que tenha um \u00fanico fornecedor contratado? Na cria\u00e7\u00e3o de um processo relativo a uma licita\u00e7\u00e3o ou compra direta que tenha um \u00fanico fornecedor contratado, o usu\u00e1rio dever\u00e1 utilizar esse mesmo processo para realizar a execu\u00e7\u00e3o da despesa, inclusive se o pagamento for parcelado. No processo dever\u00e3o ser inseridos todos os documentos da execu\u00e7\u00e3o da despesa (notas fiscais, c\u00f3pias de notas de empenho, liquida\u00e7\u00f5es e pagamentos). 4. Como utilizar o Sei-RJ para processo que tenha mais de um fornecedor contratado? No caso de processo que tenha mais de um fornecedor, o usu\u00e1rio dever\u00e1 criar um processo para cada contrata\u00e7\u00e3o\/fornecedor com um documento inicial, onde devem constar a refer\u00eancia ao n\u00famero do processo original da licita\u00e7\u00e3o\/compra direta (processo m\u00e3e) e o despacho de encaminhamento \u00e0 autoridade que assinar\u00e1 o Termo de Contrato. A esse processo poder\u00e3o ser apensados um ou mais processos de pagamento, de acordo com a conveni\u00eancia do \u00f3rg\u00e3o\/entidade e das caracter\u00edsticas da contrata\u00e7\u00e3o. A apensa\u00e7\u00e3o de processos dever\u00e1 ser realizada atrav\u00e9s da funcionalidade Relacionar Processos. A funcionalidade de relacionamento de processos permitir\u00e1 que os processos relacionados continuem com sua tramita\u00e7\u00e3o independente. O usu\u00e1rio que estiver analisando um processo que esteja relacionado a outro dever\u00e1 conferir periodicamente as a\u00e7\u00f5es tomadas no processo relacionado com a finalidade de assegurar a uniformidade de tratamento pretendida. 5. Quando utilizar a funcionalidade Texto Padr\u00e3o no Sei-RJ? Se, por exemplo, houver um texto que seja recorrente em documentos de diversos processos de sua unidade, voc\u00ea pode otimizar o trabalho usando essa funcionalidade. Passo 1. Para come\u00e7ar, selecione essa op\u00e7\u00e3o no menu principal: Passo 2. Na janela de textos padr\u00e3o de sua unidade, clique em Novo para criar um Texto Padr\u00e3o: Passo 3. A seguir, o sistema abrir\u00e1 o editor de texto para que voc\u00ea crie e edite livremente o conte\u00fado do texto-padr\u00e3o. Informe o nome, a descri\u00e7\u00e3o e o conte\u00fado do texto. Ao final, clique em Salvar: OBS: o texto padr\u00e3o que voc\u00ea criou passa a estar listado nos textos da unidade. Voc\u00ea pode edit\u00e1-lo ou exclu\u00ed-lo. 6. No que consiste a funcionalidade Documento Modelo no Sei-RJ? Consiste numa c\u00f3pia de um documento inteiro, com todas as suas se\u00e7\u00f5es, como o ETP \u2013 Digital ou a Matriz de Riscos Digital, por exemplo. Passo 1. Para come\u00e7ar, selecione a op\u00e7\u00e3o Modelos Favoritos no menu principal: Passo 2. Criando um grupo de modelos: como o Documento Modelo \u00e9 simplesmente um documento que j\u00e1 existe e deve ser replicado, voc\u00ea deve apenas criar um Grupo de Modelos e incluir os documentos nesse grupo. Para come\u00e7ar, clique em Grupos: Em seguida, clique em Novo: Forne\u00e7a um nome para o novo<\/p>\n","protected":false},"author":1,"featured_media":0,"comment_status":"closed","ping_status":"open","sticky":false,"template":"","format":"standard","meta":{"footnotes":""},"categories":[40],"tags":[],"class_list":["post-2508","post","type-post","status-publish","format-standard","hentry","category-base-conhecimento"],"_links":{"self":[{"href":"https:\/\/redelog.rj.gov.br\/redecompras\/wp-json\/wp\/v2\/posts\/2508","targetHints":{"allow":["GET"]}}],"collection":[{"href":"https:\/\/redelog.rj.gov.br\/redecompras\/wp-json\/wp\/v2\/posts"}],"about":[{"href":"https:\/\/redelog.rj.gov.br\/redecompras\/wp-json\/wp\/v2\/types\/post"}],"author":[{"embeddable":true,"href":"https:\/\/redelog.rj.gov.br\/redecompras\/wp-json\/wp\/v2\/users\/1"}],"replies":[{"embeddable":true,"href":"https:\/\/redelog.rj.gov.br\/redecompras\/wp-json\/wp\/v2\/comments?post=2508"}],"version-history":[{"count":103,"href":"https:\/\/redelog.rj.gov.br\/redecompras\/wp-json\/wp\/v2\/posts\/2508\/revisions"}],"predecessor-version":[{"id":9061,"href":"https:\/\/redelog.rj.gov.br\/redecompras\/wp-json\/wp\/v2\/posts\/2508\/revisions\/9061"}],"wp:attachment":[{"href":"https:\/\/redelog.rj.gov.br\/redecompras\/wp-json\/wp\/v2\/media?parent=2508"}],"wp:term":[{"taxonomy":"category","embeddable":true,"href":"https:\/\/redelog.rj.gov.br\/redecompras\/wp-json\/wp\/v2\/categories?post=2508"},{"taxonomy":"post_tag","embeddable":true,"href":"https:\/\/redelog.rj.gov.br\/redecompras\/wp-json\/wp\/v2\/tags?post=2508"}],"curies":[{"name":"wp","href":"https:\/\/api.w.org\/{rel}","templated":true}]}}