{"id":2502,"date":"2022-02-02T14:40:18","date_gmt":"2022-02-02T17:40:18","guid":{"rendered":"http:\/\/redelog.rj.gov.br\/redecompras\/?p=2502"},"modified":"2023-02-07T14:48:36","modified_gmt":"2023-02-07T17:48:36","slug":"sicaf","status":"publish","type":"post","link":"https:\/\/redelog.rj.gov.br\/redecompras\/sicaf\/","title":{"rendered":""},"content":{"rendered":"\t\t<div data-elementor-type=\"wp-post\" data-elementor-id=\"2502\" class=\"elementor elementor-2502\" data-elementor-post-type=\"post\">\n\t\t\t\t\t\t<section class=\"elementor-section elementor-top-section elementor-element elementor-element-837c7b1 elementor-section-boxed elementor-section-height-default elementor-section-height-default wpr-particle-no wpr-jarallax-no wpr-parallax-no wpr-sticky-section-no\" data-id=\"837c7b1\" data-element_type=\"section\" data-settings=\"{&quot;jet_parallax_layout_list&quot;:[]}\">\n\t\t\t\t\t\t<div class=\"elementor-container elementor-column-gap-default\">\n\t\t\t\t\t<div class=\"elementor-column elementor-col-100 elementor-top-column elementor-element elementor-element-e57f32b\" data-id=\"e57f32b\" data-element_type=\"column\">\n\t\t\t<div class=\"elementor-widget-wrap elementor-element-populated\">\n\t\t\t\t\t\t<div class=\"elementor-element elementor-element-dedf1d7 elementor-widget elementor-widget-heading\" data-id=\"dedf1d7\" data-element_type=\"widget\" data-widget_type=\"heading.default\">\n\t\t\t\t<div class=\"elementor-widget-container\">\n\t\t\t\t\t<h2 class=\"elementor-heading-title elementor-size-large\">Sistema de Cadastramento Unificado de Fornecedores - SICAF\n\n<\/h2>\t\t\t\t<\/div>\n\t\t\t\t<\/div>\n\t\t\t\t<div class=\"elementor-element elementor-element-40b591d elementor-widget-divider--view-line elementor-widget elementor-widget-divider\" data-id=\"40b591d\" data-element_type=\"widget\" data-widget_type=\"divider.default\">\n\t\t\t\t<div class=\"elementor-widget-container\">\n\t\t\t\t\t\t\t<div class=\"elementor-divider\">\n\t\t\t<span class=\"elementor-divider-separator\">\n\t\t\t\t\t\t<\/span>\n\t\t<\/div>\n\t\t\t\t\t\t<\/div>\n\t\t\t\t<\/div>\n\t\t\t\t<div class=\"elementor-element elementor-element-ec21c0b elementor-widget elementor-widget-text-editor\" data-id=\"ec21c0b\" data-element_type=\"widget\" data-widget_type=\"text-editor.default\">\n\t\t\t\t<div class=\"elementor-widget-container\">\n\t\t\t\t\t\t\t\t\t<p style=\"text-align: justify;\"><img decoding=\"async\" class=\"alignleft wp-image-6751 size-thumbnail\" src=\"http:\/\/redelog.rj.gov.br\/redecompras\/wp-content\/uploads\/2022\/05\/Icone02-150x150.png\" alt=\"\" width=\"150\" height=\"150\" srcset=\"https:\/\/redelog.rj.gov.br\/redecompras\/wp-content\/uploads\/2022\/05\/Icone02-150x150.png 150w, https:\/\/redelog.rj.gov.br\/redecompras\/wp-content\/uploads\/2022\/05\/Icone02-300x300.png 300w, https:\/\/redelog.rj.gov.br\/redecompras\/wp-content\/uploads\/2022\/05\/Icone02-768x768.png 768w, https:\/\/redelog.rj.gov.br\/redecompras\/wp-content\/uploads\/2022\/05\/Icone02-230x230.png 230w, https:\/\/redelog.rj.gov.br\/redecompras\/wp-content\/uploads\/2022\/05\/Icone02-400x400.png 400w, https:\/\/redelog.rj.gov.br\/redecompras\/wp-content\/uploads\/2022\/05\/Icone02-600x600.png 600w, https:\/\/redelog.rj.gov.br\/redecompras\/wp-content\/uploads\/2022\/05\/Icone02-640x640.png 640w, https:\/\/redelog.rj.gov.br\/redecompras\/wp-content\/uploads\/2022\/05\/Icone02.png 778w\" sizes=\"(max-width: 150px) 100vw, 150px\" \/>O SICAF, que \u00e9 o Sistema de Cadastramento Unificado de Fornecedores, tem como \u00f3rg\u00e3o respons\u00e1vel pela sua coordena\u00e7\u00e3o a Secretaria de Gest\u00e3o do Minist\u00e9rio da Economia e \u00e9 uma ferramenta 100% digital, atrav\u00e9s da qual ocorre o cadastramento de fornecedores nacionais e estrangeiros para participa\u00e7\u00e3o em licita\u00e7\u00f5es, dispensas, inexigibilidades, contratos p\u00fablicos no Sistema Compras.gov.br .<\/p><p style=\"text-align: justify;\">Para o <strong>fornecedor interessado em se cadastrar<\/strong>, basta que o mesmo acesse o SICAF no Portal de Compras do Governo Federal, no s\u00edtio eletr\u00f4nico <a href=\"http:\/\/www.compras.gov.br\" target=\"_blank\" rel=\"noopener\">www.compras.gov.br<\/a>, por meio de certificado digital Pessoa F\u00edsica (e-CPF) ou Pessoa Jur\u00eddica (e-CNPJ), preste as informa\u00e7\u00f5es necess\u00e1rias e apresente digitalmente a documenta\u00e7\u00e3o solicitada.<\/p><p style=\"text-align: justify;\">\u00c0 exce\u00e7\u00e3o do CPF e do CNPJ, que devem ser informados para obten\u00e7\u00e3o dos dados cadastrados na Receita Federal do Brasil, e das certid\u00f5es correspondentes \u00e0 regularidade fiscal federal e trabalhista, obtidas por compartilhamento de dados entre \u00f3rg\u00e3os, o sistema oferecer\u00e1 campo pr\u00f3prio para inser\u00e7\u00e3o dos demais documentos exigidos para sua inscri\u00e7\u00e3o no SICAF em formato digital.<\/p><p style=\"text-align: justify;\">O <strong>cadastramento no SICAF<\/strong> \u00e9 realizado <strong>sem \u00f4nus<\/strong> e compreende os seguintes <strong>n\u00edveis<\/strong>: credenciamento (<strong>N\u00edvel I<\/strong>), habilita\u00e7\u00e3o jur\u00eddica (<strong>N\u00edvel II<\/strong>), regularidade fiscal federal e trabalhista (<strong>N\u00edvel III<\/strong>), regularidade fiscal estadual e\/ou municipal (<strong>N\u00edvel IV<\/strong>), qualifica\u00e7\u00e3o t\u00e9cnica (<strong>N\u00edvel V<\/strong>) e qualifica\u00e7\u00e3o econ\u00f4mico-financeira (<strong>N\u00edvel VI<\/strong>).<\/p><p style=\"text-align: justify;\">Al\u00e9m de conter os <strong>registros da habilita\u00e7\u00e3o jur\u00eddica<\/strong>, da <strong>regularidade fiscal<\/strong> e da <strong>qualifica\u00e7\u00e3o econ\u00f4mico-financeira<\/strong>, o sistema tamb\u00e9m cont\u00e9m as <strong>san\u00e7\u00f5es aplicadas pela Administra\u00e7\u00e3o P\u00fablica<\/strong>, conforme previsto em legisla\u00e7\u00e3o, em especial as que acarretem a proibi\u00e7\u00e3o de participa\u00e7\u00e3o em licita\u00e7\u00f5es e celebra\u00e7\u00e3o de contratos com o Poder P\u00fablico.<\/p><p style=\"text-align: justify;\">Uma vez inscrito no SICAF, o fornecedor estar\u00e1 cadastrado perante qualquer \u00f3rg\u00e3o ou entidade integrante do SISG, que s\u00e3o os \u00f3rg\u00e3os do Poder Executivo Federal, e tamb\u00e9m aos \u00f3rg\u00e3os que tenham aderido ao Sistema Integrado de Administra\u00e7\u00e3o de Servi\u00e7os Gerais (SIASG), como, por exemplo, os \u00f3rg\u00e3os de outros poderes ou de outros estados e munic\u00edpios.<\/p><p style=\"text-align: justify;\">O <strong>registro cadastral dos fornecedores<\/strong>, bem como a sua <strong>renova\u00e7\u00e3o<\/strong>, \u00e9 <strong>v\u00e1lido pelo prazo de<\/strong> <strong>um ano<\/strong>.<\/p>\t\t\t\t\t\t\t\t<\/div>\n\t\t\t\t<\/div>\n\t\t\t\t<div class=\"elementor-element elementor-element-166b12f elementor-widget elementor-widget-heading\" data-id=\"166b12f\" data-element_type=\"widget\" data-widget_type=\"heading.default\">\n\t\t\t\t<div class=\"elementor-widget-container\">\n\t\t\t\t\t<h2 class=\"elementor-heading-title elementor-size-large\">Perguntas e Respostas: <\/h2>\t\t\t\t<\/div>\n\t\t\t\t<\/div>\n\t\t\t\t<div class=\"elementor-element elementor-element-bf1da4f elementor-widget-divider--view-line elementor-widget elementor-widget-divider\" data-id=\"bf1da4f\" data-element_type=\"widget\" data-widget_type=\"divider.default\">\n\t\t\t\t<div class=\"elementor-widget-container\">\n\t\t\t\t\t\t\t<div class=\"elementor-divider\">\n\t\t\t<span class=\"elementor-divider-separator\">\n\t\t\t\t\t\t<\/span>\n\t\t<\/div>\n\t\t\t\t\t\t<\/div>\n\t\t\t\t<\/div>\n\t\t\t\t<div class=\"elementor-element elementor-element-8330092 elementor-widget elementor-widget-toggle\" data-id=\"8330092\" data-element_type=\"widget\" data-widget_type=\"toggle.default\">\n\t\t\t\t<div class=\"elementor-widget-container\">\n\t\t\t\t\t\t\t<div class=\"elementor-toggle\">\n\t\t\t\t\t\t\t<div class=\"elementor-toggle-item\">\n\t\t\t\t\t<div id=\"elementor-tab-title-1371\" class=\"elementor-tab-title\" data-tab=\"1\" role=\"button\" aria-controls=\"elementor-tab-content-1371\" aria-expanded=\"false\">\n\t\t\t\t\t\t\t\t\t\t\t\t<span class=\"elementor-toggle-icon elementor-toggle-icon-left\" aria-hidden=\"true\">\n\t\t\t\t\t\t\t\t\t\t\t\t\t\t\t<span class=\"elementor-toggle-icon-closed\"><i class=\"fas fa-caret-right\"><\/i><\/span>\n\t\t\t\t\t\t\t\t<span class=\"elementor-toggle-icon-opened\"><i class=\"elementor-toggle-icon-opened fas fa-caret-up\"><\/i><\/span>\n\t\t\t\t\t\t\t\t\t\t\t\t\t<\/span>\n\t\t\t\t\t\t\t\t\t\t\t\t<a class=\"elementor-toggle-title\" tabindex=\"0\">1. Como acessar o SICAF?<\/a>\n\t\t\t\t\t<\/div>\n\n\t\t\t\t\t<div id=\"elementor-tab-content-1371\" class=\"elementor-tab-content elementor-clearfix\" data-tab=\"1\" role=\"region\" aria-labelledby=\"elementor-tab-title-1371\"><p style=\"text-align: justify;\">Passo 1. O primeiro passo \u00e9 realizar o acesso \u00e0 p\u00e1gina do Portal de Compras do Governo Federal atrav\u00e9s do endere\u00e7o <a href=\"http:\/\/www.compras.gov.br\" target=\"_blank\" rel=\"noopener\">www.compras.gov.br<\/a> Depois, selecionar no menu: <strong>Sistemas &gt;<\/strong> <strong>Compras.gov.br &gt; SICAF Digital<\/strong>.<\/p><p><img fetchpriority=\"high\" decoding=\"async\" class=\"aligncenter wp-image-5944 size-full\" src=\"http:\/\/redelog.rj.gov.br\/redecompras\/wp-content\/uploads\/2022\/05\/SICAF-1-1.png\" alt=\"\" width=\"563\" height=\"355\" srcset=\"https:\/\/redelog.rj.gov.br\/redecompras\/wp-content\/uploads\/2022\/05\/SICAF-1-1.png 563w, https:\/\/redelog.rj.gov.br\/redecompras\/wp-content\/uploads\/2022\/05\/SICAF-1-1-300x189.png 300w\" sizes=\"(max-width: 563px) 100vw, 563px\" \/><\/p><p style=\"text-align: justify;\">Passo 2. Na pr\u00f3xima p\u00e1gina, o portal traz os links de acesso aos ambientes de <strong>produ\u00e7\u00e3o<\/strong> e de <strong>treinamento<\/strong>:<\/p><p><img decoding=\"async\" class=\"aligncenter wp-image-5945 size-full\" src=\"http:\/\/redelog.rj.gov.br\/redecompras\/wp-content\/uploads\/2022\/05\/SICAF-2-1.png\" alt=\"\" width=\"567\" height=\"295\" srcset=\"https:\/\/redelog.rj.gov.br\/redecompras\/wp-content\/uploads\/2022\/05\/SICAF-2-1.png 567w, https:\/\/redelog.rj.gov.br\/redecompras\/wp-content\/uploads\/2022\/05\/SICAF-2-1-300x156.png 300w\" sizes=\"(max-width: 567px) 100vw, 567px\" \/><\/p><p style=\"text-align: justify;\">Passo 3. Antes de realizar o acesso ao sistema, \u00e9 poss\u00edvel fazer algumas consultas p\u00fablicas, como <strong>Certificado de Registro Cadastral &#8211; CRC,<\/strong> <strong>Linhas de Fornecimento<\/strong>, <strong>Restri\u00e7\u00e3o de Contratar com a Administra\u00e7\u00e3o P\u00fablica<\/strong>, al\u00e9m de poder trocar a configura\u00e7\u00e3o do sistema para <strong>Ingl\u00eas<\/strong> ou <strong>Espanhol<\/strong>. Para acessar o sistema, selecione a op\u00e7\u00e3o <strong>Governo<\/strong> e informe as credenciais: o <strong>CPF<\/strong> e a <strong>senha<\/strong> e clique no bot\u00e3o <strong>Entrar<\/strong>:<\/p><p><img loading=\"lazy\" decoding=\"async\" class=\"aligncenter wp-image-5946 size-full\" src=\"http:\/\/redelog.rj.gov.br\/redecompras\/wp-content\/uploads\/2022\/05\/SICAF-3-1.png\" alt=\"\" width=\"526\" height=\"342\" srcset=\"https:\/\/redelog.rj.gov.br\/redecompras\/wp-content\/uploads\/2022\/05\/SICAF-3-1.png 526w, https:\/\/redelog.rj.gov.br\/redecompras\/wp-content\/uploads\/2022\/05\/SICAF-3-1-300x195.png 300w\" sizes=\"(max-width: 526px) 100vw, 526px\" \/><\/p><p><strong>Consultas P\u00fablicas:<\/strong><\/p><p><img loading=\"lazy\" decoding=\"async\" class=\"aligncenter wp-image-5947 size-full\" src=\"http:\/\/redelog.rj.gov.br\/redecompras\/wp-content\/uploads\/2022\/05\/SICAF-4-1.png\" alt=\"\" width=\"504\" height=\"313\" srcset=\"https:\/\/redelog.rj.gov.br\/redecompras\/wp-content\/uploads\/2022\/05\/SICAF-4-1.png 504w, https:\/\/redelog.rj.gov.br\/redecompras\/wp-content\/uploads\/2022\/05\/SICAF-4-1-300x186.png 300w\" sizes=\"(max-width: 504px) 100vw, 504px\" \/><\/p><p><img loading=\"lazy\" decoding=\"async\" class=\"aligncenter wp-image-5948 size-full\" src=\"http:\/\/redelog.rj.gov.br\/redecompras\/wp-content\/uploads\/2022\/05\/SICAF-5-1.png\" alt=\"\" width=\"505\" height=\"313\" srcset=\"https:\/\/redelog.rj.gov.br\/redecompras\/wp-content\/uploads\/2022\/05\/SICAF-5-1.png 505w, https:\/\/redelog.rj.gov.br\/redecompras\/wp-content\/uploads\/2022\/05\/SICAF-5-1-300x186.png 300w\" sizes=\"(max-width: 505px) 100vw, 505px\" \/><\/p><p><img loading=\"lazy\" decoding=\"async\" class=\"aligncenter wp-image-5949 size-full\" src=\"http:\/\/redelog.rj.gov.br\/redecompras\/wp-content\/uploads\/2022\/05\/SICAF-6-1.png\" alt=\"\" width=\"508\" height=\"351\" srcset=\"https:\/\/redelog.rj.gov.br\/redecompras\/wp-content\/uploads\/2022\/05\/SICAF-6-1.png 508w, https:\/\/redelog.rj.gov.br\/redecompras\/wp-content\/uploads\/2022\/05\/SICAF-6-1-300x207.png 300w\" sizes=\"(max-width: 508px) 100vw, 508px\" \/><\/p><p><img loading=\"lazy\" decoding=\"async\" class=\"aligncenter wp-image-5950 size-full\" src=\"http:\/\/redelog.rj.gov.br\/redecompras\/wp-content\/uploads\/2022\/05\/SICAF-7-1.jpg\" alt=\"\" width=\"571\" height=\"280\" srcset=\"https:\/\/redelog.rj.gov.br\/redecompras\/wp-content\/uploads\/2022\/05\/SICAF-7-1.jpg 571w, https:\/\/redelog.rj.gov.br\/redecompras\/wp-content\/uploads\/2022\/05\/SICAF-7-1-300x147.jpg 300w\" sizes=\"(max-width: 571px) 100vw, 571px\" \/><\/p><p style=\"text-align: justify;\">Passo 5. Na \u00c1rea de Trabalho do Compras.gov.br, selecione o \u00edcone do SICAF:<\/p><p><img loading=\"lazy\" decoding=\"async\" class=\"aligncenter wp-image-5951 size-full\" src=\"http:\/\/redelog.rj.gov.br\/redecompras\/wp-content\/uploads\/2022\/05\/SICAF-8-1.png\" alt=\"\" width=\"567\" height=\"317\" srcset=\"https:\/\/redelog.rj.gov.br\/redecompras\/wp-content\/uploads\/2022\/05\/SICAF-8-1.png 567w, https:\/\/redelog.rj.gov.br\/redecompras\/wp-content\/uploads\/2022\/05\/SICAF-8-1-300x168.png 300w, https:\/\/redelog.rj.gov.br\/redecompras\/wp-content\/uploads\/2022\/05\/SICAF-8-1-150x85.png 150w\" sizes=\"(max-width: 567px) 100vw, 567px\" \/><\/p><p style=\"text-align: justify;\"><strong>Obs:<\/strong> Ao entrar no SICAF, aparece uma mensagem de aviso de car\u00e1cter geral, com explica\u00e7\u00f5es sobre o sistema, o normativo que o regula, al\u00e9m da orienta\u00e7\u00e3o de como acessar a Central de Atendimento ao usu\u00e1rio.<\/p><p><img loading=\"lazy\" decoding=\"async\" class=\"aligncenter wp-image-5952 size-full\" src=\"http:\/\/redelog.rj.gov.br\/redecompras\/wp-content\/uploads\/2022\/05\/SICAF-9-1.png\" alt=\"\" width=\"287\" height=\"244\" \/><\/p><p><img loading=\"lazy\" decoding=\"async\" class=\"aligncenter wp-image-5953 size-full\" src=\"http:\/\/redelog.rj.gov.br\/redecompras\/wp-content\/uploads\/2022\/05\/SICAF-10-1.png\" alt=\"\" width=\"567\" height=\"225\" srcset=\"https:\/\/redelog.rj.gov.br\/redecompras\/wp-content\/uploads\/2022\/05\/SICAF-10-1.png 567w, https:\/\/redelog.rj.gov.br\/redecompras\/wp-content\/uploads\/2022\/05\/SICAF-10-1-300x119.png 300w\" sizes=\"(max-width: 567px) 100vw, 567px\" \/><\/p><\/div>\n\t\t\t\t<\/div>\n\t\t\t\t\t\t\t<div class=\"elementor-toggle-item\">\n\t\t\t\t\t<div id=\"elementor-tab-title-1372\" class=\"elementor-tab-title\" data-tab=\"2\" role=\"button\" aria-controls=\"elementor-tab-content-1372\" aria-expanded=\"false\">\n\t\t\t\t\t\t\t\t\t\t\t\t<span class=\"elementor-toggle-icon elementor-toggle-icon-left\" aria-hidden=\"true\">\n\t\t\t\t\t\t\t\t\t\t\t\t\t\t\t<span class=\"elementor-toggle-icon-closed\"><i class=\"fas fa-caret-right\"><\/i><\/span>\n\t\t\t\t\t\t\t\t<span class=\"elementor-toggle-icon-opened\"><i class=\"elementor-toggle-icon-opened fas fa-caret-up\"><\/i><\/span>\n\t\t\t\t\t\t\t\t\t\t\t\t\t<\/span>\n\t\t\t\t\t\t\t\t\t\t\t\t<a class=\"elementor-toggle-title\" tabindex=\"0\">2. Quantos m\u00f3dulos tem o SICAF?<\/a>\n\t\t\t\t\t<\/div>\n\n\t\t\t\t\t<div id=\"elementor-tab-content-1372\" class=\"elementor-tab-content elementor-clearfix\" data-tab=\"2\" role=\"region\" aria-labelledby=\"elementor-tab-title-1372\"><p style=\"text-align: justify;\">O sistema \u00e9 dividido em tr\u00eas m\u00f3dulos: <strong>consulta, cadastro e seguran\u00e7a.<\/strong><\/p><p>\u00a0<\/p><\/div>\n\t\t\t\t<\/div>\n\t\t\t\t\t\t\t<div class=\"elementor-toggle-item\">\n\t\t\t\t\t<div id=\"elementor-tab-title-1373\" class=\"elementor-tab-title\" data-tab=\"3\" role=\"button\" aria-controls=\"elementor-tab-content-1373\" aria-expanded=\"false\">\n\t\t\t\t\t\t\t\t\t\t\t\t<span class=\"elementor-toggle-icon elementor-toggle-icon-left\" aria-hidden=\"true\">\n\t\t\t\t\t\t\t\t\t\t\t\t\t\t\t<span class=\"elementor-toggle-icon-closed\"><i class=\"fas fa-caret-right\"><\/i><\/span>\n\t\t\t\t\t\t\t\t<span class=\"elementor-toggle-icon-opened\"><i class=\"elementor-toggle-icon-opened fas fa-caret-up\"><\/i><\/span>\n\t\t\t\t\t\t\t\t\t\t\t\t\t<\/span>\n\t\t\t\t\t\t\t\t\t\t\t\t<a class=\"elementor-toggle-title\" tabindex=\"0\">3. Al\u00e9m das Consultas P\u00fablicas no SICAF, que podem ser feitas sem acessar o sistema, quais outras consultas est\u00e3o dispon\u00edveis?<\/a>\n\t\t\t\t\t<\/div>\n\n\t\t\t\t\t<div id=\"elementor-tab-content-1373\" class=\"elementor-tab-content elementor-clearfix\" data-tab=\"3\" role=\"region\" aria-labelledby=\"elementor-tab-title-1373\"><p style=\"text-align: justify;\">Podemos obter diversas informa\u00e7\u00f5es dos fornecedores, como: se est\u00e1 cadastrado ou n\u00e3o no sistema, se h\u00e1 alguma penalidade registrada, sobre a linha de fornecimento, os dirigentes, al\u00e9m de informa\u00e7\u00f5es dos documentos da empresa relativos \u00e0 habilita\u00e7\u00e3o jur\u00eddica, regularidade fiscal e trabalhista, regularidade fiscal estadual e municipal, qualifica\u00e7\u00e3o t\u00e9cnica e qualifica\u00e7\u00e3o econ\u00f4mico-financeira.<\/p><p style=\"text-align: justify;\">O sistema possibilita realizar a <strong>consulta<\/strong> de <strong>pessoas jur\u00eddicas<\/strong>, <strong>pessoas f\u00edsicas<\/strong> e <strong>fornecedores estrangeiros<\/strong>. No caso dos <strong>fornecedores estrangeiros<\/strong> a consulta dever\u00e1 ser realizada pelo <strong>n\u00famero Duns<\/strong> (<strong>Data Universal Numbering System<\/strong>), pois empresas estrangeiras n\u00e3o possuem CNPJ e essa numera\u00e7\u00e3o \u00e9 universal.<\/p><p style=\"text-align: justify;\">No menu <strong>Consulta<\/strong>, h\u00e1 onze consultas dispon\u00edveis (veja a seguir):<\/p><p><img loading=\"lazy\" decoding=\"async\" class=\"aligncenter wp-image-5954 size-full\" src=\"http:\/\/redelog.rj.gov.br\/redecompras\/wp-content\/uploads\/2022\/05\/SICAF-11-1.png\" alt=\"\" width=\"591\" height=\"302\" srcset=\"https:\/\/redelog.rj.gov.br\/redecompras\/wp-content\/uploads\/2022\/05\/SICAF-11-1.png 591w, https:\/\/redelog.rj.gov.br\/redecompras\/wp-content\/uploads\/2022\/05\/SICAF-11-1-300x153.png 300w\" sizes=\"(max-width: 591px) 100vw, 591px\" \/><\/p><p><img loading=\"lazy\" decoding=\"async\" class=\"aligncenter wp-image-5955 size-full\" src=\"http:\/\/redelog.rj.gov.br\/redecompras\/wp-content\/uploads\/2022\/05\/SICAF-12-1.png\" alt=\"\" width=\"230\" height=\"245\" \/><\/p><p><img loading=\"lazy\" decoding=\"async\" class=\"aligncenter wp-image-5956 size-full\" src=\"http:\/\/redelog.rj.gov.br\/redecompras\/wp-content\/uploads\/2022\/05\/SICAF-13-1.png\" alt=\"\" width=\"452\" height=\"535\" srcset=\"https:\/\/redelog.rj.gov.br\/redecompras\/wp-content\/uploads\/2022\/05\/SICAF-13-1.png 452w, https:\/\/redelog.rj.gov.br\/redecompras\/wp-content\/uploads\/2022\/05\/SICAF-13-1-253x300.png 253w\" sizes=\"(max-width: 452px) 100vw, 452px\" \/><\/p><p><img loading=\"lazy\" decoding=\"async\" class=\"aligncenter wp-image-5957 size-full\" src=\"http:\/\/redelog.rj.gov.br\/redecompras\/wp-content\/uploads\/2022\/05\/SICAF-14-1.png\" alt=\"\" width=\"567\" height=\"391\" srcset=\"https:\/\/redelog.rj.gov.br\/redecompras\/wp-content\/uploads\/2022\/05\/SICAF-14-1.png 567w, https:\/\/redelog.rj.gov.br\/redecompras\/wp-content\/uploads\/2022\/05\/SICAF-14-1-300x207.png 300w\" sizes=\"(max-width: 567px) 100vw, 567px\" \/><\/p><p><img loading=\"lazy\" decoding=\"async\" class=\"aligncenter wp-image-5958 size-full\" src=\"http:\/\/redelog.rj.gov.br\/redecompras\/wp-content\/uploads\/2022\/05\/SICAF-15-1.png\" alt=\"\" width=\"464\" height=\"518\" srcset=\"https:\/\/redelog.rj.gov.br\/redecompras\/wp-content\/uploads\/2022\/05\/SICAF-15-1.png 464w, https:\/\/redelog.rj.gov.br\/redecompras\/wp-content\/uploads\/2022\/05\/SICAF-15-1-269x300.png 269w\" sizes=\"(max-width: 464px) 100vw, 464px\" \/><\/p><p><img loading=\"lazy\" decoding=\"async\" class=\"aligncenter wp-image-5959 size-full\" src=\"http:\/\/redelog.rj.gov.br\/redecompras\/wp-content\/uploads\/2022\/05\/SICAF-16-1.png\" alt=\"\" width=\"486\" height=\"395\" srcset=\"https:\/\/redelog.rj.gov.br\/redecompras\/wp-content\/uploads\/2022\/05\/SICAF-16-1.png 486w, https:\/\/redelog.rj.gov.br\/redecompras\/wp-content\/uploads\/2022\/05\/SICAF-16-1-300x244.png 300w\" sizes=\"(max-width: 486px) 100vw, 486px\" \/><\/p><p><img loading=\"lazy\" decoding=\"async\" class=\"aligncenter wp-image-5960 size-full\" src=\"http:\/\/redelog.rj.gov.br\/redecompras\/wp-content\/uploads\/2022\/05\/SICAF-17-1.png\" alt=\"\" width=\"473\" height=\"308\" srcset=\"https:\/\/redelog.rj.gov.br\/redecompras\/wp-content\/uploads\/2022\/05\/SICAF-17-1.png 473w, https:\/\/redelog.rj.gov.br\/redecompras\/wp-content\/uploads\/2022\/05\/SICAF-17-1-300x195.png 300w\" sizes=\"(max-width: 473px) 100vw, 473px\" \/><\/p><p><img loading=\"lazy\" decoding=\"async\" class=\"aligncenter wp-image-5962 size-full\" src=\"http:\/\/redelog.rj.gov.br\/redecompras\/wp-content\/uploads\/2022\/05\/SICAF-19-1.png\" alt=\"\" width=\"460\" height=\"304\" srcset=\"https:\/\/redelog.rj.gov.br\/redecompras\/wp-content\/uploads\/2022\/05\/SICAF-19-1.png 460w, https:\/\/redelog.rj.gov.br\/redecompras\/wp-content\/uploads\/2022\/05\/SICAF-19-1-300x198.png 300w\" sizes=\"(max-width: 460px) 100vw, 460px\" \/><\/p><p><img loading=\"lazy\" decoding=\"async\" class=\"aligncenter wp-image-5963 size-full\" src=\"http:\/\/redelog.rj.gov.br\/redecompras\/wp-content\/uploads\/2022\/05\/SICAF-20-1.png\" alt=\"\" width=\"449\" height=\"159\" srcset=\"https:\/\/redelog.rj.gov.br\/redecompras\/wp-content\/uploads\/2022\/05\/SICAF-20-1.png 449w, https:\/\/redelog.rj.gov.br\/redecompras\/wp-content\/uploads\/2022\/05\/SICAF-20-1-300x106.png 300w\" sizes=\"(max-width: 449px) 100vw, 449px\" \/><\/p><p><img loading=\"lazy\" decoding=\"async\" class=\"aligncenter wp-image-5964 size-full\" src=\"http:\/\/redelog.rj.gov.br\/redecompras\/wp-content\/uploads\/2022\/05\/SICAF-21-1.png\" alt=\"\" width=\"618\" height=\"693\" srcset=\"https:\/\/redelog.rj.gov.br\/redecompras\/wp-content\/uploads\/2022\/05\/SICAF-21-1.png 618w, https:\/\/redelog.rj.gov.br\/redecompras\/wp-content\/uploads\/2022\/05\/SICAF-21-1-268x300.png 268w, https:\/\/redelog.rj.gov.br\/redecompras\/wp-content\/uploads\/2022\/05\/SICAF-21-1-600x673.png 600w\" sizes=\"(max-width: 618px) 100vw, 618px\" \/><\/p><p><img loading=\"lazy\" decoding=\"async\" class=\"aligncenter wp-image-5965 size-full\" src=\"http:\/\/redelog.rj.gov.br\/redecompras\/wp-content\/uploads\/2022\/05\/SICAF-22-1.png\" alt=\"\" width=\"569\" height=\"251\" srcset=\"https:\/\/redelog.rj.gov.br\/redecompras\/wp-content\/uploads\/2022\/05\/SICAF-22-1.png 569w, https:\/\/redelog.rj.gov.br\/redecompras\/wp-content\/uploads\/2022\/05\/SICAF-22-1-300x132.png 300w\" sizes=\"(max-width: 569px) 100vw, 569px\" \/><\/p><p style=\"text-align: justify;\"><strong>Consulta N\u00edvel I \u2013 Credenciamento:<\/strong><\/p><p><img loading=\"lazy\" decoding=\"async\" class=\"aligncenter wp-image-5966 size-full\" src=\"http:\/\/redelog.rj.gov.br\/redecompras\/wp-content\/uploads\/2022\/05\/SICAF-23-1.png\" alt=\"\" width=\"508\" height=\"600\" srcset=\"https:\/\/redelog.rj.gov.br\/redecompras\/wp-content\/uploads\/2022\/05\/SICAF-23-1.png 508w, https:\/\/redelog.rj.gov.br\/redecompras\/wp-content\/uploads\/2022\/05\/SICAF-23-1-254x300.png 254w\" sizes=\"(max-width: 508px) 100vw, 508px\" \/><\/p><p><img loading=\"lazy\" decoding=\"async\" class=\"aligncenter wp-image-5967 size-full\" src=\"http:\/\/redelog.rj.gov.br\/redecompras\/wp-content\/uploads\/2022\/05\/SICAF-24-1.png\" alt=\"\" width=\"512\" height=\"258\" srcset=\"https:\/\/redelog.rj.gov.br\/redecompras\/wp-content\/uploads\/2022\/05\/SICAF-24-1.png 512w, https:\/\/redelog.rj.gov.br\/redecompras\/wp-content\/uploads\/2022\/05\/SICAF-24-1-300x151.png 300w\" sizes=\"(max-width: 512px) 100vw, 512px\" \/><\/p><p style=\"text-align: justify;\"><strong>Consulta N\u00edvel II \u2013 Habilita\u00e7\u00e3o Jur\u00eddica:<\/strong><\/p><p><img loading=\"lazy\" decoding=\"async\" class=\"aligncenter wp-image-5968 size-full\" src=\"http:\/\/redelog.rj.gov.br\/redecompras\/wp-content\/uploads\/2022\/05\/SICAF-25-1.png\" alt=\"\" width=\"616\" height=\"573\" srcset=\"https:\/\/redelog.rj.gov.br\/redecompras\/wp-content\/uploads\/2022\/05\/SICAF-25-1.png 616w, https:\/\/redelog.rj.gov.br\/redecompras\/wp-content\/uploads\/2022\/05\/SICAF-25-1-300x279.png 300w, https:\/\/redelog.rj.gov.br\/redecompras\/wp-content\/uploads\/2022\/05\/SICAF-25-1-600x558.png 600w\" sizes=\"(max-width: 616px) 100vw, 616px\" \/><\/p><p><img loading=\"lazy\" decoding=\"async\" class=\"aligncenter wp-image-5969 size-full\" src=\"http:\/\/redelog.rj.gov.br\/redecompras\/wp-content\/uploads\/2022\/05\/SICAF-26-1.png\" alt=\"\" width=\"545\" height=\"455\" srcset=\"https:\/\/redelog.rj.gov.br\/redecompras\/wp-content\/uploads\/2022\/05\/SICAF-26-1.png 545w, https:\/\/redelog.rj.gov.br\/redecompras\/wp-content\/uploads\/2022\/05\/SICAF-26-1-300x250.png 300w\" sizes=\"(max-width: 545px) 100vw, 545px\" \/><\/p><p style=\"text-align: justify;\"><strong>Consulta N\u00edvel IV \u2013 Regularidade Fiscal Estadual\/Distrital e Municipal:<\/strong><\/p><p><img loading=\"lazy\" decoding=\"async\" class=\"aligncenter wp-image-5970 size-full\" src=\"http:\/\/redelog.rj.gov.br\/redecompras\/wp-content\/uploads\/2022\/05\/SICAF-27-1.png\" alt=\"\" width=\"594\" height=\"311\" srcset=\"https:\/\/redelog.rj.gov.br\/redecompras\/wp-content\/uploads\/2022\/05\/SICAF-27-1.png 594w, https:\/\/redelog.rj.gov.br\/redecompras\/wp-content\/uploads\/2022\/05\/SICAF-27-1-300x157.png 300w\" sizes=\"(max-width: 594px) 100vw, 594px\" \/><\/p><p style=\"text-align: justify;\"><strong>Consulta N\u00edvel V \u2013 Qualifica\u00e7\u00e3o T\u00e9cnica:<\/strong><\/p><p style=\"text-align: justify;\">O cadastramento no n\u00edvel V supre a exig\u00eancia do inciso I, art. 30, da Lei n\u00ba 8.666, de 21 de junho de 1993, n\u00e3o sendo de car\u00e1ter obrigat\u00f3rio. Por\u00e9m, quando o cadastramento nesse n\u00edvel \u00e9 realizado, o fornecedor dever\u00e1 inserir no sistema os seguintes documentos: Registro ou Inscri\u00e7\u00e3o na Entidade de Classe Competente.<\/p><p><img loading=\"lazy\" decoding=\"async\" class=\"aligncenter wp-image-5971 size-full\" src=\"http:\/\/redelog.rj.gov.br\/redecompras\/wp-content\/uploads\/2022\/05\/SICAF-28-1.png\" alt=\"\" width=\"594\" height=\"317\" srcset=\"https:\/\/redelog.rj.gov.br\/redecompras\/wp-content\/uploads\/2022\/05\/SICAF-28-1.png 594w, https:\/\/redelog.rj.gov.br\/redecompras\/wp-content\/uploads\/2022\/05\/SICAF-28-1-300x160.png 300w\" sizes=\"(max-width: 594px) 100vw, 594px\" \/><\/p><p style=\"text-align: justify;\"><strong>Consulta N\u00edvel VI \u2013 Qualifica\u00e7\u00e3o Econ\u00f4mico-Financeira:<\/strong><\/p><p><img loading=\"lazy\" decoding=\"async\" class=\"aligncenter wp-image-5972 size-full\" src=\"http:\/\/redelog.rj.gov.br\/redecompras\/wp-content\/uploads\/2022\/05\/SICAF-29-1.png\" alt=\"\" width=\"583\" height=\"258\" srcset=\"https:\/\/redelog.rj.gov.br\/redecompras\/wp-content\/uploads\/2022\/05\/SICAF-29-1.png 583w, https:\/\/redelog.rj.gov.br\/redecompras\/wp-content\/uploads\/2022\/05\/SICAF-29-1-300x133.png 300w\" sizes=\"(max-width: 583px) 100vw, 583px\" \/><\/p><p><img loading=\"lazy\" decoding=\"async\" class=\"aligncenter wp-image-5973 size-full\" src=\"http:\/\/redelog.rj.gov.br\/redecompras\/wp-content\/uploads\/2022\/05\/SICAF-30-1.png\" alt=\"\" width=\"616\" height=\"511\" srcset=\"https:\/\/redelog.rj.gov.br\/redecompras\/wp-content\/uploads\/2022\/05\/SICAF-30-1.png 616w, https:\/\/redelog.rj.gov.br\/redecompras\/wp-content\/uploads\/2022\/05\/SICAF-30-1-300x249.png 300w, https:\/\/redelog.rj.gov.br\/redecompras\/wp-content\/uploads\/2022\/05\/SICAF-30-1-600x498.png 600w\" sizes=\"(max-width: 616px) 100vw, 616px\" \/><\/p><p><img loading=\"lazy\" decoding=\"async\" class=\"aligncenter wp-image-5974 size-full\" src=\"http:\/\/redelog.rj.gov.br\/redecompras\/wp-content\/uploads\/2022\/05\/SICAF-31-1.png\" alt=\"\" width=\"623\" height=\"326\" srcset=\"https:\/\/redelog.rj.gov.br\/redecompras\/wp-content\/uploads\/2022\/05\/SICAF-31-1.png 623w, https:\/\/redelog.rj.gov.br\/redecompras\/wp-content\/uploads\/2022\/05\/SICAF-31-1-300x157.png 300w, https:\/\/redelog.rj.gov.br\/redecompras\/wp-content\/uploads\/2022\/05\/SICAF-31-1-600x314.png 600w\" sizes=\"(max-width: 623px) 100vw, 623px\" \/><\/p><p><img loading=\"lazy\" decoding=\"async\" class=\"aligncenter wp-image-6092 size-full\" src=\"http:\/\/redelog.rj.gov.br\/redecompras\/wp-content\/uploads\/2022\/05\/sicaf-socio.png\" alt=\"\" width=\"647\" height=\"331\" srcset=\"https:\/\/redelog.rj.gov.br\/redecompras\/wp-content\/uploads\/2022\/05\/sicaf-socio.png 647w, https:\/\/redelog.rj.gov.br\/redecompras\/wp-content\/uploads\/2022\/05\/sicaf-socio-300x153.png 300w, https:\/\/redelog.rj.gov.br\/redecompras\/wp-content\/uploads\/2022\/05\/sicaf-socio-600x307.png 600w\" sizes=\"(max-width: 647px) 100vw, 647px\" \/><\/p><p><img loading=\"lazy\" decoding=\"async\" class=\"aligncenter wp-image-5976 size-full\" src=\"http:\/\/redelog.rj.gov.br\/redecompras\/wp-content\/uploads\/2022\/05\/SICAF-33-1.png\" alt=\"\" width=\"621\" height=\"532\" srcset=\"https:\/\/redelog.rj.gov.br\/redecompras\/wp-content\/uploads\/2022\/05\/SICAF-33-1.png 621w, https:\/\/redelog.rj.gov.br\/redecompras\/wp-content\/uploads\/2022\/05\/SICAF-33-1-300x257.png 300w, https:\/\/redelog.rj.gov.br\/redecompras\/wp-content\/uploads\/2022\/05\/SICAF-33-1-600x514.png 600w\" sizes=\"(max-width: 621px) 100vw, 621px\" \/><\/p><p><img loading=\"lazy\" decoding=\"async\" class=\"aligncenter wp-image-5977 size-full\" src=\"http:\/\/redelog.rj.gov.br\/redecompras\/wp-content\/uploads\/2022\/05\/SICAF-34-1.png\" alt=\"\" width=\"562\" height=\"279\" srcset=\"https:\/\/redelog.rj.gov.br\/redecompras\/wp-content\/uploads\/2022\/05\/SICAF-34-1.png 562w, https:\/\/redelog.rj.gov.br\/redecompras\/wp-content\/uploads\/2022\/05\/SICAF-34-1-300x149.png 300w\" sizes=\"(max-width: 562px) 100vw, 562px\" \/><\/p><p><img loading=\"lazy\" decoding=\"async\" class=\"aligncenter wp-image-5978 size-full\" src=\"http:\/\/redelog.rj.gov.br\/redecompras\/wp-content\/uploads\/2022\/05\/SICAF-35-1.png\" alt=\"\" width=\"562\" height=\"612\" srcset=\"https:\/\/redelog.rj.gov.br\/redecompras\/wp-content\/uploads\/2022\/05\/SICAF-35-1.png 562w, https:\/\/redelog.rj.gov.br\/redecompras\/wp-content\/uploads\/2022\/05\/SICAF-35-1-275x300.png 275w\" sizes=\"(max-width: 562px) 100vw, 562px\" \/><\/p><p><img loading=\"lazy\" decoding=\"async\" class=\"aligncenter wp-image-5979 size-full\" src=\"http:\/\/redelog.rj.gov.br\/redecompras\/wp-content\/uploads\/2022\/05\/SICAF-36-1.png\" alt=\"\" width=\"569\" height=\"521\" srcset=\"https:\/\/redelog.rj.gov.br\/redecompras\/wp-content\/uploads\/2022\/05\/SICAF-36-1.png 569w, https:\/\/redelog.rj.gov.br\/redecompras\/wp-content\/uploads\/2022\/05\/SICAF-36-1-300x275.png 300w\" sizes=\"(max-width: 569px) 100vw, 569px\" \/><\/p><p><img loading=\"lazy\" decoding=\"async\" class=\"aligncenter wp-image-5980 size-full\" src=\"http:\/\/redelog.rj.gov.br\/redecompras\/wp-content\/uploads\/2022\/05\/SICAF-37-1.png\" alt=\"\" width=\"481\" height=\"360\" srcset=\"https:\/\/redelog.rj.gov.br\/redecompras\/wp-content\/uploads\/2022\/05\/SICAF-37-1.png 481w, https:\/\/redelog.rj.gov.br\/redecompras\/wp-content\/uploads\/2022\/05\/SICAF-37-1-300x225.png 300w\" sizes=\"(max-width: 481px) 100vw, 481px\" \/><\/p><p><img loading=\"lazy\" decoding=\"async\" class=\"aligncenter wp-image-5981 size-full\" src=\"http:\/\/redelog.rj.gov.br\/redecompras\/wp-content\/uploads\/2022\/05\/SICAF-38-1.png\" alt=\"\" width=\"520\" height=\"572\" srcset=\"https:\/\/redelog.rj.gov.br\/redecompras\/wp-content\/uploads\/2022\/05\/SICAF-38-1.png 520w, https:\/\/redelog.rj.gov.br\/redecompras\/wp-content\/uploads\/2022\/05\/SICAF-38-1-273x300.png 273w\" sizes=\"(max-width: 520px) 100vw, 520px\" \/><\/p><p><img loading=\"lazy\" decoding=\"async\" class=\"aligncenter wp-image-5982 size-full\" src=\"http:\/\/redelog.rj.gov.br\/redecompras\/wp-content\/uploads\/2022\/05\/SICAF-39-1.png\" alt=\"\" width=\"455\" height=\"334\" srcset=\"https:\/\/redelog.rj.gov.br\/redecompras\/wp-content\/uploads\/2022\/05\/SICAF-39-1.png 455w, https:\/\/redelog.rj.gov.br\/redecompras\/wp-content\/uploads\/2022\/05\/SICAF-39-1-300x220.png 300w\" sizes=\"(max-width: 455px) 100vw, 455px\" \/><\/p><p><img loading=\"lazy\" decoding=\"async\" class=\"aligncenter wp-image-6100 size-full\" src=\"http:\/\/redelog.rj.gov.br\/redecompras\/wp-content\/uploads\/2022\/05\/SICAF-Ocorr.-Raiz.png\" alt=\"\" width=\"507\" height=\"185\" srcset=\"https:\/\/redelog.rj.gov.br\/redecompras\/wp-content\/uploads\/2022\/05\/SICAF-Ocorr.-Raiz.png 507w, https:\/\/redelog.rj.gov.br\/redecompras\/wp-content\/uploads\/2022\/05\/SICAF-Ocorr.-Raiz-300x109.png 300w\" sizes=\"(max-width: 507px) 100vw, 507px\" \/><\/p><p><strong>Tabelas B\u00e1sicas:<\/strong><\/p><p><img loading=\"lazy\" decoding=\"async\" class=\"aligncenter wp-image-5983 size-full\" src=\"http:\/\/redelog.rj.gov.br\/redecompras\/wp-content\/uploads\/2022\/05\/SICAF-41-1.png\" alt=\"\" width=\"476\" height=\"435\" srcset=\"https:\/\/redelog.rj.gov.br\/redecompras\/wp-content\/uploads\/2022\/05\/SICAF-41-1.png 476w, https:\/\/redelog.rj.gov.br\/redecompras\/wp-content\/uploads\/2022\/05\/SICAF-41-1-300x274.png 300w\" sizes=\"(max-width: 476px) 100vw, 476px\" \/><\/p><p style=\"text-align: justify;\"><strong>Tabelas B\u00e1sicas \u2013 Linha de Fornecimento \u2013 Material\/Servi\u00e7o:<\/strong><\/p><p><img loading=\"lazy\" decoding=\"async\" class=\"aligncenter wp-image-5984 size-full\" src=\"http:\/\/redelog.rj.gov.br\/redecompras\/wp-content\/uploads\/2022\/05\/SICAF-42-1.png\" alt=\"\" width=\"466\" height=\"253\" srcset=\"https:\/\/redelog.rj.gov.br\/redecompras\/wp-content\/uploads\/2022\/05\/SICAF-42-1.png 466w, https:\/\/redelog.rj.gov.br\/redecompras\/wp-content\/uploads\/2022\/05\/SICAF-42-1-300x163.png 300w\" sizes=\"(max-width: 466px) 100vw, 466px\" \/><\/p><p><img loading=\"lazy\" decoding=\"async\" class=\"aligncenter wp-image-5985 size-full\" src=\"http:\/\/redelog.rj.gov.br\/redecompras\/wp-content\/uploads\/2022\/05\/SICAF-43-1.png\" alt=\"\" width=\"567\" height=\"332\" srcset=\"https:\/\/redelog.rj.gov.br\/redecompras\/wp-content\/uploads\/2022\/05\/SICAF-43-1.png 567w, https:\/\/redelog.rj.gov.br\/redecompras\/wp-content\/uploads\/2022\/05\/SICAF-43-1-300x176.png 300w\" sizes=\"(max-width: 567px) 100vw, 567px\" \/><\/p><p style=\"text-align: justify;\"><strong>Tabelas B\u00e1sicas \u2013 Tipos de Ocorr\u00eancias:<\/strong><\/p><p><img loading=\"lazy\" decoding=\"async\" class=\"aligncenter wp-image-5986 size-full\" src=\"http:\/\/redelog.rj.gov.br\/redecompras\/wp-content\/uploads\/2022\/05\/SICAF-44-1.png\" alt=\"\" width=\"567\" height=\"280\" srcset=\"https:\/\/redelog.rj.gov.br\/redecompras\/wp-content\/uploads\/2022\/05\/SICAF-44-1.png 567w, https:\/\/redelog.rj.gov.br\/redecompras\/wp-content\/uploads\/2022\/05\/SICAF-44-1-300x148.png 300w\" sizes=\"(max-width: 567px) 100vw, 567px\" \/><\/p><p style=\"text-align: justify;\">Menu: tipo de ocorr\u00eancia <strong>impeditivo<\/strong> (N\u00e3o \/ Sim), <strong>situa\u00e7\u00e3o<\/strong> (Ativo \/ Inativo), <strong>a\u00e7\u00e3o\u00a0\u00a0 <\/strong>\u00a0(para consultar o <strong>detalhamento<\/strong>):<\/p><p><img loading=\"lazy\" decoding=\"async\" class=\"alignnone size-medium wp-image-5987\" src=\"http:\/\/redelog.rj.gov.br\/redecompras\/wp-content\/uploads\/2022\/05\/SICAF-45-1-300x113.png\" alt=\"\" width=\"300\" height=\"113\" srcset=\"https:\/\/redelog.rj.gov.br\/redecompras\/wp-content\/uploads\/2022\/05\/SICAF-45-1-300x113.png 300w, https:\/\/redelog.rj.gov.br\/redecompras\/wp-content\/uploads\/2022\/05\/SICAF-45-1.png 302w\" sizes=\"(max-width: 300px) 100vw, 300px\" \/><\/p><p style=\"text-align: justify;\"><strong>Detalhamento <\/strong>do Tipo de Ocorr\u00eancia:<\/p><p><img loading=\"lazy\" decoding=\"async\" class=\"aligncenter wp-image-5988 size-full\" src=\"http:\/\/redelog.rj.gov.br\/redecompras\/wp-content\/uploads\/2022\/05\/SICAF-46-1.png\" alt=\"\" width=\"547\" height=\"430\" srcset=\"https:\/\/redelog.rj.gov.br\/redecompras\/wp-content\/uploads\/2022\/05\/SICAF-46-1.png 547w, https:\/\/redelog.rj.gov.br\/redecompras\/wp-content\/uploads\/2022\/05\/SICAF-46-1-300x236.png 300w\" sizes=\"(max-width: 547px) 100vw, 547px\" \/><\/p><p style=\"text-align: justify;\">\u00a0<\/p><\/div>\n\t\t\t\t<\/div>\n\t\t\t\t\t\t\t<div class=\"elementor-toggle-item\">\n\t\t\t\t\t<div id=\"elementor-tab-title-1374\" class=\"elementor-tab-title\" data-tab=\"4\" role=\"button\" aria-controls=\"elementor-tab-content-1374\" aria-expanded=\"false\">\n\t\t\t\t\t\t\t\t\t\t\t\t<span class=\"elementor-toggle-icon elementor-toggle-icon-left\" aria-hidden=\"true\">\n\t\t\t\t\t\t\t\t\t\t\t\t\t\t\t<span class=\"elementor-toggle-icon-closed\"><i class=\"fas fa-caret-right\"><\/i><\/span>\n\t\t\t\t\t\t\t\t<span class=\"elementor-toggle-icon-opened\"><i class=\"elementor-toggle-icon-opened fas fa-caret-up\"><\/i><\/span>\n\t\t\t\t\t\t\t\t\t\t\t\t\t<\/span>\n\t\t\t\t\t\t\t\t\t\t\t\t<a class=\"elementor-toggle-title\" tabindex=\"0\">4. Como registrar ocorr\u00eancia no SICAF?<\/a>\n\t\t\t\t\t<\/div>\n\n\t\t\t\t\t<div id=\"elementor-tab-content-1374\" class=\"elementor-tab-content elementor-clearfix\" data-tab=\"4\" role=\"region\" aria-labelledby=\"elementor-tab-title-1374\"><p style=\"text-align: justify;\">No menu <strong>Cadastro<\/strong>, sub-menu <strong>Ocorr\u00eancia<\/strong> \u00e9 poss\u00edvel <strong>realizar o<\/strong> <strong>Registro de Ocorr\u00eancias<\/strong>.<\/p><p><img loading=\"lazy\" decoding=\"async\" class=\"aligncenter wp-image-5994 size-full\" src=\"http:\/\/redelog.rj.gov.br\/redecompras\/wp-content\/uploads\/2022\/05\/SICAF-52-1.png\" alt=\"\" width=\"471\" height=\"74\" srcset=\"https:\/\/redelog.rj.gov.br\/redecompras\/wp-content\/uploads\/2022\/05\/SICAF-52-1.png 471w, https:\/\/redelog.rj.gov.br\/redecompras\/wp-content\/uploads\/2022\/05\/SICAF-52-1-300x47.png 300w\" sizes=\"(max-width: 471px) 100vw, 471px\" \/><\/p><p style=\"text-align: justify;\"><strong>Cadastro:<\/strong><\/p><p style=\"text-align: justify;\">Podemos realizar o cadastro das informa\u00e7\u00f5es de um processo administrativo sancionat\u00f3rio, visando \u00e0 penaliza\u00e7\u00e3o do fornecedor infrator e, tamb\u00e9m, das ocorr\u00eancias que porventura podem ocorrer durante uma contrata\u00e7\u00e3o.<\/p><p style=\"text-align: justify;\">O sistema permite cadastrar a san\u00e7\u00e3o tanto para pessoas jur\u00eddicas, atrav\u00e9s do CNPJ, como para pessoas f\u00edsicas, atrav\u00e9s do CPF, ou para fornecedores estrangeiros, atrav\u00e9s do n\u00famero DUNS.<\/p><p style=\"text-align: justify;\">Caso o fornecedor n\u00e3o esteja cadastrado no SICAF, ao realizar a pesquisa pela identifica\u00e7\u00e3o do fornecedor, o sistema informar\u00e1 que o fornecedor pesquisado n\u00e3o est\u00e1 cadastrado e que para inserir uma ocorr\u00eancia, o fornecedor ser\u00e1 inclu\u00eddo automaticamente no cadastro de fornecedores infratores.<\/p><p><img loading=\"lazy\" decoding=\"async\" class=\"aligncenter wp-image-5990 size-full\" src=\"http:\/\/redelog.rj.gov.br\/redecompras\/wp-content\/uploads\/2022\/05\/SICAF-48-1.png\" alt=\"\" width=\"554\" height=\"220\" srcset=\"https:\/\/redelog.rj.gov.br\/redecompras\/wp-content\/uploads\/2022\/05\/SICAF-48-1.png 554w, https:\/\/redelog.rj.gov.br\/redecompras\/wp-content\/uploads\/2022\/05\/SICAF-48-1-300x119.png 300w\" sizes=\"(max-width: 554px) 100vw, 554px\" \/><\/p><p><img loading=\"lazy\" decoding=\"async\" class=\"aligncenter wp-image-5991 size-full\" src=\"http:\/\/redelog.rj.gov.br\/redecompras\/wp-content\/uploads\/2022\/05\/SICAF-49-1.png\" alt=\"\" width=\"586\" height=\"310\" srcset=\"https:\/\/redelog.rj.gov.br\/redecompras\/wp-content\/uploads\/2022\/05\/SICAF-49-1.png 586w, https:\/\/redelog.rj.gov.br\/redecompras\/wp-content\/uploads\/2022\/05\/SICAF-49-1-300x159.png 300w\" sizes=\"(max-width: 586px) 100vw, 586px\" \/><\/p><p><img loading=\"lazy\" decoding=\"async\" class=\"aligncenter wp-image-5992 size-full\" src=\"http:\/\/redelog.rj.gov.br\/redecompras\/wp-content\/uploads\/2022\/05\/SICAF-50-1.png\" alt=\"\" width=\"454\" height=\"393\" srcset=\"https:\/\/redelog.rj.gov.br\/redecompras\/wp-content\/uploads\/2022\/05\/SICAF-50-1.png 454w, https:\/\/redelog.rj.gov.br\/redecompras\/wp-content\/uploads\/2022\/05\/SICAF-50-1-300x260.png 300w\" sizes=\"(max-width: 454px) 100vw, 454px\" \/><\/p><p><img loading=\"lazy\" decoding=\"async\" class=\"aligncenter wp-image-5993 size-full\" src=\"http:\/\/redelog.rj.gov.br\/redecompras\/wp-content\/uploads\/2022\/05\/SICAF-51-1.png\" alt=\"\" width=\"477\" height=\"307\" srcset=\"https:\/\/redelog.rj.gov.br\/redecompras\/wp-content\/uploads\/2022\/05\/SICAF-51-1.png 477w, https:\/\/redelog.rj.gov.br\/redecompras\/wp-content\/uploads\/2022\/05\/SICAF-51-1-300x193.png 300w\" sizes=\"(max-width: 477px) 100vw, 477px\" \/><\/p><p>\u00a0<\/p><p>\u00a0<\/p><p>\u00a0<\/p><\/div>\n\t\t\t\t<\/div>\n\t\t\t\t\t\t\t<div class=\"elementor-toggle-item\">\n\t\t\t\t\t<div id=\"elementor-tab-title-1375\" class=\"elementor-tab-title\" data-tab=\"5\" role=\"button\" aria-controls=\"elementor-tab-content-1375\" aria-expanded=\"false\">\n\t\t\t\t\t\t\t\t\t\t\t\t<span class=\"elementor-toggle-icon elementor-toggle-icon-left\" aria-hidden=\"true\">\n\t\t\t\t\t\t\t\t\t\t\t\t\t\t\t<span class=\"elementor-toggle-icon-closed\"><i class=\"fas fa-caret-right\"><\/i><\/span>\n\t\t\t\t\t\t\t\t<span class=\"elementor-toggle-icon-opened\"><i class=\"elementor-toggle-icon-opened fas fa-caret-up\"><\/i><\/span>\n\t\t\t\t\t\t\t\t\t\t\t\t\t<\/span>\n\t\t\t\t\t\t\t\t\t\t\t\t<a class=\"elementor-toggle-title\" tabindex=\"0\">5. \u00c9 poss\u00edvel inativar e reativar o v\u00ednculo do fornecedor no SICAF?<\/a>\n\t\t\t\t\t<\/div>\n\n\t\t\t\t\t<div id=\"elementor-tab-content-1375\" class=\"elementor-tab-content elementor-clearfix\" data-tab=\"5\" role=\"region\" aria-labelledby=\"elementor-tab-title-1375\"><p style=\"text-align: justify;\">Sim, atrav\u00e9s do menu <strong>Seguran\u00e7a<\/strong>.<\/p><p style=\"text-align: justify;\"><img loading=\"lazy\" decoding=\"async\" class=\"aligncenter wp-image-5994 size-full\" src=\"http:\/\/redelog.rj.gov.br\/redecompras\/wp-content\/uploads\/2022\/05\/SICAF-52-1.png\" alt=\"\" width=\"471\" height=\"74\" srcset=\"https:\/\/redelog.rj.gov.br\/redecompras\/wp-content\/uploads\/2022\/05\/SICAF-52-1.png 471w, https:\/\/redelog.rj.gov.br\/redecompras\/wp-content\/uploads\/2022\/05\/SICAF-52-1-300x47.png 300w\" sizes=\"(max-width: 471px) 100vw, 471px\" \/><\/p><p style=\"text-align: justify;\"><strong>Seguran\u00e7a:<\/strong><\/p><p style=\"text-align: justify;\">Podemos inativar e reativar v\u00ednculo dos fornecedores. Quando inativamos, a situa\u00e7\u00e3o do fornecedor vinculado passa de ativo para inativo no sistema e quando reativamos, passa de inativo para ativo.<\/p><p style=\"text-align: justify;\">Situa\u00e7\u00e3o do fornecedor <strong>inativo<\/strong> corresponde a: exist\u00eancia de ocorr\u00eancia impeditiva cadastrada para o fornecedor e\/ou situa\u00e7\u00e3o cadastral diferente de ativa\/regular na Receita Federal ou, ainda, inativa\u00e7\u00e3o registrada a pedido do fornecedor.<\/p><p><strong>Inativar V\u00ednculo:<\/strong><\/p><p><img loading=\"lazy\" decoding=\"async\" class=\"aligncenter wp-image-5995 size-full\" src=\"http:\/\/redelog.rj.gov.br\/redecompras\/wp-content\/uploads\/2022\/05\/SICAF-53-1.png\" alt=\"\" width=\"528\" height=\"244\" srcset=\"https:\/\/redelog.rj.gov.br\/redecompras\/wp-content\/uploads\/2022\/05\/SICAF-53-1.png 528w, https:\/\/redelog.rj.gov.br\/redecompras\/wp-content\/uploads\/2022\/05\/SICAF-53-1-300x139.png 300w\" sizes=\"(max-width: 528px) 100vw, 528px\" \/><\/p><p><img loading=\"lazy\" decoding=\"async\" class=\"aligncenter wp-image-5996 size-full\" src=\"http:\/\/redelog.rj.gov.br\/redecompras\/wp-content\/uploads\/2022\/05\/SICAF-54-1.png\" alt=\"\" width=\"598\" height=\"271\" srcset=\"https:\/\/redelog.rj.gov.br\/redecompras\/wp-content\/uploads\/2022\/05\/SICAF-54-1.png 598w, https:\/\/redelog.rj.gov.br\/redecompras\/wp-content\/uploads\/2022\/05\/SICAF-54-1-300x136.png 300w\" sizes=\"(max-width: 598px) 100vw, 598px\" \/><\/p><p><img loading=\"lazy\" decoding=\"async\" class=\"aligncenter wp-image-5997 size-full\" src=\"http:\/\/redelog.rj.gov.br\/redecompras\/wp-content\/uploads\/2022\/05\/SICAF-55-1.png\" alt=\"\" width=\"593\" height=\"201\" srcset=\"https:\/\/redelog.rj.gov.br\/redecompras\/wp-content\/uploads\/2022\/05\/SICAF-55-1.png 593w, https:\/\/redelog.rj.gov.br\/redecompras\/wp-content\/uploads\/2022\/05\/SICAF-55-1-300x102.png 300w\" sizes=\"(max-width: 593px) 100vw, 593px\" \/><\/p><p><strong>Reativar V\u00ednculo:<\/strong><\/p><p><img loading=\"lazy\" decoding=\"async\" class=\"aligncenter wp-image-5998 size-full\" src=\"http:\/\/redelog.rj.gov.br\/redecompras\/wp-content\/uploads\/2022\/05\/SICAF-56-1.png\" alt=\"\" width=\"534\" height=\"245\" srcset=\"https:\/\/redelog.rj.gov.br\/redecompras\/wp-content\/uploads\/2022\/05\/SICAF-56-1.png 534w, https:\/\/redelog.rj.gov.br\/redecompras\/wp-content\/uploads\/2022\/05\/SICAF-56-1-300x138.png 300w\" sizes=\"(max-width: 534px) 100vw, 534px\" \/><\/p><p><img loading=\"lazy\" decoding=\"async\" class=\"aligncenter wp-image-5999 size-full\" src=\"http:\/\/redelog.rj.gov.br\/redecompras\/wp-content\/uploads\/2022\/05\/SICAF-57-1.png\" alt=\"\" width=\"537\" height=\"333\" srcset=\"https:\/\/redelog.rj.gov.br\/redecompras\/wp-content\/uploads\/2022\/05\/SICAF-57-1.png 537w, https:\/\/redelog.rj.gov.br\/redecompras\/wp-content\/uploads\/2022\/05\/SICAF-57-1-300x186.png 300w\" sizes=\"(max-width: 537px) 100vw, 537px\" \/><\/p><p><img loading=\"lazy\" decoding=\"async\" class=\"aligncenter wp-image-6000 size-full\" src=\"http:\/\/redelog.rj.gov.br\/redecompras\/wp-content\/uploads\/2022\/05\/SICAF-58-1.png\" alt=\"\" width=\"593\" height=\"218\" srcset=\"https:\/\/redelog.rj.gov.br\/redecompras\/wp-content\/uploads\/2022\/05\/SICAF-58-1.png 593w, https:\/\/redelog.rj.gov.br\/redecompras\/wp-content\/uploads\/2022\/05\/SICAF-58-1-300x110.png 300w\" sizes=\"(max-width: 593px) 100vw, 593px\" \/><\/p><p>\u00a0<\/p><\/div>\n\t\t\t\t<\/div>\n\t\t\t\t\t\t\t<div class=\"elementor-toggle-item\">\n\t\t\t\t\t<div id=\"elementor-tab-title-1376\" class=\"elementor-tab-title\" data-tab=\"6\" role=\"button\" aria-controls=\"elementor-tab-content-1376\" aria-expanded=\"false\">\n\t\t\t\t\t\t\t\t\t\t\t\t<span class=\"elementor-toggle-icon elementor-toggle-icon-left\" aria-hidden=\"true\">\n\t\t\t\t\t\t\t\t\t\t\t\t\t\t\t<span class=\"elementor-toggle-icon-closed\"><i class=\"fas fa-caret-right\"><\/i><\/span>\n\t\t\t\t\t\t\t\t<span class=\"elementor-toggle-icon-opened\"><i class=\"elementor-toggle-icon-opened fas fa-caret-up\"><\/i><\/span>\n\t\t\t\t\t\t\t\t\t\t\t\t\t<\/span>\n\t\t\t\t\t\t\t\t\t\t\t\t<a class=\"elementor-toggle-title\" tabindex=\"0\">6. Como proceder para sair do aplicativo?<\/a>\n\t\t\t\t\t<\/div>\n\n\t\t\t\t\t<div id=\"elementor-tab-content-1376\" class=\"elementor-tab-content elementor-clearfix\" data-tab=\"6\" role=\"region\" aria-labelledby=\"elementor-tab-title-1376\"><p>Selecione o menu <strong>Sair<\/strong>:<\/p><p><img loading=\"lazy\" decoding=\"async\" class=\"aligncenter wp-image-6001 size-full\" src=\"http:\/\/redelog.rj.gov.br\/redecompras\/wp-content\/uploads\/2022\/05\/SICAF-59-1.png\" alt=\"\" width=\"594\" height=\"95\" srcset=\"https:\/\/redelog.rj.gov.br\/redecompras\/wp-content\/uploads\/2022\/05\/SICAF-59-1.png 594w, https:\/\/redelog.rj.gov.br\/redecompras\/wp-content\/uploads\/2022\/05\/SICAF-59-1-300x48.png 300w\" sizes=\"(max-width: 594px) 100vw, 594px\" \/><\/p><p><img loading=\"lazy\" decoding=\"async\" class=\"aligncenter wp-image-6002 size-full\" src=\"http:\/\/redelog.rj.gov.br\/redecompras\/wp-content\/uploads\/2022\/05\/SICAF-60-1.jpg\" alt=\"\" width=\"569\" height=\"61\" srcset=\"https:\/\/redelog.rj.gov.br\/redecompras\/wp-content\/uploads\/2022\/05\/SICAF-60-1.jpg 569w, https:\/\/redelog.rj.gov.br\/redecompras\/wp-content\/uploads\/2022\/05\/SICAF-60-1-300x32.jpg 300w\" sizes=\"(max-width: 569px) 100vw, 569px\" \/><\/p><p>\u00a0<\/p><\/div>\n\t\t\t\t<\/div>\n\t\t\t\t\t\t\t\t<\/div>\n\t\t\t\t\t\t<\/div>\n\t\t\t\t<\/div>\n\t\t\t\t<div class=\"elementor-element elementor-element-f1692bd elementor-widget-divider--view-line elementor-widget elementor-widget-divider\" data-id=\"f1692bd\" data-element_type=\"widget\" data-widget_type=\"divider.default\">\n\t\t\t\t<div class=\"elementor-widget-container\">\n\t\t\t\t\t\t\t<div class=\"elementor-divider\">\n\t\t\t<span class=\"elementor-divider-separator\">\n\t\t\t\t\t\t<\/span>\n\t\t<\/div>\n\t\t\t\t\t\t<\/div>\n\t\t\t\t<\/div>\n\t\t\t\t\t<\/div>\n\t\t<\/div>\n\t\t\t\t\t<\/div>\n\t\t<\/section>\n\t\t\t\t<section class=\"elementor-section elementor-top-section elementor-element elementor-element-9af2c4f elementor-section-boxed elementor-section-height-default elementor-section-height-default wpr-particle-no wpr-jarallax-no wpr-parallax-no wpr-sticky-section-no\" data-id=\"9af2c4f\" data-element_type=\"section\" data-settings=\"{&quot;jet_parallax_layout_list&quot;:[]}\">\n\t\t\t\t\t\t<div class=\"elementor-container elementor-column-gap-default\">\n\t\t\t\t\t<div class=\"elementor-column elementor-col-100 elementor-top-column elementor-element elementor-element-e005394\" data-id=\"e005394\" data-element_type=\"column\">\n\t\t\t<div class=\"elementor-widget-wrap elementor-element-populated\">\n\t\t\t\t\t\t<div class=\"elementor-element elementor-element-5f96b8c elementor-widget elementor-widget-heading\" data-id=\"5f96b8c\" data-element_type=\"widget\" data-widget_type=\"heading.default\">\n\t\t\t\t<div class=\"elementor-widget-container\">\n\t\t\t\t\t<h2 class=\"elementor-heading-title elementor-size-large\">Veja os v\u00eddeos do SICAF:<\/h2>\t\t\t\t<\/div>\n\t\t\t\t<\/div>\n\t\t\t\t<div class=\"elementor-element elementor-element-c41e5a2 elementor-widget-divider--view-line elementor-widget elementor-widget-divider\" data-id=\"c41e5a2\" data-element_type=\"widget\" data-widget_type=\"divider.default\">\n\t\t\t\t<div class=\"elementor-widget-container\">\n\t\t\t\t\t\t\t<div class=\"elementor-divider\">\n\t\t\t<span class=\"elementor-divider-separator\">\n\t\t\t\t\t\t<\/span>\n\t\t<\/div>\n\t\t\t\t\t\t<\/div>\n\t\t\t\t<\/div>\n\t\t\t\t\t<\/div>\n\t\t<\/div>\n\t\t\t\t\t<\/div>\n\t\t<\/section>\n\t\t\t\t<section class=\"elementor-section elementor-top-section elementor-element elementor-element-cfebef7 elementor-section-boxed elementor-section-height-default elementor-section-height-default wpr-particle-no wpr-jarallax-no wpr-parallax-no wpr-sticky-section-no\" data-id=\"cfebef7\" data-element_type=\"section\" data-settings=\"{&quot;jet_parallax_layout_list&quot;:[]}\">\n\t\t\t\t\t\t<div class=\"elementor-container elementor-column-gap-default\">\n\t\t\t\t\t<div class=\"elementor-column elementor-col-33 elementor-top-column elementor-element elementor-element-5813a65\" data-id=\"5813a65\" data-element_type=\"column\">\n\t\t\t<div class=\"elementor-widget-wrap elementor-element-populated\">\n\t\t\t\t\t\t<div class=\"elementor-element elementor-element-0752c2c elementor-widget elementor-widget-video\" data-id=\"0752c2c\" data-element_type=\"widget\" data-settings=\"{&quot;youtube_url&quot;:&quot;https:\\\/\\\/youtu.be\\\/CaAftJcD1J8&quot;,&quot;video_type&quot;:&quot;youtube&quot;,&quot;controls&quot;:&quot;yes&quot;}\" data-widget_type=\"video.default\">\n\t\t\t\t<div class=\"elementor-widget-container\">\n\t\t\t\t\t\t\t<div class=\"elementor-wrapper elementor-open-inline\">\n\t\t\t<div class=\"elementor-video\"><\/div>\t\t<\/div>\n\t\t\t\t\t\t<\/div>\n\t\t\t\t<\/div>\n\t\t\t\t\t<\/div>\n\t\t<\/div>\n\t\t\t\t<div class=\"elementor-column elementor-col-33 elementor-top-column elementor-element elementor-element-00f3693\" data-id=\"00f3693\" data-element_type=\"column\">\n\t\t\t<div class=\"elementor-widget-wrap elementor-element-populated\">\n\t\t\t\t\t\t<div class=\"elementor-element elementor-element-c78f536 elementor-widget elementor-widget-video\" data-id=\"c78f536\" data-element_type=\"widget\" data-settings=\"{&quot;youtube_url&quot;:&quot;https:\\\/\\\/youtu.be\\\/NE1U0kYcsVI&quot;,&quot;video_type&quot;:&quot;youtube&quot;,&quot;controls&quot;:&quot;yes&quot;}\" data-widget_type=\"video.default\">\n\t\t\t\t<div class=\"elementor-widget-container\">\n\t\t\t\t\t\t\t<div class=\"elementor-wrapper elementor-open-inline\">\n\t\t\t<div class=\"elementor-video\"><\/div>\t\t<\/div>\n\t\t\t\t\t\t<\/div>\n\t\t\t\t<\/div>\n\t\t\t\t\t<\/div>\n\t\t<\/div>\n\t\t\t\t<div class=\"elementor-column elementor-col-33 elementor-top-column elementor-element elementor-element-66c8f7b\" data-id=\"66c8f7b\" data-element_type=\"column\">\n\t\t\t<div class=\"elementor-widget-wrap elementor-element-populated\">\n\t\t\t\t\t\t<div class=\"elementor-element elementor-element-b1c34bd elementor-widget elementor-widget-video\" data-id=\"b1c34bd\" data-element_type=\"widget\" data-settings=\"{&quot;youtube_url&quot;:&quot;https:\\\/\\\/youtu.be\\\/r_W2rg3TJ1M&quot;,&quot;video_type&quot;:&quot;youtube&quot;,&quot;controls&quot;:&quot;yes&quot;}\" data-widget_type=\"video.default\">\n\t\t\t\t<div class=\"elementor-widget-container\">\n\t\t\t\t\t\t\t<div class=\"elementor-wrapper elementor-open-inline\">\n\t\t\t<div class=\"elementor-video\"><\/div>\t\t<\/div>\n\t\t\t\t\t\t<\/div>\n\t\t\t\t<\/div>\n\t\t\t\t\t<\/div>\n\t\t<\/div>\n\t\t\t\t\t<\/div>\n\t\t<\/section>\n\t\t\t\t<section class=\"elementor-section elementor-top-section elementor-element elementor-element-3de8e5d elementor-section-boxed elementor-section-height-default elementor-section-height-default wpr-particle-no wpr-jarallax-no wpr-parallax-no wpr-sticky-section-no\" data-id=\"3de8e5d\" data-element_type=\"section\" data-settings=\"{&quot;jet_parallax_layout_list&quot;:[]}\">\n\t\t\t\t\t\t<div class=\"elementor-container elementor-column-gap-default\">\n\t\t\t\t\t<div class=\"elementor-column elementor-col-100 elementor-top-column elementor-element elementor-element-dcfb07d\" data-id=\"dcfb07d\" data-element_type=\"column\">\n\t\t\t<div class=\"elementor-widget-wrap elementor-element-populated\">\n\t\t\t\t\t\t<div class=\"elementor-element elementor-element-ff54dba elementor-widget-divider--view-line elementor-widget elementor-widget-divider\" data-id=\"ff54dba\" data-element_type=\"widget\" data-widget_type=\"divider.default\">\n\t\t\t\t<div class=\"elementor-widget-container\">\n\t\t\t\t\t\t\t<div class=\"elementor-divider\">\n\t\t\t<span class=\"elementor-divider-separator\">\n\t\t\t\t\t\t<\/span>\n\t\t<\/div>\n\t\t\t\t\t\t<\/div>\n\t\t\t\t<\/div>\n\t\t\t\t<div class=\"elementor-element elementor-element-34f169c elementor-widget-divider--view-line elementor-widget elementor-widget-divider\" data-id=\"34f169c\" data-element_type=\"widget\" data-widget_type=\"divider.default\">\n\t\t\t\t<div class=\"elementor-widget-container\">\n\t\t\t\t\t\t\t<div class=\"elementor-divider\">\n\t\t\t<span class=\"elementor-divider-separator\">\n\t\t\t\t\t\t<\/span>\n\t\t<\/div>\n\t\t\t\t\t\t<\/div>\n\t\t\t\t<\/div>\n\t\t\t\t<div class=\"elementor-element elementor-element-1bb5d3a elementor-widget-divider--view-line elementor-widget elementor-widget-divider\" data-id=\"1bb5d3a\" data-element_type=\"widget\" data-widget_type=\"divider.default\">\n\t\t\t\t<div class=\"elementor-widget-container\">\n\t\t\t\t\t\t\t<div class=\"elementor-divider\">\n\t\t\t<span class=\"elementor-divider-separator\">\n\t\t\t\t\t\t<\/span>\n\t\t<\/div>\n\t\t\t\t\t\t<\/div>\n\t\t\t\t<\/div>\n\t\t\t\t\t<\/div>\n\t\t<\/div>\n\t\t\t\t\t<\/div>\n\t\t<\/section>\n\t\t\t\t<section class=\"elementor-section elementor-top-section elementor-element elementor-element-ef5255a elementor-section-boxed elementor-section-height-default elementor-section-height-default wpr-particle-no wpr-jarallax-no wpr-parallax-no wpr-sticky-section-no\" data-id=\"ef5255a\" data-element_type=\"section\" data-settings=\"{&quot;jet_parallax_layout_list&quot;:[]}\">\n\t\t\t\t\t\t<div class=\"elementor-container elementor-column-gap-default\">\n\t\t\t\t\t<div class=\"elementor-column elementor-col-50 elementor-top-column elementor-element elementor-element-fba0e13\" data-id=\"fba0e13\" data-element_type=\"column\">\n\t\t\t<div class=\"elementor-widget-wrap elementor-element-populated\">\n\t\t\t\t\t\t<div class=\"elementor-element elementor-element-42633ca elementor-widget elementor-widget-text-editor\" data-id=\"42633ca\" data-element_type=\"widget\" data-widget_type=\"text-editor.default\">\n\t\t\t\t<div class=\"elementor-widget-container\">\n\t\t\t\t\t\t\t\t\t<p><strong><a href=\"http:\/\/redelog.rj.gov.br\/redecompras\/sga\/\">\u2190 SISTEMA DE GEST\u00c3O DE ACESSO AO SIASG \u2013 SGA<\/a><\/strong><\/p>\t\t\t\t\t\t\t\t<\/div>\n\t\t\t\t<\/div>\n\t\t\t\t\t<\/div>\n\t\t<\/div>\n\t\t\t\t<div class=\"elementor-column elementor-col-50 elementor-top-column elementor-element elementor-element-8c18b67\" data-id=\"8c18b67\" data-element_type=\"column\">\n\t\t\t<div class=\"elementor-widget-wrap elementor-element-populated\">\n\t\t\t\t\t\t<div class=\"elementor-element elementor-element-a75167c elementor-widget elementor-widget-text-editor\" data-id=\"a75167c\" data-element_type=\"widget\" data-widget_type=\"text-editor.default\">\n\t\t\t\t<div class=\"elementor-widget-container\">\n\t\t\t\t\t\t\t\t\t<p><strong><a href=\"http:\/\/redelog.rj.gov.br\/redecompras\/painel-de-precos\/\" data-wplink-edit=\"true\">PAINEL DE PRE\u00c7OS\u00a0 \u2192<\/a><\/strong><\/p>\t\t\t\t\t\t\t\t<\/div>\n\t\t\t\t<\/div>\n\t\t\t\t\t<\/div>\n\t\t<\/div>\n\t\t\t\t\t<\/div>\n\t\t<\/section>\n\t\t\t\t<section class=\"elementor-section elementor-top-section elementor-element elementor-element-b321953 elementor-section-boxed elementor-section-height-default elementor-section-height-default wpr-particle-no wpr-jarallax-no wpr-parallax-no wpr-sticky-section-no\" data-id=\"b321953\" data-element_type=\"section\" data-settings=\"{&quot;jet_parallax_layout_list&quot;:[]}\">\n\t\t\t\t\t\t<div class=\"elementor-container elementor-column-gap-default\">\n\t\t\t\t\t<div class=\"elementor-column elementor-col-100 elementor-top-column elementor-element elementor-element-bac99ad\" data-id=\"bac99ad\" data-element_type=\"column\">\n\t\t\t<div class=\"elementor-widget-wrap elementor-element-populated\">\n\t\t\t\t\t\t<div class=\"elementor-element elementor-element-7f42227 elementor-widget elementor-widget-shortcode\" data-id=\"7f42227\" data-element_type=\"widget\" data-widget_type=\"shortcode.default\">\n\t\t\t\t<div class=\"elementor-widget-container\">\n\t\t\t\t\t\t\t<div class=\"elementor-shortcode\"><div class='printomatic pom-default ' id='id7257' alt='Imprimir' title='Imprimir' data-print_target='article'><\/div> <div class='printomatictext' id='id7257' alt='Imprimir' title='Imprimir' data-print_target='article'>Imprimir<\/div><div style='clear: both;'><\/div><\/div>\n\t\t\t\t\t\t<\/div>\n\t\t\t\t<\/div>\n\t\t\t\t\t<\/div>\n\t\t<\/div>\n\t\t\t\t\t<\/div>\n\t\t<\/section>\n\t\t\t\t<\/div>\n\t\t","protected":false},"excerpt":{"rendered":"<p>Sistema de Cadastramento Unificado de Fornecedores &#8211; SICAF O SICAF, que \u00e9 o Sistema de Cadastramento Unificado de Fornecedores, tem como \u00f3rg\u00e3o respons\u00e1vel pela sua coordena\u00e7\u00e3o a Secretaria de Gest\u00e3o do Minist\u00e9rio da Economia e \u00e9 uma ferramenta 100% digital, atrav\u00e9s da qual ocorre o cadastramento de fornecedores nacionais e estrangeiros para participa\u00e7\u00e3o em licita\u00e7\u00f5es, dispensas, inexigibilidades, contratos p\u00fablicos no Sistema Compras.gov.br . Para o fornecedor interessado em se cadastrar, basta que o mesmo acesse o SICAF no Portal de Compras do Governo Federal, no s\u00edtio eletr\u00f4nico www.compras.gov.br, por meio de certificado digital Pessoa F\u00edsica (e-CPF) ou Pessoa Jur\u00eddica (e-CNPJ), preste as informa\u00e7\u00f5es necess\u00e1rias e apresente digitalmente a documenta\u00e7\u00e3o solicitada. \u00c0 exce\u00e7\u00e3o do CPF e do CNPJ, que devem ser informados para obten\u00e7\u00e3o dos dados cadastrados na Receita Federal do Brasil, e das certid\u00f5es correspondentes \u00e0 regularidade fiscal federal e trabalhista, obtidas por compartilhamento de dados entre \u00f3rg\u00e3os, o sistema oferecer\u00e1 campo pr\u00f3prio para inser\u00e7\u00e3o dos demais documentos exigidos para sua inscri\u00e7\u00e3o no SICAF em formato digital. O cadastramento no SICAF \u00e9 realizado sem \u00f4nus e compreende os seguintes n\u00edveis: credenciamento (N\u00edvel I), habilita\u00e7\u00e3o jur\u00eddica (N\u00edvel II), regularidade fiscal federal e trabalhista (N\u00edvel III), regularidade fiscal estadual e\/ou municipal (N\u00edvel IV), qualifica\u00e7\u00e3o t\u00e9cnica (N\u00edvel V) e qualifica\u00e7\u00e3o econ\u00f4mico-financeira (N\u00edvel VI). Al\u00e9m de conter os registros da habilita\u00e7\u00e3o jur\u00eddica, da regularidade fiscal e da qualifica\u00e7\u00e3o econ\u00f4mico-financeira, o sistema tamb\u00e9m cont\u00e9m as san\u00e7\u00f5es aplicadas pela Administra\u00e7\u00e3o P\u00fablica, conforme previsto em legisla\u00e7\u00e3o, em especial as que acarretem a proibi\u00e7\u00e3o de participa\u00e7\u00e3o em licita\u00e7\u00f5es e celebra\u00e7\u00e3o de contratos com o Poder P\u00fablico. Uma vez inscrito no SICAF, o fornecedor estar\u00e1 cadastrado perante qualquer \u00f3rg\u00e3o ou entidade integrante do SISG, que s\u00e3o os \u00f3rg\u00e3os do Poder Executivo Federal, e tamb\u00e9m aos \u00f3rg\u00e3os que tenham aderido ao Sistema Integrado de Administra\u00e7\u00e3o de Servi\u00e7os Gerais (SIASG), como, por exemplo, os \u00f3rg\u00e3os de outros poderes ou de outros estados e munic\u00edpios. O registro cadastral dos fornecedores, bem como a sua renova\u00e7\u00e3o, \u00e9 v\u00e1lido pelo prazo de um ano. Perguntas e Respostas: 1. Como acessar o SICAF? Passo 1. O primeiro passo \u00e9 realizar o acesso \u00e0 p\u00e1gina do Portal de Compras do Governo Federal atrav\u00e9s do endere\u00e7o www.compras.gov.br Depois, selecionar no menu: Sistemas &gt; Compras.gov.br &gt; SICAF Digital. Passo 2. Na pr\u00f3xima p\u00e1gina, o portal traz os links de acesso aos ambientes de produ\u00e7\u00e3o e de treinamento: Passo 3. Antes de realizar o acesso ao sistema, \u00e9 poss\u00edvel fazer algumas consultas p\u00fablicas, como Certificado de Registro Cadastral &#8211; CRC, Linhas de Fornecimento, Restri\u00e7\u00e3o de Contratar com a Administra\u00e7\u00e3o P\u00fablica, al\u00e9m de poder trocar a configura\u00e7\u00e3o do sistema para Ingl\u00eas ou Espanhol. Para acessar o sistema, selecione a op\u00e7\u00e3o Governo e informe as credenciais: o CPF e a senha e clique no bot\u00e3o Entrar: Consultas P\u00fablicas: Passo 5. Na \u00c1rea de Trabalho do Compras.gov.br, selecione o \u00edcone do SICAF: Obs: Ao entrar no SICAF, aparece uma mensagem de aviso de car\u00e1cter geral, com explica\u00e7\u00f5es sobre o sistema, o normativo que o regula, al\u00e9m da orienta\u00e7\u00e3o de como acessar a Central de Atendimento ao usu\u00e1rio. 2. Quantos m\u00f3dulos tem o SICAF? O sistema \u00e9 dividido em tr\u00eas m\u00f3dulos: consulta, cadastro e seguran\u00e7a. \u00a0 3. Al\u00e9m das Consultas P\u00fablicas no SICAF, que podem ser feitas sem acessar o sistema, quais outras consultas est\u00e3o dispon\u00edveis? Podemos obter diversas informa\u00e7\u00f5es dos fornecedores, como: se est\u00e1 cadastrado ou n\u00e3o no sistema, se h\u00e1 alguma penalidade registrada, sobre a linha de fornecimento, os dirigentes, al\u00e9m de informa\u00e7\u00f5es dos documentos da empresa relativos \u00e0 habilita\u00e7\u00e3o jur\u00eddica, regularidade fiscal e trabalhista, regularidade fiscal estadual e municipal, qualifica\u00e7\u00e3o t\u00e9cnica e qualifica\u00e7\u00e3o econ\u00f4mico-financeira. O sistema possibilita realizar a consulta de pessoas jur\u00eddicas, pessoas f\u00edsicas e fornecedores estrangeiros. No caso dos fornecedores estrangeiros a consulta dever\u00e1 ser realizada pelo n\u00famero Duns (Data Universal Numbering System), pois empresas estrangeiras n\u00e3o possuem CNPJ e essa numera\u00e7\u00e3o \u00e9 universal. No menu Consulta, h\u00e1 onze consultas dispon\u00edveis (veja a seguir): Consulta N\u00edvel I \u2013 Credenciamento: Consulta N\u00edvel II \u2013 Habilita\u00e7\u00e3o Jur\u00eddica: Consulta N\u00edvel IV \u2013 Regularidade Fiscal Estadual\/Distrital e Municipal: Consulta N\u00edvel V \u2013 Qualifica\u00e7\u00e3o T\u00e9cnica: O cadastramento no n\u00edvel V supre a exig\u00eancia do inciso I, art. 30, da Lei n\u00ba 8.666, de 21 de junho de 1993, n\u00e3o sendo de car\u00e1ter obrigat\u00f3rio. Por\u00e9m, quando o cadastramento nesse n\u00edvel \u00e9 realizado, o fornecedor dever\u00e1 inserir no sistema os seguintes documentos: Registro ou Inscri\u00e7\u00e3o na Entidade de Classe Competente. Consulta N\u00edvel VI \u2013 Qualifica\u00e7\u00e3o Econ\u00f4mico-Financeira: Tabelas B\u00e1sicas: Tabelas B\u00e1sicas \u2013 Linha de Fornecimento \u2013 Material\/Servi\u00e7o: Tabelas B\u00e1sicas \u2013 Tipos de Ocorr\u00eancias: Menu: tipo de ocorr\u00eancia impeditivo (N\u00e3o \/ Sim), situa\u00e7\u00e3o (Ativo \/ Inativo), a\u00e7\u00e3o\u00a0\u00a0 \u00a0(para consultar o detalhamento): Detalhamento do Tipo de Ocorr\u00eancia: \u00a0 4. Como registrar ocorr\u00eancia no SICAF? No menu Cadastro, sub-menu Ocorr\u00eancia \u00e9 poss\u00edvel realizar o Registro de Ocorr\u00eancias. Cadastro: Podemos realizar o cadastro das informa\u00e7\u00f5es de um processo administrativo sancionat\u00f3rio, visando \u00e0 penaliza\u00e7\u00e3o do fornecedor infrator e, tamb\u00e9m, das ocorr\u00eancias que porventura podem ocorrer durante uma contrata\u00e7\u00e3o. O sistema permite cadastrar a san\u00e7\u00e3o tanto para pessoas jur\u00eddicas, atrav\u00e9s do CNPJ, como para pessoas f\u00edsicas, atrav\u00e9s do CPF, ou para fornecedores estrangeiros, atrav\u00e9s do n\u00famero DUNS. Caso o fornecedor n\u00e3o esteja cadastrado no SICAF, ao realizar a pesquisa pela identifica\u00e7\u00e3o do fornecedor, o sistema informar\u00e1 que o fornecedor pesquisado n\u00e3o est\u00e1 cadastrado e que para inserir uma ocorr\u00eancia, o fornecedor ser\u00e1 inclu\u00eddo automaticamente no cadastro de fornecedores infratores. \u00a0 \u00a0 \u00a0 5. \u00c9 poss\u00edvel inativar e reativar o v\u00ednculo do fornecedor no SICAF? Sim, atrav\u00e9s do menu Seguran\u00e7a. Seguran\u00e7a: Podemos inativar e reativar v\u00ednculo dos fornecedores. Quando inativamos, a situa\u00e7\u00e3o do fornecedor vinculado passa de ativo para inativo no sistema e quando reativamos, passa de inativo para ativo. Situa\u00e7\u00e3o do fornecedor inativo corresponde a: exist\u00eancia de ocorr\u00eancia impeditiva cadastrada para o fornecedor e\/ou situa\u00e7\u00e3o cadastral diferente de ativa\/regular na Receita Federal ou, ainda, inativa\u00e7\u00e3o registrada a pedido do fornecedor. Inativar V\u00ednculo: Reativar V\u00ednculo: \u00a0 6. Como proceder para sair do aplicativo? Selecione o menu Sair: \u00a0 Veja os v\u00eddeos do SICAF: https:\/\/youtu.be\/CaAftJcD1J8https:\/\/youtu.be\/NE1U0kYcsVIhttps:\/\/youtu.be\/r_W2rg3TJ1M \u2190 SISTEMA DE GEST\u00c3O DE ACESSO AO SIASG<\/p>\n","protected":false},"author":1,"featured_media":0,"comment_status":"closed","ping_status":"open","sticky":false,"template":"","format":"standard","meta":{"footnotes":""},"categories":[40],"tags":[],"class_list":["post-2502","post","type-post","status-publish","format-standard","hentry","category-base-conhecimento"],"_links":{"self":[{"href":"https:\/\/redelog.rj.gov.br\/redecompras\/wp-json\/wp\/v2\/posts\/2502","targetHints":{"allow":["GET"]}}],"collection":[{"href":"https:\/\/redelog.rj.gov.br\/redecompras\/wp-json\/wp\/v2\/posts"}],"about":[{"href":"https:\/\/redelog.rj.gov.br\/redecompras\/wp-json\/wp\/v2\/types\/post"}],"author":[{"embeddable":true,"href":"https:\/\/redelog.rj.gov.br\/redecompras\/wp-json\/wp\/v2\/users\/1"}],"replies":[{"embeddable":true,"href":"https:\/\/redelog.rj.gov.br\/redecompras\/wp-json\/wp\/v2\/comments?post=2502"}],"version-history":[{"count":332,"href":"https:\/\/redelog.rj.gov.br\/redecompras\/wp-json\/wp\/v2\/posts\/2502\/revisions"}],"predecessor-version":[{"id":8408,"href":"https:\/\/redelog.rj.gov.br\/redecompras\/wp-json\/wp\/v2\/posts\/2502\/revisions\/8408"}],"wp:attachment":[{"href":"https:\/\/redelog.rj.gov.br\/redecompras\/wp-json\/wp\/v2\/media?parent=2502"}],"wp:term":[{"taxonomy":"category","embeddable":true,"href":"https:\/\/redelog.rj.gov.br\/redecompras\/wp-json\/wp\/v2\/categories?post=2502"},{"taxonomy":"post_tag","embeddable":true,"href":"https:\/\/redelog.rj.gov.br\/redecompras\/wp-json\/wp\/v2\/tags?post=2502"}],"curies":[{"name":"wp","href":"https:\/\/api.w.org\/{rel}","templated":true}]}}