{"id":2453,"date":"2022-02-02T14:28:30","date_gmt":"2022-02-02T17:28:30","guid":{"rendered":"http:\/\/redelog.rj.gov.br\/redecompras\/?p=2453"},"modified":"2026-04-30T12:06:46","modified_gmt":"2026-04-30T15:06:46","slug":"quem-somos","status":"publish","type":"post","link":"https:\/\/redelog.rj.gov.br\/redecompras\/quem-somos\/","title":{"rendered":"QUEM SOMOS"},"content":{"rendered":"\t\t<div data-elementor-type=\"wp-post\" data-elementor-id=\"2453\" class=\"elementor elementor-2453\" data-elementor-post-type=\"post\">\n\t\t\t\t\t\t<section class=\"elementor-section elementor-top-section elementor-element elementor-element-68aa8cf elementor-section-boxed elementor-section-height-default elementor-section-height-default wpr-particle-no wpr-jarallax-no wpr-parallax-no wpr-sticky-section-no\" data-id=\"68aa8cf\" data-element_type=\"section\" data-settings=\"{&quot;jet_parallax_layout_list&quot;:[]}\">\n\t\t\t\t\t\t<div class=\"elementor-container elementor-column-gap-default\">\n\t\t\t\t\t<div class=\"elementor-column elementor-col-100 elementor-top-column elementor-element elementor-element-368117e\" data-id=\"368117e\" data-element_type=\"column\">\n\t\t\t<div class=\"elementor-widget-wrap elementor-element-populated\">\n\t\t\t\t\t\t<div class=\"elementor-element elementor-element-e775096 elementor-widget-divider--view-line elementor-widget elementor-widget-divider\" data-id=\"e775096\" data-element_type=\"widget\" data-widget_type=\"divider.default\">\n\t\t\t\t<div class=\"elementor-widget-container\">\n\t\t\t\t\t\t\t<div class=\"elementor-divider\">\n\t\t\t<span class=\"elementor-divider-separator\">\n\t\t\t\t\t\t<\/span>\n\t\t<\/div>\n\t\t\t\t\t\t<\/div>\n\t\t\t\t<\/div>\n\t\t\t\t<div class=\"elementor-element elementor-element-da0da59 elementor-widget elementor-widget-image\" data-id=\"da0da59\" data-element_type=\"widget\" data-widget_type=\"image.default\">\n\t\t\t\t<div class=\"elementor-widget-container\">\n\t\t\t\t\t\t\t\t\t\t\t\t\t\t\t<img fetchpriority=\"high\" decoding=\"async\" width=\"944\" height=\"155\" src=\"https:\/\/redelog.rj.gov.br\/redecompras\/wp-content\/uploads\/2022\/02\/WhatsApp-Image-2023-04-19-at-12.08.36.jpeg\" class=\"attachment-large size-large wp-image-8557\" alt=\"\" srcset=\"https:\/\/redelog.rj.gov.br\/redecompras\/wp-content\/uploads\/2022\/02\/WhatsApp-Image-2023-04-19-at-12.08.36.jpeg 944w, https:\/\/redelog.rj.gov.br\/redecompras\/wp-content\/uploads\/2022\/02\/WhatsApp-Image-2023-04-19-at-12.08.36-300x49.jpeg 300w, https:\/\/redelog.rj.gov.br\/redecompras\/wp-content\/uploads\/2022\/02\/WhatsApp-Image-2023-04-19-at-12.08.36-768x126.jpeg 768w, https:\/\/redelog.rj.gov.br\/redecompras\/wp-content\/uploads\/2022\/02\/WhatsApp-Image-2023-04-19-at-12.08.36-600x99.jpeg 600w\" sizes=\"(max-width: 944px) 100vw, 944px\" \/>\t\t\t\t\t\t\t\t\t\t\t\t\t\t\t<\/div>\n\t\t\t\t<\/div>\n\t\t\t\t\t<\/div>\n\t\t<\/div>\n\t\t\t\t\t<\/div>\n\t\t<\/section>\n\t\t\t\t<section class=\"elementor-section elementor-top-section elementor-element elementor-element-3ec5b1d elementor-section-boxed elementor-section-height-default elementor-section-height-default wpr-particle-no wpr-jarallax-no wpr-parallax-no wpr-sticky-section-no\" data-id=\"3ec5b1d\" data-element_type=\"section\" data-settings=\"{&quot;jet_parallax_layout_list&quot;:[]}\">\n\t\t\t\t\t\t<div class=\"elementor-container elementor-column-gap-default\">\n\t\t\t\t\t<div class=\"elementor-column elementor-col-100 elementor-top-column elementor-element elementor-element-411a53a\" data-id=\"411a53a\" data-element_type=\"column\">\n\t\t\t<div class=\"elementor-widget-wrap elementor-element-populated\">\n\t\t\t\t\t\t<div class=\"elementor-element elementor-element-a02c8ca elementor-widget elementor-widget-text-editor\" data-id=\"a02c8ca\" data-element_type=\"widget\" data-widget_type=\"text-editor.default\">\n\t\t\t\t<div class=\"elementor-widget-container\">\n\t\t\t\t\t\t\t\t\t<p><strong>Rede\u00a0de Gestores de Compras \u2013 Redecompras<\/strong><\/p><p><strong><a href=\"https:\/\/redelog.rj.gov.br\/redelog\/decreto-47680\/\">Decreto n\u00ba 47.680, de 12 de julho de 2021<\/a><\/strong><\/p><p><strong><a href=\"https:\/\/redelog.rj.gov.br\/redelog\/resolucao-seplag-no-272-de-08-de-fevereiro-de-2024\/\">Resolu\u00e7\u00e3o SEPLAG n\u00ba 272, de 08 de fevereiro de 2024<\/a><\/strong><\/p><p><strong>Gerente:\u00a0Claudia Leone<\/strong><\/p><p>Suplente: Andreia de Assis Ferreira Melo<\/p><p><strong><a href=\"mailto:redecompras@planejamento.rj.gov.br\">redecompras@planejamento.rj.gov.br<\/a><\/strong><\/p>\t\t\t\t\t\t\t\t<\/div>\n\t\t\t\t<\/div>\n\t\t\t\t\t<\/div>\n\t\t<\/div>\n\t\t\t\t\t<\/div>\n\t\t<\/section>\n\t\t\t\t<section class=\"elementor-section elementor-top-section elementor-element elementor-element-550c329 elementor-section-boxed elementor-section-height-default elementor-section-height-default wpr-particle-no wpr-jarallax-no wpr-parallax-no wpr-sticky-section-no\" data-id=\"550c329\" data-element_type=\"section\" data-settings=\"{&quot;jet_parallax_layout_list&quot;:[]}\">\n\t\t\t\t\t\t<div class=\"elementor-container elementor-column-gap-default\">\n\t\t\t\t\t<div class=\"elementor-column elementor-col-100 elementor-top-column elementor-element elementor-element-6d9a7da\" data-id=\"6d9a7da\" data-element_type=\"column\">\n\t\t\t<div class=\"elementor-widget-wrap elementor-element-populated\">\n\t\t\t\t\t\t<div class=\"elementor-element elementor-element-7c6b994 elementor-widget-divider--view-line elementor-widget elementor-widget-divider\" data-id=\"7c6b994\" data-element_type=\"widget\" data-widget_type=\"divider.default\">\n\t\t\t\t<div class=\"elementor-widget-container\">\n\t\t\t\t\t\t\t<div class=\"elementor-divider\">\n\t\t\t<span class=\"elementor-divider-separator\">\n\t\t\t\t\t\t<\/span>\n\t\t<\/div>\n\t\t\t\t\t\t<\/div>\n\t\t\t\t<\/div>\n\t\t\t\t<div class=\"elementor-element elementor-element-ce7b953 elementor-widget elementor-widget-image\" data-id=\"ce7b953\" data-element_type=\"widget\" data-widget_type=\"image.default\">\n\t\t\t\t<div class=\"elementor-widget-container\">\n\t\t\t\t\t\t\t\t\t\t\t\t\t\t\t<img decoding=\"async\" width=\"1024\" height=\"275\" src=\"https:\/\/redelog.rj.gov.br\/redecompras\/wp-content\/uploads\/2022\/02\/WhatsApp-Image-2023-04-19-at-12.08.44-2.jpeg\" class=\"attachment-large size-large wp-image-8571\" alt=\"\" srcset=\"https:\/\/redelog.rj.gov.br\/redecompras\/wp-content\/uploads\/2022\/02\/WhatsApp-Image-2023-04-19-at-12.08.44-2.jpeg 1024w, https:\/\/redelog.rj.gov.br\/redecompras\/wp-content\/uploads\/2022\/02\/WhatsApp-Image-2023-04-19-at-12.08.44-2-300x81.jpeg 300w, https:\/\/redelog.rj.gov.br\/redecompras\/wp-content\/uploads\/2022\/02\/WhatsApp-Image-2023-04-19-at-12.08.44-2-768x206.jpeg 768w, https:\/\/redelog.rj.gov.br\/redecompras\/wp-content\/uploads\/2022\/02\/WhatsApp-Image-2023-04-19-at-12.08.44-2-600x161.jpeg 600w\" sizes=\"(max-width: 1024px) 100vw, 1024px\" \/>\t\t\t\t\t\t\t\t\t\t\t\t\t\t\t<\/div>\n\t\t\t\t<\/div>\n\t\t\t\t\t<\/div>\n\t\t<\/div>\n\t\t\t\t\t<\/div>\n\t\t<\/section>\n\t\t\t\t<section class=\"elementor-section elementor-top-section elementor-element elementor-element-a829730 elementor-section-boxed elementor-section-height-default elementor-section-height-default wpr-particle-no wpr-jarallax-no wpr-parallax-no wpr-sticky-section-no\" data-id=\"a829730\" data-element_type=\"section\" data-settings=\"{&quot;jet_parallax_layout_list&quot;:[]}\">\n\t\t\t\t\t\t<div class=\"elementor-container elementor-column-gap-default\">\n\t\t\t\t\t<div class=\"elementor-column elementor-col-100 elementor-top-column elementor-element elementor-element-f3e9e3e\" data-id=\"f3e9e3e\" data-element_type=\"column\">\n\t\t\t<div class=\"elementor-widget-wrap elementor-element-populated\">\n\t\t\t\t\t\t<div class=\"elementor-element elementor-element-1ab87ed elementor-widget elementor-widget-text-editor\" data-id=\"1ab87ed\" data-element_type=\"widget\" data-widget_type=\"text-editor.default\">\n\t\t\t\t<div class=\"elementor-widget-container\">\n\t\t\t\t\t\t\t\t\t<p><strong>Rede Log\u00edstica \u2013 Redelog<\/strong><\/p><p><strong><a href=\"https:\/\/redelog.rj.gov.br\/redelog\/decreto-46050\/\">Decreto n\u00ba 46.050, de 26 de julho de 2017<\/a>\u00a0alterado pelo\u00a0<a href=\"https:\/\/redelog.rj.gov.br\/redelog\/?p=18930&amp;preview=true\">Decreto n\u00ba 48.178, de 15 de agosto de 2022<\/a>.\u00a0<\/strong><\/p><p><strong>Gerente Geral: Rud\u00e1 Brand\u00e3o Azambuja Neto<\/strong><\/p><p>Suplente: Tatiana Gaspar Pinheiro<\/p><p>Tel. (21) 2332 7042<\/p><p><strong><a href=\"mailto:redelog@planejamento.rj.gov.br\">redelog@planejamento.rj.gov.br<\/a><\/strong><\/p>\t\t\t\t\t\t\t\t<\/div>\n\t\t\t\t<\/div>\n\t\t\t\t\t<\/div>\n\t\t<\/div>\n\t\t\t\t\t<\/div>\n\t\t<\/section>\n\t\t\t\t<section class=\"elementor-section elementor-top-section elementor-element elementor-element-5a6ca4e elementor-section-boxed elementor-section-height-default elementor-section-height-default wpr-particle-no wpr-jarallax-no wpr-parallax-no wpr-sticky-section-no\" data-id=\"5a6ca4e\" data-element_type=\"section\" data-settings=\"{&quot;jet_parallax_layout_list&quot;:[]}\">\n\t\t\t\t\t\t<div class=\"elementor-container elementor-column-gap-default\">\n\t\t\t\t\t<div class=\"elementor-column elementor-col-100 elementor-top-column elementor-element elementor-element-c7db486\" data-id=\"c7db486\" data-element_type=\"column\">\n\t\t\t<div class=\"elementor-widget-wrap elementor-element-populated\">\n\t\t\t\t\t\t<div class=\"elementor-element elementor-element-9e24791 elementor-widget-divider--view-line elementor-widget elementor-widget-divider\" data-id=\"9e24791\" data-element_type=\"widget\" data-widget_type=\"divider.default\">\n\t\t\t\t<div class=\"elementor-widget-container\">\n\t\t\t\t\t\t\t<div class=\"elementor-divider\">\n\t\t\t<span class=\"elementor-divider-separator\">\n\t\t\t\t\t\t<\/span>\n\t\t<\/div>\n\t\t\t\t\t\t<\/div>\n\t\t\t\t<\/div>\n\t\t\t\t<div class=\"elementor-element elementor-element-6cb469d elementor-widget elementor-widget-image\" data-id=\"6cb469d\" data-element_type=\"widget\" data-widget_type=\"image.default\">\n\t\t\t\t<div class=\"elementor-widget-container\">\n\t\t\t\t\t\t\t\t\t\t\t\t\t\t\t<img decoding=\"async\" width=\"1001\" height=\"207\" src=\"https:\/\/redelog.rj.gov.br\/redecompras\/wp-content\/uploads\/2022\/02\/WhatsApp-Image-2023-04-19-at-12.08.54-1.jpeg\" class=\"attachment-large size-large wp-image-8576\" alt=\"\" srcset=\"https:\/\/redelog.rj.gov.br\/redecompras\/wp-content\/uploads\/2022\/02\/WhatsApp-Image-2023-04-19-at-12.08.54-1.jpeg 1001w, https:\/\/redelog.rj.gov.br\/redecompras\/wp-content\/uploads\/2022\/02\/WhatsApp-Image-2023-04-19-at-12.08.54-1-300x62.jpeg 300w, https:\/\/redelog.rj.gov.br\/redecompras\/wp-content\/uploads\/2022\/02\/WhatsApp-Image-2023-04-19-at-12.08.54-1-768x159.jpeg 768w, https:\/\/redelog.rj.gov.br\/redecompras\/wp-content\/uploads\/2022\/02\/WhatsApp-Image-2023-04-19-at-12.08.54-1-600x124.jpeg 600w\" sizes=\"(max-width: 1001px) 100vw, 1001px\" \/>\t\t\t\t\t\t\t\t\t\t\t\t\t\t\t<\/div>\n\t\t\t\t<\/div>\n\t\t\t\t\t<\/div>\n\t\t<\/div>\n\t\t\t\t\t<\/div>\n\t\t<\/section>\n\t\t\t\t<section class=\"elementor-section elementor-top-section elementor-element elementor-element-3684879 elementor-section-boxed elementor-section-height-default elementor-section-height-default wpr-particle-no wpr-jarallax-no wpr-parallax-no wpr-sticky-section-no\" data-id=\"3684879\" data-element_type=\"section\" data-settings=\"{&quot;jet_parallax_layout_list&quot;:[]}\">\n\t\t\t\t\t\t<div class=\"elementor-container elementor-column-gap-default\">\n\t\t\t\t\t<div class=\"elementor-column elementor-col-100 elementor-top-column elementor-element elementor-element-e45aa48\" data-id=\"e45aa48\" data-element_type=\"column\">\n\t\t\t<div class=\"elementor-widget-wrap elementor-element-populated\">\n\t\t\t\t\t\t<div class=\"elementor-element elementor-element-99720c4 elementor-widget elementor-widget-text-editor\" data-id=\"99720c4\" data-element_type=\"widget\" data-widget_type=\"text-editor.default\">\n\t\t\t\t<div class=\"elementor-widget-container\">\n\t\t\t\t\t\t\t\t\t<p><strong>Rede de Pregoeiros \u2013 Redepreg<\/strong><\/p><p><strong><a href=\"https:\/\/redelog.rj.gov.br\/redelog\/resolucao-seplag-no-148-de-16-de-agosto-de-2022-2\/\">Resolu\u00e7\u00e3o SEPLAG n\u00ba 148 de 16 de agosto de 2022<\/a>.\u00a0<\/strong><\/p><p><strong>Gerente: Alcione Silva Quintas<\/strong><\/p><p>Apoio:\u00a0<span style=\"font-size: 1.125rem; letter-spacing: 0px;\">Aline de Lima Passos Macedo\u00a0<\/span><\/p><p>Tel. (21) 2333 1878<\/p><p><strong><a href=\"mailto:redepreg@planejamento.rj.gov.br\">redepreg@planejamento.rj.gov.br<\/a><\/strong><\/p>\t\t\t\t\t\t\t\t<\/div>\n\t\t\t\t<\/div>\n\t\t\t\t\t<\/div>\n\t\t<\/div>\n\t\t\t\t\t<\/div>\n\t\t<\/section>\n\t\t\t\t<section class=\"elementor-section elementor-top-section elementor-element elementor-element-4e91ef6 elementor-section-boxed elementor-section-height-default elementor-section-height-default wpr-particle-no wpr-jarallax-no wpr-parallax-no wpr-sticky-section-no\" data-id=\"4e91ef6\" data-element_type=\"section\" data-settings=\"{&quot;jet_parallax_layout_list&quot;:[]}\">\n\t\t\t\t\t\t<div class=\"elementor-container elementor-column-gap-default\">\n\t\t\t\t\t<div class=\"elementor-column elementor-col-100 elementor-top-column elementor-element elementor-element-dda608f\" data-id=\"dda608f\" data-element_type=\"column\">\n\t\t\t<div class=\"elementor-widget-wrap elementor-element-populated\">\n\t\t\t\t\t\t<div class=\"elementor-element elementor-element-69044d4 elementor-widget-divider--view-line elementor-widget elementor-widget-divider\" data-id=\"69044d4\" data-element_type=\"widget\" data-widget_type=\"divider.default\">\n\t\t\t\t<div class=\"elementor-widget-container\">\n\t\t\t\t\t\t\t<div class=\"elementor-divider\">\n\t\t\t<span class=\"elementor-divider-separator\">\n\t\t\t\t\t\t<\/span>\n\t\t<\/div>\n\t\t\t\t\t\t<\/div>\n\t\t\t\t<\/div>\n\t\t\t\t<div class=\"elementor-element elementor-element-b667758 elementor-widget elementor-widget-image\" data-id=\"b667758\" data-element_type=\"widget\" data-widget_type=\"image.default\">\n\t\t\t\t<div class=\"elementor-widget-container\">\n\t\t\t\t\t\t\t\t\t\t\t\t\t\t\t<img loading=\"lazy\" decoding=\"async\" width=\"968\" height=\"228\" src=\"https:\/\/redelog.rj.gov.br\/redecompras\/wp-content\/uploads\/2023\/04\/WhatsApp-Image-2023-04-19-at-12.09.03.jpeg\" class=\"attachment-large size-large wp-image-8580\" alt=\"\" srcset=\"https:\/\/redelog.rj.gov.br\/redecompras\/wp-content\/uploads\/2023\/04\/WhatsApp-Image-2023-04-19-at-12.09.03.jpeg 968w, https:\/\/redelog.rj.gov.br\/redecompras\/wp-content\/uploads\/2023\/04\/WhatsApp-Image-2023-04-19-at-12.09.03-300x71.jpeg 300w, https:\/\/redelog.rj.gov.br\/redecompras\/wp-content\/uploads\/2023\/04\/WhatsApp-Image-2023-04-19-at-12.09.03-768x181.jpeg 768w, https:\/\/redelog.rj.gov.br\/redecompras\/wp-content\/uploads\/2023\/04\/WhatsApp-Image-2023-04-19-at-12.09.03-600x141.jpeg 600w\" sizes=\"(max-width: 968px) 100vw, 968px\" \/>\t\t\t\t\t\t\t\t\t\t\t\t\t\t\t<\/div>\n\t\t\t\t<\/div>\n\t\t\t\t\t<\/div>\n\t\t<\/div>\n\t\t\t\t\t<\/div>\n\t\t<\/section>\n\t\t\t\t<section class=\"elementor-section elementor-top-section elementor-element elementor-element-26a4af9 elementor-section-boxed elementor-section-height-default elementor-section-height-default wpr-particle-no wpr-jarallax-no wpr-parallax-no wpr-sticky-section-no\" data-id=\"26a4af9\" data-element_type=\"section\" data-settings=\"{&quot;jet_parallax_layout_list&quot;:[]}\">\n\t\t\t\t\t\t<div class=\"elementor-container elementor-column-gap-default\">\n\t\t\t\t\t<div class=\"elementor-column elementor-col-100 elementor-top-column elementor-element elementor-element-aa8339b\" data-id=\"aa8339b\" data-element_type=\"column\">\n\t\t\t<div class=\"elementor-widget-wrap elementor-element-populated\">\n\t\t\t\t\t\t<div class=\"elementor-element elementor-element-89c7778 elementor-widget elementor-widget-text-editor\" data-id=\"89c7778\" data-element_type=\"widget\" data-widget_type=\"text-editor.default\">\n\t\t\t\t<div class=\"elementor-widget-container\">\n\t\t\t\t\t\t\t\t\t<p><strong>Rede de Gerenciadores de Transportes Oficiais\u00a0\u00a0<\/strong><\/p><p><a href=\"https:\/\/redelog.rj.gov.br\/redelog\/resolucao-seplag-no-149-de-16-de-agosto-de-2022\/\"><b>Resolu\u00e7\u00e3o SEPLAG n\u00ba 149 de 16 de agosto de 2022<\/b><\/a><\/p><p><strong>Gerente:\u00a0<\/strong><strong style=\"font-size: 1.125rem; letter-spacing: 0px;\">Ricardo Ramos da Silva Vasconcelos<\/strong><\/p><p>Apoio: Douglas Rodrigues da Silva<\/p><p>Tel. (21) 2332 7013<\/p><p><strong><a href=\"mailto:redetrans@planejamento.rj.gov.br\">redetrans@planejamento.rj.gov.br<\/a><\/strong><\/p>\t\t\t\t\t\t\t\t<\/div>\n\t\t\t\t<\/div>\n\t\t\t\t\t<\/div>\n\t\t<\/div>\n\t\t\t\t\t<\/div>\n\t\t<\/section>\n\t\t\t\t<section class=\"elementor-section elementor-top-section elementor-element elementor-element-81c4725 elementor-section-boxed elementor-section-height-default elementor-section-height-default wpr-particle-no wpr-jarallax-no wpr-parallax-no wpr-sticky-section-no\" data-id=\"81c4725\" data-element_type=\"section\" data-settings=\"{&quot;jet_parallax_layout_list&quot;:[]}\">\n\t\t\t\t\t\t<div class=\"elementor-container elementor-column-gap-default\">\n\t\t\t\t\t<div class=\"elementor-column elementor-col-100 elementor-top-column elementor-element elementor-element-fccabb9\" data-id=\"fccabb9\" data-element_type=\"column\">\n\t\t\t<div class=\"elementor-widget-wrap elementor-element-populated\">\n\t\t\t\t\t\t<div class=\"elementor-element elementor-element-36fb379 elementor-widget-divider--view-line elementor-widget elementor-widget-divider\" data-id=\"36fb379\" data-element_type=\"widget\" data-widget_type=\"divider.default\">\n\t\t\t\t<div class=\"elementor-widget-container\">\n\t\t\t\t\t\t\t<div class=\"elementor-divider\">\n\t\t\t<span class=\"elementor-divider-separator\">\n\t\t\t\t\t\t<\/span>\n\t\t<\/div>\n\t\t\t\t\t\t<\/div>\n\t\t\t\t<\/div>\n\t\t\t\t<div class=\"elementor-element elementor-element-162b0a1 elementor-widget elementor-widget-image\" data-id=\"162b0a1\" data-element_type=\"widget\" data-widget_type=\"image.default\">\n\t\t\t\t<div class=\"elementor-widget-container\">\n\t\t\t\t\t\t\t\t\t\t\t\t\t\t\t<img loading=\"lazy\" decoding=\"async\" width=\"1024\" height=\"300\" src=\"https:\/\/redelog.rj.gov.br\/redecompras\/wp-content\/uploads\/2023\/04\/WhatsApp-Image-2023-04-19-at-12.09.18.jpeg\" class=\"attachment-large size-large wp-image-8581\" alt=\"\" srcset=\"https:\/\/redelog.rj.gov.br\/redecompras\/wp-content\/uploads\/2023\/04\/WhatsApp-Image-2023-04-19-at-12.09.18.jpeg 1024w, https:\/\/redelog.rj.gov.br\/redecompras\/wp-content\/uploads\/2023\/04\/WhatsApp-Image-2023-04-19-at-12.09.18-300x88.jpeg 300w, https:\/\/redelog.rj.gov.br\/redecompras\/wp-content\/uploads\/2023\/04\/WhatsApp-Image-2023-04-19-at-12.09.18-768x225.jpeg 768w, https:\/\/redelog.rj.gov.br\/redecompras\/wp-content\/uploads\/2023\/04\/WhatsApp-Image-2023-04-19-at-12.09.18-600x176.jpeg 600w\" sizes=\"(max-width: 1024px) 100vw, 1024px\" \/>\t\t\t\t\t\t\t\t\t\t\t\t\t\t\t<\/div>\n\t\t\t\t<\/div>\n\t\t\t\t\t<\/div>\n\t\t<\/div>\n\t\t\t\t\t<\/div>\n\t\t<\/section>\n\t\t\t\t<section class=\"elementor-section elementor-top-section elementor-element elementor-element-38f0cd7 elementor-section-boxed elementor-section-height-default elementor-section-height-default wpr-particle-no wpr-jarallax-no wpr-parallax-no wpr-sticky-section-no\" data-id=\"38f0cd7\" data-element_type=\"section\" data-settings=\"{&quot;jet_parallax_layout_list&quot;:[]}\">\n\t\t\t\t\t\t<div class=\"elementor-container elementor-column-gap-default\">\n\t\t\t\t\t<div class=\"elementor-column elementor-col-100 elementor-top-column elementor-element elementor-element-7ca364f\" data-id=\"7ca364f\" data-element_type=\"column\">\n\t\t\t<div class=\"elementor-widget-wrap elementor-element-populated\">\n\t\t\t\t\t\t<div class=\"elementor-element elementor-element-39682e4 elementor-widget elementor-widget-text-editor\" data-id=\"39682e4\" data-element_type=\"widget\" data-widget_type=\"text-editor.default\">\n\t\t\t\t<div class=\"elementor-widget-container\">\n\t\t\t\t\t\t\t\t\t<p><strong>Rede de Gestores de Contratos \u2013 Redecontratos<\/strong><\/p><p><a href=\"https:\/\/redelog.rj.gov.br\/redelog\/resolucao-seplag-no-150-de-16-de-agosto-de-2022-2\/\"><b>Resolu\u00e7\u00e3o SEPLAG n\u00ba 150 de 16 de agosto de 2022<\/b><\/a><\/p><p><strong>Gerente: Zelia Maria Ramalho Lima<\/strong><\/p><p>Apoio: Ana Gabriela Martins Stumpf<\/p><p>Tel. (21) 2333 1881<\/p><p><strong><a href=\"mailto:redecont@planejamento.rj.gov.br\">redecontratos@planejamento.rj.gov.br<\/a><\/strong><\/p>\t\t\t\t\t\t\t\t<\/div>\n\t\t\t\t<\/div>\n\t\t\t\t\t<\/div>\n\t\t<\/div>\n\t\t\t\t\t<\/div>\n\t\t<\/section>\n\t\t\t\t<section class=\"elementor-section elementor-top-section elementor-element elementor-element-3257e7d elementor-section-boxed elementor-section-height-default elementor-section-height-default wpr-particle-no wpr-jarallax-no wpr-parallax-no wpr-sticky-section-no\" data-id=\"3257e7d\" data-element_type=\"section\" data-settings=\"{&quot;jet_parallax_layout_list&quot;:[]}\">\n\t\t\t\t\t\t<div class=\"elementor-container elementor-column-gap-default\">\n\t\t\t\t\t<div class=\"elementor-column elementor-col-100 elementor-top-column elementor-element elementor-element-9019804\" data-id=\"9019804\" data-element_type=\"column\">\n\t\t\t<div class=\"elementor-widget-wrap elementor-element-populated\">\n\t\t\t\t\t\t<div class=\"elementor-element elementor-element-2805a21 elementor-widget-divider--view-line elementor-widget elementor-widget-divider\" data-id=\"2805a21\" data-element_type=\"widget\" data-widget_type=\"divider.default\">\n\t\t\t\t<div class=\"elementor-widget-container\">\n\t\t\t\t\t\t\t<div class=\"elementor-divider\">\n\t\t\t<span class=\"elementor-divider-separator\">\n\t\t\t\t\t\t<\/span>\n\t\t<\/div>\n\t\t\t\t\t\t<\/div>\n\t\t\t\t<\/div>\n\t\t\t\t<div class=\"elementor-element elementor-element-b3e366c elementor-widget elementor-widget-image\" data-id=\"b3e366c\" data-element_type=\"widget\" data-widget_type=\"image.default\">\n\t\t\t\t<div class=\"elementor-widget-container\">\n\t\t\t\t\t\t\t\t\t\t\t\t\t\t\t<img loading=\"lazy\" decoding=\"async\" width=\"971\" height=\"219\" src=\"https:\/\/redelog.rj.gov.br\/redecompras\/wp-content\/uploads\/2023\/04\/WhatsApp-Image-2023-04-19-at-12.09.33.jpeg\" class=\"attachment-large size-large wp-image-8587\" alt=\"\" \/>\t\t\t\t\t\t\t\t\t\t\t\t\t\t\t<\/div>\n\t\t\t\t<\/div>\n\t\t\t\t\t<\/div>\n\t\t<\/div>\n\t\t\t\t\t<\/div>\n\t\t<\/section>\n\t\t\t\t<section class=\"elementor-section elementor-top-section elementor-element elementor-element-f2e53ac elementor-section-boxed elementor-section-height-default elementor-section-height-default wpr-particle-no wpr-jarallax-no wpr-parallax-no wpr-sticky-section-no\" data-id=\"f2e53ac\" data-element_type=\"section\" data-settings=\"{&quot;jet_parallax_layout_list&quot;:[]}\">\n\t\t\t\t\t\t<div class=\"elementor-container elementor-column-gap-default\">\n\t\t\t\t\t<div class=\"elementor-column elementor-col-100 elementor-top-column elementor-element elementor-element-3b556c3\" data-id=\"3b556c3\" data-element_type=\"column\">\n\t\t\t<div class=\"elementor-widget-wrap elementor-element-populated\">\n\t\t\t\t\t\t<div class=\"elementor-element elementor-element-418f854 elementor-widget elementor-widget-text-editor\" data-id=\"418f854\" data-element_type=\"widget\" data-widget_type=\"text-editor.default\">\n\t\t\t\t<div class=\"elementor-widget-container\">\n\t\t\t\t\t\t\t\t\t<p><strong>Rede de Gestores de Bens M\u00f3veis \u2013 Redebens<\/strong><\/p><p><strong><a href=\"https:\/\/redelog.rj.gov.br\/redelog\/resolucao-seplag-no-151-de-16-de-agosto-de-2022\/\">Resolu\u00e7\u00e3o SEPLAG n\u00ba 151 de 16 de agosto de 2022<\/a><\/strong>.<\/p><p><strong>Gerente: Karinne Magalh\u00e3es Meneses<\/strong><\/p><p>Apoio: Vanderlene Toledo Lima<\/p><p>Tel. (21) 2333 3398<\/p><p><strong><a href=\"mailto:redebens@planejamento.rj.gov.br\">redebens@planejamento.rj.gov.br<\/a><\/strong><\/p>\t\t\t\t\t\t\t\t<\/div>\n\t\t\t\t<\/div>\n\t\t\t\t<div class=\"elementor-element elementor-element-e24a347 elementor-widget-divider--view-line elementor-widget elementor-widget-divider\" data-id=\"e24a347\" data-element_type=\"widget\" data-widget_type=\"divider.default\">\n\t\t\t\t<div class=\"elementor-widget-container\">\n\t\t\t\t\t\t\t<div class=\"elementor-divider\">\n\t\t\t<span class=\"elementor-divider-separator\">\n\t\t\t\t\t\t<\/span>\n\t\t<\/div>\n\t\t\t\t\t\t<\/div>\n\t\t\t\t<\/div>\n\t\t\t\t\t<\/div>\n\t\t<\/div>\n\t\t\t\t\t<\/div>\n\t\t<\/section>\n\t\t\t\t<section class=\"elementor-section elementor-top-section elementor-element elementor-element-c92db80 elementor-section-boxed elementor-section-height-default elementor-section-height-default wpr-particle-no wpr-jarallax-no wpr-parallax-no wpr-sticky-section-no\" data-id=\"c92db80\" data-element_type=\"section\" data-settings=\"{&quot;jet_parallax_layout_list&quot;:[]}\">\n\t\t\t\t\t\t<div class=\"elementor-container elementor-column-gap-default\">\n\t\t\t\t\t<div class=\"elementor-column elementor-col-100 elementor-top-column elementor-element elementor-element-2577a20\" data-id=\"2577a20\" data-element_type=\"column\">\n\t\t\t<div class=\"elementor-widget-wrap elementor-element-populated\">\n\t\t\t\t\t\t<div class=\"elementor-element elementor-element-6e61f4c elementor-widget elementor-widget-text-editor\" data-id=\"6e61f4c\" data-element_type=\"widget\" data-widget_type=\"text-editor.default\">\n\t\t\t\t<div class=\"elementor-widget-container\">\n\t\t\t\t\t\t\t\t\t<p>Nomea\u00e7\u00f5es dos gerentes publicadas no DOE\u00a0<strong><a href=\"https:\/\/redelog.rj.gov.br\/redelog\/wp-content\/uploads\/2022\/01\/RESOLUCAO-SEPLAG-No-38-2020-Nomeacao-Gerentes-Redes-Logistica.pdf\">04\/01\/2021<\/a>, <a href=\"https:\/\/www.redelog.rj.gov.br\/redelog\/wp-content\/uploads\/2022\/03\/Resolucao-SEPLAG-no-107-Gerente-REDECOMPRAS.pdf\">\u00a003\/03\/2022<\/a>, <a href=\"https:\/\/www.redelog.rj.gov.br\/redelog\/wp-content\/uploads\/2022\/08\/Resolucao-SEPLAG-no-145-Gerente-REDELOG.pdf\">17\/08\/2022<\/a>, <\/strong><strong>24\/04\/2023<\/strong><strong>,<\/strong> <strong>16\/08\/2023<\/strong> <strong>e<\/strong> <strong>04\/09\/2023.<\/strong><\/p>\t\t\t\t\t\t\t\t<\/div>\n\t\t\t\t<\/div>\n\t\t\t\t<div class=\"elementor-element elementor-element-19e45dd elementor-widget-divider--view-line elementor-widget elementor-widget-divider\" data-id=\"19e45dd\" data-element_type=\"widget\" data-widget_type=\"divider.default\">\n\t\t\t\t<div class=\"elementor-widget-container\">\n\t\t\t\t\t\t\t<div class=\"elementor-divider\">\n\t\t\t<span class=\"elementor-divider-separator\">\n\t\t\t\t\t\t<\/span>\n\t\t<\/div>\n\t\t\t\t\t\t<\/div>\n\t\t\t\t<\/div>\n\t\t\t\t<div class=\"elementor-element elementor-element-2ed7669 elementor-widget elementor-widget-text-editor\" data-id=\"2ed7669\" data-element_type=\"widget\" data-widget_type=\"text-editor.default\">\n\t\t\t\t<div class=\"elementor-widget-container\">\n\t\t\t\t\t\t\t\t\t<p><strong>Gestores Setoriais Redecompras<\/strong><\/p>\t\t\t\t\t\t\t\t<\/div>\n\t\t\t\t<\/div>\n\t\t\t\t<div class=\"elementor-element elementor-element-0743601 elementor-widget elementor-widget-text-editor\" data-id=\"0743601\" data-element_type=\"widget\" data-widget_type=\"text-editor.default\">\n\t\t\t\t<div class=\"elementor-widget-container\">\n\t\t\t\t\t\t\t\t\t<p><strong>SECRETARIAS<\/strong><\/p><p>SEGG \u2013 Sem indica\u00e7\u00e3o<\/p><p>SEGOV \u2013 Bianca Teresa D\u00b4Adda<\/p><p>SEPLAG \u2013 Lucilene Da Silva Teixeira<\/p><p>SECC \u2013 D\u00e9bora Pe\u00e7anha Gon\u00e7alves<\/p><p>SECID \u2013 Rafael Pinheiro Pimenta<\/p><p>SEFAZ \u2013 Adriana Claro Ribeiro Amaral<\/p><p>SEDEICS \u2013 Sem Indica\u00e7\u00e3o<\/p><p>SEPM \u2013 Eduardo Augusto Gon\u00e7alves Anjo<\/p><p>SEPOL \u2013 Leonardo Giuseppe Alves de Oliveira<\/p><p>SEAP \u2013 Eduardo da Silva Costa<\/p><p>SES \u2013 Jonathan Rosa De Paula<\/p><p>SEDEC \u2013 Rafael Benvindo Freitas<\/p><p>SEEDUC \u2013 L\u00edvia da Cruz Gomes<\/p><p>SECTI \u2013 Matheus Greg\u00f3rio Ferreira<\/p><p>SETRAM \u2013 Cesar Augusto Jacintho de Araujo<\/p><p>SEAS \u2013 Julia Maria Ferreira Perdig\u00e3o<\/p><p>SEAPPA \u2013 Sem Indica\u00e7\u00e3o<\/p><p>SECEC \u2013 S\u00f4nia Maria Trindade<\/p><p>SEDSODH \u2013 Camila Hargreaves<\/p><p>SEEL \u2013 Charlye Correa dos Reis<\/p><p>SETUR \u2013 Sem indica\u00e7\u00e3o<\/p><p>SETRAB \u2013 Gianni Machado Do Nascimento Da Silva<\/p><p>SETD \u2013 Thaisa Maia Coelho<\/p><p>SERGB \u2013 Nadson Diego Ribeiro De Alecrim<\/p><p>SESP \u2013 Milena da Rocha Azevedo<\/p><p>SEIC \u2013 Sem indica\u00e7\u00e3o<\/p><p>SEHIS \u2013 Sem indica\u00e7\u00e3o<\/p><p>SEIJES \u2013 Lucas De Oliveira Barbosa<\/p><p>SEM \u2013 Joana Soares Quevedo<\/p><p>SEENEMAR \u2013 Let\u00edcia Elen Machado Chagas<\/p><p>GSI \u2013 Ana Margareth Moreira Mendes Cosenza<\/p><p>CGE \u2013 Patr\u00edcia Vi\u00e7oso Figueiredo<\/p><p>PGE \u2013 Vin\u00edcius Batista Rodrigues Carneiro<\/p><p><strong>AUTARQUIAS<\/strong><\/p><p>DETRAN\/RJ \u2013 Juliana Albuquerque de Paula<\/p><p>IPEM \u2013 Lucineia de Andrade Arcanjo<\/p><p>IRM \u2013 Raquel Bas\u00edlio Oliveira de souza<\/p><p>ISP \u2013 Soraya Gra\u00e7a Moreira Francisco<\/p><p>LOTERJ \u2013 Rita Luzinete de Oliveira Costa<\/p><p>RIOPREVID\u00caNCIA \u2013 Luciane Calixto Neves<\/p><p>JUCERJA \u2013 Ana Aline Dantas Cardoso<\/p><p>PROCON\/RJ \u2013 Sem indica\u00e7\u00e3o<\/p><p>DRM \u2013 Gabriel Silva Albino<\/p><p>IASERJ \u2013 Sem indica\u00e7\u00e3o<\/p><p>DETRO \u2013 Livia Vidal Lopes<\/p><p>AGETRANSP \u2013 Sem indica\u00e7\u00e3o<\/p><p>INEA \u2013 Carina Baldi<\/p><p>SUDERJ \u2013 Sem Indica\u00e7\u00e3o<\/p><p>PRODERJ \u2013 Alexandre Correa Cordeiro<\/p><p>ITERJ \u2013 Michel Sotelo Marques<\/p><p>IEEA \u2013 Anne Caroline da Concei\u00e7\u00e3o Souza<\/p><p>AGENERSA \u2013 Rodrigo Martins Carvalho<\/p><p>\u00a0<strong>FUNDA\u00c7\u00d5ES<\/strong><\/p><p>CEPERJ \u2013 Sergio Renato Pereira dos Santos<\/p><p>RJPREV \u2013 Luciana Oliveira da Silva de Senna<\/p><p>FSCABRINI \u2013 Daiane Hil\u00e1rio Rosa<\/p><p>FSERJ \u2013 Suane De Araujo Da Silva<\/p><p>UEZO \u2013 Sem indica\u00e7\u00e3o<\/p><p>FAPERJ \u2013 Eliane Souza da Silva<\/p><p>CECIERJ \u2013 Luiz Lima de Melo<\/p><p>FAETEC \u2013 Sem indica\u00e7\u00e3o<\/p><p>UERJ \u2013 Sem indica\u00e7\u00e3o<\/p><p>UENF \u2013 Higor Lopes Neves Tinoco<\/p><p>FIPERJ \u2013 Eneas Rodrigues Silva<\/p><p>FUNARJ \u2013 Claudia de Mello Gentil<\/p><p>FMIS \u2013 Allana Verediano dos Santos<\/p><p>FL XIII \u2013 Carlos Adriano de Oliveira<\/p><p>DER \u2013 Marcelli Machado Da Rocha Souza<\/p><p>FIA\/RJ \u2013 Marcia da Cunha Chactoura Oliveira<\/p><p>FTM \u2013 Leonardo Silva da Costa<\/p><p>DEGASE \u2013 Sem indica\u00e7\u00e3o<\/p><p><strong>EMPRESAS ESTATAIS<\/strong><\/p><p>AGERIO \u2013 Gisela Sumaia Teira de Lima Licks<\/p><p>CASERJ \u2013 Sem indica\u00e7\u00e3o<\/p><p>CEASA \u2013 Shirlei Amaro Avena Weisz<\/p><p>CEDAE \u2013 Maristela Batista Nunes<\/p><p>CEHAB \u2013 Suellen da Silva Bueno Wanderley<\/p><p>CENTRAL \u2013 Patr\u00edcia Matos da Silva<\/p><p>CODERTE \u2013 Ana Claudia Gomes de Alc\u00e2ntara<\/p><p>CODIN \u2013 Sem indica\u00e7\u00e3o<\/p><p>EMATER \u2013Carlos Rodrigo De Moraes Lamego<\/p><p>EMOP \u2013 Sem indica\u00e7\u00e3o<\/p><p>FLUMITRENS \u2013 Sem indica\u00e7\u00e3o<\/p><p>IOERJ \u2013 sem indica\u00e7\u00e3o<\/p><p>IVB \u2013 Sem indica\u00e7\u00e3o<\/p><p>PESAGRO \u2013 Mel Vytoria Amaral de Carvalho<\/p><p>RIOTRILHOS \u2013 C\u00e1ssio Nascimento de Sousa<\/p><p>TURISRIO \u2013 Leandro Ferreira dos Santos<\/p>\t\t\t\t\t\t\t\t<\/div>\n\t\t\t\t<\/div>\n\t\t\t\t\t<\/div>\n\t\t<\/div>\n\t\t\t\t\t<\/div>\n\t\t<\/section>\n\t\t\t\t<section class=\"elementor-section elementor-top-section elementor-element elementor-element-e8d5c01 elementor-section-boxed elementor-section-height-default elementor-section-height-default wpr-particle-no wpr-jarallax-no wpr-parallax-no wpr-sticky-section-no\" data-id=\"e8d5c01\" data-element_type=\"section\" data-settings=\"{&quot;jet_parallax_layout_list&quot;:[]}\">\n\t\t\t\t\t\t<div class=\"elementor-container elementor-column-gap-default\">\n\t\t\t\t\t<div class=\"elementor-column elementor-col-100 elementor-top-column elementor-element elementor-element-6891660\" data-id=\"6891660\" data-element_type=\"column\">\n\t\t\t<div class=\"elementor-widget-wrap elementor-element-populated\">\n\t\t\t\t\t\t<div class=\"elementor-element elementor-element-1b07b02 elementor-widget-divider--view-line elementor-widget elementor-widget-divider\" data-id=\"1b07b02\" data-element_type=\"widget\" data-widget_type=\"divider.default\">\n\t\t\t\t<div class=\"elementor-widget-container\">\n\t\t\t\t\t\t\t<div class=\"elementor-divider\">\n\t\t\t<span class=\"elementor-divider-separator\">\n\t\t\t\t\t\t<\/span>\n\t\t<\/div>\n\t\t\t\t\t\t<\/div>\n\t\t\t\t<\/div>\n\t\t\t\t<div class=\"elementor-element elementor-element-ac347ac elementor-widget elementor-widget-text-editor\" data-id=\"ac347ac\" data-element_type=\"widget\" data-widget_type=\"text-editor.default\">\n\t\t\t\t<div class=\"elementor-widget-container\">\n\t\t\t\t\t\t\t\t\t<div class=\"elementor-element elementor-element-9548b47 elementor-widget elementor-widget-text-editor\" data-id=\"9548b47\" data-element_type=\"widget\" data-widget_type=\"text-editor.default\"><div class=\"elementor-widget-container\"><p><strong>Atualiza\u00e7\u00e3o dos Gestores Setoriais da Redecompras<\/strong><\/p><\/div><\/div><div class=\"elementor-element elementor-element-cd1a213 elementor-widget elementor-widget-text-editor\" data-id=\"cd1a213\" data-element_type=\"widget\" data-widget_type=\"text-editor.default\"><div class=\"elementor-widget-container\"><p>Encaminhar of\u00edcio pelo processo <strong>SEI-120001\/000982\/2026<\/strong>\u00a0solicitando a mudan\u00e7a e cadastrar os dados do novo gestor no <b>formul\u00e1rio<\/b>.<\/p><\/div><\/div>\t\t\t\t\t\t\t\t<\/div>\n\t\t\t\t<\/div>\n\t\t\t\t\t<\/div>\n\t\t<\/div>\n\t\t\t\t\t<\/div>\n\t\t<\/section>\n\t\t\t\t<section class=\"elementor-section elementor-top-section elementor-element elementor-element-cd47ffc elementor-section-boxed elementor-section-height-default elementor-section-height-default wpr-particle-no wpr-jarallax-no wpr-parallax-no wpr-sticky-section-no\" data-id=\"cd47ffc\" data-element_type=\"section\" data-settings=\"{&quot;jet_parallax_layout_list&quot;:[]}\">\n\t\t\t\t\t\t<div class=\"elementor-container elementor-column-gap-default\">\n\t\t\t\t\t<div class=\"elementor-column elementor-col-100 elementor-top-column elementor-element elementor-element-6bace45\" data-id=\"6bace45\" data-element_type=\"column\">\n\t\t\t<div class=\"elementor-widget-wrap\">\n\t\t\t\t\t\t\t<\/div>\n\t\t<\/div>\n\t\t\t\t\t<\/div>\n\t\t<\/section>\n\t\t\t\t<\/div>\n\t\t","protected":false},"excerpt":{"rendered":"<p>Rede\u00a0de Gestores de Compras \u2013 Redecompras Decreto n\u00ba 47.680, de 12 de julho de 2021 Resolu\u00e7\u00e3o SEPLAG n\u00ba 272, de 08 de fevereiro de 2024 Gerente:\u00a0Claudia Leone Suplente: Andreia de Assis Ferreira Melo redecompras@planejamento.rj.gov.br Rede Log\u00edstica \u2013 Redelog Decreto n\u00ba 46.050, de 26 de julho de 2017\u00a0alterado pelo\u00a0Decreto n\u00ba 48.178, de 15 de agosto de 2022.\u00a0 Gerente Geral: Rud\u00e1 Brand\u00e3o Azambuja Neto Suplente: Tatiana Gaspar Pinheiro Tel. (21) 2332 7042 redelog@planejamento.rj.gov.br Rede de Pregoeiros \u2013 Redepreg Resolu\u00e7\u00e3o SEPLAG n\u00ba 148 de 16 de agosto de 2022.\u00a0 Gerente: Alcione Silva Quintas Apoio:\u00a0Aline de Lima Passos Macedo\u00a0 Tel. (21) 2333 1878 redepreg@planejamento.rj.gov.br Rede de Gerenciadores de Transportes Oficiais\u00a0\u00a0 Resolu\u00e7\u00e3o SEPLAG n\u00ba 149 de 16 de agosto de 2022 Gerente:\u00a0Ricardo Ramos da Silva Vasconcelos Apoio: Douglas Rodrigues da Silva Tel. (21) 2332 7013 redetrans@planejamento.rj.gov.br Rede de Gestores de Contratos \u2013 Redecontratos Resolu\u00e7\u00e3o SEPLAG n\u00ba 150 de 16 de agosto de 2022 Gerente: Zelia Maria Ramalho Lima Apoio: Ana Gabriela Martins Stumpf Tel. (21) 2333 1881 redecontratos@planejamento.rj.gov.br Rede de Gestores de Bens M\u00f3veis \u2013 Redebens Resolu\u00e7\u00e3o SEPLAG n\u00ba 151 de 16 de agosto de 2022. Gerente: Karinne Magalh\u00e3es Meneses Apoio: Vanderlene Toledo Lima Tel. (21) 2333 3398 redebens@planejamento.rj.gov.br Nomea\u00e7\u00f5es dos gerentes publicadas no DOE\u00a004\/01\/2021, \u00a003\/03\/2022, 17\/08\/2022, 24\/04\/2023, 16\/08\/2023 e 04\/09\/2023. Gestores Setoriais Redecompras SECRETARIAS SEGG \u2013 Sem indica\u00e7\u00e3o SEGOV \u2013 Bianca Teresa D\u00b4Adda SEPLAG \u2013 Lucilene Da Silva Teixeira SECC \u2013 D\u00e9bora Pe\u00e7anha Gon\u00e7alves SECID \u2013 Rafael Pinheiro Pimenta SEFAZ \u2013 Adriana Claro Ribeiro Amaral SEDEICS \u2013 Sem Indica\u00e7\u00e3o SEPM \u2013 Eduardo Augusto Gon\u00e7alves Anjo SEPOL \u2013 Leonardo Giuseppe Alves de Oliveira SEAP \u2013 Eduardo da Silva Costa SES \u2013 Jonathan Rosa De Paula SEDEC \u2013 Rafael Benvindo Freitas SEEDUC \u2013 L\u00edvia da Cruz Gomes SECTI \u2013 Matheus Greg\u00f3rio Ferreira SETRAM \u2013 Cesar Augusto Jacintho de Araujo SEAS \u2013 Julia Maria Ferreira Perdig\u00e3o SEAPPA \u2013 Sem Indica\u00e7\u00e3o SECEC \u2013 S\u00f4nia Maria Trindade SEDSODH \u2013 Camila Hargreaves SEEL \u2013 Charlye Correa dos Reis SETUR \u2013 Sem indica\u00e7\u00e3o SETRAB \u2013 Gianni Machado Do Nascimento Da Silva SETD \u2013 Thaisa Maia Coelho SERGB \u2013 Nadson Diego Ribeiro De Alecrim SESP \u2013 Milena da Rocha Azevedo SEIC \u2013 Sem indica\u00e7\u00e3o SEHIS \u2013 Sem indica\u00e7\u00e3o SEIJES \u2013 Lucas De Oliveira Barbosa SEM \u2013 Joana Soares Quevedo SEENEMAR \u2013 Let\u00edcia Elen Machado Chagas GSI \u2013 Ana Margareth Moreira Mendes Cosenza CGE \u2013 Patr\u00edcia Vi\u00e7oso Figueiredo PGE \u2013 Vin\u00edcius Batista Rodrigues Carneiro AUTARQUIAS DETRAN\/RJ \u2013 Juliana Albuquerque de Paula IPEM \u2013 Lucineia de Andrade Arcanjo IRM \u2013 Raquel Bas\u00edlio Oliveira de souza ISP \u2013 Soraya Gra\u00e7a Moreira Francisco LOTERJ \u2013 Rita Luzinete de Oliveira Costa RIOPREVID\u00caNCIA \u2013 Luciane Calixto Neves JUCERJA \u2013 Ana Aline Dantas Cardoso PROCON\/RJ \u2013 Sem indica\u00e7\u00e3o DRM \u2013 Gabriel Silva Albino IASERJ \u2013 Sem indica\u00e7\u00e3o DETRO \u2013 Livia Vidal Lopes AGETRANSP \u2013 Sem indica\u00e7\u00e3o INEA \u2013 Carina Baldi SUDERJ \u2013 Sem Indica\u00e7\u00e3o PRODERJ \u2013 Alexandre Correa Cordeiro ITERJ \u2013 Michel Sotelo Marques IEEA \u2013 Anne Caroline da Concei\u00e7\u00e3o Souza AGENERSA \u2013 Rodrigo Martins Carvalho \u00a0FUNDA\u00c7\u00d5ES CEPERJ \u2013 Sergio Renato Pereira dos Santos RJPREV \u2013 Luciana Oliveira da Silva de Senna FSCABRINI \u2013 Daiane Hil\u00e1rio Rosa FSERJ \u2013 Suane De Araujo Da Silva UEZO \u2013 Sem indica\u00e7\u00e3o FAPERJ \u2013 Eliane Souza da Silva CECIERJ \u2013 Luiz Lima de Melo FAETEC \u2013 Sem indica\u00e7\u00e3o UERJ \u2013 Sem indica\u00e7\u00e3o UENF \u2013 Higor Lopes Neves Tinoco FIPERJ \u2013 Eneas Rodrigues Silva FUNARJ \u2013 Claudia de Mello Gentil FMIS \u2013 Allana Verediano dos Santos FL XIII \u2013 Carlos Adriano de Oliveira DER \u2013 Marcelli Machado Da Rocha Souza FIA\/RJ \u2013 Marcia da Cunha Chactoura Oliveira FTM \u2013 Leonardo Silva da Costa DEGASE \u2013 Sem indica\u00e7\u00e3o EMPRESAS ESTATAIS AGERIO \u2013 Gisela Sumaia Teira de Lima Licks CASERJ \u2013 Sem indica\u00e7\u00e3o CEASA \u2013 Shirlei Amaro Avena Weisz CEDAE \u2013 Maristela Batista Nunes CEHAB \u2013 Suellen da Silva Bueno Wanderley CENTRAL \u2013 Patr\u00edcia Matos da Silva CODERTE \u2013 Ana Claudia Gomes de Alc\u00e2ntara CODIN \u2013 Sem indica\u00e7\u00e3o EMATER \u2013Carlos Rodrigo De Moraes Lamego EMOP \u2013 Sem indica\u00e7\u00e3o FLUMITRENS \u2013 Sem indica\u00e7\u00e3o IOERJ \u2013 sem indica\u00e7\u00e3o IVB \u2013 Sem indica\u00e7\u00e3o PESAGRO \u2013 Mel Vytoria Amaral de Carvalho RIOTRILHOS \u2013 C\u00e1ssio Nascimento de Sousa TURISRIO \u2013 Leandro Ferreira dos Santos Atualiza\u00e7\u00e3o dos Gestores Setoriais da Redecompras Encaminhar of\u00edcio pelo processo SEI-120001\/000982\/2026\u00a0solicitando a mudan\u00e7a e cadastrar os dados do novo gestor no formul\u00e1rio.<\/p>\n","protected":false},"author":1,"featured_media":0,"comment_status":"closed","ping_status":"open","sticky":false,"template":"","format":"standard","meta":{"footnotes":""},"categories":[41],"tags":[],"class_list":["post-2453","post","type-post","status-publish","format-standard","hentry","category-rede_compras"],"_links":{"self":[{"href":"https:\/\/redelog.rj.gov.br\/redecompras\/wp-json\/wp\/v2\/posts\/2453","targetHints":{"allow":["GET"]}}],"collection":[{"href":"https:\/\/redelog.rj.gov.br\/redecompras\/wp-json\/wp\/v2\/posts"}],"about":[{"href":"https:\/\/redelog.rj.gov.br\/redecompras\/wp-json\/wp\/v2\/types\/post"}],"author":[{"embeddable":true,"href":"https:\/\/redelog.rj.gov.br\/redecompras\/wp-json\/wp\/v2\/users\/1"}],"replies":[{"embeddable":true,"href":"https:\/\/redelog.rj.gov.br\/redecompras\/wp-json\/wp\/v2\/comments?post=2453"}],"version-history":[{"count":214,"href":"https:\/\/redelog.rj.gov.br\/redecompras\/wp-json\/wp\/v2\/posts\/2453\/revisions"}],"predecessor-version":[{"id":11114,"href":"https:\/\/redelog.rj.gov.br\/redecompras\/wp-json\/wp\/v2\/posts\/2453\/revisions\/11114"}],"wp:attachment":[{"href":"https:\/\/redelog.rj.gov.br\/redecompras\/wp-json\/wp\/v2\/media?parent=2453"}],"wp:term":[{"taxonomy":"category","embeddable":true,"href":"https:\/\/redelog.rj.gov.br\/redecompras\/wp-json\/wp\/v2\/categories?post=2453"},{"taxonomy":"post_tag","embeddable":true,"href":"https:\/\/redelog.rj.gov.br\/redecompras\/wp-json\/wp\/v2\/tags?post=2453"}],"curies":[{"name":"wp","href":"https:\/\/api.w.org\/{rel}","templated":true}]}}