{"id":2437,"date":"2022-02-02T14:25:40","date_gmt":"2022-02-02T17:25:40","guid":{"rendered":"http:\/\/redelog.rj.gov.br\/redecompras\/?p=2437"},"modified":"2023-09-18T13:56:42","modified_gmt":"2023-09-18T16:56:42","slug":"sobre-a-redecompras","status":"publish","type":"post","link":"https:\/\/redelog.rj.gov.br\/redecompras\/sobre-a-redecompras\/","title":{"rendered":"SOBRE A REDECOMPRAS"},"content":{"rendered":"\t\t<div data-elementor-type=\"wp-post\" data-elementor-id=\"2437\" class=\"elementor elementor-2437\" data-elementor-post-type=\"post\">\n\t\t\t\t\t\t<section class=\"elementor-section elementor-top-section elementor-element elementor-element-6fd1143 elementor-section-boxed elementor-section-height-default elementor-section-height-default wpr-particle-no wpr-jarallax-no wpr-parallax-no wpr-sticky-section-no\" data-id=\"6fd1143\" data-element_type=\"section\" data-settings=\"{&quot;jet_parallax_layout_list&quot;:[]}\">\n\t\t\t\t\t\t<div class=\"elementor-container elementor-column-gap-default\">\n\t\t\t\t\t<div class=\"elementor-column elementor-col-100 elementor-top-column elementor-element elementor-element-8d0f114\" data-id=\"8d0f114\" data-element_type=\"column\">\n\t\t\t<div class=\"elementor-widget-wrap\">\n\t\t\t\t\t\t\t<\/div>\n\t\t<\/div>\n\t\t\t\t\t<\/div>\n\t\t<\/section>\n\t\t\t\t<section class=\"elementor-section elementor-top-section elementor-element elementor-element-578cbbb elementor-section-boxed elementor-section-height-default elementor-section-height-default wpr-particle-no wpr-jarallax-no wpr-parallax-no wpr-sticky-section-no\" data-id=\"578cbbb\" data-element_type=\"section\" data-settings=\"{&quot;jet_parallax_layout_list&quot;:[]}\">\n\t\t\t\t\t\t<div class=\"elementor-container elementor-column-gap-default\">\n\t\t\t\t\t<div class=\"elementor-column elementor-col-100 elementor-top-column elementor-element elementor-element-bbd42cb\" data-id=\"bbd42cb\" data-element_type=\"column\">\n\t\t\t<div class=\"elementor-widget-wrap elementor-element-populated\">\n\t\t\t\t\t\t<div class=\"elementor-element elementor-element-8a6e60d elementor-widget-divider--view-line elementor-widget elementor-widget-divider\" data-id=\"8a6e60d\" data-element_type=\"widget\" data-widget_type=\"divider.default\">\n\t\t\t\t<div class=\"elementor-widget-container\">\n\t\t\t\t\t\t\t<div class=\"elementor-divider\">\n\t\t\t<span class=\"elementor-divider-separator\">\n\t\t\t\t\t\t<\/span>\n\t\t<\/div>\n\t\t\t\t\t\t<\/div>\n\t\t\t\t<\/div>\n\t\t\t\t<div class=\"elementor-element elementor-element-0c36540 elementor-widget elementor-widget-image\" data-id=\"0c36540\" data-element_type=\"widget\" data-widget_type=\"image.default\">\n\t\t\t\t<div class=\"elementor-widget-container\">\n\t\t\t\t\t\t\t\t\t\t\t\t\t\t\t<img fetchpriority=\"high\" decoding=\"async\" width=\"362\" height=\"356\" src=\"https:\/\/redelog.rj.gov.br\/redecompras\/wp-content\/uploads\/2022\/02\/Redecompras2_after.png\" class=\"attachment-large size-large wp-image-7977\" alt=\"\" srcset=\"https:\/\/redelog.rj.gov.br\/redecompras\/wp-content\/uploads\/2022\/02\/Redecompras2_after.png 362w, https:\/\/redelog.rj.gov.br\/redecompras\/wp-content\/uploads\/2022\/02\/Redecompras2_after-300x295.png 300w\" sizes=\"(max-width: 362px) 100vw, 362px\" \/>\t\t\t\t\t\t\t\t\t\t\t\t\t\t\t<\/div>\n\t\t\t\t<\/div>\n\t\t\t\t\t<\/div>\n\t\t<\/div>\n\t\t\t\t\t<\/div>\n\t\t<\/section>\n\t\t\t\t<section class=\"elementor-section elementor-top-section elementor-element elementor-element-d9a677e elementor-section-boxed elementor-section-height-default elementor-section-height-default wpr-particle-no wpr-jarallax-no wpr-parallax-no wpr-sticky-section-no\" data-id=\"d9a677e\" data-element_type=\"section\" data-settings=\"{&quot;jet_parallax_layout_list&quot;:[]}\">\n\t\t\t\t\t\t<div class=\"elementor-container elementor-column-gap-default\">\n\t\t\t\t\t<div class=\"elementor-column elementor-col-100 elementor-top-column elementor-element elementor-element-d56ecce\" data-id=\"d56ecce\" data-element_type=\"column\">\n\t\t\t<div class=\"elementor-widget-wrap elementor-element-populated\">\n\t\t\t\t\t\t<div class=\"elementor-element elementor-element-df9dad5 elementor-widget elementor-widget-text-editor\" data-id=\"df9dad5\" data-element_type=\"widget\" data-widget_type=\"text-editor.default\">\n\t\t\t\t<div class=\"elementor-widget-container\">\n\t\t\t\t\t\t\t\t\t<p>A Redecompras \u00e9 uma comunidade que agrega agentes p\u00fablicos do Estado do Rio de Janeiro com os sistemas informatizados\u00a0de licita\u00e7\u00e3o e contrata\u00e7\u00e3o, e que visa promover a difus\u00e3o de informa\u00e7\u00f5es e a troca de experi\u00eancias em prol do aprimoramento das compras p\u00fablicas estaduais.<\/p><p>Al\u00e9m de promover a integra\u00e7\u00e3o entre os setoriais, o principal objetivo da Redecompras \u00e9 disseminar informa\u00e7\u00f5es sobre compras p\u00fablicas e, principalmente, sobre a utiliza\u00e7\u00e3o dos sistemas eletr\u00f4nicos de compras e ferramentas digitais. Dessa forma, a Redecompras, atrav\u00e9s de seus integrantes, promover\u00e1 constantemente a integra\u00e7\u00e3o das informa\u00e7\u00f5es para aperfei\u00e7oar os sistemas informatizados, sugerindo melhorias, e modernizar as compras p\u00fablicas no \u00e2mbito do Governo Estadual.<\/p><p>Sua Base de Conhecimento contar\u00e1 com tutoriais, instru\u00e7\u00f5es detalhadas de como atuar nos sistemas, v\u00eddeos explicativos e todas as informa\u00e7\u00f5es necess\u00e1rias para o bom andamento das atividades de contrata\u00e7\u00e3o. Ser\u00e1 de relevante import\u00e2ncia para que os agentes p\u00fablicos atuem com seguran\u00e7a e efici\u00eancia nos processos de licita\u00e7\u00e3o e contrata\u00e7\u00e3o.<\/p><p>Fazem parte da Redecompras os agentes p\u00fablicos que atuam nos sistemas de Licita\u00e7\u00f5es e Contrata\u00e7\u00f5es. Seus integrantes contam com grupo de mensagens de e-mail (redecompras@planejamento.rj.gov.br), grupo de WhatsApp, atendimento telef\u00f4nico e, principalmente, com a Base de Conhecimento do novo Portal da REDECOMPRAS, que est\u00e1 integrado ao Portal da REDELOG no endere\u00e7o\u00a0<a href=\"http:\/\/www.redelog.rj.gov.br\/\">www.redelog.rj.gov.br.<\/a><\/p><p><strong>Conhe\u00e7a o Portal da Redecompras:\u00a0<\/strong><\/p>\t\t\t\t\t\t\t\t<\/div>\n\t\t\t\t<\/div>\n\t\t\t\t\t<\/div>\n\t\t<\/div>\n\t\t\t\t\t<\/div>\n\t\t<\/section>\n\t\t\t\t<section class=\"elementor-section elementor-top-section elementor-element elementor-element-c298247 elementor-section-boxed elementor-section-height-default elementor-section-height-default wpr-particle-no wpr-jarallax-no wpr-parallax-no wpr-sticky-section-no\" data-id=\"c298247\" data-element_type=\"section\" data-settings=\"{&quot;jet_parallax_layout_list&quot;:[{&quot;jet_parallax_layout_image&quot;:{&quot;url&quot;:&quot;&quot;,&quot;id&quot;:&quot;&quot;,&quot;size&quot;:&quot;&quot;},&quot;_id&quot;:&quot;fc8b2ea&quot;,&quot;jet_parallax_layout_image_tablet&quot;:{&quot;url&quot;:&quot;&quot;,&quot;id&quot;:&quot;&quot;,&quot;size&quot;:&quot;&quot;},&quot;jet_parallax_layout_image_mobile&quot;:{&quot;url&quot;:&quot;&quot;,&quot;id&quot;:&quot;&quot;,&quot;size&quot;:&quot;&quot;},&quot;jet_parallax_layout_speed&quot;:{&quot;unit&quot;:&quot;%&quot;,&quot;size&quot;:50,&quot;sizes&quot;:[]},&quot;jet_parallax_layout_type&quot;:&quot;scroll&quot;,&quot;jet_parallax_layout_direction&quot;:&quot;1&quot;,&quot;jet_parallax_layout_fx_direction&quot;:null,&quot;jet_parallax_layout_z_index&quot;:&quot;&quot;,&quot;jet_parallax_layout_bg_x&quot;:50,&quot;jet_parallax_layout_bg_x_tablet&quot;:&quot;&quot;,&quot;jet_parallax_layout_bg_x_mobile&quot;:&quot;&quot;,&quot;jet_parallax_layout_bg_y&quot;:50,&quot;jet_parallax_layout_bg_y_tablet&quot;:&quot;&quot;,&quot;jet_parallax_layout_bg_y_mobile&quot;:&quot;&quot;,&quot;jet_parallax_layout_bg_size&quot;:&quot;auto&quot;,&quot;jet_parallax_layout_bg_size_tablet&quot;:&quot;&quot;,&quot;jet_parallax_layout_bg_size_mobile&quot;:&quot;&quot;,&quot;jet_parallax_layout_animation_prop&quot;:&quot;transform&quot;,&quot;jet_parallax_layout_on&quot;:[&quot;desktop&quot;,&quot;tablet&quot;]}]}\">\n\t\t\t\t\t\t<div class=\"elementor-container elementor-column-gap-default\">\n\t\t\t\t\t<div class=\"elementor-column elementor-col-100 elementor-top-column elementor-element elementor-element-29450e5\" data-id=\"29450e5\" data-element_type=\"column\">\n\t\t\t<div class=\"elementor-widget-wrap elementor-element-populated\">\n\t\t\t\t\t\t<div class=\"elementor-element elementor-element-a31f647 elementor-align-center elementor-icon-list--layout-traditional elementor-list-item-link-full_width elementor-widget elementor-widget-icon-list\" data-id=\"a31f647\" data-element_type=\"widget\" data-widget_type=\"icon-list.default\">\n\t\t\t\t<div class=\"elementor-widget-container\">\n\t\t\t\t\t\t\t<ul class=\"elementor-icon-list-items\">\n\t\t\t\t\t\t\t<li class=\"elementor-icon-list-item\">\n\t\t\t\t\t\t\t\t\t\t\t<a href=\"mailto:redelog@planejamento.rj.gov.br\">\n\n\t\t\t\t\t\t\t\t\t\t\t\t<span class=\"elementor-icon-list-icon\">\n\t\t\t\t\t\t\t<i aria-hidden=\"true\" class=\"nc-icon-outline ui-1_email-85\"><\/i>\t\t\t\t\t\t<\/span>\n\t\t\t\t\t\t\t\t\t\t<span class=\"elementor-icon-list-text\">redecompras@planejamento.rj.gov.br<\/span>\n\t\t\t\t\t\t\t\t\t\t\t<\/a>\n\t\t\t\t\t\t\t\t\t<\/li>\n\t\t\t\t\t\t<\/ul>\n\t\t\t\t\t\t<\/div>\n\t\t\t\t<\/div>\n\t\t\t\t<div class=\"elementor-element elementor-element-f60734c elementor-widget-divider--view-line elementor-widget elementor-widget-divider\" data-id=\"f60734c\" data-element_type=\"widget\" data-widget_type=\"divider.default\">\n\t\t\t\t<div class=\"elementor-widget-container\">\n\t\t\t\t\t\t\t<div class=\"elementor-divider\">\n\t\t\t<span class=\"elementor-divider-separator\">\n\t\t\t\t\t\t<\/span>\n\t\t<\/div>\n\t\t\t\t\t\t<\/div>\n\t\t\t\t<\/div>\n\t\t\t\t\t<\/div>\n\t\t<\/div>\n\t\t\t\t\t<\/div>\n\t\t<\/section>\n\t\t\t\t<\/div>\n\t\t","protected":false},"excerpt":{"rendered":"<p>A Redecompras \u00e9 uma comunidade que agrega agentes p\u00fablicos do Estado do Rio de Janeiro com os sistemas informatizados\u00a0de licita\u00e7\u00e3o e contrata\u00e7\u00e3o, e que visa promover a difus\u00e3o de informa\u00e7\u00f5es e a troca de experi\u00eancias em prol do aprimoramento das compras p\u00fablicas estaduais. Al\u00e9m de promover a integra\u00e7\u00e3o entre os setoriais, o principal objetivo da Redecompras \u00e9 disseminar informa\u00e7\u00f5es sobre compras p\u00fablicas e, principalmente, sobre a utiliza\u00e7\u00e3o dos sistemas eletr\u00f4nicos de compras e ferramentas digitais. Dessa forma, a Redecompras, atrav\u00e9s de seus integrantes, promover\u00e1 constantemente a integra\u00e7\u00e3o das informa\u00e7\u00f5es para aperfei\u00e7oar os sistemas informatizados, sugerindo melhorias, e modernizar as compras p\u00fablicas no \u00e2mbito do Governo Estadual. Sua Base de Conhecimento contar\u00e1 com tutoriais, instru\u00e7\u00f5es detalhadas de como atuar nos sistemas, v\u00eddeos explicativos e todas as informa\u00e7\u00f5es necess\u00e1rias para o bom andamento das atividades de contrata\u00e7\u00e3o. Ser\u00e1 de relevante import\u00e2ncia para que os agentes p\u00fablicos atuem com seguran\u00e7a e efici\u00eancia nos processos de licita\u00e7\u00e3o e contrata\u00e7\u00e3o. Fazem parte da Redecompras os agentes p\u00fablicos que atuam nos sistemas de Licita\u00e7\u00f5es e Contrata\u00e7\u00f5es. Seus integrantes contam com grupo de mensagens de e-mail (redecompras@planejamento.rj.gov.br), grupo de WhatsApp, atendimento telef\u00f4nico e, principalmente, com a Base de Conhecimento do novo Portal da REDECOMPRAS, que est\u00e1 integrado ao Portal da REDELOG no endere\u00e7o\u00a0www.redelog.rj.gov.br. Conhe\u00e7a o Portal da Redecompras:\u00a0 redecompras@planejamento.rj.gov.br<\/p>\n","protected":false},"author":1,"featured_media":0,"comment_status":"closed","ping_status":"open","sticky":false,"template":"","format":"standard","meta":{"footnotes":""},"categories":[41],"tags":[],"class_list":["post-2437","post","type-post","status-publish","format-standard","hentry","category-rede_compras"],"_links":{"self":[{"href":"https:\/\/redelog.rj.gov.br\/redecompras\/wp-json\/wp\/v2\/posts\/2437","targetHints":{"allow":["GET"]}}],"collection":[{"href":"https:\/\/redelog.rj.gov.br\/redecompras\/wp-json\/wp\/v2\/posts"}],"about":[{"href":"https:\/\/redelog.rj.gov.br\/redecompras\/wp-json\/wp\/v2\/types\/post"}],"author":[{"embeddable":true,"href":"https:\/\/redelog.rj.gov.br\/redecompras\/wp-json\/wp\/v2\/users\/1"}],"replies":[{"embeddable":true,"href":"https:\/\/redelog.rj.gov.br\/redecompras\/wp-json\/wp\/v2\/comments?post=2437"}],"version-history":[{"count":100,"href":"https:\/\/redelog.rj.gov.br\/redecompras\/wp-json\/wp\/v2\/posts\/2437\/revisions"}],"predecessor-version":[{"id":8736,"href":"https:\/\/redelog.rj.gov.br\/redecompras\/wp-json\/wp\/v2\/posts\/2437\/revisions\/8736"}],"wp:attachment":[{"href":"https:\/\/redelog.rj.gov.br\/redecompras\/wp-json\/wp\/v2\/media?parent=2437"}],"wp:term":[{"taxonomy":"category","embeddable":true,"href":"https:\/\/redelog.rj.gov.br\/redecompras\/wp-json\/wp\/v2\/categories?post=2437"},{"taxonomy":"post_tag","embeddable":true,"href":"https:\/\/redelog.rj.gov.br\/redecompras\/wp-json\/wp\/v2\/tags?post=2437"}],"curies":[{"name":"wp","href":"https:\/\/api.w.org\/{rel}","templated":true}]}}