{"id":10198,"date":"2025-03-12T14:51:17","date_gmt":"2025-03-12T17:51:17","guid":{"rendered":"https:\/\/redelog.rj.gov.br\/redecompras\/?p=10198"},"modified":"2025-03-12T14:54:59","modified_gmt":"2025-03-12T17:54:59","slug":"informe-no-04-2022-lancamento-da-redecompras","status":"publish","type":"post","link":"https:\/\/redelog.rj.gov.br\/redecompras\/informe-no-04-2022-lancamento-da-redecompras\/","title":{"rendered":"INFORME N\u00ba 04\/2022 \u2013 LAN\u00c7AMENTO DA REDECOMPRAS"},"content":{"rendered":"\t\t<div data-elementor-type=\"wp-post\" data-elementor-id=\"10198\" class=\"elementor elementor-10198\" data-elementor-post-type=\"post\">\n\t\t\t\t\t\t<section class=\"elementor-section elementor-top-section elementor-element elementor-element-c1a08e7 elementor-section-boxed elementor-section-height-default elementor-section-height-default wpr-particle-no wpr-jarallax-no wpr-parallax-no wpr-sticky-section-no\" data-id=\"c1a08e7\" data-element_type=\"section\" data-settings=\"{&quot;jet_parallax_layout_list&quot;:[{&quot;jet_parallax_layout_image&quot;:{&quot;url&quot;:&quot;&quot;,&quot;id&quot;:&quot;&quot;,&quot;size&quot;:&quot;&quot;},&quot;_id&quot;:&quot;86f78d1&quot;,&quot;jet_parallax_layout_image_tablet&quot;:{&quot;url&quot;:&quot;&quot;,&quot;id&quot;:&quot;&quot;,&quot;size&quot;:&quot;&quot;},&quot;jet_parallax_layout_image_mobile&quot;:{&quot;url&quot;:&quot;&quot;,&quot;id&quot;:&quot;&quot;,&quot;size&quot;:&quot;&quot;},&quot;jet_parallax_layout_speed&quot;:{&quot;unit&quot;:&quot;%&quot;,&quot;size&quot;:50,&quot;sizes&quot;:[]},&quot;jet_parallax_layout_type&quot;:&quot;scroll&quot;,&quot;jet_parallax_layout_direction&quot;:&quot;1&quot;,&quot;jet_parallax_layout_fx_direction&quot;:null,&quot;jet_parallax_layout_z_index&quot;:&quot;&quot;,&quot;jet_parallax_layout_bg_x&quot;:50,&quot;jet_parallax_layout_bg_x_tablet&quot;:&quot;&quot;,&quot;jet_parallax_layout_bg_x_mobile&quot;:&quot;&quot;,&quot;jet_parallax_layout_bg_y&quot;:50,&quot;jet_parallax_layout_bg_y_tablet&quot;:&quot;&quot;,&quot;jet_parallax_layout_bg_y_mobile&quot;:&quot;&quot;,&quot;jet_parallax_layout_bg_size&quot;:&quot;auto&quot;,&quot;jet_parallax_layout_bg_size_tablet&quot;:&quot;&quot;,&quot;jet_parallax_layout_bg_size_mobile&quot;:&quot;&quot;,&quot;jet_parallax_layout_animation_prop&quot;:&quot;transform&quot;,&quot;jet_parallax_layout_on&quot;:[&quot;desktop&quot;,&quot;tablet&quot;]}]}\">\n\t\t\t\t\t\t<div class=\"elementor-container elementor-column-gap-default\">\n\t\t\t\t\t<div class=\"elementor-column elementor-col-100 elementor-top-column elementor-element elementor-element-7159673\" data-id=\"7159673\" data-element_type=\"column\">\n\t\t\t<div class=\"elementor-widget-wrap elementor-element-populated\">\n\t\t\t\t\t\t<div class=\"elementor-element elementor-element-c5f4fae elementor-widget elementor-widget-image\" data-id=\"c5f4fae\" data-element_type=\"widget\" data-widget_type=\"image.default\">\n\t\t\t\t<div class=\"elementor-widget-container\">\n\t\t\t\t\t\t\t\t\t\t\t\t\t\t\t<img fetchpriority=\"high\" decoding=\"async\" width=\"1024\" height=\"576\" src=\"https:\/\/redelog.rj.gov.br\/redecompras\/wp-content\/uploads\/2025\/03\/redecompras-1024x576.jpg\" class=\"attachment-large size-large wp-image-10199\" alt=\"\" srcset=\"https:\/\/redelog.rj.gov.br\/redecompras\/wp-content\/uploads\/2025\/03\/redecompras-1024x576.jpg 1024w, https:\/\/redelog.rj.gov.br\/redecompras\/wp-content\/uploads\/2025\/03\/redecompras-300x169.jpg 300w, https:\/\/redelog.rj.gov.br\/redecompras\/wp-content\/uploads\/2025\/03\/redecompras-768x432.jpg 768w, https:\/\/redelog.rj.gov.br\/redecompras\/wp-content\/uploads\/2025\/03\/redecompras-150x85.jpg 150w, https:\/\/redelog.rj.gov.br\/redecompras\/wp-content\/uploads\/2025\/03\/redecompras-600x338.jpg 600w, https:\/\/redelog.rj.gov.br\/redecompras\/wp-content\/uploads\/2025\/03\/redecompras.jpg 1280w\" sizes=\"(max-width: 1024px) 100vw, 1024px\" \/>\t\t\t\t\t\t\t\t\t\t\t\t\t\t\t<\/div>\n\t\t\t\t<\/div>\n\t\t\t\t\t<\/div>\n\t\t<\/div>\n\t\t\t\t\t<\/div>\n\t\t<\/section>\n\t\t\t\t<section class=\"elementor-section elementor-top-section elementor-element elementor-element-e61a485 elementor-section-boxed elementor-section-height-default elementor-section-height-default wpr-particle-no wpr-jarallax-no wpr-parallax-no wpr-sticky-section-no\" data-id=\"e61a485\" data-element_type=\"section\" data-settings=\"{&quot;jet_parallax_layout_list&quot;:[{&quot;jet_parallax_layout_image&quot;:{&quot;url&quot;:&quot;&quot;,&quot;id&quot;:&quot;&quot;,&quot;size&quot;:&quot;&quot;},&quot;_id&quot;:&quot;752eaf7&quot;,&quot;jet_parallax_layout_image_tablet&quot;:{&quot;url&quot;:&quot;&quot;,&quot;id&quot;:&quot;&quot;,&quot;size&quot;:&quot;&quot;},&quot;jet_parallax_layout_image_mobile&quot;:{&quot;url&quot;:&quot;&quot;,&quot;id&quot;:&quot;&quot;,&quot;size&quot;:&quot;&quot;},&quot;jet_parallax_layout_speed&quot;:{&quot;unit&quot;:&quot;%&quot;,&quot;size&quot;:50,&quot;sizes&quot;:[]},&quot;jet_parallax_layout_type&quot;:&quot;scroll&quot;,&quot;jet_parallax_layout_direction&quot;:&quot;1&quot;,&quot;jet_parallax_layout_fx_direction&quot;:null,&quot;jet_parallax_layout_z_index&quot;:&quot;&quot;,&quot;jet_parallax_layout_bg_x&quot;:50,&quot;jet_parallax_layout_bg_x_tablet&quot;:&quot;&quot;,&quot;jet_parallax_layout_bg_x_mobile&quot;:&quot;&quot;,&quot;jet_parallax_layout_bg_y&quot;:50,&quot;jet_parallax_layout_bg_y_tablet&quot;:&quot;&quot;,&quot;jet_parallax_layout_bg_y_mobile&quot;:&quot;&quot;,&quot;jet_parallax_layout_bg_size&quot;:&quot;auto&quot;,&quot;jet_parallax_layout_bg_size_tablet&quot;:&quot;&quot;,&quot;jet_parallax_layout_bg_size_mobile&quot;:&quot;&quot;,&quot;jet_parallax_layout_animation_prop&quot;:&quot;transform&quot;,&quot;jet_parallax_layout_on&quot;:[&quot;desktop&quot;,&quot;tablet&quot;]}]}\">\n\t\t\t\t\t\t<div class=\"elementor-container elementor-column-gap-default\">\n\t\t\t\t\t<div class=\"elementor-column elementor-col-100 elementor-top-column elementor-element elementor-element-74eecc2\" data-id=\"74eecc2\" data-element_type=\"column\">\n\t\t\t<div class=\"elementor-widget-wrap elementor-element-populated\">\n\t\t\t\t\t\t<div class=\"elementor-element elementor-element-bd62003 elementor-widget-divider--view-line elementor-widget elementor-widget-divider\" data-id=\"bd62003\" data-element_type=\"widget\" data-widget_type=\"divider.default\">\n\t\t\t\t<div class=\"elementor-widget-container\">\n\t\t\t\t\t\t\t<div class=\"elementor-divider\">\n\t\t\t<span class=\"elementor-divider-separator\">\n\t\t\t\t\t\t<\/span>\n\t\t<\/div>\n\t\t\t\t\t\t<\/div>\n\t\t\t\t<\/div>\n\t\t\t\t<div class=\"elementor-element elementor-element-e164da5 elementor-widget elementor-widget-text-editor\" data-id=\"e164da5\" data-element_type=\"widget\" data-widget_type=\"text-editor.default\">\n\t\t\t\t<div class=\"elementor-widget-container\">\n\t\t\t\t\t\t\t\t\t<p><\/p>\n<p>Nova Lei de Licita\u00e7\u00f5es. Novo Sistema de Contra\u00e7\u00f5es Compras.gov.br do Governo Federal. Novo Sistema de Gest\u00e3o Contratual Contratos.RJ do Governo do Estado do Rio de Janeiro. Portal Nacional de Contrata\u00e7\u00f5es P\u00fablicas. Cat\u00e1logo Eletr\u00f4nico de Padroniza\u00e7\u00e3o. Plano de Contrata\u00e7\u00f5es Anual. Registro Cadastral Unificado de Licitantes.<\/p>\n<p>S\u00e3o muitas as mudan\u00e7as pelas quais as contrata\u00e7\u00f5es p\u00fablicas vem passando nos \u00faltimos tempos. E \u00e9 um volume grande de novidades num espa\u00e7o relativamente curto de tempo. Para os agentes que atuam em licita\u00e7\u00f5es e contrata\u00e7\u00f5es p\u00fablicas, acompanhar e permanecer atualizado a respeito de todas as novas normatiza\u00e7\u00f5es, artefatos e ferramentas \u00e9 uma necessidade b\u00e1sica.<\/p>\n<p>A Secretaria de Estado de Planejamento e Gest\u00e3o &#8211; Seplag, ciente desse grande desafio, e cumprindo o seu papel de \u00d3rg\u00e3o Central do Sistema Log\u00edstico do Estado, al\u00e9m de estar preparando as novas regulamenta\u00e7\u00f5es em conjunto com os Comit\u00eas Executivo e T\u00e9cnico de Governan\u00e7a e trabalhando nas ferramentas tecnol\u00f3gicas de apoio \u00e0s atividades de contrata\u00e7\u00e3o, est\u00e1 lan\u00e7ando uma nova Rede Funcional de Log\u00edstica para subsidiar os agentes setoriais que atuam nessas tem\u00e1ticas.<\/p>\n<p>A Rede de Gestores de Compras &#8211; Redecompras tem como enfoque a troca de informa\u00e7\u00f5es entre os gestores que atuar\u00e3o com os novos&nbsp;<span style=\"letter-spacing: 0px;\">sistemas informatizados Compras.gov.br e Contratos.RJ e os especialistas nessas ferramentas que atuam no \u00d3rg\u00e3o Central. A Redecompras foi regulamentada pela&nbsp;<\/span><a style=\"background-color: white; letter-spacing: 0px;\" href=\"http:\/\/redelog.rj.gov.br\/redelog\/resolucao-seplag-no-106-de-15-de-fevereiro-de-2022\/\"><strong>Resolu\u00e7\u00e3o SEPLAG n\u00ba 106, de 15 de fevereiro de 2022<\/strong>.<\/a><\/p>\n<p>Os integrantes dessa Rede contar\u00e3o com grupo de mensagens de e-mail, grupo de Telegram, atendimento telef\u00f4nico e, principalmente, com a Base de Conhecimento da \u00e1rea da Redecompras integrada ao Portal da Redelog no endere\u00e7o <strong><a href=\"http:\/\/redelog.rj.gov.br\">www.redelog.rj.gov.br<\/a><\/strong>.<\/p>\n<p>Essa Base de Conhecimento contar\u00e1 com <strong>tutoriais, instru\u00e7\u00f5es detalhadas de como atuar nos novos sistemas, v\u00eddeos explicativos e todas as informa\u00e7\u00f5es necess\u00e1rias<\/strong> para o bom andamento das atividades de contrata\u00e7\u00e3o. Aliada \u00e0 possibilidade de troca de informa\u00e7\u00f5es pelas ferramentas sociais da Redecompras, a Base de Conhecimento ser\u00e1 importante aux\u00edlio para que os agentes p\u00fablicos atuem com seguran\u00e7a e efici\u00eancia nos processos de licita\u00e7\u00e3o e contrata\u00e7\u00e3o.<\/p>\n<p><\/p>\t\t\t\t\t\t\t\t<\/div>\n\t\t\t\t<\/div>\n\t\t\t\t\t<\/div>\n\t\t<\/div>\n\t\t\t\t\t<\/div>\n\t\t<\/section>\n\t\t\t\t<section class=\"elementor-section elementor-top-section elementor-element elementor-element-394900c elementor-section-boxed elementor-section-height-default elementor-section-height-default wpr-particle-no wpr-jarallax-no wpr-parallax-no wpr-sticky-section-no\" data-id=\"394900c\" data-element_type=\"section\" data-settings=\"{&quot;jet_parallax_layout_list&quot;:[{&quot;jet_parallax_layout_image&quot;:{&quot;url&quot;:&quot;&quot;,&quot;id&quot;:&quot;&quot;,&quot;size&quot;:&quot;&quot;},&quot;_id&quot;:&quot;f515f05&quot;,&quot;jet_parallax_layout_image_tablet&quot;:{&quot;url&quot;:&quot;&quot;,&quot;id&quot;:&quot;&quot;,&quot;size&quot;:&quot;&quot;},&quot;jet_parallax_layout_image_mobile&quot;:{&quot;url&quot;:&quot;&quot;,&quot;id&quot;:&quot;&quot;,&quot;size&quot;:&quot;&quot;},&quot;jet_parallax_layout_speed&quot;:{&quot;unit&quot;:&quot;%&quot;,&quot;size&quot;:50,&quot;sizes&quot;:[]},&quot;jet_parallax_layout_type&quot;:&quot;scroll&quot;,&quot;jet_parallax_layout_direction&quot;:&quot;1&quot;,&quot;jet_parallax_layout_fx_direction&quot;:null,&quot;jet_parallax_layout_z_index&quot;:&quot;&quot;,&quot;jet_parallax_layout_bg_x&quot;:50,&quot;jet_parallax_layout_bg_x_tablet&quot;:&quot;&quot;,&quot;jet_parallax_layout_bg_x_mobile&quot;:&quot;&quot;,&quot;jet_parallax_layout_bg_y&quot;:50,&quot;jet_parallax_layout_bg_y_tablet&quot;:&quot;&quot;,&quot;jet_parallax_layout_bg_y_mobile&quot;:&quot;&quot;,&quot;jet_parallax_layout_bg_size&quot;:&quot;auto&quot;,&quot;jet_parallax_layout_bg_size_tablet&quot;:&quot;&quot;,&quot;jet_parallax_layout_bg_size_mobile&quot;:&quot;&quot;,&quot;jet_parallax_layout_animation_prop&quot;:&quot;transform&quot;,&quot;jet_parallax_layout_on&quot;:[&quot;desktop&quot;,&quot;tablet&quot;]}]}\">\n\t\t\t\t\t\t<div class=\"elementor-container elementor-column-gap-default\">\n\t\t\t\t\t<div class=\"elementor-column elementor-col-100 elementor-top-column elementor-element elementor-element-c4a247a\" data-id=\"c4a247a\" data-element_type=\"column\">\n\t\t\t<div class=\"elementor-widget-wrap elementor-element-populated\">\n\t\t\t\t\t\t<div class=\"elementor-element elementor-element-3e25e3d elementor-widget-divider--view-line elementor-widget elementor-widget-divider\" data-id=\"3e25e3d\" data-element_type=\"widget\" data-widget_type=\"divider.default\">\n\t\t\t\t<div class=\"elementor-widget-container\">\n\t\t\t\t\t\t\t<div class=\"elementor-divider\">\n\t\t\t<span class=\"elementor-divider-separator\">\n\t\t\t\t\t\t<\/span>\n\t\t<\/div>\n\t\t\t\t\t\t<\/div>\n\t\t\t\t<\/div>\n\t\t\t\t<div class=\"elementor-element elementor-element-a7e112b elementor-widget elementor-widget-shortcode\" data-id=\"a7e112b\" data-element_type=\"widget\" data-widget_type=\"shortcode.default\">\n\t\t\t\t<div class=\"elementor-widget-container\">\n\t\t\t\t\t\t\t<div class=\"elementor-shortcode\"><\/div>\n\t\t\t\t\t\t<\/div>\n\t\t\t\t<\/div>\n\t\t\t\t\t<\/div>\n\t\t<\/div>\n\t\t\t\t\t<\/div>\n\t\t<\/section>\n\t\t\t\t<\/div>\n\t\t","protected":false},"excerpt":{"rendered":"<p>Nova Lei de Licita\u00e7\u00f5es. Novo Sistema de Contra\u00e7\u00f5es Compras.gov.br do Governo Federal. Novo Sistema de Gest\u00e3o Contratual Contratos.RJ do Governo do Estado do Rio de Janeiro. Portal Nacional de Contrata\u00e7\u00f5es P\u00fablicas. Cat\u00e1logo Eletr\u00f4nico de Padroniza\u00e7\u00e3o. Plano de Contrata\u00e7\u00f5es Anual. Registro Cadastral Unificado de Licitantes. S\u00e3o muitas as mudan\u00e7as pelas quais as contrata\u00e7\u00f5es p\u00fablicas vem passando nos \u00faltimos tempos. E \u00e9 um volume grande de novidades num espa\u00e7o relativamente curto de tempo. Para os agentes que atuam em licita\u00e7\u00f5es e contrata\u00e7\u00f5es p\u00fablicas, acompanhar e permanecer atualizado a respeito de todas as novas normatiza\u00e7\u00f5es, artefatos e ferramentas \u00e9 uma necessidade b\u00e1sica. A Secretaria de Estado de Planejamento e Gest\u00e3o &#8211; Seplag, ciente desse grande desafio, e cumprindo o seu papel de \u00d3rg\u00e3o Central do Sistema Log\u00edstico do Estado, al\u00e9m de estar preparando as novas regulamenta\u00e7\u00f5es em conjunto com os Comit\u00eas Executivo e T\u00e9cnico de Governan\u00e7a e trabalhando nas ferramentas tecnol\u00f3gicas de apoio \u00e0s atividades de contrata\u00e7\u00e3o, est\u00e1 lan\u00e7ando uma nova Rede Funcional de Log\u00edstica para subsidiar os agentes setoriais que atuam nessas tem\u00e1ticas. A Rede de Gestores de Compras &#8211; Redecompras tem como enfoque a troca de informa\u00e7\u00f5es entre os gestores que atuar\u00e3o com os novos&nbsp;sistemas informatizados Compras.gov.br e Contratos.RJ e os especialistas nessas ferramentas que atuam no \u00d3rg\u00e3o Central. A Redecompras foi regulamentada pela&nbsp;Resolu\u00e7\u00e3o SEPLAG n\u00ba 106, de 15 de fevereiro de 2022. Os integrantes dessa Rede contar\u00e3o com grupo de mensagens de e-mail, grupo de Telegram, atendimento telef\u00f4nico e, principalmente, com a Base de Conhecimento da \u00e1rea da Redecompras integrada ao Portal da Redelog no endere\u00e7o www.redelog.rj.gov.br. Essa Base de Conhecimento contar\u00e1 com tutoriais, instru\u00e7\u00f5es detalhadas de como atuar nos novos sistemas, v\u00eddeos explicativos e todas as informa\u00e7\u00f5es necess\u00e1rias para o bom andamento das atividades de contrata\u00e7\u00e3o. Aliada \u00e0 possibilidade de troca de informa\u00e7\u00f5es pelas ferramentas sociais da Redecompras, a Base de Conhecimento ser\u00e1 importante aux\u00edlio para que os agentes p\u00fablicos atuem com seguran\u00e7a e efici\u00eancia nos processos de licita\u00e7\u00e3o e contrata\u00e7\u00e3o.<\/p>\n","protected":false},"author":9,"featured_media":0,"comment_status":"closed","ping_status":"open","sticky":false,"template":"","format":"standard","meta":{"footnotes":""},"categories":[43],"tags":[],"class_list":["post-10198","post","type-post","status-publish","format-standard","hentry","category-informes"],"_links":{"self":[{"href":"https:\/\/redelog.rj.gov.br\/redecompras\/wp-json\/wp\/v2\/posts\/10198","targetHints":{"allow":["GET"]}}],"collection":[{"href":"https:\/\/redelog.rj.gov.br\/redecompras\/wp-json\/wp\/v2\/posts"}],"about":[{"href":"https:\/\/redelog.rj.gov.br\/redecompras\/wp-json\/wp\/v2\/types\/post"}],"author":[{"embeddable":true,"href":"https:\/\/redelog.rj.gov.br\/redecompras\/wp-json\/wp\/v2\/users\/9"}],"replies":[{"embeddable":true,"href":"https:\/\/redelog.rj.gov.br\/redecompras\/wp-json\/wp\/v2\/comments?post=10198"}],"version-history":[{"count":3,"href":"https:\/\/redelog.rj.gov.br\/redecompras\/wp-json\/wp\/v2\/posts\/10198\/revisions"}],"predecessor-version":[{"id":10202,"href":"https:\/\/redelog.rj.gov.br\/redecompras\/wp-json\/wp\/v2\/posts\/10198\/revisions\/10202"}],"wp:attachment":[{"href":"https:\/\/redelog.rj.gov.br\/redecompras\/wp-json\/wp\/v2\/media?parent=10198"}],"wp:term":[{"taxonomy":"category","embeddable":true,"href":"https:\/\/redelog.rj.gov.br\/redecompras\/wp-json\/wp\/v2\/categories?post=10198"},{"taxonomy":"post_tag","embeddable":true,"href":"https:\/\/redelog.rj.gov.br\/redecompras\/wp-json\/wp\/v2\/tags?post=10198"}],"curies":[{"name":"wp","href":"https:\/\/api.w.org\/{rel}","templated":true}]}}