{"id":7075,"date":"2024-09-19T11:17:29","date_gmt":"2024-09-19T14:17:29","guid":{"rendered":"https:\/\/redelog.rj.gov.br\/redebens\/?p=7075"},"modified":"2025-07-12T18:43:55","modified_gmt":"2025-07-12T21:43:55","slug":"baixa-patrimonial","status":"publish","type":"post","link":"https:\/\/redelog.rj.gov.br\/redebens\/baixa-patrimonial\/","title":{"rendered":"BAIXA PATRIMONIAL"},"content":{"rendered":"\t\t<div data-elementor-type=\"wp-post\" data-elementor-id=\"7075\" class=\"elementor elementor-7075\" data-elementor-post-type=\"post\">\n\t\t\t\t\t\t<section class=\"elementor-section elementor-top-section elementor-element elementor-element-6549307 elementor-section-boxed elementor-section-height-default elementor-section-height-default\" data-id=\"6549307\" data-element_type=\"section\">\n\t\t\t\t\t\t<div class=\"elementor-container elementor-column-gap-default\">\n\t\t\t\t\t<div class=\"elementor-column elementor-col-100 elementor-top-column elementor-element elementor-element-a42d163\" data-id=\"a42d163\" data-element_type=\"column\">\n\t\t\t<div class=\"elementor-widget-wrap elementor-element-populated\">\n\t\t\t\t\t\t<div class=\"elementor-element elementor-element-63960d3 elementor-widget-divider--view-line elementor-widget elementor-widget-divider\" data-id=\"63960d3\" data-element_type=\"widget\" data-widget_type=\"divider.default\">\n\t\t\t\t<div class=\"elementor-widget-container\">\n\t\t\t\t\t\t\t<div class=\"elementor-divider\">\n\t\t\t<span class=\"elementor-divider-separator\">\n\t\t\t\t\t\t<\/span>\n\t\t<\/div>\n\t\t\t\t\t\t<\/div>\n\t\t\t\t<\/div>\n\t\t\t\t<div class=\"elementor-element elementor-element-240b49c elementor-position-left elementor-vertical-align-middle elementor-widget elementor-widget-image-box\" data-id=\"240b49c\" data-element_type=\"widget\" data-widget_type=\"image-box.default\">\n\t\t\t\t<div class=\"elementor-widget-container\">\n\t\t\t\t\t<div class=\"elementor-image-box-wrapper\"><figure class=\"elementor-image-box-img\"><img fetchpriority=\"high\" decoding=\"async\" width=\"512\" height=\"512\" src=\"https:\/\/redelog.rj.gov.br\/redebens\/wp-content\/uploads\/2022\/05\/Desfazimento-1.png\" class=\"attachment-full size-full wp-image-1046\" alt=\"\" srcset=\"https:\/\/redelog.rj.gov.br\/redebens\/wp-content\/uploads\/2022\/05\/Desfazimento-1.png 512w, https:\/\/redelog.rj.gov.br\/redebens\/wp-content\/uploads\/2022\/05\/Desfazimento-1-300x300.png 300w, https:\/\/redelog.rj.gov.br\/redebens\/wp-content\/uploads\/2022\/05\/Desfazimento-1-150x150.png 150w, https:\/\/redelog.rj.gov.br\/redebens\/wp-content\/uploads\/2022\/05\/Desfazimento-1-230x230.png 230w, https:\/\/redelog.rj.gov.br\/redebens\/wp-content\/uploads\/2022\/05\/Desfazimento-1-400x400.png 400w\" sizes=\"(max-width: 512px) 100vw, 512px\" \/><\/figure><div class=\"elementor-image-box-content\"><p class=\"elementor-image-box-description\">A baixa patrimonial \u00e9 a <b>exclus\u00e3o do bem m\u00f3vel<\/b> <b>do cadastro patrimonial e dos registros cont\u00e1beis<\/b> do \u00f3rg\u00e3o ou entidade e ocorre no momento da <b>retirada f\u00edsica do bem m\u00f3vel <\/b>do acervo.<\/p><\/div><\/div>\t\t\t\t<\/div>\n\t\t\t\t<\/div>\n\t\t\t\t<div class=\"elementor-element elementor-element-0e7c331 elementor-widget elementor-widget-image\" data-id=\"0e7c331\" data-element_type=\"widget\" data-widget_type=\"image.default\">\n\t\t\t\t<div class=\"elementor-widget-container\">\n\t\t\t\t\t\t\t\t\t\t\t\t\t\t\t<img decoding=\"async\" width=\"1024\" height=\"606\" src=\"https:\/\/redelog.rj.gov.br\/redebens\/wp-content\/uploads\/2022\/05\/handshake-3382503_1920-1024x606.jpg\" class=\"attachment-large size-large wp-image-1952\" alt=\"\" srcset=\"https:\/\/redelog.rj.gov.br\/redebens\/wp-content\/uploads\/2022\/05\/handshake-3382503_1920-1024x606.jpg 1024w, https:\/\/redelog.rj.gov.br\/redebens\/wp-content\/uploads\/2022\/05\/handshake-3382503_1920-300x178.jpg 300w, https:\/\/redelog.rj.gov.br\/redebens\/wp-content\/uploads\/2022\/05\/handshake-3382503_1920-768x454.jpg 768w, https:\/\/redelog.rj.gov.br\/redebens\/wp-content\/uploads\/2022\/05\/handshake-3382503_1920-1536x909.jpg 1536w, https:\/\/redelog.rj.gov.br\/redebens\/wp-content\/uploads\/2022\/05\/handshake-3382503_1920-600x355.jpg 600w, https:\/\/redelog.rj.gov.br\/redebens\/wp-content\/uploads\/2022\/05\/handshake-3382503_1920.jpg 1920w\" sizes=\"(max-width: 1024px) 100vw, 1024px\" \/>\t\t\t\t\t\t\t\t\t\t\t\t\t\t\t<\/div>\n\t\t\t\t<\/div>\n\t\t\t\t<div class=\"elementor-element elementor-element-d3e731f elementor-widget elementor-widget-text-editor\" data-id=\"d3e731f\" data-element_type=\"widget\" data-widget_type=\"text-editor.default\">\n\t\t\t\t<div class=\"elementor-widget-container\">\n\t\t\t\t\t\t\t\t\t<p><span style=\"color: var( --e-global-color-text ); letter-spacing: 0px;\">Para que seja consumada a baixa, o <\/span><b style=\"color: var( --e-global-color-text ); letter-spacing: 0px;\">respons\u00e1vel patrimonial<\/b><span style=\"color: var( --e-global-color-text ); letter-spacing: 0px;\"> dever\u00e1 <\/span><b style=\"color: var( --e-global-color-text ); letter-spacing: 0px;\">enviar ao setor de contabilidade<\/b><span style=\"color: var( --e-global-color-text ); letter-spacing: 0px;\">, por meio do SEI-RJ, o processo com a rela\u00e7\u00e3o dos <b>bens m\u00f3veis inserv\u00edvei<\/b>s para o <\/span><b style=\"color: var( --e-global-color-text ); letter-spacing: 0px;\">registro cont\u00e1bil da baixa definitiva<\/b><span style=\"color: var( --e-global-color-text ); letter-spacing: 0px;\">.<\/span><\/p><p><span style=\"color: var( --e-global-color-text ); letter-spacing: 0px;\"><b>Bem\u00a0m\u00f3vel inserv\u00edvel<\/b><span style=\"font-weight: 400;\">\u00a0\u00e9 aquele que <\/span><b>n\u00e3o pode mais ser utilizado<\/b><span style=\"font-weight: 400;\"> para o <\/span><b>fim a que se destina<\/b><span style=\"font-weight: 400;\"> ou aquele que <\/span><b>n\u00e3o serve<\/b><span style=\"font-weight: 400;\"> mais para o \u00f3rg\u00e3o\/entidade no qual est\u00e1 alocado.\u00a0<\/span><\/span><\/p><p><b>Ap\u00f3s a destina\u00e7\u00e3o final dos bens m\u00f3veis,\u00a0<\/b><span style=\"font-weight: 400;\">objetos da baixa patrimonial, a contabilidade dever\u00e1 <\/span><b>registrar a baixa definitiva<\/b><span style=\"font-weight: 400;\">, que consiste no <\/span><b>desreconhecimento do valor cont\u00e1bil do bem m\u00f3vel nos registros cont\u00e1beis <\/b><span style=\"font-weight: 400;\">do \u00f3rg\u00e3o ou entidade, gerando<\/span><b> diminui\u00e7\u00e3o do saldo na conta patrimonial<\/b><span style=\"font-weight: 400;\">. Ap\u00f3s a baixa, o<\/span><b> processo administrativo<\/b><span style=\"font-weight: 400;\"> poder\u00e1 ser <\/span><b>conclu\u00eddo<\/b><span style=\"font-weight: 400;\">.\u00a0<\/span><\/p><p><span style=\"font-weight: 400;\">De acordo com <\/span><b>art. 64 do <\/b><strong><a href=\"https:\/\/leisestaduais.com.br\/rj\/decreto-n-49289-2024-rio-de-janeiro-regulamenta-a-gestao-dos-bens-moveis-no-ambito-do-poder-executivo-do-estado-o-rio-de-janeiro?q=49289&amp;origin=instituicao#\">decreto n\u00ba49.289 de 17 de setembro de 2024<\/a><\/strong><span style=\"font-weight: 400;\">, a baixa patrimonial decorrer\u00e1 de:<\/span><\/p><p><span style=\"font-weight: 400;\">I &#8211; transfer\u00eancia;<\/span><\/p><p><span style=\"font-weight: 400;\">II &#8211; aliena\u00e7\u00e3o ou descarte (desfazimento); ou<\/span><\/p><p><span style=\"font-weight: 400;\">III &#8211; furto, roubo, extravio ou morte de semovente.<\/span><\/p>\t\t\t\t\t\t\t\t<\/div>\n\t\t\t\t<\/div>\n\t\t\t\t<div class=\"elementor-element elementor-element-e01bc3f elementor-widget elementor-widget-heading\" data-id=\"e01bc3f\" data-element_type=\"widget\" data-widget_type=\"heading.default\">\n\t\t\t\t<div class=\"elementor-widget-container\">\n\t\t\t\t\t<h2 class=\"elementor-heading-title elementor-size-large\">Transfer\u00eancia<\/h2>\t\t\t\t<\/div>\n\t\t\t\t<\/div>\n\t\t\t\t<div class=\"elementor-element elementor-element-2783672 elementor-widget elementor-widget-text-editor\" data-id=\"2783672\" data-element_type=\"widget\" data-widget_type=\"text-editor.default\">\n\t\t\t\t<div class=\"elementor-widget-container\">\n\t\t\t\t\t\t\t\t\t<p><span style=\"font-weight: 400;\">A transfer\u00eancia \u00e9 a <\/span><b>troca de posse e responsabilidade <\/b><span style=\"font-weight: 400;\">do bem m\u00f3vel, de forma volunt\u00e1ria, <\/span><b>gratuita e de car\u00e1ter permanente<\/b><span style=\"font-weight: 400;\">, entre <\/span><b>\u00f3rg\u00e3os da administra\u00e7\u00e3o direta<\/b><span style=\"font-weight: 400;\"> do Poder <\/span><b>Executivo<\/b><span style=\"font-weight: 400;\"> Estadual.\u00a0<\/span><\/p><p><span style=\"font-weight: 400;\">A transfer\u00eancia gera mudan\u00e7a do saldo cont\u00e1bil do ativo imobilizado, uma vez que resulta na baixa no saldo patrimonial para o \u00f3rg\u00e3o transferidor (de origem). Em paralelo, gera aumento do saldo patrimonial para o \u00f3rg\u00e3o recebedor dos bens.<\/span><\/p><p><span style=\"font-weight: 400;\">Tratando-se de <\/span><b>aliena\u00e7\u00e3o de bens<\/b><span style=\"font-weight: 400;\">\u00a0 entre <\/span><b>administra\u00e7\u00e3o direta e indireta<\/b><span style=\"font-weight: 400;\">; entre entidades da <\/span><b>indireta<\/b><span style=\"font-weight: 400;\"> ou para institui\u00e7\u00f5es de direito privado, ser\u00e1 denominada <\/span><b>doa\u00e7\u00e3o<\/b><span style=\"font-weight: 400;\">.\u00a0<\/span><\/p><p><span style=\"font-weight: 400;\">Dada a defini\u00e7\u00e3o acima, \u00e9 preciso restringir a <\/span>transfer\u00eancia<b> \u00e0 ideia de transmiss\u00e3o patrimonial <\/b><span style=\"font-weight: 400;\">que ocorre <\/span><b>exclusivamente entre \u00f3rg\u00e3os<\/b><span style=\"font-weight: 400;\"> da administra\u00e7\u00e3o direta, pois esta denomina\u00e7\u00e3o \u00e9 a justificativa para realizar o processo simplificado.\u00a0<\/span><\/p><p><span style=\"font-weight: 400;\">O decreto n\u00ba 49.289\/2024<\/span><b> inovou<\/b><span style=\"font-weight: 400;\"> sobre os procedimentos necess\u00e1rios \u00e0 transfer\u00eancia, <\/span><b>simplificando o rito processual<\/b><span style=\"font-weight: 400;\"> que ocorre <\/span><b>somente<\/b><span style=\"font-weight: 400;\"> entre a <\/span><b>administra\u00e7\u00e3o direta<\/b><span style=\"font-weight: 400;\">.\u00a0<\/span><\/p><p><span style=\"font-weight: 400;\">Conforme previsto no art. 66, o procedimento formal de registro dessa transfer\u00eancia de propriedade \u00e9 mais simples e direto, uma vez que \u00e9 <\/span><b>dispensado o processo de desfazimento<\/b><span style=\"font-weight: 400;\">, que resulta em <\/span><b>formas de aliena\u00e7\u00e3o<\/b><span style=\"font-weight: 400;\"> (doa\u00e7\u00e3o, venda ou permuta) ou no <\/span><b>descarte<\/b><span style=\"font-weight: 400;\"> dos bens inserv\u00edveis.<\/span><\/p><p><span style=\"font-weight: 400;\">Para tanto, a transfer\u00eancia de bens deve ser formalizada <\/span><b>por meio de processo eletr\u00f4nico<\/b><span style=\"font-weight: 400;\"> no atual sistema SEI-RJ (ou outro que venha a substitu\u00ed-lo) do qual dever\u00e1 constar o <\/span><b>Termo de Transfer\u00eancia de Bens M\u00f3veis<\/b><span style=\"font-weight: 400;\">.<\/span><\/p><p><span style=\"font-weight: 400;\">O Termo de Transfer\u00eancia deve conter:<\/span><\/p><ul><li style=\"font-weight: 400;\" aria-level=\"1\"><span style=\"font-weight: 400;\">descri\u00e7\u00e3o detalhada do bem;<\/span><\/li><li style=\"font-weight: 400;\" aria-level=\"1\"><span style=\"font-weight: 400;\">estado de conserva\u00e7\u00e3o (conforme classifica\u00e7\u00e3o do art. 20);<\/span><\/li><li style=\"font-weight: 400;\" aria-level=\"1\"><span style=\"font-weight: 400;\">data e valor de aquisi\u00e7\u00e3o;<\/span><\/li><li style=\"font-weight: 400;\" aria-level=\"1\"><span style=\"font-weight: 400;\">valor cont\u00e1bil l\u00edquido (conceituado no inciso VIII do art. 2\u00ba) e\u00a0<\/span><\/li><li style=\"font-weight: 400;\" aria-level=\"1\"><span style=\"font-weight: 400;\">data de emiss\u00e3o do Termo.\u00a0<\/span><\/li><\/ul><p><span style=\"font-weight: 400;\">Ap\u00f3s elaborado, deve ser assinado pelos titulares (Secret\u00e1rios de Estado) do \u00f3rg\u00e3o de origem do bem e do \u00f3rg\u00e3o recebedor, cabendo delega\u00e7\u00e3o em ambos os casos.<\/span><\/p><p><span style=\"font-weight: 400;\">Para executar a transfer\u00eancia patrimonial, o gestor de bens m\u00f3veis dever\u00e1 enviar ao setor de contabilidade o processo com a rela\u00e7\u00e3o dos bens m\u00f3veis para <\/span><b>registro cont\u00e1bil da baixa definitiva<\/b><span style=\"font-weight: 400;\">, visando \u00e0 <\/span><b>redu\u00e7\u00e3o dos saldos das contas cont\u00e1beis<\/b><span style=\"font-weight: 400;\"> dos materiais permanentes transferidos.<\/span><\/p><p><span style=\"font-weight: 400;\">O prazo entre a <\/span><b>instaura\u00e7\u00e3o do processo de transfer\u00eancia<\/b><span style=\"font-weight: 400;\"> e o registro cont\u00e1bil da <\/span><b>baixa definitiva<\/b><span style=\"font-weight: 400;\"> \u00e9 de <\/span><b>at\u00e9 90 (noventa) dias<\/b><span style=\"font-weight: 400;\">.<\/span><\/p><p><b>ATEN\u00c7\u00c3O<\/b><span style=\"font-weight: 400;\">: A transfer\u00eancia de bens m\u00f3veis em raz\u00e3o da extin\u00e7\u00e3o ou incorpora\u00e7\u00e3o de \u00f3rg\u00e3os dever\u00e1 atender ao previsto no <strong><a href=\"https:\/\/leisestaduais.com.br\/rj\/decreto-n-45733-2016-rio-de-janeiro-dispoe-sobre-as-acoes-administrativas-a-serem-implementadas-em-razao-da-extincao-de-entidades-ou-incorporacao-de-orgaos-no-ambito-da-administracao-publica-estadual?q=45.733&amp;origin=instituicao#\" target=\"_blank\" rel=\"noopener\">Decreto n\u00ba 45.733, de 10 de agosto de 2016<\/a><\/strong>, ou outro normativo que o substitua.<\/span><\/p>\t\t\t\t\t\t\t\t<\/div>\n\t\t\t\t<\/div>\n\t\t\t\t<div class=\"elementor-element elementor-element-11e89cc elementor-widget elementor-widget-heading\" data-id=\"11e89cc\" data-element_type=\"widget\" data-widget_type=\"heading.default\">\n\t\t\t\t<div class=\"elementor-widget-container\">\n\t\t\t\t\t<h2 class=\"elementor-heading-title elementor-size-large\">Desfazimento<\/h2>\t\t\t\t<\/div>\n\t\t\t\t<\/div>\n\t\t\t\t<div class=\"elementor-element elementor-element-54280fc elementor-widget elementor-widget-text-editor\" data-id=\"54280fc\" data-element_type=\"widget\" data-widget_type=\"text-editor.default\">\n\t\t\t\t<div class=\"elementor-widget-container\">\n\t\t\t\t\t\t\t\t\t<p><span style=\"font-weight: 400;\">O processo de desfazimento \u00e9 o meio para <\/span><b>formaliza\u00e7\u00e3o da exclus\u00e3o de um bem m\u00f3vel <\/b><span style=\"font-weight: 400;\">do \u00f3rg\u00e3o\/entidade<\/span><span style=\"font-weight: 400;\">, que consiste na<\/span><b>\u00a0disponibilidade e destina\u00e7\u00e3o<\/b><span style=\"font-weight: 400;\"> dos <\/span><b>bens m\u00f3veis inserv\u00edveis<\/b><span style=\"font-weight: 400;\">\u00a0mediante <\/span><b>aliena\u00e7\u00e3o<\/b><span style=\"font-weight: 400;\"> ou <\/span><b>descarte<\/b><span style=\"font-weight: 400;\">.<\/span><\/p><p>\u00a0 \u00a0 \u00a0 \u00a0 \u00a0 \u00a0 \u00a0 \u00a0 \u00a0 \u00a0 \u00a0 \u00a0 \u00a0 \u00a0 \u00a0 \u00a0 \u00a0 \u00a0 \u00a0 \u00a0 \u00a0 \u00a0 \u00a0 \u00a0 \u00a0 \u00a0 \u00a0<b>Desfazimento por aliena\u00e7\u00e3o<\/b><\/p><p><span style=\"font-weight: 400;\">A <\/span><b>aliena\u00e7\u00e3o<\/b><span style=\"font-weight: 400;\"> \u00e9 a <\/span><b>transmiss\u00e3o de propriedade de bens a terceiros<\/b><span style=\"font-weight: 400;\">, podendo ocorrer por meio de:<\/span><\/p><p><span style=\"font-weight: 400;\">I &#8211; <\/span><b>doa\u00e7\u00e3o<\/b><span style=\"font-weight: 400;\">. Neste caso, em <\/span><b>ano eleitoral<\/b><span style=\"font-weight: 400;\"> dever\u00e1 ser observado o disposto no \u00a7 10 do art. 73 da<\/span><a href=\"https:\/\/www.planalto.gov.br\/ccivil_03\/leis\/l9504.htm\" target=\"_blank\" rel=\"noopener\"><b> Lei n\u00ba 9.504<\/b><\/a><span style=\"font-weight: 400;\">, de 30 de setembro de 1997;<\/span><\/p><p><span style=\"font-weight: 400;\">II &#8211; <\/span><b>permuta<\/b><span style=\"font-weight: 400;\">; ou<\/span><\/p><p><span style=\"font-weight: 400;\">III &#8211;\u00a0 <\/span><b>venda<\/b><span style=\"font-weight: 400;\">.<\/span><\/p><p><b><u>ATEN\u00c7\u00c3O<\/u><\/b>: A\u00a0<span style=\"font-weight: bold;\">aliena\u00e7\u00e3o de ve\u00edculos<\/span>\u00a0deve atender ao disposto no art. 14 do\u00a0<a style=\"transition-property: all;\" href=\"https:\/\/leisestaduais.com.br\/rj\/decreto-n-47298-2020-rio-de-janeiro-institui-e-regulamenta-o-novo-sige-transp-sistema-de-governanca-e-gestao-de-transportes-do-poder-executivo-do-estado-do-rio-de-janeiro-em-continuidade-as-medidas-de-austeridade-adotadas-pelo-governo-do-estado?q=47.298&amp;origin=instituicao#\" target=\"_blank\" rel=\"noopener\"><strong>Decreto n\u00ba 47.298, de 02 de outubro de 2020<\/strong><\/a>, que institui e regulamenta o novo SIGETRANSP.<span style=\"font-weight: 400;\"><br \/><\/span><\/p><p><span style=\"text-decoration: underline;\"><b>A<\/b><b>liena\u00e7\u00e3o por doa\u00e7\u00e3o<\/b><\/span><\/p><p><span style=\"font-weight: 400;\">A doa\u00e7\u00e3o \u00e9 a troca volunt\u00e1ria da posse e propriedade do bem m\u00f3vel e pode ocorrer:<\/span><\/p><p><span style=\"font-weight: 400;\">I &#8211; entre \u00f3rg\u00e3os da administra\u00e7\u00e3o direta e entidades da administra\u00e7\u00e3o indireta estadual;<\/span><\/p><p><span style=\"font-weight: 400;\">II &#8211; entre entidades da administra\u00e7\u00e3o indireta estadual;<\/span><\/p><p><span style=\"font-weight: 400;\">III &#8211; para pessoa jur\u00eddica de direito privado, reconhecidamente de utilidade p\u00fablica e cujo fim principal consista em atividade de relevante valor social;<\/span><\/p><p><span style=\"font-weight: 400;\">IV &#8211; para outros poderes do Estado do Rio de Janeiro; e<\/span><\/p><p><span style=\"font-weight: 400;\">V &#8211; para outros entes da Federa\u00e7\u00e3o.<\/span><\/p><p><span style=\"font-weight: 400;\">As <\/span><b>doa\u00e7\u00f5es previstas nos itens I, II e III devem ser autorizadas pelo titular da unidade gestora<\/b><span style=\"font-weight: 400;\">, enquanto que as previstas nos <\/span><b>itens IV e V dependem da autoriza\u00e7\u00e3o do Governador<\/b><span style=\"font-weight: 400;\">.<\/span><\/p><p><span style=\"font-weight: 400;\">O art. 72 do decreto n\u00ba 49.289\/2024 estabelece que a <\/span><b>doa\u00e7\u00e3o <\/b><span style=\"font-weight: 400;\">de bens m\u00f3veis inserv\u00edveis <\/span><b>depende de pr\u00e9via avalia\u00e7\u00e3o dos bens e justificativa da oportunidade e da conveni\u00eancia socioecon\u00f4mica <\/b><span style=\"font-weight: 400;\">da doa\u00e7\u00e3o relativamente \u00e0 escolha de outra forma de aliena\u00e7\u00e3o, bem como <\/span><b>laudo t\u00e9cnico<\/b><span style=\"font-weight: 400;\">, comprovando o real estado do bem em quest\u00e3o. A compet\u00eancia para o atendimento a esse dispositivo \u00e9 da <\/span><b>Comiss\u00e3o de vistoria e baixa de vida \u00fatil<\/b><span style=\"font-weight: 400;\">, conforme disposto no art. 79.<\/span><\/p><p><span style=\"font-weight: 400;\">A doa\u00e7\u00e3o deve ser formalizada mediante a lavratura de <\/span><b>Termo de Doa\u00e7\u00e3o<\/b><span style=\"font-weight: 400;\">, emitido pelo doador, que deve conter todos os elementos identificadores do bem m\u00f3vel, tais como:<\/span><\/p><ul><li style=\"font-weight: 400;\" aria-level=\"1\"><span style=\"font-weight: 400;\">descri\u00e7\u00e3o detalhada;<\/span><\/li><li style=\"font-weight: 400;\" aria-level=\"1\"><span style=\"font-weight: 400;\">data e valor da aquisi\u00e7\u00e3o e\/ou valor cont\u00e1bil l\u00edquido; e\u00a0<\/span><\/li><li style=\"font-weight: 400;\" aria-level=\"1\"><span style=\"font-weight: 400;\">data de emiss\u00e3o do Termo.<\/span><\/li><\/ul><p><span style=\"font-weight: 400;\">Em conson\u00e2ncia com o <strong>princ\u00edpio da publicidade<\/strong> e ao disposto na <a href=\"https:\/\/www.planalto.gov.br\/ccivil_03\/_ato2011-2014\/2011\/lei\/l12527.htm\" target=\"_blank\" rel=\"noopener\"><strong>Lei n\u00ba 12.527, de 18 de novembro de 2011<\/strong><\/a>, a cl\u00e1usula 9\u00aa da minuta-padr\u00e3o do termo de doa\u00e7\u00e3o prev\u00ea que: &#8220;<em>Ap\u00f3s assinatura do termo, dever\u00e1 ser seu extrato publicado, dentro do prazo de 20 dias, no Di\u00e1rio Oficial do Estado do Rio de Janeiro, correndo os encargos por conta do ESTADO<\/em>&#8220;.<\/span><\/p><p><b><u>Aliena\u00e7\u00e3o por permuta<\/u><\/b><\/p><p><span style=\"font-weight: 400;\">A permuta \u00e9 uma <\/span><b>troca <\/b><span style=\"font-weight: 400;\">pela qual as partes transferem e recebem bens uma da outra, que se <\/span><b>substituem reciprocamente no patrim\u00f4nio dos permutantes<\/b><span style=\"font-weight: 400;\">, ocasionando <\/span><b>uma aquisi\u00e7\u00e3o e uma aliena\u00e7\u00e3o<\/b><span style=\"font-weight: 400;\"> no patrim\u00f4nio de cada uma das partes.<\/span><\/p><p><span style=\"font-weight: 400;\">A permuta \u00e9 permitida exclusivamente <\/span><b>entre \u00f3rg\u00e3os ou entidades da Administra\u00e7\u00e3o P\u00fablica<\/b><span style=\"font-weight: 400;\">, conforme previsto na al\u00ednea \u201cb\u201d do inciso II do caput do art. 76 da Lei n.\u00ba 14.133\/2021, desde que haja interesse p\u00fablico devidamente justificado pelos titulares das unidades gestoras.<\/span><\/p><p><b><u>Aliena\u00e7\u00e3o por venda<\/u><\/b><\/p><p><span style=\"font-weight: 400;\">A venda de bens m\u00f3veis est\u00e1 condicionada \u00e0 <\/span><b>avalia\u00e7\u00e3o pr\u00e9via<\/b><span style=\"font-weight: 400;\"> e deve ocorrer atrav\u00e9s de <\/span><b>procedimento licitat\u00f3rio, na modalidade leil\u00e3o,<\/b><span style=\"font-weight: 400;\"> nos termos do inciso II do caput do art. 76 da <strong><a href=\"https:\/\/www.planalto.gov.br\/ccivil_03\/_ato2019-2022\/2021\/lei\/L14133.htm\" target=\"_blank\" rel=\"noopener\">Lei n\u00ba 14.133, de 1\u00ba de abril de 2021<\/a><\/strong>.<\/span><\/p><p><b style=\"color: var( --e-global-color-text ); letter-spacing: 0px;\"><u>Disponibilidade de bens inserv\u00edveis<\/u><\/b><\/p><p><span style=\"font-weight: 400;\">Quando o bem m\u00f3vel inserv\u00edvel for classificado como <\/span><b>desuso\/ocioso, obsoleto, recuper\u00e1vel ou antiecon\u00f4mico<\/b> <b>dever\u00e1 ser disponibilizado,<\/b><span style=\"font-weight: 400;\"> preferencialmente, para os <\/span><b>\u00f3rg\u00e3os da administra\u00e7\u00e3o direta e entidades<\/b><span style=\"font-weight: 400;\"> da administra\u00e7\u00e3o indireta do <\/span><b>Poder Executivo<\/b><span style=\"font-weight: 400;\">.<\/span><\/p><p><b>N\u00e3o havendo interessados<\/b><span style=\"font-weight: 400;\"> nos bens m\u00f3veis disponibilizados, o titular da unidade, <\/span><b>poder\u00e1<\/b><span style=\"font-weight: 400;\">, de modo <\/span><b>justificado<\/b><span style=\"font-weight: 400;\">, adotar a <\/span><b>venda ou a doa\u00e7\u00e3o<\/b><span style=\"font-weight: 400;\"> como <\/span><b>forma de desfazimento<\/b><span style=\"font-weight: 400;\">\u00a0 prevista nos incisos III a V do caput do art. 73 do <\/span><span style=\"font-weight: 400;\">Decreto n\u00ba 49.289\/2024<\/span><span style=\"font-weight: 400;\">.\u00a0<\/span><\/p><p><span style=\"font-weight: 400;\">O bem inserv\u00edvel classificado como <b>irrecuper\u00e1vel<\/b> n\u00e3o depende de pr\u00e9via disponibiliza\u00e7\u00e3o, <b>dispensando-se<\/b> essa etapa processual para ser destinado ao <b>descarte.<\/b><\/span><\/p>\t\t\t\t\t\t\t\t<\/div>\n\t\t\t\t<\/div>\n\t\t\t\t<div class=\"elementor-element elementor-element-f4452cc elementor-widget elementor-widget-text-editor\" data-id=\"f4452cc\" data-element_type=\"widget\" data-widget_type=\"text-editor.default\">\n\t\t\t\t<div class=\"elementor-widget-container\">\n\t\t\t\t\t\t\t\t\t<p>A seguir, uma tabela comparativa entre as formas de aliena\u00e7\u00e3o:<\/p>\n<table style=\"color: var( --e-global-color-text ); letter-spacing: 0px; border: none;\">\n<colgroup>\n<col width=\"271\">\n<col width=\"296\"><\/colgroup>\n<tbody>\n<tr style=\"height: 43.26416015625pt;\">\n<td style=\"vertical-align: top; padding: 0pt 5pt 0pt 5pt; overflow: hidden; overflow-wrap: break-word; border: solid #000000 0.68181825pt;\">\n<p dir=\"ltr\" style=\"line-height: 1.38; text-align: center; margin-top: 12pt; margin-bottom: 0pt;\"><span style=\"font-size: 13pt; font-family: Arial, sans-serif; color: #073763; font-weight: bold; font-variant-numeric: normal; font-variant-east-asian: normal; font-variant-alternates: normal; font-variant-position: normal; vertical-align: baseline; white-space-collapse: preserve;\">Tipos de aliena\u00e7\u00e3o por Desfazimento<\/span><\/p>\n<p dir=\"ltr\" style=\"line-height: 1.38; text-align: center; margin-top: 12pt; margin-bottom: 0pt;\"><span style=\"font-size: 13pt; font-family: Arial, sans-serif; color: #073763; font-weight: bold; font-variant-numeric: normal; font-variant-east-asian: normal; font-variant-alternates: normal; font-variant-position: normal; vertical-align: baseline; white-space-collapse: preserve;\">(Decreto n\u00ba 49.289\/2024)<\/span><\/p>\n<\/td>\n<td style=\"vertical-align: top; padding: 0pt 5pt 0pt 5pt; overflow: hidden; overflow-wrap: break-word; border: solid #000000 0.68181825pt;\">\n<p dir=\"ltr\" style=\"line-height: 1.38; text-align: center; margin-top: 12pt; margin-bottom: 0pt;\"><span style=\"color: #073763; font-family: Arial, sans-serif; font-size: 13pt; font-weight: bold; white-space-collapse: preserve; letter-spacing: 0px;\"><br><\/span><\/p>\n<p dir=\"ltr\" style=\"line-height: 1.38; text-align: center; margin-top: 12pt; margin-bottom: 0pt;\"><span style=\"color: #073763; font-family: Arial, sans-serif; font-size: 13pt; font-weight: bold; white-space-collapse: preserve; letter-spacing: 0px;\">Caracter\u00edsticas<\/span><\/p>\n<\/td>\n<\/tr>\n<tr style=\"height: 43.5pt;\">\n<td style=\"vertical-align: top; padding: 0pt 5pt 0pt 5pt; overflow: hidden; overflow-wrap: break-word; border: solid #000000 0.68181825pt;\">\n<p dir=\"ltr\" style=\"line-height: 1.38; margin-top: 12pt; margin-bottom: 0pt;\"><span style=\"font-size: 13pt; font-family: Arial, sans-serif; color: #073763; font-variant-numeric: normal; font-variant-east-asian: normal; font-variant-alternates: normal; font-variant-position: normal; vertical-align: baseline; white-space-collapse: preserve;\">Doa\u00e7\u00e3o (Art. 73)<\/span><\/p>\n<\/td>\n<td style=\"vertical-align: top; padding: 0pt 5pt 0pt 5pt; overflow: hidden; overflow-wrap: break-word; border: solid #000000 0.68181825pt;\">\n<p dir=\"ltr\" style=\"line-height: 1.38; margin-top: 12pt; margin-bottom: 0pt;\"><span style=\"font-size: 13pt; font-family: Arial, sans-serif; color: #073763; font-variant-numeric: normal; font-variant-east-asian: normal; font-variant-alternates: normal; font-variant-position: normal; vertical-align: baseline; white-space-collapse: preserve;\">Entre \u00f3rg\u00e3o e entidades; entre entidades; para PJ de direito privado de utilidade p\u00fablica; para outros poderes do ERJ e outros entes federativos.<\/span><\/p>\n<\/td>\n<\/tr>\n<tr style=\"height: 29.25pt;\">\n<td style=\"vertical-align: top; padding: 0pt 5pt 0pt 5pt; overflow: hidden; overflow-wrap: break-word; border: solid #000000 0.68181825pt;\">\n<p dir=\"ltr\" style=\"line-height: 1.38; margin-top: 12pt; margin-bottom: 0pt;\"><span style=\"font-size: 13pt; font-family: Arial, sans-serif; color: #073763; font-variant-numeric: normal; font-variant-east-asian: normal; font-variant-alternates: normal; font-variant-position: normal; vertical-align: baseline; white-space-collapse: preserve;\">Permuta (Art. 74)<\/span><\/p>\n<\/td>\n<td style=\"vertical-align: top; padding: 0pt 5pt 0pt 5pt; overflow: hidden; overflow-wrap: break-word; border: solid #000000 0.68181825pt;\">\n<p dir=\"ltr\" style=\"line-height: 1.38; margin-top: 12pt; margin-bottom: 0pt;\"><span style=\"font-size: 13pt; font-family: Arial, sans-serif; color: #073763; font-variant-numeric: normal; font-variant-east-asian: normal; font-variant-alternates: normal; font-variant-position: normal; vertical-align: baseline; white-space-collapse: preserve;\">Exclusiva para \u00f3rg\u00e3o e entidades da Adm. P\u00fablica desde que devidamente justificada<\/span><\/p>\n<\/td>\n<\/tr>\n<tr style=\"height: 47.01416015625pt;\">\n<td style=\"vertical-align: top; padding: 0pt 5pt 0pt 5pt; overflow: hidden; overflow-wrap: break-word; border: solid #000000 0.68181825pt;\">\n<p dir=\"ltr\" style=\"line-height: 1.38; margin-top: 12pt; margin-bottom: 0pt;\"><span style=\"font-size: 13pt; font-family: Arial, sans-serif; color: #073763; font-variant-numeric: normal; font-variant-east-asian: normal; font-variant-alternates: normal; font-variant-position: normal; vertical-align: baseline; white-space-collapse: preserve;\">Venda (Art. 75)<\/span><\/p>\n<\/td>\n<td style=\"vertical-align: top; padding: 0pt 5pt 0pt 5pt; overflow: hidden; overflow-wrap: break-word; border: solid #000000 0.68181825pt;\">\n<p dir=\"ltr\" style=\"line-height: 1.38; margin-top: 12pt; margin-bottom: 0pt;\"><span style=\"font-size: 13pt; font-family: Arial, sans-serif; color: #073763; font-variant-numeric: normal; font-variant-east-asian: normal; font-variant-alternates: normal; font-variant-position: normal; vertical-align: baseline; white-space-collapse: preserve;\">Permitida somente ap\u00f3s a verifica\u00e7\u00e3o pr\u00e9via de interesse por parte de \u00f3rg\u00e3o\/entidade do executivo estadual. Depende de leil\u00e3o.<\/span><\/p>\n<\/td>\n<\/tr>\n<\/tbody>\n<\/table>\t\t\t\t\t\t\t\t<\/div>\n\t\t\t\t<\/div>\n\t\t\t\t<div class=\"elementor-element elementor-element-8a3704b elementor-widget elementor-widget-text-editor\" data-id=\"8a3704b\" data-element_type=\"widget\" data-widget_type=\"text-editor.default\">\n\t\t\t\t<div class=\"elementor-widget-container\">\n\t\t\t\t\t\t\t\t\t<p><span style=\"font-weight: 400;\">\u00a0 \u00a0 \u00a0 \u00a0 \u00a0 \u00a0 \u00a0 \u00a0 \u00a0 \u00a0 \u00a0 \u00a0 \u00a0 \u00a0 \u00a0 \u00a0 \u00a0 \u00a0 \u00a0 \u00a0 \u00a0 \u00a0 \u00a0 \u00a0 \u00a0 \u00a0 \u00a0\u00a0<\/span><b style=\"text-align: center; color: var( --e-global-color-text ); letter-spacing: 0px;\">Desfazimento por descarte<\/b><\/p><p><span style=\"font-weight: 400;\">O descarte de inserv\u00edveis \u00e9 a <\/span><b>inutiliza\u00e7\u00e3o dos bens<\/b><span style=\"font-weight: 400;\"> ou a sua <\/span><b>destina\u00e7\u00e3o ao sistema de coleta de res\u00edduos<\/b><span style=\"font-weight: 400;\"> da localidade ou a <\/span><b>entrega para reciclagem<\/b><span style=\"font-weight: 400;\"> e\/ou venda como <\/span><b>mat\u00e9ria-prima<\/b><span style=\"font-weight: 400;\">. Tamb\u00e9m decorre do <\/span><b>processo de desfazimento<\/b><span style=\"font-weight: 400;\">.<\/span><\/p><p><span style=\"font-weight: 400;\">Portanto, considera-se como <\/span><b>descarte<\/b><span style=\"font-weight: 400;\"> a destina\u00e7\u00e3o de bens classificados como <\/span><b>irrecuper\u00e1veis (sucata\/descaracterizados)<\/b><span style=\"font-weight: 400;\"> a institui\u00e7\u00f5es, cooperativas ou ONGs de reciclagem, empresa de coleta de lixo urbana ou seletiva, locais de \u201cferro-velho\u201d ou semelhantes.<br \/><\/span><\/p><p><span style=\"font-weight: 400;\">Ressalta-se que o <\/span><b>transporte de res\u00edduos especiais<\/b><span style=\"font-weight: 400;\"> deve obedecer \u00e0s normas estabelecidas pelo Minist\u00e9rio do Meio Ambiente e INEA<\/span><span style=\"font-weight: 400;\">, em conson\u00e2ncia com a <a href=\"https:\/\/in.gov.br\/en\/web\/dou\/-\/portaria-n-280-de-29-de-junho-de-2020-264244199\" target=\"_blank\" rel=\"noopener\"><strong>Portaria MMA n\u00ba 280\/2020<\/strong><\/a> e <a href=\"https:\/\/www.salegis.com.br\/wp-content\/uploads\/2018\/03\/RESOLU%C3%87%C3%83O-CONEMA-N%C2%BA-79.pdf\" target=\"_blank\" rel=\"noopener\"><strong>Resolu\u00e7\u00e3o CONEMA n\u00ba 79\/2018<\/strong><\/a>. Ainda, o <a href=\"https:\/\/leisestaduais.com.br\/rj\/decreto-n-40645-2007-rio-de-janeiro-institui-a-separacao-dos-residuos-reciclaveis-descartados-pelos-orgaos-e-entidades-da-administracao-publicaestadual-direta-e-indireta-na-fonte-geradora-e-a-sua-destinacao-as-associacoes-e-cooperativas-dos-catadores-de-materiais-reciclaveis-e-da-outras-providencias\" target=\"_blank\" rel=\"noopener\"><strong>decreto n\u00ba 40.645, de 08 de mar\u00e7o de 2007<\/strong><\/a>, em seu art. 3\u00ba, estabelece os requisitos para que as\u00a0<\/span><span style=\"color: var( --e-global-color-text ); letter-spacing: 0px;\"><b>associa\u00e7\u00f5es e cooperativas de catadores de materiais recicl\u00e1veis<\/b> estejam\u00a0<\/span><span style=\"color: var( --e-global-color-text ); letter-spacing: 0px;\">habilitadas <\/span><span style=\"color: var( --e-global-color-text ); letter-spacing: 0px;\">a coletar os res\u00edduos recicl\u00e1veis descartados pelos \u00f3rg\u00e3os e entidades da administra\u00e7\u00e3o p\u00fablica estadual direita e indireta. Para os casos em que n\u00e3o for poss\u00edvel a emiss\u00e3o do Manifesto de Res\u00edduos, disponibilizamos o modelo de &#8220;Termo de Entrega de bens inserv\u00edveis para o descarte&#8221;<\/span><\/p><p>Quando <b>verificada a impossibilidade ou a inconveni\u00eancia da aliena\u00e7\u00e3o<\/b>, o <b>titular <\/b>da UG <b style=\"font-weight: 400;\">pode <\/b><b>optar pelo descarte<\/b> <b style=\"font-weight: 400;\">bens m\u00f3veis inserv\u00edveis<\/b>, ap\u00f3s <b style=\"font-weight: 400;\">a retirada das partes economicamente aproveit\u00e1veis <\/b>(se existirem), al\u00e9m da retirada das plaquetas de identifica\u00e7\u00e3o.\u00a0<\/p><p><span style=\"font-weight: 400;\">A <\/span><b>inutiliza\u00e7\u00e3o <\/b><span style=\"font-weight: 400;\">\u00e9 a destrui\u00e7\u00e3o total ou parcial do bem m\u00f3vel que ofere\u00e7a amea\u00e7a vital para pessoas, risco de preju\u00edzo ambiental ou inconveniente de qualquer natureza para a administra\u00e7\u00e3o p\u00fablica.\u00a0<\/span><\/p><p><span style=\"font-weight: 400;\">Sempre que necess\u00e1rio, a inutiliza\u00e7\u00e3o ser\u00e1 feita mediante a <\/span><b>presen\u00e7a dos setores especializados<\/b><span style=\"font-weight: 400;\">, de forma a ter sua efic\u00e1cia assegurada, destacando-se a dos <\/span><b>s\u00edmbolos nacionais, as armas, as muni\u00e7\u00f5es, os bens m\u00f3veis pirot\u00e9cnicos<\/b><span style=\"font-weight: 400;\"> e os que apresentarem risco de utiliza\u00e7\u00e3o fraudulenta por terceiros, que responde \u00e0 legisla\u00e7\u00e3o espec\u00edfica.<\/span><\/p><p><span style=\"font-weight: 400;\">A inutiliza\u00e7\u00e3o de bem m\u00f3vel dever\u00e1 ser documentada mediante <\/span><b>Termo de Inutiliza\u00e7\u00e3o<\/b><span style=\"font-weight: 400;\">, o qual integrar\u00e1 o respectivo processo de desfazimento.que<\/span><\/p>\t\t\t\t\t\t\t\t<\/div>\n\t\t\t\t<\/div>\n\t\t\t\t<div class=\"elementor-element elementor-element-01911ec elementor-widget elementor-widget-heading\" data-id=\"01911ec\" data-element_type=\"widget\" data-widget_type=\"heading.default\">\n\t\t\t\t<div class=\"elementor-widget-container\">\n\t\t\t\t\t<h2 class=\"elementor-heading-title elementor-size-large\">Procedimentos para desfazimento<\/h2>\t\t\t\t<\/div>\n\t\t\t\t<\/div>\n\t\t\t\t<div class=\"elementor-element elementor-element-8ae6f54 elementor-widget elementor-widget-text-editor\" data-id=\"8ae6f54\" data-element_type=\"widget\" data-widget_type=\"text-editor.default\">\n\t\t\t\t<div class=\"elementor-widget-container\">\n\t\t\t\t\t\t\t\t\t<p><span style=\"font-weight: 400;\">O desfazimento deve ser\u00a0<\/span><b>registrado atrav\u00e9s de processo administrativo, <\/b>do qual dever\u00e1 constar\u00a0<span style=\"font-weight: 400;\">os <\/span><b>documentos comprobat\u00f3rios da aliena\u00e7\u00e3o<\/b><span style=\"font-weight: 400;\"> ou da entrega dos bens ao <\/span><b>descarte<\/b><span style=\"font-weight: 400;\">.<\/span> <span style=\"font-weight: 400;\">\u00a0A \u00faltima etapa do processo de desfazimento consiste na\u00a0<\/span><b>baixa patrimonial definitiva<\/b><span style=\"font-weight: 400;\">, gerando\u00a0<\/span><b>diminui\u00e7\u00e3o do saldo na conta patrimonial<\/b><span style=\"font-weight: 400;\">\u00a0e a\u00a0<\/span><b>exonera\u00e7\u00e3o de responsabilidade<\/b><span style=\"font-weight: 400;\">\u00a0do servidor, ap\u00f3s a qual o processo poder\u00e1 ser conclu\u00eddo.<\/span><\/p><p><span style=\"font-weight: 400;\">Para fins did\u00e1ticos, o desfazimento foi <b>dividido em 10 (dez) etapas<\/b>, conforme o disposto no <a href=\"https:\/\/leisestaduais.com.br\/rj\/decreto-n-49289-2024-rio-de-janeiro-regulamenta-a-gestao-dos-bens-moveis-no-ambito-do-poder-executivo-do-estado-o-rio-de-janeiro?q=49289&amp;origin=instituicao#\" target=\"_blank\" rel=\"noopener\"><strong>decreto estadual n\u00ba 49.289 de 17 de setembro de 2024<\/strong><\/a>.<\/span><\/p>\t\t\t\t\t\t\t\t<\/div>\n\t\t\t\t<\/div>\n\t\t\t\t<div class=\"elementor-element elementor-element-002608e elementor-widget elementor-widget-heading\" data-id=\"002608e\" data-element_type=\"widget\" data-widget_type=\"heading.default\">\n\t\t\t\t<div class=\"elementor-widget-container\">\n\t\t\t\t\t<h2 class=\"elementor-heading-title elementor-size-large\">Etapas do desfazimento<\/h2>\t\t\t\t<\/div>\n\t\t\t\t<\/div>\n\t\t\t\t<div class=\"elementor-element elementor-element-bed80b4 elementor-widget elementor-widget-text-editor\" data-id=\"bed80b4\" data-element_type=\"widget\" data-widget_type=\"text-editor.default\">\n\t\t\t\t<div class=\"elementor-widget-container\">\n\t\t\t\t\t\t\t\t\t<p>Etapa<b> I <\/b><span style=\"font-weight: 400;\">\u2013 <\/span><b>Elabora\u00e7\u00e3o da listagem descritiva dos bens m\u00f3veis<\/b><span style=\"font-weight: 400;\"> pelo Gestor de Bens M\u00f3veis da U.G. e justificativa para o desfazimento (art. 78, inciso I, do Decreto n\u00ba 49.289\/2024);<\/span><\/p><p><b>Etapa II<\/b><span style=\"font-weight: 400;\"> \u2013 <\/span><b>Nomea\u00e7\u00e3o da Comiss\u00e3o de Vistoria e Baixa de Vida \u00datil<\/b><span style=\"font-weight: 400;\"> e publica\u00e7\u00e3o no DOERJ (art. 78, inciso II do Decreto n\u00ba 49.289\/2024);<\/span><\/p><p><b>Etapa III<\/b><span style=\"font-weight: 400;\"> \u2013 <\/span><b>Avalia\u00e7\u00e3o e classifica\u00e7\u00e3o dos inserv\u00edveis<\/b><span style=\"font-weight: 400;\"> pela Comiss\u00e3o de Vistoria e Baixa de Vida \u00datil, quanto ao <strong>estado de conserva\u00e7\u00e3o<\/strong> (art. 20 do Decreto n\u00ba 49.289) e quanto \u00e0 <strong>inservibilidade<\/strong> pelo \u00f3rg\u00e3o\/entidade (par\u00e1grafo \u00fanico do art. 21 do Decreto n\u00ba 49.289\/2024 );<\/span><\/p><p><b>Etapa IV <\/b><span style=\"font-weight: 400;\">\u2013 <\/span><b>Elabora\u00e7\u00e3o do Termo de Vistoria e Baixa de Vida \u00datil<\/b><span style=\"font-weight: 400;\"> pela Comiss\u00e3o de Vistoria e Baixa de Vida \u00datil, no qual dever\u00e1 apontar, de modo justificado, a forma de desfazimento para os inserv\u00edveis: aliena\u00e7\u00e3o ou descarte (art. 79, inciso II, e art. 80 do Decreto n\u00ba 49.289\/2024);<\/span><\/p><p><b>Etapa V<\/b><span style=\"font-weight: 400;\"> \u2013 <\/span><b>Autoriza\u00e7\u00e3o do Titular da Unidade Gestora<\/b><span style=\"font-weight: 400;\"> (ou autoridade por ele delegada) para o desfazimento (art. 81 do Decreto n\u00ba 49.289\/2024);<\/span><\/p><p><b>Etapa VI<\/b><span style=\"font-weight: 400;\"> \u2013 Juntada do <\/span><b>Parecer Jur\u00eddico: <\/b><span style=\"font-weight: 400;\">n\u00e3o obrigat\u00f3rio, dependendo de norma interna (art. 82 do Decreto n\u00ba 49.289\/2024)<\/span><\/p><p><b>Etapa VII<\/b><span style=\"font-weight: 400;\"> \u2013 <\/span><b>Registro cont\u00e1bil da baixa de vida \u00fatil <\/b><span style=\"font-weight: 400;\">(art. 83 do Decreto n\u00ba 49.289\/2024);<\/span><\/p><p><b>Etapa VIII<\/b><span style=\"font-weight: 400;\"> \u2013 <\/span><b>Envio da planilha de disponibilidade<\/b><span style=\"font-weight: 400;\"> para o e-mail\u00a0<\/span><strong><a href=\"mailto:redebens@planejamento.rj.gov.br\">redebens@planejamento.rj.gov.br<\/a><\/strong><span style=\"font-weight: 400;\">, solicitando a publica\u00e7\u00e3o dos bens em disponibilidade no s\u00edtio eletr\u00f4nico do \u00f3rg\u00e3o central (art. 84 do Decreto n\u00ba 49.289\/2024);<\/span><\/p><p><b>ATEN\u00c7\u00c3O!! Est\u00e3o isentos de publica\u00e7\u00e3o de disponibilidade\u00a0<span style=\"color: var( --e-global-color-text ); letter-spacing: 0px;\">os bens m\u00f3veis objeto de descarte (art. 84), assim como\u00a0<\/span><span style=\"color: var( --e-global-color-text ); letter-spacing: 0px;\">as doa\u00e7\u00f5es entre a entidade e seu \u00f3rg\u00e3o de vincula\u00e7\u00e3o\u00a0<\/span><span style=\"color: var( --e-global-color-text ); letter-spacing: 0px;\">(art. 84,<\/span><span style=\"color: var( --e-global-color-text ); letter-spacing: 0px;\">\u00a7 4\u00ba)<\/span><\/b><span style=\"color: var( --e-global-color-text ); letter-spacing: 0px;\">.<\/span><\/p><p><b>Etapa IX<\/b><span style=\"font-weight: 400;\"> \u2013 Ado\u00e7\u00e3o das medidas necess\u00e1rias para a <\/span><b>destina\u00e7\u00e3o dos bens: aliena\u00e7\u00e3o ou descarte, <\/b>ap\u00f3s aguardar o prazo de 30 (trinta) dias para surgimento de poss\u00edvel interessado (Art. 84, \u00a71\u00ba do Decreto n\u00ba 49.289\/2024);<\/p><p><b>Etapa X<\/b><span style=\"font-weight: 400;\"> \u2013 <\/span><b>Registro da Baixa definitiva<\/b><span style=\"font-weight: 400;\"> (art. 86 do Decreto n\u00ba 49.289\/2024).<\/span><\/p><p class=\"MsoNormal\"><strong>ATEN\u00c7\u00c3O!!<\/strong> A <b style=\"text-decoration-line: underline;\">baixa patrimonial<\/b><u>\u00a0<\/u><b><u>de ve\u00edculos<\/u>\u00a0<\/b>tamb\u00e9m<b>\u00a0<\/b>deve atender ao disposto no art. 14 do <a href=\"https:\/\/leisestaduais.com.br\/rj\/decreto-n-47298-2020-rio-de-janeiro-institui-e-regulamenta-o-novo-sige-transp-sistema-de-governanca-e-gestao-de-transportes-do-poder-executivo-do-estado-do-rio-de-janeiro-em-continuidade-as-medidas-de-austeridade-adotadas-pelo-governo-do-estado?origin=instituicao\">Decreto n\u00ba 47.298, de 02 de outubro de 2020<\/a>, que institui e regulamenta o SIGETRANSP, e estabelece que o\u00a0<span style=\"color: var( --e-global-color-text ); letter-spacing: 0px;\">\u00f3rg\u00e3o ou entidade respons\u00e1vel por <b>ve\u00edculo em processo de aliena\u00e7\u00e3o<\/b> dever\u00e1 <\/span><b style=\"color: var( --e-global-color-text ); letter-spacing: 0px;\">requerer a sua baixa junto ao DETRAN\/RJ<\/b><span style=\"color: var( --e-global-color-text ); letter-spacing: 0px;\">, no prazo e forma estabelecidos pelo Conselho Nacional de Tr\u00e2nsito &#8211; CONTRAN.<\/span><\/p>\t\t\t\t\t\t\t\t<\/div>\n\t\t\t\t<\/div>\n\t\t\t\t<div class=\"elementor-element elementor-element-2fadd45 elementor-widget elementor-widget-text-editor\" data-id=\"2fadd45\" data-element_type=\"widget\" data-widget_type=\"text-editor.default\">\n\t\t\t\t<div class=\"elementor-widget-container\">\n\t\t\t\t\t\t\t\t\t<p>A seguir, disponibilizamos <strong>propostas de modelos<\/strong> de alguns <strong><span style=\"font-weight: 400;\">documentos que podem ser <\/span>utilizados no processo de desfazimento<\/strong>, dos quais constam os <span style=\"font-weight: 400;\">elementos obrigat\u00f3rios previstos na legisla\u00e7\u00e3o.\u00a0<\/span><\/p><p><span style=\"font-weight: 400;\">Ressalta-se, contudo, que estes <strong>n\u00e3o s\u00e3o de uso obrigat\u00f3rio<\/strong>, podendo o Gestor de Bens M\u00f3veis e a Comiss\u00e3o de Vistoria e Baixa de Vida \u00datil elaborarem documentos que se adequem \u00e0s necessidades do seu \u00f3rg\u00e3o\/entidade, desde que estes atendam aos normativos que regulamentam a gest\u00e3o de bens m\u00f3veis no Poder Executivo do Estado do Rio de Janeiro.<\/span><\/p>\t\t\t\t\t\t\t\t<\/div>\n\t\t\t\t<\/div>\n\t\t\t\t<div class=\"elementor-element elementor-element-b355f46 elementor-widget elementor-widget-heading\" data-id=\"b355f46\" data-element_type=\"widget\" data-widget_type=\"heading.default\">\n\t\t\t\t<div class=\"elementor-widget-container\">\n\t\t\t\t\t<h2 class=\"elementor-heading-title elementor-size-large\"><a href=\"https:\/\/redelog.rj.gov.br\/redebens\/wp-content\/uploads\/2024\/09\/Modelo-Listagem-de-Inserviveis-e-justificativa-para-o-desfazimento.docx\">Modelo da Listagem dos Bens Inserv\u00edveis e Justificativa para o Desfazimento por Aliena\u00e7\u00e3o e\/ou Descarte<\/a><\/h2>\t\t\t\t<\/div>\n\t\t\t\t<\/div>\n\t\t\t\t<div class=\"elementor-element elementor-element-1f0b2e2 elementor-widget elementor-widget-image\" data-id=\"1f0b2e2\" data-element_type=\"widget\" data-widget_type=\"image.default\">\n\t\t\t\t<div class=\"elementor-widget-container\">\n\t\t\t\t\t\t\t\t\t\t\t\t\t\t\t\t<a href=\"https:\/\/redelog.rj.gov.br\/redebens\/wp-content\/uploads\/2024\/09\/Modelo-Listagem-de-Inserviveis-e-justificativa-para-o-desfazimento.docx\" target=\"_blank\">\n\t\t\t\t\t\t\t<img decoding=\"async\" width=\"150\" height=\"150\" src=\"https:\/\/redelog.rj.gov.br\/redebens\/wp-content\/uploads\/2022\/05\/word-150x150.png\" class=\"attachment-thumbnail size-thumbnail wp-image-979\" alt=\"\" \/>\t\t\t\t\t\t\t\t<\/a>\n\t\t\t\t\t\t\t\t\t\t\t\t\t\t\t<\/div>\n\t\t\t\t<\/div>\n\t\t\t\t<div class=\"elementor-element elementor-element-e980e23 elementor-widget elementor-widget-heading\" data-id=\"e980e23\" data-element_type=\"widget\" data-widget_type=\"heading.default\">\n\t\t\t\t<div class=\"elementor-widget-container\">\n\t\t\t\t\t<h2 class=\"elementor-heading-title elementor-size-large\"><a href=\"https:\/\/redelog.rj.gov.br\/redebens\/wp-content\/uploads\/2024\/09\/Modelo-Ato-de-Nomeacao-da-Comissao-de-Vistoria-e-Baixa-de-Vida-Util-Provisoria.docx\">Modelo de Ato de Nomea\u00e7\u00e3o de Comiss\u00e3o de Vistoria e Baixa de Vida \u00datil&nbsp;Provis\u00f3ria<\/a><\/h2>\t\t\t\t<\/div>\n\t\t\t\t<\/div>\n\t\t\t\t<div class=\"elementor-element elementor-element-08f9f85 elementor-widget elementor-widget-image\" data-id=\"08f9f85\" data-element_type=\"widget\" data-widget_type=\"image.default\">\n\t\t\t\t<div class=\"elementor-widget-container\">\n\t\t\t\t\t\t\t\t\t\t\t\t\t\t\t\t<a href=\"https:\/\/redelog.rj.gov.br\/redebens\/wp-content\/uploads\/2024\/09\/Modelo-Ato-de-Nomeacao-da-Comissao-de-Vistoria-e-Baixa-de-Vida-Util-Provisoria.docx\" target=\"_blank\">\n\t\t\t\t\t\t\t<img decoding=\"async\" width=\"150\" height=\"150\" src=\"https:\/\/redelog.rj.gov.br\/redebens\/wp-content\/uploads\/2022\/05\/word-150x150.png\" class=\"attachment-thumbnail size-thumbnail wp-image-979\" alt=\"\" \/>\t\t\t\t\t\t\t\t<\/a>\n\t\t\t\t\t\t\t\t\t\t\t\t\t\t\t<\/div>\n\t\t\t\t<\/div>\n\t\t\t\t<div class=\"elementor-element elementor-element-0b276c3 elementor-widget elementor-widget-heading\" data-id=\"0b276c3\" data-element_type=\"widget\" data-widget_type=\"heading.default\">\n\t\t\t\t<div class=\"elementor-widget-container\">\n\t\t\t\t\t<h2 class=\"elementor-heading-title elementor-size-large\"><a href=\"https:\/\/redelog.rj.gov.br\/redebens\/wp-content\/uploads\/2024\/09\/Modelo-Ato-de-Nomeacao-da-Comissao-de-Vistoria-e-Baixa-de-Vida-Util-Permanente.docx\">Modelo de Ato de Nomea\u00e7\u00e3o de Comiss\u00e3o de Vistoria e Baixa de Vida \u00datil Permanente<\/a><\/h2>\t\t\t\t<\/div>\n\t\t\t\t<\/div>\n\t\t\t\t<div class=\"elementor-element elementor-element-d045938 elementor-widget elementor-widget-image\" data-id=\"d045938\" data-element_type=\"widget\" data-widget_type=\"image.default\">\n\t\t\t\t<div class=\"elementor-widget-container\">\n\t\t\t\t\t\t\t\t\t\t\t\t\t\t\t\t<a href=\"https:\/\/redelog.rj.gov.br\/redebens\/wp-content\/uploads\/2024\/09\/Modelo-Ato-de-Nomeacao-da-Comissao-de-Vistoria-e-Baixa-de-Vida-Util-Permanente.docx\" target=\"_blank\">\n\t\t\t\t\t\t\t<img decoding=\"async\" width=\"150\" height=\"150\" src=\"https:\/\/redelog.rj.gov.br\/redebens\/wp-content\/uploads\/2022\/05\/word-150x150.png\" class=\"attachment-thumbnail size-thumbnail wp-image-979\" alt=\"\" \/>\t\t\t\t\t\t\t\t<\/a>\n\t\t\t\t\t\t\t\t\t\t\t\t\t\t\t<\/div>\n\t\t\t\t<\/div>\n\t\t\t\t<div class=\"elementor-element elementor-element-fac1060 elementor-widget elementor-widget-heading\" data-id=\"fac1060\" data-element_type=\"widget\" data-widget_type=\"heading.default\">\n\t\t\t\t<div class=\"elementor-widget-container\">\n\t\t\t\t\t<h2 class=\"elementor-heading-title elementor-size-large\"><a href=\"https:\/\/redelog.rj.gov.br\/redebens\/wp-content\/uploads\/2024\/09\/Modelo-Termo-de-Vistoria-e-Baixa-de-Vida-Util.docx\">Modelo de Termo de Vistoria e Baixa de Vida \u00datil<\/a><\/h2>\t\t\t\t<\/div>\n\t\t\t\t<\/div>\n\t\t\t\t<div class=\"elementor-element elementor-element-d71e8f9 elementor-widget elementor-widget-image\" data-id=\"d71e8f9\" data-element_type=\"widget\" data-widget_type=\"image.default\">\n\t\t\t\t<div class=\"elementor-widget-container\">\n\t\t\t\t\t\t\t\t\t\t\t\t\t\t\t\t<a href=\"https:\/\/redelog.rj.gov.br\/redebens\/wp-content\/uploads\/2024\/09\/Modelo-Termo-de-Vistoria-e-Baixa-de-Vida-Util.docx\" target=\"_blank\">\n\t\t\t\t\t\t\t<img decoding=\"async\" width=\"150\" height=\"150\" src=\"https:\/\/redelog.rj.gov.br\/redebens\/wp-content\/uploads\/2022\/05\/word-150x150.png\" class=\"attachment-thumbnail size-thumbnail wp-image-979\" alt=\"\" \/>\t\t\t\t\t\t\t\t<\/a>\n\t\t\t\t\t\t\t\t\t\t\t\t\t\t\t<\/div>\n\t\t\t\t<\/div>\n\t\t\t\t<div class=\"elementor-element elementor-element-6219a5c elementor-widget elementor-widget-heading\" data-id=\"6219a5c\" data-element_type=\"widget\" data-widget_type=\"heading.default\">\n\t\t\t\t<div class=\"elementor-widget-container\">\n\t\t\t\t\t<h2 class=\"elementor-heading-title elementor-size-large\"><a href=\"https:\/\/redelog.rj.gov.br\/redebens\/wp-content\/uploads\/2024\/09\/Modelo-Termo-de-Aprovacao-pelo-Titular-da-Unidade-Gestora.docx\">Modelo de Termo de Aprova\u00e7\u00e3o pelo Titular da Unidade Gestora<\/a><\/h2>\t\t\t\t<\/div>\n\t\t\t\t<\/div>\n\t\t\t\t<div class=\"elementor-element elementor-element-4a30b96 elementor-widget elementor-widget-image\" data-id=\"4a30b96\" data-element_type=\"widget\" data-widget_type=\"image.default\">\n\t\t\t\t<div class=\"elementor-widget-container\">\n\t\t\t\t\t\t\t\t\t\t\t\t\t\t\t\t<a href=\"https:\/\/redelog.rj.gov.br\/redebens\/wp-content\/uploads\/2024\/09\/Modelo-Termo-de-Aprovacao-pelo-Titular-da-Unidade-Gestora.docx\" target=\"_blank\">\n\t\t\t\t\t\t\t<img decoding=\"async\" width=\"150\" height=\"150\" src=\"https:\/\/redelog.rj.gov.br\/redebens\/wp-content\/uploads\/2022\/05\/word-150x150.png\" class=\"attachment-thumbnail size-thumbnail wp-image-979\" alt=\"\" \/>\t\t\t\t\t\t\t\t<\/a>\n\t\t\t\t\t\t\t\t\t\t\t\t\t\t\t<\/div>\n\t\t\t\t<\/div>\n\t\t\t\t<div class=\"elementor-element elementor-element-8200568 elementor-widget elementor-widget-heading\" data-id=\"8200568\" data-element_type=\"widget\" data-widget_type=\"heading.default\">\n\t\t\t\t<div class=\"elementor-widget-container\">\n\t\t\t\t\t<h2 class=\"elementor-heading-title elementor-size-large\"><a href=\"https:\/\/redelog.rj.gov.br\/redebens\/wp-content\/uploads\/2024\/09\/Modelo-Manifestacao-de-interesse-em-receber-os-Bens-Disponibilizados.docx\">Modelo de Manifesta\u00e7\u00e3o de interesse em receber os Bens Disponibilizados<\/a><\/h2>\t\t\t\t<\/div>\n\t\t\t\t<\/div>\n\t\t\t\t<div class=\"elementor-element elementor-element-fe8b6e9 elementor-widget elementor-widget-image\" data-id=\"fe8b6e9\" data-element_type=\"widget\" data-widget_type=\"image.default\">\n\t\t\t\t<div class=\"elementor-widget-container\">\n\t\t\t\t\t\t\t\t\t\t\t\t\t\t\t\t<a href=\"https:\/\/redelog.rj.gov.br\/redebens\/wp-content\/uploads\/2024\/09\/Modelo-Manifestacao-de-interesse-em-receber-os-Bens-Disponibilizados.docx\" target=\"_blank\">\n\t\t\t\t\t\t\t<img decoding=\"async\" width=\"150\" height=\"150\" src=\"https:\/\/redelog.rj.gov.br\/redebens\/wp-content\/uploads\/2022\/05\/word-150x150.png\" class=\"attachment-thumbnail size-thumbnail wp-image-979\" alt=\"\" \/>\t\t\t\t\t\t\t\t<\/a>\n\t\t\t\t\t\t\t\t\t\t\t\t\t\t\t<\/div>\n\t\t\t\t<\/div>\n\t\t\t\t<div class=\"elementor-element elementor-element-f29c9bc elementor-widget elementor-widget-heading\" data-id=\"f29c9bc\" data-element_type=\"widget\" data-widget_type=\"heading.default\">\n\t\t\t\t<div class=\"elementor-widget-container\">\n\t\t\t\t\t<h2 class=\"elementor-heading-title elementor-size-large\"><a href=\"https:\/\/redelog.rj.gov.br\/redebens\/wp-content\/uploads\/2024\/09\/Modelo-Termo-de-Entrega-de-Bens-Inserviveis-para-Descarte-1.docx\">Modelo de Termo de Entrega de Bens Inserv\u00edveis para Descarte<\/a><\/h2>\t\t\t\t<\/div>\n\t\t\t\t<\/div>\n\t\t\t\t<div class=\"elementor-element elementor-element-c7c07f7 elementor-widget elementor-widget-image\" data-id=\"c7c07f7\" data-element_type=\"widget\" data-widget_type=\"image.default\">\n\t\t\t\t<div class=\"elementor-widget-container\">\n\t\t\t\t\t\t\t\t\t\t\t\t\t\t\t\t<a href=\"https:\/\/redelog.rj.gov.br\/redebens\/wp-content\/uploads\/2024\/09\/Modelo-Termo-de-Entrega-de-Bens-Inserviveis-para-Descarte-1.docx\" target=\"_blank\">\n\t\t\t\t\t\t\t<img decoding=\"async\" width=\"150\" height=\"150\" src=\"https:\/\/redelog.rj.gov.br\/redebens\/wp-content\/uploads\/2022\/05\/word-150x150.png\" class=\"attachment-thumbnail size-thumbnail wp-image-979\" alt=\"\" \/>\t\t\t\t\t\t\t\t<\/a>\n\t\t\t\t\t\t\t\t\t\t\t\t\t\t\t<\/div>\n\t\t\t\t<\/div>\n\t\t\t\t<div class=\"elementor-element elementor-element-d5d9052 elementor-widget elementor-widget-text-editor\" data-id=\"d5d9052\" data-element_type=\"widget\" data-widget_type=\"text-editor.default\">\n\t\t\t\t<div class=\"elementor-widget-container\">\n\t\t\t\t\t\t\t\t\t<p><span style=\"font-weight: 400;\">Entretanto, destacamos que<\/span> <span style=\"font-weight: 400;\">o <\/span><b>uso dos Termos de Transfer\u00eancia e Doa\u00e7\u00e3o \u00e9 obrigat\u00f3rio<\/b><span style=\"font-weight: 400;\">, devendo ser utilizadas as<\/span><b> minutas-padr\u00e3o da PGE<\/b><span style=\"font-weight: 400;\">, que s\u00e3o modelos de refer\u00eancia, podendo o \u00f3rg\u00e3o\/entidade alterar e\/ou acrescer especificidades ao texto, se necess\u00e1rio. Seguem abaixo as minutas-padr\u00e3o: TERMO DE TRANSFER\u00caNCIA DE BEM M\u00d3VEL e TERMO DE DOA\u00c7\u00c3O DE BEM M\u00d3VEL.<\/span><\/p>\t\t\t\t\t\t\t\t<\/div>\n\t\t\t\t<\/div>\n\t\t\t\t<div class=\"elementor-element elementor-element-63b3580 elementor-widget elementor-widget-heading\" data-id=\"63b3580\" data-element_type=\"widget\" data-widget_type=\"heading.default\">\n\t\t\t\t<div class=\"elementor-widget-container\">\n\t\t\t\t\t<h2 class=\"elementor-heading-title elementor-size-large\"><a href=\"https:\/\/redelog.rj.gov.br\/redebens\/wp-content\/uploads\/2025\/07\/Minuta_Padrao_PG_15__Transferencia_de_Bens_Moveis___vf_GVL_24.04-1.docx\" target=\"_blank\">Minuta-padr\u00e3o PGE - Termo de Transfer\u00eancia de bem m\u00f3vel<\/a><\/h2>\t\t\t\t<\/div>\n\t\t\t\t<\/div>\n\t\t\t\t<div class=\"elementor-element elementor-element-38191a9 elementor-widget elementor-widget-image\" data-id=\"38191a9\" data-element_type=\"widget\" data-widget_type=\"image.default\">\n\t\t\t\t<div class=\"elementor-widget-container\">\n\t\t\t\t\t\t\t\t\t\t\t\t\t\t\t\t<a href=\"https:\/\/redelog.rj.gov.br\/redebens\/wp-content\/uploads\/2025\/07\/Minuta_Padrao_PG_15__Transferencia_de_Bens_Moveis___vf_GVL_24.04-1.docx\" target=\"_blank\">\n\t\t\t\t\t\t\t<img decoding=\"async\" width=\"150\" height=\"150\" src=\"https:\/\/redelog.rj.gov.br\/redebens\/wp-content\/uploads\/2022\/05\/word-150x150.png\" class=\"attachment-thumbnail size-thumbnail wp-image-979\" alt=\"\" \/>\t\t\t\t\t\t\t\t<\/a>\n\t\t\t\t\t\t\t\t\t\t\t\t\t\t\t<\/div>\n\t\t\t\t<\/div>\n\t\t\t\t<div class=\"elementor-element elementor-element-72ff292 elementor-widget elementor-widget-heading\" data-id=\"72ff292\" data-element_type=\"widget\" data-widget_type=\"heading.default\">\n\t\t\t\t<div class=\"elementor-widget-container\">\n\t\t\t\t\t<h2 class=\"elementor-heading-title elementor-size-large\"><a href=\"https:\/\/redelog.rj.gov.br\/redebens\/wp-content\/uploads\/2025\/07\/Minuta_Padrao_PG_15__Doacao_de_Bens_Moveis___vf_GVL_24.04-1.docx\" target=\"_blank\">Minuta-padr\u00e3o PGE - Termo de Doa\u00e7\u00e3o de bem m\u00f3vel<\/a><\/h2>\t\t\t\t<\/div>\n\t\t\t\t<\/div>\n\t\t\t\t<div class=\"elementor-element elementor-element-3c7c886 elementor-widget elementor-widget-image\" data-id=\"3c7c886\" data-element_type=\"widget\" data-widget_type=\"image.default\">\n\t\t\t\t<div class=\"elementor-widget-container\">\n\t\t\t\t\t\t\t\t\t\t\t\t\t\t\t\t<a href=\"https:\/\/redelog.rj.gov.br\/redebens\/wp-content\/uploads\/2025\/07\/Minuta_Padrao_PG_15__Doacao_de_Bens_Moveis___vf_GVL_24.04-1.docx\" target=\"_blank\">\n\t\t\t\t\t\t\t<img decoding=\"async\" width=\"150\" height=\"150\" src=\"https:\/\/redelog.rj.gov.br\/redebens\/wp-content\/uploads\/2022\/05\/word-150x150.png\" class=\"attachment-thumbnail size-thumbnail wp-image-979\" alt=\"\" \/>\t\t\t\t\t\t\t\t<\/a>\n\t\t\t\t\t\t\t\t\t\t\t\t\t\t\t<\/div>\n\t\t\t\t<\/div>\n\t\t\t\t<div class=\"elementor-element elementor-element-0e080ae elementor-widget elementor-widget-heading\" data-id=\"0e080ae\" data-element_type=\"widget\" data-widget_type=\"heading.default\">\n\t\t\t\t<div class=\"elementor-widget-container\">\n\t\t\t\t\t<h2 class=\"elementor-heading-title elementor-size-large\">Bens extraviados, perdidos ou furtados<\/h2>\t\t\t\t<\/div>\n\t\t\t\t<\/div>\n\t\t\t\t<div class=\"elementor-element elementor-element-eb2774d elementor-widget elementor-widget-text-editor\" data-id=\"eb2774d\" data-element_type=\"widget\" data-widget_type=\"text-editor.default\">\n\t\t\t\t<div class=\"elementor-widget-container\">\n\t\t\t\t\t\t\t\t\t<p><span style=\"font-weight: 400;\">Quando constatado o <\/span><b>furto, roubo, extravio, sinistro ou desaparecimento<\/b><span style=\"font-weight: 400;\"> de bens m\u00f3veis, o servidor <\/span><b>deve comunicar<\/b><span style=\"font-weight: 400;\">, por escrito, o fato ao\u00a0 respons\u00e1vel patrimonial pelo bem, que<\/span><span style=\"font-weight: 400;\"> proceder\u00e1 com o registro de ocorr\u00eancia e o encaminhar\u00e1, via processo SEI-RJ, \u00e0 <\/span><b>Corregedoria Setorial<\/b><span style=\"font-weight: 400;\"> do seu \u00f3rg\u00e3o\/entidade,<\/span> <span style=\"font-weight: 400;\">para a ado\u00e7\u00e3o das provid\u00eancias cab\u00edveis quanto \u00e0 apura\u00e7\u00e3o de responsabilidade funcional.<\/span><\/p><p><span style=\"font-weight: 400;\">O registro cont\u00e1bil do furto, roubo ou extravio de bens m\u00f3veis deve atender ao disposto na\u00a0<\/span><a href=\"https:\/\/drive.google.com\/file\/d\/1pCVqFzMVdBCTOGUdqh_5lsrW5dlLFeCt\/view?usp=sharing\"><b>Nota T\u00e9cnica SUNOT\/SUBCONT n\u00ba 018\/2016<\/b><\/a><span style=\"font-weight: 400;\">.<\/span><\/p><p><span style=\"font-weight: 400;\">Como o bem deixa de existir, n\u00e3o h\u00e1 como instruir um desfazimento, vez que a Comiss\u00e3o n\u00e3o tem como avaliar um bem que sumiu.<\/span><\/p><p><span style=\"font-weight: 400;\">ATEN\u00c7\u00c3O: os bens m\u00f3veis <\/span><b>baixados<\/b><span style=\"font-weight: 400;\"> por furto, roubo ou extravio que <\/span><b>venham a ser encontrados\/recuperados<\/b><span style=\"font-weight: 400;\"> dever\u00e3o ser<\/span> <b>incorporados com novo n\u00famero<\/b><span style=\"font-weight: 400;\"> patrimonial.<\/span><\/p>\t\t\t\t\t\t\t\t<\/div>\n\t\t\t\t<\/div>\n\t\t\t\t<div class=\"elementor-element elementor-element-6645833 elementor-widget elementor-widget-heading\" data-id=\"6645833\" data-element_type=\"widget\" data-widget_type=\"heading.default\">\n\t\t\t\t<div class=\"elementor-widget-container\">\n\t\t\t\t\t<h2 class=\"elementor-heading-title elementor-size-large\">Baixa imediata por risco \u00e0 sa\u00fade<\/h2>\t\t\t\t<\/div>\n\t\t\t\t<\/div>\n\t\t\t\t<div class=\"elementor-element elementor-element-c49de8e elementor-widget elementor-widget-text-editor\" data-id=\"c49de8e\" data-element_type=\"widget\" data-widget_type=\"text-editor.default\">\n\t\t\t\t<div class=\"elementor-widget-container\">\n\t\t\t\t\t\t\t\t\t<p><span style=\"color: var( --e-global-color-text ); letter-spacing: 0px;\">Consideram-se risco \u00e0 sa\u00fade, ao meio ambiente ou \u00e0 integridade das pessoas, a <\/span><b style=\"color: var( --e-global-color-text ); letter-spacing: 0px;\">contamina\u00e7\u00e3o <\/b><strong><span style=\"color: var( --e-global-color-text ); letter-spacing: 0px;\">por<\/span><\/strong><b style=\"color: var( --e-global-color-text ); letter-spacing: 0px;\"> agentes patol\u00f3gicos<\/b><span style=\"color: var( --e-global-color-text ); letter-spacing: 0px;\">, <\/span><b style=\"color: var( --e-global-color-text ); letter-spacing: 0px;\">sem possibilidade de&nbsp; recupera\u00e7\u00e3o por assepsia<\/b><span style=\"color: var( --e-global-color-text ); letter-spacing: 0px;\">, a <\/span><b style=\"color: var( --e-global-color-text ); letter-spacing: 0px;\">infesta\u00e7\u00e3o por insetos nocivos<\/b><span style=\"color: var( --e-global-color-text ); letter-spacing: 0px;\">, bem m\u00f3vel de <\/span><b style=\"color: var( --e-global-color-text ); letter-spacing: 0px;\">natureza t\u00f3xica ou venenosa<\/b><span style=\"color: var( --e-global-color-text ); letter-spacing: 0px;\">, <\/span><b style=\"color: var( --e-global-color-text ); letter-spacing: 0px;\">dissemina\u00e7\u00e3o de radioatividade<\/b><span style=\"color: var( --e-global-color-text ); letter-spacing: 0px;\">, dentre outros.<\/span><\/p>\n<p><span style=\"font-weight: 400;\">O art. 87 do decreto n\u00ba 49.289\/2024 prev\u00ea que, na hip\u00f3tese da <b>perman\u00eancia do bem m\u00f3vel<\/b> nas depend\u00eancias do \u00f3rg\u00e3o\/entidade representar <b>s\u00e9rio risco \u00e0 sa\u00fade, ao meio ambiente ou \u00e0 integridade das pessoas<\/b>, o <b>titular<\/b> da unidade gestora,&nbsp; poder\u00e1, <b>excepcionalmente<\/b>, determinar a <b>baixa definitiva imediata<\/b>, antes de ultimado o processo&nbsp; administrativo.<\/span><\/p>\t\t\t\t\t\t\t\t<\/div>\n\t\t\t\t<\/div>\n\t\t\t\t<div class=\"elementor-element elementor-element-bd82f7a elementor-widget elementor-widget-heading\" data-id=\"bd82f7a\" data-element_type=\"widget\" data-widget_type=\"heading.default\">\n\t\t\t\t<div class=\"elementor-widget-container\">\n\t\t\t\t\t<h2 class=\"elementor-heading-title elementor-size-large\">Morte de semoventes<\/h2>\t\t\t\t<\/div>\n\t\t\t\t<\/div>\n\t\t\t\t<div class=\"elementor-element elementor-element-17f77ea elementor-widget elementor-widget-text-editor\" data-id=\"17f77ea\" data-element_type=\"widget\" data-widget_type=\"text-editor.default\">\n\t\t\t\t<div class=\"elementor-widget-container\">\n\t\t\t\t\t\t\t\t\t<p><span style=\"font-weight: 400;\">A baixa de semoventes mortos dever\u00e1 ser <\/span><b>documentada<\/b><span style=\"font-weight: 400;\"> com o respectivo <\/span><b>atestado de \u00f3bito<\/b><span style=\"font-weight: 400;\"> ou <\/span><b>documento assinado<\/b><span style=\"font-weight: 400;\"><strong> por veterin\u00e1rio<\/strong> ou autoridade respons\u00e1vel. Como o bem deixa de existir, <\/span><b>n\u00e3o h\u00e1 como instruir o desfazimento<\/b><span style=\"font-weight: 400;\">.<\/span><\/p>\t\t\t\t\t\t\t\t<\/div>\n\t\t\t\t<\/div>\n\t\t\t\t<div class=\"elementor-element elementor-element-2efa130 elementor-widget elementor-widget-heading\" data-id=\"2efa130\" data-element_type=\"widget\" data-widget_type=\"heading.default\">\n\t\t\t\t<div class=\"elementor-widget-container\">\n\t\t\t\t\t<h2 class=\"elementor-heading-title elementor-size-large\">Comiss\u00f5es<\/h2>\t\t\t\t<\/div>\n\t\t\t\t<\/div>\n\t\t\t\t<div class=\"elementor-element elementor-element-331a8db elementor-widget elementor-widget-text-editor\" data-id=\"331a8db\" data-element_type=\"widget\" data-widget_type=\"text-editor.default\">\n\t\t\t\t<div class=\"elementor-widget-container\">\n\t\t\t\t\t\t\t\t\t<p><span style=\"font-weight: 400;\">Na gest\u00e3o de bens m\u00f3veis, existem tr\u00eas atividades que necessitam <\/span><b>constituir Comiss\u00e3o de servidores<\/b><span style=\"font-weight: 400;\"> para realiza\u00e7\u00e3o dos procedimentos. S\u00e3o elas: Invent\u00e1rio, Avalia\u00e7\u00e3o\/reavalia\u00e7\u00e3o\/redu\u00e7\u00e3o ao valor recuper\u00e1vel e <strong>Desfazimento<\/strong>.<\/span><\/p><p><span style=\"font-weight: 400;\">Para cada <\/span><b>atividade<\/b><span style=\"font-weight: 400;\">, \u00e9 poss\u00edvel <\/span><b>constituir mais de uma Comiss\u00e3o<\/b><span style=\"font-weight: 400;\">, podendo ser de car\u00e1ter permanente ou provis\u00f3rio (com prazo determinado para conclus\u00e3o das atividades).<\/span><\/p><p><span style=\"font-weight: 400;\">A <b>compet\u00eancia <\/b>das comiss\u00f5es estar\u00e1 sempre <b>atrelada \u00e0 finalidade<\/b> definida no <b>ato de designa\u00e7\u00e3o. <\/b>Cabe ao \u00f3rg\u00e3o\/entidade definir a melhor maneira de organizar suas comiss\u00f5es para realizar as fun\u00e7\u00f5es necess\u00e1rias, tendo em vista a necessidade, prazos e disponibilidade de servidores.<\/span><\/p><p><span style=\"text-decoration: underline;\"><b>Forma\u00e7\u00e3o das Comiss\u00f5es<\/b><\/span><\/p><p><span style=\"font-weight: 400;\">A <strong>designa\u00e7\u00e3o dos servidores<\/strong> integrantes da <strong>Comiss\u00e3o de Vistoria e Baixa de Vida \u00datil<\/strong> ocorrer\u00e1 pelo <\/span><b>titular da unidade gestora<\/b><span style=\"font-weight: 400;\"> (ou autoridade por ele delegada) por meio de <\/span><b>ato de nomea\u00e7\u00e3o<\/b><span style=\"font-weight: 400;\"> que deve ser <\/span><b>publicado<\/b><span style=\"font-weight: 400;\"> no DOERJ.<\/span><\/p><p><span style=\"font-weight: 400;\">Tais Comiss\u00f5es devem ser compostas por, <\/span><b>no m\u00ednimo, 3 (tr\u00eas) servidores<\/b><span style=\"font-weight: 400;\"> do \u00f3rg\u00e3o ou entidade, contendo, pelo menos, <\/span><b>1 (um) ocupante de cargo<\/b><span style=\"font-weight: 400;\"> de provimento <\/span><b>efetivo<\/b><span style=\"font-weight: 400;\">.\u00a0<\/span><\/p><p><span style=\"font-weight: 400;\">Pode-se constituir uma<b> \u00fanica Comiss\u00e3o<\/b> com <b>as 3 finalidades<\/b> previstas na gest\u00e3o de bens (Invent\u00e1rio, Avalia\u00e7\u00e3o, Vistoria e Baixa) desde que as atividades estejam <b>estabelecidas e definidas <\/b>no <b>Ato de nomea\u00e7\u00e3o<\/b> da Comiss\u00e3o, a qual <b>pode ser<\/b> de <b>car\u00e1ter permanente ou tempor\u00e1rio<\/b>.<\/span><\/p>\t\t\t\t\t\t\t\t<\/div>\n\t\t\t\t<\/div>\n\t\t\t\t<div class=\"elementor-element elementor-element-27cf8e1 elementor-widget-divider--view-line elementor-widget elementor-widget-divider\" data-id=\"27cf8e1\" data-element_type=\"widget\" data-widget_type=\"divider.default\">\n\t\t\t\t<div class=\"elementor-widget-container\">\n\t\t\t\t\t\t\t<div class=\"elementor-divider\">\n\t\t\t<span class=\"elementor-divider-separator\">\n\t\t\t\t\t\t<\/span>\n\t\t<\/div>\n\t\t\t\t\t\t<\/div>\n\t\t\t\t<\/div>\n\t\t\t\t<div class=\"elementor-element elementor-element-67068ea elementor-widget elementor-widget-heading\" data-id=\"67068ea\" data-element_type=\"widget\" data-widget_type=\"heading.default\">\n\t\t\t\t<div class=\"elementor-widget-container\">\n\t\t\t\t\t<h2 class=\"elementor-heading-title elementor-size-default\">PERGUNTAS FREQUENTES<\/h2>\t\t\t\t<\/div>\n\t\t\t\t<\/div>\n\t\t\t\t<div class=\"elementor-element elementor-element-78b97a7 elementor-widget elementor-widget-toggle\" data-id=\"78b97a7\" data-element_type=\"widget\" data-widget_type=\"toggle.default\">\n\t\t\t\t<div class=\"elementor-widget-container\">\n\t\t\t\t\t\t\t<div class=\"elementor-toggle\">\n\t\t\t\t\t\t\t<div class=\"elementor-toggle-item\">\n\t\t\t\t\t<div id=\"elementor-tab-title-1261\" class=\"elementor-tab-title\" data-tab=\"1\" role=\"button\" aria-controls=\"elementor-tab-content-1261\" aria-expanded=\"false\">\n\t\t\t\t\t\t\t\t\t\t\t\t<span class=\"elementor-toggle-icon elementor-toggle-icon-left\" aria-hidden=\"true\">\n\t\t\t\t\t\t\t\t\t\t\t\t\t\t\t<span class=\"elementor-toggle-icon-closed\"><i class=\"fas fa-caret-right\"><\/i><\/span>\n\t\t\t\t\t\t\t\t<span class=\"elementor-toggle-icon-opened\"><i class=\"elementor-toggle-icon-opened fas fa-caret-up\"><\/i><\/span>\n\t\t\t\t\t\t\t\t\t\t\t\t\t<\/span>\n\t\t\t\t\t\t\t\t\t\t\t\t<a class=\"elementor-toggle-title\" tabindex=\"0\">1- O processo de desfazimento de bens deve ser instru\u00eddo pelo gestor de bens m\u00f3veis da Unidade Gestora ou pode ser de realiza\u00e7\u00e3o pr\u00f3pria e independente das unidades patrimoniais (subunidades e Unidades administrativas)? <\/a>\n\t\t\t\t\t<\/div>\n\n\t\t\t\t\t<div id=\"elementor-tab-content-1261\" class=\"elementor-tab-content elementor-clearfix\" data-tab=\"1\" role=\"region\" aria-labelledby=\"elementor-tab-title-1261\"><p><span style=\"font-weight: 400;\">O artigo 78 do decreto n\u00ba 49.289\/2024 prev\u00ea que o processo deve ser <\/span><b>iniciado pelo gestor de bens<\/b><span style=\"font-weight: 400;\"> nomeado para a Unidade Gestora, pois ele \u00e9 respons\u00e1vel pela gest\u00e3o de bens m\u00f3veis do \u00f3rg\u00e3o ou entidade. Contudo, o p.u. do mesmo artigo disp\u00f5e que n<\/span><span style=\"font-weight: 400;\">o caso da constata\u00e7\u00e3o de inservibilidade dos bens ocorrer pelo agente de bens m\u00f3veis ou pelo encarregado de bens m\u00f3veis, a listagem dos bens inserv\u00edveis <strong>dever\u00e1 ser encaminhada para o gestor de bens m\u00f3veis<\/strong>, por meio de processo administrativo, para aprova\u00e7\u00e3o e ado\u00e7\u00e3o das medidas cab\u00edveis.<\/span><\/p><p style=\"text-align: justify;\">\u00a0<\/p><\/div>\n\t\t\t\t<\/div>\n\t\t\t\t\t\t\t<div class=\"elementor-toggle-item\">\n\t\t\t\t\t<div id=\"elementor-tab-title-1262\" class=\"elementor-tab-title\" data-tab=\"2\" role=\"button\" aria-controls=\"elementor-tab-content-1262\" aria-expanded=\"false\">\n\t\t\t\t\t\t\t\t\t\t\t\t<span class=\"elementor-toggle-icon elementor-toggle-icon-left\" aria-hidden=\"true\">\n\t\t\t\t\t\t\t\t\t\t\t\t\t\t\t<span class=\"elementor-toggle-icon-closed\"><i class=\"fas fa-caret-right\"><\/i><\/span>\n\t\t\t\t\t\t\t\t<span class=\"elementor-toggle-icon-opened\"><i class=\"elementor-toggle-icon-opened fas fa-caret-up\"><\/i><\/span>\n\t\t\t\t\t\t\t\t\t\t\t\t\t<\/span>\n\t\t\t\t\t\t\t\t\t\t\t\t<a class=\"elementor-toggle-title\" tabindex=\"0\">2- A doa\u00e7\u00e3o de bens deve ser autorizada pelo governador?<\/a>\n\t\t\t\t\t<\/div>\n\n\t\t\t\t\t<div id=\"elementor-tab-content-1262\" class=\"elementor-tab-content elementor-clearfix\" data-tab=\"2\" role=\"region\" aria-labelledby=\"elementor-tab-title-1262\"><p><span style=\"font-weight: 400;\">Essa restri\u00e7\u00e3o aplica-se \u00e0: doa\u00e7\u00e3o de <\/span><b>obras de arte e acervo cultural<\/b><span style=\"font-weight: 400;\"> (art. 81, \u00a71\u00ba), doa\u00e7\u00e3o para <\/span><b>outros poderes do Estado do Rio de Janeiro<\/b><span style=\"font-weight: 400;\"> e para <\/span><b>outros entes da federa\u00e7\u00e3o<\/b><span style=\"font-weight: 400;\"> conforme Art. 73, \u00a7 2\u00ba do Decreto n\u00ba 49.289\/2024.<\/span><\/p><p><span style=\"font-weight: 400;\">A doa\u00e7\u00e3o das demais categorias de bens m\u00f3veis pode ser autorizada pelo Titular da Unidade Gestora (ou autoridade administrativa com delega\u00e7\u00e3o prevista), conforme previsto no art. 81 do decreto n\u00ba 49.289\/2024.<\/span><\/p><p style=\"text-align: justify;\">\u00a0<\/p><\/div>\n\t\t\t\t<\/div>\n\t\t\t\t\t\t\t<div class=\"elementor-toggle-item\">\n\t\t\t\t\t<div id=\"elementor-tab-title-1263\" class=\"elementor-tab-title\" data-tab=\"3\" role=\"button\" aria-controls=\"elementor-tab-content-1263\" aria-expanded=\"false\">\n\t\t\t\t\t\t\t\t\t\t\t\t<span class=\"elementor-toggle-icon elementor-toggle-icon-left\" aria-hidden=\"true\">\n\t\t\t\t\t\t\t\t\t\t\t\t\t\t\t<span class=\"elementor-toggle-icon-closed\"><i class=\"fas fa-caret-right\"><\/i><\/span>\n\t\t\t\t\t\t\t\t<span class=\"elementor-toggle-icon-opened\"><i class=\"elementor-toggle-icon-opened fas fa-caret-up\"><\/i><\/span>\n\t\t\t\t\t\t\t\t\t\t\t\t\t<\/span>\n\t\t\t\t\t\t\t\t\t\t\t\t<a class=\"elementor-toggle-title\" tabindex=\"0\">3- Quem autoriza o processo de desfazimento no \u00f3rg\u00e3o\/entidade?<\/a>\n\t\t\t\t\t<\/div>\n\n\t\t\t\t\t<div id=\"elementor-tab-content-1263\" class=\"elementor-tab-content elementor-clearfix\" data-tab=\"3\" role=\"region\" aria-labelledby=\"elementor-tab-title-1263\"><p><span style=\"font-weight: 400;\">O processo de desfazimento dever\u00e1 ser <\/span><b>autorizado pelo Titular da unidade<\/b><span style=\"font-weight: 400;\"> ou autoridade por ele delegada.<\/span><\/p><\/div>\n\t\t\t\t<\/div>\n\t\t\t\t\t\t\t<div class=\"elementor-toggle-item\">\n\t\t\t\t\t<div id=\"elementor-tab-title-1264\" class=\"elementor-tab-title\" data-tab=\"4\" role=\"button\" aria-controls=\"elementor-tab-content-1264\" aria-expanded=\"false\">\n\t\t\t\t\t\t\t\t\t\t\t\t<span class=\"elementor-toggle-icon elementor-toggle-icon-left\" aria-hidden=\"true\">\n\t\t\t\t\t\t\t\t\t\t\t\t\t\t\t<span class=\"elementor-toggle-icon-closed\"><i class=\"fas fa-caret-right\"><\/i><\/span>\n\t\t\t\t\t\t\t\t<span class=\"elementor-toggle-icon-opened\"><i class=\"elementor-toggle-icon-opened fas fa-caret-up\"><\/i><\/span>\n\t\t\t\t\t\t\t\t\t\t\t\t\t<\/span>\n\t\t\t\t\t\t\t\t\t\t\t\t<a class=\"elementor-toggle-title\" tabindex=\"0\">4- Bem inserv\u00edvel \u00e9 um bem em p\u00e9ssimo estado de conserva\u00e7\u00e3o?<\/a>\n\t\t\t\t\t<\/div>\n\n\t\t\t\t\t<div id=\"elementor-tab-content-1264\" class=\"elementor-tab-content elementor-clearfix\" data-tab=\"4\" role=\"region\" aria-labelledby=\"elementor-tab-title-1264\"><p><span style=\"font-weight: 400;\">N\u00e3o. O conceito de bem inserv\u00edvel tamb\u00e9m abrange o bem que <\/span><b>n\u00e3o <\/b><b>possui mais utilidade ou serventia <\/b><span style=\"font-weight: 400;\">para o \u00f3rg\u00e3o\/entidade propriet\u00e1rio, podendo <\/span><b>estar em qualquer estado de conserva\u00e7\u00e3o<\/b><span style=\"font-weight: 400;\">:\u00a0 <\/span><span style=\"font-weight: 400;\">excelente, bom, regular ou p\u00e9ssimo.<\/span><\/p><p><span style=\"font-weight: 400;\">Inclusive muitos desses bens podem estar em <\/span><b>perfeitas condi\u00e7\u00f5es<\/b><span style=\"font-weight: 400;\"> de utiliza\u00e7\u00e3o para outros, podendo ser transferidos, doados ou alienados de outra forma.<\/span><\/p><p style=\"text-align: justify;\">\u00a0<\/p><\/div>\n\t\t\t\t<\/div>\n\t\t\t\t\t\t\t<div class=\"elementor-toggle-item\">\n\t\t\t\t\t<div id=\"elementor-tab-title-1265\" class=\"elementor-tab-title\" data-tab=\"5\" role=\"button\" aria-controls=\"elementor-tab-content-1265\" aria-expanded=\"false\">\n\t\t\t\t\t\t\t\t\t\t\t\t<span class=\"elementor-toggle-icon elementor-toggle-icon-left\" aria-hidden=\"true\">\n\t\t\t\t\t\t\t\t\t\t\t\t\t\t\t<span class=\"elementor-toggle-icon-closed\"><i class=\"fas fa-caret-right\"><\/i><\/span>\n\t\t\t\t\t\t\t\t<span class=\"elementor-toggle-icon-opened\"><i class=\"elementor-toggle-icon-opened fas fa-caret-up\"><\/i><\/span>\n\t\t\t\t\t\t\t\t\t\t\t\t\t<\/span>\n\t\t\t\t\t\t\t\t\t\t\t\t<a class=\"elementor-toggle-title\" tabindex=\"0\">5- O gestor de bens pode fazer parte da Comiss\u00e3o de Vistoria e Baixa de Vida \u00datil? <\/a>\n\t\t\t\t\t<\/div>\n\n\t\t\t\t\t<div id=\"elementor-tab-content-1265\" class=\"elementor-tab-content elementor-clearfix\" data-tab=\"5\" role=\"region\" aria-labelledby=\"elementor-tab-title-1265\"><p><span style=\"font-weight: 400;\">Sim, n\u00e3o h\u00e1 impedimento.<\/span><\/p><\/div>\n\t\t\t\t<\/div>\n\t\t\t\t\t\t\t<div class=\"elementor-toggle-item\">\n\t\t\t\t\t<div id=\"elementor-tab-title-1266\" class=\"elementor-tab-title\" data-tab=\"6\" role=\"button\" aria-controls=\"elementor-tab-content-1266\" aria-expanded=\"false\">\n\t\t\t\t\t\t\t\t\t\t\t\t<span class=\"elementor-toggle-icon elementor-toggle-icon-left\" aria-hidden=\"true\">\n\t\t\t\t\t\t\t\t\t\t\t\t\t\t\t<span class=\"elementor-toggle-icon-closed\"><i class=\"fas fa-caret-right\"><\/i><\/span>\n\t\t\t\t\t\t\t\t<span class=\"elementor-toggle-icon-opened\"><i class=\"elementor-toggle-icon-opened fas fa-caret-up\"><\/i><\/span>\n\t\t\t\t\t\t\t\t\t\t\t\t\t<\/span>\n\t\t\t\t\t\t\t\t\t\t\t\t<a class=\"elementor-toggle-title\" tabindex=\"0\">6- H\u00e1 um prazo obrigat\u00f3rio para vig\u00eancia da Comiss\u00e3o?<\/a>\n\t\t\t\t\t<\/div>\n\n\t\t\t\t\t<div id=\"elementor-tab-content-1266\" class=\"elementor-tab-content elementor-clearfix\" data-tab=\"6\" role=\"region\" aria-labelledby=\"elementor-tab-title-1266\"><p style=\"text-align: justify;\"><span style=\"font-weight: 400;\">N\u00e3o. \u00c9 aconselh\u00e1vel ter o prazo m\u00ednimo de 30 dias, devido \u00e0 demanda de tempo para conclus\u00e3o dos trabalhos da Comiss\u00e3o, cabendo \u00e0 UG o estabelecimento do prazo que lhe for conveniente.<\/span><\/p><\/div>\n\t\t\t\t<\/div>\n\t\t\t\t\t\t\t<div class=\"elementor-toggle-item\">\n\t\t\t\t\t<div id=\"elementor-tab-title-1267\" class=\"elementor-tab-title\" data-tab=\"7\" role=\"button\" aria-controls=\"elementor-tab-content-1267\" aria-expanded=\"false\">\n\t\t\t\t\t\t\t\t\t\t\t\t<span class=\"elementor-toggle-icon elementor-toggle-icon-left\" aria-hidden=\"true\">\n\t\t\t\t\t\t\t\t\t\t\t\t\t\t\t<span class=\"elementor-toggle-icon-closed\"><i class=\"fas fa-caret-right\"><\/i><\/span>\n\t\t\t\t\t\t\t\t<span class=\"elementor-toggle-icon-opened\"><i class=\"elementor-toggle-icon-opened fas fa-caret-up\"><\/i><\/span>\n\t\t\t\t\t\t\t\t\t\t\t\t\t<\/span>\n\t\t\t\t\t\t\t\t\t\t\t\t<a class=\"elementor-toggle-title\" tabindex=\"0\">7- Como iniciar o processo de desfazimento de bens m\u00f3veis?<\/a>\n\t\t\t\t\t<\/div>\n\n\t\t\t\t\t<div id=\"elementor-tab-content-1267\" class=\"elementor-tab-content elementor-clearfix\" data-tab=\"7\" role=\"region\" aria-labelledby=\"elementor-tab-title-1267\"><p><span style=\"font-weight: 400;\">Ap\u00f3s o<strong> gestor<\/strong> detectar a exist\u00eancia de bens inserv\u00edveis na Unidade Gestora, dever\u00e1 instaurar processo, cumprindo o tr\u00e2mite processual das <\/span><b>etapas previstas <\/b><span style=\"font-weight: 400;\">para o desfazimento que devem ser <\/span><b>registradas e tramitadas<\/b><span style=\"font-weight: 400;\"> no <\/span><b>atual sistema eletr\u00f4nico <\/b><span style=\"font-weight: 400;\">estadual SEI RJ.<\/span><\/p><p style=\"text-align: justify;\">\u00a0<\/p><\/div>\n\t\t\t\t<\/div>\n\t\t\t\t\t\t\t<div class=\"elementor-toggle-item\">\n\t\t\t\t\t<div id=\"elementor-tab-title-1268\" class=\"elementor-tab-title\" data-tab=\"8\" role=\"button\" aria-controls=\"elementor-tab-content-1268\" aria-expanded=\"false\">\n\t\t\t\t\t\t\t\t\t\t\t\t<span class=\"elementor-toggle-icon elementor-toggle-icon-left\" aria-hidden=\"true\">\n\t\t\t\t\t\t\t\t\t\t\t\t\t\t\t<span class=\"elementor-toggle-icon-closed\"><i class=\"fas fa-caret-right\"><\/i><\/span>\n\t\t\t\t\t\t\t\t<span class=\"elementor-toggle-icon-opened\"><i class=\"elementor-toggle-icon-opened fas fa-caret-up\"><\/i><\/span>\n\t\t\t\t\t\t\t\t\t\t\t\t\t<\/span>\n\t\t\t\t\t\t\t\t\t\t\t\t<a class=\"elementor-toggle-title\" tabindex=\"0\">8- Pode-se constituir uma \u00fanica Comiss\u00e3o com as 3 finalidades previstas para a gest\u00e3o de bens (Invent\u00e1rio, Avalia\u00e7\u00e3o, Vistoria e Baixa)?<\/a>\n\t\t\t\t\t<\/div>\n\n\t\t\t\t\t<div id=\"elementor-tab-content-1268\" class=\"elementor-tab-content elementor-clearfix\" data-tab=\"8\" role=\"region\" aria-labelledby=\"elementor-tab-title-1268\"><p><b>Sim<\/b><span style=\"font-weight: 400;\">, desde que as finalidades estejam <\/span><b>estabelecidas e definidas <\/b><span style=\"font-weight: 400;\">no <\/span><b>Ato de nomea\u00e7\u00e3o<\/b><span style=\"font-weight: 400;\"> da Comiss\u00e3o, a qual <\/span><b>pode ser<\/b><span style=\"font-weight: 400;\"> de <\/span><b>car\u00e1ter permanente ou tempor\u00e1rio<\/b><span style=\"font-weight: 400;\">.<\/span><\/p><p><span style=\"font-weight: 400;\">A <\/span><b>compet\u00eancia <\/b><span style=\"font-weight: 400;\">das comiss\u00f5es estar\u00e1 sempre <\/span><b>atrelada \u00e0 finalidade<\/b><span style=\"font-weight: 400;\"> definida no <\/span><b>ato de nomea\u00e7\u00e3o<\/b><span style=\"font-weight: 400;\">.<\/span><\/p><\/div>\n\t\t\t\t<\/div>\n\t\t\t\t\t\t\t<div class=\"elementor-toggle-item\">\n\t\t\t\t\t<div id=\"elementor-tab-title-1269\" class=\"elementor-tab-title\" data-tab=\"9\" role=\"button\" aria-controls=\"elementor-tab-content-1269\" aria-expanded=\"false\">\n\t\t\t\t\t\t\t\t\t\t\t\t<span class=\"elementor-toggle-icon elementor-toggle-icon-left\" aria-hidden=\"true\">\n\t\t\t\t\t\t\t\t\t\t\t\t\t\t\t<span class=\"elementor-toggle-icon-closed\"><i class=\"fas fa-caret-right\"><\/i><\/span>\n\t\t\t\t\t\t\t\t<span class=\"elementor-toggle-icon-opened\"><i class=\"elementor-toggle-icon-opened fas fa-caret-up\"><\/i><\/span>\n\t\t\t\t\t\t\t\t\t\t\t\t\t<\/span>\n\t\t\t\t\t\t\t\t\t\t\t\t<a class=\"elementor-toggle-title\" tabindex=\"0\">9- O servidor escolhido para integrar uma das Comiss\u00f5es, pode se negar a participar desta?<\/a>\n\t\t\t\t\t<\/div>\n\n\t\t\t\t\t<div id=\"elementor-tab-content-1269\" class=\"elementor-tab-content elementor-clearfix\" data-tab=\"9\" role=\"region\" aria-labelledby=\"elementor-tab-title-1269\"><p><span style=\"font-weight: 400;\">Servidores efetivos, ou n\u00e3o, est\u00e3o sujeitos a convoca\u00e7\u00f5es administrativas para presta\u00e7\u00e3o de servi\u00e7o p\u00fablico relevante e n\u00e3o remunerado.\u00a0<\/span><\/p><p><span style=\"font-weight: 400;\">\u00c9 <strong>recomend\u00e1vel<\/strong> entrar em contato pr\u00e9vio com o servidor para avisar da publica\u00e7\u00e3o de sua nomea\u00e7\u00e3o como integrante da Comiss\u00e3o.\u00a0<\/span><\/p><p><span style=\"font-weight: 400;\">Caso o servidor se negue a participar, declarando justificativas consideradas relevantes para a autoridade que o indicou e havendo outras op\u00e7\u00f5es dispon\u00edveis para nomea\u00e7\u00e3o, o \u00f3rg\u00e3o\/entidade <\/span><b>pode optar<\/b><span style=\"font-weight: 400;\"> por indicar outro nome.\u00a0<\/span><\/p><p><span style=\"font-weight: 400;\">Mas em termos formais da legalidade, o servidor <\/span><b>s\u00f3 pode expressar a\u00a0negativa<\/b><span style=\"font-weight: 400;\"> de sua participa\u00e7\u00e3o <\/span><b>se<\/b><span style=\"font-weight: 400;\"> alegar <\/span><b>motivos<\/b><span style=\"font-weight: 400;\"> que o enquadrem em<\/span><b> impedimento<\/b><span style=\"font-weight: 400;\"> para participar de processo<\/span> <span style=\"font-weight: 400;\">administrativo<\/span><b> conforme Lei estadual de Processo Administrativo<\/b><span style=\"font-weight: 400;\"> (Art. 17 da <a href=\"https:\/\/leisestaduais.com.br\/rj\/lei-ordinaria-n-5427-2009-rio-de-janeiro-estabelece-normas-sobre-atos-e-processos-administrativos-no-ambito-do-estado-do-rio-de-janeiro-e-da-outras-providencias?q=5.427&amp;origin=instituicao#\">Lei n\u00ba 5.427\/2009<\/a>).<\/span><\/p><\/div>\n\t\t\t\t<\/div>\n\t\t\t\t\t\t\t<div class=\"elementor-toggle-item\">\n\t\t\t\t\t<div id=\"elementor-tab-title-12610\" class=\"elementor-tab-title\" data-tab=\"10\" role=\"button\" aria-controls=\"elementor-tab-content-12610\" aria-expanded=\"false\">\n\t\t\t\t\t\t\t\t\t\t\t\t<span class=\"elementor-toggle-icon elementor-toggle-icon-left\" aria-hidden=\"true\">\n\t\t\t\t\t\t\t\t\t\t\t\t\t\t\t<span class=\"elementor-toggle-icon-closed\"><i class=\"fas fa-caret-right\"><\/i><\/span>\n\t\t\t\t\t\t\t\t<span class=\"elementor-toggle-icon-opened\"><i class=\"elementor-toggle-icon-opened fas fa-caret-up\"><\/i><\/span>\n\t\t\t\t\t\t\t\t\t\t\t\t\t<\/span>\n\t\t\t\t\t\t\t\t\t\t\t\t<a class=\"elementor-toggle-title\" tabindex=\"0\">10- O gestor de bens m\u00f3veis deve participar das Comiss\u00f5es?<\/a>\n\t\t\t\t\t<\/div>\n\n\t\t\t\t\t<div id=\"elementor-tab-content-12610\" class=\"elementor-tab-content elementor-clearfix\" data-tab=\"10\" role=\"region\" aria-labelledby=\"elementor-tab-title-12610\"><p><span style=\"font-weight: 400;\">N\u00e3o h\u00e1 essa obrigatoriedade, sendo <strong>recomend\u00e1vel<\/strong> que o<strong> gestor n\u00e3o participe<\/strong>, se poss\u00edvel for, especialmente da <strong>Comiss\u00e3o de Invent\u00e1rio.<\/strong> Dessa forma, proporcionar\u00e1 maior segrega\u00e7\u00e3o de fun\u00e7\u00f5es e possibilidade de participa\u00e7\u00e3o de servidores externos \u00e0 \u00e1rea de patrim\u00f4nio, evitando sobrecarga de trabalho para os mesmos servidores.<\/span><\/p><\/div>\n\t\t\t\t<\/div>\n\t\t\t\t\t\t\t\t<\/div>\n\t\t\t\t\t\t<\/div>\n\t\t\t\t<\/div>\n\t\t\t\t<div class=\"elementor-element elementor-element-d2ee8b2 elementor-widget-divider--view-line elementor-widget elementor-widget-divider\" data-id=\"d2ee8b2\" data-element_type=\"widget\" data-widget_type=\"divider.default\">\n\t\t\t\t<div class=\"elementor-widget-container\">\n\t\t\t\t\t\t\t<div class=\"elementor-divider\">\n\t\t\t<span class=\"elementor-divider-separator\">\n\t\t\t\t\t\t<\/span>\n\t\t<\/div>\n\t\t\t\t\t\t<\/div>\n\t\t\t\t<\/div>\n\t\t\t\t\t<\/div>\n\t\t<\/div>\n\t\t\t\t\t<\/div>\n\t\t<\/section>\n\t\t\t\t<section class=\"elementor-section elementor-top-section elementor-element elementor-element-c1fa364 elementor-section-boxed elementor-section-height-default elementor-section-height-default\" data-id=\"c1fa364\" data-element_type=\"section\">\n\t\t\t\t\t\t<div class=\"elementor-container elementor-column-gap-default\">\n\t\t\t\t\t<div class=\"elementor-column elementor-col-100 elementor-top-column elementor-element elementor-element-36522c4\" data-id=\"36522c4\" data-element_type=\"column\">\n\t\t\t<div class=\"elementor-widget-wrap elementor-element-populated\">\n\t\t\t\t\t\t<section class=\"elementor-section elementor-inner-section elementor-element elementor-element-a3577ca elementor-section-boxed elementor-section-height-default elementor-section-height-default\" data-id=\"a3577ca\" data-element_type=\"section\">\n\t\t\t\t\t\t<div class=\"elementor-container elementor-column-gap-default\">\n\t\t\t\t\t<div class=\"elementor-column elementor-col-50 elementor-inner-column elementor-element elementor-element-bb0e345\" data-id=\"bb0e345\" data-element_type=\"column\">\n\t\t\t<div class=\"elementor-widget-wrap elementor-element-populated\">\n\t\t\t\t\t\t<div class=\"elementor-element elementor-element-60b60cf elementor-widget elementor-widget-text-editor\" data-id=\"60b60cf\" data-element_type=\"widget\" data-widget_type=\"text-editor.default\">\n\t\t\t\t<div class=\"elementor-widget-container\">\n\t\t\t\t\t\t\t\t\t<p style=\"text-align: left;\"><a href=\"https:\/\/redelog.rj.gov.br\/redebens\/avaliacao-reavaliacao\/\">\u2190 AVALIA\u00c7\u00c3O\/REAVALIA\u00c7\u00c3O<\/a><\/p>\t\t\t\t\t\t\t\t<\/div>\n\t\t\t\t<\/div>\n\t\t\t\t\t<\/div>\n\t\t<\/div>\n\t\t\t\t<div class=\"elementor-column elementor-col-50 elementor-inner-column elementor-element elementor-element-93f1689\" data-id=\"93f1689\" data-element_type=\"column\">\n\t\t\t<div class=\"elementor-widget-wrap elementor-element-populated\">\n\t\t\t\t\t\t<div class=\"elementor-element elementor-element-b11c3c8 elementor-widget elementor-widget-text-editor\" data-id=\"b11c3c8\" data-element_type=\"widget\" data-widget_type=\"text-editor.default\">\n\t\t\t\t<div class=\"elementor-widget-container\">\n\t\t\t\t\t\t\t\t\t<p style=\"text-align: right;\"><a href=\"http:\/\/redelog.rj.gov.br\/redebens\/prestacao-de-contas\/\">PRESTA\u00c7\u00c3O DE CONTAS \u2192<\/a><\/p>\t\t\t\t\t\t\t\t<\/div>\n\t\t\t\t<\/div>\n\t\t\t\t\t<\/div>\n\t\t<\/div>\n\t\t\t\t\t<\/div>\n\t\t<\/section>\n\t\t\t\t\t<\/div>\n\t\t<\/div>\n\t\t\t\t\t<\/div>\n\t\t<\/section>\n\t\t\t\t<\/div>\n\t\t","protected":false},"excerpt":{"rendered":"<p>A baixa patrimonial \u00e9 a exclus\u00e3o do bem m\u00f3vel do cadastro patrimonial e dos registros cont\u00e1beis do \u00f3rg\u00e3o ou entidade e ocorre no momento da retirada f\u00edsica do bem m\u00f3vel do acervo. Para que seja consumada a baixa, o respons\u00e1vel patrimonial dever\u00e1 enviar ao setor de contabilidade, por meio do SEI-RJ, o processo com a [&hellip;]<\/p>\n","protected":false},"author":6,"featured_media":0,"comment_status":"closed","ping_status":"open","sticky":false,"template":"","format":"standard","meta":{"footnotes":""},"categories":[8],"tags":[],"class_list":["post-7075","post","type-post","status-publish","format-standard","hentry","category-base-conhecimento"],"publishpress_future_action":{"enabled":false,"date":"2026-05-09 09:39:47","action":"change-status","newStatus":"draft","terms":[],"taxonomy":"category","extraData":[]},"publishpress_future_workflow_manual_trigger":{"enabledWorkflows":[]},"_links":{"self":[{"href":"https:\/\/redelog.rj.gov.br\/redebens\/wp-json\/wp\/v2\/posts\/7075","targetHints":{"allow":["GET"]}}],"collection":[{"href":"https:\/\/redelog.rj.gov.br\/redebens\/wp-json\/wp\/v2\/posts"}],"about":[{"href":"https:\/\/redelog.rj.gov.br\/redebens\/wp-json\/wp\/v2\/types\/post"}],"author":[{"embeddable":true,"href":"https:\/\/redelog.rj.gov.br\/redebens\/wp-json\/wp\/v2\/users\/6"}],"replies":[{"embeddable":true,"href":"https:\/\/redelog.rj.gov.br\/redebens\/wp-json\/wp\/v2\/comments?post=7075"}],"version-history":[{"count":177,"href":"https:\/\/redelog.rj.gov.br\/redebens\/wp-json\/wp\/v2\/posts\/7075\/revisions"}],"predecessor-version":[{"id":8377,"href":"https:\/\/redelog.rj.gov.br\/redebens\/wp-json\/wp\/v2\/posts\/7075\/revisions\/8377"}],"wp:attachment":[{"href":"https:\/\/redelog.rj.gov.br\/redebens\/wp-json\/wp\/v2\/media?parent=7075"}],"wp:term":[{"taxonomy":"category","embeddable":true,"href":"https:\/\/redelog.rj.gov.br\/redebens\/wp-json\/wp\/v2\/categories?post=7075"},{"taxonomy":"post_tag","embeddable":true,"href":"https:\/\/redelog.rj.gov.br\/redebens\/wp-json\/wp\/v2\/tags?post=7075"}],"curies":[{"name":"wp","href":"https:\/\/api.w.org\/{rel}","templated":true}]}}